{"id":3301,"date":"2018-11-29T15:39:52","date_gmt":"2018-11-29T15:39:52","guid":{"rendered":"http:\/\/italyeimcom.wpengine.com\/?p=3301"},"modified":"2025-11-11T11:32:37","modified_gmt":"2025-11-11T10:32:37","slug":"crescita-acquisizioni-fusioni-integrazioni","status":"publish","type":"post","link":"https:\/\/www.eim.com\/it\/uncategorized\/crescita-acquisizioni-fusioni-integrazioni\/","title":{"rendered":"ACCELERARE LA CRESCITA"},"content":{"rendered":"<p>[et_pb_section fb_built=&#8221;1&#8243; admin_label=&#8221;section&#8221; _builder_version=&#8221;4.16&#8243; global_colors_info=&#8221;{}&#8221;][et_pb_row admin_label=&#8221;row&#8221; _builder_version=&#8221;4.16&#8243; background_size=&#8221;initial&#8221; background_position=&#8221;top_left&#8221; background_repeat=&#8221;repeat&#8221; global_colors_info=&#8221;{}&#8221;][et_pb_column type=&#8221;4_4&#8243; _builder_version=&#8221;4.16&#8243; custom_padding=&#8221;|||&#8221; global_colors_info=&#8221;{}&#8221; custom_padding__hover=&#8221;|||&#8221;][et_pb_text admin_label=&#8221;Text&#8221; _builder_version=&#8221;4.27.4&#8243; background_size=&#8221;initial&#8221; background_position=&#8221;top_left&#8221; background_repeat=&#8221;repeat&#8221; hover_enabled=&#8221;0&#8243; global_colors_info=&#8221;{}&#8221; sticky_enabled=&#8221;0&#8243;]<\/p>\n<h2 style=\"text-transform: none !important; font-size: 24px !important;\">Acquisizioni, fusioni e integrazioni per sfruttare le adiacenze di prodotto e di mercato<\/h2>\n<blockquote>\n<p style=\"text-align: left;\" align=\"left\"><em>Crescere organicamente non basta pi\u00f9.<br \/>\nLe acquisizioni sono uno strumento fondamentale per raggiungere gli obiettivi di crescita.<\/em><br \/>\n<em>\u00c8 necessario accelerare la crescita sfruttando tutte le opportunit\u00e0 di acquisizione che si presentano sul mercato.<\/em><\/p>\n<\/blockquote>\n<p align=\"left\">Il punto in discussione non \u00e8 pi\u00f9 se scegliere di espandersi o meno; \u00e8 capire\u00a0<b>dove farlo, in che modo e come prevenire eventuali criticit\u00e0<\/b> che un\u2019espansione potrebbe portare con s\u00e9.<\/p>\n<div id=\"sacchetto\" style=\"padding: 5% 0 0 0;\"><\/div>\n<p>Questo \u00e8 in estrema sintesi il messaggio che \u00e8 emerso nel corso della discussione aperta tra <b>Marco Codognola<\/b> (Direttore Generale, VISCOLUBE), <b>Dardanio Manuli<\/b> (Presidente e AD, MANULI RUBBER INDUSTRIES), <b>Ernesto Moraggi<\/b> (HR Group Director, TEAMSYSTEM), <b>Matteo Rignano<\/b> (Presidente e AD, BELRON ITALIA), <b>Mauro Sacchetto<\/b> (Group CEO, MARELLI MOTORI) e gli altri membri della community di EIM che sono intervenuti lo scorso 14 Novembre nel corso del workshop moderato da <b>Gabriele Galeani<\/b> (Client Partner EIM).[\/vc_column_text]<\/p>\n<h4 style=\"text-align: center;\" align=\"left\">Come mi organizzo per crescere?<\/h4>\n<h2><\/h2>\n<p>Dove trovare terreno per poter espandere la propria attivit\u00e0 e posare il primo mattone per iniziare a costruire un nuovo percorso? Mi dirigo a monte e decido quindi di rendere parte della mia sfera di competenza anche quella dei fornitori? Oppure mi guardo attorno e decido di allargarmi verso i settori adiacenti?<\/p>\n<p>Poco importa. Metodo e strategia cambiano di settore in settore, a seconda della specificit\u00e0 delle aziende.<\/p>\n<p>Ci\u00f2 che \u00e8 importante tenere a mente \u00e8 invece che <b>se l\u2019azienda vuole crescere tramite acquisizioni, pu\u00f2 farlo<\/b>. \u00c8 possibile fare anche 2 o 3 acquisizioni all\u2019anno per 10 anni consecutivi se l\u2019azienda \u00e8 organizzata bene.<\/p>\n<p><b>Ma per farlo deve esserci un processo interno<\/b>, organico all\u2019azienda stessa, <b>dedicato allo scouting continuo di aziende da acquisire<\/b> che vede il coinvolgimento del CEO, supportato da una struttura snella che porti avanti un processo di integrazione strutturato e pianificato in azioni.<\/p>\n<blockquote><p><b>Il CEO deve essere coinvolto in prima persona;<\/b><br \/>\ndeve \u201csporcarsi le mani e metterci la faccia\u201d per essere credibile agli occhi degli altri.<\/p><\/blockquote>\n<div id=\"manuli\" style=\"padding: 5% 0 0 0;\"><\/div>\n<p>La frase \u201c<em>voglio acquisire questa azienda<\/em>\u201d assume un peso e una rilevanza completamente diversa se a pronunciarla \u00e8 l\u2019AD in prima persona.<br \/>\n<b>\u00c8 un problema di credibilit\u00e0 e confidenzialit\u00e0 prima ancora che di ruolo e competenze.<\/b><\/p>\n<p>Questo non vuol dire che l\u2019AD dovr\u00e0 muoversi da solo e neanche, di contro, che sia necessario un grosso investimento in struttura organizzativa a supporto. \u00c8 altres\u00ec ipotizzabile sia una struttura snella dedicata di M&amp;A, sia delegare l\u2019attivit\u00e0 di scouting, necessaria a trovare il giusto target, a persone dell\u2019ufficio Legal o del Finance che impieghino un po\u2019 del loro tempo, in maniera costante, a tale attivit\u00e0. In parallelo andr\u00e0 portata avanti rapidamente l\u2019attivit\u00e0 di negoziazione che vedr\u00e0 l\u2019AD coinvolto in prima persona.<\/p>\n<p>Definito il tema di come deve essere organizzata l\u2019azienda per dedicarsi in maniera metodica alle acquisizione, i membri della Community si sono confrontati sul \u201ccosa succede dopo?\u201d.<\/p>\n<h4 style=\"text-align: center;\">Come integro le aziende acquisite in termini di processo?<br \/>\nE con che tempistiche?<\/h4>\n<p>All\u2019inizio \u00e8 preferibile \u201cnon toccare niente\u201d soprattutto in termini di management.<\/p>\n<p><em>Cosa vuole dire?<\/em><\/p>\n<p>Vuol dire lasciare che l\u2019azienda acquisita continui a funzionare per 12-18 mesi esattamente come ha funzionato prima dell\u2019acquisizione in modo da avere il tempo di \u201ccapire l\u2019azienda\u201d per davvero. \u00c8 fondamentale imparare a conoscerla dall\u2019interno, vedendola e vivendola attraverso gli stessi numeri e le stesse metriche di chi la \u201crespira\u201d da pi\u00f9 tempo di noi.<\/p>\n<p>Il consiglio \u00e8 dunque quello di lasciare tutto temporaneamente immutato. Tutto, TRANNE <b>il controllo di gestione<\/b> perch\u00e9 proprio per capire realmente l\u2019azienda, il controllo di gestione deve essere armonizzato sin da subito.<\/p>\n<div id=\"galeani\" style=\"padding: 5% 0 0 0;\"><\/div>\n<p>Sar\u00e0 ovviamente <b>necessario coinvolgere anche l\u2019IT<\/b> Manager per integrare i processi. Va da s\u00e9 che se l\u2019azienda \u00e8 dotata di un <b>ERP strutturato<\/b> (es. SAP, JDE, .. ) sar\u00e0 tutto molto pi\u00f9 facile in quanto si potranno integrare i processi rivedendoli direttamente dentro all\u2019ERP stesso.<br \/>\nIn concomitanza con l\u2019allineamento dei sistemi di gestione dev\u2019essere curata anche la parte pi\u00f9 \u201cempatica\u201d della fase di integrazione: <b>le persone<\/b>.<br \/>\nDurante la fase delle <em>integration<\/em> la <b>comunicazione interna \u00e8 ci\u00f2 che lega l\u2019uno all\u2019altro<\/b>. Questo vale sia per le aziende piccole sia per le grandi. Bisogna mettere le persone insieme e farle frequentare a tutti i livelli e fra tutte le funzioni. Potr\u00e0 sembrare una banalit\u00e0 ma raccontare cosa sta succedendo, comunicare cosa \u00e8 stato deciso e cosa ancora non \u00e8 stato deciso, previene problemi anche rilevanti.<br \/>\n\u201c<em>Tutto quello che le aziende non dicono, le persone alla macchina del caff\u00e8 inventano<\/em>\u201d, per questo \u00e8 necessario <b>instaurare sin da subito un flusso comunicativo bidirezionale<\/b>, senza avere paura di raccontare ogni aspetto.<\/p>\n<div style=\"padding: 5% 0 0 0;\"><\/div>\n<p align=\"left\">\u00c8 un processo che necessita di ulteriore accuratezza soprattutto quando si affrontano acquisizioni internazionali. A complicare le cose in questo caso si mette anche la differenza linguistica, ed \u00e8 necessario spendere il doppio del tempo per assicurarsi che il messaggio arrivi chiaro ai destinatari.<\/p>\n<p align=\"left\">Per far accadere tutto questo c\u2019\u00e8 bisogno di portare in azienda una <b>cultura nuova<\/b>, introdotta in azienda da persone motivate, che hanno sposato il progetto di integrazione di nuove realt\u00e0 e siano in grado di far capire anche agli altri cosa sta avvenendo.<\/p>\n<p align=\"left\">Non c\u2019\u00e8 altro modo per farlo che reclutare un management all\u2019altezza, proveniente da un contesto esterno all\u2019azienda, composto da <b>veri motivatori<\/b>, in grado di portare la NUOVA AZIENDA oltre gli schemi gi\u00e0 conosciuti.<\/p>\n<blockquote>\n<p align=\"left\"><em>\u00c8 il CEO che guida tutto il processo di acquisizione.<br \/>\n\u00c8 lui che \u00e8 coinvolto in prima persona nelle fasi di scouting.<br \/>\n\u00c8 lui che deve dare l\u2019importa in termini di cultura e comunicazione per un\u2019acquisizione di successo.<\/em><\/p>\n<\/blockquote>\n<p style=\"text-align: center;\">\u00a0<a href=\"https:\/\/www.eim.com\/it\/\">TORNA ALL\u2019HOMEPAGE<\/a><\/p>\n<p>[\/et_pb_text][\/et_pb_column][\/et_pb_row][\/et_pb_section]<\/p>\n","protected":false},"excerpt":{"rendered":"<p>Acquisizioni, fusioni e integrazioni per sfruttare le adiacenze di prodotto e di mercato Crescere organicamente non basta pi\u00f9. Le acquisizioni sono uno strumento fondamentale per raggiungere gli obiettivi di crescita. \u00c8 necessario accelerare la crescita sfruttando tutte le opportunit\u00e0 di acquisizione che si presentano sul mercato. Il punto in discussione non \u00e8 pi\u00f9 se scegliere [&hellip;]<\/p>\n","protected":false},"author":2,"featured_media":3183,"comment_status":"closed","ping_status":"open","sticky":false,"template":"","format":"standard","meta":{"_et_pb_use_builder":"on","_et_pb_old_content":"[vc_row][vc_column][mk_fancy_title font_style=\"normal\" txt_transform=\"none\" font_family=\"none\"]\n<h2 style=\"text-transform: none !important;font-size: 24px !important\">Acquisizioni, fusioni e integrazioni per sfruttare le adiacenze di prodotto e di mercato<\/h2>\n[\/mk_fancy_title][mk_blockquote font_family=\"none\"]\n<p style=\"text-align: left\" align=\"left\"><em>Crescere organicamente non basta pi\u00f9.\nLe acquisizioni sono uno strumento fondamentale per raggiungere gli obiettivi di crescita.<\/em>\n<em>\u00c8 necessario accelerare la crescita sfruttando tutte le opportunit\u00e0 di acquisizione che si presentano sul mercato.<\/em><\/p>\n[\/mk_blockquote][vc_column_text]\n<p align=\"left\">Il punto in discussione non \u00e8 pi\u00f9 se scegliere di espandersi o meno; \u00e8 capire\u00a0<b>dove farlo, in che modo e come prevenire eventuali criticit\u00e0<\/b> che un\u2019espansione potrebbe portare con s\u00e9.<\/p>\n[\/vc_column_text][mk_padding_divider size=\"30\"][vc_column_text]\n<div id=\"sacchetto\" style=\"padding: 56.25% 0 0 0\"><\/div>\n\nQuesto \u00e8 in estrema sintesi il messaggio che \u00e8 emerso nel corso della discussione aperta tra <b>Marco Codognola<\/b> (Direttore Generale, VISCOLUBE), <b>Dardanio Manuli<\/b> (Presidente e AD, MANULI RUBBER INDUSTRIES), <b>Ernesto Moraggi<\/b> (HR Group Director, TEAMSYSTEM), <b>Matteo Rignano<\/b> (Presidente e AD, BELRON ITALIA), <b>Mauro Sacchetto<\/b> (Group CEO, MARELLI MOTORI) e gli altri membri della community di EIM che sono intervenuti lo scorso 14 Novembre nel corso del workshop moderato da <b>Gabriele Galeani<\/b> (Client Partner EIM).[\/vc_column_text][mk_padding_divider size=\"30\"][mk_blockquote font_family=\"none\"]\n<h4 style=\"text-align: center\" align=\"left\">Come mi organizzo per crescere?<\/h4>\n[\/mk_blockquote][mk_padding_divider size=\"30\"][vc_column_text]\n<h2><\/h2>\nDove trovare terreno per poter espandere la propria attivit\u00e0 e posare il primo mattone per iniziare a costruire un nuovo percorso? Mi dirigo a monte e decido quindi di rendere parte della mia sfera di competenza anche quella dei fornitori? Oppure mi guardo attorno e decido di allargarmi verso i settori adiacenti?\n\nPoco importa. Metodo e strategia cambiano di settore in settore, a seconda della specificit\u00e0 delle aziende.\n\nCi\u00f2 che \u00e8 importante tenere a mente \u00e8 invece che <b>se l\u2019azienda vuole crescere tramite acquisizioni, pu\u00f2 farlo<\/b>. \u00c8 possibile fare anche 2 o 3 acquisizioni all\u2019anno per 10 anni consecutivi se l\u2019azienda \u00e8 organizzata bene.\n\n<b>Ma per farlo deve esserci un processo interno<\/b>, organico all\u2019azienda stessa, <b>dedicato allo scouting continuo di aziende da acquisire<\/b> che vede il coinvolgimento del CEO, supportato da una struttura snella che porti avanti un processo di integrazione strutturato e pianificato in azioni.\n[\/vc_column_text][mk_padding_divider size=\"30\"][mk_blockquote font_family=\"none\"]\n\n<b>Il CEO deve essere coinvolto in prima persona;<\/b>\ndeve \u201csporcarsi le mani e metterci la faccia\u201d per essere credibile agli occhi degli altri.\n[\/mk_blockquote][mk_padding_divider size=\"30\"][vc_column_text]\n<div id=\"manuli\" style=\"padding: 56.25% 0 0 0\"><\/div>\n\n\nLa frase \u201c<em>voglio acquisire questa azienda<\/em>\u201d assume un peso e una rilevanza completamente diversa se a pronunciarla \u00e8 l\u2019AD in prima persona.\n<b>\u00c8 un problema di credibilit\u00e0 e confidenzialit\u00e0 prima ancora che di ruolo e competenze.<\/b>\n\nQuesto non vuol dire che l\u2019AD dovr\u00e0 muoversi da solo e neanche, di contro, che sia necessario un grosso investimento in struttura organizzativa a supporto. \u00c8 altres\u00ec ipotizzabile sia una struttura snella dedicata di M&amp;A, sia delegare l\u2019attivit\u00e0 di scouting, necessaria a trovare il giusto target, a persone dell\u2019ufficio Legal o del Finance che impieghino un po\u2019 del loro tempo, in maniera costante, a tale attivit\u00e0. In parallelo andr\u00e0 portata avanti rapidamente l\u2019attivit\u00e0 di negoziazione che vedr\u00e0 l\u2019AD coinvolto in prima persona.\n\nDefinito il tema di come deve essere organizzata l\u2019azienda per dedicarsi in maniera metodica alle acquisizione, i membri della Community si sono confrontati sul \u201ccosa succede dopo?\u201d.\n\n[\/vc_column_text][mk_padding_divider size=\"30\"][mk_blockquote font_family=\"none\"]\n<h4 style=\"text-align: center\">Come integro le aziende acquisite in termini di processo?\nE con che tempistiche?<\/h4>\n[\/mk_blockquote][mk_padding_divider size=\"30\"][vc_column_text]All\u2019inizio \u00e8 preferibile \u201cnon toccare niente\u201d soprattutto in termini di management.\n\n<em>Cosa vuole dire?<\/em>\n\nVuol dire lasciare che l\u2019azienda acquisita continui a funzionare per 12-18 mesi esattamente come ha funzionato prima dell\u2019acquisizione in modo da avere il tempo di \u201ccapire l\u2019azienda\u201d per davvero. \u00c8 fondamentale imparare a conoscerla dall\u2019interno, vedendola e vivendola attraverso gli stessi numeri e le stesse metriche di chi la \u201crespira\u201d da pi\u00f9 tempo di noi.\n\nIl consiglio \u00e8 dunque quello di lasciare tutto temporaneamente immutato. Tutto, TRANNE <b>il controllo di gestione<\/b> perch\u00e9 proprio per capire realmente l\u2019azienda, il controllo di gestione deve essere armonizzato sin da subito.\n<div id=\"galeani\" style=\"padding: 56.25% 0 0 0\"><\/div>\n\n\nSar\u00e0 ovviamente <b>necessario coinvolgere anche l\u2019IT<\/b> Manager per integrare i processi. Va da s\u00e9 che se l\u2019azienda \u00e8 dotata di un <b>ERP strutturato<\/b> (es. SAP, JDE, .. ) sar\u00e0 tutto molto pi\u00f9 facile in quanto si potranno integrare i processi rivedendoli direttamente dentro all\u2019ERP stesso.\nIn concomitanza con l\u2019allineamento dei sistemi di gestione dev\u2019essere curata anche la parte pi\u00f9 \u201cempatica\u201d della fase di integrazione: <b>le persone<\/b>.\nDurante la fase delle <em>integration<\/em> la <b>comunicazione interna \u00e8 ci\u00f2 che lega l\u2019uno all\u2019altro<\/b>. Questo vale sia per le aziende piccole sia per le grandi. Bisogna mettere le persone insieme e farle frequentare a tutti i livelli e fra tutte le funzioni. Potr\u00e0 sembrare una banalit\u00e0 ma raccontare cosa sta succedendo, comunicare cosa \u00e8 stato deciso e cosa ancora non \u00e8 stato deciso, previene problemi anche rilevanti.\n\u201c<em>Tutto quello che le aziende non dicono, le persone alla macchina del caff\u00e8 inventano<\/em>\u201d, per questo \u00e8 necessario <b>instaurare sin da subito un flusso comunicativo bidirezionale<\/b>, senza avere paura di raccontare ogni aspetto.\n<div style=\"padding: 56.25% 0 0 0\"><\/div>\n[\/vc_column_text][mk_padding_divider size=\"30\"][vc_column_text]\n<p align=\"left\">\u00c8 un processo che necessita di ulteriore accuratezza soprattutto quando si affrontano acquisizioni internazionali. A complicare le cose in questo caso si mette anche la differenza linguistica, ed \u00e8 necessario spendere il doppio del tempo per assicurarsi che il messaggio arrivi chiaro ai destinatari.<\/p>\n<p align=\"left\">Per far accadere tutto questo c\u2019\u00e8 bisogno di portare in azienda una <b>cultura nuova<\/b>, introdotta in azienda da persone motivate, che hanno sposato il progetto di integrazione di nuove realt\u00e0 e siano in grado di far capire anche agli altri cosa sta avvenendo.<\/p>\n<p align=\"left\">Non c\u2019\u00e8 altro modo per farlo che reclutare un management all\u2019altezza, proveniente da un contesto esterno all\u2019azienda, composto da <b>veri motivatori<\/b>, in grado di portare la NUOVA AZIENDA oltre gli schemi gi\u00e0 conosciuti.<\/p>\n[\/vc_column_text][mk_padding_divider size=\"30\"][mk_blockquote font_family=\"none\"]\n<p align=\"left\"><em>\u00c8 il CEO che guida tutto il processo di acquisizione.\n\u00c8 lui che \u00e8 coinvolto in prima persona nelle fasi di scouting.\n\u00c8 lui che deve dare l\u2019importa in termini di cultura e comunicazione per un\u2019acquisizione di successo.<\/em><\/p>\n[\/mk_blockquote][vc_column_text]\n<p style=\"text-align: center\">\u00a0<a href=\"http:\/\/italyeimcom.wpengine.com\/\">TORNA ALL\u2019HOMEPAGE<\/a><\/p>\n[\/vc_column_text][\/vc_column][\/vc_row]","_et_gb_content_width":"","footnotes":""},"categories":[855],"tags":[],"class_list":["post-3301","post","type-post","status-publish","format-standard","has-post-thumbnail","hentry","category-uncategorized"],"yoast_head":"<!-- This site is optimized with the Yoast SEO Premium plugin v27.5 (Yoast SEO v27.5) - https:\/\/yoast.com\/product\/yoast-seo-premium-wordpress\/ -->\n<title>ACCELERARE LA CRESCITA - EIM Italia<\/title>\n<meta name=\"robots\" content=\"noindex, nofollow\" \/>\n<meta property=\"og:locale\" content=\"it_IT\" \/>\n<meta property=\"og:type\" content=\"article\" \/>\n<meta property=\"og:title\" content=\"ACCELERARE LA CRESCITA\" \/>\n<meta property=\"og:description\" content=\"Acquisizioni, fusioni e integrazioni per sfruttare le adiacenze di prodotto e di mercato Crescere organicamente non basta pi\u00f9. Le acquisizioni sono uno strumento fondamentale per raggiungere gli obiettivi di crescita. \u00c8 necessario accelerare la crescita sfruttando tutte le opportunit\u00e0 di acquisizione che si presentano sul mercato. Il punto in discussione non \u00e8 pi\u00f9 se scegliere [&hellip;]\" \/>\n<meta property=\"og:url\" content=\"https:\/\/www.eim.com\/it\/uncategorized\/crescita-acquisizioni-fusioni-integrazioni\/\" \/>\n<meta property=\"og:site_name\" content=\"EIM Italia\" \/>\n<meta property=\"article:published_time\" content=\"2018-11-29T15:39:52+00:00\" \/>\n<meta property=\"article:modified_time\" content=\"2025-11-11T10:32:37+00:00\" \/>\n<meta property=\"og:image\" content=\"https:\/\/www.eim.com\/it\/wp-content\/uploads\/sites\/5\/2022\/09\/passaggio-generazionale-azienda.jpeg\" \/>\n\t<meta property=\"og:image:width\" content=\"1920\" \/>\n\t<meta property=\"og:image:height\" content=\"1281\" \/>\n\t<meta property=\"og:image:type\" content=\"image\/jpeg\" \/>\n<meta name=\"author\" content=\"eimworld\" \/>\n<meta name=\"twitter:card\" content=\"summary_large_image\" \/>\n<meta name=\"twitter:label1\" content=\"Scritto da\" \/>\n\t<meta name=\"twitter:data1\" content=\"eimworld\" \/>\n\t<meta name=\"twitter:label2\" content=\"Tempo di lettura stimato\" \/>\n\t<meta name=\"twitter:data2\" content=\"5 minuti\" \/>\n<script type=\"application\/ld+json\" class=\"yoast-schema-graph\">{\"@context\":\"https:\\\/\\\/schema.org\",\"@graph\":[{\"@type\":\"Article\",\"@id\":\"https:\\\/\\\/www.eim.com\\\/it\\\/uncategorized\\\/crescita-acquisizioni-fusioni-integrazioni\\\/#article\",\"isPartOf\":{\"@id\":\"https:\\\/\\\/www.eim.com\\\/it\\\/uncategorized\\\/crescita-acquisizioni-fusioni-integrazioni\\\/\"},\"author\":{\"name\":\"eimworld\",\"@id\":\"https:\\\/\\\/www.eim.com\\\/it\\\/#\\\/schema\\\/person\\\/82c5e4b03b7af649944ed10552319b91\"},\"headline\":\"ACCELERARE LA CRESCITA\",\"datePublished\":\"2018-11-29T15:39:52+00:00\",\"dateModified\":\"2025-11-11T10:32:37+00:00\",\"mainEntityOfPage\":{\"@id\":\"https:\\\/\\\/www.eim.com\\\/it\\\/uncategorized\\\/crescita-acquisizioni-fusioni-integrazioni\\\/\"},\"wordCount\":1001,\"publisher\":{\"@id\":\"https:\\\/\\\/www.eim.com\\\/it\\\/#organization\"},\"image\":{\"@id\":\"https:\\\/\\\/www.eim.com\\\/it\\\/uncategorized\\\/crescita-acquisizioni-fusioni-integrazioni\\\/#primaryimage\"},\"thumbnailUrl\":\"\",\"articleSection\":[\"Uncategorized\"],\"inLanguage\":\"it-IT\"},{\"@type\":\"WebPage\",\"@id\":\"https:\\\/\\\/www.eim.com\\\/it\\\/uncategorized\\\/crescita-acquisizioni-fusioni-integrazioni\\\/\",\"url\":\"https:\\\/\\\/www.eim.com\\\/it\\\/uncategorized\\\/crescita-acquisizioni-fusioni-integrazioni\\\/\",\"name\":\"ACCELERARE LA CRESCITA - EIM Italia\",\"isPartOf\":{\"@id\":\"https:\\\/\\\/www.eim.com\\\/it\\\/#website\"},\"primaryImageOfPage\":{\"@id\":\"https:\\\/\\\/www.eim.com\\\/it\\\/uncategorized\\\/crescita-acquisizioni-fusioni-integrazioni\\\/#primaryimage\"},\"image\":{\"@id\":\"https:\\\/\\\/www.eim.com\\\/it\\\/uncategorized\\\/crescita-acquisizioni-fusioni-integrazioni\\\/#primaryimage\"},\"thumbnailUrl\":\"\",\"datePublished\":\"2018-11-29T15:39:52+00:00\",\"dateModified\":\"2025-11-11T10:32:37+00:00\",\"breadcrumb\":{\"@id\":\"https:\\\/\\\/www.eim.com\\\/it\\\/uncategorized\\\/crescita-acquisizioni-fusioni-integrazioni\\\/#breadcrumb\"},\"inLanguage\":\"it-IT\",\"potentialAction\":[{\"@type\":\"ReadAction\",\"target\":[\"https:\\\/\\\/www.eim.com\\\/it\\\/uncategorized\\\/crescita-acquisizioni-fusioni-integrazioni\\\/\"]}]},{\"@type\":\"ImageObject\",\"inLanguage\":\"it-IT\",\"@id\":\"https:\\\/\\\/www.eim.com\\\/it\\\/uncategorized\\\/crescita-acquisizioni-fusioni-integrazioni\\\/#primaryimage\",\"url\":\"\",\"contentUrl\":\"\"},{\"@type\":\"BreadcrumbList\",\"@id\":\"https:\\\/\\\/www.eim.com\\\/it\\\/uncategorized\\\/crescita-acquisizioni-fusioni-integrazioni\\\/#breadcrumb\",\"itemListElement\":[{\"@type\":\"ListItem\",\"position\":1,\"name\":\"Home\",\"item\":\"https:\\\/\\\/www.eim.com\\\/it\\\/\"},{\"@type\":\"ListItem\",\"position\":2,\"name\":\"ACCELERARE LA CRESCITA\"}]},{\"@type\":\"WebSite\",\"@id\":\"https:\\\/\\\/www.eim.com\\\/it\\\/#website\",\"url\":\"https:\\\/\\\/www.eim.com\\\/it\\\/\",\"name\":\"EIM Italia\",\"description\":\"Siamo gli inventori dell&#039;Executive Interim Management\",\"publisher\":{\"@id\":\"https:\\\/\\\/www.eim.com\\\/it\\\/#organization\"},\"potentialAction\":[{\"@type\":\"SearchAction\",\"target\":{\"@type\":\"EntryPoint\",\"urlTemplate\":\"https:\\\/\\\/www.eim.com\\\/it\\\/?s={search_term_string}\"},\"query-input\":{\"@type\":\"PropertyValueSpecification\",\"valueRequired\":true,\"valueName\":\"search_term_string\"}}],\"inLanguage\":\"it-IT\"},{\"@type\":\"Organization\",\"@id\":\"https:\\\/\\\/www.eim.com\\\/it\\\/#organization\",\"name\":\"EIM\",\"url\":\"https:\\\/\\\/www.eim.com\\\/it\\\/\",\"logo\":{\"@type\":\"ImageObject\",\"inLanguage\":\"it-IT\",\"@id\":\"https:\\\/\\\/www.eim.com\\\/it\\\/#\\\/schema\\\/logo\\\/image\\\/\",\"url\":\"https:\\\/\\\/www.eim.com\\\/it\\\/wp-content\\\/uploads\\\/sites\\\/5\\\/2022\\\/02\\\/logo-eim-favicon2022.png\",\"contentUrl\":\"https:\\\/\\\/www.eim.com\\\/it\\\/wp-content\\\/uploads\\\/sites\\\/5\\\/2022\\\/02\\\/logo-eim-favicon2022.png\",\"width\":427,\"height\":427,\"caption\":\"EIM\"},\"image\":{\"@id\":\"https:\\\/\\\/www.eim.com\\\/it\\\/#\\\/schema\\\/logo\\\/image\\\/\"}},{\"@type\":\"Person\",\"@id\":\"https:\\\/\\\/www.eim.com\\\/it\\\/#\\\/schema\\\/person\\\/82c5e4b03b7af649944ed10552319b91\",\"name\":\"eimworld\",\"image\":{\"@type\":\"ImageObject\",\"inLanguage\":\"it-IT\",\"@id\":\"https:\\\/\\\/secure.gravatar.com\\\/avatar\\\/06dc2838cb0c066488cdb4b104beba474e6305a2d11cbb1fb7353f876daae9f3?s=96&d=mm&r=g\",\"url\":\"https:\\\/\\\/secure.gravatar.com\\\/avatar\\\/06dc2838cb0c066488cdb4b104beba474e6305a2d11cbb1fb7353f876daae9f3?s=96&d=mm&r=g\",\"contentUrl\":\"https:\\\/\\\/secure.gravatar.com\\\/avatar\\\/06dc2838cb0c066488cdb4b104beba474e6305a2d11cbb1fb7353f876daae9f3?s=96&d=mm&r=g\",\"caption\":\"eimworld\"},\"sameAs\":[\"https:\\\/\\\/eimworld.wpengine.com\"]}]}<\/script>\n<!-- \/ Yoast SEO Premium plugin. -->","yoast_head_json":{"title":"ACCELERARE LA CRESCITA - EIM Italia","robots":{"index":"noindex","follow":"nofollow"},"og_locale":"it_IT","og_type":"article","og_title":"ACCELERARE LA CRESCITA","og_description":"Acquisizioni, fusioni e integrazioni per sfruttare le adiacenze di prodotto e di mercato Crescere organicamente non basta pi\u00f9. Le acquisizioni sono uno strumento fondamentale per raggiungere gli obiettivi di crescita. \u00c8 necessario accelerare la crescita sfruttando tutte le opportunit\u00e0 di acquisizione che si presentano sul mercato. Il punto in discussione non \u00e8 pi\u00f9 se scegliere [&hellip;]","og_url":"https:\/\/www.eim.com\/it\/uncategorized\/crescita-acquisizioni-fusioni-integrazioni\/","og_site_name":"EIM Italia","article_published_time":"2018-11-29T15:39:52+00:00","article_modified_time":"2025-11-11T10:32:37+00:00","og_image":[{"width":1920,"height":1281,"url":"https:\/\/www.eim.com\/it\/wp-content\/uploads\/sites\/5\/2022\/09\/passaggio-generazionale-azienda.jpeg","type":"image\/jpeg"}],"author":"eimworld","twitter_card":"summary_large_image","twitter_misc":{"Scritto da":"eimworld","Tempo di lettura stimato":"5 minuti"},"schema":{"@context":"https:\/\/schema.org","@graph":[{"@type":"Article","@id":"https:\/\/www.eim.com\/it\/uncategorized\/crescita-acquisizioni-fusioni-integrazioni\/#article","isPartOf":{"@id":"https:\/\/www.eim.com\/it\/uncategorized\/crescita-acquisizioni-fusioni-integrazioni\/"},"author":{"name":"eimworld","@id":"https:\/\/www.eim.com\/it\/#\/schema\/person\/82c5e4b03b7af649944ed10552319b91"},"headline":"ACCELERARE LA CRESCITA","datePublished":"2018-11-29T15:39:52+00:00","dateModified":"2025-11-11T10:32:37+00:00","mainEntityOfPage":{"@id":"https:\/\/www.eim.com\/it\/uncategorized\/crescita-acquisizioni-fusioni-integrazioni\/"},"wordCount":1001,"publisher":{"@id":"https:\/\/www.eim.com\/it\/#organization"},"image":{"@id":"https:\/\/www.eim.com\/it\/uncategorized\/crescita-acquisizioni-fusioni-integrazioni\/#primaryimage"},"thumbnailUrl":"","articleSection":["Uncategorized"],"inLanguage":"it-IT"},{"@type":"WebPage","@id":"https:\/\/www.eim.com\/it\/uncategorized\/crescita-acquisizioni-fusioni-integrazioni\/","url":"https:\/\/www.eim.com\/it\/uncategorized\/crescita-acquisizioni-fusioni-integrazioni\/","name":"ACCELERARE LA CRESCITA - EIM Italia","isPartOf":{"@id":"https:\/\/www.eim.com\/it\/#website"},"primaryImageOfPage":{"@id":"https:\/\/www.eim.com\/it\/uncategorized\/crescita-acquisizioni-fusioni-integrazioni\/#primaryimage"},"image":{"@id":"https:\/\/www.eim.com\/it\/uncategorized\/crescita-acquisizioni-fusioni-integrazioni\/#primaryimage"},"thumbnailUrl":"","datePublished":"2018-11-29T15:39:52+00:00","dateModified":"2025-11-11T10:32:37+00:00","breadcrumb":{"@id":"https:\/\/www.eim.com\/it\/uncategorized\/crescita-acquisizioni-fusioni-integrazioni\/#breadcrumb"},"inLanguage":"it-IT","potentialAction":[{"@type":"ReadAction","target":["https:\/\/www.eim.com\/it\/uncategorized\/crescita-acquisizioni-fusioni-integrazioni\/"]}]},{"@type":"ImageObject","inLanguage":"it-IT","@id":"https:\/\/www.eim.com\/it\/uncategorized\/crescita-acquisizioni-fusioni-integrazioni\/#primaryimage","url":"","contentUrl":""},{"@type":"BreadcrumbList","@id":"https:\/\/www.eim.com\/it\/uncategorized\/crescita-acquisizioni-fusioni-integrazioni\/#breadcrumb","itemListElement":[{"@type":"ListItem","position":1,"name":"Home","item":"https:\/\/www.eim.com\/it\/"},{"@type":"ListItem","position":2,"name":"ACCELERARE LA CRESCITA"}]},{"@type":"WebSite","@id":"https:\/\/www.eim.com\/it\/#website","url":"https:\/\/www.eim.com\/it\/","name":"EIM Italia","description":"Siamo gli inventori dell&#039;Executive Interim Management","publisher":{"@id":"https:\/\/www.eim.com\/it\/#organization"},"potentialAction":[{"@type":"SearchAction","target":{"@type":"EntryPoint","urlTemplate":"https:\/\/www.eim.com\/it\/?s={search_term_string}"},"query-input":{"@type":"PropertyValueSpecification","valueRequired":true,"valueName":"search_term_string"}}],"inLanguage":"it-IT"},{"@type":"Organization","@id":"https:\/\/www.eim.com\/it\/#organization","name":"EIM","url":"https:\/\/www.eim.com\/it\/","logo":{"@type":"ImageObject","inLanguage":"it-IT","@id":"https:\/\/www.eim.com\/it\/#\/schema\/logo\/image\/","url":"https:\/\/www.eim.com\/it\/wp-content\/uploads\/sites\/5\/2022\/02\/logo-eim-favicon2022.png","contentUrl":"https:\/\/www.eim.com\/it\/wp-content\/uploads\/sites\/5\/2022\/02\/logo-eim-favicon2022.png","width":427,"height":427,"caption":"EIM"},"image":{"@id":"https:\/\/www.eim.com\/it\/#\/schema\/logo\/image\/"}},{"@type":"Person","@id":"https:\/\/www.eim.com\/it\/#\/schema\/person\/82c5e4b03b7af649944ed10552319b91","name":"eimworld","image":{"@type":"ImageObject","inLanguage":"it-IT","@id":"https:\/\/secure.gravatar.com\/avatar\/06dc2838cb0c066488cdb4b104beba474e6305a2d11cbb1fb7353f876daae9f3?s=96&d=mm&r=g","url":"https:\/\/secure.gravatar.com\/avatar\/06dc2838cb0c066488cdb4b104beba474e6305a2d11cbb1fb7353f876daae9f3?s=96&d=mm&r=g","contentUrl":"https:\/\/secure.gravatar.com\/avatar\/06dc2838cb0c066488cdb4b104beba474e6305a2d11cbb1fb7353f876daae9f3?s=96&d=mm&r=g","caption":"eimworld"},"sameAs":["https:\/\/eimworld.wpengine.com"]}]}},"_links":{"self":[{"href":"https:\/\/www.eim.com\/it\/wp-json\/wp\/v2\/posts\/3301","targetHints":{"allow":["GET"]}}],"collection":[{"href":"https:\/\/www.eim.com\/it\/wp-json\/wp\/v2\/posts"}],"about":[{"href":"https:\/\/www.eim.com\/it\/wp-json\/wp\/v2\/types\/post"}],"author":[{"embeddable":true,"href":"https:\/\/www.eim.com\/it\/wp-json\/wp\/v2\/users\/2"}],"replies":[{"embeddable":true,"href":"https:\/\/www.eim.com\/it\/wp-json\/wp\/v2\/comments?post=3301"}],"version-history":[{"count":0,"href":"https:\/\/www.eim.com\/it\/wp-json\/wp\/v2\/posts\/3301\/revisions"}],"wp:featuredmedia":[{"embeddable":true,"href":"https:\/\/www.eim.com\/it\/wp-json\/"}],"wp:attachment":[{"href":"https:\/\/www.eim.com\/it\/wp-json\/wp\/v2\/media?parent=3301"}],"wp:term":[{"taxonomy":"category","embeddable":true,"href":"https:\/\/www.eim.com\/it\/wp-json\/wp\/v2\/categories?post=3301"},{"taxonomy":"post_tag","embeddable":true,"href":"https:\/\/www.eim.com\/it\/wp-json\/wp\/v2\/tags?post=3301"}],"curies":[{"name":"wp","href":"https:\/\/api.w.org\/{rel}","templated":true}]}}