{"id":20693,"date":"2025-10-23T12:17:39","date_gmt":"2025-10-23T10:17:39","guid":{"rendered":"https:\/\/www.eim.com\/it\/?p=20693"},"modified":"2025-10-23T17:12:43","modified_gmt":"2025-10-23T15:12:43","slug":"profilo-leader-del-futuro","status":"publish","type":"post","link":"https:\/\/www.eim.com\/it\/carosello\/profilo-leader-del-futuro\/","title":{"rendered":"Il profilo ideale per il leader del futuro"},"content":{"rendered":"<p>[et_pb_section fb_built=&#8221;1&#8243; custom_padding_last_edited=&#8221;on|phone&#8221; admin_label=&#8221;Hero Section&#8221; _builder_version=&#8221;4.27.4&#8243; background_color=&#8221;#002c3e&#8221; use_background_color_gradient=&#8221;on&#8221; background_color_gradient_direction=&#8221;174deg&#8221; background_color_gradient_stops=&#8221;rgba(0,0,0,0.51) 87%|rgba(0,0,0,0.51) 87%&#8221; background_color_gradient_overlays_image=&#8221;on&#8221; background_color_gradient_start=&#8221;rgba(0,0,0,0.51)&#8221; background_color_gradient_start_position=&#8221;87%&#8221; background_color_gradient_end=&#8221;rgba(0,0,0,0.51)&#8221; background_color_gradient_end_position=&#8221;29%&#8221; background_image=&#8221;https:\/\/www.eim.com\/it\/wp-content\/uploads\/sites\/5\/2025\/10\/leader-del-futuro.webp&#8221; background_position=&#8221;top_center&#8221; background_vertical_offset=&#8221;-42%&#8221; min_height_tablet=&#8221;&#8221; min_height_phone=&#8221;660px&#8221; min_height_last_edited=&#8221;on|phone&#8221; height=&#8221;700px&#8221; height_tablet=&#8221;580px&#8221; height_phone=&#8221;auto&#8221; height_last_edited=&#8221;on|desktop&#8221; custom_padding=&#8221;2%||0%||false|false&#8221; custom_padding_tablet=&#8221;2%||0%||false|false&#8221; custom_padding_phone=&#8221;0%||0.2%||false|false&#8221; bottom_divider_style=&#8221;slant&#8221; bottom_divider_color=&#8221;#ffffff&#8221; bottom_divider_height=&#8221;150px&#8221; bottom_divider_flip=&#8221;horizontal&#8221; bottom_divider_height_tablet=&#8221;120px&#8221; bottom_divider_height_phone=&#8221;120px&#8221; bottom_divider_height_last_edited=&#8221;on|phone&#8221; background_last_edited=&#8221;on|phone&#8221; background_position_phone=&#8221;center_right&#8221; background_horizontal_offset_phone=&#8221;64%&#8221; locked=&#8221;off&#8221; global_colors_info=&#8221;{}&#8221; background_color_gradient_direction__hover=&#8221;180deg&#8221; background_color_gradient_direction__hover_enabled=&#8221;180deg&#8221; background_color_gradient_start_position__hover=&#8221;0%&#8221; background_color_gradient_start_position__hover_enabled=&#8221;0%&#8221; background_color_gradient_end_position__hover=&#8221;100%&#8221; background_color_gradient_end_position__hover_enabled=&#8221;100%&#8221; background_color_gradient_stops__hover=&#8221;rgba(0,0,0,0.51) 0%|rgba(0,0,0,0.51) 100%&#8221;][et_pb_row custom_padding_last_edited=&#8221;on|desktop&#8221; _builder_version=&#8221;4.24.0&#8243; custom_margin=&#8221;||||false|false&#8221; custom_margin_tablet=&#8221;&#8221; custom_margin_phone=&#8221;0%||||false|false&#8221; custom_margin_last_edited=&#8221;on|phone&#8221; custom_padding=&#8221;4%||||false|false&#8221; custom_padding_tablet=&#8221;7%||||false|false&#8221; custom_padding_phone=&#8221;20.5%||9px||false|false&#8221; global_colors_info=&#8221;{}&#8221;][et_pb_column type=&#8221;4_4&#8243; _builder_version=&#8221;4.16&#8243; global_colors_info=&#8221;{}&#8221;][et_pb_text content_tablet=&#8221;<\/p>\n<h1><b>Visione e consenso sugli obiettivi aziendali: come velocizzare il cambiamento<\/b><\/h1>\n<p>&#8221; content_phone=&#8221;<\/p>\n<h1>Fondi di private equity: se si sceglie il manager sbagliato<\/h1>\n<p>&#8221; content_last_edited=&#8221;off|desktop&#8221; admin_label=&#8221;Hero Section Title&#8221; _builder_version=&#8221;4.27.4&#8243; text_font=&#8221;Montserrat|800|||||||&#8221; text_font_size=&#8221;18px&#8221; text_line_height=&#8221;1.3em&#8221; header_font=&#8221;Montserrat|700|||||||&#8221; header_font_size=&#8221;56px&#8221; header_letter_spacing=&#8221;3px&#8221; header_line_height=&#8221;1.1em&#8221; header_2_font=&#8221;Montserrat|700|||||||&#8221; header_2_text_color=&#8221;rgba(255,255,255,0.6)&#8221; header_2_font_size=&#8221;90px&#8221; header_2_letter_spacing=&#8221;3px&#8221; header_2_line_height=&#8221;1.1em&#8221; text_orientation=&#8221;center&#8221; background_layout=&#8221;dark&#8221; max_width=&#8221;900px&#8221; module_alignment=&#8221;center&#8221; custom_margin=&#8221;0px||0px||false|false&#8221; custom_padding=&#8221;0px||||false|false&#8221; animation_style=&#8221;fade&#8221; animation_direction=&#8221;bottom&#8221; animation_duration=&#8221;1350ms&#8221; header_font_size_tablet=&#8221;50px&#8221; header_font_size_phone=&#8221;20px&#8221; header_font_size_last_edited=&#8221;on|phone&#8221; header_2_font_size_tablet=&#8221;&#8221; header_2_font_size_phone=&#8221;50px&#8221; header_2_font_size_last_edited=&#8221;on|phone&#8221; text_text_shadow_style=&#8221;preset1&#8243; text_text_shadow_horizontal_length=&#8221;0.28em&#8221; locked=&#8221;off&#8221; inline_fonts=&#8221;Prata,Montserrat&#8221; global_colors_info=&#8221;{}&#8221;]<\/p>\n<h1><span data-contrast=\"auto\" xml:lang=\"IT-IT\" lang=\"IT-IT\" class=\"TextRun Underlined MacChromeBold SCXW219814044 BCX0\"><span class=\"NormalTextRun SCXW219814044 BCX0\">Il profilo ideale per il leader del futuro<\/span><\/span><\/h1>\n<p>[\/et_pb_text][\/et_pb_column][\/et_pb_row][\/et_pb_section][et_pb_section fb_built=&#8221;1&#8243; custom_padding_last_edited=&#8221;on|tablet&#8221; disabled_on=&#8221;off|off|off&#8221; _builder_version=&#8221;4.19.3&#8243; background_color=&#8221;#ffffff&#8221; custom_margin=&#8221;||||false|false&#8221; custom_padding=&#8221;10px||2%||false|false&#8221; custom_padding_tablet=&#8221;10px||3%||false|false&#8221; custom_padding_phone=&#8221;||3%||false|false&#8221; top_divider_color=&#8221;#ffffff&#8221; top_divider_style_last_edited=&#8221;off|desktop&#8221; bottom_divider_flip=&#8221;horizontal&#8221; locked=&#8221;off&#8221; global_colors_info=&#8221;{}&#8221;][et_pb_row custom_padding_last_edited=&#8221;off|phone&#8221; admin_label=&#8221;Title Area&#8221; _builder_version=&#8221;4.16&#8243; background_color=&#8221;rgba(0,0,0,0)&#8221; width=&#8221;100%&#8221; module_alignment=&#8221;center&#8221; custom_margin=&#8221;||0px||false|false&#8221; custom_padding=&#8221;0px|0px|0px|0px|false|false&#8221; custom_padding_tablet=&#8221;3%|0px|0.2%|0px|false|false&#8221; custom_padding_phone=&#8221;8%||||false|false&#8221; locked=&#8221;off&#8221; global_colors_info=&#8221;{}&#8221;][et_pb_column type=&#8221;4_4&#8243; _builder_version=&#8221;4.16&#8243; custom_padding=&#8221;|||&#8221; global_colors_info=&#8221;{}&#8221; custom_padding__hover=&#8221;|||&#8221;][et_pb_text disabled_on=&#8221;off|off|off&#8221; admin_label=&#8221;Title&#8221; _builder_version=&#8221;4.27.4&#8243; text_font=&#8221;||||||||&#8221; text_text_color=&#8221;#ffffff&#8221; header_font=&#8221;Prata||||||||&#8221; header_2_font=&#8221;Montserrat|700|||||||&#8221; header_2_text_align=&#8221;center&#8221; header_2_font_size=&#8221;30px&#8221; custom_margin=&#8221;3%||3%||true|false&#8221; custom_margin_tablet=&#8221;3%|1%|3%|1%|true|true&#8221; custom_margin_phone=&#8221;3%|1%|3%|1%|true|true&#8221; custom_margin_last_edited=&#8221;on|tablet&#8221; custom_padding=&#8221;||0px|||&#8221; animation_style=&#8221;fade&#8221; animation_direction=&#8221;top&#8221; animation_duration=&#8221;1350ms&#8221; animation_starting_opacity=&#8221;100%&#8221; locked=&#8221;off&#8221; inline_fonts=&#8221;Prata,Montserrat&#8221; global_colors_info=&#8221;{}&#8221;]<\/p>\n<h2><span data-contrast=\"auto\" xml:lang=\"IT-IT\" lang=\"IT-IT\" class=\"TextRun MacChromeBold SCXW49089509 BCX0\"><span class=\"NormalTextRun SCXW49089509 BCX0\">L<\/span><span class=\"NormalTextRun SCXW49089509 BCX0\">eadership aziendale<\/span><span class=\"NormalTextRun SCXW49089509 BCX0\">: un concetto in continua evoluzione<\/span><\/span><\/h2>\n<p>[\/et_pb_text][et_pb_text _builder_version=&#8221;4.27.4&#8243; text_font_size=&#8221;16px&#8221; max_width=&#8221;90%&#8221; module_alignment=&#8221;center&#8221; custom_margin=&#8221;||||false|false&#8221; custom_margin_tablet=&#8221;||||false|false&#8221; custom_margin_phone=&#8221;||||false|false&#8221; custom_margin_last_edited=&#8221;on|desktop&#8221; custom_padding=&#8221;2px||0px||false|false&#8221; global_colors_info=&#8221;{}&#8221;]<\/p>\n<p style=\"text-align: justify\"><span data-contrast=\"auto\">Negli ultimi anni la <\/span><b><span data-contrast=\"auto\">leadership <\/span><\/b><span data-contrast=\"auto\">\u00e8 passata dall\u2019essere una visione fondamentalmente individualistica, fatta di step graduali e lineari, a divenire un <\/span><b><span data-contrast=\"auto\">processo sociale costruttivo, organico e dinamico<\/span><\/b><span data-contrast=\"auto\">.\u00a0<\/span><span data-ccp-props=\"{&quot;335551550&quot;:6,&quot;335551620&quot;:6}\">\u00a0<\/span><\/p>\n<p style=\"text-align: justify\"><span data-contrast=\"auto\">Nel modello tradizionale i comportamenti individuali del leader erano il prototipo di riferimento, il modello da copiare. Il percorso si sviluppava dall\u2019iniziale studio del contesto, all\u2019identificazione dei problemi o dei temi da affrontare, per proseguire con l\u2019analisi e la definizione delle soluzioni e, infine, con la comunicazione unidirezionale agli altri delle azioni da realizzare. <\/span><span data-ccp-props=\"{&quot;335551550&quot;:6,&quot;335551620&quot;:6}\">\u00a0<\/span><\/p>\n<p style=\"text-align: justify\"><span data-contrast=\"auto\">Nel mondo fluido che contraddistingue i tempi attuali, la leadership si \u00e8 trasformata in un <\/span><b><span data-contrast=\"auto\">processo organico di co-creazione<\/span><\/b><span data-contrast=\"auto\"> e di allacciamento di nessi relazionali, spesso temporanei, che seguono traiettorie intrecciate.\u00a0<\/span><span data-ccp-props=\"{&quot;335551550&quot;:6,&quot;335551620&quot;:6}\">\u00a0<\/span><\/p>\n<p style=\"text-align: justify\"><span data-contrast=\"auto\">In quest\u2019ottica, il mondo non \u00e8 solo fluido, in perpetuo cambiamento, ma \u00e8 sempre pi\u00f9 interconnesso: ogni singolo componente dell\u2019organizzazione e del business system agisce in stretta correlazione con gli altri.<\/span><span data-ccp-props=\"{&quot;335551550&quot;:6,&quot;335551620&quot;:6}\">\u00a0<\/span><\/p>\n<p>[\/et_pb_text][\/et_pb_column][\/et_pb_row][\/et_pb_section][et_pb_section fb_built=&#8221;1&#8243; disabled_on=&#8221;off|off|off&#8221; _builder_version=&#8221;4.27.4&#8243; background_color=&#8221;RGBA(255,255,255,0)&#8221; use_background_color_gradient=&#8221;on&#8221; background_color_gradient_direction=&#8221;69deg&#8221; background_color_gradient_stops=&#8221;rgba(255,255,255,0) 40%|rgba(255,255,255,0) 40%&#8221; background_color_gradient_overlays_image=&#8221;on&#8221; background_color_gradient_start=&#8221;rgba(255,255,255,0)&#8221; background_color_gradient_start_position=&#8221;40%&#8221; background_color_gradient_end=&#8221;rgba(255,255,255,0)&#8221; background_color_gradient_end_position=&#8221;0%&#8221; background_image=&#8221;https:\/\/www.eim.com\/it\/wp-content\/uploads\/sites\/5\/2025\/10\/leader-futuro-approcci.webp&#8221; background_position=&#8221;bottom_center&#8221; background_vertical_offset=&#8221;100%&#8221; min_height=&#8221;650px&#8221; min_height_tablet=&#8221;400px&#8221; min_height_phone=&#8221;350px&#8221; min_height_last_edited=&#8221;on|desktop&#8221; custom_margin=&#8221;||||false|false&#8221; custom_padding=&#8221;4px||4px||true|false&#8221; top_divider_style=&#8221;slant&#8221; top_divider_color=&#8221;#ffffff&#8221; top_divider_height=&#8221;70px&#8221; top_divider_flip=&#8221;vertical|horizontal&#8221; top_divider_height_tablet=&#8221;60px&#8221; top_divider_height_phone=&#8221;60px&#8221; top_divider_height_last_edited=&#8221;on|phone&#8221; bottom_divider_style=&#8221;slant&#8221; bottom_divider_color=&#8221;#e6e6e6&#8243; bottom_divider_flip=&#8221;vertical|horizontal&#8221; bottom_divider_height_tablet=&#8221;60px&#8221; bottom_divider_height_phone=&#8221;60px&#8221; bottom_divider_height_last_edited=&#8221;on|phone&#8221; locked=&#8221;off&#8221; global_colors_info=&#8221;{}&#8221;][\/et_pb_section][et_pb_section fb_built=&#8221;1&#8243; custom_padding_last_edited=&#8221;on|tablet&#8221; disabled_on=&#8221;off|off|off&#8221; _builder_version=&#8221;4.27.4&#8243; background_color=&#8221;#e6e6e6&#8243; custom_margin=&#8221;||||false|false&#8221; custom_padding=&#8221;1%||2%||false|false&#8221; custom_padding_tablet=&#8221;3%||3%||false|false&#8221; custom_padding_phone=&#8221;2%||||false|false&#8221; top_divider_color=&#8221;#e6e6e6&#8243; top_divider_flip=&#8221;horizontal&#8221; bottom_divider_flip=&#8221;horizontal&#8221; locked=&#8221;off&#8221; global_colors_info=&#8221;{}&#8221;][et_pb_row custom_padding_last_edited=&#8221;off|phone&#8221; admin_label=&#8221;Title Area&#8221; _builder_version=&#8221;4.16&#8243; background_color=&#8221;rgba(0,0,0,0)&#8221; width=&#8221;100%&#8221; module_alignment=&#8221;center&#8221; custom_margin=&#8221;||0px||false|false&#8221; custom_padding=&#8221;0px|0px|6px|0px|false|false&#8221; custom_padding_tablet=&#8221;3%|0px|0.2%|0px|false|false&#8221; custom_padding_phone=&#8221;8%||||false|false&#8221; locked=&#8221;off&#8221; global_colors_info=&#8221;{}&#8221;][et_pb_column type=&#8221;4_4&#8243; _builder_version=&#8221;4.16&#8243; custom_padding=&#8221;|||&#8221; global_colors_info=&#8221;{}&#8221; custom_padding__hover=&#8221;|||&#8221;][et_pb_text disabled_on=&#8221;off|off|off&#8221; admin_label=&#8221;Title&#8221; _builder_version=&#8221;4.27.4&#8243; text_font=&#8221;||||||||&#8221; text_text_color=&#8221;#ffffff&#8221; header_font=&#8221;Prata||||||||&#8221; header_2_font=&#8221;Montserrat|700|||||||&#8221; header_2_text_align=&#8221;center&#8221; header_2_font_size=&#8221;30px&#8221; custom_margin=&#8221;3%||3%||true|false&#8221; custom_margin_tablet=&#8221;3%|1%|3%|1%|true|true&#8221; custom_margin_phone=&#8221;3%|1%|3%|1%|true|true&#8221; custom_margin_last_edited=&#8221;on|tablet&#8221; custom_padding=&#8221;0px||0px|||&#8221; animation_style=&#8221;fade&#8221; animation_direction=&#8221;top&#8221; animation_duration=&#8221;1350ms&#8221; animation_starting_opacity=&#8221;100%&#8221; locked=&#8221;off&#8221; inline_fonts=&#8221;Prata,Montserrat&#8221; global_colors_info=&#8221;{}&#8221;]<\/p>\n<h2><span data-contrast=\"auto\" xml:lang=\"IT-IT\" lang=\"IT-IT\" class=\"TextRun MacChromeBold SCXW233882649 BCX0\"><span class=\"NormalTextRun SCXW233882649 BCX0\">Il manager<\/span><span class=\"NormalTextRun SCXW233882649 BCX0\">,<\/span><span class=\"NormalTextRun SCXW233882649 BCX0\"> <\/span><span class=\"NormalTextRun SCXW233882649 BCX0\">creatore di contesti<\/span><\/span><\/h2>\n<p>[\/et_pb_text][et_pb_text _builder_version=&#8221;4.27.4&#8243; text_font_size=&#8221;16px&#8221; max_width=&#8221;90%&#8221; module_alignment=&#8221;center&#8221; custom_margin=&#8221;||||false|false&#8221; custom_margin_tablet=&#8221;||||false|false&#8221; custom_margin_phone=&#8221;||-17px||false|false&#8221; custom_margin_last_edited=&#8221;on|desktop&#8221; custom_padding=&#8221;0px||||false|false&#8221; global_colors_info=&#8221;{}&#8221;]<\/p>\n<p style=\"text-align: justify\"><span data-contrast=\"auto\">Per essere competitivi nel mondo fluido \u00e8 necessario<\/span><b><span data-contrast=\"auto\"> dotarsi di strutture e di persone flessibili<\/span><\/b><span data-contrast=\"auto\">, auto-organizzanti. Le linee gerarchico-funzionali che mettono in sequenza le azioni devono essere sostituite da una modalit\u00e0 di condivisione continua, in cui tutte le informazioni sono disponibili simultaneamente a tutti.\u00a0<\/span><span data-ccp-props=\"{&quot;335551550&quot;:6,&quot;335551620&quot;:6}\">\u00a0<\/span><\/p>\n<p style=\"text-align: justify\"><span data-contrast=\"auto\">Una sorta di <\/span><b><span data-contrast=\"auto\">processo di brainstorming continuo <\/span><\/b><span data-contrast=\"auto\">che crea connessioni tra i componenti dell\u2019organizzazione e un\u00a0 coinvolgimento che permette di comprendere prima e meglio gli scenari, identificare le criticit\u00e0 e le possibili soluzioni, orientare le azioni. <\/span><span data-ccp-props=\"{&quot;335551550&quot;:6,&quot;335551620&quot;:6}\">\u00a0<\/span><\/p>\n<p style=\"text-align: justify\"><span data-contrast=\"auto\">Il manager \u00e8 il \u201ccreatore di contesti\u201d, realizza nuovi ambiti organizzativi spazio\/temporali e gruppi di lavoro non necessariamente permanenti, ma in grado di mobilitare le persone verso l\u2019azione. Deve poi <\/span><b><span data-contrast=\"auto\">saper governare il contesto<\/span><\/b><span data-contrast=\"auto\">, dove l\u2019elemento della misurazione \u00e8 centrale nell\u2019azione del management, assicurandosi che i componenti del team conoscano sempre lo stato dell\u2019arte dei diversi processi attraverso i quali l\u2019organizzazione soddisfa il proprio scopo.<\/span><span data-ccp-props=\"{&quot;335551550&quot;:6,&quot;335551620&quot;:6}\">\u00a0<\/span><\/p>\n<p>[\/et_pb_text][\/et_pb_column][\/et_pb_row][\/et_pb_section][et_pb_section fb_built=&#8221;1&#8243; custom_padding_last_edited=&#8221;on|tablet&#8221; disabled_on=&#8221;off|off|off&#8221; _builder_version=&#8221;4.27.4&#8243; background_color=&#8221;#FFFFFF&#8221; custom_margin=&#8221;||||false|false&#8221; custom_padding=&#8221;5%||5%||false|false&#8221; custom_padding_tablet=&#8221;10%||10%||false|false&#8221; custom_padding_phone=&#8221;0.8%||4.8%||false|false&#8221; top_divider_style=&#8221;slant&#8221; top_divider_color=&#8221;#e6e6e6&#8243; top_divider_flip=&#8221;horizontal&#8221; top_divider_height_tablet=&#8221;80px&#8221; top_divider_height_phone=&#8221;70px&#8221; top_divider_height_last_edited=&#8221;on|phone&#8221; bottom_divider_flip=&#8221;horizontal&#8221; locked=&#8221;off&#8221; global_colors_info=&#8221;{}&#8221;][et_pb_row custom_padding_last_edited=&#8221;off|phone&#8221; disabled_on=&#8221;off|off|off&#8221; admin_label=&#8221;Title Area&#8221; _builder_version=&#8221;4.27.4&#8243; background_color=&#8221;rgba(0,0,0,0)&#8221; width=&#8221;100%&#8221; module_alignment=&#8221;center&#8221; custom_margin=&#8221;3%|-4px||auto|false|false&#8221; custom_margin_tablet=&#8221;3%||||false|false&#8221; custom_margin_phone=&#8221;3%||||false|false&#8221; custom_margin_last_edited=&#8221;on|desktop&#8221; custom_padding=&#8221;45px|0px|0px|0px|false|false&#8221; custom_padding_tablet=&#8221;3%|0px|0.2%|0px|false|false&#8221; custom_padding_phone=&#8221;8%||||false|false&#8221; locked=&#8221;off&#8221; global_colors_info=&#8221;{}&#8221;][et_pb_column type=&#8221;4_4&#8243; _builder_version=&#8221;4.16&#8243; custom_padding=&#8221;|||&#8221; global_colors_info=&#8221;{}&#8221; custom_padding__hover=&#8221;|||&#8221;][et_pb_text disabled_on=&#8221;off|off|off&#8221; admin_label=&#8221;Title&#8221; _builder_version=&#8221;4.27.4&#8243; text_font=&#8221;||||||||&#8221; text_text_color=&#8221;#ffffff&#8221; header_font=&#8221;Prata||||||||&#8221; header_2_font=&#8221;Montserrat|700|||||||&#8221; header_2_text_align=&#8221;center&#8221; header_2_font_size=&#8221;30px&#8221; custom_margin=&#8221;3%||3%||true|false&#8221; custom_margin_tablet=&#8221;3%|1%|3%|1%|true|true&#8221; custom_margin_phone=&#8221;3%|1%|3%|1%|true|true&#8221; custom_margin_last_edited=&#8221;on|tablet&#8221; custom_padding=&#8221;0px||0px|||&#8221; animation_style=&#8221;fade&#8221; animation_direction=&#8221;top&#8221; animation_duration=&#8221;1350ms&#8221; animation_starting_opacity=&#8221;100%&#8221; locked=&#8221;off&#8221; inline_fonts=&#8221;Prata,Montserrat&#8221; global_colors_info=&#8221;{}&#8221;]<\/p>\n<h2><span data-contrast=\"auto\" xml:lang=\"IT-IT\" lang=\"IT-IT\" class=\"TextRun MacChromeBold SCXW50715762 BCX0\"><span class=\"NormalTextRun SCXW50715762 BCX0\">Le <\/span><span class=\"NormalTextRun SCXW50715762 BCX0\">forme di intelligenza <\/span><span class=\"NormalTextRun SCXW50715762 BCX0\">che fanno prosperare il mo<\/span><span class=\"NormalTextRun SCXW50715762 BCX0\">n<\/span><span class=\"NormalTextRun SCXW50715762 BCX0\">do fluido<\/span><\/span><\/h2>\n<p>[\/et_pb_text][et_pb_text _builder_version=&#8221;4.27.4&#8243; text_font_size=&#8221;16px&#8221; max_width=&#8221;90%&#8221; module_alignment=&#8221;center&#8221; custom_margin=&#8221;||||false|false&#8221; custom_margin_tablet=&#8221;||||false|false&#8221; custom_margin_phone=&#8221;||-14px||false|false&#8221; custom_margin_last_edited=&#8221;on|desktop&#8221; custom_padding=&#8221;||||false|false&#8221; global_colors_info=&#8221;{}&#8221;]<\/p>\n<p style=\"text-align: justify\"><span data-contrast=\"auto\">In un ipotetico profilo ideale del leader che, in un immediato futuro, sia in grado di <\/span><b><span data-contrast=\"auto\">operare al meglio nel mondo fluido<\/span><\/b><span data-contrast=\"auto\"> e di costruire contesti nei quali gli altri possano parimenti prosperare, alcune forme di intelligenza diventano prioritarie:<\/span><\/p>\n<p style=\"text-align: justify\"><span data-ccp-props=\"{&quot;335551550&quot;:6,&quot;335551620&quot;:6}\"><\/span><\/p>\n<ul style=\"text-align: justify\">\n<li data-leveltext=\"\uf0b7\" data-font=\"Symbol\" data-listid=\"12\" data-list-defn-props=\"{&quot;335552541&quot;:1,&quot;335559685&quot;:720,&quot;335559991&quot;:360,&quot;469769226&quot;:&quot;Symbol&quot;,&quot;469769242&quot;:[8226],&quot;469777803&quot;:&quot;left&quot;,&quot;469777804&quot;:&quot;\uf0b7&quot;,&quot;469777815&quot;:&quot;hybridMultilevel&quot;}\" data-aria-posinset=\"1\" data-aria-level=\"1\"><b><span data-contrast=\"auto\">l\u2019intelligenza interpersonale, <\/span><\/b><span data-contrast=\"auto\">\u00e8 la capacit\u00e0 di comprendere gli altri, le loro esigenze e competenze, i punti di forza e di debolezza per creare situazioni sociali favorevoli e promuovere momenti organizzativi, modelli collettivi e personali vantaggiosi. Rappresenta la caratteristica di base del creatore di contesti;<\/span><span data-ccp-props=\"{&quot;335551550&quot;:6,&quot;335551620&quot;:6}\">\u00a0<\/span><\/li>\n<\/ul>\n<ul style=\"text-align: justify\">\n<li data-leveltext=\"\uf0b7\" data-font=\"Symbol\" data-listid=\"12\" data-list-defn-props=\"{&quot;335552541&quot;:1,&quot;335559685&quot;:720,&quot;335559991&quot;:360,&quot;469769226&quot;:&quot;Symbol&quot;,&quot;469769242&quot;:[8226],&quot;469777803&quot;:&quot;left&quot;,&quot;469777804&quot;:&quot;\uf0b7&quot;,&quot;469777815&quot;:&quot;hybridMultilevel&quot;}\" data-aria-posinset=\"2\" data-aria-level=\"1\"><b><span data-contrast=\"auto\">l\u2019intelligenza intrapersonale, <\/span><\/b><span data-contrast=\"auto\">\u00e8 la capacit\u00e0 di comprendere la propria individualit\u00e0, di immedesimarsi in ruoli e sentimenti diversi dai propri, di inserirsi nel contesto sociale per ottenere risultati migliori per s\u00e9 e per gli altri;<\/span><span data-ccp-props=\"{&quot;335551550&quot;:6,&quot;335551620&quot;:6}\">\u00a0<\/span><\/li>\n<\/ul>\n<ul style=\"text-align: justify\">\n<li data-leveltext=\"\uf0b7\" data-font=\"Symbol\" data-listid=\"12\" data-list-defn-props=\"{&quot;335552541&quot;:1,&quot;335559685&quot;:720,&quot;335559991&quot;:360,&quot;469769226&quot;:&quot;Symbol&quot;,&quot;469769242&quot;:[8226],&quot;469777803&quot;:&quot;left&quot;,&quot;469777804&quot;:&quot;\uf0b7&quot;,&quot;469777815&quot;:&quot;hybridMultilevel&quot;}\" data-aria-posinset=\"3\" data-aria-level=\"1\"><b><span data-contrast=\"auto\">l\u2019Intelligenza linguistica,<\/span><\/b><span data-contrast=\"auto\"> \u00e8 la capacit\u00e0 di comunicare in modo efficace e diversificato in base al contesto di riferimento e comprendere anche la comunicazione non verbale;<\/span><\/li>\n<\/ul>\n<ul>\n<li data-leveltext=\"\uf0b7\" data-font=\"Symbol\" data-listid=\"12\" data-list-defn-props=\"{&quot;335552541&quot;:1,&quot;335559685&quot;:720,&quot;335559991&quot;:360,&quot;469769226&quot;:&quot;Symbol&quot;,&quot;469769242&quot;:[8226],&quot;469777803&quot;:&quot;left&quot;,&quot;469777804&quot;:&quot;\uf0b7&quot;,&quot;469777815&quot;:&quot;hybridMultilevel&quot;}\" data-aria-posinset=\"4\" data-aria-level=\"1\" style=\"text-align: justify\"><b><span data-contrast=\"auto\">l\u2019intelligenza corporeo-cinestesica<\/span><\/b><span data-contrast=\"auto\"> \u00e8 la capacit\u00e0 di coordinare i propri movimenti, avendo padronanza del proprio corpo. Consente di gestire la comunicazione non verbale e rappresenta la precondizione per sapersi gestire, saper leggere le situazioni e adattarsi al contesto.<\/span><span data-ccp-props=\"{&quot;335551550&quot;:6,&quot;335551620&quot;:6}\">\u00a0<\/span><\/li>\n<\/ul>\n<p>[\/et_pb_text][\/et_pb_column][\/et_pb_row][\/et_pb_section][et_pb_section fb_built=&#8221;1&#8243; disabled_on=&#8221;off|off|off&#8221; _builder_version=&#8221;4.27.4&#8243; background_color=&#8221;RGBA(255,255,255,0)&#8221; use_background_color_gradient=&#8221;on&#8221; background_color_gradient_direction=&#8221;69deg&#8221; background_color_gradient_stops=&#8221;rgba(255,255,255,0) 40%|rgba(255,255,255,0) 40%&#8221; background_color_gradient_overlays_image=&#8221;on&#8221; background_color_gradient_start=&#8221;rgba(255,255,255,0)&#8221; background_color_gradient_start_position=&#8221;40%&#8221; background_color_gradient_end=&#8221;rgba(255,255,255,0)&#8221; background_color_gradient_end_position=&#8221;0%&#8221; background_image=&#8221;https:\/\/www.eim.com\/it\/wp-content\/uploads\/sites\/5\/2025\/10\/leader-futuro-leadership.webp&#8221; background_position=&#8221;top_center&#8221; background_vertical_offset=&#8221;4%&#8221; min_height=&#8221;650px&#8221; min_height_tablet=&#8221;400px&#8221; min_height_phone=&#8221;350px&#8221; min_height_last_edited=&#8221;on|desktop&#8221; custom_margin=&#8221;-3px||||false|false&#8221; custom_padding=&#8221;4px||4px||true|false&#8221; top_divider_style=&#8221;slant&#8221; top_divider_color=&#8221;#FFFFFF&#8221; top_divider_flip=&#8221;vertical|horizontal&#8221; top_divider_height_tablet=&#8221;80px&#8221; top_divider_height_phone=&#8221;70px&#8221; top_divider_height_last_edited=&#8221;on|phone&#8221; bottom_divider_style=&#8221;slant&#8221; bottom_divider_color=&#8221;#012c3f&#8221; bottom_divider_flip=&#8221;horizontal&#8221; bottom_divider_height_tablet=&#8221;80px&#8221; bottom_divider_height_phone=&#8221;70px&#8221; bottom_divider_height_last_edited=&#8221;on|phone&#8221; locked=&#8221;off&#8221; global_colors_info=&#8221;{}&#8221;][\/et_pb_section][et_pb_section fb_built=&#8221;1&#8243; custom_padding_last_edited=&#8221;on|desktop&#8221; disabled_on=&#8221;off|off|off&#8221; _builder_version=&#8221;4.27.3&#8243; background_color=&#8221;#012c3f&#8221; background_enable_image=&#8221;off&#8221; min_height=&#8221;581px&#8221; min_height_tablet=&#8221;400px&#8221; min_height_phone=&#8221;350px&#8221; min_height_last_edited=&#8221;on|desktop&#8221; custom_margin=&#8221;||||false|false&#8221; custom_padding=&#8221;4px||4px||true|false&#8221; custom_padding_tablet=&#8221;10%||||false|false&#8221; custom_padding_phone=&#8221;5%||0.6%||false|false&#8221; top_divider_color=&#8221;#FFFFFF&#8221; top_divider_flip=&#8221;vertical|horizontal&#8221; top_divider_height_tablet=&#8221;80px&#8221; top_divider_height_phone=&#8221;60px&#8221; top_divider_height_last_edited=&#8221;on|phone&#8221; bottom_divider_color=&#8221;#e6e6e6&#8243; bottom_divider_flip=&#8221;vertical&#8221; background_color_tablet=&#8221;#002737&#8243; background_last_edited=&#8221;off|desktop&#8221; background_enable_color_tablet=&#8221;on&#8221; use_background_color_gradient_tablet=&#8221;off&#8221; background_enable_image_tablet=&#8221;off&#8221; locked=&#8221;off&#8221; global_colors_info=&#8221;{}&#8221;][et_pb_row admin_label=&#8221;Title Area&#8221; _builder_version=&#8221;4.21.0&#8243; background_color=&#8221;rgba(0,0,0,0)&#8221; width=&#8221;100%&#8221; module_alignment=&#8221;center&#8221; custom_margin=&#8221;|-5px||auto|false|false&#8221; custom_padding=&#8221;0px|0px|0px|0px|false|false&#8221; locked=&#8221;off&#8221; global_colors_info=&#8221;{}&#8221;][et_pb_column type=&#8221;4_4&#8243; _builder_version=&#8221;4.16&#8243; custom_padding=&#8221;|||&#8221; global_colors_info=&#8221;{}&#8221; custom_padding__hover=&#8221;|||&#8221;][et_pb_text disabled_on=&#8221;off|off|off&#8221; admin_label=&#8221;Title&#8221; _builder_version=&#8221;4.27.4&#8243; text_font=&#8221;||||||||&#8221; text_text_color=&#8221;#ffffff&#8221; header_font=&#8221;Prata||||||||&#8221; header_2_font=&#8221;Montserrat|700|||||||&#8221; header_2_text_align=&#8221;center&#8221; header_2_text_color=&#8221;#FFFFFF&#8221; header_2_font_size=&#8221;30px&#8221; header_3_text_align=&#8221;center&#8221; header_3_text_color=&#8221;#FFFFFF&#8221; custom_margin=&#8221;2.9%||2.9%||true|false&#8221; custom_margin_tablet=&#8221;3%|1%|3%|1%|true|true&#8221; custom_margin_phone=&#8221;3%|1%|3%|1%|true|true&#8221; custom_margin_last_edited=&#8221;on|tablet&#8221; custom_padding=&#8221;3px||0px|||&#8221; animation_style=&#8221;fade&#8221; animation_direction=&#8221;top&#8221; animation_duration=&#8221;1350ms&#8221; animation_starting_opacity=&#8221;100%&#8221; locked=&#8221;off&#8221; inline_fonts=&#8221;Prata,Montserrat&#8221; global_colors_info=&#8221;{}&#8221;]<\/p>\n<h2><span data-contrast=\"auto\" xml:lang=\"IT-IT\" lang=\"IT-IT\" class=\"TextRun MacChromeBold SCXW30191748 BCX0\"><span class=\"NormalTextRun SCXW30191748 BCX0\">L\u2019identikit del manager del futuro<\/span><\/span><\/h2>\n<p>[\/et_pb_text][et_pb_text _builder_version=&#8221;4.27.4&#8243; text_text_color=&#8221;#FFFFFF&#8221; text_font_size=&#8221;16px&#8221; max_width=&#8221;90%&#8221; module_alignment=&#8221;center&#8221; custom_margin=&#8221;||||false|false&#8221; custom_margin_tablet=&#8221;||||false|false&#8221; custom_margin_phone=&#8221;||||false|false&#8221; custom_margin_last_edited=&#8221;on|desktop&#8221; custom_padding=&#8221;3px||2px||false|false&#8221; global_colors_info=&#8221;{}&#8221;]<\/p>\n<p style=\"text-align: justify\"><span data-contrast=\"auto\">I manager che vorranno essere protagonisti in un mondo sempre pi\u00f9 incerto e mutevole dovranno possedere <\/span><b><span data-contrast=\"auto\">competenze e forme di intelligenza <\/span><\/b><span data-contrast=\"auto\">che i percorsi accademici tradizionali non contribuiscono pi\u00f9 di tanto a sviluppare. Serve la curiosit\u00e0 di capire gli altri, la spinta autonoma ad innalzare il proprio livello culturale, la scelta di sviluppare esperienze personali uscendo dalla comfort zone individuale.\u00a0<\/span><span data-ccp-props=\"{&quot;335551550&quot;:6,&quot;335551620&quot;:6}\">\u00a0<\/span><\/p>\n<p style=\"text-align: justify\"><span data-contrast=\"auto\">Per questo occorre che i leader di domani sappiano sviluppare capacit\u00e0 legate alle diverse <\/span><b><span data-contrast=\"auto\">forme di intelligenza<\/span><\/b><span data-contrast=\"auto\">:<\/span><span data-ccp-props=\"{&quot;335551550&quot;:6,&quot;335551620&quot;:6}\">\u00a0<\/span><\/p>\n<ul style=\"text-align: justify\">\n<li data-leveltext=\"\uf0b7\" data-font=\"Symbol\" data-listid=\"13\" data-list-defn-props=\"{&quot;335552541&quot;:1,&quot;335559685&quot;:720,&quot;335559991&quot;:360,&quot;469769226&quot;:&quot;Symbol&quot;,&quot;469769242&quot;:[8226],&quot;469777803&quot;:&quot;left&quot;,&quot;469777804&quot;:&quot;\uf0b7&quot;,&quot;469777815&quot;:&quot;hybridMultilevel&quot;}\" data-aria-posinset=\"1\" data-aria-level=\"1\"><b><span data-contrast=\"auto\">l\u2019intelligenza spaziale, <\/span><\/b>che <span data-contrast=\"auto\">consente di intuire il senso nella complessit\u00e0. \u201cConnect the dots\u201d rende possibile\u00a0 correlare informazioni apparentemente del tutto disgiunte tra loro intuendone il disegno sotteso.<\/span><span data-ccp-props=\"{&quot;335551550&quot;:6,&quot;335551620&quot;:6}\">\u00a0<\/span><\/li>\n<\/ul>\n<ul style=\"text-align: justify\">\n<li data-leveltext=\"\uf0b7\" data-font=\"Symbol\" data-listid=\"13\" data-list-defn-props=\"{&quot;335552541&quot;:1,&quot;335559685&quot;:720,&quot;335559991&quot;:360,&quot;469769226&quot;:&quot;Symbol&quot;,&quot;469769242&quot;:[8226],&quot;469777803&quot;:&quot;left&quot;,&quot;469777804&quot;:&quot;\uf0b7&quot;,&quot;469777815&quot;:&quot;hybridMultilevel&quot;}\" data-aria-posinset=\"2\" data-aria-level=\"1\"><b><span data-contrast=\"auto\">l\u2019intelligenza esistenziale, <\/span><\/b>che\u00a0<span data-contrast=\"auto\"> \u00e8 la capacit\u00e0 di estrapolare da processi intellettuali di astrazione categorie concettuali con validit\u00e0 generale.<\/span><span data-ccp-props=\"{&quot;335551550&quot;:6,&quot;335551620&quot;:6}\">\u00a0<\/span><\/li>\n<\/ul>\n<ul style=\"text-align: justify\">\n<li data-leveltext=\"\uf0b7\" data-font=\"Symbol\" data-listid=\"13\" data-list-defn-props=\"{&quot;335552541&quot;:1,&quot;335559685&quot;:720,&quot;335559991&quot;:360,&quot;469769226&quot;:&quot;Symbol&quot;,&quot;469769242&quot;:[8226],&quot;469777803&quot;:&quot;left&quot;,&quot;469777804&quot;:&quot;\uf0b7&quot;,&quot;469777815&quot;:&quot;hybridMultilevel&quot;}\" data-aria-posinset=\"3\" data-aria-level=\"1\"><b><span data-contrast=\"auto\">l\u2019intelligenza logico-matematic<\/span><\/b><span data-contrast=\"auto\">a, che riguarda il ragionamento deduttivo, la schematizzazione e le catene logiche. \u00c8 utilissima quando il contesto di riferimento \u00e8 sufficientemente stabile da consentire un flusso lineare, dall\u2019analisi alla soluzione, una condizione per\u00f2 sempre meno frequente nel mondo fluido.<\/span><span data-ccp-props=\"{}\">\u00a0<\/span><\/li>\n<\/ul>\n<p style=\"text-align: justify\"><span data-contrast=\"auto\">Tutti questi tipi di intelligenza, insieme alle capacit\u00e0 operative e alle competenze manageriali maturate, tratteggiano con precisione l\u2019identikit dei manager di oggi. Si tratta di caratteri distintivi che una realt\u00e0 come EIM ricerca e utilizza per <\/span><b><span data-contrast=\"auto\">individuare le figure di volta in volta pi\u00f9 adatte a rispondere alle esigenze delle aziende italiane<\/span><\/b><span data-contrast=\"auto\"> che ambiscono veramente a crescere.<\/span><span data-ccp-props=\"{&quot;335551550&quot;:6,&quot;335551620&quot;:6}\">\u00a0<\/span><\/p>\n<p>[\/et_pb_text][\/et_pb_column][\/et_pb_row][\/et_pb_section][et_pb_section fb_built=&#8221;1&#8243; custom_padding_last_edited=&#8221;on|phone&#8221; disabled_on=&#8221;off|off|off&#8221; _builder_version=&#8221;4.27.4&#8243; background_color=&#8221;#db9300&#8243; custom_margin=&#8221;0%||||false|false&#8221; custom_padding_tablet=&#8221;80px||||false|false&#8221; custom_padding_phone=&#8221;47px||4px||false|false&#8221; top_divider_style=&#8221;slant&#8221; top_divider_color=&#8221;#012c3f&#8221; top_divider_flip=&#8221;horizontal&#8221; top_divider_height_tablet=&#8221;80px&#8221; top_divider_height_phone=&#8221;70px&#8221; top_divider_height_last_edited=&#8221;on|phone&#8221; bottom_divider_color=&#8221;#ffffff&#8221; bottom_divider_flip=&#8221;horizontal&#8221; locked=&#8221;off&#8221; global_colors_info=&#8221;{}&#8221;][et_pb_row _builder_version=&#8221;4.16&#8243; custom_margin=&#8221;-7px|auto||auto|false|false&#8221; custom_padding=&#8221;0px||0.5%||false|false&#8221; locked=&#8221;off&#8221; global_colors_info=&#8221;{}&#8221;][et_pb_column type=&#8221;4_4&#8243; _builder_version=&#8221;4.16&#8243; global_colors_info=&#8221;{}&#8221;][et_pb_button button_url=&#8221;https:\/\/www.eim.com\/it\/contatti\/&#8221; button_text=&#8221;CONTATTACI&#8221; button_alignment=&#8221;center&#8221; disabled_on=&#8221;off|off|off&#8221; _builder_version=&#8221;4.27.4&#8243; _module_preset=&#8221;default&#8221; background_layout=&#8221;dark&#8221; custom_margin=&#8221;25px||||false|false&#8221; global_colors_info=&#8221;{}&#8221;][\/et_pb_button][et_pb_text admin_label=&#8221;Title&#8221; _builder_version=&#8221;4.27.4&#8243; text_font=&#8221;||||||||&#8221; text_text_color=&#8221;#ffffff&#8221; text_font_size=&#8221;20px&#8221; header_font=&#8221;Prata||||||||&#8221; header_2_font=&#8221;Montserrat|700|||||||&#8221; header_2_text_align=&#8221;center&#8221; header_2_font_size=&#8221;30px&#8221; custom_margin=&#8221;1.3%||||false|false&#8221; custom_padding=&#8221;||0px|||&#8221; animation_style=&#8221;fade&#8221; animation_direction=&#8221;top&#8221; animation_duration=&#8221;1350ms&#8221; animation_starting_opacity=&#8221;100%&#8221; inline_fonts=&#8221;Prata,Montserrat&#8221; global_colors_info=&#8221;{}&#8221;]<\/p>\n<p style=\"text-align: center\"><strong><span data-contrast=\"auto\" xml:lang=\"IT-IT\" lang=\"IT-IT\" class=\"TextRun SCXW178412884 BCX0\"><span class=\"NormalTextRun SCXW178412884 BCX0\"><span data-contrast=\"auto\" xml:lang=\"IT-IT\" lang=\"IT-IT\" class=\"TextRun SCXW140567841 BCX0\"><span class=\"NormalTextRun SCXW140567841 BCX0\"><span data-contrast=\"auto\" xml:lang=\"IT-IT\" lang=\"IT-IT\" class=\"TextRun SCXW261613710 BCX0\"><span class=\"NormalTextRun SCXW261613710 BCX0\">Per conoscerne tutti i dettagli e scoprire di pi\u00f9 sull\u2019approccio che EIM adotta.<\/span><\/span><\/span><\/span><\/span><\/span><\/strong><\/p>\n<p>[\/et_pb_text][et_pb_code _builder_version=&#8221;4.19.3&#8243; _module_preset=&#8221;default&#8221; global_colors_info=&#8221;{}&#8221;][\/et_pb_code][\/et_pb_column][\/et_pb_row][\/et_pb_section]<\/p>\n","protected":false},"excerpt":{"rendered":"<p>La leadership aziendale si trasforma nel business fluido: scopri il profilo del leader del futuro e le sue competenze essenziali.<\/p>\n","protected":false},"author":2,"featured_media":20788,"comment_status":"closed","ping_status":"open","sticky":false,"template":"","format":"standard","meta":{"_et_pb_use_builder":"on","_et_pb_old_content":"","_et_gb_content_width":"2880","footnotes":""},"categories":[2193,2153,2133],"tags":[],"class_list":["post-20693","post","type-post","status-publish","format-standard","has-post-thumbnail","hentry","category-carosello","category-governo-controllo","category-interim-management"],"yoast_head":"<!-- This site is optimized with the Yoast SEO Premium plugin v27.5 (Yoast SEO v27.5) - https:\/\/yoast.com\/product\/yoast-seo-premium-wordpress\/ -->\n<title>Il profilo ideale per il leader del futuro - EIM ITALIA<\/title>\n<meta name=\"description\" content=\"La leadership aziendale si trasforma nel business fluido: scopri il profilo del leader del futuro e le sue competenze essenziali.\" \/>\n<meta name=\"robots\" content=\"index, follow, max-snippet:-1, max-image-preview:large, max-video-preview:-1\" \/>\n<link rel=\"canonical\" href=\"https:\/\/www.eim.com\/it\/interim-management\/profilo-leader-del-futuro\/\" \/>\n<meta property=\"og:locale\" content=\"it_IT\" \/>\n<meta property=\"og:type\" content=\"article\" \/>\n<meta property=\"og:title\" content=\"Il profilo ideale per il leader del futuro\" \/>\n<meta property=\"og:description\" content=\"La leadership aziendale si trasforma nel business fluido: scopri il profilo del leader del futuro e le sue competenze essenziali.\" \/>\n<meta property=\"og:url\" content=\"https:\/\/www.eim.com\/it\/interim-management\/profilo-leader-del-futuro\/\" \/>\n<meta property=\"og:site_name\" content=\"EIM Italia\" \/>\n<meta property=\"article:published_time\" content=\"2025-10-23T10:17:39+00:00\" \/>\n<meta property=\"article:modified_time\" content=\"2025-10-23T15:12:43+00:00\" \/>\n<meta property=\"og:image\" content=\"https:\/\/www.eim.com\/it\/wp-content\/uploads\/sites\/5\/2025\/10\/anteprima-leader-del-futuro.webp\" \/>\n\t<meta property=\"og:image:width\" content=\"1920\" \/>\n\t<meta property=\"og:image:height\" content=\"1008\" \/>\n\t<meta property=\"og:image:type\" content=\"image\/webp\" \/>\n<meta name=\"author\" content=\"eimworld\" \/>\n<meta name=\"twitter:card\" content=\"summary_large_image\" \/>\n<meta name=\"twitter:title\" content=\"Il profilo ideale per il leader del futuro\" \/>\n<meta name=\"twitter:label1\" content=\"Scritto da\" \/>\n\t<meta name=\"twitter:data1\" content=\"eimworld\" \/>\n\t<meta name=\"twitter:label2\" content=\"Tempo di lettura stimato\" \/>\n\t<meta name=\"twitter:data2\" content=\"5 minuti\" \/>\n<script type=\"application\/ld+json\" class=\"yoast-schema-graph\">{\"@context\":\"https:\\\/\\\/schema.org\",\"@graph\":[{\"@type\":\"Article\",\"@id\":\"https:\\\/\\\/www.eim.com\\\/it\\\/interim-management\\\/profilo-leader-del-futuro\\\/#article\",\"isPartOf\":{\"@id\":\"https:\\\/\\\/www.eim.com\\\/it\\\/interim-management\\\/profilo-leader-del-futuro\\\/\"},\"author\":{\"name\":\"eimworld\",\"@id\":\"https:\\\/\\\/www.eim.com\\\/it\\\/#\\\/schema\\\/person\\\/82c5e4b03b7af649944ed10552319b91\"},\"headline\":\"Il profilo ideale per il leader del futuro\",\"datePublished\":\"2025-10-23T10:17:39+00:00\",\"dateModified\":\"2025-10-23T15:12:43+00:00\",\"mainEntityOfPage\":{\"@id\":\"https:\\\/\\\/www.eim.com\\\/it\\\/interim-management\\\/profilo-leader-del-futuro\\\/\"},\"wordCount\":2961,\"publisher\":{\"@id\":\"https:\\\/\\\/www.eim.com\\\/it\\\/#organization\"},\"image\":{\"@id\":\"https:\\\/\\\/www.eim.com\\\/it\\\/interim-management\\\/profilo-leader-del-futuro\\\/#primaryimage\"},\"thumbnailUrl\":\"https:\\\/\\\/www.eim.com\\\/it\\\/wp-content\\\/uploads\\\/sites\\\/5\\\/2025\\\/10\\\/anteprima-leader-del-futuro.webp\",\"articleSection\":[\"Carosello\",\"GOVERNO E CONTROLLO\",\"Interim Management\"],\"inLanguage\":\"it-IT\"},{\"@type\":\"WebPage\",\"@id\":\"https:\\\/\\\/www.eim.com\\\/it\\\/interim-management\\\/profilo-leader-del-futuro\\\/\",\"url\":\"https:\\\/\\\/www.eim.com\\\/it\\\/interim-management\\\/profilo-leader-del-futuro\\\/\",\"name\":\"Il profilo ideale per il leader del futuro - EIM ITALIA\",\"isPartOf\":{\"@id\":\"https:\\\/\\\/www.eim.com\\\/it\\\/#website\"},\"primaryImageOfPage\":{\"@id\":\"https:\\\/\\\/www.eim.com\\\/it\\\/interim-management\\\/profilo-leader-del-futuro\\\/#primaryimage\"},\"image\":{\"@id\":\"https:\\\/\\\/www.eim.com\\\/it\\\/interim-management\\\/profilo-leader-del-futuro\\\/#primaryimage\"},\"thumbnailUrl\":\"https:\\\/\\\/www.eim.com\\\/it\\\/wp-content\\\/uploads\\\/sites\\\/5\\\/2025\\\/10\\\/anteprima-leader-del-futuro.webp\",\"datePublished\":\"2025-10-23T10:17:39+00:00\",\"dateModified\":\"2025-10-23T15:12:43+00:00\",\"description\":\"La leadership aziendale si trasforma nel business fluido: scopri il profilo del leader del futuro e le sue competenze essenziali.\",\"breadcrumb\":{\"@id\":\"https:\\\/\\\/www.eim.com\\\/it\\\/interim-management\\\/profilo-leader-del-futuro\\\/#breadcrumb\"},\"inLanguage\":\"it-IT\",\"potentialAction\":[{\"@type\":\"ReadAction\",\"target\":[\"https:\\\/\\\/www.eim.com\\\/it\\\/interim-management\\\/profilo-leader-del-futuro\\\/\"]}]},{\"@type\":\"ImageObject\",\"inLanguage\":\"it-IT\",\"@id\":\"https:\\\/\\\/www.eim.com\\\/it\\\/interim-management\\\/profilo-leader-del-futuro\\\/#primaryimage\",\"url\":\"https:\\\/\\\/www.eim.com\\\/it\\\/wp-content\\\/uploads\\\/sites\\\/5\\\/2025\\\/10\\\/anteprima-leader-del-futuro.webp\",\"contentUrl\":\"https:\\\/\\\/www.eim.com\\\/it\\\/wp-content\\\/uploads\\\/sites\\\/5\\\/2025\\\/10\\\/anteprima-leader-del-futuro.webp\",\"width\":1920,\"height\":1008},{\"@type\":\"BreadcrumbList\",\"@id\":\"https:\\\/\\\/www.eim.com\\\/it\\\/interim-management\\\/profilo-leader-del-futuro\\\/#breadcrumb\",\"itemListElement\":[{\"@type\":\"ListItem\",\"position\":1,\"name\":\"Home\",\"item\":\"https:\\\/\\\/www.eim.com\\\/it\\\/\"},{\"@type\":\"ListItem\",\"position\":2,\"name\":\"Il profilo ideale per il leader del futuro\"}]},{\"@type\":\"WebSite\",\"@id\":\"https:\\\/\\\/www.eim.com\\\/it\\\/#website\",\"url\":\"https:\\\/\\\/www.eim.com\\\/it\\\/\",\"name\":\"EIM Italia\",\"description\":\"Siamo gli inventori dell&#039;Executive Interim Management\",\"publisher\":{\"@id\":\"https:\\\/\\\/www.eim.com\\\/it\\\/#organization\"},\"potentialAction\":[{\"@type\":\"SearchAction\",\"target\":{\"@type\":\"EntryPoint\",\"urlTemplate\":\"https:\\\/\\\/www.eim.com\\\/it\\\/?s={search_term_string}\"},\"query-input\":{\"@type\":\"PropertyValueSpecification\",\"valueRequired\":true,\"valueName\":\"search_term_string\"}}],\"inLanguage\":\"it-IT\"},{\"@type\":\"Organization\",\"@id\":\"https:\\\/\\\/www.eim.com\\\/it\\\/#organization\",\"name\":\"EIM\",\"url\":\"https:\\\/\\\/www.eim.com\\\/it\\\/\",\"logo\":{\"@type\":\"ImageObject\",\"inLanguage\":\"it-IT\",\"@id\":\"https:\\\/\\\/www.eim.com\\\/it\\\/#\\\/schema\\\/logo\\\/image\\\/\",\"url\":\"https:\\\/\\\/www.eim.com\\\/it\\\/wp-content\\\/uploads\\\/sites\\\/5\\\/2022\\\/02\\\/logo-eim-favicon2022.png\",\"contentUrl\":\"https:\\\/\\\/www.eim.com\\\/it\\\/wp-content\\\/uploads\\\/sites\\\/5\\\/2022\\\/02\\\/logo-eim-favicon2022.png\",\"width\":427,\"height\":427,\"caption\":\"EIM\"},\"image\":{\"@id\":\"https:\\\/\\\/www.eim.com\\\/it\\\/#\\\/schema\\\/logo\\\/image\\\/\"}},{\"@type\":\"Person\",\"@id\":\"https:\\\/\\\/www.eim.com\\\/it\\\/#\\\/schema\\\/person\\\/82c5e4b03b7af649944ed10552319b91\",\"name\":\"eimworld\",\"image\":{\"@type\":\"ImageObject\",\"inLanguage\":\"it-IT\",\"@id\":\"https:\\\/\\\/secure.gravatar.com\\\/avatar\\\/06dc2838cb0c066488cdb4b104beba474e6305a2d11cbb1fb7353f876daae9f3?s=96&d=mm&r=g\",\"url\":\"https:\\\/\\\/secure.gravatar.com\\\/avatar\\\/06dc2838cb0c066488cdb4b104beba474e6305a2d11cbb1fb7353f876daae9f3?s=96&d=mm&r=g\",\"contentUrl\":\"https:\\\/\\\/secure.gravatar.com\\\/avatar\\\/06dc2838cb0c066488cdb4b104beba474e6305a2d11cbb1fb7353f876daae9f3?s=96&d=mm&r=g\",\"caption\":\"eimworld\"},\"sameAs\":[\"https:\\\/\\\/eimworld.wpengine.com\"]}]}<\/script>\n<!-- \/ Yoast SEO Premium plugin. -->","yoast_head_json":{"title":"Il profilo ideale per il leader del futuro - EIM ITALIA","description":"La leadership aziendale si trasforma nel business fluido: scopri il profilo del leader del futuro e le sue competenze essenziali.","robots":{"index":"index","follow":"follow","max-snippet":"max-snippet:-1","max-image-preview":"max-image-preview:large","max-video-preview":"max-video-preview:-1"},"canonical":"https:\/\/www.eim.com\/it\/interim-management\/profilo-leader-del-futuro\/","og_locale":"it_IT","og_type":"article","og_title":"Il profilo ideale per il leader del futuro","og_description":"La leadership aziendale si trasforma nel business fluido: scopri il profilo del leader del futuro e le sue competenze essenziali.","og_url":"https:\/\/www.eim.com\/it\/interim-management\/profilo-leader-del-futuro\/","og_site_name":"EIM Italia","article_published_time":"2025-10-23T10:17:39+00:00","article_modified_time":"2025-10-23T15:12:43+00:00","og_image":[{"width":1920,"height":1008,"url":"https:\/\/www.eim.com\/it\/wp-content\/uploads\/sites\/5\/2025\/10\/anteprima-leader-del-futuro.webp","type":"image\/webp"}],"author":"eimworld","twitter_card":"summary_large_image","twitter_title":"Il profilo ideale per il leader del futuro","twitter_misc":{"Scritto da":"eimworld","Tempo di lettura stimato":"5 minuti"},"schema":{"@context":"https:\/\/schema.org","@graph":[{"@type":"Article","@id":"https:\/\/www.eim.com\/it\/interim-management\/profilo-leader-del-futuro\/#article","isPartOf":{"@id":"https:\/\/www.eim.com\/it\/interim-management\/profilo-leader-del-futuro\/"},"author":{"name":"eimworld","@id":"https:\/\/www.eim.com\/it\/#\/schema\/person\/82c5e4b03b7af649944ed10552319b91"},"headline":"Il profilo ideale per il leader del futuro","datePublished":"2025-10-23T10:17:39+00:00","dateModified":"2025-10-23T15:12:43+00:00","mainEntityOfPage":{"@id":"https:\/\/www.eim.com\/it\/interim-management\/profilo-leader-del-futuro\/"},"wordCount":2961,"publisher":{"@id":"https:\/\/www.eim.com\/it\/#organization"},"image":{"@id":"https:\/\/www.eim.com\/it\/interim-management\/profilo-leader-del-futuro\/#primaryimage"},"thumbnailUrl":"https:\/\/www.eim.com\/it\/wp-content\/uploads\/sites\/5\/2025\/10\/anteprima-leader-del-futuro.webp","articleSection":["Carosello","GOVERNO E CONTROLLO","Interim Management"],"inLanguage":"it-IT"},{"@type":"WebPage","@id":"https:\/\/www.eim.com\/it\/interim-management\/profilo-leader-del-futuro\/","url":"https:\/\/www.eim.com\/it\/interim-management\/profilo-leader-del-futuro\/","name":"Il profilo ideale per il leader del futuro - EIM ITALIA","isPartOf":{"@id":"https:\/\/www.eim.com\/it\/#website"},"primaryImageOfPage":{"@id":"https:\/\/www.eim.com\/it\/interim-management\/profilo-leader-del-futuro\/#primaryimage"},"image":{"@id":"https:\/\/www.eim.com\/it\/interim-management\/profilo-leader-del-futuro\/#primaryimage"},"thumbnailUrl":"https:\/\/www.eim.com\/it\/wp-content\/uploads\/sites\/5\/2025\/10\/anteprima-leader-del-futuro.webp","datePublished":"2025-10-23T10:17:39+00:00","dateModified":"2025-10-23T15:12:43+00:00","description":"La leadership aziendale si trasforma nel business fluido: scopri il profilo del leader del futuro e le sue competenze essenziali.","breadcrumb":{"@id":"https:\/\/www.eim.com\/it\/interim-management\/profilo-leader-del-futuro\/#breadcrumb"},"inLanguage":"it-IT","potentialAction":[{"@type":"ReadAction","target":["https:\/\/www.eim.com\/it\/interim-management\/profilo-leader-del-futuro\/"]}]},{"@type":"ImageObject","inLanguage":"it-IT","@id":"https:\/\/www.eim.com\/it\/interim-management\/profilo-leader-del-futuro\/#primaryimage","url":"https:\/\/www.eim.com\/it\/wp-content\/uploads\/sites\/5\/2025\/10\/anteprima-leader-del-futuro.webp","contentUrl":"https:\/\/www.eim.com\/it\/wp-content\/uploads\/sites\/5\/2025\/10\/anteprima-leader-del-futuro.webp","width":1920,"height":1008},{"@type":"BreadcrumbList","@id":"https:\/\/www.eim.com\/it\/interim-management\/profilo-leader-del-futuro\/#breadcrumb","itemListElement":[{"@type":"ListItem","position":1,"name":"Home","item":"https:\/\/www.eim.com\/it\/"},{"@type":"ListItem","position":2,"name":"Il profilo ideale per il leader del futuro"}]},{"@type":"WebSite","@id":"https:\/\/www.eim.com\/it\/#website","url":"https:\/\/www.eim.com\/it\/","name":"EIM Italia","description":"Siamo gli inventori dell&#039;Executive Interim Management","publisher":{"@id":"https:\/\/www.eim.com\/it\/#organization"},"potentialAction":[{"@type":"SearchAction","target":{"@type":"EntryPoint","urlTemplate":"https:\/\/www.eim.com\/it\/?s={search_term_string}"},"query-input":{"@type":"PropertyValueSpecification","valueRequired":true,"valueName":"search_term_string"}}],"inLanguage":"it-IT"},{"@type":"Organization","@id":"https:\/\/www.eim.com\/it\/#organization","name":"EIM","url":"https:\/\/www.eim.com\/it\/","logo":{"@type":"ImageObject","inLanguage":"it-IT","@id":"https:\/\/www.eim.com\/it\/#\/schema\/logo\/image\/","url":"https:\/\/www.eim.com\/it\/wp-content\/uploads\/sites\/5\/2022\/02\/logo-eim-favicon2022.png","contentUrl":"https:\/\/www.eim.com\/it\/wp-content\/uploads\/sites\/5\/2022\/02\/logo-eim-favicon2022.png","width":427,"height":427,"caption":"EIM"},"image":{"@id":"https:\/\/www.eim.com\/it\/#\/schema\/logo\/image\/"}},{"@type":"Person","@id":"https:\/\/www.eim.com\/it\/#\/schema\/person\/82c5e4b03b7af649944ed10552319b91","name":"eimworld","image":{"@type":"ImageObject","inLanguage":"it-IT","@id":"https:\/\/secure.gravatar.com\/avatar\/06dc2838cb0c066488cdb4b104beba474e6305a2d11cbb1fb7353f876daae9f3?s=96&d=mm&r=g","url":"https:\/\/secure.gravatar.com\/avatar\/06dc2838cb0c066488cdb4b104beba474e6305a2d11cbb1fb7353f876daae9f3?s=96&d=mm&r=g","contentUrl":"https:\/\/secure.gravatar.com\/avatar\/06dc2838cb0c066488cdb4b104beba474e6305a2d11cbb1fb7353f876daae9f3?s=96&d=mm&r=g","caption":"eimworld"},"sameAs":["https:\/\/eimworld.wpengine.com"]}]}},"_links":{"self":[{"href":"https:\/\/www.eim.com\/it\/wp-json\/wp\/v2\/posts\/20693","targetHints":{"allow":["GET"]}}],"collection":[{"href":"https:\/\/www.eim.com\/it\/wp-json\/wp\/v2\/posts"}],"about":[{"href":"https:\/\/www.eim.com\/it\/wp-json\/wp\/v2\/types\/post"}],"author":[{"embeddable":true,"href":"https:\/\/www.eim.com\/it\/wp-json\/wp\/v2\/users\/2"}],"replies":[{"embeddable":true,"href":"https:\/\/www.eim.com\/it\/wp-json\/wp\/v2\/comments?post=20693"}],"version-history":[{"count":0,"href":"https:\/\/www.eim.com\/it\/wp-json\/wp\/v2\/posts\/20693\/revisions"}],"wp:featuredmedia":[{"embeddable":true,"href":"https:\/\/www.eim.com\/it\/wp-json\/wp\/v2\/media\/20788"}],"wp:attachment":[{"href":"https:\/\/www.eim.com\/it\/wp-json\/wp\/v2\/media?parent=20693"}],"wp:term":[{"taxonomy":"category","embeddable":true,"href":"https:\/\/www.eim.com\/it\/wp-json\/wp\/v2\/categories?post=20693"},{"taxonomy":"post_tag","embeddable":true,"href":"https:\/\/www.eim.com\/it\/wp-json\/wp\/v2\/tags?post=20693"}],"curies":[{"name":"wp","href":"https:\/\/api.w.org\/{rel}","templated":true}]}}