{"id":19862,"date":"2026-02-09T09:32:58","date_gmt":"2026-02-09T08:32:58","guid":{"rendered":"https:\/\/www.eim.com\/it\/?p=19862"},"modified":"2026-02-09T09:33:00","modified_gmt":"2026-02-09T08:33:00","slug":"digital-per-pianificazione-controllo","status":"publish","type":"post","link":"https:\/\/www.eim.com\/it\/carosello\/digital-per-pianificazione-controllo\/","title":{"rendered":"La svolta digital per la funzione di pianificazione e controllo (P&amp;C)"},"content":{"rendered":"\n[et_pb_section fb_built=&#8221;1&#8243; admin_label=&#8221;Hero Section&#8221; _builder_version=&#8221;4.27.4&#8243; background_color=&#8221;#002c3e&#8221; use_background_color_gradient=&#8221;on&#8221; background_color_gradient_direction=&#8221;174deg&#8221; background_color_gradient_stops=&#8221;rgba(0,0,0,0.51) 87%|rgba(0,0,0,0.51) 87%&#8221; background_color_gradient_overlays_image=&#8221;on&#8221; background_color_gradient_start=&#8221;rgba(0,0,0,0.51)&#8221; background_color_gradient_start_position=&#8221;87%&#8221; background_color_gradient_end=&#8221;rgba(0,0,0,0.51)&#8221; background_color_gradient_end_position=&#8221;29%&#8221; background_image=&#8221;https:\/\/www.eim.com\/it\/wp-content\/uploads\/sites\/5\/2021\/11\/banner-2.png&#8221; height=&#8221;664px&#8221; height_tablet=&#8221;500px&#8221; height_phone=&#8221;620px&#8221; height_last_edited=&#8221;on|phone&#8221; custom_padding=&#8221;6%||0%|||&#8221; bottom_divider_style=&#8221;slant&#8221; bottom_divider_color=&#8221;#ffffff&#8221; bottom_divider_height=&#8221;150px&#8221; bottom_divider_flip=&#8221;horizontal&#8221; locked=&#8221;off&#8221; global_colors_info=&#8221;{}&#8221; background_color_gradient_direction__hover=&#8221;180deg&#8221; background_color_gradient_direction__hover_enabled=&#8221;180deg&#8221; background_color_gradient_start_position__hover=&#8221;0%&#8221; background_color_gradient_start_position__hover_enabled=&#8221;0%&#8221; background_color_gradient_end_position__hover=&#8221;100%&#8221; background_color_gradient_end_position__hover_enabled=&#8221;100%&#8221; background_color_gradient_stops__hover=&#8221;rgba(0,0,0,0.51) 0%|rgba(0,0,0,0.51) 100%&#8221;][et_pb_row _builder_version=&#8221;4.16&#8243; custom_margin_tablet=&#8221;&#8221; custom_margin_phone=&#8221;5%||||false|false&#8221; custom_margin_last_edited=&#8221;on|phone&#8221; global_colors_info=&#8221;{}&#8221;][et_pb_column type=&#8221;4_4&#8243; _builder_version=&#8221;4.16&#8243; global_colors_info=&#8221;{}&#8221;][et_pb_text admin_label=&#8221;Hero Section Title&#8221; module_class=&#8221;multi-line-title&#8221; _builder_version=&#8221;4.27.4&#8243; text_font=&#8221;Montserrat|800|||||||&#8221; text_font_size=&#8221;18px&#8221; text_line_height=&#8221;1.3em&#8221; header_font=&#8221;Montserrat|700|||||||&#8221; header_font_size=&#8221;56px&#8221; header_letter_spacing=&#8221;3px&#8221; header_line_height=&#8221;1.1em&#8221; header_2_font=&#8221;Montserrat|700|||||||&#8221; header_2_text_color=&#8221;rgba(255,255,255,0.6)&#8221; header_2_font_size=&#8221;90px&#8221; header_2_letter_spacing=&#8221;3px&#8221; header_2_line_height=&#8221;1.1em&#8221; text_orientation=&#8221;center&#8221; background_layout=&#8221;dark&#8221; max_width=&#8221;900px&#8221; module_alignment=&#8221;center&#8221; custom_margin=&#8221;0px||0px||false|false&#8221; animation_style=&#8221;fade&#8221; animation_direction=&#8221;bottom&#8221; animation_duration=&#8221;1350ms&#8221; hover_enabled=&#8221;0&#8243; header_font_size_tablet=&#8221;&#8221; header_font_size_phone=&#8221;28px&#8221; header_font_size_last_edited=&#8221;on|phone&#8221; header_2_font_size_tablet=&#8221;&#8221; header_2_font_size_phone=&#8221;50px&#8221; header_2_font_size_last_edited=&#8221;on|phone&#8221; text_text_shadow_style=&#8221;preset1&#8243; text_text_shadow_horizontal_length=&#8221;0.28em&#8221; locked=&#8221;off&#8221; inline_fonts=&#8221;Prata,Montserrat&#8221; global_colors_info=&#8221;{}&#8221; sticky_enabled=&#8221;0&#8243;]<h1><strong>L<\/strong>a svolta digital per la funzione di pianificazione e controllo (P&amp;C)<\/h1>[\/et_pb_text][\/et_pb_column][\/et_pb_row][\/et_pb_section][et_pb_section fb_built=&#8221;1&#8243; disabled_on=&#8221;off|off|off&#8221; _builder_version=&#8221;4.16&#8243; background_color=&#8221;#ffffff&#8221; custom_margin=&#8221;||||false|false&#8221; custom_padding=&#8221;10px||||false|false&#8221; top_divider_style=&#8221;slant&#8221; top_divider_color=&#8221;#ffffff&#8221; bottom_divider_flip=&#8221;horizontal&#8221; locked=&#8221;off&#8221; global_colors_info=&#8221;{}&#8221;][et_pb_row _builder_version=&#8221;4.16&#8243; _module_preset=&#8221;default&#8221; min_height=&#8221;137.3px&#8221; global_colors_info=&#8221;{}&#8221;][et_pb_column type=&#8221;4_4&#8243; _builder_version=&#8221;4.16&#8243; _module_preset=&#8221;default&#8221; global_colors_info=&#8221;{}&#8221;][et_pb_text admin_label=&#8221;Title&#8221; _builder_version=&#8221;4.16&#8243; text_font=&#8221;||||||||&#8221; text_text_color=&#8221;#ffffff&#8221; header_font=&#8221;Prata||||||||&#8221; header_2_font=&#8221;Montserrat|700|||||||&#8221; header_2_text_align=&#8221;center&#8221; header_2_font_size=&#8221;32px&#8221; custom_margin=&#8221;||-0.1%||false|false&#8221; custom_padding=&#8221;||||false|false&#8221; animation_style=&#8221;fade&#8221; animation_direction=&#8221;top&#8221; animation_duration=&#8221;1350ms&#8221; animation_starting_opacity=&#8221;100%&#8221; inline_fonts=&#8221;Prata,Montserrat&#8221; global_colors_info=&#8221;{}&#8221;]<h2 style=\"text-align: center\">La voce della Community<\/h2>[\/et_pb_text][et_pb_text _builder_version=&#8221;4.27.4&#8243; text_font_size=&#8221;18px&#8221; max_width=&#8221;90%&#8221; module_alignment=&#8221;center&#8221; custom_margin=&#8221;15px||||false|false&#8221; hover_enabled=&#8221;0&#8243; global_colors_info=&#8221;{}&#8221; sticky_enabled=&#8221;0&#8243;]<p style=\"text-align: center;\"><strong>Giulio Canale<\/strong><i><span>, <\/span><\/i><em>Managing Director &amp; CFO <\/em><em>di Saes Getters S.p.A.<\/em><\/p>[\/et_pb_text][\/et_pb_column][\/et_pb_row][et_pb_row column_structure=&#8221;3_4,1_4&#8243; admin_label=&#8221;Title Area&#8221; module_class=&#8221;reverse&#8221; _builder_version=&#8221;4.27.4&#8243; background_color=&#8221;rgba(0,0,0,0)&#8221; width=&#8221;100%&#8221; module_alignment=&#8221;center&#8221; custom_margin=&#8221;||||false|false&#8221; custom_padding=&#8221;2%|22px|2px|22px|false|false&#8221; locked=&#8221;off&#8221; global_colors_info=&#8221;{}&#8221; custom_css_main_element_last_edited=&#8221;on|phone&#8221;][et_pb_column type=&#8221;3_4&#8243; _builder_version=&#8221;4.16&#8243; custom_padding=&#8221;|||&#8221; global_colors_info=&#8221;{}&#8221; custom_padding__hover=&#8221;|||&#8221;][et_pb_text _builder_version=&#8221;4.27.4&#8243; text_font_size=&#8221;16px&#8221; max_width=&#8221;90%&#8221; module_alignment=&#8221;center&#8221; custom_margin=&#8221;||5%||false|false&#8221; hover_enabled=&#8221;0&#8243; global_colors_info=&#8221;{}&#8221; sticky_enabled=&#8221;0&#8243;]<p data-start=\"151\" data-end=\"582\" style=\"text-align: justify;\"><strong data-start=\"151\" data-end=\"309\">La pandemia non ha solo stravolto le abitudini: ha accelerato profondamente l\u2019evoluzione digitale delle imprese, trasformando l\u2019IT in una leva strategica.<\/strong><br data-start=\"309\" data-end=\"312\" \/>Nel giro di pochi mesi, tecnologie e infrastrutture che avrebbero richiesto anni per essere implementate sono diventate realt\u00e0 operativa. Non solo per lo smart working, ma per garantire la continuit\u00e0 del business, la gestione della liquidit\u00e0 e l\u2019efficienza dei processi.<\/p>\n<p data-start=\"584\" data-end=\"888\" style=\"text-align: justify;\">In questo scenario, la funzione di Pianificazione e Controllo ha vissuto una vera e propria metamorfosi. <strong data-start=\"691\" data-end=\"744\"><\/strong>Ma con quali strumenti? Quali tecnologie stanno davvero facendo la differenza per performance, agilit\u00e0 e valore nel tempo?<\/p>\n<p data-start=\"1022\" data-end=\"1382\" style=\"text-align: justify;\">Nel suo contributo al capitolo <em data-start=\"1053\" data-end=\"1137\">&#8220;Controllo di gestione, Cash Conversion Cycle, Financial Planning and Forecasting&#8221;<\/em> del libro <em data-start=\"1148\" data-end=\"1176\">Gestire il Business Fluido<\/em> (Hoepli), <strong data-start=\"1187\" data-end=\"1204\">Giulio Canale<\/strong>, Managing Director &amp; CFO di Saes Getters S.p.A. e membro della #EIMCommunity, risponde in modo chiaro: <strong data-start=\"1308\" data-end=\"1382\">la trasformazione digitale della funzione P&amp;C \u00e8 ormai un prerequisito.<\/strong><\/p>[\/et_pb_text][\/et_pb_column][et_pb_column type=&#8221;1_4&#8243; _builder_version=&#8221;4.16&#8243; _module_preset=&#8221;default&#8221; global_colors_info=&#8221;{}&#8221;][et_pb_image src=&#8221;https:\/\/www.eim.com\/it\/wp-content\/uploads\/sites\/5\/2025\/05\/Giulio-Canale-foto.png&#8221; alt=&#8221;Matteo Lunelli&#8221; title_text=&#8221;Giulio Canale &#8211; foto&#8221; disabled_on=&#8221;off|off|off&#8221; _builder_version=&#8221;4.27.4&#8243; _module_preset=&#8221;default&#8221; width=&#8221;80%&#8221; width_tablet=&#8221;25%&#8221; width_phone=&#8221;40%&#8221; width_last_edited=&#8221;on|phone&#8221; module_alignment=&#8221;center&#8221; hover_enabled=&#8221;0&#8243; global_colors_info=&#8221;{}&#8221; sticky_enabled=&#8221;0&#8243;][\/et_pb_image][\/et_pb_column][\/et_pb_row][et_pb_row admin_label=&#8221;Title Area&#8221; _builder_version=&#8221;4.16&#8243; background_color=&#8221;rgba(0,0,0,0)&#8221; width=&#8221;100%&#8221; module_alignment=&#8221;center&#8221; custom_margin=&#8221;||||false|false&#8221; custom_padding=&#8221;2%|0px|2%|0px|true|false&#8221; global_colors_info=&#8221;{}&#8221;][et_pb_column type=&#8221;4_4&#8243; _builder_version=&#8221;4.16&#8243; custom_padding=&#8221;|||&#8221; global_colors_info=&#8221;{}&#8221; custom_padding__hover=&#8221;|||&#8221;][et_pb_text _builder_version=&#8221;4.27.4&#8243; text_font_size=&#8221;16px&#8221; max_width=&#8221;90%&#8221; module_alignment=&#8221;center&#8221; custom_margin=&#8221;1px||||false|false&#8221; custom_padding=&#8221;||||false|false&#8221; hover_enabled=&#8221;0&#8243; global_colors_info=&#8221;{}&#8221; sticky_enabled=&#8221;0&#8243;]<p style=\"text-align: justify;\"><em><img decoding=\"async\" style=\"margin-right: 10px;\" src=\"https:\/\/www.eim.com\/wp-content\/uploads\/sites\/5\/2022\/02\/quotes-open.png\" \/><\/em>La recente emergenza sanitaria legata al COVID-19 ha impresso una importante accelerazione alla necessit\u00e0 di investire in <strong>iniziative di rafforzamento e potenziamento delle infrastrutture e architetture IT a supporto del business<\/strong> (e non solo per gestire il Remote e lo Smart Working).\u00a0<\/p>\n<p style=\"text-align: justify;\">In questo contesto, infatti, il top management delle aziende ha dovuto attivare una serie di azioni immediate per la gestione e la salvaguardia della cassa, del capitale circolante, dei costi e nel contempo cercare di preservare le revenues.\u00a0<\/p>\n<p style=\"text-align: justify;\"><strong>La funzione di pianificazione e controllo \u00e8 stata ancora di pi\u00f9 sollecitata e coinvolta nel supportare il top management<\/strong> nell\u2019attivit\u00e0 di forecasting, scenario planning, contingency plan, il tutto allo scopo di verificare costantemente la corretta allocazione delle risorse rispetto agli obiettivi di business, in una situazione di incertezza e volatilit\u00e0.\u00a0<\/p>\n<p style=\"text-align: justify;\">\u00c8 evidente che per rispondere in modo agile e flessibile ai fabbisogni informativi appena descritti, la funzione di pianificazione e controllo dovr\u00e0 certamente <strong>adeguare le proprie skill professionali diventando pi\u00f9 \u201cdigital\u201d<\/strong>. Nel nostro caso sono state intensificate le sessioni di formazione, in parte gi\u00e0 pianificate, usando piattaforme di e-learning.\u00a0<\/p>\n<p style=\"text-align: justify;\">Le nuove tecnologie, infatti, permettono alla funzione P&amp;C di sviluppare dashboard personalizzati e coerenti con i business model, aumentare la capacit\u00e0 predittiva e di analisi di scenario, ma anche di rendere pi\u00f9 efficienti i processi aziendali; l\u2019<strong>Artificial Intelligence<\/strong> (AI), <strong>Machine Learning<\/strong> (ML) e <strong>Robotic Process Automation<\/strong> (RPA) consentono di automatizzare i processi ripetitivi, caratterizzati da importanti volumi di operazioni liberando risorse che possono essere riqualificate e dedicate ad attivit\u00e0 a maggior valore aggiunto.\u00a0<\/p>\n<p style=\"text-align: justify;\">In altre parole, tutte queste tecnologie, opportunamente strutturate, implementate e gestite con una visione strategica, contribuiranno a rendere il lavoro della P&amp;C sempre pi\u00f9 focalizzato a supportare il top management nella <strong>gestione del modello di business<\/strong> e della <strong>creazione di valore sostenibile nel medio e lungo termine<\/strong>.\u00a0<\/p>\n<p style=\"text-align: justify;\">Infine, la possibilit\u00e0 di <strong>definire in maniera chiara e dettagliata gli obiettivi strategici e il loro deployment<\/strong> lungo tutta la catena di comando dell\u2019impresa, nonch\u00e9 la loro misurazione precisa e tempestiva, spinger\u00e0 le organizzazioni verso una maggiore \u201caccountability\u201d migliorando le loro performance.<img decoding=\"async\" src=\"https:\/\/www.eim.com\/wp-content\/uploads\/sites\/5\/2022\/02\/quotes-close.png\" style=\"margin-left: 10px; margin-bottom: -27px;\" \/><\/p>[\/et_pb_text][\/et_pb_column][\/et_pb_row][\/et_pb_section][et_pb_section fb_built=&#8221;1&#8243; _builder_version=&#8221;4.27.0&#8243; background_color=&#8221;#DB9300&#8243; background_image=&#8221;https:\/\/www.eim.com\/it\/wp-content\/uploads\/sites\/5\/2021\/04\/libro-gestire-business-fluido.jpg&#8221; min_height=&#8221;425px&#8221; min_height_tablet=&#8221;400px&#8221; min_height_phone=&#8221;400px&#8221; min_height_last_edited=&#8221;on|phone&#8221; custom_margin=&#8221;0%||||false|false&#8221; top_divider_style=&#8221;slant&#8221; top_divider_color=&#8221;#FFFFFF&#8221; top_divider_flip=&#8221;vertical|horizontal&#8221; bottom_divider_color=&#8221;#ffffff&#8221; bottom_divider_flip=&#8221;horizontal&#8221; background_last_edited=&#8221;on|tablet&#8221; background_image_tablet=&#8221;https:\/\/www.eim.com\/it\/wp-content\/uploads\/sites\/5\/2021\/03\/gestire-business-fluido-cmprs.jpg&#8221; background_enable_image_tablet=&#8221;on&#8221; locked=&#8221;off&#8221; global_colors_info=&#8221;{}&#8221;][et_pb_row column_structure=&#8221;1_2,1_2&#8243; custom_padding_last_edited=&#8221;on|tablet&#8221; _builder_version=&#8221;4.16&#8243; custom_margin=&#8221;|auto||auto|false|false&#8221; custom_margin_tablet=&#8221;40px|auto||auto|false|false&#8221; custom_margin_phone=&#8221;60px||||false|false&#8221; custom_margin_last_edited=&#8221;on|phone&#8221; custom_padding=&#8221;5%|5%|3%||false|false&#8221; custom_padding_tablet=&#8221;|0%|0%||false|false&#8221; custom_padding_phone=&#8221;|0%|0%||false|false&#8221; global_colors_info=&#8221;{}&#8221;][et_pb_column type=&#8221;1_2&#8243; _builder_version=&#8221;4.16&#8243; global_colors_info=&#8221;{}&#8221;][et_pb_text admin_label=&#8221;Title&#8221; _builder_version=&#8221;4.16&#8243; text_font=&#8221;||||||||&#8221; text_text_color=&#8221;#ffffff&#8221; header_font=&#8221;Prata||||||||&#8221; header_2_font=&#8221;Montserrat|700|||||||&#8221; header_2_text_align=&#8221;center&#8221; header_2_font_size=&#8221;30px&#8221; custom_margin=&#8221;||22px||false|false&#8221; custom_padding=&#8221;||||false|false&#8221; animation_style=&#8221;fade&#8221; animation_direction=&#8221;top&#8221; animation_duration=&#8221;1350ms&#8221; animation_starting_opacity=&#8221;100%&#8221; header_2_text_color_tablet=&#8221;#FFFFFF&#8221; header_2_text_color_phone=&#8221;#FFFFFF&#8221; header_2_text_color_last_edited=&#8221;on|phone&#8221; inline_fonts=&#8221;Prata,Montserrat&#8221; global_colors_info=&#8221;{}&#8221;]<h2>Cambia modo di gestire il business<\/h2>[\/et_pb_text][et_pb_button button_url=&#8221;https:\/\/www.eim.com\/it\/libro-gestire-il-business-fluido\/&#8221; button_text=&#8221;SCOPRI DI PI\u00d9&#8221; button_alignment=&#8221;center&#8221; _builder_version=&#8221;4.16&#8243; custom_button=&#8221;on&#8221; button_text_color=&#8221;#ffffff&#8221; button_bg_color=&#8221;#db932a&#8221; button_border_color=&#8221;#e09900&#8243; button_use_icon=&#8221;off&#8221; background_layout=&#8221;dark&#8221; locked=&#8221;off&#8221; global_colors_info=&#8221;{}&#8221;][\/et_pb_button][\/et_pb_column][et_pb_column type=&#8221;1_2&#8243; _builder_version=&#8221;4.16&#8243; global_colors_info=&#8221;{}&#8221;][\/et_pb_column][\/et_pb_row][\/et_pb_section]\n","protected":false},"excerpt":{"rendered":"<p>Come \u00e8 stata impattata la P&#038;C dall&#8217;avvento del digital e come ne hanno beneficiato le aziende? Nell\u2019articolo, l\u2019esperienza di Giulio Canale.<\/p>\n","protected":false},"author":2,"featured_media":19865,"comment_status":"closed","ping_status":"open","sticky":false,"template":"","format":"standard","meta":{"_et_pb_use_builder":"on","_et_pb_old_content":"","_et_gb_content_width":"2880","footnotes":""},"categories":[2193],"tags":[],"class_list":["post-19862","post","type-post","status-publish","format-standard","has-post-thumbnail","hentry","category-carosello"],"yoast_head":"<!-- This site is optimized with the Yoast SEO Premium plugin v27.0 (Yoast SEO v27.4) - https:\/\/yoast.com\/product\/yoast-seo-premium-wordpress\/ -->\n<title>La svolta digital per la funzione di pianificazione e controllo (P&amp;C) - EIM Italia<\/title>\n<meta name=\"description\" content=\"Come \u00e8 stata impattata la P&amp;C dall&#039;avvento del digital e come ne hanno beneficiato le aziende? Nell\u2019articolo, l\u2019esperienza di Giulio Canale.\" \/>\n<meta name=\"robots\" content=\"index, follow, max-snippet:-1, max-image-preview:large, max-video-preview:-1\" \/>\n<link rel=\"canonical\" href=\"https:\/\/www.eim.com\/it\/carosello\/digital-per-pianificazione-controllo\/\" \/>\n<meta property=\"og:locale\" content=\"it_IT\" \/>\n<meta property=\"og:type\" content=\"article\" \/>\n<meta property=\"og:title\" content=\"La svolta digital per la funzione di pianificazione e controllo (P&amp;C)\" \/>\n<meta property=\"og:description\" content=\"Come \u00e8 stata impattata la P&amp;C dall&#039;avvento del digital e come ne hanno beneficiato le aziende? Nell\u2019articolo, l\u2019esperienza di Giulio Canale.\" \/>\n<meta property=\"og:url\" content=\"https:\/\/www.eim.com\/it\/carosello\/digital-per-pianificazione-controllo\/\" \/>\n<meta property=\"og:site_name\" content=\"EIM Italia\" \/>\n<meta property=\"article:published_time\" content=\"2026-02-09T08:32:58+00:00\" \/>\n<meta property=\"article:modified_time\" content=\"2026-02-09T08:33:00+00:00\" \/>\n<meta property=\"og:image\" content=\"https:\/\/www.eim.com\/it\/wp-content\/uploads\/sites\/5\/2025\/05\/Giulio-Canale-Anteprima-Art.png\" \/>\n\t<meta property=\"og:image:width\" content=\"1200\" \/>\n\t<meta property=\"og:image:height\" content=\"672\" \/>\n\t<meta property=\"og:image:type\" content=\"image\/png\" \/>\n<meta name=\"author\" content=\"eimworld\" \/>\n<meta name=\"twitter:card\" content=\"summary_large_image\" \/>\n<meta name=\"twitter:label1\" content=\"Scritto da\" \/>\n\t<meta name=\"twitter:data1\" content=\"eimworld\" \/>\n\t<meta name=\"twitter:label2\" content=\"Tempo di lettura stimato\" \/>\n\t<meta name=\"twitter:data2\" content=\"4 minuti\" \/>\n<script type=\"application\/ld+json\" class=\"yoast-schema-graph\">{\"@context\":\"https:\\\/\\\/schema.org\",\"@graph\":[{\"@type\":\"Article\",\"@id\":\"https:\\\/\\\/www.eim.com\\\/it\\\/carosello\\\/digital-per-pianificazione-controllo\\\/#article\",\"isPartOf\":{\"@id\":\"https:\\\/\\\/www.eim.com\\\/it\\\/carosello\\\/digital-per-pianificazione-controllo\\\/\"},\"author\":{\"name\":\"eimworld\",\"@id\":\"https:\\\/\\\/www.eim.com\\\/it\\\/#\\\/schema\\\/person\\\/82c5e4b03b7af649944ed10552319b91\"},\"headline\":\"La svolta digital per la funzione di pianificazione e controllo (P&amp;C)\",\"datePublished\":\"2026-02-09T08:32:58+00:00\",\"dateModified\":\"2026-02-09T08:33:00+00:00\",\"mainEntityOfPage\":{\"@id\":\"https:\\\/\\\/www.eim.com\\\/it\\\/carosello\\\/digital-per-pianificazione-controllo\\\/\"},\"wordCount\":1596,\"publisher\":{\"@id\":\"https:\\\/\\\/www.eim.com\\\/it\\\/#organization\"},\"image\":{\"@id\":\"https:\\\/\\\/www.eim.com\\\/it\\\/carosello\\\/digital-per-pianificazione-controllo\\\/#primaryimage\"},\"thumbnailUrl\":\"https:\\\/\\\/www.eim.com\\\/it\\\/wp-content\\\/uploads\\\/sites\\\/5\\\/2025\\\/05\\\/Giulio-Canale-Anteprima-Art.png\",\"articleSection\":[\"Carosello\"],\"inLanguage\":\"it-IT\"},{\"@type\":\"WebPage\",\"@id\":\"https:\\\/\\\/www.eim.com\\\/it\\\/carosello\\\/digital-per-pianificazione-controllo\\\/\",\"url\":\"https:\\\/\\\/www.eim.com\\\/it\\\/carosello\\\/digital-per-pianificazione-controllo\\\/\",\"name\":\"La svolta digital per la funzione di pianificazione e controllo (P&amp;C) - EIM Italia\",\"isPartOf\":{\"@id\":\"https:\\\/\\\/www.eim.com\\\/it\\\/#website\"},\"primaryImageOfPage\":{\"@id\":\"https:\\\/\\\/www.eim.com\\\/it\\\/carosello\\\/digital-per-pianificazione-controllo\\\/#primaryimage\"},\"image\":{\"@id\":\"https:\\\/\\\/www.eim.com\\\/it\\\/carosello\\\/digital-per-pianificazione-controllo\\\/#primaryimage\"},\"thumbnailUrl\":\"https:\\\/\\\/www.eim.com\\\/it\\\/wp-content\\\/uploads\\\/sites\\\/5\\\/2025\\\/05\\\/Giulio-Canale-Anteprima-Art.png\",\"datePublished\":\"2026-02-09T08:32:58+00:00\",\"dateModified\":\"2026-02-09T08:33:00+00:00\",\"description\":\"Come \u00e8 stata impattata la P&C dall'avvento del digital e come ne hanno beneficiato le aziende? Nell\u2019articolo, l\u2019esperienza di Giulio Canale.\",\"breadcrumb\":{\"@id\":\"https:\\\/\\\/www.eim.com\\\/it\\\/carosello\\\/digital-per-pianificazione-controllo\\\/#breadcrumb\"},\"inLanguage\":\"it-IT\",\"potentialAction\":[{\"@type\":\"ReadAction\",\"target\":[\"https:\\\/\\\/www.eim.com\\\/it\\\/carosello\\\/digital-per-pianificazione-controllo\\\/\"]}]},{\"@type\":\"ImageObject\",\"inLanguage\":\"it-IT\",\"@id\":\"https:\\\/\\\/www.eim.com\\\/it\\\/carosello\\\/digital-per-pianificazione-controllo\\\/#primaryimage\",\"url\":\"https:\\\/\\\/www.eim.com\\\/it\\\/wp-content\\\/uploads\\\/sites\\\/5\\\/2025\\\/05\\\/Giulio-Canale-Anteprima-Art.png\",\"contentUrl\":\"https:\\\/\\\/www.eim.com\\\/it\\\/wp-content\\\/uploads\\\/sites\\\/5\\\/2025\\\/05\\\/Giulio-Canale-Anteprima-Art.png\",\"width\":1200,\"height\":672},{\"@type\":\"BreadcrumbList\",\"@id\":\"https:\\\/\\\/www.eim.com\\\/it\\\/carosello\\\/digital-per-pianificazione-controllo\\\/#breadcrumb\",\"itemListElement\":[{\"@type\":\"ListItem\",\"position\":1,\"name\":\"Home\",\"item\":\"https:\\\/\\\/www.eim.com\\\/it\\\/\"},{\"@type\":\"ListItem\",\"position\":2,\"name\":\"La svolta digital per la funzione di pianificazione e controllo (P&amp;C)\"}]},{\"@type\":\"WebSite\",\"@id\":\"https:\\\/\\\/www.eim.com\\\/it\\\/#website\",\"url\":\"https:\\\/\\\/www.eim.com\\\/it\\\/\",\"name\":\"EIM Italia\",\"description\":\"Siamo gli inventori dell&#039;Executive Interim Management\",\"publisher\":{\"@id\":\"https:\\\/\\\/www.eim.com\\\/it\\\/#organization\"},\"potentialAction\":[{\"@type\":\"SearchAction\",\"target\":{\"@type\":\"EntryPoint\",\"urlTemplate\":\"https:\\\/\\\/www.eim.com\\\/it\\\/?s={search_term_string}\"},\"query-input\":{\"@type\":\"PropertyValueSpecification\",\"valueRequired\":true,\"valueName\":\"search_term_string\"}}],\"inLanguage\":\"it-IT\"},{\"@type\":\"Organization\",\"@id\":\"https:\\\/\\\/www.eim.com\\\/it\\\/#organization\",\"name\":\"EIM\",\"url\":\"https:\\\/\\\/www.eim.com\\\/it\\\/\",\"logo\":{\"@type\":\"ImageObject\",\"inLanguage\":\"it-IT\",\"@id\":\"https:\\\/\\\/www.eim.com\\\/it\\\/#\\\/schema\\\/logo\\\/image\\\/\",\"url\":\"https:\\\/\\\/www.eim.com\\\/it\\\/wp-content\\\/uploads\\\/sites\\\/5\\\/2022\\\/02\\\/logo-eim-favicon2022.png\",\"contentUrl\":\"https:\\\/\\\/www.eim.com\\\/it\\\/wp-content\\\/uploads\\\/sites\\\/5\\\/2022\\\/02\\\/logo-eim-favicon2022.png\",\"width\":427,\"height\":427,\"caption\":\"EIM\"},\"image\":{\"@id\":\"https:\\\/\\\/www.eim.com\\\/it\\\/#\\\/schema\\\/logo\\\/image\\\/\"}},{\"@type\":\"Person\",\"@id\":\"https:\\\/\\\/www.eim.com\\\/it\\\/#\\\/schema\\\/person\\\/82c5e4b03b7af649944ed10552319b91\",\"name\":\"eimworld\",\"image\":{\"@type\":\"ImageObject\",\"inLanguage\":\"it-IT\",\"@id\":\"https:\\\/\\\/secure.gravatar.com\\\/avatar\\\/06dc2838cb0c066488cdb4b104beba474e6305a2d11cbb1fb7353f876daae9f3?s=96&d=mm&r=g\",\"url\":\"https:\\\/\\\/secure.gravatar.com\\\/avatar\\\/06dc2838cb0c066488cdb4b104beba474e6305a2d11cbb1fb7353f876daae9f3?s=96&d=mm&r=g\",\"contentUrl\":\"https:\\\/\\\/secure.gravatar.com\\\/avatar\\\/06dc2838cb0c066488cdb4b104beba474e6305a2d11cbb1fb7353f876daae9f3?s=96&d=mm&r=g\",\"caption\":\"eimworld\"},\"sameAs\":[\"https:\\\/\\\/eimworld.wpengine.com\"]}]}<\/script>\n<!-- \/ Yoast SEO Premium plugin. -->","yoast_head_json":{"title":"La svolta digital per la funzione di pianificazione e controllo (P&amp;C) - EIM Italia","description":"Come \u00e8 stata impattata la P&C dall'avvento del digital e come ne hanno beneficiato le aziende? Nell\u2019articolo, l\u2019esperienza di Giulio Canale.","robots":{"index":"index","follow":"follow","max-snippet":"max-snippet:-1","max-image-preview":"max-image-preview:large","max-video-preview":"max-video-preview:-1"},"canonical":"https:\/\/www.eim.com\/it\/carosello\/digital-per-pianificazione-controllo\/","og_locale":"it_IT","og_type":"article","og_title":"La svolta digital per la funzione di pianificazione e controllo (P&amp;C)","og_description":"Come \u00e8 stata impattata la P&C dall'avvento del digital e come ne hanno beneficiato le aziende? Nell\u2019articolo, l\u2019esperienza di Giulio Canale.","og_url":"https:\/\/www.eim.com\/it\/carosello\/digital-per-pianificazione-controllo\/","og_site_name":"EIM Italia","article_published_time":"2026-02-09T08:32:58+00:00","article_modified_time":"2026-02-09T08:33:00+00:00","og_image":[{"width":1200,"height":672,"url":"https:\/\/www.eim.com\/it\/wp-content\/uploads\/sites\/5\/2025\/05\/Giulio-Canale-Anteprima-Art.png","type":"image\/png"}],"author":"eimworld","twitter_card":"summary_large_image","twitter_misc":{"Scritto da":"eimworld","Tempo di lettura stimato":"4 minuti"},"schema":{"@context":"https:\/\/schema.org","@graph":[{"@type":"Article","@id":"https:\/\/www.eim.com\/it\/carosello\/digital-per-pianificazione-controllo\/#article","isPartOf":{"@id":"https:\/\/www.eim.com\/it\/carosello\/digital-per-pianificazione-controllo\/"},"author":{"name":"eimworld","@id":"https:\/\/www.eim.com\/it\/#\/schema\/person\/82c5e4b03b7af649944ed10552319b91"},"headline":"La svolta digital per la funzione di pianificazione e controllo (P&amp;C)","datePublished":"2026-02-09T08:32:58+00:00","dateModified":"2026-02-09T08:33:00+00:00","mainEntityOfPage":{"@id":"https:\/\/www.eim.com\/it\/carosello\/digital-per-pianificazione-controllo\/"},"wordCount":1596,"publisher":{"@id":"https:\/\/www.eim.com\/it\/#organization"},"image":{"@id":"https:\/\/www.eim.com\/it\/carosello\/digital-per-pianificazione-controllo\/#primaryimage"},"thumbnailUrl":"https:\/\/www.eim.com\/it\/wp-content\/uploads\/sites\/5\/2025\/05\/Giulio-Canale-Anteprima-Art.png","articleSection":["Carosello"],"inLanguage":"it-IT"},{"@type":"WebPage","@id":"https:\/\/www.eim.com\/it\/carosello\/digital-per-pianificazione-controllo\/","url":"https:\/\/www.eim.com\/it\/carosello\/digital-per-pianificazione-controllo\/","name":"La svolta digital per la funzione di pianificazione e controllo (P&amp;C) - EIM Italia","isPartOf":{"@id":"https:\/\/www.eim.com\/it\/#website"},"primaryImageOfPage":{"@id":"https:\/\/www.eim.com\/it\/carosello\/digital-per-pianificazione-controllo\/#primaryimage"},"image":{"@id":"https:\/\/www.eim.com\/it\/carosello\/digital-per-pianificazione-controllo\/#primaryimage"},"thumbnailUrl":"https:\/\/www.eim.com\/it\/wp-content\/uploads\/sites\/5\/2025\/05\/Giulio-Canale-Anteprima-Art.png","datePublished":"2026-02-09T08:32:58+00:00","dateModified":"2026-02-09T08:33:00+00:00","description":"Come \u00e8 stata impattata la P&C dall'avvento del digital e come ne hanno beneficiato le aziende? Nell\u2019articolo, l\u2019esperienza di Giulio Canale.","breadcrumb":{"@id":"https:\/\/www.eim.com\/it\/carosello\/digital-per-pianificazione-controllo\/#breadcrumb"},"inLanguage":"it-IT","potentialAction":[{"@type":"ReadAction","target":["https:\/\/www.eim.com\/it\/carosello\/digital-per-pianificazione-controllo\/"]}]},{"@type":"ImageObject","inLanguage":"it-IT","@id":"https:\/\/www.eim.com\/it\/carosello\/digital-per-pianificazione-controllo\/#primaryimage","url":"https:\/\/www.eim.com\/it\/wp-content\/uploads\/sites\/5\/2025\/05\/Giulio-Canale-Anteprima-Art.png","contentUrl":"https:\/\/www.eim.com\/it\/wp-content\/uploads\/sites\/5\/2025\/05\/Giulio-Canale-Anteprima-Art.png","width":1200,"height":672},{"@type":"BreadcrumbList","@id":"https:\/\/www.eim.com\/it\/carosello\/digital-per-pianificazione-controllo\/#breadcrumb","itemListElement":[{"@type":"ListItem","position":1,"name":"Home","item":"https:\/\/www.eim.com\/it\/"},{"@type":"ListItem","position":2,"name":"La svolta digital per la funzione di pianificazione e controllo (P&amp;C)"}]},{"@type":"WebSite","@id":"https:\/\/www.eim.com\/it\/#website","url":"https:\/\/www.eim.com\/it\/","name":"EIM Italia","description":"Siamo gli inventori dell&#039;Executive Interim Management","publisher":{"@id":"https:\/\/www.eim.com\/it\/#organization"},"potentialAction":[{"@type":"SearchAction","target":{"@type":"EntryPoint","urlTemplate":"https:\/\/www.eim.com\/it\/?s={search_term_string}"},"query-input":{"@type":"PropertyValueSpecification","valueRequired":true,"valueName":"search_term_string"}}],"inLanguage":"it-IT"},{"@type":"Organization","@id":"https:\/\/www.eim.com\/it\/#organization","name":"EIM","url":"https:\/\/www.eim.com\/it\/","logo":{"@type":"ImageObject","inLanguage":"it-IT","@id":"https:\/\/www.eim.com\/it\/#\/schema\/logo\/image\/","url":"https:\/\/www.eim.com\/it\/wp-content\/uploads\/sites\/5\/2022\/02\/logo-eim-favicon2022.png","contentUrl":"https:\/\/www.eim.com\/it\/wp-content\/uploads\/sites\/5\/2022\/02\/logo-eim-favicon2022.png","width":427,"height":427,"caption":"EIM"},"image":{"@id":"https:\/\/www.eim.com\/it\/#\/schema\/logo\/image\/"}},{"@type":"Person","@id":"https:\/\/www.eim.com\/it\/#\/schema\/person\/82c5e4b03b7af649944ed10552319b91","name":"eimworld","image":{"@type":"ImageObject","inLanguage":"it-IT","@id":"https:\/\/secure.gravatar.com\/avatar\/06dc2838cb0c066488cdb4b104beba474e6305a2d11cbb1fb7353f876daae9f3?s=96&d=mm&r=g","url":"https:\/\/secure.gravatar.com\/avatar\/06dc2838cb0c066488cdb4b104beba474e6305a2d11cbb1fb7353f876daae9f3?s=96&d=mm&r=g","contentUrl":"https:\/\/secure.gravatar.com\/avatar\/06dc2838cb0c066488cdb4b104beba474e6305a2d11cbb1fb7353f876daae9f3?s=96&d=mm&r=g","caption":"eimworld"},"sameAs":["https:\/\/eimworld.wpengine.com"]}]}},"_links":{"self":[{"href":"https:\/\/www.eim.com\/it\/wp-json\/wp\/v2\/posts\/19862","targetHints":{"allow":["GET"]}}],"collection":[{"href":"https:\/\/www.eim.com\/it\/wp-json\/wp\/v2\/posts"}],"about":[{"href":"https:\/\/www.eim.com\/it\/wp-json\/wp\/v2\/types\/post"}],"author":[{"embeddable":true,"href":"https:\/\/www.eim.com\/it\/wp-json\/wp\/v2\/users\/2"}],"replies":[{"embeddable":true,"href":"https:\/\/www.eim.com\/it\/wp-json\/wp\/v2\/comments?post=19862"}],"version-history":[{"count":0,"href":"https:\/\/www.eim.com\/it\/wp-json\/wp\/v2\/posts\/19862\/revisions"}],"wp:featuredmedia":[{"embeddable":true,"href":"https:\/\/www.eim.com\/it\/wp-json\/wp\/v2\/media\/19865"}],"wp:attachment":[{"href":"https:\/\/www.eim.com\/it\/wp-json\/wp\/v2\/media?parent=19862"}],"wp:term":[{"taxonomy":"category","embeddable":true,"href":"https:\/\/www.eim.com\/it\/wp-json\/wp\/v2\/categories?post=19862"},{"taxonomy":"post_tag","embeddable":true,"href":"https:\/\/www.eim.com\/it\/wp-json\/wp\/v2\/tags?post=19862"}],"curies":[{"name":"wp","href":"https:\/\/api.w.org\/{rel}","templated":true}]}}