{"id":19374,"date":"2025-02-27T12:17:04","date_gmt":"2025-02-27T11:17:04","guid":{"rendered":"https:\/\/www.eim.com\/it\/?p=19374"},"modified":"2025-03-14T17:45:45","modified_gmt":"2025-03-14T16:45:45","slug":"amministratore-responsabilita-sfida","status":"publish","type":"post","link":"https:\/\/www.eim.com\/it\/carosello\/amministratore-responsabilita-sfida\/","title":{"rendered":"Essere amministratore \u00e8 una responsabilit\u00e0, una sfida, una questione di cultura"},"content":{"rendered":"\n[et_pb_section fb_built=&#8221;1&#8243; admin_label=&#8221;Hero Section&#8221; _builder_version=&#8221;4.27.4&#8243; background_color=&#8221;#002c3e&#8221; use_background_color_gradient=&#8221;on&#8221; background_color_gradient_direction=&#8221;174deg&#8221; background_color_gradient_stops=&#8221;rgba(0,0,0,0.51) 87%|rgba(0,0,0,0.51) 87%&#8221; background_color_gradient_overlays_image=&#8221;on&#8221; background_color_gradient_start=&#8221;rgba(0,0,0,0.51)&#8221; background_color_gradient_start_position=&#8221;87%&#8221; background_color_gradient_end=&#8221;rgba(0,0,0,0.51)&#8221; background_color_gradient_end_position=&#8221;29%&#8221; background_image=&#8221;https:\/\/www.eim.com\/it\/wp-content\/uploads\/sites\/5\/2021\/11\/banner-2.png&#8221; height=&#8221;664px&#8221; height_tablet=&#8221;500px&#8221; height_phone=&#8221;620px&#8221; height_last_edited=&#8221;on|phone&#8221; custom_padding=&#8221;6%||0%|||&#8221; bottom_divider_style=&#8221;slant&#8221; bottom_divider_color=&#8221;#ffffff&#8221; bottom_divider_height=&#8221;150px&#8221; bottom_divider_flip=&#8221;horizontal&#8221; hover_enabled=&#8221;0&#8243; locked=&#8221;off&#8221; global_colors_info=&#8221;{}&#8221; background_color_gradient_direction__hover=&#8221;180deg&#8221; background_color_gradient_direction__hover_enabled=&#8221;180deg&#8221; background_color_gradient_start_position__hover=&#8221;0%&#8221; background_color_gradient_start_position__hover_enabled=&#8221;0%&#8221; background_color_gradient_end_position__hover=&#8221;100%&#8221; background_color_gradient_end_position__hover_enabled=&#8221;100%&#8221; background_color_gradient_stops__hover=&#8221;rgba(0,0,0,0.51) 0%|rgba(0,0,0,0.51) 100%&#8221; sticky_enabled=&#8221;0&#8243;][et_pb_row _builder_version=&#8221;4.16&#8243; custom_margin_tablet=&#8221;&#8221; custom_margin_phone=&#8221;5%||||false|false&#8221; custom_margin_last_edited=&#8221;on|phone&#8221; global_colors_info=&#8221;{}&#8221;][et_pb_column type=&#8221;4_4&#8243; _builder_version=&#8221;4.16&#8243; global_colors_info=&#8221;{}&#8221;][et_pb_text admin_label=&#8221;Hero Section Title&#8221; _builder_version=&#8221;4.27.4&#8243; text_font=&#8221;Montserrat|800|||||||&#8221; text_font_size=&#8221;18px&#8221; text_line_height=&#8221;1.3em&#8221; header_font=&#8221;Montserrat|700|||||||&#8221; header_font_size=&#8221;56px&#8221; header_letter_spacing=&#8221;3px&#8221; header_line_height=&#8221;1.1em&#8221; header_2_font=&#8221;Montserrat|700|||||||&#8221; header_2_text_color=&#8221;rgba(255,255,255,0.6)&#8221; header_2_font_size=&#8221;90px&#8221; header_2_letter_spacing=&#8221;3px&#8221; header_2_line_height=&#8221;1.1em&#8221; text_orientation=&#8221;center&#8221; background_layout=&#8221;dark&#8221; max_width=&#8221;900px&#8221; module_alignment=&#8221;center&#8221; custom_margin=&#8221;0px||0px||false|false&#8221; animation_style=&#8221;fade&#8221; animation_direction=&#8221;bottom&#8221; animation_duration=&#8221;1350ms&#8221; hover_enabled=&#8221;0&#8243; header_font_size_tablet=&#8221;&#8221; header_font_size_phone=&#8221;28px&#8221; header_font_size_last_edited=&#8221;on|phone&#8221; header_2_font_size_tablet=&#8221;&#8221; header_2_font_size_phone=&#8221;50px&#8221; header_2_font_size_last_edited=&#8221;on|phone&#8221; text_text_shadow_style=&#8221;preset1&#8243; text_text_shadow_horizontal_length=&#8221;0.28em&#8221; locked=&#8221;off&#8221; inline_fonts=&#8221;Prata,Montserrat&#8221; global_colors_info=&#8221;{}&#8221; sticky_enabled=&#8221;0&#8243; module_class=&#8221;multi-line-title&#8221;]<h1><strong>Essere amministratore \u00e8 una responsabilit\u00e0, una sfida, una questione di cultura<\/strong><\/h1>[\/et_pb_text][\/et_pb_column][\/et_pb_row][\/et_pb_section][et_pb_section fb_built=&#8221;1&#8243; disabled_on=&#8221;off|off|off&#8221; _builder_version=&#8221;4.16&#8243; background_color=&#8221;#ffffff&#8221; custom_margin=&#8221;||||false|false&#8221; custom_padding=&#8221;10px||||false|false&#8221; top_divider_style=&#8221;slant&#8221; top_divider_color=&#8221;#ffffff&#8221; bottom_divider_flip=&#8221;horizontal&#8221; locked=&#8221;off&#8221; global_colors_info=&#8221;{}&#8221;][et_pb_row _builder_version=&#8221;4.16&#8243; _module_preset=&#8221;default&#8221; min_height=&#8221;137.3px&#8221; global_colors_info=&#8221;{}&#8221;][et_pb_column type=&#8221;4_4&#8243; _builder_version=&#8221;4.16&#8243; _module_preset=&#8221;default&#8221; global_colors_info=&#8221;{}&#8221;][et_pb_text admin_label=&#8221;Title&#8221; _builder_version=&#8221;4.16&#8243; text_font=&#8221;||||||||&#8221; text_text_color=&#8221;#ffffff&#8221; header_font=&#8221;Prata||||||||&#8221; header_2_font=&#8221;Montserrat|700|||||||&#8221; header_2_text_align=&#8221;center&#8221; header_2_font_size=&#8221;32px&#8221; custom_margin=&#8221;||-0.1%||false|false&#8221; custom_padding=&#8221;||||false|false&#8221; animation_style=&#8221;fade&#8221; animation_direction=&#8221;top&#8221; animation_duration=&#8221;1350ms&#8221; animation_starting_opacity=&#8221;100%&#8221; inline_fonts=&#8221;Prata,Montserrat&#8221; global_colors_info=&#8221;{}&#8221;]<h2 style=\"text-align: center\">La voce della Community<\/h2>[\/et_pb_text][et_pb_text _builder_version=&#8221;4.16&#8243; text_font_size=&#8221;18px&#8221; max_width=&#8221;90%&#8221; module_alignment=&#8221;center&#8221; custom_margin=&#8221;15px||||false|false&#8221; global_colors_info=&#8221;{}&#8221;]<p style=\"text-align: center\"><strong>Paola Schwizer<\/strong><i>, Presidente onorario di Nerdcommunity, associazione italiana degli amministratori non esecutivi e indipendenti e membro della #EIMCommunity<\/i><\/p>[\/et_pb_text][\/et_pb_column][\/et_pb_row][et_pb_row column_structure=&#8221;3_4,1_4&#8243; admin_label=&#8221;Title Area&#8221; module_class=&#8221;reverse&#8221; _builder_version=&#8221;4.27.4&#8243; background_color=&#8221;rgba(0,0,0,0)&#8221; width=&#8221;100%&#8221; module_alignment=&#8221;center&#8221; custom_margin=&#8221;||||false|false&#8221; custom_padding=&#8221;2%|22px|2px|22px|false|false&#8221; hover_enabled=&#8221;0&#8243; locked=&#8221;off&#8221; global_colors_info=&#8221;{}&#8221; custom_css_main_element_last_edited=&#8221;on|phone&#8221; sticky_enabled=&#8221;0&#8243;][et_pb_column type=&#8221;3_4&#8243; _builder_version=&#8221;4.16&#8243; custom_padding=&#8221;|||&#8221; global_colors_info=&#8221;{}&#8221; custom_padding__hover=&#8221;|||&#8221;][et_pb_text _builder_version=&#8221;4.16&#8243; text_font_size=&#8221;16px&#8221; max_width=&#8221;90%&#8221; module_alignment=&#8221;center&#8221; custom_margin=&#8221;||5%||false|false&#8221; global_colors_info=&#8221;{}&#8221;]<p data-start=\"75\" data-end=\"406\" style=\"text-align: justify\">Entrare a far parte di un Consiglio di amministrazione viene ancora troppo spesso interpretato come un riconoscimento di prestigio pi\u00f9 che come un incarico di responsabilit\u00e0. Eppure, <strong>un board efficace rappresenta un elemento chiave per la crescita e la competitivit\u00e0 aziendale<\/strong>, garantendo una governance solida e orientata al valore.<\/p>\n<p data-start=\"408\" data-end=\"593\" style=\"text-align: justify\"><strong>In cosa consiste quindi, concretamente, il ruolo di un amministratore indipendente?<\/strong> E in che modo un Consiglio ben strutturato pu\u00f2 fare la differenza nelle dinamiche di gestione e controllo dell\u2019impresa?<\/p>\n<p data-start=\"595\" data-end=\"938\" data-is-last-node=\"\" data-is-only-node=\"\" style=\"text-align: justify\">Paola Schwizer, Presidente onorario di Nedcommunity e membro della #EIMCommunity, condivide la sua esperienza e il suo punto di vista nel contributo dedicato al tema \u201cGovernance e Shareholder management: come rendere competitivo il board aziendale\u201d, all&#8217;interno del libro <strong><em data-start=\"861\" data-end=\"889\">Gestire il Business Fluido<\/em><\/strong>, scritto dai Partner EIM e pubblicato da Hoepli.<\/p>[\/et_pb_text][\/et_pb_column][et_pb_column type=&#8221;1_4&#8243; _builder_version=&#8221;4.16&#8243; _module_preset=&#8221;default&#8221; global_colors_info=&#8221;{}&#8221;][et_pb_image src=&#8221;https:\/\/www.eim.com\/it\/wp-content\/uploads\/sites\/5\/2025\/02\/Paola-Schwizer-foto.png&#8221; title_text=&#8221;Paola Schwizer &#8211; foto&#8221; disabled_on=&#8221;off|off|off&#8221; _builder_version=&#8221;4.27.4&#8243; _module_preset=&#8221;default&#8221; width=&#8221;80%&#8221; width_tablet=&#8221;25%&#8221; width_phone=&#8221;40%&#8221; width_last_edited=&#8221;on|phone&#8221; module_alignment=&#8221;center&#8221; hover_enabled=&#8221;0&#8243; global_colors_info=&#8221;{}&#8221; sticky_enabled=&#8221;0&#8243;][\/et_pb_image][\/et_pb_column][\/et_pb_row][et_pb_row admin_label=&#8221;Title Area&#8221; _builder_version=&#8221;4.16&#8243; background_color=&#8221;rgba(0,0,0,0)&#8221; width=&#8221;100%&#8221; module_alignment=&#8221;center&#8221; custom_margin=&#8221;||||false|false&#8221; custom_padding=&#8221;2%|0px|2%|0px|true|false&#8221; global_colors_info=&#8221;{}&#8221;][et_pb_column type=&#8221;4_4&#8243; _builder_version=&#8221;4.16&#8243; custom_padding=&#8221;|||&#8221; global_colors_info=&#8221;{}&#8221; custom_padding__hover=&#8221;|||&#8221;][et_pb_text _builder_version=&#8221;4.16&#8243; text_font_size=&#8221;16px&#8221; max_width=&#8221;90%&#8221; module_alignment=&#8221;center&#8221; min_height=&#8221;1331.6px&#8221; custom_margin=&#8221;1px||||false|false&#8221; custom_padding=&#8221;||||false|false&#8221; global_colors_info=&#8221;{}&#8221;]<p style=\"text-align: justify\"><img decoding=\"async\" style=\"margin-right: 10px\" src=\"https:\/\/www.eim.com\/wp-content\/uploads\/sites\/5\/2022\/02\/quotes-open.png\" \/><em>Ancora troppo spesso si ritiene che essere nominati come componenti del Consiglio di amministrazione di una societ\u00e0 sia uno status symbol. Ci\u00f2 accade soprattutto se il contesto \u00e8 quello di una grande impresa, magari quotata, con esponenti di standing. Solo quando ci si rende conto che fare l\u2019amministratore \u00e8 quasi un lavoro a tempo pieno, che comporta formazione continua e un grande impegno, anche di tempo, per dare un apporto costruttivo, si comprende che <strong>la funzione del board non \u00e8 quella di creare un network di relazioni, ma di contribuire davvero alla creazione di valore dell\u2019azienda<\/strong>.\u00a0<\/em><\/p>\n<p style=\"text-align: justify\"><em>Ricordo ancora la mia prima seduta di Consiglio di amministrazione, come componente neo-eletta, indipendente, unica donna e assolutamente estranea, sul piano delle relazioni personali, agli altri membri. Ho preso la parola per proporre una precisazione su una delibera. La relazione che ho avuto \u00e8 stata di sguardi confusi, perplessi, stupiti dal fatto che non mi bastasse aver ottenuto il mandato: <strong>pretendevo anche il diritto di parola<\/strong>.\u00a0<\/em><\/p>\n<p style=\"text-align: justify\"><em>Sono passati quasi dieci anni da allora e la cultura della governance \u00e8 cambiata rapidamente e radicalmente. Ho incontrato in diverse societ\u00e0 amministratori e amministratrici attenti e scrupolosi, con i quali \u201cfare squadra\u201d e scambiare opinioni e punti di vista dentro e fuori dal consiglio. Soprattutto nelle societ\u00e0 quotate, <strong>noi consiglieri indipendenti siamo consapevoli di essere, anche personalmente, oggetto di un attento scrutinio da parte di investitori, mercato e autorit\u00e0 di vigilanza<\/strong>. Nelle relazioni annuali sul governo societario si racconta come abbiamo lavorato, se siamo stati presenti alle riunioni, come abbiamo gestito i principali processi di governance e quali risultati abbiamo ottenuto. Siamo investiti di crescenti responsabilit\u00e0 e di un ruolo definito di \u201cchallenge\u201d nei confronti degli esecutivi. Interpretarlo non \u00e8 facile. Mi \u00e8 capitato in alcuni casi di dover prendere posizioni scomode, a volte supportata da altri amministratori indipendenti, a volte no. <strong>E non ho mai avuto paura di non essere rinnovata nell\u2019incarico<\/strong>. Se non fosse stato cos\u00ec, sarebbero venute meno, credo, la mia obiettivit\u00e0 e la mia indipendenza di giudizio.\u00a0<\/em><\/p>\n<p style=\"text-align: justify\"><i><em>Certo, regole e principi di autodisciplina nelle quotate aiutano ad affermare la buona governance anche nei contesti pi\u00f9 rigidi e tradizionalisti. <strong>Non vi \u00e8 dubbio<\/strong>, tuttavia, <strong>che anche le PMI non quotate potrebbero risultare pi\u00f9 attrattive se adottassero processi di direzione e controllo pi\u00f9 robusti e trasparenti<\/strong>. Esse devono tuttavia avere il coraggio di aprirsi a risorse e professionalit\u00e0 esterne rispetto alla ristretta cerchia dell\u2019imprenditore e dei suoi familiari. Ho dovuto rifiutare alcuni incarichi in societ\u00e0 di questo tipo, perch\u00e9 la richiesta era di avere un componente del board che seguisse una determinata area di attivit\u00e0 per conto dell\u2019imprenditore. L\u2019indipendente non \u00e8 tuttavia un altro \u201cmanager\u201d al servizio del capo azienda. \u00c8 qualcuno, invece, in grado di <strong>aiutare chi controlla o chi guida la societ\u00e0 a prendere decisioni migliori e a guardare al lungo periodo con una prospettiva pi\u00f9 ampia, un atteggiamento prudente, e l\u2019obiettivo di fare esclusivamente il bene dell\u2019impresa<\/strong><\/em>.<\/i><img decoding=\"async\" style=\"margin-left: 10px;margin-bottom: -27px\" src=\"https:\/\/www.eim.com\/wp-content\/uploads\/sites\/5\/2022\/02\/quotes-close.png\" \/><\/p>[\/et_pb_text][\/et_pb_column][\/et_pb_row][\/et_pb_section][et_pb_section fb_built=&#8221;1&#8243; _builder_version=&#8221;4.27.0&#8243; background_color=&#8221;#DB9300&#8243; background_image=&#8221;https:\/\/www.eim.com\/it\/wp-content\/uploads\/sites\/5\/2021\/04\/libro-gestire-business-fluido.jpg&#8221; min_height=&#8221;425px&#8221; min_height_tablet=&#8221;400px&#8221; min_height_phone=&#8221;400px&#8221; min_height_last_edited=&#8221;on|phone&#8221; custom_margin=&#8221;0%||||false|false&#8221; top_divider_style=&#8221;slant&#8221; top_divider_color=&#8221;#FFFFFF&#8221; top_divider_flip=&#8221;vertical|horizontal&#8221; bottom_divider_color=&#8221;#ffffff&#8221; bottom_divider_flip=&#8221;horizontal&#8221; background_last_edited=&#8221;on|tablet&#8221; background_image_tablet=&#8221;https:\/\/www.eim.com\/it\/wp-content\/uploads\/sites\/5\/2021\/03\/gestire-business-fluido-cmprs.jpg&#8221; background_enable_image_tablet=&#8221;on&#8221; locked=&#8221;off&#8221; global_colors_info=&#8221;{}&#8221;][et_pb_row column_structure=&#8221;1_2,1_2&#8243; custom_padding_last_edited=&#8221;on|tablet&#8221; _builder_version=&#8221;4.16&#8243; custom_margin=&#8221;|auto||auto|false|false&#8221; custom_margin_tablet=&#8221;40px|auto||auto|false|false&#8221; custom_margin_phone=&#8221;60px||||false|false&#8221; custom_margin_last_edited=&#8221;on|phone&#8221; custom_padding=&#8221;5%|5%|3%||false|false&#8221; custom_padding_tablet=&#8221;|0%|0%||false|false&#8221; custom_padding_phone=&#8221;|0%|0%||false|false&#8221; global_colors_info=&#8221;{}&#8221;][et_pb_column type=&#8221;1_2&#8243; _builder_version=&#8221;4.16&#8243; global_colors_info=&#8221;{}&#8221;][et_pb_text admin_label=&#8221;Title&#8221; _builder_version=&#8221;4.16&#8243; text_font=&#8221;||||||||&#8221; text_text_color=&#8221;#ffffff&#8221; header_font=&#8221;Prata||||||||&#8221; header_2_font=&#8221;Montserrat|700|||||||&#8221; header_2_text_align=&#8221;center&#8221; header_2_font_size=&#8221;30px&#8221; custom_margin=&#8221;||22px||false|false&#8221; custom_padding=&#8221;||||false|false&#8221; animation_style=&#8221;fade&#8221; animation_direction=&#8221;top&#8221; animation_duration=&#8221;1350ms&#8221; animation_starting_opacity=&#8221;100%&#8221; header_2_text_color_tablet=&#8221;#FFFFFF&#8221; header_2_text_color_phone=&#8221;#FFFFFF&#8221; header_2_text_color_last_edited=&#8221;on|phone&#8221; inline_fonts=&#8221;Prata,Montserrat&#8221; global_colors_info=&#8221;{}&#8221;]<h2>Cambia modo di gestire il business<\/h2>[\/et_pb_text][et_pb_button button_url=&#8221;https:\/\/www.eim.com\/it\/libro-gestire-il-business-fluido\/&#8221; button_text=&#8221;SCOPRI DI PI\u00d9&#8221; button_alignment=&#8221;center&#8221; _builder_version=&#8221;4.16&#8243; custom_button=&#8221;on&#8221; button_text_color=&#8221;#ffffff&#8221; button_bg_color=&#8221;#db932a&#8221; button_border_color=&#8221;#e09900&#8243; button_use_icon=&#8221;off&#8221; background_layout=&#8221;dark&#8221; locked=&#8221;off&#8221; global_colors_info=&#8221;{}&#8221;][\/et_pb_button][\/et_pb_column][et_pb_column type=&#8221;1_2&#8243; _builder_version=&#8221;4.16&#8243; global_colors_info=&#8221;{}&#8221;][\/et_pb_column][\/et_pb_row][\/et_pb_section]\n","protected":false},"excerpt":{"rendered":"<p>Entrare in un Consiglio di amministrazione \u00e8 una questione di immagine o un lavoro vero e proprio? Di seguito la risposta di Paola Schwizer.<\/p>\n","protected":false},"author":2,"featured_media":19439,"comment_status":"closed","ping_status":"open","sticky":false,"template":"","format":"standard","meta":{"_et_pb_use_builder":"on","_et_pb_old_content":"","_et_gb_content_width":"2880","footnotes":""},"categories":[2193],"tags":[],"class_list":["post-19374","post","type-post","status-publish","format-standard","has-post-thumbnail","hentry","category-carosello"],"yoast_head":"<!-- This site is optimized with the Yoast SEO Premium plugin v27.5 (Yoast SEO v27.5) - https:\/\/yoast.com\/product\/yoast-seo-premium-wordpress\/ -->\n<title>Essere amministratore \u00e8 una responsabilit\u00e0, una sfida, una questione di cultura - EIM Italia<\/title>\n<meta name=\"description\" content=\"Entrare in un Consiglio di amministrazione \u00e8 una questione di immagine o un lavoro vero e proprio? Di seguito la risposta di Paola Schwizer.\" \/>\n<meta name=\"robots\" content=\"index, follow, max-snippet:-1, max-image-preview:large, max-video-preview:-1\" \/>\n<link rel=\"canonical\" href=\"https:\/\/www.eim.com\/it\/carosello\/amministratore-responsabilita-sfida\/\" \/>\n<meta property=\"og:locale\" content=\"it_IT\" \/>\n<meta property=\"og:type\" content=\"article\" \/>\n<meta property=\"og:title\" content=\"Essere amministratore \u00e8 una responsabilit\u00e0, una sfida, una questione di cultura\" \/>\n<meta property=\"og:description\" content=\"Entrare in un Consiglio di amministrazione \u00e8 una questione di immagine o un lavoro vero e proprio? Di seguito la risposta di Paola Schwizer.\" \/>\n<meta property=\"og:url\" content=\"https:\/\/www.eim.com\/it\/carosello\/amministratore-responsabilita-sfida\/\" \/>\n<meta property=\"og:site_name\" content=\"EIM Italia\" \/>\n<meta property=\"article:published_time\" content=\"2025-02-27T11:17:04+00:00\" \/>\n<meta property=\"article:modified_time\" content=\"2025-03-14T16:45:45+00:00\" \/>\n<meta property=\"og:image\" content=\"https:\/\/www.eim.com\/it\/wp-content\/uploads\/sites\/5\/2025\/02\/Paola-Schwizer-AnteprimaArt.png\" \/>\n\t<meta property=\"og:image:width\" content=\"1200\" \/>\n\t<meta property=\"og:image:height\" content=\"672\" \/>\n\t<meta property=\"og:image:type\" content=\"image\/png\" \/>\n<meta name=\"author\" content=\"eimworld\" \/>\n<meta name=\"twitter:card\" content=\"summary_large_image\" \/>\n<meta name=\"twitter:label1\" content=\"Scritto da\" \/>\n\t<meta name=\"twitter:data1\" content=\"eimworld\" \/>\n\t<meta name=\"twitter:label2\" content=\"Tempo di lettura stimato\" \/>\n\t<meta name=\"twitter:data2\" content=\"5 minuti\" \/>\n<script type=\"application\/ld+json\" class=\"yoast-schema-graph\">{\"@context\":\"https:\\\/\\\/schema.org\",\"@graph\":[{\"@type\":\"Article\",\"@id\":\"https:\\\/\\\/www.eim.com\\\/it\\\/carosello\\\/amministratore-responsabilita-sfida\\\/#article\",\"isPartOf\":{\"@id\":\"https:\\\/\\\/www.eim.com\\\/it\\\/carosello\\\/amministratore-responsabilita-sfida\\\/\"},\"author\":{\"name\":\"eimworld\",\"@id\":\"https:\\\/\\\/www.eim.com\\\/it\\\/#\\\/schema\\\/person\\\/82c5e4b03b7af649944ed10552319b91\"},\"headline\":\"Essere amministratore \u00e8 una responsabilit\u00e0, una sfida, una questione di cultura\",\"datePublished\":\"2025-02-27T11:17:04+00:00\",\"dateModified\":\"2025-03-14T16:45:45+00:00\",\"mainEntityOfPage\":{\"@id\":\"https:\\\/\\\/www.eim.com\\\/it\\\/carosello\\\/amministratore-responsabilita-sfida\\\/\"},\"wordCount\":1709,\"publisher\":{\"@id\":\"https:\\\/\\\/www.eim.com\\\/it\\\/#organization\"},\"image\":{\"@id\":\"https:\\\/\\\/www.eim.com\\\/it\\\/carosello\\\/amministratore-responsabilita-sfida\\\/#primaryimage\"},\"thumbnailUrl\":\"https:\\\/\\\/www.eim.com\\\/it\\\/wp-content\\\/uploads\\\/sites\\\/5\\\/2025\\\/02\\\/Paola-Schwizer-AnteprimaArt.png\",\"articleSection\":[\"Carosello\"],\"inLanguage\":\"it-IT\"},{\"@type\":\"WebPage\",\"@id\":\"https:\\\/\\\/www.eim.com\\\/it\\\/carosello\\\/amministratore-responsabilita-sfida\\\/\",\"url\":\"https:\\\/\\\/www.eim.com\\\/it\\\/carosello\\\/amministratore-responsabilita-sfida\\\/\",\"name\":\"Essere amministratore \u00e8 una responsabilit\u00e0, una sfida, una questione di cultura - EIM Italia\",\"isPartOf\":{\"@id\":\"https:\\\/\\\/www.eim.com\\\/it\\\/#website\"},\"primaryImageOfPage\":{\"@id\":\"https:\\\/\\\/www.eim.com\\\/it\\\/carosello\\\/amministratore-responsabilita-sfida\\\/#primaryimage\"},\"image\":{\"@id\":\"https:\\\/\\\/www.eim.com\\\/it\\\/carosello\\\/amministratore-responsabilita-sfida\\\/#primaryimage\"},\"thumbnailUrl\":\"https:\\\/\\\/www.eim.com\\\/it\\\/wp-content\\\/uploads\\\/sites\\\/5\\\/2025\\\/02\\\/Paola-Schwizer-AnteprimaArt.png\",\"datePublished\":\"2025-02-27T11:17:04+00:00\",\"dateModified\":\"2025-03-14T16:45:45+00:00\",\"description\":\"Entrare in un Consiglio di amministrazione \u00e8 una questione di immagine o un lavoro vero e proprio? Di seguito la risposta di Paola Schwizer.\",\"breadcrumb\":{\"@id\":\"https:\\\/\\\/www.eim.com\\\/it\\\/carosello\\\/amministratore-responsabilita-sfida\\\/#breadcrumb\"},\"inLanguage\":\"it-IT\",\"potentialAction\":[{\"@type\":\"ReadAction\",\"target\":[\"https:\\\/\\\/www.eim.com\\\/it\\\/carosello\\\/amministratore-responsabilita-sfida\\\/\"]}]},{\"@type\":\"ImageObject\",\"inLanguage\":\"it-IT\",\"@id\":\"https:\\\/\\\/www.eim.com\\\/it\\\/carosello\\\/amministratore-responsabilita-sfida\\\/#primaryimage\",\"url\":\"https:\\\/\\\/www.eim.com\\\/it\\\/wp-content\\\/uploads\\\/sites\\\/5\\\/2025\\\/02\\\/Paola-Schwizer-AnteprimaArt.png\",\"contentUrl\":\"https:\\\/\\\/www.eim.com\\\/it\\\/wp-content\\\/uploads\\\/sites\\\/5\\\/2025\\\/02\\\/Paola-Schwizer-AnteprimaArt.png\",\"width\":1200,\"height\":672},{\"@type\":\"BreadcrumbList\",\"@id\":\"https:\\\/\\\/www.eim.com\\\/it\\\/carosello\\\/amministratore-responsabilita-sfida\\\/#breadcrumb\",\"itemListElement\":[{\"@type\":\"ListItem\",\"position\":1,\"name\":\"Home\",\"item\":\"https:\\\/\\\/www.eim.com\\\/it\\\/\"},{\"@type\":\"ListItem\",\"position\":2,\"name\":\"Essere amministratore \u00e8 una responsabilit\u00e0, una sfida, una questione di cultura\"}]},{\"@type\":\"WebSite\",\"@id\":\"https:\\\/\\\/www.eim.com\\\/it\\\/#website\",\"url\":\"https:\\\/\\\/www.eim.com\\\/it\\\/\",\"name\":\"EIM Italia\",\"description\":\"Siamo gli inventori dell&#039;Executive Interim Management\",\"publisher\":{\"@id\":\"https:\\\/\\\/www.eim.com\\\/it\\\/#organization\"},\"potentialAction\":[{\"@type\":\"SearchAction\",\"target\":{\"@type\":\"EntryPoint\",\"urlTemplate\":\"https:\\\/\\\/www.eim.com\\\/it\\\/?s={search_term_string}\"},\"query-input\":{\"@type\":\"PropertyValueSpecification\",\"valueRequired\":true,\"valueName\":\"search_term_string\"}}],\"inLanguage\":\"it-IT\"},{\"@type\":\"Organization\",\"@id\":\"https:\\\/\\\/www.eim.com\\\/it\\\/#organization\",\"name\":\"EIM\",\"url\":\"https:\\\/\\\/www.eim.com\\\/it\\\/\",\"logo\":{\"@type\":\"ImageObject\",\"inLanguage\":\"it-IT\",\"@id\":\"https:\\\/\\\/www.eim.com\\\/it\\\/#\\\/schema\\\/logo\\\/image\\\/\",\"url\":\"https:\\\/\\\/www.eim.com\\\/it\\\/wp-content\\\/uploads\\\/sites\\\/5\\\/2022\\\/02\\\/logo-eim-favicon2022.png\",\"contentUrl\":\"https:\\\/\\\/www.eim.com\\\/it\\\/wp-content\\\/uploads\\\/sites\\\/5\\\/2022\\\/02\\\/logo-eim-favicon2022.png\",\"width\":427,\"height\":427,\"caption\":\"EIM\"},\"image\":{\"@id\":\"https:\\\/\\\/www.eim.com\\\/it\\\/#\\\/schema\\\/logo\\\/image\\\/\"}},{\"@type\":\"Person\",\"@id\":\"https:\\\/\\\/www.eim.com\\\/it\\\/#\\\/schema\\\/person\\\/82c5e4b03b7af649944ed10552319b91\",\"name\":\"eimworld\",\"image\":{\"@type\":\"ImageObject\",\"inLanguage\":\"it-IT\",\"@id\":\"https:\\\/\\\/secure.gravatar.com\\\/avatar\\\/06dc2838cb0c066488cdb4b104beba474e6305a2d11cbb1fb7353f876daae9f3?s=96&d=mm&r=g\",\"url\":\"https:\\\/\\\/secure.gravatar.com\\\/avatar\\\/06dc2838cb0c066488cdb4b104beba474e6305a2d11cbb1fb7353f876daae9f3?s=96&d=mm&r=g\",\"contentUrl\":\"https:\\\/\\\/secure.gravatar.com\\\/avatar\\\/06dc2838cb0c066488cdb4b104beba474e6305a2d11cbb1fb7353f876daae9f3?s=96&d=mm&r=g\",\"caption\":\"eimworld\"},\"sameAs\":[\"https:\\\/\\\/eimworld.wpengine.com\"]}]}<\/script>\n<!-- \/ Yoast SEO Premium plugin. -->","yoast_head_json":{"title":"Essere amministratore \u00e8 una responsabilit\u00e0, una sfida, una questione di cultura - EIM Italia","description":"Entrare in un Consiglio di amministrazione \u00e8 una questione di immagine o un lavoro vero e proprio? Di seguito la risposta di Paola Schwizer.","robots":{"index":"index","follow":"follow","max-snippet":"max-snippet:-1","max-image-preview":"max-image-preview:large","max-video-preview":"max-video-preview:-1"},"canonical":"https:\/\/www.eim.com\/it\/carosello\/amministratore-responsabilita-sfida\/","og_locale":"it_IT","og_type":"article","og_title":"Essere amministratore \u00e8 una responsabilit\u00e0, una sfida, una questione di cultura","og_description":"Entrare in un Consiglio di amministrazione \u00e8 una questione di immagine o un lavoro vero e proprio? Di seguito la risposta di Paola Schwizer.","og_url":"https:\/\/www.eim.com\/it\/carosello\/amministratore-responsabilita-sfida\/","og_site_name":"EIM Italia","article_published_time":"2025-02-27T11:17:04+00:00","article_modified_time":"2025-03-14T16:45:45+00:00","og_image":[{"width":1200,"height":672,"url":"https:\/\/www.eim.com\/it\/wp-content\/uploads\/sites\/5\/2025\/02\/Paola-Schwizer-AnteprimaArt.png","type":"image\/png"}],"author":"eimworld","twitter_card":"summary_large_image","twitter_misc":{"Scritto da":"eimworld","Tempo di lettura stimato":"5 minuti"},"schema":{"@context":"https:\/\/schema.org","@graph":[{"@type":"Article","@id":"https:\/\/www.eim.com\/it\/carosello\/amministratore-responsabilita-sfida\/#article","isPartOf":{"@id":"https:\/\/www.eim.com\/it\/carosello\/amministratore-responsabilita-sfida\/"},"author":{"name":"eimworld","@id":"https:\/\/www.eim.com\/it\/#\/schema\/person\/82c5e4b03b7af649944ed10552319b91"},"headline":"Essere amministratore \u00e8 una responsabilit\u00e0, una sfida, una questione di cultura","datePublished":"2025-02-27T11:17:04+00:00","dateModified":"2025-03-14T16:45:45+00:00","mainEntityOfPage":{"@id":"https:\/\/www.eim.com\/it\/carosello\/amministratore-responsabilita-sfida\/"},"wordCount":1709,"publisher":{"@id":"https:\/\/www.eim.com\/it\/#organization"},"image":{"@id":"https:\/\/www.eim.com\/it\/carosello\/amministratore-responsabilita-sfida\/#primaryimage"},"thumbnailUrl":"https:\/\/www.eim.com\/it\/wp-content\/uploads\/sites\/5\/2025\/02\/Paola-Schwizer-AnteprimaArt.png","articleSection":["Carosello"],"inLanguage":"it-IT"},{"@type":"WebPage","@id":"https:\/\/www.eim.com\/it\/carosello\/amministratore-responsabilita-sfida\/","url":"https:\/\/www.eim.com\/it\/carosello\/amministratore-responsabilita-sfida\/","name":"Essere amministratore \u00e8 una responsabilit\u00e0, una sfida, una questione di cultura - EIM Italia","isPartOf":{"@id":"https:\/\/www.eim.com\/it\/#website"},"primaryImageOfPage":{"@id":"https:\/\/www.eim.com\/it\/carosello\/amministratore-responsabilita-sfida\/#primaryimage"},"image":{"@id":"https:\/\/www.eim.com\/it\/carosello\/amministratore-responsabilita-sfida\/#primaryimage"},"thumbnailUrl":"https:\/\/www.eim.com\/it\/wp-content\/uploads\/sites\/5\/2025\/02\/Paola-Schwizer-AnteprimaArt.png","datePublished":"2025-02-27T11:17:04+00:00","dateModified":"2025-03-14T16:45:45+00:00","description":"Entrare in un Consiglio di amministrazione \u00e8 una questione di immagine o un lavoro vero e proprio? Di seguito la risposta di Paola Schwizer.","breadcrumb":{"@id":"https:\/\/www.eim.com\/it\/carosello\/amministratore-responsabilita-sfida\/#breadcrumb"},"inLanguage":"it-IT","potentialAction":[{"@type":"ReadAction","target":["https:\/\/www.eim.com\/it\/carosello\/amministratore-responsabilita-sfida\/"]}]},{"@type":"ImageObject","inLanguage":"it-IT","@id":"https:\/\/www.eim.com\/it\/carosello\/amministratore-responsabilita-sfida\/#primaryimage","url":"https:\/\/www.eim.com\/it\/wp-content\/uploads\/sites\/5\/2025\/02\/Paola-Schwizer-AnteprimaArt.png","contentUrl":"https:\/\/www.eim.com\/it\/wp-content\/uploads\/sites\/5\/2025\/02\/Paola-Schwizer-AnteprimaArt.png","width":1200,"height":672},{"@type":"BreadcrumbList","@id":"https:\/\/www.eim.com\/it\/carosello\/amministratore-responsabilita-sfida\/#breadcrumb","itemListElement":[{"@type":"ListItem","position":1,"name":"Home","item":"https:\/\/www.eim.com\/it\/"},{"@type":"ListItem","position":2,"name":"Essere amministratore \u00e8 una responsabilit\u00e0, una sfida, una questione di cultura"}]},{"@type":"WebSite","@id":"https:\/\/www.eim.com\/it\/#website","url":"https:\/\/www.eim.com\/it\/","name":"EIM Italia","description":"Siamo gli inventori dell&#039;Executive Interim Management","publisher":{"@id":"https:\/\/www.eim.com\/it\/#organization"},"potentialAction":[{"@type":"SearchAction","target":{"@type":"EntryPoint","urlTemplate":"https:\/\/www.eim.com\/it\/?s={search_term_string}"},"query-input":{"@type":"PropertyValueSpecification","valueRequired":true,"valueName":"search_term_string"}}],"inLanguage":"it-IT"},{"@type":"Organization","@id":"https:\/\/www.eim.com\/it\/#organization","name":"EIM","url":"https:\/\/www.eim.com\/it\/","logo":{"@type":"ImageObject","inLanguage":"it-IT","@id":"https:\/\/www.eim.com\/it\/#\/schema\/logo\/image\/","url":"https:\/\/www.eim.com\/it\/wp-content\/uploads\/sites\/5\/2022\/02\/logo-eim-favicon2022.png","contentUrl":"https:\/\/www.eim.com\/it\/wp-content\/uploads\/sites\/5\/2022\/02\/logo-eim-favicon2022.png","width":427,"height":427,"caption":"EIM"},"image":{"@id":"https:\/\/www.eim.com\/it\/#\/schema\/logo\/image\/"}},{"@type":"Person","@id":"https:\/\/www.eim.com\/it\/#\/schema\/person\/82c5e4b03b7af649944ed10552319b91","name":"eimworld","image":{"@type":"ImageObject","inLanguage":"it-IT","@id":"https:\/\/secure.gravatar.com\/avatar\/06dc2838cb0c066488cdb4b104beba474e6305a2d11cbb1fb7353f876daae9f3?s=96&d=mm&r=g","url":"https:\/\/secure.gravatar.com\/avatar\/06dc2838cb0c066488cdb4b104beba474e6305a2d11cbb1fb7353f876daae9f3?s=96&d=mm&r=g","contentUrl":"https:\/\/secure.gravatar.com\/avatar\/06dc2838cb0c066488cdb4b104beba474e6305a2d11cbb1fb7353f876daae9f3?s=96&d=mm&r=g","caption":"eimworld"},"sameAs":["https:\/\/eimworld.wpengine.com"]}]}},"_links":{"self":[{"href":"https:\/\/www.eim.com\/it\/wp-json\/wp\/v2\/posts\/19374","targetHints":{"allow":["GET"]}}],"collection":[{"href":"https:\/\/www.eim.com\/it\/wp-json\/wp\/v2\/posts"}],"about":[{"href":"https:\/\/www.eim.com\/it\/wp-json\/wp\/v2\/types\/post"}],"author":[{"embeddable":true,"href":"https:\/\/www.eim.com\/it\/wp-json\/wp\/v2\/users\/2"}],"replies":[{"embeddable":true,"href":"https:\/\/www.eim.com\/it\/wp-json\/wp\/v2\/comments?post=19374"}],"version-history":[{"count":0,"href":"https:\/\/www.eim.com\/it\/wp-json\/wp\/v2\/posts\/19374\/revisions"}],"wp:featuredmedia":[{"embeddable":true,"href":"https:\/\/www.eim.com\/it\/wp-json\/wp\/v2\/media\/19439"}],"wp:attachment":[{"href":"https:\/\/www.eim.com\/it\/wp-json\/wp\/v2\/media?parent=19374"}],"wp:term":[{"taxonomy":"category","embeddable":true,"href":"https:\/\/www.eim.com\/it\/wp-json\/wp\/v2\/categories?post=19374"},{"taxonomy":"post_tag","embeddable":true,"href":"https:\/\/www.eim.com\/it\/wp-json\/wp\/v2\/tags?post=19374"}],"curies":[{"name":"wp","href":"https:\/\/api.w.org\/{rel}","templated":true}]}}