{"id":18800,"date":"2024-11-12T15:59:59","date_gmt":"2024-11-12T14:59:59","guid":{"rendered":"https:\/\/www.eim.com\/it\/?p=18800"},"modified":"2025-02-26T17:51:40","modified_gmt":"2025-02-26T16:51:40","slug":"riccardo-trichilo-senior-industry-advisor","status":"publish","type":"post","link":"https:\/\/www.eim.com\/it\/news\/riccardo-trichilo-senior-industry-advisor\/","title":{"rendered":"Riccardo Trichilo si unisce ad EIM Italia in qualit\u00e0 di Senior Advisor"},"content":{"rendered":"<p>[et_pb_section fb_built=&#8221;1&#8243; admin_label=&#8221;Hero Section&#8221; _builder_version=&#8221;4.22.1&#8243; background_color=&#8221;#002c3e&#8221; background_enable_image=&#8221;off&#8221; background_position=&#8221;top_center&#8221; height=&#8221;520px&#8221; custom_padding=&#8221;3%||0%||false|false&#8221; bottom_divider_style=&#8221;slant&#8221; bottom_divider_color=&#8221;#ffffff&#8221; bottom_divider_height=&#8221;150px&#8221; bottom_divider_flip=&#8221;horizontal&#8221; global_module=&#8221;10425&#8243; global_colors_info=&#8221;{}&#8221; background_color_gradient_direction__hover=&#8221;180deg&#8221; background_color_gradient_direction__hover_enabled=&#8221;180deg&#8221; background_color_gradient_start_position__hover=&#8221;0%&#8221; background_color_gradient_start_position__hover_enabled=&#8221;0%&#8221; background_color_gradient_end_position__hover=&#8221;100%&#8221; background_color_gradient_end_position__hover_enabled=&#8221;100%&#8221; background_color_gradient_stops__hover=&#8221;#2b87da 0%|#29c4a9 100%&#8221;][et_pb_row _builder_version=&#8221;4.22.1&#8243; _module_preset=&#8221;default&#8221; custom_padding=&#8221;||||false|false&#8221; global_colors_info=&#8221;{}&#8221;][et_pb_column type=&#8221;4_4&#8243; _builder_version=&#8221;4.22.1&#8243; _module_preset=&#8221;default&#8221; global_colors_info=&#8221;{}&#8221;][\/et_pb_column][\/et_pb_row][\/et_pb_section][et_pb_section fb_built=&#8221;1&#8243; disabled_on=&#8221;off|off|off&#8221; _builder_version=&#8221;4.16&#8243; background_color=&#8221;#ffffff&#8221; custom_margin=&#8221;||||false|false&#8221; custom_padding=&#8221;10px||||false|false&#8221; top_divider_style=&#8221;slant&#8221; top_divider_color=&#8221;#ffffff&#8221; bottom_divider_flip=&#8221;horizontal&#8221; global_colors_info=&#8221;{}&#8221;][et_pb_row admin_label=&#8221;Title Area&#8221; _builder_version=&#8221;4.16&#8243; background_color=&#8221;rgba(0,0,0,0)&#8221; width=&#8221;100%&#8221; module_alignment=&#8221;center&#8221; custom_margin=&#8221;||||false|false&#8221; custom_padding=&#8221;3%|0px|0.2%|0px|false|false&#8221; global_colors_info=&#8221;{}&#8221;][et_pb_column type=&#8221;4_4&#8243; _builder_version=&#8221;4.16&#8243; custom_padding=&#8221;|||&#8221; global_colors_info=&#8221;{}&#8221; custom_padding__hover=&#8221;|||&#8221;][et_pb_text _builder_version=&#8221;4.27.4&#8243; text_font_size=&#8221;16px&#8221; max_width=&#8221;90%&#8221; module_alignment=&#8221;center&#8221; custom_margin=&#8221;||5%||false|false&#8221; hover_enabled=&#8221;0&#8243; global_colors_info=&#8221;{}&#8221; sticky_enabled=&#8221;0&#8243; disabled_on=&#8221;off|off|off&#8221;]<\/p>\n<p style=\"text-align: right;\"><a href=\"#english_title\"><strong><span style=\"text-decoration: underline; color: #db9300;\">English version below<\/span><\/strong><\/a><\/p>\n<p>[\/et_pb_text][et_pb_text admin_label=&#8221;Title&#8221; _builder_version=&#8221;4.27.2&#8243; text_font=&#8221;||||||||&#8221; text_text_color=&#8221;#ffffff&#8221; header_font=&#8221;Prata||||||||&#8221; header_2_font=&#8221;Montserrat|700|||||||&#8221; header_2_text_align=&#8221;center&#8221; header_2_font_size=&#8221;30px&#8221; custom_margin=&#8221;||2%||false|false&#8221; custom_padding=&#8221;||0px|||&#8221; animation_style=&#8221;fade&#8221; animation_direction=&#8221;top&#8221; animation_duration=&#8221;1350ms&#8221; animation_starting_opacity=&#8221;100%&#8221; inline_fonts=&#8221;Prata,Montserrat&#8221; global_colors_info=&#8221;{}&#8221;]<\/p>\n<h2><span class=\"s4\">Riccardo Trichilo si unisce ad EIM Italia in qualit\u00e0 di Senior Advisor<\/span><\/h2>\n<p>[\/et_pb_text][\/et_pb_column][\/et_pb_row][et_pb_row column_structure=&#8221;1_3,2_3&#8243; make_equal=&#8221;on&#8221; custom_padding_last_edited=&#8221;on|desktop&#8221; admin_label=&#8221;Title Area&#8221; module_class=&#8221;margin-press&#8221; _builder_version=&#8221;4.25.2&#8243; background_color=&#8221;rgba(0,0,0,0)&#8221; width=&#8221;100%&#8221; module_alignment=&#8221;center&#8221; custom_margin=&#8221;||||false|false&#8221; custom_padding=&#8221;1%|0px|0.2%|0px|false|false&#8221; custom_padding_tablet=&#8221;1%|0px|0.2%|0px|false|false&#8221; custom_padding_phone=&#8221;1%|0px|0.2%|0px|false|false&#8221; custom_css_main_element=&#8221;align-items: center;&#8221; global_colors_info=&#8221;{}&#8221; custom_css_main_element_last_edited=&#8221;on|desktop&#8221; custom_css_main_element_tablet=&#8221;align-items: center;&#8221; custom_css_main_element_phone=&#8221;align-items: center;&#8221;][et_pb_column type=&#8221;1_3&#8243; _builder_version=&#8221;4.25.2&#8243; _module_preset=&#8221;default&#8221; global_colors_info=&#8221;{}&#8221; custom_css_main_element_last_edited=&#8221;off|tablet&#8221; custom_css_main_element_tablet=&#8221;width: 35% !important;&#8221; custom_css_main_element_phone=&#8221;width: 35% !important;&#8221;][et_pb_image src=&#8221;https:\/\/www.eim.com\/it\/wp-content\/uploads\/sites\/5\/2024\/11\/Riccardo_Trichilo.webp&#8221; title_text=&#8221;Riccardo_Trichilo&#8221; align_tablet=&#8221;center&#8221; align_phone=&#8221;&#8221; align_last_edited=&#8221;on|desktop&#8221; _builder_version=&#8221;4.27.2&#8243; _module_preset=&#8221;default&#8221; height=&#8221;400px&#8221; max_height=&#8221;400px&#8221; global_colors_info=&#8221;{}&#8221;][\/et_pb_image][\/et_pb_column][et_pb_column type=&#8221;2_3&#8243; _builder_version=&#8221;4.25.2&#8243; _module_preset=&#8221;default&#8221; global_colors_info=&#8221;{}&#8221; custom_css_main_element_last_edited=&#8221;off|tablet&#8221; custom_css_main_element_tablet=&#8221;width: 65% !important;&#8221; custom_css_main_element_phone=&#8221;width: 65% !important;&#8221;][et_pb_text _builder_version=&#8221;4.27.2&#8243; text_font_size=&#8221;16px&#8221; max_width=&#8221;90%&#8221; module_alignment=&#8221;center&#8221; custom_margin=&#8221;||5%||false|false&#8221; locked=&#8221;off&#8221; global_colors_info=&#8221;{}&#8221;]<\/p>\n<p style=\"text-align: justify;\">Siamo lieti di accogliere <strong>Riccardo Trichilo<\/strong> nella Community di EIM Italia in qualit\u00e0 di Senior Advisor. Figura di spicco nel panorama industriale italiano, Trichilo si unisce a EIM Italia con l\u2019obiettivo di promuovere la soluzione EIM. Grazie a un ampio network e alla sua esperienza, specialmente nel comparto industriale bresciano, Trichilo sar\u00e0 decisivo per rafforzare la presenza di EIM Italia e diffondere il valore del suo approccio distintivo.<\/p>\n<p>[\/et_pb_text][\/et_pb_column][\/et_pb_row][et_pb_row make_equal=&#8221;on&#8221; custom_padding_last_edited=&#8221;on|desktop&#8221; admin_label=&#8221;Title Area&#8221; module_class=&#8221;margin-press&#8221; _builder_version=&#8221;4.25.2&#8243; background_color=&#8221;rgba(0,0,0,0)&#8221; width=&#8221;100%&#8221; module_alignment=&#8221;center&#8221; custom_margin=&#8221;||||false|false&#8221; custom_padding=&#8221;3%|0px|3%|0px|false|false&#8221; custom_padding_tablet=&#8221;5%|0px|3%|0px|false|false&#8221; custom_padding_phone=&#8221;5%|0px|3%|0px|false|false&#8221; custom_css_main_element=&#8221;align-items: center;&#8221; global_colors_info=&#8221;{}&#8221; custom_css_main_element_last_edited=&#8221;on|desktop&#8221; custom_css_main_element_tablet=&#8221;align-items: center;&#8221; custom_css_main_element_phone=&#8221;align-items: center;&#8221;][et_pb_column type=&#8221;4_4&#8243; _builder_version=&#8221;4.17.3&#8243; _module_preset=&#8221;default&#8221; global_colors_info=&#8221;{}&#8221;][et_pb_text _builder_version=&#8221;4.27.2&#8243; text_font_size=&#8221;16px&#8221; max_width=&#8221;90%&#8221; module_alignment=&#8221;center&#8221; custom_margin=&#8221;||5%||false|false&#8221; locked=&#8221;off&#8221; global_colors_info=&#8221;{}&#8221;]<\/p>\n<p style=\"text-align: justify;\">CEO di CSMT &#8211; Innovative Contamination Hub, e Presidente di AQM S.r.l., Trichilo \u00e8 un punto di riferimento nella promozione dell\u2019innovazione sostenibile e dello sviluppo tecnologico.<\/p>\n<p style=\"text-align: justify;\">Con la sua visione, supporter\u00e0 il posizionamento di EIM Italia quale partner strategico per le aziende, mettendo in luce il valore aggiunto della soluzione EIM derivante dall\u2019insieme di leadership operativa, veicolata attraverso un manager senior, leadership metodologica e governance operativa, per tutta la durata dei progetti di trasformazione.<\/p>\n<p style=\"text-align: justify;\">Riccardo Trichilo lavorer\u00e0 al fianco di altri esperti come Alberto Gennarini e Riccardo Palmisano per consolidare ulteriormente il posizionamento di EIM in Italia, facilitando la conoscenza e l\u2019adozione di soluzioni di Interim Management presso aziende e settori strategici.<\/p>\n<p style=\"text-align: justify;\">Per maggiori dettagli, visita la sezione <a href=\"https:\/\/www.eim.com\/it\/industry-senior-advisors\/\" target=\"_blank\" rel=\"noopener\">Industry Senior Advisors<\/a>.<\/p>\n<p>[\/et_pb_text][\/et_pb_column][\/et_pb_row][et_pb_row admin_label=&#8221;Title Area&#8221; _builder_version=&#8221;4.17.3&#8243; background_color=&#8221;rgba(0,0,0,0)&#8221; width=&#8221;100%&#8221; module_alignment=&#8221;center&#8221; custom_margin=&#8221;||||false|false&#8221; custom_padding=&#8221;0px|0px|0px|0px|false|false&#8221; hover_enabled=&#8221;0&#8243; global_colors_info=&#8221;{}&#8221; sticky_enabled=&#8221;0&#8243;][et_pb_column type=&#8221;4_4&#8243; _builder_version=&#8221;4.16&#8243; custom_padding=&#8221;|||&#8221; global_colors_info=&#8221;{}&#8221; custom_padding__hover=&#8221;|||&#8221;][et_pb_divider module_id=&#8221;english_title&#8221; _builder_version=&#8221;4.21.0&#8243; background_color=&#8221;rgba(0,0,0,0)&#8221; width=&#8221;80%&#8221; module_alignment=&#8221;center&#8221; custom_margin=&#8221;||3%||false|false&#8221; custom_padding=&#8221;||||false|false&#8221; hover_enabled=&#8221;0&#8243; global_colors_info=&#8221;{}&#8221; sticky_enabled=&#8221;0&#8243;][\/et_pb_divider][et_pb_text admin_label=&#8221;Title&#8221; _builder_version=&#8221;4.27.4&#8243; text_font=&#8221;||||||||&#8221; text_text_color=&#8221;#ffffff&#8221; header_font=&#8221;Prata||||||||&#8221; header_2_font=&#8221;Montserrat|700|||||||&#8221; header_2_text_align=&#8221;center&#8221; header_2_font_size=&#8221;30px&#8221; custom_margin=&#8221;8%||2%||false|false&#8221; custom_padding=&#8221;||0px|||&#8221; animation_style=&#8221;fade&#8221; animation_direction=&#8221;top&#8221; animation_duration=&#8221;1350ms&#8221; animation_starting_opacity=&#8221;100%&#8221; hover_enabled=&#8221;0&#8243; inline_fonts=&#8221;Prata,Montserrat&#8221; global_colors_info=&#8221;{}&#8221; sticky_enabled=&#8221;0&#8243;]<\/p>\n<h2><span style=\"font-family: Montserrat; color: #002c3e;\">Riccardo Trichilo joins EIM Italy as Senior Advisor<\/span><\/h2>\n<p>[\/et_pb_text][\/et_pb_column][\/et_pb_row][et_pb_row column_structure=&#8221;1_3,2_3&#8243; make_equal=&#8221;on&#8221; custom_padding_last_edited=&#8221;on|tablet&#8221; admin_label=&#8221;Title Area&#8221; module_class=&#8221;margin-press&#8221; _builder_version=&#8221;4.25.2&#8243; background_color=&#8221;rgba(0,0,0,0)&#8221; width=&#8221;100%&#8221; module_alignment=&#8221;center&#8221; custom_margin=&#8221;||||false|false&#8221; custom_padding=&#8221;2%|0px|0.2%|0px|false|false&#8221; custom_padding_tablet=&#8221;2%|0px|0.2%|0px|false|false&#8221; custom_padding_phone=&#8221;2%|0px|0.2%|0px|false|false&#8221; custom_css_main_element=&#8221;align-items: center;&#8221; global_colors_info=&#8221;{}&#8221; custom_css_main_element_last_edited=&#8221;on|desktop&#8221; custom_css_main_element_tablet=&#8221;align-items: center;&#8221; custom_css_main_element_phone=&#8221;align-items: center;&#8221;][et_pb_column type=&#8221;1_3&#8243; _builder_version=&#8221;4.25.2&#8243; _module_preset=&#8221;default&#8221; global_colors_info=&#8221;{}&#8221; custom_css_main_element_last_edited=&#8221;off|tablet&#8221; custom_css_main_element_tablet=&#8221;width: 35% !important; &#8221; custom_css_main_element_phone=&#8221;width: 35% !important; &#8220;][et_pb_image src=&#8221;https:\/\/www.eim.com\/it\/wp-content\/uploads\/sites\/5\/2024\/11\/Riccardo_Trichilo.webp&#8221; title_text=&#8221;Riccardo_Trichilo&#8221; align_tablet=&#8221;center&#8221; align_phone=&#8221;&#8221; align_last_edited=&#8221;on|desktop&#8221; _builder_version=&#8221;4.27.2&#8243; _module_preset=&#8221;default&#8221; max_height=&#8221;400px&#8221; global_colors_info=&#8221;{}&#8221;][\/et_pb_image][\/et_pb_column][et_pb_column type=&#8221;2_3&#8243; _builder_version=&#8221;4.25.2&#8243; _module_preset=&#8221;default&#8221; global_colors_info=&#8221;{}&#8221; custom_css_main_element_last_edited=&#8221;off|tablet&#8221; custom_css_main_element_tablet=&#8221;width: 65% !important;&#8221; custom_css_main_element_phone=&#8221;width: 65% !important;&#8221;][et_pb_text _builder_version=&#8221;4.27.2&#8243; text_font_size=&#8221;16px&#8221; max_width=&#8221;90%&#8221; module_alignment=&#8221;center&#8221; custom_margin=&#8221;||5%||false|false&#8221; locked=&#8221;off&#8221; global_colors_info=&#8221;{}&#8221;]<\/p>\n<p style=\"text-align: justify;\">We are pleased to welcome <strong>Riccardo Trichilo<\/strong> to the EIM Italy Community as Senior Advisor. A prominent professional in the Italian industrial landscape, Trichilo joins EIM Italy with the goal of promoting the EIM solution. With an extensive network and significant experience, especially in the industrial sector in Brescia, Trichilo will be key in strengthening EIM Italy&#8217;s presence and spreading the value of its distinctive approach.<\/p>\n<p>[\/et_pb_text][\/et_pb_column][\/et_pb_row][et_pb_row make_equal=&#8221;on&#8221; custom_padding_last_edited=&#8221;on|desktop&#8221; admin_label=&#8221;Title Area&#8221; module_class=&#8221;margin-press&#8221; _builder_version=&#8221;4.25.2&#8243; background_color=&#8221;rgba(0,0,0,0)&#8221; width=&#8221;100%&#8221; module_alignment=&#8221;center&#8221; custom_margin=&#8221;||||false|false&#8221; custom_padding=&#8221;3%|0px|3%|0px|false|false&#8221; custom_padding_tablet=&#8221;5%|0px|3%|0px|false|false&#8221; custom_padding_phone=&#8221;5%|0px|3%|0px|false|false&#8221; custom_css_main_element=&#8221;align-items: center;&#8221; global_colors_info=&#8221;{}&#8221; custom_css_main_element_last_edited=&#8221;on|desktop&#8221; custom_css_main_element_tablet=&#8221;align-items: center;&#8221; custom_css_main_element_phone=&#8221;align-items: center;&#8221;][et_pb_column type=&#8221;4_4&#8243; _builder_version=&#8221;4.17.3&#8243; _module_preset=&#8221;default&#8221; global_colors_info=&#8221;{}&#8221;][et_pb_text _builder_version=&#8221;4.27.2&#8243; text_font_size=&#8221;16px&#8221; max_width=&#8221;90%&#8221; module_alignment=&#8221;center&#8221; custom_margin=&#8221;||5%||false|false&#8221; locked=&#8221;off&#8221; global_colors_info=&#8221;{}&#8221;]<\/p>\n<p style=\"text-align: justify;\">CEO of CSMT &#8211; Innovative Contamination Hub, and President of AQM S.r.l., Trichilo is a point of reference in driving sustainable innovation and technological development.<\/p>\n<p style=\"text-align: justify;\">With his vision, he will support EIM Italy in positioning itself as a strategic partner for companies, highlighting the added value of the EIM solution, which combines operational leadership conveyed through a senior manager, methodological leadership, and project governance throughout the duration of transformation projects.<\/p>\n<p style=\"text-align: justify;\">Riccardo Trichilo will work alongside other experts such as Alberto Gennarini and Riccardo Palmisano to further consolidate EIM Italy&#8217;s position, facilitating awareness and adoption of Interim Management solutions across strategic sectors and companies.<\/p>\n<p style=\"text-align: justify;\">For more details, visit the <a href=\"https:\/\/www.eim.com\/it\/industry-senior-advisors\/\" target=\"_blank\" rel=\"noopener\">Industry Senior Advisors<\/a> section.<\/p>\n<p>[\/et_pb_text][\/et_pb_column][\/et_pb_row][\/et_pb_section][et_pb_section fb_built=&#8221;1&#8243; _builder_version=&#8221;4.16&#8243; background_color=&#8221;#DB9300&#8243; custom_margin=&#8221;0%||||false|false&#8221; top_divider_style=&#8221;slant&#8221; top_divider_color=&#8221;#ffffff&#8221; top_divider_flip=&#8221;vertical|horizontal&#8221; bottom_divider_color=&#8221;#ffffff&#8221; bottom_divider_flip=&#8221;horizontal&#8221; global_colors_info=&#8221;{}&#8221;][et_pb_row _builder_version=&#8221;4.16&#8243; custom_margin=&#8221;-46px|auto||auto||&#8221; custom_padding=&#8221;60px||41px|||&#8221; global_colors_info=&#8221;{}&#8221;][et_pb_column type=&#8221;4_4&#8243; _builder_version=&#8221;4.16&#8243; global_colors_info=&#8221;{}&#8221;][et_pb_text admin_label=&#8221;Title&#8221; _builder_version=&#8221;4.25.2&#8243; text_font=&#8221;||||||||&#8221; text_text_color=&#8221;#ffffff&#8221; header_font=&#8221;Prata||||||||&#8221; header_2_font=&#8221;Montserrat|700|||||||&#8221; header_2_text_align=&#8221;center&#8221; header_2_font_size=&#8221;30px&#8221; custom_margin=&#8221;8%||5px||false|false&#8221; custom_padding=&#8221;||0px|||&#8221; animation_style=&#8221;fade&#8221; animation_direction=&#8221;top&#8221; animation_duration=&#8221;1350ms&#8221; animation_starting_opacity=&#8221;100%&#8221; inline_fonts=&#8221;Prata,Montserrat&#8221; global_colors_info=&#8221;{}&#8221;]<\/p>\n<h2><span style=\"color: #ffffff\">Per ulteriori informazioni:<\/span><\/h2>\n<p>[\/et_pb_text][\/et_pb_column][\/et_pb_row][et_pb_row column_structure=&#8221;1_4,1_4,1_4,1_4&#8243; _builder_version=&#8221;4.16&#8243; custom_padding=&#8221;1px|||||&#8221; global_colors_info=&#8221;{}&#8221;][et_pb_column type=&#8221;1_4&#8243; _builder_version=&#8221;4.16&#8243; global_colors_info=&#8221;{}&#8221;][\/et_pb_column][et_pb_column type=&#8221;1_4&#8243; _builder_version=&#8221;4.16&#8243; global_colors_info=&#8221;{}&#8221;][et_pb_button button_url=&#8221;tel:+390229006626&#8243; button_text=&#8221;CHIAMA&#8221; button_alignment=&#8221;center&#8221; _builder_version=&#8221;4.25.2&#8243; background_layout=&#8221;dark&#8221; global_colors_info=&#8221;{}&#8221;][\/et_pb_button][\/et_pb_column][et_pb_column type=&#8221;1_4&#8243; _builder_version=&#8221;4.16&#8243; global_colors_info=&#8221;{}&#8221;][et_pb_button button_url=&#8221;mailto:info.it@eim.com&#8221; button_text=&#8221;SCRIVI&#8221; button_alignment=&#8221;center&#8221; _builder_version=&#8221;4.25.2&#8243; background_layout=&#8221;dark&#8221; global_colors_info=&#8221;{}&#8221;][\/et_pb_button][\/et_pb_column][et_pb_column type=&#8221;1_4&#8243; _builder_version=&#8221;4.16&#8243; global_colors_info=&#8221;{}&#8221;][\/et_pb_column][\/et_pb_row][\/et_pb_section]<\/p>\n","protected":false},"excerpt":{"rendered":"<p>Siamo lieti di annunciare che Riccardo Trichilo si \u00e8 unito alla Community di EIM Italia in qualit\u00e0 di Senior Advisor.<\/p>\n","protected":false},"author":2,"featured_media":18863,"comment_status":"closed","ping_status":"closed","sticky":false,"template":"","format":"video","meta":{"_et_pb_use_builder":"on","_et_pb_old_content":"<p>\n\nPietro Butt\u00e9 | Client Partner di EIM in Italia\n\n\u00c8 con grande piacere che vi annunciamo che Pietro Butt\u00e9 entra a fare parte della squadra di EIM con il ruolo di Client Partner al fianco di Michele Bruno, Gabriele Galeani, Vincenzo Natile e Guido Tarizzo. \n\nPietro ha sviluppato una significativa esperienza internazionale in Europa, Stati Uniti e America Latina, lavorando per il vertice di aziende leader dei beni durevoli, beni di consumo e servizi B2B. Pietro ha lavorato in management consulting, per Accenture, Value Partners e GEA, conducendo progetti di turnaround, sviluppo internazionale, di efficienza operativa e di trasformazione digitale. Ha inoltre ricoperto ruoli di direzione in Johnson&amp;Johnson e in Manpower. Pietro ha conseguito un MBA in SDA Bocconi ed una laurea in Economia Aziendale in Universit\u00e0 Bocconi.\nIn EIM, Pietro consolider\u00e0 il proprio supporto ai clienti nella realizzazione di strategie di crescita e di programmi di miglioramento della performance aziendale.\n\nEIM, azienda leader e inventore dell\u2019Interim Management, opera in Italia da 30 anni ed \u00e8 attiva con 21 uffici in 15 paesi. Facendo leva su un vasto network di professionisti indipendenti, EIM \u00e8 in grado di proporre soluzioni realmente risolutive che permettono ai propri clienti di portare a termine con successo iniziative e progetti di importanza strategica attraverso l\u2019introduzione in azienda di competenze manageriali quando la rapidit\u00e0 di risposta e la qualit\u00e0 delle persone fanno la differenza.\n\nPer ulteriori informazioni vi invitiamo a contattare:\ninfo.it@eim.com\nTel.: +39 02 29006626\n<\/p>\n\n<!-- wp:paragraph -->\n<p><\/p>\n<!-- \/wp:paragraph -->","_et_gb_content_width":"","footnotes":""},"categories":[581],"tags":[],"class_list":["post-18800","post","type-post","status-publish","format-video","has-post-thumbnail","hentry","category-news","post_format-post-format-video"],"yoast_head":"<!-- This site is optimized with the Yoast SEO Premium plugin v27.0 (Yoast SEO v27.4) - https:\/\/yoast.com\/product\/yoast-seo-premium-wordpress\/ -->\n<title>Riccardo Trichilo si unisce ad EIM Italia in qualit\u00e0 di Senior Advisor<\/title>\n<meta name=\"description\" content=\"Siamo lieti di annunciare che Riccardo Trichilo si \u00e8 unito alla Community di EIM Italia in qualit\u00e0 di Senior Advisor.\" \/>\n<meta name=\"robots\" content=\"index, follow, max-snippet:-1, max-image-preview:large, max-video-preview:-1\" \/>\n<link rel=\"canonical\" href=\"https:\/\/www.eim.com\/it\/news\/riccardo-trichilo-senior-industry-advisor\/\" \/>\n<meta property=\"og:locale\" content=\"it_IT\" \/>\n<meta property=\"og:type\" content=\"article\" \/>\n<meta property=\"og:title\" content=\"Riccardo Trichilo si unisce ad EIM Italia in qualit\u00e0 di Senior Advisor\" \/>\n<meta property=\"og:description\" content=\"Siamo lieti di annunciare che Riccardo Trichilo si \u00e8 unito alla Community di EIM Italia in qualit\u00e0 di Senior Advisor.\" \/>\n<meta property=\"og:url\" content=\"https:\/\/www.eim.com\/it\/news\/riccardo-trichilo-senior-industry-advisor\/\" \/>\n<meta property=\"og:site_name\" content=\"EIM Italia\" \/>\n<meta property=\"article:published_time\" content=\"2024-11-12T14:59:59+00:00\" \/>\n<meta property=\"article:modified_time\" content=\"2025-02-26T16:51:40+00:00\" \/>\n<meta property=\"og:image\" content=\"https:\/\/www.eim.com\/it\/wp-content\/uploads\/sites\/5\/2024\/11\/press-release-trichilo-1.jpg\" \/>\n\t<meta property=\"og:image:width\" content=\"900\" \/>\n\t<meta property=\"og:image:height\" content=\"504\" \/>\n\t<meta property=\"og:image:type\" content=\"image\/jpeg\" \/>\n<meta name=\"author\" content=\"eimworld\" \/>\n<meta name=\"twitter:card\" content=\"summary_large_image\" \/>\n<meta name=\"twitter:label1\" content=\"Scritto da\" \/>\n\t<meta name=\"twitter:data1\" content=\"eimworld\" \/>\n\t<meta name=\"twitter:label2\" content=\"Tempo di lettura stimato\" \/>\n\t<meta name=\"twitter:data2\" content=\"3 minuti\" \/>\n<script type=\"application\/ld+json\" class=\"yoast-schema-graph\">{\"@context\":\"https:\\\/\\\/schema.org\",\"@graph\":[{\"@type\":\"Article\",\"@id\":\"https:\\\/\\\/www.eim.com\\\/it\\\/news\\\/riccardo-trichilo-senior-industry-advisor\\\/#article\",\"isPartOf\":{\"@id\":\"https:\\\/\\\/www.eim.com\\\/it\\\/news\\\/riccardo-trichilo-senior-industry-advisor\\\/\"},\"author\":{\"name\":\"eimworld\",\"@id\":\"https:\\\/\\\/www.eim.com\\\/it\\\/#\\\/schema\\\/person\\\/82c5e4b03b7af649944ed10552319b91\"},\"headline\":\"Riccardo Trichilo si unisce ad EIM Italia in qualit\u00e0 di Senior Advisor\",\"datePublished\":\"2024-11-12T14:59:59+00:00\",\"dateModified\":\"2025-02-26T16:51:40+00:00\",\"mainEntityOfPage\":{\"@id\":\"https:\\\/\\\/www.eim.com\\\/it\\\/news\\\/riccardo-trichilo-senior-industry-advisor\\\/\"},\"wordCount\":1843,\"publisher\":{\"@id\":\"https:\\\/\\\/www.eim.com\\\/it\\\/#organization\"},\"image\":{\"@id\":\"https:\\\/\\\/www.eim.com\\\/it\\\/news\\\/riccardo-trichilo-senior-industry-advisor\\\/#primaryimage\"},\"thumbnailUrl\":\"https:\\\/\\\/www.eim.com\\\/it\\\/wp-content\\\/uploads\\\/sites\\\/5\\\/2024\\\/11\\\/press-release-trichilo-1.jpg\",\"articleSection\":[\"News\"],\"inLanguage\":\"it-IT\"},{\"@type\":\"WebPage\",\"@id\":\"https:\\\/\\\/www.eim.com\\\/it\\\/news\\\/riccardo-trichilo-senior-industry-advisor\\\/\",\"url\":\"https:\\\/\\\/www.eim.com\\\/it\\\/news\\\/riccardo-trichilo-senior-industry-advisor\\\/\",\"name\":\"Riccardo Trichilo si unisce ad EIM Italia in qualit\u00e0 di Senior Advisor\",\"isPartOf\":{\"@id\":\"https:\\\/\\\/www.eim.com\\\/it\\\/#website\"},\"primaryImageOfPage\":{\"@id\":\"https:\\\/\\\/www.eim.com\\\/it\\\/news\\\/riccardo-trichilo-senior-industry-advisor\\\/#primaryimage\"},\"image\":{\"@id\":\"https:\\\/\\\/www.eim.com\\\/it\\\/news\\\/riccardo-trichilo-senior-industry-advisor\\\/#primaryimage\"},\"thumbnailUrl\":\"https:\\\/\\\/www.eim.com\\\/it\\\/wp-content\\\/uploads\\\/sites\\\/5\\\/2024\\\/11\\\/press-release-trichilo-1.jpg\",\"datePublished\":\"2024-11-12T14:59:59+00:00\",\"dateModified\":\"2025-02-26T16:51:40+00:00\",\"description\":\"Siamo lieti di annunciare che Riccardo Trichilo si \u00e8 unito alla Community di EIM Italia in qualit\u00e0 di Senior Advisor.\",\"breadcrumb\":{\"@id\":\"https:\\\/\\\/www.eim.com\\\/it\\\/news\\\/riccardo-trichilo-senior-industry-advisor\\\/#breadcrumb\"},\"inLanguage\":\"it-IT\",\"potentialAction\":[{\"@type\":\"ReadAction\",\"target\":[\"https:\\\/\\\/www.eim.com\\\/it\\\/news\\\/riccardo-trichilo-senior-industry-advisor\\\/\"]}]},{\"@type\":\"ImageObject\",\"inLanguage\":\"it-IT\",\"@id\":\"https:\\\/\\\/www.eim.com\\\/it\\\/news\\\/riccardo-trichilo-senior-industry-advisor\\\/#primaryimage\",\"url\":\"https:\\\/\\\/www.eim.com\\\/it\\\/wp-content\\\/uploads\\\/sites\\\/5\\\/2024\\\/11\\\/press-release-trichilo-1.jpg\",\"contentUrl\":\"https:\\\/\\\/www.eim.com\\\/it\\\/wp-content\\\/uploads\\\/sites\\\/5\\\/2024\\\/11\\\/press-release-trichilo-1.jpg\",\"width\":900,\"height\":504},{\"@type\":\"BreadcrumbList\",\"@id\":\"https:\\\/\\\/www.eim.com\\\/it\\\/news\\\/riccardo-trichilo-senior-industry-advisor\\\/#breadcrumb\",\"itemListElement\":[{\"@type\":\"ListItem\",\"position\":1,\"name\":\"Home\",\"item\":\"https:\\\/\\\/www.eim.com\\\/it\\\/\"},{\"@type\":\"ListItem\",\"position\":2,\"name\":\"Riccardo Trichilo si unisce ad EIM Italia in qualit\u00e0 di Senior Advisor\"}]},{\"@type\":\"WebSite\",\"@id\":\"https:\\\/\\\/www.eim.com\\\/it\\\/#website\",\"url\":\"https:\\\/\\\/www.eim.com\\\/it\\\/\",\"name\":\"EIM Italia\",\"description\":\"Siamo gli inventori dell&#039;Executive Interim Management\",\"publisher\":{\"@id\":\"https:\\\/\\\/www.eim.com\\\/it\\\/#organization\"},\"potentialAction\":[{\"@type\":\"SearchAction\",\"target\":{\"@type\":\"EntryPoint\",\"urlTemplate\":\"https:\\\/\\\/www.eim.com\\\/it\\\/?s={search_term_string}\"},\"query-input\":{\"@type\":\"PropertyValueSpecification\",\"valueRequired\":true,\"valueName\":\"search_term_string\"}}],\"inLanguage\":\"it-IT\"},{\"@type\":\"Organization\",\"@id\":\"https:\\\/\\\/www.eim.com\\\/it\\\/#organization\",\"name\":\"EIM\",\"url\":\"https:\\\/\\\/www.eim.com\\\/it\\\/\",\"logo\":{\"@type\":\"ImageObject\",\"inLanguage\":\"it-IT\",\"@id\":\"https:\\\/\\\/www.eim.com\\\/it\\\/#\\\/schema\\\/logo\\\/image\\\/\",\"url\":\"https:\\\/\\\/www.eim.com\\\/it\\\/wp-content\\\/uploads\\\/sites\\\/5\\\/2022\\\/02\\\/logo-eim-favicon2022.png\",\"contentUrl\":\"https:\\\/\\\/www.eim.com\\\/it\\\/wp-content\\\/uploads\\\/sites\\\/5\\\/2022\\\/02\\\/logo-eim-favicon2022.png\",\"width\":427,\"height\":427,\"caption\":\"EIM\"},\"image\":{\"@id\":\"https:\\\/\\\/www.eim.com\\\/it\\\/#\\\/schema\\\/logo\\\/image\\\/\"}},{\"@type\":\"Person\",\"@id\":\"https:\\\/\\\/www.eim.com\\\/it\\\/#\\\/schema\\\/person\\\/82c5e4b03b7af649944ed10552319b91\",\"name\":\"eimworld\",\"image\":{\"@type\":\"ImageObject\",\"inLanguage\":\"it-IT\",\"@id\":\"https:\\\/\\\/secure.gravatar.com\\\/avatar\\\/06dc2838cb0c066488cdb4b104beba474e6305a2d11cbb1fb7353f876daae9f3?s=96&d=mm&r=g\",\"url\":\"https:\\\/\\\/secure.gravatar.com\\\/avatar\\\/06dc2838cb0c066488cdb4b104beba474e6305a2d11cbb1fb7353f876daae9f3?s=96&d=mm&r=g\",\"contentUrl\":\"https:\\\/\\\/secure.gravatar.com\\\/avatar\\\/06dc2838cb0c066488cdb4b104beba474e6305a2d11cbb1fb7353f876daae9f3?s=96&d=mm&r=g\",\"caption\":\"eimworld\"},\"sameAs\":[\"https:\\\/\\\/eimworld.wpengine.com\"]}]}<\/script>\n<!-- \/ Yoast SEO Premium plugin. -->","yoast_head_json":{"title":"Riccardo Trichilo si unisce ad EIM Italia in qualit\u00e0 di Senior Advisor","description":"Siamo lieti di annunciare che Riccardo Trichilo si \u00e8 unito alla Community di EIM Italia in qualit\u00e0 di Senior Advisor.","robots":{"index":"index","follow":"follow","max-snippet":"max-snippet:-1","max-image-preview":"max-image-preview:large","max-video-preview":"max-video-preview:-1"},"canonical":"https:\/\/www.eim.com\/it\/news\/riccardo-trichilo-senior-industry-advisor\/","og_locale":"it_IT","og_type":"article","og_title":"Riccardo Trichilo si unisce ad EIM Italia in qualit\u00e0 di Senior Advisor","og_description":"Siamo lieti di annunciare che Riccardo Trichilo si \u00e8 unito alla Community di EIM Italia in qualit\u00e0 di Senior Advisor.","og_url":"https:\/\/www.eim.com\/it\/news\/riccardo-trichilo-senior-industry-advisor\/","og_site_name":"EIM Italia","article_published_time":"2024-11-12T14:59:59+00:00","article_modified_time":"2025-02-26T16:51:40+00:00","og_image":[{"width":900,"height":504,"url":"https:\/\/www.eim.com\/it\/wp-content\/uploads\/sites\/5\/2024\/11\/press-release-trichilo-1.jpg","type":"image\/jpeg"}],"author":"eimworld","twitter_card":"summary_large_image","twitter_misc":{"Scritto da":"eimworld","Tempo di lettura stimato":"3 minuti"},"schema":{"@context":"https:\/\/schema.org","@graph":[{"@type":"Article","@id":"https:\/\/www.eim.com\/it\/news\/riccardo-trichilo-senior-industry-advisor\/#article","isPartOf":{"@id":"https:\/\/www.eim.com\/it\/news\/riccardo-trichilo-senior-industry-advisor\/"},"author":{"name":"eimworld","@id":"https:\/\/www.eim.com\/it\/#\/schema\/person\/82c5e4b03b7af649944ed10552319b91"},"headline":"Riccardo Trichilo si unisce ad EIM Italia in qualit\u00e0 di Senior Advisor","datePublished":"2024-11-12T14:59:59+00:00","dateModified":"2025-02-26T16:51:40+00:00","mainEntityOfPage":{"@id":"https:\/\/www.eim.com\/it\/news\/riccardo-trichilo-senior-industry-advisor\/"},"wordCount":1843,"publisher":{"@id":"https:\/\/www.eim.com\/it\/#organization"},"image":{"@id":"https:\/\/www.eim.com\/it\/news\/riccardo-trichilo-senior-industry-advisor\/#primaryimage"},"thumbnailUrl":"https:\/\/www.eim.com\/it\/wp-content\/uploads\/sites\/5\/2024\/11\/press-release-trichilo-1.jpg","articleSection":["News"],"inLanguage":"it-IT"},{"@type":"WebPage","@id":"https:\/\/www.eim.com\/it\/news\/riccardo-trichilo-senior-industry-advisor\/","url":"https:\/\/www.eim.com\/it\/news\/riccardo-trichilo-senior-industry-advisor\/","name":"Riccardo Trichilo si unisce ad EIM Italia in qualit\u00e0 di Senior Advisor","isPartOf":{"@id":"https:\/\/www.eim.com\/it\/#website"},"primaryImageOfPage":{"@id":"https:\/\/www.eim.com\/it\/news\/riccardo-trichilo-senior-industry-advisor\/#primaryimage"},"image":{"@id":"https:\/\/www.eim.com\/it\/news\/riccardo-trichilo-senior-industry-advisor\/#primaryimage"},"thumbnailUrl":"https:\/\/www.eim.com\/it\/wp-content\/uploads\/sites\/5\/2024\/11\/press-release-trichilo-1.jpg","datePublished":"2024-11-12T14:59:59+00:00","dateModified":"2025-02-26T16:51:40+00:00","description":"Siamo lieti di annunciare che Riccardo Trichilo si \u00e8 unito alla Community di EIM Italia in qualit\u00e0 di Senior Advisor.","breadcrumb":{"@id":"https:\/\/www.eim.com\/it\/news\/riccardo-trichilo-senior-industry-advisor\/#breadcrumb"},"inLanguage":"it-IT","potentialAction":[{"@type":"ReadAction","target":["https:\/\/www.eim.com\/it\/news\/riccardo-trichilo-senior-industry-advisor\/"]}]},{"@type":"ImageObject","inLanguage":"it-IT","@id":"https:\/\/www.eim.com\/it\/news\/riccardo-trichilo-senior-industry-advisor\/#primaryimage","url":"https:\/\/www.eim.com\/it\/wp-content\/uploads\/sites\/5\/2024\/11\/press-release-trichilo-1.jpg","contentUrl":"https:\/\/www.eim.com\/it\/wp-content\/uploads\/sites\/5\/2024\/11\/press-release-trichilo-1.jpg","width":900,"height":504},{"@type":"BreadcrumbList","@id":"https:\/\/www.eim.com\/it\/news\/riccardo-trichilo-senior-industry-advisor\/#breadcrumb","itemListElement":[{"@type":"ListItem","position":1,"name":"Home","item":"https:\/\/www.eim.com\/it\/"},{"@type":"ListItem","position":2,"name":"Riccardo Trichilo si unisce ad EIM Italia in qualit\u00e0 di Senior Advisor"}]},{"@type":"WebSite","@id":"https:\/\/www.eim.com\/it\/#website","url":"https:\/\/www.eim.com\/it\/","name":"EIM Italia","description":"Siamo gli inventori dell&#039;Executive Interim Management","publisher":{"@id":"https:\/\/www.eim.com\/it\/#organization"},"potentialAction":[{"@type":"SearchAction","target":{"@type":"EntryPoint","urlTemplate":"https:\/\/www.eim.com\/it\/?s={search_term_string}"},"query-input":{"@type":"PropertyValueSpecification","valueRequired":true,"valueName":"search_term_string"}}],"inLanguage":"it-IT"},{"@type":"Organization","@id":"https:\/\/www.eim.com\/it\/#organization","name":"EIM","url":"https:\/\/www.eim.com\/it\/","logo":{"@type":"ImageObject","inLanguage":"it-IT","@id":"https:\/\/www.eim.com\/it\/#\/schema\/logo\/image\/","url":"https:\/\/www.eim.com\/it\/wp-content\/uploads\/sites\/5\/2022\/02\/logo-eim-favicon2022.png","contentUrl":"https:\/\/www.eim.com\/it\/wp-content\/uploads\/sites\/5\/2022\/02\/logo-eim-favicon2022.png","width":427,"height":427,"caption":"EIM"},"image":{"@id":"https:\/\/www.eim.com\/it\/#\/schema\/logo\/image\/"}},{"@type":"Person","@id":"https:\/\/www.eim.com\/it\/#\/schema\/person\/82c5e4b03b7af649944ed10552319b91","name":"eimworld","image":{"@type":"ImageObject","inLanguage":"it-IT","@id":"https:\/\/secure.gravatar.com\/avatar\/06dc2838cb0c066488cdb4b104beba474e6305a2d11cbb1fb7353f876daae9f3?s=96&d=mm&r=g","url":"https:\/\/secure.gravatar.com\/avatar\/06dc2838cb0c066488cdb4b104beba474e6305a2d11cbb1fb7353f876daae9f3?s=96&d=mm&r=g","contentUrl":"https:\/\/secure.gravatar.com\/avatar\/06dc2838cb0c066488cdb4b104beba474e6305a2d11cbb1fb7353f876daae9f3?s=96&d=mm&r=g","caption":"eimworld"},"sameAs":["https:\/\/eimworld.wpengine.com"]}]}},"_links":{"self":[{"href":"https:\/\/www.eim.com\/it\/wp-json\/wp\/v2\/posts\/18800","targetHints":{"allow":["GET"]}}],"collection":[{"href":"https:\/\/www.eim.com\/it\/wp-json\/wp\/v2\/posts"}],"about":[{"href":"https:\/\/www.eim.com\/it\/wp-json\/wp\/v2\/types\/post"}],"author":[{"embeddable":true,"href":"https:\/\/www.eim.com\/it\/wp-json\/wp\/v2\/users\/2"}],"replies":[{"embeddable":true,"href":"https:\/\/www.eim.com\/it\/wp-json\/wp\/v2\/comments?post=18800"}],"version-history":[{"count":0,"href":"https:\/\/www.eim.com\/it\/wp-json\/wp\/v2\/posts\/18800\/revisions"}],"wp:featuredmedia":[{"embeddable":true,"href":"https:\/\/www.eim.com\/it\/wp-json\/wp\/v2\/media\/18863"}],"wp:attachment":[{"href":"https:\/\/www.eim.com\/it\/wp-json\/wp\/v2\/media?parent=18800"}],"wp:term":[{"taxonomy":"category","embeddable":true,"href":"https:\/\/www.eim.com\/it\/wp-json\/wp\/v2\/categories?post=18800"},{"taxonomy":"post_tag","embeddable":true,"href":"https:\/\/www.eim.com\/it\/wp-json\/wp\/v2\/tags?post=18800"}],"curies":[{"name":"wp","href":"https:\/\/api.w.org\/{rel}","templated":true}]}}