{"id":18546,"date":"2024-12-12T08:00:00","date_gmt":"2024-12-12T07:00:00","guid":{"rendered":"https:\/\/www.eim.com\/it\/?p=18546"},"modified":"2025-02-13T16:44:04","modified_gmt":"2025-02-13T15:44:04","slug":"passaggio-generazionale","status":"publish","type":"post","link":"https:\/\/www.eim.com\/it\/crescita-aziendale\/passaggio-generazionale\/","title":{"rendered":"Crescere anche grazie al passaggio generazionale"},"content":{"rendered":"<p>[et_pb_section fb_built=&#8221;1&#8243; custom_padding_last_edited=&#8221;on|phone&#8221; admin_label=&#8221;Hero Section&#8221; _builder_version=&#8221;4.27.0&#8243; background_enable_color=&#8221;off&#8221; use_background_color_gradient=&#8221;on&#8221; background_color_gradient_direction=&#8221;174deg&#8221; background_color_gradient_stops=&#8221;rgba(0,0,0,0.51) 87%|rgba(0,0,0,0.51) 87%&#8221; background_color_gradient_overlays_image=&#8221;on&#8221; background_color_gradient_start=&#8221;rgba(0,0,0,0.51)&#8221; background_color_gradient_start_position=&#8221;87%&#8221; background_color_gradient_end=&#8221;rgba(0,0,0,0.51)&#8221; background_color_gradient_end_position=&#8221;29%&#8221; background_image=&#8221;https:\/\/www.eim.com\/it\/wp-content\/uploads\/sites\/5\/2024\/09\/header-podcast-guido-tarizzo.webp&#8221; background_position=&#8221;top_left&#8221; min_height_tablet=&#8221;&#8221; min_height_phone=&#8221;600px&#8221; min_height_last_edited=&#8221;on|phone&#8221; height=&#8221;700px&#8221; height_tablet=&#8221;580px&#8221; height_phone=&#8221;auto&#8221; height_last_edited=&#8221;on|desktop&#8221; custom_padding=&#8221;2%||0%||false|false&#8221; custom_padding_tablet=&#8221;2%||0%||false|false&#8221; custom_padding_phone=&#8221;0%||0%||false|false&#8221; bottom_divider_style=&#8221;slant&#8221; bottom_divider_color=&#8221;#ffffff&#8221; bottom_divider_height=&#8221;150px&#8221; bottom_divider_flip=&#8221;horizontal&#8221; bottom_divider_height_tablet=&#8221;120px&#8221; bottom_divider_height_phone=&#8221;120px&#8221; bottom_divider_height_last_edited=&#8221;on|phone&#8221; background_color_tablet=&#8221;#002c3e&#8221; background_color_phone=&#8221;#002c3e&#8221; background_last_edited=&#8221;on|desktop&#8221; background_enable_color_tablet=&#8221;on&#8221; background_enable_color_phone=&#8221;on&#8221; background_enable_image_tablet=&#8221;off&#8221; background_position_phone=&#8221;center_right&#8221; background_horizontal_offset_phone=&#8221;33%&#8221; locked=&#8221;off&#8221; global_colors_info=&#8221;{}&#8221; background_color_gradient_direction__hover=&#8221;180deg&#8221; background_color_gradient_direction__hover_enabled=&#8221;180deg&#8221; background_color_gradient_start_position__hover=&#8221;0%&#8221; background_color_gradient_start_position__hover_enabled=&#8221;0%&#8221; background_color_gradient_end_position__hover=&#8221;100%&#8221; background_color_gradient_end_position__hover_enabled=&#8221;100%&#8221; background_color_gradient_stops__hover=&#8221;rgba(0,0,0,0.51) 0%|rgba(0,0,0,0.51) 100%&#8221;][et_pb_row custom_padding_last_edited=&#8221;on|desktop&#8221; _builder_version=&#8221;4.24.0&#8243; custom_margin=&#8221;||||false|false&#8221; custom_margin_tablet=&#8221;&#8221; custom_margin_phone=&#8221;0%||||false|false&#8221; custom_margin_last_edited=&#8221;on|phone&#8221; custom_padding=&#8221;4%||||false|false&#8221; custom_padding_tablet=&#8221;7%||||false|false&#8221; custom_padding_phone=&#8221;15%||||false|false&#8221; global_colors_info=&#8221;{}&#8221;][et_pb_column type=&#8221;4_4&#8243; _builder_version=&#8221;4.16&#8243; global_colors_info=&#8221;{}&#8221;][et_pb_text content_tablet=&#8221;<\/p>\n<h1><b>La corporate governance: perch\u00e9 serve un board competitivo<\/b><\/h1>\n<p>&#8221; content_phone=&#8221;<\/p>\n<h1><b>La corporate governance: perch\u00e9 serve un board competitivo<\/b><\/h1>\n<p>&#8221; content_last_edited=&#8221;off|desktop&#8221; admin_label=&#8221;Hero Section Title&#8221; _builder_version=&#8221;4.27.0&#8243; text_font=&#8221;Montserrat|800|||||||&#8221; text_font_size=&#8221;18px&#8221; text_line_height=&#8221;1.3em&#8221; header_font=&#8221;Montserrat|700|||||||&#8221; header_font_size=&#8221;56px&#8221; header_letter_spacing=&#8221;3px&#8221; header_line_height=&#8221;1.1em&#8221; header_2_font=&#8221;Montserrat|700|||||||&#8221; header_2_text_color=&#8221;rgba(255,255,255,0.6)&#8221; header_2_font_size=&#8221;90px&#8221; header_2_letter_spacing=&#8221;3px&#8221; header_2_line_height=&#8221;1.1em&#8221; text_orientation=&#8221;center&#8221; background_layout=&#8221;dark&#8221; max_width=&#8221;900px&#8221; module_alignment=&#8221;center&#8221; custom_margin=&#8221;0px||0px||false|false&#8221; custom_padding=&#8221;0px||||false|false&#8221; animation_style=&#8221;fade&#8221; animation_direction=&#8221;bottom&#8221; animation_duration=&#8221;1350ms&#8221; header_font_size_tablet=&#8221;50px&#8221; header_font_size_phone=&#8221;25px&#8221; header_font_size_last_edited=&#8221;on|phone&#8221; header_2_font_size_tablet=&#8221;&#8221; header_2_font_size_phone=&#8221;50px&#8221; header_2_font_size_last_edited=&#8221;on|phone&#8221; text_text_shadow_style=&#8221;preset1&#8243; text_text_shadow_horizontal_length=&#8221;0.28em&#8221; locked=&#8221;off&#8221; inline_fonts=&#8221;Prata,Montserrat&#8221; global_colors_info=&#8221;{}&#8221;]<\/p>\n<h1 style=\"font-size: 50px;\">Crescere anche grazie al passaggio generazionale<\/h1>\n<p>[\/et_pb_text][\/et_pb_column][\/et_pb_row][\/et_pb_section][et_pb_section fb_built=&#8221;1&#8243; custom_padding_last_edited=&#8221;on|tablet&#8221; disabled_on=&#8221;off|off|off&#8221; _builder_version=&#8221;4.27.0&#8243; background_color=&#8221;#ffffff&#8221; custom_margin=&#8221;||||false|false&#8221; custom_padding=&#8221;10px||10%||false|false&#8221; custom_padding_tablet=&#8221;10px||12%||false|false&#8221; custom_padding_phone=&#8221;||30%||false|false&#8221; top_divider_color=&#8221;#ffffff&#8221; top_divider_style_last_edited=&#8221;off|desktop&#8221; bottom_divider_style=&#8221;slant&#8221; bottom_divider_color=&#8221;#002c3f&#8221; locked=&#8221;off&#8221; global_colors_info=&#8221;{}&#8221;][et_pb_row custom_padding_last_edited=&#8221;off|phone&#8221; admin_label=&#8221;Title Area&#8221; _builder_version=&#8221;4.16&#8243; background_color=&#8221;rgba(0,0,0,0)&#8221; width=&#8221;100%&#8221; module_alignment=&#8221;center&#8221; custom_margin=&#8221;||0px||false|false&#8221; custom_padding=&#8221;|0px|0px|0px|false|false&#8221; custom_padding_tablet=&#8221;3%|0px|0.2%|0px|false|false&#8221; custom_padding_phone=&#8221;8%||||false|false&#8221; locked=&#8221;off&#8221; global_colors_info=&#8221;{}&#8221;][et_pb_column type=&#8221;4_4&#8243; _builder_version=&#8221;4.16&#8243; custom_padding=&#8221;|||&#8221; global_colors_info=&#8221;{}&#8221; custom_padding__hover=&#8221;|||&#8221;][et_pb_text _builder_version=&#8221;4.27.0&#8243; text_font_size=&#8221;16px&#8221; max_width=&#8221;90%&#8221; module_alignment=&#8221;center&#8221; custom_margin=&#8221;||||false|false&#8221; custom_margin_tablet=&#8221;||||false|false&#8221; custom_margin_phone=&#8221;||||false|false&#8221; custom_margin_last_edited=&#8221;on|desktop&#8221; custom_padding=&#8221;||||false|false&#8221; global_colors_info=&#8221;{}&#8221;]<\/p>\n<p style=\"text-align: justify;\"><strong>Introduzione all&#8217;episodio a cura di Guido Tarizzo, <span>Partner e Founder di EIM Italia<\/span><\/strong><\/p>\n<p style=\"text-align: justify;\">\n<p style=\"text-align: justify;\">\n<p style=\"text-align: justify;\">In questa ultima intervista Michele Bruno\u00a0 &#8211; Managing Partner di EIM Group &#8211; e Alberto Gennarini &#8211;\u00a0 Founder e Managing Partner di Vitale &amp; Co. e Senior Advisor di EIM Italia &#8211; concludono le riflessioni e i suggerimenti sulla crescita dialogando sul tema del passaggio generazionale.<\/p>\n<p style=\"text-align: justify;\">Nel panorama delle aziende italiane, che come sappiamo presenta una grande componente di aziende imprenditoriali\/famigliari in molti casi di medie dimensioni, non \u00e8 raro vedere imprenditori ultra settantenni o ultra ottantenni ancora al comando.<\/p>\n<p style=\"text-align: justify;\">In queste situazioni, del passaggio generazionale si parla \u201cda ieri\u201d e rappresenta \u2013 tipicamente UN se non IL problema. In realt\u00e0, se ne doveva iniziare a parlare 20 o 30 anni prima e bisognava pianificarlo e avviarlo a quel tempo, tenendo in considerazione alcuni punti fermi:<\/p>\n<ul style=\"text-align: justify;\">\n<li>l\u2019esperienza dell\u2019imprenditore di prima generazione, o di seconda o di terza ma che comunque ha passato gli ultimi 50 o pi\u00f9 anni in azienda, \u00e8 del tutto irripetibile ed \u00e8 assolutamente inutile anzi dannoso cercare qualcuno <strong>come lui<\/strong> (o lei) che lo sostituisca;<\/li>\n<li>il trasferimento al management team delle competenze e dei poteri prima appannaggio dell\u2019imprenditore \u2013 la cosiddetta managerializzazione \u2013 \u00e8 un processo pluriennale lungo e complesso che parte dalla formalizzazione della strategia. Ci\u00f2 che prima derivava dall\u2019intuito e dalle conoscenze dell\u2019imprenditore va sostituito con un processo strutturato i cui protagonisti diventano il Board e il management team, supportati dall\u2019organizzazione e dagli strumenti del controllo di gestione e dell\u2019ICT;<\/li>\n<li>bisogna darsi una data di scadenza: deve essere chiaro a tutti gli attori del processo che a partire da quella data l\u2019imprenditore non sar\u00e0 pi\u00f9 presente in azienda. Dal momento della definizione di questa data \u2013 lo ripetiamo, 20\/30 anni in anticipo \u2013 va definito e gestito un percorso che porti l\u2019azienda a crescere anche grazie e attraverso la managerializzazione e il ricambio generazionale.<\/li>\n<\/ul>\n<p style=\"text-align: justify;\">In questo percorso si pu\u00f2 ricorrere a diversi strumenti ormai ampiamente accessibili e sperimentati:<\/p>\n<ul style=\"text-align: justify;\">\n<li>farsi aiutare da persone affidabili e competenti, che aderiscano al progetto e prefigurino una gestione che preservi l\u2019ethos dell\u2019imprenditore ma che utilizzi strumenti e metodi diversi;<\/li>\n<li>farsi accompagnare da un fondo in qualit\u00e0 di investitore (anche di minoranza) in modo da far evolvere la Governance e strutturare la gestione.<\/li>\n<\/ul>\n<p style=\"text-align: justify;\">Come osserva Alberto Gennarini, tradizionalmente nelle aziende famigliari era quasi obbligatorio che fossero i figli a succedere all\u2019imprenditore, con conseguenze spesso negative. Oggi per fortuna non \u00e8 pi\u00f9 cos\u00ec e merito e competenza \u2013 maturate con significative esperienze all\u2019estero e in realt\u00e0 diverse dall\u2019azienda di famiglia \u2013 sono diventati i criteri di scelta per la successione all\u2019interno della famiglia. Ci\u00f2 non toglie che anche in presenza di eredi capaci, i suggerimenti che ascolterete in questa intervista sono alla base di una transizione generazionale di successo.<\/p>\n<p>[\/et_pb_text][\/et_pb_column][\/et_pb_row][et_pb_row column_structure=&#8221;1_2,1_2&#8243; admin_label=&#8221;Title Area&#8221; _builder_version=&#8221;4.24.2&#8243; background_color=&#8221;rgba(0,0,0,0)&#8221; width=&#8221;90%&#8221; module_alignment=&#8221;center&#8221; custom_margin=&#8221;||||false|false&#8221; custom_padding=&#8221;||||false|false&#8221; locked=&#8221;off&#8221; global_colors_info=&#8221;{}&#8221;][et_pb_column type=&#8221;1_2&#8243; _builder_version=&#8221;4.27.0&#8243; _module_preset=&#8221;default&#8221; global_colors_info=&#8221;{}&#8221;][et_pb_image src=&#8221;https:\/\/www.eim.com\/it\/wp-content\/uploads\/sites\/5\/2024\/12\/ITA_passaggio-generazionale-podcast.jpg&#8221; title_text=&#8221;ITA_passaggio-generazionale-podcast&#8221; url=&#8221;https:\/\/www.eim.com\/it\/podcast-eim-business-breakthrough\/#episodio6&#8243; align=&#8221;center&#8221; _builder_version=&#8221;4.27.3&#8243; _module_preset=&#8221;default&#8221; width=&#8221;80%&#8221; hover_enabled=&#8221;0&#8243; global_colors_info=&#8221;{}&#8221; sticky_enabled=&#8221;0&#8243;][\/et_pb_image][\/et_pb_column][et_pb_column type=&#8221;1_2&#8243; _builder_version=&#8221;4.16&#8243; custom_padding=&#8221;|||&#8221; global_colors_info=&#8221;{}&#8221; custom_padding__hover=&#8221;|||&#8221;][et_pb_text admin_label=&#8221;Title&#8221; _builder_version=&#8221;4.27.0&#8243; text_font_size=&#8221;17px&#8221; text_line_height=&#8221;1.5em&#8221; max_width=&#8221;90%&#8221; module_alignment=&#8221;center&#8221; min_height=&#8221;0px&#8221; custom_margin=&#8221;||||false|false&#8221; custom_margin_tablet=&#8221;||||false|false&#8221; custom_margin_phone=&#8221;||||false|false&#8221; custom_margin_last_edited=&#8221;on|desktop&#8221; custom_padding=&#8221;||||false|false&#8221; animation_direction=&#8221;top&#8221; inline_fonts=&#8221;Prata,Montserrat&#8221; global_colors_info=&#8221;{}&#8221;]<\/p>\n<p style=\"text-align: left;\"><i><span style=\"color: #002c3e; font-family: Montserrat;\">EPISODIO 6<\/span><\/i><\/p>\n<p>[\/et_pb_text][et_pb_text admin_label=&#8221;Title&#8221; _builder_version=&#8221;4.27.0&#8243; text_font_size=&#8221;16px&#8221; max_width=&#8221;90%&#8221; module_alignment=&#8221;center&#8221; custom_margin=&#8221;||||false|false&#8221; custom_margin_tablet=&#8221;||||false|false&#8221; custom_margin_phone=&#8221;||||false|false&#8221; custom_margin_last_edited=&#8221;on|desktop&#8221; custom_padding=&#8221;||||false|false&#8221; animation_direction=&#8221;top&#8221; inline_fonts=&#8221;Prata,Montserrat&#8221; global_colors_info=&#8221;{}&#8221;]<\/p>\n<h2 style=\"text-align: left;\"><span style=\"color: #002c3e; font-family: Montserrat;\">Crescere anche grazie al passaggio generazionale<\/span><\/h2>\n<p>[\/et_pb_text][et_pb_text _builder_version=&#8221;4.27.0&#8243; _module_preset=&#8221;default&#8221; text_font_size=&#8221;17px&#8221; text_line_height=&#8221;1.5em&#8221; max_width=&#8221;90%&#8221; module_alignment=&#8221;center&#8221; custom_margin=&#8221;||||false|false&#8221; custom_margin_tablet=&#8221;||||false|false&#8221; custom_margin_phone=&#8221;||||false|false&#8221; custom_margin_last_edited=&#8221;on|desktop&#8221; custom_padding=&#8221;||||false|false&#8221; global_colors_info=&#8221;{}&#8221;]<\/p>\n<p><span>EIM Italia \u00e8 lieta di presentare \u201cBusiness Breakthrough\u201d, il podcast dedicato all&#8217;approfondimento delle strategie e delle tattiche di management per promuovere la crescita aziendale e aiutare le imprese a segnare una svolta nel business.<\/span><\/p>\n<p>[\/et_pb_text][et_pb_button button_url=&#8221;https:\/\/www.eim.com\/it\/podcast-eim-business-breakthrough\/#episodio6&#8243; button_text=&#8221;GUARDA ORA&#8221; button_alignment=&#8221;left&#8221; disabled_on=&#8221;off|off|off&#8221; _builder_version=&#8221;4.27.3&#8243; _module_preset=&#8221;default&#8221; custom_button=&#8221;on&#8221; button_text_color=&#8221;#052c3e&#8221; background_layout=&#8221;dark&#8221; custom_margin=&#8221;25px|||25px|false|false&#8221; global_colors_info=&#8221;{}&#8221;][\/et_pb_button][\/et_pb_column][\/et_pb_row][\/et_pb_section][et_pb_section fb_built=&#8221;1&#8243; custom_padding_last_edited=&#8221;on|tablet&#8221; disabled_on=&#8221;off|off|off&#8221; _builder_version=&#8221;4.27.0&#8243; background_color=&#8221;#002c3f&#8221; custom_margin=&#8221;||||false|false&#8221; custom_padding=&#8221;10px||0px||false|false&#8221; custom_padding_tablet=&#8221;10px||18%||false|false&#8221; custom_padding_phone=&#8221;10px||0px||false|false&#8221; top_divider_color=&#8221;#ffffff&#8221; top_divider_style_last_edited=&#8221;off|desktop&#8221; bottom_divider_color=&#8221;#e6e6e6&#8243; bottom_divider_flip=&#8221;horizontal&#8221; locked=&#8221;off&#8221; global_colors_info=&#8221;{}&#8221;][et_pb_row custom_padding_last_edited=&#8221;off|phone&#8221; admin_label=&#8221;Title Area&#8221; _builder_version=&#8221;4.16&#8243; background_color=&#8221;rgba(0,0,0,0)&#8221; width=&#8221;100%&#8221; module_alignment=&#8221;center&#8221; custom_margin=&#8221;||0px||false|false&#8221; custom_padding=&#8221;|0px|0px|0px|false|false&#8221; custom_padding_tablet=&#8221;3%|0px|0.2%|0px|false|false&#8221; custom_padding_phone=&#8221;8%||||false|false&#8221; locked=&#8221;off&#8221; global_colors_info=&#8221;{}&#8221;][et_pb_column type=&#8221;4_4&#8243; _builder_version=&#8221;4.16&#8243; custom_padding=&#8221;|||&#8221; global_colors_info=&#8221;{}&#8221; custom_padding__hover=&#8221;|||&#8221;][et_pb_text _builder_version=&#8221;4.27.0&#8243; text_text_color=&#8221;#FFFFFF&#8221; text_font_size=&#8221;16px&#8221; header_2_text_color=&#8221;#FFFFFF&#8221; max_width=&#8221;90%&#8221; module_alignment=&#8221;center&#8221; custom_margin=&#8221;||||false|false&#8221; custom_margin_tablet=&#8221;||||false|false&#8221; custom_margin_phone=&#8221;||||false|false&#8221; custom_margin_last_edited=&#8221;on|desktop&#8221; custom_padding=&#8221;||||false|false&#8221; global_colors_info=&#8221;{}&#8221;]<\/p>\n<h2 style=\"text-align: center;\">Disponibile nelle migliori piattaforme<\/h2>\n<p>[\/et_pb_text][\/et_pb_column][\/et_pb_row][et_pb_row column_structure=&#8221;1_4,1_4,1_4,1_4&#8243; custom_padding_last_edited=&#8221;off|phone&#8221; admin_label=&#8221;Title Area&#8221; _builder_version=&#8221;4.27.0&#8243; background_color=&#8221;rgba(0,0,0,0)&#8221; width=&#8221;100%&#8221; module_alignment=&#8221;center&#8221; custom_margin=&#8221;||0px||false|false&#8221; custom_padding=&#8221;|0px|0px|0px|false|false&#8221; custom_padding_tablet=&#8221;3%|0px|0.2%|0px|false|false&#8221; custom_padding_phone=&#8221;8%||||false|false&#8221; locked=&#8221;off&#8221; global_colors_info=&#8221;{}&#8221;][et_pb_column type=&#8221;1_4&#8243; _builder_version=&#8221;4.16&#8243; custom_padding=&#8221;|||&#8221; global_colors_info=&#8221;{}&#8221; custom_padding__hover=&#8221;|||&#8221;][et_pb_image src=&#8221;https:\/\/www.eim.com\/it\/wp-content\/uploads\/sites\/5\/2024\/09\/ITA_podcast-spotify.png&#8221; title_text=&#8221;ITA_podcast spotify&#8221; url=&#8221;https:\/\/open.spotify.com\/show\/0pFtWcc1wx1bLrhRQniJAF&#8221; align=&#8221;center&#8221; _builder_version=&#8221;4.27.0&#8243; _module_preset=&#8221;default&#8221; max_width=&#8221;200px&#8221; global_colors_info=&#8221;{}&#8221;][\/et_pb_image][\/et_pb_column][et_pb_column type=&#8221;1_4&#8243; _builder_version=&#8221;4.16&#8243; custom_padding=&#8221;|||&#8221; global_colors_info=&#8221;{}&#8221; custom_padding__hover=&#8221;|||&#8221;][et_pb_image src=&#8221;https:\/\/www.eim.com\/it\/wp-content\/uploads\/sites\/5\/2024\/09\/ITA_podcast-apple.png&#8221; title_text=&#8221;ITA_podcast apple&#8221; url=&#8221;https:\/\/podcasts.apple.com\/us\/podcast\/business-breakthrough\/id1770785000&#8243; align=&#8221;center&#8221; _builder_version=&#8221;4.27.0&#8243; _module_preset=&#8221;default&#8221; max_width=&#8221;200px&#8221; global_colors_info=&#8221;{}&#8221;][\/et_pb_image][\/et_pb_column][et_pb_column type=&#8221;1_4&#8243; _builder_version=&#8221;4.27.0&#8243; _module_preset=&#8221;default&#8221; global_colors_info=&#8221;{}&#8221;][et_pb_image src=&#8221;https:\/\/www.eim.com\/it\/wp-content\/uploads\/sites\/5\/2024\/09\/ITA_podcast-amazon.png&#8221; title_text=&#8221;ITA_podcast amazon&#8221; url=&#8221;https:\/\/music.amazon.it\/podcasts\/eff41f4c-6e36-4315-81ad-9853014eb4d3\/business-breakthrough&#8221; align=&#8221;center&#8221; _builder_version=&#8221;4.27.0&#8243; _module_preset=&#8221;default&#8221; max_width=&#8221;200px&#8221; global_colors_info=&#8221;{}&#8221;][\/et_pb_image][\/et_pb_column][et_pb_column type=&#8221;1_4&#8243; _builder_version=&#8221;4.27.0&#8243; _module_preset=&#8221;default&#8221; global_colors_info=&#8221;{}&#8221;][et_pb_image src=&#8221;https:\/\/www.eim.com\/it\/wp-content\/uploads\/sites\/5\/2024\/09\/youtube-podcast.png&#8221; title_text=&#8221;youtube-podcast&#8221; url=&#8221;https:\/\/youtu.be\/4i97Pt0P9QA&#8221; align=&#8221;center&#8221; _builder_version=&#8221;4.27.3&#8243; _module_preset=&#8221;default&#8221; max_width=&#8221;200px&#8221; global_colors_info=&#8221;{}&#8221;][\/et_pb_image][\/et_pb_column][\/et_pb_row][et_pb_row custom_padding_last_edited=&#8221;off|phone&#8221; admin_label=&#8221;Title Area&#8221; _builder_version=&#8221;4.16&#8243; background_color=&#8221;rgba(0,0,0,0)&#8221; width=&#8221;100%&#8221; module_alignment=&#8221;center&#8221; custom_margin=&#8221;||0px||false|false&#8221; custom_padding=&#8221;|0px|0px|0px|false|false&#8221; custom_padding_tablet=&#8221;3%|0px|0.2%|0px|false|false&#8221; custom_padding_phone=&#8221;8%||||false|false&#8221; locked=&#8221;off&#8221; global_colors_info=&#8221;{}&#8221;][et_pb_column type=&#8221;4_4&#8243; _builder_version=&#8221;4.16&#8243; custom_padding=&#8221;|||&#8221; global_colors_info=&#8221;{}&#8221; custom_padding__hover=&#8221;|||&#8221;][et_pb_image src=&#8221;https:\/\/www.eim.com\/it\/wp-content\/uploads\/sites\/5\/2024\/09\/mockup_podcast_EIM-cutted.png&#8221; title_text=&#8221;mockup_podcast_EIM cutted&#8221; align=&#8221;center&#8221; _builder_version=&#8221;4.27.0&#8243; _module_preset=&#8221;default&#8221; width=&#8221;50%&#8221; global_colors_info=&#8221;{}&#8221;][\/et_pb_image][\/et_pb_column][\/et_pb_row][\/et_pb_section]<\/p>\n","protected":false},"excerpt":{"rendered":"<p>Scopri il metodo di selezione che EIM adotta per i board member aziendali. Le parole chiave? Esperienza, diversit\u00e0 e competenze critiche. Scopri di pi\u00f9.<\/p>\n","protected":false},"author":2,"featured_media":19093,"comment_status":"closed","ping_status":"open","sticky":false,"template":"","format":"standard","meta":{"_et_pb_use_builder":"on","_et_pb_old_content":"","_et_gb_content_width":"2880","footnotes":""},"categories":[2193,2142],"tags":[],"class_list":["post-18546","post","type-post","status-publish","format-standard","has-post-thumbnail","hentry","category-carosello","category-crescita-aziendale"],"yoast_head":"<!-- This site is optimized with the Yoast SEO Premium plugin v27.0 (Yoast SEO v27.4) - https:\/\/yoast.com\/product\/yoast-seo-premium-wordpress\/ -->\n<title>Crescere anche grazie al passaggio generazionale - EIM Italia<\/title>\n<meta name=\"description\" content=\"Consigli e best practice su come affrontare il passaggio generazionale nelle imprese familiari per garantire continuit\u00e0 e successo.\" \/>\n<meta name=\"robots\" content=\"index, follow, max-snippet:-1, max-image-preview:large, max-video-preview:-1\" \/>\n<link rel=\"canonical\" href=\"https:\/\/www.eim.com\/it\/crescita-aziendale\/passaggio-generazionale\/\" \/>\n<meta property=\"og:locale\" content=\"it_IT\" \/>\n<meta property=\"og:type\" content=\"article\" \/>\n<meta property=\"og:title\" content=\"Crescere anche grazie al passaggio generazionale\" \/>\n<meta property=\"og:description\" content=\"Consigli e best practice su come affrontare il passaggio generazionale nelle imprese familiari per garantire continuit\u00e0 e successo.\" \/>\n<meta property=\"og:url\" content=\"https:\/\/www.eim.com\/it\/crescita-aziendale\/passaggio-generazionale\/\" \/>\n<meta property=\"og:site_name\" content=\"EIM Italia\" \/>\n<meta property=\"article:published_time\" content=\"2024-12-12T07:00:00+00:00\" \/>\n<meta property=\"article:modified_time\" content=\"2025-02-13T15:44:04+00:00\" \/>\n<meta property=\"og:image\" content=\"https:\/\/www.eim.com\/it\/wp-content\/uploads\/sites\/5\/2024\/12\/Card_articolo_6.jpg\" \/>\n\t<meta property=\"og:image:width\" content=\"1200\" \/>\n\t<meta property=\"og:image:height\" content=\"628\" \/>\n\t<meta property=\"og:image:type\" content=\"image\/jpeg\" \/>\n<meta name=\"author\" content=\"eimworld\" \/>\n<meta name=\"twitter:card\" content=\"summary_large_image\" \/>\n<meta name=\"twitter:label1\" content=\"Scritto da\" \/>\n\t<meta name=\"twitter:data1\" content=\"eimworld\" \/>\n\t<meta name=\"twitter:label2\" content=\"Tempo di lettura stimato\" \/>\n\t<meta name=\"twitter:data2\" content=\"5 minuti\" \/>\n<script type=\"application\/ld+json\" class=\"yoast-schema-graph\">{\"@context\":\"https:\\\/\\\/schema.org\",\"@graph\":[{\"@type\":\"Article\",\"@id\":\"https:\\\/\\\/www.eim.com\\\/it\\\/crescita-aziendale\\\/passaggio-generazionale\\\/#article\",\"isPartOf\":{\"@id\":\"https:\\\/\\\/www.eim.com\\\/it\\\/crescita-aziendale\\\/passaggio-generazionale\\\/\"},\"author\":{\"name\":\"eimworld\",\"@id\":\"https:\\\/\\\/www.eim.com\\\/it\\\/#\\\/schema\\\/person\\\/82c5e4b03b7af649944ed10552319b91\"},\"headline\":\"Crescere anche grazie al passaggio generazionale\",\"datePublished\":\"2024-12-12T07:00:00+00:00\",\"dateModified\":\"2025-02-13T15:44:04+00:00\",\"mainEntityOfPage\":{\"@id\":\"https:\\\/\\\/www.eim.com\\\/it\\\/crescita-aziendale\\\/passaggio-generazionale\\\/\"},\"wordCount\":2113,\"publisher\":{\"@id\":\"https:\\\/\\\/www.eim.com\\\/it\\\/#organization\"},\"image\":{\"@id\":\"https:\\\/\\\/www.eim.com\\\/it\\\/crescita-aziendale\\\/passaggio-generazionale\\\/#primaryimage\"},\"thumbnailUrl\":\"https:\\\/\\\/www.eim.com\\\/it\\\/wp-content\\\/uploads\\\/sites\\\/5\\\/2024\\\/12\\\/Card_articolo_6.jpg\",\"articleSection\":[\"Carosello\",\"Crescita aziendale\"],\"inLanguage\":\"it-IT\"},{\"@type\":\"WebPage\",\"@id\":\"https:\\\/\\\/www.eim.com\\\/it\\\/crescita-aziendale\\\/passaggio-generazionale\\\/\",\"url\":\"https:\\\/\\\/www.eim.com\\\/it\\\/crescita-aziendale\\\/passaggio-generazionale\\\/\",\"name\":\"Crescere anche grazie al passaggio generazionale - EIM Italia\",\"isPartOf\":{\"@id\":\"https:\\\/\\\/www.eim.com\\\/it\\\/#website\"},\"primaryImageOfPage\":{\"@id\":\"https:\\\/\\\/www.eim.com\\\/it\\\/crescita-aziendale\\\/passaggio-generazionale\\\/#primaryimage\"},\"image\":{\"@id\":\"https:\\\/\\\/www.eim.com\\\/it\\\/crescita-aziendale\\\/passaggio-generazionale\\\/#primaryimage\"},\"thumbnailUrl\":\"https:\\\/\\\/www.eim.com\\\/it\\\/wp-content\\\/uploads\\\/sites\\\/5\\\/2024\\\/12\\\/Card_articolo_6.jpg\",\"datePublished\":\"2024-12-12T07:00:00+00:00\",\"dateModified\":\"2025-02-13T15:44:04+00:00\",\"description\":\"Consigli e best practice su come affrontare il passaggio generazionale nelle imprese familiari per garantire continuit\u00e0 e successo.\",\"breadcrumb\":{\"@id\":\"https:\\\/\\\/www.eim.com\\\/it\\\/crescita-aziendale\\\/passaggio-generazionale\\\/#breadcrumb\"},\"inLanguage\":\"it-IT\",\"potentialAction\":[{\"@type\":\"ReadAction\",\"target\":[\"https:\\\/\\\/www.eim.com\\\/it\\\/crescita-aziendale\\\/passaggio-generazionale\\\/\"]}]},{\"@type\":\"ImageObject\",\"inLanguage\":\"it-IT\",\"@id\":\"https:\\\/\\\/www.eim.com\\\/it\\\/crescita-aziendale\\\/passaggio-generazionale\\\/#primaryimage\",\"url\":\"https:\\\/\\\/www.eim.com\\\/it\\\/wp-content\\\/uploads\\\/sites\\\/5\\\/2024\\\/12\\\/Card_articolo_6.jpg\",\"contentUrl\":\"https:\\\/\\\/www.eim.com\\\/it\\\/wp-content\\\/uploads\\\/sites\\\/5\\\/2024\\\/12\\\/Card_articolo_6.jpg\",\"width\":1200,\"height\":628},{\"@type\":\"BreadcrumbList\",\"@id\":\"https:\\\/\\\/www.eim.com\\\/it\\\/crescita-aziendale\\\/passaggio-generazionale\\\/#breadcrumb\",\"itemListElement\":[{\"@type\":\"ListItem\",\"position\":1,\"name\":\"Home\",\"item\":\"https:\\\/\\\/www.eim.com\\\/it\\\/\"},{\"@type\":\"ListItem\",\"position\":2,\"name\":\"Crescere anche grazie al passaggio generazionale\"}]},{\"@type\":\"WebSite\",\"@id\":\"https:\\\/\\\/www.eim.com\\\/it\\\/#website\",\"url\":\"https:\\\/\\\/www.eim.com\\\/it\\\/\",\"name\":\"EIM Italia\",\"description\":\"Siamo gli inventori dell&#039;Executive Interim Management\",\"publisher\":{\"@id\":\"https:\\\/\\\/www.eim.com\\\/it\\\/#organization\"},\"potentialAction\":[{\"@type\":\"SearchAction\",\"target\":{\"@type\":\"EntryPoint\",\"urlTemplate\":\"https:\\\/\\\/www.eim.com\\\/it\\\/?s={search_term_string}\"},\"query-input\":{\"@type\":\"PropertyValueSpecification\",\"valueRequired\":true,\"valueName\":\"search_term_string\"}}],\"inLanguage\":\"it-IT\"},{\"@type\":\"Organization\",\"@id\":\"https:\\\/\\\/www.eim.com\\\/it\\\/#organization\",\"name\":\"EIM\",\"url\":\"https:\\\/\\\/www.eim.com\\\/it\\\/\",\"logo\":{\"@type\":\"ImageObject\",\"inLanguage\":\"it-IT\",\"@id\":\"https:\\\/\\\/www.eim.com\\\/it\\\/#\\\/schema\\\/logo\\\/image\\\/\",\"url\":\"https:\\\/\\\/www.eim.com\\\/it\\\/wp-content\\\/uploads\\\/sites\\\/5\\\/2022\\\/02\\\/logo-eim-favicon2022.png\",\"contentUrl\":\"https:\\\/\\\/www.eim.com\\\/it\\\/wp-content\\\/uploads\\\/sites\\\/5\\\/2022\\\/02\\\/logo-eim-favicon2022.png\",\"width\":427,\"height\":427,\"caption\":\"EIM\"},\"image\":{\"@id\":\"https:\\\/\\\/www.eim.com\\\/it\\\/#\\\/schema\\\/logo\\\/image\\\/\"}},{\"@type\":\"Person\",\"@id\":\"https:\\\/\\\/www.eim.com\\\/it\\\/#\\\/schema\\\/person\\\/82c5e4b03b7af649944ed10552319b91\",\"name\":\"eimworld\",\"image\":{\"@type\":\"ImageObject\",\"inLanguage\":\"it-IT\",\"@id\":\"https:\\\/\\\/secure.gravatar.com\\\/avatar\\\/06dc2838cb0c066488cdb4b104beba474e6305a2d11cbb1fb7353f876daae9f3?s=96&d=mm&r=g\",\"url\":\"https:\\\/\\\/secure.gravatar.com\\\/avatar\\\/06dc2838cb0c066488cdb4b104beba474e6305a2d11cbb1fb7353f876daae9f3?s=96&d=mm&r=g\",\"contentUrl\":\"https:\\\/\\\/secure.gravatar.com\\\/avatar\\\/06dc2838cb0c066488cdb4b104beba474e6305a2d11cbb1fb7353f876daae9f3?s=96&d=mm&r=g\",\"caption\":\"eimworld\"},\"sameAs\":[\"https:\\\/\\\/eimworld.wpengine.com\"]}]}<\/script>\n<!-- \/ Yoast SEO Premium plugin. -->","yoast_head_json":{"title":"Crescere anche grazie al passaggio generazionale - EIM Italia","description":"Consigli e best practice su come affrontare il passaggio generazionale nelle imprese familiari per garantire continuit\u00e0 e successo.","robots":{"index":"index","follow":"follow","max-snippet":"max-snippet:-1","max-image-preview":"max-image-preview:large","max-video-preview":"max-video-preview:-1"},"canonical":"https:\/\/www.eim.com\/it\/crescita-aziendale\/passaggio-generazionale\/","og_locale":"it_IT","og_type":"article","og_title":"Crescere anche grazie al passaggio generazionale","og_description":"Consigli e best practice su come affrontare il passaggio generazionale nelle imprese familiari per garantire continuit\u00e0 e successo.","og_url":"https:\/\/www.eim.com\/it\/crescita-aziendale\/passaggio-generazionale\/","og_site_name":"EIM Italia","article_published_time":"2024-12-12T07:00:00+00:00","article_modified_time":"2025-02-13T15:44:04+00:00","og_image":[{"width":1200,"height":628,"url":"https:\/\/www.eim.com\/it\/wp-content\/uploads\/sites\/5\/2024\/12\/Card_articolo_6.jpg","type":"image\/jpeg"}],"author":"eimworld","twitter_card":"summary_large_image","twitter_misc":{"Scritto da":"eimworld","Tempo di lettura stimato":"5 minuti"},"schema":{"@context":"https:\/\/schema.org","@graph":[{"@type":"Article","@id":"https:\/\/www.eim.com\/it\/crescita-aziendale\/passaggio-generazionale\/#article","isPartOf":{"@id":"https:\/\/www.eim.com\/it\/crescita-aziendale\/passaggio-generazionale\/"},"author":{"name":"eimworld","@id":"https:\/\/www.eim.com\/it\/#\/schema\/person\/82c5e4b03b7af649944ed10552319b91"},"headline":"Crescere anche grazie al passaggio generazionale","datePublished":"2024-12-12T07:00:00+00:00","dateModified":"2025-02-13T15:44:04+00:00","mainEntityOfPage":{"@id":"https:\/\/www.eim.com\/it\/crescita-aziendale\/passaggio-generazionale\/"},"wordCount":2113,"publisher":{"@id":"https:\/\/www.eim.com\/it\/#organization"},"image":{"@id":"https:\/\/www.eim.com\/it\/crescita-aziendale\/passaggio-generazionale\/#primaryimage"},"thumbnailUrl":"https:\/\/www.eim.com\/it\/wp-content\/uploads\/sites\/5\/2024\/12\/Card_articolo_6.jpg","articleSection":["Carosello","Crescita aziendale"],"inLanguage":"it-IT"},{"@type":"WebPage","@id":"https:\/\/www.eim.com\/it\/crescita-aziendale\/passaggio-generazionale\/","url":"https:\/\/www.eim.com\/it\/crescita-aziendale\/passaggio-generazionale\/","name":"Crescere anche grazie al passaggio generazionale - EIM Italia","isPartOf":{"@id":"https:\/\/www.eim.com\/it\/#website"},"primaryImageOfPage":{"@id":"https:\/\/www.eim.com\/it\/crescita-aziendale\/passaggio-generazionale\/#primaryimage"},"image":{"@id":"https:\/\/www.eim.com\/it\/crescita-aziendale\/passaggio-generazionale\/#primaryimage"},"thumbnailUrl":"https:\/\/www.eim.com\/it\/wp-content\/uploads\/sites\/5\/2024\/12\/Card_articolo_6.jpg","datePublished":"2024-12-12T07:00:00+00:00","dateModified":"2025-02-13T15:44:04+00:00","description":"Consigli e best practice su come affrontare il passaggio generazionale nelle imprese familiari per garantire continuit\u00e0 e successo.","breadcrumb":{"@id":"https:\/\/www.eim.com\/it\/crescita-aziendale\/passaggio-generazionale\/#breadcrumb"},"inLanguage":"it-IT","potentialAction":[{"@type":"ReadAction","target":["https:\/\/www.eim.com\/it\/crescita-aziendale\/passaggio-generazionale\/"]}]},{"@type":"ImageObject","inLanguage":"it-IT","@id":"https:\/\/www.eim.com\/it\/crescita-aziendale\/passaggio-generazionale\/#primaryimage","url":"https:\/\/www.eim.com\/it\/wp-content\/uploads\/sites\/5\/2024\/12\/Card_articolo_6.jpg","contentUrl":"https:\/\/www.eim.com\/it\/wp-content\/uploads\/sites\/5\/2024\/12\/Card_articolo_6.jpg","width":1200,"height":628},{"@type":"BreadcrumbList","@id":"https:\/\/www.eim.com\/it\/crescita-aziendale\/passaggio-generazionale\/#breadcrumb","itemListElement":[{"@type":"ListItem","position":1,"name":"Home","item":"https:\/\/www.eim.com\/it\/"},{"@type":"ListItem","position":2,"name":"Crescere anche grazie al passaggio generazionale"}]},{"@type":"WebSite","@id":"https:\/\/www.eim.com\/it\/#website","url":"https:\/\/www.eim.com\/it\/","name":"EIM Italia","description":"Siamo gli inventori dell&#039;Executive Interim Management","publisher":{"@id":"https:\/\/www.eim.com\/it\/#organization"},"potentialAction":[{"@type":"SearchAction","target":{"@type":"EntryPoint","urlTemplate":"https:\/\/www.eim.com\/it\/?s={search_term_string}"},"query-input":{"@type":"PropertyValueSpecification","valueRequired":true,"valueName":"search_term_string"}}],"inLanguage":"it-IT"},{"@type":"Organization","@id":"https:\/\/www.eim.com\/it\/#organization","name":"EIM","url":"https:\/\/www.eim.com\/it\/","logo":{"@type":"ImageObject","inLanguage":"it-IT","@id":"https:\/\/www.eim.com\/it\/#\/schema\/logo\/image\/","url":"https:\/\/www.eim.com\/it\/wp-content\/uploads\/sites\/5\/2022\/02\/logo-eim-favicon2022.png","contentUrl":"https:\/\/www.eim.com\/it\/wp-content\/uploads\/sites\/5\/2022\/02\/logo-eim-favicon2022.png","width":427,"height":427,"caption":"EIM"},"image":{"@id":"https:\/\/www.eim.com\/it\/#\/schema\/logo\/image\/"}},{"@type":"Person","@id":"https:\/\/www.eim.com\/it\/#\/schema\/person\/82c5e4b03b7af649944ed10552319b91","name":"eimworld","image":{"@type":"ImageObject","inLanguage":"it-IT","@id":"https:\/\/secure.gravatar.com\/avatar\/06dc2838cb0c066488cdb4b104beba474e6305a2d11cbb1fb7353f876daae9f3?s=96&d=mm&r=g","url":"https:\/\/secure.gravatar.com\/avatar\/06dc2838cb0c066488cdb4b104beba474e6305a2d11cbb1fb7353f876daae9f3?s=96&d=mm&r=g","contentUrl":"https:\/\/secure.gravatar.com\/avatar\/06dc2838cb0c066488cdb4b104beba474e6305a2d11cbb1fb7353f876daae9f3?s=96&d=mm&r=g","caption":"eimworld"},"sameAs":["https:\/\/eimworld.wpengine.com"]}]}},"_links":{"self":[{"href":"https:\/\/www.eim.com\/it\/wp-json\/wp\/v2\/posts\/18546","targetHints":{"allow":["GET"]}}],"collection":[{"href":"https:\/\/www.eim.com\/it\/wp-json\/wp\/v2\/posts"}],"about":[{"href":"https:\/\/www.eim.com\/it\/wp-json\/wp\/v2\/types\/post"}],"author":[{"embeddable":true,"href":"https:\/\/www.eim.com\/it\/wp-json\/wp\/v2\/users\/2"}],"replies":[{"embeddable":true,"href":"https:\/\/www.eim.com\/it\/wp-json\/wp\/v2\/comments?post=18546"}],"version-history":[{"count":0,"href":"https:\/\/www.eim.com\/it\/wp-json\/wp\/v2\/posts\/18546\/revisions"}],"wp:featuredmedia":[{"embeddable":true,"href":"https:\/\/www.eim.com\/it\/wp-json\/wp\/v2\/media\/19093"}],"wp:attachment":[{"href":"https:\/\/www.eim.com\/it\/wp-json\/wp\/v2\/media?parent=18546"}],"wp:term":[{"taxonomy":"category","embeddable":true,"href":"https:\/\/www.eim.com\/it\/wp-json\/wp\/v2\/categories?post=18546"},{"taxonomy":"post_tag","embeddable":true,"href":"https:\/\/www.eim.com\/it\/wp-json\/wp\/v2\/tags?post=18546"}],"curies":[{"name":"wp","href":"https:\/\/api.w.org\/{rel}","templated":true}]}}