{"id":18067,"date":"2024-06-10T10:00:00","date_gmt":"2024-06-10T08:00:00","guid":{"rendered":"https:\/\/www.eim.com\/it\/?p=18067"},"modified":"2024-11-18T15:04:08","modified_gmt":"2024-11-18T14:04:08","slug":"cambiamento-aziendale","status":"publish","type":"post","link":"https:\/\/www.eim.com\/it\/efficienza-operativa\/cambiamento-aziendale\/","title":{"rendered":"Le regole del cambiamento aziendale accelerato"},"content":{"rendered":"\n[et_pb_section fb_built=&#8221;1&#8243; custom_padding_last_edited=&#8221;on|phone&#8221; admin_label=&#8221;Hero Section&#8221; _builder_version=&#8221;4.25.1&#8243; background_color=&#8221;#002c3e&#8221; use_background_color_gradient=&#8221;on&#8221; background_color_gradient_direction=&#8221;174deg&#8221; background_color_gradient_stops=&#8221;rgba(0,0,0,0.51) 87%|rgba(0,0,0,0.51) 87%&#8221; background_color_gradient_overlays_image=&#8221;on&#8221; background_color_gradient_start=&#8221;rgba(0,0,0,0.51)&#8221; background_color_gradient_start_position=&#8221;87%&#8221; background_color_gradient_end=&#8221;rgba(0,0,0,0.51)&#8221; background_color_gradient_end_position=&#8221;29%&#8221; background_image=&#8221;https:\/\/www.eim.com\/it\/wp-content\/uploads\/sites\/5\/2024\/06\/cambiamento-accelerato-interim-manager-approccio-eim.jpg&#8221; background_position=&#8221;top_center&#8221; min_height_tablet=&#8221;&#8221; min_height_phone=&#8221;600px&#8221; min_height_last_edited=&#8221;on|phone&#8221; height=&#8221;700px&#8221; height_tablet=&#8221;580px&#8221; height_phone=&#8221;auto&#8221; height_last_edited=&#8221;on|desktop&#8221; custom_padding=&#8221;2%||0%||false|false&#8221; custom_padding_tablet=&#8221;2%||0%||false|false&#8221; custom_padding_phone=&#8221;0%||0%||false|false&#8221; bottom_divider_style=&#8221;slant&#8221; bottom_divider_color=&#8221;#ffffff&#8221; bottom_divider_height=&#8221;150px&#8221; bottom_divider_flip=&#8221;horizontal&#8221; bottom_divider_height_tablet=&#8221;120px&#8221; bottom_divider_height_phone=&#8221;120px&#8221; bottom_divider_height_last_edited=&#8221;on|phone&#8221; background_last_edited=&#8221;on|phone&#8221; background_position_phone=&#8221;center_right&#8221; background_horizontal_offset_phone=&#8221;33%&#8221; locked=&#8221;off&#8221; global_colors_info=&#8221;{}&#8221; background_color_gradient_direction__hover=&#8221;180deg&#8221; background_color_gradient_direction__hover_enabled=&#8221;180deg&#8221; background_color_gradient_start_position__hover=&#8221;0%&#8221; background_color_gradient_start_position__hover_enabled=&#8221;0%&#8221; background_color_gradient_end_position__hover=&#8221;100%&#8221; background_color_gradient_end_position__hover_enabled=&#8221;100%&#8221; background_color_gradient_stops__hover=&#8221;rgba(0,0,0,0.51) 0%|rgba(0,0,0,0.51) 100%&#8221;][et_pb_row custom_padding_last_edited=&#8221;on|desktop&#8221; _builder_version=&#8221;4.24.0&#8243; custom_margin=&#8221;||||false|false&#8221; custom_margin_tablet=&#8221;&#8221; custom_margin_phone=&#8221;0%||||false|false&#8221; custom_margin_last_edited=&#8221;on|phone&#8221; custom_padding=&#8221;4%||||false|false&#8221; custom_padding_tablet=&#8221;7%||||false|false&#8221; custom_padding_phone=&#8221;15%||||false|false&#8221; global_colors_info=&#8221;{}&#8221;][et_pb_column type=&#8221;4_4&#8243; _builder_version=&#8221;4.16&#8243; global_colors_info=&#8221;{}&#8221;][et_pb_text content_tablet=&#8221;<h1><b>La corporate governance: perch\u00e9 serve un board competitivo<\/b><\/h1>&#8221; content_phone=&#8221;<h1><b>La corporate governance: perch\u00e9 serve un board competitivo<\/b><\/h1>&#8221; content_last_edited=&#8221;off|desktop&#8221; admin_label=&#8221;Hero Section Title&#8221; _builder_version=&#8221;4.25.1&#8243; text_font=&#8221;Montserrat|800|||||||&#8221; text_font_size=&#8221;18px&#8221; text_line_height=&#8221;1.3em&#8221; header_font=&#8221;Montserrat|700|||||||&#8221; header_font_size=&#8221;56px&#8221; header_letter_spacing=&#8221;3px&#8221; header_line_height=&#8221;1.1em&#8221; header_2_font=&#8221;Montserrat|700|||||||&#8221; header_2_text_color=&#8221;rgba(255,255,255,0.6)&#8221; header_2_font_size=&#8221;90px&#8221; header_2_letter_spacing=&#8221;3px&#8221; header_2_line_height=&#8221;1.1em&#8221; text_orientation=&#8221;center&#8221; background_layout=&#8221;dark&#8221; max_width=&#8221;900px&#8221; module_alignment=&#8221;center&#8221; custom_margin=&#8221;0px||0px||false|false&#8221; custom_padding=&#8221;0px||||false|false&#8221; animation_style=&#8221;fade&#8221; animation_direction=&#8221;bottom&#8221; animation_duration=&#8221;1350ms&#8221; header_font_size_tablet=&#8221;50px&#8221; header_font_size_phone=&#8221;25px&#8221; header_font_size_last_edited=&#8221;on|phone&#8221; header_2_font_size_tablet=&#8221;&#8221; header_2_font_size_phone=&#8221;50px&#8221; header_2_font_size_last_edited=&#8221;on|phone&#8221; text_text_shadow_style=&#8221;preset1&#8243; text_text_shadow_horizontal_length=&#8221;0.28em&#8221; locked=&#8221;off&#8221; inline_fonts=&#8221;Prata,Montserrat&#8221; global_colors_info=&#8221;{}&#8221;]<h1 style=\"font-size: 50px\">Le regole del cambiamento aziendale accelerato<\/h1>[\/et_pb_text][\/et_pb_column][\/et_pb_row][\/et_pb_section][et_pb_section fb_built=&#8221;1&#8243; custom_padding_last_edited=&#8221;on|tablet&#8221; disabled_on=&#8221;off|off|off&#8221; _builder_version=&#8221;4.19.3&#8243; background_color=&#8221;#ffffff&#8221; custom_margin=&#8221;||||false|false&#8221; custom_padding=&#8221;10px||2%||false|false&#8221; custom_padding_tablet=&#8221;10px||3%||false|false&#8221; custom_padding_phone=&#8221;||3%||false|false&#8221; top_divider_color=&#8221;#ffffff&#8221; top_divider_style_last_edited=&#8221;off|desktop&#8221; bottom_divider_flip=&#8221;horizontal&#8221; locked=&#8221;off&#8221; global_colors_info=&#8221;{}&#8221;][et_pb_row custom_padding_last_edited=&#8221;off|phone&#8221; admin_label=&#8221;Title Area&#8221; _builder_version=&#8221;4.16&#8243; background_color=&#8221;rgba(0,0,0,0)&#8221; width=&#8221;100%&#8221; module_alignment=&#8221;center&#8221; custom_margin=&#8221;||0px||false|false&#8221; custom_padding=&#8221;|0px|0px|0px|false|false&#8221; custom_padding_tablet=&#8221;3%|0px|0.2%|0px|false|false&#8221; custom_padding_phone=&#8221;8%||||false|false&#8221; locked=&#8221;off&#8221; global_colors_info=&#8221;{}&#8221;][et_pb_column type=&#8221;4_4&#8243; _builder_version=&#8221;4.16&#8243; custom_padding=&#8221;|||&#8221; global_colors_info=&#8221;{}&#8221; custom_padding__hover=&#8221;|||&#8221;][et_pb_text disabled_on=&#8221;off|off|off&#8221; admin_label=&#8221;Title&#8221; _builder_version=&#8221;4.25.1&#8243; text_font=&#8221;||||||||&#8221; text_text_color=&#8221;#ffffff&#8221; header_font=&#8221;Prata||||||||&#8221; header_2_font=&#8221;Montserrat|700|||||||&#8221; header_2_text_align=&#8221;center&#8221; header_2_font_size=&#8221;30px&#8221; custom_margin=&#8221;3%||3%||true|false&#8221; custom_margin_tablet=&#8221;3%|1%|3%|1%|true|true&#8221; custom_margin_phone=&#8221;3%|1%|3%|1%|true|true&#8221; custom_margin_last_edited=&#8221;on|tablet&#8221; custom_padding=&#8221;||0px|||&#8221; animation_style=&#8221;fade&#8221; animation_direction=&#8221;top&#8221; animation_duration=&#8221;1350ms&#8221; animation_starting_opacity=&#8221;100%&#8221; locked=&#8221;off&#8221; inline_fonts=&#8221;Prata,Montserrat&#8221; global_colors_info=&#8221;{}&#8221;]<h2>Come riposizionare un\u2019azienda in modo rapido ed efficace<\/h2>[\/et_pb_text][et_pb_text _builder_version=&#8221;4.25.1&#8243; text_font_size=&#8221;16px&#8221; max_width=&#8221;90%&#8221; module_alignment=&#8221;center&#8221; custom_margin=&#8221;||||false|false&#8221; custom_margin_tablet=&#8221;||||false|false&#8221; custom_margin_phone=&#8221;||||false|false&#8221; custom_margin_last_edited=&#8221;on|desktop&#8221; custom_padding=&#8221;||||false|false&#8221; global_colors_info=&#8221;{}&#8221;]<p style=\"text-align: justify\"><span style=\"font-weight: 400\">Riposizionare un\u2019azienda con un assetto specialistico volto alla produzione come impresa fornitrice di prodotti finiti. <\/span><b>Trasformare l\u2019organizzazione di una realt\u00e0 imprenditoriale<\/b><span style=\"font-weight: 400\"> da modello capillare di vendita e assistenza diretta a un modello in cui vendita e assistenza sono gestiti da dealer.<\/span><\/p>\n<p style=\"text-align: justify\"><span style=\"font-weight: 400\">In un contesto di <a href=\"https:\/\/www.eim.com\/it\/innovazione\/innovazione-aziendale\/\">mercati fluidi<\/a> e globalizzati le imprese devono avere la capacit\u00e0 di <\/span><b>realizzare questi cambiamenti rapidamente e in modo efficace<\/b><span style=\"font-weight: 400\">, ridisegnando i meccanismi alla base della propria organizzazione per essere competitive e <a href=\"https:\/\/www.eim.com\/it\/crescita-aziendale\/strategie-di-crescita-aziendale\/\">puntare alla crescita<\/a>.<\/span><\/p>\n<p style=\"text-align: justify\"><span style=\"font-weight: 400\">La velocit\u00e0, l\u2019accelerazione dei piani operativi, la condivisione, la comunicazione, la predisposizione di processi specifici per anticipare e gestire gli imprevisti <\/span><b>sono i fattori basilari per il successo di un <\/b><b>processo di cambiamento aziendale<\/b><span style=\"font-weight: 400\">.<\/span><\/p>\n<p style=\"text-align: justify\"><span style=\"font-weight: 400\">\u00a0<\/span><\/p>[\/et_pb_text][\/et_pb_column][\/et_pb_row][\/et_pb_section][et_pb_section fb_built=&#8221;1&#8243; disabled_on=&#8221;off|off|off&#8221; _builder_version=&#8221;4.25.1&#8243; background_color=&#8221;RGBA(255,255,255,0)&#8221; use_background_color_gradient=&#8221;on&#8221; background_color_gradient_direction=&#8221;69deg&#8221; background_color_gradient_stops=&#8221;rgba(255,255,255,0) 40%|rgba(255,255,255,0) 40%&#8221; background_color_gradient_overlays_image=&#8221;on&#8221; background_color_gradient_start=&#8221;rgba(255,255,255,0)&#8221; background_color_gradient_start_position=&#8221;40%&#8221; background_color_gradient_end=&#8221;rgba(255,255,255,0)&#8221; background_color_gradient_end_position=&#8221;0%&#8221; background_image=&#8221;https:\/\/www.eim.com\/it\/wp-content\/uploads\/sites\/5\/2024\/06\/cambiamento-accelerato-azienda-come-fare.jpg&#8221; background_position=&#8221;center_left&#8221; min_height=&#8221;650px&#8221; min_height_tablet=&#8221;400px&#8221; min_height_phone=&#8221;350px&#8221; min_height_last_edited=&#8221;on|desktop&#8221; custom_margin=&#8221;||||false|false&#8221; custom_padding=&#8221;4px||4px||true|false&#8221; top_divider_style=&#8221;slant&#8221; top_divider_color=&#8221;#ffffff&#8221; top_divider_height=&#8221;70px&#8221; top_divider_flip=&#8221;vertical|horizontal&#8221; top_divider_height_tablet=&#8221;60px&#8221; top_divider_height_phone=&#8221;60px&#8221; top_divider_height_last_edited=&#8221;on|phone&#8221; bottom_divider_style=&#8221;slant&#8221; bottom_divider_color=&#8221;#e6e6e6&#8243; bottom_divider_flip=&#8221;vertical|horizontal&#8221; bottom_divider_height_tablet=&#8221;60px&#8221; bottom_divider_height_phone=&#8221;60px&#8221; bottom_divider_height_last_edited=&#8221;on|phone&#8221; locked=&#8221;off&#8221; global_colors_info=&#8221;{}&#8221;][\/et_pb_section][et_pb_section fb_built=&#8221;1&#8243; custom_padding_last_edited=&#8221;on|tablet&#8221; disabled_on=&#8221;off|off|off&#8221; _builder_version=&#8221;4.17.3&#8243; background_color=&#8221;#e6e6e6&#8243; custom_margin=&#8221;||||false|false&#8221; custom_padding=&#8221;4%||2%||false|false&#8221; custom_padding_tablet=&#8221;3%||3%||false|false&#8221; custom_padding_phone=&#8221;2%||||false|false&#8221; top_divider_color=&#8221;#e6e6e6&#8243; top_divider_flip=&#8221;horizontal&#8221; bottom_divider_flip=&#8221;horizontal&#8221; locked=&#8221;off&#8221; global_colors_info=&#8221;{}&#8221;][et_pb_row custom_padding_last_edited=&#8221;off|phone&#8221; admin_label=&#8221;Title Area&#8221; _builder_version=&#8221;4.16&#8243; background_color=&#8221;rgba(0,0,0,0)&#8221; width=&#8221;100%&#8221; module_alignment=&#8221;center&#8221; custom_margin=&#8221;||0px||false|false&#8221; custom_padding=&#8221;|0px|0px|0px|false|false&#8221; custom_padding_tablet=&#8221;3%|0px|0.2%|0px|false|false&#8221; custom_padding_phone=&#8221;8%||||false|false&#8221; locked=&#8221;off&#8221; global_colors_info=&#8221;{}&#8221;][et_pb_column type=&#8221;4_4&#8243; _builder_version=&#8221;4.16&#8243; custom_padding=&#8221;|||&#8221; global_colors_info=&#8221;{}&#8221; custom_padding__hover=&#8221;|||&#8221;][et_pb_text disabled_on=&#8221;off|off|off&#8221; admin_label=&#8221;Title&#8221; _builder_version=&#8221;4.25.1&#8243; text_font=&#8221;||||||||&#8221; text_text_color=&#8221;#ffffff&#8221; header_font=&#8221;Prata||||||||&#8221; header_2_font=&#8221;Montserrat|700|||||||&#8221; header_2_text_align=&#8221;center&#8221; header_2_font_size=&#8221;30px&#8221; custom_margin=&#8221;3%||3%||true|false&#8221; custom_margin_tablet=&#8221;3%|1%|3%|1%|true|true&#8221; custom_margin_phone=&#8221;3%|1%|3%|1%|true|true&#8221; custom_margin_last_edited=&#8221;on|tablet&#8221; custom_padding=&#8221;||0px|||&#8221; animation_style=&#8221;fade&#8221; animation_direction=&#8221;top&#8221; animation_duration=&#8221;1350ms&#8221; animation_starting_opacity=&#8221;100%&#8221; locked=&#8221;off&#8221; inline_fonts=&#8221;Prata,Montserrat&#8221; global_colors_info=&#8221;{}&#8221;]<h2>La nuova leadership: indipendente, in grado di trasmettere fiducia e di coinvolgere tutta l&#8217;azienda<\/h2>[\/et_pb_text][et_pb_text _builder_version=&#8221;4.25.1&#8243; text_font_size=&#8221;16px&#8221; max_width=&#8221;90%&#8221; module_alignment=&#8221;center&#8221; custom_margin=&#8221;||||false|false&#8221; custom_margin_tablet=&#8221;||||false|false&#8221; custom_margin_phone=&#8221;||||false|false&#8221; custom_margin_last_edited=&#8221;on|desktop&#8221; custom_padding=&#8221;||||false|false&#8221; global_colors_info=&#8221;{}&#8221;]<p style=\"text-align: justify\"><span style=\"font-weight: 400\">Chi ha la responsabilit\u00e0 di avviare un\u2019iniziativa di <\/span><span style=\"font-weight: 400\">cambiamento organizzativo<\/span><span style=\"font-weight: 400\"> accelerato <\/span><b>deve creare e gestire un contesto in cui la cultura dell\u2019<a href=\"https:\/\/www.eim.com\/it\/innovazione\/misurare-innovazione-aziendale\/\">innovazione<\/a> sia accolta e condivisa<\/b><span style=\"font-weight: 400\">, superando le barriere psicologiche e i modelli gerarchici alla base dello status quo solo perch\u00e9 \u201csi \u00e8 sempre fatto cos\u00ec\u201d.<\/span><\/p>\n<p style=\"text-align: justify\"><span style=\"font-weight: 400\">Il leader deve dimostrare indipendenza di pensiero e di azione, spingere i collaboratori a prendersi dei rischi, dando loro <\/span><b>maggiore autonomia e pi\u00f9 responsabilit\u00e0<\/b><span style=\"font-weight: 400\"> e instillando fiducia in chi promuove il cambiamento.<\/span><\/p>\n<p style=\"text-align: justify\"><span style=\"font-weight: 400\">A volte pu\u00f2 essere pi\u00f9 efficace far guidare il cambiamento da persone che provengono dall&#8217;esterno, che godono di una buona reputazione o che, al contrario, sono del tutto sconosciute, e quindi <\/span><b>non oggetto di pregiudizi negativi<\/b><span style=\"font-weight: 400\">, a cui \u00e8 pi\u00f9 probabile che venga concesso il beneficio del dubbio.<\/span><\/p>\n<p style=\"text-align: justify\"><span style=\"font-weight: 400\">A loro spetta fissare obiettivi ambiziosi, aiutare le persone a raggiungerli, <\/span><b>assicurare il giusto equilibrio<\/b><span style=\"font-weight: 400\"> tra le risorse disponibili e i risultati attesi, valutando le performance e valorizzando risorse e talenti.<\/span><\/p>[\/et_pb_text][\/et_pb_column][\/et_pb_row][\/et_pb_section][et_pb_section fb_built=&#8221;1&#8243; custom_padding_last_edited=&#8221;on|tablet&#8221; disabled_on=&#8221;off|off|off&#8221; _builder_version=&#8221;4.24.0&#8243; background_color=&#8221;#FFFFFF&#8221; custom_margin=&#8221;||||false|false&#8221; custom_padding=&#8221;7%||2%||false|false&#8221; custom_padding_tablet=&#8221;14%||3%||false|false&#8221; custom_padding_phone=&#8221;30%||6%||false|false&#8221; top_divider_style=&#8221;slant&#8221; top_divider_color=&#8221;#e6e6e6&#8243; top_divider_flip=&#8221;horizontal&#8221; top_divider_height_tablet=&#8221;80px&#8221; top_divider_height_phone=&#8221;70px&#8221; top_divider_height_last_edited=&#8221;on|phone&#8221; bottom_divider_flip=&#8221;horizontal&#8221; locked=&#8221;off&#8221; global_colors_info=&#8221;{}&#8221;][et_pb_row custom_padding_last_edited=&#8221;off|phone&#8221; admin_label=&#8221;Title Area&#8221; _builder_version=&#8221;4.16&#8243; background_color=&#8221;rgba(0,0,0,0)&#8221; width=&#8221;100%&#8221; module_alignment=&#8221;center&#8221; custom_margin=&#8221;||||false|false&#8221; custom_padding=&#8221;|0px|0px|0px|false|false&#8221; custom_padding_tablet=&#8221;3%|0px|0.2%|0px|false|false&#8221; custom_padding_phone=&#8221;8%||||false|false&#8221; locked=&#8221;off&#8221; global_colors_info=&#8221;{}&#8221;][et_pb_column type=&#8221;4_4&#8243; _builder_version=&#8221;4.16&#8243; custom_padding=&#8221;|||&#8221; global_colors_info=&#8221;{}&#8221; custom_padding__hover=&#8221;|||&#8221;][et_pb_text disabled_on=&#8221;off|off|off&#8221; admin_label=&#8221;Title&#8221; _builder_version=&#8221;4.25.1&#8243; text_font=&#8221;||||||||&#8221; text_text_color=&#8221;#ffffff&#8221; header_font=&#8221;Prata||||||||&#8221; header_2_font=&#8221;Montserrat|700|||||||&#8221; header_2_text_align=&#8221;center&#8221; header_2_font_size=&#8221;30px&#8221; custom_margin=&#8221;3%||3%||true|false&#8221; custom_margin_tablet=&#8221;3%|1%|3%|1%|true|true&#8221; custom_margin_phone=&#8221;3%|1%|3%|1%|true|true&#8221; custom_margin_last_edited=&#8221;on|tablet&#8221; custom_padding=&#8221;||0px|||&#8221; animation_style=&#8221;fade&#8221; animation_direction=&#8221;top&#8221; animation_duration=&#8221;1350ms&#8221; animation_starting_opacity=&#8221;100%&#8221; locked=&#8221;off&#8221; inline_fonts=&#8221;Prata,Montserrat&#8221; global_colors_info=&#8221;{}&#8221;]<h2>Partire da obiettivi chiari e misurabili<\/h2>[\/et_pb_text][et_pb_text _builder_version=&#8221;4.25.1&#8243; text_font_size=&#8221;16px&#8221; max_width=&#8221;90%&#8221; module_alignment=&#8221;center&#8221; custom_margin=&#8221;||||false|false&#8221; custom_margin_tablet=&#8221;||||false|false&#8221; custom_margin_phone=&#8221;||||false|false&#8221; custom_margin_last_edited=&#8221;on|desktop&#8221; custom_padding=&#8221;||||false|false&#8221; global_colors_info=&#8221;{}&#8221;]<p style=\"text-align: justify\"><span style=\"font-weight: 400\">Per portare a termine con successo un programma di cambiamento accelerato occorre stabilire da subito e nel dettaglio il punto di arrivo. Fissare <\/span><b>obiettivi chiari e misurabili<\/b><span style=\"font-weight: 400\"> significa dotarsi di una stella polare che guider\u00e0 lo svolgimento del progetto anche quando occorrer\u00e0 deviare dalla pianificazione iniziale.<\/span><\/p>\n<p style=\"text-align: justify\"><span style=\"font-weight: 400\">Creare un modello chiaro, con obiettivi misurabili sui quali fondare il processo di trasformazione e cambiamento <\/span><b>aiuta a guadagnare il consenso<\/b><span style=\"font-weight: 400\"> e a allineare e sincronizzare l&#8217;intero team.<\/span><\/p>\n<p style=\"text-align: justify\"><span style=\"font-weight: 400\">\u00a0<\/span><\/p>[\/et_pb_text][\/et_pb_column][\/et_pb_row][\/et_pb_section][et_pb_section fb_built=&#8221;1&#8243; custom_padding_last_edited=&#8221;on|tablet&#8221; disabled_on=&#8221;off|off|off&#8221; _builder_version=&#8221;4.25.1&#8243; background_color=&#8221;#e6e6e6&#8243; custom_margin=&#8221;||||false|false&#8221; custom_padding=&#8221;4%||2%||false|false&#8221; custom_padding_tablet=&#8221;3%||3%||false|false&#8221; custom_padding_phone=&#8221;2%||||false|false&#8221; top_divider_style=&#8221;slant&#8221; top_divider_color=&#8221;#FFFFFF&#8221; top_divider_flip=&#8221;horizontal|vertical&#8221; bottom_divider_flip=&#8221;horizontal&#8221; locked=&#8221;off&#8221; global_colors_info=&#8221;{}&#8221;][et_pb_row custom_padding_last_edited=&#8221;off|phone&#8221; admin_label=&#8221;Title Area&#8221; _builder_version=&#8221;4.25.1&#8243; background_color=&#8221;rgba(0,0,0,0)&#8221; width=&#8221;100%&#8221; module_alignment=&#8221;center&#8221; custom_margin=&#8221;5%||0px||false|false&#8221; custom_padding=&#8221;|0px|0px|0px|false|false&#8221; custom_padding_tablet=&#8221;3%|0px|0.2%|0px|false|false&#8221; custom_padding_phone=&#8221;8%||||false|false&#8221; locked=&#8221;off&#8221; global_colors_info=&#8221;{}&#8221;][et_pb_column type=&#8221;4_4&#8243; _builder_version=&#8221;4.16&#8243; custom_padding=&#8221;|||&#8221; global_colors_info=&#8221;{}&#8221; custom_padding__hover=&#8221;|||&#8221;][et_pb_text _builder_version=&#8221;4.25.1&#8243; text_font_size=&#8221;16px&#8221; max_width=&#8221;90%&#8221; module_alignment=&#8221;center&#8221; custom_margin=&#8221;||||false|false&#8221; custom_margin_tablet=&#8221;||||false|false&#8221; custom_margin_phone=&#8221;||||false|false&#8221; custom_margin_last_edited=&#8221;on|desktop&#8221; custom_padding=&#8221;||||false|false&#8221; global_colors_info=&#8221;{}&#8221;]<h3 style=\"text-align: center\">Concentrarsi su poche priorit\u00e0 per volta<\/h3>\n<p style=\"text-align: justify\"><\/p>[\/et_pb_text][et_pb_text _builder_version=&#8221;4.25.1&#8243; text_font_size=&#8221;16px&#8221; max_width=&#8221;90%&#8221; module_alignment=&#8221;center&#8221; custom_margin=&#8221;||||false|false&#8221; custom_margin_tablet=&#8221;||||false|false&#8221; custom_margin_phone=&#8221;||||false|false&#8221; custom_margin_last_edited=&#8221;on|desktop&#8221; custom_padding=&#8221;||||false|false&#8221; global_colors_info=&#8221;{}&#8221;]<p style=\"text-align: justify\"><span style=\"font-weight: 400\">Per evitare di disperdere energie umane e finanziarie importanti, \u00e8 utile <\/span><b>concentrarsi su due, massimo tre priorit\u00e0 per volta<\/b><span style=\"font-weight: 400\">, congelando gli altri progetti che non siano strettamente necessari. Importante \u00e8 focalizzare su quanto si sta gi\u00e0 facendo, completarlo e celebrare i risultati, evitando di aggiungere ulteriori iniziative e obiettivi che inevitabilmente genererebbero affaticamento della struttura e frustrazione nel team.<\/span><\/p>\n<p style=\"text-align: justify\"><span style=\"font-size: 16px\">Nella realizzazione del <\/span><span style=\"font-size: 16px\">cambiamento aziendale<\/span><span style=\"font-size: 16px\"> <\/span><b style=\"font-size: 16px\">un altro errore da evitare \u00e8 pretendere la perfezione<\/b><span style=\"font-size: 16px\">, aspettare il momento o la soluzione perfetta, cos\u00ec come perdere concentrazione durante le fasi di implementazione delle azioni definite.<\/span><\/p>\n<p style=\"text-align: justify\"><span style=\"font-weight: 400\">Mantenere tutte le persone focalizzate sull\u2019obiettivo e non perdere lo slancio iniziale \u00e8 fondamentale. La scarsa perseveranza nella realizzazione di un progetto \u00e8 spesso conseguenza dell&#8217;<\/span><b>assenza di focus o chiarezza<\/b><span style=\"font-weight: 400\"> dell&#8217;obiettivo.<\/span><\/p>\n<p style=\"text-align: justify\"><span style=\"font-weight: 400\">Molti cambiamenti falliscono perch\u00e9 vengono diluiti nel tempo e\/o le persone non ne percepiscono la reale urgenza. <\/span><b>La velocit\u00e0 \u00e8 un valore <\/b><span style=\"font-weight: 400\">nonch\u00e8 un fattore di vantaggio competitivo perch\u00e9 pu\u00f2 consentire di raggiungere l\u2019obiettivo prima che lo facciano i concorrenti.<\/span><\/p>[\/et_pb_text][\/et_pb_column][\/et_pb_row][\/et_pb_section][et_pb_section fb_built=&#8221;1&#8243; custom_padding_last_edited=&#8221;on|desktop&#8221; disabled_on=&#8221;off|off|off&#8221; _builder_version=&#8221;4.25.1&#8243; background_color=&#8221;#012c3f&#8221; background_enable_image=&#8221;off&#8221; min_height=&#8221;550px&#8221; min_height_tablet=&#8221;400px&#8221; min_height_phone=&#8221;350px&#8221; min_height_last_edited=&#8221;on|desktop&#8221; custom_margin=&#8221;||||false|false&#8221; custom_padding=&#8221;6%||6%||true|false&#8221; custom_padding_tablet=&#8221;10%||||false|false&#8221; custom_padding_phone=&#8221;30%||10%||false|false&#8221; top_divider_style=&#8221;slant&#8221; top_divider_color=&#8221;#e6e6e6&#8243; top_divider_flip=&#8221;vertical|horizontal&#8221; top_divider_height_tablet=&#8221;80px&#8221; top_divider_height_phone=&#8221;60px&#8221; top_divider_height_last_edited=&#8221;on|phone&#8221; bottom_divider_color=&#8221;#e6e6e6&#8243; bottom_divider_flip=&#8221;vertical&#8221; background_color_tablet=&#8221;#002737&#8243; background_last_edited=&#8221;off|desktop&#8221; background_enable_color_tablet=&#8221;on&#8221; use_background_color_gradient_tablet=&#8221;off&#8221; background_enable_image_tablet=&#8221;off&#8221; locked=&#8221;off&#8221; global_colors_info=&#8221;{}&#8221;][et_pb_row admin_label=&#8221;Title Area&#8221; _builder_version=&#8221;4.21.0&#8243; background_color=&#8221;rgba(0,0,0,0)&#8221; width=&#8221;100%&#8221; module_alignment=&#8221;center&#8221; custom_margin=&#8221;||||false|false&#8221; custom_padding=&#8221;|0px|0px|0px|false|false&#8221; locked=&#8221;off&#8221; global_colors_info=&#8221;{}&#8221;][et_pb_column type=&#8221;4_4&#8243; _builder_version=&#8221;4.16&#8243; custom_padding=&#8221;|||&#8221; global_colors_info=&#8221;{}&#8221; custom_padding__hover=&#8221;|||&#8221;][et_pb_text disabled_on=&#8221;off|off|off&#8221; admin_label=&#8221;Title&#8221; _builder_version=&#8221;4.25.1&#8243; text_font=&#8221;||||||||&#8221; text_text_color=&#8221;#ffffff&#8221; header_font=&#8221;Prata||||||||&#8221; header_2_font=&#8221;Montserrat|700|||||||&#8221; header_2_text_align=&#8221;center&#8221; header_2_text_color=&#8221;#FFFFFF&#8221; header_2_font_size=&#8221;30px&#8221; header_3_text_align=&#8221;center&#8221; header_3_text_color=&#8221;#FFFFFF&#8221; custom_margin=&#8221;3%||3%||true|false&#8221; custom_margin_tablet=&#8221;3%|1%|3%|1%|true|true&#8221; custom_margin_phone=&#8221;3%|1%|3%|1%|true|true&#8221; custom_margin_last_edited=&#8221;on|tablet&#8221; custom_padding=&#8221;||0px|||&#8221; animation_style=&#8221;fade&#8221; animation_direction=&#8221;top&#8221; animation_duration=&#8221;1350ms&#8221; animation_starting_opacity=&#8221;100%&#8221; locked=&#8221;off&#8221; inline_fonts=&#8221;Prata,Montserrat&#8221; global_colors_info=&#8221;{}&#8221;]<h2>Strategie e tattiche per il cambiamento: i punti di appoggio<\/h2>[\/et_pb_text][et_pb_text _builder_version=&#8221;4.25.1&#8243; text_text_color=&#8221;#FFFFFF&#8221; text_font_size=&#8221;16px&#8221; max_width=&#8221;90%&#8221; module_alignment=&#8221;center&#8221; custom_margin=&#8221;||||false|false&#8221; custom_margin_tablet=&#8221;||||false|false&#8221; custom_margin_phone=&#8221;||||false|false&#8221; custom_margin_last_edited=&#8221;on|desktop&#8221; custom_padding=&#8221;||||false|false&#8221; global_colors_info=&#8221;{}&#8221;]<p style=\"text-align: justify\"><span style=\"font-weight: 400\">In un contesto di urgenza e di velocit\u00e0 non si pu\u00f2 restare al passo dei pi\u00f9 resistenti o dei pi\u00f9 riluttanti; <\/span><b>\u00e8 inutile perdere tempo a convincere i pi\u00f9 diffidenti <\/b><span style=\"font-weight: 400\">cos\u00ec come cercare un consenso maggioritario su ogni decisione.<\/span><\/p>\n<p style=\"text-align: justify\"><span style=\"font-weight: 400\">Occorre invece ascoltare e comprendere l\u2019organizzazione, le motivazioni e le resistenze, gli stakeholder interni ed esterni, e <\/span><b>puntare subito sugli \u201csponsor\u201d del cambiamento<\/b><span style=\"font-weight: 400\">, anche se sono pochi, assicurandosi di riconoscere loro l\u2019impegno profuso.<\/span><\/p>\n<p style=\"text-align: justify\"><span style=\"font-weight: 400\">Secondo l\u2019approccio proposto da EIM, nella creazione del team che dovr\u00e0 gestire il cambiamento \u00e8 importante <\/span><b>assemblare il giusto mix di competenze<\/b><span style=\"font-weight: 400\"> tra strategist, tecnici e figure operative. Devono far parte della squadra:<\/span><\/p>\n<ul style=\"text-align: justify\">\n<li style=\"font-weight: 400\"><span style=\"font-weight: 400\">leader e sponsor, che abbracciano il cambiamento e ispirano gli altri;<\/span><\/li>\n<li style=\"font-weight: 400\"><span style=\"font-weight: 400\">key people, che possono agire grazie alla loro posizione gerarchica;<\/span><\/li>\n<li style=\"font-weight: 400\"><span style=\"font-weight: 400\">esperti, che conoscono la materia e possono contribuire alla individuazione delle soluzioni e prendere le necessarie decisioni;<\/span><\/li>\n<li style=\"font-weight: 400\"><span style=\"font-weight: 400\">operativi, che sperimentano, adottano e realizzano i nuovi modelli.<\/span><\/li>\n<\/ul>\n<p style=\"text-align: justify\"><span style=\"font-weight: 400\">I project leader devono scendere nell\u2019operativit\u00e0 e nel dettaglio delle azioni, analizzando accuratamente il <\/span><span style=\"font-weight: 400\">campo di azione e decidendo come i collaboratori debbano eseguire i loro task. Devono soprattutto <\/span><b>illustrare con chiarezza il nuovo modello che hanno disegnato<\/b><span style=\"font-weight: 400\">, dando l\u2019esempio e affiancando sul campo le persone per accompagnarle verso l\u2019adozione di comportamenti virtuosi.<\/span><\/p>[\/et_pb_text][\/et_pb_column][\/et_pb_row][\/et_pb_section][et_pb_section fb_built=&#8221;1&#8243; disabled_on=&#8221;off|off|off&#8221; _builder_version=&#8221;4.25.1&#8243; background_color=&#8221;RGBA(255,255,255,0)&#8221; use_background_color_gradient=&#8221;on&#8221; background_color_gradient_direction=&#8221;69deg&#8221; background_color_gradient_stops=&#8221;rgba(255,255,255,0) 40%|rgba(255,255,255,0) 40%&#8221; background_color_gradient_overlays_image=&#8221;on&#8221; background_color_gradient_start=&#8221;rgba(255,255,255,0)&#8221; background_color_gradient_start_position=&#8221;40%&#8221; background_color_gradient_end=&#8221;rgba(255,255,255,0)&#8221; background_color_gradient_end_position=&#8221;0%&#8221; background_image=&#8221;https:\/\/www.eim.com\/it\/wp-content\/uploads\/sites\/5\/2024\/06\/cambiamento-accelerato-interim-manager.jpg&#8221; min_height=&#8221;650px&#8221; min_height_tablet=&#8221;400px&#8221; min_height_phone=&#8221;350px&#8221; min_height_last_edited=&#8221;on|desktop&#8221; custom_margin=&#8221;||||false|false&#8221; custom_padding=&#8221;4px||4px||true|false&#8221; top_divider_style=&#8221;slant&#8221; top_divider_color=&#8221;#012c3f&#8221; top_divider_flip=&#8221;vertical|horizontal&#8221; top_divider_height_tablet=&#8221;80px&#8221; top_divider_height_phone=&#8221;70px&#8221; top_divider_height_last_edited=&#8221;on|phone&#8221; bottom_divider_style=&#8221;slant&#8221; bottom_divider_color=&#8221;#e6e6e6&#8243; bottom_divider_flip=&#8221;horizontal&#8221; bottom_divider_height_tablet=&#8221;80px&#8221; bottom_divider_height_phone=&#8221;70px&#8221; bottom_divider_height_last_edited=&#8221;on|phone&#8221; locked=&#8221;off&#8221; global_colors_info=&#8221;{}&#8221;][\/et_pb_section][et_pb_section fb_built=&#8221;1&#8243; custom_padding_last_edited=&#8221;on|tablet&#8221; disabled_on=&#8221;off|off|off&#8221; _builder_version=&#8221;4.24.0&#8243; background_color=&#8221;#e6e6e6&#8243; custom_margin=&#8221;||||false|false&#8221; custom_padding=&#8221;0px||0px||false|false&#8221; custom_padding_tablet=&#8221;3%||3%||false|false&#8221; custom_padding_phone=&#8221;10%||10%||true|false&#8221; top_divider_color=&#8221;#FFFFFF&#8221; bottom_divider_flip=&#8221;horizontal&#8221; locked=&#8221;off&#8221; global_colors_info=&#8221;{}&#8221;][et_pb_row custom_padding_last_edited=&#8221;off|phone&#8221; admin_label=&#8221;Title Area&#8221; _builder_version=&#8221;4.16&#8243; background_color=&#8221;rgba(0,0,0,0)&#8221; width=&#8221;100%&#8221; module_alignment=&#8221;center&#8221; custom_margin=&#8221;||||false|false&#8221; custom_padding=&#8221;|0px|0px|0px|false|false&#8221; custom_padding_tablet=&#8221;3%|0px|0.2%|0px|false|false&#8221; custom_padding_phone=&#8221;8%||||false|false&#8221; locked=&#8221;off&#8221; global_colors_info=&#8221;{}&#8221;][et_pb_column type=&#8221;4_4&#8243; _builder_version=&#8221;4.16&#8243; custom_padding=&#8221;|||&#8221; global_colors_info=&#8221;{}&#8221; custom_padding__hover=&#8221;|||&#8221;][et_pb_text disabled_on=&#8221;off|off|off&#8221; admin_label=&#8221;Title&#8221; _builder_version=&#8221;4.25.1&#8243; text_font=&#8221;||||||||&#8221; text_text_color=&#8221;#ffffff&#8221; header_font=&#8221;Prata||||||||&#8221; header_2_font=&#8221;Montserrat|700|||||||&#8221; header_2_text_align=&#8221;center&#8221; header_2_text_color=&#8221;#012c3f&#8221; header_2_font_size=&#8221;30px&#8221; custom_margin=&#8221;3%||3%||true|false&#8221; custom_margin_tablet=&#8221;|1%||1%|true|true&#8221; custom_margin_phone=&#8221;|1%||1%|true|true&#8221; custom_margin_last_edited=&#8221;on|tablet&#8221; custom_padding=&#8221;||0px|||&#8221; animation_style=&#8221;fade&#8221; animation_direction=&#8221;top&#8221; animation_duration=&#8221;1350ms&#8221; animation_starting_opacity=&#8221;100%&#8221; locked=&#8221;off&#8221; inline_fonts=&#8221;Prata,Montserrat&#8221; global_colors_info=&#8221;{}&#8221;]<h3 style=\"text-align: center\">Ascoltare, comunicare, condividere<\/h3>[\/et_pb_text][\/et_pb_column][\/et_pb_row][et_pb_row custom_padding_last_edited=&#8221;off|phone&#8221; admin_label=&#8221;Title Area&#8221; _builder_version=&#8221;4.25.0&#8243; background_color=&#8221;rgba(0,0,0,0)&#8221; width=&#8221;100%&#8221; module_alignment=&#8221;center&#8221; custom_margin=&#8221;||||false|false&#8221; custom_padding=&#8221;|0px|5%|0px|false|false&#8221; custom_padding_tablet=&#8221;3%|0px|0.2%|0px|false|false&#8221; custom_padding_phone=&#8221;8%||||false|false&#8221; locked=&#8221;off&#8221; global_colors_info=&#8221;{}&#8221;][et_pb_column type=&#8221;4_4&#8243; _builder_version=&#8221;4.16&#8243; custom_padding=&#8221;|||&#8221; global_colors_info=&#8221;{}&#8221; custom_padding__hover=&#8221;|||&#8221;][et_pb_text _builder_version=&#8221;4.25.1&#8243; text_font_size=&#8221;16px&#8221; max_width=&#8221;90%&#8221; module_alignment=&#8221;center&#8221; custom_margin=&#8221;||||false|false&#8221; custom_margin_tablet=&#8221;||||false|false&#8221; custom_margin_phone=&#8221;||||false|false&#8221; custom_margin_last_edited=&#8221;on|desktop&#8221; custom_padding=&#8221;||||false|false&#8221; global_colors_info=&#8221;{}&#8221;]<p style=\"text-align: justify\"><span style=\"font-weight: 400\">Il successo di un piano di cambiamento passa spesso attraverso l\u2019allineamento continuo fra <\/span><b>tre gruppi di attori<\/b><span style=\"font-weight: 400\">:<\/span><\/p>\n<ul style=\"text-align: justify\">\n<li style=\"font-weight: 400\"><span style=\"font-weight: 400\">i top manager, che definiscono e approvano le strategie<\/span><span style=\"font-weight: 400\">;<\/span><\/li>\n<li style=\"font-weight: 400\"><span style=\"font-weight: 400\">i responsabili di business, che traducono le strategie in progetti nelle rispettive aree<\/span><span style=\"font-weight: 400\">;<\/span><\/li>\n<li style=\"font-weight: 400\"><span style=\"font-weight: 400\">i capi progetto, che gestiscono l\u2019esecuzione e la realizzazione degli obiettivi<\/span>.<\/li>\n<\/ul>\n<p style=\"text-align: justify\"><span style=\"font-size: 16px\">Il dialogo continuo e sistematico fra questi tre gruppi di stakeholder \u00e8 <\/span><b style=\"font-size: 16px\">uno dei fattori pi\u00f9 importanti per il successo del <\/b><b style=\"font-size: 16px\">cambiamento<\/b><span style=\"font-size: 16px\"> <\/span><b style=\"font-size: 16px\">aziendale<\/b><span style=\"font-size: 16px\"> <\/span><span style=\"font-size: 16px\">perch\u00e9 consente di avere trasparenza sull\u2019andamento delle attivit\u00e0 e di intervenire, se necessario, per correggere i percorsi e le azioni in essere.<\/span><\/p>\n<p style=\"text-align: justify\"><span style=\"font-weight: 400\">Comunicare vuol dire ascoltare: ognuno deve poter esporre il proprio punto di vista, si devono raccogliere tutte le critiche, <\/span><b>ci si deve confrontare costantemente <\/b><span style=\"font-weight: 400\">con tutti gli attori coinvolti nella gestione attiva del progetto.<\/span><\/p>\n<p style=\"text-align: justify\"><span style=\"font-weight: 400\">Per EIM, quindi, il project manager dev\u2019essere anche e soprattutto un ottimo comunicatore. <\/span><b>Saper creare consenso intorno al progetto<\/b><span style=\"font-weight: 400\"> \u00e8, anzi, il prerequisito che EIM pone per il successo dell\u2019intervento: non solo al momento della scelta del manager, ma verificando continuamente lo sviluppo del progetto in occasione dei momenti di condivisione con l\u2019imprenditore e con lo stesso manager. Entrambi devono <\/span><b>catalizzare la giusta attenzione intorno al programma avendo il consenso dalla maggioranza degli stakeholder coinvolti<\/b><span style=\"font-weight: 400\">, arruolando il pi\u00f9 alto numero possibile di agenti del cambiamento lungo il percorso e dimostrando autorevolezza e capacit\u00e0 nel comprendere sia le persone sia l\u2019organizzazione.<\/span><\/p>\n<p style=\"text-align: justify\"><\/p>\n<p style=\"text-align: justify\"><span style=\"font-weight: 400\">Tutto questo crea motivazione e <\/span><b>contribuisce in maniera decisiva<\/b><span style=\"font-weight: 400\"> al <\/span><span style=\"font-weight: 400\">cambiamento aziendale<\/span><span style=\"font-weight: 400\">.<\/span><\/p>[\/et_pb_text][\/et_pb_column][\/et_pb_row][\/et_pb_section][et_pb_section fb_built=&#8221;1&#8243; custom_padding_last_edited=&#8221;on|phone&#8221; disabled_on=&#8221;off|off|off&#8221; _builder_version=&#8221;4.25.0&#8243; background_color=&#8221;#db9300&#8243; custom_margin=&#8221;0%||||false|false&#8221; custom_padding_tablet=&#8221;80px||||false|false&#8221; custom_padding_phone=&#8221;100px||||false|false&#8221; top_divider_style=&#8221;slant&#8221; top_divider_color=&#8221;#e6e6e6&#8243; top_divider_height_tablet=&#8221;80px&#8221; top_divider_height_phone=&#8221;70px&#8221; top_divider_height_last_edited=&#8221;on|phone&#8221; bottom_divider_color=&#8221;#ffffff&#8221; bottom_divider_flip=&#8221;horizontal&#8221; locked=&#8221;off&#8221; global_colors_info=&#8221;{}&#8221;][et_pb_row _builder_version=&#8221;4.16&#8243; custom_margin=&#8221;-40px|auto||auto|false|false&#8221; custom_padding=&#8221;||0.5%||false|false&#8221; global_colors_info=&#8221;{}&#8221;][et_pb_column type=&#8221;4_4&#8243; _builder_version=&#8221;4.16&#8243; global_colors_info=&#8221;{}&#8221;][et_pb_text admin_label=&#8221;Title&#8221; _builder_version=&#8221;4.25.1&#8243; text_font=&#8221;||||||||&#8221; text_text_color=&#8221;#ffffff&#8221; text_font_size=&#8221;20px&#8221; header_font=&#8221;Prata||||||||&#8221; header_2_font=&#8221;Montserrat|700|||||||&#8221; header_2_text_align=&#8221;center&#8221; header_2_font_size=&#8221;30px&#8221; custom_margin=&#8221;10%||||false|false&#8221; custom_padding=&#8221;||0px|||&#8221; animation_style=&#8221;fade&#8221; animation_direction=&#8221;top&#8221; animation_duration=&#8221;1350ms&#8221; animation_starting_opacity=&#8221;100%&#8221; inline_fonts=&#8221;Prata,Montserrat&#8221; global_colors_info=&#8221;{}&#8221;]<p style=\"text-align: center\"><strong>Per conoscere tutti i dettagli sulla gestione del cambiamento aziendale<br \/><\/strong><em>e scoprire di pi\u00f9 sull\u2019approccio che EIM adotta<\/em><\/p>[\/et_pb_text][et_pb_button button_url=&#8221;https:\/\/www.eim.com\/it\/contatti\/&#8221; button_text=&#8221;CONTATTACI&#8221; button_alignment=&#8221;center&#8221; disabled_on=&#8221;off|off|off&#8221; _builder_version=&#8221;4.21.0&#8243; _module_preset=&#8221;default&#8221; background_layout=&#8221;dark&#8221; custom_margin=&#8221;25px||||false|false&#8221; global_colors_info=&#8221;{}&#8221;][\/et_pb_button][et_pb_code _builder_version=&#8221;4.19.3&#8243; _module_preset=&#8221;default&#8221; global_colors_info=&#8221;{}&#8221;][\/et_pb_code][\/et_pb_column][\/et_pb_row][\/et_pb_section]\n","protected":false},"excerpt":{"rendered":"<p>Spesso le aziende, per restare competitive, devono essere in grado di riposizionarsi: quali figure sono pi\u00f9 adatte a governare il cambiamento aziendale?<\/p>\n","protected":false},"author":2,"featured_media":18851,"comment_status":"closed","ping_status":"open","sticky":false,"template":"","format":"standard","meta":{"_et_pb_use_builder":"on","_et_pb_old_content":"","_et_gb_content_width":"2880","footnotes":""},"categories":[2193,811],"tags":[],"class_list":["post-18067","post","type-post","status-publish","format-standard","has-post-thumbnail","hentry","category-carosello","category-efficienza-operativa"],"yoast_head":"<!-- This site is optimized with the Yoast SEO Premium plugin v27.5 (Yoast SEO v27.5) - https:\/\/yoast.com\/product\/yoast-seo-premium-wordpress\/ -->\n<title>Le regole del cambiamento aziendale accelerato - EIM Italia<\/title>\n<meta name=\"description\" content=\"Spesso le aziende, per restare competitive, devono essere in grado di riposizionarsi: quali figure sono pi\u00f9 adatte a governare il cambiamento aziendale?\" \/>\n<meta name=\"robots\" content=\"index, follow, max-snippet:-1, max-image-preview:large, max-video-preview:-1\" \/>\n<link rel=\"canonical\" href=\"https:\/\/www.eim.com\/it\/efficienza-operativa\/cambiamento-aziendale\/\" \/>\n<meta property=\"og:locale\" content=\"it_IT\" \/>\n<meta property=\"og:type\" content=\"article\" \/>\n<meta property=\"og:title\" content=\"Le regole del cambiamento aziendale accelerato\" \/>\n<meta property=\"og:description\" content=\"Spesso le aziende, per restare competitive, devono essere in grado di riposizionarsi: quali figure sono pi\u00f9 adatte a governare il cambiamento aziendale?\" \/>\n<meta property=\"og:url\" content=\"https:\/\/www.eim.com\/it\/efficienza-operativa\/cambiamento-aziendale\/\" \/>\n<meta property=\"og:site_name\" content=\"EIM Italia\" \/>\n<meta property=\"article:published_time\" content=\"2024-06-10T08:00:00+00:00\" \/>\n<meta property=\"article:modified_time\" content=\"2024-11-18T14:04:08+00:00\" \/>\n<meta property=\"og:image\" content=\"https:\/\/www.eim.com\/it\/wp-content\/uploads\/sites\/5\/2024\/11\/cambiamento-accelerato-50-10080.jpg\" \/>\n\t<meta property=\"og:image:width\" content=\"1200\" \/>\n\t<meta property=\"og:image:height\" content=\"630\" \/>\n\t<meta property=\"og:image:type\" content=\"image\/jpeg\" \/>\n<meta name=\"author\" content=\"eimworld\" \/>\n<meta name=\"twitter:card\" content=\"summary_large_image\" \/>\n<meta name=\"twitter:label1\" content=\"Scritto da\" \/>\n\t<meta name=\"twitter:data1\" content=\"eimworld\" \/>\n\t<meta name=\"twitter:label2\" content=\"Tempo di lettura stimato\" \/>\n\t<meta name=\"twitter:data2\" content=\"6 minuti\" \/>\n<script type=\"application\/ld+json\" class=\"yoast-schema-graph\">{\"@context\":\"https:\\\/\\\/schema.org\",\"@graph\":[{\"@type\":\"Article\",\"@id\":\"https:\\\/\\\/www.eim.com\\\/it\\\/efficienza-operativa\\\/cambiamento-aziendale\\\/#article\",\"isPartOf\":{\"@id\":\"https:\\\/\\\/www.eim.com\\\/it\\\/efficienza-operativa\\\/cambiamento-aziendale\\\/\"},\"author\":{\"name\":\"eimworld\",\"@id\":\"https:\\\/\\\/www.eim.com\\\/it\\\/#\\\/schema\\\/person\\\/82c5e4b03b7af649944ed10552319b91\"},\"headline\":\"Le regole del cambiamento aziendale accelerato\",\"datePublished\":\"2024-06-10T08:00:00+00:00\",\"dateModified\":\"2024-11-18T14:04:08+00:00\",\"mainEntityOfPage\":{\"@id\":\"https:\\\/\\\/www.eim.com\\\/it\\\/efficienza-operativa\\\/cambiamento-aziendale\\\/\"},\"wordCount\":3738,\"publisher\":{\"@id\":\"https:\\\/\\\/www.eim.com\\\/it\\\/#organization\"},\"image\":{\"@id\":\"https:\\\/\\\/www.eim.com\\\/it\\\/efficienza-operativa\\\/cambiamento-aziendale\\\/#primaryimage\"},\"thumbnailUrl\":\"https:\\\/\\\/www.eim.com\\\/it\\\/wp-content\\\/uploads\\\/sites\\\/5\\\/2024\\\/11\\\/cambiamento-accelerato-50-10080.jpg\",\"articleSection\":[\"Carosello\",\"Efficienza operativa\"],\"inLanguage\":\"it-IT\"},{\"@type\":\"WebPage\",\"@id\":\"https:\\\/\\\/www.eim.com\\\/it\\\/efficienza-operativa\\\/cambiamento-aziendale\\\/\",\"url\":\"https:\\\/\\\/www.eim.com\\\/it\\\/efficienza-operativa\\\/cambiamento-aziendale\\\/\",\"name\":\"Le regole del cambiamento aziendale accelerato - EIM Italia\",\"isPartOf\":{\"@id\":\"https:\\\/\\\/www.eim.com\\\/it\\\/#website\"},\"primaryImageOfPage\":{\"@id\":\"https:\\\/\\\/www.eim.com\\\/it\\\/efficienza-operativa\\\/cambiamento-aziendale\\\/#primaryimage\"},\"image\":{\"@id\":\"https:\\\/\\\/www.eim.com\\\/it\\\/efficienza-operativa\\\/cambiamento-aziendale\\\/#primaryimage\"},\"thumbnailUrl\":\"https:\\\/\\\/www.eim.com\\\/it\\\/wp-content\\\/uploads\\\/sites\\\/5\\\/2024\\\/11\\\/cambiamento-accelerato-50-10080.jpg\",\"datePublished\":\"2024-06-10T08:00:00+00:00\",\"dateModified\":\"2024-11-18T14:04:08+00:00\",\"description\":\"Spesso le aziende, per restare competitive, devono essere in grado di riposizionarsi: quali figure sono pi\u00f9 adatte a governare il cambiamento aziendale?\",\"breadcrumb\":{\"@id\":\"https:\\\/\\\/www.eim.com\\\/it\\\/efficienza-operativa\\\/cambiamento-aziendale\\\/#breadcrumb\"},\"inLanguage\":\"it-IT\",\"potentialAction\":[{\"@type\":\"ReadAction\",\"target\":[\"https:\\\/\\\/www.eim.com\\\/it\\\/efficienza-operativa\\\/cambiamento-aziendale\\\/\"]}]},{\"@type\":\"ImageObject\",\"inLanguage\":\"it-IT\",\"@id\":\"https:\\\/\\\/www.eim.com\\\/it\\\/efficienza-operativa\\\/cambiamento-aziendale\\\/#primaryimage\",\"url\":\"https:\\\/\\\/www.eim.com\\\/it\\\/wp-content\\\/uploads\\\/sites\\\/5\\\/2024\\\/11\\\/cambiamento-accelerato-50-10080.jpg\",\"contentUrl\":\"https:\\\/\\\/www.eim.com\\\/it\\\/wp-content\\\/uploads\\\/sites\\\/5\\\/2024\\\/11\\\/cambiamento-accelerato-50-10080.jpg\",\"width\":1200,\"height\":630},{\"@type\":\"BreadcrumbList\",\"@id\":\"https:\\\/\\\/www.eim.com\\\/it\\\/efficienza-operativa\\\/cambiamento-aziendale\\\/#breadcrumb\",\"itemListElement\":[{\"@type\":\"ListItem\",\"position\":1,\"name\":\"Home\",\"item\":\"https:\\\/\\\/www.eim.com\\\/it\\\/\"},{\"@type\":\"ListItem\",\"position\":2,\"name\":\"Le regole del cambiamento aziendale accelerato\"}]},{\"@type\":\"WebSite\",\"@id\":\"https:\\\/\\\/www.eim.com\\\/it\\\/#website\",\"url\":\"https:\\\/\\\/www.eim.com\\\/it\\\/\",\"name\":\"EIM Italia\",\"description\":\"Siamo gli inventori dell&#039;Executive Interim Management\",\"publisher\":{\"@id\":\"https:\\\/\\\/www.eim.com\\\/it\\\/#organization\"},\"potentialAction\":[{\"@type\":\"SearchAction\",\"target\":{\"@type\":\"EntryPoint\",\"urlTemplate\":\"https:\\\/\\\/www.eim.com\\\/it\\\/?s={search_term_string}\"},\"query-input\":{\"@type\":\"PropertyValueSpecification\",\"valueRequired\":true,\"valueName\":\"search_term_string\"}}],\"inLanguage\":\"it-IT\"},{\"@type\":\"Organization\",\"@id\":\"https:\\\/\\\/www.eim.com\\\/it\\\/#organization\",\"name\":\"EIM\",\"url\":\"https:\\\/\\\/www.eim.com\\\/it\\\/\",\"logo\":{\"@type\":\"ImageObject\",\"inLanguage\":\"it-IT\",\"@id\":\"https:\\\/\\\/www.eim.com\\\/it\\\/#\\\/schema\\\/logo\\\/image\\\/\",\"url\":\"https:\\\/\\\/www.eim.com\\\/it\\\/wp-content\\\/uploads\\\/sites\\\/5\\\/2022\\\/02\\\/logo-eim-favicon2022.png\",\"contentUrl\":\"https:\\\/\\\/www.eim.com\\\/it\\\/wp-content\\\/uploads\\\/sites\\\/5\\\/2022\\\/02\\\/logo-eim-favicon2022.png\",\"width\":427,\"height\":427,\"caption\":\"EIM\"},\"image\":{\"@id\":\"https:\\\/\\\/www.eim.com\\\/it\\\/#\\\/schema\\\/logo\\\/image\\\/\"}},{\"@type\":\"Person\",\"@id\":\"https:\\\/\\\/www.eim.com\\\/it\\\/#\\\/schema\\\/person\\\/82c5e4b03b7af649944ed10552319b91\",\"name\":\"eimworld\",\"image\":{\"@type\":\"ImageObject\",\"inLanguage\":\"it-IT\",\"@id\":\"https:\\\/\\\/secure.gravatar.com\\\/avatar\\\/06dc2838cb0c066488cdb4b104beba474e6305a2d11cbb1fb7353f876daae9f3?s=96&d=mm&r=g\",\"url\":\"https:\\\/\\\/secure.gravatar.com\\\/avatar\\\/06dc2838cb0c066488cdb4b104beba474e6305a2d11cbb1fb7353f876daae9f3?s=96&d=mm&r=g\",\"contentUrl\":\"https:\\\/\\\/secure.gravatar.com\\\/avatar\\\/06dc2838cb0c066488cdb4b104beba474e6305a2d11cbb1fb7353f876daae9f3?s=96&d=mm&r=g\",\"caption\":\"eimworld\"},\"sameAs\":[\"https:\\\/\\\/eimworld.wpengine.com\"]}]}<\/script>\n<!-- \/ Yoast SEO Premium plugin. -->","yoast_head_json":{"title":"Le regole del cambiamento aziendale accelerato - EIM Italia","description":"Spesso le aziende, per restare competitive, devono essere in grado di riposizionarsi: quali figure sono pi\u00f9 adatte a governare il cambiamento aziendale?","robots":{"index":"index","follow":"follow","max-snippet":"max-snippet:-1","max-image-preview":"max-image-preview:large","max-video-preview":"max-video-preview:-1"},"canonical":"https:\/\/www.eim.com\/it\/efficienza-operativa\/cambiamento-aziendale\/","og_locale":"it_IT","og_type":"article","og_title":"Le regole del cambiamento aziendale accelerato","og_description":"Spesso le aziende, per restare competitive, devono essere in grado di riposizionarsi: quali figure sono pi\u00f9 adatte a governare il cambiamento aziendale?","og_url":"https:\/\/www.eim.com\/it\/efficienza-operativa\/cambiamento-aziendale\/","og_site_name":"EIM Italia","article_published_time":"2024-06-10T08:00:00+00:00","article_modified_time":"2024-11-18T14:04:08+00:00","og_image":[{"width":1200,"height":630,"url":"https:\/\/www.eim.com\/it\/wp-content\/uploads\/sites\/5\/2024\/11\/cambiamento-accelerato-50-10080.jpg","type":"image\/jpeg"}],"author":"eimworld","twitter_card":"summary_large_image","twitter_misc":{"Scritto da":"eimworld","Tempo di lettura stimato":"6 minuti"},"schema":{"@context":"https:\/\/schema.org","@graph":[{"@type":"Article","@id":"https:\/\/www.eim.com\/it\/efficienza-operativa\/cambiamento-aziendale\/#article","isPartOf":{"@id":"https:\/\/www.eim.com\/it\/efficienza-operativa\/cambiamento-aziendale\/"},"author":{"name":"eimworld","@id":"https:\/\/www.eim.com\/it\/#\/schema\/person\/82c5e4b03b7af649944ed10552319b91"},"headline":"Le regole del cambiamento aziendale accelerato","datePublished":"2024-06-10T08:00:00+00:00","dateModified":"2024-11-18T14:04:08+00:00","mainEntityOfPage":{"@id":"https:\/\/www.eim.com\/it\/efficienza-operativa\/cambiamento-aziendale\/"},"wordCount":3738,"publisher":{"@id":"https:\/\/www.eim.com\/it\/#organization"},"image":{"@id":"https:\/\/www.eim.com\/it\/efficienza-operativa\/cambiamento-aziendale\/#primaryimage"},"thumbnailUrl":"https:\/\/www.eim.com\/it\/wp-content\/uploads\/sites\/5\/2024\/11\/cambiamento-accelerato-50-10080.jpg","articleSection":["Carosello","Efficienza operativa"],"inLanguage":"it-IT"},{"@type":"WebPage","@id":"https:\/\/www.eim.com\/it\/efficienza-operativa\/cambiamento-aziendale\/","url":"https:\/\/www.eim.com\/it\/efficienza-operativa\/cambiamento-aziendale\/","name":"Le regole del cambiamento aziendale accelerato - EIM Italia","isPartOf":{"@id":"https:\/\/www.eim.com\/it\/#website"},"primaryImageOfPage":{"@id":"https:\/\/www.eim.com\/it\/efficienza-operativa\/cambiamento-aziendale\/#primaryimage"},"image":{"@id":"https:\/\/www.eim.com\/it\/efficienza-operativa\/cambiamento-aziendale\/#primaryimage"},"thumbnailUrl":"https:\/\/www.eim.com\/it\/wp-content\/uploads\/sites\/5\/2024\/11\/cambiamento-accelerato-50-10080.jpg","datePublished":"2024-06-10T08:00:00+00:00","dateModified":"2024-11-18T14:04:08+00:00","description":"Spesso le aziende, per restare competitive, devono essere in grado di riposizionarsi: quali figure sono pi\u00f9 adatte a governare il cambiamento aziendale?","breadcrumb":{"@id":"https:\/\/www.eim.com\/it\/efficienza-operativa\/cambiamento-aziendale\/#breadcrumb"},"inLanguage":"it-IT","potentialAction":[{"@type":"ReadAction","target":["https:\/\/www.eim.com\/it\/efficienza-operativa\/cambiamento-aziendale\/"]}]},{"@type":"ImageObject","inLanguage":"it-IT","@id":"https:\/\/www.eim.com\/it\/efficienza-operativa\/cambiamento-aziendale\/#primaryimage","url":"https:\/\/www.eim.com\/it\/wp-content\/uploads\/sites\/5\/2024\/11\/cambiamento-accelerato-50-10080.jpg","contentUrl":"https:\/\/www.eim.com\/it\/wp-content\/uploads\/sites\/5\/2024\/11\/cambiamento-accelerato-50-10080.jpg","width":1200,"height":630},{"@type":"BreadcrumbList","@id":"https:\/\/www.eim.com\/it\/efficienza-operativa\/cambiamento-aziendale\/#breadcrumb","itemListElement":[{"@type":"ListItem","position":1,"name":"Home","item":"https:\/\/www.eim.com\/it\/"},{"@type":"ListItem","position":2,"name":"Le regole del cambiamento aziendale accelerato"}]},{"@type":"WebSite","@id":"https:\/\/www.eim.com\/it\/#website","url":"https:\/\/www.eim.com\/it\/","name":"EIM Italia","description":"Siamo gli inventori dell&#039;Executive Interim Management","publisher":{"@id":"https:\/\/www.eim.com\/it\/#organization"},"potentialAction":[{"@type":"SearchAction","target":{"@type":"EntryPoint","urlTemplate":"https:\/\/www.eim.com\/it\/?s={search_term_string}"},"query-input":{"@type":"PropertyValueSpecification","valueRequired":true,"valueName":"search_term_string"}}],"inLanguage":"it-IT"},{"@type":"Organization","@id":"https:\/\/www.eim.com\/it\/#organization","name":"EIM","url":"https:\/\/www.eim.com\/it\/","logo":{"@type":"ImageObject","inLanguage":"it-IT","@id":"https:\/\/www.eim.com\/it\/#\/schema\/logo\/image\/","url":"https:\/\/www.eim.com\/it\/wp-content\/uploads\/sites\/5\/2022\/02\/logo-eim-favicon2022.png","contentUrl":"https:\/\/www.eim.com\/it\/wp-content\/uploads\/sites\/5\/2022\/02\/logo-eim-favicon2022.png","width":427,"height":427,"caption":"EIM"},"image":{"@id":"https:\/\/www.eim.com\/it\/#\/schema\/logo\/image\/"}},{"@type":"Person","@id":"https:\/\/www.eim.com\/it\/#\/schema\/person\/82c5e4b03b7af649944ed10552319b91","name":"eimworld","image":{"@type":"ImageObject","inLanguage":"it-IT","@id":"https:\/\/secure.gravatar.com\/avatar\/06dc2838cb0c066488cdb4b104beba474e6305a2d11cbb1fb7353f876daae9f3?s=96&d=mm&r=g","url":"https:\/\/secure.gravatar.com\/avatar\/06dc2838cb0c066488cdb4b104beba474e6305a2d11cbb1fb7353f876daae9f3?s=96&d=mm&r=g","contentUrl":"https:\/\/secure.gravatar.com\/avatar\/06dc2838cb0c066488cdb4b104beba474e6305a2d11cbb1fb7353f876daae9f3?s=96&d=mm&r=g","caption":"eimworld"},"sameAs":["https:\/\/eimworld.wpengine.com"]}]}},"_links":{"self":[{"href":"https:\/\/www.eim.com\/it\/wp-json\/wp\/v2\/posts\/18067","targetHints":{"allow":["GET"]}}],"collection":[{"href":"https:\/\/www.eim.com\/it\/wp-json\/wp\/v2\/posts"}],"about":[{"href":"https:\/\/www.eim.com\/it\/wp-json\/wp\/v2\/types\/post"}],"author":[{"embeddable":true,"href":"https:\/\/www.eim.com\/it\/wp-json\/wp\/v2\/users\/2"}],"replies":[{"embeddable":true,"href":"https:\/\/www.eim.com\/it\/wp-json\/wp\/v2\/comments?post=18067"}],"version-history":[{"count":0,"href":"https:\/\/www.eim.com\/it\/wp-json\/wp\/v2\/posts\/18067\/revisions"}],"wp:featuredmedia":[{"embeddable":true,"href":"https:\/\/www.eim.com\/it\/wp-json\/wp\/v2\/media\/18851"}],"wp:attachment":[{"href":"https:\/\/www.eim.com\/it\/wp-json\/wp\/v2\/media?parent=18067"}],"wp:term":[{"taxonomy":"category","embeddable":true,"href":"https:\/\/www.eim.com\/it\/wp-json\/wp\/v2\/categories?post=18067"},{"taxonomy":"post_tag","embeddable":true,"href":"https:\/\/www.eim.com\/it\/wp-json\/wp\/v2\/tags?post=18067"}],"curies":[{"name":"wp","href":"https:\/\/api.w.org\/{rel}","templated":true}]}}