{"id":17579,"date":"2024-01-18T08:00:00","date_gmt":"2024-01-18T07:00:00","guid":{"rendered":"https:\/\/www.eim.com\/it\/?p=17579"},"modified":"2024-01-22T09:48:16","modified_gmt":"2024-01-22T08:48:16","slug":"acquisizione-colibee","status":"publish","type":"post","link":"https:\/\/www.eim.com\/it\/news\/acquisizione-colibee\/","title":{"rendered":"EIM \u00e8 lieta di annunciare la stipula di un accordo per l&#8217;acquisizione di Colibee"},"content":{"rendered":"<p>[et_pb_section fb_built=&#8221;1&#8243; admin_label=&#8221;Hero Section&#8221; _builder_version=&#8221;4.22.1&#8243; background_color=&#8221;#002c3e&#8221; background_enable_image=&#8221;off&#8221; background_position=&#8221;top_center&#8221; height=&#8221;520px&#8221; custom_padding=&#8221;3%||0%||false|false&#8221; bottom_divider_style=&#8221;slant&#8221; bottom_divider_color=&#8221;#ffffff&#8221; bottom_divider_height=&#8221;150px&#8221; bottom_divider_flip=&#8221;horizontal&#8221; global_module=&#8221;10425&#8243; global_colors_info=&#8221;{}&#8221; background_color_gradient_direction__hover=&#8221;180deg&#8221; background_color_gradient_direction__hover_enabled=&#8221;180deg&#8221; background_color_gradient_start_position__hover=&#8221;0%&#8221; background_color_gradient_start_position__hover_enabled=&#8221;0%&#8221; background_color_gradient_end_position__hover=&#8221;100%&#8221; background_color_gradient_end_position__hover_enabled=&#8221;100%&#8221; background_color_gradient_stops__hover=&#8221;#2b87da 0%|#29c4a9 100%&#8221;][et_pb_row _builder_version=&#8221;4.22.1&#8243; _module_preset=&#8221;default&#8221; custom_padding=&#8221;||||false|false&#8221; global_colors_info=&#8221;{}&#8221;][et_pb_column type=&#8221;4_4&#8243; _builder_version=&#8221;4.22.1&#8243; _module_preset=&#8221;default&#8221; global_colors_info=&#8221;{}&#8221;][\/et_pb_column][\/et_pb_row][\/et_pb_section][et_pb_section fb_built=&#8221;1&#8243; disabled_on=&#8221;off|off|off&#8221; _builder_version=&#8221;4.16&#8243; background_color=&#8221;#ffffff&#8221; custom_margin=&#8221;||||false|false&#8221; custom_padding=&#8221;10px||||false|false&#8221; top_divider_style=&#8221;slant&#8221; top_divider_color=&#8221;#ffffff&#8221; bottom_divider_flip=&#8221;horizontal&#8221; global_colors_info=&#8221;{}&#8221;][et_pb_row admin_label=&#8221;Title Area&#8221; _builder_version=&#8221;4.16&#8243; background_color=&#8221;rgba(0,0,0,0)&#8221; width=&#8221;100%&#8221; module_alignment=&#8221;center&#8221; custom_margin=&#8221;||||false|false&#8221; custom_padding=&#8221;3%|0px|0.2%|0px|false|false&#8221; global_colors_info=&#8221;{}&#8221;][et_pb_column type=&#8221;4_4&#8243; _builder_version=&#8221;4.16&#8243; custom_padding=&#8221;|||&#8221; global_colors_info=&#8221;{}&#8221; custom_padding__hover=&#8221;|||&#8221;][et_pb_text _builder_version=&#8221;4.21.0&#8243; text_font_size=&#8221;16px&#8221; max_width=&#8221;90%&#8221; module_alignment=&#8221;center&#8221; custom_margin=&#8221;||5%||false|false&#8221; global_colors_info=&#8221;{}&#8221;]<\/p>\n<p style=\"text-align: right\"><a href=\"#english_title\"><strong><span style=\"text-decoration: underline;color: #db9300\">English version below<\/span><\/strong><\/a><\/p>\n<p>[\/et_pb_text][et_pb_text admin_label=&#8221;Title&#8221; _builder_version=&#8221;4.23.4&#8243; text_font=&#8221;||||||||&#8221; text_text_color=&#8221;#ffffff&#8221; header_font=&#8221;Prata||||||||&#8221; header_2_font=&#8221;Montserrat|700|||||||&#8221; header_2_text_align=&#8221;center&#8221; header_2_font_size=&#8221;30px&#8221; custom_margin=&#8221;||2%||false|false&#8221; custom_padding=&#8221;||0px|||&#8221; animation_style=&#8221;fade&#8221; animation_direction=&#8221;top&#8221; animation_duration=&#8221;1350ms&#8221; animation_starting_opacity=&#8221;100%&#8221; inline_fonts=&#8221;Prata,Montserrat&#8221; global_colors_info=&#8221;{}&#8221;]<\/p>\n<h2><span class=\"s4\">EIM \u00e8 lieta di annunciare l&#8217;acquisizione di Colibee, una delle principali societ\u00e0 indipendenti francesi in information technology e management consulting<br \/><\/span><\/h2>\n<p>[\/et_pb_text][\/et_pb_column][\/et_pb_row][et_pb_row make_equal=&#8221;on&#8221; admin_label=&#8221;Title Area&#8221; _builder_version=&#8221;4.22.2&#8243; background_color=&#8221;rgba(0,0,0,0)&#8221; width=&#8221;100%&#8221; module_alignment=&#8221;center&#8221; custom_margin=&#8221;||||false|false&#8221; custom_padding=&#8221;3%|0px|0.2%|0px|false|false&#8221; custom_css_main_element=&#8221;align-items: center;&#8221; global_colors_info=&#8221;{}&#8221; custom_css_main_element_last_edited=&#8221;on|desktop&#8221; custom_css_main_element_tablet=&#8221;align-items: center;&#8221; custom_css_main_element_phone=&#8221;align-items: center;&#8221;][et_pb_column type=&#8221;4_4&#8243; _builder_version=&#8221;4.17.3&#8243; _module_preset=&#8221;default&#8221; global_colors_info=&#8221;{}&#8221;][et_pb_text _builder_version=&#8221;4.23.4&#8243; text_font_size=&#8221;16px&#8221; max_width=&#8221;90%&#8221; module_alignment=&#8221;center&#8221; custom_margin=&#8221;||5%||false|false&#8221; locked=&#8221;off&#8221; global_colors_info=&#8221;{}&#8221;]<\/p>\n<p class=\"s13\" style=\"text-align: justify\"><span class=\"s7\">EIM, il leader internazionale dei servizi di <\/span><span class=\"s7\">Executive Interim Management<\/span><span class=\"s7\">, ha <\/span><span class=\"s7\">finalizzato<\/span><span class=\"s7\"> l&#8217;acquisizione di Colibee con sede a Parigi. Fondata nel 2008 da Olivier Fernandes, <strong>Colibee <\/strong><\/span><strong><span class=\"s7\">\u00e8 <\/span><\/strong><span class=\"s7\"><strong>un&#8217;azienda leader nella consulenza freelance<\/strong> che sfrutta una rete di oltre 1.000 consulenti indipendenti e <\/span><span class=\"s7\">interim <\/span><span class=\"s7\">manager <\/span><span class=\"s7\">specializzati in management consulting <\/span><span class=\"s7\">e consulenza tecnologi<\/span><span class=\"s7\">c<\/span><span class=\"s7\">a. Colibee fornisce<\/span><span class=\"s7\">,<\/span><span class=\"s7\"> <\/span><span class=\"s7\">a grandi gruppi francesi ed europei, <\/span><span class=\"s7\">consulenti <\/span><span class=\"s7\">qualificati <\/span><span class=\"s7\">con forte <\/span><span class=\"s7\">special<\/span><span class=\"s7\">izza<\/span><span class=\"s7\">z<\/span><span class=\"s7\">ione <\/span><span class=\"s7\">in <\/span><span class=\"s7\">Information Technology <\/span><span class=\"s7\">e <\/span><span class=\"s7\">Management consulting<\/span><span class=\"s7\">. <\/span><span class=\"s7\">Nel 2023<\/span><span class=\"s7\">, impiegando pi\u00f9 di 20 dipendenti, <\/span><span class=\"s7\">ha g<\/span><span class=\"s7\">enera<\/span><span class=\"s7\">to un fatturato di<\/span><span class=\"s7\"> circa 20 milioni di euro.<\/span><\/p>\n<p class=\"s13\" style=\"text-align: justify\"><span class=\"s14\">L&#8217;acquisizione di Colibee rafforza ulteriormente la posizione di leadership di EIM, <\/span><span class=\"s14\">permettendole di <\/span><span class=\"s14\">acquis<\/span><span class=\"s14\">ire <\/span><span class=\"s14\">un vantaggio strategico attraverso lo sviluppo d<\/span><span class=\"s14\">ella<\/span><span class=\"s14\"> nuova <\/span><span class=\"s14\">expertise<\/span><span class=\"s14\"> in Information Technology e <\/span><span class=\"s14\">Management Consulting <\/span><span class=\"s14\">e la <\/span><span class=\"s14\">possibilit\u00e0<\/span><span class=\"s14\"> di <\/span><span class=\"s14\">supportare meglio le esigenze attuali e future dei suoi clienti, rafforzando nel contempo <\/span><span class=\"s14\">la sua offerta di servizi di <\/span><span class=\"s14\">interim management<\/span><span class=\"s14\">.<\/span><\/p>\n<p class=\"s13\" style=\"text-align: justify\"><span class=\"s14\"><strong>Olivier Fernandes<\/strong>, fondatore di Colibee: <\/span><em><span class=\"s15\">&#8220;\u00c8 con grande entusiasmo che<\/span><span class=\"s15\">, per servire meglio una pi\u00f9 ampia gamma di clienti in termini di dimensioni e settore, <\/span><span class=\"s15\">stiamo unendo le nostre competenze complementari<\/span><span class=\"s15\"> <\/span><span class=\"s15\">con l\u2019obiettivo di <\/span><span class=\"s15\">liberare <\/span><span class=\"s15\">un forte potenziale di cross-selling in Francia e in tutta Europa.&#8221;<\/span><\/em><\/p>\n<p class=\"s13\" style=\"text-align: justify\"><span class=\"s14\"><strong>Michele Bruno<\/strong>, Presidente del gruppo EIM:<\/span><span class=\"s15\"> &#8220;Diamo un caloroso benvenuto a Colibee che diventa parte del nostro gruppo. Questa acquisizione strategica ci <\/span><span class=\"s15\">permette di <\/span><span class=\"s15\">espandere la nostra offerta di servizi, incorporando la consulenza on-demand in Management e Information Technology. Il nostro obiettivo \u00e8 migliorare la nostra capacit\u00e0 di supportare i clienti nei loro percorsi di trasformazione offrendo soluzioni flessibili e altamente professionali.&#8221;<\/span><\/p>\n<p class=\"s13\" style=\"text-align: justify\"><span class=\"s14\"><strong>Thierry Tomasov<\/strong>, Amministratore Delegato di EIM France: <\/span><em><span class=\"s15\">&#8220;Abbiamo identificato le competenze nel settore dell<\/span><span class=\"s15\">\u2019Information Technology<\/span><span class=\"s15\"> come fattore strategico chiave per la continua digitalizzazione delle aziende, <\/span><span class=\"s15\">ambito <\/span><span class=\"s15\">che prevediamo ricever\u00e0 un ulteriore impulso dalla crescita esplosiva dell&#8217;intelligenza artificiale e delle sfide <\/span><span class=\"s15\">connesse a<\/span><span class=\"s15\">lla gestione dei dati<\/span><span class=\"s15\">. Per ottenere un vantaggio<\/span><span class=\"s15\">competitivo<\/span><span class=\"s15\">, abbiamo deciso di aggiungere <\/span><span class=\"s15\">alla nostra offerta di servizi interim management premium <\/span><span class=\"s15\">queste competenze <\/span><span class=\"s15\">d<\/span><span class=\"s15\">&#8216;avanguardia attraverso l&#8217;acquisizione di un importante <\/span><span class=\"s15\">player<\/span><span class=\"s15\"> francese <\/span><span class=\"s15\">attivo <\/span><span class=\"s15\">in questo settore.&#8221;<\/span><\/em><\/p>\n<p class=\"s13\" style=\"text-align: justify\"><span class=\"s14\">L&#8217;operazione \u00e8 stata pienamente supportata da <\/span><span class=\"s14\">idiCo, lo <\/span><span class=\"s14\">sponsor finanziario di EIM.<\/span><\/p>\n<p class=\"s13\" style=\"text-align: justify\"><span class=\"s14\"><strong>Dr. Isa Schulz<\/strong>, Membro del <\/span><span class=\"s14\">CdA<\/span><span class=\"s14\"> di <\/span><span class=\"s14\">EIM e Direttore di idiCo:<\/span><em><span class=\"s15\"> &#8220;Siamo molto lieti di sostenere l&#8217;ambiziosa strategia di crescita esterna di EIM condividendo le nostre competenze. Dopo (i) l&#8217;ingresso in una nuova geografia attraverso l&#8217;acquisizione di Gronova e (ii) il consolidamento del mercato tedesco grazie all&#8217;integrazione di Management Angels lo scorso anno, questa operazione mostra il terzo pilastro del piano di buy &amp; build di EIM: <\/span><span class=\"s15\">l\u2019integrazione<\/span><span class=\"s15\"> di funzionalit\u00e0 in aree strategiche adiacenti come la gestione e la consulenza<\/span><span class=\"s15\"> <\/span><span class=\"s15\">in<\/span><span class=\"s15\"> Information Technolog<\/span><span class=\"s15\">y<\/span><span class=\"s15\">.&#8221;<\/span><\/em><\/p>\n<p>[\/et_pb_text][et_pb_text _builder_version=&#8221;4.23.4&#8243; text_font_size=&#8221;16px&#8221; max_width=&#8221;90%&#8221; module_alignment=&#8221;center&#8221; custom_margin=&#8221;||5%||false|false&#8221; locked=&#8221;off&#8221; global_colors_info=&#8221;{}&#8221;]<\/p>\n<h2 class=\"s16\"><strong><span class=\"s17\">Participant<\/span><span class=\"s17\">i<\/span><\/strong><\/h2>\n<p class=\"s19\"><strong><span class=\"s18\"><br \/>EIM<\/span><\/strong><\/p>\n<ul>\n<li class=\"s20\">\n<p>Michele Bruno, Presidente di EIM AG e Managing Partner di EIM Italia<\/p>\n<\/li>\n<li class=\"s20\">\n<p>Thierry Tomasov, Membro del Consiglio di amministrazione di EIM AG e Managing Partner di EIM France<\/p>\n<\/li>\n<li class=\"s20\">\n<p>Dr. Thomas Schneider, Membro del Consiglio di amministrazione di EIM AG e Managing Partner di EIM Germany<\/p>\n<\/li>\n<li class=\"s20\">\n<p>Nuh Tolga Aktuglu, CFO di gruppo<\/p>\n<\/li>\n<\/ul>\n<p class=\"s19\"><strong><span class=\"s18\">idiCo<\/span><\/strong><span class=\"s18\"><\/span><\/p>\n<ul>\n<li class=\"s20\">\n<p>St\u00e9phane Roussilhe, Partner<\/p>\n<\/li>\n<li class=\"s20\">\n<p>Dr. Isa Schulz, Direttore<\/p>\n<\/li>\n<li class=\"s20\">\n<p>Fran\u00e7ois Bernon, Presidente<\/p>\n<\/li>\n<li class=\"s20\">\n<p>Oksana Tordjman Bolis, Analista<\/p>\n<\/li>\n<\/ul>\n<p class=\"s20\"><strong><span class=\"s18\">Colibee<\/span><\/strong><\/p>\n<ul>\n<li class=\"s20\"><span class=\"s7\">Olivier Fernandes, <\/span><span class=\"s7\">F<\/span><span class=\"s7\">ondatore<\/span><\/li>\n<\/ul>\n<p><span class=\"s7\"><\/span><strong><span class=\"s18\">Advisors<\/span><\/strong><\/p>\n<ul>\n<li class=\"s20\"><span class=\"s7\">F<\/span><span class=\"s7\">inancial advisor<\/span><span class=\"s7\"> lato<\/span><span class=\"s7\"> <\/span><span class=\"s7\">acquirente<\/span><span class=\"s7\">: Advance Capital (Thomas R\u00e9cipon, Dylan Carry) <\/span><\/li>\n<li class=\"s20\"><span class=\"s7\">Le<\/span><span class=\"s7\">gal advisor<\/span><span class=\"s7\"> lato acquirente<\/span><span class=\"s7\">: <\/span><span class=\"s7\">Kalliope (Tanguy d&#8217;Everlange, Ava Sereshki)<\/span><span class=\"s7\"> and MLL (Nicola Benz)<\/span><\/li>\n<li class=\"s20\"><span class=\"s7\">F<\/span><span class=\"s7\">inancial advisor<\/span><span class=\"s7\"> lato venditore<\/span><span class=\"s7\">: SHD Conseil (Herv\u00e9 Uzan)<\/span><\/li>\n<li class=\"s20\"><span class=\"s7\">L<\/span><span class=\"s7\">egal advisor<\/span><span class=\"s7\"> lato venditore<\/span><span class=\"s7\">: Bretlim-Fortuny (Marie-Caroline Lafond, Clara Beguier)<\/span><\/li>\n<\/ul>\n<p>[\/et_pb_text][\/et_pb_column][\/et_pb_row][et_pb_row column_structure=&#8221;2_5,3_5&#8243; make_equal=&#8221;on&#8221; _builder_version=&#8221;4.23.4&#8243; _module_preset=&#8221;default&#8221; global_colors_info=&#8221;{}&#8221;][et_pb_column type=&#8221;2_5&#8243; _builder_version=&#8221;4.23.4&#8243; _module_preset=&#8221;default&#8221; custom_css_main_element=&#8221;display: flex;||    flex-direction: column;||    justify-content: center;&#8221; global_colors_info=&#8221;{}&#8221;][et_pb_image src=&#8221;https:\/\/www.eim.com\/it\/wp-content\/uploads\/sites\/5\/2024\/01\/colibee-cv-logo-color-1.png&#8221; title_text=&#8221;colibee-cv-logo-color&#8221; align=&#8221;center&#8221; _builder_version=&#8221;4.23.4&#8243; _module_preset=&#8221;default&#8221; width=&#8221;75%&#8221; width_tablet=&#8221;75%&#8221; width_phone=&#8221;55%&#8221; width_last_edited=&#8221;on|phone&#8221; global_colors_info=&#8221;{}&#8221;][\/et_pb_image][\/et_pb_column][et_pb_column type=&#8221;3_5&#8243; _builder_version=&#8221;4.23.4&#8243; _module_preset=&#8221;default&#8221; global_colors_info=&#8221;{}&#8221;][et_pb_text _builder_version=&#8221;4.23.4&#8243; text_font_size=&#8221;16px&#8221; max_width=&#8221;90%&#8221; module_alignment=&#8221;center&#8221; custom_margin=&#8221;||5%||false|false&#8221; locked=&#8221;off&#8221; global_colors_info=&#8221;{}&#8221;]<\/p>\n<p style=\"text-align: justify\">Colibee \u00e8 stata fondata nel 2008 in Francia per soddisfare la crescente domanda proveniente dai clienti di maggiore competenza e flessibilit\u00e0 ma anche quella dei consulenti in cerca di riconoscimento e indipendenza.<\/p>\n<p style=\"text-align: justify\">Colibee ha selezionato e sviluppato una rete di 1.000 leading consultant che condividono gli stessi valori dell\u2019azienda: competenza di alto livello, dovere di consiglio, senso di servizio verso i clienti, eccellenza.<\/p>\n<p style=\"text-align: justify\">In modo pionieristico, Colibee ha inventato un nuovo tipo di societ\u00e0 di consulenza tecnologica e gestionale e offre un doppio vantaggio: le esigenze e la qualit\u00e0 del servizio di una societ\u00e0 di consulenza combinata con la flessibilit\u00e0 e la competenza di consulenti freelance.<br \/><span><a href=\"http:\/\/www.colibee.com\"><span class=\"cqiun4t2 khvhiq1o r5qsrrlp i5tg98hk iqx13udk przvwfww qiohso4h gfz4du6o r7fjleex nz2484kf svot0ezm dcnh1tix sxl192xd t3g6t33p\"><span class=\"\">\ud83d\udd17 <\/span><\/span>www.colibee.com<\/a><\/span><\/p>\n<p>[\/et_pb_text][\/et_pb_column][\/et_pb_row][et_pb_row column_structure=&#8221;3_5,2_5&#8243; make_equal=&#8221;on&#8221; _builder_version=&#8221;4.23.4&#8243; _module_preset=&#8221;default&#8221; global_colors_info=&#8221;{}&#8221; custom_css_main_element_last_edited=&#8221;on|tablet&#8221; custom_css_main_element_tablet=&#8221;display: flex;||flex-direction: column-reverse;&#8221; custom_css_main_element_phone=&#8221;display: flex;||flex-direction: column-reverse;&#8221;][et_pb_column type=&#8221;3_5&#8243; _builder_version=&#8221;4.23.4&#8243; _module_preset=&#8221;default&#8221; global_colors_info=&#8221;{}&#8221;][et_pb_text _builder_version=&#8221;4.23.4&#8243; text_font_size=&#8221;16px&#8221; max_width=&#8221;90%&#8221; module_alignment=&#8221;center&#8221; custom_margin=&#8221;||5%||false|false&#8221; locked=&#8221;off&#8221; global_colors_info=&#8221;{}&#8221;]<\/p>\n<p style=\"text-align: justify\">Fondata nel 1989, EIM ha inventato il concetto di executive interim management. Da allora, con oltre 10.000 incarichi a suo nome e una rete di 30 uffici, il gruppo si \u00e8 affermato come leader di mercato in Europa con una presenza in tutti gli altri principali mercati del mondo. Con una community globale costantemente gestita di circa 35.000 senior executive esperti, EIM offre un <em>business breakthrough<\/em> in modo diverso, collaborando attivamente con clienti e manager durante tutto l&#8217;incarico per sbloccare il potenziale delle prestazioni, ovunque nel mondo, e soprattutto quando sono necessarie soluzioni rapide, trasformazione o risultati out-performing.<br \/><span class=\"cqiun4t2 khvhiq1o r5qsrrlp i5tg98hk iqx13udk przvwfww qiohso4h gfz4du6o r7fjleex nz2484kf svot0ezm dcnh1tix sxl192xd t3g6t33p\"><span class=\"\">\ud83d\udd17<\/span><\/span> <span><a href=\"http:\/\/www.eim.com\">www.eim.com<\/a><\/span><\/p>\n<p>[\/et_pb_text][\/et_pb_column][et_pb_column type=&#8221;2_5&#8243; _builder_version=&#8221;4.23.4&#8243; _module_preset=&#8221;default&#8221; custom_css_main_element=&#8221;display: flex;||    flex-direction: column;||    justify-content: center;&#8221; global_colors_info=&#8221;{}&#8221;][et_pb_image src=&#8221;https:\/\/www.eim.com\/it\/wp-content\/uploads\/sites\/5\/2021\/12\/logo-mobile-eim-1.png&#8221; title_text=&#8221;logo-mobile-eim (1)&#8221; align=&#8221;center&#8221; _builder_version=&#8221;4.23.4&#8243; _module_preset=&#8221;default&#8221; width_tablet=&#8221;&#8221; width_phone=&#8221;77%&#8221; width_last_edited=&#8221;on|phone&#8221; global_colors_info=&#8221;{}&#8221;][\/et_pb_image][\/et_pb_column][\/et_pb_row][et_pb_row column_structure=&#8221;2_5,3_5&#8243; make_equal=&#8221;on&#8221; _builder_version=&#8221;4.23.4&#8243; _module_preset=&#8221;default&#8221; global_colors_info=&#8221;{}&#8221;][et_pb_column type=&#8221;2_5&#8243; _builder_version=&#8221;4.23.4&#8243; _module_preset=&#8221;default&#8221; custom_css_main_element=&#8221;display: flex;||    flex-direction: column;||    justify-content: center;&#8221; global_colors_info=&#8221;{}&#8221;][et_pb_image src=&#8221;https:\/\/www.eim.com\/it\/wp-content\/uploads\/sites\/5\/2024\/01\/logo-idico.jpeg&#8221; title_text=&#8221;logo-idico&#8221; align=&#8221;center&#8221; _builder_version=&#8221;4.23.4&#8243; _module_preset=&#8221;default&#8221; global_colors_info=&#8221;{}&#8221;][\/et_pb_image][\/et_pb_column][et_pb_column type=&#8221;3_5&#8243; _builder_version=&#8221;4.23.4&#8243; _module_preset=&#8221;default&#8221; global_colors_info=&#8221;{}&#8221;][et_pb_text _builder_version=&#8221;4.23.4&#8243; text_font_size=&#8221;16px&#8221; max_width=&#8221;90%&#8221; module_alignment=&#8221;center&#8221; custom_margin=&#8221;||5%||false|false&#8221; locked=&#8221;off&#8221; global_colors_info=&#8221;{}&#8221;]<\/p>\n<p style=\"text-align: justify\">Ad ottobre 2022 idiCo (precedentemente Omnes Capital) ha acquisito una quota di minoranza in EIM, entrando a far parte del suo board, per sostenere il suo obiettivo di rafforzamento della leadership europea e accelerare la sua espansione globale. Con un patrimonio di circa 1,0 miliardi di euro in gestione, idiCo \u00e8 una delle principali piattaforme francesi che investe in private equity e debito privato dedicato alle PMI.<br \/><span class=\"cqiun4t2 khvhiq1o r5qsrrlp i5tg98hk iqx13udk przvwfww qiohso4h gfz4du6o r7fjleex nz2484kf svot0ezm dcnh1tix sxl192xd t3g6t33p\"><span class=\"\">\ud83d\udd17<\/span><\/span> <span><a href=\"http:\/\/www.idico.fr\">www.idico.fr<\/a><\/span><\/p>\n<p>[\/et_pb_text][\/et_pb_column][\/et_pb_row][et_pb_row admin_label=&#8221;Title Area&#8221; _builder_version=&#8221;4.17.3&#8243; background_color=&#8221;rgba(0,0,0,0)&#8221; width=&#8221;100%&#8221; module_alignment=&#8221;center&#8221; custom_margin=&#8221;||||false|false&#8221; custom_padding=&#8221;0px|0px|0px|0px|false|false&#8221; global_colors_info=&#8221;{}&#8221;][et_pb_column type=&#8221;4_4&#8243; _builder_version=&#8221;4.16&#8243; custom_padding=&#8221;|||&#8221; global_colors_info=&#8221;{}&#8221; custom_padding__hover=&#8221;|||&#8221;][et_pb_divider module_id=&#8221;english_title&#8221; _builder_version=&#8221;4.21.0&#8243; background_color=&#8221;rgba(0,0,0,0)&#8221; width=&#8221;80%&#8221; module_alignment=&#8221;center&#8221; custom_margin=&#8221;||3%||false|false&#8221; custom_padding=&#8221;||||false|false&#8221; global_colors_info=&#8221;{}&#8221;][\/et_pb_divider][et_pb_text admin_label=&#8221;Title&#8221; _builder_version=&#8221;4.23.4&#8243; text_font=&#8221;||||||||&#8221; text_text_color=&#8221;#ffffff&#8221; header_font=&#8221;Prata||||||||&#8221; header_2_font=&#8221;Montserrat|700|||||||&#8221; header_2_text_align=&#8221;center&#8221; header_2_font_size=&#8221;30px&#8221; custom_margin=&#8221;||2%||false|false&#8221; custom_padding=&#8221;||0px|||&#8221; custom_padding_tablet=&#8221;||0px|||&#8221; custom_padding_phone=&#8221;|5%|0px|5%|false|true&#8221; custom_padding_last_edited=&#8221;on|phone&#8221; animation_style=&#8221;fade&#8221; animation_direction=&#8221;top&#8221; animation_duration=&#8221;1350ms&#8221; animation_starting_opacity=&#8221;100%&#8221; inline_fonts=&#8221;Prata,Montserrat&#8221; global_colors_info=&#8221;{}&#8221;]<\/p>\n<h2>Eim is pleased to announce that it has acquired colibee, a leading french provider of qualified technology &amp; management independent consultants<\/h2>\n<p>[\/et_pb_text][\/et_pb_column][\/et_pb_row][et_pb_row make_equal=&#8221;on&#8221; admin_label=&#8221;Title Area&#8221; _builder_version=&#8221;4.22.2&#8243; background_color=&#8221;rgba(0,0,0,0)&#8221; width=&#8221;100%&#8221; module_alignment=&#8221;center&#8221; custom_margin=&#8221;||||false|false&#8221; custom_padding=&#8221;3%|0px|0.2%|0px|false|false&#8221; custom_css_main_element=&#8221;align-items: center;&#8221; locked=&#8221;off&#8221; global_colors_info=&#8221;{}&#8221; custom_css_main_element_last_edited=&#8221;on|desktop&#8221; custom_css_main_element_tablet=&#8221;align-items: center;&#8221; custom_css_main_element_phone=&#8221;align-items: center;&#8221;][et_pb_column type=&#8221;4_4&#8243; _builder_version=&#8221;4.17.3&#8243; _module_preset=&#8221;default&#8221; global_colors_info=&#8221;{}&#8221;][et_pb_text _builder_version=&#8221;4.23.4&#8243; text_font_size=&#8221;16px&#8221; max_width=&#8221;90%&#8221; module_alignment=&#8221;center&#8221; custom_margin=&#8221;||5%||false|false&#8221; locked=&#8221;off&#8221; global_colors_info=&#8221;{}&#8221;]<\/p>\n<p style=\"text-align: justify\">EIM, the international leader of executive interim management services, has closed the acquisition of Paris-based Colibee. Founded in 2008 by Olivier Fernandes, <strong>Colibee is a leading freelance consulting player<\/strong> leveraging a network of over 1,000 independent consultants and interim managers with expertise in management and technology. Colibee provides qualified consultants specialized in Information Technologies and Management consulting services to large French and European groups. It generates c.\u20ac20m sales in 2023 and employs more than 20 people.<\/p>\n<p style=\"text-align: justify\">The acquisition of Colibee further strengthens EIM\u2019s leadership position, gaining a strategic edge by developing a new expertise in Information Technologies and Management consultancy to better support current and future needs of its clients, while reinforcing its interim management services.<\/p>\n<p style=\"text-align: justify\"><strong>Olivier Fernandes<\/strong>, founder of Colibee: <em>\u201cIt is with great enthusiasm that we are joining our complementary competencies to better serve a wider range of clients in terms of size and sector, unleashing a strong cross-selling potential in France and across Europe.\u201d<\/em><\/p>\n<p style=\"text-align: justify\"><strong>Michele Bruno<\/strong>, President of EIM group: <em>\u201cWe warmly welcome Colibee as it becomes a part of our group. This strategic acquisition positions us to expand our service offerings, incorporating on-demand consulting in Management and Information Technology. Our objective is to enhance our ability to support clients in their transformative journeys by delivering flexible and highly professional solutions.\u201d<\/em><\/p>\n<p style=\"text-align: justify\"><strong>Thierry Tomasov<\/strong>, Managing Director of EIM France: \u201c<em>We have identified Information Technologies competencies as key strategic success factor in the continuing digitisation of companies which we expect will receive a further boost from the explosive growth of artificial intelligence and data challenges. To get a headstart in this area, we have decided to add these cutting-edge expertise and up-to-date capabilities to our offer of premium interim management services through the acquisition of a major French player in this area.\u201d<\/em><\/p>\n<p style=\"text-align: justify\">The transaction has been fully supported by EIM\u2019s financial sponsor idiCo.<\/p>\n<p style=\"text-align: justify\"><strong>Dr. Isa Schulz<\/strong>, Director of the EIM Board and Director at idiCo: <em>\u201cWe are very glad to support EIM\u2019s ambitious external growth strategy by sharing our expertise. After (i) entering a new geography via the acquisition of Gronova and (ii) the consolidation of the German market thanks to the integration of Management Angels last year, this transaction shows the 3<sup>rd<\/sup> pillar of EIM\u2019s buy &amp; build plan: Adding capabilities in strategic adjacent areas such as Management and Information Technologies consulting.\u201d<\/em><\/p>\n<p>[\/et_pb_text][et_pb_text _builder_version=&#8221;4.23.4&#8243; text_font_size=&#8221;16px&#8221; max_width=&#8221;90%&#8221; module_alignment=&#8221;center&#8221; custom_margin=&#8221;||5%||false|false&#8221; locked=&#8221;off&#8221; global_colors_info=&#8221;{}&#8221;]<\/p>\n<h2 class=\"s16\"><strong><span class=\"s17\">Participans<\/span><\/strong><\/h2>\n<p class=\"s19\"><strong><span class=\"s18\"><br \/>EIM<\/span><\/strong><\/p>\n<ul>\n<li class=\"s20\">\n<p>Michele Bruno, President of EIM AG and Managing Partner of Italy<\/p>\n<\/li>\n<li class=\"s20\">\n<p>Thierry Tomasov, Member of the board of EIM AG &amp; Managing Partner of France<\/p>\n<\/li>\n<li class=\"s20\">\n<p>Dr. Thomas Schneider, Member of the board of EIM AG &amp; Managing Partner of Germany<\/p>\n<\/li>\n<li class=\"s20\">\n<p>Nuh Tolga Aktuglu, Group CFO<\/p>\n<\/li>\n<\/ul>\n<p class=\"s19\"><strong><span class=\"s18\">idiCo<\/span><\/strong><span class=\"s18\"><\/span><\/p>\n<ul>\n<li class=\"s20\">\n<p>St\u00e9phane Roussilhe, Partner<\/p>\n<\/li>\n<li class=\"s20\">\n<p>Dr. Isa Schulz, Director<\/p>\n<\/li>\n<li class=\"s20\">\n<p>Fran\u00e7ois Bernon, Principal<\/p>\n<\/li>\n<li class=\"s20\">\n<p>Oksana Tordjman Bolis, Analyst<\/p>\n<\/li>\n<\/ul>\n<p class=\"s20\"><strong><span class=\"s18\">Colibee<\/span><\/strong><\/p>\n<ul>\n<li class=\"s20\"><span class=\"s7\">Olivier Fernandes, founder<\/span><\/li>\n<\/ul>\n<p><span class=\"s7\"><\/span><strong><span class=\"s18\">Advisors<\/span><\/strong><\/p>\n<ul>\n<li class=\"s20\">\n<p>Buy-side financial advisor: Advance Capital (Thomas R\u00e9cipon, Dylan Carry)<\/p>\n<\/li>\n<li class=\"s20\">\n<p>Buy-side legal advisor: Kalliope (Tanguy d&#8217;Everlange, Ava Sereshki) and MLL (Nicola Benz)<\/p>\n<\/li>\n<li class=\"s20\">\n<p>Sell-side financial advisor: SHD Conseil (Herv\u00e9 Uzan)<\/p>\n<\/li>\n<li class=\"s20\">\n<p>Sell-side legal advisor: Bretlim-Fortuny (Marie-Caroline Lafond, Clara Beguier)<\/p>\n<\/li>\n<\/ul>\n<p>[\/et_pb_text][\/et_pb_column][\/et_pb_row][et_pb_row column_structure=&#8221;2_5,3_5&#8243; make_equal=&#8221;on&#8221; _builder_version=&#8221;4.23.4&#8243; _module_preset=&#8221;default&#8221; locked=&#8221;off&#8221; global_colors_info=&#8221;{}&#8221;][et_pb_column type=&#8221;2_5&#8243; _builder_version=&#8221;4.23.4&#8243; _module_preset=&#8221;default&#8221; custom_css_main_element=&#8221;display: flex;||flex-direction: column;||justify-content: center;&#8221; global_colors_info=&#8221;{}&#8221;][et_pb_image src=&#8221;https:\/\/www.eim.com\/it\/wp-content\/uploads\/sites\/5\/2024\/01\/colibee-cv-logo-color-1.png&#8221; title_text=&#8221;colibee-cv-logo-color&#8221; align=&#8221;center&#8221; _builder_version=&#8221;4.23.4&#8243; _module_preset=&#8221;default&#8221; width=&#8221;75%&#8221; width_tablet=&#8221;75%&#8221; width_phone=&#8221;55%&#8221; width_last_edited=&#8221;on|phone&#8221; global_colors_info=&#8221;{}&#8221;][\/et_pb_image][\/et_pb_column][et_pb_column type=&#8221;3_5&#8243; _builder_version=&#8221;4.23.4&#8243; _module_preset=&#8221;default&#8221; global_colors_info=&#8221;{}&#8221;][et_pb_text _builder_version=&#8221;4.23.4&#8243; text_font_size=&#8221;16px&#8221; max_width=&#8221;90%&#8221; module_alignment=&#8221;center&#8221; custom_margin=&#8221;||5%||false|false&#8221; locked=&#8221;off&#8221; global_colors_info=&#8221;{}&#8221;]<\/p>\n<p style=\"text-align: justify\">Colibee was created in 2008 in France to meet the growing demand from clients looking for more expertise and flexibility, but also to meet the demand from consultants looking for independence and meaning. Colibee selects and develops a network of 1,000 leading consultants who share the same values: high-level expertise, duty to advise, sense of customer service, excellence.<\/p>\n<p style=\"text-align: justify\">As pioneer, Colibee invented a new type of technology and management consulting firm and offers a double advantage: the demands and quality of service of a consulting firm combined with the flexibility and expertise of freelance consultants.<span><\/span><\/p>\n<p style=\"text-align: justify\"><span><a href=\"http:\/\/www.colibee.com\"><span class=\"cqiun4t2 khvhiq1o r5qsrrlp i5tg98hk iqx13udk przvwfww qiohso4h gfz4du6o r7fjleex nz2484kf svot0ezm dcnh1tix sxl192xd t3g6t33p\"><span class=\"\">\ud83d\udd17 <\/span><\/span>www.colibee.com<\/a><\/span><\/p>\n<p>[\/et_pb_text][\/et_pb_column][\/et_pb_row][et_pb_row column_structure=&#8221;3_5,2_5&#8243; make_equal=&#8221;on&#8221; _builder_version=&#8221;4.23.4&#8243; _module_preset=&#8221;default&#8221; locked=&#8221;off&#8221; global_colors_info=&#8221;{}&#8221; custom_css_main_element_last_edited=&#8221;on|tablet&#8221; custom_css_main_element_tablet=&#8221;display: flex;||flex-direction: column-reverse;&#8221; custom_css_main_element_phone=&#8221;display: flex;||flex-direction: column-reverse;&#8221;][et_pb_column type=&#8221;3_5&#8243; _builder_version=&#8221;4.23.4&#8243; _module_preset=&#8221;default&#8221; global_colors_info=&#8221;{}&#8221;][et_pb_text _builder_version=&#8221;4.23.4&#8243; text_font_size=&#8221;16px&#8221; max_width=&#8221;90%&#8221; module_alignment=&#8221;center&#8221; custom_margin=&#8221;||5%||false|false&#8221; locked=&#8221;off&#8221; global_colors_info=&#8221;{}&#8221;]<\/p>\n<p style=\"text-align: justify\">Founded in 1989, EIM invented the concept of executive interim management. Since then, with more than 10,000 assignments to its name and a network of 30 offices, the group has established itself as the market leader in Europe with a presence in every other major market in the world. With a nurtured global community of some 35,000 experienced senior executives, EIM delivers business breakthrough differently, partnering actively with clients and executives throughout the assignment to unlock performance potential, anywhere in the world, and especially when rapid solutions, transformation or out-performing results are called for.<\/p>\n<p style=\"text-align: justify\"><span class=\"cqiun4t2 khvhiq1o r5qsrrlp i5tg98hk iqx13udk przvwfww qiohso4h gfz4du6o r7fjleex nz2484kf svot0ezm dcnh1tix sxl192xd t3g6t33p\"><span class=\"\">\ud83d\udd17<\/span><\/span> <span><a href=\"http:\/\/www.eim.com\">www.eim.com<\/a><\/span><\/p>\n<p>[\/et_pb_text][\/et_pb_column][et_pb_column type=&#8221;2_5&#8243; _builder_version=&#8221;4.23.4&#8243; _module_preset=&#8221;default&#8221; custom_css_main_element=&#8221;display: flex;||flex-direction: column;||justify-content: center;&#8221; global_colors_info=&#8221;{}&#8221;][et_pb_image src=&#8221;https:\/\/www.eim.com\/it\/wp-content\/uploads\/sites\/5\/2021\/12\/logo-mobile-eim-1.png&#8221; title_text=&#8221;logo-mobile-eim (1)&#8221; align=&#8221;center&#8221; _builder_version=&#8221;4.23.4&#8243; _module_preset=&#8221;default&#8221; width_tablet=&#8221;&#8221; width_phone=&#8221;77%&#8221; width_last_edited=&#8221;on|phone&#8221; global_colors_info=&#8221;{}&#8221;][\/et_pb_image][\/et_pb_column][\/et_pb_row][et_pb_row column_structure=&#8221;2_5,3_5&#8243; make_equal=&#8221;on&#8221; _builder_version=&#8221;4.23.4&#8243; _module_preset=&#8221;default&#8221; locked=&#8221;off&#8221; global_colors_info=&#8221;{}&#8221;][et_pb_column type=&#8221;2_5&#8243; _builder_version=&#8221;4.23.4&#8243; _module_preset=&#8221;default&#8221; custom_css_main_element=&#8221;display: flex;||flex-direction: column;||justify-content: center;&#8221; global_colors_info=&#8221;{}&#8221;][et_pb_image src=&#8221;https:\/\/www.eim.com\/it\/wp-content\/uploads\/sites\/5\/2024\/01\/logo-idico.jpeg&#8221; title_text=&#8221;logo-idico&#8221; align=&#8221;center&#8221; _builder_version=&#8221;4.23.4&#8243; _module_preset=&#8221;default&#8221; global_colors_info=&#8221;{}&#8221;][\/et_pb_image][\/et_pb_column][et_pb_column type=&#8221;3_5&#8243; _builder_version=&#8221;4.23.4&#8243; _module_preset=&#8221;default&#8221; global_colors_info=&#8221;{}&#8221;][et_pb_text _builder_version=&#8221;4.23.4&#8243; text_font_size=&#8221;16px&#8221; max_width=&#8221;90%&#8221; module_alignment=&#8221;center&#8221; custom_margin=&#8221;||5%||false|false&#8221; locked=&#8221;off&#8221; global_colors_info=&#8221;{}&#8221;]<\/p>\n<p style=\"text-align: justify\">In October 2022, idiCo (formerly Omnes Capital) acquired a minority stake in EIM, alongside its management, to support its goal of reinforcing its European leadership and accelerating its global expansion. With c. \u20ac1.0 bn assets under management, idiCo is a leading French platform investing in private equity and private debt dedicated to SMEs.<\/p>\n<p style=\"text-align: justify\"><span class=\"cqiun4t2 khvhiq1o r5qsrrlp i5tg98hk iqx13udk przvwfww qiohso4h gfz4du6o r7fjleex nz2484kf svot0ezm dcnh1tix sxl192xd t3g6t33p\"><span class=\"\">\ud83d\udd17<\/span><\/span> <span><a href=\"http:\/\/www.idico.fr\">www.idico.fr<\/a><\/span><\/p>\n<p>[\/et_pb_text][\/et_pb_column][\/et_pb_row][et_pb_row make_equal=&#8221;on&#8221; admin_label=&#8221;Title Area&#8221; _builder_version=&#8221;4.22.2&#8243; background_color=&#8221;rgba(0,0,0,0)&#8221; width=&#8221;100%&#8221; module_alignment=&#8221;center&#8221; custom_margin=&#8221;||||false|false&#8221; custom_padding=&#8221;3%|0px|0.2%|0px|false|false&#8221; custom_css_main_element=&#8221;align-items: center;&#8221; global_colors_info=&#8221;{}&#8221; custom_css_main_element_last_edited=&#8221;on|desktop&#8221; custom_css_main_element_tablet=&#8221;align-items: center;&#8221; custom_css_main_element_phone=&#8221;align-items: center;&#8221;][et_pb_column type=&#8221;4_4&#8243; _builder_version=&#8221;4.17.3&#8243; _module_preset=&#8221;default&#8221; global_colors_info=&#8221;{}&#8221;][et_pb_text _builder_version=&#8221;4.23.4&#8243; text_font_size=&#8221;16px&#8221; max_width=&#8221;90%&#8221; module_alignment=&#8221;center&#8221; custom_margin=&#8221;||5%||false|false&#8221; locked=&#8221;off&#8221; global_colors_info=&#8221;{}&#8221;]<\/p>\n<h2 class=\"s13\" style=\"text-align: left\"><span class=\"s7\">Press Contact<\/span><span class=\"s7\"><\/span><\/h2>\n<p>[\/et_pb_text][\/et_pb_column][\/et_pb_row][et_pb_row column_structure=&#8221;1_5,1_5,3_5&#8243; make_equal=&#8221;on&#8221; admin_label=&#8221;Title Area&#8221; _builder_version=&#8221;4.23.4&#8243; background_color=&#8221;rgba(0,0,0,0)&#8221; width=&#8221;100%&#8221; module_alignment=&#8221;center&#8221; custom_margin=&#8221;||||false|false&#8221; custom_padding=&#8221;0px|0px|3%|0px|false|false&#8221; custom_css_main_element=&#8221;align-items: center;&#8221; global_colors_info=&#8221;{}&#8221; custom_css_main_element_last_edited=&#8221;on|desktop&#8221; custom_css_main_element_tablet=&#8221;align-items: center;&#8221; custom_css_main_element_phone=&#8221;align-items: center;&#8221;][et_pb_column type=&#8221;1_5&#8243; _builder_version=&#8221;4.23.4&#8243; _module_preset=&#8221;default&#8221; global_colors_info=&#8221;{}&#8221;][\/et_pb_column][et_pb_column type=&#8221;1_5&#8243; _builder_version=&#8221;4.23.4&#8243; _module_preset=&#8221;default&#8221; global_colors_info=&#8221;{}&#8221;][et_pb_image src=&#8221;https:\/\/www.eim.com\/it\/wp-content\/uploads\/sites\/5\/2021\/11\/logo-eim.png&#8221; title_text=&#8221;logo-eim&#8221; _builder_version=&#8221;4.23.4&#8243; _module_preset=&#8221;default&#8221; width_tablet=&#8221;300px&#8221; width_phone=&#8221;75%&#8221; width_last_edited=&#8221;on|phone&#8221; global_colors_info=&#8221;{}&#8221;][\/et_pb_image][\/et_pb_column][et_pb_column type=&#8221;3_5&#8243; _builder_version=&#8221;4.23.4&#8243; _module_preset=&#8221;default&#8221; global_colors_info=&#8221;{}&#8221;][et_pb_text _builder_version=&#8221;4.23.4&#8243; text_font_size=&#8221;16px&#8221; header_2_font_size=&#8221;23px&#8221; max_width=&#8221;90%&#8221; module_alignment=&#8221;center&#8221; custom_margin=&#8221;||5%||false|false&#8221; locked=&#8221;off&#8221; global_colors_info=&#8221;{}&#8221;]<\/p>\n<h2 class=\"s13\" style=\"text-align: justify\">Thierry Tomasov<\/h2>\n<p>EIM France<br \/>\ud83d\udce9 <a href=\"mailto:t.tomasov@eim.com\">t.tomasov@eim.com<\/a><\/p>\n<p>[\/et_pb_text][\/et_pb_column][\/et_pb_row][et_pb_row column_structure=&#8221;1_5,1_5,3_5&#8243; make_equal=&#8221;on&#8221; admin_label=&#8221;Title Area&#8221; _builder_version=&#8221;4.23.4&#8243; background_color=&#8221;rgba(0,0,0,0)&#8221; width=&#8221;100%&#8221; module_alignment=&#8221;center&#8221; custom_margin=&#8221;||||false|false&#8221; custom_padding=&#8221;0px|0px|3%|0px|false|false&#8221; custom_css_main_element=&#8221;align-items: center;&#8221; global_colors_info=&#8221;{}&#8221; custom_css_main_element_last_edited=&#8221;on|desktop&#8221; custom_css_main_element_tablet=&#8221;align-items: center;&#8221; custom_css_main_element_phone=&#8221;align-items: center;&#8221;][et_pb_column type=&#8221;1_5&#8243; _builder_version=&#8221;4.23.4&#8243; _module_preset=&#8221;default&#8221; global_colors_info=&#8221;{}&#8221;][\/et_pb_column][et_pb_column type=&#8221;1_5&#8243; _builder_version=&#8221;4.23.4&#8243; _module_preset=&#8221;default&#8221; global_colors_info=&#8221;{}&#8221;][et_pb_image src=&#8221;https:\/\/www.eim.com\/it\/wp-content\/uploads\/sites\/5\/2024\/01\/colibee-cv-logo-color-1.png&#8221; title_text=&#8221;colibee-cv-logo-color&#8221; _builder_version=&#8221;4.23.4&#8243; _module_preset=&#8221;default&#8221; width_tablet=&#8221;250px&#8221; width_phone=&#8221;75%&#8221; width_last_edited=&#8221;on|phone&#8221; global_colors_info=&#8221;{}&#8221;][\/et_pb_image][\/et_pb_column][et_pb_column type=&#8221;3_5&#8243; _builder_version=&#8221;4.23.4&#8243; _module_preset=&#8221;default&#8221; global_colors_info=&#8221;{}&#8221;][et_pb_text _builder_version=&#8221;4.23.4&#8243; text_font_size=&#8221;16px&#8221; header_2_font_size=&#8221;23px&#8221; max_width=&#8221;90%&#8221; module_alignment=&#8221;center&#8221; custom_margin=&#8221;||5%||false|false&#8221; locked=&#8221;off&#8221; global_colors_info=&#8221;{}&#8221;]<\/p>\n<h2 class=\"s13\" style=\"text-align: justify\">Perrine Soymi\u00e9<\/h2>\n<p>Colibee (LaSuite &#8211; andCo)<br \/>\ud83d\udce9 <a href=\"mailto:p.soymie@lasuiteandco.com\">p.soymie@lasuiteandco.com<\/a><br \/>\ud83d\udcf2 <a href=\"tel:06 45 33 72 18\">06 45 33 72 18<\/a><\/p>\n<p>[\/et_pb_text][\/et_pb_column][\/et_pb_row][et_pb_row column_structure=&#8221;1_5,1_5,3_5&#8243; make_equal=&#8221;on&#8221; admin_label=&#8221;Title Area&#8221; _builder_version=&#8221;4.23.4&#8243; background_color=&#8221;rgba(0,0,0,0)&#8221; width=&#8221;100%&#8221; module_alignment=&#8221;center&#8221; custom_margin=&#8221;||||false|false&#8221; custom_padding=&#8221;0px|0px|3%|0px|false|false&#8221; custom_css_main_element=&#8221;align-items: center;&#8221; global_colors_info=&#8221;{}&#8221; custom_css_main_element_last_edited=&#8221;on|desktop&#8221; custom_css_main_element_tablet=&#8221;align-items: center;&#8221; custom_css_main_element_phone=&#8221;align-items: center;&#8221;][et_pb_column type=&#8221;1_5&#8243; _builder_version=&#8221;4.23.4&#8243; _module_preset=&#8221;default&#8221; global_colors_info=&#8221;{}&#8221;][\/et_pb_column][et_pb_column type=&#8221;1_5&#8243; _builder_version=&#8221;4.23.4&#8243; _module_preset=&#8221;default&#8221; global_colors_info=&#8221;{}&#8221;][et_pb_image src=&#8221;https:\/\/www.eim.com\/it\/wp-content\/uploads\/sites\/5\/2024\/01\/logo-idico.jpeg&#8221; title_text=&#8221;logo-idico&#8221; _builder_version=&#8221;4.23.4&#8243; _module_preset=&#8221;default&#8221; module_alignment=&#8221;center&#8221; locked=&#8221;off&#8221; global_colors_info=&#8221;{}&#8221;][\/et_pb_image][\/et_pb_column][et_pb_column type=&#8221;3_5&#8243; _builder_version=&#8221;4.23.4&#8243; _module_preset=&#8221;default&#8221; global_colors_info=&#8221;{}&#8221;][et_pb_text _builder_version=&#8221;4.23.4&#8243; text_font_size=&#8221;16px&#8221; header_2_font_size=&#8221;23px&#8221; max_width=&#8221;90%&#8221; module_alignment=&#8221;center&#8221; custom_margin=&#8221;||5%||false|false&#8221; locked=&#8221;off&#8221; global_colors_info=&#8221;{}&#8221;]<\/p>\n<h2 class=\"s13\" style=\"text-align: justify\">Marie-Claire Martin<\/h2>\n<p>idiCo (Essency Communications)<br \/>\n\ud83d\udce9 <a href=\"mailto:mcm@essency-communications.com\">mcm@essency-communications.com<\/a><br \/>\n\ud83d\udcf2 <span><a href=\"tel:+33 6 85 52 52 49\">+33 6 85 52 52 49<\/a><\/span>[\/et_pb_text][\/et_pb_column][\/et_pb_row][et_pb_row column_structure=&#8221;1_5,1_5,3_5&#8243; make_equal=&#8221;on&#8221; admin_label=&#8221;Title Area&#8221; _builder_version=&#8221;4.23.4&#8243; background_color=&#8221;rgba(0,0,0,0)&#8221; width=&#8221;100%&#8221; module_alignment=&#8221;center&#8221; custom_margin=&#8221;||||false|false&#8221; custom_padding=&#8221;0px|0px|3%|0px|false|false&#8221; custom_css_main_element=&#8221;align-items: center;&#8221; global_colors_info=&#8221;{}&#8221; custom_css_main_element_last_edited=&#8221;on|desktop&#8221; custom_css_main_element_tablet=&#8221;align-items: center;&#8221; custom_css_main_element_phone=&#8221;align-items: center;&#8221;][et_pb_column type=&#8221;1_5&#8243; _builder_version=&#8221;4.23.4&#8243; _module_preset=&#8221;default&#8221; global_colors_info=&#8221;{}&#8221;][\/et_pb_column][et_pb_column type=&#8221;1_5&#8243; _builder_version=&#8221;4.23.4&#8243; _module_preset=&#8221;default&#8221; global_colors_info=&#8221;{}&#8221;][et_pb_image src=&#8221;https:\/\/www.eim.com\/it\/wp-content\/uploads\/sites\/5\/2024\/01\/logo-idico.jpeg&#8221; title_text=&#8221;logo-idico&#8221; _builder_version=&#8221;4.23.4&#8243; _module_preset=&#8221;default&#8221; module_alignment=&#8221;center&#8221; locked=&#8221;off&#8221; global_colors_info=&#8221;{}&#8221;][\/et_pb_image][\/et_pb_column][et_pb_column type=&#8221;3_5&#8243; _builder_version=&#8221;4.23.4&#8243; _module_preset=&#8221;default&#8221; global_colors_info=&#8221;{}&#8221;][et_pb_text _builder_version=&#8221;4.23.4&#8243; text_font_size=&#8221;16px&#8221; header_2_font_size=&#8221;23px&#8221; max_width=&#8221;90%&#8221; module_alignment=&#8221;center&#8221; custom_margin=&#8221;||5%||false|false&#8221; locked=&#8221;off&#8221; global_colors_info=&#8221;{}&#8221;]<\/p>\n<h2 class=\"s13\" style=\"text-align: justify\">Armelle de Selancy<\/h2>\n<p>idiCo (Essency Communications)<br \/>\ud83d\udce9 <a href=\"mailto:ads@essency-communications.com\">ads@essency-communications.com<\/a><br \/>\ud83d\udcf2 <a href=\"tel:+33 6 72 59 62 90\">+33 6 72 59 62 90<\/a><\/p>\n<p>[\/et_pb_text][\/et_pb_column][\/et_pb_row][\/et_pb_section][et_pb_section fb_built=&#8221;1&#8243; _builder_version=&#8221;4.16&#8243; background_color=&#8221;#DB9300&#8243; custom_margin=&#8221;0%||||false|false&#8221; top_divider_style=&#8221;slant&#8221; top_divider_color=&#8221;#ffffff&#8221; top_divider_flip=&#8221;vertical|horizontal&#8221; bottom_divider_color=&#8221;#ffffff&#8221; bottom_divider_flip=&#8221;horizontal&#8221; global_colors_info=&#8221;{}&#8221;][et_pb_row _builder_version=&#8221;4.16&#8243; custom_margin=&#8221;-46px|auto||auto||&#8221; custom_padding=&#8221;60px||41px|||&#8221; global_colors_info=&#8221;{}&#8221;][et_pb_column type=&#8221;4_4&#8243; _builder_version=&#8221;4.16&#8243; global_colors_info=&#8221;{}&#8221;][et_pb_text admin_label=&#8221;Title&#8221; _builder_version=&#8221;4.22.1&#8243; text_font=&#8221;||||||||&#8221; text_text_color=&#8221;#ffffff&#8221; header_font=&#8221;Prata||||||||&#8221; header_2_font=&#8221;Montserrat|700|||||||&#8221; header_2_text_align=&#8221;center&#8221; header_2_font_size=&#8221;30px&#8221; custom_margin=&#8221;8%||5px||false|false&#8221; custom_padding=&#8221;||0px|||&#8221; animation_style=&#8221;fade&#8221; animation_direction=&#8221;top&#8221; animation_duration=&#8221;1350ms&#8221; animation_starting_opacity=&#8221;100%&#8221; inline_fonts=&#8221;Prata,Montserrat&#8221; global_colors_info=&#8221;{}&#8221;]<\/p>\n<h2><span style=\"font-family: Montserrat;color: #ffffff\">Per ulteriori informazioni:<br \/>\n<\/span><\/h2>\n<p>[\/et_pb_text][\/et_pb_column][\/et_pb_row][et_pb_row column_structure=&#8221;1_4,1_4,1_4,1_4&#8243; _builder_version=&#8221;4.16&#8243; custom_padding=&#8221;1px|||||&#8221; global_colors_info=&#8221;{}&#8221;][et_pb_column type=&#8221;1_4&#8243; _builder_version=&#8221;4.16&#8243; global_colors_info=&#8221;{}&#8221;][\/et_pb_column][et_pb_column type=&#8221;1_4&#8243; _builder_version=&#8221;4.16&#8243; global_colors_info=&#8221;{}&#8221;][et_pb_button button_url=&#8221;tel:+390229006626&#8243; button_text=&#8221;CHIAMACI&#8221; button_alignment=&#8221;center&#8221; _builder_version=&#8221;4.22.1&#8243; background_layout=&#8221;dark&#8221; global_colors_info=&#8221;{}&#8221;][\/et_pb_button][\/et_pb_column][et_pb_column type=&#8221;1_4&#8243; _builder_version=&#8221;4.16&#8243; global_colors_info=&#8221;{}&#8221;][et_pb_button button_url=&#8221;mailto:info.it@eim.com&#8221; button_text=&#8221;SCRIVICI&#8221; button_alignment=&#8221;center&#8221; _builder_version=&#8221;4.22.1&#8243; background_layout=&#8221;dark&#8221; global_colors_info=&#8221;{}&#8221;][\/et_pb_button][\/et_pb_column][et_pb_column type=&#8221;1_4&#8243; _builder_version=&#8221;4.16&#8243; global_colors_info=&#8221;{}&#8221;][\/et_pb_column][\/et_pb_row][\/et_pb_section]<\/p>\n","protected":false},"excerpt":{"rendered":"<p>EIM \u00e8 lieta di annunciare l\u2019acquisizione di Colibee, una delle principali societ\u00e0 indipendenti francesi in information technology e management consulting.<\/p>\n","protected":false},"author":2,"featured_media":17604,"comment_status":"closed","ping_status":"closed","sticky":false,"template":"","format":"video","meta":{"_et_pb_use_builder":"on","_et_pb_old_content":"<p>\n\nPietro Butt\u00e9 | Client Partner di EIM in Italia\n\n\u00c8 con grande piacere che vi annunciamo che Pietro Butt\u00e9 entra a fare parte della squadra di EIM con il ruolo di Client Partner al fianco di Michele Bruno, Gabriele Galeani, Vincenzo Natile e Guido Tarizzo. \n\nPietro ha sviluppato una significativa esperienza internazionale in Europa, Stati Uniti e America Latina, lavorando per il vertice di aziende leader dei beni durevoli, beni di consumo e servizi B2B. Pietro ha lavorato in management consulting, per Accenture, Value Partners e GEA, conducendo progetti di turnaround, sviluppo internazionale, di efficienza operativa e di trasformazione digitale. Ha inoltre ricoperto ruoli di direzione in Johnson&amp;Johnson e in Manpower. Pietro ha conseguito un MBA in SDA Bocconi ed una laurea in Economia Aziendale in Universit\u00e0 Bocconi.\nIn EIM, Pietro consolider\u00e0 il proprio supporto ai clienti nella realizzazione di strategie di crescita e di programmi di miglioramento della performance aziendale.\n\nEIM, azienda leader e inventore dell\u2019Interim Management, opera in Italia da 30 anni ed \u00e8 attiva con 21 uffici in 15 paesi. Facendo leva su un vasto network di professionisti indipendenti, EIM \u00e8 in grado di proporre soluzioni realmente risolutive che permettono ai propri clienti di portare a termine con successo iniziative e progetti di importanza strategica attraverso l\u2019introduzione in azienda di competenze manageriali quando la rapidit\u00e0 di risposta e la qualit\u00e0 delle persone fanno la differenza.\n\nPer ulteriori informazioni vi invitiamo a contattare:\ninfo.it@eim.com\nTel.: +39 02 29006626\n<\/p>\n\n<!-- wp:paragraph -->\n<p><\/p>\n<!-- \/wp:paragraph -->","_et_gb_content_width":"","footnotes":""},"categories":[581],"tags":[],"class_list":["post-17579","post","type-post","status-publish","format-video","has-post-thumbnail","hentry","category-news","post_format-post-format-video"],"yoast_head":"<!-- This site is optimized with the Yoast SEO Premium plugin v27.0 (Yoast SEO v27.4) - https:\/\/yoast.com\/product\/yoast-seo-premium-wordpress\/ -->\n<title>EIM annuncia un nuovo passo del suo percorso di crescita buy &amp; build: l\u2019acquisizione di Colibee<\/title>\n<meta name=\"description\" content=\"EIM \u00e8 lieta di annunciare l\u2019acquisizione di Colibee, una delle principali societ\u00e0 indipendenti francesi in information technology e management consulting.\" \/>\n<meta name=\"robots\" content=\"index, follow, max-snippet:-1, max-image-preview:large, max-video-preview:-1\" \/>\n<link rel=\"canonical\" href=\"https:\/\/www.eim.com\/it\/news\/acquisizione-colibee\/\" \/>\n<meta property=\"og:locale\" content=\"it_IT\" \/>\n<meta property=\"og:type\" content=\"article\" \/>\n<meta property=\"og:title\" content=\"EIM annuncia un nuovo passo del suo percorso di crescita buy &amp; build: l\u2019acquisizione di Colibee\" \/>\n<meta property=\"og:description\" content=\"EIM \u00e8 lieta di annunciare l\u2019acquisizione di Colibee, una delle principali societ\u00e0 indipendenti francesi in information technology e management consulting.\" \/>\n<meta property=\"og:url\" content=\"https:\/\/www.eim.com\/it\/news\/acquisizione-colibee\/\" \/>\n<meta property=\"og:site_name\" content=\"EIM Italia\" \/>\n<meta property=\"article:published_time\" content=\"2024-01-18T07:00:00+00:00\" \/>\n<meta property=\"article:modified_time\" content=\"2024-01-22T08:48:16+00:00\" \/>\n<meta property=\"og:image\" content=\"https:\/\/www.eim.com\/it\/wp-content\/uploads\/sites\/5\/2024\/01\/EIM-Colibee.jpg\" \/>\n\t<meta property=\"og:image:width\" content=\"1200\" \/>\n\t<meta property=\"og:image:height\" content=\"672\" \/>\n\t<meta property=\"og:image:type\" content=\"image\/jpeg\" \/>\n<meta name=\"author\" content=\"eimworld\" \/>\n<meta name=\"twitter:card\" content=\"summary_large_image\" \/>\n<meta name=\"twitter:title\" content=\"EIM \u00e8 lieta di annunciare la stipula di un accordo per l&#039;acquisizione di Colibee\" \/>\n<meta name=\"twitter:label1\" content=\"Scritto da\" \/>\n\t<meta name=\"twitter:data1\" content=\"eimworld\" \/>\n\t<meta name=\"twitter:label2\" content=\"Tempo di lettura stimato\" \/>\n\t<meta name=\"twitter:data2\" content=\"12 minuti\" \/>\n<script type=\"application\/ld+json\" class=\"yoast-schema-graph\">{\"@context\":\"https:\\\/\\\/schema.org\",\"@graph\":[{\"@type\":\"Article\",\"@id\":\"https:\\\/\\\/www.eim.com\\\/it\\\/news\\\/acquisizione-colibee\\\/#article\",\"isPartOf\":{\"@id\":\"https:\\\/\\\/www.eim.com\\\/it\\\/news\\\/acquisizione-colibee\\\/\"},\"author\":{\"name\":\"eimworld\",\"@id\":\"https:\\\/\\\/www.eim.com\\\/it\\\/#\\\/schema\\\/person\\\/82c5e4b03b7af649944ed10552319b91\"},\"headline\":\"EIM \u00e8 lieta di annunciare la stipula di un accordo per l&#8217;acquisizione di Colibee\",\"datePublished\":\"2024-01-18T07:00:00+00:00\",\"dateModified\":\"2024-01-22T08:48:16+00:00\",\"mainEntityOfPage\":{\"@id\":\"https:\\\/\\\/www.eim.com\\\/it\\\/news\\\/acquisizione-colibee\\\/\"},\"wordCount\":4228,\"publisher\":{\"@id\":\"https:\\\/\\\/www.eim.com\\\/it\\\/#organization\"},\"image\":{\"@id\":\"https:\\\/\\\/www.eim.com\\\/it\\\/news\\\/acquisizione-colibee\\\/#primaryimage\"},\"thumbnailUrl\":\"https:\\\/\\\/www.eim.com\\\/it\\\/wp-content\\\/uploads\\\/sites\\\/5\\\/2024\\\/01\\\/EIM-Colibee.jpg\",\"articleSection\":[\"News\"],\"inLanguage\":\"it-IT\"},{\"@type\":\"WebPage\",\"@id\":\"https:\\\/\\\/www.eim.com\\\/it\\\/news\\\/acquisizione-colibee\\\/\",\"url\":\"https:\\\/\\\/www.eim.com\\\/it\\\/news\\\/acquisizione-colibee\\\/\",\"name\":\"EIM annuncia un nuovo passo del suo percorso di crescita buy & build: l\u2019acquisizione di Colibee\",\"isPartOf\":{\"@id\":\"https:\\\/\\\/www.eim.com\\\/it\\\/#website\"},\"primaryImageOfPage\":{\"@id\":\"https:\\\/\\\/www.eim.com\\\/it\\\/news\\\/acquisizione-colibee\\\/#primaryimage\"},\"image\":{\"@id\":\"https:\\\/\\\/www.eim.com\\\/it\\\/news\\\/acquisizione-colibee\\\/#primaryimage\"},\"thumbnailUrl\":\"https:\\\/\\\/www.eim.com\\\/it\\\/wp-content\\\/uploads\\\/sites\\\/5\\\/2024\\\/01\\\/EIM-Colibee.jpg\",\"datePublished\":\"2024-01-18T07:00:00+00:00\",\"dateModified\":\"2024-01-22T08:48:16+00:00\",\"description\":\"EIM \u00e8 lieta di annunciare l\u2019acquisizione di Colibee, una delle principali societ\u00e0 indipendenti francesi in information technology e management consulting.\",\"breadcrumb\":{\"@id\":\"https:\\\/\\\/www.eim.com\\\/it\\\/news\\\/acquisizione-colibee\\\/#breadcrumb\"},\"inLanguage\":\"it-IT\",\"potentialAction\":[{\"@type\":\"ReadAction\",\"target\":[\"https:\\\/\\\/www.eim.com\\\/it\\\/news\\\/acquisizione-colibee\\\/\"]}]},{\"@type\":\"ImageObject\",\"inLanguage\":\"it-IT\",\"@id\":\"https:\\\/\\\/www.eim.com\\\/it\\\/news\\\/acquisizione-colibee\\\/#primaryimage\",\"url\":\"https:\\\/\\\/www.eim.com\\\/it\\\/wp-content\\\/uploads\\\/sites\\\/5\\\/2024\\\/01\\\/EIM-Colibee.jpg\",\"contentUrl\":\"https:\\\/\\\/www.eim.com\\\/it\\\/wp-content\\\/uploads\\\/sites\\\/5\\\/2024\\\/01\\\/EIM-Colibee.jpg\",\"width\":1200,\"height\":672,\"caption\":\"Acquisizione da parte di EIM di Colibee\"},{\"@type\":\"BreadcrumbList\",\"@id\":\"https:\\\/\\\/www.eim.com\\\/it\\\/news\\\/acquisizione-colibee\\\/#breadcrumb\",\"itemListElement\":[{\"@type\":\"ListItem\",\"position\":1,\"name\":\"Home\",\"item\":\"https:\\\/\\\/www.eim.com\\\/it\\\/\"},{\"@type\":\"ListItem\",\"position\":2,\"name\":\"EIM \u00e8 lieta di annunciare la stipula di un accordo per l&#8217;acquisizione di Colibee\"}]},{\"@type\":\"WebSite\",\"@id\":\"https:\\\/\\\/www.eim.com\\\/it\\\/#website\",\"url\":\"https:\\\/\\\/www.eim.com\\\/it\\\/\",\"name\":\"EIM Italia\",\"description\":\"Siamo gli inventori dell&#039;Executive Interim Management\",\"publisher\":{\"@id\":\"https:\\\/\\\/www.eim.com\\\/it\\\/#organization\"},\"potentialAction\":[{\"@type\":\"SearchAction\",\"target\":{\"@type\":\"EntryPoint\",\"urlTemplate\":\"https:\\\/\\\/www.eim.com\\\/it\\\/?s={search_term_string}\"},\"query-input\":{\"@type\":\"PropertyValueSpecification\",\"valueRequired\":true,\"valueName\":\"search_term_string\"}}],\"inLanguage\":\"it-IT\"},{\"@type\":\"Organization\",\"@id\":\"https:\\\/\\\/www.eim.com\\\/it\\\/#organization\",\"name\":\"EIM\",\"url\":\"https:\\\/\\\/www.eim.com\\\/it\\\/\",\"logo\":{\"@type\":\"ImageObject\",\"inLanguage\":\"it-IT\",\"@id\":\"https:\\\/\\\/www.eim.com\\\/it\\\/#\\\/schema\\\/logo\\\/image\\\/\",\"url\":\"https:\\\/\\\/www.eim.com\\\/it\\\/wp-content\\\/uploads\\\/sites\\\/5\\\/2022\\\/02\\\/logo-eim-favicon2022.png\",\"contentUrl\":\"https:\\\/\\\/www.eim.com\\\/it\\\/wp-content\\\/uploads\\\/sites\\\/5\\\/2022\\\/02\\\/logo-eim-favicon2022.png\",\"width\":427,\"height\":427,\"caption\":\"EIM\"},\"image\":{\"@id\":\"https:\\\/\\\/www.eim.com\\\/it\\\/#\\\/schema\\\/logo\\\/image\\\/\"}},{\"@type\":\"Person\",\"@id\":\"https:\\\/\\\/www.eim.com\\\/it\\\/#\\\/schema\\\/person\\\/82c5e4b03b7af649944ed10552319b91\",\"name\":\"eimworld\",\"image\":{\"@type\":\"ImageObject\",\"inLanguage\":\"it-IT\",\"@id\":\"https:\\\/\\\/secure.gravatar.com\\\/avatar\\\/06dc2838cb0c066488cdb4b104beba474e6305a2d11cbb1fb7353f876daae9f3?s=96&d=mm&r=g\",\"url\":\"https:\\\/\\\/secure.gravatar.com\\\/avatar\\\/06dc2838cb0c066488cdb4b104beba474e6305a2d11cbb1fb7353f876daae9f3?s=96&d=mm&r=g\",\"contentUrl\":\"https:\\\/\\\/secure.gravatar.com\\\/avatar\\\/06dc2838cb0c066488cdb4b104beba474e6305a2d11cbb1fb7353f876daae9f3?s=96&d=mm&r=g\",\"caption\":\"eimworld\"},\"sameAs\":[\"https:\\\/\\\/eimworld.wpengine.com\"]}]}<\/script>\n<!-- \/ Yoast SEO Premium plugin. -->","yoast_head_json":{"title":"EIM annuncia un nuovo passo del suo percorso di crescita buy & build: l\u2019acquisizione di Colibee","description":"EIM \u00e8 lieta di annunciare l\u2019acquisizione di Colibee, una delle principali societ\u00e0 indipendenti francesi in information technology e management consulting.","robots":{"index":"index","follow":"follow","max-snippet":"max-snippet:-1","max-image-preview":"max-image-preview:large","max-video-preview":"max-video-preview:-1"},"canonical":"https:\/\/www.eim.com\/it\/news\/acquisizione-colibee\/","og_locale":"it_IT","og_type":"article","og_title":"EIM annuncia un nuovo passo del suo percorso di crescita buy & build: l\u2019acquisizione di Colibee","og_description":"EIM \u00e8 lieta di annunciare l\u2019acquisizione di Colibee, una delle principali societ\u00e0 indipendenti francesi in information technology e management consulting.","og_url":"https:\/\/www.eim.com\/it\/news\/acquisizione-colibee\/","og_site_name":"EIM Italia","article_published_time":"2024-01-18T07:00:00+00:00","article_modified_time":"2024-01-22T08:48:16+00:00","og_image":[{"width":1200,"height":672,"url":"https:\/\/www.eim.com\/it\/wp-content\/uploads\/sites\/5\/2024\/01\/EIM-Colibee.jpg","type":"image\/jpeg"}],"author":"eimworld","twitter_card":"summary_large_image","twitter_title":"EIM \u00e8 lieta di annunciare la stipula di un accordo per l'acquisizione di Colibee","twitter_misc":{"Scritto da":"eimworld","Tempo di lettura stimato":"12 minuti"},"schema":{"@context":"https:\/\/schema.org","@graph":[{"@type":"Article","@id":"https:\/\/www.eim.com\/it\/news\/acquisizione-colibee\/#article","isPartOf":{"@id":"https:\/\/www.eim.com\/it\/news\/acquisizione-colibee\/"},"author":{"name":"eimworld","@id":"https:\/\/www.eim.com\/it\/#\/schema\/person\/82c5e4b03b7af649944ed10552319b91"},"headline":"EIM \u00e8 lieta di annunciare la stipula di un accordo per l&#8217;acquisizione di Colibee","datePublished":"2024-01-18T07:00:00+00:00","dateModified":"2024-01-22T08:48:16+00:00","mainEntityOfPage":{"@id":"https:\/\/www.eim.com\/it\/news\/acquisizione-colibee\/"},"wordCount":4228,"publisher":{"@id":"https:\/\/www.eim.com\/it\/#organization"},"image":{"@id":"https:\/\/www.eim.com\/it\/news\/acquisizione-colibee\/#primaryimage"},"thumbnailUrl":"https:\/\/www.eim.com\/it\/wp-content\/uploads\/sites\/5\/2024\/01\/EIM-Colibee.jpg","articleSection":["News"],"inLanguage":"it-IT"},{"@type":"WebPage","@id":"https:\/\/www.eim.com\/it\/news\/acquisizione-colibee\/","url":"https:\/\/www.eim.com\/it\/news\/acquisizione-colibee\/","name":"EIM annuncia un nuovo passo del suo percorso di crescita buy & build: l\u2019acquisizione di Colibee","isPartOf":{"@id":"https:\/\/www.eim.com\/it\/#website"},"primaryImageOfPage":{"@id":"https:\/\/www.eim.com\/it\/news\/acquisizione-colibee\/#primaryimage"},"image":{"@id":"https:\/\/www.eim.com\/it\/news\/acquisizione-colibee\/#primaryimage"},"thumbnailUrl":"https:\/\/www.eim.com\/it\/wp-content\/uploads\/sites\/5\/2024\/01\/EIM-Colibee.jpg","datePublished":"2024-01-18T07:00:00+00:00","dateModified":"2024-01-22T08:48:16+00:00","description":"EIM \u00e8 lieta di annunciare l\u2019acquisizione di Colibee, una delle principali societ\u00e0 indipendenti francesi in information technology e management consulting.","breadcrumb":{"@id":"https:\/\/www.eim.com\/it\/news\/acquisizione-colibee\/#breadcrumb"},"inLanguage":"it-IT","potentialAction":[{"@type":"ReadAction","target":["https:\/\/www.eim.com\/it\/news\/acquisizione-colibee\/"]}]},{"@type":"ImageObject","inLanguage":"it-IT","@id":"https:\/\/www.eim.com\/it\/news\/acquisizione-colibee\/#primaryimage","url":"https:\/\/www.eim.com\/it\/wp-content\/uploads\/sites\/5\/2024\/01\/EIM-Colibee.jpg","contentUrl":"https:\/\/www.eim.com\/it\/wp-content\/uploads\/sites\/5\/2024\/01\/EIM-Colibee.jpg","width":1200,"height":672,"caption":"Acquisizione da parte di EIM di Colibee"},{"@type":"BreadcrumbList","@id":"https:\/\/www.eim.com\/it\/news\/acquisizione-colibee\/#breadcrumb","itemListElement":[{"@type":"ListItem","position":1,"name":"Home","item":"https:\/\/www.eim.com\/it\/"},{"@type":"ListItem","position":2,"name":"EIM \u00e8 lieta di annunciare la stipula di un accordo per l&#8217;acquisizione di Colibee"}]},{"@type":"WebSite","@id":"https:\/\/www.eim.com\/it\/#website","url":"https:\/\/www.eim.com\/it\/","name":"EIM Italia","description":"Siamo gli inventori dell&#039;Executive Interim Management","publisher":{"@id":"https:\/\/www.eim.com\/it\/#organization"},"potentialAction":[{"@type":"SearchAction","target":{"@type":"EntryPoint","urlTemplate":"https:\/\/www.eim.com\/it\/?s={search_term_string}"},"query-input":{"@type":"PropertyValueSpecification","valueRequired":true,"valueName":"search_term_string"}}],"inLanguage":"it-IT"},{"@type":"Organization","@id":"https:\/\/www.eim.com\/it\/#organization","name":"EIM","url":"https:\/\/www.eim.com\/it\/","logo":{"@type":"ImageObject","inLanguage":"it-IT","@id":"https:\/\/www.eim.com\/it\/#\/schema\/logo\/image\/","url":"https:\/\/www.eim.com\/it\/wp-content\/uploads\/sites\/5\/2022\/02\/logo-eim-favicon2022.png","contentUrl":"https:\/\/www.eim.com\/it\/wp-content\/uploads\/sites\/5\/2022\/02\/logo-eim-favicon2022.png","width":427,"height":427,"caption":"EIM"},"image":{"@id":"https:\/\/www.eim.com\/it\/#\/schema\/logo\/image\/"}},{"@type":"Person","@id":"https:\/\/www.eim.com\/it\/#\/schema\/person\/82c5e4b03b7af649944ed10552319b91","name":"eimworld","image":{"@type":"ImageObject","inLanguage":"it-IT","@id":"https:\/\/secure.gravatar.com\/avatar\/06dc2838cb0c066488cdb4b104beba474e6305a2d11cbb1fb7353f876daae9f3?s=96&d=mm&r=g","url":"https:\/\/secure.gravatar.com\/avatar\/06dc2838cb0c066488cdb4b104beba474e6305a2d11cbb1fb7353f876daae9f3?s=96&d=mm&r=g","contentUrl":"https:\/\/secure.gravatar.com\/avatar\/06dc2838cb0c066488cdb4b104beba474e6305a2d11cbb1fb7353f876daae9f3?s=96&d=mm&r=g","caption":"eimworld"},"sameAs":["https:\/\/eimworld.wpengine.com"]}]}},"_links":{"self":[{"href":"https:\/\/www.eim.com\/it\/wp-json\/wp\/v2\/posts\/17579","targetHints":{"allow":["GET"]}}],"collection":[{"href":"https:\/\/www.eim.com\/it\/wp-json\/wp\/v2\/posts"}],"about":[{"href":"https:\/\/www.eim.com\/it\/wp-json\/wp\/v2\/types\/post"}],"author":[{"embeddable":true,"href":"https:\/\/www.eim.com\/it\/wp-json\/wp\/v2\/users\/2"}],"replies":[{"embeddable":true,"href":"https:\/\/www.eim.com\/it\/wp-json\/wp\/v2\/comments?post=17579"}],"version-history":[{"count":0,"href":"https:\/\/www.eim.com\/it\/wp-json\/wp\/v2\/posts\/17579\/revisions"}],"wp:featuredmedia":[{"embeddable":true,"href":"https:\/\/www.eim.com\/it\/wp-json\/wp\/v2\/media\/17604"}],"wp:attachment":[{"href":"https:\/\/www.eim.com\/it\/wp-json\/wp\/v2\/media?parent=17579"}],"wp:term":[{"taxonomy":"category","embeddable":true,"href":"https:\/\/www.eim.com\/it\/wp-json\/wp\/v2\/categories?post=17579"},{"taxonomy":"post_tag","embeddable":true,"href":"https:\/\/www.eim.com\/it\/wp-json\/wp\/v2\/tags?post=17579"}],"curies":[{"name":"wp","href":"https:\/\/api.w.org\/{rel}","templated":true}]}}