{"id":16700,"date":"2022-05-03T08:00:00","date_gmt":"2022-05-03T06:00:00","guid":{"rendered":"https:\/\/www.eim.com\/it\/?p=16700"},"modified":"2023-04-07T11:06:53","modified_gmt":"2023-04-07T09:06:53","slug":"cambio-generazionale-in-azienda","status":"publish","type":"post","link":"https:\/\/www.eim.com\/it\/interim-management\/cambio-generazionale-in-azienda\/","title":{"rendered":"Cambio generazionale in azienda: problema o opportunit\u00e0?"},"content":{"rendered":"\n\n\n[et_pb_section fb_built=&#8221;1&#8243; admin_label=&#8221;Hero Section&#8221; _builder_version=&#8221;4.19.3&#8243; background_color=&#8221;#002c3e&#8221; use_background_color_gradient=&#8221;on&#8221; background_color_gradient_direction=&#8221;174deg&#8221; background_color_gradient_stops=&#8221;rgba(0,0,0,0.51) 87%|rgba(0,0,0,0.51) 87%&#8221; background_color_gradient_overlays_image=&#8221;on&#8221; background_color_gradient_start=&#8221;rgba(0,0,0,0.51)&#8221; background_color_gradient_start_position=&#8221;87%&#8221; background_color_gradient_end=&#8221;rgba(0,0,0,0.51)&#8221; background_color_gradient_end_position=&#8221;29%&#8221; background_image=&#8221;https:\/\/www.eim.com\/it\/wp-content\/uploads\/sites\/5\/2022\/01\/diventa-interim-manager-scaled.jpeg&#8221; background_position=&#8221;top_right&#8221; min_height_tablet=&#8221;&#8221; min_height_phone=&#8221;690px&#8221; min_height_last_edited=&#8221;on|phone&#8221; height=&#8221;720px&#8221; height_tablet=&#8221;500px&#8221; height_phone=&#8221;auto&#8221; height_last_edited=&#8221;on|desktop&#8221; custom_padding=&#8221;6%||||false|false&#8221; bottom_divider_style=&#8221;slant&#8221; bottom_divider_color=&#8221;#ffffff&#8221; bottom_divider_height=&#8221;150px&#8221; bottom_divider_flip=&#8221;horizontal&#8221; hover_enabled=&#8221;0&#8243; locked=&#8221;off&#8221; global_colors_info=&#8221;{}&#8221; background_color_gradient_direction__hover=&#8221;180deg&#8221; background_color_gradient_direction__hover_enabled=&#8221;180deg&#8221; background_color_gradient_start_position__hover=&#8221;0%&#8221; background_color_gradient_start_position__hover_enabled=&#8221;0%&#8221; background_color_gradient_end_position__hover=&#8221;100%&#8221; background_color_gradient_end_position__hover_enabled=&#8221;100%&#8221; background_color_gradient_stops__hover=&#8221;rgba(0,0,0,0.51) 0%|rgba(0,0,0,0.51) 100%&#8221; title_text=&#8221;diventa-interim-manager&#8221; sticky_enabled=&#8221;0&#8243;][et_pb_row _builder_version=&#8221;4.16&#8243; custom_margin=&#8221;4%||||false|false&#8221; custom_margin_tablet=&#8221;&#8221; custom_margin_phone=&#8221;5%||||false|false&#8221; custom_margin_last_edited=&#8221;on|phone&#8221; global_colors_info=&#8221;{}&#8221;][et_pb_column type=&#8221;4_4&#8243; _builder_version=&#8221;4.16&#8243; global_colors_info=&#8221;{}&#8221;][et_pb_text admin_label=&#8221;Hero Section Title&#8221; _builder_version=&#8221;4.19.3&#8243; text_font=&#8221;Montserrat|800|||||||&#8221; text_font_size=&#8221;18px&#8221; text_line_height=&#8221;1.3em&#8221; header_font=&#8221;Montserrat|700|||||||&#8221; header_font_size=&#8221;56px&#8221; header_letter_spacing=&#8221;3px&#8221; header_line_height=&#8221;1.1em&#8221; header_2_font=&#8221;Montserrat|700|||||||&#8221; header_2_text_color=&#8221;rgba(255,255,255,0.6)&#8221; header_2_font_size=&#8221;90px&#8221; header_2_letter_spacing=&#8221;3px&#8221; header_2_line_height=&#8221;1.1em&#8221; text_orientation=&#8221;center&#8221; background_layout=&#8221;dark&#8221; max_width=&#8221;900px&#8221; module_alignment=&#8221;center&#8221; custom_margin=&#8221;0px||0px||false|false&#8221; animation_style=&#8221;fade&#8221; animation_direction=&#8221;bottom&#8221; animation_duration=&#8221;1350ms&#8221; header_font_size_tablet=&#8221;&#8221; header_font_size_phone=&#8221;28px&#8221; header_font_size_last_edited=&#8221;on|phone&#8221; header_2_font_size_tablet=&#8221;&#8221; header_2_font_size_phone=&#8221;50px&#8221; header_2_font_size_last_edited=&#8221;on|phone&#8221; text_text_shadow_style=&#8221;preset1&#8243; text_text_shadow_horizontal_length=&#8221;0.28em&#8221; locked=&#8221;off&#8221; inline_fonts=&#8221;Prata,Montserrat&#8221; global_colors_info=&#8221;{}&#8221;]<h1 style=\"font-size: 50px;\">Cambio generazionale in azienda: problema o opportunit\u00e0?<\/h1>[\/et_pb_text][\/et_pb_column][\/et_pb_row][\/et_pb_section][et_pb_section fb_built=&#8221;1&#8243; custom_padding_last_edited=&#8221;on|tablet&#8221; disabled_on=&#8221;off|off|off&#8221; _builder_version=&#8221;4.16&#8243; background_color=&#8221;#ffffff&#8221; custom_margin=&#8221;||||false|false&#8221; custom_padding=&#8221;10px||2%||false|false&#8221; custom_padding_tablet=&#8221;10px||3%||false|false&#8221; custom_padding_phone=&#8221;||3%||false|false&#8221; top_divider_color=&#8221;#ffffff&#8221; bottom_divider_flip=&#8221;horizontal&#8221; locked=&#8221;off&#8221; global_colors_info=&#8221;{}&#8221;][et_pb_row custom_padding_last_edited=&#8221;off|phone&#8221; admin_label=&#8221;Title Area&#8221; _builder_version=&#8221;4.16&#8243; background_color=&#8221;rgba(0,0,0,0)&#8221; width=&#8221;100%&#8221; module_alignment=&#8221;center&#8221; custom_margin=&#8221;||||false|false&#8221; custom_padding=&#8221;|0px|0px|0px|false|false&#8221; custom_padding_tablet=&#8221;3%|0px|0.2%|0px|false|false&#8221; custom_padding_phone=&#8221;8%||||false|false&#8221; global_colors_info=&#8221;{}&#8221;][et_pb_column type=&#8221;4_4&#8243; _builder_version=&#8221;4.16&#8243; custom_padding=&#8221;|||&#8221; global_colors_info=&#8221;{}&#8221; custom_padding__hover=&#8221;|||&#8221;][et_pb_text _builder_version=&#8221;4.19.3&#8243; text_font_size=&#8221;16px&#8221; max_width=&#8221;90%&#8221; module_alignment=&#8221;center&#8221; custom_margin=&#8221;||||false|false&#8221; custom_margin_tablet=&#8221;||||false|false&#8221; custom_margin_phone=&#8221;||||false|false&#8221; custom_margin_last_edited=&#8221;on|desktop&#8221; custom_padding=&#8221;||||false|false&#8221; hover_enabled=&#8221;0&#8243; global_colors_info=&#8221;{}&#8221; sticky_enabled=&#8221;0&#8243;]<p style=\"text-align: justify;\"><em>Nel nostro libro <span style=\"text-decoration: underline;\"><a href=\"https:\/\/www.hoepli.it\/libro\/gestire-il-business-fluido\/9788836004102.html\">Gestire il business fluido<\/a><\/span> abbiamo dedicato l\u2019intero Capitolo 9 a un tema molto importante e di grande attualit\u00e0: come gestire in modo efficace in un\u2019azienda il passaggio da una generazione di imprenditori \u2013 a maggior ragione se fondatori \u2013 a quella successiva. Pi\u00f9 in generale, a una fase in cui non \u00e8 prevista la presenza dell\u2019imprenditore di prima generazione nella gestione. Nel libro descriviamo le \u201cregole d\u2019oro\u201d da rispettare in momenti come questo. In questo estratto, illustriamo l\u2019approccio pi\u00f9 efficace per <strong>gestire con successo il cambio generazionale<\/strong> e le sue conseguenze.<\/em><\/p>[\/et_pb_text][\/et_pb_column][\/et_pb_row][\/et_pb_section][et_pb_section fb_built=&#8221;1&#8243; custom_padding_last_edited=&#8221;on|tablet&#8221; disabled_on=&#8221;off|off|off&#8221; _builder_version=&#8221;4.16&#8243; background_color=&#8221;#e6e6e6&#8243; custom_margin=&#8221;||||false|false&#8221; custom_padding=&#8221;7%||2%||false|false&#8221; custom_padding_tablet=&#8221;14%||3%||false|false&#8221; custom_padding_phone=&#8221;20%||||false|false&#8221; top_divider_style=&#8221;slant&#8221; top_divider_color=&#8221;#ffffff&#8221; bottom_divider_flip=&#8221;horizontal&#8221; locked=&#8221;off&#8221; global_colors_info=&#8221;{}&#8221;][et_pb_row custom_padding_last_edited=&#8221;off|phone&#8221; admin_label=&#8221;Title Area&#8221; _builder_version=&#8221;4.16&#8243; background_color=&#8221;rgba(0,0,0,0)&#8221; width=&#8221;100%&#8221; module_alignment=&#8221;center&#8221; custom_margin=&#8221;||0px||false|false&#8221; custom_padding=&#8221;||0px||false|false&#8221; custom_padding_tablet=&#8221;3%|0px|0.2%|0px|false|false&#8221; custom_padding_phone=&#8221;8%||||false|false&#8221; locked=&#8221;off&#8221; global_colors_info=&#8221;{}&#8221;][et_pb_column type=&#8221;4_4&#8243; _builder_version=&#8221;4.16&#8243; custom_padding=&#8221;|||&#8221; global_colors_info=&#8221;{}&#8221; custom_padding__hover=&#8221;|||&#8221;][et_pb_text _builder_version=&#8221;4.19.3&#8243; text_font_size=&#8221;16px&#8221; max_width=&#8221;90%&#8221; module_alignment=&#8221;center&#8221; custom_margin=&#8221;||||false|false&#8221; custom_margin_tablet=&#8221;||||false|false&#8221; custom_margin_phone=&#8221;||||false|false&#8221; custom_margin_last_edited=&#8221;on|desktop&#8221; custom_padding=&#8221;||||false|false&#8221; hover_enabled=&#8221;0&#8243; global_colors_info=&#8221;{}&#8221; sticky_enabled=&#8221;0&#8243;]<p style=\"text-align: justify;\">\u00c8 un tema di grande attualit\u00e0 soprattutto per molte aziende imprenditoriali italiane, dove i protagonisti della crescita impetuosa degli anni \u201970 e \u201980 si trovano oggi ad affrontare il momento critico del passaggio del testimone. Molto spesso questo passaggio coincide \u2013 o dovrebbe coincidere \u2013 con una spinta ulteriore verso la managerializzazione dell\u2019azienda ed \u00e8 proprio in questa combinazione di eventi \u2013 l\u2019uscita di scena del fondatore da una parte e l\u2019inserimento di manager che gli succedano dall\u2019altra \u2013 che molte aziende si trovano in difficolt\u00e0 e prendono decisioni sbagliate. Nella nostra esperienza, il punto di partenza deve essere prendere coscienza, accettare il fatto che ci si trova in un momento di transizione e dotarsi delle <strong>capacit\u00e0 manageriali pi\u00f9 adatte a gestire tale transizione<\/strong>.<\/p>[\/et_pb_text][\/et_pb_column][\/et_pb_row][\/et_pb_section][et_pb_section fb_built=&#8221;1&#8243; disabled_on=&#8221;off|off|off&#8221; _builder_version=&#8221;4.19.3&#8243; background_color=&#8221;RGBA(255,255,255,0)&#8221; background_image=&#8221;https:\/\/www.eim.com\/it\/wp-content\/uploads\/sites\/5\/2022\/01\/candidate-eim-italia.jpeg&#8221; min_height=&#8221;550px&#8221; min_height_tablet=&#8221;400px&#8221; min_height_phone=&#8221;350px&#8221; min_height_last_edited=&#8221;on|desktop&#8221; custom_margin=&#8221;||||false|false&#8221; custom_padding=&#8221;||||true|false&#8221; top_divider_style=&#8221;slant&#8221; top_divider_color=&#8221;#e6e6e6&#8243; top_divider_flip=&#8221;vertical&#8221; bottom_divider_style=&#8221;slant&#8221; bottom_divider_color=&#8221;#ffffff&#8221; bottom_divider_flip=&#8221;horizontal|vertical&#8221; hover_enabled=&#8221;0&#8243; background_color_tablet=&#8221;#db932b&#8221; background_last_edited=&#8221;off|desktop&#8221; background_enable_color_tablet=&#8221;on&#8221; use_background_color_gradient_tablet=&#8221;off&#8221; background_enable_image_tablet=&#8221;off&#8221; locked=&#8221;off&#8221; global_colors_info=&#8221;{}&#8221; title_text=&#8221;candidate-eim-italia&#8221; sticky_enabled=&#8221;0&#8243; background_position=&#8221;top_left&#8221;][\/et_pb_section][et_pb_section fb_built=&#8221;1&#8243; custom_padding_last_edited=&#8221;on|phone&#8221; disabled_on=&#8221;off|off|off&#8221; _builder_version=&#8221;4.19.3&#8243; background_color=&#8221;#FFFFFF&#8221; custom_margin=&#8221;||||false|false&#8221; custom_padding=&#8221;0%||2%||false|false&#8221; custom_padding_tablet=&#8221;0%||3%||false|false&#8221; custom_padding_phone=&#8221;0%||||false|false&#8221; top_divider_color=&#8221;#e6e6e6&#8243; top_divider_flip=&#8221;horizontal&#8221; bottom_divider_flip=&#8221;horizontal&#8221; locked=&#8221;off&#8221; global_colors_info=&#8221;{}&#8221;][et_pb_row custom_padding_last_edited=&#8221;off|phone&#8221; admin_label=&#8221;Title Area&#8221; _builder_version=&#8221;4.16&#8243; background_color=&#8221;rgba(0,0,0,0)&#8221; width=&#8221;100%&#8221; module_alignment=&#8221;center&#8221; custom_margin=&#8221;||0px||false|false&#8221; custom_padding=&#8221;||0px||false|false&#8221; custom_padding_tablet=&#8221;3%|0px|0.2%|0px|false|false&#8221; custom_padding_phone=&#8221;8%||||false|false&#8221; locked=&#8221;off&#8221; global_colors_info=&#8221;{}&#8221;][et_pb_column type=&#8221;4_4&#8243; _builder_version=&#8221;4.16&#8243; custom_padding=&#8221;|||&#8221; global_colors_info=&#8221;{}&#8221; custom_padding__hover=&#8221;|||&#8221;][et_pb_text admin_label=&#8221;Title&#8221; _builder_version=&#8221;4.19.3&#8243; text_font=&#8221;||||||||&#8221; text_text_color=&#8221;#ffffff&#8221; header_font=&#8221;Prata||||||||&#8221; header_2_font=&#8221;Montserrat|700|||||||&#8221; header_2_text_align=&#8221;center&#8221; header_2_font_size=&#8221;30px&#8221; custom_margin=&#8221;8%||5px||false|false&#8221; custom_padding=&#8221;0px||3%||false|false&#8221; animation_style=&#8221;fade&#8221; animation_direction=&#8221;top&#8221; animation_duration=&#8221;1350ms&#8221; animation_starting_opacity=&#8221;100%&#8221; inline_fonts=&#8221;Prata,Montserrat&#8221; global_colors_info=&#8221;{}&#8221;]<h2 style=\"text-align: center;\">Punti di partenza per il passaggio generazionale<\/h2>[\/et_pb_text][et_pb_text _builder_version=&#8221;4.19.3&#8243; text_font_size=&#8221;16px&#8221; max_width=&#8221;90%&#8221; module_alignment=&#8221;center&#8221; custom_margin=&#8221;||||false|false&#8221; custom_margin_tablet=&#8221;||||false|false&#8221; custom_margin_phone=&#8221;||||false|false&#8221; custom_margin_last_edited=&#8221;on|desktop&#8221; custom_padding=&#8221;||||false|false&#8221; global_colors_info=&#8221;{}&#8221;]<p style=\"text-align: justify;\">Che si tratti di un imprenditore di prima generazione o di un manager di lunghissimo corso, i quali non si siano occupati della loro successione per tempo, prima della loro uscita, il discorso non cambia. Si tratta di persone la cui esperienza \u00e8 irripetibile, cos\u00ec come \u00e8 irripetibile il ruolo che occupano in azienda. Conoscono tutto e tutti, sono rispettate e non vengono mai messe in discussione. Possono quindi operare con competenza e velocit\u00e0 irraggiungibile per chiunque altro. <strong>Non pu\u00f2 esistere il manager in grado di fare quello che faceva l\u2019imprenditore come lo faceva lui<\/strong>, o come faceva il predecessore di lungo corso.<\/p>\n<p style=\"text-align: justify;\"><strong>Neppure chi \u00e8 abituato a convivere con il \u201cTitano\u201d, che sia questo imprenditore o manager, sar\u00e0 quasi mai un candidato credibile alla successione<\/strong>. Perch\u00e9? Perch\u00e9 probabilmente se \u00e8 durato ha speso tutta la vita ad assecondare le azioni del capo, oppure ha competenze e carattere complementari, sar\u00e0 mite se il capo \u00e8 aggressivo, sar\u00e0 paziente se l\u2019altro \u00e8 impaziente ecc. Neanche questa, quindi, \u00e8 una soluzione che vediamo avere successo. Si pu\u00f2 concludere che \u00e8 sicuramente possibile trovare delle persone (non sempre saranno dei veri manager) capaci di convivere con il Titano, e di farsi apprezzare per la loro attitudine a eseguire i suoi voleri, capaci di portare valore aggiunto nelle aree che non sono di suo interesse o vocazione (nel commerciale se l\u2019altro \u00e8 un tecnico o, viceversa, nella finanza se l\u2019altro \u00e8 una persona di prodotto o mercato), ma si tratta di soluzioni sempre complementari, che funzionano fino a che non si cambia il paradigma. Cio\u00e8 fino a che il Titano \u00e8 presente e operativo in azienda, e quindi non sono soluzioni di managerializzazione vera e propria o di successione gestionale.<\/p>[\/et_pb_text][\/et_pb_column][\/et_pb_row][\/et_pb_section][et_pb_section fb_built=&#8221;1&#8243; custom_padding_last_edited=&#8221;on|tablet&#8221; disabled_on=&#8221;off|off|off&#8221; _builder_version=&#8221;4.19.3&#8243; background_color=&#8221;#e6e6e6&#8243; custom_margin=&#8221;||||false|false&#8221; custom_padding=&#8221;7%||4%||false|false&#8221; custom_padding_tablet=&#8221;14%||3%||false|false&#8221; custom_padding_phone=&#8221;20%||||false|false&#8221; top_divider_style=&#8221;slant&#8221; top_divider_color=&#8221;#ffffff&#8221; top_divider_flip=&#8221;horizontal&#8221; bottom_divider_flip=&#8221;horizontal&#8221; locked=&#8221;off&#8221; global_colors_info=&#8221;{}&#8221;][et_pb_row custom_padding_last_edited=&#8221;off|phone&#8221; admin_label=&#8221;Title Area&#8221; _builder_version=&#8221;4.16&#8243; background_color=&#8221;rgba(0,0,0,0)&#8221; width=&#8221;100%&#8221; module_alignment=&#8221;center&#8221; custom_margin=&#8221;||||false|false&#8221; custom_padding=&#8221;|0px|0px|0px|false|false&#8221; custom_padding_tablet=&#8221;3%|0px|0.2%|0px|false|false&#8221; custom_padding_phone=&#8221;8%||||false|false&#8221; locked=&#8221;off&#8221; global_colors_info=&#8221;{}&#8221;][et_pb_column type=&#8221;4_4&#8243; _builder_version=&#8221;4.16&#8243; custom_padding=&#8221;|||&#8221; global_colors_info=&#8221;{}&#8221; custom_padding__hover=&#8221;|||&#8221;][et_pb_text admin_label=&#8221;Title&#8221; _builder_version=&#8221;4.19.3&#8243; text_font=&#8221;||||||||&#8221; text_text_color=&#8221;#ffffff&#8221; header_font=&#8221;Prata||||||||&#8221; header_2_font=&#8221;Montserrat|700|||||||&#8221; header_2_text_align=&#8221;center&#8221; header_2_font_size=&#8221;30px&#8221; custom_margin=&#8221;8%||5px||false|false&#8221; custom_padding=&#8221;||3%||false|false&#8221; animation_style=&#8221;fade&#8221; animation_direction=&#8221;top&#8221; animation_duration=&#8221;1350ms&#8221; animation_starting_opacity=&#8221;100%&#8221; inline_fonts=&#8221;Prata,Montserrat&#8221; global_colors_info=&#8221;{}&#8221;]<h2 style=\"text-align: center;\">La soluzione che funziona meglio? Spacchettare il processo<\/h2>[\/et_pb_text][et_pb_text _builder_version=&#8221;4.19.3&#8243; text_font_size=&#8221;16px&#8221; max_width=&#8221;90%&#8221; module_alignment=&#8221;center&#8221; custom_margin=&#8221;||||false|false&#8221; custom_margin_tablet=&#8221;||||false|false&#8221; custom_margin_phone=&#8221;||||false|false&#8221; custom_margin_last_edited=&#8221;on|desktop&#8221; custom_padding=&#8221;||||false|false&#8221; global_colors_info=&#8221;{}&#8221;]<p style=\"text-align: justify;\">Il primo e fondamentale passo \u00e8 la <strong>formalizzazione della strategia<\/strong>, del business plan, chiaro e leggibile da tutti, preparato da colui che dovr\u00e0 eseguirlo e sulla base del quale si potr\u00e0 immaginare la nuova organizzazione e le competenze necessarie per raggiungere gli obiettivi di piano.<\/p>\n<p style=\"text-align: justify;\">\u00c8 poi essenziale definire <strong>una scadenza entro la quale il Titano uscir\u00e0 definitivamente di scena<\/strong>, nel senso che non si presenter\u00e0 pi\u00f9 in ufficio, se non nei periodici CDA o in altri momenti istituzionali, e, cosa altrettanto importante, ridefinir\u00e0 la propria agenda di interessi oltre l\u2019azienda, cio\u00e8 concretamente trover\u00e0 altre cose da fare.<\/p>\n<p style=\"text-align: justify;\">A quel punto \u00e8 possibile partire con <strong>la transizione, che pu\u00f2 durare almeno tre anni<\/strong>. Durante questo periodo si scompone e si ricompone l\u2019azienda un segmento alla volta in modo da renderla gestibile da figure professionali formate secondo criteri manageriali, di cui c\u2019\u00e8 ampia offerta sul mercato. Solo cos\u00ec l\u2019azienda trover\u00e0 una sua stabilit\u00e0.<\/p>[\/et_pb_text][\/et_pb_column][\/et_pb_row][\/et_pb_section][et_pb_section fb_built=&#8221;1&#8243; disabled_on=&#8221;off|off|off&#8221; _builder_version=&#8221;4.19.3&#8243; background_color=&#8221;RGBA(255,255,255,0)&#8221; background_image=&#8221;https:\/\/www.eim.com\/it\/wp-content\/uploads\/sites\/5\/2021\/11\/creative-managers-crew-working-with-new-startup-pr-2021-09-04-09-50-46-utc.png&#8221; min_height=&#8221;550px&#8221; min_height_tablet=&#8221;400px&#8221; min_height_phone=&#8221;350px&#8221; min_height_last_edited=&#8221;on|desktop&#8221; custom_margin=&#8221;||||false|false&#8221; custom_padding=&#8221;||||true|false&#8221; top_divider_style=&#8221;slant&#8221; top_divider_color=&#8221;#e6e6e6&#8243; top_divider_flip=&#8221;vertical|horizontal&#8221; bottom_divider_style=&#8221;slant&#8221; bottom_divider_color=&#8221;#ffffff&#8221; bottom_divider_flip=&#8221;vertical&#8221; hover_enabled=&#8221;0&#8243; background_color_tablet=&#8221;#db932b&#8221; background_last_edited=&#8221;off|desktop&#8221; background_enable_color_tablet=&#8221;on&#8221; use_background_color_gradient_tablet=&#8221;off&#8221; background_enable_image_tablet=&#8221;off&#8221; locked=&#8221;off&#8221; global_colors_info=&#8221;{}&#8221; title_text=&#8221;creative-managers-crew-working-with-new-startup-pr-2021-09-04-09-50-46-utc&#8221; background_position=&#8221;top_center&#8221; sticky_enabled=&#8221;0&#8243;][\/et_pb_section][et_pb_section fb_built=&#8221;1&#8243; custom_padding_last_edited=&#8221;on|tablet&#8221; disabled_on=&#8221;off|off|off&#8221; _builder_version=&#8221;4.19.3&#8243; background_color=&#8221;#FFFFFF&#8221; custom_margin=&#8221;||||false|false&#8221; custom_padding=&#8221;0%||2%||false|false&#8221; custom_padding_tablet=&#8221;0%||3%||false|false&#8221; custom_padding_phone=&#8221;4%||||false|false&#8221; top_divider_color=&#8221;#e6e6e6&#8243; bottom_divider_flip=&#8221;horizontal&#8221; locked=&#8221;off&#8221; global_colors_info=&#8221;{}&#8221;][et_pb_row custom_padding_last_edited=&#8221;off|phone&#8221; admin_label=&#8221;Title Area&#8221; _builder_version=&#8221;4.16&#8243; background_color=&#8221;rgba(0,0,0,0)&#8221; width=&#8221;100%&#8221; module_alignment=&#8221;center&#8221; custom_margin=&#8221;||0px||false|false&#8221; custom_padding=&#8221;||0px||false|false&#8221; custom_padding_tablet=&#8221;3%|0px|0.2%|0px|false|false&#8221; custom_padding_phone=&#8221;8%||||false|false&#8221; locked=&#8221;off&#8221; global_colors_info=&#8221;{}&#8221;][et_pb_column type=&#8221;4_4&#8243; _builder_version=&#8221;4.16&#8243; custom_padding=&#8221;|||&#8221; global_colors_info=&#8221;{}&#8221; custom_padding__hover=&#8221;|||&#8221;][et_pb_text admin_label=&#8221;Title&#8221; _builder_version=&#8221;4.19.3&#8243; text_font=&#8221;||||||||&#8221; text_text_color=&#8221;#ffffff&#8221; header_font=&#8221;Prata||||||||&#8221; header_2_font=&#8221;Montserrat|700|||||||&#8221; header_2_text_align=&#8221;center&#8221; header_2_font_size=&#8221;30px&#8221; custom_margin=&#8221;8%||5px||false|false&#8221; custom_padding=&#8221;0px||3%||false|false&#8221; animation_style=&#8221;fade&#8221; animation_direction=&#8221;top&#8221; animation_duration=&#8221;1350ms&#8221; animation_starting_opacity=&#8221;100%&#8221; inline_fonts=&#8221;Prata,Montserrat&#8221; global_colors_info=&#8221;{}&#8221;]<h2 style=\"text-align: center;\">Riprogettare l\u2019azienda in funzione degli standard<\/h2>[\/et_pb_text][et_pb_text _builder_version=&#8221;4.19.3&#8243; text_font_size=&#8221;16px&#8221; max_width=&#8221;90%&#8221; module_alignment=&#8221;center&#8221; custom_margin=&#8221;||||false|false&#8221; custom_margin_tablet=&#8221;||||false|false&#8221; custom_margin_phone=&#8221;||||false|false&#8221; custom_margin_last_edited=&#8221;on|desktop&#8221; custom_padding=&#8221;||||false|false&#8221; global_colors_info=&#8221;{}&#8221;]<p style=\"text-align: justify;\">C\u2019\u00e8 una metafora che illustra chiaramente il concetto: le aziende (ma vale lo stesso per altri ambiti della gestione aziendale) gestite da chi le ha progettate, specie quando si tratta di persone di \u201cprima generazione\u201d, sono un po\u2019 come le automobili del primo Novecento che si possono vedere al Museo dell\u2019Auto di Torino. Non ce ne sono due uguali: erano veicoli che potevano essere pilotati dal loro progettista.<\/p>\n<p style=\"text-align: justify;\"><strong>Inserire un manager che vuole fare il manager (e quindi agire sulle leve dei comandi) in un\u2019azienda gestita dall\u2019imprenditore \u00e8 come mettere un professionista della guida, diciamo un taxista, in braccio al pilota di un\u2019auto dei primi del \u2019900<\/strong>. Mentre il pilota guida, il taxista inizia a tirare leve a casaccio, spingere pedali, per capire cosa serva a cosa, visto che nulla \u00e8 configurato in maniera standard, con risultati facili da immaginare. O si schiantano o viene espulso dopo pochi metri di strada. Per permettere a un taxista di guidare quel veicolo, concettualmente, bisognerebbe prendere una funzione alla volta, smontarla, riprogettarla e ricostruirla in modo standard. Al posto dei due volantini, uno per girare a sinistra e uno per girare a destra, uno solo, bello rotondo in mezzo. Al posto di tre leve per staccare e riattaccare motore e trasmissione, un bel pedale sulla sinistra per la frizione.<\/p>\n<p style=\"text-align: justify;\"><strong>Lo stesso percorso vale per le aziende di impostazione padronale, ad hoc, progettate in base alle competenze delle persone che c\u2019erano, che vanno riprogettate per renderle gestibili dalle figure professionali che oggi si trovano sui mercati.<\/strong><\/p>[\/et_pb_text][\/et_pb_column][\/et_pb_row][\/et_pb_section][et_pb_section fb_built=&#8221;1&#8243; custom_padding_last_edited=&#8221;on|tablet&#8221; disabled_on=&#8221;off|off|off&#8221; _builder_version=&#8221;4.19.3&#8243; background_color=&#8221;#e6e6e6&#8243; custom_margin=&#8221;||||false|false&#8221; custom_padding=&#8221;7%||2%||false|false&#8221; custom_padding_tablet=&#8221;14%||3%||false|false&#8221; custom_padding_phone=&#8221;20%||||false|false&#8221; top_divider_style=&#8221;slant&#8221; top_divider_color=&#8221;#ffffff&#8221; bottom_divider_flip=&#8221;horizontal&#8221; locked=&#8221;off&#8221; global_colors_info=&#8221;{}&#8221;][et_pb_row custom_padding_last_edited=&#8221;off|phone&#8221; admin_label=&#8221;Title Area&#8221; _builder_version=&#8221;4.16&#8243; background_color=&#8221;rgba(0,0,0,0)&#8221; width=&#8221;100%&#8221; module_alignment=&#8221;center&#8221; custom_margin=&#8221;||||false|false&#8221; custom_padding=&#8221;|0px|0px|0px|false|false&#8221; custom_padding_tablet=&#8221;3%|0px|0.2%|0px|false|false&#8221; custom_padding_phone=&#8221;8%||||false|false&#8221; locked=&#8221;off&#8221; global_colors_info=&#8221;{}&#8221;][et_pb_column type=&#8221;4_4&#8243; _builder_version=&#8221;4.16&#8243; custom_padding=&#8221;|||&#8221; global_colors_info=&#8221;{}&#8221; custom_padding__hover=&#8221;|||&#8221;][et_pb_text admin_label=&#8221;Title&#8221; _builder_version=&#8221;4.19.3&#8243; text_font=&#8221;||||||||&#8221; text_text_color=&#8221;#ffffff&#8221; header_font=&#8221;Prata||||||||&#8221; header_2_font=&#8221;Montserrat|700|||||||&#8221; header_2_text_align=&#8221;center&#8221; header_2_font_size=&#8221;30px&#8221; custom_margin=&#8221;8%||5px||false|false&#8221; custom_padding=&#8221;||3%||false|false&#8221; animation_style=&#8221;fade&#8221; animation_direction=&#8221;top&#8221; animation_duration=&#8221;1350ms&#8221; animation_starting_opacity=&#8221;100%&#8221; inline_fonts=&#8221;Prata,Montserrat&#8221; global_colors_info=&#8221;{}&#8221;]<h2 style=\"text-align: center;\">Dalla gestione di persone alla gestione di processi<\/h2>[\/et_pb_text][et_pb_text _builder_version=&#8221;4.19.3&#8243; text_font_size=&#8221;16px&#8221; max_width=&#8221;90%&#8221; module_alignment=&#8221;center&#8221; custom_margin=&#8221;||||false|false&#8221; custom_margin_tablet=&#8221;||||false|false&#8221; custom_margin_phone=&#8221;||||false|false&#8221; custom_margin_last_edited=&#8221;on|desktop&#8221; custom_padding=&#8221;||||false|false&#8221; global_colors_info=&#8221;{}&#8221;]<p style=\"text-align: justify;\">Il vero cambiamento dunque si registra con il passaggio progressivo da una \u201cgestione di persone\u201d a una \u201cgestione di processi governati da persone\u201d. Le aziende imprenditoriali cresciute sotto l\u2019ala protettrice del fondatore sono inevitabilmente basate sulle individualit\u00e0 sviluppate al loro interno, dal responsabile commerciale al CFO. Se queste figure vengono meno, per\u00f2, l\u2019azienda rischia di andare in difficolt\u00e0.<\/p>\n<p style=\"text-align: justify;\"><strong>A un modello cos\u00ec congegnato deve succederne un altro che metta al centro una codificazione strutturata del modus operandi e una serie di processi allineati con le best practice del mercato<\/strong>. La proceduralizzazione delle funzioni aziendali consente di fare una necessaria spersonalizzazione ed \u00e8 il prerequisito per passare da una fase all\u2019altra. In molte aziende imprenditoriali un operaio o un contabile che abbia necessit\u00e0 di un sostegno su come fare una cosa prende ancora a riferimento l\u2019imprenditore e solo a lui delega la soluzione del problema. <strong>Attraverso la managerializzazione si far\u00e0 riferimento a processi puntuali e condivisi, in grado di indicare i giusti approcci<\/strong>. Processi strutturati, ripetitivi, codificati e interpretati correttamente che, una volta accettati e messi in pratica, faranno superare il limite di essere legati a singole persone e consentiranno di accogliere nuovi professionisti.<\/p>\n<p style=\"text-align: justify;\">I manager utilizzati per fare questo genere di percorso devono saper traghettare l\u2019azienda in questa direzione, pianificando e gestendo il ricambio e la trasformazione dei processi e dei modelli. <strong>Devono sapere fin dall\u2019inizio che non vanno in azienda solo ad agire sulle leve del comando, ma soprattutto a gestire l\u2019imprenditore e a smontare e rimontare l\u2019azienda passo passo, con il suo consenso<\/strong>. Il 70% del loro tempo sar\u00e0 dedicato a fare \u201cstakeholder management\u201d. Il loro ruolo sar\u00e0 quello di gestire una transizione verso un futuro manager che agir\u00e0 in un contesto finalmente managerializzato e non dipendente dalla presenza o meno dell\u2019imprenditore\/fondatore.<\/p>[\/et_pb_text][\/et_pb_column][\/et_pb_row][\/et_pb_section][et_pb_section fb_built=&#8221;1&#8243; custom_padding_last_edited=&#8221;on|phone&#8221; _builder_version=&#8221;4.19.3&#8243; background_color=&#8221;#DB9300&#8243; custom_margin=&#8221;0%||||false|false&#8221; custom_padding_tablet=&#8221;80px||||false|false&#8221; custom_padding_phone=&#8221;100px||||false|false&#8221; top_divider_style=&#8221;slant&#8221; top_divider_color=&#8221;#e6e6e6&#8243; top_divider_flip=&#8221;vertical&#8221; bottom_divider_color=&#8221;#ffffff&#8221; bottom_divider_flip=&#8221;horizontal&#8221; locked=&#8221;off&#8221; global_colors_info=&#8221;{}&#8221;][et_pb_row _builder_version=&#8221;4.16&#8243; custom_margin=&#8221;-40px|auto||auto|false|false&#8221; custom_padding=&#8221;||0.5%||false|false&#8221; global_colors_info=&#8221;{}&#8221;][et_pb_column type=&#8221;4_4&#8243; _builder_version=&#8221;4.16&#8243; global_colors_info=&#8221;{}&#8221;][et_pb_text admin_label=&#8221;Title&#8221; _builder_version=&#8221;4.19.3&#8243; text_font=&#8221;||||||||&#8221; text_text_color=&#8221;#ffffff&#8221; header_font=&#8221;Prata||||||||&#8221; header_2_font=&#8221;Montserrat|700|||||||&#8221; header_2_text_align=&#8221;center&#8221; header_2_font_size=&#8221;30px&#8221; custom_margin=&#8221;8%||5px||false|false&#8221; custom_padding=&#8221;||0px|||&#8221; animation_style=&#8221;fade&#8221; animation_direction=&#8221;top&#8221; animation_duration=&#8221;1350ms&#8221; animation_starting_opacity=&#8221;100%&#8221; hover_enabled=&#8221;0&#8243; inline_fonts=&#8221;Prata,Montserrat&#8221; global_colors_info=&#8221;{}&#8221; sticky_enabled=&#8221;0&#8243;]<h2 style=\"text-align: center;\"><span style=\"color: #ffffff;\">Il passaggio generazionale non \u00e8 solo \u201cun affare di famiglia\u201d<\/span><span><\/span><\/h2>[\/et_pb_text][et_pb_text _builder_version=&#8221;4.19.3&#8243; text_text_color=&#8221;#FFFFFF&#8221; text_font_size=&#8221;20px&#8221; max_width=&#8221;90%&#8221; module_alignment=&#8221;center&#8221; custom_margin=&#8221;||||false|false&#8221; custom_margin_tablet=&#8221;||||false|false&#8221; custom_margin_phone=&#8221;||||false|false&#8221; custom_margin_last_edited=&#8221;on|desktop&#8221; custom_padding=&#8221;||||false|false&#8221; hover_enabled=&#8221;0&#8243; global_colors_info=&#8221;{}&#8221; sticky_enabled=&#8221;0&#8243;]<p style=\"text-align: center;\">Scopri quali sono i vantaggi di scegliere un Interim Manager EIM per la tua azienda<\/p>[\/et_pb_text][et_pb_button button_url=&#8221;@ET-DC@eyJkeW5hbWljIjp0cnVlLCJjb250ZW50IjoicG9zdF9saW5rX3VybF9wYWdlIiwic2V0dGluZ3MiOnsicG9zdF9pZCI6IjE1NjEwIn19@&#8221; button_text=&#8221;VAI ALLA PAGINA DEDICATA&#8221; button_alignment=&#8221;center&#8221; _builder_version=&#8221;4.19.3&#8243; _dynamic_attributes=&#8221;button_url&#8221; _module_preset=&#8221;default&#8221; custom_button=&#8221;on&#8221; button_text_color=&#8221;#FFFFFF&#8221; hover_enabled=&#8221;0&#8243; global_colors_info=&#8221;{}&#8221; sticky_enabled=&#8221;0&#8243;][\/et_pb_button][\/et_pb_column][\/et_pb_row][\/et_pb_section]\n\n\n","protected":false},"excerpt":{"rendered":"<p>Cambio generazionale in azienda: in questo estratto l\u2019approccio pi\u00f9 efficace per gestire il passaggio generazionale e le sue conseguenze.<\/p>\n","protected":false},"author":2,"featured_media":16798,"comment_status":"closed","ping_status":"open","sticky":false,"template":"","format":"standard","meta":{"_et_pb_use_builder":"on","_et_pb_old_content":"","_et_gb_content_width":"2880","footnotes":""},"categories":[2193,2133],"tags":[],"class_list":["post-16700","post","type-post","status-publish","format-standard","has-post-thumbnail","hentry","category-carosello","category-interim-management"],"yoast_head":"<!-- This site is optimized with the Yoast SEO Premium plugin v27.0 (Yoast SEO v27.4) - https:\/\/yoast.com\/product\/yoast-seo-premium-wordpress\/ -->\n<title>Cambio generazionale in azienda: problema o opportunit\u00e0? - EIM Italia<\/title>\n<meta name=\"description\" content=\"Cambio generazionale in azienda: in questo estratto l\u2019approccio pi\u00f9 efficace per gestire il passaggio generazionale e le sue conseguenze.\" \/>\n<meta name=\"robots\" content=\"index, follow, max-snippet:-1, max-image-preview:large, max-video-preview:-1\" \/>\n<link rel=\"canonical\" href=\"https:\/\/www.eim.com\/it\/interim-management\/cambio-generazionale-in-azienda\/\" \/>\n<meta property=\"og:locale\" content=\"it_IT\" \/>\n<meta property=\"og:type\" content=\"article\" \/>\n<meta property=\"og:title\" content=\"Cambio generazionale in azienda: problema o opportunit\u00e0?\" \/>\n<meta property=\"og:description\" content=\"Cambio generazionale in azienda: in questo estratto l\u2019approccio pi\u00f9 efficace per gestire il passaggio generazionale e le sue conseguenze.\" \/>\n<meta property=\"og:url\" content=\"https:\/\/www.eim.com\/it\/interim-management\/cambio-generazionale-in-azienda\/\" \/>\n<meta property=\"og:site_name\" content=\"EIM Italia\" \/>\n<meta property=\"article:published_time\" content=\"2022-05-03T06:00:00+00:00\" \/>\n<meta property=\"article:modified_time\" content=\"2023-04-07T09:06:53+00:00\" \/>\n<meta property=\"og:image\" content=\"https:\/\/www.eim.com\/it\/wp-content\/uploads\/sites\/5\/2022\/05\/POST-cambio-GENERAZIONALE.jpg\" \/>\n\t<meta property=\"og:image:width\" content=\"1200\" \/>\n\t<meta property=\"og:image:height\" content=\"672\" \/>\n\t<meta property=\"og:image:type\" content=\"image\/jpeg\" \/>\n<meta name=\"author\" content=\"eimworld\" \/>\n<meta name=\"twitter:card\" content=\"summary_large_image\" \/>\n<meta name=\"twitter:label1\" content=\"Scritto da\" \/>\n\t<meta name=\"twitter:data1\" content=\"eimworld\" \/>\n\t<meta name=\"twitter:label2\" content=\"Tempo di lettura stimato\" \/>\n\t<meta name=\"twitter:data2\" content=\"10 minuti\" \/>\n<script type=\"application\/ld+json\" class=\"yoast-schema-graph\">{\"@context\":\"https:\\\/\\\/schema.org\",\"@graph\":[{\"@type\":\"Article\",\"@id\":\"https:\\\/\\\/www.eim.com\\\/it\\\/interim-management\\\/cambio-generazionale-in-azienda\\\/#article\",\"isPartOf\":{\"@id\":\"https:\\\/\\\/www.eim.com\\\/it\\\/interim-management\\\/cambio-generazionale-in-azienda\\\/\"},\"author\":{\"name\":\"eimworld\",\"@id\":\"https:\\\/\\\/www.eim.com\\\/it\\\/#\\\/schema\\\/person\\\/82c5e4b03b7af649944ed10552319b91\"},\"headline\":\"Cambio generazionale in azienda: problema o opportunit\u00e0?\",\"datePublished\":\"2022-05-03T06:00:00+00:00\",\"dateModified\":\"2023-04-07T09:06:53+00:00\",\"mainEntityOfPage\":{\"@id\":\"https:\\\/\\\/www.eim.com\\\/it\\\/interim-management\\\/cambio-generazionale-in-azienda\\\/\"},\"wordCount\":3444,\"publisher\":{\"@id\":\"https:\\\/\\\/www.eim.com\\\/it\\\/#organization\"},\"image\":{\"@id\":\"https:\\\/\\\/www.eim.com\\\/it\\\/interim-management\\\/cambio-generazionale-in-azienda\\\/#primaryimage\"},\"thumbnailUrl\":\"https:\\\/\\\/www.eim.com\\\/it\\\/wp-content\\\/uploads\\\/sites\\\/5\\\/2022\\\/05\\\/POST-cambio-GENERAZIONALE.jpg\",\"articleSection\":[\"Carosello\",\"Interim Management\"],\"inLanguage\":\"it-IT\"},{\"@type\":\"WebPage\",\"@id\":\"https:\\\/\\\/www.eim.com\\\/it\\\/interim-management\\\/cambio-generazionale-in-azienda\\\/\",\"url\":\"https:\\\/\\\/www.eim.com\\\/it\\\/interim-management\\\/cambio-generazionale-in-azienda\\\/\",\"name\":\"Cambio generazionale in azienda: problema o opportunit\u00e0? - EIM Italia\",\"isPartOf\":{\"@id\":\"https:\\\/\\\/www.eim.com\\\/it\\\/#website\"},\"primaryImageOfPage\":{\"@id\":\"https:\\\/\\\/www.eim.com\\\/it\\\/interim-management\\\/cambio-generazionale-in-azienda\\\/#primaryimage\"},\"image\":{\"@id\":\"https:\\\/\\\/www.eim.com\\\/it\\\/interim-management\\\/cambio-generazionale-in-azienda\\\/#primaryimage\"},\"thumbnailUrl\":\"https:\\\/\\\/www.eim.com\\\/it\\\/wp-content\\\/uploads\\\/sites\\\/5\\\/2022\\\/05\\\/POST-cambio-GENERAZIONALE.jpg\",\"datePublished\":\"2022-05-03T06:00:00+00:00\",\"dateModified\":\"2023-04-07T09:06:53+00:00\",\"description\":\"Cambio generazionale in azienda: in questo estratto l\u2019approccio pi\u00f9 efficace per gestire il passaggio generazionale e le sue conseguenze.\",\"breadcrumb\":{\"@id\":\"https:\\\/\\\/www.eim.com\\\/it\\\/interim-management\\\/cambio-generazionale-in-azienda\\\/#breadcrumb\"},\"inLanguage\":\"it-IT\",\"potentialAction\":[{\"@type\":\"ReadAction\",\"target\":[\"https:\\\/\\\/www.eim.com\\\/it\\\/interim-management\\\/cambio-generazionale-in-azienda\\\/\"]}]},{\"@type\":\"ImageObject\",\"inLanguage\":\"it-IT\",\"@id\":\"https:\\\/\\\/www.eim.com\\\/it\\\/interim-management\\\/cambio-generazionale-in-azienda\\\/#primaryimage\",\"url\":\"https:\\\/\\\/www.eim.com\\\/it\\\/wp-content\\\/uploads\\\/sites\\\/5\\\/2022\\\/05\\\/POST-cambio-GENERAZIONALE.jpg\",\"contentUrl\":\"https:\\\/\\\/www.eim.com\\\/it\\\/wp-content\\\/uploads\\\/sites\\\/5\\\/2022\\\/05\\\/POST-cambio-GENERAZIONALE.jpg\",\"width\":1200,\"height\":672},{\"@type\":\"BreadcrumbList\",\"@id\":\"https:\\\/\\\/www.eim.com\\\/it\\\/interim-management\\\/cambio-generazionale-in-azienda\\\/#breadcrumb\",\"itemListElement\":[{\"@type\":\"ListItem\",\"position\":1,\"name\":\"Home\",\"item\":\"https:\\\/\\\/www.eim.com\\\/it\\\/\"},{\"@type\":\"ListItem\",\"position\":2,\"name\":\"Cambio generazionale in azienda: problema o opportunit\u00e0?\"}]},{\"@type\":\"WebSite\",\"@id\":\"https:\\\/\\\/www.eim.com\\\/it\\\/#website\",\"url\":\"https:\\\/\\\/www.eim.com\\\/it\\\/\",\"name\":\"EIM Italia\",\"description\":\"Siamo gli inventori dell&#039;Executive Interim Management\",\"publisher\":{\"@id\":\"https:\\\/\\\/www.eim.com\\\/it\\\/#organization\"},\"potentialAction\":[{\"@type\":\"SearchAction\",\"target\":{\"@type\":\"EntryPoint\",\"urlTemplate\":\"https:\\\/\\\/www.eim.com\\\/it\\\/?s={search_term_string}\"},\"query-input\":{\"@type\":\"PropertyValueSpecification\",\"valueRequired\":true,\"valueName\":\"search_term_string\"}}],\"inLanguage\":\"it-IT\"},{\"@type\":\"Organization\",\"@id\":\"https:\\\/\\\/www.eim.com\\\/it\\\/#organization\",\"name\":\"EIM\",\"url\":\"https:\\\/\\\/www.eim.com\\\/it\\\/\",\"logo\":{\"@type\":\"ImageObject\",\"inLanguage\":\"it-IT\",\"@id\":\"https:\\\/\\\/www.eim.com\\\/it\\\/#\\\/schema\\\/logo\\\/image\\\/\",\"url\":\"https:\\\/\\\/www.eim.com\\\/it\\\/wp-content\\\/uploads\\\/sites\\\/5\\\/2022\\\/02\\\/logo-eim-favicon2022.png\",\"contentUrl\":\"https:\\\/\\\/www.eim.com\\\/it\\\/wp-content\\\/uploads\\\/sites\\\/5\\\/2022\\\/02\\\/logo-eim-favicon2022.png\",\"width\":427,\"height\":427,\"caption\":\"EIM\"},\"image\":{\"@id\":\"https:\\\/\\\/www.eim.com\\\/it\\\/#\\\/schema\\\/logo\\\/image\\\/\"}},{\"@type\":\"Person\",\"@id\":\"https:\\\/\\\/www.eim.com\\\/it\\\/#\\\/schema\\\/person\\\/82c5e4b03b7af649944ed10552319b91\",\"name\":\"eimworld\",\"image\":{\"@type\":\"ImageObject\",\"inLanguage\":\"it-IT\",\"@id\":\"https:\\\/\\\/secure.gravatar.com\\\/avatar\\\/06dc2838cb0c066488cdb4b104beba474e6305a2d11cbb1fb7353f876daae9f3?s=96&d=mm&r=g\",\"url\":\"https:\\\/\\\/secure.gravatar.com\\\/avatar\\\/06dc2838cb0c066488cdb4b104beba474e6305a2d11cbb1fb7353f876daae9f3?s=96&d=mm&r=g\",\"contentUrl\":\"https:\\\/\\\/secure.gravatar.com\\\/avatar\\\/06dc2838cb0c066488cdb4b104beba474e6305a2d11cbb1fb7353f876daae9f3?s=96&d=mm&r=g\",\"caption\":\"eimworld\"},\"sameAs\":[\"https:\\\/\\\/eimworld.wpengine.com\"]}]}<\/script>\n<!-- \/ Yoast SEO Premium plugin. -->","yoast_head_json":{"title":"Cambio generazionale in azienda: problema o opportunit\u00e0? - EIM Italia","description":"Cambio generazionale in azienda: in questo estratto l\u2019approccio pi\u00f9 efficace per gestire il passaggio generazionale e le sue conseguenze.","robots":{"index":"index","follow":"follow","max-snippet":"max-snippet:-1","max-image-preview":"max-image-preview:large","max-video-preview":"max-video-preview:-1"},"canonical":"https:\/\/www.eim.com\/it\/interim-management\/cambio-generazionale-in-azienda\/","og_locale":"it_IT","og_type":"article","og_title":"Cambio generazionale in azienda: problema o opportunit\u00e0?","og_description":"Cambio generazionale in azienda: in questo estratto l\u2019approccio pi\u00f9 efficace per gestire il passaggio generazionale e le sue conseguenze.","og_url":"https:\/\/www.eim.com\/it\/interim-management\/cambio-generazionale-in-azienda\/","og_site_name":"EIM Italia","article_published_time":"2022-05-03T06:00:00+00:00","article_modified_time":"2023-04-07T09:06:53+00:00","og_image":[{"width":1200,"height":672,"url":"https:\/\/www.eim.com\/it\/wp-content\/uploads\/sites\/5\/2022\/05\/POST-cambio-GENERAZIONALE.jpg","type":"image\/jpeg"}],"author":"eimworld","twitter_card":"summary_large_image","twitter_misc":{"Scritto da":"eimworld","Tempo di lettura stimato":"10 minuti"},"schema":{"@context":"https:\/\/schema.org","@graph":[{"@type":"Article","@id":"https:\/\/www.eim.com\/it\/interim-management\/cambio-generazionale-in-azienda\/#article","isPartOf":{"@id":"https:\/\/www.eim.com\/it\/interim-management\/cambio-generazionale-in-azienda\/"},"author":{"name":"eimworld","@id":"https:\/\/www.eim.com\/it\/#\/schema\/person\/82c5e4b03b7af649944ed10552319b91"},"headline":"Cambio generazionale in azienda: problema o opportunit\u00e0?","datePublished":"2022-05-03T06:00:00+00:00","dateModified":"2023-04-07T09:06:53+00:00","mainEntityOfPage":{"@id":"https:\/\/www.eim.com\/it\/interim-management\/cambio-generazionale-in-azienda\/"},"wordCount":3444,"publisher":{"@id":"https:\/\/www.eim.com\/it\/#organization"},"image":{"@id":"https:\/\/www.eim.com\/it\/interim-management\/cambio-generazionale-in-azienda\/#primaryimage"},"thumbnailUrl":"https:\/\/www.eim.com\/it\/wp-content\/uploads\/sites\/5\/2022\/05\/POST-cambio-GENERAZIONALE.jpg","articleSection":["Carosello","Interim Management"],"inLanguage":"it-IT"},{"@type":"WebPage","@id":"https:\/\/www.eim.com\/it\/interim-management\/cambio-generazionale-in-azienda\/","url":"https:\/\/www.eim.com\/it\/interim-management\/cambio-generazionale-in-azienda\/","name":"Cambio generazionale in azienda: problema o opportunit\u00e0? - EIM Italia","isPartOf":{"@id":"https:\/\/www.eim.com\/it\/#website"},"primaryImageOfPage":{"@id":"https:\/\/www.eim.com\/it\/interim-management\/cambio-generazionale-in-azienda\/#primaryimage"},"image":{"@id":"https:\/\/www.eim.com\/it\/interim-management\/cambio-generazionale-in-azienda\/#primaryimage"},"thumbnailUrl":"https:\/\/www.eim.com\/it\/wp-content\/uploads\/sites\/5\/2022\/05\/POST-cambio-GENERAZIONALE.jpg","datePublished":"2022-05-03T06:00:00+00:00","dateModified":"2023-04-07T09:06:53+00:00","description":"Cambio generazionale in azienda: in questo estratto l\u2019approccio pi\u00f9 efficace per gestire il passaggio generazionale e le sue conseguenze.","breadcrumb":{"@id":"https:\/\/www.eim.com\/it\/interim-management\/cambio-generazionale-in-azienda\/#breadcrumb"},"inLanguage":"it-IT","potentialAction":[{"@type":"ReadAction","target":["https:\/\/www.eim.com\/it\/interim-management\/cambio-generazionale-in-azienda\/"]}]},{"@type":"ImageObject","inLanguage":"it-IT","@id":"https:\/\/www.eim.com\/it\/interim-management\/cambio-generazionale-in-azienda\/#primaryimage","url":"https:\/\/www.eim.com\/it\/wp-content\/uploads\/sites\/5\/2022\/05\/POST-cambio-GENERAZIONALE.jpg","contentUrl":"https:\/\/www.eim.com\/it\/wp-content\/uploads\/sites\/5\/2022\/05\/POST-cambio-GENERAZIONALE.jpg","width":1200,"height":672},{"@type":"BreadcrumbList","@id":"https:\/\/www.eim.com\/it\/interim-management\/cambio-generazionale-in-azienda\/#breadcrumb","itemListElement":[{"@type":"ListItem","position":1,"name":"Home","item":"https:\/\/www.eim.com\/it\/"},{"@type":"ListItem","position":2,"name":"Cambio generazionale in azienda: problema o opportunit\u00e0?"}]},{"@type":"WebSite","@id":"https:\/\/www.eim.com\/it\/#website","url":"https:\/\/www.eim.com\/it\/","name":"EIM Italia","description":"Siamo gli inventori dell&#039;Executive Interim Management","publisher":{"@id":"https:\/\/www.eim.com\/it\/#organization"},"potentialAction":[{"@type":"SearchAction","target":{"@type":"EntryPoint","urlTemplate":"https:\/\/www.eim.com\/it\/?s={search_term_string}"},"query-input":{"@type":"PropertyValueSpecification","valueRequired":true,"valueName":"search_term_string"}}],"inLanguage":"it-IT"},{"@type":"Organization","@id":"https:\/\/www.eim.com\/it\/#organization","name":"EIM","url":"https:\/\/www.eim.com\/it\/","logo":{"@type":"ImageObject","inLanguage":"it-IT","@id":"https:\/\/www.eim.com\/it\/#\/schema\/logo\/image\/","url":"https:\/\/www.eim.com\/it\/wp-content\/uploads\/sites\/5\/2022\/02\/logo-eim-favicon2022.png","contentUrl":"https:\/\/www.eim.com\/it\/wp-content\/uploads\/sites\/5\/2022\/02\/logo-eim-favicon2022.png","width":427,"height":427,"caption":"EIM"},"image":{"@id":"https:\/\/www.eim.com\/it\/#\/schema\/logo\/image\/"}},{"@type":"Person","@id":"https:\/\/www.eim.com\/it\/#\/schema\/person\/82c5e4b03b7af649944ed10552319b91","name":"eimworld","image":{"@type":"ImageObject","inLanguage":"it-IT","@id":"https:\/\/secure.gravatar.com\/avatar\/06dc2838cb0c066488cdb4b104beba474e6305a2d11cbb1fb7353f876daae9f3?s=96&d=mm&r=g","url":"https:\/\/secure.gravatar.com\/avatar\/06dc2838cb0c066488cdb4b104beba474e6305a2d11cbb1fb7353f876daae9f3?s=96&d=mm&r=g","contentUrl":"https:\/\/secure.gravatar.com\/avatar\/06dc2838cb0c066488cdb4b104beba474e6305a2d11cbb1fb7353f876daae9f3?s=96&d=mm&r=g","caption":"eimworld"},"sameAs":["https:\/\/eimworld.wpengine.com"]}]}},"_links":{"self":[{"href":"https:\/\/www.eim.com\/it\/wp-json\/wp\/v2\/posts\/16700","targetHints":{"allow":["GET"]}}],"collection":[{"href":"https:\/\/www.eim.com\/it\/wp-json\/wp\/v2\/posts"}],"about":[{"href":"https:\/\/www.eim.com\/it\/wp-json\/wp\/v2\/types\/post"}],"author":[{"embeddable":true,"href":"https:\/\/www.eim.com\/it\/wp-json\/wp\/v2\/users\/2"}],"replies":[{"embeddable":true,"href":"https:\/\/www.eim.com\/it\/wp-json\/wp\/v2\/comments?post=16700"}],"version-history":[{"count":0,"href":"https:\/\/www.eim.com\/it\/wp-json\/wp\/v2\/posts\/16700\/revisions"}],"wp:featuredmedia":[{"embeddable":true,"href":"https:\/\/www.eim.com\/it\/wp-json\/wp\/v2\/media\/16798"}],"wp:attachment":[{"href":"https:\/\/www.eim.com\/it\/wp-json\/wp\/v2\/media?parent=16700"}],"wp:term":[{"taxonomy":"category","embeddable":true,"href":"https:\/\/www.eim.com\/it\/wp-json\/wp\/v2\/categories?post=16700"},{"taxonomy":"post_tag","embeddable":true,"href":"https:\/\/www.eim.com\/it\/wp-json\/wp\/v2\/tags?post=16700"}],"curies":[{"name":"wp","href":"https:\/\/api.w.org\/{rel}","templated":true}]}}