{"id":16045,"date":"2022-11-01T15:04:00","date_gmt":"2022-11-01T14:04:00","guid":{"rendered":"https:\/\/www.eim.com\/it\/?p=16045"},"modified":"2022-12-05T10:09:05","modified_gmt":"2022-12-05T09:09:05","slug":"soluzioni-ict","status":"publish","type":"post","link":"https:\/\/www.eim.com\/it\/innovazione\/soluzioni-ict\/","title":{"rendered":"Realizzare progetti di trasformazione ICT e soluzioni tecnologiche complesse nell\u2019era del Digital"},"content":{"rendered":"<p>[et_pb_section fb_built=&#8221;1&#8243; custom_padding_last_edited=&#8221;on|phone&#8221; admin_label=&#8221;Hero Section&#8221; _builder_version=&#8221;4.17.3&#8243; background_color=&#8221;#002c3e&#8221; use_background_color_gradient=&#8221;on&#8221; background_color_gradient_direction=&#8221;174deg&#8221; background_color_gradient_stops=&#8221;rgba(0,0,0,0.51) 87%|rgba(0,0,0,0.51) 87%&#8221; background_color_gradient_overlays_image=&#8221;on&#8221; background_color_gradient_start=&#8221;rgba(0,0,0,0.51)&#8221; background_color_gradient_start_position=&#8221;87%&#8221; background_color_gradient_end=&#8221;rgba(0,0,0,0.51)&#8221; background_color_gradient_end_position=&#8221;29%&#8221; background_image=&#8221;https:\/\/www.eim.com\/it\/wp-content\/uploads\/sites\/5\/2022\/11\/EIM_workshop_2022_4.jpg&#8221; min_height_tablet=&#8221;&#8221; min_height_phone=&#8221;800px&#8221; min_height_last_edited=&#8221;on|phone&#8221; height=&#8221;664px&#8221; height_tablet=&#8221;580px&#8221; height_phone=&#8221;auto&#8221; height_last_edited=&#8221;on|desktop&#8221; custom_padding=&#8221;2%||0%||false|false&#8221; custom_padding_tablet=&#8221;2%||0%||false|false&#8221; custom_padding_phone=&#8221;0%||0%||false|false&#8221; bottom_divider_style=&#8221;slant&#8221; bottom_divider_color=&#8221;#ffffff&#8221; bottom_divider_height=&#8221;150px&#8221; bottom_divider_flip=&#8221;horizontal&#8221; locked=&#8221;off&#8221; global_colors_info=&#8221;{}&#8221; background_color_gradient_direction__hover=&#8221;180deg&#8221; background_color_gradient_direction__hover_enabled=&#8221;180deg&#8221; background_color_gradient_start_position__hover=&#8221;0%&#8221; background_color_gradient_start_position__hover_enabled=&#8221;0%&#8221; background_color_gradient_end_position__hover=&#8221;100%&#8221; background_color_gradient_end_position__hover_enabled=&#8221;100%&#8221; background_color_gradient_stops__hover=&#8221;rgba(0,0,0,0.51) 0%|rgba(0,0,0,0.51) 100%&#8221;][et_pb_row _builder_version=&#8221;4.17.3&#8243; custom_margin=&#8221;||||false|false&#8221; custom_margin_tablet=&#8221;&#8221; custom_margin_phone=&#8221;0%||||false|false&#8221; custom_margin_last_edited=&#8221;on|phone&#8221; global_colors_info=&#8221;{}&#8221;][et_pb_column type=&#8221;4_4&#8243; _builder_version=&#8221;4.16&#8243; global_colors_info=&#8221;{}&#8221;][et_pb_text admin_label=&#8221;Hero Section Title&#8221; _builder_version=&#8221;4.17.3&#8243; text_font=&#8221;Montserrat|800|||||||&#8221; text_font_size=&#8221;18px&#8221; text_line_height=&#8221;1.3em&#8221; header_font=&#8221;Montserrat|700|||||||&#8221; header_font_size=&#8221;56px&#8221; header_letter_spacing=&#8221;3px&#8221; header_line_height=&#8221;1.1em&#8221; header_2_font=&#8221;Montserrat|700|||||||&#8221; header_2_text_color=&#8221;rgba(255,255,255,0.6)&#8221; header_2_font_size=&#8221;90px&#8221; header_2_letter_spacing=&#8221;3px&#8221; header_2_line_height=&#8221;1.1em&#8221; text_orientation=&#8221;center&#8221; background_layout=&#8221;dark&#8221; max_width=&#8221;900px&#8221; module_alignment=&#8221;center&#8221; custom_margin=&#8221;0px||0px||false|false&#8221; custom_padding=&#8221;0px||||false|false&#8221; animation_style=&#8221;fade&#8221; animation_direction=&#8221;bottom&#8221; animation_duration=&#8221;1350ms&#8221; header_font_size_tablet=&#8221;&#8221; header_font_size_phone=&#8221;28px&#8221; header_font_size_last_edited=&#8221;on|phone&#8221; header_2_font_size_tablet=&#8221;&#8221; header_2_font_size_phone=&#8221;50px&#8221; header_2_font_size_last_edited=&#8221;on|phone&#8221; text_text_shadow_style=&#8221;preset1&#8243; text_text_shadow_horizontal_length=&#8221;0.28em&#8221; locked=&#8221;off&#8221; inline_fonts=&#8221;Prata,Montserrat&#8221; global_colors_info=&#8221;{}&#8221;]<\/p>\n<h1 style=\"font-size: 50px;\">Soluzioni ICT e progetti di trasformazione nell&#8217;era digitale<\/h1>\n<p>[\/et_pb_text][et_pb_text _builder_version=&#8221;4.17.3&#8243; text_font=&#8221;|600|||||||&#8221; text_text_color=&#8221;#ffffff&#8221; text_font_size=&#8221;30px&#8221; text_line_height=&#8221;2em&#8221; text_orientation=&#8221;center&#8221; background_layout=&#8221;dark&#8221; custom_margin=&#8221;||6px|||&#8221; custom_margin_tablet=&#8221;||6px|||&#8221; custom_margin_phone=&#8221;10px||6px||false|false&#8221; custom_margin_last_edited=&#8221;on|phone&#8221; custom_padding=&#8221;||||false|false&#8221; animation_style=&#8221;flip&#8221; animation_duration=&#8221;1350ms&#8221; animation_intensity_flip=&#8221;0%&#8221; text_font_size_tablet=&#8221;27px&#8221; text_font_size_phone=&#8221;25px&#8221; text_font_size_last_edited=&#8221;on|phone&#8221; text_line_height_tablet=&#8221;1.6em&#8221; text_line_height_phone=&#8221;1.6em&#8221; text_line_height_last_edited=&#8221;on|tablet&#8221; text_text_shadow_style=&#8221;preset1&#8243; locked=&#8221;off&#8221; global_colors_info=&#8221;{}&#8221;]<\/p>\n<p><b>WORKSHOP | 15 NOVEMBRE 2022, MILANO<\/b><\/p>\n<p>[\/et_pb_text][\/et_pb_column][\/et_pb_row][\/et_pb_section][et_pb_section fb_built=&#8221;1&#8243; custom_padding_last_edited=&#8221;on|tablet&#8221; disabled_on=&#8221;off|off|off&#8221; _builder_version=&#8221;4.16&#8243; background_color=&#8221;#ffffff&#8221; custom_margin=&#8221;||||false|false&#8221; custom_padding=&#8221;10px||2%||false|false&#8221; custom_padding_tablet=&#8221;10px||3%||false|false&#8221; custom_padding_phone=&#8221;||3%||false|false&#8221; top_divider_style=&#8221;slant&#8221; top_divider_color=&#8221;#ffffff&#8221; bottom_divider_flip=&#8221;horizontal&#8221; locked=&#8221;off&#8221; global_colors_info=&#8221;{}&#8221;][et_pb_row custom_padding_last_edited=&#8221;off|phone&#8221; admin_label=&#8221;Title Area&#8221; _builder_version=&#8221;4.16&#8243; background_color=&#8221;rgba(0,0,0,0)&#8221; width=&#8221;100%&#8221; module_alignment=&#8221;center&#8221; custom_margin=&#8221;||||false|false&#8221; custom_padding=&#8221;|0px|0px|0px|false|false&#8221; custom_padding_tablet=&#8221;3%|0px|0.2%|0px|false|false&#8221; custom_padding_phone=&#8221;8%||||false|false&#8221; global_colors_info=&#8221;{}&#8221;][et_pb_column type=&#8221;4_4&#8243; _builder_version=&#8221;4.16&#8243; custom_padding=&#8221;|||&#8221; global_colors_info=&#8221;{}&#8221; custom_padding__hover=&#8221;|||&#8221;][et_pb_text disabled_on=&#8221;off|off|off&#8221; admin_label=&#8221;Title&#8221; _builder_version=&#8221;4.17.3&#8243; text_font=&#8221;||||||||&#8221; text_text_color=&#8221;#ffffff&#8221; header_font=&#8221;Prata||||||||&#8221; header_2_font=&#8221;Montserrat|700|||||||&#8221; header_2_text_align=&#8221;center&#8221; header_2_font_size=&#8221;30px&#8221; custom_margin=&#8221;3%||3%||true|false&#8221; custom_padding=&#8221;||0px|||&#8221; animation_style=&#8221;fade&#8221; animation_direction=&#8221;top&#8221; animation_duration=&#8221;1350ms&#8221; animation_starting_opacity=&#8221;100%&#8221; locked=&#8221;off&#8221; inline_fonts=&#8221;Prata,Montserrat&#8221; global_colors_info=&#8221;{}&#8221;]<\/p>\n<h2><span style=\"color: #012c3f;\">Come individuare e realizzare progetti ICT e soluzioni tecnologiche complesse<\/span><\/h2>\n<p>[\/et_pb_text][et_pb_text _builder_version=&#8221;4.17.3&#8243; text_font_size=&#8221;16px&#8221; max_width=&#8221;90%&#8221; module_alignment=&#8221;center&#8221; custom_margin=&#8221;||||false|false&#8221; custom_margin_tablet=&#8221;||||false|false&#8221; custom_margin_phone=&#8221;||||false|false&#8221; custom_margin_last_edited=&#8221;on|desktop&#8221; custom_padding=&#8221;||||false|false&#8221; global_colors_info=&#8221;{}&#8221;]<\/p>\n<p style=\"text-align: justify;\">Da anni si parla, e non sempre con piena cognizione di causa, di \u201c<strong>digital transformation<\/strong>\u201d, una transizione tecnologica che coinvolge tutti e che vede in prima fila le aziende, impegnate in un percorso di modernizzazione della propria infrastruttura tecnologica, dei sistemi ERP e di soluzioni applicative interconnesse e collaborative.<\/p>\n<p style=\"text-align: justify;\">L\u2019accelerazione impressa dalle conseguenze dell\u2019emergenza sanitaria esplosa nel 2020 ha imposto precise dead line e punti di arrivo a breve e a lungo termine, ma ogni impresa interpreta il processo di trasformazione digitale <strong>in funzione delle proprie priorit\u00e0 strategiche<\/strong>, delle conoscenze tecniche, delle capabilities manageriali e organizzative e delle risorse finanziarie a supporto.<\/p>\n<p style=\"text-align: justify;\">Per comprendere come le aziende italiane stiano affrontando i percorsi di trasformazione tecnologico\/digitale, quali decisioni e modelli operativi abbiano assunto per governare il cambiamento, su quali risorse e competenze abbiano investito per avere successo, EIM Italia ha organizzato <strong>un workshop che ha messo a confronto manager e dirigenti<\/strong> che, nei diversi settori di appartenenza, hanno potuto scambiare opinioni ed esperienze su questo tema.<\/p>\n<p style=\"text-align: justify;\">In certi casi si \u00e8 dato un maggiore peso al coinvolgimento delle risorse umane nel cambiamento, in altri si sono privilegiati i processi alle persone e sono state assunte decisioni dall\u2019alto, alcune realt\u00e0 hanno optato, almeno inizialmente, per tecnologie e sistemi meno aggiornati ma consolidai e altre <strong>hanno sviluppato modelli pi\u00f9 complessi e innovativi<\/strong>. Ne \u00e8 uscito, quindi, un dibattito molto vivace.<\/p>\n<p>[\/et_pb_text][\/et_pb_column][\/et_pb_row][\/et_pb_section][et_pb_section fb_built=&#8221;1&#8243; disabled_on=&#8221;off|off|off&#8221; _builder_version=&#8221;4.17.3&#8243; background_color=&#8221;RGBA(255,255,255,0)&#8221; use_background_color_gradient=&#8221;on&#8221; background_color_gradient_direction=&#8221;69deg&#8221; background_color_gradient_stops=&#8221;rgba(255,255,255,0) 40%|rgba(255,255,255,0) 40%&#8221; background_color_gradient_overlays_image=&#8221;on&#8221; background_color_gradient_start=&#8221;rgba(255,255,255,0)&#8221; background_color_gradient_start_position=&#8221;40%&#8221; background_color_gradient_end=&#8221;rgba(255,255,255,0)&#8221; background_color_gradient_end_position=&#8221;0%&#8221; background_image=&#8221;https:\/\/www.eim.com\/it\/wp-content\/uploads\/sites\/5\/2022\/11\/EIM_workshop_2022_2.jpg&#8221; min_height=&#8221;550px&#8221; min_height_tablet=&#8221;400px&#8221; min_height_phone=&#8221;350px&#8221; min_height_last_edited=&#8221;on|desktop&#8221; custom_margin=&#8221;||||false|false&#8221; custom_padding=&#8221;4px||4px||true|false&#8221; top_divider_style=&#8221;slant&#8221; top_divider_color=&#8221;#ffffff&#8221; top_divider_flip=&#8221;vertical|horizontal&#8221; bottom_divider_style=&#8221;slant&#8221; bottom_divider_color=&#8221;#e6e6e6&#8243; bottom_divider_flip=&#8221;vertical&#8221; locked=&#8221;off&#8221; global_colors_info=&#8221;{}&#8221;][\/et_pb_section][et_pb_section fb_built=&#8221;1&#8243; custom_padding_last_edited=&#8221;on|tablet&#8221; disabled_on=&#8221;off|off|off&#8221; _builder_version=&#8221;4.17.3&#8243; background_color=&#8221;#e6e6e6&#8243; custom_margin=&#8221;||||false|false&#8221; custom_padding=&#8221;4%||2%||false|false&#8221; custom_padding_tablet=&#8221;3%||3%||false|false&#8221; custom_padding_phone=&#8221;2%||||false|false&#8221; top_divider_color=&#8221;#e6e6e6&#8243; top_divider_flip=&#8221;horizontal&#8221; bottom_divider_flip=&#8221;horizontal&#8221; locked=&#8221;off&#8221; global_colors_info=&#8221;{}&#8221;][et_pb_row custom_padding_last_edited=&#8221;off|phone&#8221; admin_label=&#8221;Title Area&#8221; _builder_version=&#8221;4.16&#8243; background_color=&#8221;rgba(0,0,0,0)&#8221; width=&#8221;100%&#8221; module_alignment=&#8221;center&#8221; custom_margin=&#8221;||0px||false|false&#8221; custom_padding=&#8221;|0px|0px|0px|false|false&#8221; custom_padding_tablet=&#8221;3%|0px|0.2%|0px|false|false&#8221; custom_padding_phone=&#8221;8%||||false|false&#8221; locked=&#8221;off&#8221; global_colors_info=&#8221;{}&#8221;][et_pb_column type=&#8221;4_4&#8243; _builder_version=&#8221;4.16&#8243; custom_padding=&#8221;|||&#8221; global_colors_info=&#8221;{}&#8221; custom_padding__hover=&#8221;|||&#8221;][et_pb_text disabled_on=&#8221;off|off|off&#8221; admin_label=&#8221;Title&#8221; _builder_version=&#8221;4.17.3&#8243; text_font=&#8221;||||||||&#8221; text_text_color=&#8221;#ffffff&#8221; header_font=&#8221;Prata||||||||&#8221; header_2_font=&#8221;Montserrat|700|||||||&#8221; header_2_text_align=&#8221;center&#8221; header_2_font_size=&#8221;30px&#8221; custom_margin=&#8221;3%||3%||true|false&#8221; custom_padding=&#8221;||0px|||&#8221; animation_style=&#8221;fade&#8221; animation_direction=&#8221;top&#8221; animation_duration=&#8221;1350ms&#8221; animation_starting_opacity=&#8221;100%&#8221; locked=&#8221;off&#8221; inline_fonts=&#8221;Prata,Montserrat&#8221; global_colors_info=&#8221;{}&#8221;]<\/p>\n<h2><span style=\"color: #012c3f;\">Tre dimensioni su cui confrontarsi<\/span><\/h2>\n<p>[\/et_pb_text][et_pb_text _builder_version=&#8221;4.17.3&#8243; text_font_size=&#8221;16px&#8221; max_width=&#8221;90%&#8221; module_alignment=&#8221;center&#8221; custom_margin=&#8221;||||false|false&#8221; custom_margin_tablet=&#8221;||||false|false&#8221; custom_margin_phone=&#8221;||||false|false&#8221; custom_margin_last_edited=&#8221;on|desktop&#8221; custom_padding=&#8221;||||false|false&#8221; global_colors_info=&#8221;{}&#8221;]<\/p>\n<p style=\"padding-left: 30px; text-align: justify;\">\u201c<em>Per noi<\/em> \u2013 ha spiegato nell\u2019introduzione <strong>Vincenzo Natile<\/strong>, partner EIM \u2013 <em>\u00e8 basilare il principio che la tecnologia debba essere al servizio del business e della competitivit\u00e0, e non il contrario, e che ogni iniziativa di ammodernamento ICT debba partire da valutazioni di opportunit\u00e0 strategiche e impatto sul business. <\/em><\/p>\n<p style=\"padding-left: 30px; text-align: justify;\"><em>Sulla base della nostra esperienza pensiamo che se non si dispone di una base tecnica, di risorse informatiche e di project management di eccellenza, combinata a forti competenze organizzative e di business process reengineering, qualunque obiettivo di aggiornare i sistemi informatici, reinventare il proprio modello di business o migliorare costantemente l&#8217;esperienza dei clienti e degli utenti interni rischia di essere ottenuto con grandi difficolt\u00e0. <\/em><\/p>\n<p style=\"padding-left: 30px; text-align: justify;\"><em>Certamente un approccio olistico non funziona, mentre singole iniziative pianificate bene e mirate su specifici ambiti possono avere ricadute positive anche pi\u00f9 ampie del previsto. La capacit\u00e0 di scaricare a terra questi progetti di trasformazione nei tempi e nei costi pianificati \u00e8 ormai un fattore di successo nelle aziende agili e competitive<\/em>\u201d.<\/p>\n<p>[\/et_pb_text][\/et_pb_column][\/et_pb_row][\/et_pb_section][et_pb_section fb_built=&#8221;1&#8243; custom_padding_last_edited=&#8221;on|tablet&#8221; disabled_on=&#8221;off|off|off&#8221; _builder_version=&#8221;4.17.3&#8243; background_color=&#8221;#FFFFFF&#8221; custom_margin=&#8221;||||false|false&#8221; custom_padding=&#8221;7%||2%||false|false&#8221; custom_padding_tablet=&#8221;14%||3%||false|false&#8221; custom_padding_phone=&#8221;20%||||false|false&#8221; top_divider_style=&#8221;slant&#8221; top_divider_color=&#8221;#e6e6e6&#8243; bottom_divider_flip=&#8221;horizontal&#8221; locked=&#8221;off&#8221; global_colors_info=&#8221;{}&#8221;][et_pb_row custom_padding_last_edited=&#8221;off|phone&#8221; admin_label=&#8221;Title Area&#8221; _builder_version=&#8221;4.16&#8243; background_color=&#8221;rgba(0,0,0,0)&#8221; width=&#8221;100%&#8221; module_alignment=&#8221;center&#8221; custom_margin=&#8221;||||false|false&#8221; custom_padding=&#8221;|0px|0px|0px|false|false&#8221; custom_padding_tablet=&#8221;3%|0px|0.2%|0px|false|false&#8221; custom_padding_phone=&#8221;8%||||false|false&#8221; locked=&#8221;off&#8221; global_colors_info=&#8221;{}&#8221;][et_pb_column type=&#8221;4_4&#8243; _builder_version=&#8221;4.16&#8243; custom_padding=&#8221;|||&#8221; global_colors_info=&#8221;{}&#8221; custom_padding__hover=&#8221;|||&#8221;][et_pb_text _builder_version=&#8221;4.17.3&#8243; text_font_size=&#8221;16px&#8221; max_width=&#8221;90%&#8221; module_alignment=&#8221;center&#8221; custom_margin=&#8221;||||false|false&#8221; custom_margin_tablet=&#8221;||||false|false&#8221; custom_margin_phone=&#8221;||||false|false&#8221; custom_margin_last_edited=&#8221;on|desktop&#8221; custom_padding=&#8221;||||false|false&#8221; global_colors_info=&#8221;{}&#8221;]<\/p>\n<p style=\"text-align: justify;\">Sono tre le dimensioni sulle quali i partecipanti sono stati chiamati a confrontarsi: quella legata alla scelta della leadership e della governance del percorso di digitalizzazione, quella della \u201cproject execution\u201d, cio\u00e8 della gestione operativa del processo, e quella del \u201cchange management\u201d, <strong>la ricetta migliore per coinvolgere e generare consenso tra le persone che lavorano nell\u2019azienda<\/strong>, vincendo le resistenze al cambiamento.<\/p>\n<p style=\"padding-left: 30px; text-align: justify;\"><em>&#8220;Un punto debole della realt\u00e0 di cui sono entrato a far parte a fine 2019<\/em> \u2013 ha raccontato <strong>Stefano Cassis<\/strong>, Executive Managing Director di Officine Metallurgiche Cornaglia Spa \u2013 <em>era la mancanza di un sistema di reporting gestionale, come spesso avviene nelle aziende familiari. <\/em><\/p>\n<p style=\"padding-left: 30px; text-align: justify;\"><em>C\u2019era un sistema basato sul vecchio AS\/400, di cui era stata acquistata la propriet\u00e0 del software per poterlo modificare a piacimento e sul quale sapeva metterci le mani solo una persona in pensione da sei anni. Abbiamo cambiato il sistema, adottando quello che si \u00e8 imposto come standard nel settore dell\u2019automotive, e come input ho deciso di non consentire modifiche. <\/em><\/p>\n<p style=\"padding-left: 30px; text-align: justify;\"><em>In genere lo standard contiene gi\u00e0 delle logiche e delle funzionalit\u00e0 specifiche ottimizzate: spetta a noi adottarle e saper sfruttare tutto il potenziale delle nuove soluzioni informatiche. D\u2019altra parte, la scelta del migliore sistema \u00e8 strettamente legata anche al livello di maturit\u00e0 dell\u2019organizzazione e sarebbe inutile dare un mezzo raffinatissimo e complicato a un\u2019organizzazione molto poco evoluta dal punto di vista digitale\u201d.<\/em><\/p>\n<p>[\/et_pb_text][\/et_pb_column][\/et_pb_row][\/et_pb_section][et_pb_section fb_built=&#8221;1&#8243; custom_padding_last_edited=&#8221;on|tablet&#8221; disabled_on=&#8221;off|off|off&#8221; _builder_version=&#8221;4.17.3&#8243; background_color=&#8221;#e6e6e6&#8243; custom_margin=&#8221;||||false|false&#8221; custom_padding=&#8221;7%||2%||false|false&#8221; custom_padding_tablet=&#8221;14%||3%||false|false&#8221; custom_padding_phone=&#8221;20%||||false|false&#8221; top_divider_style=&#8221;slant&#8221; top_divider_color=&#8221;#FFFFFF&#8221; top_divider_flip=&#8221;horizontal&#8221; bottom_divider_flip=&#8221;horizontal&#8221; locked=&#8221;off&#8221; global_colors_info=&#8221;{}&#8221;][et_pb_row custom_padding_last_edited=&#8221;off|phone&#8221; admin_label=&#8221;Title Area&#8221; _builder_version=&#8221;4.16&#8243; background_color=&#8221;rgba(0,0,0,0)&#8221; width=&#8221;100%&#8221; module_alignment=&#8221;center&#8221; custom_margin=&#8221;||||false|false&#8221; custom_padding=&#8221;|0px|0px|0px|false|false&#8221; custom_padding_tablet=&#8221;3%|0px|0.2%|0px|false|false&#8221; custom_padding_phone=&#8221;8%||||false|false&#8221; locked=&#8221;off&#8221; global_colors_info=&#8221;{}&#8221;][et_pb_column type=&#8221;4_4&#8243; _builder_version=&#8221;4.16&#8243; custom_padding=&#8221;|||&#8221; global_colors_info=&#8221;{}&#8221; custom_padding__hover=&#8221;|||&#8221;][et_pb_text _builder_version=&#8221;4.17.3&#8243; text_font_size=&#8221;16px&#8221; max_width=&#8221;90%&#8221; module_alignment=&#8221;center&#8221; custom_margin=&#8221;||||false|false&#8221; custom_margin_tablet=&#8221;||||false|false&#8221; custom_margin_phone=&#8221;||||false|false&#8221; custom_margin_last_edited=&#8221;on|desktop&#8221; custom_padding=&#8221;||||false|false&#8221; global_colors_info=&#8221;{}&#8221;]<\/p>\n<p style=\"text-align: justify;\">Il caso di Berlin Packaging \u00e8 particolare: negli ultimi anni ha acquisito molte aziende imprenditoriali, tenendo all\u2019interno i fondatori.<\/p>\n<p style=\"padding-left:30px; text-align: justify;\">\u201c<em>\u00c8 un conglomerato di situazioni per niente strutturate<\/em>\u201d, ammette <strong>Conrado Carretero<\/strong>, EMEA Chief HR and Transformation Officer. \u201c<em>Ci siamo trovati a che fare con 27 sistemi ERP diversi. Abbiamo deciso di portare tutti in AS\/400 che era il sistema predominante. Nonostante la scelta anacronistica e quasi involutiva abbiamo dato priorit\u00e0 alla velocit\u00e0 di all\u2019allineamento dei processi e degli standard tra le diverse societ\u00e0, adottando un sistema comune di operare, anche se \u00e8 un sistema vecchio. <\/em><\/p>\n<p style=\"padding-left:30px; text-align: justify;\"><em>\u00c8 un primo step perch\u00e9 poi nel 2024-2025 migreremo verso un sistema pi\u00f9 moderno e evoluto. Eravamo in uno stato selvaggio, in assenza di processi, ed era l\u2019unico modo. Gli imprenditori possono essere una barriera al cambiamento, ma hanno la capacit\u00e0 di vedere il valore della transizione<\/em>\u201d.<\/p>\n<p>[\/et_pb_text][\/et_pb_column][\/et_pb_row][\/et_pb_section][et_pb_section fb_built=&#8221;1&#8243; disabled_on=&#8221;off|off|off&#8221; _builder_version=&#8221;4.17.3&#8243; background_color=&#8221;RGBA(255,255,255,0)&#8221; use_background_color_gradient=&#8221;on&#8221; background_color_gradient_direction=&#8221;69deg&#8221; background_color_gradient_stops=&#8221;rgba(255,255,255,0) 40%|rgba(255,255,255,0) 40%&#8221; background_color_gradient_overlays_image=&#8221;on&#8221; background_color_gradient_start=&#8221;rgba(255,255,255,0)&#8221; background_color_gradient_start_position=&#8221;40%&#8221; background_color_gradient_end=&#8221;rgba(255,255,255,0)&#8221; background_color_gradient_end_position=&#8221;0%&#8221; background_image=&#8221;https:\/\/www.eim.com\/it\/wp-content\/uploads\/sites\/5\/2022\/11\/EIM_workshop_2022_1.jpg&#8221; min_height=&#8221;550px&#8221; min_height_tablet=&#8221;400px&#8221; min_height_phone=&#8221;350px&#8221; min_height_last_edited=&#8221;on|desktop&#8221; custom_margin=&#8221;||||false|false&#8221; custom_padding=&#8221;4px||4px||true|false&#8221; top_divider_style=&#8221;slant&#8221; top_divider_color=&#8221;#e6e6e6&#8243; top_divider_flip=&#8221;vertical|horizontal&#8221; bottom_divider_style=&#8221;slant&#8221; bottom_divider_color=&#8221;#FFFFFF&#8221; bottom_divider_flip=&#8221;vertical&#8221; locked=&#8221;off&#8221; global_colors_info=&#8221;{}&#8221;][\/et_pb_section][et_pb_section fb_built=&#8221;1&#8243; custom_padding_last_edited=&#8221;on|tablet&#8221; disabled_on=&#8221;off|off|off&#8221; _builder_version=&#8221;4.17.3&#8243; background_color=&#8221;#FFFFFF&#8221; custom_margin=&#8221;||||false|false&#8221; custom_padding=&#8221;4%||2%||false|false&#8221; custom_padding_tablet=&#8221;3%||3%||false|false&#8221; custom_padding_phone=&#8221;2%||||false|false&#8221; top_divider_color=&#8221;#e6e6e6&#8243; top_divider_flip=&#8221;horizontal&#8221; bottom_divider_flip=&#8221;horizontal&#8221; locked=&#8221;off&#8221; global_colors_info=&#8221;{}&#8221;][et_pb_row custom_padding_last_edited=&#8221;off|phone&#8221; admin_label=&#8221;Title Area&#8221; _builder_version=&#8221;4.16&#8243; background_color=&#8221;rgba(0,0,0,0)&#8221; width=&#8221;100%&#8221; module_alignment=&#8221;center&#8221; custom_margin=&#8221;||0px||false|false&#8221; custom_padding=&#8221;|0px|0px|0px|false|false&#8221; custom_padding_tablet=&#8221;3%|0px|0.2%|0px|false|false&#8221; custom_padding_phone=&#8221;8%||||false|false&#8221; locked=&#8221;off&#8221; global_colors_info=&#8221;{}&#8221;][et_pb_column type=&#8221;4_4&#8243; _builder_version=&#8221;4.16&#8243; custom_padding=&#8221;|||&#8221; global_colors_info=&#8221;{}&#8221; custom_padding__hover=&#8221;|||&#8221;][et_pb_text disabled_on=&#8221;off|off|off&#8221; admin_label=&#8221;Title&#8221; _builder_version=&#8221;4.17.3&#8243; text_font=&#8221;||||||||&#8221; text_text_color=&#8221;#ffffff&#8221; header_font=&#8221;Prata||||||||&#8221; header_2_font=&#8221;Montserrat|700|||||||&#8221; header_2_text_align=&#8221;center&#8221; header_2_font_size=&#8221;30px&#8221; custom_margin=&#8221;3%||3%||true|false&#8221; custom_padding=&#8221;||0px|||&#8221; animation_style=&#8221;fade&#8221; animation_direction=&#8221;top&#8221; animation_duration=&#8221;1350ms&#8221; animation_starting_opacity=&#8221;100%&#8221; locked=&#8221;off&#8221; inline_fonts=&#8221;Prata,Montserrat&#8221; global_colors_info=&#8221;{}&#8221;]<\/p>\n<h2><span style=\"color: #012c3f;\">Dietro gli insuccessi c&#8217;\u00e8 la mancanza di una figura esterna<\/span><\/h2>\n<p>[\/et_pb_text][\/et_pb_column][\/et_pb_row][et_pb_row custom_padding_last_edited=&#8221;off|phone&#8221; admin_label=&#8221;Title Area&#8221; _builder_version=&#8221;4.16&#8243; background_color=&#8221;rgba(0,0,0,0)&#8221; width=&#8221;100%&#8221; module_alignment=&#8221;center&#8221; custom_margin=&#8221;||||false|false&#8221; custom_padding=&#8221;|0px|0px|0px|false|false&#8221; custom_padding_tablet=&#8221;3%|0px|0.2%|0px|false|false&#8221; custom_padding_phone=&#8221;8%||||false|false&#8221; locked=&#8221;off&#8221; global_colors_info=&#8221;{}&#8221;][et_pb_column type=&#8221;4_4&#8243; _builder_version=&#8221;4.16&#8243; custom_padding=&#8221;|||&#8221; global_colors_info=&#8221;{}&#8221; custom_padding__hover=&#8221;|||&#8221;][et_pb_text _builder_version=&#8221;4.17.3&#8243; text_font_size=&#8221;16px&#8221; max_width=&#8221;90%&#8221; module_alignment=&#8221;center&#8221; custom_margin=&#8221;||||false|false&#8221; custom_margin_tablet=&#8221;||||false|false&#8221; custom_margin_phone=&#8221;||||false|false&#8221; custom_margin_last_edited=&#8221;on|desktop&#8221; custom_padding=&#8221;||||false|false&#8221; global_colors_info=&#8221;{}&#8221;]<\/p>\n<p style=\"text-align: justify;\">Per accelerare il percorso di ammodernamento dei processi a volte pu\u00f2 essere per\u00f2 necessario dotarsi di figure ad hoc. Lo ha spiegato bene <strong>Marco Manfredini<\/strong>, Group Managing Director Operations di Codognotto Italia Spa:<\/p>\n<p style=\"padding-left: 30px; text-align: justify;\">\u201c<em>La prima cosa che ho costituito \u00e8 stato un cuscinetto in mezzo, un team di persone che lavorino alla revisione e codifica dei processi e che traducano il linguaggio del business in requisiti ICT. Io ritengo anche utile avvalersi di project manager provenienti dall\u2019esterno, che aiutino a battere i tempi e a non perdere colpi. Una risorsa con una sufficiente seniority, per met\u00e0 tecnologo per met\u00e0 business e stratega, da poter gestire questi progetti nella maniera migliore. <\/em><\/p>\n<p style=\"padding-left: 30px; text-align: justify;\"><em>Ovviamente il primo tassello per chi vuole aiutare un\u2019azienda imprenditoriale a evolversi \u00e8 trovare la disponibilit\u00e0 dell\u2019imprenditore. Convincere un imprenditore non si fa con argomentazioni logiche, anche perch\u00e9 lui spesso non ha un know how tecnico, ma con la fiducia e la dimostrazione passo dopo passo di risultati e miglioramenti concreti<\/em>\u201d.<\/p>\n<p>[\/et_pb_text][\/et_pb_column][\/et_pb_row][\/et_pb_section][et_pb_section fb_built=&#8221;1&#8243; custom_padding_last_edited=&#8221;on|tablet&#8221; disabled_on=&#8221;off|off|off&#8221; _builder_version=&#8221;4.17.3&#8243; background_color=&#8221;#e6e6e6&#8243; custom_margin=&#8221;||||false|false&#8221; custom_padding=&#8221;7%||2%||false|false&#8221; custom_padding_tablet=&#8221;14%||3%||false|false&#8221; custom_padding_phone=&#8221;20%||||false|false&#8221; top_divider_style=&#8221;slant&#8221; top_divider_color=&#8221;#FFFFFF&#8221; bottom_divider_flip=&#8221;horizontal&#8221; locked=&#8221;off&#8221; global_colors_info=&#8221;{}&#8221;][et_pb_row custom_padding_last_edited=&#8221;off|phone&#8221; admin_label=&#8221;Title Area&#8221; _builder_version=&#8221;4.16&#8243; background_color=&#8221;rgba(0,0,0,0)&#8221; width=&#8221;100%&#8221; module_alignment=&#8221;center&#8221; custom_margin=&#8221;||||false|false&#8221; custom_padding=&#8221;|0px|0px|0px|false|false&#8221; custom_padding_tablet=&#8221;3%|0px|0.2%|0px|false|false&#8221; custom_padding_phone=&#8221;8%||||false|false&#8221; locked=&#8221;off&#8221; global_colors_info=&#8221;{}&#8221;][et_pb_column type=&#8221;4_4&#8243; _builder_version=&#8221;4.16&#8243; custom_padding=&#8221;|||&#8221; global_colors_info=&#8221;{}&#8221; custom_padding__hover=&#8221;|||&#8221;][et_pb_text _builder_version=&#8221;4.17.3&#8243; text_font_size=&#8221;16px&#8221; max_width=&#8221;90%&#8221; module_alignment=&#8221;center&#8221; custom_margin=&#8221;||||false|false&#8221; custom_margin_tablet=&#8221;||||false|false&#8221; custom_margin_phone=&#8221;||||false|false&#8221; custom_margin_last_edited=&#8221;on|desktop&#8221; custom_padding=&#8221;||||false|false&#8221; global_colors_info=&#8221;{}&#8221;]<\/p>\n<p style=\"text-align: justify;\">La mancanza di una figura di governo forte della trasformazione \u00e8 alla base di un insuccesso occorso circa dieci anni fa a Unicredit.<\/p>\n<p style=\"padding-left: 30px; text-align: justify;\">\u201c<em>Il nostro Vietnam<\/em> \u2013 ha spiegato <strong>Angelo Carletta<\/strong>, Former Head of People &amp; Culture Group Functions Business Partners \u2013 <em>\u00e8 stata l\u2019assenza di standardizzazione e semplificazione delle piattaforme e dei modelli funzionali. Il peccato originale \u00e8 stato pensare che la nuova soluzione tecnologica potesse abilitare i processi, che semplicemente esternalizzando avremmo risolto un costo e un problema, ma non \u00e8 stato cos\u00ec, anche per la difficolt\u00e0 di giungere ad una mediazione interna. <\/em><\/p>\n<p style=\"padding-left: 30px; text-align: justify;\"><em>Una figura terza esperta di questi processi ed esperta di governance e pianificazione delle diverse fasi avrebbe potuto favorire un migliore esito dell\u2019operazione. Si tratta di un mestiere, servono competenze specifiche e una disciplina quasi militaresca. Sarebbe stato essenziale un temporary manager, una terza parte che avrebbe potuto conciliare le posizioni<\/em>\u201d.<\/p>\n<p style=\"text-align: justify;\">Anche <strong>Luca Rizzo<\/strong>, Group CFO di Reno De Medici Spa, \u00e8 testimone di un\u2019esperienza insoddisfacente:<\/p>\n<p style=\"padding-left: 30px; text-align: justify;\">\u201c<em>Nell\u2019ultimo anno e mezzo siamo partiti con il nuovo sistema ERP, ma il progetto iniziale di implementazione si \u00e8 rivelato un fallimento. Mancavano una leadership e una vera visione strategica, e anche le scelte tecniche\/architetturali erano state orientate da un criterio di economicit\u00e0 piuttosto che di funzionalit\u00e0 ed efficacia per i nostri processi operativi. Abbiamo dovuto riconsiderare tutto il progetto, scegliendo soluzioni di mercato specialistiche per il nostro business e rafforzando moltissimo il team di Project Management e i key user interni<\/em>\u201d.<\/p>\n<p>[\/et_pb_text][\/et_pb_column][\/et_pb_row][\/et_pb_section][et_pb_section fb_built=&#8221;1&#8243; custom_padding_last_edited=&#8221;on|tablet&#8221; disabled_on=&#8221;off|off|off&#8221; _builder_version=&#8221;4.17.3&#8243; background_color=&#8221;#FFFFFF&#8221; custom_margin=&#8221;||||false|false&#8221; custom_padding=&#8221;7%||2%||false|false&#8221; custom_padding_tablet=&#8221;14%||3%||false|false&#8221; custom_padding_phone=&#8221;20%||||false|false&#8221; top_divider_style=&#8221;slant&#8221; top_divider_color=&#8221;#e6e6e6&#8243; top_divider_flip=&#8221;horizontal&#8221; bottom_divider_flip=&#8221;horizontal&#8221; locked=&#8221;off&#8221; global_colors_info=&#8221;{}&#8221;][et_pb_row custom_padding_last_edited=&#8221;off|phone&#8221; admin_label=&#8221;Title Area&#8221; _builder_version=&#8221;4.16&#8243; background_color=&#8221;rgba(0,0,0,0)&#8221; width=&#8221;100%&#8221; module_alignment=&#8221;center&#8221; custom_margin=&#8221;||||false|false&#8221; custom_padding=&#8221;|0px|0px|0px|false|false&#8221; custom_padding_tablet=&#8221;3%|0px|0.2%|0px|false|false&#8221; custom_padding_phone=&#8221;8%||||false|false&#8221; locked=&#8221;off&#8221; global_colors_info=&#8221;{}&#8221;][et_pb_column type=&#8221;4_4&#8243; _builder_version=&#8221;4.16&#8243; custom_padding=&#8221;|||&#8221; global_colors_info=&#8221;{}&#8221; custom_padding__hover=&#8221;|||&#8221;][et_pb_text _builder_version=&#8221;4.17.3&#8243; text_font_size=&#8221;16px&#8221; max_width=&#8221;90%&#8221; module_alignment=&#8221;center&#8221; custom_margin=&#8221;||||false|false&#8221; custom_margin_tablet=&#8221;||||false|false&#8221; custom_margin_phone=&#8221;||||false|false&#8221; custom_margin_last_edited=&#8221;on|desktop&#8221; custom_padding=&#8221;||||false|false&#8221; global_colors_info=&#8221;{}&#8221;]<\/p>\n<p style=\"padding-left: 30px; text-align: justify;\">\u201c<em>Oltre alla impostazione strategica iniziale e alla governance<\/em> \u2013 ha proseguito <strong>Vincenzo Natile<\/strong> \u2013\u00a0<em>c&#8217;\u00e8 poi un&#8217;area importantissima che riguarda l&#8217;esecuzione dei progetti, ovvero la gestione quotidiana delle problematiche e delle attivit\u00e0, il tipo di approccio decisionale utilizzato &#8216;agile&#8217; verso &#8216;waterfall tradizionale&#8217;, la composizione dei team, le risorse e l&#8217;utilizzo di consulenti interni ed esterni. Saper dimensionare correttamente lo sforzo e avere le competenze giuste \u00e8 fondamentale per mantenere gli obiettivi e i costi del progetto<\/em>\u201d.<\/p>\n<p>[\/et_pb_text][\/et_pb_column][\/et_pb_row][\/et_pb_section][et_pb_section fb_built=&#8221;1&#8243; disabled_on=&#8221;off|off|off&#8221; _builder_version=&#8221;4.17.3&#8243; background_color=&#8221;RGBA(255,255,255,0)&#8221; use_background_color_gradient=&#8221;on&#8221; background_color_gradient_direction=&#8221;69deg&#8221; background_color_gradient_stops=&#8221;rgba(255,255,255,0) 40%|rgba(255,255,255,0) 40%&#8221; background_color_gradient_overlays_image=&#8221;on&#8221; background_color_gradient_start=&#8221;rgba(255,255,255,0)&#8221; background_color_gradient_start_position=&#8221;40%&#8221; background_color_gradient_end=&#8221;rgba(255,255,255,0)&#8221; background_color_gradient_end_position=&#8221;0%&#8221; background_image=&#8221;https:\/\/www.eim.com\/it\/wp-content\/uploads\/sites\/5\/2022\/11\/EIM_workshop_2022_3.jpg&#8221; min_height=&#8221;550px&#8221; min_height_tablet=&#8221;400px&#8221; min_height_phone=&#8221;350px&#8221; min_height_last_edited=&#8221;on|desktop&#8221; custom_margin=&#8221;||||false|false&#8221; custom_padding=&#8221;4px||4px||true|false&#8221; top_divider_style=&#8221;slant&#8221; top_divider_color=&#8221;#FFFFFF&#8221; top_divider_flip=&#8221;vertical|horizontal&#8221; bottom_divider_style=&#8221;slant&#8221; bottom_divider_color=&#8221;#e6e6e6&#8243; bottom_divider_flip=&#8221;vertical&#8221; locked=&#8221;off&#8221; global_colors_info=&#8221;{}&#8221;][\/et_pb_section][et_pb_section fb_built=&#8221;1&#8243; custom_padding_last_edited=&#8221;on|tablet&#8221; disabled_on=&#8221;off|off|off&#8221; _builder_version=&#8221;4.17.3&#8243; background_color=&#8221;#e6e6e6&#8243; custom_margin=&#8221;||||false|false&#8221; custom_padding=&#8221;4%||2%||false|false&#8221; custom_padding_tablet=&#8221;3%||3%||false|false&#8221; custom_padding_phone=&#8221;2%||||false|false&#8221; top_divider_color=&#8221;#e6e6e6&#8243; top_divider_flip=&#8221;horizontal&#8221; bottom_divider_flip=&#8221;horizontal&#8221; locked=&#8221;off&#8221; global_colors_info=&#8221;{}&#8221;][et_pb_row custom_padding_last_edited=&#8221;off|phone&#8221; admin_label=&#8221;Title Area&#8221; _builder_version=&#8221;4.16&#8243; background_color=&#8221;rgba(0,0,0,0)&#8221; width=&#8221;100%&#8221; module_alignment=&#8221;center&#8221; custom_margin=&#8221;||0px||false|false&#8221; custom_padding=&#8221;|0px|0px|0px|false|false&#8221; custom_padding_tablet=&#8221;3%|0px|0.2%|0px|false|false&#8221; custom_padding_phone=&#8221;8%||||false|false&#8221; locked=&#8221;off&#8221; global_colors_info=&#8221;{}&#8221;][et_pb_column type=&#8221;4_4&#8243; _builder_version=&#8221;4.16&#8243; custom_padding=&#8221;|||&#8221; global_colors_info=&#8221;{}&#8221; custom_padding__hover=&#8221;|||&#8221;][et_pb_text disabled_on=&#8221;off|off|off&#8221; admin_label=&#8221;Title&#8221; _builder_version=&#8221;4.17.3&#8243; text_font=&#8221;||||||||&#8221; text_text_color=&#8221;#ffffff&#8221; header_font=&#8221;Prata||||||||&#8221; header_2_font=&#8221;Montserrat|700|||||||&#8221; header_2_text_align=&#8221;center&#8221; header_2_font_size=&#8221;30px&#8221; custom_margin=&#8221;3%||3%||true|false&#8221; custom_padding=&#8221;||0px|||&#8221; animation_style=&#8221;fade&#8221; animation_direction=&#8221;top&#8221; animation_duration=&#8221;1350ms&#8221; animation_starting_opacity=&#8221;100%&#8221; locked=&#8221;off&#8221; inline_fonts=&#8221;Prata,Montserrat&#8221; global_colors_info=&#8221;{}&#8221;]<\/p>\n<h2><span style=\"color: #012c3f;\">Approccio agile e change management<\/span><\/h2>\n<p>[\/et_pb_text][\/et_pb_column][\/et_pb_row][et_pb_row custom_padding_last_edited=&#8221;off|phone&#8221; admin_label=&#8221;Title Area&#8221; _builder_version=&#8221;4.16&#8243; background_color=&#8221;rgba(0,0,0,0)&#8221; width=&#8221;100%&#8221; module_alignment=&#8221;center&#8221; custom_margin=&#8221;||0px||false|false&#8221; custom_padding=&#8221;|0px|0px|0px|false|false&#8221; custom_padding_tablet=&#8221;3%|0px|0.2%|0px|false|false&#8221; custom_padding_phone=&#8221;8%||||false|false&#8221; locked=&#8221;off&#8221; global_colors_info=&#8221;{}&#8221;][et_pb_column type=&#8221;4_4&#8243; _builder_version=&#8221;4.16&#8243; custom_padding=&#8221;|||&#8221; global_colors_info=&#8221;{}&#8221; custom_padding__hover=&#8221;|||&#8221;][et_pb_text _builder_version=&#8221;4.17.3&#8243; text_font_size=&#8221;16px&#8221; max_width=&#8221;90%&#8221; module_alignment=&#8221;center&#8221; custom_margin=&#8221;||||false|false&#8221; custom_margin_tablet=&#8221;||||false|false&#8221; custom_margin_phone=&#8221;||||false|false&#8221; custom_margin_last_edited=&#8221;on|desktop&#8221; custom_padding=&#8221;||||false|false&#8221; global_colors_info=&#8221;{}&#8221;]<\/p>\n<p style=\"text-align: justify;\"><strong>Stefano Cassis<\/strong> ha spiegato cosa ha significato applicare l\u2019approccio agile nel loro caso:<\/p>\n<p style=\"padding-left: 30px; text-align: justify;\">\u201c<em>Agile ha significato per noi, il fatto di non avere tutto chiaro e tutto deciso a livello teorico e poi implementarlo, ma di smarcare il grosso, 70-80 per cento delle problematiche, preparare il sistema in area di test e poi farlo partire con i key user e gli end user finali, e poi vedere cosa funziona, cosa non funziona, cosa \u00e8 stato trasferito, cosa non \u00e8 stato trasferito, e quindi aggiustarlo di volta in volta. Quindi non un approccio di preparazione completa prima e implementazione dopo, ma fare delle prove, chiamate Speed Test, e poi andare a vedere cosa funzionava e cosa non funzionava. Questo ha consentito di debuggare il sistema in maniera continuativa e molto efficace<\/em>\u201d.<\/p>\n<p style=\"padding-left: 30px; text-align: justify;\">\u201c<em>Applicando la metodologia agile e il concetto del minimun viable product si ottengono risultati impressionanti<\/em> \u2013 ha confermato <strong>Angelo Carletta<\/strong> \u2013 <em>io stesso ho conseguito la certificazione in Scrum Master perch\u00e9 secondo me l\u2019evoluzione del mercato, dei consumatori e degli scenari interni ed esterni alle aziende richiedono modelli adattivi e il waterfall fa fatica a rispondere a questa velocit\u00e0 di cambiamento. Occorre produrre qualcosa subito, sapendo che poi ti aspetta la seconda puntata, ma magari il mercato incomincia a virare, arriva un nuovo competitor, una nuova soluzione tecnologica, devi avere questa velocit\u00e0 di muoverti che il Waterfall tende a non darti, perch\u00e9 poi vai avanti su una strada e ti ritrovi con un prodotto che \u00e8 gi\u00e0 obsoleto<\/em>\u201d.<\/p>\n<p>[\/et_pb_text][\/et_pb_column][\/et_pb_row][\/et_pb_section][et_pb_section fb_built=&#8221;1&#8243; custom_padding_last_edited=&#8221;on|tablet&#8221; disabled_on=&#8221;off|off|off&#8221; _builder_version=&#8221;4.17.3&#8243; background_color=&#8221;#FFFFFF&#8221; custom_margin=&#8221;||||false|false&#8221; custom_padding=&#8221;7%||2%||false|false&#8221; custom_padding_tablet=&#8221;14%||3%||false|false&#8221; custom_padding_phone=&#8221;20%||||false|false&#8221; top_divider_style=&#8221;slant&#8221; top_divider_color=&#8221;#e6e6e6&#8243; bottom_divider_flip=&#8221;horizontal&#8221; locked=&#8221;off&#8221; global_colors_info=&#8221;{}&#8221;][et_pb_row custom_padding_last_edited=&#8221;off|phone&#8221; admin_label=&#8221;Title Area&#8221; _builder_version=&#8221;4.16&#8243; background_color=&#8221;rgba(0,0,0,0)&#8221; width=&#8221;100%&#8221; module_alignment=&#8221;center&#8221; custom_margin=&#8221;||||false|false&#8221; custom_padding=&#8221;|0px|0px|0px|false|false&#8221; custom_padding_tablet=&#8221;3%|0px|0.2%|0px|false|false&#8221; custom_padding_phone=&#8221;8%||||false|false&#8221; locked=&#8221;off&#8221; global_colors_info=&#8221;{}&#8221;][et_pb_column type=&#8221;4_4&#8243; _builder_version=&#8221;4.16&#8243; custom_padding=&#8221;|||&#8221; global_colors_info=&#8221;{}&#8221; custom_padding__hover=&#8221;|||&#8221;][et_pb_text _builder_version=&#8221;4.17.3&#8243; text_font_size=&#8221;16px&#8221; max_width=&#8221;90%&#8221; module_alignment=&#8221;center&#8221; custom_margin=&#8221;||||false|false&#8221; custom_margin_tablet=&#8221;||||false|false&#8221; custom_margin_phone=&#8221;||||false|false&#8221; custom_margin_last_edited=&#8221;on|desktop&#8221; custom_padding=&#8221;||||false|false&#8221; global_colors_info=&#8221;{}&#8221;]<\/p>\n<p style=\"text-align: justify;\">Per <strong>Marco Manfredini<\/strong> la scelta di affidarsi a specialisti e PM esterni competenti \u00e8 stata fondamentale perch\u00e9<\/p>\n<p style=\"padding-left: 30px; text-align: justify;\">\u201c<em>non avevamo la seniority giusta e la conoscenza del metodo, e poi soprattutto volevamo una persona esterna, esperta del nostro business, che potesse essere completamente neutrale anche in quello che erano poi le diatribe e che facesse il suo mestiere da PM come va fatto nei progetti cos\u00ec complessi, e devo dire che anche questo ha funzionato molto<\/em>\u201d.<\/p>\n<p style=\"padding-left: 30px; text-align: justify;\">\u201c<em>Stiamo dicendo quindi che il mondo sta andando in questa direzione<\/em> \u2013 ha aggiunto <strong>Vincenzo Natile<\/strong> \u2013 <em>e quindi l\u2019agile \u00e8 una metodologia che consente di essere rapidi, ma pu\u00f2 anche essere lo strumento con cui gestire il consenso o il dissenso e si riesce a mettere d\u2019accordo tutti. Invece di discutere sulla teoria, si sperimenta, si valutano soluzioni funzionanti e quindi si prendono decisioni su fatti e benefici oggettivi<\/em>\u201d.<\/p>\n<p>[\/et_pb_text][\/et_pb_column][\/et_pb_row][\/et_pb_section][et_pb_section fb_built=&#8221;1&#8243; custom_padding_last_edited=&#8221;on|tablet&#8221; disabled_on=&#8221;off|off|off&#8221; _builder_version=&#8221;4.17.3&#8243; background_color=&#8221;#e6e6e6&#8243; custom_margin=&#8221;||||false|false&#8221; custom_padding=&#8221;7%||2%||false|false&#8221; custom_padding_tablet=&#8221;14%||3%||false|false&#8221; custom_padding_phone=&#8221;20%||||false|false&#8221; top_divider_style=&#8221;slant&#8221; top_divider_color=&#8221;#FFFFFF&#8221; top_divider_flip=&#8221;horizontal&#8221; bottom_divider_flip=&#8221;horizontal&#8221; locked=&#8221;off&#8221; global_colors_info=&#8221;{}&#8221;][et_pb_row custom_padding_last_edited=&#8221;off|phone&#8221; admin_label=&#8221;Title Area&#8221; _builder_version=&#8221;4.16&#8243; background_color=&#8221;rgba(0,0,0,0)&#8221; width=&#8221;100%&#8221; module_alignment=&#8221;center&#8221; custom_margin=&#8221;||||false|false&#8221; custom_padding=&#8221;|0px|0px|0px|false|false&#8221; custom_padding_tablet=&#8221;3%|0px|0.2%|0px|false|false&#8221; custom_padding_phone=&#8221;8%||||false|false&#8221; locked=&#8221;off&#8221; global_colors_info=&#8221;{}&#8221;][et_pb_column type=&#8221;4_4&#8243; _builder_version=&#8221;4.16&#8243; custom_padding=&#8221;|||&#8221; global_colors_info=&#8221;{}&#8221; custom_padding__hover=&#8221;|||&#8221;][et_pb_text _builder_version=&#8221;4.17.3&#8243; text_font_size=&#8221;16px&#8221; max_width=&#8221;90%&#8221; module_alignment=&#8221;center&#8221; custom_margin=&#8221;||||false|false&#8221; custom_margin_tablet=&#8221;||||false|false&#8221; custom_margin_phone=&#8221;||||false|false&#8221; custom_margin_last_edited=&#8221;on|desktop&#8221; custom_padding=&#8221;||||false|false&#8221; global_colors_info=&#8221;{}&#8221;]<\/p>\n<p style=\"text-align: justify;\">Sul \u201cchange management\u201d non c\u2019\u00e8 stata la stessa uniformit\u00e0 di vedute. Secondo<strong> Stefano Cassis<\/strong>,<\/p>\n<p style=\"padding-left: 30px; text-align: justify;\">\u201c<em>convincere tutti \u00e8 impossibile. Imporre la trasformazione significa tagliare la testa al toro. O arriva una soluzione imposta o la discussione andr\u00e0 avanti all\u2019infinito<\/em>\u201d.<\/p>\n<p style=\"text-align: justify;\">Per <strong>Angelo Carletta<\/strong>, al contrario,<\/p>\n<p style=\"padding-left: 30px; text-align: justify;\">\u201c<em>imporre una soluzione dall\u2019alto rischiando di perdere persone chiave pu\u00f2 essere molto pericoloso. Per convincere e condividere possono essere utili le figure degli ambassador, dei key player, degli evangelist<\/em>\u201d.<\/p>\n<p style=\"padding-left: 30px; text-align: justify;\">\u201c<em>\u00c8 perfettamente comprensibile<\/em> \u2013 ha concluso <strong>Vincenzo Natile<\/strong> \u2013\u00a0<em>che ci possano essere momenti in cui si verifica quasi una sospensione di democrazia in azienda per assumere decisioni rapide. A volte \u00e8 necessario per superare gli stalli o i nodi decisionali. Ma in ogni caso \u00e8 fondamentale gestire e curare con altrettanta attenzione il consenso e le persone, con attivit\u00e0 di training e formazione continuativi, attraverso academy post implementation, per educare le persone ai nuovi strumenti e sfruttare tutto il potenziale che la tecnologia pu\u00f2 offrire. Il consenso e le persone sono fondamentali. Bisogna formare le persone a sfruttare il pieno potenziale della macchina.<\/em><\/p>\n<p style=\"padding-left: 30px; text-align: justify;\"><em>Lavorarci sulle persone prima, durante e dopo il percorso di cambiamento \u00e8 la sfida pi\u00f9 importante<\/em>\u201d.<\/p>\n<p>[\/et_pb_text][\/et_pb_column][\/et_pb_row][\/et_pb_section][et_pb_section fb_built=&#8221;1&#8243; custom_padding_last_edited=&#8221;on|tablet&#8221; disabled_on=&#8221;on|on|on&#8221; _builder_version=&#8221;4.17.3&#8243; background_color=&#8221;#FFFFFF&#8221; custom_margin=&#8221;||||false|false&#8221; custom_padding=&#8221;11%||2%||false|false&#8221; custom_padding_tablet=&#8221;17%||4%||false|false&#8221; custom_padding_phone=&#8221;30%||5%||false|false&#8221; top_divider_style=&#8221;slant&#8221; top_divider_color=&#8221;#e6e6e6&#8243; bottom_divider_flip=&#8221;horizontal&#8221; disabled=&#8221;on&#8221; locked=&#8221;off&#8221; global_colors_info=&#8221;{}&#8221;][et_pb_row custom_padding_last_edited=&#8221;off|phone&#8221; admin_label=&#8221;Title Area&#8221; _builder_version=&#8221;4.17.3&#8243; background_color=&#8221;rgba(0,0,0,0)&#8221; width=&#8221;100%&#8221; module_alignment=&#8221;center&#8221; custom_margin=&#8221;0px||||false|false&#8221; custom_padding=&#8221;0px|0px|0px|0px|false|false&#8221; custom_padding_tablet=&#8221;3%|0px|0.2%|0px|false|false&#8221; custom_padding_phone=&#8221;8%||||false|false&#8221; locked=&#8221;off&#8221; global_colors_info=&#8221;{}&#8221;][et_pb_column type=&#8221;4_4&#8243; _builder_version=&#8221;4.16&#8243; custom_padding=&#8221;|||&#8221; global_colors_info=&#8221;{}&#8221; custom_padding__hover=&#8221;|||&#8221;][et_pb_gallery gallery_ids=&#8221;16067,16068,16069,16070,16071,16072&#8243; fullwidth=&#8221;on&#8221; _builder_version=&#8221;4.17.3&#8243; _module_preset=&#8221;default&#8221; global_colors_info=&#8221;{}&#8221;][\/et_pb_gallery][\/et_pb_column][\/et_pb_row][\/et_pb_section][et_pb_section fb_built=&#8221;1&#8243; custom_padding_last_edited=&#8221;on|phone&#8221; _builder_version=&#8221;4.17.3&#8243; background_color=&#8221;#DB9300&#8243; custom_margin=&#8221;0%||||false|false&#8221; custom_padding_tablet=&#8221;80px||||false|false&#8221; custom_padding_phone=&#8221;100px||||false|false&#8221; top_divider_style=&#8221;slant&#8221; top_divider_color=&#8221;#e6e6e6&#8243; top_divider_flip=&#8221;vertical&#8221; bottom_divider_color=&#8221;#ffffff&#8221; bottom_divider_flip=&#8221;horizontal&#8221; locked=&#8221;off&#8221; global_colors_info=&#8221;{}&#8221;][et_pb_row _builder_version=&#8221;4.16&#8243; custom_margin=&#8221;-40px|auto||auto|false|false&#8221; custom_padding=&#8221;||0.5%||false|false&#8221; global_colors_info=&#8221;{}&#8221;][et_pb_column type=&#8221;4_4&#8243; _builder_version=&#8221;4.16&#8243; global_colors_info=&#8221;{}&#8221;][et_pb_text admin_label=&#8221;Title&#8221; _builder_version=&#8221;4.17.3&#8243; text_font=&#8221;||||||||&#8221; text_text_color=&#8221;#ffffff&#8221; header_font=&#8221;Prata||||||||&#8221; header_2_font=&#8221;Montserrat|700|||||||&#8221; header_2_text_align=&#8221;center&#8221; header_2_font_size=&#8221;30px&#8221; custom_margin=&#8221;8%||5px||false|false&#8221; custom_padding=&#8221;||0px|||&#8221; animation_style=&#8221;fade&#8221; animation_direction=&#8221;top&#8221; animation_duration=&#8221;1350ms&#8221; animation_starting_opacity=&#8221;100%&#8221; inline_fonts=&#8221;Prata,Montserrat&#8221; global_colors_info=&#8221;{}&#8221;]<\/p>\n<h2 style=\"text-align: center\"><span style=\"color: #ffffff\">Clicca <em>play <\/em>per rivivere il workshop completo<br \/>\n<\/span><span><\/span><\/h2>\n<p style=\"text-align: center\">\n<p>[\/et_pb_text][\/et_pb_column][\/et_pb_row][et_pb_row _builder_version=&#8221;4.16&#8243; custom_padding=&#8221;1px|||||&#8221; global_colors_info=&#8221;{}&#8221;][et_pb_column type=&#8221;4_4&#8243; _builder_version=&#8221;4.16&#8243; global_colors_info=&#8221;{}&#8221;][et_pb_code _builder_version=&#8221;4.17.3&#8243; _module_preset=&#8221;default&#8221; global_colors_info=&#8221;{}&#8221;]<\/p>\n<div class=\"popup-video sez-notloggato\" style=\"width: 100%;height: 100%;background-color: #0000005e;justify-content: center;align-items: center; position:absolute;z-index:99;display:flex;\">\n<div style=\"margin: auto;width: 60%;padding: 60px 20px 60px 20px;background-color: #002c3f;height: fit-content;\">\n<h3 style=\"color: white;text-align: center;margin-bottom: 20px\">Per continuare a vedere il workshop<\/h3>\n<div class=\"et_pb_button_module_wrapper et_pb_button_0_wrapper et_pb_button_alignment_center et_pb_module \" style=\"text-align:center\"><a class=\"et_pb_button et_pb_button_0 et_pb_bg_layout_dark\" href=\"https:\/\/www.eim.com\/it\/eim-community-area-riservata\/#registrazione\">ENTRA NELLA COMMUNITY<\/a><\/div>\n<\/div>\n<\/div>\n<p><!-- [et_pb_line_break_holder] --><iframe src=\"https:\/\/player.vimeo.com\/video\/775734409?h=bceeceba53&amp;dnt=1&amp;app_id=122963\" width=\"1080\" height=\"608\" frameborder=\"0\" allow=\"autoplay; fullscreen; picture-in-picture\" allowfullscreen><\/iframe>[\/et_pb_code][\/et_pb_column][\/et_pb_row][\/et_pb_section][et_pb_section fb_built=&#8221;1&#8243; custom_padding_last_edited=&#8221;on|phone&#8221; _builder_version=&#8221;4.17.3&#8243; background_color=&#8221;#012c3f&#8221; custom_margin=&#8221;0%||||false|false&#8221; custom_padding_tablet=&#8221;80px||||false|false&#8221; custom_padding_phone=&#8221;100px||||false|false&#8221; top_divider_style=&#8221;slant&#8221; top_divider_color=&#8221;#db932a&#8221; bottom_divider_color=&#8221;#ffffff&#8221; bottom_divider_flip=&#8221;horizontal&#8221; locked=&#8221;off&#8221; global_colors_info=&#8221;{}&#8221;][et_pb_row _builder_version=&#8221;4.16&#8243; custom_margin=&#8221;-40px|auto||auto|false|false&#8221; custom_padding=&#8221;||0.5%||false|false&#8221; global_colors_info=&#8221;{}&#8221;][et_pb_column type=&#8221;4_4&#8243; _builder_version=&#8221;4.16&#8243; global_colors_info=&#8221;{}&#8221;][et_pb_text admin_label=&#8221;Title&#8221; _builder_version=&#8221;4.17.3&#8243; text_font=&#8221;||||||||&#8221; text_text_color=&#8221;#ffffff&#8221; header_font=&#8221;Prata||||||||&#8221; header_2_font=&#8221;Montserrat|700|||||||&#8221; header_2_text_align=&#8221;center&#8221; header_2_font_size=&#8221;30px&#8221; custom_margin=&#8221;8%||5px||false|false&#8221; custom_padding=&#8221;||0px|||&#8221; animation_style=&#8221;fade&#8221; animation_direction=&#8221;top&#8221; animation_duration=&#8221;1350ms&#8221; animation_starting_opacity=&#8221;100%&#8221; inline_fonts=&#8221;Prata,Montserrat&#8221; global_colors_info=&#8221;{}&#8221;]<\/p>\n<h2><\/h2>\n<h2 style=\"text-align: center;\"><span style=\"color: #ffffff;\">Vuoi approfondire l\u2019approccio EIM <br \/>per competere nell&#8217;era digitale?<\/span><\/h2>\n<p>[\/et_pb_text][\/et_pb_column][\/et_pb_row][et_pb_row _builder_version=&#8221;4.16&#8243; custom_padding=&#8221;1px|||||&#8221; global_colors_info=&#8221;{}&#8221;][et_pb_column type=&#8221;4_4&#8243; _builder_version=&#8221;4.16&#8243; global_colors_info=&#8221;{}&#8221;][et_pb_button button_url=&#8221;@ET-DC@eyJkeW5hbWljIjp0cnVlLCJjb250ZW50IjoicG9zdF9saW5rX3VybF9wYWdlIiwic2V0dGluZ3MiOnsicG9zdF9pZCI6IjEzNzA0In19@&#8221; button_text=&#8221;VAI ALLA PAGINA DEDICATA&#8221; button_alignment=&#8221;center&#8221; button_text_tablet=&#8221;VAI ALLA PAGINA DEDICATA&#8221; button_text_phone=&#8221;VAI ALLA PAGINA DEDICATA&#8221; button_text_last_edited=&#8221;on|desktop&#8221; _builder_version=&#8221;4.17.3&#8243; _dynamic_attributes=&#8221;button_url&#8221; _module_preset=&#8221;default&#8221; background_layout=&#8221;dark&#8221; global_colors_info=&#8221;{}&#8221;][\/et_pb_button][\/et_pb_column][\/et_pb_row][\/et_pb_section]<\/p>\n","protected":false},"excerpt":{"rendered":"<p>Come si definisce un percorso di digital transformation? Il workshop di EIM ha messo a confronto diversi dirigenti su come realizzare complesse soluzioni ICT.<\/p>\n","protected":false},"author":2,"featured_media":16110,"comment_status":"closed","ping_status":"open","sticky":false,"template":"","format":"standard","meta":{"_et_pb_use_builder":"on","_et_pb_old_content":"","_et_gb_content_width":"2880","footnotes":""},"categories":[2143],"tags":[],"class_list":["post-16045","post","type-post","status-publish","format-standard","has-post-thumbnail","hentry","category-innovazione"],"yoast_head":"<!-- This site is optimized with the Yoast SEO Premium plugin v27.5 (Yoast SEO v27.5) - https:\/\/yoast.com\/product\/yoast-seo-premium-wordpress\/ -->\n<title>Soluzioni ICT e progetti di trasformazione nell&#039;era digitale - EIM Italia<\/title>\n<meta name=\"description\" content=\"Come si definisce un percorso di digital transformation? Il workshop di EIM ha messo a confronto diversi dirigenti su come realizzare complesse soluzioni ICT.\" \/>\n<meta name=\"robots\" content=\"index, follow, max-snippet:-1, max-image-preview:large, max-video-preview:-1\" \/>\n<link rel=\"canonical\" href=\"https:\/\/www.eim.com\/it\/innovazione\/soluzioni-ict\/\" \/>\n<meta property=\"og:locale\" content=\"it_IT\" \/>\n<meta property=\"og:type\" content=\"article\" \/>\n<meta property=\"og:title\" content=\"Realizzare progetti di trasformazione ICT e soluzioni tecnologiche complesse nell\u2019era del Digital\" \/>\n<meta property=\"og:description\" content=\"Come si definisce un percorso di digital transformation? Il workshop di EIM ha messo a confronto diversi dirigenti su come realizzare complesse soluzioni ICT.\" \/>\n<meta property=\"og:url\" content=\"https:\/\/www.eim.com\/it\/innovazione\/soluzioni-ict\/\" \/>\n<meta property=\"og:site_name\" content=\"EIM Italia\" \/>\n<meta property=\"article:published_time\" content=\"2022-11-01T14:04:00+00:00\" \/>\n<meta property=\"article:modified_time\" content=\"2022-12-05T09:09:05+00:00\" \/>\n<meta property=\"og:image\" content=\"https:\/\/www.eim.com\/it\/wp-content\/uploads\/sites\/5\/2022\/11\/Workshop-eim-soluzioni-ict.jpg\" \/>\n\t<meta property=\"og:image:width\" content=\"1200\" \/>\n\t<meta property=\"og:image:height\" content=\"672\" \/>\n\t<meta property=\"og:image:type\" content=\"image\/jpeg\" \/>\n<meta name=\"author\" content=\"eimworld\" \/>\n<meta name=\"twitter:card\" content=\"summary_large_image\" \/>\n<meta name=\"twitter:label1\" content=\"Scritto da\" \/>\n\t<meta name=\"twitter:data1\" content=\"eimworld\" \/>\n\t<meta name=\"twitter:label2\" content=\"Tempo di lettura stimato\" \/>\n\t<meta name=\"twitter:data2\" content=\"15 minuti\" \/>\n<script type=\"application\/ld+json\" class=\"yoast-schema-graph\">{\"@context\":\"https:\\\/\\\/schema.org\",\"@graph\":[{\"@type\":\"Article\",\"@id\":\"https:\\\/\\\/www.eim.com\\\/it\\\/innovazione\\\/soluzioni-ict\\\/#article\",\"isPartOf\":{\"@id\":\"https:\\\/\\\/www.eim.com\\\/it\\\/innovazione\\\/soluzioni-ict\\\/\"},\"author\":{\"name\":\"eimworld\",\"@id\":\"https:\\\/\\\/www.eim.com\\\/it\\\/#\\\/schema\\\/person\\\/82c5e4b03b7af649944ed10552319b91\"},\"headline\":\"Realizzare progetti di trasformazione ICT e soluzioni tecnologiche complesse nell\u2019era del Digital\",\"datePublished\":\"2022-11-01T14:04:00+00:00\",\"dateModified\":\"2022-12-05T09:09:05+00:00\",\"mainEntityOfPage\":{\"@id\":\"https:\\\/\\\/www.eim.com\\\/it\\\/innovazione\\\/soluzioni-ict\\\/\"},\"wordCount\":5526,\"publisher\":{\"@id\":\"https:\\\/\\\/www.eim.com\\\/it\\\/#organization\"},\"image\":{\"@id\":\"https:\\\/\\\/www.eim.com\\\/it\\\/innovazione\\\/soluzioni-ict\\\/#primaryimage\"},\"thumbnailUrl\":\"https:\\\/\\\/www.eim.com\\\/it\\\/wp-content\\\/uploads\\\/sites\\\/5\\\/2022\\\/11\\\/Workshop-eim-soluzioni-ict.jpg\",\"articleSection\":[\"Innovazione\"],\"inLanguage\":\"it-IT\"},{\"@type\":\"WebPage\",\"@id\":\"https:\\\/\\\/www.eim.com\\\/it\\\/innovazione\\\/soluzioni-ict\\\/\",\"url\":\"https:\\\/\\\/www.eim.com\\\/it\\\/innovazione\\\/soluzioni-ict\\\/\",\"name\":\"Soluzioni ICT e progetti di trasformazione nell'era digitale - EIM Italia\",\"isPartOf\":{\"@id\":\"https:\\\/\\\/www.eim.com\\\/it\\\/#website\"},\"primaryImageOfPage\":{\"@id\":\"https:\\\/\\\/www.eim.com\\\/it\\\/innovazione\\\/soluzioni-ict\\\/#primaryimage\"},\"image\":{\"@id\":\"https:\\\/\\\/www.eim.com\\\/it\\\/innovazione\\\/soluzioni-ict\\\/#primaryimage\"},\"thumbnailUrl\":\"https:\\\/\\\/www.eim.com\\\/it\\\/wp-content\\\/uploads\\\/sites\\\/5\\\/2022\\\/11\\\/Workshop-eim-soluzioni-ict.jpg\",\"datePublished\":\"2022-11-01T14:04:00+00:00\",\"dateModified\":\"2022-12-05T09:09:05+00:00\",\"description\":\"Come si definisce un percorso di digital transformation? Il workshop di EIM ha messo a confronto diversi dirigenti su come realizzare complesse soluzioni ICT.\",\"breadcrumb\":{\"@id\":\"https:\\\/\\\/www.eim.com\\\/it\\\/innovazione\\\/soluzioni-ict\\\/#breadcrumb\"},\"inLanguage\":\"it-IT\",\"potentialAction\":[{\"@type\":\"ReadAction\",\"target\":[\"https:\\\/\\\/www.eim.com\\\/it\\\/innovazione\\\/soluzioni-ict\\\/\"]}]},{\"@type\":\"ImageObject\",\"inLanguage\":\"it-IT\",\"@id\":\"https:\\\/\\\/www.eim.com\\\/it\\\/innovazione\\\/soluzioni-ict\\\/#primaryimage\",\"url\":\"https:\\\/\\\/www.eim.com\\\/it\\\/wp-content\\\/uploads\\\/sites\\\/5\\\/2022\\\/11\\\/Workshop-eim-soluzioni-ict.jpg\",\"contentUrl\":\"https:\\\/\\\/www.eim.com\\\/it\\\/wp-content\\\/uploads\\\/sites\\\/5\\\/2022\\\/11\\\/Workshop-eim-soluzioni-ict.jpg\",\"width\":1200,\"height\":672},{\"@type\":\"BreadcrumbList\",\"@id\":\"https:\\\/\\\/www.eim.com\\\/it\\\/innovazione\\\/soluzioni-ict\\\/#breadcrumb\",\"itemListElement\":[{\"@type\":\"ListItem\",\"position\":1,\"name\":\"Home\",\"item\":\"https:\\\/\\\/www.eim.com\\\/it\\\/\"},{\"@type\":\"ListItem\",\"position\":2,\"name\":\"Realizzare progetti di trasformazione ICT e soluzioni tecnologiche complesse nell\u2019era del Digital\"}]},{\"@type\":\"WebSite\",\"@id\":\"https:\\\/\\\/www.eim.com\\\/it\\\/#website\",\"url\":\"https:\\\/\\\/www.eim.com\\\/it\\\/\",\"name\":\"EIM Italia\",\"description\":\"Siamo gli inventori dell&#039;Executive Interim Management\",\"publisher\":{\"@id\":\"https:\\\/\\\/www.eim.com\\\/it\\\/#organization\"},\"potentialAction\":[{\"@type\":\"SearchAction\",\"target\":{\"@type\":\"EntryPoint\",\"urlTemplate\":\"https:\\\/\\\/www.eim.com\\\/it\\\/?s={search_term_string}\"},\"query-input\":{\"@type\":\"PropertyValueSpecification\",\"valueRequired\":true,\"valueName\":\"search_term_string\"}}],\"inLanguage\":\"it-IT\"},{\"@type\":\"Organization\",\"@id\":\"https:\\\/\\\/www.eim.com\\\/it\\\/#organization\",\"name\":\"EIM\",\"url\":\"https:\\\/\\\/www.eim.com\\\/it\\\/\",\"logo\":{\"@type\":\"ImageObject\",\"inLanguage\":\"it-IT\",\"@id\":\"https:\\\/\\\/www.eim.com\\\/it\\\/#\\\/schema\\\/logo\\\/image\\\/\",\"url\":\"https:\\\/\\\/www.eim.com\\\/it\\\/wp-content\\\/uploads\\\/sites\\\/5\\\/2022\\\/02\\\/logo-eim-favicon2022.png\",\"contentUrl\":\"https:\\\/\\\/www.eim.com\\\/it\\\/wp-content\\\/uploads\\\/sites\\\/5\\\/2022\\\/02\\\/logo-eim-favicon2022.png\",\"width\":427,\"height\":427,\"caption\":\"EIM\"},\"image\":{\"@id\":\"https:\\\/\\\/www.eim.com\\\/it\\\/#\\\/schema\\\/logo\\\/image\\\/\"}},{\"@type\":\"Person\",\"@id\":\"https:\\\/\\\/www.eim.com\\\/it\\\/#\\\/schema\\\/person\\\/82c5e4b03b7af649944ed10552319b91\",\"name\":\"eimworld\",\"image\":{\"@type\":\"ImageObject\",\"inLanguage\":\"it-IT\",\"@id\":\"https:\\\/\\\/secure.gravatar.com\\\/avatar\\\/06dc2838cb0c066488cdb4b104beba474e6305a2d11cbb1fb7353f876daae9f3?s=96&d=mm&r=g\",\"url\":\"https:\\\/\\\/secure.gravatar.com\\\/avatar\\\/06dc2838cb0c066488cdb4b104beba474e6305a2d11cbb1fb7353f876daae9f3?s=96&d=mm&r=g\",\"contentUrl\":\"https:\\\/\\\/secure.gravatar.com\\\/avatar\\\/06dc2838cb0c066488cdb4b104beba474e6305a2d11cbb1fb7353f876daae9f3?s=96&d=mm&r=g\",\"caption\":\"eimworld\"},\"sameAs\":[\"https:\\\/\\\/eimworld.wpengine.com\"]}]}<\/script>\n<!-- \/ Yoast SEO Premium plugin. -->","yoast_head_json":{"title":"Soluzioni ICT e progetti di trasformazione nell'era digitale - EIM Italia","description":"Come si definisce un percorso di digital transformation? Il workshop di EIM ha messo a confronto diversi dirigenti su come realizzare complesse soluzioni ICT.","robots":{"index":"index","follow":"follow","max-snippet":"max-snippet:-1","max-image-preview":"max-image-preview:large","max-video-preview":"max-video-preview:-1"},"canonical":"https:\/\/www.eim.com\/it\/innovazione\/soluzioni-ict\/","og_locale":"it_IT","og_type":"article","og_title":"Realizzare progetti di trasformazione ICT e soluzioni tecnologiche complesse nell\u2019era del Digital","og_description":"Come si definisce un percorso di digital transformation? Il workshop di EIM ha messo a confronto diversi dirigenti su come realizzare complesse soluzioni ICT.","og_url":"https:\/\/www.eim.com\/it\/innovazione\/soluzioni-ict\/","og_site_name":"EIM Italia","article_published_time":"2022-11-01T14:04:00+00:00","article_modified_time":"2022-12-05T09:09:05+00:00","og_image":[{"width":1200,"height":672,"url":"https:\/\/www.eim.com\/it\/wp-content\/uploads\/sites\/5\/2022\/11\/Workshop-eim-soluzioni-ict.jpg","type":"image\/jpeg"}],"author":"eimworld","twitter_card":"summary_large_image","twitter_misc":{"Scritto da":"eimworld","Tempo di lettura stimato":"15 minuti"},"schema":{"@context":"https:\/\/schema.org","@graph":[{"@type":"Article","@id":"https:\/\/www.eim.com\/it\/innovazione\/soluzioni-ict\/#article","isPartOf":{"@id":"https:\/\/www.eim.com\/it\/innovazione\/soluzioni-ict\/"},"author":{"name":"eimworld","@id":"https:\/\/www.eim.com\/it\/#\/schema\/person\/82c5e4b03b7af649944ed10552319b91"},"headline":"Realizzare progetti di trasformazione ICT e soluzioni tecnologiche complesse nell\u2019era del Digital","datePublished":"2022-11-01T14:04:00+00:00","dateModified":"2022-12-05T09:09:05+00:00","mainEntityOfPage":{"@id":"https:\/\/www.eim.com\/it\/innovazione\/soluzioni-ict\/"},"wordCount":5526,"publisher":{"@id":"https:\/\/www.eim.com\/it\/#organization"},"image":{"@id":"https:\/\/www.eim.com\/it\/innovazione\/soluzioni-ict\/#primaryimage"},"thumbnailUrl":"https:\/\/www.eim.com\/it\/wp-content\/uploads\/sites\/5\/2022\/11\/Workshop-eim-soluzioni-ict.jpg","articleSection":["Innovazione"],"inLanguage":"it-IT"},{"@type":"WebPage","@id":"https:\/\/www.eim.com\/it\/innovazione\/soluzioni-ict\/","url":"https:\/\/www.eim.com\/it\/innovazione\/soluzioni-ict\/","name":"Soluzioni ICT e progetti di trasformazione nell'era digitale - EIM Italia","isPartOf":{"@id":"https:\/\/www.eim.com\/it\/#website"},"primaryImageOfPage":{"@id":"https:\/\/www.eim.com\/it\/innovazione\/soluzioni-ict\/#primaryimage"},"image":{"@id":"https:\/\/www.eim.com\/it\/innovazione\/soluzioni-ict\/#primaryimage"},"thumbnailUrl":"https:\/\/www.eim.com\/it\/wp-content\/uploads\/sites\/5\/2022\/11\/Workshop-eim-soluzioni-ict.jpg","datePublished":"2022-11-01T14:04:00+00:00","dateModified":"2022-12-05T09:09:05+00:00","description":"Come si definisce un percorso di digital transformation? Il workshop di EIM ha messo a confronto diversi dirigenti su come realizzare complesse soluzioni ICT.","breadcrumb":{"@id":"https:\/\/www.eim.com\/it\/innovazione\/soluzioni-ict\/#breadcrumb"},"inLanguage":"it-IT","potentialAction":[{"@type":"ReadAction","target":["https:\/\/www.eim.com\/it\/innovazione\/soluzioni-ict\/"]}]},{"@type":"ImageObject","inLanguage":"it-IT","@id":"https:\/\/www.eim.com\/it\/innovazione\/soluzioni-ict\/#primaryimage","url":"https:\/\/www.eim.com\/it\/wp-content\/uploads\/sites\/5\/2022\/11\/Workshop-eim-soluzioni-ict.jpg","contentUrl":"https:\/\/www.eim.com\/it\/wp-content\/uploads\/sites\/5\/2022\/11\/Workshop-eim-soluzioni-ict.jpg","width":1200,"height":672},{"@type":"BreadcrumbList","@id":"https:\/\/www.eim.com\/it\/innovazione\/soluzioni-ict\/#breadcrumb","itemListElement":[{"@type":"ListItem","position":1,"name":"Home","item":"https:\/\/www.eim.com\/it\/"},{"@type":"ListItem","position":2,"name":"Realizzare progetti di trasformazione ICT e soluzioni tecnologiche complesse nell\u2019era del Digital"}]},{"@type":"WebSite","@id":"https:\/\/www.eim.com\/it\/#website","url":"https:\/\/www.eim.com\/it\/","name":"EIM Italia","description":"Siamo gli inventori dell&#039;Executive Interim Management","publisher":{"@id":"https:\/\/www.eim.com\/it\/#organization"},"potentialAction":[{"@type":"SearchAction","target":{"@type":"EntryPoint","urlTemplate":"https:\/\/www.eim.com\/it\/?s={search_term_string}"},"query-input":{"@type":"PropertyValueSpecification","valueRequired":true,"valueName":"search_term_string"}}],"inLanguage":"it-IT"},{"@type":"Organization","@id":"https:\/\/www.eim.com\/it\/#organization","name":"EIM","url":"https:\/\/www.eim.com\/it\/","logo":{"@type":"ImageObject","inLanguage":"it-IT","@id":"https:\/\/www.eim.com\/it\/#\/schema\/logo\/image\/","url":"https:\/\/www.eim.com\/it\/wp-content\/uploads\/sites\/5\/2022\/02\/logo-eim-favicon2022.png","contentUrl":"https:\/\/www.eim.com\/it\/wp-content\/uploads\/sites\/5\/2022\/02\/logo-eim-favicon2022.png","width":427,"height":427,"caption":"EIM"},"image":{"@id":"https:\/\/www.eim.com\/it\/#\/schema\/logo\/image\/"}},{"@type":"Person","@id":"https:\/\/www.eim.com\/it\/#\/schema\/person\/82c5e4b03b7af649944ed10552319b91","name":"eimworld","image":{"@type":"ImageObject","inLanguage":"it-IT","@id":"https:\/\/secure.gravatar.com\/avatar\/06dc2838cb0c066488cdb4b104beba474e6305a2d11cbb1fb7353f876daae9f3?s=96&d=mm&r=g","url":"https:\/\/secure.gravatar.com\/avatar\/06dc2838cb0c066488cdb4b104beba474e6305a2d11cbb1fb7353f876daae9f3?s=96&d=mm&r=g","contentUrl":"https:\/\/secure.gravatar.com\/avatar\/06dc2838cb0c066488cdb4b104beba474e6305a2d11cbb1fb7353f876daae9f3?s=96&d=mm&r=g","caption":"eimworld"},"sameAs":["https:\/\/eimworld.wpengine.com"]}]}},"_links":{"self":[{"href":"https:\/\/www.eim.com\/it\/wp-json\/wp\/v2\/posts\/16045","targetHints":{"allow":["GET"]}}],"collection":[{"href":"https:\/\/www.eim.com\/it\/wp-json\/wp\/v2\/posts"}],"about":[{"href":"https:\/\/www.eim.com\/it\/wp-json\/wp\/v2\/types\/post"}],"author":[{"embeddable":true,"href":"https:\/\/www.eim.com\/it\/wp-json\/wp\/v2\/users\/2"}],"replies":[{"embeddable":true,"href":"https:\/\/www.eim.com\/it\/wp-json\/wp\/v2\/comments?post=16045"}],"version-history":[{"count":0,"href":"https:\/\/www.eim.com\/it\/wp-json\/wp\/v2\/posts\/16045\/revisions"}],"wp:featuredmedia":[{"embeddable":true,"href":"https:\/\/www.eim.com\/it\/wp-json\/wp\/v2\/media\/16110"}],"wp:attachment":[{"href":"https:\/\/www.eim.com\/it\/wp-json\/wp\/v2\/media?parent=16045"}],"wp:term":[{"taxonomy":"category","embeddable":true,"href":"https:\/\/www.eim.com\/it\/wp-json\/wp\/v2\/categories?post=16045"},{"taxonomy":"post_tag","embeddable":true,"href":"https:\/\/www.eim.com\/it\/wp-json\/wp\/v2\/tags?post=16045"}],"curies":[{"name":"wp","href":"https:\/\/api.w.org\/{rel}","templated":true}]}}