{"id":15374,"date":"2022-06-23T10:19:15","date_gmt":"2022-06-23T08:19:15","guid":{"rendered":"https:\/\/www.eim.com\/it\/?p=15374"},"modified":"2024-08-26T12:05:04","modified_gmt":"2024-08-26T10:05:04","slug":"supply-chain","status":"publish","type":"post","link":"https:\/\/www.eim.com\/it\/efficienza-operativa\/supply-chain\/","title":{"rendered":"La supply chain nell&#8217;epoca dell&#8217;incertezza: agile e fluida"},"content":{"rendered":"<p>[et_pb_section fb_built=&#8221;1&#8243; admin_label=&#8221;Hero Section&#8221; _builder_version=&#8221;4.17.3&#8243; background_color=&#8221;#002c3e&#8221; use_background_color_gradient=&#8221;on&#8221; background_color_gradient_direction=&#8221;174deg&#8221; background_color_gradient_stops=&#8221;rgba(0,0,0,0.51) 87%|rgba(0,0,0,0.51) 87%&#8221; background_color_gradient_overlays_image=&#8221;on&#8221; background_color_gradient_start=&#8221;rgba(0,0,0,0.51)&#8221; background_color_gradient_start_position=&#8221;87%&#8221; background_color_gradient_end=&#8221;rgba(0,0,0,0.51)&#8221; background_color_gradient_end_position=&#8221;29%&#8221; background_image=&#8221;https:\/\/www.eim.com\/it\/wp-content\/uploads\/sites\/5\/2022\/06\/workshop_milano2.jpg&#8221; min_height_tablet=&#8221;&#8221; min_height_phone=&#8221;690px&#8221; min_height_last_edited=&#8221;on|phone&#8221; height=&#8221;664px&#8221; height_tablet=&#8221;580px&#8221; height_phone=&#8221;auto&#8221; height_last_edited=&#8221;on|desktop&#8221; custom_padding=&#8221;2%||0%||false|false&#8221; bottom_divider_style=&#8221;slant&#8221; bottom_divider_color=&#8221;#ffffff&#8221; bottom_divider_height=&#8221;150px&#8221; bottom_divider_flip=&#8221;horizontal&#8221; locked=&#8221;off&#8221; global_colors_info=&#8221;{}&#8221; background_color_gradient_direction__hover=&#8221;180deg&#8221; background_color_gradient_direction__hover_enabled=&#8221;180deg&#8221; background_color_gradient_start_position__hover=&#8221;0%&#8221; background_color_gradient_start_position__hover_enabled=&#8221;0%&#8221; background_color_gradient_end_position__hover=&#8221;100%&#8221; background_color_gradient_end_position__hover_enabled=&#8221;100%&#8221; background_color_gradient_stops__hover=&#8221;rgba(0,0,0,0.51) 0%|rgba(0,0,0,0.51) 100%&#8221;][et_pb_row _builder_version=&#8221;4.16&#8243; custom_margin=&#8221;4%||||false|false&#8221; custom_margin_tablet=&#8221;&#8221; custom_margin_phone=&#8221;5%||||false|false&#8221; custom_margin_last_edited=&#8221;on|phone&#8221; global_colors_info=&#8221;{}&#8221;][et_pb_column type=&#8221;4_4&#8243; _builder_version=&#8221;4.16&#8243; global_colors_info=&#8221;{}&#8221;][et_pb_text admin_label=&#8221;Hero Section Title&#8221; _builder_version=&#8221;4.17.3&#8243; text_font=&#8221;Montserrat|800|||||||&#8221; text_font_size=&#8221;18px&#8221; text_line_height=&#8221;1.3em&#8221; header_font=&#8221;Montserrat|700|||||||&#8221; header_font_size=&#8221;56px&#8221; header_letter_spacing=&#8221;3px&#8221; header_line_height=&#8221;1.1em&#8221; header_2_font=&#8221;Montserrat|700|||||||&#8221; header_2_text_color=&#8221;rgba(255,255,255,0.6)&#8221; header_2_font_size=&#8221;90px&#8221; header_2_letter_spacing=&#8221;3px&#8221; header_2_line_height=&#8221;1.1em&#8221; text_orientation=&#8221;center&#8221; background_layout=&#8221;dark&#8221; max_width=&#8221;900px&#8221; module_alignment=&#8221;center&#8221; custom_margin=&#8221;0px||0px||false|false&#8221; animation_style=&#8221;fade&#8221; animation_direction=&#8221;bottom&#8221; animation_duration=&#8221;1350ms&#8221; header_font_size_tablet=&#8221;&#8221; header_font_size_phone=&#8221;28px&#8221; header_font_size_last_edited=&#8221;on|phone&#8221; header_2_font_size_tablet=&#8221;&#8221; header_2_font_size_phone=&#8221;50px&#8221; header_2_font_size_last_edited=&#8221;on|phone&#8221; text_text_shadow_style=&#8221;preset1&#8243; text_text_shadow_horizontal_length=&#8221;0.28em&#8221; locked=&#8221;off&#8221; inline_fonts=&#8221;Prata,Montserrat&#8221; global_colors_info=&#8221;{}&#8221;]<\/p>\n<h1 style=\"font-size: 50px\">La Supply Chain nell&#8217;epoca dell&#8217;incertezza: agile e fluida<\/h1>\n<p>[\/et_pb_text][et_pb_text _builder_version=&#8221;4.17.3&#8243; text_font=&#8221;|600|||||||&#8221; text_text_color=&#8221;#ffffff&#8221; text_font_size=&#8221;30px&#8221; text_line_height=&#8221;2em&#8221; text_orientation=&#8221;center&#8221; background_layout=&#8221;dark&#8221; custom_margin=&#8221;||6px|||&#8221; custom_margin_tablet=&#8221;||6px|||&#8221; custom_margin_phone=&#8221;10px||6px||false|false&#8221; custom_margin_last_edited=&#8221;on|phone&#8221; custom_padding=&#8221;||||false|false&#8221; animation_style=&#8221;flip&#8221; animation_duration=&#8221;1350ms&#8221; animation_intensity_flip=&#8221;0%&#8221; text_font_size_tablet=&#8221;27px&#8221; text_font_size_phone=&#8221;25px&#8221; text_font_size_last_edited=&#8221;on|phone&#8221; text_line_height_tablet=&#8221;1.6em&#8221; text_line_height_phone=&#8221;1.6em&#8221; text_line_height_last_edited=&#8221;on|tablet&#8221; text_text_shadow_style=&#8221;preset1&#8243; locked=&#8221;off&#8221; global_colors_info=&#8221;{}&#8221;]<b>WORKSHOP | 16 GIUGNO 2022, MILANO<\/b>[\/et_pb_text][\/et_pb_column][\/et_pb_row][\/et_pb_section][et_pb_section fb_built=&#8221;1&#8243; custom_padding_last_edited=&#8221;on|tablet&#8221; disabled_on=&#8221;off|off|off&#8221; _builder_version=&#8221;4.16&#8243; background_color=&#8221;#ffffff&#8221; custom_margin=&#8221;||||false|false&#8221; custom_padding=&#8221;10px||2%||false|false&#8221; custom_padding_tablet=&#8221;10px||3%||false|false&#8221; custom_padding_phone=&#8221;||3%||false|false&#8221; top_divider_style=&#8221;slant&#8221; top_divider_color=&#8221;#ffffff&#8221; bottom_divider_flip=&#8221;horizontal&#8221; locked=&#8221;off&#8221; global_colors_info=&#8221;{}&#8221;][et_pb_row custom_padding_last_edited=&#8221;off|phone&#8221; admin_label=&#8221;Title Area&#8221; _builder_version=&#8221;4.16&#8243; background_color=&#8221;rgba(0,0,0,0)&#8221; width=&#8221;100%&#8221; module_alignment=&#8221;center&#8221; custom_margin=&#8221;||||false|false&#8221; custom_padding=&#8221;|0px|0px|0px|false|false&#8221; custom_padding_tablet=&#8221;3%|0px|0.2%|0px|false|false&#8221; custom_padding_phone=&#8221;8%||||false|false&#8221; global_colors_info=&#8221;{}&#8221;][et_pb_column type=&#8221;4_4&#8243; _builder_version=&#8221;4.16&#8243; custom_padding=&#8221;|||&#8221; global_colors_info=&#8221;{}&#8221; custom_padding__hover=&#8221;|||&#8221;][et_pb_text _builder_version=&#8221;4.17.3&#8243; text_font_size=&#8221;16px&#8221; max_width=&#8221;90%&#8221; module_alignment=&#8221;center&#8221; custom_margin=&#8221;||||false|false&#8221; custom_margin_tablet=&#8221;||||false|false&#8221; custom_margin_phone=&#8221;||||false|false&#8221; custom_margin_last_edited=&#8221;on|desktop&#8221; custom_padding=&#8221;||||false|false&#8221; global_colors_info=&#8221;{}&#8221;]<\/p>\n<p style=\"text-align: justify\">Per capire se davvero le aziende italiane stanno ridefinendo <strong>il modello di Supply Chain<\/strong> e ascoltare alcune importanti testimonianze, EIM Italia ha organizzato un workshop che ha messo a confronto manager e dirigenti che, nei diversi settori di appartenenza, hanno potuto toccare con mano questo cambio di paradigma.<\/p>\n<p style=\"text-align: justify\">Ne \u00e8 uscito un dibattito che ha visto punti di vista differenti, ma una sostanziale <strong>uniformit\u00e0 di vedute<\/strong> sul fatto che l\u2019approccio utilizzato fino a pochi anni fa sulla Supply Chain ha segnato il passo, e forse non solo a causa delle conseguenze della pandemia.<\/p>\n<p>[\/et_pb_text][\/et_pb_column][\/et_pb_row][\/et_pb_section][et_pb_section fb_built=&#8221;1&#8243; disabled_on=&#8221;off|off|off&#8221; _builder_version=&#8221;4.17.3&#8243; background_color=&#8221;RGBA(255,255,255,0)&#8221; use_background_color_gradient=&#8221;on&#8221; background_color_gradient_direction=&#8221;69deg&#8221; background_color_gradient_stops=&#8221;rgba(255,255,255,0) 40%|rgba(255,255,255,0) 40%&#8221; background_color_gradient_overlays_image=&#8221;on&#8221; background_color_gradient_start=&#8221;rgba(255,255,255,0)&#8221; background_color_gradient_start_position=&#8221;40%&#8221; background_color_gradient_end=&#8221;rgba(255,255,255,0)&#8221; background_color_gradient_end_position=&#8221;0%&#8221; background_image=&#8221;https:\/\/www.eim.com\/it\/wp-content\/uploads\/sites\/5\/2022\/09\/workshop-eim-italia-galeani.jpg&#8221; background_position=&#8221;top_center&#8221; min_height=&#8221;550px&#8221; min_height_tablet=&#8221;400px&#8221; min_height_phone=&#8221;350px&#8221; min_height_last_edited=&#8221;on|desktop&#8221; custom_margin=&#8221;||||false|false&#8221; custom_padding=&#8221;4px||4px||true|false&#8221; top_divider_style=&#8221;slant&#8221; top_divider_color=&#8221;#ffffff&#8221; top_divider_flip=&#8221;vertical|horizontal&#8221; bottom_divider_style=&#8221;slant&#8221; bottom_divider_color=&#8221;#e6e6e6&#8243; bottom_divider_flip=&#8221;vertical&#8221; locked=&#8221;off&#8221; global_colors_info=&#8221;{}&#8221;][\/et_pb_section][et_pb_section fb_built=&#8221;1&#8243; custom_padding_last_edited=&#8221;on|tablet&#8221; disabled_on=&#8221;off|off|off&#8221; _builder_version=&#8221;4.17.3&#8243; background_color=&#8221;#e6e6e6&#8243; custom_margin=&#8221;||||false|false&#8221; custom_padding=&#8221;4%||2%||false|false&#8221; custom_padding_tablet=&#8221;3%||3%||false|false&#8221; custom_padding_phone=&#8221;2%||||false|false&#8221; top_divider_color=&#8221;#e6e6e6&#8243; top_divider_flip=&#8221;horizontal&#8221; bottom_divider_flip=&#8221;horizontal&#8221; locked=&#8221;off&#8221; global_colors_info=&#8221;{}&#8221;][et_pb_row custom_padding_last_edited=&#8221;off|phone&#8221; admin_label=&#8221;Title Area&#8221; _builder_version=&#8221;4.16&#8243; background_color=&#8221;rgba(0,0,0,0)&#8221; width=&#8221;100%&#8221; module_alignment=&#8221;center&#8221; custom_margin=&#8221;||0px||false|false&#8221; custom_padding=&#8221;|0px|0px|0px|false|false&#8221; custom_padding_tablet=&#8221;3%|0px|0.2%|0px|false|false&#8221; custom_padding_phone=&#8221;8%||||false|false&#8221; locked=&#8221;off&#8221; global_colors_info=&#8221;{}&#8221;][et_pb_column type=&#8221;4_4&#8243; _builder_version=&#8221;4.16&#8243; custom_padding=&#8221;|||&#8221; global_colors_info=&#8221;{}&#8221; custom_padding__hover=&#8221;|||&#8221;][et_pb_text disabled_on=&#8221;off|off|off&#8221; admin_label=&#8221;Title&#8221; _builder_version=&#8221;4.17.3&#8243; text_font=&#8221;||||||||&#8221; text_text_color=&#8221;#ffffff&#8221; header_font=&#8221;Prata||||||||&#8221; header_2_font=&#8221;Montserrat|700|||||||&#8221; header_2_text_align=&#8221;center&#8221; header_2_font_size=&#8221;30px&#8221; custom_margin=&#8221;3%||3%||true|false&#8221; custom_padding=&#8221;||0px|||&#8221; animation_style=&#8221;fade&#8221; animation_direction=&#8221;top&#8221; animation_duration=&#8221;1350ms&#8221; animation_starting_opacity=&#8221;100%&#8221; inline_fonts=&#8221;Prata,Montserrat&#8221; global_colors_info=&#8221;{}&#8221;]<\/p>\n<h2><span style=\"color: #012c3f\">Supply Chain nel business fluido: una rete, non una singola filiera<br \/><\/span><span><\/span><\/h2>\n<h2 style=\"text-align: center\"><\/h2>\n<p>[\/et_pb_text][et_pb_text _builder_version=&#8221;4.17.3&#8243; text_font_size=&#8221;16px&#8221; max_width=&#8221;90%&#8221; module_alignment=&#8221;center&#8221; custom_margin=&#8221;||||false|false&#8221; custom_margin_tablet=&#8221;||||false|false&#8221; custom_margin_phone=&#8221;||||false|false&#8221; custom_margin_last_edited=&#8221;on|desktop&#8221; custom_padding=&#8221;|||2px|false|false&#8221; global_colors_info=&#8221;{}&#8221;]<\/p>\n<p style=\"text-align: justify;\"><em><img decoding=\"async\" style=\"margin-right: 6px; max-width: 30px;\" src=\"\/wp-content\/uploads\/sites\/5\/2022\/02\/quotes-open.png\" \/>Le crisi recenti<\/em> \u2013 ha spiegato nell\u2019introduzione <a href=\"https:\/\/it.linkedin.com\/in\/gabriele-galeani-71018a\"><strong>Gabriele Galeani<\/strong><\/a>, partner EIM \u2013 <em>hanno messo sotto stress i processi di Supply Chain, ponendo in luce aree di debolezza strutturali.<\/em><\/p>\n<p style=\"text-align: justify;\"><em>Per i produttori europei, avere lead time di approvvigionamento dalla Cina o dal sudest asiatico di 2-3 mesi, spesso in modalit\u00e0 single sourcing, con pianificazioni molto lunghe e con zero capacit\u00e0 di assorbire variazioni della domanda, significa non riuscire a rispettare le consegne verso i clienti, oppure, nei casi migliori, dover <strong>assorbire aumenti dei costi interni<\/strong> senza possibilit\u00e0 di scaricarli a valle.<\/em><\/p>\n<p style=\"text-align: justify;\"><em><span style=\"text-decoration: underline;\"><a href=\"https:\/\/www.eim.com\/it\/supply-chain-management\">Il business fluido richiede una Supply Chain pi\u00f9 corta, multi-sourcing e strutturata pi\u00f9 <strong>come una rete<\/strong><\/a><\/span> che come una singola filiera. \u00c8 forte l\u2019impressione che il mondo globalizzato sia al tramonto e che ci dobbiamo abituare a una nuova realt\u00e0 fatta di macro-regioni, in cui l\u2019Europa allargata ad est con incluso il bacino del Mediterraneo possa rappresentare una delle macro-regioni rilevanti.<\/em><img decoding=\"async\" style=\"margin-left: 6px; margin-bottom: -14px; max-width: 30px;\" src=\"\/wp-content\/uploads\/sites\/5\/2022\/02\/quotes-close.png\" \/><\/p>\n<p>Il caso di Iveco Group, raccontato dal Supply Chain Director <a href=\"https:\/\/it.linkedin.com\/in\/federicobaiocco\"><strong>Federico Baiocco<\/strong><\/a>, \u00e8 emblematico:<\/p>\n<p><em><img decoding=\"async\" style=\"margin-right: 6px; max-width: 30px;\" src=\"\/wp-content\/uploads\/sites\/5\/2022\/02\/quotes-open.png\" \/>Negli anni che hanno preceduto la pandemia le nostre Supply Chain erano state allungate con un\u2019ottica di riduzione dei costi. Il blocco delle forniture determinato dalla pandemia ci ha fatto toccare con mano <strong>gli impatti su una catena cos\u00ec lunga<\/strong>.<\/em><\/p>\n<p><em>Abbiamo deciso di aumentare le scorte, ma ben presto si sono saturati gli spazi per stoccarle. Nel post pandemia abbiamo rivisto il modello e selezionato i fornitori sui materiali che prima venivano \u201cinsoursati\u201d dall\u2019estero. Abbiamo deciso cos\u00ec di dare vita a una <strong>Green Supply Chain<\/strong>.<img decoding=\"async\" style=\"margin-left: 6px; margin-bottom: -14px; max-width: 30px;\" src=\"\/wp-content\/uploads\/sites\/5\/2022\/02\/quotes-close.png\" \/><\/em><\/p>\n<p>[\/et_pb_text][\/et_pb_column][\/et_pb_row][\/et_pb_section][et_pb_section fb_built=&#8221;1&#8243; custom_padding_last_edited=&#8221;on|tablet&#8221; disabled_on=&#8221;off|off|off&#8221; _builder_version=&#8221;4.17.3&#8243; background_color=&#8221;#FFFFFF&#8221; custom_margin=&#8221;||||false|false&#8221; custom_padding=&#8221;7%||2%||false|false&#8221; custom_padding_tablet=&#8221;14%||3%||false|false&#8221; custom_padding_phone=&#8221;20%||||false|false&#8221; top_divider_style=&#8221;slant&#8221; top_divider_color=&#8221;#e6e6e6&#8243; bottom_divider_flip=&#8221;horizontal&#8221; locked=&#8221;off&#8221; global_colors_info=&#8221;{}&#8221;][et_pb_row custom_padding_last_edited=&#8221;off|phone&#8221; admin_label=&#8221;Title Area&#8221; _builder_version=&#8221;4.16&#8243; background_color=&#8221;rgba(0,0,0,0)&#8221; width=&#8221;100%&#8221; module_alignment=&#8221;center&#8221; custom_margin=&#8221;||||false|false&#8221; custom_padding=&#8221;|0px|0px|0px|false|false&#8221; custom_padding_tablet=&#8221;3%|0px|0.2%|0px|false|false&#8221; custom_padding_phone=&#8221;8%||||false|false&#8221; locked=&#8221;off&#8221; global_colors_info=&#8221;{}&#8221;][et_pb_column type=&#8221;4_4&#8243; _builder_version=&#8221;4.16&#8243; custom_padding=&#8221;|||&#8221; global_colors_info=&#8221;{}&#8221; custom_padding__hover=&#8221;|||&#8221;][et_pb_text disabled_on=&#8221;off|off|off&#8221; admin_label=&#8221;Title&#8221; _builder_version=&#8221;4.17.3&#8243; text_font=&#8221;||||||||&#8221; text_text_color=&#8221;#ffffff&#8221; header_font=&#8221;Prata||||||||&#8221; header_2_font=&#8221;Montserrat|700|||||||&#8221; header_2_text_align=&#8221;center&#8221; header_2_font_size=&#8221;30px&#8221; custom_margin=&#8221;3%||3%||true|false&#8221; custom_padding=&#8221;||0px|||&#8221; animation_style=&#8221;fade&#8221; animation_direction=&#8221;top&#8221; animation_duration=&#8221;1350ms&#8221; animation_starting_opacity=&#8221;100%&#8221; inline_fonts=&#8221;Prata,Montserrat&#8221; global_colors_info=&#8221;{}&#8221;]<\/p>\n<h2><span style=\"color: #012c3f\">Ragionare in termini di distretto e di prossimit\u00e0<br \/><\/span><span><\/span><\/h2>\n<h2 style=\"text-align: center\"><\/h2>\n<p>[\/et_pb_text][et_pb_text _builder_version=&#8221;4.17.3&#8243; text_font_size=&#8221;16px&#8221; max_width=&#8221;90%&#8221; module_alignment=&#8221;center&#8221; custom_margin=&#8221;||||false|false&#8221; custom_margin_tablet=&#8221;||||false|false&#8221; custom_margin_phone=&#8221;||||false|false&#8221; custom_margin_last_edited=&#8221;on|desktop&#8221; custom_padding=&#8221;||||false|false&#8221; global_colors_info=&#8221;{}&#8221;]<\/p>\n<p style=\"text-align: justify\">Vero \u00e8 che l\u2019emergenza ha creato disallineamenti tali che le aziende hanno dovuto fare ricorso a <strong>tutta la capacit\u00e0 dei propri manager<\/strong> per non deragliare.<\/p>\n<p style=\"text-align: justify\"><em><img decoding=\"async\" style=\"margin-right: 6px;max-width: 30px\" src=\"\/wp-content\/uploads\/sites\/5\/2022\/02\/quotes-open.png\" \/>Le regole sono saltate, i costi di spedizione sono decuplicati, le forniture a volte hanno subito aumenti di prezzo senza freni<img decoding=\"async\" style=\"margin-left: 6px;margin-bottom: -14px;max-width: 30px\" src=\"\/wp-content\/uploads\/sites\/5\/2022\/02\/quotes-close.png\" \/><\/em><\/p>\n<p style=\"text-align: justify\">ha chiarito <a href=\"https:\/\/it.linkedin.com\/in\/jan-van-buggenum-22950215\"><b>Jan van Buggenum<\/b><\/a>, Director Corporate Purchasing di Ferroli, importante realt\u00e0 nel settore riscaldamento, climatizzazione e termoarredo.<\/p>\n<p style=\"text-align: justify\"><em><img decoding=\"async\" style=\"margin-right: 6px;max-width: 30px\" src=\"\/wp-content\/uploads\/sites\/5\/2022\/02\/quotes-open.png\" \/>Abbiamo sviluppato soluzioni per evitare di doverci fermare a causa di squilibri nella Supply Chain. Abbiamo deciso di fare partnership con i fornitori, aspetto spesso trascurato in Italia e in Europa. <\/em><em>Ho chiuso accordi con loro per il prossimo anno per <strong>gestire insieme le forniture<\/strong>, cos\u00ec anche in caso di nuove crisi abbiamo la certezza che ci saranno disponibilit\u00e0.<img decoding=\"async\" style=\"margin-left: 6px;margin-bottom: -14px;max-width: 30px\" src=\"\/wp-content\/uploads\/sites\/5\/2022\/02\/quotes-close.png\" \/><\/em><\/p>\n<p style=\"text-align: justify\">Come gi\u00e0 accaduto diverse volte in passato, le grandi crisi internazionali fanno riemergere il fenomeno del protezionismo e cambiano gli equilibri globali. Secondo <a href=\"https:\/\/br.linkedin.com\/in\/paolo-bassetti\"><b>Paolo Bassetti<\/b><\/a>, Board Director di SME,<\/p>\n<p style=\"text-align: justify\"><em><img decoding=\"async\" style=\"margin-right: 6px;max-width: 30px\" src=\"\/wp-content\/uploads\/sites\/5\/2022\/02\/quotes-open.png\" \/>nelle regole contrattuali con i fornitori \u00e8 diventato un po\u2019 un far west, ma \u00e8 giusto lavorare con loro per <strong>aumentare l\u2019efficienza<\/strong>. <\/em><\/p>\n<p style=\"text-align: justify\"><em>Nell\u2019est Europa il costo del lavoro \u00e8 basso e il costo della logistica ragionevole: io istintivamente credo che dovremmo <strong>guardare con rinnovato interesse<\/strong> quello che succede l\u00ec, anche perch\u00e9 il protezionismo di realt\u00e0 come gli Stati Uniti \u00e8 diventato un problema. <\/em><\/p>\n<p style=\"text-align: justify\"><em>Ma d\u2019altra parte \u00e8 giusto ragionare anche noi in termini di distretto e di prossimit\u00e0. Serve per ragioni politiche e di territorio, ma anche perch\u00e9 i pezzi arrivano molto pi\u00f9 rapidamente.<img decoding=\"async\" style=\"margin-left: 6px;margin-bottom: -14px;max-width: 30px\" src=\"\/wp-content\/uploads\/sites\/5\/2022\/02\/quotes-close.png\" \/><\/em><\/p>\n<p><img decoding=\"async\" style=\"margin-right: 6px;max-width: 30px\" src=\"\/wp-content\/uploads\/sites\/5\/2022\/02\/quotes-open.png\" \/><em>Anche noi<\/em> \u2013 ha confessato <a href=\"https:\/\/it.linkedin.com\/in\/leonardo-de-paolis-217a5a\"><b>Leonardo de Paolis<\/b><\/a>, Ad di Curia Italy, importante realt\u00e0 farmaceutica \u2013 <em>abbiamo attinto a fornitori a basso costo in India e in Cina. \u00c8 un modello di Supply Chain che con la pandemia abbiamo pagato caro. <\/em><em>Ma gi\u00e0 prima della pandemia e della guerra avevamo colto dei segni di debolezza in questa catena, specie in relazione ai tempi lunghi imposti dagli enti regolatori. <\/em><\/p>\n<p><em>Oggi i nostri clienti \u2013 i big pharma \u2013 cominciano a pensare a realizzare partnership reali e a <strong>costruire una relazione che abbia una continuit\u00e0<\/strong>. Investiamo insieme a loro oggi per un prodotto che sar\u00e0 commercializzato nel 2025. Prima la programmazione non era di loro interesse, cercavano solo il miglior prezzo nell\u2019immediato. Ora stiamo sviluppando una catena di valore che sia sostenibile nel tempo<\/em>.<img decoding=\"async\" style=\"margin-left: 6px;margin-bottom: -14px;max-width: 30px\" src=\"\/wp-content\/uploads\/sites\/5\/2022\/02\/quotes-close.png\" \/><\/p>\n<p>[\/et_pb_text][\/et_pb_column][\/et_pb_row][\/et_pb_section][et_pb_section fb_built=&#8221;1&#8243; custom_padding_last_edited=&#8221;on|tablet&#8221; disabled_on=&#8221;off|off|off&#8221; _builder_version=&#8221;4.17.3&#8243; background_color=&#8221;#e6e6e6&#8243; custom_margin=&#8221;||||false|false&#8221; custom_padding=&#8221;7%||2%||false|false&#8221; custom_padding_tablet=&#8221;14%||3%||false|false&#8221; custom_padding_phone=&#8221;20%||||false|false&#8221; top_divider_style=&#8221;slant&#8221; top_divider_color=&#8221;#FFFFFF&#8221; top_divider_flip=&#8221;horizontal&#8221; bottom_divider_flip=&#8221;horizontal&#8221; locked=&#8221;off&#8221; global_colors_info=&#8221;{}&#8221;][et_pb_row custom_padding_last_edited=&#8221;off|phone&#8221; admin_label=&#8221;Title Area&#8221; _builder_version=&#8221;4.16&#8243; background_color=&#8221;rgba(0,0,0,0)&#8221; width=&#8221;100%&#8221; module_alignment=&#8221;center&#8221; custom_margin=&#8221;||||false|false&#8221; custom_padding=&#8221;|0px|0px|0px|false|false&#8221; custom_padding_tablet=&#8221;3%|0px|0.2%|0px|false|false&#8221; custom_padding_phone=&#8221;8%||||false|false&#8221; locked=&#8221;off&#8221; global_colors_info=&#8221;{}&#8221;][et_pb_column type=&#8221;4_4&#8243; _builder_version=&#8221;4.16&#8243; custom_padding=&#8221;|||&#8221; global_colors_info=&#8221;{}&#8221; custom_padding__hover=&#8221;|||&#8221;][et_pb_text disabled_on=&#8221;off|off|off&#8221; admin_label=&#8221;Title&#8221; _builder_version=&#8221;4.17.3&#8243; text_font=&#8221;||||||||&#8221; text_text_color=&#8221;#ffffff&#8221; header_font=&#8221;Prata||||||||&#8221; header_2_font=&#8221;Montserrat|700|||||||&#8221; header_2_text_align=&#8221;center&#8221; header_2_font_size=&#8221;30px&#8221; custom_margin=&#8221;3%||3%||true|false&#8221; custom_padding=&#8221;||0px|||&#8221; animation_style=&#8221;fade&#8221; animation_direction=&#8221;top&#8221; animation_duration=&#8221;1350ms&#8221; animation_starting_opacity=&#8221;100%&#8221; inline_fonts=&#8221;Prata,Montserrat&#8221; global_colors_info=&#8221;{}&#8221;]<\/p>\n<h2><span style=\"color: #012c3f\">Un nuovo orizzonte: la sostenibilit\u00e0 ambientale<br \/><\/span><span><\/span><\/h2>\n<h2 style=\"text-align: center\"><\/h2>\n<p>[\/et_pb_text][et_pb_text _builder_version=&#8221;4.17.3&#8243; text_font_size=&#8221;16px&#8221; max_width=&#8221;90%&#8221; module_alignment=&#8221;center&#8221; custom_margin=&#8221;||||false|false&#8221; custom_margin_tablet=&#8221;||||false|false&#8221; custom_margin_phone=&#8221;||||false|false&#8221; custom_margin_last_edited=&#8221;on|desktop&#8221; global_colors_info=&#8221;{}&#8221;]<\/p>\n<p style=\"text-align: justify\"><a href=\"https:\/\/it.linkedin.com\/in\/daniele-barzaghi-ab113a4\"><b>Daniele Barzaghi<\/b><\/a>, Country Head Finance di Clariant Group Italia, ha ricostruito le tendenze a livello globale negli ultimi 12 anni nel settore chimico.<\/p>\n<p style=\"text-align: justify\"><img decoding=\"async\" style=\"margin-right: 6px;max-width: 30px\" src=\"\/wp-content\/uploads\/sites\/5\/2022\/02\/quotes-open.png\" \/><em>Nel 2010 il 55% della produzione mondiale chimica veniva fatta dai cosiddetti Paesi maturi (principalmente Usa ed Europa), mentre nel 2015 la percentuale \u00e8 scesa al 40% (lasciando il 60% ai paesi emergenti). Una <strong>rivoluzione<\/strong> <strong>totale<\/strong> in soli cinque anni. <\/em><\/p>\n<p style=\"text-align: justify\"><em>L\u2019errore che tutti abbiamo riconosciuto adesso \u00e8 di essere stati miopi sulla ricerca di costi bassi senza la visione complessiva di alcuni aspetti. Non si parlava mai del costo del trasporto o dei dazi doganali, che <strong>potevano vanificare il vantaggio economico<\/strong>, peraltro in paesi con una scarsa competenza tecnologica, imparagonabile a quella nostra. <\/em><\/p>\n<p style=\"text-align: justify\"><em>Dal 2015 al 2020 la percentuale \u00e8 passata dal 60 al 63%, ancora in aumento ma molto meno consistente. Oggi la tendenza si \u00e8 fermata, anche perch\u00e9 \u00e8 cambiata radicalmente l\u2019ottica: la <strong>sostenibilit\u00e0 ambientale<\/strong> non \u00e8 un semplice obiettivo, \u00e8 l\u2019essenza stessa di qualsiasi azienda chimica<\/em>.<img decoding=\"async\" style=\"margin-left: 6px;margin-bottom: -14px;max-width: 30px\" src=\"\/wp-content\/uploads\/sites\/5\/2022\/02\/quotes-close.png\" \/><\/p>\n<p style=\"text-align: justify\">Un orizzonte totalmente mutato, quindi, ma non solo nel settore chimico.<\/p>\n<p style=\"text-align: justify\"><img decoding=\"async\" style=\"margin-right: 6px;max-width: 30px\" src=\"\/wp-content\/uploads\/sites\/5\/2022\/02\/quotes-open.png\" \/><em>Ora<\/em> \u2013 secondo <a href=\"https:\/\/it.linkedin.com\/in\/federicacavasino\"><b>Federica Cavasino<\/b><\/a>, Senior Consultant Strategic Sourcing e Former Head of Global Sourcing &amp; Product Development di Benetton Group \u2013 <em>si parla soprattutto di <strong>blockchain<\/strong>, trasparenza, sostenibilit\u00e0 ed economia circolare. Ci siamo chiesti come uscire dalla Cina, ben sapendo come fosse difficilmente sostituibile nonostante dazi che arrivano al 12%. <\/em><\/p>\n<p style=\"text-align: justify\"><em>I cinesi per\u00f2 hanno aperto fabbriche in altri paesi, come in Myanmar e in Cambogia, che sono a dazio zero. Ma per alcuni capi <strong>guardiamo anche al bacino del Mediterraneo<\/strong>, per esempio in Egitto o in Tunisia<\/em>.<img decoding=\"async\" style=\"margin-left: 6px;margin-bottom: -14px;max-width: 30px\" src=\"\/wp-content\/uploads\/sites\/5\/2022\/02\/quotes-close.png\" \/><\/p>\n<p>[\/et_pb_text][\/et_pb_column][\/et_pb_row][\/et_pb_section][et_pb_section fb_built=&#8221;1&#8243; custom_padding_last_edited=&#8221;on|tablet&#8221; disabled_on=&#8221;off|off|off&#8221; _builder_version=&#8221;4.17.3&#8243; background_color=&#8221;#FFFFFF&#8221; custom_margin=&#8221;||||false|false&#8221; custom_padding=&#8221;7%||2%||false|false&#8221; custom_padding_tablet=&#8221;14%||6%||false|false&#8221; custom_padding_phone=&#8221;20%||||false|false&#8221; top_divider_style=&#8221;slant&#8221; top_divider_color=&#8221;#e6e6e6&#8243; bottom_divider_flip=&#8221;horizontal&#8221; locked=&#8221;off&#8221; global_colors_info=&#8221;{}&#8221;][et_pb_row custom_padding_last_edited=&#8221;off|phone&#8221; admin_label=&#8221;Title Area&#8221; _builder_version=&#8221;4.16&#8243; background_color=&#8221;rgba(0,0,0,0)&#8221; width=&#8221;100%&#8221; module_alignment=&#8221;center&#8221; custom_margin=&#8221;||||false|false&#8221; custom_padding=&#8221;|0px|0px|0px|false|false&#8221; custom_padding_tablet=&#8221;3%|0px|0.2%|0px|false|false&#8221; custom_padding_phone=&#8221;8%||||false|false&#8221; locked=&#8221;off&#8221; global_colors_info=&#8221;{}&#8221;][et_pb_column type=&#8221;4_4&#8243; _builder_version=&#8221;4.16&#8243; custom_padding=&#8221;|||&#8221; global_colors_info=&#8221;{}&#8221; custom_padding__hover=&#8221;|||&#8221;][et_pb_text _builder_version=&#8221;4.17.3&#8243; text_font_size=&#8221;16px&#8221; max_width=&#8221;90%&#8221; module_alignment=&#8221;center&#8221; custom_margin=&#8221;||||false|false&#8221; custom_margin_tablet=&#8221;||||false|false&#8221; custom_margin_phone=&#8221;||||false|false&#8221; custom_margin_last_edited=&#8221;on|desktop&#8221; custom_padding=&#8221;||||false|false&#8221; global_colors_info=&#8221;{}&#8221;]<\/p>\n<p style=\"text-align: justify\">A tirare le somme del dibattito ci ha pensato <a href=\"https:\/\/it.linkedin.com\/in\/pietrobutte\"><b>Pietro Butt\u00e9<\/b><\/a>, Client Partner di EIM:<\/p>\n<p style=\"text-align: justify\">\n<p style=\"text-align: justify\"><img decoding=\"async\" style=\"margin-right: 6px;max-width: 30px\" src=\"\/wp-content\/uploads\/sites\/5\/2022\/02\/quotes-open.png\" \/><em>Abbiamo posto molte domande e abbiamo parlato di modelli. La globalizzazione in parte \u00e8 finita: emerge <strong>un modello misto<\/strong> per unire aspetti qualitativi e quantitativi e di relazione lungo la filiera. <\/em><\/p>\n<p style=\"text-align: justify\"><em>Questo porta al concetto di Total Cost of Ownership. Trasporti, dazi, costi, valuta, servizio, conoscenza tecnologica sono tutti fattori che possono vanificare gli sforzi e ridurre la convenienza economica. Ma la sfida si basa ormai su un principio base condiviso: quello della sostenibilit\u00e0<\/em>.<img decoding=\"async\" style=\"margin-left: 6px;margin-bottom: -14px;max-width: 30px\" src=\"\/wp-content\/uploads\/sites\/5\/2022\/02\/quotes-close.png\" \/><\/p>\n<p>[\/et_pb_text][\/et_pb_column][\/et_pb_row][\/et_pb_section][et_pb_section fb_built=&#8221;1&#8243; custom_padding_last_edited=&#8221;on|phone&#8221; _builder_version=&#8221;4.17.3&#8243; background_color=&#8221;#DB9300&#8243; custom_margin=&#8221;0%||||false|false&#8221; custom_padding_tablet=&#8221;80px||||false|false&#8221; custom_padding_phone=&#8221;100px||||false|false&#8221; top_divider_style=&#8221;slant&#8221; top_divider_color=&#8221;#FFFFFF&#8221; top_divider_flip=&#8221;vertical&#8221; bottom_divider_color=&#8221;#ffffff&#8221; bottom_divider_flip=&#8221;horizontal&#8221; locked=&#8221;off&#8221; global_colors_info=&#8221;{}&#8221;][et_pb_row _builder_version=&#8221;4.16&#8243; custom_margin=&#8221;-40px|auto||auto|false|false&#8221; custom_padding=&#8221;||0.5%||false|false&#8221; global_colors_info=&#8221;{}&#8221;][et_pb_column type=&#8221;4_4&#8243; _builder_version=&#8221;4.16&#8243; global_colors_info=&#8221;{}&#8221;][et_pb_text admin_label=&#8221;Title&#8221; _builder_version=&#8221;4.17.3&#8243; text_font=&#8221;||||||||&#8221; text_text_color=&#8221;#ffffff&#8221; header_font=&#8221;Prata||||||||&#8221; header_2_font=&#8221;Montserrat|700|||||||&#8221; header_2_text_align=&#8221;center&#8221; header_2_font_size=&#8221;30px&#8221; custom_margin=&#8221;8%||5px||false|false&#8221; custom_padding=&#8221;||0px|||&#8221; animation_style=&#8221;fade&#8221; animation_direction=&#8221;top&#8221; animation_duration=&#8221;1350ms&#8221; animation_starting_opacity=&#8221;100%&#8221; inline_fonts=&#8221;Prata,Montserrat&#8221; global_colors_info=&#8221;{}&#8221;]<\/p>\n<h2 style=\"text-align: center\"><span style=\"color: #ffffff\">Clicca <em>play <\/em>per rivivere il workshop completo<br \/>\n<\/span><span><\/span><\/h2>\n<p style=\"text-align: center\">\n<p>[\/et_pb_text][\/et_pb_column][\/et_pb_row][et_pb_row _builder_version=&#8221;4.16&#8243; custom_padding=&#8221;1px|||||&#8221; global_colors_info=&#8221;{}&#8221;][et_pb_column type=&#8221;4_4&#8243; _builder_version=&#8221;4.16&#8243; global_colors_info=&#8221;{}&#8221;][et_pb_code _builder_version=&#8221;4.27.0&#8243; _module_preset=&#8221;default&#8221; hover_enabled=&#8221;0&#8243; global_colors_info=&#8221;{}&#8221; sticky_enabled=&#8221;0&#8243;]<iframe src=\"https:\/\/player.vimeo.com\/video\/723256702?h=75998d6301&amp;dnt=1&amp;app_id=122963\" width=\"1080\" height=\"608\" frameborder=\"0\" allow=\"autoplay; fullscreen; picture-in-picture\" allowfullscreen><\/iframe>[\/et_pb_code][\/et_pb_column][\/et_pb_row][\/et_pb_section][et_pb_section fb_built=&#8221;1&#8243; custom_padding_last_edited=&#8221;on|phone&#8221; _builder_version=&#8221;4.17.3&#8243; background_color=&#8221;#012c3f&#8221; custom_margin=&#8221;0%||||false|false&#8221; custom_padding_tablet=&#8221;80px||||false|false&#8221; custom_padding_phone=&#8221;100px||||false|false&#8221; top_divider_style=&#8221;slant&#8221; top_divider_color=&#8221;#db932a&#8221; bottom_divider_color=&#8221;#ffffff&#8221; bottom_divider_flip=&#8221;horizontal&#8221; locked=&#8221;off&#8221; global_colors_info=&#8221;{}&#8221;][et_pb_row _builder_version=&#8221;4.16&#8243; custom_margin=&#8221;-40px|auto||auto|false|false&#8221; custom_padding=&#8221;||0.5%||false|false&#8221; global_colors_info=&#8221;{}&#8221;][et_pb_column type=&#8221;4_4&#8243; _builder_version=&#8221;4.16&#8243; global_colors_info=&#8221;{}&#8221;][et_pb_text admin_label=&#8221;Title&#8221; _builder_version=&#8221;4.17.3&#8243; text_font=&#8221;||||||||&#8221; text_text_color=&#8221;#ffffff&#8221; header_font=&#8221;Prata||||||||&#8221; header_2_font=&#8221;Montserrat|700|||||||&#8221; header_2_text_align=&#8221;center&#8221; header_2_font_size=&#8221;30px&#8221; custom_margin=&#8221;8%||5px||false|false&#8221; custom_padding=&#8221;||0px|||&#8221; animation_style=&#8221;fade&#8221; animation_direction=&#8221;top&#8221; animation_duration=&#8221;1350ms&#8221; animation_starting_opacity=&#8221;100%&#8221; inline_fonts=&#8221;Prata,Montserrat&#8221; global_colors_info=&#8221;{}&#8221;]<\/p>\n<h2><\/h2>\n<h2 style=\"text-align: center;\"><span style=\"color: #ffffff;\">Vuoi approfondire l\u2019approccio EIM <br \/>relativo al Supply Chain Management?<\/span><\/h2>\n<p>[\/et_pb_text][\/et_pb_column][\/et_pb_row][et_pb_row _builder_version=&#8221;4.16&#8243; custom_padding=&#8221;1px|||||&#8221; global_colors_info=&#8221;{}&#8221;][et_pb_column type=&#8221;4_4&#8243; _builder_version=&#8221;4.16&#8243; global_colors_info=&#8221;{}&#8221;][et_pb_button button_url=&#8221;@ET-DC@eyJkeW5hbWljIjp0cnVlLCJjb250ZW50IjoicG9zdF9saW5rX3VybF9wYWdlIiwic2V0dGluZ3MiOnsicG9zdF9pZCI6IjE1NzIyIn19@&#8221; button_text=&#8221;VAI ALLA PAGINA DEDICATA&#8221; button_alignment=&#8221;center&#8221; _builder_version=&#8221;4.17.3&#8243; _dynamic_attributes=&#8221;button_url&#8221; _module_preset=&#8221;default&#8221; background_layout=&#8221;dark&#8221; global_colors_info=&#8221;{}&#8221;][\/et_pb_button][\/et_pb_column][\/et_pb_row][\/et_pb_section]<\/p>\n","protected":false},"excerpt":{"rendered":"<p>Supply Chain: un nuovo cambio di paradigma su cui si sono confrontati manager di diversi settori di appartenenza durante l&#8217;ultimo workshop.<\/p>\n","protected":false},"author":2,"featured_media":16119,"comment_status":"closed","ping_status":"open","sticky":false,"template":"","format":"standard","meta":{"_et_pb_use_builder":"on","_et_pb_old_content":"","_et_gb_content_width":"2880","footnotes":""},"categories":[2193,811],"tags":[],"class_list":["post-15374","post","type-post","status-publish","format-standard","has-post-thumbnail","hentry","category-carosello","category-efficienza-operativa"],"yoast_head":"<!-- This site is optimized with the Yoast SEO Premium plugin v27.0 (Yoast SEO v27.4) - https:\/\/yoast.com\/product\/yoast-seo-premium-wordpress\/ -->\n<title>La supply chain nell&#039;epoca dell&#039;incertezza: agile e fluida - EIM Italia<\/title>\n<meta name=\"description\" content=\"Supply Chain: un nuovo cambio di paradigma su cui si sono confrontati manager di diversi settori di appartenenza durante l&#039;ultimo workshop.\" \/>\n<meta name=\"robots\" content=\"index, follow, max-snippet:-1, max-image-preview:large, max-video-preview:-1\" \/>\n<link rel=\"canonical\" href=\"https:\/\/www.eim.com\/it\/efficienza-operativa\/supply-chain\/\" \/>\n<meta property=\"og:locale\" content=\"it_IT\" \/>\n<meta property=\"og:type\" content=\"article\" \/>\n<meta property=\"og:title\" content=\"La supply chain nell&#039;epoca dell&#039;incertezza: agile e fluida\" \/>\n<meta property=\"og:description\" content=\"Supply Chain: un nuovo cambio di paradigma su cui si sono confrontati manager di diversi settori di appartenenza durante l&#039;ultimo workshop.\" \/>\n<meta property=\"og:url\" content=\"https:\/\/www.eim.com\/it\/efficienza-operativa\/supply-chain\/\" \/>\n<meta property=\"og:site_name\" content=\"EIM Italia\" \/>\n<meta property=\"article:published_time\" content=\"2022-06-23T08:19:15+00:00\" \/>\n<meta property=\"article:modified_time\" content=\"2024-08-26T10:05:04+00:00\" \/>\n<meta property=\"og:image\" content=\"https:\/\/www.eim.com\/it\/wp-content\/uploads\/sites\/5\/2022\/06\/POST-WORKSHOP-Supply-Chain-16Giugno.jpg\" \/>\n\t<meta property=\"og:image:width\" content=\"1200\" \/>\n\t<meta property=\"og:image:height\" content=\"672\" \/>\n\t<meta property=\"og:image:type\" content=\"image\/jpeg\" \/>\n<meta name=\"author\" content=\"eimworld\" \/>\n<meta name=\"twitter:card\" content=\"summary_large_image\" \/>\n<meta name=\"twitter:label1\" content=\"Scritto da\" \/>\n\t<meta name=\"twitter:data1\" content=\"eimworld\" \/>\n\t<meta name=\"twitter:label2\" content=\"Tempo di lettura stimato\" \/>\n\t<meta name=\"twitter:data2\" content=\"13 minuti\" \/>\n<script type=\"application\/ld+json\" class=\"yoast-schema-graph\">{\"@context\":\"https:\\\/\\\/schema.org\",\"@graph\":[{\"@type\":\"Article\",\"@id\":\"https:\\\/\\\/www.eim.com\\\/it\\\/efficienza-operativa\\\/supply-chain\\\/#article\",\"isPartOf\":{\"@id\":\"https:\\\/\\\/www.eim.com\\\/it\\\/efficienza-operativa\\\/supply-chain\\\/\"},\"author\":{\"name\":\"eimworld\",\"@id\":\"https:\\\/\\\/www.eim.com\\\/it\\\/#\\\/schema\\\/person\\\/82c5e4b03b7af649944ed10552319b91\"},\"headline\":\"La supply chain nell&#8217;epoca dell&#8217;incertezza: agile e fluida\",\"datePublished\":\"2022-06-23T08:19:15+00:00\",\"dateModified\":\"2024-08-26T10:05:04+00:00\",\"mainEntityOfPage\":{\"@id\":\"https:\\\/\\\/www.eim.com\\\/it\\\/efficienza-operativa\\\/supply-chain\\\/\"},\"wordCount\":3192,\"publisher\":{\"@id\":\"https:\\\/\\\/www.eim.com\\\/it\\\/#organization\"},\"image\":{\"@id\":\"https:\\\/\\\/www.eim.com\\\/it\\\/efficienza-operativa\\\/supply-chain\\\/#primaryimage\"},\"thumbnailUrl\":\"https:\\\/\\\/www.eim.com\\\/it\\\/wp-content\\\/uploads\\\/sites\\\/5\\\/2022\\\/06\\\/POST-WORKSHOP-Supply-Chain-16Giugno.jpg\",\"articleSection\":[\"Carosello\",\"Efficienza operativa\"],\"inLanguage\":\"it-IT\"},{\"@type\":\"WebPage\",\"@id\":\"https:\\\/\\\/www.eim.com\\\/it\\\/efficienza-operativa\\\/supply-chain\\\/\",\"url\":\"https:\\\/\\\/www.eim.com\\\/it\\\/efficienza-operativa\\\/supply-chain\\\/\",\"name\":\"La supply chain nell'epoca dell'incertezza: agile e fluida - EIM Italia\",\"isPartOf\":{\"@id\":\"https:\\\/\\\/www.eim.com\\\/it\\\/#website\"},\"primaryImageOfPage\":{\"@id\":\"https:\\\/\\\/www.eim.com\\\/it\\\/efficienza-operativa\\\/supply-chain\\\/#primaryimage\"},\"image\":{\"@id\":\"https:\\\/\\\/www.eim.com\\\/it\\\/efficienza-operativa\\\/supply-chain\\\/#primaryimage\"},\"thumbnailUrl\":\"https:\\\/\\\/www.eim.com\\\/it\\\/wp-content\\\/uploads\\\/sites\\\/5\\\/2022\\\/06\\\/POST-WORKSHOP-Supply-Chain-16Giugno.jpg\",\"datePublished\":\"2022-06-23T08:19:15+00:00\",\"dateModified\":\"2024-08-26T10:05:04+00:00\",\"description\":\"Supply Chain: un nuovo cambio di paradigma su cui si sono confrontati manager di diversi settori di appartenenza durante l'ultimo workshop.\",\"breadcrumb\":{\"@id\":\"https:\\\/\\\/www.eim.com\\\/it\\\/efficienza-operativa\\\/supply-chain\\\/#breadcrumb\"},\"inLanguage\":\"it-IT\",\"potentialAction\":[{\"@type\":\"ReadAction\",\"target\":[\"https:\\\/\\\/www.eim.com\\\/it\\\/efficienza-operativa\\\/supply-chain\\\/\"]}]},{\"@type\":\"ImageObject\",\"inLanguage\":\"it-IT\",\"@id\":\"https:\\\/\\\/www.eim.com\\\/it\\\/efficienza-operativa\\\/supply-chain\\\/#primaryimage\",\"url\":\"https:\\\/\\\/www.eim.com\\\/it\\\/wp-content\\\/uploads\\\/sites\\\/5\\\/2022\\\/06\\\/POST-WORKSHOP-Supply-Chain-16Giugno.jpg\",\"contentUrl\":\"https:\\\/\\\/www.eim.com\\\/it\\\/wp-content\\\/uploads\\\/sites\\\/5\\\/2022\\\/06\\\/POST-WORKSHOP-Supply-Chain-16Giugno.jpg\",\"width\":1200,\"height\":672},{\"@type\":\"BreadcrumbList\",\"@id\":\"https:\\\/\\\/www.eim.com\\\/it\\\/efficienza-operativa\\\/supply-chain\\\/#breadcrumb\",\"itemListElement\":[{\"@type\":\"ListItem\",\"position\":1,\"name\":\"Home\",\"item\":\"https:\\\/\\\/www.eim.com\\\/it\\\/\"},{\"@type\":\"ListItem\",\"position\":2,\"name\":\"La supply chain nell&#8217;epoca dell&#8217;incertezza: agile e fluida\"}]},{\"@type\":\"WebSite\",\"@id\":\"https:\\\/\\\/www.eim.com\\\/it\\\/#website\",\"url\":\"https:\\\/\\\/www.eim.com\\\/it\\\/\",\"name\":\"EIM Italia\",\"description\":\"Siamo gli inventori dell&#039;Executive Interim Management\",\"publisher\":{\"@id\":\"https:\\\/\\\/www.eim.com\\\/it\\\/#organization\"},\"potentialAction\":[{\"@type\":\"SearchAction\",\"target\":{\"@type\":\"EntryPoint\",\"urlTemplate\":\"https:\\\/\\\/www.eim.com\\\/it\\\/?s={search_term_string}\"},\"query-input\":{\"@type\":\"PropertyValueSpecification\",\"valueRequired\":true,\"valueName\":\"search_term_string\"}}],\"inLanguage\":\"it-IT\"},{\"@type\":\"Organization\",\"@id\":\"https:\\\/\\\/www.eim.com\\\/it\\\/#organization\",\"name\":\"EIM\",\"url\":\"https:\\\/\\\/www.eim.com\\\/it\\\/\",\"logo\":{\"@type\":\"ImageObject\",\"inLanguage\":\"it-IT\",\"@id\":\"https:\\\/\\\/www.eim.com\\\/it\\\/#\\\/schema\\\/logo\\\/image\\\/\",\"url\":\"https:\\\/\\\/www.eim.com\\\/it\\\/wp-content\\\/uploads\\\/sites\\\/5\\\/2022\\\/02\\\/logo-eim-favicon2022.png\",\"contentUrl\":\"https:\\\/\\\/www.eim.com\\\/it\\\/wp-content\\\/uploads\\\/sites\\\/5\\\/2022\\\/02\\\/logo-eim-favicon2022.png\",\"width\":427,\"height\":427,\"caption\":\"EIM\"},\"image\":{\"@id\":\"https:\\\/\\\/www.eim.com\\\/it\\\/#\\\/schema\\\/logo\\\/image\\\/\"}},{\"@type\":\"Person\",\"@id\":\"https:\\\/\\\/www.eim.com\\\/it\\\/#\\\/schema\\\/person\\\/82c5e4b03b7af649944ed10552319b91\",\"name\":\"eimworld\",\"image\":{\"@type\":\"ImageObject\",\"inLanguage\":\"it-IT\",\"@id\":\"https:\\\/\\\/secure.gravatar.com\\\/avatar\\\/06dc2838cb0c066488cdb4b104beba474e6305a2d11cbb1fb7353f876daae9f3?s=96&d=mm&r=g\",\"url\":\"https:\\\/\\\/secure.gravatar.com\\\/avatar\\\/06dc2838cb0c066488cdb4b104beba474e6305a2d11cbb1fb7353f876daae9f3?s=96&d=mm&r=g\",\"contentUrl\":\"https:\\\/\\\/secure.gravatar.com\\\/avatar\\\/06dc2838cb0c066488cdb4b104beba474e6305a2d11cbb1fb7353f876daae9f3?s=96&d=mm&r=g\",\"caption\":\"eimworld\"},\"sameAs\":[\"https:\\\/\\\/eimworld.wpengine.com\"]}]}<\/script>\n<!-- \/ Yoast SEO Premium plugin. -->","yoast_head_json":{"title":"La supply chain nell'epoca dell'incertezza: agile e fluida - EIM Italia","description":"Supply Chain: un nuovo cambio di paradigma su cui si sono confrontati manager di diversi settori di appartenenza durante l'ultimo workshop.","robots":{"index":"index","follow":"follow","max-snippet":"max-snippet:-1","max-image-preview":"max-image-preview:large","max-video-preview":"max-video-preview:-1"},"canonical":"https:\/\/www.eim.com\/it\/efficienza-operativa\/supply-chain\/","og_locale":"it_IT","og_type":"article","og_title":"La supply chain nell'epoca dell'incertezza: agile e fluida","og_description":"Supply Chain: un nuovo cambio di paradigma su cui si sono confrontati manager di diversi settori di appartenenza durante l'ultimo workshop.","og_url":"https:\/\/www.eim.com\/it\/efficienza-operativa\/supply-chain\/","og_site_name":"EIM Italia","article_published_time":"2022-06-23T08:19:15+00:00","article_modified_time":"2024-08-26T10:05:04+00:00","og_image":[{"width":1200,"height":672,"url":"https:\/\/www.eim.com\/it\/wp-content\/uploads\/sites\/5\/2022\/06\/POST-WORKSHOP-Supply-Chain-16Giugno.jpg","type":"image\/jpeg"}],"author":"eimworld","twitter_card":"summary_large_image","twitter_misc":{"Scritto da":"eimworld","Tempo di lettura stimato":"13 minuti"},"schema":{"@context":"https:\/\/schema.org","@graph":[{"@type":"Article","@id":"https:\/\/www.eim.com\/it\/efficienza-operativa\/supply-chain\/#article","isPartOf":{"@id":"https:\/\/www.eim.com\/it\/efficienza-operativa\/supply-chain\/"},"author":{"name":"eimworld","@id":"https:\/\/www.eim.com\/it\/#\/schema\/person\/82c5e4b03b7af649944ed10552319b91"},"headline":"La supply chain nell&#8217;epoca dell&#8217;incertezza: agile e fluida","datePublished":"2022-06-23T08:19:15+00:00","dateModified":"2024-08-26T10:05:04+00:00","mainEntityOfPage":{"@id":"https:\/\/www.eim.com\/it\/efficienza-operativa\/supply-chain\/"},"wordCount":3192,"publisher":{"@id":"https:\/\/www.eim.com\/it\/#organization"},"image":{"@id":"https:\/\/www.eim.com\/it\/efficienza-operativa\/supply-chain\/#primaryimage"},"thumbnailUrl":"https:\/\/www.eim.com\/it\/wp-content\/uploads\/sites\/5\/2022\/06\/POST-WORKSHOP-Supply-Chain-16Giugno.jpg","articleSection":["Carosello","Efficienza operativa"],"inLanguage":"it-IT"},{"@type":"WebPage","@id":"https:\/\/www.eim.com\/it\/efficienza-operativa\/supply-chain\/","url":"https:\/\/www.eim.com\/it\/efficienza-operativa\/supply-chain\/","name":"La supply chain nell'epoca dell'incertezza: agile e fluida - EIM Italia","isPartOf":{"@id":"https:\/\/www.eim.com\/it\/#website"},"primaryImageOfPage":{"@id":"https:\/\/www.eim.com\/it\/efficienza-operativa\/supply-chain\/#primaryimage"},"image":{"@id":"https:\/\/www.eim.com\/it\/efficienza-operativa\/supply-chain\/#primaryimage"},"thumbnailUrl":"https:\/\/www.eim.com\/it\/wp-content\/uploads\/sites\/5\/2022\/06\/POST-WORKSHOP-Supply-Chain-16Giugno.jpg","datePublished":"2022-06-23T08:19:15+00:00","dateModified":"2024-08-26T10:05:04+00:00","description":"Supply Chain: un nuovo cambio di paradigma su cui si sono confrontati manager di diversi settori di appartenenza durante l'ultimo workshop.","breadcrumb":{"@id":"https:\/\/www.eim.com\/it\/efficienza-operativa\/supply-chain\/#breadcrumb"},"inLanguage":"it-IT","potentialAction":[{"@type":"ReadAction","target":["https:\/\/www.eim.com\/it\/efficienza-operativa\/supply-chain\/"]}]},{"@type":"ImageObject","inLanguage":"it-IT","@id":"https:\/\/www.eim.com\/it\/efficienza-operativa\/supply-chain\/#primaryimage","url":"https:\/\/www.eim.com\/it\/wp-content\/uploads\/sites\/5\/2022\/06\/POST-WORKSHOP-Supply-Chain-16Giugno.jpg","contentUrl":"https:\/\/www.eim.com\/it\/wp-content\/uploads\/sites\/5\/2022\/06\/POST-WORKSHOP-Supply-Chain-16Giugno.jpg","width":1200,"height":672},{"@type":"BreadcrumbList","@id":"https:\/\/www.eim.com\/it\/efficienza-operativa\/supply-chain\/#breadcrumb","itemListElement":[{"@type":"ListItem","position":1,"name":"Home","item":"https:\/\/www.eim.com\/it\/"},{"@type":"ListItem","position":2,"name":"La supply chain nell&#8217;epoca dell&#8217;incertezza: agile e fluida"}]},{"@type":"WebSite","@id":"https:\/\/www.eim.com\/it\/#website","url":"https:\/\/www.eim.com\/it\/","name":"EIM Italia","description":"Siamo gli inventori dell&#039;Executive Interim Management","publisher":{"@id":"https:\/\/www.eim.com\/it\/#organization"},"potentialAction":[{"@type":"SearchAction","target":{"@type":"EntryPoint","urlTemplate":"https:\/\/www.eim.com\/it\/?s={search_term_string}"},"query-input":{"@type":"PropertyValueSpecification","valueRequired":true,"valueName":"search_term_string"}}],"inLanguage":"it-IT"},{"@type":"Organization","@id":"https:\/\/www.eim.com\/it\/#organization","name":"EIM","url":"https:\/\/www.eim.com\/it\/","logo":{"@type":"ImageObject","inLanguage":"it-IT","@id":"https:\/\/www.eim.com\/it\/#\/schema\/logo\/image\/","url":"https:\/\/www.eim.com\/it\/wp-content\/uploads\/sites\/5\/2022\/02\/logo-eim-favicon2022.png","contentUrl":"https:\/\/www.eim.com\/it\/wp-content\/uploads\/sites\/5\/2022\/02\/logo-eim-favicon2022.png","width":427,"height":427,"caption":"EIM"},"image":{"@id":"https:\/\/www.eim.com\/it\/#\/schema\/logo\/image\/"}},{"@type":"Person","@id":"https:\/\/www.eim.com\/it\/#\/schema\/person\/82c5e4b03b7af649944ed10552319b91","name":"eimworld","image":{"@type":"ImageObject","inLanguage":"it-IT","@id":"https:\/\/secure.gravatar.com\/avatar\/06dc2838cb0c066488cdb4b104beba474e6305a2d11cbb1fb7353f876daae9f3?s=96&d=mm&r=g","url":"https:\/\/secure.gravatar.com\/avatar\/06dc2838cb0c066488cdb4b104beba474e6305a2d11cbb1fb7353f876daae9f3?s=96&d=mm&r=g","contentUrl":"https:\/\/secure.gravatar.com\/avatar\/06dc2838cb0c066488cdb4b104beba474e6305a2d11cbb1fb7353f876daae9f3?s=96&d=mm&r=g","caption":"eimworld"},"sameAs":["https:\/\/eimworld.wpengine.com"]}]}},"_links":{"self":[{"href":"https:\/\/www.eim.com\/it\/wp-json\/wp\/v2\/posts\/15374","targetHints":{"allow":["GET"]}}],"collection":[{"href":"https:\/\/www.eim.com\/it\/wp-json\/wp\/v2\/posts"}],"about":[{"href":"https:\/\/www.eim.com\/it\/wp-json\/wp\/v2\/types\/post"}],"author":[{"embeddable":true,"href":"https:\/\/www.eim.com\/it\/wp-json\/wp\/v2\/users\/2"}],"replies":[{"embeddable":true,"href":"https:\/\/www.eim.com\/it\/wp-json\/wp\/v2\/comments?post=15374"}],"version-history":[{"count":0,"href":"https:\/\/www.eim.com\/it\/wp-json\/wp\/v2\/posts\/15374\/revisions"}],"wp:featuredmedia":[{"embeddable":true,"href":"https:\/\/www.eim.com\/it\/wp-json\/wp\/v2\/media\/16119"}],"wp:attachment":[{"href":"https:\/\/www.eim.com\/it\/wp-json\/wp\/v2\/media?parent=15374"}],"wp:term":[{"taxonomy":"category","embeddable":true,"href":"https:\/\/www.eim.com\/it\/wp-json\/wp\/v2\/categories?post=15374"},{"taxonomy":"post_tag","embeddable":true,"href":"https:\/\/www.eim.com\/it\/wp-json\/wp\/v2\/tags?post=15374"}],"curies":[{"name":"wp","href":"https:\/\/api.w.org\/{rel}","templated":true}]}}