{"id":14967,"date":"2022-08-20T09:00:00","date_gmt":"2022-08-20T07:00:00","guid":{"rendered":"https:\/\/www.eim.com\/it\/?p=14967"},"modified":"2024-08-26T12:07:40","modified_gmt":"2024-08-26T10:07:40","slug":"crescita-piccole-medie-aziende","status":"publish","type":"post","link":"https:\/\/www.eim.com\/it\/crescita-aziendale\/crescita-piccole-medie-aziende\/","title":{"rendered":"La crescita aziendale dev&#8217;essere un obiettivo anche delle piccole e medie aziende?"},"content":{"rendered":"<p>[et_pb_section fb_built=&#8221;1&#8243; admin_label=&#8221;Hero Section&#8221; _builder_version=&#8221;4.16&#8243; background_color=&#8221;#002c3e&#8221; use_background_color_gradient=&#8221;on&#8221; background_color_gradient_direction=&#8221;174deg&#8221; background_color_gradient_stops=&#8221;rgba(0,0,0,0.51) 87%|rgba(0,0,0,0.51) 87%&#8221; background_color_gradient_overlays_image=&#8221;on&#8221; background_color_gradient_start=&#8221;rgba(0,0,0,0.51)&#8221; background_color_gradient_start_position=&#8221;87%&#8221; background_color_gradient_end=&#8221;rgba(0,0,0,0.51)&#8221; background_color_gradient_end_position=&#8221;29%&#8221; background_image=&#8221;https:\/\/www.eim.com\/it\/wp-content\/uploads\/sites\/5\/2021\/11\/banner-2.png&#8221; height=&#8221;664px&#8221; height_tablet=&#8221;500px&#8221; height_phone=&#8221;750px&#8221; height_last_edited=&#8221;on|phone&#8221; custom_padding=&#8221;6%||0%|||&#8221; bottom_divider_style=&#8221;slant&#8221; bottom_divider_color=&#8221;#ffffff&#8221; bottom_divider_height=&#8221;150px&#8221; bottom_divider_flip=&#8221;horizontal&#8221; locked=&#8221;off&#8221; global_colors_info=&#8221;{}&#8221; background_color_gradient_direction__hover=&#8221;180deg&#8221; background_color_gradient_direction__hover_enabled=&#8221;180deg&#8221; background_color_gradient_start_position__hover=&#8221;0%&#8221; background_color_gradient_start_position__hover_enabled=&#8221;0%&#8221; background_color_gradient_end_position__hover=&#8221;100%&#8221; background_color_gradient_end_position__hover_enabled=&#8221;100%&#8221; background_color_gradient_stops__hover=&#8221;rgba(0,0,0,0.51) 0%|rgba(0,0,0,0.51) 100%&#8221;][et_pb_row _builder_version=&#8221;4.16&#8243; custom_margin_tablet=&#8221;&#8221; custom_margin_phone=&#8221;5%||||false|false&#8221; custom_margin_last_edited=&#8221;on|phone&#8221; global_colors_info=&#8221;{}&#8221;][et_pb_column type=&#8221;4_4&#8243; _builder_version=&#8221;4.16&#8243; global_colors_info=&#8221;{}&#8221;][et_pb_text admin_label=&#8221;Hero Section Title&#8221; _builder_version=&#8221;4.17.2&#8243; text_font=&#8221;Montserrat|800|||||||&#8221; text_font_size=&#8221;18px&#8221; text_line_height=&#8221;1.3em&#8221; header_font=&#8221;Montserrat|700|||||||&#8221; header_font_size=&#8221;56px&#8221; header_letter_spacing=&#8221;3px&#8221; header_line_height=&#8221;1.1em&#8221; header_2_font=&#8221;Montserrat|700|||||||&#8221; header_2_text_color=&#8221;rgba(255,255,255,0.6)&#8221; header_2_font_size=&#8221;90px&#8221; header_2_letter_spacing=&#8221;3px&#8221; header_2_line_height=&#8221;1.1em&#8221; text_orientation=&#8221;center&#8221; background_layout=&#8221;dark&#8221; max_width=&#8221;900px&#8221; module_alignment=&#8221;center&#8221; custom_margin=&#8221;0px||0px||false|false&#8221; animation_style=&#8221;fade&#8221; animation_direction=&#8221;bottom&#8221; animation_duration=&#8221;1350ms&#8221; header_font_size_tablet=&#8221;&#8221; header_font_size_phone=&#8221;28px&#8221; header_font_size_last_edited=&#8221;on|phone&#8221; header_2_font_size_tablet=&#8221;&#8221; header_2_font_size_phone=&#8221;50px&#8221; header_2_font_size_last_edited=&#8221;on|phone&#8221; text_text_shadow_style=&#8221;preset1&#8243; text_text_shadow_horizontal_length=&#8221;0.28em&#8221; locked=&#8221;off&#8221; inline_fonts=&#8221;Prata,Montserrat&#8221; global_colors_info=&#8221;{}&#8221;]<\/p>\n<h1><strong>La crescita dev\u2019essere <br \/>un obiettivo anche delle piccole e medie aziende?<\/strong><\/h1>\n<p>[\/et_pb_text][\/et_pb_column][\/et_pb_row][\/et_pb_section][et_pb_section fb_built=&#8221;1&#8243; disabled_on=&#8221;off|off|off&#8221; _builder_version=&#8221;4.16&#8243; background_color=&#8221;#ffffff&#8221; custom_margin=&#8221;||||false|false&#8221; custom_padding=&#8221;10px||||false|false&#8221; top_divider_style=&#8221;slant&#8221; top_divider_color=&#8221;#ffffff&#8221; bottom_divider_flip=&#8221;horizontal&#8221; locked=&#8221;off&#8221; global_colors_info=&#8221;{}&#8221;][et_pb_row _builder_version=&#8221;4.16&#8243; _module_preset=&#8221;default&#8221; min_height=&#8221;137.3px&#8221; global_colors_info=&#8221;{}&#8221;][et_pb_column type=&#8221;4_4&#8243; _builder_version=&#8221;4.16&#8243; _module_preset=&#8221;default&#8221; global_colors_info=&#8221;{}&#8221;][et_pb_text admin_label=&#8221;Title&#8221; _builder_version=&#8221;4.16&#8243; text_font=&#8221;||||||||&#8221; text_text_color=&#8221;#ffffff&#8221; header_font=&#8221;Prata||||||||&#8221; header_2_font=&#8221;Montserrat|700|||||||&#8221; header_2_text_align=&#8221;center&#8221; header_2_font_size=&#8221;32px&#8221; custom_margin=&#8221;||-0.1%||false|false&#8221; custom_padding=&#8221;||||false|false&#8221; animation_style=&#8221;fade&#8221; animation_direction=&#8221;top&#8221; animation_duration=&#8221;1350ms&#8221; animation_starting_opacity=&#8221;100%&#8221; inline_fonts=&#8221;Prata,Montserrat&#8221; global_colors_info=&#8221;{}&#8221;]<\/p>\n<h2 style=\"text-align: center\">La voce della Community<\/h2>\n<p>[\/et_pb_text][et_pb_text _builder_version=&#8221;4.17.2&#8243; text_font_size=&#8221;18px&#8221; max_width=&#8221;90%&#8221; module_alignment=&#8221;center&#8221; custom_margin=&#8221;15px||||false|false&#8221; global_colors_info=&#8221;{}&#8221;]<\/p>\n<p style=\"text-align: center\"><strong>Giorgio Marsiaj<\/strong>, <em>Ceo di Sabelt e presidente dell\u2019Unione Industriali di Torino<\/em><\/p>\n<p>[\/et_pb_text][\/et_pb_column][\/et_pb_row][et_pb_row column_structure=&#8221;3_4,1_4&#8243; admin_label=&#8221;Title Area&#8221; module_class=&#8221;reverse&#8221; _builder_version=&#8221;4.16&#8243; background_color=&#8221;rgba(0,0,0,0)&#8221; width=&#8221;100%&#8221; module_alignment=&#8221;center&#8221; custom_margin=&#8221;||||false|false&#8221; custom_padding=&#8221;2%|58px|2px|22px|false|false&#8221; locked=&#8221;off&#8221; global_colors_info=&#8221;{}&#8221; custom_css_main_element_last_edited=&#8221;on|phone&#8221;][et_pb_column type=&#8221;3_4&#8243; _builder_version=&#8221;4.16&#8243; custom_padding=&#8221;|||&#8221; global_colors_info=&#8221;{}&#8221; custom_padding__hover=&#8221;|||&#8221;][et_pb_text _builder_version=&#8221;4.17.2&#8243; text_font_size=&#8221;16px&#8221; max_width=&#8221;90%&#8221; module_alignment=&#8221;center&#8221; custom_margin=&#8221;||5%||false|false&#8221; global_colors_info=&#8221;{}&#8221;]<\/p>\n<p><em>Puntare alla crescita significa poter <strong>competere nei mercati globali<\/strong>, ma ha anche importanti riflessi sociali e sul livello di occupazione del Paese. \u00c8 giusto che si ponga questo obiettivo anche chi ha la propriet\u00e0 di realt\u00e0 imprenditoriali di dimensioni medio-piccole? Ed \u00e8 opportuno affidarsi a manager esterni in grado di innescare il cambiamento? Una risposta competente e interessante la d\u00e0 <strong>Giorgio Marsiaj<\/strong>, Ceo di Sabelt e presidente dell\u2019Unione Industriali di Torino, che ha curato la prefazione del libro scritto dai Partner EIM e edito da Hoepli <a href=\"https:\/\/www.eim.com\/it\/libro-gestire-il-business-fluido\/\">\u201cGestire il Business Fluido\u201d<\/a> ed \u00e8 intervenuto nel workshop \u201cImparare a crescere\u201d, organizzato a Torino da EIM Italia.<\/em><\/p>\n<p>[\/et_pb_text][\/et_pb_column][et_pb_column type=&#8221;1_4&#8243; _builder_version=&#8221;4.16&#8243; _module_preset=&#8221;default&#8221; global_colors_info=&#8221;{}&#8221;][et_pb_image src=&#8221;https:\/\/www.eim.com\/it\/wp-content\/uploads\/sites\/5\/2022\/05\/masiaj-giorgio.png&#8221; title_text=&#8221;masiaj-giorgio&#8221; disabled_on=&#8221;on|on|off&#8221; _builder_version=&#8221;4.17.2&#8243; _module_preset=&#8221;default&#8221; width=&#8221;80%&#8221; width_tablet=&#8221;25%&#8221; width_phone=&#8221;40%&#8221; width_last_edited=&#8221;on|phone&#8221; module_alignment=&#8221;center&#8221; global_colors_info=&#8221;{}&#8221;][\/et_pb_image][\/et_pb_column][\/et_pb_row][et_pb_row admin_label=&#8221;Title Area&#8221; _builder_version=&#8221;4.16&#8243; background_color=&#8221;rgba(0,0,0,0)&#8221; width=&#8221;100%&#8221; module_alignment=&#8221;center&#8221; custom_margin=&#8221;||||false|false&#8221; custom_padding=&#8221;2%|0px|2%|0px|true|false&#8221; global_colors_info=&#8221;{}&#8221;][et_pb_column type=&#8221;4_4&#8243; _builder_version=&#8221;4.16&#8243; custom_padding=&#8221;|||&#8221; global_colors_info=&#8221;{}&#8221; custom_padding__hover=&#8221;|||&#8221;][et_pb_text _builder_version=&#8221;4.17.2&#8243; text_font_size=&#8221;16px&#8221; max_width=&#8221;90%&#8221; module_alignment=&#8221;center&#8221; min_height=&#8221;1331.6px&#8221; custom_margin=&#8221;1px||||false|false&#8221; custom_padding=&#8221;||||false|false&#8221; global_colors_info=&#8221;{}&#8221;]<\/p>\n<p style=\"text-align: justify\"><img decoding=\"async\" style=\"margin-right: 10px\" src=\"https:\/\/www.eim.com\/wp-content\/uploads\/sites\/5\/2022\/02\/quotes-open.png\" \/>Crescere vuol dire creare sviluppo, benessere, opportunit\u00e0 di lavoro, interazione costruttiva tra realt\u00e0 e culture diverse. \u00c8 innanzitutto un problema della propriet\u00e0, che deve <strong>avere una visione<\/strong> e decidere dove vuole andare, per poi affidarsi a chi sappia sviluppare un progetto di medio-lungo periodo. Per crescere oggi \u00e8 necessario mettersi in gioco e concentrarsi su alcuni concetti indispensabili a tutte le aziende: innovazione, <a href=\"https:\/\/www.eim.com\/it\/internazionalizzazione\/il-segreto-per-crescere\/\">internazionalizzazione<\/a>, riorganizzazione della governance, managerializzazione. D\u2019altra parte <strong>la propriet\u00e0 si pu\u00f2 ereditare, la managerialit\u00e0 no<\/strong>.<\/p>\n<p style=\"text-align: justify\">Mettere in pratica tutto questo non \u00e8 facile. Le aziende italiane, per il <strong>97%, sono piccole o piccolissime<\/strong> e per la maggior parte si tratta di aziende familiari: tradurre queste priorit\u00e0 in operativit\u00e0 significa dover accettare il cambiamento, investire, rischiare. Io credo fortemente nel modello di impresa familiare, che vede un nucleo di controllo ben definito e in cui si lavora costantemente per rafforzare la propria realt\u00e0 in vista di un successivo <strong>ricambio<\/strong> <strong>generazionale<\/strong>. Conosco le remore che pu\u00f2 avere la propriet\u00e0 a compiere un passo dopo il quale potrebbe non essere pi\u00f9 possibile tornare indietro. Ma so anche quanti vantaggi pu\u00f2 dare quel passo in avanti.<\/p>\n<p style=\"text-align: justify\">La mia \u00e8 una <strong>famiglia di imprenditori<\/strong>, che ha saputo mantenere la continuit\u00e0 pur dimostrando il coraggio di misurarsi e di contaminarsi con grandissime realt\u00e0 internazionali. Io e mio fratello facciamo parte della seconda generazione, ma \u00e8 gi\u00e0 pienamente operativa la terza. Nel 1972 abbiamo fondato la Sabelt e nel 1985 abbiamo deciso di cedere la maggioranza a TRW, colosso americano con un giro d\u2019affari da 7 miliardi di dollari, conservando comunque una quota significativa, per poi riprendere, molti anni dopo, il controllo dell\u2019azienda. Avevamo un ottimo prodotto e un cliente locale come Fiat: perch\u00e9 mai arrivammo a prendere la decisione di cedere la maggioranza azionaria della nostra azienda? Perch\u00e9 comprendemmo che <strong>per crescere c\u2019era bisogno di aumentare il livello di <a href=\"https:\/\/www.eim.com\/it\/innovazione\/\">innovazione<\/a> e di tecnologia<\/strong> e di guardare al di l\u00e0 del mercato domestico. Servivano molto coraggio e una visione per stabilire dove andare nel lungo periodo. Tornando da Detroit, io e mio fratello capimmo che non avevamo pi\u00f9 tanta scelta, ma che stavamo tracciando una via. Alberto Falck mi chiam\u00f2 e mi chiese di spiegare agli imprenditori italiani che si pu\u00f2 continuare a vestire un ruolo importante e proficuo nella propria azienda anche se non se ne \u00e8 pi\u00f9 padroni. Nel mio caso, davvero quel connubio fu proficuo, e lo fu sia per la grande multinazionale, che ampli\u00f2 il proprio raggio d\u2019azione e si avvalse di <strong>una realt\u00e0 di successo<\/strong>, sia per me, che imparai cos\u00ec tanto in quegli anni da avere la sensazione di aver conseguito decine di master.<\/p>\n<p style=\"text-align: justify\">La mia storia pu\u00f2 essere paradigmatica oggi per le aziende italiane, che devono acquisire <strong>una visione di medio-lungo periodo<\/strong> e cercare di mettere in atto procedure che consentano di aumentare i volumi nell\u2019anno in corso, ma che siano in grado anche di funzionare nell\u2019anno successivo e su una prospettiva di almeno cinque anni, con attenzione a ogni dettaglio.<\/p>\n<p style=\"text-align: justify\">Per compiere il <strong>passo decisivo verso la crescita<\/strong> le aziende devono per\u00f2 managerializzarsi e devono farlo in modo tale da rendere questo processo ineluttabile. Anche in questo caso, va detto, le dimensioni contano: manager all\u2019altezza si possono avere attraverso un complesso <strong>percorso di formazione<\/strong> o andando a cercarli sul mercato, ma spesso mancano comunque l\u2019esperienza e il know how organizzativo per <strong>cambiare i processi<\/strong> all\u2019interno dell\u2019azienda. In questi casi l\u2019intervento di realt\u00e0 che sappiano fare interim management pu\u00f2 davvero rivelarsi la chiave di volta per un cambiamento che inneschi la crescita. Un manager esterno, destinato a operare per un tempo definito in una realt\u00e0 aziendale, deve portare tutto il suo bagaglio di conoscenza e stare vicino agli imprenditori, che a loro volta devono capire che <strong>per diventare pi\u00f9 competitivi \u00e8 necessario investire e innovarsi<\/strong>.<img decoding=\"async\" style=\"margin-left: 10px;margin-bottom: -27px\" src=\"https:\/\/www.eim.com\/wp-content\/uploads\/sites\/5\/2022\/02\/quotes-close.png\" \/><\/p>\n<p>[\/et_pb_text][\/et_pb_column][\/et_pb_row][\/et_pb_section][et_pb_section fb_built=&#8221;1&#8243; _builder_version=&#8221;4.27.0&#8243; background_color=&#8221;#DB9300&#8243; background_enable_image=&#8221;off&#8221; min_height=&#8221;425px&#8221; min_height_tablet=&#8221;400px&#8221; min_height_phone=&#8221;400px&#8221; min_height_last_edited=&#8221;on|phone&#8221; custom_margin=&#8221;0%||||false|false&#8221; top_divider_style=&#8221;slant&#8221; top_divider_color=&#8221;#FFFFFF&#8221; top_divider_flip=&#8221;vertical|horizontal&#8221; bottom_divider_color=&#8221;#ffffff&#8221; bottom_divider_flip=&#8221;horizontal&#8221; hover_enabled=&#8221;0&#8243; background_last_edited=&#8221;off|desktop&#8221; background_image_tablet=&#8221;https:\/\/www.eim.com\/it\/wp-content\/uploads\/sites\/5\/2021\/03\/gestire-business-fluido-cmprs.jpg&#8221; background_enable_image_tablet=&#8221;on&#8221; locked=&#8221;off&#8221; global_colors_info=&#8221;{}&#8221; sticky_enabled=&#8221;0&#8243;][et_pb_row custom_padding_last_edited=&#8221;on|desktop&#8221; _builder_version=&#8221;4.17.2&#8243; custom_margin=&#8221;|auto||auto|false|false&#8221; custom_margin_tablet=&#8221;40px|auto||auto|false|false&#8221; custom_margin_phone=&#8221;60px||||false|false&#8221; custom_margin_last_edited=&#8221;on|phone&#8221; custom_padding=&#8221;7%||||false|false&#8221; custom_padding_tablet=&#8221;7%|0%|0%||false|false&#8221; custom_padding_phone=&#8221;8%|0%|5%||false|false&#8221; global_colors_info=&#8221;{}&#8221;][et_pb_column type=&#8221;4_4&#8243; _builder_version=&#8221;4.16&#8243; global_colors_info=&#8221;{}&#8221;][et_pb_text admin_label=&#8221;Title&#8221; _builder_version=&#8221;4.17.2&#8243; text_font=&#8221;||||||||&#8221; text_text_color=&#8221;#ffffff&#8221; header_font=&#8221;Prata||||||||&#8221; header_2_font=&#8221;Montserrat|700|||||||&#8221; header_2_text_align=&#8221;center&#8221; header_2_text_color=&#8221;#FFFFFF&#8221; header_2_font_size=&#8221;30px&#8221; custom_margin=&#8221;||22px||false|false&#8221; custom_padding=&#8221;||||false|false&#8221; animation_style=&#8221;fade&#8221; animation_direction=&#8221;top&#8221; animation_duration=&#8221;1350ms&#8221; animation_starting_opacity=&#8221;100%&#8221; header_2_text_color_tablet=&#8221;#FFFFFF&#8221; header_2_text_color_phone=&#8221;#FFFFFF&#8221; header_2_text_color_last_edited=&#8221;on|phone&#8221; inline_fonts=&#8221;Prata,Montserrat&#8221; global_colors_info=&#8221;{}&#8221;]<\/p>\n<h2>Hai trovato spunti interessanti dalla lettura di questo articolo?<br \/><span style=\"font-size: medium;\">Vai alla sezione dedicata ai workshop per scoprire le migliori pratiche di management.<\/span><\/h2>\n<p>[\/et_pb_text][et_pb_button button_url=&#8221;@ET-DC@eyJkeW5hbWljIjp0cnVlLCJjb250ZW50IjoicG9zdF9saW5rX3VybF9wYWdlIiwic2V0dGluZ3MiOnsicG9zdF9pZCI6IjExNzE0In19@&#8221; button_text=&#8221;RIVEDI I WORKSHOP&#8221; button_alignment=&#8221;center&#8221; _builder_version=&#8221;4.25.0&#8243; _dynamic_attributes=&#8221;button_url&#8221; custom_button=&#8221;on&#8221; button_text_color=&#8221;#FFFFFF&#8221; button_border_color=&#8221;#FFFFFF&#8221; button_use_icon=&#8221;off&#8221; background_layout=&#8221;dark&#8221; locked=&#8221;off&#8221; global_colors_info=&#8221;{}&#8221;][\/et_pb_button][\/et_pb_column][\/et_pb_row][\/et_pb_section]<\/p>\n","protected":false},"excerpt":{"rendered":"<p>Crescita piccole e medie aziende: un obiettivo perseguibile? Risponde Giorgio Marsiaj, voce della Community EIM.<\/p>\n","protected":false},"author":2,"featured_media":15451,"comment_status":"closed","ping_status":"open","sticky":false,"template":"","format":"standard","meta":{"_et_pb_use_builder":"on","_et_pb_old_content":"","_et_gb_content_width":"2880","footnotes":""},"categories":[2193,2142],"tags":[2151],"class_list":["post-14967","post","type-post","status-publish","format-standard","has-post-thumbnail","hentry","category-carosello","category-crescita-aziendale","tag-crescita-aziendale"],"yoast_head":"<!-- This site is optimized with the Yoast SEO Premium plugin v27.5 (Yoast SEO v27.5) - https:\/\/yoast.com\/product\/yoast-seo-premium-wordpress\/ -->\n<title>Crescita aziendale piccole medie aziende - EIM Italia<\/title>\n<meta name=\"description\" content=\"Crescita piccole e medie aziende: un obiettivo perseguibile? Risponde Giorgio Marsiaj, voce della Community EIM.\" \/>\n<meta name=\"robots\" content=\"index, follow, max-snippet:-1, max-image-preview:large, max-video-preview:-1\" \/>\n<link rel=\"canonical\" href=\"https:\/\/www.eim.com\/it\/crescita-aziendale\/crescita-piccole-medie-aziende\/\" \/>\n<meta property=\"og:locale\" content=\"it_IT\" \/>\n<meta property=\"og:type\" content=\"article\" \/>\n<meta property=\"og:title\" content=\"La crescita aziendale dev&#039;essere un obiettivo anche delle piccole e medie aziende?\" \/>\n<meta property=\"og:description\" content=\"Crescita piccole e medie aziende: un obiettivo perseguibile? Risponde Giorgio Marsiaj, voce della Community EIM.\" \/>\n<meta property=\"og:url\" content=\"https:\/\/www.eim.com\/it\/crescita-aziendale\/crescita-piccole-medie-aziende\/\" \/>\n<meta property=\"og:site_name\" content=\"EIM Italia\" \/>\n<meta property=\"article:published_time\" content=\"2022-08-20T07:00:00+00:00\" \/>\n<meta property=\"article:modified_time\" content=\"2024-08-26T10:07:40+00:00\" \/>\n<meta property=\"og:image\" content=\"https:\/\/www.eim.com\/it\/wp-content\/uploads\/sites\/5\/2022\/07\/ITA_Crescita-aziende-intervento-marsiaj.jpg\" \/>\n\t<meta property=\"og:image:width\" content=\"1200\" \/>\n\t<meta property=\"og:image:height\" content=\"672\" \/>\n\t<meta property=\"og:image:type\" content=\"image\/jpeg\" \/>\n<meta name=\"author\" content=\"eimworld\" \/>\n<meta name=\"twitter:card\" content=\"summary_large_image\" \/>\n<meta name=\"twitter:label1\" content=\"Scritto da\" \/>\n\t<meta name=\"twitter:data1\" content=\"eimworld\" \/>\n\t<meta name=\"twitter:label2\" content=\"Tempo di lettura stimato\" \/>\n\t<meta name=\"twitter:data2\" content=\"7 minuti\" \/>\n<script type=\"application\/ld+json\" class=\"yoast-schema-graph\">{\"@context\":\"https:\\\/\\\/schema.org\",\"@graph\":[{\"@type\":\"Article\",\"@id\":\"https:\\\/\\\/www.eim.com\\\/it\\\/crescita-aziendale\\\/crescita-piccole-medie-aziende\\\/#article\",\"isPartOf\":{\"@id\":\"https:\\\/\\\/www.eim.com\\\/it\\\/crescita-aziendale\\\/crescita-piccole-medie-aziende\\\/\"},\"author\":{\"name\":\"eimworld\",\"@id\":\"https:\\\/\\\/www.eim.com\\\/it\\\/#\\\/schema\\\/person\\\/82c5e4b03b7af649944ed10552319b91\"},\"headline\":\"La crescita aziendale dev&#8217;essere un obiettivo anche delle piccole e medie aziende?\",\"datePublished\":\"2022-08-20T07:00:00+00:00\",\"dateModified\":\"2024-08-26T10:07:40+00:00\",\"mainEntityOfPage\":{\"@id\":\"https:\\\/\\\/www.eim.com\\\/it\\\/crescita-aziendale\\\/crescita-piccole-medie-aziende\\\/\"},\"wordCount\":1816,\"publisher\":{\"@id\":\"https:\\\/\\\/www.eim.com\\\/it\\\/#organization\"},\"image\":{\"@id\":\"https:\\\/\\\/www.eim.com\\\/it\\\/crescita-aziendale\\\/crescita-piccole-medie-aziende\\\/#primaryimage\"},\"thumbnailUrl\":\"https:\\\/\\\/www.eim.com\\\/it\\\/wp-content\\\/uploads\\\/sites\\\/5\\\/2022\\\/07\\\/ITA_Crescita-aziende-intervento-marsiaj.jpg\",\"keywords\":[\"Crescita aziendale\"],\"articleSection\":[\"Carosello\",\"Crescita aziendale\"],\"inLanguage\":\"it-IT\"},{\"@type\":\"WebPage\",\"@id\":\"https:\\\/\\\/www.eim.com\\\/it\\\/crescita-aziendale\\\/crescita-piccole-medie-aziende\\\/\",\"url\":\"https:\\\/\\\/www.eim.com\\\/it\\\/crescita-aziendale\\\/crescita-piccole-medie-aziende\\\/\",\"name\":\"Crescita aziendale piccole medie aziende - EIM Italia\",\"isPartOf\":{\"@id\":\"https:\\\/\\\/www.eim.com\\\/it\\\/#website\"},\"primaryImageOfPage\":{\"@id\":\"https:\\\/\\\/www.eim.com\\\/it\\\/crescita-aziendale\\\/crescita-piccole-medie-aziende\\\/#primaryimage\"},\"image\":{\"@id\":\"https:\\\/\\\/www.eim.com\\\/it\\\/crescita-aziendale\\\/crescita-piccole-medie-aziende\\\/#primaryimage\"},\"thumbnailUrl\":\"https:\\\/\\\/www.eim.com\\\/it\\\/wp-content\\\/uploads\\\/sites\\\/5\\\/2022\\\/07\\\/ITA_Crescita-aziende-intervento-marsiaj.jpg\",\"datePublished\":\"2022-08-20T07:00:00+00:00\",\"dateModified\":\"2024-08-26T10:07:40+00:00\",\"description\":\"Crescita piccole e medie aziende: un obiettivo perseguibile? Risponde Giorgio Marsiaj, voce della Community EIM.\",\"breadcrumb\":{\"@id\":\"https:\\\/\\\/www.eim.com\\\/it\\\/crescita-aziendale\\\/crescita-piccole-medie-aziende\\\/#breadcrumb\"},\"inLanguage\":\"it-IT\",\"potentialAction\":[{\"@type\":\"ReadAction\",\"target\":[\"https:\\\/\\\/www.eim.com\\\/it\\\/crescita-aziendale\\\/crescita-piccole-medie-aziende\\\/\"]}]},{\"@type\":\"ImageObject\",\"inLanguage\":\"it-IT\",\"@id\":\"https:\\\/\\\/www.eim.com\\\/it\\\/crescita-aziendale\\\/crescita-piccole-medie-aziende\\\/#primaryimage\",\"url\":\"https:\\\/\\\/www.eim.com\\\/it\\\/wp-content\\\/uploads\\\/sites\\\/5\\\/2022\\\/07\\\/ITA_Crescita-aziende-intervento-marsiaj.jpg\",\"contentUrl\":\"https:\\\/\\\/www.eim.com\\\/it\\\/wp-content\\\/uploads\\\/sites\\\/5\\\/2022\\\/07\\\/ITA_Crescita-aziende-intervento-marsiaj.jpg\",\"width\":1200,\"height\":672},{\"@type\":\"BreadcrumbList\",\"@id\":\"https:\\\/\\\/www.eim.com\\\/it\\\/crescita-aziendale\\\/crescita-piccole-medie-aziende\\\/#breadcrumb\",\"itemListElement\":[{\"@type\":\"ListItem\",\"position\":1,\"name\":\"Home\",\"item\":\"https:\\\/\\\/www.eim.com\\\/it\\\/\"},{\"@type\":\"ListItem\",\"position\":2,\"name\":\"La crescita aziendale dev&#8217;essere un obiettivo anche delle piccole e medie aziende?\"}]},{\"@type\":\"WebSite\",\"@id\":\"https:\\\/\\\/www.eim.com\\\/it\\\/#website\",\"url\":\"https:\\\/\\\/www.eim.com\\\/it\\\/\",\"name\":\"EIM Italia\",\"description\":\"Siamo gli inventori dell&#039;Executive Interim Management\",\"publisher\":{\"@id\":\"https:\\\/\\\/www.eim.com\\\/it\\\/#organization\"},\"potentialAction\":[{\"@type\":\"SearchAction\",\"target\":{\"@type\":\"EntryPoint\",\"urlTemplate\":\"https:\\\/\\\/www.eim.com\\\/it\\\/?s={search_term_string}\"},\"query-input\":{\"@type\":\"PropertyValueSpecification\",\"valueRequired\":true,\"valueName\":\"search_term_string\"}}],\"inLanguage\":\"it-IT\"},{\"@type\":\"Organization\",\"@id\":\"https:\\\/\\\/www.eim.com\\\/it\\\/#organization\",\"name\":\"EIM\",\"url\":\"https:\\\/\\\/www.eim.com\\\/it\\\/\",\"logo\":{\"@type\":\"ImageObject\",\"inLanguage\":\"it-IT\",\"@id\":\"https:\\\/\\\/www.eim.com\\\/it\\\/#\\\/schema\\\/logo\\\/image\\\/\",\"url\":\"https:\\\/\\\/www.eim.com\\\/it\\\/wp-content\\\/uploads\\\/sites\\\/5\\\/2022\\\/02\\\/logo-eim-favicon2022.png\",\"contentUrl\":\"https:\\\/\\\/www.eim.com\\\/it\\\/wp-content\\\/uploads\\\/sites\\\/5\\\/2022\\\/02\\\/logo-eim-favicon2022.png\",\"width\":427,\"height\":427,\"caption\":\"EIM\"},\"image\":{\"@id\":\"https:\\\/\\\/www.eim.com\\\/it\\\/#\\\/schema\\\/logo\\\/image\\\/\"}},{\"@type\":\"Person\",\"@id\":\"https:\\\/\\\/www.eim.com\\\/it\\\/#\\\/schema\\\/person\\\/82c5e4b03b7af649944ed10552319b91\",\"name\":\"eimworld\",\"image\":{\"@type\":\"ImageObject\",\"inLanguage\":\"it-IT\",\"@id\":\"https:\\\/\\\/secure.gravatar.com\\\/avatar\\\/06dc2838cb0c066488cdb4b104beba474e6305a2d11cbb1fb7353f876daae9f3?s=96&d=mm&r=g\",\"url\":\"https:\\\/\\\/secure.gravatar.com\\\/avatar\\\/06dc2838cb0c066488cdb4b104beba474e6305a2d11cbb1fb7353f876daae9f3?s=96&d=mm&r=g\",\"contentUrl\":\"https:\\\/\\\/secure.gravatar.com\\\/avatar\\\/06dc2838cb0c066488cdb4b104beba474e6305a2d11cbb1fb7353f876daae9f3?s=96&d=mm&r=g\",\"caption\":\"eimworld\"},\"sameAs\":[\"https:\\\/\\\/eimworld.wpengine.com\"]}]}<\/script>\n<!-- \/ Yoast SEO Premium plugin. -->","yoast_head_json":{"title":"Crescita aziendale piccole medie aziende - EIM Italia","description":"Crescita piccole e medie aziende: un obiettivo perseguibile? Risponde Giorgio Marsiaj, voce della Community EIM.","robots":{"index":"index","follow":"follow","max-snippet":"max-snippet:-1","max-image-preview":"max-image-preview:large","max-video-preview":"max-video-preview:-1"},"canonical":"https:\/\/www.eim.com\/it\/crescita-aziendale\/crescita-piccole-medie-aziende\/","og_locale":"it_IT","og_type":"article","og_title":"La crescita aziendale dev'essere un obiettivo anche delle piccole e medie aziende?","og_description":"Crescita piccole e medie aziende: un obiettivo perseguibile? Risponde Giorgio Marsiaj, voce della Community EIM.","og_url":"https:\/\/www.eim.com\/it\/crescita-aziendale\/crescita-piccole-medie-aziende\/","og_site_name":"EIM Italia","article_published_time":"2022-08-20T07:00:00+00:00","article_modified_time":"2024-08-26T10:07:40+00:00","og_image":[{"width":1200,"height":672,"url":"https:\/\/www.eim.com\/it\/wp-content\/uploads\/sites\/5\/2022\/07\/ITA_Crescita-aziende-intervento-marsiaj.jpg","type":"image\/jpeg"}],"author":"eimworld","twitter_card":"summary_large_image","twitter_misc":{"Scritto da":"eimworld","Tempo di lettura stimato":"7 minuti"},"schema":{"@context":"https:\/\/schema.org","@graph":[{"@type":"Article","@id":"https:\/\/www.eim.com\/it\/crescita-aziendale\/crescita-piccole-medie-aziende\/#article","isPartOf":{"@id":"https:\/\/www.eim.com\/it\/crescita-aziendale\/crescita-piccole-medie-aziende\/"},"author":{"name":"eimworld","@id":"https:\/\/www.eim.com\/it\/#\/schema\/person\/82c5e4b03b7af649944ed10552319b91"},"headline":"La crescita aziendale dev&#8217;essere un obiettivo anche delle piccole e medie aziende?","datePublished":"2022-08-20T07:00:00+00:00","dateModified":"2024-08-26T10:07:40+00:00","mainEntityOfPage":{"@id":"https:\/\/www.eim.com\/it\/crescita-aziendale\/crescita-piccole-medie-aziende\/"},"wordCount":1816,"publisher":{"@id":"https:\/\/www.eim.com\/it\/#organization"},"image":{"@id":"https:\/\/www.eim.com\/it\/crescita-aziendale\/crescita-piccole-medie-aziende\/#primaryimage"},"thumbnailUrl":"https:\/\/www.eim.com\/it\/wp-content\/uploads\/sites\/5\/2022\/07\/ITA_Crescita-aziende-intervento-marsiaj.jpg","keywords":["Crescita aziendale"],"articleSection":["Carosello","Crescita aziendale"],"inLanguage":"it-IT"},{"@type":"WebPage","@id":"https:\/\/www.eim.com\/it\/crescita-aziendale\/crescita-piccole-medie-aziende\/","url":"https:\/\/www.eim.com\/it\/crescita-aziendale\/crescita-piccole-medie-aziende\/","name":"Crescita aziendale piccole medie aziende - EIM Italia","isPartOf":{"@id":"https:\/\/www.eim.com\/it\/#website"},"primaryImageOfPage":{"@id":"https:\/\/www.eim.com\/it\/crescita-aziendale\/crescita-piccole-medie-aziende\/#primaryimage"},"image":{"@id":"https:\/\/www.eim.com\/it\/crescita-aziendale\/crescita-piccole-medie-aziende\/#primaryimage"},"thumbnailUrl":"https:\/\/www.eim.com\/it\/wp-content\/uploads\/sites\/5\/2022\/07\/ITA_Crescita-aziende-intervento-marsiaj.jpg","datePublished":"2022-08-20T07:00:00+00:00","dateModified":"2024-08-26T10:07:40+00:00","description":"Crescita piccole e medie aziende: un obiettivo perseguibile? Risponde Giorgio Marsiaj, voce della Community EIM.","breadcrumb":{"@id":"https:\/\/www.eim.com\/it\/crescita-aziendale\/crescita-piccole-medie-aziende\/#breadcrumb"},"inLanguage":"it-IT","potentialAction":[{"@type":"ReadAction","target":["https:\/\/www.eim.com\/it\/crescita-aziendale\/crescita-piccole-medie-aziende\/"]}]},{"@type":"ImageObject","inLanguage":"it-IT","@id":"https:\/\/www.eim.com\/it\/crescita-aziendale\/crescita-piccole-medie-aziende\/#primaryimage","url":"https:\/\/www.eim.com\/it\/wp-content\/uploads\/sites\/5\/2022\/07\/ITA_Crescita-aziende-intervento-marsiaj.jpg","contentUrl":"https:\/\/www.eim.com\/it\/wp-content\/uploads\/sites\/5\/2022\/07\/ITA_Crescita-aziende-intervento-marsiaj.jpg","width":1200,"height":672},{"@type":"BreadcrumbList","@id":"https:\/\/www.eim.com\/it\/crescita-aziendale\/crescita-piccole-medie-aziende\/#breadcrumb","itemListElement":[{"@type":"ListItem","position":1,"name":"Home","item":"https:\/\/www.eim.com\/it\/"},{"@type":"ListItem","position":2,"name":"La crescita aziendale dev&#8217;essere un obiettivo anche delle piccole e medie aziende?"}]},{"@type":"WebSite","@id":"https:\/\/www.eim.com\/it\/#website","url":"https:\/\/www.eim.com\/it\/","name":"EIM Italia","description":"Siamo gli inventori dell&#039;Executive Interim Management","publisher":{"@id":"https:\/\/www.eim.com\/it\/#organization"},"potentialAction":[{"@type":"SearchAction","target":{"@type":"EntryPoint","urlTemplate":"https:\/\/www.eim.com\/it\/?s={search_term_string}"},"query-input":{"@type":"PropertyValueSpecification","valueRequired":true,"valueName":"search_term_string"}}],"inLanguage":"it-IT"},{"@type":"Organization","@id":"https:\/\/www.eim.com\/it\/#organization","name":"EIM","url":"https:\/\/www.eim.com\/it\/","logo":{"@type":"ImageObject","inLanguage":"it-IT","@id":"https:\/\/www.eim.com\/it\/#\/schema\/logo\/image\/","url":"https:\/\/www.eim.com\/it\/wp-content\/uploads\/sites\/5\/2022\/02\/logo-eim-favicon2022.png","contentUrl":"https:\/\/www.eim.com\/it\/wp-content\/uploads\/sites\/5\/2022\/02\/logo-eim-favicon2022.png","width":427,"height":427,"caption":"EIM"},"image":{"@id":"https:\/\/www.eim.com\/it\/#\/schema\/logo\/image\/"}},{"@type":"Person","@id":"https:\/\/www.eim.com\/it\/#\/schema\/person\/82c5e4b03b7af649944ed10552319b91","name":"eimworld","image":{"@type":"ImageObject","inLanguage":"it-IT","@id":"https:\/\/secure.gravatar.com\/avatar\/06dc2838cb0c066488cdb4b104beba474e6305a2d11cbb1fb7353f876daae9f3?s=96&d=mm&r=g","url":"https:\/\/secure.gravatar.com\/avatar\/06dc2838cb0c066488cdb4b104beba474e6305a2d11cbb1fb7353f876daae9f3?s=96&d=mm&r=g","contentUrl":"https:\/\/secure.gravatar.com\/avatar\/06dc2838cb0c066488cdb4b104beba474e6305a2d11cbb1fb7353f876daae9f3?s=96&d=mm&r=g","caption":"eimworld"},"sameAs":["https:\/\/eimworld.wpengine.com"]}]}},"_links":{"self":[{"href":"https:\/\/www.eim.com\/it\/wp-json\/wp\/v2\/posts\/14967","targetHints":{"allow":["GET"]}}],"collection":[{"href":"https:\/\/www.eim.com\/it\/wp-json\/wp\/v2\/posts"}],"about":[{"href":"https:\/\/www.eim.com\/it\/wp-json\/wp\/v2\/types\/post"}],"author":[{"embeddable":true,"href":"https:\/\/www.eim.com\/it\/wp-json\/wp\/v2\/users\/2"}],"replies":[{"embeddable":true,"href":"https:\/\/www.eim.com\/it\/wp-json\/wp\/v2\/comments?post=14967"}],"version-history":[{"count":0,"href":"https:\/\/www.eim.com\/it\/wp-json\/wp\/v2\/posts\/14967\/revisions"}],"wp:featuredmedia":[{"embeddable":true,"href":"https:\/\/www.eim.com\/it\/wp-json\/wp\/v2\/media\/15451"}],"wp:attachment":[{"href":"https:\/\/www.eim.com\/it\/wp-json\/wp\/v2\/media?parent=14967"}],"wp:term":[{"taxonomy":"category","embeddable":true,"href":"https:\/\/www.eim.com\/it\/wp-json\/wp\/v2\/categories?post=14967"},{"taxonomy":"post_tag","embeddable":true,"href":"https:\/\/www.eim.com\/it\/wp-json\/wp\/v2\/tags?post=14967"}],"curies":[{"name":"wp","href":"https:\/\/api.w.org\/{rel}","templated":true}]}}