{"id":14452,"date":"2022-02-21T08:00:39","date_gmt":"2022-02-21T07:00:39","guid":{"rendered":"https:\/\/www.eim.com\/it\/?p=14452"},"modified":"2024-08-26T11:59:06","modified_gmt":"2024-08-26T09:59:06","slug":"crisi-di-non-crescita","status":"publish","type":"post","link":"https:\/\/www.eim.com\/it\/crescita-aziendale\/crisi-di-non-crescita\/","title":{"rendered":"Siamo sicuri che la non crescita sia un problema commerciale?"},"content":{"rendered":"<p>[et_pb_section fb_built=&#8221;1&#8243; admin_label=&#8221;Hero Section&#8221; _builder_version=&#8221;4.16&#8243; background_color=&#8221;#002c3e&#8221; use_background_color_gradient=&#8221;on&#8221; background_color_gradient_direction=&#8221;174deg&#8221; background_color_gradient_stops=&#8221;rgba(0,0,0,0.51) 87%|rgba(0,0,0,0.51) 87%&#8221; background_color_gradient_overlays_image=&#8221;on&#8221; background_color_gradient_start=&#8221;rgba(0,0,0,0.51)&#8221; background_color_gradient_start_position=&#8221;87%&#8221; background_color_gradient_end=&#8221;rgba(0,0,0,0.51)&#8221; background_color_gradient_end_position=&#8221;29%&#8221; background_image=&#8221;https:\/\/www.eim.com\/it\/wp-content\/uploads\/sites\/5\/2021\/11\/banner-2.png&#8221; height=&#8221;664px&#8221; height_tablet=&#8221;500px&#8221; height_phone=&#8221;750px&#8221; height_last_edited=&#8221;on|phone&#8221; custom_padding=&#8221;6%||0%|||&#8221; bottom_divider_style=&#8221;slant&#8221; bottom_divider_color=&#8221;#ffffff&#8221; bottom_divider_height=&#8221;150px&#8221; bottom_divider_flip=&#8221;horizontal&#8221; locked=&#8221;off&#8221; global_colors_info=&#8221;{}&#8221; background_color_gradient_direction__hover=&#8221;180deg&#8221; background_color_gradient_direction__hover_enabled=&#8221;180deg&#8221; background_color_gradient_start_position__hover=&#8221;0%&#8221; background_color_gradient_start_position__hover_enabled=&#8221;0%&#8221; background_color_gradient_end_position__hover=&#8221;100%&#8221; background_color_gradient_end_position__hover_enabled=&#8221;100%&#8221; background_color_gradient_stops__hover=&#8221;rgba(0,0,0,0.51) 0%|rgba(0,0,0,0.51) 100%&#8221;][et_pb_row _builder_version=&#8221;4.16&#8243; custom_margin_tablet=&#8221;&#8221; custom_margin_phone=&#8221;5%||||false|false&#8221; custom_margin_last_edited=&#8221;on|phone&#8221; global_colors_info=&#8221;{}&#8221;][et_pb_column type=&#8221;4_4&#8243; _builder_version=&#8221;4.16&#8243; global_colors_info=&#8221;{}&#8221;][et_pb_text admin_label=&#8221;Hero Section Title&#8221; _builder_version=&#8221;4.16&#8243; text_font=&#8221;Montserrat|800|||||||&#8221; text_font_size=&#8221;18px&#8221; text_line_height=&#8221;1.3em&#8221; header_font=&#8221;Montserrat|700|||||||&#8221; header_font_size=&#8221;56px&#8221; header_letter_spacing=&#8221;3px&#8221; header_line_height=&#8221;1.1em&#8221; header_2_font=&#8221;Montserrat|700|||||||&#8221; header_2_text_color=&#8221;rgba(255,255,255,0.6)&#8221; header_2_font_size=&#8221;90px&#8221; header_2_letter_spacing=&#8221;3px&#8221; header_2_line_height=&#8221;1.1em&#8221; text_orientation=&#8221;center&#8221; background_layout=&#8221;dark&#8221; max_width=&#8221;900px&#8221; module_alignment=&#8221;center&#8221; custom_margin=&#8221;0px||0px||false|false&#8221; animation_style=&#8221;fade&#8221; animation_direction=&#8221;bottom&#8221; animation_duration=&#8221;1350ms&#8221; header_font_size_tablet=&#8221;&#8221; header_font_size_phone=&#8221;28px&#8221; header_font_size_last_edited=&#8221;on|phone&#8221; header_2_font_size_tablet=&#8221;&#8221; header_2_font_size_phone=&#8221;50px&#8221; header_2_font_size_last_edited=&#8221;on|phone&#8221; text_text_shadow_style=&#8221;preset1&#8243; text_text_shadow_horizontal_length=&#8221;0.28em&#8221; locked=&#8221;off&#8221; inline_fonts=&#8221;Prata,Montserrat&#8221; global_colors_info=&#8221;{}&#8221;]<\/p>\n<h1><strong>Siamo sicuri che la non crescita sia un problema commerciale?<\/strong><\/h1>\n<p>[\/et_pb_text][\/et_pb_column][\/et_pb_row][\/et_pb_section][et_pb_section fb_built=&#8221;1&#8243; disabled_on=&#8221;off|off|off&#8221; _builder_version=&#8221;4.16&#8243; background_color=&#8221;#ffffff&#8221; custom_margin=&#8221;||||false|false&#8221; custom_padding=&#8221;10px||||false|false&#8221; top_divider_style=&#8221;slant&#8221; top_divider_color=&#8221;#ffffff&#8221; bottom_divider_flip=&#8221;horizontal&#8221; locked=&#8221;off&#8221; global_colors_info=&#8221;{}&#8221;][et_pb_row _builder_version=&#8221;4.16&#8243; _module_preset=&#8221;default&#8221; min_height=&#8221;137.3px&#8221; global_colors_info=&#8221;{}&#8221;][et_pb_column type=&#8221;4_4&#8243; _builder_version=&#8221;4.16&#8243; _module_preset=&#8221;default&#8221; global_colors_info=&#8221;{}&#8221;][et_pb_text admin_label=&#8221;Title&#8221; _builder_version=&#8221;4.16&#8243; text_font=&#8221;||||||||&#8221; text_text_color=&#8221;#ffffff&#8221; header_font=&#8221;Prata||||||||&#8221; header_2_font=&#8221;Montserrat|700|||||||&#8221; header_2_text_align=&#8221;center&#8221; header_2_font_size=&#8221;32px&#8221; custom_margin=&#8221;||-0.1%||false|false&#8221; custom_padding=&#8221;||||false|false&#8221; animation_style=&#8221;fade&#8221; animation_direction=&#8221;top&#8221; animation_duration=&#8221;1350ms&#8221; animation_starting_opacity=&#8221;100%&#8221; inline_fonts=&#8221;Prata,Montserrat&#8221; global_colors_info=&#8221;{}&#8221;]<\/p>\n<h2 style=\"text-align: center;\">La voce della Community<\/h2>\n<p>[\/et_pb_text][et_pb_text _builder_version=&#8221;4.16&#8243; text_font_size=&#8221;18px&#8221; max_width=&#8221;90%&#8221; module_alignment=&#8221;center&#8221; custom_margin=&#8221;15px||||false|false&#8221; global_colors_info=&#8221;{}&#8221;]<\/p>\n<p style=\"text-align: center;\"><strong>Eugenio <\/strong><strong>Cecchin<\/strong><i>, Managing Director Italy, Adriatics &amp; Bulgaria di BMI Group e membro della #EIMCommunity<\/i><\/p>\n<p>[\/et_pb_text][\/et_pb_column][\/et_pb_row][et_pb_row column_structure=&#8221;3_4,1_4&#8243; admin_label=&#8221;Title Area&#8221; module_class=&#8221;reverse&#8221; _builder_version=&#8221;4.16&#8243; background_color=&#8221;rgba(0,0,0,0)&#8221; width=&#8221;100%&#8221; module_alignment=&#8221;center&#8221; custom_margin=&#8221;||||false|false&#8221; custom_padding=&#8221;2%|58px|2px|22px|false|false&#8221; locked=&#8221;off&#8221; global_colors_info=&#8221;{}&#8221; custom_css_main_element_last_edited=&#8221;on|phone&#8221;][et_pb_column type=&#8221;3_4&#8243; _builder_version=&#8221;4.16&#8243; custom_padding=&#8221;|||&#8221; global_colors_info=&#8221;{}&#8221; custom_padding__hover=&#8221;|||&#8221;][et_pb_text _builder_version=&#8221;4.16&#8243; text_font_size=&#8221;16px&#8221; max_width=&#8221;90%&#8221; module_alignment=&#8221;center&#8221; custom_margin=&#8221;||5%||false|false&#8221; global_colors_info=&#8221;{}&#8221;]<\/p>\n<p style=\"text-align: justify;\">Una delle sfide pi\u00f9 comuni per cui si richiede l\u2019intervento di un interim manager, \u00e8 una <b>crisi di non crescita <\/b>che spesso avviene in seguito ad un periodo di forte espansione. Quando l\u2019azienda non riesce a superare questo ostacolo con le proprie risorse, i motivi sono da ricercarsi in profondit\u00e0.<\/p>\n<p style=\"text-align: justify;\">Qual \u00e8 dunque <b>l\u2019errore di valutazione pi\u00f9 comune?<\/b> Eugenio Cecchin, Managing Director Italy, Adriatics &amp; Bulgaria di BMI Group e membro della #EIMCommunity, nel suo contributo al libro scritto dai Partner EIM e edito da Hoepli, <i>Gestire il Business Fluido<\/i>, racconta:<\/p>\n<p>[\/et_pb_text][\/et_pb_column][et_pb_column type=&#8221;1_4&#8243; _builder_version=&#8221;4.16&#8243; _module_preset=&#8221;default&#8221; global_colors_info=&#8221;{}&#8221;][et_pb_image src=&#8221;https:\/\/www.eim.com\/it\/wp-content\/uploads\/sites\/5\/2022\/02\/cecchin.png&#8221; title_text=&#8221;cecchin&#8221; disabled_on=&#8221;on|on|off&#8221; _builder_version=&#8221;4.16&#8243; _module_preset=&#8221;default&#8221; width=&#8221;80%&#8221; width_tablet=&#8221;25%&#8221; width_phone=&#8221;40%&#8221; width_last_edited=&#8221;on|phone&#8221; module_alignment=&#8221;center&#8221; global_colors_info=&#8221;{}&#8221;][\/et_pb_image][\/et_pb_column][\/et_pb_row][et_pb_row admin_label=&#8221;Title Area&#8221; _builder_version=&#8221;4.16&#8243; background_color=&#8221;rgba(0,0,0,0)&#8221; width=&#8221;100%&#8221; module_alignment=&#8221;center&#8221; custom_margin=&#8221;||||false|false&#8221; custom_padding=&#8221;2%|0px|2%|0px|true|false&#8221; global_colors_info=&#8221;{}&#8221;][et_pb_column type=&#8221;4_4&#8243; _builder_version=&#8221;4.16&#8243; custom_padding=&#8221;|||&#8221; global_colors_info=&#8221;{}&#8221; custom_padding__hover=&#8221;|||&#8221;][et_pb_text _builder_version=&#8221;4.16&#8243; text_font_size=&#8221;16px&#8221; max_width=&#8221;90%&#8221; module_alignment=&#8221;center&#8221; min_height=&#8221;1331.6px&#8221; custom_margin=&#8221;1px||||false|false&#8221; custom_padding=&#8221;||||false|false&#8221; global_colors_info=&#8221;{}&#8221;]<\/p>\n<p style=\"text-align: justify;\"><img decoding=\"async\" style=\"margin-right: 10px;\" src=\"https:\/\/www.eim.com\/wp-content\/uploads\/sites\/5\/2022\/02\/quotes-open.png\" \/><i>Spesso mi \u00e8 capitato di lavorare in aziende nelle quali, dopo un periodo di espansione guidato essenzialmente da dinamiche esogene, ci si \u00e8 trovati di fronte alla <\/i><b><i>sfida della crescita.<\/i><\/b><i> L\u2019innesco poteva essere rappresentato da una crisi di settore (il periodo post 2008 nel mercato delle costruzioni), un cambio di offerta della concorrenza (acquisizioni e fusioni, nuovi player pi\u00f9 innovativi), un portafoglio prodotti non pi\u00f9 attuale, e cos\u00ec via. La crisi, per\u00f2, una volta conclamata e subita dal management, trovava come unica risposta il cambio della leadership commerciale, partendo dal presupposto che il problema fosse nella capacit\u00e0 delle persone, nella loro motivazione, nel loro allineamento rispetto alla strategia aziendale. Pu\u00f2 essere. <\/i><b><i>Siamo sicuri che la non crescita sia un problema commerciale?<\/i><\/b><\/p>\n<p style=\"text-align: justify;\"><i>Io ritengo invece che le ragioni della non crescita fossero piuttosto da ricercarsi in profondit\u00e0 nei processi aziendali, perch\u00e9 a mio avviso lo sviluppo della top line \u00e8 un\u2019attivit\u00e0 corale che coinvolge l\u2019intera organizzazione, allineando le varie priorit\u00e0 verso un obiettivo condiviso nel business plan. In questo contesto preferisco parlare di processo di crescita di un\u2019azienda, ovvero di <\/i><b><i>una serie di step chiaramente identificabili e misurabili che forniscono al management la possibilit\u00e0 di scegliere (e quindi di creare strategie di crescita) sulla base di evidenze oggettive. <\/i><\/b><i>Non vi \u00e8 infatti crescita se non si conosce il mercato di riferimento, le attivit\u00e0 dei propri concorrenti, i bisogni espressi e inespressi della propria clientela, la propria value proposition, la dinamica dei prezzi. Quindi <\/i><b><i>il punto di partenza \u00e8 strategico e il contributo chiave \u00e8 dato in modo prominente dalla funzione marketing<\/i><\/b><i>, a partire dalla definizione di una raison d&#8217;\u00eatre condivisa che possa essere presa a modello da tutti i collaboratori dell\u2019azienda. Il secondo step \u00e8 <\/i><b><i>l\u2019allocazione delle risorse sul campo<\/i><\/b><i>, allineando gli investimenti aziendali al potenziale precedentemente definito. Il terzo \u00e8 relativo al processo di budgeting e misura del successo, dove \u00e8 necessario <\/i><b><i>definire l&#8217;obiettivo e i parametri fondamentali per valutare la performance aziendale<\/i><\/b><i> definendo cos\u00ec cos&#8217;\u00e8 good, better o great. Come si pu\u00f2 facilmente intuire, la crescita quindi diventa il risultato dell\u2019orientamento delle varie funzioni aziendali, in<\/i><b><i> un processo strutturato, ripetibile e prevedibile <\/i><\/b><i>che consente il monitoraggio continuo della performance rispetto all\u2019obiettivo definito nel business plan. Sottolineo che questo processo di crescita, sebbene possa essere facilitato da sistemi CRM pi\u00f9 o meno evoluti, in realt\u00e0 \u00e8 perfettamente implementabile utilizzando solamente i pacchetti gestionali pi\u00f9 comuni come Office o Google suite. <b>\u00c8 una questione di metodo, non di sistemi. <\/b>Nella mia esperienza, la parte pi\u00f9 sfidante del processo di crescita \u00e8 <b>la definizione del campo di gioco<\/b>, ovvero<b> il primo step.<\/b> Molto spesso le informazioni sono disponibili in azienda ma non fruibili perch\u00e9 non condivise, gelosamente custodite o non strutturate. La definizione del potenziale, per esempio, parte di solito da dati disponibili al pubblico e ricavati dal database ISTAT, che pu\u00f2 essere integrato da informazioni provenienti dalle associazioni di settore, e dal patrimonio di conoscenze della rete commerciale (diretta o indiretta). Il passaggio chiave per\u00f2 \u00e8 quello di <b>porsi le domande \u201cgiuste\u201d<\/b>, quelle che aiutano a definire in modo univoco, obiettivo e a volte spietato la dimensione del proprio mercato (sia in termini di valore sia in quelli di clienti e prospect) e di conseguenza<b> la vera rilevanza della propria azienda.<\/b><\/i><\/p>\n<p style=\"text-align: justify;\"><i>All\u2019inizio si osserva incredulit\u00e0 e resistenza al cambiamento, spesso ci si sente dare risposte \u201cdi pancia\u201d, intuizioni o approssimazioni, insomma scuse per non aver analizzato la situazione in profondit\u00e0. A questo punto<\/i><b><i> diventa cruciale il ruolo del manager<\/i><\/b><i> che ha innescato il cambiamento perch\u00e9 organizzando i dati in informazioni fruibili in realt\u00e0 aiuta l\u2019organizzazione a <\/i><b><i>orientarsi verso una nuova filosofia di gestione del business<\/i><\/b><i> trasformando l\u2019analisi in un metodo, replicabile, che diventa patrimonio aziendale.<\/i><img decoding=\"async\" style=\"margin-left: 10px; margin-bottom: -27px;\" src=\"https:\/\/www.eim.com\/wp-content\/uploads\/sites\/5\/2022\/02\/quotes-close.png\" \/><\/p>\n<p>[\/et_pb_text][\/et_pb_column][\/et_pb_row][\/et_pb_section][et_pb_section fb_built=&#8221;1&#8243; _builder_version=&#8221;4.27.0&#8243; background_color=&#8221;#DB9300&#8243; background_image=&#8221;https:\/\/www.eim.com\/it\/wp-content\/uploads\/sites\/5\/2021\/04\/libro-gestire-business-fluido.jpg&#8221; min_height=&#8221;425px&#8221; min_height_tablet=&#8221;400px&#8221; min_height_phone=&#8221;400px&#8221; min_height_last_edited=&#8221;on|phone&#8221; custom_margin=&#8221;0%||||false|false&#8221; top_divider_style=&#8221;slant&#8221; top_divider_color=&#8221;#FFFFFF&#8221; top_divider_flip=&#8221;vertical|horizontal&#8221; bottom_divider_color=&#8221;#ffffff&#8221; bottom_divider_flip=&#8221;horizontal&#8221; hover_enabled=&#8221;0&#8243; background_last_edited=&#8221;on|tablet&#8221; background_image_tablet=&#8221;https:\/\/www.eim.com\/it\/wp-content\/uploads\/sites\/5\/2021\/03\/gestire-business-fluido-cmprs.jpg&#8221; background_enable_image_tablet=&#8221;on&#8221; locked=&#8221;off&#8221; global_colors_info=&#8221;{}&#8221; sticky_enabled=&#8221;0&#8243;][et_pb_row column_structure=&#8221;1_2,1_2&#8243; custom_padding_last_edited=&#8221;on|tablet&#8221; _builder_version=&#8221;4.16&#8243; custom_margin=&#8221;|auto||auto|false|false&#8221; custom_margin_tablet=&#8221;40px|auto||auto|false|false&#8221; custom_margin_phone=&#8221;60px||||false|false&#8221; custom_margin_last_edited=&#8221;on|phone&#8221; custom_padding=&#8221;5%|5%|3%||false|false&#8221; custom_padding_tablet=&#8221;|0%|0%||false|false&#8221; custom_padding_phone=&#8221;|0%|0%||false|false&#8221; global_colors_info=&#8221;{}&#8221;][et_pb_column type=&#8221;1_2&#8243; _builder_version=&#8221;4.16&#8243; global_colors_info=&#8221;{}&#8221;][et_pb_text admin_label=&#8221;Title&#8221; _builder_version=&#8221;4.16&#8243; text_font=&#8221;||||||||&#8221; text_text_color=&#8221;#ffffff&#8221; header_font=&#8221;Prata||||||||&#8221; header_2_font=&#8221;Montserrat|700|||||||&#8221; header_2_text_align=&#8221;center&#8221; header_2_font_size=&#8221;30px&#8221; custom_margin=&#8221;||22px||false|false&#8221; custom_padding=&#8221;||||false|false&#8221; animation_style=&#8221;fade&#8221; animation_direction=&#8221;top&#8221; animation_duration=&#8221;1350ms&#8221; animation_starting_opacity=&#8221;100%&#8221; header_2_text_color_tablet=&#8221;#FFFFFF&#8221; header_2_text_color_phone=&#8221;#FFFFFF&#8221; header_2_text_color_last_edited=&#8221;on|phone&#8221; inline_fonts=&#8221;Prata,Montserrat&#8221; global_colors_info=&#8221;{}&#8221;]<\/p>\n<h2>Cambia modo di gestire il business<\/h2>\n<p>[\/et_pb_text][et_pb_button button_url=&#8221;https:\/\/www.eim.com\/it\/libro-gestire-il-business-fluido\/&#8221; button_text=&#8221;SCOPRI DI PI\u00d9&#8221; button_alignment=&#8221;center&#8221; _builder_version=&#8221;4.16&#8243; custom_button=&#8221;on&#8221; button_text_color=&#8221;#ffffff&#8221; button_bg_color=&#8221;#db932a&#8221; button_border_color=&#8221;#e09900&#8243; button_use_icon=&#8221;off&#8221; background_layout=&#8221;dark&#8221; locked=&#8221;off&#8221; global_colors_info=&#8221;{}&#8221;][\/et_pb_button][\/et_pb_column][et_pb_column type=&#8221;1_2&#8243; _builder_version=&#8221;4.16&#8243; global_colors_info=&#8221;{}&#8221;][\/et_pb_column][\/et_pb_row][\/et_pb_section]<\/p>\n","protected":false},"excerpt":{"rendered":"<p>Una delle sfide pi\u00f9 comuni per cui si richiede l\u2019intervento di un interim manager? La crisi di non crescita dell\u2019azienda. <\/p>\n<p>Scopriamo assieme i motivi che spingono un\u2019azienda verso la crisi e come evitarla nell\u2019articolo del nostro blog.<\/p>\n","protected":false},"author":2,"featured_media":14502,"comment_status":"closed","ping_status":"open","sticky":false,"template":"","format":"standard","meta":{"_et_pb_use_builder":"on","_et_pb_old_content":"","_et_gb_content_width":"2880","footnotes":""},"categories":[2193,2142],"tags":[],"class_list":["post-14452","post","type-post","status-publish","format-standard","has-post-thumbnail","hentry","category-carosello","category-crescita-aziendale"],"yoast_head":"<!-- This site is optimized with the Yoast SEO Premium plugin v27.0 (Yoast SEO v27.4) - https:\/\/yoast.com\/product\/yoast-seo-premium-wordpress\/ -->\n<title>Siamo sicuri che la non crescita sia un problema commerciale? - EIM Italia<\/title>\n<meta name=\"description\" content=\"Crisi di non crescita: e se non fosse un problema commerciale? Affrontiamo il tema insieme a Eugenio Cecchin, voce della Community EIM Italia.\" \/>\n<meta name=\"robots\" content=\"index, follow, max-snippet:-1, max-image-preview:large, max-video-preview:-1\" \/>\n<link rel=\"canonical\" href=\"https:\/\/www.eim.com\/it\/crescita-aziendale\/crisi-di-non-crescita\/\" \/>\n<meta property=\"og:locale\" content=\"it_IT\" \/>\n<meta property=\"og:type\" content=\"article\" \/>\n<meta property=\"og:title\" content=\"Siamo sicuri che la non crescita sia un problema commerciale?\" \/>\n<meta property=\"og:description\" content=\"Crisi di non crescita: e se non fosse un problema commerciale? Affrontiamo il tema insieme a Eugenio Cecchin, voce della Community EIM Italia.\" \/>\n<meta property=\"og:url\" content=\"https:\/\/www.eim.com\/it\/crescita-aziendale\/crisi-di-non-crescita\/\" \/>\n<meta property=\"og:site_name\" content=\"EIM Italia\" \/>\n<meta property=\"article:published_time\" content=\"2022-02-21T07:00:39+00:00\" \/>\n<meta property=\"article:modified_time\" content=\"2024-08-26T09:59:06+00:00\" \/>\n<meta property=\"og:image\" content=\"https:\/\/www.eim.com\/it\/wp-content\/uploads\/sites\/5\/2022\/02\/ITA_CECCHIN.png\" \/>\n\t<meta property=\"og:image:width\" content=\"1200\" \/>\n\t<meta property=\"og:image:height\" content=\"672\" \/>\n\t<meta property=\"og:image:type\" content=\"image\/png\" \/>\n<meta name=\"author\" content=\"eimworld\" \/>\n<meta name=\"twitter:card\" content=\"summary_large_image\" \/>\n<meta name=\"twitter:label1\" content=\"Scritto da\" \/>\n\t<meta name=\"twitter:data1\" content=\"eimworld\" \/>\n\t<meta name=\"twitter:label2\" content=\"Tempo di lettura stimato\" \/>\n\t<meta name=\"twitter:data2\" content=\"6 minuti\" \/>\n<script type=\"application\/ld+json\" class=\"yoast-schema-graph\">{\"@context\":\"https:\\\/\\\/schema.org\",\"@graph\":[{\"@type\":\"Article\",\"@id\":\"https:\\\/\\\/www.eim.com\\\/it\\\/crescita-aziendale\\\/crisi-di-non-crescita\\\/#article\",\"isPartOf\":{\"@id\":\"https:\\\/\\\/www.eim.com\\\/it\\\/crescita-aziendale\\\/crisi-di-non-crescita\\\/\"},\"author\":{\"name\":\"eimworld\",\"@id\":\"https:\\\/\\\/www.eim.com\\\/it\\\/#\\\/schema\\\/person\\\/82c5e4b03b7af649944ed10552319b91\"},\"headline\":\"Siamo sicuri che la non crescita sia un problema commerciale?\",\"datePublished\":\"2022-02-21T07:00:39+00:00\",\"dateModified\":\"2024-08-26T09:59:06+00:00\",\"mainEntityOfPage\":{\"@id\":\"https:\\\/\\\/www.eim.com\\\/it\\\/crescita-aziendale\\\/crisi-di-non-crescita\\\/\"},\"wordCount\":1779,\"publisher\":{\"@id\":\"https:\\\/\\\/www.eim.com\\\/it\\\/#organization\"},\"image\":{\"@id\":\"https:\\\/\\\/www.eim.com\\\/it\\\/crescita-aziendale\\\/crisi-di-non-crescita\\\/#primaryimage\"},\"thumbnailUrl\":\"https:\\\/\\\/www.eim.com\\\/it\\\/wp-content\\\/uploads\\\/sites\\\/5\\\/2022\\\/02\\\/ITA_CECCHIN.png\",\"articleSection\":[\"Carosello\",\"Crescita aziendale\"],\"inLanguage\":\"it-IT\"},{\"@type\":\"WebPage\",\"@id\":\"https:\\\/\\\/www.eim.com\\\/it\\\/crescita-aziendale\\\/crisi-di-non-crescita\\\/\",\"url\":\"https:\\\/\\\/www.eim.com\\\/it\\\/crescita-aziendale\\\/crisi-di-non-crescita\\\/\",\"name\":\"Siamo sicuri che la non crescita sia un problema commerciale? - EIM Italia\",\"isPartOf\":{\"@id\":\"https:\\\/\\\/www.eim.com\\\/it\\\/#website\"},\"primaryImageOfPage\":{\"@id\":\"https:\\\/\\\/www.eim.com\\\/it\\\/crescita-aziendale\\\/crisi-di-non-crescita\\\/#primaryimage\"},\"image\":{\"@id\":\"https:\\\/\\\/www.eim.com\\\/it\\\/crescita-aziendale\\\/crisi-di-non-crescita\\\/#primaryimage\"},\"thumbnailUrl\":\"https:\\\/\\\/www.eim.com\\\/it\\\/wp-content\\\/uploads\\\/sites\\\/5\\\/2022\\\/02\\\/ITA_CECCHIN.png\",\"datePublished\":\"2022-02-21T07:00:39+00:00\",\"dateModified\":\"2024-08-26T09:59:06+00:00\",\"description\":\"Crisi di non crescita: e se non fosse un problema commerciale? Affrontiamo il tema insieme a Eugenio Cecchin, voce della Community EIM Italia.\",\"breadcrumb\":{\"@id\":\"https:\\\/\\\/www.eim.com\\\/it\\\/crescita-aziendale\\\/crisi-di-non-crescita\\\/#breadcrumb\"},\"inLanguage\":\"it-IT\",\"potentialAction\":[{\"@type\":\"ReadAction\",\"target\":[\"https:\\\/\\\/www.eim.com\\\/it\\\/crescita-aziendale\\\/crisi-di-non-crescita\\\/\"]}]},{\"@type\":\"ImageObject\",\"inLanguage\":\"it-IT\",\"@id\":\"https:\\\/\\\/www.eim.com\\\/it\\\/crescita-aziendale\\\/crisi-di-non-crescita\\\/#primaryimage\",\"url\":\"https:\\\/\\\/www.eim.com\\\/it\\\/wp-content\\\/uploads\\\/sites\\\/5\\\/2022\\\/02\\\/ITA_CECCHIN.png\",\"contentUrl\":\"https:\\\/\\\/www.eim.com\\\/it\\\/wp-content\\\/uploads\\\/sites\\\/5\\\/2022\\\/02\\\/ITA_CECCHIN.png\",\"width\":1200,\"height\":672},{\"@type\":\"BreadcrumbList\",\"@id\":\"https:\\\/\\\/www.eim.com\\\/it\\\/crescita-aziendale\\\/crisi-di-non-crescita\\\/#breadcrumb\",\"itemListElement\":[{\"@type\":\"ListItem\",\"position\":1,\"name\":\"Home\",\"item\":\"https:\\\/\\\/www.eim.com\\\/it\\\/\"},{\"@type\":\"ListItem\",\"position\":2,\"name\":\"Siamo sicuri che la non crescita sia un problema commerciale?\"}]},{\"@type\":\"WebSite\",\"@id\":\"https:\\\/\\\/www.eim.com\\\/it\\\/#website\",\"url\":\"https:\\\/\\\/www.eim.com\\\/it\\\/\",\"name\":\"EIM Italia\",\"description\":\"Siamo gli inventori dell&#039;Executive Interim Management\",\"publisher\":{\"@id\":\"https:\\\/\\\/www.eim.com\\\/it\\\/#organization\"},\"potentialAction\":[{\"@type\":\"SearchAction\",\"target\":{\"@type\":\"EntryPoint\",\"urlTemplate\":\"https:\\\/\\\/www.eim.com\\\/it\\\/?s={search_term_string}\"},\"query-input\":{\"@type\":\"PropertyValueSpecification\",\"valueRequired\":true,\"valueName\":\"search_term_string\"}}],\"inLanguage\":\"it-IT\"},{\"@type\":\"Organization\",\"@id\":\"https:\\\/\\\/www.eim.com\\\/it\\\/#organization\",\"name\":\"EIM\",\"url\":\"https:\\\/\\\/www.eim.com\\\/it\\\/\",\"logo\":{\"@type\":\"ImageObject\",\"inLanguage\":\"it-IT\",\"@id\":\"https:\\\/\\\/www.eim.com\\\/it\\\/#\\\/schema\\\/logo\\\/image\\\/\",\"url\":\"https:\\\/\\\/www.eim.com\\\/it\\\/wp-content\\\/uploads\\\/sites\\\/5\\\/2022\\\/02\\\/logo-eim-favicon2022.png\",\"contentUrl\":\"https:\\\/\\\/www.eim.com\\\/it\\\/wp-content\\\/uploads\\\/sites\\\/5\\\/2022\\\/02\\\/logo-eim-favicon2022.png\",\"width\":427,\"height\":427,\"caption\":\"EIM\"},\"image\":{\"@id\":\"https:\\\/\\\/www.eim.com\\\/it\\\/#\\\/schema\\\/logo\\\/image\\\/\"}},{\"@type\":\"Person\",\"@id\":\"https:\\\/\\\/www.eim.com\\\/it\\\/#\\\/schema\\\/person\\\/82c5e4b03b7af649944ed10552319b91\",\"name\":\"eimworld\",\"image\":{\"@type\":\"ImageObject\",\"inLanguage\":\"it-IT\",\"@id\":\"https:\\\/\\\/secure.gravatar.com\\\/avatar\\\/06dc2838cb0c066488cdb4b104beba474e6305a2d11cbb1fb7353f876daae9f3?s=96&d=mm&r=g\",\"url\":\"https:\\\/\\\/secure.gravatar.com\\\/avatar\\\/06dc2838cb0c066488cdb4b104beba474e6305a2d11cbb1fb7353f876daae9f3?s=96&d=mm&r=g\",\"contentUrl\":\"https:\\\/\\\/secure.gravatar.com\\\/avatar\\\/06dc2838cb0c066488cdb4b104beba474e6305a2d11cbb1fb7353f876daae9f3?s=96&d=mm&r=g\",\"caption\":\"eimworld\"},\"sameAs\":[\"https:\\\/\\\/eimworld.wpengine.com\"]}]}<\/script>\n<!-- \/ Yoast SEO Premium plugin. -->","yoast_head_json":{"title":"Siamo sicuri che la non crescita sia un problema commerciale? - EIM Italia","description":"Crisi di non crescita: e se non fosse un problema commerciale? Affrontiamo il tema insieme a Eugenio Cecchin, voce della Community EIM Italia.","robots":{"index":"index","follow":"follow","max-snippet":"max-snippet:-1","max-image-preview":"max-image-preview:large","max-video-preview":"max-video-preview:-1"},"canonical":"https:\/\/www.eim.com\/it\/crescita-aziendale\/crisi-di-non-crescita\/","og_locale":"it_IT","og_type":"article","og_title":"Siamo sicuri che la non crescita sia un problema commerciale?","og_description":"Crisi di non crescita: e se non fosse un problema commerciale? Affrontiamo il tema insieme a Eugenio Cecchin, voce della Community EIM Italia.","og_url":"https:\/\/www.eim.com\/it\/crescita-aziendale\/crisi-di-non-crescita\/","og_site_name":"EIM Italia","article_published_time":"2022-02-21T07:00:39+00:00","article_modified_time":"2024-08-26T09:59:06+00:00","og_image":[{"width":1200,"height":672,"url":"https:\/\/www.eim.com\/it\/wp-content\/uploads\/sites\/5\/2022\/02\/ITA_CECCHIN.png","type":"image\/png"}],"author":"eimworld","twitter_card":"summary_large_image","twitter_misc":{"Scritto da":"eimworld","Tempo di lettura stimato":"6 minuti"},"schema":{"@context":"https:\/\/schema.org","@graph":[{"@type":"Article","@id":"https:\/\/www.eim.com\/it\/crescita-aziendale\/crisi-di-non-crescita\/#article","isPartOf":{"@id":"https:\/\/www.eim.com\/it\/crescita-aziendale\/crisi-di-non-crescita\/"},"author":{"name":"eimworld","@id":"https:\/\/www.eim.com\/it\/#\/schema\/person\/82c5e4b03b7af649944ed10552319b91"},"headline":"Siamo sicuri che la non crescita sia un problema commerciale?","datePublished":"2022-02-21T07:00:39+00:00","dateModified":"2024-08-26T09:59:06+00:00","mainEntityOfPage":{"@id":"https:\/\/www.eim.com\/it\/crescita-aziendale\/crisi-di-non-crescita\/"},"wordCount":1779,"publisher":{"@id":"https:\/\/www.eim.com\/it\/#organization"},"image":{"@id":"https:\/\/www.eim.com\/it\/crescita-aziendale\/crisi-di-non-crescita\/#primaryimage"},"thumbnailUrl":"https:\/\/www.eim.com\/it\/wp-content\/uploads\/sites\/5\/2022\/02\/ITA_CECCHIN.png","articleSection":["Carosello","Crescita aziendale"],"inLanguage":"it-IT"},{"@type":"WebPage","@id":"https:\/\/www.eim.com\/it\/crescita-aziendale\/crisi-di-non-crescita\/","url":"https:\/\/www.eim.com\/it\/crescita-aziendale\/crisi-di-non-crescita\/","name":"Siamo sicuri che la non crescita sia un problema commerciale? - EIM Italia","isPartOf":{"@id":"https:\/\/www.eim.com\/it\/#website"},"primaryImageOfPage":{"@id":"https:\/\/www.eim.com\/it\/crescita-aziendale\/crisi-di-non-crescita\/#primaryimage"},"image":{"@id":"https:\/\/www.eim.com\/it\/crescita-aziendale\/crisi-di-non-crescita\/#primaryimage"},"thumbnailUrl":"https:\/\/www.eim.com\/it\/wp-content\/uploads\/sites\/5\/2022\/02\/ITA_CECCHIN.png","datePublished":"2022-02-21T07:00:39+00:00","dateModified":"2024-08-26T09:59:06+00:00","description":"Crisi di non crescita: e se non fosse un problema commerciale? Affrontiamo il tema insieme a Eugenio Cecchin, voce della Community EIM Italia.","breadcrumb":{"@id":"https:\/\/www.eim.com\/it\/crescita-aziendale\/crisi-di-non-crescita\/#breadcrumb"},"inLanguage":"it-IT","potentialAction":[{"@type":"ReadAction","target":["https:\/\/www.eim.com\/it\/crescita-aziendale\/crisi-di-non-crescita\/"]}]},{"@type":"ImageObject","inLanguage":"it-IT","@id":"https:\/\/www.eim.com\/it\/crescita-aziendale\/crisi-di-non-crescita\/#primaryimage","url":"https:\/\/www.eim.com\/it\/wp-content\/uploads\/sites\/5\/2022\/02\/ITA_CECCHIN.png","contentUrl":"https:\/\/www.eim.com\/it\/wp-content\/uploads\/sites\/5\/2022\/02\/ITA_CECCHIN.png","width":1200,"height":672},{"@type":"BreadcrumbList","@id":"https:\/\/www.eim.com\/it\/crescita-aziendale\/crisi-di-non-crescita\/#breadcrumb","itemListElement":[{"@type":"ListItem","position":1,"name":"Home","item":"https:\/\/www.eim.com\/it\/"},{"@type":"ListItem","position":2,"name":"Siamo sicuri che la non crescita sia un problema commerciale?"}]},{"@type":"WebSite","@id":"https:\/\/www.eim.com\/it\/#website","url":"https:\/\/www.eim.com\/it\/","name":"EIM Italia","description":"Siamo gli inventori dell&#039;Executive Interim Management","publisher":{"@id":"https:\/\/www.eim.com\/it\/#organization"},"potentialAction":[{"@type":"SearchAction","target":{"@type":"EntryPoint","urlTemplate":"https:\/\/www.eim.com\/it\/?s={search_term_string}"},"query-input":{"@type":"PropertyValueSpecification","valueRequired":true,"valueName":"search_term_string"}}],"inLanguage":"it-IT"},{"@type":"Organization","@id":"https:\/\/www.eim.com\/it\/#organization","name":"EIM","url":"https:\/\/www.eim.com\/it\/","logo":{"@type":"ImageObject","inLanguage":"it-IT","@id":"https:\/\/www.eim.com\/it\/#\/schema\/logo\/image\/","url":"https:\/\/www.eim.com\/it\/wp-content\/uploads\/sites\/5\/2022\/02\/logo-eim-favicon2022.png","contentUrl":"https:\/\/www.eim.com\/it\/wp-content\/uploads\/sites\/5\/2022\/02\/logo-eim-favicon2022.png","width":427,"height":427,"caption":"EIM"},"image":{"@id":"https:\/\/www.eim.com\/it\/#\/schema\/logo\/image\/"}},{"@type":"Person","@id":"https:\/\/www.eim.com\/it\/#\/schema\/person\/82c5e4b03b7af649944ed10552319b91","name":"eimworld","image":{"@type":"ImageObject","inLanguage":"it-IT","@id":"https:\/\/secure.gravatar.com\/avatar\/06dc2838cb0c066488cdb4b104beba474e6305a2d11cbb1fb7353f876daae9f3?s=96&d=mm&r=g","url":"https:\/\/secure.gravatar.com\/avatar\/06dc2838cb0c066488cdb4b104beba474e6305a2d11cbb1fb7353f876daae9f3?s=96&d=mm&r=g","contentUrl":"https:\/\/secure.gravatar.com\/avatar\/06dc2838cb0c066488cdb4b104beba474e6305a2d11cbb1fb7353f876daae9f3?s=96&d=mm&r=g","caption":"eimworld"},"sameAs":["https:\/\/eimworld.wpengine.com"]}]}},"_links":{"self":[{"href":"https:\/\/www.eim.com\/it\/wp-json\/wp\/v2\/posts\/14452","targetHints":{"allow":["GET"]}}],"collection":[{"href":"https:\/\/www.eim.com\/it\/wp-json\/wp\/v2\/posts"}],"about":[{"href":"https:\/\/www.eim.com\/it\/wp-json\/wp\/v2\/types\/post"}],"author":[{"embeddable":true,"href":"https:\/\/www.eim.com\/it\/wp-json\/wp\/v2\/users\/2"}],"replies":[{"embeddable":true,"href":"https:\/\/www.eim.com\/it\/wp-json\/wp\/v2\/comments?post=14452"}],"version-history":[{"count":0,"href":"https:\/\/www.eim.com\/it\/wp-json\/wp\/v2\/posts\/14452\/revisions"}],"wp:featuredmedia":[{"embeddable":true,"href":"https:\/\/www.eim.com\/it\/wp-json\/wp\/v2\/media\/14502"}],"wp:attachment":[{"href":"https:\/\/www.eim.com\/it\/wp-json\/wp\/v2\/media?parent=14452"}],"wp:term":[{"taxonomy":"category","embeddable":true,"href":"https:\/\/www.eim.com\/it\/wp-json\/wp\/v2\/categories?post=14452"},{"taxonomy":"post_tag","embeddable":true,"href":"https:\/\/www.eim.com\/it\/wp-json\/wp\/v2\/tags?post=14452"}],"curies":[{"name":"wp","href":"https:\/\/api.w.org\/{rel}","templated":true}]}}