{"id":13791,"date":"2021-12-06T10:35:00","date_gmt":"2021-12-06T09:35:00","guid":{"rendered":"https:\/\/www.eim.com\/it\/?p=13791"},"modified":"2024-08-26T11:56:12","modified_gmt":"2024-08-26T09:56:12","slug":"integrazione-post-merge","status":"publish","type":"post","link":"https:\/\/www.eim.com\/it\/crescita-aziendale\/integrazione-post-merge\/","title":{"rendered":"Integrazione post-m&#038;a: strategie, processi e skill necessari."},"content":{"rendered":"<p>[et_pb_section fb_built=&#8221;1&#8243; admin_label=&#8221;Hero Section&#8221; _builder_version=&#8221;4.16&#8243; background_color=&#8221;#002c3e&#8221; use_background_color_gradient=&#8221;on&#8221; background_color_gradient_direction=&#8221;174deg&#8221; background_color_gradient_stops=&#8221;rgba(0,0,0,0.51) 87%|rgba(0,0,0,0.51) 87%&#8221; background_color_gradient_overlays_image=&#8221;on&#8221; background_color_gradient_start=&#8221;rgba(0,0,0,0.51)&#8221; background_color_gradient_start_position=&#8221;87%&#8221; background_color_gradient_end=&#8221;rgba(0,0,0,0.51)&#8221; background_color_gradient_end_position=&#8221;29%&#8221; background_image=&#8221;https:\/\/www.eim.com\/it\/wp-content\/uploads\/sites\/5\/2021\/12\/Integrazione-post-m-e-a.jpeg&#8221; height=&#8221;664px&#8221; height_tablet=&#8221;500px&#8221; height_phone=&#8221;750px&#8221; height_last_edited=&#8221;on|phone&#8221; custom_padding=&#8221;6%||0%|||&#8221; bottom_divider_style=&#8221;slant&#8221; bottom_divider_color=&#8221;#ffffff&#8221; bottom_divider_height=&#8221;150px&#8221; bottom_divider_flip=&#8221;horizontal&#8221; locked=&#8221;off&#8221; global_colors_info=&#8221;{}&#8221; background_color_gradient_direction__hover=&#8221;180deg&#8221; background_color_gradient_direction__hover_enabled=&#8221;180deg&#8221; background_color_gradient_start_position__hover=&#8221;0%&#8221; background_color_gradient_start_position__hover_enabled=&#8221;0%&#8221; background_color_gradient_end_position__hover=&#8221;100%&#8221; background_color_gradient_end_position__hover_enabled=&#8221;100%&#8221; background_color_gradient_stops__hover=&#8221;rgba(0,0,0,0.51) 0%|rgba(0,0,0,0.51) 100%&#8221;][et_pb_row _builder_version=&#8221;4.16&#8243; custom_margin_tablet=&#8221;&#8221; custom_margin_phone=&#8221;5%||||false|false&#8221; custom_margin_last_edited=&#8221;on|phone&#8221; global_colors_info=&#8221;{}&#8221;][et_pb_column type=&#8221;4_4&#8243; _builder_version=&#8221;4.16&#8243; global_colors_info=&#8221;{}&#8221;][et_pb_text admin_label=&#8221;Hero Section Title&#8221; _builder_version=&#8221;4.16&#8243; text_font=&#8221;Montserrat|800|||||||&#8221; text_font_size=&#8221;18px&#8221; text_line_height=&#8221;1.3em&#8221; header_font=&#8221;Montserrat|700|||||||&#8221; header_font_size=&#8221;56px&#8221; header_letter_spacing=&#8221;3px&#8221; header_line_height=&#8221;1.1em&#8221; header_2_font=&#8221;Montserrat|700|||||||&#8221; header_2_text_color=&#8221;rgba(255,255,255,0.6)&#8221; header_2_font_size=&#8221;90px&#8221; header_2_letter_spacing=&#8221;3px&#8221; header_2_line_height=&#8221;1.1em&#8221; text_orientation=&#8221;center&#8221; background_layout=&#8221;dark&#8221; max_width=&#8221;900px&#8221; module_alignment=&#8221;center&#8221; custom_margin=&#8221;0px||0px||false|false&#8221; animation_style=&#8221;fade&#8221; animation_direction=&#8221;bottom&#8221; animation_duration=&#8221;1350ms&#8221; header_font_size_tablet=&#8221;&#8221; header_font_size_phone=&#8221;28px&#8221; header_font_size_last_edited=&#8221;on|phone&#8221; header_2_font_size_tablet=&#8221;&#8221; header_2_font_size_phone=&#8221;50px&#8221; header_2_font_size_last_edited=&#8221;on|phone&#8221; text_text_shadow_style=&#8221;preset1&#8243; text_text_shadow_horizontal_length=&#8221;0.28em&#8221; locked=&#8221;off&#8221; inline_fonts=&#8221;Prata,Montserrat&#8221; global_colors_info=&#8221;{}&#8221;]<\/p>\n<h1 style=\"font-size: 50px;\">Integrazione post-M&amp;A: strategie, processi e skill necessari. <br \/>Esperienze a confronto<\/h1>\n<p>[\/et_pb_text][\/et_pb_column][\/et_pb_row][\/et_pb_section][et_pb_section fb_built=&#8221;1&#8243; disabled_on=&#8221;off|off|off&#8221; _builder_version=&#8221;4.16&#8243; background_color=&#8221;#ffffff&#8221; custom_margin=&#8221;||||false|false&#8221; custom_padding=&#8221;10px||||false|false&#8221; top_divider_style=&#8221;slant&#8221; top_divider_color=&#8221;#ffffff&#8221; bottom_divider_flip=&#8221;horizontal&#8221; locked=&#8221;off&#8221; global_colors_info=&#8221;{}&#8221;][et_pb_row admin_label=&#8221;Title Area&#8221; _builder_version=&#8221;4.16&#8243; background_color=&#8221;rgba(0,0,0,0)&#8221; width=&#8221;100%&#8221; module_alignment=&#8221;center&#8221; custom_margin=&#8221;||||false|false&#8221; custom_padding=&#8221;3%|0px|0.2%|0px|false|false&#8221; global_colors_info=&#8221;{}&#8221;][et_pb_column type=&#8221;4_4&#8243; _builder_version=&#8221;4.16&#8243; custom_padding=&#8221;|||&#8221; global_colors_info=&#8221;{}&#8221; custom_padding__hover=&#8221;|||&#8221;][et_pb_text admin_label=&#8221;Title&#8221; _builder_version=&#8221;4.16&#8243; text_font=&#8221;||||||||&#8221; text_text_color=&#8221;#ffffff&#8221; header_font=&#8221;Prata||||||||&#8221; header_2_font=&#8221;Montserrat|700|||||||&#8221; header_2_text_align=&#8221;center&#8221; header_2_font_size=&#8221;30px&#8221; custom_margin=&#8221;||3%||false|false&#8221; custom_padding=&#8221;||||false|false&#8221; animation_style=&#8221;fade&#8221; animation_direction=&#8221;top&#8221; animation_duration=&#8221;1350ms&#8221; animation_starting_opacity=&#8221;100%&#8221; inline_fonts=&#8221;Prata,Montserrat&#8221; global_colors_info=&#8221;{}&#8221;]<\/p>\n<h2>Operazioni di fusione e acquisizione:<\/h2>\n<h2>le riflessioni dei manager protagonisti<\/h2>\n<p>[\/et_pb_text][et_pb_text _builder_version=&#8221;4.17.3&#8243; text_font_size=&#8221;16px&#8221; max_width=&#8221;90%&#8221; module_alignment=&#8221;center&#8221; custom_margin=&#8221;||5%||false|false&#8221; global_colors_info=&#8221;{}&#8221;]<\/p>\n<p style=\"text-align: justify;\">In una fase di <strong>ripartenza del mercato<\/strong> come quella che stiamo vivendo, le operazioni che portano a <strong>fusioni e acquisizioni sono in forte aumento<\/strong> per cogliere opportunit\u00e0 e rafforzare il posizionamento aziendale pi\u00f9 velocemente rispetto alla concorrenza. Non solo: la crescita per vie esterne \u00e8 sempre di pi\u00f9 <strong>una necessit\u00e0 per restare al passo<\/strong> con le evoluzioni dei mercati.<\/p>\n<p style=\"text-align: justify;\">Sebbene, in genere, siano ampiamente standardizzate le fasi che precedono il closing, c\u2019\u00e8 spesso una colpevole <strong>sottovalutazione dell\u2019importanza della fase del \u201cpost M&amp;A\u201d,<\/strong> visto che pi\u00f9 della met\u00e0 delle acquisizioni non centra gli obiettivi di raggiungimento dei valori fissati nel deal. Il motivo? Quasi sempre riconducibile a <strong>una mancata pianificazione o sbagliata gestione dell\u2019integrazione tra le due realt\u00e0 che si uniscono<\/strong>, a volte per valutazioni tattico\/strategiche errate e altre volte perch\u00e9 non si sono prese bene le misure sui fattori culturali, organizzativi, sociali e funzionali che l\u2019operazione comporta.<\/p>\n<p style=\"text-align: justify;\">EIM Italia ha messo di fronte alcuni manager protagonisti, oggi o nel recente passato, di operazioni di fusione e acquisizione per grandi gruppi e aziende di rilievo, ponendo loro alcune domande per provare a delineare modelli virtuosi: <strong>come si fa a trarre pieno valore dalle sinergie?<\/strong> Conviene seguire il modello \u201cimperialista\u201d del completo assorbimento del target o quello \u201cfederale\u201d della coesistenza? Che ruolo riservare all\u2019imprenditore che ha venduto? Quali sono <strong>gli impatti culturali<\/strong> che possono derivare dall\u2019integrazione? Ne sono nate riflessioni che, se non hanno generato una ricetta unica di successo, hanno certamente individuato<strong> gli errori pi\u00f9 frequenti e le condotte pi\u00f9 efficaci.<\/strong><\/p>\n<p>[\/et_pb_text][\/et_pb_column][\/et_pb_row][\/et_pb_section][et_pb_section fb_built=&#8221;1&#8243; custom_padding_last_edited=&#8221;on|tablet&#8221; disabled_on=&#8221;off|off|off&#8221; _builder_version=&#8221;4.16&#8243; background_color=&#8221;#e6e6e6&#8243; custom_margin=&#8221;||||false|false&#8221; custom_padding=&#8221;100px||70px||false|false&#8221; custom_padding_tablet=&#8221;150px||70px||false|false&#8221; custom_padding_phone=&#8221;&#8221; top_divider_style=&#8221;slant&#8221; top_divider_color=&#8221;#ffffff&#8221; bottom_divider_flip=&#8221;horizontal&#8221; locked=&#8221;off&#8221; global_colors_info=&#8221;{}&#8221;][et_pb_row admin_label=&#8221;Title Area&#8221; _builder_version=&#8221;4.16&#8243; background_color=&#8221;rgba(0,0,0,0)&#8221; width=&#8221;100%&#8221; module_alignment=&#8221;center&#8221; custom_margin=&#8221;||||false|false&#8221; custom_padding=&#8221;3%|0px|0.2%|0px|false|false&#8221; global_colors_info=&#8221;{}&#8221;][et_pb_column type=&#8221;4_4&#8243; _builder_version=&#8221;4.16&#8243; custom_padding=&#8221;|||&#8221; global_colors_info=&#8221;{}&#8221; custom_padding__hover=&#8221;|||&#8221;][et_pb_text admin_label=&#8221;Title&#8221; _builder_version=&#8221;4.16&#8243; text_font=&#8221;||||||||&#8221; text_text_color=&#8221;#ffffff&#8221; header_font=&#8221;Prata||||||||&#8221; header_2_font=&#8221;Montserrat|700|||||||&#8221; header_2_text_align=&#8221;center&#8221; header_2_font_size=&#8221;30px&#8221; custom_margin=&#8221;||3%||false|false&#8221; custom_padding=&#8221;||||false|false&#8221; animation_style=&#8221;fade&#8221; animation_direction=&#8221;top&#8221; animation_duration=&#8221;1350ms&#8221; animation_starting_opacity=&#8221;100%&#8221; inline_fonts=&#8221;Prata,Montserrat&#8221; global_colors_info=&#8221;{}&#8221;]<\/p>\n<h2>Modelli imprenditoriali a confronto: parlano i CEO<\/h2>\n<p>[\/et_pb_text][et_pb_text _builder_version=&#8221;4.17.3&#8243; text_font_size=&#8221;16px&#8221; max_width=&#8221;90%&#8221; module_alignment=&#8221;center&#8221; custom_margin=&#8221;||||false|false&#8221; global_colors_info=&#8221;{}&#8221;]<\/p>\n<p style=\"text-align: justify;\"><em>\u201cIl lavoro di integrazione \u00e8 faticoso e richiede tempo\u201d<\/em>, spiega <strong>Lino Tedeschi<\/strong>, a capo di <strong>Tesya<\/strong>, un raggruppamento di 18 societ\u00e0 che fattura oltre un miliardo e impiega circa 3mila persone. <em>\u201cMolto dipende dall\u2019approccio che si usa: noi ci siamo imposti come regola di non parlare mai di acquisizione con il nostro target, altrimenti lo si demotiva. Ci si fonde, si entra a far parte di un Gruppo e si condivide insieme un sistema di valori, non \u00e8 certo il mercato degli schiavi, in cui si passa da un padrone all\u2019altro\u201d<\/em>. Il <strong>rapporto con gli imprenditori<\/strong> che cedono la propria azienda \u00e8 un punto cruciale.<\/p>\n<p><strong>Paolo Recrosio<\/strong>, CEO a livello EMEA della multinazionale <strong>Berlin Packaging<\/strong>, non ha dubbi: <em>\u201cNella nostra filosofia l\u2019imprenditore deve rimanere agganciato al Gruppo. Acquisiamo la sua azienda perch\u00e9 \u00e8 una realt\u00e0 di successo e non abbiamo motivo di rinunciare a lui. Il vantaggio \u00e8 che <strong>questo modello<\/strong> <strong>non crea forti discontinuit\u00e0<\/strong> perch\u00e9 di fronte al mercato rimangono la stessa faccia e lo stesso team, ma con un numero di risorse amplificato e pi\u00f9 armi a disposizione\u201d<\/em>.<\/p>\n<p style=\"text-align: justify;\">A questo modello compartecipato si contrappone quello pi\u00f9 \u201cimperialista\u201d adottato da <strong>Synlab Italia<\/strong>, societ\u00e0 leader in Italia e in Europa nella diagnostica medica e ambulatoriale, che fa tantissime acquisizioni imponendo <strong>processi uniformi, una compliance gestionale e regolatoria standardizzata e un brand unico.<\/strong> <em>\u201cNel nostro caso<\/em> &#8211; spiega il CEO <strong>Giovanni Gianolli<\/strong> &#8211; <em>il modello federalista sarebbe difficilmente sostenibile per la complessit\u00e0 che ne deriverebbe. Nonostante ci\u00f2, laddove ha un senso di mercato o il target acquisito presenta specificit\u00e0 di processi e servizi, mettiamo come condizione per l\u2019acquisizione che l\u2019imprenditore faccia con noi ancora un pezzo di strada, magari uno, due o tre anni\u201d.<\/em><\/p>\n<p>[\/et_pb_text][\/et_pb_column][\/et_pb_row][\/et_pb_section][et_pb_section fb_built=&#8221;1&#8243; prev_background_color=&#8221;#e6e6e6&#8243; _builder_version=&#8221;4.16&#8243; _module_preset=&#8221;default&#8221; background_color=&#8221;#002c3e&#8221; custom_padding=&#8221;140px||||false|false&#8221; top_divider_style=&#8221;slant&#8221; global_colors_info=&#8221;{}&#8221;][et_pb_row admin_label=&#8221;Title Area&#8221; _builder_version=&#8221;4.16&#8243; background_color=&#8221;rgba(0,0,0,0)&#8221; width=&#8221;100%&#8221; module_alignment=&#8221;center&#8221; custom_margin=&#8221;||||false|false&#8221; custom_padding=&#8221;3%|0px|0.2%|0px|false|false&#8221; global_colors_info=&#8221;{}&#8221;][et_pb_column type=&#8221;4_4&#8243; _builder_version=&#8221;4.16&#8243; custom_padding=&#8221;|||&#8221; global_colors_info=&#8221;{}&#8221; custom_padding__hover=&#8221;|||&#8221;][et_pb_text admin_label=&#8221;Title&#8221; _builder_version=&#8221;4.16&#8243; text_font=&#8221;||||||||&#8221; text_text_color=&#8221;#ffffff&#8221; header_font=&#8221;Prata||||||||&#8221; header_2_font=&#8221;Montserrat|700|||||||&#8221; header_2_text_align=&#8221;center&#8221; header_2_font_size=&#8221;30px&#8221; custom_margin=&#8221;||3%||false|false&#8221; custom_padding=&#8221;||||false|false&#8221; animation_style=&#8221;fade&#8221; animation_direction=&#8221;top&#8221; animation_duration=&#8221;1350ms&#8221; animation_starting_opacity=&#8221;100%&#8221; inline_fonts=&#8221;Prata,Montserrat&#8221; global_colors_info=&#8221;{}&#8221;]<\/p>\n<h2><span style=\"color: #ffffff;\">Gli errori di un approccio che non funziona<\/span><\/h2>\n<p>[\/et_pb_text][\/et_pb_column][\/et_pb_row][et_pb_row column_structure=&#8221;1_2,1_2&#8243; _builder_version=&#8221;4.16&#8243; _module_preset=&#8221;default&#8221; width=&#8221;100%&#8221; module_alignment=&#8221;center&#8221; global_colors_info=&#8221;{}&#8221;][et_pb_column type=&#8221;1_2&#8243; _builder_version=&#8221;4.16&#8243; _module_preset=&#8221;default&#8221; global_colors_info=&#8221;{}&#8221;][et_pb_text _builder_version=&#8221;4.16&#8243; text_text_color=&#8221;#FFFFFF&#8221; text_font_size=&#8221;16px&#8221; max_width=&#8221;90%&#8221; module_alignment=&#8221;center&#8221; custom_margin=&#8221;||5%||false|false&#8221; locked=&#8221;off&#8221; global_colors_info=&#8221;{}&#8221;]<\/p>\n<p style=\"text-align: justify;\">Non tutti gli approcci si sono dimostrati vincenti, per\u00f2. <strong>Ugo Vinti<\/strong>, CEO di Valvitalia da un anno, \u00e8 impegnato in un articolato piano di ristrutturazione industriale e finanziaria del Gruppo, player globale nel settore dell\u2019Oil &amp; Gas, con prodotti installati in oltre 120 paesi nel mondo. <strong>Valvitalia<\/strong>, nata dall\u2019iniziativa e dall\u2019intuizione di un imprenditore privato, dopo oltre 15 anni di crescita, realizzata in parte tramite acquisizioni (15 in 15 anni), con risultati e margini operativi ampiamente remunerativi, <strong>\u00e8 andata in sofferenza quando il mercato di riferimento ha cominciato a contrarsi.<\/strong> <em>\u201cLe cose sono andate molto bene fino a quando la domanda \u00e8 risultata superiore rispetto alle capacit\u00e0 produttive del settore. Questo ha forse creato l\u2019illusione che il modello di business adottato, basato sul mantenimento di un elevato grado di autonomia delle societ\u00e0 acquisite ma per contro poco efficace in relazione alle sinergie di costo e di governo, potesse risultare vincente\u201d<\/em>, ha spiegato Vinti.\u00a0<\/p>\n<p>[\/et_pb_text][\/et_pb_column][et_pb_column type=&#8221;1_2&#8243; _builder_version=&#8221;4.16&#8243; _module_preset=&#8221;default&#8221; global_colors_info=&#8221;{}&#8221;][et_pb_text _builder_version=&#8221;4.16&#8243; text_text_color=&#8221;#FFFFFF&#8221; text_font_size=&#8221;16px&#8221; max_width=&#8221;90%&#8221; module_alignment=&#8221;center&#8221; custom_margin=&#8221;||5%||false|false&#8221; locked=&#8221;off&#8221; global_colors_info=&#8221;{}&#8221;]<\/p>\n<p style=\"text-align: justify;\"><em>\u201cCon l\u2019inversione di mercato, la solidit\u00e0 del gruppo si \u00e8 repentinamente compromessa e, con volumi di produzione dimezzati, i nove stabilimenti del gruppo hanno cominciato a bruciare cassa. Oggi lavoriamo con <strong>un modello organizzativo unico<\/strong>, stiamo ridisegnando il footprint industriale e a breve termineremo l\u2019integrazione di sistemi e processi in un singolo ERP. Di certo sarebbe stato meglio procedere con l\u2019integrazione durante i numerosi anni in cui l\u2019azienda ha realizzato brillanti risultati piuttosto che in un momento di oggettiva crisi di mercato e finanziaria. La strada da percorrere \u00e8 infatti ancora lunga: <strong>va trovato il giusto bilanciamento tra il programma di rinnovamento<\/strong>, l&#8217;efficienza e l&#8217;integrazione con le capacit\u00e0 manageriali esistenti, tenendo anche conto delle tipiche resistenze al cambiamento di parte dell\u2019organizzazione\u201d<\/em>.<\/p>\n<p>[\/et_pb_text][\/et_pb_column][\/et_pb_row][\/et_pb_section][et_pb_section fb_built=&#8221;1&#8243; prev_background_color=&#8221;#002c3e&#8221; _builder_version=&#8221;4.16&#8243; _module_preset=&#8221;default&#8221; custom_padding=&#8221;80px||||false|false&#8221; top_divider_style=&#8221;slant&#8221; top_divider_flip=&#8221;vertical&#8221; global_colors_info=&#8221;{}&#8221;][et_pb_row _builder_version=&#8221;4.16&#8243; _module_preset=&#8221;default&#8221; width=&#8221;100%&#8221; module_alignment=&#8221;center&#8221; global_colors_info=&#8221;{}&#8221;][et_pb_column type=&#8221;4_4&#8243; _builder_version=&#8221;4.16&#8243; _module_preset=&#8221;default&#8221; global_colors_info=&#8221;{}&#8221;][et_pb_text admin_label=&#8221;Title&#8221; _builder_version=&#8221;4.16&#8243; text_font=&#8221;||||||||&#8221; text_text_color=&#8221;#ffffff&#8221; header_font=&#8221;Prata||||||||&#8221; header_2_font=&#8221;Montserrat|700|||||||&#8221; header_2_text_align=&#8221;center&#8221; header_2_font_size=&#8221;30px&#8221; custom_margin=&#8221;||3%||false|false&#8221; custom_padding=&#8221;||||false|false&#8221; animation_style=&#8221;fade&#8221; animation_direction=&#8221;top&#8221; animation_duration=&#8221;1350ms&#8221; animation_starting_opacity=&#8221;100%&#8221; inline_fonts=&#8221;Prata,Montserrat&#8221; global_colors_info=&#8221;{}&#8221;]<\/p>\n<h2>Divario culturale: un aspetto da non trascurare<\/h2>\n<p>[\/et_pb_text][et_pb_text _builder_version=&#8221;4.16&#8243; text_font_size=&#8221;16px&#8221; max_width=&#8221;90%&#8221; module_alignment=&#8221;center&#8221; custom_margin=&#8221;||5%||false|false&#8221; locked=&#8221;off&#8221; global_colors_info=&#8221;{}&#8221;]<\/p>\n<p style=\"text-align: justify;\">Un problema serio nasce quando si sottovaluta <strong>il divario culturale<\/strong> tra realt\u00e0 lontane, specie in operazioni che avvengono a livello internazionale. Ne sa qualcosa <strong>Winfried Schaller<\/strong>, CEO di <strong>Lincotek Rubbiano<\/strong>, un \u201cContract Manufactoring\u201d specializzato nel rivestimento di superfici speciali con 15 stabilimenti nel mondo, reduce da operazioni di successo ma anche da fusioni che non hanno dato i risultati auspicati nell\u2019immediato: <em>\u201cDi una recente esperienza negli Stati Uniti voglio enfatizzare l\u2019importanza del contesto e delle differenze \u201cculturali\u201d che si possono incontrare. Occorre dare la <strong>priorit\u00e0 a lavorare sulle persone<\/strong>, essere aperti a riconoscere che certe differenze ci sono e che vanno accettate; ma purtroppo questo non \u00e8 sempre sufficiente. \u00c8 fondamentale invece non mollare alle prime difficolt\u00e0, saper accettare che qualche volta <strong>sono necessarie pi\u00f9 iterazioni<\/strong> prima che si riesca a raggiungere il successo dell\u2019operazione. Queste iterazioni possono avere impatti sulle tempistiche preventivate ma sono <strong>ugualmente<\/strong> <strong>importanti e non trascurabili.<\/strong> Ovviamente, quando il gap culturale \u00e8 molto alto &#8211; cosa questa che difficilmente si intravede all\u2019inizio del percorso, ma che fa sentire i suoi effetti man mano che si lavora assieme &#8211; vale la pena intervenire il pi\u00f9 velocemente possibile, senza ritardare il tempo della piena valorizzazione dell\u2019operazione\u201d<\/em>.<\/p>\n<p style=\"text-align: justify;\"><strong>E se nelle aziende la resistenza al cambiamento \u00e8 particolarmente forte?<\/strong> Anche in questo caso possono esserci approcci soft e politiche pi\u00f9 incisive. Per Recrosio l\u2019integrazione <em>\u201c\u00e8 un processo da sviluppare con armonia e portando piano piano a bordo le persone. Il modello pu\u00f2 essere anche imperialista, ma la parola pi\u00f9 importante dev\u2019essere comunque <strong>\u2018inclusivit\u00e0\u2019<\/strong>. Bisogna porsi con umilt\u00e0 di fronte ai nuovi interlocutori\u201d<\/em>. Per Gianolli occorre una comunicazione differenziata per livelli organizzativi: <strong>il personale va rassicurato e informato sul futuro<\/strong> e sugli sviluppi positivi strategici e operativi dell\u2019operazione, mentre al top management vanno spiegate chiaramente le regole del gioco e il nuovo modello gestionale: <em>\u201cPremesso che si cerca di puntare sempre sull\u2019inclusivit\u00e0 e si fanno tutti gli sforzi possibili in tale direzione, purtroppo a volte ci troviamo di fronte non tanto ai resistenti al cambiamento, ma proprio agli oppositori. In questi casi <strong>bisogna avere il coraggio di intervenire<\/strong>: se loro non cambiano, li cambiamo noi\u201d<\/em>.<\/p>\n<p>[\/et_pb_text][\/et_pb_column][\/et_pb_row][\/et_pb_section][et_pb_section fb_built=&#8221;1&#8243; custom_padding_last_edited=&#8221;on|phone&#8221; _builder_version=&#8221;4.16&#8243; background_color=&#8221;#DB9300&#8243; custom_margin=&#8221;0%||||false|false&#8221; custom_padding_tablet=&#8221;80px||||false|false&#8221; custom_padding_phone=&#8221;100px||||false|false&#8221; top_divider_style=&#8221;slant&#8221; top_divider_color=&#8221;#FFFFFF&#8221; top_divider_flip=&#8221;vertical|horizontal&#8221; bottom_divider_color=&#8221;#ffffff&#8221; bottom_divider_flip=&#8221;horizontal&#8221; locked=&#8221;off&#8221; global_colors_info=&#8221;{}&#8221;][et_pb_row _builder_version=&#8221;4.16&#8243; custom_margin=&#8221;-40px|auto||auto|false|false&#8221; custom_padding=&#8221;||0.5%||false|false&#8221; global_colors_info=&#8221;{}&#8221;][et_pb_column type=&#8221;4_4&#8243; _builder_version=&#8221;4.16&#8243; global_colors_info=&#8221;{}&#8221;][et_pb_text admin_label=&#8221;Title&#8221; _builder_version=&#8221;4.16&#8243; text_font=&#8221;||||||||&#8221; text_text_color=&#8221;#ffffff&#8221; header_font=&#8221;Prata||||||||&#8221; header_2_font=&#8221;Montserrat|700|||||||&#8221; header_2_text_align=&#8221;center&#8221; header_2_font_size=&#8221;30px&#8221; custom_margin=&#8221;8%||5px||false|false&#8221; custom_padding=&#8221;||0px|||&#8221; animation_style=&#8221;fade&#8221; animation_direction=&#8221;top&#8221; animation_duration=&#8221;1350ms&#8221; animation_starting_opacity=&#8221;100%&#8221; inline_fonts=&#8221;Prata,Montserrat&#8221; global_colors_info=&#8221;{}&#8221;]<\/p>\n<h2 style=\"text-align: center;\"><span style=\"color: #ffffff;\">Clicca <em>play <\/em>per rivivere il workshop completo<br \/>\ne ascoltare le esperienze relative all&#8217;Integrazione post M&#038;A<\/span><span><\/span><\/h2>\n<p style=\"text-align: center;\"><span><\/span><\/p>\n<p>[\/et_pb_text][\/et_pb_column][\/et_pb_row][et_pb_row _builder_version=&#8221;4.16&#8243; custom_padding=&#8221;1px|||||&#8221; global_colors_info=&#8221;{}&#8221;][et_pb_column type=&#8221;4_4&#8243; _builder_version=&#8221;4.16&#8243; global_colors_info=&#8221;{}&#8221;][et_pb_code _builder_version=&#8221;4.27.0&#8243; _module_preset=&#8221;default&#8221; hover_enabled=&#8221;0&#8243; global_colors_info=&#8221;{}&#8221; sticky_enabled=&#8221;0&#8243;]<iframe src=\"https:\/\/player.vimeo.com\/video\/691750452?dnt=1&amp;app_id=122963\" width=\"1080\" height=\"608\" frameborder=\"0\" allow=\"autoplay; fullscreen; picture-in-picture; clipboard-write; encrypted-media\"><\/iframe>[\/et_pb_code][\/et_pb_column][\/et_pb_row][\/et_pb_section]<\/p>\n","protected":false},"excerpt":{"rendered":"<p>Esperienze a confronto sul tema dell&#8217;Integrazione Post-M&#038;A: strategie, processi e skill necessari nel nuovo articolo di EIM Italia.<\/p>\n","protected":false},"author":2,"featured_media":13847,"comment_status":"closed","ping_status":"open","sticky":false,"template":"","format":"standard","meta":{"_et_pb_use_builder":"on","_et_pb_old_content":"","_et_gb_content_width":"2880","footnotes":""},"categories":[2193,2142],"tags":[2151],"class_list":["post-13791","post","type-post","status-publish","format-standard","has-post-thumbnail","hentry","category-carosello","category-crescita-aziendale","tag-crescita-aziendale"],"yoast_head":"<!-- This site is optimized with the Yoast SEO Premium plugin v27.0 (Yoast SEO v27.4) - https:\/\/yoast.com\/product\/yoast-seo-premium-wordpress\/ -->\n<title>Integrazione post-m&amp;a: strategie, processi e skill necessari. - EIM Italia<\/title>\n<meta name=\"description\" content=\"Esperienze a confronto sul tema dell&#039;Integrazione Post-M&amp;A: strategie, processi e skill necessari nel nuovo articolo di EIM Italia.\" \/>\n<meta name=\"robots\" content=\"index, follow, max-snippet:-1, max-image-preview:large, max-video-preview:-1\" \/>\n<link rel=\"canonical\" href=\"https:\/\/www.eim.com\/it\/crescita-aziendale\/integrazione-post-merge\/\" \/>\n<meta property=\"og:locale\" content=\"it_IT\" \/>\n<meta property=\"og:type\" content=\"article\" \/>\n<meta property=\"og:title\" content=\"Integrazione post-m&amp;a: strategie, processi e skill necessari.\" \/>\n<meta property=\"og:description\" content=\"Esperienze a confronto sul tema dell&#039;Integrazione Post-M&amp;A: strategie, processi e skill necessari nel nuovo articolo di EIM Italia.\" \/>\n<meta property=\"og:url\" content=\"https:\/\/www.eim.com\/it\/crescita-aziendale\/integrazione-post-merge\/\" \/>\n<meta property=\"og:site_name\" content=\"EIM Italia\" \/>\n<meta property=\"article:published_time\" content=\"2021-12-06T09:35:00+00:00\" \/>\n<meta property=\"article:modified_time\" content=\"2024-08-26T09:56:12+00:00\" \/>\n<meta property=\"og:image\" content=\"https:\/\/www.eim.com\/it\/wp-content\/uploads\/sites\/5\/2021\/12\/ITA-integrazione-post-ma-1.png\" \/>\n\t<meta property=\"og:image:width\" content=\"1200\" \/>\n\t<meta property=\"og:image:height\" content=\"672\" \/>\n\t<meta property=\"og:image:type\" content=\"image\/png\" \/>\n<meta name=\"author\" content=\"eimworld\" \/>\n<meta name=\"twitter:card\" content=\"summary_large_image\" \/>\n<meta name=\"twitter:label1\" content=\"Scritto da\" \/>\n\t<meta name=\"twitter:data1\" content=\"eimworld\" \/>\n\t<meta name=\"twitter:label2\" content=\"Tempo di lettura stimato\" \/>\n\t<meta name=\"twitter:data2\" content=\"9 minuti\" \/>\n<script type=\"application\/ld+json\" class=\"yoast-schema-graph\">{\"@context\":\"https:\\\/\\\/schema.org\",\"@graph\":[{\"@type\":\"Article\",\"@id\":\"https:\\\/\\\/www.eim.com\\\/it\\\/crescita-aziendale\\\/integrazione-post-merge\\\/#article\",\"isPartOf\":{\"@id\":\"https:\\\/\\\/www.eim.com\\\/it\\\/crescita-aziendale\\\/integrazione-post-merge\\\/\"},\"author\":{\"name\":\"eimworld\",\"@id\":\"https:\\\/\\\/www.eim.com\\\/it\\\/#\\\/schema\\\/person\\\/82c5e4b03b7af649944ed10552319b91\"},\"headline\":\"Integrazione post-m&#038;a: strategie, processi e skill necessari.\",\"datePublished\":\"2021-12-06T09:35:00+00:00\",\"dateModified\":\"2024-08-26T09:56:12+00:00\",\"mainEntityOfPage\":{\"@id\":\"https:\\\/\\\/www.eim.com\\\/it\\\/crescita-aziendale\\\/integrazione-post-merge\\\/\"},\"wordCount\":2544,\"publisher\":{\"@id\":\"https:\\\/\\\/www.eim.com\\\/it\\\/#organization\"},\"image\":{\"@id\":\"https:\\\/\\\/www.eim.com\\\/it\\\/crescita-aziendale\\\/integrazione-post-merge\\\/#primaryimage\"},\"thumbnailUrl\":\"https:\\\/\\\/www.eim.com\\\/it\\\/wp-content\\\/uploads\\\/sites\\\/5\\\/2021\\\/12\\\/ITA-integrazione-post-ma-1.png\",\"keywords\":[\"Crescita aziendale\"],\"articleSection\":[\"Carosello\",\"Crescita aziendale\"],\"inLanguage\":\"it-IT\"},{\"@type\":\"WebPage\",\"@id\":\"https:\\\/\\\/www.eim.com\\\/it\\\/crescita-aziendale\\\/integrazione-post-merge\\\/\",\"url\":\"https:\\\/\\\/www.eim.com\\\/it\\\/crescita-aziendale\\\/integrazione-post-merge\\\/\",\"name\":\"Integrazione post-m&a: strategie, processi e skill necessari. - EIM Italia\",\"isPartOf\":{\"@id\":\"https:\\\/\\\/www.eim.com\\\/it\\\/#website\"},\"primaryImageOfPage\":{\"@id\":\"https:\\\/\\\/www.eim.com\\\/it\\\/crescita-aziendale\\\/integrazione-post-merge\\\/#primaryimage\"},\"image\":{\"@id\":\"https:\\\/\\\/www.eim.com\\\/it\\\/crescita-aziendale\\\/integrazione-post-merge\\\/#primaryimage\"},\"thumbnailUrl\":\"https:\\\/\\\/www.eim.com\\\/it\\\/wp-content\\\/uploads\\\/sites\\\/5\\\/2021\\\/12\\\/ITA-integrazione-post-ma-1.png\",\"datePublished\":\"2021-12-06T09:35:00+00:00\",\"dateModified\":\"2024-08-26T09:56:12+00:00\",\"description\":\"Esperienze a confronto sul tema dell'Integrazione Post-M&A: strategie, processi e skill necessari nel nuovo articolo di EIM Italia.\",\"breadcrumb\":{\"@id\":\"https:\\\/\\\/www.eim.com\\\/it\\\/crescita-aziendale\\\/integrazione-post-merge\\\/#breadcrumb\"},\"inLanguage\":\"it-IT\",\"potentialAction\":[{\"@type\":\"ReadAction\",\"target\":[\"https:\\\/\\\/www.eim.com\\\/it\\\/crescita-aziendale\\\/integrazione-post-merge\\\/\"]}]},{\"@type\":\"ImageObject\",\"inLanguage\":\"it-IT\",\"@id\":\"https:\\\/\\\/www.eim.com\\\/it\\\/crescita-aziendale\\\/integrazione-post-merge\\\/#primaryimage\",\"url\":\"https:\\\/\\\/www.eim.com\\\/it\\\/wp-content\\\/uploads\\\/sites\\\/5\\\/2021\\\/12\\\/ITA-integrazione-post-ma-1.png\",\"contentUrl\":\"https:\\\/\\\/www.eim.com\\\/it\\\/wp-content\\\/uploads\\\/sites\\\/5\\\/2021\\\/12\\\/ITA-integrazione-post-ma-1.png\",\"width\":1200,\"height\":672},{\"@type\":\"BreadcrumbList\",\"@id\":\"https:\\\/\\\/www.eim.com\\\/it\\\/crescita-aziendale\\\/integrazione-post-merge\\\/#breadcrumb\",\"itemListElement\":[{\"@type\":\"ListItem\",\"position\":1,\"name\":\"Home\",\"item\":\"https:\\\/\\\/www.eim.com\\\/it\\\/\"},{\"@type\":\"ListItem\",\"position\":2,\"name\":\"Integrazione post-m&#038;a: strategie, processi e skill necessari.\"}]},{\"@type\":\"WebSite\",\"@id\":\"https:\\\/\\\/www.eim.com\\\/it\\\/#website\",\"url\":\"https:\\\/\\\/www.eim.com\\\/it\\\/\",\"name\":\"EIM Italia\",\"description\":\"Siamo gli inventori dell&#039;Executive Interim Management\",\"publisher\":{\"@id\":\"https:\\\/\\\/www.eim.com\\\/it\\\/#organization\"},\"potentialAction\":[{\"@type\":\"SearchAction\",\"target\":{\"@type\":\"EntryPoint\",\"urlTemplate\":\"https:\\\/\\\/www.eim.com\\\/it\\\/?s={search_term_string}\"},\"query-input\":{\"@type\":\"PropertyValueSpecification\",\"valueRequired\":true,\"valueName\":\"search_term_string\"}}],\"inLanguage\":\"it-IT\"},{\"@type\":\"Organization\",\"@id\":\"https:\\\/\\\/www.eim.com\\\/it\\\/#organization\",\"name\":\"EIM\",\"url\":\"https:\\\/\\\/www.eim.com\\\/it\\\/\",\"logo\":{\"@type\":\"ImageObject\",\"inLanguage\":\"it-IT\",\"@id\":\"https:\\\/\\\/www.eim.com\\\/it\\\/#\\\/schema\\\/logo\\\/image\\\/\",\"url\":\"https:\\\/\\\/www.eim.com\\\/it\\\/wp-content\\\/uploads\\\/sites\\\/5\\\/2022\\\/02\\\/logo-eim-favicon2022.png\",\"contentUrl\":\"https:\\\/\\\/www.eim.com\\\/it\\\/wp-content\\\/uploads\\\/sites\\\/5\\\/2022\\\/02\\\/logo-eim-favicon2022.png\",\"width\":427,\"height\":427,\"caption\":\"EIM\"},\"image\":{\"@id\":\"https:\\\/\\\/www.eim.com\\\/it\\\/#\\\/schema\\\/logo\\\/image\\\/\"}},{\"@type\":\"Person\",\"@id\":\"https:\\\/\\\/www.eim.com\\\/it\\\/#\\\/schema\\\/person\\\/82c5e4b03b7af649944ed10552319b91\",\"name\":\"eimworld\",\"image\":{\"@type\":\"ImageObject\",\"inLanguage\":\"it-IT\",\"@id\":\"https:\\\/\\\/secure.gravatar.com\\\/avatar\\\/06dc2838cb0c066488cdb4b104beba474e6305a2d11cbb1fb7353f876daae9f3?s=96&d=mm&r=g\",\"url\":\"https:\\\/\\\/secure.gravatar.com\\\/avatar\\\/06dc2838cb0c066488cdb4b104beba474e6305a2d11cbb1fb7353f876daae9f3?s=96&d=mm&r=g\",\"contentUrl\":\"https:\\\/\\\/secure.gravatar.com\\\/avatar\\\/06dc2838cb0c066488cdb4b104beba474e6305a2d11cbb1fb7353f876daae9f3?s=96&d=mm&r=g\",\"caption\":\"eimworld\"},\"sameAs\":[\"https:\\\/\\\/eimworld.wpengine.com\"]}]}<\/script>\n<!-- \/ Yoast SEO Premium plugin. -->","yoast_head_json":{"title":"Integrazione post-m&a: strategie, processi e skill necessari. - EIM Italia","description":"Esperienze a confronto sul tema dell'Integrazione Post-M&A: strategie, processi e skill necessari nel nuovo articolo di EIM Italia.","robots":{"index":"index","follow":"follow","max-snippet":"max-snippet:-1","max-image-preview":"max-image-preview:large","max-video-preview":"max-video-preview:-1"},"canonical":"https:\/\/www.eim.com\/it\/crescita-aziendale\/integrazione-post-merge\/","og_locale":"it_IT","og_type":"article","og_title":"Integrazione post-m&a: strategie, processi e skill necessari.","og_description":"Esperienze a confronto sul tema dell'Integrazione Post-M&A: strategie, processi e skill necessari nel nuovo articolo di EIM Italia.","og_url":"https:\/\/www.eim.com\/it\/crescita-aziendale\/integrazione-post-merge\/","og_site_name":"EIM Italia","article_published_time":"2021-12-06T09:35:00+00:00","article_modified_time":"2024-08-26T09:56:12+00:00","og_image":[{"width":1200,"height":672,"url":"https:\/\/www.eim.com\/it\/wp-content\/uploads\/sites\/5\/2021\/12\/ITA-integrazione-post-ma-1.png","type":"image\/png"}],"author":"eimworld","twitter_card":"summary_large_image","twitter_misc":{"Scritto da":"eimworld","Tempo di lettura stimato":"9 minuti"},"schema":{"@context":"https:\/\/schema.org","@graph":[{"@type":"Article","@id":"https:\/\/www.eim.com\/it\/crescita-aziendale\/integrazione-post-merge\/#article","isPartOf":{"@id":"https:\/\/www.eim.com\/it\/crescita-aziendale\/integrazione-post-merge\/"},"author":{"name":"eimworld","@id":"https:\/\/www.eim.com\/it\/#\/schema\/person\/82c5e4b03b7af649944ed10552319b91"},"headline":"Integrazione post-m&#038;a: strategie, processi e skill necessari.","datePublished":"2021-12-06T09:35:00+00:00","dateModified":"2024-08-26T09:56:12+00:00","mainEntityOfPage":{"@id":"https:\/\/www.eim.com\/it\/crescita-aziendale\/integrazione-post-merge\/"},"wordCount":2544,"publisher":{"@id":"https:\/\/www.eim.com\/it\/#organization"},"image":{"@id":"https:\/\/www.eim.com\/it\/crescita-aziendale\/integrazione-post-merge\/#primaryimage"},"thumbnailUrl":"https:\/\/www.eim.com\/it\/wp-content\/uploads\/sites\/5\/2021\/12\/ITA-integrazione-post-ma-1.png","keywords":["Crescita aziendale"],"articleSection":["Carosello","Crescita aziendale"],"inLanguage":"it-IT"},{"@type":"WebPage","@id":"https:\/\/www.eim.com\/it\/crescita-aziendale\/integrazione-post-merge\/","url":"https:\/\/www.eim.com\/it\/crescita-aziendale\/integrazione-post-merge\/","name":"Integrazione post-m&a: strategie, processi e skill necessari. - EIM Italia","isPartOf":{"@id":"https:\/\/www.eim.com\/it\/#website"},"primaryImageOfPage":{"@id":"https:\/\/www.eim.com\/it\/crescita-aziendale\/integrazione-post-merge\/#primaryimage"},"image":{"@id":"https:\/\/www.eim.com\/it\/crescita-aziendale\/integrazione-post-merge\/#primaryimage"},"thumbnailUrl":"https:\/\/www.eim.com\/it\/wp-content\/uploads\/sites\/5\/2021\/12\/ITA-integrazione-post-ma-1.png","datePublished":"2021-12-06T09:35:00+00:00","dateModified":"2024-08-26T09:56:12+00:00","description":"Esperienze a confronto sul tema dell'Integrazione Post-M&A: strategie, processi e skill necessari nel nuovo articolo di EIM Italia.","breadcrumb":{"@id":"https:\/\/www.eim.com\/it\/crescita-aziendale\/integrazione-post-merge\/#breadcrumb"},"inLanguage":"it-IT","potentialAction":[{"@type":"ReadAction","target":["https:\/\/www.eim.com\/it\/crescita-aziendale\/integrazione-post-merge\/"]}]},{"@type":"ImageObject","inLanguage":"it-IT","@id":"https:\/\/www.eim.com\/it\/crescita-aziendale\/integrazione-post-merge\/#primaryimage","url":"https:\/\/www.eim.com\/it\/wp-content\/uploads\/sites\/5\/2021\/12\/ITA-integrazione-post-ma-1.png","contentUrl":"https:\/\/www.eim.com\/it\/wp-content\/uploads\/sites\/5\/2021\/12\/ITA-integrazione-post-ma-1.png","width":1200,"height":672},{"@type":"BreadcrumbList","@id":"https:\/\/www.eim.com\/it\/crescita-aziendale\/integrazione-post-merge\/#breadcrumb","itemListElement":[{"@type":"ListItem","position":1,"name":"Home","item":"https:\/\/www.eim.com\/it\/"},{"@type":"ListItem","position":2,"name":"Integrazione post-m&#038;a: strategie, processi e skill necessari."}]},{"@type":"WebSite","@id":"https:\/\/www.eim.com\/it\/#website","url":"https:\/\/www.eim.com\/it\/","name":"EIM Italia","description":"Siamo gli inventori dell&#039;Executive Interim Management","publisher":{"@id":"https:\/\/www.eim.com\/it\/#organization"},"potentialAction":[{"@type":"SearchAction","target":{"@type":"EntryPoint","urlTemplate":"https:\/\/www.eim.com\/it\/?s={search_term_string}"},"query-input":{"@type":"PropertyValueSpecification","valueRequired":true,"valueName":"search_term_string"}}],"inLanguage":"it-IT"},{"@type":"Organization","@id":"https:\/\/www.eim.com\/it\/#organization","name":"EIM","url":"https:\/\/www.eim.com\/it\/","logo":{"@type":"ImageObject","inLanguage":"it-IT","@id":"https:\/\/www.eim.com\/it\/#\/schema\/logo\/image\/","url":"https:\/\/www.eim.com\/it\/wp-content\/uploads\/sites\/5\/2022\/02\/logo-eim-favicon2022.png","contentUrl":"https:\/\/www.eim.com\/it\/wp-content\/uploads\/sites\/5\/2022\/02\/logo-eim-favicon2022.png","width":427,"height":427,"caption":"EIM"},"image":{"@id":"https:\/\/www.eim.com\/it\/#\/schema\/logo\/image\/"}},{"@type":"Person","@id":"https:\/\/www.eim.com\/it\/#\/schema\/person\/82c5e4b03b7af649944ed10552319b91","name":"eimworld","image":{"@type":"ImageObject","inLanguage":"it-IT","@id":"https:\/\/secure.gravatar.com\/avatar\/06dc2838cb0c066488cdb4b104beba474e6305a2d11cbb1fb7353f876daae9f3?s=96&d=mm&r=g","url":"https:\/\/secure.gravatar.com\/avatar\/06dc2838cb0c066488cdb4b104beba474e6305a2d11cbb1fb7353f876daae9f3?s=96&d=mm&r=g","contentUrl":"https:\/\/secure.gravatar.com\/avatar\/06dc2838cb0c066488cdb4b104beba474e6305a2d11cbb1fb7353f876daae9f3?s=96&d=mm&r=g","caption":"eimworld"},"sameAs":["https:\/\/eimworld.wpengine.com"]}]}},"_links":{"self":[{"href":"https:\/\/www.eim.com\/it\/wp-json\/wp\/v2\/posts\/13791","targetHints":{"allow":["GET"]}}],"collection":[{"href":"https:\/\/www.eim.com\/it\/wp-json\/wp\/v2\/posts"}],"about":[{"href":"https:\/\/www.eim.com\/it\/wp-json\/wp\/v2\/types\/post"}],"author":[{"embeddable":true,"href":"https:\/\/www.eim.com\/it\/wp-json\/wp\/v2\/users\/2"}],"replies":[{"embeddable":true,"href":"https:\/\/www.eim.com\/it\/wp-json\/wp\/v2\/comments?post=13791"}],"version-history":[{"count":0,"href":"https:\/\/www.eim.com\/it\/wp-json\/wp\/v2\/posts\/13791\/revisions"}],"wp:featuredmedia":[{"embeddable":true,"href":"https:\/\/www.eim.com\/it\/wp-json\/wp\/v2\/media\/13847"}],"wp:attachment":[{"href":"https:\/\/www.eim.com\/it\/wp-json\/wp\/v2\/media?parent=13791"}],"wp:term":[{"taxonomy":"category","embeddable":true,"href":"https:\/\/www.eim.com\/it\/wp-json\/wp\/v2\/categories?post=13791"},{"taxonomy":"post_tag","embeddable":true,"href":"https:\/\/www.eim.com\/it\/wp-json\/wp\/v2\/tags?post=13791"}],"curies":[{"name":"wp","href":"https:\/\/api.w.org\/{rel}","templated":true}]}}