{"id":3141,"date":"2019-10-15T12:24:39","date_gmt":"2019-10-15T12:24:39","guid":{"rendered":"https:\/\/fr.eim.com\/?p=3141"},"modified":"2021-10-19T15:28:11","modified_gmt":"2021-10-19T15:28:11","slug":"thierry-fournier-interviewe-sur-france-inter-a-propos-du-cbxo","status":"publish","type":"post","link":"https:\/\/www.eim.com\/fr\/articles-et-communiques\/thierry-fournier-interviewe-sur-france-inter-a-propos-du-cbxo\/","title":{"rendered":"Thierry Fournier interview\u00e9 sur France Inter \u00e0 propos du CBxO | Management de transition | EIM France"},"content":{"rendered":"\n[et_pb_section fb_built=&#8221;1&#8243; admin_label=&#8221;Hero Section&#8221; _builder_version=&#8221;3.27.4&#8243; use_background_color_gradient=&#8221;on&#8221; background_color_gradient_start=&#8221;rgba(0,0,0,0.4)&#8221; background_color_gradient_end=&#8221;rgba(0,0,0,0.4)&#8221; background_color_gradient_overlays_image=&#8221;on&#8221; background_image=&#8221;https:\/\/eimworld.wpengine.com\/fr\/wp-content\/uploads\/sites\/9\/2019\/10\/coverprix100jours.jpg&#8221; height=&#8221;520px&#8221; custom_padding=&#8221;6%||0%|||&#8221; bottom_divider_style=&#8221;slant&#8221; bottom_divider_color=&#8221;#ffffff&#8221; bottom_divider_height=&#8221;150px&#8221; bottom_divider_flip=&#8221;horizontal&#8221; fb_built=&#8221;1&#8243; background_color_gradient_direction__hover=&#8221;180deg&#8221; background_color_gradient_direction__hover_enabled=&#8221;180deg&#8221; background_color_gradient_start_position__hover=&#8221;0%&#8221; background_color_gradient_start_position__hover_enabled=&#8221;0%&#8221; background_color_gradient_end_position__hover=&#8221;100%&#8221; background_color_gradient_end_position__hover_enabled=&#8221;100%&#8221; _i=&#8221;0&#8243; _address=&#8221;0&#8243;][et_pb_row disabled_on=&#8221;off|off|off&#8221; admin_label=&#8221;Page Title Area&#8221; _builder_version=&#8221;3.27.4&#8243; width=&#8221;100%&#8221; max_width=&#8221;2560px&#8221; module_alignment=&#8221;center&#8221; custom_margin=&#8221;-2%|auto|0px|auto|false|false&#8221; custom_padding=&#8221;0px|||||&#8221; _i=&#8221;0&#8243; _address=&#8221;0.0&#8243;][et_pb_column type=&#8221;4_4&#8243; _builder_version=&#8221;3.25&#8243; custom_padding=&#8221;|||&#8221; _i=&#8221;0&#8243; _address=&#8221;0.0.0&#8243; custom_padding__hover=&#8221;|||&#8221;][et_pb_text admin_label=&#8221;Hero Section Title&#8221; _builder_version=&#8221;3.27.4&#8243; text_font=&#8221;Montserrat|800|||||||&#8221; text_font_size=&#8221;18px&#8221; text_line_height=&#8221;1.3em&#8221; text_text_shadow_style=&#8221;preset1&#8243; text_text_shadow_horizontal_length=&#8221;0.28em&#8221; header_font=&#8221;Montserrat|700|||||||&#8221; header_font_size=&#8221;56px&#8221; header_letter_spacing=&#8221;3px&#8221; header_line_height=&#8221;1.1em&#8221; header_2_font=&#8221;Montserrat|700|||||||&#8221; header_2_text_color=&#8221;rgba(255,255,255,0.6)&#8221; header_2_font_size=&#8221;90px&#8221; header_2_letter_spacing=&#8221;3px&#8221; header_2_line_height=&#8221;1.1em&#8221; text_orientation=&#8221;center&#8221; background_layout=&#8221;dark&#8221; max_width=&#8221;700px&#8221; module_alignment=&#8221;center&#8221; custom_margin=&#8221;0px||0px||false|false&#8221; animation_style=&#8221;fade&#8221; animation_direction=&#8221;bottom&#8221; animation_duration=&#8221;1350ms&#8221; header_font_size_phone=&#8221;28px&#8221; header_font_size_last_edited=&#8221;on|phone&#8221; header_2_font_size_phone=&#8221;50px&#8221; header_2_font_size_last_edited=&#8221;on|phone&#8221; inline_fonts=&#8221;Prata,Montserrat&#8221; _i=&#8221;0&#8243; _address=&#8221;0.0.0.0&#8243;]<h1><span style=\"font-family: Montserrat\">Thierry Fournier interview\u00e9 sur France Inter \u00e0 propos du CBxO<\/span><\/h1>[\/et_pb_text][\/et_pb_column][\/et_pb_row][\/et_pb_section][et_pb_section fb_built=&#8221;1&#8243; admin_label=&#8221;section&#8221; _builder_version=&#8221;3.27.4&#8243; custom_padding=&#8221;||||false|false&#8221; fb_built=&#8221;1&#8243; _i=&#8221;1&#8243; _address=&#8221;1&#8243;][et_pb_row admin_label=&#8221;row&#8221; _builder_version=&#8221;3.25&#8243; background_size=&#8221;initial&#8221; background_position=&#8221;top_left&#8221; background_repeat=&#8221;repeat&#8221; _i=&#8221;0&#8243; _address=&#8221;1.0&#8243;][et_pb_column type=&#8221;4_4&#8243; _builder_version=&#8221;3.25&#8243; custom_padding=&#8221;|||&#8221; _i=&#8221;0&#8243; _address=&#8221;1.0.0&#8243; custom_padding__hover=&#8221;|||&#8221;][et_pb_text admin_label=&#8221;Text&#8221; _builder_version=&#8221;3.27.4&#8243; background_size=&#8221;initial&#8221; background_position=&#8221;top_left&#8221; background_repeat=&#8221;repeat&#8221; _i=&#8221;0&#8243; _address=&#8221;1.0.0.0&#8243;]Thierry Fournier \u00e9tait au micro de Caroline Pom\u00e8s pour pr\u00e9senter l&#8217;offre de Chief Brexit Officer pens\u00e9e par le cabinet EIM France.[\/et_pb_text][\/et_pb_column][\/et_pb_row][\/et_pb_section][et_pb_section fb_built=&#8221;1&#8243; next_background_color=&#8221;#e6e6e6&#8243; _builder_version=&#8221;3.27.4&#8243; custom_margin=&#8221;||-0.1%||false|false&#8221; custom_padding=&#8221;0%||0%||true|false&#8221; bottom_divider_style=&#8221;slant&#8221; fb_built=&#8221;1&#8243; _i=&#8221;2&#8243; _address=&#8221;2&#8243;][et_pb_row admin_label=&#8221;Title Area&#8221; _builder_version=&#8221;3.27.4&#8243; background_color=&#8221;rgba(0,0,0,0)&#8221; width=&#8221;100%&#8221; module_alignment=&#8221;center&#8221; custom_margin=&#8221;||||false|false&#8221; custom_padding=&#8221;0px|0px|0px|0px|false|false&#8221; _i=&#8221;0&#8243; _address=&#8221;2.0&#8243;][et_pb_column type=&#8221;4_4&#8243; _builder_version=&#8221;3.25&#8243; custom_padding=&#8221;|||&#8221; _i=&#8221;0&#8243; _address=&#8221;2.0.0&#8243; custom_padding__hover=&#8221;|||&#8221;][et_pb_text _builder_version=&#8221;3.27.4&#8243; text_font=&#8221;||||||||&#8221; text_font_size=&#8221;16px&#8221; header_font=&#8221;||||||||&#8221; max_width=&#8221;90%&#8221; module_alignment=&#8221;center&#8221; custom_margin=&#8221;3%|0px|3.1%|0px|false|false&#8221; custom_padding=&#8221;|2%|0px|2%|false|false&#8221; animation_style=&#8221;flip&#8221; animation_direction=&#8221;left&#8221; animation_intensity_flip=&#8221;30%&#8221; animation_starting_opacity=&#8221;100%&#8221; _i=&#8221;0&#8243; _address=&#8221;2.0.0.0&#8243;]<p style=\"text-align: center\">Un vivier exceptionnel de managers pour r\u00e9ussir vos projets et acc\u00e9l\u00e9rer vos transformations.<\/p>[\/et_pb_text][et_pb_text admin_label=&#8221;Title&#8221; _builder_version=&#8221;3.27.4&#8243; text_font=&#8221;||||||||&#8221; header_font=&#8221;Prata||||||||&#8221; header_2_font=&#8221;Montserrat|700|||||||&#8221; header_2_text_align=&#8221;center&#8221; header_2_font_size=&#8221;32px&#8221; custom_margin=&#8221;5.1%||||false|false&#8221; custom_padding=&#8221;0%||||false|false&#8221; animation_style=&#8221;fade&#8221; animation_direction=&#8221;top&#8221; animation_duration=&#8221;1350ms&#8221; animation_starting_opacity=&#8221;100%&#8221; inline_fonts=&#8221;Prata,Montserrat&#8221; _i=&#8221;1&#8243; _address=&#8221;2.0.0.1&#8243;]<h2><span style=\"font-family: Montserrat;color: #002c3e\">Le management de transition est une r\u00e9ponse rapide,<br>flexible, adapt\u00e9e \u00e0 :\n<\/span><\/h2>[\/et_pb_text][et_pb_text _builder_version=&#8221;3.27.4&#8243; text_font=&#8221;||||||||&#8221; text_font_size=&#8221;16px&#8221; header_font=&#8221;||||||||&#8221; max_width=&#8221;90%&#8221; module_alignment=&#8221;center&#8221; custom_margin=&#8221;3%|0px|10%|0px|false|false&#8221; custom_padding=&#8221;|2%|0px|2%|false|false&#8221; animation_style=&#8221;flip&#8221; animation_direction=&#8221;left&#8221; animation_intensity_flip=&#8221;30%&#8221; animation_starting_opacity=&#8221;100%&#8221; _i=&#8221;2&#8243; _address=&#8221;2.0.0.2&#8243;]<ol>\n<li style=\"text-align: justify\">La r\u00e9ussite des projets structurants ou \u00e0 fort enjeu : projets de transformation ou am\u00e9lioration de performances, redressement ou red\u00e9ploiement d\u2019activit\u00e9s ou d\u2019entreprises, acquisitions ou cessions<\/li>\n<li style=\"text-align: justify\">La mise en place d\u2019expertises exceptionnelles notamment dans le cadre de diagnostics<\/li>\n<li style=\"text-align: justify\">Des urgences manag\u00e9riales<\/li>\n<\/ol>[\/et_pb_text][\/et_pb_column][\/et_pb_row][\/et_pb_section][et_pb_section fb_built=&#8221;1&#8243; _builder_version=&#8221;3.27.4&#8243; background_color=&#8221;#e6e6e6&#8243; custom_margin=&#8221;||-0.1%||false|false&#8221; custom_padding=&#8221;0%||0%||true|false&#8221; top_divider_style=&#8221;slant&#8221; top_divider_color=&#8221;#e6e6e6&#8243; top_divider_flip=&#8221;horizontal&#8221; bottom_divider_style=&#8221;slant&#8221; bottom_divider_color=&#8221;#FFFFFF&#8221; bottom_divider_flip=&#8221;vertical&#8221; fb_built=&#8221;1&#8243; _i=&#8221;3&#8243; _address=&#8221;3&#8243;][et_pb_row admin_label=&#8221;Title Area&#8221; _builder_version=&#8221;3.27.4&#8243; background_color=&#8221;rgba(0,0,0,0)&#8221; width=&#8221;100%&#8221; module_alignment=&#8221;center&#8221; custom_margin=&#8221;||||false|false&#8221; custom_padding=&#8221;0px|0px|0px|0px|false|false&#8221; _i=&#8221;0&#8243; _address=&#8221;3.0&#8243;][et_pb_column type=&#8221;4_4&#8243; _builder_version=&#8221;3.25&#8243; custom_padding=&#8221;|||&#8221; _i=&#8221;0&#8243; _address=&#8221;3.0.0&#8243; custom_padding__hover=&#8221;|||&#8221;][et_pb_text _builder_version=&#8221;3.27.4&#8243; text_font=&#8221;||||||||&#8221; text_font_size=&#8221;16px&#8221; header_font=&#8221;||||||||&#8221; max_width=&#8221;90%&#8221; module_alignment=&#8221;center&#8221; custom_margin=&#8221;3%|0px|10%|0px|false|false&#8221; custom_padding=&#8221;|2%|0px|2%|false|false&#8221; animation_style=&#8221;flip&#8221; animation_direction=&#8221;left&#8221; animation_intensity_flip=&#8221;30%&#8221; animation_starting_opacity=&#8221;100%&#8221; _i=&#8221;0&#8243; _address=&#8221;3.0.0.0&#8243;]<p style=\"text-align: justify\"><strong>Les projets de transformation ou de changement<span>\u00a0<\/span><\/strong>aussi bien en phase d\u2019expansion qu\u2019en p\u00e9riode de redressement n\u00e9cessitent souvent, pour leur conception ou mise en \u0153uvre, des comp\u00e9tences sp\u00e9cifiques qui ne sont pas toujours disponibles dans l\u2019entreprise. Ces projets sont limit\u00e9s dans le temps et ne justifient pas un recrutement permanent qui s\u2019av\u00e8rerait couteux.<\/p>\n<p style=\"text-align: justify\">La surqualification syst\u00e9matique des managers de transition s\u00e9curise et acc\u00e9l\u00e8re les projets de changement.<\/p>\n<p style=\"text-align: justify\"><strong>De nombreuses situations complexes n\u00e9cessitent des diagnostics<span>\u00a0<\/span><\/strong>rapides r\u00e9alis\u00e9s par des managers de transition exp\u00e9riment\u00e9s, v\u00e9ritables experts dans leur domaine ou leur secteur. La dimension op\u00e9rationnelle de ces interventions est un facteur clef de succ\u00e8s.<\/p>\n<p style=\"text-align: justify\"><strong>Enfin, tr\u00e8s souvent, une fonction ne peut rester vacante,<\/strong><span>\u00a0<\/span>ne serait-ce que quelques jours. Tel est le cas, par exemple, pour toutes les fonctions assurant la continuit\u00e9 des op\u00e9rations (dans l\u2019industrie, la distribution et les services) et impliqu\u00e9es dans des prises de d\u00e9cision au quotidien: direction g\u00e9n\u00e9rale, direction de site, supply chain\u2026 Et c\u2019est aussi le cas pour les fonctions support (direction financi\u00e8re, ressources humaines, achats..) dans des p\u00e9riodes particuli\u00e8res de la vie des entreprises.<\/p>[\/et_pb_text][\/et_pb_column][\/et_pb_row][\/et_pb_section][et_pb_section fb_built=&#8221;1&#8243; _builder_version=&#8221;3.27.4&#8243; custom_margin=&#8221;||-0.1%||false|false&#8221; custom_padding=&#8221;0%||0%||true|false&#8221; bottom_divider_color=&#8221;#db9300&#8243; fb_built=&#8221;1&#8243; _i=&#8221;4&#8243; _address=&#8221;4&#8243;][et_pb_row admin_label=&#8221;Title Area&#8221; _builder_version=&#8221;3.27.4&#8243; background_color=&#8221;rgba(0,0,0,0)&#8221; width=&#8221;100%&#8221; module_alignment=&#8221;center&#8221; custom_margin=&#8221;||||false|false&#8221; custom_padding=&#8221;0px|0px|0px|0px|false|false&#8221; _i=&#8221;0&#8243; _address=&#8221;4.0&#8243;][et_pb_column type=&#8221;4_4&#8243; _builder_version=&#8221;3.25&#8243; custom_padding=&#8221;|||&#8221; _i=&#8221;0&#8243; _address=&#8221;4.0.0&#8243; custom_padding__hover=&#8221;|||&#8221;][et_pb_text admin_label=&#8221;Title&#8221; _builder_version=&#8221;3.27.4&#8243; text_font=&#8221;||||||||&#8221; header_font=&#8221;Prata||||||||&#8221; header_2_font=&#8221;Montserrat|700|||||||&#8221; header_2_text_align=&#8221;center&#8221; header_2_font_size=&#8221;32px&#8221; min_height=&#8221;20px&#8221; custom_margin=&#8221;5%||||false|false&#8221; custom_padding=&#8221;0%||||false|false&#8221; animation_style=&#8221;fade&#8221; animation_direction=&#8221;top&#8221; animation_duration=&#8221;1350ms&#8221; animation_starting_opacity=&#8221;100%&#8221; inline_fonts=&#8221;Prata,Montserrat&#8221; _i=&#8221;0&#8243; _address=&#8221;4.0.0.0&#8243;]<h2><span style=\"font-family: Montserrat;color: #002c3e\">Plus de 30.000 managers de transition EIM<br>dans le Monde\n<\/span><\/h2>[\/et_pb_text][et_pb_text _builder_version=&#8221;3.27.4&#8243; text_font=&#8221;||||||||&#8221; text_font_size=&#8221;16px&#8221; header_font=&#8221;||||||||&#8221; max_width=&#8221;90%&#8221; module_alignment=&#8221;center&#8221; custom_margin=&#8221;3%|0px|5%|0px|false|false&#8221; custom_padding=&#8221;|2%|0px|2%|false|false&#8221; animation_style=&#8221;flip&#8221; animation_direction=&#8221;left&#8221; animation_intensity_flip=&#8221;30%&#8221; animation_starting_opacity=&#8221;100%&#8221; _i=&#8221;1&#8243; _address=&#8221;4.0.0.1&#8243;]<p style=\"text-align: justify\">Pour pouvoir mettre en place tr\u00e8s rapidement des managers de transition et r\u00e9pondre \u00e0 ces besoins, EIM a constitu\u00e9, depuis 30 ans,\u00a0un vivier exceptionnel de plus de 30.000 managers (8.000 en France). Ce vivier couvre\u00a0tous les secteurs d\u2019activit\u00e9 et de postes op\u00e9rationnels ou fonctionnels: direction g\u00e9n\u00e9rale, direction industrielle et direction de site, direction financi\u00e8re, direction des ressources humaines, supply-chain, achats, marketing et ventes, syst\u00e8mes d\u2019information.<\/p>\n<p style=\"text-align: justify\">Notre leadership international nous permet d\u2019attirer les meilleurs managers\u00a0de transition dans tous les pays o\u00f9 nous sommes implant\u00e9s. Nous mettons en \u0153uvre des processus de s\u00e9lection et d\u2018\u00e9valuation rigoureux conduits par les Partners EIM, eux-m\u00eames, qui ont une double exp\u00e9rience de conseil et de direction d\u2019entreprises. Ce sont eux encore, qui identifient et s\u00e9lectionnent les managers qu\u2019ils pr\u00e9sentent \u00e0 nos clients pour effectuer des missions de management de transition. Ce sont eux, enfin, qui accompagnent les managers de transition en mission.<\/p>[\/et_pb_text][et_pb_text admin_label=&#8221;Title&#8221; _builder_version=&#8221;3.27.4&#8243; text_font=&#8221;||||||||&#8221; header_font=&#8221;Prata||||||||&#8221; header_2_font=&#8221;Montserrat|700|||||||&#8221; header_2_text_align=&#8221;center&#8221; header_2_font_size=&#8221;32px&#8221; custom_margin=&#8221;0%||||false|false&#8221; custom_padding=&#8221;0%||||false|false&#8221; animation_style=&#8221;fade&#8221; animation_direction=&#8221;top&#8221; animation_duration=&#8221;1350ms&#8221; animation_starting_opacity=&#8221;100%&#8221; inline_fonts=&#8221;Prata,Montserrat&#8221; _i=&#8221;2&#8243; _address=&#8221;4.0.0.2&#8243;]<h2><span style=\"font-family: Montserrat;color: #002c3e\">Des managers experts en gestion du changement\n<\/span><\/h2>[\/et_pb_text][et_pb_text _builder_version=&#8221;3.27.4&#8243; text_font=&#8221;||||||||&#8221; text_font_size=&#8221;16px&#8221; header_font=&#8221;||||||||&#8221; max_width=&#8221;90%&#8221; module_alignment=&#8221;center&#8221; custom_margin=&#8221;3%|0px|8%|0px|false|false&#8221; custom_padding=&#8221;|2%|0px|2%|false|false&#8221; animation_style=&#8221;flip&#8221; animation_direction=&#8221;left&#8221; animation_intensity_flip=&#8221;30%&#8221; animation_starting_opacity=&#8221;100%&#8221; _i=&#8221;3&#8243; _address=&#8221;4.0.0.3&#8243;]<p style=\"text-align: justify\"><span>Forts d\u2019exp\u00e9riences accomplies avec succ\u00e8s dans des contextes similaires, les managers de transition EIM aident nos clients \u00e0 concevoir et mettre en \u0153uvre des solutions tourn\u00e9es vers l\u2019obtention de<\/span><strong><span>\u00a0<\/span>r\u00e9sultats mesurables et durables<\/strong><span>. Ce sont tous des\u00a0<\/span><strong>op\u00e9rationnels confirm\u00e9s, surqualifi\u00e9s<\/strong><span>\u00a0dans la conduite du changement. Ils apportent une large exp\u00e9rience op\u00e9rationnelle, une expertise sectorielle, de march\u00e9 ou de pays, des comp\u00e9tences fonctionnelles particuli\u00e8res et l\u2019exp\u00e9rience de situations comparables.<\/span><\/p>[\/et_pb_text][\/et_pb_column][\/et_pb_row][et_pb_row column_structure=&#8221;1_3,1_3,1_3&#8243; _builder_version=&#8221;3.27.4&#8243; custom_margin=&#8221;|auto|50px|auto||&#8221; custom_padding=&#8221;|||7.5%|false|false&#8221; _i=&#8221;1&#8243; _address=&#8221;4.1&#8243;][et_pb_column type=&#8221;1_3&#8243; _builder_version=&#8221;3.27.4&#8243; _i=&#8221;0&#8243; _address=&#8221;4.1.0&#8243;][et_pb_button button_url=&#8221;http:\/\/fr\/recrutement-accelere\/&#8221; url_new_window=&#8221;on&#8221; button_text=&#8221;Recrutement acc\u00e9l\u00e9r\u00e9&#8221; _builder_version=&#8221;3.27.4&#8243; custom_button=&#8221;on&#8221; button_text_color=&#8221;#ffffff&#8221; button_bg_color=&#8221;#002c3e&#8221; button_bg_enable_color=&#8221;on&#8221; _i=&#8221;0&#8243; _address=&#8221;4.1.0.0&#8243;][\/et_pb_button][\/et_pb_column][et_pb_column type=&#8221;1_3&#8243; _builder_version=&#8221;3.27.4&#8243; _i=&#8221;1&#8243; _address=&#8221;4.1.1&#8243;][et_pb_button button_url=&#8221;http:\/\/fr\/rexcellence-operationnelle\/&#8221; url_new_window=&#8221;on&#8221; button_text=&#8221;Excellence op\u00e9rationnelle&#8221; _builder_version=&#8221;3.27.4&#8243; custom_button=&#8221;on&#8221; button_text_color=&#8221;#ffffff&#8221; button_bg_color=&#8221;#002c3e&#8221; custom_margin=&#8221;|||-23px||&#8221; button_bg_enable_color=&#8221;on&#8221; _i=&#8221;0&#8243; _address=&#8221;4.1.1.0&#8243;][\/et_pb_button][\/et_pb_column][et_pb_column type=&#8221;1_3&#8243; _builder_version=&#8221;3.27.4&#8243; _i=&#8221;2&#8243; _address=&#8221;4.1.2&#8243;][et_pb_button button_url=&#8221;http:\/\/fr\/retournement\/&#8221; url_new_window=&#8221;on&#8221; button_text=&#8221;Retournement&#8221; _builder_version=&#8221;3.27.4&#8243; custom_button=&#8221;on&#8221; button_text_color=&#8221;#ffffff&#8221; button_bg_color=&#8221;#002c3e&#8221; button_bg_enable_color=&#8221;on&#8221; _i=&#8221;0&#8243; _address=&#8221;4.1.2.0&#8243;][\/et_pb_button][\/et_pb_column][\/et_pb_row][\/et_pb_section][et_pb_section fb_built=&#8221;1&#8243; _builder_version=&#8221;3.27.4&#8243; background_color=&#8221;#DB9300&#8243; custom_margin=&#8221;0px||||false|false&#8221; top_divider_style=&#8221;slant&#8221; top_divider_color=&#8221;#FFFFFF&#8221; top_divider_flip=&#8221;vertical|horizontal&#8221; bottom_divider_color=&#8221;#ffffff&#8221; bottom_divider_flip=&#8221;horizontal&#8221; fb_built=&#8221;1&#8243; _i=&#8221;5&#8243; _address=&#8221;5&#8243;][et_pb_row _builder_version=&#8221;3.27.4&#8243; custom_margin=&#8221;-46px|auto||auto||&#8221; custom_padding=&#8221;60px|||||&#8221; _i=&#8221;0&#8243; _address=&#8221;5.0&#8243;][et_pb_column type=&#8221;4_4&#8243; _builder_version=&#8221;3.27.4&#8243; _i=&#8221;0&#8243; _address=&#8221;5.0.0&#8243;][et_pb_text admin_label=&#8221;Title&#8221; _builder_version=&#8221;3.27.4&#8243; text_font=&#8221;||||||||&#8221; text_text_color=&#8221;#ffffff&#8221; header_font=&#8221;Prata||||||||&#8221; header_2_font=&#8221;Montserrat|700|||||||&#8221; header_2_text_align=&#8221;center&#8221; header_2_font_size=&#8221;30px&#8221; custom_margin=&#8221;5%||5px||false|false&#8221; custom_padding=&#8221;||0px|||&#8221; animation_style=&#8221;fade&#8221; animation_direction=&#8221;top&#8221; animation_duration=&#8221;1350ms&#8221; animation_starting_opacity=&#8221;100%&#8221; inline_fonts=&#8221;Prata,Montserrat&#8221; _i=&#8221;0&#8243; _address=&#8221;5.0.0.0&#8243;]<h3 style=\"text-align: center\"><span style=\"font-family: Montserrat;color: #ffffff\">Prenez contact avec nous<\/span><\/h3>[\/et_pb_text][\/et_pb_column][\/et_pb_row][et_pb_row column_structure=&#8221;1_5,3_5,1_5&#8243; _builder_version=&#8221;3.27.4&#8243; custom_padding=&#8221;0px|||||&#8221; _i=&#8221;1&#8243; _address=&#8221;5.1&#8243;][et_pb_column type=&#8221;1_5&#8243; _builder_version=&#8221;3.27.4&#8243; _i=&#8221;0&#8243; _address=&#8221;5.1.0&#8243;][\/et_pb_column][et_pb_column type=&#8221;3_5&#8243; _builder_version=&#8221;3.27.4&#8243; _i=&#8221;1&#8243; _address=&#8221;5.1.1&#8243;][et_pb_text _builder_version=&#8221;3.27.4&#8243; custom_padding=&#8221;||0px|||&#8221; _i=&#8221;0&#8243; _address=&#8221;5.1.1.0&#8243;]<p style=\"text-align: center\"><span style=\"color: #ffffff\">Vous souhaitez en savoir plus et entrer en relation avec un conseiller EIM<\/span><\/p>[\/et_pb_text][et_pb_button button_url=&#8221;@ET-DC@eyJkeW5hbWljIjp0cnVlLCJjb250ZW50IjoicG9zdF9saW5rX3VybF9wYWdlIiwic2V0dGluZ3MiOnsicG9zdF9pZCI6IjM0OCJ9fQ==@&#8221; button_text=&#8221;CONTACTEZ-NOUS&#8221; button_alignment=&#8221;center&#8221; _builder_version=&#8221;3.27.4&#8243; background_layout=&#8221;dark&#8221; hover_enabled=&#8221;0&#8243; _i=&#8221;1&#8243; _address=&#8221;5.1.1.1&#8243; _dynamic_attributes=&#8221;button_url&#8221;][\/et_pb_button][\/et_pb_column][et_pb_column type=&#8221;1_5&#8243; _builder_version=&#8221;3.27.4&#8243; _i=&#8221;2&#8243; _address=&#8221;5.1.2&#8243;][\/et_pb_column][\/et_pb_row][\/et_pb_section]\n","protected":false},"excerpt":{"rendered":"","protected":false},"author":2,"featured_media":3142,"comment_status":"closed","ping_status":"closed","sticky":false,"template":"","format":"standard","meta":{"_et_pb_use_builder":"on","_et_pb_old_content":"Thierry Fournier \u00e9tait au micro de Caroline Pom\u00e8s pour pr\u00e9senter l'offre de Chief Brexit Officer pens\u00e9e par le cabinet EIM France.\n\n[video mp4=\"https:\/\/fr.eim.com\/wp-content\/uploads\/2019\/10\/20191014_France-Inter_T.-Fournier_CBxO.mp4\"][\/video]","_et_gb_content_width":"","footnotes":""},"categories":[354,355],"tags":[],"class_list":["post-3141","post","type-post","status-publish","format-standard","has-post-thumbnail","hentry","category-articles-et-communiques","category-communiques-eim"],"yoast_head":"<!-- This site is optimized with the Yoast SEO Premium plugin v27.0 (Yoast SEO v27.4) - https:\/\/yoast.com\/product\/yoast-seo-premium-wordpress\/ -->\n<title>Thierry Fournier interview\u00e9 sur France Inter \u00e0 propos du CBxO | Management de transition | EIM France - EIM France<\/title>\n<meta name=\"description\" content=\"Thierry Fournier interview\u00e9 sur France Inter \u00e0 propos du CBxO - Cr\u00e9ateur du m\u00e9tier du management de transition en Europe, le cabinet EIM vous accompagne dans vos plans de transformation avec une communaut\u00e9 de plus de 30 000 dirigeants. Contactez-nous.\" \/>\n<meta name=\"robots\" content=\"index, follow, max-snippet:-1, max-image-preview:large, max-video-preview:-1\" \/>\n<link rel=\"canonical\" href=\"https:\/\/www.eim.com\/fr\/articles-et-communiques\/thierry-fournier-interviewe-sur-france-inter-a-propos-du-cbxo\/\" \/>\n<meta property=\"og:locale\" content=\"fr_FR\" \/>\n<meta property=\"og:type\" content=\"article\" \/>\n<meta property=\"og:title\" content=\"Thierry Fournier interview\u00e9 sur France Inter \u00e0 propos du CBxO | Management de transition | EIM France\" \/>\n<meta property=\"og:description\" content=\"Thierry Fournier interview\u00e9 sur France Inter \u00e0 propos du CBxO - Cr\u00e9ateur du m\u00e9tier du management de transition en Europe, le cabinet EIM vous accompagne dans vos plans de transformation avec une communaut\u00e9 de plus de 30 000 dirigeants. Contactez-nous.\" \/>\n<meta property=\"og:url\" content=\"https:\/\/www.eim.com\/fr\/articles-et-communiques\/thierry-fournier-interviewe-sur-france-inter-a-propos-du-cbxo\/\" \/>\n<meta property=\"og:site_name\" content=\"EIM France\" \/>\n<meta property=\"article:published_time\" content=\"2019-10-15T12:24:39+00:00\" \/>\n<meta property=\"article:modified_time\" content=\"2021-10-19T15:28:11+00:00\" \/>\n<meta name=\"author\" content=\"eimworld\" \/>\n<meta name=\"twitter:card\" content=\"summary_large_image\" \/>\n<meta name=\"twitter:label1\" content=\"\u00c9crit par\" \/>\n\t<meta name=\"twitter:data1\" content=\"eimworld\" \/>\n\t<meta name=\"twitter:label2\" content=\"Dur\u00e9e de lecture estim\u00e9e\" \/>\n\t<meta name=\"twitter:data2\" content=\"5 minutes\" \/>\n<script type=\"application\/ld+json\" class=\"yoast-schema-graph\">{\"@context\":\"https:\\\/\\\/schema.org\",\"@graph\":[{\"@type\":\"Article\",\"@id\":\"https:\\\/\\\/www.eim.com\\\/fr\\\/articles-et-communiques\\\/thierry-fournier-interviewe-sur-france-inter-a-propos-du-cbxo\\\/#article\",\"isPartOf\":{\"@id\":\"https:\\\/\\\/www.eim.com\\\/fr\\\/articles-et-communiques\\\/thierry-fournier-interviewe-sur-france-inter-a-propos-du-cbxo\\\/\"},\"author\":{\"name\":\"eimworld\",\"@id\":\"https:\\\/\\\/www.eim.com\\\/fr\\\/#\\\/schema\\\/person\\\/82c5e4b03b7af649944ed10552319b91\"},\"headline\":\"Thierry Fournier interview\u00e9 sur France Inter \u00e0 propos du CBxO | Management de transition | EIM France\",\"datePublished\":\"2019-10-15T12:24:39+00:00\",\"dateModified\":\"2021-10-19T15:28:11+00:00\",\"mainEntityOfPage\":{\"@id\":\"https:\\\/\\\/www.eim.com\\\/fr\\\/articles-et-communiques\\\/thierry-fournier-interviewe-sur-france-inter-a-propos-du-cbxo\\\/\"},\"wordCount\":2054,\"publisher\":{\"@id\":\"https:\\\/\\\/www.eim.com\\\/fr\\\/#organization\"},\"image\":{\"@id\":\"https:\\\/\\\/www.eim.com\\\/fr\\\/articles-et-communiques\\\/thierry-fournier-interviewe-sur-france-inter-a-propos-du-cbxo\\\/#primaryimage\"},\"thumbnailUrl\":\"\",\"articleSection\":[\"Articles et communiqu\u00e9s\",\"Communiqu\u00e9s EIM\"],\"inLanguage\":\"fr-FR\"},{\"@type\":\"WebPage\",\"@id\":\"https:\\\/\\\/www.eim.com\\\/fr\\\/articles-et-communiques\\\/thierry-fournier-interviewe-sur-france-inter-a-propos-du-cbxo\\\/\",\"url\":\"https:\\\/\\\/www.eim.com\\\/fr\\\/articles-et-communiques\\\/thierry-fournier-interviewe-sur-france-inter-a-propos-du-cbxo\\\/\",\"name\":\"Thierry Fournier interview\u00e9 sur France Inter \u00e0 propos du CBxO | Management de transition | EIM France - EIM France\",\"isPartOf\":{\"@id\":\"https:\\\/\\\/www.eim.com\\\/fr\\\/#website\"},\"primaryImageOfPage\":{\"@id\":\"https:\\\/\\\/www.eim.com\\\/fr\\\/articles-et-communiques\\\/thierry-fournier-interviewe-sur-france-inter-a-propos-du-cbxo\\\/#primaryimage\"},\"image\":{\"@id\":\"https:\\\/\\\/www.eim.com\\\/fr\\\/articles-et-communiques\\\/thierry-fournier-interviewe-sur-france-inter-a-propos-du-cbxo\\\/#primaryimage\"},\"thumbnailUrl\":\"\",\"datePublished\":\"2019-10-15T12:24:39+00:00\",\"dateModified\":\"2021-10-19T15:28:11+00:00\",\"description\":\"Thierry Fournier interview\u00e9 sur France Inter \u00e0 propos du CBxO - Cr\u00e9ateur du m\u00e9tier du management de transition en Europe, le cabinet EIM vous accompagne dans vos plans de transformation avec une communaut\u00e9 de plus de 30 000 dirigeants. Contactez-nous.\",\"breadcrumb\":{\"@id\":\"https:\\\/\\\/www.eim.com\\\/fr\\\/articles-et-communiques\\\/thierry-fournier-interviewe-sur-france-inter-a-propos-du-cbxo\\\/#breadcrumb\"},\"inLanguage\":\"fr-FR\",\"potentialAction\":[{\"@type\":\"ReadAction\",\"target\":[\"https:\\\/\\\/www.eim.com\\\/fr\\\/articles-et-communiques\\\/thierry-fournier-interviewe-sur-france-inter-a-propos-du-cbxo\\\/\"]}]},{\"@type\":\"ImageObject\",\"inLanguage\":\"fr-FR\",\"@id\":\"https:\\\/\\\/www.eim.com\\\/fr\\\/articles-et-communiques\\\/thierry-fournier-interviewe-sur-france-inter-a-propos-du-cbxo\\\/#primaryimage\",\"url\":\"\",\"contentUrl\":\"\"},{\"@type\":\"BreadcrumbList\",\"@id\":\"https:\\\/\\\/www.eim.com\\\/fr\\\/articles-et-communiques\\\/thierry-fournier-interviewe-sur-france-inter-a-propos-du-cbxo\\\/#breadcrumb\",\"itemListElement\":[{\"@type\":\"ListItem\",\"position\":1,\"name\":\"Home\",\"item\":\"https:\\\/\\\/www.eim.com\\\/fr\\\/\"},{\"@type\":\"ListItem\",\"position\":2,\"name\":\"Thierry Fournier interview\u00e9 sur France Inter \u00e0 propos du CBxO | Management de transition | EIM France\"}]},{\"@type\":\"WebSite\",\"@id\":\"https:\\\/\\\/www.eim.com\\\/fr\\\/#website\",\"url\":\"https:\\\/\\\/www.eim.com\\\/fr\\\/\",\"name\":\"EIM France\",\"description\":\"Management de transition | EIM\",\"publisher\":{\"@id\":\"https:\\\/\\\/www.eim.com\\\/fr\\\/#organization\"},\"potentialAction\":[{\"@type\":\"SearchAction\",\"target\":{\"@type\":\"EntryPoint\",\"urlTemplate\":\"https:\\\/\\\/www.eim.com\\\/fr\\\/?s={search_term_string}\"},\"query-input\":{\"@type\":\"PropertyValueSpecification\",\"valueRequired\":true,\"valueName\":\"search_term_string\"}}],\"inLanguage\":\"fr-FR\"},{\"@type\":\"Organization\",\"@id\":\"https:\\\/\\\/www.eim.com\\\/fr\\\/#organization\",\"name\":\"EIM France\",\"url\":\"https:\\\/\\\/www.eim.com\\\/fr\\\/\",\"logo\":{\"@type\":\"ImageObject\",\"inLanguage\":\"fr-FR\",\"@id\":\"https:\\\/\\\/www.eim.com\\\/fr\\\/#\\\/schema\\\/logo\\\/image\\\/\",\"url\":\"https:\\\/\\\/www.eim.com\\\/fr\\\/wp-content\\\/uploads\\\/sites\\\/9\\\/2019\\\/10\\\/logo_EIM_2-e1588485874411.png\",\"contentUrl\":\"https:\\\/\\\/www.eim.com\\\/fr\\\/wp-content\\\/uploads\\\/sites\\\/9\\\/2019\\\/10\\\/logo_EIM_2-e1588485874411.png\",\"width\":300,\"height\":101,\"caption\":\"EIM France\"},\"image\":{\"@id\":\"https:\\\/\\\/www.eim.com\\\/fr\\\/#\\\/schema\\\/logo\\\/image\\\/\"}},{\"@type\":\"Person\",\"@id\":\"https:\\\/\\\/www.eim.com\\\/fr\\\/#\\\/schema\\\/person\\\/82c5e4b03b7af649944ed10552319b91\",\"name\":\"eimworld\",\"image\":{\"@type\":\"ImageObject\",\"inLanguage\":\"fr-FR\",\"@id\":\"https:\\\/\\\/secure.gravatar.com\\\/avatar\\\/06dc2838cb0c066488cdb4b104beba474e6305a2d11cbb1fb7353f876daae9f3?s=96&d=mm&r=g\",\"url\":\"https:\\\/\\\/secure.gravatar.com\\\/avatar\\\/06dc2838cb0c066488cdb4b104beba474e6305a2d11cbb1fb7353f876daae9f3?s=96&d=mm&r=g\",\"contentUrl\":\"https:\\\/\\\/secure.gravatar.com\\\/avatar\\\/06dc2838cb0c066488cdb4b104beba474e6305a2d11cbb1fb7353f876daae9f3?s=96&d=mm&r=g\",\"caption\":\"eimworld\"},\"sameAs\":[\"https:\\\/\\\/eimworld.wpengine.com\"],\"url\":\"https:\\\/\\\/www.eim.com\\\/fr\\\/author\\\/eimworld\\\/\"}]}<\/script>\n<!-- \/ Yoast SEO Premium plugin. -->","yoast_head_json":{"title":"Thierry Fournier interview\u00e9 sur France Inter \u00e0 propos du CBxO | Management de transition | EIM France - EIM France","description":"Thierry Fournier interview\u00e9 sur France Inter \u00e0 propos du CBxO - Cr\u00e9ateur du m\u00e9tier du management de transition en Europe, le cabinet EIM vous accompagne dans vos plans de transformation avec une communaut\u00e9 de plus de 30 000 dirigeants. Contactez-nous.","robots":{"index":"index","follow":"follow","max-snippet":"max-snippet:-1","max-image-preview":"max-image-preview:large","max-video-preview":"max-video-preview:-1"},"canonical":"https:\/\/www.eim.com\/fr\/articles-et-communiques\/thierry-fournier-interviewe-sur-france-inter-a-propos-du-cbxo\/","og_locale":"fr_FR","og_type":"article","og_title":"Thierry Fournier interview\u00e9 sur France Inter \u00e0 propos du CBxO | Management de transition | EIM France","og_description":"Thierry Fournier interview\u00e9 sur France Inter \u00e0 propos du CBxO - Cr\u00e9ateur du m\u00e9tier du management de transition en Europe, le cabinet EIM vous accompagne dans vos plans de transformation avec une communaut\u00e9 de plus de 30 000 dirigeants. Contactez-nous.","og_url":"https:\/\/www.eim.com\/fr\/articles-et-communiques\/thierry-fournier-interviewe-sur-france-inter-a-propos-du-cbxo\/","og_site_name":"EIM France","article_published_time":"2019-10-15T12:24:39+00:00","article_modified_time":"2021-10-19T15:28:11+00:00","author":"eimworld","twitter_card":"summary_large_image","twitter_misc":{"\u00c9crit par":"eimworld","Dur\u00e9e de lecture estim\u00e9e":"5 minutes"},"schema":{"@context":"https:\/\/schema.org","@graph":[{"@type":"Article","@id":"https:\/\/www.eim.com\/fr\/articles-et-communiques\/thierry-fournier-interviewe-sur-france-inter-a-propos-du-cbxo\/#article","isPartOf":{"@id":"https:\/\/www.eim.com\/fr\/articles-et-communiques\/thierry-fournier-interviewe-sur-france-inter-a-propos-du-cbxo\/"},"author":{"name":"eimworld","@id":"https:\/\/www.eim.com\/fr\/#\/schema\/person\/82c5e4b03b7af649944ed10552319b91"},"headline":"Thierry Fournier interview\u00e9 sur France Inter \u00e0 propos du CBxO | Management de transition | EIM France","datePublished":"2019-10-15T12:24:39+00:00","dateModified":"2021-10-19T15:28:11+00:00","mainEntityOfPage":{"@id":"https:\/\/www.eim.com\/fr\/articles-et-communiques\/thierry-fournier-interviewe-sur-france-inter-a-propos-du-cbxo\/"},"wordCount":2054,"publisher":{"@id":"https:\/\/www.eim.com\/fr\/#organization"},"image":{"@id":"https:\/\/www.eim.com\/fr\/articles-et-communiques\/thierry-fournier-interviewe-sur-france-inter-a-propos-du-cbxo\/#primaryimage"},"thumbnailUrl":"","articleSection":["Articles et communiqu\u00e9s","Communiqu\u00e9s EIM"],"inLanguage":"fr-FR"},{"@type":"WebPage","@id":"https:\/\/www.eim.com\/fr\/articles-et-communiques\/thierry-fournier-interviewe-sur-france-inter-a-propos-du-cbxo\/","url":"https:\/\/www.eim.com\/fr\/articles-et-communiques\/thierry-fournier-interviewe-sur-france-inter-a-propos-du-cbxo\/","name":"Thierry Fournier interview\u00e9 sur France Inter \u00e0 propos du CBxO | Management de transition | EIM France - EIM France","isPartOf":{"@id":"https:\/\/www.eim.com\/fr\/#website"},"primaryImageOfPage":{"@id":"https:\/\/www.eim.com\/fr\/articles-et-communiques\/thierry-fournier-interviewe-sur-france-inter-a-propos-du-cbxo\/#primaryimage"},"image":{"@id":"https:\/\/www.eim.com\/fr\/articles-et-communiques\/thierry-fournier-interviewe-sur-france-inter-a-propos-du-cbxo\/#primaryimage"},"thumbnailUrl":"","datePublished":"2019-10-15T12:24:39+00:00","dateModified":"2021-10-19T15:28:11+00:00","description":"Thierry Fournier interview\u00e9 sur France Inter \u00e0 propos du CBxO - Cr\u00e9ateur du m\u00e9tier du management de transition en Europe, le cabinet EIM vous accompagne dans vos plans de transformation avec une communaut\u00e9 de plus de 30 000 dirigeants. Contactez-nous.","breadcrumb":{"@id":"https:\/\/www.eim.com\/fr\/articles-et-communiques\/thierry-fournier-interviewe-sur-france-inter-a-propos-du-cbxo\/#breadcrumb"},"inLanguage":"fr-FR","potentialAction":[{"@type":"ReadAction","target":["https:\/\/www.eim.com\/fr\/articles-et-communiques\/thierry-fournier-interviewe-sur-france-inter-a-propos-du-cbxo\/"]}]},{"@type":"ImageObject","inLanguage":"fr-FR","@id":"https:\/\/www.eim.com\/fr\/articles-et-communiques\/thierry-fournier-interviewe-sur-france-inter-a-propos-du-cbxo\/#primaryimage","url":"","contentUrl":""},{"@type":"BreadcrumbList","@id":"https:\/\/www.eim.com\/fr\/articles-et-communiques\/thierry-fournier-interviewe-sur-france-inter-a-propos-du-cbxo\/#breadcrumb","itemListElement":[{"@type":"ListItem","position":1,"name":"Home","item":"https:\/\/www.eim.com\/fr\/"},{"@type":"ListItem","position":2,"name":"Thierry Fournier interview\u00e9 sur France Inter \u00e0 propos du CBxO | Management de transition | EIM France"}]},{"@type":"WebSite","@id":"https:\/\/www.eim.com\/fr\/#website","url":"https:\/\/www.eim.com\/fr\/","name":"EIM France","description":"Management de transition | EIM","publisher":{"@id":"https:\/\/www.eim.com\/fr\/#organization"},"potentialAction":[{"@type":"SearchAction","target":{"@type":"EntryPoint","urlTemplate":"https:\/\/www.eim.com\/fr\/?s={search_term_string}"},"query-input":{"@type":"PropertyValueSpecification","valueRequired":true,"valueName":"search_term_string"}}],"inLanguage":"fr-FR"},{"@type":"Organization","@id":"https:\/\/www.eim.com\/fr\/#organization","name":"EIM France","url":"https:\/\/www.eim.com\/fr\/","logo":{"@type":"ImageObject","inLanguage":"fr-FR","@id":"https:\/\/www.eim.com\/fr\/#\/schema\/logo\/image\/","url":"https:\/\/www.eim.com\/fr\/wp-content\/uploads\/sites\/9\/2019\/10\/logo_EIM_2-e1588485874411.png","contentUrl":"https:\/\/www.eim.com\/fr\/wp-content\/uploads\/sites\/9\/2019\/10\/logo_EIM_2-e1588485874411.png","width":300,"height":101,"caption":"EIM France"},"image":{"@id":"https:\/\/www.eim.com\/fr\/#\/schema\/logo\/image\/"}},{"@type":"Person","@id":"https:\/\/www.eim.com\/fr\/#\/schema\/person\/82c5e4b03b7af649944ed10552319b91","name":"eimworld","image":{"@type":"ImageObject","inLanguage":"fr-FR","@id":"https:\/\/secure.gravatar.com\/avatar\/06dc2838cb0c066488cdb4b104beba474e6305a2d11cbb1fb7353f876daae9f3?s=96&d=mm&r=g","url":"https:\/\/secure.gravatar.com\/avatar\/06dc2838cb0c066488cdb4b104beba474e6305a2d11cbb1fb7353f876daae9f3?s=96&d=mm&r=g","contentUrl":"https:\/\/secure.gravatar.com\/avatar\/06dc2838cb0c066488cdb4b104beba474e6305a2d11cbb1fb7353f876daae9f3?s=96&d=mm&r=g","caption":"eimworld"},"sameAs":["https:\/\/eimworld.wpengine.com"],"url":"https:\/\/www.eim.com\/fr\/author\/eimworld\/"}]}},"_links":{"self":[{"href":"https:\/\/www.eim.com\/fr\/wp-json\/wp\/v2\/posts\/3141","targetHints":{"allow":["GET"]}}],"collection":[{"href":"https:\/\/www.eim.com\/fr\/wp-json\/wp\/v2\/posts"}],"about":[{"href":"https:\/\/www.eim.com\/fr\/wp-json\/wp\/v2\/types\/post"}],"author":[{"embeddable":true,"href":"https:\/\/www.eim.com\/fr\/wp-json\/wp\/v2\/users\/2"}],"replies":[{"embeddable":true,"href":"https:\/\/www.eim.com\/fr\/wp-json\/wp\/v2\/comments?post=3141"}],"version-history":[{"count":0,"href":"https:\/\/www.eim.com\/fr\/wp-json\/wp\/v2\/posts\/3141\/revisions"}],"wp:featuredmedia":[{"embeddable":true,"href":"https:\/\/www.eim.com\/fr\/wp-json\/"}],"wp:attachment":[{"href":"https:\/\/www.eim.com\/fr\/wp-json\/wp\/v2\/media?parent=3141"}],"wp:term":[{"taxonomy":"category","embeddable":true,"href":"https:\/\/www.eim.com\/fr\/wp-json\/wp\/v2\/categories?post=3141"},{"taxonomy":"post_tag","embeddable":true,"href":"https:\/\/www.eim.com\/fr\/wp-json\/wp\/v2\/tags?post=3141"}],"curies":[{"name":"wp","href":"https:\/\/api.w.org\/{rel}","templated":true}]}}