{"id":16787,"date":"2026-04-14T12:24:29","date_gmt":"2026-04-14T12:24:29","guid":{"rendered":"https:\/\/www.eim.com\/fr\/?p=16787"},"modified":"2026-04-14T12:24:31","modified_gmt":"2026-04-14T12:24:31","slug":"eim-a-le-plaisir-dannoncer-la-nomination-de-son-nouveau-comite-executif","status":"publish","type":"post","link":"https:\/\/www.eim.com\/fr\/news\/eim-a-le-plaisir-dannoncer-la-nomination-de-son-nouveau-comite-executif\/","title":{"rendered":"EIM a le plaisir d\u2019annoncer la nomination de son nouveau Comit\u00e9 Ex\u00e9cutif"},"content":{"rendered":"<p>[et_pb_section fb_built=&#8221;1&#8243; admin_label=&#8221;Hero Section&#8221; _builder_version=&#8221;4.27.5&#8243; background_color=&#8221;#002c3e&#8221; background_enable_image=&#8221;off&#8221; background_position=&#8221;center_right&#8221; height=&#8221;540px&#8221; height_tablet=&#8221;540px&#8221; height_phone=&#8221;650px&#8221; height_last_edited=&#8221;on|phone&#8221; custom_padding=&#8221;6%||0.2%|||&#8221; bottom_divider_style=&#8221;slant&#8221; bottom_divider_color=&#8221;#ffffff&#8221; bottom_divider_height=&#8221;150px&#8221; bottom_divider_flip=&#8221;horizontal&#8221; locked=&#8221;off&#8221; global_colors_info=&#8221;{}&#8221; background_color_gradient_direction__hover=&#8221;180deg&#8221; background_color_gradient_direction__hover_enabled=&#8221;180deg&#8221; background_color_gradient_start_position__hover=&#8221;0%&#8221; background_color_gradient_start_position__hover_enabled=&#8221;0%&#8221; background_color_gradient_end_position__hover=&#8221;100%&#8221; background_color_gradient_end_position__hover_enabled=&#8221;100%&#8221; background_color_gradient_stops__hover=&#8221;rgba(0,0,0,0.4) 0%|rgba(0,0,0,0.4) 100%&#8221;][et_pb_row admin_label=&#8221;Page Title Area&#8221; _builder_version=&#8221;4.16&#8243; width=&#8221;100%&#8221; max_width=&#8221;2560px&#8221; module_alignment=&#8221;center&#8221; min_height=&#8221;313px&#8221; custom_margin=&#8221;-2%|auto|0px|auto|false|false&#8221; custom_padding=&#8221;0px||1px|||&#8221; global_colors_info=&#8221;{}&#8221;][et_pb_column type=&#8221;4_4&#8243; _builder_version=&#8221;4.16&#8243; custom_padding=&#8221;|||&#8221; global_colors_info=&#8221;{}&#8221; custom_padding__hover=&#8221;|||&#8221;][et_pb_text content_tablet=&#8221;<\/p>\n<h1><strong>EIM announces its new Executive Committee<\/strong><\/h1>\n<h1><span style=%22font-family: Montserrat;%22><\/span><\/h1>\n<p>&#8221; content_phone=&#8221;<\/p>\n<h1><strong>EIM announces its new Executive Committee<\/strong><\/h1>\n<h1><span style=%22font-family: Montserrat;%22><\/span><\/h1>\n<p>&#8221; content_last_edited=&#8221;off|tablet&#8221; admin_label=&#8221;Hero Section Title&#8221; _builder_version=&#8221;4.27.5&#8243; text_font=&#8221;Montserrat|800|||||||&#8221; text_font_size=&#8221;18px&#8221; text_line_height=&#8221;1.3em&#8221; header_font=&#8221;Montserrat|700|||||||&#8221; header_font_size=&#8221;56px&#8221; header_letter_spacing=&#8221;3px&#8221; header_line_height=&#8221;1.1em&#8221; header_2_font=&#8221;Montserrat|700|||||||&#8221; header_2_text_color=&#8221;rgba(255,255,255,0.6)&#8221; header_2_font_size=&#8221;90px&#8221; header_2_letter_spacing=&#8221;3px&#8221; header_2_line_height=&#8221;1.1em&#8221; text_orientation=&#8221;center&#8221; background_layout=&#8221;dark&#8221; width=&#8221;100%&#8221; max_width=&#8221;1000px&#8221; max_width_tablet=&#8221;650px&#8221; max_width_phone=&#8221;700%&#8221; max_width_last_edited=&#8221;on|phone&#8221; module_alignment=&#8221;center&#8221; height=&#8221;368px&#8221; height_tablet=&#8221;368px&#8221; height_phone=&#8221;368px&#8221; height_last_edited=&#8221;on|desktop&#8221; max_height=&#8221;1000px&#8221; custom_margin=&#8221;0px||-5px|130px|false|false&#8221; custom_margin_tablet=&#8221;0px||0px||false|false&#8221; custom_margin_phone=&#8221;-10%||0px||false|false&#8221; custom_margin_last_edited=&#8221;on|phone&#8221; custom_padding_tablet=&#8221;||0px|0px||&#8221; custom_padding_phone=&#8221;||||false|false&#8221; custom_padding_last_edited=&#8221;on|phone&#8221; animation_style=&#8221;fade&#8221; animation_direction=&#8221;bottom&#8221; animation_duration=&#8221;1350ms&#8221; header_font_size_tablet=&#8221;&#8221; header_font_size_phone=&#8221;28px&#8221; header_font_size_last_edited=&#8221;on|phone&#8221; header_2_font_size_tablet=&#8221;&#8221; header_2_font_size_phone=&#8221;50px&#8221; header_2_font_size_last_edited=&#8221;on|phone&#8221; text_text_shadow_style=&#8221;preset1&#8243; text_text_shadow_horizontal_length=&#8221;0.28em&#8221; inline_fonts=&#8221;Prata,Montserrat&#8221; global_colors_info=&#8221;{}&#8221;]<\/p>\n<h1>EIM a le plaisir d\u2019annoncer la nomination de son nouveau Comit\u00e9 Ex\u00e9cutif<\/h1>\n<p>[\/et_pb_text][\/et_pb_column][\/et_pb_row][\/et_pb_section][et_pb_section fb_built=&#8221;1&#8243; disabled_on=&#8221;off|off|off&#8221; _builder_version=&#8221;4.16&#8243; background_color=&#8221;#ffffff&#8221; custom_margin=&#8221;||||false|false&#8221; custom_padding=&#8221;10px||||false|false&#8221; top_divider_style=&#8221;slant&#8221; top_divider_color=&#8221;#ffffff&#8221; bottom_divider_flip=&#8221;horizontal&#8221; locked=&#8221;off&#8221; global_colors_info=&#8221;{}&#8221;][et_pb_row make_equal=&#8221;on&#8221; admin_label=&#8221;Title Area&#8221; _builder_version=&#8221;4.22.2&#8243; background_color=&#8221;rgba(0,0,0,0)&#8221; width=&#8221;100%&#8221; module_alignment=&#8221;center&#8221; custom_margin=&#8221;||||false|false&#8221; custom_padding=&#8221;3%|0px|0.2%|0px|false|false&#8221; custom_css_main_element=&#8221;align-items: center;&#8221; locked=&#8221;off&#8221; global_colors_info=&#8221;{}&#8221; custom_css_main_element_last_edited=&#8221;on|desktop&#8221; custom_css_main_element_tablet=&#8221;align-items: center;&#8221; custom_css_main_element_phone=&#8221;align-items: center;&#8221;][et_pb_column type=&#8221;4_4&#8243; _builder_version=&#8221;4.17.3&#8243; _module_preset=&#8221;default&#8221; global_colors_info=&#8221;{}&#8221;][et_pb_text _builder_version=&#8221;4.27.5&#8243; text_font_size=&#8221;17px&#8221; max_width=&#8221;90%&#8221; module_alignment=&#8221;center&#8221; custom_margin=&#8221;||5%||false|false&#8221; locked=&#8221;off&#8221; global_colors_info=&#8221;{}&#8221;]<\/p>\n<p style=\"text-align: justify;\"><strong>EIM a le plaisir d\u2019annoncer la nomination de son nouveau Comit\u00e9 Ex\u00e9cutif<\/strong>, une \u00e9tape cl\u00e9 pour soutenir la prochaine phase de croissance et d\u2019expansion internationale de l\u2019entreprise.<\/p>\n<p style=\"text-align: justify;\">Au cours des derni\u00e8res ann\u00e9es, EIM a \u00e9tendu sa pr\u00e9sence mondiale, renforc\u00e9 sa structure op\u00e9rationnelle gr\u00e2ce \u00e0 des acquisitions strat\u00e9giques et enregistr\u00e9 des performances solides et r\u00e9guli\u00e8res.<\/p>\n<p style=\"text-align: justify;\">Ces progr\u00e8s refl\u00e8tent l\u2019engagement de ses \u00e9quipes, la confiance de ses partenaires ainsi que la qualit\u00e9 de sa collaboration avec ses actionnaires.<\/p>\n<p style=\"text-align: justify;\">La soci\u00e9t\u00e9 adresse ses sinc\u00e8res remerciements \u00e0 Michele Bruno et Thomas Schneider pour leur leadership remarquable et leur contribution au sein du Comit\u00e9 Ex\u00e9cutif et du Conseil d\u2019Administration, contribuant ainsi \u00e0 fa\u00e7onner le succ\u00e8s d\u2019EIM \u00e0 ce jour.<\/p>\n<p style=\"text-align: justify;\">Le nouveau Comit\u00e9 Ex\u00e9cutif r\u00e9unit des partenaires de longue date d\u2019EIM : Thierry Tomasov, membre du Comit\u00e9 Ex\u00e9cutif et du Conseil d\u2019Administration depuis plusieurs ann\u00e9es, ainsi que Gabriele Galeani et Peter Fuchs. Tous trois rejoindront \u00e9galement le Conseil d\u2019Administration, assurant un leadership solide tant au niveau strat\u00e9gique qu\u2019op\u00e9rationnel.<\/p>\n<p style=\"text-align: justify;\">Thierry Tomasov assume la fonction de Pr\u00e9sident du Conseil d\u2019Administration et dirigera les orientations strat\u00e9giques de l\u2019entreprise, tandis que Peter Fuchs prendra la direction op\u00e9rationnelle du groupe en tant que Managing Partner. Gabriele Galeani pilotera des initiatives strat\u00e9giques cl\u00e9s et soutiendra la croissance de l\u2019entreprise \u00e0 travers ses diff\u00e9rents march\u00e9s.<\/p>\n<p style=\"text-align: justify;\">\u00c0 l\u2019avenir, le Comit\u00e9 Ex\u00e9cutif se concentrera sur le d\u00e9veloppement de l\u2019activit\u00e9, l\u2019am\u00e9lioration de l\u2019ex\u00e9cution sur l\u2019ensemble des march\u00e9s et la poursuite d\u2019une croissance durable et disciplin\u00e9e.<\/p>\n<p style=\"text-align: justify;\">Gr\u00e2ce \u00e0 cette \u00e9quipe solide et exp\u00e9riment\u00e9e, EIM est id\u00e9alement positionn\u00e9e pour acc\u00e9l\u00e9rer son expansion et continuer \u00e0 fa\u00e7onner l\u2019avenir de son secteur.<\/p>\n<p>[\/et_pb_text][et_pb_image src=&#8221;https:\/\/www.eim.com\/wp-content\/uploads\/_pda\/2026\/04\/EIM-EC-landing-page-news.webp&#8221; alt=&#8221;EIM new Executive Committee: Thierry Tomasov, Peter Fuchs, Gabriele Galeani.&#8221; title_text=&#8221;EIM EC landing page news&#8221; _builder_version=&#8221;4.27.5&#8243; _module_preset=&#8221;default&#8221; locked=&#8221;off&#8221; global_colors_info=&#8221;{}&#8221;][\/et_pb_image][\/et_pb_column][\/et_pb_row][\/et_pb_section][et_pb_section fb_built=&#8221;1&#8243; _builder_version=&#8221;4.27.5&#8243; background_color=&#8221;#e6e6e6&#8243; custom_margin=&#8221;0px||0px||false|false&#8221; top_divider_style=&#8221;slant&#8221; top_divider_color=&#8221;#FFFFFF&#8221; top_divider_flip=&#8221;vertical|horizontal&#8221; bottom_divider_color=&#8221;#ffffff&#8221; bottom_divider_flip=&#8221;horizontal&#8221; hover_enabled=&#8221;0&#8243; global_colors_info=&#8221;{}&#8221; sticky_enabled=&#8221;0&#8243;][et_pb_row _builder_version=&#8221;4.16&#8243; custom_margin=&#8221;-46px|auto||auto||&#8221; custom_padding=&#8221;60px|||||&#8221; global_colors_info=&#8221;{}&#8221;][et_pb_column type=&#8221;4_4&#8243; _builder_version=&#8221;4.16&#8243; global_colors_info=&#8221;{}&#8221;][et_pb_text admin_label=&#8221;Title&#8221; _builder_version=&#8221;4.27.5&#8243; text_font=&#8221;||||||||&#8221; text_text_color=&#8221;#ffffff&#8221; header_font=&#8221;Prata||||||||&#8221; header_2_font=&#8221;Montserrat|700|||||||&#8221; header_2_text_align=&#8221;center&#8221; header_2_font_size=&#8221;30px&#8221; custom_margin=&#8221;5%||5px||false|false&#8221; custom_padding=&#8221;||0px|||&#8221; animation_style=&#8221;fade&#8221; animation_direction=&#8221;top&#8221; animation_duration=&#8221;1350ms&#8221; animation_starting_opacity=&#8221;100%&#8221; hover_enabled=&#8221;0&#8243; inline_fonts=&#8221;Prata,Montserrat&#8221; global_colors_info=&#8221;{}&#8221; sticky_enabled=&#8221;0&#8243;]<\/p>\n<h3 style=\"text-align: center;\"><span style=\"font-family: Montserrat; color: #062C3E;\">Prenez contact avec nous<\/span><\/h3>\n<p>[\/et_pb_text][\/et_pb_column][\/et_pb_row][et_pb_row column_structure=&#8221;1_5,3_5,1_5&#8243; _builder_version=&#8221;4.16&#8243; custom_padding=&#8221;0px|||||&#8221; global_colors_info=&#8221;{}&#8221;][et_pb_column type=&#8221;1_5&#8243; _builder_version=&#8221;4.16&#8243; global_colors_info=&#8221;{}&#8221;][\/et_pb_column][et_pb_column type=&#8221;3_5&#8243; _builder_version=&#8221;4.16&#8243; global_colors_info=&#8221;{}&#8221;][et_pb_text _builder_version=&#8221;4.27.5&#8243; custom_padding=&#8221;||0px|||&#8221; hover_enabled=&#8221;0&#8243; global_colors_info=&#8221;{}&#8221; sticky_enabled=&#8221;0&#8243;]<\/p>\n<p style=\"text-align: center;\"><span style=\"color: #062C3E;\">Vous souhaitez en savoir plus et entrer en relation avec un conseiller EIM<\/span><\/p>\n<p>[\/et_pb_text][et_pb_button button_url=&#8221;\/fr\/nous-contacter\/&#8221; button_text=&#8221;CONTACTEZ-NOUS&#8221; button_alignment=&#8221;center&#8221; _builder_version=&#8221;4.27.5&#8243; background_layout=&#8221;dark&#8221; hover_enabled=&#8221;0&#8243; global_colors_info=&#8221;{}&#8221; custom_button=&#8221;on&#8221; button_text_color=&#8221;#062c3e&#8221; sticky_enabled=&#8221;0&#8243;][\/et_pb_button][\/et_pb_column][et_pb_column type=&#8221;1_5&#8243; _builder_version=&#8221;4.16&#8243; global_colors_info=&#8221;{}&#8221;][\/et_pb_column][\/et_pb_row][\/et_pb_section]<\/p>\n","protected":false},"excerpt":{"rendered":"<p>[et_pb_section fb_built=&#8221;1&#8243; admin_label=&#8221;Hero Section&#8221; _builder_version=&#8221;4.27.5&#8243; background_color=&#8221;#002c3e&#8221; background_enable_image=&#8221;off&#8221; background_position=&#8221;center_right&#8221; height=&#8221;540px&#8221; height_tablet=&#8221;540px&#8221; height_phone=&#8221;650px&#8221; height_last_edited=&#8221;on|phone&#8221; custom_padding=&#8221;6%||0.2%|||&#8221; bottom_divider_style=&#8221;slant&#8221; bottom_divider_color=&#8221;#ffffff&#8221; bottom_divider_height=&#8221;150px&#8221; bottom_divider_flip=&#8221;horizontal&#8221; locked=&#8221;off&#8221; global_colors_info=&#8221;{}&#8221; background_color_gradient_direction__hover=&#8221;180deg&#8221; background_color_gradient_direction__hover_enabled=&#8221;180deg&#8221; background_color_gradient_start_position__hover=&#8221;0%&#8221; background_color_gradient_start_position__hover_enabled=&#8221;0%&#8221; background_color_gradient_end_position__hover=&#8221;100%&#8221; background_color_gradient_end_position__hover_enabled=&#8221;100%&#8221; background_color_gradient_stops__hover=&#8221;rgba(0,0,0,0.4) 0%|rgba(0,0,0,0.4) 100%&#8221;][et_pb_row admin_label=&#8221;Page Title Area&#8221; _builder_version=&#8221;4.16&#8243; width=&#8221;100%&#8221; max_width=&#8221;2560px&#8221; module_alignment=&#8221;center&#8221; min_height=&#8221;313px&#8221; custom_margin=&#8221;-2%|auto|0px|auto|false|false&#8221; custom_padding=&#8221;0px||1px|||&#8221; global_colors_info=&#8221;{}&#8221;][et_pb_column type=&#8221;4_4&#8243; _builder_version=&#8221;4.16&#8243; custom_padding=&#8221;|||&#8221; global_colors_info=&#8221;{}&#8221; custom_padding__hover=&#8221;|||&#8221;][et_pb_text content_tablet=&#8221; EIM announces its new Executive Committee &#8221; content_phone=&#8221; EIM announces [&hellip;]<\/p>\n","protected":false},"author":2,"featured_media":0,"comment_status":"closed","ping_status":"closed","sticky":false,"template":"","format":"standard","meta":{"_et_pb_use_builder":"on","_et_pb_old_content":"","_et_gb_content_width":"","footnotes":""},"categories":[2288],"tags":[],"class_list":["post-16787","post","type-post","status-publish","format-standard","hentry","category-news"],"yoast_head":"<!-- This site is optimized with the Yoast SEO Premium plugin v27.0 (Yoast SEO v27.4) - https:\/\/yoast.com\/product\/yoast-seo-premium-wordpress\/ -->\n<title>EIM a le plaisir d\u2019annoncer la nomination de son nouveau Comit\u00e9 Ex\u00e9cutif - EIM France<\/title>\n<meta name=\"robots\" content=\"index, follow, max-snippet:-1, max-image-preview:large, max-video-preview:-1\" \/>\n<link rel=\"canonical\" href=\"https:\/\/www.eim.com\/fr\/news\/eim-a-le-plaisir-dannoncer-la-nomination-de-son-nouveau-comite-executif\/\" \/>\n<meta property=\"og:locale\" content=\"fr_FR\" \/>\n<meta property=\"og:type\" content=\"article\" \/>\n<meta property=\"og:title\" content=\"EIM a le plaisir d\u2019annoncer la nomination de son nouveau Comit\u00e9 Ex\u00e9cutif\" \/>\n<meta property=\"og:description\" content=\"[et_pb_section fb_built=&#8221;1&#8243; admin_label=&#8221;Hero Section&#8221; _builder_version=&#8221;4.27.5&#8243; background_color=&#8221;#002c3e&#8221; background_enable_image=&#8221;off&#8221; background_position=&#8221;center_right&#8221; height=&#8221;540px&#8221; height_tablet=&#8221;540px&#8221; height_phone=&#8221;650px&#8221; height_last_edited=&#8221;on|phone&#8221; custom_padding=&#8221;6%||0.2%|||&#8221; bottom_divider_style=&#8221;slant&#8221; bottom_divider_color=&#8221;#ffffff&#8221; bottom_divider_height=&#8221;150px&#8221; bottom_divider_flip=&#8221;horizontal&#8221; locked=&#8221;off&#8221; global_colors_info=&#8221;{}&#8221; background_color_gradient_direction__hover=&#8221;180deg&#8221; background_color_gradient_direction__hover_enabled=&#8221;180deg&#8221; background_color_gradient_start_position__hover=&#8221;0%&#8221; background_color_gradient_start_position__hover_enabled=&#8221;0%&#8221; background_color_gradient_end_position__hover=&#8221;100%&#8221; background_color_gradient_end_position__hover_enabled=&#8221;100%&#8221; background_color_gradient_stops__hover=&#8221;rgba(0,0,0,0.4) 0%|rgba(0,0,0,0.4) 100%&#8221;][et_pb_row admin_label=&#8221;Page Title Area&#8221; _builder_version=&#8221;4.16&#8243; width=&#8221;100%&#8221; max_width=&#8221;2560px&#8221; module_alignment=&#8221;center&#8221; min_height=&#8221;313px&#8221; custom_margin=&#8221;-2%|auto|0px|auto|false|false&#8221; custom_padding=&#8221;0px||1px|||&#8221; global_colors_info=&#8221;{}&#8221;][et_pb_column type=&#8221;4_4&#8243; _builder_version=&#8221;4.16&#8243; custom_padding=&#8221;|||&#8221; global_colors_info=&#8221;{}&#8221; custom_padding__hover=&#8221;|||&#8221;][et_pb_text content_tablet=&#8221; EIM announces its new Executive Committee &#8221; content_phone=&#8221; EIM announces [&hellip;]\" \/>\n<meta property=\"og:url\" content=\"https:\/\/www.eim.com\/fr\/news\/eim-a-le-plaisir-dannoncer-la-nomination-de-son-nouveau-comite-executif\/\" \/>\n<meta property=\"og:site_name\" content=\"EIM France\" \/>\n<meta property=\"article:published_time\" content=\"2026-04-14T12:24:29+00:00\" \/>\n<meta property=\"article:modified_time\" content=\"2026-04-14T12:24:31+00:00\" \/>\n<meta name=\"author\" content=\"eimworld\" \/>\n<meta name=\"twitter:card\" content=\"summary_large_image\" \/>\n<meta name=\"twitter:label1\" content=\"\u00c9crit par\" \/>\n\t<meta name=\"twitter:data1\" content=\"eimworld\" \/>\n\t<meta name=\"twitter:label2\" content=\"Dur\u00e9e de lecture estim\u00e9e\" \/>\n\t<meta name=\"twitter:data2\" content=\"5 minutes\" \/>\n<script type=\"application\/ld+json\" class=\"yoast-schema-graph\">{\"@context\":\"https:\\\/\\\/schema.org\",\"@graph\":[{\"@type\":\"Article\",\"@id\":\"https:\\\/\\\/www.eim.com\\\/fr\\\/news\\\/eim-a-le-plaisir-dannoncer-la-nomination-de-son-nouveau-comite-executif\\\/#article\",\"isPartOf\":{\"@id\":\"https:\\\/\\\/www.eim.com\\\/fr\\\/news\\\/eim-a-le-plaisir-dannoncer-la-nomination-de-son-nouveau-comite-executif\\\/\"},\"author\":{\"name\":\"eimworld\",\"@id\":\"https:\\\/\\\/www.eim.com\\\/fr\\\/#\\\/schema\\\/person\\\/82c5e4b03b7af649944ed10552319b91\"},\"headline\":\"EIM a le plaisir d\u2019annoncer la nomination de son nouveau Comit\u00e9 Ex\u00e9cutif\",\"datePublished\":\"2026-04-14T12:24:29+00:00\",\"dateModified\":\"2026-04-14T12:24:31+00:00\",\"mainEntityOfPage\":{\"@id\":\"https:\\\/\\\/www.eim.com\\\/fr\\\/news\\\/eim-a-le-plaisir-dannoncer-la-nomination-de-son-nouveau-comite-executif\\\/\"},\"wordCount\":1191,\"publisher\":{\"@id\":\"https:\\\/\\\/www.eim.com\\\/fr\\\/#organization\"},\"articleSection\":[\"News\"],\"inLanguage\":\"fr-FR\"},{\"@type\":\"WebPage\",\"@id\":\"https:\\\/\\\/www.eim.com\\\/fr\\\/news\\\/eim-a-le-plaisir-dannoncer-la-nomination-de-son-nouveau-comite-executif\\\/\",\"url\":\"https:\\\/\\\/www.eim.com\\\/fr\\\/news\\\/eim-a-le-plaisir-dannoncer-la-nomination-de-son-nouveau-comite-executif\\\/\",\"name\":\"EIM a le plaisir d\u2019annoncer la nomination de son nouveau Comit\u00e9 Ex\u00e9cutif - EIM France\",\"isPartOf\":{\"@id\":\"https:\\\/\\\/www.eim.com\\\/fr\\\/#website\"},\"datePublished\":\"2026-04-14T12:24:29+00:00\",\"dateModified\":\"2026-04-14T12:24:31+00:00\",\"breadcrumb\":{\"@id\":\"https:\\\/\\\/www.eim.com\\\/fr\\\/news\\\/eim-a-le-plaisir-dannoncer-la-nomination-de-son-nouveau-comite-executif\\\/#breadcrumb\"},\"inLanguage\":\"fr-FR\",\"potentialAction\":[{\"@type\":\"ReadAction\",\"target\":[\"https:\\\/\\\/www.eim.com\\\/fr\\\/news\\\/eim-a-le-plaisir-dannoncer-la-nomination-de-son-nouveau-comite-executif\\\/\"]}]},{\"@type\":\"BreadcrumbList\",\"@id\":\"https:\\\/\\\/www.eim.com\\\/fr\\\/news\\\/eim-a-le-plaisir-dannoncer-la-nomination-de-son-nouveau-comite-executif\\\/#breadcrumb\",\"itemListElement\":[{\"@type\":\"ListItem\",\"position\":1,\"name\":\"Home\",\"item\":\"https:\\\/\\\/www.eim.com\\\/fr\\\/\"},{\"@type\":\"ListItem\",\"position\":2,\"name\":\"EIM a le plaisir d\u2019annoncer la nomination de son nouveau Comit\u00e9 Ex\u00e9cutif\"}]},{\"@type\":\"WebSite\",\"@id\":\"https:\\\/\\\/www.eim.com\\\/fr\\\/#website\",\"url\":\"https:\\\/\\\/www.eim.com\\\/fr\\\/\",\"name\":\"EIM France\",\"description\":\"Management de transition | EIM\",\"publisher\":{\"@id\":\"https:\\\/\\\/www.eim.com\\\/fr\\\/#organization\"},\"potentialAction\":[{\"@type\":\"SearchAction\",\"target\":{\"@type\":\"EntryPoint\",\"urlTemplate\":\"https:\\\/\\\/www.eim.com\\\/fr\\\/?s={search_term_string}\"},\"query-input\":{\"@type\":\"PropertyValueSpecification\",\"valueRequired\":true,\"valueName\":\"search_term_string\"}}],\"inLanguage\":\"fr-FR\"},{\"@type\":\"Organization\",\"@id\":\"https:\\\/\\\/www.eim.com\\\/fr\\\/#organization\",\"name\":\"EIM France\",\"url\":\"https:\\\/\\\/www.eim.com\\\/fr\\\/\",\"logo\":{\"@type\":\"ImageObject\",\"inLanguage\":\"fr-FR\",\"@id\":\"https:\\\/\\\/www.eim.com\\\/fr\\\/#\\\/schema\\\/logo\\\/image\\\/\",\"url\":\"https:\\\/\\\/www.eim.com\\\/fr\\\/wp-content\\\/uploads\\\/sites\\\/9\\\/2019\\\/10\\\/logo_EIM_2-e1588485874411.png\",\"contentUrl\":\"https:\\\/\\\/www.eim.com\\\/fr\\\/wp-content\\\/uploads\\\/sites\\\/9\\\/2019\\\/10\\\/logo_EIM_2-e1588485874411.png\",\"width\":300,\"height\":101,\"caption\":\"EIM France\"},\"image\":{\"@id\":\"https:\\\/\\\/www.eim.com\\\/fr\\\/#\\\/schema\\\/logo\\\/image\\\/\"}},{\"@type\":\"Person\",\"@id\":\"https:\\\/\\\/www.eim.com\\\/fr\\\/#\\\/schema\\\/person\\\/82c5e4b03b7af649944ed10552319b91\",\"name\":\"eimworld\",\"image\":{\"@type\":\"ImageObject\",\"inLanguage\":\"fr-FR\",\"@id\":\"https:\\\/\\\/secure.gravatar.com\\\/avatar\\\/06dc2838cb0c066488cdb4b104beba474e6305a2d11cbb1fb7353f876daae9f3?s=96&d=mm&r=g\",\"url\":\"https:\\\/\\\/secure.gravatar.com\\\/avatar\\\/06dc2838cb0c066488cdb4b104beba474e6305a2d11cbb1fb7353f876daae9f3?s=96&d=mm&r=g\",\"contentUrl\":\"https:\\\/\\\/secure.gravatar.com\\\/avatar\\\/06dc2838cb0c066488cdb4b104beba474e6305a2d11cbb1fb7353f876daae9f3?s=96&d=mm&r=g\",\"caption\":\"eimworld\"},\"sameAs\":[\"https:\\\/\\\/eimworld.wpengine.com\"],\"url\":\"https:\\\/\\\/www.eim.com\\\/fr\\\/author\\\/eimworld\\\/\"}]}<\/script>\n<!-- \/ Yoast SEO Premium plugin. -->","yoast_head_json":{"title":"EIM a le plaisir d\u2019annoncer la nomination de son nouveau Comit\u00e9 Ex\u00e9cutif - EIM France","robots":{"index":"index","follow":"follow","max-snippet":"max-snippet:-1","max-image-preview":"max-image-preview:large","max-video-preview":"max-video-preview:-1"},"canonical":"https:\/\/www.eim.com\/fr\/news\/eim-a-le-plaisir-dannoncer-la-nomination-de-son-nouveau-comite-executif\/","og_locale":"fr_FR","og_type":"article","og_title":"EIM a le plaisir d\u2019annoncer la nomination de son nouveau Comit\u00e9 Ex\u00e9cutif","og_description":"[et_pb_section fb_built=&#8221;1&#8243; admin_label=&#8221;Hero Section&#8221; _builder_version=&#8221;4.27.5&#8243; background_color=&#8221;#002c3e&#8221; background_enable_image=&#8221;off&#8221; background_position=&#8221;center_right&#8221; height=&#8221;540px&#8221; height_tablet=&#8221;540px&#8221; height_phone=&#8221;650px&#8221; height_last_edited=&#8221;on|phone&#8221; custom_padding=&#8221;6%||0.2%|||&#8221; bottom_divider_style=&#8221;slant&#8221; bottom_divider_color=&#8221;#ffffff&#8221; bottom_divider_height=&#8221;150px&#8221; bottom_divider_flip=&#8221;horizontal&#8221; locked=&#8221;off&#8221; global_colors_info=&#8221;{}&#8221; background_color_gradient_direction__hover=&#8221;180deg&#8221; background_color_gradient_direction__hover_enabled=&#8221;180deg&#8221; background_color_gradient_start_position__hover=&#8221;0%&#8221; background_color_gradient_start_position__hover_enabled=&#8221;0%&#8221; background_color_gradient_end_position__hover=&#8221;100%&#8221; background_color_gradient_end_position__hover_enabled=&#8221;100%&#8221; background_color_gradient_stops__hover=&#8221;rgba(0,0,0,0.4) 0%|rgba(0,0,0,0.4) 100%&#8221;][et_pb_row admin_label=&#8221;Page Title Area&#8221; _builder_version=&#8221;4.16&#8243; width=&#8221;100%&#8221; max_width=&#8221;2560px&#8221; module_alignment=&#8221;center&#8221; min_height=&#8221;313px&#8221; custom_margin=&#8221;-2%|auto|0px|auto|false|false&#8221; custom_padding=&#8221;0px||1px|||&#8221; global_colors_info=&#8221;{}&#8221;][et_pb_column type=&#8221;4_4&#8243; _builder_version=&#8221;4.16&#8243; custom_padding=&#8221;|||&#8221; global_colors_info=&#8221;{}&#8221; custom_padding__hover=&#8221;|||&#8221;][et_pb_text content_tablet=&#8221; EIM announces its new Executive Committee &#8221; content_phone=&#8221; EIM announces [&hellip;]","og_url":"https:\/\/www.eim.com\/fr\/news\/eim-a-le-plaisir-dannoncer-la-nomination-de-son-nouveau-comite-executif\/","og_site_name":"EIM France","article_published_time":"2026-04-14T12:24:29+00:00","article_modified_time":"2026-04-14T12:24:31+00:00","author":"eimworld","twitter_card":"summary_large_image","twitter_misc":{"\u00c9crit par":"eimworld","Dur\u00e9e de lecture estim\u00e9e":"5 minutes"},"schema":{"@context":"https:\/\/schema.org","@graph":[{"@type":"Article","@id":"https:\/\/www.eim.com\/fr\/news\/eim-a-le-plaisir-dannoncer-la-nomination-de-son-nouveau-comite-executif\/#article","isPartOf":{"@id":"https:\/\/www.eim.com\/fr\/news\/eim-a-le-plaisir-dannoncer-la-nomination-de-son-nouveau-comite-executif\/"},"author":{"name":"eimworld","@id":"https:\/\/www.eim.com\/fr\/#\/schema\/person\/82c5e4b03b7af649944ed10552319b91"},"headline":"EIM a le plaisir d\u2019annoncer la nomination de son nouveau Comit\u00e9 Ex\u00e9cutif","datePublished":"2026-04-14T12:24:29+00:00","dateModified":"2026-04-14T12:24:31+00:00","mainEntityOfPage":{"@id":"https:\/\/www.eim.com\/fr\/news\/eim-a-le-plaisir-dannoncer-la-nomination-de-son-nouveau-comite-executif\/"},"wordCount":1191,"publisher":{"@id":"https:\/\/www.eim.com\/fr\/#organization"},"articleSection":["News"],"inLanguage":"fr-FR"},{"@type":"WebPage","@id":"https:\/\/www.eim.com\/fr\/news\/eim-a-le-plaisir-dannoncer-la-nomination-de-son-nouveau-comite-executif\/","url":"https:\/\/www.eim.com\/fr\/news\/eim-a-le-plaisir-dannoncer-la-nomination-de-son-nouveau-comite-executif\/","name":"EIM a le plaisir d\u2019annoncer la nomination de son nouveau Comit\u00e9 Ex\u00e9cutif - EIM France","isPartOf":{"@id":"https:\/\/www.eim.com\/fr\/#website"},"datePublished":"2026-04-14T12:24:29+00:00","dateModified":"2026-04-14T12:24:31+00:00","breadcrumb":{"@id":"https:\/\/www.eim.com\/fr\/news\/eim-a-le-plaisir-dannoncer-la-nomination-de-son-nouveau-comite-executif\/#breadcrumb"},"inLanguage":"fr-FR","potentialAction":[{"@type":"ReadAction","target":["https:\/\/www.eim.com\/fr\/news\/eim-a-le-plaisir-dannoncer-la-nomination-de-son-nouveau-comite-executif\/"]}]},{"@type":"BreadcrumbList","@id":"https:\/\/www.eim.com\/fr\/news\/eim-a-le-plaisir-dannoncer-la-nomination-de-son-nouveau-comite-executif\/#breadcrumb","itemListElement":[{"@type":"ListItem","position":1,"name":"Home","item":"https:\/\/www.eim.com\/fr\/"},{"@type":"ListItem","position":2,"name":"EIM a le plaisir d\u2019annoncer la nomination de son nouveau Comit\u00e9 Ex\u00e9cutif"}]},{"@type":"WebSite","@id":"https:\/\/www.eim.com\/fr\/#website","url":"https:\/\/www.eim.com\/fr\/","name":"EIM France","description":"Management de transition | EIM","publisher":{"@id":"https:\/\/www.eim.com\/fr\/#organization"},"potentialAction":[{"@type":"SearchAction","target":{"@type":"EntryPoint","urlTemplate":"https:\/\/www.eim.com\/fr\/?s={search_term_string}"},"query-input":{"@type":"PropertyValueSpecification","valueRequired":true,"valueName":"search_term_string"}}],"inLanguage":"fr-FR"},{"@type":"Organization","@id":"https:\/\/www.eim.com\/fr\/#organization","name":"EIM France","url":"https:\/\/www.eim.com\/fr\/","logo":{"@type":"ImageObject","inLanguage":"fr-FR","@id":"https:\/\/www.eim.com\/fr\/#\/schema\/logo\/image\/","url":"https:\/\/www.eim.com\/fr\/wp-content\/uploads\/sites\/9\/2019\/10\/logo_EIM_2-e1588485874411.png","contentUrl":"https:\/\/www.eim.com\/fr\/wp-content\/uploads\/sites\/9\/2019\/10\/logo_EIM_2-e1588485874411.png","width":300,"height":101,"caption":"EIM France"},"image":{"@id":"https:\/\/www.eim.com\/fr\/#\/schema\/logo\/image\/"}},{"@type":"Person","@id":"https:\/\/www.eim.com\/fr\/#\/schema\/person\/82c5e4b03b7af649944ed10552319b91","name":"eimworld","image":{"@type":"ImageObject","inLanguage":"fr-FR","@id":"https:\/\/secure.gravatar.com\/avatar\/06dc2838cb0c066488cdb4b104beba474e6305a2d11cbb1fb7353f876daae9f3?s=96&d=mm&r=g","url":"https:\/\/secure.gravatar.com\/avatar\/06dc2838cb0c066488cdb4b104beba474e6305a2d11cbb1fb7353f876daae9f3?s=96&d=mm&r=g","contentUrl":"https:\/\/secure.gravatar.com\/avatar\/06dc2838cb0c066488cdb4b104beba474e6305a2d11cbb1fb7353f876daae9f3?s=96&d=mm&r=g","caption":"eimworld"},"sameAs":["https:\/\/eimworld.wpengine.com"],"url":"https:\/\/www.eim.com\/fr\/author\/eimworld\/"}]}},"_links":{"self":[{"href":"https:\/\/www.eim.com\/fr\/wp-json\/wp\/v2\/posts\/16787","targetHints":{"allow":["GET"]}}],"collection":[{"href":"https:\/\/www.eim.com\/fr\/wp-json\/wp\/v2\/posts"}],"about":[{"href":"https:\/\/www.eim.com\/fr\/wp-json\/wp\/v2\/types\/post"}],"author":[{"embeddable":true,"href":"https:\/\/www.eim.com\/fr\/wp-json\/wp\/v2\/users\/2"}],"replies":[{"embeddable":true,"href":"https:\/\/www.eim.com\/fr\/wp-json\/wp\/v2\/comments?post=16787"}],"version-history":[{"count":4,"href":"https:\/\/www.eim.com\/fr\/wp-json\/wp\/v2\/posts\/16787\/revisions"}],"predecessor-version":[{"id":16793,"href":"https:\/\/www.eim.com\/fr\/wp-json\/wp\/v2\/posts\/16787\/revisions\/16793"}],"wp:attachment":[{"href":"https:\/\/www.eim.com\/fr\/wp-json\/wp\/v2\/media?parent=16787"}],"wp:term":[{"taxonomy":"category","embeddable":true,"href":"https:\/\/www.eim.com\/fr\/wp-json\/wp\/v2\/categories?post=16787"},{"taxonomy":"post_tag","embeddable":true,"href":"https:\/\/www.eim.com\/fr\/wp-json\/wp\/v2\/tags?post=16787"}],"curies":[{"name":"wp","href":"https:\/\/api.w.org\/{rel}","templated":true}]}}