{"id":13366,"date":"2022-10-17T16:36:00","date_gmt":"2022-10-17T16:36:00","guid":{"rendered":"https:\/\/www.eim.com\/fr\/?p=13366"},"modified":"2023-09-18T14:37:22","modified_gmt":"2023-09-18T14:37:22","slug":"communique-de-presse-le-groupe-eim-a-le-plaisir-dannoncer-lentree-a-son-capital-du-fonds-de-capital-investissement-omnes-capital","status":"publish","type":"post","link":"https:\/\/www.eim.com\/fr\/articles-et-communiques\/communique-de-presse-le-groupe-eim-a-le-plaisir-dannoncer-lentree-a-son-capital-du-fonds-de-capital-investissement-omnes-capital\/","title":{"rendered":"Communiqu\u00e9 de presse : Le groupe EIM a le plaisir d&#8217;annoncer l&#8217;entr\u00e9e \u00e0 son capital du fonds de capital investissement Omnes Capital."},"content":{"rendered":"\n\n\n[et_pb_section fb_built=&#8221;1&#8243; admin_label=&#8221;Hero Section&#8221; _builder_version=&#8221;4.16&#8243; background_color=&#8221;#002c3e&#8221; background_enable_image=&#8221;off&#8221; height=&#8221;520px&#8221; custom_padding=&#8221;6%||3%|||&#8221; bottom_divider_style=&#8221;slant&#8221; bottom_divider_color=&#8221;#ffffff&#8221; bottom_divider_height=&#8221;150px&#8221; bottom_divider_flip=&#8221;horizontal&#8221; global_colors_info=&#8221;{}&#8221; background_color_gradient_direction__hover=&#8221;180deg&#8221; background_color_gradient_direction__hover_enabled=&#8221;180deg&#8221; background_color_gradient_start_position__hover=&#8221;0%&#8221; background_color_gradient_start_position__hover_enabled=&#8221;0%&#8221; background_color_gradient_end_position__hover=&#8221;100%&#8221; background_color_gradient_end_position__hover_enabled=&#8221;100%&#8221; background_color_gradient_stops__hover=&#8221;#2b87da 0%|#29c4a9 100%&#8221;][et_pb_row disabled_on=&#8221;off|off|off&#8221; admin_label=&#8221;Page Title Area&#8221; _builder_version=&#8221;4.16&#8243; width=&#8221;100%&#8221; max_width=&#8221;2560px&#8221; module_alignment=&#8221;center&#8221; custom_margin=&#8221;-3%|auto|0px|auto|false|false&#8221; custom_padding=&#8221;0px||64px|||&#8221; global_colors_info=&#8221;{}&#8221;][et_pb_column type=&#8221;4_4&#8243; _builder_version=&#8221;4.16&#8243; custom_padding=&#8221;|||&#8221; global_colors_info=&#8221;{}&#8221; custom_padding__hover=&#8221;|||&#8221;][et_pb_text disabled_on=&#8221;off|off|off&#8221; admin_label=&#8221;Hero Section Title&#8221; _builder_version=&#8221;4.17.3&#8243; text_font=&#8221;Montserrat|800|||||||&#8221; text_font_size=&#8221;18px&#8221; text_line_height=&#8221;1.3em&#8221; header_font=&#8221;Montserrat|700|||||||&#8221; header_font_size=&#8221;56px&#8221; header_letter_spacing=&#8221;3px&#8221; header_line_height=&#8221;1.1em&#8221; header_2_font=&#8221;Montserrat|700|||||||&#8221; header_2_text_color=&#8221;rgba(255,255,255,0.6)&#8221; header_2_font_size=&#8221;90px&#8221; header_2_letter_spacing=&#8221;3px&#8221; header_2_line_height=&#8221;1.1em&#8221; text_orientation=&#8221;center&#8221; background_layout=&#8221;dark&#8221; max_width=&#8221;80%&#8221; module_alignment=&#8221;center&#8221; custom_margin=&#8221;0px||0px||false|false&#8221; custom_padding=&#8221;||46px|||&#8221; animation_style=&#8221;fade&#8221; animation_direction=&#8221;bottom&#8221; animation_duration=&#8221;1350ms&#8221; header_font_size_tablet=&#8221;&#8221; header_font_size_phone=&#8221;28px&#8221; header_font_size_last_edited=&#8221;on|phone&#8221; header_2_font_size_tablet=&#8221;&#8221; header_2_font_size_phone=&#8221;50px&#8221; header_2_font_size_last_edited=&#8221;on|phone&#8221; text_text_shadow_style=&#8221;preset1&#8243; text_text_shadow_horizontal_length=&#8221;0.28em&#8221; inline_fonts=&#8221;Prata,Montserrat&#8221; global_colors_info=&#8221;{}&#8221;]<h1><span style=\"font-size: 56px; letter-spacing: 3px;\">Le groupe EIM a le plaisir d\u2019annoncer l\u2019entr\u00e9e \u00e0 son capital du fonds de capital<br \/>investissement Omnes.<\/span><\/h1>\n<p>&nbsp;<\/p>[\/et_pb_text][et_pb_text disabled_on=&#8221;off|on|on&#8221; admin_label=&#8221;Hero Section Title&#8221; _builder_version=&#8221;4.17.3&#8243; text_font=&#8221;Montserrat|800|||||||&#8221; text_font_size=&#8221;18px&#8221; text_line_height=&#8221;1.3em&#8221; header_font=&#8221;Montserrat|700|||||||&#8221; header_font_size=&#8221;56px&#8221; header_letter_spacing=&#8221;3px&#8221; header_line_height=&#8221;1.1em&#8221; header_2_font=&#8221;Montserrat|700|||||||&#8221; header_2_text_color=&#8221;rgba(255,255,255,0.6)&#8221; header_2_font_size=&#8221;90px&#8221; header_2_letter_spacing=&#8221;3px&#8221; header_2_line_height=&#8221;1.1em&#8221; text_orientation=&#8221;center&#8221; background_layout=&#8221;dark&#8221; max_width=&#8221;80%&#8221; module_alignment=&#8221;center&#8221; custom_margin=&#8221;0px||0px||false|false&#8221; animation_style=&#8221;fade&#8221; animation_direction=&#8221;bottom&#8221; animation_duration=&#8221;1350ms&#8221; header_font_size_tablet=&#8221;&#8221; header_font_size_phone=&#8221;28px&#8221; header_font_size_last_edited=&#8221;on|phone&#8221; header_2_font_size_tablet=&#8221;&#8221; header_2_font_size_phone=&#8221;50px&#8221; header_2_font_size_last_edited=&#8221;on|phone&#8221; text_text_shadow_style=&#8221;preset1&#8243; text_text_shadow_horizontal_length=&#8221;0.28em&#8221; inline_fonts=&#8221;Prata,Montserrat&#8221; global_colors_info=&#8221;{}&#8221;][\/et_pb_text][\/et_pb_column][\/et_pb_row][\/et_pb_section][et_pb_section fb_built=&#8221;1&#8243; _builder_version=&#8221;4.16&#8243; custom_margin=&#8221;5px|||||&#8221; custom_padding=&#8221;3px|||||&#8221; global_colors_info=&#8221;{}&#8221;][et_pb_row _builder_version=&#8221;4.17.3&#8243; _module_preset=&#8221;default&#8221; custom_margin=&#8221;-21px|auto||auto||&#8221; custom_padding=&#8221;||0px|||&#8221; global_colors_info=&#8221;{}&#8221;][et_pb_column type=&#8221;4_4&#8243; _builder_version=&#8221;4.17.3&#8243; _module_preset=&#8221;default&#8221; global_colors_info=&#8221;{}&#8221;][et_pb_text _builder_version=&#8221;4.17.3&#8243; _module_preset=&#8221;default&#8221; custom_padding=&#8221;||0px|||&#8221; global_colors_info=&#8221;{}&#8221;]<p><span style=\"font-size: large;\"><strong>\u00a0Communiqu\u00e9 de presse &#8211; Paris, le 17 octobre 2022<\/strong><\/span><\/p>\n<p><span style=\"font-size: large;\">Le groupe EIM a le plaisir d\u2019annoncer l\u2019entr\u00e9e \u00e0 son capital du fonds de capital investissement, Omnes, qui prend une participation minoritaire dans le groupe, afin de l\u2019aider \u00e0 consolider sa position de leader du management de transition en Europe et acc\u00e9l\u00e9rer son expansion \u00e0 l\u2019international.<\/span><\/p>\n<p><span style=\"font-size: large;\"><strong><\/strong><\/span><\/p>[\/et_pb_text][\/et_pb_column][\/et_pb_row][et_pb_row _builder_version=&#8221;4.17.3&#8243; _module_preset=&#8221;default&#8221; custom_padding=&#8221;0px|||||&#8221; global_colors_info=&#8221;{}&#8221;][et_pb_column type=&#8221;4_4&#8243; _builder_version=&#8221;4.17.3&#8243; _module_preset=&#8221;default&#8221; global_colors_info=&#8221;{}&#8221;][et_pb_text _builder_version=&#8221;4.17.3&#8243; _module_preset=&#8221;default&#8221; custom_margin=&#8221;||-37px|||&#8221; custom_padding=&#8221;||0px|||&#8221; global_colors_info=&#8221;{}&#8221;]<p><span style=\"font-size: large;\">Cr\u00e9\u00e9 en 1989, EIM est le pionnier du management de transition et dispose d&#8217;une offre compl\u00e8te de solutions manag\u00e9riales pour les situations de transformation auxquelles font face ses clients. Les \u00e9quipes internationales d&#8217;EIM ont d\u00e9velopp\u00e9 un r\u00e9seau de 35 000 dirigeants de transition exp\u00e9riment\u00e9s pour couvrir diff\u00e9rentes probl\u00e9matiques telles que la gestion de projet, l&#8217;am\u00e9lioration des processus, l\u2019am\u00e9lioration des performances, la restructuration ou encore la transformation des entreprises.<\/span><\/p>\n<p><span style=\"font-size: large;\">En tant qu&#8217;acteur de premier plan sur le march\u00e9 du management de transition, EIM compte parmi ses clients \u00e0 la fois des soci\u00e9t\u00e9s multinationales, comme des ETI ou des PME, mais \u00e9galement des fonds de capital-investissement et leurs soci\u00e9t\u00e9s en portefeuille. La soci\u00e9t\u00e9 a connu une croissance impressionnante au cours des derni\u00e8res ann\u00e9es.<\/span><\/p>\n<p><span style=\"font-size: large;\">L\u2019objectif de l\u2019op\u00e9ration est de permettre \u00e0 EIM de franchir une nouvelle \u00e9tape dans son d\u00e9veloppement, notamment par croissances externes pour consolider ses positions en Europe et consolider son leadership \u00e0 l\u2019international. <\/span><\/p>\n<p><span style=\"font-size: large;\">Les trois membres du Comit\u00e9 Ex\u00e9cutif d\u2019EIM : Michele Bruno (Pr\u00e9sident du Comit\u00e9 Ex\u00e9cutif et G\u00e9rant du bureau Italien), Thomas Schneider (G\u00e9rant du bureau allemand), Thierry Tomasov (G\u00e9rant du bureau fran\u00e7ais): \u201cNous sommes ravis d\u2019accueillir notre nouvel actionnaire au capital. L\u2019exp\u00e9rience d&#8217;Omnes en mati\u00e8re de strat\u00e9gie de build-ups va nous permettre d\u2019\u00e9tendre rapidement nos positions \u00e0 l\u2019international. Nous souhaitons \u00e9galement poursuivre notre forte croissance organique et sommes impatients de former ensemble le nouvel EIM.\u201d St\u00e9phane Roussilhe, Directeur Associ\u00e9, Responsable de l\u2019\u00e9quipe Mid-Cap, Omnes: \u201cNous sommes tr\u00e8s contents de pouvoir accompagner EIM dans la r\u00e9alisation de son plan de croissance. Avec son \u00e9quipe de direction exp\u00e9riment\u00e9e et de qualit\u00e9, EIM est un acteur majeur du management de transition, qui a l&#8217;ambition de devenir le leader europ\u00e9en et mondial de ce secteur tr\u00e8s attractif.\u201d <\/span><\/p>[\/et_pb_text][\/et_pb_column][\/et_pb_row][et_pb_row _builder_version=&#8221;4.17.3&#8243; _module_preset=&#8221;default&#8221; global_colors_info=&#8221;{}&#8221;][et_pb_column type=&#8221;4_4&#8243; _builder_version=&#8221;4.17.3&#8243; _module_preset=&#8221;default&#8221; global_colors_info=&#8221;{}&#8221;][et_pb_text _builder_version=&#8221;4.17.3&#8243; _module_preset=&#8221;default&#8221; global_colors_info=&#8221;{}&#8221;]<p class=\"chrome\"><span style=\"font-size: x-large;\">\u00c0 propos d\u2019EIM<\/span><\/p>\n<p class=\"chrome\"><span style=\"background-color: #ffffff; font-size: large;\">Fond\u00e9 en 1989, EIM a invent\u00e9 le concept de management de transition. Avec pr\u00e8s de 10 000 missions r\u00e9alis\u00e9es et un r\u00e9seau de 30 bureaux \u00e0 travers le monde, EIM s\u2019est depuis impos\u00e9 comme un leader du secteur en Europe, et dispose \u00e9galement d\u2019une pr\u00e9sence dans les principaux march\u00e9s \u00e0 l\u2019international. Gr\u00e2ce \u00e0 sa communaut\u00e9 de 35 000 dirigeants tr\u00e8s exp\u00e9riment\u00e9s, EIM se diff\u00e9rencie en collaborant activement avec ses clients et ses managers de transition tout au long des missions afin de r\u00e9pondre \u00e0 des probl\u00e8mes complexes, partout dans le monde, et en particulier lorsque des solutions rapides de remplacement, de transformations structurantes ou d\u2019am\u00e9lioration significative de leurs r\u00e9sultats sont attendus.\u00a0<\/span><\/p>[\/et_pb_text][et_pb_button button_url=&#8221;https:\/\/www.eim.com\/fr\/pourquoi-eim\/&#8221; button_text=&#8221;EIM&#8221; _builder_version=&#8221;4.17.3&#8243; _module_preset=&#8221;default&#8221; global_colors_info=&#8221;{}&#8221;][\/et_pb_button][et_pb_text _builder_version=&#8221;4.17.3&#8243; _module_preset=&#8221;default&#8221; custom_padding=&#8221;||0px|||&#8221; global_colors_info=&#8221;{}&#8221;]<p class=\"chrome\"><\/p>\n<p><span style=\"font-size: x-large;\">\u00c0 propos d&#8217;Omnes<\/span><\/p>\n<p><span style=\"font-size: large; background-color: #ffffff;\">Omnes est un acteur majeur du private equity et de l\u2019infrastructure. Avec plus de 5 milliards d\u2019euros d\u2019actifs sous gestion, Omnes apporte aux entreprises les fonds propres n\u00e9cessaires \u00e0 leur d\u00e9veloppement \u00e0 travers ses trois m\u00e9tiers de r\u00e9f\u00e9rence : Capital Risque, Capital D\u00e9veloppement &amp; Transmission et Infrastructure. Omnes est d\u00e9tenue \u00e0 100 % par ses salari\u00e9s. Omnes s\u2019engage sur les enjeux ESG. La soci\u00e9t\u00e9 a cr\u00e9\u00e9 la Fondation Omnes en faveur de l\u2019enfance et de la jeunesse. Elle est signataire des Principes pour l\u2019Investissement Responsable des Nations Unies (PRI).\u00a0<\/span><\/p>[\/et_pb_text][et_pb_button button_url=&#8221;http:\/\/www.omnescapital.com&#8221; button_text=&#8221;Omnes Capital&#8221; _builder_version=&#8221;4.17.3&#8243; _module_preset=&#8221;default&#8221; global_colors_info=&#8221;{}&#8221;][\/et_pb_button][et_pb_text _builder_version=&#8221;4.17.3&#8243; _module_preset=&#8221;default&#8221; global_colors_info=&#8221;{}&#8221;][\/et_pb_text][\/et_pb_column][\/et_pb_row][\/et_pb_section][et_pb_section fb_built=&#8221;1&#8243; _builder_version=&#8221;4.16&#8243; background_color=&#8221;#DB9300&#8243; custom_margin=&#8221;0px||||false|false&#8221; top_divider_style=&#8221;slant&#8221; top_divider_color=&#8221;#FFFFFF&#8221; top_divider_flip=&#8221;vertical|horizontal&#8221; bottom_divider_color=&#8221;#ffffff&#8221; bottom_divider_flip=&#8221;horizontal&#8221; global_colors_info=&#8221;{}&#8221;][et_pb_row _builder_version=&#8221;4.16&#8243; custom_margin=&#8221;-46px|auto||auto||&#8221; custom_padding=&#8221;60px|||||&#8221; global_colors_info=&#8221;{}&#8221;][et_pb_column type=&#8221;4_4&#8243; _builder_version=&#8221;4.16&#8243; global_colors_info=&#8221;{}&#8221;][et_pb_text admin_label=&#8221;Title&#8221; _builder_version=&#8221;4.16&#8243; text_font=&#8221;||||||||&#8221; text_text_color=&#8221;#ffffff&#8221; header_font=&#8221;Prata||||||||&#8221; header_2_font=&#8221;Montserrat|700|||||||&#8221; header_2_text_align=&#8221;center&#8221; header_2_font_size=&#8221;30px&#8221; custom_margin=&#8221;5%||5px||false|false&#8221; custom_padding=&#8221;||0px|||&#8221; animation_style=&#8221;fade&#8221; animation_direction=&#8221;top&#8221; animation_duration=&#8221;1350ms&#8221; animation_starting_opacity=&#8221;100%&#8221; inline_fonts=&#8221;Prata,Montserrat&#8221; global_colors_info=&#8221;{}&#8221;]<h3 style=\"text-align: center\"><span style=\"font-family: Montserrat;color: #ffffff\">Prenez contact avec nous<\/span><\/h3>[\/et_pb_text][\/et_pb_column][\/et_pb_row][et_pb_row column_structure=&#8221;1_5,3_5,1_5&#8243; _builder_version=&#8221;4.16&#8243; custom_padding=&#8221;0px|||||&#8221; global_colors_info=&#8221;{}&#8221;][et_pb_column type=&#8221;1_5&#8243; _builder_version=&#8221;4.16&#8243; global_colors_info=&#8221;{}&#8221;][\/et_pb_column][et_pb_column type=&#8221;3_5&#8243; _builder_version=&#8221;4.16&#8243; global_colors_info=&#8221;{}&#8221;][et_pb_text _builder_version=&#8221;4.16&#8243; custom_padding=&#8221;||0px|||&#8221; global_colors_info=&#8221;{}&#8221;]<p style=\"text-align: center\"><span style=\"color: #ffffff\">Vous souhaitez en savoir plus et entrer en relation avec un conseiller EIM<\/span><\/p>[\/et_pb_text][et_pb_button button_url=&#8221;\/fr\/nous-contacter\/&#8221; button_text=&#8221;CONTACTEZ-NOUS&#8221; button_alignment=&#8221;center&#8221; _builder_version=&#8221;4.16&#8243; background_layout=&#8221;dark&#8221; global_colors_info=&#8221;{}&#8221;][\/et_pb_button][et_pb_social_media_follow _builder_version=&#8221;4.17.3&#8243; _module_preset=&#8221;default&#8221; text_orientation=&#8221;center&#8221; global_colors_info=&#8221;{}&#8221;][et_pb_social_media_follow_network social_network=&#8221;twitter&#8221; url=&#8221;https:\/\/twitter.com\/eim_paris&#8221; _builder_version=&#8221;4.17.3&#8243; _module_preset=&#8221;default&#8221; background_color=&#8221;#00aced&#8221; global_colors_info=&#8221;{}&#8221; follow_button=&#8221;off&#8221; url_new_window=&#8221;on&#8221;]twitter[\/et_pb_social_media_follow_network][et_pb_social_media_follow_network social_network=&#8221;linkedin&#8221; url=&#8221;https:\/\/www.linkedin.com\/company\/eim-france\/?viewAsMember=true&#8221; _builder_version=&#8221;4.17.3&#8243; _module_preset=&#8221;default&#8221; background_color=&#8221;#007bb6&#8243; global_colors_info=&#8221;{}&#8221; follow_button=&#8221;off&#8221; url_new_window=&#8221;on&#8221;]linkedin[\/et_pb_social_media_follow_network][et_pb_social_media_follow_network social_network=&#8221;youtube&#8221; url=&#8221;https:\/\/www.youtube.com\/channel\/UCYITxHMCUHfHV4dAMWqdCIQ&#8221; _builder_version=&#8221;4.17.3&#8243; _module_preset=&#8221;default&#8221; background_color=&#8221;#a82400&#8243; global_colors_info=&#8221;{}&#8221; follow_button=&#8221;off&#8221; url_new_window=&#8221;on&#8221;]youtube[\/et_pb_social_media_follow_network][\/et_pb_social_media_follow][\/et_pb_column][et_pb_column type=&#8221;1_5&#8243; _builder_version=&#8221;4.16&#8243; global_colors_info=&#8221;{}&#8221;][\/et_pb_column][\/et_pb_row][et_pb_row _builder_version=&#8221;4.17.3&#8243; _module_preset=&#8221;default&#8221; global_colors_info=&#8221;{}&#8221;][et_pb_column type=&#8221;4_4&#8243; _builder_version=&#8221;4.17.3&#8243; _module_preset=&#8221;default&#8221; global_colors_info=&#8221;{}&#8221;][\/et_pb_column][\/et_pb_row][\/et_pb_section]\n\n\n","protected":false},"excerpt":{"rendered":"","protected":false},"author":133,"featured_media":13283,"comment_status":"closed","ping_status":"closed","sticky":false,"template":"","format":"standard","meta":{"_et_pb_use_builder":"on","_et_pb_old_content":"[et_pb_section fb_built=\"1\" admin_label=\"Hero Section\" _builder_version=\"4.16\" background_color=\"#002c3e\" background_enable_image=\"off\" height=\"520px\" custom_padding=\"6%||3%|||\" bottom_divider_style=\"slant\" bottom_divider_color=\"#ffffff\" bottom_divider_height=\"150px\" bottom_divider_flip=\"horizontal\" global_colors_info=\"{}\" background_color_gradient_direction__hover=\"180deg\" background_color_gradient_direction__hover_enabled=\"180deg\" background_color_gradient_start_position__hover=\"0%\" background_color_gradient_start_position__hover_enabled=\"0%\" background_color_gradient_end_position__hover=\"100%\" background_color_gradient_end_position__hover_enabled=\"100%\" background_color_gradient_stops__hover=\"#2b87da 0%|#29c4a9 100%\"][et_pb_row disabled_on=\"off|off|off\" admin_label=\"Page Title Area\" _builder_version=\"4.16\" width=\"100%\" max_width=\"2560px\" module_alignment=\"center\" custom_margin=\"-3%|auto|0px|auto|false|false\" custom_padding=\"0px||64px|||\" global_colors_info=\"{}\"][et_pb_column type=\"4_4\" _builder_version=\"4.16\" custom_padding=\"|||\" global_colors_info=\"{}\" custom_padding__hover=\"|||\"][et_pb_text disabled_on=\"off|off|off\" admin_label=\"Hero Section Title\" _builder_version=\"4.17.3\" text_font=\"Montserrat|800|||||||\" text_font_size=\"18px\" text_line_height=\"1.3em\" header_font=\"Montserrat|700|||||||\" header_font_size=\"56px\" header_letter_spacing=\"3px\" header_line_height=\"1.1em\" header_2_font=\"Montserrat|700|||||||\" header_2_text_color=\"rgba(255,255,255,0.6)\" header_2_font_size=\"90px\" header_2_letter_spacing=\"3px\" header_2_line_height=\"1.1em\" text_orientation=\"center\" background_layout=\"dark\" max_width=\"80%\" module_alignment=\"center\" custom_margin=\"0px||0px||false|false\" custom_padding=\"||46px|||\" animation_style=\"fade\" animation_direction=\"bottom\" animation_duration=\"1350ms\" header_font_size_tablet=\"\" header_font_size_phone=\"28px\" header_font_size_last_edited=\"on|phone\" header_2_font_size_tablet=\"\" header_2_font_size_phone=\"50px\" header_2_font_size_last_edited=\"on|phone\" text_text_shadow_style=\"preset1\" text_text_shadow_horizontal_length=\"0.28em\" inline_fonts=\"Prata,Montserrat\" global_colors_info=\"{}\"]<h1><span style=\"font-size: 56px; letter-spacing: 3px;\">Le groupe EIM a le plaisir d\u2019annoncer l\u2019entr\u00e9e \u00e0 son capital du fonds de capital<br \/>investissement Omnes.<\/span><\/h1>\n<p>&nbsp;<\/p>[\/et_pb_text][et_pb_text disabled_on=\"off|on|on\" admin_label=\"Hero Section Title\" _builder_version=\"4.17.3\" text_font=\"Montserrat|800|||||||\" text_font_size=\"18px\" text_line_height=\"1.3em\" header_font=\"Montserrat|700|||||||\" header_font_size=\"56px\" header_letter_spacing=\"3px\" header_line_height=\"1.1em\" header_2_font=\"Montserrat|700|||||||\" header_2_text_color=\"rgba(255,255,255,0.6)\" header_2_font_size=\"90px\" header_2_letter_spacing=\"3px\" header_2_line_height=\"1.1em\" text_orientation=\"center\" background_layout=\"dark\" max_width=\"80%\" module_alignment=\"center\" custom_margin=\"0px||0px||false|false\" animation_style=\"fade\" animation_direction=\"bottom\" animation_duration=\"1350ms\" header_font_size_tablet=\"\" header_font_size_phone=\"28px\" header_font_size_last_edited=\"on|phone\" header_2_font_size_tablet=\"\" header_2_font_size_phone=\"50px\" header_2_font_size_last_edited=\"on|phone\" text_text_shadow_style=\"preset1\" text_text_shadow_horizontal_length=\"0.28em\" inline_fonts=\"Prata,Montserrat\" global_colors_info=\"{}\"][\/et_pb_text][\/et_pb_column][\/et_pb_row][\/et_pb_section][et_pb_section fb_built=\"1\" _builder_version=\"4.16\" custom_margin=\"5px|||||\" custom_padding=\"3px|||||\" global_colors_info=\"{}\"][et_pb_row _builder_version=\"4.17.3\" _module_preset=\"default\" custom_margin=\"-21px|auto||auto||\" custom_padding=\"||0px|||\" global_colors_info=\"{}\"][et_pb_column type=\"4_4\" _builder_version=\"4.17.3\" _module_preset=\"default\" global_colors_info=\"{}\"][et_pb_text _builder_version=\"4.17.3\" _module_preset=\"default\" custom_padding=\"||0px|||\" global_colors_info=\"{}\"]<p><span style=\"font-size: large;\"><strong>\u00a0Communiqu\u00e9 de presse - Paris, le 17 octobre 2022<\/strong><\/span><\/p>\n<p><span style=\"font-size: large;\">Le groupe EIM a le plaisir d\u2019annoncer l\u2019entr\u00e9e \u00e0 son capital du fonds de capital investissement, Omnes, qui prend une participation minoritaire dans le groupe, afin de l\u2019aider \u00e0 consolider sa position de leader du management de transition en Europe et acc\u00e9l\u00e9rer son expansion \u00e0 l\u2019international.<\/span><\/p>\n<p><span style=\"font-size: large;\"><strong><\/strong><\/span><\/p>[\/et_pb_text][\/et_pb_column][\/et_pb_row][et_pb_row _builder_version=\"4.17.3\" _module_preset=\"default\" custom_padding=\"0px|||||\" global_colors_info=\"{}\"][et_pb_column type=\"4_4\" _builder_version=\"4.17.3\" _module_preset=\"default\" global_colors_info=\"{}\"][et_pb_text _builder_version=\"4.17.3\" _module_preset=\"default\" custom_margin=\"||-37px|||\" custom_padding=\"||0px|||\" global_colors_info=\"{}\"]<p><span style=\"font-size: large;\">Cr\u00e9\u00e9 en 1989, EIM est le pionnier du management de transition et dispose d'une offre compl\u00e8te de solutions manag\u00e9riales pour les situations de transformation auxquelles font face ses clients. Les \u00e9quipes internationales d'EIM ont d\u00e9velopp\u00e9 un r\u00e9seau de 35 000 dirigeants de transition exp\u00e9riment\u00e9s pour couvrir diff\u00e9rentes probl\u00e9matiques telles que la gestion de projet, l'am\u00e9lioration des processus, l\u2019am\u00e9lioration des performances, la restructuration ou encore la transformation des entreprises.<\/span><\/p>\n<p><span style=\"font-size: large;\">En tant qu'acteur de premier plan sur le march\u00e9 du management de transition, EIM compte parmi ses clients \u00e0 la fois des soci\u00e9t\u00e9s multinationales, comme des ETI ou des PME, mais \u00e9galement des fonds de capital-investissement et leurs soci\u00e9t\u00e9s en portefeuille. La soci\u00e9t\u00e9 a connu une croissance impressionnante au cours des derni\u00e8res ann\u00e9es.<\/span><\/p>\n<p><span style=\"font-size: large;\">L\u2019objectif de l\u2019op\u00e9ration est de permettre \u00e0 EIM de franchir une nouvelle \u00e9tape dans son d\u00e9veloppement, notamment par croissances externes pour consolider ses positions en Europe et consolider son leadership \u00e0 l\u2019international. <\/span><\/p>\n<p><span style=\"font-size: large;\">Les trois membres du Comit\u00e9 Ex\u00e9cutif d\u2019EIM : Michele Bruno (Pr\u00e9sident du Comit\u00e9 Ex\u00e9cutif et G\u00e9rant du bureau Italien), Thomas Schneider (G\u00e9rant du bureau allemand), Thierry Tomasov (G\u00e9rant du bureau fran\u00e7ais): \u201cNous sommes ravis d\u2019accueillir notre nouvel actionnaire au capital. L\u2019exp\u00e9rience d'Omnes en mati\u00e8re de strat\u00e9gie de build-ups va nous permettre d\u2019\u00e9tendre rapidement nos positions \u00e0 l\u2019international. Nous souhaitons \u00e9galement poursuivre notre forte croissance organique et sommes impatients de former ensemble le nouvel EIM.\u201d St\u00e9phane Roussilhe, Directeur Associ\u00e9, Responsable de l\u2019\u00e9quipe Mid-Cap, Omnes: \u201cNous sommes tr\u00e8s contents de pouvoir accompagner EIM dans la r\u00e9alisation de son plan de croissance. Avec son \u00e9quipe de direction exp\u00e9riment\u00e9e et de qualit\u00e9, EIM est un acteur majeur du management de transition, qui a l'ambition de devenir le leader europ\u00e9en et mondial de ce secteur tr\u00e8s attractif.\u201d <\/span><\/p>[\/et_pb_text][\/et_pb_column][\/et_pb_row][et_pb_row _builder_version=\"4.17.3\" _module_preset=\"default\" global_colors_info=\"{}\"][et_pb_column type=\"4_4\" _builder_version=\"4.17.3\" _module_preset=\"default\" global_colors_info=\"{}\"][et_pb_text _builder_version=\"4.17.3\" _module_preset=\"default\" global_colors_info=\"{}\"]<p class=\"chrome\"><span style=\"font-size: x-large;\">\u00c0 propos d\u2019EIM<\/span><\/p>\n<p class=\"chrome\"><span style=\"background-color: #ffffff; font-size: large;\">Fond\u00e9 en 1989, EIM a invent\u00e9 le concept de management de transition. Avec pr\u00e8s de 10 000 missions r\u00e9alis\u00e9es et un r\u00e9seau de 30 bureaux \u00e0 travers le monde, EIM s\u2019est depuis impos\u00e9 comme un leader du secteur en Europe, et dispose \u00e9galement d\u2019une pr\u00e9sence dans les principaux march\u00e9s \u00e0 l\u2019international. Gr\u00e2ce \u00e0 sa communaut\u00e9 de 35 000 dirigeants tr\u00e8s exp\u00e9riment\u00e9s, EIM se diff\u00e9rencie en collaborant activement avec ses clients et ses managers de transition tout au long des missions afin de r\u00e9pondre \u00e0 des probl\u00e8mes complexes, partout dans le monde, et en particulier lorsque des solutions rapides de remplacement, de transformations structurantes ou d\u2019am\u00e9lioration significative de leurs r\u00e9sultats sont attendus.\u00a0<\/span><\/p>[\/et_pb_text][et_pb_button button_url=\"https:\/\/www.eim.com\/fr\/pourquoi-eim\/\" button_text=\"EIM\" _builder_version=\"4.17.3\" _module_preset=\"default\" global_colors_info=\"{}\"][\/et_pb_button][et_pb_text _builder_version=\"4.17.3\" _module_preset=\"default\" custom_padding=\"||0px|||\" global_colors_info=\"{}\"]<p class=\"chrome\"><\/p>\n<p><span style=\"font-size: x-large;\">\u00c0 propos d'Omnes<\/span><\/p>\n<p><span style=\"font-size: large; background-color: #ffffff;\">Omnes est un acteur majeur du private equity et de l\u2019infrastructure. Avec plus de 5 milliards d\u2019euros d\u2019actifs sous gestion, Omnes apporte aux entreprises les fonds propres n\u00e9cessaires \u00e0 leur d\u00e9veloppement \u00e0 travers ses trois m\u00e9tiers de r\u00e9f\u00e9rence : Capital Risque, Capital D\u00e9veloppement &amp; Transmission et Infrastructure. Omnes est d\u00e9tenue \u00e0 100 % par ses salari\u00e9s. Omnes s\u2019engage sur les enjeux ESG. La soci\u00e9t\u00e9 a cr\u00e9\u00e9 la Fondation Omnes en faveur de l\u2019enfance et de la jeunesse. Elle est signataire des Principes pour l\u2019Investissement Responsable des Nations Unies (PRI).\u00a0<\/span><\/p>[\/et_pb_text][et_pb_button button_url=\"http:\/\/www.omnescapital.com\" button_text=\"Omnes Capital\" _builder_version=\"4.17.3\" _module_preset=\"default\" global_colors_info=\"{}\"][\/et_pb_button][et_pb_text _builder_version=\"4.17.3\" _module_preset=\"default\" global_colors_info=\"{}\"][\/et_pb_text][\/et_pb_column][\/et_pb_row][\/et_pb_section][et_pb_section fb_built=\"1\" _builder_version=\"4.16\" background_color=\"#DB9300\" custom_margin=\"0px||||false|false\" top_divider_style=\"slant\" top_divider_color=\"#FFFFFF\" top_divider_flip=\"vertical|horizontal\" bottom_divider_color=\"#ffffff\" bottom_divider_flip=\"horizontal\" global_colors_info=\"{}\"][et_pb_row _builder_version=\"4.16\" custom_margin=\"-46px|auto||auto||\" custom_padding=\"60px|||||\" global_colors_info=\"{}\"][et_pb_column type=\"4_4\" _builder_version=\"4.16\" global_colors_info=\"{}\"][et_pb_text admin_label=\"Title\" _builder_version=\"4.16\" text_font=\"||||||||\" text_text_color=\"#ffffff\" header_font=\"Prata||||||||\" header_2_font=\"Montserrat|700|||||||\" header_2_text_align=\"center\" header_2_font_size=\"30px\" custom_margin=\"5%||5px||false|false\" custom_padding=\"||0px|||\" animation_style=\"fade\" animation_direction=\"top\" animation_duration=\"1350ms\" animation_starting_opacity=\"100%\" inline_fonts=\"Prata,Montserrat\" global_colors_info=\"{}\"]<h3 style=\"text-align: center\"><span style=\"font-family: Montserrat;color: #ffffff\">Prenez contact avec nous<\/span><\/h3>[\/et_pb_text][\/et_pb_column][\/et_pb_row][et_pb_row column_structure=\"1_5,3_5,1_5\" _builder_version=\"4.16\" custom_padding=\"0px|||||\" global_colors_info=\"{}\"][et_pb_column type=\"1_5\" _builder_version=\"4.16\" global_colors_info=\"{}\"][\/et_pb_column][et_pb_column type=\"3_5\" _builder_version=\"4.16\" global_colors_info=\"{}\"][et_pb_text _builder_version=\"4.16\" custom_padding=\"||0px|||\" global_colors_info=\"{}\"]<p style=\"text-align: center\"><span style=\"color: #ffffff\">Vous souhaitez en savoir plus et entrer en relation avec un conseiller EIM<\/span><\/p>[\/et_pb_text][et_pb_button button_url=\"\/fr\/nous-contacter\/\" button_text=\"CONTACTEZ-NOUS\" button_alignment=\"center\" _builder_version=\"4.16\" background_layout=\"dark\" global_colors_info=\"{}\"][\/et_pb_button][et_pb_social_media_follow _builder_version=\"4.17.3\" _module_preset=\"default\" text_orientation=\"center\" global_colors_info=\"{}\"][et_pb_social_media_follow_network social_network=\"twitter\" url=\"https:\/\/twitter.com\/eim_paris\" _builder_version=\"4.17.3\" _module_preset=\"default\" background_color=\"#00aced\" global_colors_info=\"{}\" follow_button=\"off\" url_new_window=\"on\"]twitter[\/et_pb_social_media_follow_network][et_pb_social_media_follow_network social_network=\"linkedin\" url=\"https:\/\/www.linkedin.com\/company\/eim-france\/?viewAsMember=true\" _builder_version=\"4.17.3\" _module_preset=\"default\" background_color=\"#007bb6\" global_colors_info=\"{}\" follow_button=\"off\" url_new_window=\"on\"]linkedin[\/et_pb_social_media_follow_network][et_pb_social_media_follow_network social_network=\"youtube\" url=\"https:\/\/www.youtube.com\/channel\/UCYITxHMCUHfHV4dAMWqdCIQ\" _builder_version=\"4.17.3\" _module_preset=\"default\" background_color=\"#a82400\" global_colors_info=\"{}\" follow_button=\"off\" url_new_window=\"on\"]youtube[\/et_pb_social_media_follow_network][\/et_pb_social_media_follow][\/et_pb_column][et_pb_column type=\"1_5\" _builder_version=\"4.16\" global_colors_info=\"{}\"][\/et_pb_column][\/et_pb_row][et_pb_row _builder_version=\"4.17.3\" _module_preset=\"default\" global_colors_info=\"{}\"][et_pb_column type=\"4_4\" _builder_version=\"4.17.3\" _module_preset=\"default\" global_colors_info=\"{}\"][\/et_pb_column][\/et_pb_row][\/et_pb_section]","_et_gb_content_width":"","footnotes":""},"categories":[354,355],"tags":[],"class_list":["post-13366","post","type-post","status-publish","format-standard","has-post-thumbnail","hentry","category-articles-et-communiques","category-communiques-eim"],"yoast_head":"<!-- This site is optimized with the Yoast SEO Premium plugin v27.0 (Yoast SEO v27.4) - https:\/\/yoast.com\/product\/yoast-seo-premium-wordpress\/ -->\n<title>Communiqu\u00e9 de presse : Le groupe EIM a le plaisir d&#039;annoncer l&#039;entr\u00e9e \u00e0 son capital du fonds de capital investissement Omnes Capital. - EIM France<\/title>\n<meta name=\"description\" content=\"Tribune EIM \/ KPMG sur l&#039;opinion. le cabinet EIM vous accompagne dans vos plans de transformation avec une communaut\u00e9 de plus de 30 000 dirigeants. Contactez-nous.\" \/>\n<meta name=\"robots\" content=\"index, follow, max-snippet:-1, max-image-preview:large, max-video-preview:-1\" \/>\n<link rel=\"canonical\" href=\"https:\/\/www.eim.com\/fr\/articles-et-communiques\/communique-de-presse-le-groupe-eim-a-le-plaisir-dannoncer-lentree-a-son-capital-du-fonds-de-capital-investissement-omnes-capital\/\" \/>\n<meta property=\"og:locale\" content=\"fr_FR\" \/>\n<meta property=\"og:type\" content=\"article\" \/>\n<meta property=\"og:title\" content=\"Communiqu\u00e9 de presse : Le groupe EIM a le plaisir d&#039;annoncer l&#039;entr\u00e9e \u00e0 son capital du fonds de capital investissement Omnes Capital.\" \/>\n<meta property=\"og:description\" content=\"Tribune EIM \/ KPMG sur l&#039;opinion. le cabinet EIM vous accompagne dans vos plans de transformation avec une communaut\u00e9 de plus de 30 000 dirigeants. Contactez-nous.\" \/>\n<meta property=\"og:url\" content=\"https:\/\/www.eim.com\/fr\/articles-et-communiques\/communique-de-presse-le-groupe-eim-a-le-plaisir-dannoncer-lentree-a-son-capital-du-fonds-de-capital-investissement-omnes-capital\/\" \/>\n<meta property=\"og:site_name\" content=\"EIM France\" \/>\n<meta property=\"article:published_time\" content=\"2022-10-17T16:36:00+00:00\" \/>\n<meta property=\"article:modified_time\" content=\"2023-09-18T14:37:22+00:00\" \/>\n<meta property=\"og:image\" content=\"https:\/\/www.eim.com\/fr\/wp-content\/uploads\/sites\/9\/2022\/10\/Sans-titre-3.png\" \/>\n\t<meta property=\"og:image:width\" content=\"2048\" \/>\n\t<meta property=\"og:image:height\" content=\"1155\" \/>\n\t<meta property=\"og:image:type\" content=\"image\/png\" \/>\n<meta name=\"twitter:card\" content=\"summary_large_image\" \/>\n<meta name=\"twitter:label1\" content=\"\u00c9crit par\" \/>\n\t<meta name=\"twitter:data1\" content=\"\" \/>\n\t<meta name=\"twitter:label2\" content=\"Dur\u00e9e de lecture estim\u00e9e\" \/>\n\t<meta name=\"twitter:data2\" content=\"5 minutes\" \/>\n<script type=\"application\/ld+json\" class=\"yoast-schema-graph\">{\"@context\":\"https:\\\/\\\/schema.org\",\"@graph\":[{\"@type\":\"Article\",\"@id\":\"https:\\\/\\\/www.eim.com\\\/fr\\\/articles-et-communiques\\\/communique-de-presse-le-groupe-eim-a-le-plaisir-dannoncer-lentree-a-son-capital-du-fonds-de-capital-investissement-omnes-capital\\\/#article\",\"isPartOf\":{\"@id\":\"https:\\\/\\\/www.eim.com\\\/fr\\\/articles-et-communiques\\\/communique-de-presse-le-groupe-eim-a-le-plaisir-dannoncer-lentree-a-son-capital-du-fonds-de-capital-investissement-omnes-capital\\\/\"},\"author\":{\"name\":\"\",\"@id\":\"\"},\"headline\":\"Communiqu\u00e9 de presse : Le groupe EIM a le plaisir d&#8217;annoncer l&#8217;entr\u00e9e \u00e0 son capital du fonds de capital investissement Omnes Capital.\",\"datePublished\":\"2022-10-17T16:36:00+00:00\",\"dateModified\":\"2023-09-18T14:37:22+00:00\",\"mainEntityOfPage\":{\"@id\":\"https:\\\/\\\/www.eim.com\\\/fr\\\/articles-et-communiques\\\/communique-de-presse-le-groupe-eim-a-le-plaisir-dannoncer-lentree-a-son-capital-du-fonds-de-capital-investissement-omnes-capital\\\/\"},\"wordCount\":1746,\"publisher\":{\"@id\":\"https:\\\/\\\/www.eim.com\\\/fr\\\/#organization\"},\"image\":{\"@id\":\"https:\\\/\\\/www.eim.com\\\/fr\\\/articles-et-communiques\\\/communique-de-presse-le-groupe-eim-a-le-plaisir-dannoncer-lentree-a-son-capital-du-fonds-de-capital-investissement-omnes-capital\\\/#primaryimage\"},\"thumbnailUrl\":\"https:\\\/\\\/www.eim.com\\\/fr\\\/wp-content\\\/uploads\\\/sites\\\/9\\\/2022\\\/10\\\/Sans-titre-3.png\",\"articleSection\":[\"Articles et communiqu\u00e9s\",\"Communiqu\u00e9s EIM\"],\"inLanguage\":\"fr-FR\"},{\"@type\":\"WebPage\",\"@id\":\"https:\\\/\\\/www.eim.com\\\/fr\\\/articles-et-communiques\\\/communique-de-presse-le-groupe-eim-a-le-plaisir-dannoncer-lentree-a-son-capital-du-fonds-de-capital-investissement-omnes-capital\\\/\",\"url\":\"https:\\\/\\\/www.eim.com\\\/fr\\\/articles-et-communiques\\\/communique-de-presse-le-groupe-eim-a-le-plaisir-dannoncer-lentree-a-son-capital-du-fonds-de-capital-investissement-omnes-capital\\\/\",\"name\":\"Communiqu\u00e9 de presse : Le groupe EIM a le plaisir d'annoncer l'entr\u00e9e \u00e0 son capital du fonds de capital investissement Omnes Capital. - EIM France\",\"isPartOf\":{\"@id\":\"https:\\\/\\\/www.eim.com\\\/fr\\\/#website\"},\"primaryImageOfPage\":{\"@id\":\"https:\\\/\\\/www.eim.com\\\/fr\\\/articles-et-communiques\\\/communique-de-presse-le-groupe-eim-a-le-plaisir-dannoncer-lentree-a-son-capital-du-fonds-de-capital-investissement-omnes-capital\\\/#primaryimage\"},\"image\":{\"@id\":\"https:\\\/\\\/www.eim.com\\\/fr\\\/articles-et-communiques\\\/communique-de-presse-le-groupe-eim-a-le-plaisir-dannoncer-lentree-a-son-capital-du-fonds-de-capital-investissement-omnes-capital\\\/#primaryimage\"},\"thumbnailUrl\":\"https:\\\/\\\/www.eim.com\\\/fr\\\/wp-content\\\/uploads\\\/sites\\\/9\\\/2022\\\/10\\\/Sans-titre-3.png\",\"datePublished\":\"2022-10-17T16:36:00+00:00\",\"dateModified\":\"2023-09-18T14:37:22+00:00\",\"description\":\"Tribune EIM \\\/ KPMG sur l'opinion. le cabinet EIM vous accompagne dans vos plans de transformation avec une communaut\u00e9 de plus de 30 000 dirigeants. Contactez-nous.\",\"breadcrumb\":{\"@id\":\"https:\\\/\\\/www.eim.com\\\/fr\\\/articles-et-communiques\\\/communique-de-presse-le-groupe-eim-a-le-plaisir-dannoncer-lentree-a-son-capital-du-fonds-de-capital-investissement-omnes-capital\\\/#breadcrumb\"},\"inLanguage\":\"fr-FR\",\"potentialAction\":[{\"@type\":\"ReadAction\",\"target\":[\"https:\\\/\\\/www.eim.com\\\/fr\\\/articles-et-communiques\\\/communique-de-presse-le-groupe-eim-a-le-plaisir-dannoncer-lentree-a-son-capital-du-fonds-de-capital-investissement-omnes-capital\\\/\"]}]},{\"@type\":\"ImageObject\",\"inLanguage\":\"fr-FR\",\"@id\":\"https:\\\/\\\/www.eim.com\\\/fr\\\/articles-et-communiques\\\/communique-de-presse-le-groupe-eim-a-le-plaisir-dannoncer-lentree-a-son-capital-du-fonds-de-capital-investissement-omnes-capital\\\/#primaryimage\",\"url\":\"https:\\\/\\\/www.eim.com\\\/fr\\\/wp-content\\\/uploads\\\/sites\\\/9\\\/2022\\\/10\\\/Sans-titre-3.png\",\"contentUrl\":\"https:\\\/\\\/www.eim.com\\\/fr\\\/wp-content\\\/uploads\\\/sites\\\/9\\\/2022\\\/10\\\/Sans-titre-3.png\",\"width\":2048,\"height\":1155,\"caption\":\"EIM OMNES CAPITAL\"},{\"@type\":\"BreadcrumbList\",\"@id\":\"https:\\\/\\\/www.eim.com\\\/fr\\\/articles-et-communiques\\\/communique-de-presse-le-groupe-eim-a-le-plaisir-dannoncer-lentree-a-son-capital-du-fonds-de-capital-investissement-omnes-capital\\\/#breadcrumb\",\"itemListElement\":[{\"@type\":\"ListItem\",\"position\":1,\"name\":\"Home\",\"item\":\"https:\\\/\\\/www.eim.com\\\/fr\\\/\"},{\"@type\":\"ListItem\",\"position\":2,\"name\":\"Communiqu\u00e9 de presse : Le groupe EIM a le plaisir d&#8217;annoncer l&#8217;entr\u00e9e \u00e0 son capital du fonds de capital investissement Omnes Capital.\"}]},{\"@type\":\"WebSite\",\"@id\":\"https:\\\/\\\/www.eim.com\\\/fr\\\/#website\",\"url\":\"https:\\\/\\\/www.eim.com\\\/fr\\\/\",\"name\":\"EIM France\",\"description\":\"Management de transition | EIM\",\"publisher\":{\"@id\":\"https:\\\/\\\/www.eim.com\\\/fr\\\/#organization\"},\"potentialAction\":[{\"@type\":\"SearchAction\",\"target\":{\"@type\":\"EntryPoint\",\"urlTemplate\":\"https:\\\/\\\/www.eim.com\\\/fr\\\/?s={search_term_string}\"},\"query-input\":{\"@type\":\"PropertyValueSpecification\",\"valueRequired\":true,\"valueName\":\"search_term_string\"}}],\"inLanguage\":\"fr-FR\"},{\"@type\":\"Organization\",\"@id\":\"https:\\\/\\\/www.eim.com\\\/fr\\\/#organization\",\"name\":\"EIM France\",\"url\":\"https:\\\/\\\/www.eim.com\\\/fr\\\/\",\"logo\":{\"@type\":\"ImageObject\",\"inLanguage\":\"fr-FR\",\"@id\":\"https:\\\/\\\/www.eim.com\\\/fr\\\/#\\\/schema\\\/logo\\\/image\\\/\",\"url\":\"https:\\\/\\\/www.eim.com\\\/fr\\\/wp-content\\\/uploads\\\/sites\\\/9\\\/2019\\\/10\\\/logo_EIM_2-e1588485874411.png\",\"contentUrl\":\"https:\\\/\\\/www.eim.com\\\/fr\\\/wp-content\\\/uploads\\\/sites\\\/9\\\/2019\\\/10\\\/logo_EIM_2-e1588485874411.png\",\"width\":300,\"height\":101,\"caption\":\"EIM France\"},\"image\":{\"@id\":\"https:\\\/\\\/www.eim.com\\\/fr\\\/#\\\/schema\\\/logo\\\/image\\\/\"}},{\"@type\":\"Person\",\"@id\":\"\",\"url\":\"https:\\\/\\\/www.eim.com\\\/fr\\\/author\\\/\"}]}<\/script>\n<!-- \/ Yoast SEO Premium plugin. -->","yoast_head_json":{"title":"Communiqu\u00e9 de presse : Le groupe EIM a le plaisir d'annoncer l'entr\u00e9e \u00e0 son capital du fonds de capital investissement Omnes Capital. - EIM France","description":"Tribune EIM \/ KPMG sur l'opinion. le cabinet EIM vous accompagne dans vos plans de transformation avec une communaut\u00e9 de plus de 30 000 dirigeants. Contactez-nous.","robots":{"index":"index","follow":"follow","max-snippet":"max-snippet:-1","max-image-preview":"max-image-preview:large","max-video-preview":"max-video-preview:-1"},"canonical":"https:\/\/www.eim.com\/fr\/articles-et-communiques\/communique-de-presse-le-groupe-eim-a-le-plaisir-dannoncer-lentree-a-son-capital-du-fonds-de-capital-investissement-omnes-capital\/","og_locale":"fr_FR","og_type":"article","og_title":"Communiqu\u00e9 de presse : Le groupe EIM a le plaisir d'annoncer l'entr\u00e9e \u00e0 son capital du fonds de capital investissement Omnes Capital.","og_description":"Tribune EIM \/ KPMG sur l'opinion. le cabinet EIM vous accompagne dans vos plans de transformation avec une communaut\u00e9 de plus de 30 000 dirigeants. Contactez-nous.","og_url":"https:\/\/www.eim.com\/fr\/articles-et-communiques\/communique-de-presse-le-groupe-eim-a-le-plaisir-dannoncer-lentree-a-son-capital-du-fonds-de-capital-investissement-omnes-capital\/","og_site_name":"EIM France","article_published_time":"2022-10-17T16:36:00+00:00","article_modified_time":"2023-09-18T14:37:22+00:00","og_image":[{"width":2048,"height":1155,"url":"https:\/\/www.eim.com\/fr\/wp-content\/uploads\/sites\/9\/2022\/10\/Sans-titre-3.png","type":"image\/png"}],"twitter_card":"summary_large_image","twitter_misc":{"\u00c9crit par":"","Dur\u00e9e de lecture estim\u00e9e":"5 minutes"},"schema":{"@context":"https:\/\/schema.org","@graph":[{"@type":"Article","@id":"https:\/\/www.eim.com\/fr\/articles-et-communiques\/communique-de-presse-le-groupe-eim-a-le-plaisir-dannoncer-lentree-a-son-capital-du-fonds-de-capital-investissement-omnes-capital\/#article","isPartOf":{"@id":"https:\/\/www.eim.com\/fr\/articles-et-communiques\/communique-de-presse-le-groupe-eim-a-le-plaisir-dannoncer-lentree-a-son-capital-du-fonds-de-capital-investissement-omnes-capital\/"},"author":{"name":"","@id":""},"headline":"Communiqu\u00e9 de presse : Le groupe EIM a le plaisir d&#8217;annoncer l&#8217;entr\u00e9e \u00e0 son capital du fonds de capital investissement Omnes Capital.","datePublished":"2022-10-17T16:36:00+00:00","dateModified":"2023-09-18T14:37:22+00:00","mainEntityOfPage":{"@id":"https:\/\/www.eim.com\/fr\/articles-et-communiques\/communique-de-presse-le-groupe-eim-a-le-plaisir-dannoncer-lentree-a-son-capital-du-fonds-de-capital-investissement-omnes-capital\/"},"wordCount":1746,"publisher":{"@id":"https:\/\/www.eim.com\/fr\/#organization"},"image":{"@id":"https:\/\/www.eim.com\/fr\/articles-et-communiques\/communique-de-presse-le-groupe-eim-a-le-plaisir-dannoncer-lentree-a-son-capital-du-fonds-de-capital-investissement-omnes-capital\/#primaryimage"},"thumbnailUrl":"https:\/\/www.eim.com\/fr\/wp-content\/uploads\/sites\/9\/2022\/10\/Sans-titre-3.png","articleSection":["Articles et communiqu\u00e9s","Communiqu\u00e9s EIM"],"inLanguage":"fr-FR"},{"@type":"WebPage","@id":"https:\/\/www.eim.com\/fr\/articles-et-communiques\/communique-de-presse-le-groupe-eim-a-le-plaisir-dannoncer-lentree-a-son-capital-du-fonds-de-capital-investissement-omnes-capital\/","url":"https:\/\/www.eim.com\/fr\/articles-et-communiques\/communique-de-presse-le-groupe-eim-a-le-plaisir-dannoncer-lentree-a-son-capital-du-fonds-de-capital-investissement-omnes-capital\/","name":"Communiqu\u00e9 de presse : Le groupe EIM a le plaisir d'annoncer l'entr\u00e9e \u00e0 son capital du fonds de capital investissement Omnes Capital. - EIM France","isPartOf":{"@id":"https:\/\/www.eim.com\/fr\/#website"},"primaryImageOfPage":{"@id":"https:\/\/www.eim.com\/fr\/articles-et-communiques\/communique-de-presse-le-groupe-eim-a-le-plaisir-dannoncer-lentree-a-son-capital-du-fonds-de-capital-investissement-omnes-capital\/#primaryimage"},"image":{"@id":"https:\/\/www.eim.com\/fr\/articles-et-communiques\/communique-de-presse-le-groupe-eim-a-le-plaisir-dannoncer-lentree-a-son-capital-du-fonds-de-capital-investissement-omnes-capital\/#primaryimage"},"thumbnailUrl":"https:\/\/www.eim.com\/fr\/wp-content\/uploads\/sites\/9\/2022\/10\/Sans-titre-3.png","datePublished":"2022-10-17T16:36:00+00:00","dateModified":"2023-09-18T14:37:22+00:00","description":"Tribune EIM \/ KPMG sur l'opinion. le cabinet EIM vous accompagne dans vos plans de transformation avec une communaut\u00e9 de plus de 30 000 dirigeants. Contactez-nous.","breadcrumb":{"@id":"https:\/\/www.eim.com\/fr\/articles-et-communiques\/communique-de-presse-le-groupe-eim-a-le-plaisir-dannoncer-lentree-a-son-capital-du-fonds-de-capital-investissement-omnes-capital\/#breadcrumb"},"inLanguage":"fr-FR","potentialAction":[{"@type":"ReadAction","target":["https:\/\/www.eim.com\/fr\/articles-et-communiques\/communique-de-presse-le-groupe-eim-a-le-plaisir-dannoncer-lentree-a-son-capital-du-fonds-de-capital-investissement-omnes-capital\/"]}]},{"@type":"ImageObject","inLanguage":"fr-FR","@id":"https:\/\/www.eim.com\/fr\/articles-et-communiques\/communique-de-presse-le-groupe-eim-a-le-plaisir-dannoncer-lentree-a-son-capital-du-fonds-de-capital-investissement-omnes-capital\/#primaryimage","url":"https:\/\/www.eim.com\/fr\/wp-content\/uploads\/sites\/9\/2022\/10\/Sans-titre-3.png","contentUrl":"https:\/\/www.eim.com\/fr\/wp-content\/uploads\/sites\/9\/2022\/10\/Sans-titre-3.png","width":2048,"height":1155,"caption":"EIM OMNES CAPITAL"},{"@type":"BreadcrumbList","@id":"https:\/\/www.eim.com\/fr\/articles-et-communiques\/communique-de-presse-le-groupe-eim-a-le-plaisir-dannoncer-lentree-a-son-capital-du-fonds-de-capital-investissement-omnes-capital\/#breadcrumb","itemListElement":[{"@type":"ListItem","position":1,"name":"Home","item":"https:\/\/www.eim.com\/fr\/"},{"@type":"ListItem","position":2,"name":"Communiqu\u00e9 de presse : Le groupe EIM a le plaisir d&#8217;annoncer l&#8217;entr\u00e9e \u00e0 son capital du fonds de capital investissement Omnes Capital."}]},{"@type":"WebSite","@id":"https:\/\/www.eim.com\/fr\/#website","url":"https:\/\/www.eim.com\/fr\/","name":"EIM France","description":"Management de transition | EIM","publisher":{"@id":"https:\/\/www.eim.com\/fr\/#organization"},"potentialAction":[{"@type":"SearchAction","target":{"@type":"EntryPoint","urlTemplate":"https:\/\/www.eim.com\/fr\/?s={search_term_string}"},"query-input":{"@type":"PropertyValueSpecification","valueRequired":true,"valueName":"search_term_string"}}],"inLanguage":"fr-FR"},{"@type":"Organization","@id":"https:\/\/www.eim.com\/fr\/#organization","name":"EIM France","url":"https:\/\/www.eim.com\/fr\/","logo":{"@type":"ImageObject","inLanguage":"fr-FR","@id":"https:\/\/www.eim.com\/fr\/#\/schema\/logo\/image\/","url":"https:\/\/www.eim.com\/fr\/wp-content\/uploads\/sites\/9\/2019\/10\/logo_EIM_2-e1588485874411.png","contentUrl":"https:\/\/www.eim.com\/fr\/wp-content\/uploads\/sites\/9\/2019\/10\/logo_EIM_2-e1588485874411.png","width":300,"height":101,"caption":"EIM France"},"image":{"@id":"https:\/\/www.eim.com\/fr\/#\/schema\/logo\/image\/"}},{"@type":"Person","@id":"","url":"https:\/\/www.eim.com\/fr\/author\/"}]}},"_links":{"self":[{"href":"https:\/\/www.eim.com\/fr\/wp-json\/wp\/v2\/posts\/13366","targetHints":{"allow":["GET"]}}],"collection":[{"href":"https:\/\/www.eim.com\/fr\/wp-json\/wp\/v2\/posts"}],"about":[{"href":"https:\/\/www.eim.com\/fr\/wp-json\/wp\/v2\/types\/post"}],"author":[{"embeddable":true,"href":"https:\/\/www.eim.com\/fr\/wp-json\/wp\/v2\/users\/133"}],"replies":[{"embeddable":true,"href":"https:\/\/www.eim.com\/fr\/wp-json\/wp\/v2\/comments?post=13366"}],"version-history":[{"count":0,"href":"https:\/\/www.eim.com\/fr\/wp-json\/wp\/v2\/posts\/13366\/revisions"}],"wp:featuredmedia":[{"embeddable":true,"href":"https:\/\/www.eim.com\/fr\/wp-json\/wp\/v2\/media\/13283"}],"wp:attachment":[{"href":"https:\/\/www.eim.com\/fr\/wp-json\/wp\/v2\/media?parent=13366"}],"wp:term":[{"taxonomy":"category","embeddable":true,"href":"https:\/\/www.eim.com\/fr\/wp-json\/wp\/v2\/categories?post=13366"},{"taxonomy":"post_tag","embeddable":true,"href":"https:\/\/www.eim.com\/fr\/wp-json\/wp\/v2\/tags?post=13366"}],"curies":[{"name":"wp","href":"https:\/\/api.w.org\/{rel}","templated":true}]}}