{"id":13063,"date":"2022-05-25T10:18:55","date_gmt":"2022-05-25T10:18:55","guid":{"rendered":"https:\/\/www.eim.com\/fr\/?p=13063"},"modified":"2024-01-12T09:45:26","modified_gmt":"2024-01-12T09:45:26","slug":"paroles-de-dirigeants-face-aux-defis-de-linflation-etude-eim-mai-2022","status":"publish","type":"post","link":"https:\/\/www.eim.com\/fr\/etudes-eim\/paroles-de-dirigeants-face-aux-defis-de-linflation-etude-eim-mai-2022\/","title":{"rendered":"Paroles de dirigeants face aux d\u00e9fis de l\u2019inflation | Etude EIM Mai 2022"},"content":{"rendered":"\n\n\n\n\n\n[et_pb_section fb_built=&#8221;1&#8243; admin_label=&#8221;Hero Section&#8221; _builder_version=&#8221;4.17.3&#8243; background_color=&#8221;#002c3e&#8221; use_background_color_gradient=&#8221;on&#8221; background_color_gradient_direction=&#8221;146deg&#8221; background_color_gradient_stops=&#8221;rgba(255,255,255,0) 0%|#d6d6d6 0%|rgba(255,255,255,0) 22%|#000000 100%&#8221; background_color_gradient_overlays_image=&#8221;on&#8221; background_image=&#8221;https:\/\/www.eim.com\/fr\/wp-content\/uploads\/sites\/9\/2022\/04\/pexels-henrikas-mackevicius-4061022-scaled.jpg&#8221; height=&#8221;520px&#8221; custom_padding=&#8221;6%||0%|||&#8221; bottom_divider_style=&#8221;slant&#8221; bottom_divider_color=&#8221;#062c3e&#8221; bottom_divider_height=&#8221;150px&#8221; bottom_divider_flip=&#8221;horizontal&#8221; global_colors_info=&#8221;{}&#8221; background_color_gradient_direction__hover=&#8221;180deg&#8221; background_color_gradient_direction__hover_enabled=&#8221;180deg&#8221; background_color_gradient_start_position__hover=&#8221;0%&#8221; background_color_gradient_start_position__hover_enabled=&#8221;0%&#8221; background_color_gradient_end_position__hover=&#8221;100%&#8221; background_color_gradient_end_position__hover_enabled=&#8221;100%&#8221; background_color_gradient_stops__hover=&#8221;#2b87da 0%|#29c4a9 100%&#8221;][et_pb_row disabled_on=&#8221;off|off|off&#8221; admin_label=&#8221;Page Title Area&#8221; _builder_version=&#8221;4.16&#8243; width=&#8221;100%&#8221; max_width=&#8221;2560px&#8221; module_alignment=&#8221;center&#8221; custom_margin=&#8221;-3%|auto|0px|auto|false|false&#8221; custom_padding=&#8221;0px|||||&#8221; global_colors_info=&#8221;{}&#8221;][et_pb_column type=&#8221;4_4&#8243; _builder_version=&#8221;4.16&#8243; custom_padding=&#8221;|||&#8221; global_colors_info=&#8221;{}&#8221; custom_padding__hover=&#8221;|||&#8221;][et_pb_text admin_label=&#8221;Hero Section Title&#8221; _builder_version=&#8221;4.16&#8243; text_font=&#8221;Montserrat|800|||||||&#8221; text_font_size=&#8221;18px&#8221; text_line_height=&#8221;1.3em&#8221; header_font=&#8221;Montserrat|700|||||||&#8221; header_font_size=&#8221;56px&#8221; header_letter_spacing=&#8221;3px&#8221; header_line_height=&#8221;1.1em&#8221; header_2_font=&#8221;Montserrat|700|||||||&#8221; header_2_text_color=&#8221;rgba(255,255,255,0.6)&#8221; header_2_font_size=&#8221;90px&#8221; header_2_letter_spacing=&#8221;3px&#8221; header_2_line_height=&#8221;1.1em&#8221; text_orientation=&#8221;center&#8221; background_layout=&#8221;dark&#8221; max_width=&#8221;80%&#8221; module_alignment=&#8221;center&#8221; custom_margin=&#8221;0px||0px||false|false&#8221; animation_style=&#8221;fade&#8221; animation_direction=&#8221;bottom&#8221; animation_duration=&#8221;1350ms&#8221; header_font_size_tablet=&#8221;&#8221; header_font_size_phone=&#8221;28px&#8221; header_font_size_last_edited=&#8221;on|phone&#8221; header_2_font_size_tablet=&#8221;&#8221; header_2_font_size_phone=&#8221;50px&#8221; header_2_font_size_last_edited=&#8221;on|phone&#8221; text_text_shadow_style=&#8221;preset1&#8243; text_text_shadow_horizontal_length=&#8221;0.28em&#8221; inline_fonts=&#8221;Prata,Montserrat&#8221; global_colors_info=&#8221;{}&#8221;]<h1>\u00a0 Paroles de dirigeants face aux d\u00e9fis de l&#8217;inflation<\/h1>\n<h1>\u00a0&#8211; Etude EIM Mai 2022 &#8211;<\/h1>\n<p>&nbsp;<\/p>[\/et_pb_text][\/et_pb_column][\/et_pb_row][\/et_pb_section][et_pb_section fb_built=&#8221;1&#8243; _builder_version=&#8221;4.17.3&#8243; top_divider_color=&#8221;#002c3e&#8221; top_divider_flip=&#8221;horizontal&#8221; bottom_divider_color=&#8221;#e8e8e8&#8243; hover_enabled=&#8221;0&#8243; global_colors_info=&#8221;{}&#8221; sticky_enabled=&#8221;0&#8243;][et_pb_row _builder_version=&#8221;4.16&#8243; custom_padding=&#8221;0%||||false|false&#8221; global_colors_info=&#8221;{}&#8221;][et_pb_column type=&#8221;4_4&#8243; _builder_version=&#8221;4.16&#8243; global_colors_info=&#8221;{}&#8221;][et_pb_text _builder_version=&#8221;4.17.3&#8243; _module_preset=&#8221;default&#8221; global_colors_info=&#8221;{}&#8221;][\/et_pb_text][et_pb_text _builder_version=&#8221;4.17.3&#8243; custom_padding=&#8221;||0px|||&#8221; global_colors_info=&#8221;{}&#8221;]<h2 style=\"text-align: center;\"><span style=\"color: #e09900; font-size: xx-large;\">Dans le cadre des \u00e9tudes \u00ab Paroles de Dirigeants \u00bb<br \/>EIM a interrog\u00e9 50 dirigeants sur l\u2019inflation.<\/span><\/h2>[\/et_pb_text][\/et_pb_column][\/et_pb_row][et_pb_row _builder_version=&#8221;4.16&#8243; _module_preset=&#8221;default&#8221; custom_margin=&#8221;-33px|auto||auto||&#8221; custom_padding=&#8221;||38px|||&#8221; global_colors_info=&#8221;{}&#8221;][et_pb_column type=&#8221;4_4&#8243; _builder_version=&#8221;4.16&#8243; _module_preset=&#8221;default&#8221; global_colors_info=&#8221;{}&#8221;][et_pb_text _builder_version=&#8221;4.16&#8243; _module_preset=&#8221;default&#8221; custom_padding=&#8221;||0px|||&#8221; global_colors_info=&#8221;{}&#8221;]<p><span style=\"font-size: large;\"><\/span><\/p>\n<p style=\"text-align: center;\"><span style=\"font-size: large;\"><strong>Comment sont-ils impact\u00e9s par l&#8217;inflation ? Comment s\u2019organisent-ils pour y r\u00e9agir ?\u00a0<\/strong><\/span><\/p>\n<p style=\"text-align: center;\"><span style=\"font-size: large;\"><strong>Quelles sont les bonnes id\u00e9es qui en ressortent ?<\/strong><\/span><\/p>[\/et_pb_text][et_pb_button button_url=&#8221;#Recevez%20l&#8217;\u00e9tude&#8221; button_text=&#8221;Demandez \u00e0 recevoir l&#8217;etude sur l&#8217;inflation&#8221; button_alignment=&#8221;center&#8221; _builder_version=&#8221;4.17.3&#8243; _module_preset=&#8221;default&#8221; global_colors_info=&#8221;{}&#8221;][\/et_pb_button][\/et_pb_column][\/et_pb_row][et_pb_row _builder_version=&#8221;4.17.3&#8243; _module_preset=&#8221;default&#8221; global_colors_info=&#8221;{}&#8221;][et_pb_column type=&#8221;4_4&#8243; _builder_version=&#8221;4.17.3&#8243; _module_preset=&#8221;default&#8221; global_colors_info=&#8221;{}&#8221;][et_pb_text _builder_version=&#8221;4.17.3&#8243; _module_preset=&#8221;default&#8221; global_colors_info=&#8221;{}&#8221;]<p style=\"text-align: center;\"><span style=\"font-size: large;\"><strong>Dans cette \u00e9tude terrain men\u00e9e en avril et mai 2022, par les associ\u00e9s EIM,<\/strong><\/span><\/p>\n<p style=\"text-align: center;\"><span style=\"font-size: large;\"><strong> vous retrouverez <\/strong><strong>une somme de constats, de verbatims, de r\u00e9actions, d\u2019id\u00e9es, de d\u00e9cisions <\/strong><\/span><\/p>\n<p style=\"text-align: center;\"><span style=\"font-size: large;\"><strong>que nous avons regroup\u00e9s et mis en forme pour vous \u00eatre utile.<\/strong><\/span><\/p>[\/et_pb_text][\/et_pb_column][\/et_pb_row][et_pb_row column_structure=&#8221;1_3,1_3,1_3&#8243; _builder_version=&#8221;4.16&#8243; _module_preset=&#8221;default&#8221; global_colors_info=&#8221;{}&#8221;][et_pb_column type=&#8221;1_3&#8243; _builder_version=&#8221;4.16&#8243; _module_preset=&#8221;default&#8221; global_colors_info=&#8221;{}&#8221;][et_pb_number_counter title=&#8221;Industries&#8221; number=&#8221;20&#8243; percent_sign=&#8221;off&#8221; _builder_version=&#8221;4.17.3&#8243; _module_preset=&#8221;default&#8221; global_colors_info=&#8221;{}&#8221;][\/et_pb_number_counter][\/et_pb_column][et_pb_column type=&#8221;1_3&#8243; _builder_version=&#8221;4.16&#8243; _module_preset=&#8221;default&#8221; global_colors_info=&#8221;{}&#8221;][et_pb_number_counter title=&#8221;D\u00e9cideurs&#8221; number=&#8221;50&#8243; percent_sign=&#8221;off&#8221; _builder_version=&#8221;4.16&#8243; _module_preset=&#8221;default&#8221; global_colors_info=&#8221;{}&#8221;][\/et_pb_number_counter][\/et_pb_column][et_pb_column type=&#8221;1_3&#8243; _builder_version=&#8221;4.16&#8243; _module_preset=&#8221;default&#8221; global_colors_info=&#8221;{}&#8221;][et_pb_number_counter title=&#8221;Sujets d&#8217;inflations&#8221; number=&#8221;30&#8243; percent_sign=&#8221;off&#8221; _builder_version=&#8221;4.16&#8243; _module_preset=&#8221;default&#8221; global_colors_info=&#8221;{}&#8221;][\/et_pb_number_counter][\/et_pb_column][\/et_pb_row][et_pb_row column_structure=&#8221;1_3,1_3,1_3&#8243; _builder_version=&#8221;4.16&#8243; _module_preset=&#8221;default&#8221; global_colors_info=&#8221;{}&#8221;][et_pb_column type=&#8221;1_3&#8243; _builder_version=&#8221;4.16&#8243; _module_preset=&#8221;default&#8221; global_colors_info=&#8221;{}&#8221;][et_pb_text _builder_version=&#8221;4.16&#8243; _module_preset=&#8221;default&#8221; global_colors_info=&#8221;{}&#8221;]<blockquote>\n<p>\u00a0<em style=\"font-size: 14px;\">\u00ab\u00a0 Le ph\u00e9nom\u00e8ne de l\u2019inflation a \u00e9t\u00e9 super mal anticip\u00e9. La croyance collective est que ca ne va pas nous impacter. Pourtant, les co\u00fbts de r\u00e9paration et d\u2019assistance vont n\u00e9cessairement augmenter\u2026\u00bb\u00a0<\/em><\/p>\n<\/blockquote>\n<p style=\"text-align: center;\"><em><\/em><\/p>\n<p style=\"text-align: center;\"><em><\/em><\/p>\n<p style=\"text-align: center;\"><em>CEO \u2013 compagnie d\u2019assurance<\/em><\/p>\n<p>&nbsp;<\/p>[\/et_pb_text][\/et_pb_column][et_pb_column type=&#8221;1_3&#8243; _builder_version=&#8221;4.16&#8243; _module_preset=&#8221;default&#8221; global_colors_info=&#8221;{}&#8221;][et_pb_text _builder_version=&#8221;4.16&#8243; _module_preset=&#8221;default&#8221; global_colors_info=&#8221;{}&#8221;]<blockquote>\n<p><em><em style=\"font-size: 14px;\">\u00ab R\u00e9cemment, j\u2019ai chang\u00e9 3 fois d\u2019avis en 4 jours en fonction des donn\u00e9es de march\u00e9. Parce que c\u2019\u00e9tait n\u00e9cessaire. Les \u00e9quipes ont du mal \u00e0 suivre, mais c\u2019est comme \u00e7a.\u00a0 <\/em><\/em><\/p>\n<p><em><em style=\"font-size: 14px;\">C\u2019est du pilotage sur glace.\u00a0<\/em><\/em><\/p>\n<p><em><em style=\"font-size: 14px;\"><\/em><\/em><\/p>\n<p><em><em style=\"font-size: 14px;\"><\/em><\/em><\/p>\n<\/blockquote>\n<p style=\"text-align: center;\"><em><\/em><\/p>\n<p style=\"text-align: center;\"><em><\/em><\/p>\n<p style=\"text-align: center;\"><em>CEO \u2013 groupe de transport<\/em><em><\/em><\/p>\n<p style=\"text-align: center;\"><\/p>\n<p>&nbsp;<\/p>[\/et_pb_text][\/et_pb_column][et_pb_column type=&#8221;1_3&#8243; _builder_version=&#8221;4.16&#8243; _module_preset=&#8221;default&#8221; global_colors_info=&#8221;{}&#8221;][et_pb_text _builder_version=&#8221;4.16&#8243; _module_preset=&#8221;default&#8221; global_colors_info=&#8221;{}&#8221;]<blockquote>\n<p><em>\u00ab C\u2019est du jamais vu, j\u2019ai encore pass\u00e9 +17% cette ann\u00e9e \u00e0 mes clients apr\u00e8s +31% l\u2019ann\u00e9e derni\u00e8re. Mais cela, ce n\u2019est possible que sur des march\u00e9s concentr\u00e9s. A vrai dire, c\u2019est plus facile de passer +50% que +4%. \u00bb<\/em><\/p>\n<\/blockquote>\n<p style=\"text-align: center;\"><\/p>\n<p style=\"text-align: center;\"><em style=\"font-size: 14px;\"><\/em><\/p>\n<p style=\"text-align: center;\"><em style=\"font-size: 14px;\">CEO \u2013 groupe de transport<\/em><\/p>[\/et_pb_text][\/et_pb_column][\/et_pb_row][et_pb_row _builder_version=&#8221;4.17.3&#8243; _module_preset=&#8221;default&#8221; global_colors_info=&#8221;{}&#8221;][et_pb_column type=&#8221;4_4&#8243; _builder_version=&#8221;4.17.3&#8243; _module_preset=&#8221;default&#8221; global_colors_info=&#8221;{}&#8221;][et_pb_text module_id=&#8221;Recevez l&#8217;\u00e9tude&#8221; _builder_version=&#8221;4.17.3&#8243; _module_preset=&#8221;default&#8221; global_colors_info=&#8221;{}&#8221;]<h2 style=\"text-align: center;\"><span style=\"color: #e09900;\">Recevez l&#8217;\u00e9tude sur l&#8217;inflation<\/span><\/h2>[\/et_pb_text][\/et_pb_column][\/et_pb_row][et_pb_row _builder_version=&#8221;4.16&#8243; _module_preset=&#8221;default&#8221; global_colors_info=&#8221;{}&#8221;][et_pb_column type=&#8221;4_4&#8243; _builder_version=&#8221;4.16&#8243; _module_preset=&#8221;default&#8221; global_colors_info=&#8221;{}&#8221;][wpforms_selector form_id=&#8221;12841&#8243; _builder_version=&#8221;4.14.6&#8243; _module_preset=&#8221;default&#8221; global_colors_info=&#8221;{}&#8221;][\/wpforms_selector][\/et_pb_column][\/et_pb_row][\/et_pb_section][et_pb_section fb_built=&#8221;1&#8243; _builder_version=&#8221;4.16&#8243; background_color=&#8221;#DB9300&#8243; custom_margin=&#8221;0px||||false|false&#8221; top_divider_style=&#8221;slant&#8221; top_divider_color=&#8221;#FFFFFF&#8221; top_divider_flip=&#8221;vertical|horizontal&#8221; bottom_divider_color=&#8221;#ffffff&#8221; bottom_divider_flip=&#8221;horizontal&#8221; global_colors_info=&#8221;{}&#8221;][et_pb_row _builder_version=&#8221;4.16&#8243; custom_margin=&#8221;-46px|auto||auto||&#8221; custom_padding=&#8221;60px|||||&#8221; global_colors_info=&#8221;{}&#8221;][et_pb_column type=&#8221;4_4&#8243; _builder_version=&#8221;4.16&#8243; global_colors_info=&#8221;{}&#8221;][et_pb_text admin_label=&#8221;Title&#8221; _builder_version=&#8221;4.16&#8243; text_font=&#8221;||||||||&#8221; text_text_color=&#8221;#ffffff&#8221; header_font=&#8221;Prata||||||||&#8221; header_2_font=&#8221;Montserrat|700|||||||&#8221; header_2_text_align=&#8221;center&#8221; header_2_font_size=&#8221;30px&#8221; custom_margin=&#8221;5%||5px||false|false&#8221; custom_padding=&#8221;||0px|||&#8221; animation_style=&#8221;fade&#8221; animation_direction=&#8221;top&#8221; animation_duration=&#8221;1350ms&#8221; animation_starting_opacity=&#8221;100%&#8221; inline_fonts=&#8221;Prata,Montserrat&#8221; global_colors_info=&#8221;{}&#8221;]<h3 style=\"text-align: center\"><span style=\"font-family: Montserrat;color: #ffffff\">Prenez contact avec nous<\/span><\/h3>[\/et_pb_text][\/et_pb_column][\/et_pb_row][et_pb_row column_structure=&#8221;1_5,3_5,1_5&#8243; _builder_version=&#8221;4.16&#8243; custom_padding=&#8221;0px|||||&#8221; global_colors_info=&#8221;{}&#8221;][et_pb_column type=&#8221;1_5&#8243; _builder_version=&#8221;4.16&#8243; global_colors_info=&#8221;{}&#8221;][\/et_pb_column][et_pb_column type=&#8221;3_5&#8243; _builder_version=&#8221;4.16&#8243; global_colors_info=&#8221;{}&#8221;][et_pb_text _builder_version=&#8221;4.16&#8243; custom_padding=&#8221;||0px|||&#8221; global_colors_info=&#8221;{}&#8221;]<p style=\"text-align: center\"><span style=\"color: #ffffff\">Vous souhaitez en savoir plus et entrer en relation avec un conseiller EIM<\/span><\/p>[\/et_pb_text][et_pb_button button_url=&#8221;\/fr\/nous-contacter\/&#8221; button_text=&#8221;CONTACTEZ-NOUS&#8221; button_alignment=&#8221;center&#8221; _builder_version=&#8221;4.16&#8243; background_layout=&#8221;dark&#8221; global_colors_info=&#8221;{}&#8221;][\/et_pb_button][\/et_pb_column][et_pb_column type=&#8221;1_5&#8243; _builder_version=&#8221;4.16&#8243; global_colors_info=&#8221;{}&#8221;][\/et_pb_column][\/et_pb_row][\/et_pb_section]\n\n\n\n\n\n","protected":false},"excerpt":{"rendered":"","protected":false},"author":133,"featured_media":13107,"comment_status":"closed","ping_status":"closed","sticky":false,"template":"","format":"standard","meta":{"_et_pb_use_builder":"on","_et_pb_old_content":"[et_pb_section fb_built=\"1\" admin_label=\"Hero Section\" _builder_version=\"4.14.6\" background_color=\"#002c3e\" background_enable_image=\"off\" height=\"520px\" custom_padding=\"6%||0%|||\" bottom_divider_style=\"slant\" bottom_divider_color=\"#ffffff\" bottom_divider_height=\"150px\" bottom_divider_flip=\"horizontal\" global_colors_info=\"{}\" background_color_gradient_direction__hover=\"180deg\" background_color_gradient_direction__hover_enabled=\"180deg\" background_color_gradient_start_position__hover=\"0%\" background_color_gradient_start_position__hover_enabled=\"0%\" background_color_gradient_end_position__hover=\"100%\" background_color_gradient_end_position__hover_enabled=\"100%\"][et_pb_row disabled_on=\"off|off|off\" admin_label=\"Page Title Area\" _builder_version=\"4.10.8\" width=\"100%\" max_width=\"2560px\" module_alignment=\"center\" custom_margin=\"-3%|auto|0px|auto|false|false\" custom_padding=\"0px|||||\" global_colors_info=\"{}\"][et_pb_column type=\"4_4\" _builder_version=\"3.25\" custom_padding=\"|||\" global_colors_info=\"{}\" custom_padding__hover=\"|||\"][et_pb_text admin_label=\"Hero Section Title\" _builder_version=\"4.7.0\" text_font=\"Montserrat|800|||||||\" text_font_size=\"18px\" text_line_height=\"1.3em\" header_font=\"Montserrat|700|||||||\" header_font_size=\"56px\" header_letter_spacing=\"3px\" header_line_height=\"1.1em\" header_2_font=\"Montserrat|700|||||||\" header_2_text_color=\"rgba(255,255,255,0.6)\" header_2_font_size=\"90px\" header_2_letter_spacing=\"3px\" header_2_line_height=\"1.1em\" text_orientation=\"center\" background_layout=\"dark\" max_width=\"80%\" module_alignment=\"center\" custom_margin=\"0px||0px||false|false\" animation_style=\"fade\" animation_direction=\"bottom\" animation_duration=\"1350ms\" header_font_size_tablet=\"\" header_font_size_phone=\"28px\" header_font_size_last_edited=\"on|phone\" header_2_font_size_tablet=\"\" header_2_font_size_phone=\"50px\" header_2_font_size_last_edited=\"on|phone\" text_text_shadow_style=\"preset1\" text_text_shadow_horizontal_length=\"0.28em\" inline_fonts=\"Prata,Montserrat\" global_colors_info=\"{}\"]<h1><span style=\"font-size: 56px;letter-spacing: 3px\">\u00a0Mission de cr\u00e9ation d'une plateforme de services partag\u00e9s Finance et projet SAP dans un groupe mondial<\/span><\/h1>\n<p>&nbsp;<\/p>[\/et_pb_text][\/et_pb_column][\/et_pb_row][\/et_pb_section][et_pb_section fb_built=\"1\" _builder_version=\"3.22\" global_colors_info=\"{}\"][et_pb_row column_structure=\"1_2,1_2\" disabled_on=\"on|on|off\" _builder_version=\"4.14.6\" _module_preset=\"default\" global_colors_info=\"{}\"][et_pb_column type=\"1_2\" _builder_version=\"4.14.6\" _module_preset=\"default\" global_colors_info=\"{}\"][et_pb_video src=\"https:\/\/youtu.be\/qpMGYjfG6Yk\" image_src=\"\/\/i.ytimg.com\/vi\/qpMGYjfG6Yk\/hqdefault.jpg\" _builder_version=\"4.14.6\" _module_preset=\"default\" global_colors_info=\"{}\"][\/et_pb_video][\/et_pb_column][et_pb_column type=\"1_2\" _builder_version=\"4.14.6\" _module_preset=\"default\" global_colors_info=\"{}\"][et_pb_text _builder_version=\"4.14.6\" _module_preset=\"default\" hover_enabled=\"0\" global_colors_info=\"{}\" sticky_enabled=\"0\"]<div class=\"fusion-title title fusion-title-2 fusion-sep-none fusion-title-text fusion-title-size-six\">\n<h6 class=\"title-heading-left fusion-responsive-typography-calculated\">Elisabeth M\u00e9tois, DAF et experte des projets de transformation finance<\/h6>\n<\/div>\n<div class=\"fusion-text fusion-text-2\">\n<p><strong style=\"font-size: 14px\"><\/strong><\/p>\n<p><strong style=\"font-size: 14px\">Mission :<\/strong><span style=\"font-size: 14px\"> Migration des process vers un Share services center et pilotage du projet SAP<\/span><\/p>\n<p><span><strong>Secteur d\u2019activit\u00e9 :<\/strong> Luxe<\/span><\/p>\n<p><span><strong>Type d\u2019entreprise :<\/strong> Grand groupe<\/span><\/p>\n<p><span><strong>Mots cl\u00e9s :<\/strong> ERP, SAP, Share services center, Management d'\u00e9quipes lourdes , transformation finance, management d'\u00e9quipes d\u00e9centralis\u00e9s,\u00a0 conduite du changement<\/span><\/p>\n<\/div>[\/et_pb_text][\/et_pb_column][\/et_pb_row][et_pb_row disabled_on=\"off|off|on\" _builder_version=\"4.14.6\" _module_preset=\"default\" global_colors_info=\"{}\"][et_pb_column type=\"4_4\" _builder_version=\"4.14.6\" _module_preset=\"default\" global_colors_info=\"{}\"][et_pb_video src=\"https:\/\/youtu.be\/qpMGYjfG6Yk\" image_src=\"\/\/i.ytimg.com\/vi\/qpMGYjfG6Yk\/hqdefault.jpg\" _builder_version=\"4.14.6\" _module_preset=\"default\" global_colors_info=\"{}\"][\/et_pb_video][\/et_pb_column][\/et_pb_row][et_pb_row disabled_on=\"off|off|on\" _builder_version=\"4.14.6\" _module_preset=\"default\" global_colors_info=\"{}\"][et_pb_column type=\"4_4\" _builder_version=\"4.14.6\" _module_preset=\"default\" global_colors_info=\"{}\"][et_pb_text _builder_version=\"4.14.6\" _module_preset=\"default\" global_colors_info=\"{}\"]<div class=\"fusion-title title fusion-title-2 fusion-sep-none fusion-title-text fusion-title-size-six\">\n<h6 class=\"title-heading-left fusion-responsive-typography-calculated\">Elisabeth M\u00e9tois, DAF et experte des projets de transformation finance\u00a0<\/h6>\n<\/div>\n<div class=\"fusion-text fusion-text-2\">\n<p><strong style=\"font-size: 14px\"><\/strong><\/p>\n<p><strong style=\"font-size: 14px\">Mission :<\/strong><span style=\"font-size: 14px\"> Migration des process vers un Share services center et pilotage du projet SAP<\/span><\/p>\n<p><span><strong>Secteur d\u2019activit\u00e9 :<\/strong> Luxe<\/span><\/p>\n<p><span><strong>Type d\u2019entreprise :<\/strong> Grand groupe<\/span><\/p>\n<p><span><strong>Mots cl\u00e9s :<\/strong> ERP, SAP, Share services center, Management d'\u00e9quipes lourdes , transformation finance, management d'\u00e9quipes d\u00e9centralis\u00e9s,\u00a0 conduite du changement<\/span><\/p>\n<\/div>[\/et_pb_text][et_pb_button button_url=\"https:\/\/www.eim.com\/fr\/temoignages-managers-de-transition\/\" button_text=\"Retour sur les t\u00e9moignages\" button_alignment=\"center\" _builder_version=\"4.14.6\" _module_preset=\"default\" global_colors_info=\"{}\"][\/et_pb_button][\/et_pb_column][\/et_pb_row][\/et_pb_section][et_pb_section fb_built=\"1\" _builder_version=\"3.27.4\" background_color=\"#DB9300\" custom_margin=\"0px||||false|false\" top_divider_style=\"slant\" top_divider_color=\"#FFFFFF\" top_divider_flip=\"vertical|horizontal\" bottom_divider_color=\"#ffffff\" bottom_divider_flip=\"horizontal\" global_colors_info=\"{}\"][et_pb_row _builder_version=\"3.27.4\" custom_margin=\"-46px|auto||auto||\" custom_padding=\"60px|||||\" global_colors_info=\"{}\"][et_pb_column type=\"4_4\" _builder_version=\"3.27.4\" global_colors_info=\"{}\"][et_pb_text admin_label=\"Title\" _builder_version=\"3.27.4\" text_font=\"||||||||\" text_text_color=\"#ffffff\" header_font=\"Prata||||||||\" header_2_font=\"Montserrat|700|||||||\" header_2_text_align=\"center\" header_2_font_size=\"30px\" custom_margin=\"5%||5px||false|false\" custom_padding=\"||0px|||\" animation_style=\"fade\" animation_direction=\"top\" animation_duration=\"1350ms\" animation_starting_opacity=\"100%\" inline_fonts=\"Prata,Montserrat\" global_colors_info=\"{}\"]<h3 style=\"text-align: center\"><span style=\"font-family: Montserrat;color: #ffffff\">Prenez contact avec nous<\/span><\/h3>[\/et_pb_text][\/et_pb_column][\/et_pb_row][et_pb_row column_structure=\"1_5,3_5,1_5\" _builder_version=\"3.27.4\" custom_padding=\"0px|||||\" global_colors_info=\"{}\"][et_pb_column type=\"1_5\" _builder_version=\"3.27.4\" global_colors_info=\"{}\"][\/et_pb_column][et_pb_column type=\"3_5\" _builder_version=\"3.27.4\" global_colors_info=\"{}\"][et_pb_text _builder_version=\"3.27.4\" custom_padding=\"||0px|||\" global_colors_info=\"{}\"]<p style=\"text-align: center\"><span style=\"color: #ffffff\">Vous souhaitez en savoir plus et entrer en relation avec un conseiller EIM<\/span><\/p>[\/et_pb_text][et_pb_button button_url=\"\/fr\/nous-contacter\/\" button_text=\"CONTACTEZ-NOUS\" button_alignment=\"center\" _builder_version=\"4.7.0\" background_layout=\"dark\" global_colors_info=\"{}\"][\/et_pb_button][\/et_pb_column][et_pb_column type=\"1_5\" _builder_version=\"3.27.4\" global_colors_info=\"{}\"][\/et_pb_column][\/et_pb_row][\/et_pb_section]","_et_gb_content_width":"","footnotes":""},"categories":[2284],"tags":[],"class_list":["post-13063","post","type-post","status-publish","format-standard","has-post-thumbnail","hentry","category-etudes-eim"],"yoast_head":"<!-- This site is optimized with the Yoast SEO Premium plugin v27.0 (Yoast SEO v27.4) - https:\/\/yoast.com\/product\/yoast-seo-premium-wordpress\/ -->\n<title>Paroles de dirigeants face aux d\u00e9fis de l\u2019inflation | Etude EIM Mai 2022 - EIM France<\/title>\n<meta name=\"description\" content=\"D\u00e9couvrez le t\u00e9moignage d&#039; Elisabeth M\u00e9tois, DAF, sur une mission de migration de process vers un Share services center et du pilotage d&#039;un projet SAP.\" \/>\n<meta name=\"robots\" content=\"index, follow, max-snippet:-1, max-image-preview:large, max-video-preview:-1\" \/>\n<link rel=\"canonical\" href=\"https:\/\/www.eim.com\/fr\/etudes-eim\/paroles-de-dirigeants-face-aux-defis-de-linflation-etude-eim-mai-2022\/\" \/>\n<meta property=\"og:locale\" content=\"fr_FR\" \/>\n<meta property=\"og:type\" content=\"article\" \/>\n<meta property=\"og:title\" content=\"Paroles de dirigeants face aux d\u00e9fis de l\u2019inflation | Etude EIM Mai 2022\" \/>\n<meta property=\"og:description\" content=\"D\u00e9couvrez le t\u00e9moignage d&#039; Elisabeth M\u00e9tois, DAF, sur une mission de migration de process vers un Share services center et du pilotage d&#039;un projet SAP.\" \/>\n<meta property=\"og:url\" content=\"https:\/\/www.eim.com\/fr\/etudes-eim\/paroles-de-dirigeants-face-aux-defis-de-linflation-etude-eim-mai-2022\/\" \/>\n<meta property=\"og:site_name\" content=\"EIM France\" \/>\n<meta property=\"article:published_time\" content=\"2022-05-25T10:18:55+00:00\" \/>\n<meta property=\"article:modified_time\" content=\"2024-01-12T09:45:26+00:00\" \/>\n<meta property=\"og:image\" content=\"https:\/\/www.eim.com\/fr\/wp-content\/uploads\/sites\/9\/2022\/05\/pexels-henrikas-mackevicius-4061022-scaled.jpg\" \/>\n\t<meta property=\"og:image:width\" content=\"2560\" \/>\n\t<meta property=\"og:image:height\" content=\"1707\" \/>\n\t<meta property=\"og:image:type\" content=\"image\/jpeg\" \/>\n<meta name=\"twitter:card\" content=\"summary_large_image\" \/>\n<meta name=\"twitter:label1\" content=\"\u00c9crit par\" \/>\n\t<meta name=\"twitter:data1\" content=\"\" \/>\n\t<meta name=\"twitter:label2\" content=\"Dur\u00e9e de lecture estim\u00e9e\" \/>\n\t<meta name=\"twitter:data2\" content=\"2 minutes\" \/>\n<script type=\"application\/ld+json\" class=\"yoast-schema-graph\">{\"@context\":\"https:\\\/\\\/schema.org\",\"@graph\":[{\"@type\":\"Article\",\"@id\":\"https:\\\/\\\/www.eim.com\\\/fr\\\/etudes-eim\\\/paroles-de-dirigeants-face-aux-defis-de-linflation-etude-eim-mai-2022\\\/#article\",\"isPartOf\":{\"@id\":\"https:\\\/\\\/www.eim.com\\\/fr\\\/etudes-eim\\\/paroles-de-dirigeants-face-aux-defis-de-linflation-etude-eim-mai-2022\\\/\"},\"author\":{\"name\":\"\",\"@id\":\"\"},\"headline\":\"Paroles de dirigeants face aux d\u00e9fis de l\u2019inflation | Etude EIM Mai 2022\",\"datePublished\":\"2022-05-25T10:18:55+00:00\",\"dateModified\":\"2024-01-12T09:45:26+00:00\",\"mainEntityOfPage\":{\"@id\":\"https:\\\/\\\/www.eim.com\\\/fr\\\/etudes-eim\\\/paroles-de-dirigeants-face-aux-defis-de-linflation-etude-eim-mai-2022\\\/\"},\"wordCount\":1350,\"publisher\":{\"@id\":\"https:\\\/\\\/www.eim.com\\\/fr\\\/#organization\"},\"image\":{\"@id\":\"https:\\\/\\\/www.eim.com\\\/fr\\\/etudes-eim\\\/paroles-de-dirigeants-face-aux-defis-de-linflation-etude-eim-mai-2022\\\/#primaryimage\"},\"thumbnailUrl\":\"https:\\\/\\\/www.eim.com\\\/fr\\\/wp-content\\\/uploads\\\/sites\\\/9\\\/2022\\\/05\\\/pexels-henrikas-mackevicius-4061022-scaled.jpg\",\"articleSection\":[\"\u00c9tudes EIM\"],\"inLanguage\":\"fr-FR\"},{\"@type\":\"WebPage\",\"@id\":\"https:\\\/\\\/www.eim.com\\\/fr\\\/etudes-eim\\\/paroles-de-dirigeants-face-aux-defis-de-linflation-etude-eim-mai-2022\\\/\",\"url\":\"https:\\\/\\\/www.eim.com\\\/fr\\\/etudes-eim\\\/paroles-de-dirigeants-face-aux-defis-de-linflation-etude-eim-mai-2022\\\/\",\"name\":\"Paroles de dirigeants face aux d\u00e9fis de l\u2019inflation | Etude EIM Mai 2022 - EIM France\",\"isPartOf\":{\"@id\":\"https:\\\/\\\/www.eim.com\\\/fr\\\/#website\"},\"primaryImageOfPage\":{\"@id\":\"https:\\\/\\\/www.eim.com\\\/fr\\\/etudes-eim\\\/paroles-de-dirigeants-face-aux-defis-de-linflation-etude-eim-mai-2022\\\/#primaryimage\"},\"image\":{\"@id\":\"https:\\\/\\\/www.eim.com\\\/fr\\\/etudes-eim\\\/paroles-de-dirigeants-face-aux-defis-de-linflation-etude-eim-mai-2022\\\/#primaryimage\"},\"thumbnailUrl\":\"https:\\\/\\\/www.eim.com\\\/fr\\\/wp-content\\\/uploads\\\/sites\\\/9\\\/2022\\\/05\\\/pexels-henrikas-mackevicius-4061022-scaled.jpg\",\"datePublished\":\"2022-05-25T10:18:55+00:00\",\"dateModified\":\"2024-01-12T09:45:26+00:00\",\"description\":\"D\u00e9couvrez le t\u00e9moignage d' Elisabeth M\u00e9tois, DAF, sur une mission de migration de process vers un Share services center et du pilotage d'un projet SAP.\",\"breadcrumb\":{\"@id\":\"https:\\\/\\\/www.eim.com\\\/fr\\\/etudes-eim\\\/paroles-de-dirigeants-face-aux-defis-de-linflation-etude-eim-mai-2022\\\/#breadcrumb\"},\"inLanguage\":\"fr-FR\",\"potentialAction\":[{\"@type\":\"ReadAction\",\"target\":[\"https:\\\/\\\/www.eim.com\\\/fr\\\/etudes-eim\\\/paroles-de-dirigeants-face-aux-defis-de-linflation-etude-eim-mai-2022\\\/\"]}]},{\"@type\":\"ImageObject\",\"inLanguage\":\"fr-FR\",\"@id\":\"https:\\\/\\\/www.eim.com\\\/fr\\\/etudes-eim\\\/paroles-de-dirigeants-face-aux-defis-de-linflation-etude-eim-mai-2022\\\/#primaryimage\",\"url\":\"https:\\\/\\\/www.eim.com\\\/fr\\\/wp-content\\\/uploads\\\/sites\\\/9\\\/2022\\\/05\\\/pexels-henrikas-mackevicius-4061022-scaled.jpg\",\"contentUrl\":\"https:\\\/\\\/www.eim.com\\\/fr\\\/wp-content\\\/uploads\\\/sites\\\/9\\\/2022\\\/05\\\/pexels-henrikas-mackevicius-4061022-scaled.jpg\",\"width\":2560,\"height\":1707,\"caption\":\"Etude inflation - Eim 2022\"},{\"@type\":\"BreadcrumbList\",\"@id\":\"https:\\\/\\\/www.eim.com\\\/fr\\\/etudes-eim\\\/paroles-de-dirigeants-face-aux-defis-de-linflation-etude-eim-mai-2022\\\/#breadcrumb\",\"itemListElement\":[{\"@type\":\"ListItem\",\"position\":1,\"name\":\"Home\",\"item\":\"https:\\\/\\\/www.eim.com\\\/fr\\\/\"},{\"@type\":\"ListItem\",\"position\":2,\"name\":\"Paroles de dirigeants face aux d\u00e9fis de l\u2019inflation | Etude EIM Mai 2022\"}]},{\"@type\":\"WebSite\",\"@id\":\"https:\\\/\\\/www.eim.com\\\/fr\\\/#website\",\"url\":\"https:\\\/\\\/www.eim.com\\\/fr\\\/\",\"name\":\"EIM France\",\"description\":\"Management de transition | EIM\",\"publisher\":{\"@id\":\"https:\\\/\\\/www.eim.com\\\/fr\\\/#organization\"},\"potentialAction\":[{\"@type\":\"SearchAction\",\"target\":{\"@type\":\"EntryPoint\",\"urlTemplate\":\"https:\\\/\\\/www.eim.com\\\/fr\\\/?s={search_term_string}\"},\"query-input\":{\"@type\":\"PropertyValueSpecification\",\"valueRequired\":true,\"valueName\":\"search_term_string\"}}],\"inLanguage\":\"fr-FR\"},{\"@type\":\"Organization\",\"@id\":\"https:\\\/\\\/www.eim.com\\\/fr\\\/#organization\",\"name\":\"EIM France\",\"url\":\"https:\\\/\\\/www.eim.com\\\/fr\\\/\",\"logo\":{\"@type\":\"ImageObject\",\"inLanguage\":\"fr-FR\",\"@id\":\"https:\\\/\\\/www.eim.com\\\/fr\\\/#\\\/schema\\\/logo\\\/image\\\/\",\"url\":\"https:\\\/\\\/www.eim.com\\\/fr\\\/wp-content\\\/uploads\\\/sites\\\/9\\\/2019\\\/10\\\/logo_EIM_2-e1588485874411.png\",\"contentUrl\":\"https:\\\/\\\/www.eim.com\\\/fr\\\/wp-content\\\/uploads\\\/sites\\\/9\\\/2019\\\/10\\\/logo_EIM_2-e1588485874411.png\",\"width\":300,\"height\":101,\"caption\":\"EIM France\"},\"image\":{\"@id\":\"https:\\\/\\\/www.eim.com\\\/fr\\\/#\\\/schema\\\/logo\\\/image\\\/\"}},{\"@type\":\"Person\",\"@id\":\"\",\"url\":\"https:\\\/\\\/www.eim.com\\\/fr\\\/author\\\/\"}]}<\/script>\n<!-- \/ Yoast SEO Premium plugin. -->","yoast_head_json":{"title":"Paroles de dirigeants face aux d\u00e9fis de l\u2019inflation | Etude EIM Mai 2022 - EIM France","description":"D\u00e9couvrez le t\u00e9moignage d' Elisabeth M\u00e9tois, DAF, sur une mission de migration de process vers un Share services center et du pilotage d'un projet SAP.","robots":{"index":"index","follow":"follow","max-snippet":"max-snippet:-1","max-image-preview":"max-image-preview:large","max-video-preview":"max-video-preview:-1"},"canonical":"https:\/\/www.eim.com\/fr\/etudes-eim\/paroles-de-dirigeants-face-aux-defis-de-linflation-etude-eim-mai-2022\/","og_locale":"fr_FR","og_type":"article","og_title":"Paroles de dirigeants face aux d\u00e9fis de l\u2019inflation | Etude EIM Mai 2022","og_description":"D\u00e9couvrez le t\u00e9moignage d' Elisabeth M\u00e9tois, DAF, sur une mission de migration de process vers un Share services center et du pilotage d'un projet SAP.","og_url":"https:\/\/www.eim.com\/fr\/etudes-eim\/paroles-de-dirigeants-face-aux-defis-de-linflation-etude-eim-mai-2022\/","og_site_name":"EIM France","article_published_time":"2022-05-25T10:18:55+00:00","article_modified_time":"2024-01-12T09:45:26+00:00","og_image":[{"width":2560,"height":1707,"url":"https:\/\/www.eim.com\/fr\/wp-content\/uploads\/sites\/9\/2022\/05\/pexels-henrikas-mackevicius-4061022-scaled.jpg","type":"image\/jpeg"}],"twitter_card":"summary_large_image","twitter_misc":{"\u00c9crit par":"","Dur\u00e9e de lecture estim\u00e9e":"2 minutes"},"schema":{"@context":"https:\/\/schema.org","@graph":[{"@type":"Article","@id":"https:\/\/www.eim.com\/fr\/etudes-eim\/paroles-de-dirigeants-face-aux-defis-de-linflation-etude-eim-mai-2022\/#article","isPartOf":{"@id":"https:\/\/www.eim.com\/fr\/etudes-eim\/paroles-de-dirigeants-face-aux-defis-de-linflation-etude-eim-mai-2022\/"},"author":{"name":"","@id":""},"headline":"Paroles de dirigeants face aux d\u00e9fis de l\u2019inflation | Etude EIM Mai 2022","datePublished":"2022-05-25T10:18:55+00:00","dateModified":"2024-01-12T09:45:26+00:00","mainEntityOfPage":{"@id":"https:\/\/www.eim.com\/fr\/etudes-eim\/paroles-de-dirigeants-face-aux-defis-de-linflation-etude-eim-mai-2022\/"},"wordCount":1350,"publisher":{"@id":"https:\/\/www.eim.com\/fr\/#organization"},"image":{"@id":"https:\/\/www.eim.com\/fr\/etudes-eim\/paroles-de-dirigeants-face-aux-defis-de-linflation-etude-eim-mai-2022\/#primaryimage"},"thumbnailUrl":"https:\/\/www.eim.com\/fr\/wp-content\/uploads\/sites\/9\/2022\/05\/pexels-henrikas-mackevicius-4061022-scaled.jpg","articleSection":["\u00c9tudes EIM"],"inLanguage":"fr-FR"},{"@type":"WebPage","@id":"https:\/\/www.eim.com\/fr\/etudes-eim\/paroles-de-dirigeants-face-aux-defis-de-linflation-etude-eim-mai-2022\/","url":"https:\/\/www.eim.com\/fr\/etudes-eim\/paroles-de-dirigeants-face-aux-defis-de-linflation-etude-eim-mai-2022\/","name":"Paroles de dirigeants face aux d\u00e9fis de l\u2019inflation | Etude EIM Mai 2022 - EIM France","isPartOf":{"@id":"https:\/\/www.eim.com\/fr\/#website"},"primaryImageOfPage":{"@id":"https:\/\/www.eim.com\/fr\/etudes-eim\/paroles-de-dirigeants-face-aux-defis-de-linflation-etude-eim-mai-2022\/#primaryimage"},"image":{"@id":"https:\/\/www.eim.com\/fr\/etudes-eim\/paroles-de-dirigeants-face-aux-defis-de-linflation-etude-eim-mai-2022\/#primaryimage"},"thumbnailUrl":"https:\/\/www.eim.com\/fr\/wp-content\/uploads\/sites\/9\/2022\/05\/pexels-henrikas-mackevicius-4061022-scaled.jpg","datePublished":"2022-05-25T10:18:55+00:00","dateModified":"2024-01-12T09:45:26+00:00","description":"D\u00e9couvrez le t\u00e9moignage d' Elisabeth M\u00e9tois, DAF, sur une mission de migration de process vers un Share services center et du pilotage d'un projet SAP.","breadcrumb":{"@id":"https:\/\/www.eim.com\/fr\/etudes-eim\/paroles-de-dirigeants-face-aux-defis-de-linflation-etude-eim-mai-2022\/#breadcrumb"},"inLanguage":"fr-FR","potentialAction":[{"@type":"ReadAction","target":["https:\/\/www.eim.com\/fr\/etudes-eim\/paroles-de-dirigeants-face-aux-defis-de-linflation-etude-eim-mai-2022\/"]}]},{"@type":"ImageObject","inLanguage":"fr-FR","@id":"https:\/\/www.eim.com\/fr\/etudes-eim\/paroles-de-dirigeants-face-aux-defis-de-linflation-etude-eim-mai-2022\/#primaryimage","url":"https:\/\/www.eim.com\/fr\/wp-content\/uploads\/sites\/9\/2022\/05\/pexels-henrikas-mackevicius-4061022-scaled.jpg","contentUrl":"https:\/\/www.eim.com\/fr\/wp-content\/uploads\/sites\/9\/2022\/05\/pexels-henrikas-mackevicius-4061022-scaled.jpg","width":2560,"height":1707,"caption":"Etude inflation - Eim 2022"},{"@type":"BreadcrumbList","@id":"https:\/\/www.eim.com\/fr\/etudes-eim\/paroles-de-dirigeants-face-aux-defis-de-linflation-etude-eim-mai-2022\/#breadcrumb","itemListElement":[{"@type":"ListItem","position":1,"name":"Home","item":"https:\/\/www.eim.com\/fr\/"},{"@type":"ListItem","position":2,"name":"Paroles de dirigeants face aux d\u00e9fis de l\u2019inflation | Etude EIM Mai 2022"}]},{"@type":"WebSite","@id":"https:\/\/www.eim.com\/fr\/#website","url":"https:\/\/www.eim.com\/fr\/","name":"EIM France","description":"Management de transition | EIM","publisher":{"@id":"https:\/\/www.eim.com\/fr\/#organization"},"potentialAction":[{"@type":"SearchAction","target":{"@type":"EntryPoint","urlTemplate":"https:\/\/www.eim.com\/fr\/?s={search_term_string}"},"query-input":{"@type":"PropertyValueSpecification","valueRequired":true,"valueName":"search_term_string"}}],"inLanguage":"fr-FR"},{"@type":"Organization","@id":"https:\/\/www.eim.com\/fr\/#organization","name":"EIM France","url":"https:\/\/www.eim.com\/fr\/","logo":{"@type":"ImageObject","inLanguage":"fr-FR","@id":"https:\/\/www.eim.com\/fr\/#\/schema\/logo\/image\/","url":"https:\/\/www.eim.com\/fr\/wp-content\/uploads\/sites\/9\/2019\/10\/logo_EIM_2-e1588485874411.png","contentUrl":"https:\/\/www.eim.com\/fr\/wp-content\/uploads\/sites\/9\/2019\/10\/logo_EIM_2-e1588485874411.png","width":300,"height":101,"caption":"EIM France"},"image":{"@id":"https:\/\/www.eim.com\/fr\/#\/schema\/logo\/image\/"}},{"@type":"Person","@id":"","url":"https:\/\/www.eim.com\/fr\/author\/"}]}},"_links":{"self":[{"href":"https:\/\/www.eim.com\/fr\/wp-json\/wp\/v2\/posts\/13063","targetHints":{"allow":["GET"]}}],"collection":[{"href":"https:\/\/www.eim.com\/fr\/wp-json\/wp\/v2\/posts"}],"about":[{"href":"https:\/\/www.eim.com\/fr\/wp-json\/wp\/v2\/types\/post"}],"author":[{"embeddable":true,"href":"https:\/\/www.eim.com\/fr\/wp-json\/wp\/v2\/users\/133"}],"replies":[{"embeddable":true,"href":"https:\/\/www.eim.com\/fr\/wp-json\/wp\/v2\/comments?post=13063"}],"version-history":[{"count":0,"href":"https:\/\/www.eim.com\/fr\/wp-json\/wp\/v2\/posts\/13063\/revisions"}],"wp:featuredmedia":[{"embeddable":true,"href":"https:\/\/www.eim.com\/fr\/wp-json\/wp\/v2\/media\/13107"}],"wp:attachment":[{"href":"https:\/\/www.eim.com\/fr\/wp-json\/wp\/v2\/media?parent=13063"}],"wp:term":[{"taxonomy":"category","embeddable":true,"href":"https:\/\/www.eim.com\/fr\/wp-json\/wp\/v2\/categories?post=13063"},{"taxonomy":"post_tag","embeddable":true,"href":"https:\/\/www.eim.com\/fr\/wp-json\/wp\/v2\/tags?post=13063"}],"curies":[{"name":"wp","href":"https:\/\/api.w.org\/{rel}","templated":true}]}}