{"id":258,"date":"2019-03-15T15:51:07","date_gmt":"2019-03-15T15:51:07","guid":{"rendered":"https:\/\/eimworld.wpengine.com\/es\/?p=258"},"modified":"2023-03-16T17:56:18","modified_gmt":"2023-03-16T17:56:18","slug":"primer-evento-virtual-eim-2","status":"publish","type":"post","link":"https:\/\/www.eim.com\/es\/eventos\/virtual\/primer-evento-virtual-eim-2\/","title":{"rendered":"Primer Evento Virtual EIM 2 abril: De alto directivo a consejero y empresario"},"content":{"rendered":"<p>[et_pb_section fb_built=&#8221;1&#8243; admin_label=&#8221;Hero Section&#8221; _builder_version=&#8221;4.16&#8243; use_background_color_gradient=&#8221;on&#8221; background_color_gradient_stops=&#8221;rgba(0,0,0,0.4) 0%|rgba(0,0,0,0.4) 100%&#8221; background_color_gradient_overlays_image=&#8221;on&#8221; background_color_gradient_start=&#8221;rgba(0,0,0,0.4)&#8221; background_color_gradient_end=&#8221;rgba(0,0,0,0.4)&#8221; background_image=&#8221;https:\/\/eimworld.wpengine.com\/es\/wp-content\/uploads\/sites\/10\/2019\/10\/chris-barbalis-IQMG9KbT4yE-unsplash-1.jpg&#8221; height=&#8221;520px&#8221; custom_padding=&#8221;6%||0%|||&#8221; bottom_divider_style=&#8221;slant&#8221; bottom_divider_color=&#8221;#ffffff&#8221; bottom_divider_height=&#8221;150px&#8221; bottom_divider_flip=&#8221;horizontal&#8221; global_colors_info=&#8221;{}&#8221; background_color_gradient_direction__hover=&#8221;180deg&#8221; background_color_gradient_direction__hover_enabled=&#8221;180deg&#8221; background_color_gradient_start_position__hover=&#8221;0%&#8221; background_color_gradient_start_position__hover_enabled=&#8221;0%&#8221; background_color_gradient_end_position__hover=&#8221;100%&#8221; background_color_gradient_end_position__hover_enabled=&#8221;100%&#8221; background_color_gradient_stops__hover=&#8221;rgba(0,0,0,0.4) 0%|rgba(0,0,0,0.4) 100%&#8221;][et_pb_row disabled_on=&#8221;off|off|off&#8221; admin_label=&#8221;Page Title Area&#8221; _builder_version=&#8221;4.16&#8243; width=&#8221;100%&#8221; max_width=&#8221;2560px&#8221; module_alignment=&#8221;center&#8221; custom_margin=&#8221;-2%|auto|0px|auto|false|false&#8221; custom_padding=&#8221;0px|||||&#8221; global_colors_info=&#8221;{}&#8221;][et_pb_column type=&#8221;4_4&#8243; _builder_version=&#8221;4.16&#8243; custom_padding=&#8221;|||&#8221; global_colors_info=&#8221;{}&#8221; custom_padding__hover=&#8221;|||&#8221;][et_pb_text _builder_version=&#8221;4.16&#8243; text_font=&#8221;|600|||||||&#8221; text_text_color=&#8221;#ffffff&#8221; text_font_size=&#8221;18px&#8221; global_colors_info=&#8221;{}&#8221;]<\/p>\n<p style=\"text-align: center;\">EVENTOS<\/p>\n<p>[\/et_pb_text][et_pb_text _builder_version=&#8221;4.16&#8243; text_font=&#8221;|600|||||||&#8221; text_text_color=&#8221;#ffffff&#8221; text_font_size=&#8221;33px&#8221; background_layout=&#8221;dark&#8221; global_colors_info=&#8221;{}&#8221;]<\/p>\n<p style=\"text-align: center;\">Primer Evento Virtual EIM 2 abril: <br \/>De alto directivo a consejero y empresario<\/p>\n<p>[\/et_pb_text][\/et_pb_column][\/et_pb_row][\/et_pb_section][et_pb_section fb_built=&#8221;1&#8243; _builder_version=&#8221;4.16&#8243; custom_margin=&#8221;||||false|false&#8221; custom_padding=&#8221;2px||2px||true|false&#8221; bottom_divider_color=&#8221;#d68804&#8243; global_colors_info=&#8221;{}&#8221;][et_pb_row admin_label=&#8221;Title Area&#8221; _builder_version=&#8221;4.16&#8243; background_color=&#8221;rgba(0,0,0,0)&#8221; width=&#8221;100%&#8221; module_alignment=&#8221;center&#8221; custom_margin=&#8221;||||false|false&#8221; custom_padding=&#8221;0px|0px|0px|0px|false|false&#8221; global_colors_info=&#8221;{}&#8221;][et_pb_column type=&#8221;4_4&#8243; _builder_version=&#8221;4.16&#8243; custom_padding=&#8221;|||&#8221; global_colors_info=&#8221;{}&#8221; custom_padding__hover=&#8221;|||&#8221;][et_pb_text _builder_version=&#8221;4.16&#8243; text_font=&#8221;||||||||&#8221; text_font_size=&#8221;16px&#8221; header_font=&#8221;||||||||&#8221; max_width=&#8221;90%&#8221; module_alignment=&#8221;center&#8221; custom_margin=&#8221;3%|0px|5%|0px|false|false&#8221; custom_padding=&#8221;|2%|0px|2%|false|false&#8221; animation_style=&#8221;flip&#8221; animation_direction=&#8221;left&#8221; animation_intensity_flip=&#8221;30%&#8221; animation_starting_opacity=&#8221;100%&#8221; global_colors_info=&#8221;{}&#8221;]<\/p>\n<div style=\"text-align: justify;\">El pr\u00f3ximo d\u00eda 2 de abril a las 17:00 horas tendr\u00e1 lugar el primer evento Virtual de<span>\u00a0<\/span><span class=\"m_-4379704150384739377gmail-il\">EIM<span>\u00a0<\/span><\/span><strong>\u00abDe Alto Directivo a Consejero y Empresario\u00bb<span>\u00a0<\/span><\/strong>de la mano del empresario de \u00e9xito<strong><span>\u00a0<\/span>Alfredo Ruiz-Plaza.<\/strong><\/div>\n<div style=\"text-align: justify;\"><\/div>\n<div style=\"text-align: justify;\">Nos gustar\u00eda contar con usted entre nuestros invitados. Si desea recibir la invitaci\u00f3n al evento, rellene el siguiente formulario y se la haremos llegar junto al acceso a la plataforma virtual desde la que podr\u00e1 asistir al evento sin necesidad de desplazarse.<\/div>\n<div style=\"text-align: justify;\"><\/div>\n<div style=\"text-align: justify;\"><\/div>\n<div style=\"text-align: justify;\">\u00a1Reserve la fecha en su calendario!<\/div>\n<p>[\/et_pb_text][et_pb_image src=&#8221;https:\/\/eimworld.wpengine.com\/es\/wp-content\/uploads\/sites\/10\/2019\/10\/cabecera-rv1-eim.png&#8221; align=&#8221;center&#8221; _builder_version=&#8221;4.16&#8243; max_width=&#8221;90%&#8221; module_alignment=&#8221;center&#8221; global_colors_info=&#8221;{}&#8221;][\/et_pb_image][et_pb_text _builder_version=&#8221;4.16&#8243; text_font=&#8221;||||||||&#8221; text_font_size=&#8221;16px&#8221; header_font=&#8221;||||||||&#8221; max_width=&#8221;90%&#8221; module_alignment=&#8221;center&#8221; custom_margin=&#8221;3%|0px|0%|0px|false|false&#8221; custom_padding=&#8221;|2%|0px|2%|false|false&#8221; animation_style=&#8221;flip&#8221; animation_direction=&#8221;left&#8221; animation_intensity_flip=&#8221;30%&#8221; animation_starting_opacity=&#8221;100%&#8221; global_colors_info=&#8221;{}&#8221;]<\/p>\n<h3 style=\"color: #002c3e; text-align: center;\">Registro Evento Virtual<\/h3>\n<p>&nbsp;<\/p>\n<p>[\/et_pb_text][\/et_pb_column][\/et_pb_row][et_pb_row admin_label=&#8221;Title Area&#8221; _builder_version=&#8221;4.16&#8243; background_color=&#8221;rgba(0,0,0,0)&#8221; module_alignment=&#8221;center&#8221; custom_margin=&#8221;||||false|false&#8221; custom_padding=&#8221;3%|0px|0.2%|0px|false|false&#8221; global_colors_info=&#8221;{}&#8221;][et_pb_column type=&#8221;4_4&#8243; _builder_version=&#8221;4.16&#8243; custom_padding=&#8221;|||&#8221; global_colors_info=&#8221;{}&#8221; custom_padding__hover=&#8221;|||&#8221;][et_pb_code _builder_version=&#8221;4.16&#8243; width=&#8221;90%&#8221; module_alignment=&#8221;center&#8221; global_colors_info=&#8221;{}&#8221;]<div class=\"wpforms-container wpforms-container-full\" id=\"wpforms-411\"><form id=\"wpforms-form-411\" class=\"wpforms-validate wpforms-form\" data-formid=\"411\" method=\"post\" enctype=\"multipart\/form-data\" action=\"\/es\/wp-json\/wp\/v2\/posts\/258\" data-token=\"61c4bb09e28dccff5fb398d4f1604f92\" data-token-time=\"1777452952\"><noscript class=\"wpforms-error-noscript\">Por favor, activa JavaScript en tu navegador para completar este formulario.<\/noscript><div class=\"wpforms-field-container\"><div id=\"wpforms-411-field_0-container\" class=\"wpforms-field wpforms-field-name\" data-field-id=\"0\"><label class=\"wpforms-field-label\" for=\"wpforms-411-field_0\">Nombre <span class=\"wpforms-required-label\">*<\/span><\/label><input type=\"text\" id=\"wpforms-411-field_0\" class=\"wpforms-field-large wpforms-field-required\" name=\"wpforms[fields][0]\" required><\/div><div id=\"wpforms-411-field_3-container\" class=\"wpforms-field wpforms-field-name\" data-field-id=\"3\"><label class=\"wpforms-field-label\" for=\"wpforms-411-field_3\">Apellido <span class=\"wpforms-required-label\">*<\/span><\/label><input type=\"text\" id=\"wpforms-411-field_3\" class=\"wpforms-field-large wpforms-field-required\" name=\"wpforms[fields][3]\" required><\/div><div id=\"wpforms-411-field_10-container\" class=\"wpforms-field wpforms-field-name\" data-field-id=\"10\"><label class=\"wpforms-field-label\" for=\"wpforms-411-field_10\">Empresa <span class=\"wpforms-required-label\">*<\/span><\/label><input type=\"text\" id=\"wpforms-411-field_10\" class=\"wpforms-field-large wpforms-field-required\" name=\"wpforms[fields][10]\" required><\/div><div id=\"wpforms-411-field_1-container\" class=\"wpforms-field wpforms-field-email\" data-field-id=\"1\"><label class=\"wpforms-field-label\" for=\"wpforms-411-field_1\">Email <span class=\"wpforms-required-label\">*<\/span><\/label><input type=\"email\" id=\"wpforms-411-field_1\" class=\"wpforms-field-large wpforms-field-required\" name=\"wpforms[fields][1]\" spellcheck=\"false\" required><\/div><div id=\"wpforms-411-field_4-container\" class=\"wpforms-field wpforms-field-phone\" data-field-id=\"4\"><label class=\"wpforms-field-label\" for=\"wpforms-411-field_4\">Tel\u00e9fono <span class=\"wpforms-required-label\">*<\/span><\/label><input type=\"tel\" id=\"wpforms-411-field_4\" class=\"wpforms-field-large wpforms-field-required wpforms-smart-phone-field\" data-rule-smart-phone-field=\"true\" name=\"wpforms[fields][4]\" aria-label=\"Tel\u00e9fono\" required><\/div><div id=\"wpforms-411-field_6-container\" class=\"wpforms-field wpforms-field-radio\" data-field-id=\"6\"><label class=\"wpforms-field-label\">Pol\u00edtica de Privacidad <span class=\"wpforms-required-label\">*<\/span><\/label><ul id=\"wpforms-411-field_6\" class=\"wpforms-field-required\"><li class=\"choice-3 depth-1\"><input type=\"radio\" id=\"wpforms-411-field_6_3\" name=\"wpforms[fields][6]\" value=\"Acepto\" required ><label class=\"wpforms-field-label-inline\" for=\"wpforms-411-field_6_3\">Acepto<\/label><\/li><\/ul><div class=\"wpforms-field-description\">Lee la <a title=\"in HTML.it puoi trovare risorse per webmaster\"\r\nhref=\"\/es\/privacy-policy\/\" target=\"_blank\" >\r\nPol\u00edtica de Privacidad\r\n<\/a><\/div><\/div><\/div><!-- .wpforms-field-container --><div class=\"wpforms-field wpforms-field-hp\"><label for=\"wpforms-411-field-hp\" class=\"wpforms-field-label\">Comment<\/label><input type=\"text\" name=\"wpforms[hp]\" id=\"wpforms-411-field-hp\" class=\"wpforms-field-medium\"><\/div><div class=\"wpforms-submit-container\" ><input type=\"hidden\" name=\"wpforms[id]\" value=\"411\"><input type=\"hidden\" name=\"page_title\" value=\"\"><input type=\"hidden\" name=\"page_url\" value=\"https:\/\/www.eim.com\/es\/wp-json\/wp\/v2\/posts\/258\"><input type=\"hidden\" name=\"url_referer\" value=\"\"><button type=\"submit\" name=\"wpforms[submit]\" id=\"wpforms-submit-411\" class=\"wpforms-submit\" data-alt-text=\"...\" data-submit-text=\"ENVIAR\" aria-live=\"assertive\" value=\"wpforms-submit\">ENVIAR<\/button><\/div><\/form><\/div>  <!-- .wpforms-container -->[\/et_pb_code][\/et_pb_column][\/et_pb_row][\/et_pb_section][et_pb_section fb_built=&#8221;1&#8243; _builder_version=&#8221;4.19.3&#8243; background_color=&#8221;#D68804&#8243; custom_margin=&#8221;47px||-52px||false|false&#8221; top_divider_style=&#8221;slant&#8221; top_divider_color=&#8221;#ffffff&#8221; top_divider_flip=&#8221;vertical&#8221; bottom_divider_color=&#8221;#ffffff&#8221; bottom_divider_flip=&#8221;horizontal&#8221; hover_enabled=&#8221;0&#8243; global_colors_info=&#8221;{}&#8221; sticky_enabled=&#8221;0&#8243;][et_pb_row _builder_version=&#8221;4.16&#8243; custom_margin=&#8221;-46px|auto||auto||&#8221; custom_padding=&#8221;60px|||||&#8221; global_colors_info=&#8221;{}&#8221;][et_pb_column type=&#8221;4_4&#8243; _builder_version=&#8221;4.16&#8243; global_colors_info=&#8221;{}&#8221;][et_pb_text admin_label=&#8221;Title&#8221; _builder_version=&#8221;4.16&#8243; text_font=&#8221;||||||||&#8221; text_text_color=&#8221;#ffffff&#8221; header_font=&#8221;Prata||||||||&#8221; header_2_font=&#8221;Montserrat|700|||||||&#8221; header_2_text_align=&#8221;center&#8221; header_2_font_size=&#8221;30px&#8221; custom_margin=&#8221;5%||5px||false|false&#8221; custom_padding=&#8221;||0px|||&#8221; animation_style=&#8221;fade&#8221; animation_direction=&#8221;top&#8221; animation_duration=&#8221;1350ms&#8221; animation_starting_opacity=&#8221;100%&#8221; inline_fonts=&#8221;Prata,Montserrat&#8221; global_colors_info=&#8221;{}&#8221;]<\/p>\n<h2><span style=\"font-family: Montserrat; color: #ffffff;\"><br \/>\nP\u00f3ngase en contacto con nosotros<br \/>\n<\/span><\/h2>\n<p>[\/et_pb_text][\/et_pb_column][\/et_pb_row][et_pb_row column_structure=&#8221;1_5,3_5,1_5&#8243; _builder_version=&#8221;4.16&#8243; custom_margin=&#8221;|auto|5%|auto|false|false&#8221; custom_padding=&#8221;0px|||||&#8221; global_colors_info=&#8221;{}&#8221;][et_pb_column type=&#8221;1_5&#8243; _builder_version=&#8221;4.16&#8243; global_colors_info=&#8221;{}&#8221;][\/et_pb_column][et_pb_column type=&#8221;3_5&#8243; _builder_version=&#8221;4.16&#8243; global_colors_info=&#8221;{}&#8221;][et_pb_text _builder_version=&#8221;4.16&#8243; custom_padding=&#8221;||0px|||&#8221; global_colors_info=&#8221;{}&#8221;]<\/p>\n<p style=\"text-align: center;\"><span style=\"color: #ffffff;\">Juntos podemos encontrar la soluci\u00f3n que est\u00e1 buscando.<\/span><\/p>\n<p>[\/et_pb_text][et_pb_button button_url=&#8221;@ET-DC@eyJkeW5hbWljIjp0cnVlLCJjb250ZW50IjoicG9zdF9saW5rX3VybF9wYWdlIiwic2V0dGluZ3MiOnsicG9zdF9pZCI6IjExOCJ9fQ==@&#8221; button_text=&#8221;CONT\u00c1CTENOS&#8221; button_alignment=&#8221;center&#8221; _builder_version=&#8221;4.16&#8243; _dynamic_attributes=&#8221;button_url&#8221; background_layout=&#8221;dark&#8221; global_colors_info=&#8221;{}&#8221;][\/et_pb_button][\/et_pb_column][et_pb_column type=&#8221;1_5&#8243; _builder_version=&#8221;4.16&#8243; global_colors_info=&#8221;{}&#8221;][\/et_pb_column][\/et_pb_row][\/et_pb_section]<\/p>\n","protected":false},"excerpt":{"rendered":"<p>EVENTOSPrimer Evento Virtual EIM 2 abril: De alto directivo a consejero y empresarioEl pr\u00f3ximo d\u00eda 2 de abril a las 17:00 horas tendr\u00e1 lugar el primer evento Virtual de\u00a0EIM\u00a0\u00abDe Alto Directivo a Consejero y Empresario\u00bb\u00a0de la mano del empresario de \u00e9xito\u00a0Alfredo Ruiz-Plaza. Nos gustar\u00eda contar con usted entre nuestros invitados. Si desea recibir la invitaci\u00f3n [&hellip;]<\/p>\n","protected":false},"author":2,"featured_media":260,"comment_status":"closed","ping_status":"closed","sticky":false,"template":"","format":"standard","meta":{"_et_pb_use_builder":"on","_et_pb_old_content":"","_et_gb_content_width":"","footnotes":""},"categories":[351],"tags":[],"class_list":["post-258","post","type-post","status-publish","format-standard","has-post-thumbnail","hentry","category-virtual"],"yoast_head":"<!-- This site is optimized with the Yoast SEO Premium plugin v27.5 (Yoast SEO v27.5) - https:\/\/yoast.com\/product\/yoast-seo-premium-wordpress\/ -->\n<title>Primer Evento Virtual EIM 2 abril: De alto directivo a consejero y empresario - Interim Management | EIM Spain<\/title>\n<meta name=\"robots\" content=\"index, follow, max-snippet:-1, max-image-preview:large, max-video-preview:-1\" \/>\n<link rel=\"canonical\" href=\"https:\/\/www.eim.com\/es\/eventos\/virtual\/primer-evento-virtual-eim-2\/\" \/>\n<meta property=\"og:locale\" content=\"es_ES\" \/>\n<meta property=\"og:type\" content=\"article\" \/>\n<meta property=\"og:title\" content=\"Primer Evento Virtual EIM 2 abril: De alto directivo a consejero y empresario\" \/>\n<meta property=\"og:description\" content=\"EVENTOSPrimer Evento Virtual EIM 2 abril: De alto directivo a consejero y empresarioEl pr\u00f3ximo d\u00eda 2 de abril a las 17:00 horas tendr\u00e1 lugar el primer evento Virtual de\u00a0EIM\u00a0\u00abDe Alto Directivo a Consejero y Empresario\u00bb\u00a0de la mano del empresario de \u00e9xito\u00a0Alfredo Ruiz-Plaza. Nos gustar\u00eda contar con usted entre nuestros invitados. Si desea recibir la invitaci\u00f3n [&hellip;]\" \/>\n<meta property=\"og:url\" content=\"https:\/\/www.eim.com\/es\/eventos\/virtual\/primer-evento-virtual-eim-2\/\" \/>\n<meta property=\"og:site_name\" content=\"Interim Management | EIM Spain\" \/>\n<meta property=\"article:published_time\" content=\"2019-03-15T15:51:07+00:00\" \/>\n<meta property=\"article:modified_time\" content=\"2023-03-16T17:56:18+00:00\" \/>\n<meta property=\"og:image\" content=\"https:\/\/www.eim.com\/es\/wp-content\/uploads\/sites\/10\/2019\/10\/cabecera-rv1-eim.png\" \/>\n\t<meta property=\"og:image:width\" content=\"640\" \/>\n\t<meta property=\"og:image:height\" content=\"219\" \/>\n\t<meta property=\"og:image:type\" content=\"image\/png\" \/>\n<meta name=\"author\" content=\"eimworld\" \/>\n<meta name=\"twitter:card\" content=\"summary_large_image\" \/>\n<meta name=\"twitter:label1\" content=\"Escrito por\" \/>\n\t<meta name=\"twitter:data1\" content=\"eimworld\" \/>\n\t<meta name=\"twitter:label2\" content=\"Tiempo de lectura\" \/>\n\t<meta name=\"twitter:data2\" content=\"2 minutos\" \/>\n<script type=\"application\/ld+json\" class=\"yoast-schema-graph\">{\"@context\":\"https:\\\/\\\/schema.org\",\"@graph\":[{\"@type\":\"Article\",\"@id\":\"https:\\\/\\\/www.eim.com\\\/es\\\/eventos\\\/virtual\\\/primer-evento-virtual-eim-2\\\/#article\",\"isPartOf\":{\"@id\":\"https:\\\/\\\/www.eim.com\\\/es\\\/eventos\\\/virtual\\\/primer-evento-virtual-eim-2\\\/\"},\"author\":{\"name\":\"eimworld\",\"@id\":\"https:\\\/\\\/www.eim.com\\\/es\\\/#\\\/schema\\\/person\\\/82c5e4b03b7af649944ed10552319b91\"},\"headline\":\"Primer Evento Virtual EIM 2 abril: De alto directivo a consejero y empresario\",\"datePublished\":\"2019-03-15T15:51:07+00:00\",\"dateModified\":\"2023-03-16T17:56:18+00:00\",\"mainEntityOfPage\":{\"@id\":\"https:\\\/\\\/www.eim.com\\\/es\\\/eventos\\\/virtual\\\/primer-evento-virtual-eim-2\\\/\"},\"wordCount\":878,\"image\":{\"@id\":\"https:\\\/\\\/www.eim.com\\\/es\\\/eventos\\\/virtual\\\/primer-evento-virtual-eim-2\\\/#primaryimage\"},\"thumbnailUrl\":\"https:\\\/\\\/www.eim.com\\\/es\\\/wp-content\\\/uploads\\\/sites\\\/10\\\/2019\\\/10\\\/cabecera-rv1-eim.png\",\"articleSection\":[\"Evento virtual\"],\"inLanguage\":\"es\"},{\"@type\":\"WebPage\",\"@id\":\"https:\\\/\\\/www.eim.com\\\/es\\\/eventos\\\/virtual\\\/primer-evento-virtual-eim-2\\\/\",\"url\":\"https:\\\/\\\/www.eim.com\\\/es\\\/eventos\\\/virtual\\\/primer-evento-virtual-eim-2\\\/\",\"name\":\"Primer Evento Virtual EIM 2 abril: De alto directivo a consejero y empresario - Interim Management | EIM Spain\",\"isPartOf\":{\"@id\":\"https:\\\/\\\/www.eim.com\\\/es\\\/#website\"},\"primaryImageOfPage\":{\"@id\":\"https:\\\/\\\/www.eim.com\\\/es\\\/eventos\\\/virtual\\\/primer-evento-virtual-eim-2\\\/#primaryimage\"},\"image\":{\"@id\":\"https:\\\/\\\/www.eim.com\\\/es\\\/eventos\\\/virtual\\\/primer-evento-virtual-eim-2\\\/#primaryimage\"},\"thumbnailUrl\":\"https:\\\/\\\/www.eim.com\\\/es\\\/wp-content\\\/uploads\\\/sites\\\/10\\\/2019\\\/10\\\/cabecera-rv1-eim.png\",\"datePublished\":\"2019-03-15T15:51:07+00:00\",\"dateModified\":\"2023-03-16T17:56:18+00:00\",\"author\":{\"@id\":\"https:\\\/\\\/www.eim.com\\\/es\\\/#\\\/schema\\\/person\\\/82c5e4b03b7af649944ed10552319b91\"},\"breadcrumb\":{\"@id\":\"https:\\\/\\\/www.eim.com\\\/es\\\/eventos\\\/virtual\\\/primer-evento-virtual-eim-2\\\/#breadcrumb\"},\"inLanguage\":\"es\",\"potentialAction\":[{\"@type\":\"ReadAction\",\"target\":[\"https:\\\/\\\/www.eim.com\\\/es\\\/eventos\\\/virtual\\\/primer-evento-virtual-eim-2\\\/\"]}]},{\"@type\":\"ImageObject\",\"inLanguage\":\"es\",\"@id\":\"https:\\\/\\\/www.eim.com\\\/es\\\/eventos\\\/virtual\\\/primer-evento-virtual-eim-2\\\/#primaryimage\",\"url\":\"https:\\\/\\\/www.eim.com\\\/es\\\/wp-content\\\/uploads\\\/sites\\\/10\\\/2019\\\/10\\\/cabecera-rv1-eim.png\",\"contentUrl\":\"https:\\\/\\\/www.eim.com\\\/es\\\/wp-content\\\/uploads\\\/sites\\\/10\\\/2019\\\/10\\\/cabecera-rv1-eim.png\",\"width\":640,\"height\":219},{\"@type\":\"BreadcrumbList\",\"@id\":\"https:\\\/\\\/www.eim.com\\\/es\\\/eventos\\\/virtual\\\/primer-evento-virtual-eim-2\\\/#breadcrumb\",\"itemListElement\":[{\"@type\":\"ListItem\",\"position\":1,\"name\":\"Home\",\"item\":\"https:\\\/\\\/www.eim.com\\\/es\\\/\"},{\"@type\":\"ListItem\",\"position\":2,\"name\":\"Primer Evento Virtual EIM 2 abril: De alto directivo a consejero y empresario\"}]},{\"@type\":\"WebSite\",\"@id\":\"https:\\\/\\\/www.eim.com\\\/es\\\/#website\",\"url\":\"https:\\\/\\\/www.eim.com\\\/es\\\/\",\"name\":\"Interim Management | EIM Spain\",\"description\":\"El interim manager que su empresa necesita\",\"potentialAction\":[{\"@type\":\"SearchAction\",\"target\":{\"@type\":\"EntryPoint\",\"urlTemplate\":\"https:\\\/\\\/www.eim.com\\\/es\\\/?s={search_term_string}\"},\"query-input\":{\"@type\":\"PropertyValueSpecification\",\"valueRequired\":true,\"valueName\":\"search_term_string\"}}],\"inLanguage\":\"es\"},{\"@type\":\"Person\",\"@id\":\"https:\\\/\\\/www.eim.com\\\/es\\\/#\\\/schema\\\/person\\\/82c5e4b03b7af649944ed10552319b91\",\"name\":\"eimworld\",\"image\":{\"@type\":\"ImageObject\",\"inLanguage\":\"es\",\"@id\":\"https:\\\/\\\/secure.gravatar.com\\\/avatar\\\/06dc2838cb0c066488cdb4b104beba474e6305a2d11cbb1fb7353f876daae9f3?s=96&d=mm&r=g\",\"url\":\"https:\\\/\\\/secure.gravatar.com\\\/avatar\\\/06dc2838cb0c066488cdb4b104beba474e6305a2d11cbb1fb7353f876daae9f3?s=96&d=mm&r=g\",\"contentUrl\":\"https:\\\/\\\/secure.gravatar.com\\\/avatar\\\/06dc2838cb0c066488cdb4b104beba474e6305a2d11cbb1fb7353f876daae9f3?s=96&d=mm&r=g\",\"caption\":\"eimworld\"},\"sameAs\":[\"https:\\\/\\\/eimworld.wpengine.com\"],\"url\":\"https:\\\/\\\/www.eim.com\\\/es\\\/author\\\/eimworld\\\/\"}]}<\/script>\n<!-- \/ Yoast SEO Premium plugin. -->","yoast_head_json":{"title":"Primer Evento Virtual EIM 2 abril: De alto directivo a consejero y empresario - Interim Management | EIM Spain","robots":{"index":"index","follow":"follow","max-snippet":"max-snippet:-1","max-image-preview":"max-image-preview:large","max-video-preview":"max-video-preview:-1"},"canonical":"https:\/\/www.eim.com\/es\/eventos\/virtual\/primer-evento-virtual-eim-2\/","og_locale":"es_ES","og_type":"article","og_title":"Primer Evento Virtual EIM 2 abril: De alto directivo a consejero y empresario","og_description":"EVENTOSPrimer Evento Virtual EIM 2 abril: De alto directivo a consejero y empresarioEl pr\u00f3ximo d\u00eda 2 de abril a las 17:00 horas tendr\u00e1 lugar el primer evento Virtual de\u00a0EIM\u00a0\u00abDe Alto Directivo a Consejero y Empresario\u00bb\u00a0de la mano del empresario de \u00e9xito\u00a0Alfredo Ruiz-Plaza. Nos gustar\u00eda contar con usted entre nuestros invitados. Si desea recibir la invitaci\u00f3n [&hellip;]","og_url":"https:\/\/www.eim.com\/es\/eventos\/virtual\/primer-evento-virtual-eim-2\/","og_site_name":"Interim Management | EIM Spain","article_published_time":"2019-03-15T15:51:07+00:00","article_modified_time":"2023-03-16T17:56:18+00:00","og_image":[{"width":640,"height":219,"url":"https:\/\/www.eim.com\/es\/wp-content\/uploads\/sites\/10\/2019\/10\/cabecera-rv1-eim.png","type":"image\/png"}],"author":"eimworld","twitter_card":"summary_large_image","twitter_misc":{"Escrito por":"eimworld","Tiempo de lectura":"2 minutos"},"schema":{"@context":"https:\/\/schema.org","@graph":[{"@type":"Article","@id":"https:\/\/www.eim.com\/es\/eventos\/virtual\/primer-evento-virtual-eim-2\/#article","isPartOf":{"@id":"https:\/\/www.eim.com\/es\/eventos\/virtual\/primer-evento-virtual-eim-2\/"},"author":{"name":"eimworld","@id":"https:\/\/www.eim.com\/es\/#\/schema\/person\/82c5e4b03b7af649944ed10552319b91"},"headline":"Primer Evento Virtual EIM 2 abril: De alto directivo a consejero y empresario","datePublished":"2019-03-15T15:51:07+00:00","dateModified":"2023-03-16T17:56:18+00:00","mainEntityOfPage":{"@id":"https:\/\/www.eim.com\/es\/eventos\/virtual\/primer-evento-virtual-eim-2\/"},"wordCount":878,"image":{"@id":"https:\/\/www.eim.com\/es\/eventos\/virtual\/primer-evento-virtual-eim-2\/#primaryimage"},"thumbnailUrl":"https:\/\/www.eim.com\/es\/wp-content\/uploads\/sites\/10\/2019\/10\/cabecera-rv1-eim.png","articleSection":["Evento virtual"],"inLanguage":"es"},{"@type":"WebPage","@id":"https:\/\/www.eim.com\/es\/eventos\/virtual\/primer-evento-virtual-eim-2\/","url":"https:\/\/www.eim.com\/es\/eventos\/virtual\/primer-evento-virtual-eim-2\/","name":"Primer Evento Virtual EIM 2 abril: De alto directivo a consejero y empresario - Interim Management | EIM Spain","isPartOf":{"@id":"https:\/\/www.eim.com\/es\/#website"},"primaryImageOfPage":{"@id":"https:\/\/www.eim.com\/es\/eventos\/virtual\/primer-evento-virtual-eim-2\/#primaryimage"},"image":{"@id":"https:\/\/www.eim.com\/es\/eventos\/virtual\/primer-evento-virtual-eim-2\/#primaryimage"},"thumbnailUrl":"https:\/\/www.eim.com\/es\/wp-content\/uploads\/sites\/10\/2019\/10\/cabecera-rv1-eim.png","datePublished":"2019-03-15T15:51:07+00:00","dateModified":"2023-03-16T17:56:18+00:00","author":{"@id":"https:\/\/www.eim.com\/es\/#\/schema\/person\/82c5e4b03b7af649944ed10552319b91"},"breadcrumb":{"@id":"https:\/\/www.eim.com\/es\/eventos\/virtual\/primer-evento-virtual-eim-2\/#breadcrumb"},"inLanguage":"es","potentialAction":[{"@type":"ReadAction","target":["https:\/\/www.eim.com\/es\/eventos\/virtual\/primer-evento-virtual-eim-2\/"]}]},{"@type":"ImageObject","inLanguage":"es","@id":"https:\/\/www.eim.com\/es\/eventos\/virtual\/primer-evento-virtual-eim-2\/#primaryimage","url":"https:\/\/www.eim.com\/es\/wp-content\/uploads\/sites\/10\/2019\/10\/cabecera-rv1-eim.png","contentUrl":"https:\/\/www.eim.com\/es\/wp-content\/uploads\/sites\/10\/2019\/10\/cabecera-rv1-eim.png","width":640,"height":219},{"@type":"BreadcrumbList","@id":"https:\/\/www.eim.com\/es\/eventos\/virtual\/primer-evento-virtual-eim-2\/#breadcrumb","itemListElement":[{"@type":"ListItem","position":1,"name":"Home","item":"https:\/\/www.eim.com\/es\/"},{"@type":"ListItem","position":2,"name":"Primer Evento Virtual EIM 2 abril: De alto directivo a consejero y empresario"}]},{"@type":"WebSite","@id":"https:\/\/www.eim.com\/es\/#website","url":"https:\/\/www.eim.com\/es\/","name":"Interim Management | EIM Spain","description":"El interim manager que su empresa necesita","potentialAction":[{"@type":"SearchAction","target":{"@type":"EntryPoint","urlTemplate":"https:\/\/www.eim.com\/es\/?s={search_term_string}"},"query-input":{"@type":"PropertyValueSpecification","valueRequired":true,"valueName":"search_term_string"}}],"inLanguage":"es"},{"@type":"Person","@id":"https:\/\/www.eim.com\/es\/#\/schema\/person\/82c5e4b03b7af649944ed10552319b91","name":"eimworld","image":{"@type":"ImageObject","inLanguage":"es","@id":"https:\/\/secure.gravatar.com\/avatar\/06dc2838cb0c066488cdb4b104beba474e6305a2d11cbb1fb7353f876daae9f3?s=96&d=mm&r=g","url":"https:\/\/secure.gravatar.com\/avatar\/06dc2838cb0c066488cdb4b104beba474e6305a2d11cbb1fb7353f876daae9f3?s=96&d=mm&r=g","contentUrl":"https:\/\/secure.gravatar.com\/avatar\/06dc2838cb0c066488cdb4b104beba474e6305a2d11cbb1fb7353f876daae9f3?s=96&d=mm&r=g","caption":"eimworld"},"sameAs":["https:\/\/eimworld.wpengine.com"],"url":"https:\/\/www.eim.com\/es\/author\/eimworld\/"}]}},"_links":{"self":[{"href":"https:\/\/www.eim.com\/es\/wp-json\/wp\/v2\/posts\/258","targetHints":{"allow":["GET"]}}],"collection":[{"href":"https:\/\/www.eim.com\/es\/wp-json\/wp\/v2\/posts"}],"about":[{"href":"https:\/\/www.eim.com\/es\/wp-json\/wp\/v2\/types\/post"}],"author":[{"embeddable":true,"href":"https:\/\/www.eim.com\/es\/wp-json\/wp\/v2\/users\/2"}],"replies":[{"embeddable":true,"href":"https:\/\/www.eim.com\/es\/wp-json\/wp\/v2\/comments?post=258"}],"version-history":[{"count":0,"href":"https:\/\/www.eim.com\/es\/wp-json\/wp\/v2\/posts\/258\/revisions"}],"wp:featuredmedia":[{"embeddable":true,"href":"https:\/\/www.eim.com\/es\/wp-json\/wp\/v2\/media\/260"}],"wp:attachment":[{"href":"https:\/\/www.eim.com\/es\/wp-json\/wp\/v2\/media?parent=258"}],"wp:term":[{"taxonomy":"category","embeddable":true,"href":"https:\/\/www.eim.com\/es\/wp-json\/wp\/v2\/categories?post=258"},{"taxonomy":"post_tag","embeddable":true,"href":"https:\/\/www.eim.com\/es\/wp-json\/wp\/v2\/tags?post=258"}],"curies":[{"name":"wp","href":"https:\/\/api.w.org\/{rel}","templated":true}]}}