{"id":13585,"date":"2025-10-22T08:10:59","date_gmt":"2025-10-22T08:10:59","guid":{"rendered":"https:\/\/www.eim.com\/es\/?p=13585"},"modified":"2025-10-22T09:30:26","modified_gmt":"2025-10-22T09:30:26","slug":"revista-capital-corporate-entrevista-jorge-ramos-david-martin","status":"publish","type":"post","link":"https:\/\/www.eim.com\/es\/entrevistas\/revista-capital-corporate-entrevista-jorge-ramos-david-martin\/","title":{"rendered":"La revista Capital &#038; Corporate entrevista a Jorge Ramos y David Mart\u00edn"},"content":{"rendered":"<p>[et_pb_section fb_built=&#8221;1&#8243; admin_label=&#8221;Hero Section&#8221; _builder_version=&#8221;4.27.4&#8243; use_background_color_gradient=&#8221;on&#8221; background_color_gradient_stops=&#8221;rgba(0,0,0,0.4) 0%|rgba(0,0,0,0.4) 100%&#8221; background_color_gradient_overlays_image=&#8221;on&#8221; background_color_gradient_start=&#8221;rgba(0,0,0,0.4)&#8221; background_color_gradient_end=&#8221;rgba(0,0,0,0.4)&#8221; background_image=&#8221;https:\/\/www.eim.com\/es\/wp-content\/uploads\/sites\/10\/2025\/10\/Header-1920x540px_Transformacion-y-crecimiento.jpg&#8221; background_position=&#8221;center_right&#8221; background_blend=&#8221;darken&#8221; height=&#8221;600px&#8221; custom_padding=&#8221;6%|0px|5.6%|||&#8221; bottom_divider_style=&#8221;slant&#8221; bottom_divider_color=&#8221;#ffffff&#8221; bottom_divider_height=&#8221;150px&#8221; bottom_divider_flip=&#8221;horizontal&#8221; global_colors_info=&#8221;{}&#8221; background_color_gradient_direction__hover=&#8221;180deg&#8221; background_color_gradient_direction__hover_enabled=&#8221;180deg&#8221; background_color_gradient_start_position__hover=&#8221;0%&#8221; background_color_gradient_start_position__hover_enabled=&#8221;0%&#8221; background_color_gradient_end_position__hover=&#8221;100%&#8221; background_color_gradient_end_position__hover_enabled=&#8221;100%&#8221; background_color_gradient_stops__hover=&#8221;rgba(0,0,0,0.4) 0%|rgba(0,0,0,0.4) 100%&#8221;][et_pb_row admin_label=&#8221;Page Title Area&#8221; _builder_version=&#8221;4.16&#8243; width=&#8221;100%&#8221; max_width=&#8221;2560px&#8221; module_alignment=&#8221;center&#8221; custom_margin=&#8221;-5.4%|auto|0px|auto|false|false&#8221; custom_padding=&#8221;0px||0px|||&#8221; locked=&#8221;off&#8221; global_colors_info=&#8221;{}&#8221;][et_pb_column type=&#8221;4_4&#8243; _builder_version=&#8221;4.16&#8243; custom_padding=&#8221;|||&#8221; global_colors_info=&#8221;{}&#8221; custom_padding__hover=&#8221;|||&#8221;][et_pb_text content_tablet=&#8221;<\/p>\n<h1>Turnaround: El cambio de rumbo<\/h1>\n<h1>Una oportunidad positiva para la transformaci\u00f3n empresarial<\/h1>\n<p>&#8221; content_phone=&#8221;<\/p>\n<h1 style=%22font-size: 2.5em;%22><span> La revista Capital &amp; Corporate entrevista a Jorge Ramos y David Mart\u00edn<\/span><\/h1>\n<p>&#8221; content_last_edited=&#8221;on|phone&#8221; admin_label=&#8221;Hero Section Title&#8221; _builder_version=&#8221;4.27.4&#8243; text_font=&#8221;Montserrat|800|||||||&#8221; text_font_size=&#8221;13px&#8221; text_line_height=&#8221;1.3em&#8221; header_font=&#8221;Montserrat|700|||||||&#8221; header_font_size=&#8221;56px&#8221; header_letter_spacing=&#8221;3px&#8221; header_line_height=&#8221;1.1em&#8221; header_2_font=&#8221;Montserrat|700|||||||&#8221; header_2_text_color=&#8221;rgba(255,255,255,0.6)&#8221; header_2_font_size=&#8221;90px&#8221; header_2_letter_spacing=&#8221;3px&#8221; header_2_line_height=&#8221;1.1em&#8221; text_orientation=&#8221;center&#8221; background_layout=&#8221;dark&#8221; max_width=&#8221;900px&#8221; module_alignment=&#8221;center&#8221; min_height=&#8221;67.5px&#8221; custom_margin=&#8221;24px||10px||false|false&#8221; custom_padding=&#8221;0px||0px||false|false&#8221; animation_style=&#8221;fade&#8221; animation_direction=&#8221;bottom&#8221; animation_duration=&#8221;1350ms&#8221; hover_enabled=&#8221;0&#8243; header_font_size_tablet=&#8221;&#8221; header_font_size_phone=&#8221;27px&#8221; header_font_size_last_edited=&#8221;on|phone&#8221; header_2_font_size_tablet=&#8221;&#8221; header_2_font_size_phone=&#8221;46px&#8221; header_2_font_size_last_edited=&#8221;on|phone&#8221; custom_css_main_element=&#8221;||  h1 {||    font-size: 2.5em!important;||  }||&#8221; text_text_shadow_style=&#8221;preset1&#8243; text_text_shadow_horizontal_length=&#8221;0.38em&#8221; inline_fonts=&#8221;Prata,Montserrat&#8221; global_colors_info=&#8221;{}&#8221; sticky_enabled=&#8221;0&#8243;]<\/p>\n<h1 style=\"font-size: 2.5em;\"><span>\u00a0La revista Capital &amp; Corporate entrevista a Jorge Ramos y David Mart\u00edn<\/span><\/h1>\n<p>[\/et_pb_text][\/et_pb_column][\/et_pb_row][\/et_pb_section][et_pb_section fb_built=&#8221;1&#8243; _builder_version=&#8221;4.16&#8243; custom_padding=&#8221;0px||0px|||&#8221; global_colors_info=&#8221;{}&#8221;][et_pb_row _builder_version=&#8221;4.19.3&#8243; custom_margin=&#8221;|auto||auto|false|false&#8221; animation_style=&#8221;fold&#8221; global_colors_info=&#8221;{}&#8221;][et_pb_column type=&#8221;4_4&#8243; _builder_version=&#8221;4.16&#8243; global_colors_info=&#8221;{}&#8221;][et_pb_text content_last_edited=&#8221;off|desktop&#8221; _builder_version=&#8221;4.27.4&#8243; min_height=&#8221;237px&#8221; custom_margin=&#8221;0px||0px||false|false&#8221; custom_padding=&#8221;0px||4px||false|false&#8221; animation_style=&#8221;fold&#8221; custom_css_main_element=&#8221;strong {||  color:#7998b7;||}&#8221; global_colors_info=&#8221;{}&#8221;]<\/p>\n<p>En un entorno donde la presi\u00f3n competitiva y la exigencia de generar retornos diferenciales han elevado el list\u00f3n del private equity, ya no basta con cerrar operaciones en condiciones atractivas. <strong>El aut\u00e9ntico reto se halla en la ejecuci\u00f3n: en c\u00f3mo asegurar la continuidad del negocio en un carve-out, capturar sinergias reales en una integraci\u00f3n o transformar una compa\u00f1\u00eda sin perder su esencia<\/strong>. En este escenario, el Interim Management ha pasado de ser un recurso puntual a convertirse en socio estrat\u00e9gico de los fondos, al aportar velocidad, experiencia sectorial y capacidad de gesti\u00f3n \u201cdesde dentro\u201d. Jorge Ramos, <em>Managing Partner de EIM Espa\u00f1a<\/em>, y David Mart\u00edn, <em>Managing Director y Co-Head of Iberia en Tikehau Capital<\/em>, comparten en esta conversaci\u00f3n c\u00f3mo la combinaci\u00f3n de inversores y directivos Interim est\u00e1 redefiniendo la creaci\u00f3n de valor en el mercado de private equity, y por qu\u00e9 esta colaboraci\u00f3n marcar\u00e1 el futuro del sector.<\/p>\n<p>[\/et_pb_text][\/et_pb_column][\/et_pb_row][et_pb_row _builder_version=&#8221;4.22.2&#8243; _module_preset=&#8221;default&#8221; custom_margin=&#8221;0px||||false|false&#8221; hover_transition_duration=&#8221;0ms&#8221; locked=&#8221;off&#8221; global_colors_info=&#8221;{}&#8221;][et_pb_column type=&#8221;4_4&#8243; _builder_version=&#8221;4.19.3&#8243; _module_preset=&#8221;default&#8221; global_colors_info=&#8221;{}&#8221;][et_pb_button button_url=&#8221;https:\/\/www.eim.com\/es\/wp-content\/uploads\/sites\/10\/2025\/10\/casestudy_eim_CAPITAL-AND-CORPORATE_V-OK-FINAL_Oct-25.pdf&#8221; url_new_window=&#8221;on&#8221; button_text=&#8221;LEER ART\u00cdCULO COMPLETO&#8221; button_alignment=&#8221;center&#8221; _builder_version=&#8221;4.27.4&#8243; custom_button=&#8221;on&#8221; button_text_size=&#8221;19px&#8221; hover_transition_duration=&#8221;0ms&#8221; global_colors_info=&#8221;{}&#8221;][\/et_pb_button][\/et_pb_column][\/et_pb_row][\/et_pb_section]<\/p>\n","protected":false},"excerpt":{"rendered":"<p>En un entorno donde la presi\u00f3n competitiva y la exigencia de generar retornos diferenciales han elevado<br \/>\nel list\u00f3n del private equity, ya no basta con cerrar operaciones en condiciones atractivas. El aut\u00e9ntico reto<br \/>\nse halla en la ejecuci\u00f3n: en c\u00f3mo asegurar la continuidad del negocio en un carve-out, capturar sinergias<br \/>\nreales en una integraci\u00f3n o transformar una compa\u00f1\u00eda sin perder su esencia. En este escenario, el Interim<br \/>\nManagement ha pasado de ser un recurso puntual a convertirse en socio estrat\u00e9gico de los fondos, al aportar<br \/>\nvelocidad, experiencia sectorial y capacidad de gesti\u00f3n \u201cdesde dentro\u201d. Jorge Ramos, Managing Partner de<br \/>\nEIM Espa\u00f1a, y David Mart\u00edn, Managing Director y Co-Head of Iberia en Tikehau Capital, comparten en esta<br \/>\nconversaci\u00f3n c\u00f3mo la combinaci\u00f3n de inversores y directivos Interim est\u00e1 redefiniendo la creaci\u00f3n de valor<br \/>\nen el mercado de private equity, y por qu\u00e9 esta colaboraci\u00f3n marcar\u00e1 el futuro del sector.<\/p>\n","protected":false},"author":350,"featured_media":13586,"comment_status":"open","ping_status":"open","sticky":false,"template":"","format":"standard","meta":{"_et_pb_use_builder":"on","_et_pb_old_content":"[et_pb_section fb_built=\"1\" admin_label=\"Hero Section\" _builder_version=\"4.10.8\" use_background_color_gradient=\"on\" background_color_gradient_start=\"rgba(0,0,0,0.4)\" background_color_gradient_end=\"rgba(0,0,0,0.4)\" background_color_gradient_overlays_image=\"on\" background_image=\"https:\/\/www.eim.com\/es\/wp-content\/uploads\/sites\/10\/2021\/10\/CONTACTO-29.jpg\" background_position=\"center_right\" background_blend=\"darken\" height=\"520px\" custom_padding=\"6%|0px|5.6%|||\" bottom_divider_style=\"slant\" bottom_divider_color=\"#ffffff\" bottom_divider_height=\"150px\" bottom_divider_flip=\"horizontal\" hover_enabled=\"0\" global_colors_info=\"{}\" background_color_gradient_direction__hover=\"180deg\" background_color_gradient_direction__hover_enabled=\"180deg\" background_color_gradient_start_position__hover=\"0%\" background_color_gradient_start_position__hover_enabled=\"0%\" background_color_gradient_end_position__hover=\"100%\" background_color_gradient_end_position__hover_enabled=\"100%\" sticky_enabled=\"0\" title_text=\"CONTACTO (29)\"][et_pb_row disabled_on=\"off|off|off\" admin_label=\"Page Title Area\" _builder_version=\"3.27.4\" width=\"58.5%\" max_width=\"2560px\" module_alignment=\"center\" custom_margin=\"0%|auto|37px|0px|false|false\" custom_padding=\"0px|6px||5px|false|false\" hover_enabled=\"0\" global_colors_info=\"{}\" sticky_enabled=\"0\"][et_pb_column type=\"4_4\" _builder_version=\"3.27.4\" custom_padding=\"|||\" global_colors_info=\"{}\" custom_padding__hover=\"|||\"][et_pb_text _builder_version=\"4.4.7\" text_font=\"|600|||||||\" text_text_color=\"#ffffff\" text_font_size=\"18px\" custom_margin=\"-93px|||||\" custom_padding=\"33px||0px|||\" global_colors_info=\"{}\"]\r\n<p style=\"text-align: center;\">EVENTOS<\/p>\r\n[\/et_pb_text][et_pb_text _builder_version=\"4.4.7\" text_font=\"|600|||||||\" text_text_color=\"#ffffff\" text_font_size=\"37px\" text_line_height=\"1.2em\" header_text_align=\"center\" background_layout=\"dark\" custom_margin=\"37px||||false|false\" custom_padding=\"||2px|||\" global_colors_info=\"{}\"]<strong>Art in the Office: EIM celebra su 30 aniversario\u00a0<\/strong>\r\n<p style=\"text-align: center;\"><span style=\"font-size: 37px; text-align: left;\">\u00a0<\/span><\/p>\r\n[\/et_pb_text][\/et_pb_column][\/et_pb_row][\/et_pb_section][et_pb_section fb_built=\"1\" _builder_version=\"3.27.4\" custom_padding=\"0px||0px|||\" global_colors_info=\"{}\"][et_pb_row _builder_version=\"4.4.7\" custom_margin=\"|auto|-26px|auto||\" animation_style=\"fold\" global_colors_info=\"{}\"][et_pb_column type=\"4_4\" _builder_version=\"3.27.4\" global_colors_info=\"{}\"][et_pb_text _builder_version=\"4.4.7\" min_height=\"237px\" custom_margin=\"-204px||-17px|||\" custom_padding=\"67px||4px|||\" animation_style=\"fold\" global_colors_info=\"{}\"]\r\n<p style=\"text-align: justify;\">A comienzos de este 2020 convertimos nuestra oficina de <strong>EIM Madrid<\/strong> - Executive Interim Management en una exposici\u00f3n de arte. Organizamos el evento <strong><em>Art in the Office<\/em><\/strong> para celebrar nuestro <strong>30 aniversario<\/strong>. En el acto se expusieron casi 20 obras del pintor Jos\u00e9 Luis Mart\u00edn de Vidales y la escultora Manuela Garc\u00eda Noblejas. De esta forma <strong>celebramos<\/strong> estas tres d\u00e9cadas de trabajo, esfuerzo e ilusi\u00f3n con amigos, compa\u00f1eros y empresas.<\/p>\r\nAgradecemos a todos los que conf\u00edan en nosotros como principal herramienta de direcci\u00f3n flexible y provisi\u00f3n de talento senior altamente cualificado. Y, por supuesto, a los artistas Jos\u00e9 Luis Mart\u00edn de Vidales y Manuela Garc\u00eda Noblejas por exponer en nuestras oficinas de EIM Madrid y ser la esencia de <strong><em>Art in the Office.<\/em><\/strong>\r\n<p style=\"text-align: justify;\">[code]<iframe width=\"560\" height=\"315\" src=\"https:\/\/www.youtube.com\/embed\/lawyjDN65k8\" title=\"YouTube video player\" frameborder=\"0\" allow=\"accelerometer; autoplay; clipboard-write; encrypted-media; gyroscope; picture-in-picture\" allowfullscreen><\/iframe>[\/code]<\/p>\r\n[\/et_pb_text][\/et_pb_column][\/et_pb_row][\/et_pb_section][et_pb_section fb_built=\"1\" _builder_version=\"4.4.7\" global_colors_info=\"{}\"][et_pb_row _builder_version=\"4.4.7\" global_colors_info=\"{}\"][et_pb_column type=\"4_4\" _builder_version=\"4.4.7\" global_colors_info=\"{}\"][et_pb_gallery gallery_ids=\"10728,10729,10730,10726\" show_title_and_caption=\"off\" _builder_version=\"4.4.7\" custom_margin=\"||||false|false\" custom_padding=\"0px||||false|false\" hover_transition_speed_curve=\"ease-in-out\" box_shadow_style_image=\"preset3\" global_colors_info=\"{}\"][\/et_pb_gallery][\/et_pb_column][\/et_pb_row][\/et_pb_section][et_pb_section fb_built=\"1\" _builder_version=\"3.27.4\" background_color=\"#002c3e\" custom_margin=\"47px||||false|false\" top_divider_style=\"slant\" top_divider_color=\"#ffffff\" bottom_divider_color=\"#ffffff\" bottom_divider_flip=\"horizontal\" global_colors_info=\"{}\"][et_pb_row _builder_version=\"3.27.4\" custom_margin=\"-46px|auto||auto||\" custom_padding=\"60px|||||\" global_colors_info=\"{}\"][et_pb_column type=\"4_4\" _builder_version=\"3.27.4\" global_colors_info=\"{}\"][et_pb_text admin_label=\"Title\" _builder_version=\"3.27.4\" text_font=\"||||||||\" text_text_color=\"#ffffff\" header_font=\"Prata||||||||\" header_2_font=\"Montserrat|700|||||||\" header_2_text_align=\"center\" header_2_font_size=\"30px\" custom_margin=\"5%||5px||false|false\" custom_padding=\"||0px|||\" animation_style=\"fade\" animation_direction=\"top\" animation_duration=\"1350ms\" animation_starting_opacity=\"100%\" inline_fonts=\"Prata,Montserrat\" global_colors_info=\"{}\"]\r\n<h2><span style=\"font-family: Montserrat; color: #ffffff;\">P\u00f3ngase en contacto con nosotros<\/span><\/h2>\r\n[\/et_pb_text][\/et_pb_column][\/et_pb_row][et_pb_row column_structure=\"1_5,3_5,1_5\" _builder_version=\"3.27.4\" custom_margin=\"|auto|5%|auto|false|false\" custom_padding=\"0px|||||\" global_colors_info=\"{}\"][et_pb_column type=\"1_5\" _builder_version=\"3.27.4\" global_colors_info=\"{}\"][\/et_pb_column][et_pb_column type=\"3_5\" _builder_version=\"3.27.4\" global_colors_info=\"{}\"][et_pb_text _builder_version=\"3.27.4\" custom_padding=\"||0px|||\" global_colors_info=\"{}\"]\r\n<p style=\"text-align: center;\"><span style=\"color: #ffffff;\">Juntos podemos encontrar la soluci\u00f3n que estaba buscando<\/span><\/p>\r\n[\/et_pb_text][et_pb_button button_url=\"@ET-DC@eyJkeW5hbWljIjp0cnVlLCJjb250ZW50IjoicG9zdF9saW5rX3VybF9wYWdlIiwic2V0dGluZ3MiOnsicG9zdF9pZCI6IjExOCJ9fQ==@\" button_text=\"CONT\u00c1CTENOS\" button_alignment=\"center\" _builder_version=\"3.27.4\" _dynamic_attributes=\"button_url\" background_layout=\"dark\" global_colors_info=\"{}\"][\/et_pb_button][\/et_pb_column][et_pb_column type=\"1_5\" _builder_version=\"3.27.4\" global_colors_info=\"{}\"][\/et_pb_column][\/et_pb_row][\/et_pb_section]","_et_gb_content_width":"","footnotes":""},"categories":[63],"tags":[],"class_list":["post-13585","post","type-post","status-publish","format-standard","has-post-thumbnail","hentry","category-entrevistas"],"yoast_head":"<!-- This site is optimized with the Yoast SEO Premium plugin v27.5 (Yoast SEO v27.5) - https:\/\/yoast.com\/product\/yoast-seo-premium-wordpress\/ -->\n<title>La revista Capital &amp; Corporate entrevista a Jorge Ramos y David Mart\u00edn - Interim Management | EIM Spain<\/title>\n<meta name=\"description\" content=\"En un entorno donde la presi\u00f3n competitiva y la exigencia de generar retornos diferenciales han elevado el list\u00f3n del private equity, ya no basta con cerrar operaciones en condiciones atractivas. El aut\u00e9ntico reto se halla en la ejecuci\u00f3n: en c\u00f3mo asegurar la continuidad del negocio en un carve-out, capturar sinergias reales en una integraci\u00f3n o transformar una compa\u00f1\u00eda sin perder su esencia. En este escenario, el Interim Management ha pasado de ser un recurso puntual a convertirse en socio estrat\u00e9gico de los fondos, al aportar velocidad, experiencia sectorial y capacidad de gesti\u00f3n \u201cdesde dentro\u201d. Jorge Ramos, Managing Partner de EIM Espa\u00f1a, y David Mart\u00edn, Managing Director y Co-Head of Iberia en Tikehau Capital, comparten en esta conversaci\u00f3n c\u00f3mo la combinaci\u00f3n de inversores y directivos Interim est\u00e1 redefiniendo la creaci\u00f3n de valor en el mercado de private equity, y por qu\u00e9 esta colaboraci\u00f3n marcar\u00e1 el futuro del sector.\" \/>\n<meta name=\"robots\" content=\"index, follow, max-snippet:-1, max-image-preview:large, max-video-preview:-1\" \/>\n<link rel=\"canonical\" href=\"https:\/\/www.eim.com\/es\/entrevistas\/revista-capital-corporate-entrevista-jorge-ramos-david-martin\/\" \/>\n<meta property=\"og:locale\" content=\"es_ES\" \/>\n<meta property=\"og:type\" content=\"article\" \/>\n<meta property=\"og:title\" content=\"La revista Capital &amp; Corporate entrevista a Jorge Ramos y David Mart\u00edn\" \/>\n<meta property=\"og:description\" content=\"En un entorno donde la presi\u00f3n competitiva y la exigencia de generar retornos diferenciales han elevado el list\u00f3n del private equity, ya no basta con cerrar operaciones en condiciones atractivas. El aut\u00e9ntico reto se halla en la ejecuci\u00f3n: en c\u00f3mo asegurar la continuidad del negocio en un carve-out, capturar sinergias reales en una integraci\u00f3n o transformar una compa\u00f1\u00eda sin perder su esencia. En este escenario, el Interim Management ha pasado de ser un recurso puntual a convertirse en socio estrat\u00e9gico de los fondos, al aportar velocidad, experiencia sectorial y capacidad de gesti\u00f3n \u201cdesde dentro\u201d. Jorge Ramos, Managing Partner de EIM Espa\u00f1a, y David Mart\u00edn, Managing Director y Co-Head of Iberia en Tikehau Capital, comparten en esta conversaci\u00f3n c\u00f3mo la combinaci\u00f3n de inversores y directivos Interim est\u00e1 redefiniendo la creaci\u00f3n de valor en el mercado de private equity, y por qu\u00e9 esta colaboraci\u00f3n marcar\u00e1 el futuro del sector.\" \/>\n<meta property=\"og:url\" content=\"https:\/\/www.eim.com\/es\/entrevistas\/revista-capital-corporate-entrevista-jorge-ramos-david-martin\/\" \/>\n<meta property=\"og:site_name\" content=\"Interim Management | EIM Spain\" \/>\n<meta property=\"article:published_time\" content=\"2025-10-22T08:10:59+00:00\" \/>\n<meta property=\"article:modified_time\" content=\"2025-10-22T09:30:26+00:00\" \/>\n<meta property=\"og:image\" content=\"https:\/\/www.eim.com\/es\/wp-content\/uploads\/sites\/10\/2025\/10\/Miniatura-400x250px_Transformacion-y-crecimiento.png\" \/>\n\t<meta property=\"og:image:width\" content=\"400\" \/>\n\t<meta property=\"og:image:height\" content=\"250\" \/>\n\t<meta property=\"og:image:type\" content=\"image\/png\" \/>\n<meta name=\"author\" content=\"marketinges\" \/>\n<meta name=\"twitter:card\" content=\"summary_large_image\" \/>\n<meta name=\"twitter:label1\" content=\"Escrito por\" \/>\n\t<meta name=\"twitter:data1\" content=\"marketinges\" \/>\n\t<meta name=\"twitter:label2\" content=\"Tiempo de lectura\" \/>\n\t<meta name=\"twitter:data2\" content=\"2 minutos\" \/>\n<script type=\"application\/ld+json\" class=\"yoast-schema-graph\">{\"@context\":\"https:\\\/\\\/schema.org\",\"@graph\":[{\"@type\":\"Article\",\"@id\":\"https:\\\/\\\/www.eim.com\\\/es\\\/entrevistas\\\/revista-capital-corporate-entrevista-jorge-ramos-david-martin\\\/#article\",\"isPartOf\":{\"@id\":\"https:\\\/\\\/www.eim.com\\\/es\\\/entrevistas\\\/revista-capital-corporate-entrevista-jorge-ramos-david-martin\\\/\"},\"author\":{\"name\":\"marketinges\",\"@id\":\"https:\\\/\\\/www.eim.com\\\/es\\\/#\\\/schema\\\/person\\\/086ec007ce5017a9cdee90be7ddd4b62\"},\"headline\":\"La revista Capital &#038; Corporate entrevista a Jorge Ramos y David Mart\u00edn\",\"datePublished\":\"2025-10-22T08:10:59+00:00\",\"dateModified\":\"2025-10-22T09:30:26+00:00\",\"mainEntityOfPage\":{\"@id\":\"https:\\\/\\\/www.eim.com\\\/es\\\/entrevistas\\\/revista-capital-corporate-entrevista-jorge-ramos-david-martin\\\/\"},\"wordCount\":747,\"commentCount\":0,\"image\":{\"@id\":\"https:\\\/\\\/www.eim.com\\\/es\\\/entrevistas\\\/revista-capital-corporate-entrevista-jorge-ramos-david-martin\\\/#primaryimage\"},\"thumbnailUrl\":\"https:\\\/\\\/www.eim.com\\\/es\\\/wp-content\\\/uploads\\\/sites\\\/10\\\/2025\\\/10\\\/Miniatura-400x250px_Transformacion-y-crecimiento.png\",\"articleSection\":[\"Entrevistas\"],\"inLanguage\":\"es\",\"potentialAction\":[{\"@type\":\"CommentAction\",\"name\":\"Comment\",\"target\":[\"https:\\\/\\\/www.eim.com\\\/es\\\/entrevistas\\\/revista-capital-corporate-entrevista-jorge-ramos-david-martin\\\/#respond\"]}]},{\"@type\":\"WebPage\",\"@id\":\"https:\\\/\\\/www.eim.com\\\/es\\\/entrevistas\\\/revista-capital-corporate-entrevista-jorge-ramos-david-martin\\\/\",\"url\":\"https:\\\/\\\/www.eim.com\\\/es\\\/entrevistas\\\/revista-capital-corporate-entrevista-jorge-ramos-david-martin\\\/\",\"name\":\"La revista Capital & Corporate entrevista a Jorge Ramos y David Mart\u00edn - Interim Management | EIM Spain\",\"isPartOf\":{\"@id\":\"https:\\\/\\\/www.eim.com\\\/es\\\/#website\"},\"primaryImageOfPage\":{\"@id\":\"https:\\\/\\\/www.eim.com\\\/es\\\/entrevistas\\\/revista-capital-corporate-entrevista-jorge-ramos-david-martin\\\/#primaryimage\"},\"image\":{\"@id\":\"https:\\\/\\\/www.eim.com\\\/es\\\/entrevistas\\\/revista-capital-corporate-entrevista-jorge-ramos-david-martin\\\/#primaryimage\"},\"thumbnailUrl\":\"https:\\\/\\\/www.eim.com\\\/es\\\/wp-content\\\/uploads\\\/sites\\\/10\\\/2025\\\/10\\\/Miniatura-400x250px_Transformacion-y-crecimiento.png\",\"datePublished\":\"2025-10-22T08:10:59+00:00\",\"dateModified\":\"2025-10-22T09:30:26+00:00\",\"author\":{\"@id\":\"https:\\\/\\\/www.eim.com\\\/es\\\/#\\\/schema\\\/person\\\/086ec007ce5017a9cdee90be7ddd4b62\"},\"description\":\"En un entorno donde la presi\u00f3n competitiva y la exigencia de generar retornos diferenciales han elevado el list\u00f3n del private equity, ya no basta con cerrar operaciones en condiciones atractivas. El aut\u00e9ntico reto se halla en la ejecuci\u00f3n: en c\u00f3mo asegurar la continuidad del negocio en un carve-out, capturar sinergias reales en una integraci\u00f3n o transformar una compa\u00f1\u00eda sin perder su esencia. En este escenario, el Interim Management ha pasado de ser un recurso puntual a convertirse en socio estrat\u00e9gico de los fondos, al aportar velocidad, experiencia sectorial y capacidad de gesti\u00f3n \u201cdesde dentro\u201d. Jorge Ramos, Managing Partner de EIM Espa\u00f1a, y David Mart\u00edn, Managing Director y Co-Head of Iberia en Tikehau Capital, comparten en esta conversaci\u00f3n c\u00f3mo la combinaci\u00f3n de inversores y directivos Interim est\u00e1 redefiniendo la creaci\u00f3n de valor en el mercado de private equity, y por qu\u00e9 esta colaboraci\u00f3n marcar\u00e1 el futuro del sector.\",\"breadcrumb\":{\"@id\":\"https:\\\/\\\/www.eim.com\\\/es\\\/entrevistas\\\/revista-capital-corporate-entrevista-jorge-ramos-david-martin\\\/#breadcrumb\"},\"inLanguage\":\"es\",\"potentialAction\":[{\"@type\":\"ReadAction\",\"target\":[\"https:\\\/\\\/www.eim.com\\\/es\\\/entrevistas\\\/revista-capital-corporate-entrevista-jorge-ramos-david-martin\\\/\"]}]},{\"@type\":\"ImageObject\",\"inLanguage\":\"es\",\"@id\":\"https:\\\/\\\/www.eim.com\\\/es\\\/entrevistas\\\/revista-capital-corporate-entrevista-jorge-ramos-david-martin\\\/#primaryimage\",\"url\":\"https:\\\/\\\/www.eim.com\\\/es\\\/wp-content\\\/uploads\\\/sites\\\/10\\\/2025\\\/10\\\/Miniatura-400x250px_Transformacion-y-crecimiento.png\",\"contentUrl\":\"https:\\\/\\\/www.eim.com\\\/es\\\/wp-content\\\/uploads\\\/sites\\\/10\\\/2025\\\/10\\\/Miniatura-400x250px_Transformacion-y-crecimiento.png\",\"width\":400,\"height\":250},{\"@type\":\"BreadcrumbList\",\"@id\":\"https:\\\/\\\/www.eim.com\\\/es\\\/entrevistas\\\/revista-capital-corporate-entrevista-jorge-ramos-david-martin\\\/#breadcrumb\",\"itemListElement\":[{\"@type\":\"ListItem\",\"position\":1,\"name\":\"Home\",\"item\":\"https:\\\/\\\/www.eim.com\\\/es\\\/\"},{\"@type\":\"ListItem\",\"position\":2,\"name\":\"La revista Capital &#038; Corporate entrevista a Jorge Ramos y David Mart\u00edn\"}]},{\"@type\":\"WebSite\",\"@id\":\"https:\\\/\\\/www.eim.com\\\/es\\\/#website\",\"url\":\"https:\\\/\\\/www.eim.com\\\/es\\\/\",\"name\":\"Interim Management | EIM Spain\",\"description\":\"El interim manager que su empresa necesita\",\"potentialAction\":[{\"@type\":\"SearchAction\",\"target\":{\"@type\":\"EntryPoint\",\"urlTemplate\":\"https:\\\/\\\/www.eim.com\\\/es\\\/?s={search_term_string}\"},\"query-input\":{\"@type\":\"PropertyValueSpecification\",\"valueRequired\":true,\"valueName\":\"search_term_string\"}}],\"inLanguage\":\"es\"},{\"@type\":\"Person\",\"@id\":\"https:\\\/\\\/www.eim.com\\\/es\\\/#\\\/schema\\\/person\\\/086ec007ce5017a9cdee90be7ddd4b62\",\"name\":\"marketinges\",\"image\":{\"@type\":\"ImageObject\",\"inLanguage\":\"es\",\"@id\":\"https:\\\/\\\/secure.gravatar.com\\\/avatar\\\/2a177d40a03aaf5fcf244db679016aa6fd39fd2ff0752c5597d2d0fe75d2b8f3?s=96&d=mm&r=g\",\"url\":\"https:\\\/\\\/secure.gravatar.com\\\/avatar\\\/2a177d40a03aaf5fcf244db679016aa6fd39fd2ff0752c5597d2d0fe75d2b8f3?s=96&d=mm&r=g\",\"contentUrl\":\"https:\\\/\\\/secure.gravatar.com\\\/avatar\\\/2a177d40a03aaf5fcf244db679016aa6fd39fd2ff0752c5597d2d0fe75d2b8f3?s=96&d=mm&r=g\",\"caption\":\"marketinges\"},\"url\":\"https:\\\/\\\/www.eim.com\\\/es\\\/author\\\/marketinges\\\/\"}]}<\/script>\n<!-- \/ Yoast SEO Premium plugin. -->","yoast_head_json":{"title":"La revista Capital & Corporate entrevista a Jorge Ramos y David Mart\u00edn - Interim Management | EIM Spain","description":"En un entorno donde la presi\u00f3n competitiva y la exigencia de generar retornos diferenciales han elevado el list\u00f3n del private equity, ya no basta con cerrar operaciones en condiciones atractivas. El aut\u00e9ntico reto se halla en la ejecuci\u00f3n: en c\u00f3mo asegurar la continuidad del negocio en un carve-out, capturar sinergias reales en una integraci\u00f3n o transformar una compa\u00f1\u00eda sin perder su esencia. En este escenario, el Interim Management ha pasado de ser un recurso puntual a convertirse en socio estrat\u00e9gico de los fondos, al aportar velocidad, experiencia sectorial y capacidad de gesti\u00f3n \u201cdesde dentro\u201d. Jorge Ramos, Managing Partner de EIM Espa\u00f1a, y David Mart\u00edn, Managing Director y Co-Head of Iberia en Tikehau Capital, comparten en esta conversaci\u00f3n c\u00f3mo la combinaci\u00f3n de inversores y directivos Interim est\u00e1 redefiniendo la creaci\u00f3n de valor en el mercado de private equity, y por qu\u00e9 esta colaboraci\u00f3n marcar\u00e1 el futuro del sector.","robots":{"index":"index","follow":"follow","max-snippet":"max-snippet:-1","max-image-preview":"max-image-preview:large","max-video-preview":"max-video-preview:-1"},"canonical":"https:\/\/www.eim.com\/es\/entrevistas\/revista-capital-corporate-entrevista-jorge-ramos-david-martin\/","og_locale":"es_ES","og_type":"article","og_title":"La revista Capital & Corporate entrevista a Jorge Ramos y David Mart\u00edn","og_description":"En un entorno donde la presi\u00f3n competitiva y la exigencia de generar retornos diferenciales han elevado el list\u00f3n del private equity, ya no basta con cerrar operaciones en condiciones atractivas. El aut\u00e9ntico reto se halla en la ejecuci\u00f3n: en c\u00f3mo asegurar la continuidad del negocio en un carve-out, capturar sinergias reales en una integraci\u00f3n o transformar una compa\u00f1\u00eda sin perder su esencia. En este escenario, el Interim Management ha pasado de ser un recurso puntual a convertirse en socio estrat\u00e9gico de los fondos, al aportar velocidad, experiencia sectorial y capacidad de gesti\u00f3n \u201cdesde dentro\u201d. Jorge Ramos, Managing Partner de EIM Espa\u00f1a, y David Mart\u00edn, Managing Director y Co-Head of Iberia en Tikehau Capital, comparten en esta conversaci\u00f3n c\u00f3mo la combinaci\u00f3n de inversores y directivos Interim est\u00e1 redefiniendo la creaci\u00f3n de valor en el mercado de private equity, y por qu\u00e9 esta colaboraci\u00f3n marcar\u00e1 el futuro del sector.","og_url":"https:\/\/www.eim.com\/es\/entrevistas\/revista-capital-corporate-entrevista-jorge-ramos-david-martin\/","og_site_name":"Interim Management | EIM Spain","article_published_time":"2025-10-22T08:10:59+00:00","article_modified_time":"2025-10-22T09:30:26+00:00","og_image":[{"width":400,"height":250,"url":"https:\/\/www.eim.com\/es\/wp-content\/uploads\/sites\/10\/2025\/10\/Miniatura-400x250px_Transformacion-y-crecimiento.png","type":"image\/png"}],"author":"marketinges","twitter_card":"summary_large_image","twitter_misc":{"Escrito por":"marketinges","Tiempo de lectura":"2 minutos"},"schema":{"@context":"https:\/\/schema.org","@graph":[{"@type":"Article","@id":"https:\/\/www.eim.com\/es\/entrevistas\/revista-capital-corporate-entrevista-jorge-ramos-david-martin\/#article","isPartOf":{"@id":"https:\/\/www.eim.com\/es\/entrevistas\/revista-capital-corporate-entrevista-jorge-ramos-david-martin\/"},"author":{"name":"marketinges","@id":"https:\/\/www.eim.com\/es\/#\/schema\/person\/086ec007ce5017a9cdee90be7ddd4b62"},"headline":"La revista Capital &#038; Corporate entrevista a Jorge Ramos y David Mart\u00edn","datePublished":"2025-10-22T08:10:59+00:00","dateModified":"2025-10-22T09:30:26+00:00","mainEntityOfPage":{"@id":"https:\/\/www.eim.com\/es\/entrevistas\/revista-capital-corporate-entrevista-jorge-ramos-david-martin\/"},"wordCount":747,"commentCount":0,"image":{"@id":"https:\/\/www.eim.com\/es\/entrevistas\/revista-capital-corporate-entrevista-jorge-ramos-david-martin\/#primaryimage"},"thumbnailUrl":"https:\/\/www.eim.com\/es\/wp-content\/uploads\/sites\/10\/2025\/10\/Miniatura-400x250px_Transformacion-y-crecimiento.png","articleSection":["Entrevistas"],"inLanguage":"es","potentialAction":[{"@type":"CommentAction","name":"Comment","target":["https:\/\/www.eim.com\/es\/entrevistas\/revista-capital-corporate-entrevista-jorge-ramos-david-martin\/#respond"]}]},{"@type":"WebPage","@id":"https:\/\/www.eim.com\/es\/entrevistas\/revista-capital-corporate-entrevista-jorge-ramos-david-martin\/","url":"https:\/\/www.eim.com\/es\/entrevistas\/revista-capital-corporate-entrevista-jorge-ramos-david-martin\/","name":"La revista Capital & Corporate entrevista a Jorge Ramos y David Mart\u00edn - Interim Management | EIM Spain","isPartOf":{"@id":"https:\/\/www.eim.com\/es\/#website"},"primaryImageOfPage":{"@id":"https:\/\/www.eim.com\/es\/entrevistas\/revista-capital-corporate-entrevista-jorge-ramos-david-martin\/#primaryimage"},"image":{"@id":"https:\/\/www.eim.com\/es\/entrevistas\/revista-capital-corporate-entrevista-jorge-ramos-david-martin\/#primaryimage"},"thumbnailUrl":"https:\/\/www.eim.com\/es\/wp-content\/uploads\/sites\/10\/2025\/10\/Miniatura-400x250px_Transformacion-y-crecimiento.png","datePublished":"2025-10-22T08:10:59+00:00","dateModified":"2025-10-22T09:30:26+00:00","author":{"@id":"https:\/\/www.eim.com\/es\/#\/schema\/person\/086ec007ce5017a9cdee90be7ddd4b62"},"description":"En un entorno donde la presi\u00f3n competitiva y la exigencia de generar retornos diferenciales han elevado el list\u00f3n del private equity, ya no basta con cerrar operaciones en condiciones atractivas. El aut\u00e9ntico reto se halla en la ejecuci\u00f3n: en c\u00f3mo asegurar la continuidad del negocio en un carve-out, capturar sinergias reales en una integraci\u00f3n o transformar una compa\u00f1\u00eda sin perder su esencia. En este escenario, el Interim Management ha pasado de ser un recurso puntual a convertirse en socio estrat\u00e9gico de los fondos, al aportar velocidad, experiencia sectorial y capacidad de gesti\u00f3n \u201cdesde dentro\u201d. Jorge Ramos, Managing Partner de EIM Espa\u00f1a, y David Mart\u00edn, Managing Director y Co-Head of Iberia en Tikehau Capital, comparten en esta conversaci\u00f3n c\u00f3mo la combinaci\u00f3n de inversores y directivos Interim est\u00e1 redefiniendo la creaci\u00f3n de valor en el mercado de private equity, y por qu\u00e9 esta colaboraci\u00f3n marcar\u00e1 el futuro del sector.","breadcrumb":{"@id":"https:\/\/www.eim.com\/es\/entrevistas\/revista-capital-corporate-entrevista-jorge-ramos-david-martin\/#breadcrumb"},"inLanguage":"es","potentialAction":[{"@type":"ReadAction","target":["https:\/\/www.eim.com\/es\/entrevistas\/revista-capital-corporate-entrevista-jorge-ramos-david-martin\/"]}]},{"@type":"ImageObject","inLanguage":"es","@id":"https:\/\/www.eim.com\/es\/entrevistas\/revista-capital-corporate-entrevista-jorge-ramos-david-martin\/#primaryimage","url":"https:\/\/www.eim.com\/es\/wp-content\/uploads\/sites\/10\/2025\/10\/Miniatura-400x250px_Transformacion-y-crecimiento.png","contentUrl":"https:\/\/www.eim.com\/es\/wp-content\/uploads\/sites\/10\/2025\/10\/Miniatura-400x250px_Transformacion-y-crecimiento.png","width":400,"height":250},{"@type":"BreadcrumbList","@id":"https:\/\/www.eim.com\/es\/entrevistas\/revista-capital-corporate-entrevista-jorge-ramos-david-martin\/#breadcrumb","itemListElement":[{"@type":"ListItem","position":1,"name":"Home","item":"https:\/\/www.eim.com\/es\/"},{"@type":"ListItem","position":2,"name":"La revista Capital &#038; Corporate entrevista a Jorge Ramos y David Mart\u00edn"}]},{"@type":"WebSite","@id":"https:\/\/www.eim.com\/es\/#website","url":"https:\/\/www.eim.com\/es\/","name":"Interim Management | EIM Spain","description":"El interim manager que su empresa necesita","potentialAction":[{"@type":"SearchAction","target":{"@type":"EntryPoint","urlTemplate":"https:\/\/www.eim.com\/es\/?s={search_term_string}"},"query-input":{"@type":"PropertyValueSpecification","valueRequired":true,"valueName":"search_term_string"}}],"inLanguage":"es"},{"@type":"Person","@id":"https:\/\/www.eim.com\/es\/#\/schema\/person\/086ec007ce5017a9cdee90be7ddd4b62","name":"marketinges","image":{"@type":"ImageObject","inLanguage":"es","@id":"https:\/\/secure.gravatar.com\/avatar\/2a177d40a03aaf5fcf244db679016aa6fd39fd2ff0752c5597d2d0fe75d2b8f3?s=96&d=mm&r=g","url":"https:\/\/secure.gravatar.com\/avatar\/2a177d40a03aaf5fcf244db679016aa6fd39fd2ff0752c5597d2d0fe75d2b8f3?s=96&d=mm&r=g","contentUrl":"https:\/\/secure.gravatar.com\/avatar\/2a177d40a03aaf5fcf244db679016aa6fd39fd2ff0752c5597d2d0fe75d2b8f3?s=96&d=mm&r=g","caption":"marketinges"},"url":"https:\/\/www.eim.com\/es\/author\/marketinges\/"}]}},"_links":{"self":[{"href":"https:\/\/www.eim.com\/es\/wp-json\/wp\/v2\/posts\/13585","targetHints":{"allow":["GET"]}}],"collection":[{"href":"https:\/\/www.eim.com\/es\/wp-json\/wp\/v2\/posts"}],"about":[{"href":"https:\/\/www.eim.com\/es\/wp-json\/wp\/v2\/types\/post"}],"author":[{"embeddable":true,"href":"https:\/\/www.eim.com\/es\/wp-json\/wp\/v2\/users\/350"}],"replies":[{"embeddable":true,"href":"https:\/\/www.eim.com\/es\/wp-json\/wp\/v2\/comments?post=13585"}],"version-history":[{"count":0,"href":"https:\/\/www.eim.com\/es\/wp-json\/wp\/v2\/posts\/13585\/revisions"}],"wp:featuredmedia":[{"embeddable":true,"href":"https:\/\/www.eim.com\/es\/wp-json\/wp\/v2\/media\/13586"}],"wp:attachment":[{"href":"https:\/\/www.eim.com\/es\/wp-json\/wp\/v2\/media?parent=13585"}],"wp:term":[{"taxonomy":"category","embeddable":true,"href":"https:\/\/www.eim.com\/es\/wp-json\/wp\/v2\/categories?post=13585"},{"taxonomy":"post_tag","embeddable":true,"href":"https:\/\/www.eim.com\/es\/wp-json\/wp\/v2\/tags?post=13585"}],"curies":[{"name":"wp","href":"https:\/\/api.w.org\/{rel}","templated":true}]}}