{"id":13488,"date":"2025-09-18T08:14:52","date_gmt":"2025-09-18T08:14:52","guid":{"rendered":"https:\/\/www.eim.com\/es\/?p=13488"},"modified":"2026-04-09T11:29:05","modified_gmt":"2026-04-09T11:29:05","slug":"impacto-directo-en-la-cuenta-de-resultados-como-los-interim-managers-transforman-las-companias","status":"publish","type":"post","link":"https:\/\/www.eim.com\/es\/articulos\/impacto-directo-en-la-cuenta-de-resultados-como-los-interim-managers-transforman-las-companias\/","title":{"rendered":"Impacto directo en la cuenta de resultados: c\u00f3mo los Interim Managers transforman las compa\u00f1\u00edas"},"content":{"rendered":"<p>[et_pb_section fb_built=&#8221;1&#8243; admin_label=&#8221;Hero Section&#8221; _builder_version=&#8221;4.27.4&#8243; use_background_color_gradient=&#8221;on&#8221; background_color_gradient_stops=&#8221;rgba(0,0,0,0.4) 0%|rgba(0,0,0,0.4) 100%&#8221; background_color_gradient_overlays_image=&#8221;on&#8221; background_color_gradient_start=&#8221;rgba(0,0,0,0.4)&#8221; background_color_gradient_end=&#8221;rgba(0,0,0,0.4)&#8221; background_image=&#8221;https:\/\/www.eim.com\/es\/wp-content\/uploads\/sites\/10\/2025\/09\/Imagen-Header_Mesa-de-trabajo-1.jpg&#8221; height=&#8221;520px&#8221; height_tablet=&#8221;520px&#8221; height_phone=&#8221;680px&#8221; height_last_edited=&#8221;on|phone&#8221; custom_padding=&#8221;6%||0%|||&#8221; bottom_divider_style=&#8221;slant&#8221; bottom_divider_color=&#8221;#ffffff&#8221; bottom_divider_height=&#8221;150px&#8221; bottom_divider_flip=&#8221;horizontal&#8221; background_last_edited=&#8221;on|desktop&#8221; background_position_phone=&#8221;top_left&#8221; background_horizontal_offset_phone=&#8221;38%&#8221; background_vertical_offset_phone=&#8221;-7%&#8221; saved_tabs=&#8221;all&#8221; collapsed=&#8221;on&#8221; global_colors_info=&#8221;{}&#8221; background_color_gradient_direction__hover=&#8221;180deg&#8221; background_color_gradient_direction__hover_enabled=&#8221;180deg&#8221; background_color_gradient_start_position__hover=&#8221;0%&#8221; background_color_gradient_start_position__hover_enabled=&#8221;0%&#8221; background_color_gradient_end_position__hover=&#8221;100%&#8221; background_color_gradient_end_position__hover_enabled=&#8221;100%&#8221; background_color_gradient_stops__hover=&#8221;rgba(0,0,0,0.4) 0%|rgba(0,0,0,0.4) 100%&#8221;][et_pb_row admin_label=&#8221;Page Title Area&#8221; _builder_version=&#8221;4.16&#8243; width=&#8221;100%&#8221; max_width=&#8221;2560px&#8221; module_alignment=&#8221;center&#8221; custom_margin=&#8221;-5.4%|auto|0px|auto|false|false&#8221; custom_padding=&#8221;0px||0px|||&#8221; global_colors_info=&#8221;{}&#8221;][et_pb_column type=&#8221;4_4&#8243; _builder_version=&#8221;4.16&#8243; custom_padding=&#8221;|||&#8221; global_colors_info=&#8221;{}&#8221; custom_padding__hover=&#8221;|||&#8221;][et_pb_text content_tablet=&#8221;<\/p>\n<h1>Turnaround: El cambio de rumbo<\/h1>\n<h1>Una oportunidad positiva para la transformaci\u00f3n empresarial<\/h1>\n<p>&#8221; content_phone=&#8221;<\/p>\n<h3>Impacto directo en la cuenta de resultados:<br \/>c\u00f3mo los Interim Managers transforman<br \/>las compa\u00f1\u00edas<\/h3>\n<p>&#8221; content_last_edited=&#8221;on|phone&#8221; admin_label=&#8221;Hero Section Title&#8221; _builder_version=&#8221;4.27.4&#8243; text_font=&#8221;Montserrat|800|||||||&#8221; text_font_size=&#8221;18px&#8221; text_line_height=&#8221;1.3em&#8221; header_font=&#8221;Montserrat|700|||||||&#8221; header_font_size=&#8221;56px&#8221; header_letter_spacing=&#8221;3px&#8221; header_line_height=&#8221;1.1em&#8221; header_2_font=&#8221;Montserrat|700|||||||&#8221; header_2_text_color=&#8221;rgba(255,255,255,0.6)&#8221; header_2_font_size=&#8221;90px&#8221; header_2_letter_spacing=&#8221;3px&#8221; header_2_line_height=&#8221;1.1em&#8221; header_3_font_size=&#8221;33px&#8221; text_orientation=&#8221;center&#8221; background_layout=&#8221;dark&#8221; max_width=&#8221;900px&#8221; module_alignment=&#8221;center&#8221; min_height=&#8221;85px&#8221; custom_margin=&#8221;0px||10px||false|false&#8221; custom_padding=&#8221;0px||0px||false|false&#8221; animation_style=&#8221;fade&#8221; animation_direction=&#8221;bottom&#8221; animation_duration=&#8221;1350ms&#8221; header_font_size_tablet=&#8221;&#8221; header_font_size_phone=&#8221;28px&#8221; header_font_size_last_edited=&#8221;on|phone&#8221; header_2_font_size_tablet=&#8221;&#8221; header_2_font_size_phone=&#8221;50px&#8221; header_2_font_size_last_edited=&#8221;on|phone&#8221; text_text_shadow_style=&#8221;preset1&#8243; text_text_shadow_horizontal_length=&#8221;0.38em&#8221; inline_fonts=&#8221;Prata,Montserrat&#8221; global_colors_info=&#8221;{}&#8221;]<\/p>\n<h3>Impacto directo en la cuenta de resultados:<br \/>c\u00f3mo los Interim Managers transforman<br \/>las compa\u00f1\u00edas<\/h3>\n<p>[\/et_pb_text][\/et_pb_column][\/et_pb_row][\/et_pb_section][et_pb_section fb_built=&#8221;1&#8243; admin_label=&#8221;header2&#8243; _builder_version=&#8221;4.27.4&#8243; _module_preset=&#8221;default&#8221; custom_padding=&#8221;0px||||false|false&#8221; animation_style=&#8221;fade&#8221; locked=&#8221;off&#8221; collapsed=&#8221;on&#8221; global_colors_info=&#8221;{}&#8221;][et_pb_row _builder_version=&#8221;4.19.3&#8243; _module_preset=&#8221;default&#8221; global_colors_info=&#8221;{}&#8221;][et_pb_column type=&#8221;4_4&#8243; _builder_version=&#8221;4.19.3&#8243; _module_preset=&#8221;default&#8221; global_colors_info=&#8221;{}&#8221;][et_pb_text _builder_version=&#8221;4.27.4&#8243; _module_preset=&#8221;default&#8221; text_font=&#8221;|700|||||||&#8221; text_text_color=&#8221;#000000&#8243; custom_css_main_element=&#8221;strong {||  color: #e09900;||}&#8221; locked=&#8221;off&#8221; global_colors_info=&#8221;{}&#8221;]<\/p>\n<p style=\"text-align: center;\">En un entorno empresarial de creciente competitividad, <strong>las compa\u00f1\u00edas necesitan generar <\/strong><strong>resultados medibles en plazos cada vez m\u00e1s cortos<\/strong>. La agilidad para transformar operaciones, mejorar la rentabilidad o impulsar el crecimiento comercial es hoy en un factor cr\u00edtico de supervivencia. En este contexto, el Interim Management se ha consolidado como una herramienta estrat\u00e9gica para impactar directamente en el negocio, incorporando talento directivo senior de forma inmediata y por un periodo de tiempo determinado.<\/p>\n<p>[\/et_pb_text][\/et_pb_column][\/et_pb_row][et_pb_row column_structure=&#8221;1_2,1_2&#8243; _builder_version=&#8221;4.27.4&#8243; _module_preset=&#8221;default&#8221; global_colors_info=&#8221;{}&#8221;][et_pb_column type=&#8221;1_2&#8243; _builder_version=&#8221;4.27.4&#8243; _module_preset=&#8221;default&#8221; global_colors_info=&#8221;{}&#8221;][et_pb_text _builder_version=&#8221;4.27.4&#8243; _module_preset=&#8221;default&#8221; text_text_color=&#8221;#000000&#8243; header_text_color=&#8221;#FFFFFF&#8221; animation_style=&#8221;flip&#8221; animation_direction=&#8221;left&#8221; animation_intensity_flip=&#8221;30%&#8221; animation_starting_opacity=&#8221;100%&#8221; custom_css_main_element=&#8221;strong {||  color: #000;||}&#8221; custom_css_free_form=&#8221;ul li::marker {||  color: #e09900; ||}||&#8221; locked=&#8221;off&#8221; global_colors_info=&#8221;{}&#8221;]<\/p>\n<p>Cuando una compa\u00f1\u00eda enfrenta un desaf\u00edo estrat\u00e9gico, como recuperar rentabilidad, integrar una adquisici\u00f3n o escalar internacionalmente, no siempre dispone del talento interno para hacerlo con la velocidad necesaria. En este contexto, <strong><em>\u201cel valor del Interim Management radica en su orientaci\u00f3n absoluta a resultados\u201d<\/em>, asegura Jorge Ramos, Managing Partner de EIM Espa\u00f1a.<\/strong> El directivo tambi\u00e9n apunta que los \u201cInterim Managers se incorporan con una hoja de ruta clara, asumiendo responsabilidades ejecutivas y desplegando acciones concretas que generan efectos inmediatos en los m\u00e1rgenes, los ingresos o los ahorros de costes. Adem\u00e1s, al trabajar con objetivos medibles, la mejora en la cuenta de resultados se evidencia desde los primeros meses\u201d.<\/p>\n<p>Aunque el interim management es aplicable a m\u00faltiples contextos, este modelo directivo consigue un impacto m\u00e1s r\u00e1pido en aquellas situaciones en las que los tiempos son determinantes y los riesgos elevados, como los procesos de transformaci\u00f3n operativa, restructuring financiero y crecimiento internacional.<\/p>\n<p>[\/et_pb_text][\/et_pb_column][et_pb_column type=&#8221;1_2&#8243; _builder_version=&#8221;4.27.4&#8243; _module_preset=&#8221;default&#8221; global_colors_info=&#8221;{}&#8221;][et_pb_divider color=&#8221;#e09900&#8243; divider_weight=&#8221;6px&#8221; _builder_version=&#8221;4.27.4&#8243; _module_preset=&#8221;default&#8221; width=&#8221;10%&#8221; min_height=&#8221;0px&#8221; custom_margin=&#8221;0px||0px||false|false&#8221; custom_padding=&#8221;0px||0px||false|false&#8221; global_colors_info=&#8221;{}&#8221;][\/et_pb_divider][et_pb_text _builder_version=&#8221;4.27.4&#8243; _module_preset=&#8221;default&#8221; text_text_color=&#8221;#e09900&#8243; text_font_size=&#8221;20px&#8221; header_text_color=&#8221;#FFFFFF&#8221; custom_margin=&#8221;0px||||false|false&#8221; custom_padding=&#8221;0px||||false|false&#8221; animation_style=&#8221;flip&#8221; animation_direction=&#8221;left&#8221; animation_intensity_flip=&#8221;30%&#8221; animation_starting_opacity=&#8221;100%&#8221; custom_css_main_element=&#8221;strong {||  color: #e09900;||}&#8221; custom_css_free_form=&#8221;ul li::marker {||  color: #e09900; ||}||||strong {||  color: #e09900;||}&#8221; locked=&#8221;off&#8221; global_colors_info=&#8221;{}&#8221;]<\/p>\n<p>\u201cCuando hablamos de eficiencia operativa, un Interim Manager puede <strong>revisar la cadena de valor, renegociar proveedores, optimizar plantas o reorganizar la estructura de costes.<\/strong> En una situaci\u00f3n de expansi\u00f3n, puede abrir mercados o reestructurar la fuerza comercial para <strong>acelerar ingresos.<\/strong> Y en un turnaround financiero, su labor es clave para <strong>proteger la caja y recuperar la credibilidad<\/strong> ante inversores y bancos. En definitiva, se trata de acortar plazos y generar impacto tangible\u201d, explica Ramos.<\/p>\n<p>[\/et_pb_text][\/et_pb_column][\/et_pb_row][\/et_pb_section][et_pb_section fb_built=&#8221;1&#8243; admin_label=&#8221;francia3&#8243; _builder_version=&#8221;4.27.4&#8243; _module_preset=&#8221;default&#8221; background_color=&#8221;#3c5b74&#8243; custom_margin=&#8221;||||false|false&#8221; custom_padding=&#8221;100px||75px||false|false&#8221; top_divider_style=&#8221;slant&#8221; top_divider_color=&#8221;#FFFFFF&#8221; top_divider_flip=&#8221;vertical&#8221; bottom_divider_color=&#8221;#FFFFFF&#8221; bottom_divider_flip=&#8221;vertical&#8221; locked=&#8221;off&#8221; collapsed=&#8221;on&#8221; global_colors_info=&#8221;{}&#8221;][et_pb_row _builder_version=&#8221;4.27.4&#8243; _module_preset=&#8221;default&#8221; global_colors_info=&#8221;{}&#8221;][et_pb_column type=&#8221;4_4&#8243; _builder_version=&#8221;4.27.4&#8243; _module_preset=&#8221;default&#8221; global_colors_info=&#8221;{}&#8221;][et_pb_text _builder_version=&#8221;4.27.4&#8243; _module_preset=&#8221;default&#8221; text_font=&#8221;|600|||||||&#8221; text_text_color=&#8221;#FFFFFF&#8221; text_font_size=&#8221;30px&#8221; custom_margin=&#8221;0px||18px||false|false&#8221; custom_padding=&#8221;0px||||false|false&#8221; locked=&#8221;off&#8221; global_colors_info=&#8221;{}&#8221;]<\/p>\n<p style=\"text-align: center;\">Resultados medibles y aceleraci\u00f3n de procesos<\/p>\n<p>[\/et_pb_text][et_pb_text _builder_version=&#8221;4.27.4&#8243; _module_preset=&#8221;default&#8221; text_font=&#8221;|300|||||||&#8221; text_text_color=&#8221;#FFFFFF&#8221; header_text_color=&#8221;#FFFFFF&#8221; animation_style=&#8221;flip&#8221; animation_direction=&#8221;left&#8221; animation_intensity_flip=&#8221;30%&#8221; animation_starting_opacity=&#8221;100%&#8221; custom_css_free_form=&#8221;ul li::marker {||  color: #e09900; ||}||||strong {||  color: #3c5a74;||}&#8221; locked=&#8221;off&#8221; global_colors_info=&#8221;{}&#8221;]<\/p>\n<p style=\"text-align: center;\">El Grupo EIM es una de las compa\u00f1\u00edas de referencia en servicios de Interim Management en todo el mundo. Inici\u00f3 su actividad hace m\u00e1s de 35 a\u00f1os en Suiza, y se ha extendido por toda Europa, Latinoam\u00e9rica, Asia y Australia. En Espa\u00f1a, acaba de cumplir 25 a\u00f1os de actividad con m\u00e1s de 1.200 proyectos ejecutados en 25 pa\u00edses. Una dilatada trayectoria en la que cuentan con m\u00faltiples ejemplos en los que la intervenci\u00f3n de sus Interim Manager ha tenido un efecto directo en la cuenta de resultados.<\/p>\n<p>[\/et_pb_text][et_pb_text _builder_version=&#8221;4.27.4&#8243; _module_preset=&#8221;default&#8221; text_font=&#8221;|300|||||||&#8221; text_text_color=&#8221;#FFFFFF&#8221; header_text_color=&#8221;#FFFFFF&#8221; animation_style=&#8221;flip&#8221; animation_direction=&#8221;left&#8221; animation_intensity_flip=&#8221;30%&#8221; animation_starting_opacity=&#8221;100%&#8221; custom_css_main_element=&#8221;strong {||  color: #fff;||}&#8221; custom_css_free_form=&#8221;ul li::marker {||  color: #e09900; ||}||||&#8221; locked=&#8221;off&#8221; global_colors_info=&#8221;{}&#8221;]<\/p>\n<p style=\"text-align: center;\">Jorge Ramos refiere un caso muy ilustrativo, el de <em><strong>\u201cuna empresa industrial cotizada, con fuerte exposici\u00f3n internacional y una operativa muy intensiva, que se encontraba inmersa en un plan de transformaci\u00f3n para recuperar competitividad. Incorporamos un Chief Transformation Officer interino, que en menos de un a\u00f1o identific\u00f3 y ejecut\u00f3 ahorros recurrentes superiores a 10 millones de euros. Su papel fue determinante para alinear la estrategia con la ejecuci\u00f3n. Dinamiz\u00f3 los recursos internos, gestion\u00f3 una consultora especializada y, sobre todo, garantiz\u00f3 que la compa\u00f1\u00eda pudiera implementar las mejoras sin comprometer la continuidad del negocio\u201d<\/strong>.<\/em><\/p>\n<p>[\/et_pb_text][et_pb_text _builder_version=&#8221;4.27.4&#8243; _module_preset=&#8221;default&#8221; text_font=&#8221;|300|||||||&#8221; text_text_color=&#8221;#FFFFFF&#8221; header_text_color=&#8221;#FFFFFF&#8221; animation_style=&#8221;flip&#8221; animation_direction=&#8221;left&#8221; animation_intensity_flip=&#8221;30%&#8221; animation_starting_opacity=&#8221;100%&#8221; custom_css_main_element=&#8221;strong {||  color: #fff;||}&#8221; custom_css_free_form=&#8221;ul li::marker {||  color: #e09900; ||}||||&#8221; locked=&#8221;off&#8221; global_colors_info=&#8221;{}&#8221;]<\/p>\n<p style=\"text-align: center;\">Este un ejemplo claro de c\u00f3mo el Interim Management convierte la estrategia en resultados medibles y, adem\u00e1s, es capaz de acelerar el proceso. La clave est\u00e1 en la velocidad de incorporaci\u00f3n de estos ejecutivos y la experiencia previa de m\u00e1s de 15 a\u00f1os liderando proyectos similares, recuerda Jorge Ramos, y a\u00f1ade: <em><strong>\u201cun Interim Manager no necesita una curva de aprendizaje larga: entiende el reto desde el primer d\u00eda, moviliza al equipo y se centra en generar impacto inmediato. Adem\u00e1s, la figura del partner de EIM acompa\u00f1a durante toda la misi\u00f3n, asegurando que el dise\u00f1o, la ejecuci\u00f3n y la medici\u00f3n de resultados est\u00e9n perfectamente alineadas.\u201d<\/strong><\/em><\/p>\n<p>[\/et_pb_text][\/et_pb_column][\/et_pb_row][\/et_pb_section][et_pb_section fb_built=&#8221;1&#8243; next_background_color=&#8221;#FFFFFF&#8221; _builder_version=&#8221;4.27.4&#8243; _module_preset=&#8221;default&#8221; background_color=&#8221;#FFFFFF&#8221; background_image=&#8221;https:\/\/www.eim.com\/es\/wp-content\/uploads\/sites\/10\/2025\/09\/Imagen-1_Mesa-de-trabajo-1-1-2.jpg&#8221; module_alignment=&#8221;center&#8221; height=&#8221;600px&#8221; custom_margin=&#8221;0px||0px||false|false&#8221; custom_padding=&#8221;10em||80px||false|false&#8221; top_divider_style=&#8221;slant&#8221; top_divider_color=&#8221;#3c5b74&#8243; top_divider_arrangement=&#8221;above_content&#8221; bottom_divider_style=&#8221;slant&#8221; bottom_divider_flip=&#8221;horizontal&#8221; background_last_edited=&#8221;on|phone&#8221; background_position_phone=&#8221;top_right&#8221; background_horizontal_offset_phone=&#8221;1%&#8221; global_colors_info=&#8221;{}&#8221;][\/et_pb_section][et_pb_section fb_built=&#8221;1&#8243; admin_label=&#8221;alemania4&#8243; _builder_version=&#8221;4.27.4&#8243; _module_preset=&#8221;default&#8221; background_color=&#8221;#FFFFFF&#8221; background_enable_image=&#8221;off&#8221; module_alignment=&#8221;center&#8221; custom_margin=&#8221;0px||0px||false|false&#8221; custom_padding=&#8221;10em||80px||false|false&#8221; top_divider_color=&#8221;#3c5b74&#8243; top_divider_arrangement=&#8221;above_content&#8221; bottom_divider_color=&#8221;#3C5B74&#8243; bottom_divider_flip=&#8221;vertical|horizontal&#8221; background_last_edited=&#8221;on|phone&#8221; background_position_phone=&#8221;top_right&#8221; background_horizontal_offset_phone=&#8221;1%&#8221; locked=&#8221;off&#8221; collapsed=&#8221;on&#8221; global_colors_info=&#8221;{}&#8221;][et_pb_row _builder_version=&#8221;4.27.4&#8243; _module_preset=&#8221;default&#8221; global_colors_info=&#8221;{}&#8221;][et_pb_column type=&#8221;4_4&#8243; _builder_version=&#8221;4.27.4&#8243; _module_preset=&#8221;default&#8221; global_colors_info=&#8221;{}&#8221;][et_pb_text _builder_version=&#8221;4.27.4&#8243; _module_preset=&#8221;default&#8221; text_font=&#8221;|600|||||||&#8221; text_text_color=&#8221;#e09900&#8243; text_font_size=&#8221;28px&#8221; global_colors_info=&#8221;{}&#8221;]<\/p>\n<p style=\"text-align: center;\">Intervenci\u00f3n en \u00e1reas funcionales y<br \/>entornos internacionales<\/p>\n<p>[\/et_pb_text][\/et_pb_column][\/et_pb_row][et_pb_row column_structure=&#8221;1_3,1_3,1_3&#8243; _builder_version=&#8221;4.27.4&#8243; _module_preset=&#8221;default&#8221; global_colors_info=&#8221;{}&#8221;][et_pb_column type=&#8221;1_3&#8243; _builder_version=&#8221;4.27.4&#8243; _module_preset=&#8221;default&#8221; global_colors_info=&#8221;{}&#8221;][et_pb_text _builder_version=&#8221;4.27.4&#8243; _module_preset=&#8221;default&#8221; text_text_color=&#8221;#000000&#8243; header_text_color=&#8221;#FFFFFF&#8221; animation_style=&#8221;flip&#8221; animation_direction=&#8221;left&#8221; animation_intensity_flip=&#8221;30%&#8221; animation_starting_opacity=&#8221;100%&#8221; custom_css_free_form=&#8221;ul li::marker {||  color: #e09900; ||}||||strong {||  color: #3c5a74;||}&#8221; locked=&#8221;off&#8221; global_colors_info=&#8221;{}&#8221;]<\/p>\n<p>El Interim Management tambi\u00e9n puede impulsar el crecimiento del negocio interviniendo en un \u00e1rea funcional espec\u00edfica, como compras o mantenimiento, tal y como describe Ramos. \u201cUn ejemplo reciente es el de una compa\u00f1\u00eda sider\u00fargica, donde actuamos en el \u00e1rea de compras de mantenimiento. La empresa necesitaba reordenar su parque de proveedores y optimizar sus procesos para ganar eficiencia. Nuestro Interim Manager lanz\u00f3 nuevas licitaciones, renegoci\u00f3 contratos clave y redise\u00f1\u00f3 la relaci\u00f3n con los proveedores. El resultado fue un ahorro directo superior a 500.000 euros en pocos meses. Pero lo m\u00e1s valioso es que logramos transformar la cultura interna, implantando pr\u00e1cticas de compras m\u00e1s estrat\u00e9gicas y fomentando la relaci\u00f3n con los proveedores como socios de negocio. De esta manera, el impacto no solo fue inmediato en la cuenta de resultados, sino que dej\u00f3 un legado para el futuro.\u201d<\/p>\n<p>[\/et_pb_text][\/et_pb_column][et_pb_column type=&#8221;1_3&#8243; _builder_version=&#8221;4.27.4&#8243; _module_preset=&#8221;default&#8221; global_colors_info=&#8221;{}&#8221;][et_pb_image src=&#8221;https:\/\/www.eim.com\/es\/wp-content\/uploads\/sites\/10\/2025\/09\/Imagen-2-1.png&#8221; title_text=&#8221;Imagen 2&#8243; _builder_version=&#8221;4.27.4&#8243; _module_preset=&#8221;default&#8221; global_colors_info=&#8221;{}&#8221;][\/et_pb_image][\/et_pb_column][et_pb_column type=&#8221;1_3&#8243; _builder_version=&#8221;4.27.4&#8243; _module_preset=&#8221;default&#8221; global_colors_info=&#8221;{}&#8221;][et_pb_text _builder_version=&#8221;4.27.4&#8243; _module_preset=&#8221;default&#8221; text_text_color=&#8221;#000000&#8243; header_text_color=&#8221;#FFFFFF&#8221; animation_style=&#8221;flip&#8221; animation_direction=&#8221;left&#8221; animation_intensity_flip=&#8221;30%&#8221; animation_starting_opacity=&#8221;100%&#8221; custom_css_free_form=&#8221;ul li::marker {||  color: #e09900; ||}||||strong {||  color: #3c5a74;||}&#8221; locked=&#8221;off&#8221; global_colors_info=&#8221;{}&#8221;]<\/p>\n<p>Otro factor a tener en cuenta a la hora de valorar la incorporaci\u00f3n de un Interim Manager es su enfoque trasnacional, y la capacidad de acelerar el crecimiento y la rentabilidad dentro y fuera de Espa\u00f1a. El m\u00e1ximo directivo de EIM Espa\u00f1a lo ilustra con un ejemplo dentro del sector alimentario, una empresa espa\u00f1ola con presencia global, cuyo principal mercado internacional es Estados Unidos, abastecido desde M\u00e9xico. \u201cLa compa\u00f1\u00eda necesitaba impulsar las ventas y mejorar la rentabilidad de su filial norteamericana. Nuestro Interim Manager asumi\u00f3 la direcci\u00f3n operativa de la regi\u00f3n, logrando activar el crecimiento comercial tanto en M\u00e9xico como en EE. UU. y llevando la rentabilidad a niveles similares a los de Espa\u00f1a. Esta intervenci\u00f3n se reflej\u00f3 de inmediato en la cuenta de resultados consolidada, adem\u00e1s de afianzar la posici\u00f3n de la empresa en un mercado tan estrat\u00e9gico.\u201d<\/p>\n<p>[\/et_pb_text][\/et_pb_column][\/et_pb_row][\/et_pb_section][et_pb_section fb_built=&#8221;1&#8243; prev_background_color=&#8221;#FFFFFF&#8221; next_background_color=&#8221;#ffffff&#8221; admin_label=&#8221;referenciasdocumentales11&#8243; _builder_version=&#8221;4.27.4&#8243; _module_preset=&#8221;default&#8221; background_color=&#8221;#e3e3e3&#8243; background_image=&#8221;https:\/\/www.eim.com\/es\/wp-content\/uploads\/sites\/10\/2025\/09\/Imagen-3-con-mancha-para-texto.png&#8221; custom_margin=&#8221;||||false|false&#8221; custom_padding=&#8221;||3em||false|false&#8221; top_divider_style=&#8221;slant&#8221; top_divider_flip=&#8221;horizontal&#8221; bottom_divider_style=&#8221;slant&#8221; collapsed=&#8221;on&#8221; global_colors_info=&#8221;{}&#8221;][et_pb_row column_structure=&#8221;2_3,1_3&#8243; _builder_version=&#8221;4.27.4&#8243; _module_preset=&#8221;default&#8221; custom_padding=&#8221;3em||||false|false&#8221; global_colors_info=&#8221;{}&#8221;][et_pb_column type=&#8221;2_3&#8243; _builder_version=&#8221;4.27.4&#8243; _module_preset=&#8221;default&#8221; global_colors_info=&#8221;{}&#8221;][et_pb_text _builder_version=&#8221;4.27.4&#8243; _module_preset=&#8221;default&#8221; text_font=&#8221;||||||||&#8221; text_text_color=&#8221;#e09900&#8243; text_font_size=&#8221;34px&#8221; custom_margin=&#8221;0px||18px||false|false&#8221; custom_padding=&#8221;0px||||false|false&#8221; locked=&#8221;off&#8221; global_colors_info=&#8221;{}&#8221;]<\/p>\n<p style=\"text-align: center;\">M\u00e1s all\u00e1 de la consultor\u00eda<\/p>\n<p>[\/et_pb_text][et_pb_text _builder_version=&#8221;4.27.4&#8243; _module_preset=&#8221;default&#8221; text_font=&#8221;|300|||||||&#8221; text_text_color=&#8221;#000000&#8243; link_font=&#8221;|600|||on||||&#8221; link_text_color=&#8221;#3c5b74&#8243; custom_margin=&#8221;20px||10px||false|false&#8221; custom_padding=&#8221;0px||||false|false&#8221; locked=&#8221;off&#8221; global_colors_info=&#8221;{}&#8221;]<\/p>\n<p style=\"text-align: center;\">Llegados a este punto, podr\u00eda parecer que el enfoque de un Interim Manager puede ser similar al de un proyecto cl\u00e1sico de consultor\u00eda. Pero existe una clara diferencia entre ambos servicios profesionales: la ejecuci\u00f3n. Para Jorge Ramos, \u201cun consultor puede hacer un excelente diagn\u00f3stico y proponer mejoras, pero el Interim Manager asume la responsabilidad de implementarlas. Es un directivo con poder de decisi\u00f3n, que lidera el cambio desde dentro, con la ventaja de no verse condicionado por inercias pol\u00edticas o burocr\u00e1ticas. Por eso el impacto en la cuenta de resultados es m\u00e1s r\u00e1pido y tangible.\u201d<\/p>\n<p>[\/et_pb_text][et_pb_text _builder_version=&#8221;4.27.4&#8243; _module_preset=&#8221;default&#8221; text_font=&#8221;|300|||||||&#8221; text_text_color=&#8221;#000000&#8243; link_font=&#8221;|600|||on||||&#8221; link_text_color=&#8221;#3c5b74&#8243; custom_margin=&#8221;0px||20px||false|false&#8221; custom_padding=&#8221;0px||||false|false&#8221; locked=&#8221;off&#8221; global_colors_info=&#8221;{}&#8221;]<\/p>\n<p style=\"text-align: center;\">La combinaci\u00f3n de velocidad, experiencia y foco en resultados es com\u00fan a todos los trabajos de Interim Management. Cada misi\u00f3n arranca con un diagn\u00f3stico preciso y una hoja de ruta clara. El directivo se incorpora en cuesti\u00f3n de d\u00edas, no de meses, y se concentra en ejecutar acciones que generen efecto inmediato, al mismo tiempo que deja una estructura preparada para sostener los resultados en el largo plazo.<\/p>\n<p>[\/et_pb_text][et_pb_text _builder_version=&#8221;4.27.4&#8243; _module_preset=&#8221;default&#8221; text_font=&#8221;|300|||||||&#8221; text_text_color=&#8221;#000000&#8243; link_font=&#8221;|600|||on||||&#8221; link_text_color=&#8221;#3c5b74&#8243; custom_margin=&#8221;0px||40px||false|false&#8221; custom_padding=&#8221;0px||||false|false&#8221; locked=&#8221;off&#8221; global_colors_info=&#8221;{}&#8221;]<\/p>\n<p style=\"text-align: center;\">En definitiva, el modelo de Interim Management se ha convertido en la actualidad en una palanca estrat\u00e9gica para muchas compa\u00f1\u00edas inmersas en procesos de transformaci\u00f3n.<\/p>\n<p>[\/et_pb_text][\/et_pb_column][et_pb_column type=&#8221;1_3&#8243; _builder_version=&#8221;4.27.4&#8243; _module_preset=&#8221;default&#8221; global_colors_info=&#8221;{}&#8221;][\/et_pb_column][\/et_pb_row][\/et_pb_section][et_pb_section fb_built=&#8221;1&#8243; _builder_version=&#8221;4.27.4&#8243; _module_preset=&#8221;default&#8221; background_enable_color=&#8221;off&#8221; custom_margin=&#8221;||-52px||false|false&#8221; custom_padding=&#8221;||||false|false&#8221; top_divider_color=&#8221;#e3e3e3&#8243; global_colors_info=&#8221;{}&#8221;][et_pb_row column_structure=&#8221;1_4,3_4&#8243; _builder_version=&#8221;4.27.4&#8243; _module_preset=&#8221;default&#8221; global_colors_info=&#8221;{}&#8221;][et_pb_column type=&#8221;1_4&#8243; _builder_version=&#8221;4.27.4&#8243; _module_preset=&#8221;default&#8221; global_colors_info=&#8221;{}&#8221;][et_pb_image src=&#8221;https:\/\/www.eim.com\/es\/wp-content\/uploads\/sites\/10\/2025\/09\/Jorge-Ramos.png&#8221; title_text=&#8221;Jorge Ramos&#8221; _builder_version=&#8221;4.27.4&#8243; _module_preset=&#8221;default&#8221; global_colors_info=&#8221;{}&#8221;][\/et_pb_image][\/et_pb_column][et_pb_column type=&#8221;3_4&#8243; _builder_version=&#8221;4.27.4&#8243; _module_preset=&#8221;default&#8221; global_colors_info=&#8221;{}&#8221;][et_pb_text _builder_version=&#8221;4.27.4&#8243; _module_preset=&#8221;default&#8221; text_font=&#8221;|300|||||||&#8221; text_text_color=&#8221;#e09900&#8243; text_font_size=&#8221;20px&#8221; link_font=&#8221;|600|||on||||&#8221; link_text_color=&#8221;#3c5b74&#8243; custom_margin=&#8221;20px||10px||false|false&#8221; custom_padding=&#8221;0px||||false|false&#8221; custom_css_main_element=&#8221;strong {||  color: #e09900;||}&#8221; locked=&#8221;off&#8221; global_colors_info=&#8221;{}&#8221;]<\/p>\n<p style=\"text-align: left;\"><strong>No se trata solo de cubrir una vacante temporal, sino de acelerar el <\/strong><strong>cambio con ejecutivos senior que saben hacer que las cosas pasen. El <\/strong><strong>objetivo va m\u00e1s all\u00e1, cuando el Interim Manager finaliza su misi\u00f3n, la <\/strong><strong>compa\u00f1\u00eda no solo mejora su cuenta de resultados, sino que tambi\u00e9n <\/strong><strong>adquiere nuevas capacidades para competir con \u00e9xito en el futuro.<\/strong><\/p>\n<p>[\/et_pb_text][et_pb_divider color=&#8221;#e09900&#8243; divider_weight=&#8221;6px&#8221; _builder_version=&#8221;4.27.4&#8243; _module_preset=&#8221;default&#8221; width=&#8221;10%&#8221; min_height=&#8221;0px&#8221; custom_margin=&#8221;0px||0px||false|false&#8221; custom_padding=&#8221;0px||0px||false|false&#8221; global_colors_info=&#8221;{}&#8221;][\/et_pb_divider][et_pb_text _builder_version=&#8221;4.27.4&#8243; _module_preset=&#8221;default&#8221; text_font=&#8221;|700|||||||&#8221; text_text_color=&#8221;#e09900&#8243; text_font_size=&#8221;20px&#8221; link_font=&#8221;|600|||on||||&#8221; link_text_color=&#8221;#3c5b74&#8243; custom_margin=&#8221;||0px||false|false&#8221; custom_padding=&#8221;0px||0px||false|false&#8221; custom_css_main_element=&#8221;strong {||  color: #e09900;||}&#8221; locked=&#8221;off&#8221; global_colors_info=&#8221;{}&#8221;]<\/p>\n<p style=\"text-align: left;\">JORGE RAMOS<\/p>\n<p>[\/et_pb_text][et_pb_text _builder_version=&#8221;4.27.4&#8243; _module_preset=&#8221;default&#8221; text_font=&#8221;||||||||&#8221; text_text_color=&#8221;#000000&#8243; text_font_size=&#8221;17px&#8221; link_font=&#8221;|600|||on||||&#8221; link_text_color=&#8221;#3c5b74&#8243; custom_margin=&#8221;0px||10px||false|false&#8221; custom_padding=&#8221;0px||||false|false&#8221; custom_css_main_element=&#8221;strong {||  color: #e09900;||}&#8221; locked=&#8221;off&#8221; global_colors_info=&#8221;{}&#8221;]<\/p>\n<p style=\"text-align: left;\"><em>Managing Partner de EIM Espa\u00f1a<\/em><\/p>\n<p>[\/et_pb_text][\/et_pb_column][\/et_pb_row][\/et_pb_section][et_pb_section fb_built=&#8221;1&#8243; _builder_version=&#8221;4.27.4&#8243; _module_preset=&#8221;default&#8221; background_color=&#8221;#E09900&#8243; custom_margin=&#8221;||-52px||false|false&#8221; custom_padding=&#8221;||||false|false&#8221; top_divider_style=&#8221;slant&#8221; top_divider_color=&#8221;#ffffff&#8221; bottom_divider_color=&#8221;#FFFFFF&#8221; bottom_divider_flip=&#8221;horizontal&#8221; locked=&#8221;off&#8221; collapsed=&#8221;on&#8221; global_colors_info=&#8221;{}&#8221;][et_pb_row _builder_version=&#8221;4.16&#8243; custom_padding=&#8221;64px|||||&#8221; global_colors_info=&#8221;{}&#8221;][et_pb_column type=&#8221;4_4&#8243; _builder_version=&#8221;4.16&#8243; global_colors_info=&#8221;{}&#8221;][et_pb_text admin_label=&#8221;Title&#8221; _builder_version=&#8221;4.16&#8243; text_font=&#8221;||||||||&#8221; text_text_color=&#8221;#ffffff&#8221; header_font=&#8221;Prata||||||||&#8221; header_2_font=&#8221;Montserrat|700|||||||&#8221; header_2_text_align=&#8221;center&#8221; header_2_font_size=&#8221;30px&#8221; custom_margin=&#8221;||5px|&#8221; custom_padding=&#8221;||0px|||&#8221; animation_style=&#8221;fade&#8221; animation_direction=&#8221;top&#8221; animation_duration=&#8221;1350ms&#8221; animation_starting_opacity=&#8221;100%&#8221; inline_fonts=&#8221;Prata,Montserrat&#8221; global_colors_info=&#8221;{}&#8221;]<\/p>\n<h3 style=\"text-align: center\"><span style=\"font-family: Montserrat;color: #ffffff\">P\u00f3ngase en contacto con nosotros<\/span><\/h3>\n<p>[\/et_pb_text][\/et_pb_column][\/et_pb_row][et_pb_row column_structure=&#8221;1_5,3_5,1_5&#8243; _builder_version=&#8221;4.16&#8243; custom_padding=&#8221;0px|||||&#8221; global_colors_info=&#8221;{}&#8221;][et_pb_column type=&#8221;1_5&#8243; _builder_version=&#8221;4.16&#8243; global_colors_info=&#8221;{}&#8221;][\/et_pb_column][et_pb_column type=&#8221;3_5&#8243; _builder_version=&#8221;4.16&#8243; global_colors_info=&#8221;{}&#8221;][et_pb_text _builder_version=&#8221;4.16&#8243; global_colors_info=&#8221;{}&#8221;]<\/p>\n<p style=\"text-align: center\"><span style=\"color: #ffffff\">Juntos podemos encontrar la soluci\u00f3n que est\u00e1 buscando.<\/span><\/p>\n<p>[\/et_pb_text][et_pb_button button_url=&#8221;@ET-DC@eyJkeW5hbWljIjp0cnVlLCJjb250ZW50IjoicG9zdF9saW5rX3VybF9wYWdlIiwic2V0dGluZ3MiOnsicG9zdF9pZCI6IjExOCIsImVuYWJsZV9odG1sIjoib2ZmIn19@&#8221; button_text=&#8221;CONT\u00c1CTENOS&#8221; button_alignment=&#8221;center&#8221; _builder_version=&#8221;4.16&#8243; _dynamic_attributes=&#8221;button_url&#8221; background_layout=&#8221;dark&#8221; global_colors_info=&#8221;{}&#8221;][\/et_pb_button][\/et_pb_column][et_pb_column type=&#8221;1_5&#8243; _builder_version=&#8221;4.16&#8243; global_colors_info=&#8221;{}&#8221;][\/et_pb_column][\/et_pb_row][\/et_pb_section]<\/p>\n","protected":false},"excerpt":{"rendered":"<p>Interim Management se ha consolidado como una herramienta estrat\u00e9gica para impactar directamente en el negocio, incorporando talento directivo senior deforma inmediata y por un periodo de tiempo determinado.<\/p>\n","protected":false},"author":350,"featured_media":13489,"comment_status":"open","ping_status":"open","sticky":false,"template":"","format":"standard","meta":{"_et_pb_use_builder":"on","_et_pb_old_content":"","_et_gb_content_width":"","footnotes":""},"categories":[62],"tags":[],"class_list":["post-13488","post","type-post","status-publish","format-standard","has-post-thumbnail","hentry","category-articulos"],"yoast_head":"<!-- This site is optimized with the Yoast SEO Premium plugin v27.5 (Yoast SEO v27.5) - https:\/\/yoast.com\/product\/yoast-seo-premium-wordpress\/ -->\n<title>Impacto directo en la cuenta de resultados: c\u00f3mo los Interim Managers transforman las compa\u00f1\u00edas - Interim Management | EIM Spain<\/title>\n<meta name=\"description\" content=\"Interim Management se ha consolidado como una herramienta estrat\u00e9gica para impactar directamente en el negocio, incorporando talento directivo senior deforma inmediata y por un periodo de tiempo determinado.\" \/>\n<meta name=\"robots\" content=\"index, follow, max-snippet:-1, max-image-preview:large, max-video-preview:-1\" \/>\n<link rel=\"canonical\" href=\"https:\/\/www.eim.com\/es\/articulos\/impacto-directo-en-la-cuenta-de-resultados-como-los-interim-managers-transforman-las-companias\/\" \/>\n<meta property=\"og:locale\" content=\"es_ES\" \/>\n<meta property=\"og:type\" content=\"article\" \/>\n<meta property=\"og:title\" content=\"Impacto directo en la cuenta de resultados: c\u00f3mo los Interim Managers transforman las compa\u00f1\u00edas\" \/>\n<meta property=\"og:description\" content=\"Interim Management se ha consolidado como una herramienta estrat\u00e9gica para impactar directamente en el negocio, incorporando talento directivo senior deforma inmediata y por un periodo de tiempo determinado.\" \/>\n<meta property=\"og:url\" content=\"https:\/\/www.eim.com\/es\/articulos\/impacto-directo-en-la-cuenta-de-resultados-como-los-interim-managers-transforman-las-companias\/\" \/>\n<meta property=\"og:site_name\" content=\"Interim Management | EIM Spain\" \/>\n<meta property=\"article:published_time\" content=\"2025-09-18T08:14:52+00:00\" \/>\n<meta property=\"article:modified_time\" content=\"2026-04-09T11:29:05+00:00\" \/>\n<meta property=\"og:image\" content=\"https:\/\/www.eim.com\/es\/wp-content\/uploads\/sites\/10\/2025\/09\/Miniatura-400x250px_Impacto-directo-en-la-cuenta-de-resultados.png\" \/>\n\t<meta property=\"og:image:width\" content=\"400\" \/>\n\t<meta property=\"og:image:height\" content=\"250\" \/>\n\t<meta property=\"og:image:type\" content=\"image\/png\" \/>\n<meta name=\"author\" content=\"marketinges\" \/>\n<meta name=\"twitter:card\" content=\"summary_large_image\" \/>\n<meta name=\"twitter:label1\" content=\"Escrito por\" \/>\n\t<meta name=\"twitter:data1\" content=\"marketinges\" \/>\n\t<meta name=\"twitter:label2\" content=\"Tiempo de lectura\" \/>\n\t<meta name=\"twitter:data2\" content=\"7 minutos\" \/>\n<script type=\"application\/ld+json\" class=\"yoast-schema-graph\">{\"@context\":\"https:\\\/\\\/schema.org\",\"@graph\":[{\"@type\":\"Article\",\"@id\":\"https:\\\/\\\/www.eim.com\\\/es\\\/articulos\\\/impacto-directo-en-la-cuenta-de-resultados-como-los-interim-managers-transforman-las-companias\\\/#article\",\"isPartOf\":{\"@id\":\"https:\\\/\\\/www.eim.com\\\/es\\\/articulos\\\/impacto-directo-en-la-cuenta-de-resultados-como-los-interim-managers-transforman-las-companias\\\/\"},\"author\":{\"name\":\"marketinges\",\"@id\":\"https:\\\/\\\/www.eim.com\\\/es\\\/#\\\/schema\\\/person\\\/086ec007ce5017a9cdee90be7ddd4b62\"},\"headline\":\"Impacto directo en la cuenta de resultados: c\u00f3mo los Interim Managers transforman las compa\u00f1\u00edas\",\"datePublished\":\"2025-09-18T08:14:52+00:00\",\"dateModified\":\"2026-04-09T11:29:05+00:00\",\"mainEntityOfPage\":{\"@id\":\"https:\\\/\\\/www.eim.com\\\/es\\\/articulos\\\/impacto-directo-en-la-cuenta-de-resultados-como-los-interim-managers-transforman-las-companias\\\/\"},\"wordCount\":3458,\"commentCount\":0,\"image\":{\"@id\":\"https:\\\/\\\/www.eim.com\\\/es\\\/articulos\\\/impacto-directo-en-la-cuenta-de-resultados-como-los-interim-managers-transforman-las-companias\\\/#primaryimage\"},\"thumbnailUrl\":\"https:\\\/\\\/www.eim.com\\\/es\\\/wp-content\\\/uploads\\\/sites\\\/10\\\/2025\\\/09\\\/Miniatura-400x250px_Impacto-directo-en-la-cuenta-de-resultados.png\",\"articleSection\":[\"Art\u00edculos\"],\"inLanguage\":\"es\",\"potentialAction\":[{\"@type\":\"CommentAction\",\"name\":\"Comment\",\"target\":[\"https:\\\/\\\/www.eim.com\\\/es\\\/articulos\\\/impacto-directo-en-la-cuenta-de-resultados-como-los-interim-managers-transforman-las-companias\\\/#respond\"]}]},{\"@type\":\"WebPage\",\"@id\":\"https:\\\/\\\/www.eim.com\\\/es\\\/articulos\\\/impacto-directo-en-la-cuenta-de-resultados-como-los-interim-managers-transforman-las-companias\\\/\",\"url\":\"https:\\\/\\\/www.eim.com\\\/es\\\/articulos\\\/impacto-directo-en-la-cuenta-de-resultados-como-los-interim-managers-transforman-las-companias\\\/\",\"name\":\"Impacto directo en la cuenta de resultados: c\u00f3mo los Interim Managers transforman las compa\u00f1\u00edas - Interim Management | EIM Spain\",\"isPartOf\":{\"@id\":\"https:\\\/\\\/www.eim.com\\\/es\\\/#website\"},\"primaryImageOfPage\":{\"@id\":\"https:\\\/\\\/www.eim.com\\\/es\\\/articulos\\\/impacto-directo-en-la-cuenta-de-resultados-como-los-interim-managers-transforman-las-companias\\\/#primaryimage\"},\"image\":{\"@id\":\"https:\\\/\\\/www.eim.com\\\/es\\\/articulos\\\/impacto-directo-en-la-cuenta-de-resultados-como-los-interim-managers-transforman-las-companias\\\/#primaryimage\"},\"thumbnailUrl\":\"https:\\\/\\\/www.eim.com\\\/es\\\/wp-content\\\/uploads\\\/sites\\\/10\\\/2025\\\/09\\\/Miniatura-400x250px_Impacto-directo-en-la-cuenta-de-resultados.png\",\"datePublished\":\"2025-09-18T08:14:52+00:00\",\"dateModified\":\"2026-04-09T11:29:05+00:00\",\"author\":{\"@id\":\"https:\\\/\\\/www.eim.com\\\/es\\\/#\\\/schema\\\/person\\\/086ec007ce5017a9cdee90be7ddd4b62\"},\"description\":\"Interim Management se ha consolidado como una herramienta estrat\u00e9gica para impactar directamente en el negocio, incorporando talento directivo senior deforma inmediata y por un periodo de tiempo determinado.\",\"breadcrumb\":{\"@id\":\"https:\\\/\\\/www.eim.com\\\/es\\\/articulos\\\/impacto-directo-en-la-cuenta-de-resultados-como-los-interim-managers-transforman-las-companias\\\/#breadcrumb\"},\"inLanguage\":\"es\",\"potentialAction\":[{\"@type\":\"ReadAction\",\"target\":[\"https:\\\/\\\/www.eim.com\\\/es\\\/articulos\\\/impacto-directo-en-la-cuenta-de-resultados-como-los-interim-managers-transforman-las-companias\\\/\"]}]},{\"@type\":\"ImageObject\",\"inLanguage\":\"es\",\"@id\":\"https:\\\/\\\/www.eim.com\\\/es\\\/articulos\\\/impacto-directo-en-la-cuenta-de-resultados-como-los-interim-managers-transforman-las-companias\\\/#primaryimage\",\"url\":\"https:\\\/\\\/www.eim.com\\\/es\\\/wp-content\\\/uploads\\\/sites\\\/10\\\/2025\\\/09\\\/Miniatura-400x250px_Impacto-directo-en-la-cuenta-de-resultados.png\",\"contentUrl\":\"https:\\\/\\\/www.eim.com\\\/es\\\/wp-content\\\/uploads\\\/sites\\\/10\\\/2025\\\/09\\\/Miniatura-400x250px_Impacto-directo-en-la-cuenta-de-resultados.png\",\"width\":400,\"height\":250},{\"@type\":\"BreadcrumbList\",\"@id\":\"https:\\\/\\\/www.eim.com\\\/es\\\/articulos\\\/impacto-directo-en-la-cuenta-de-resultados-como-los-interim-managers-transforman-las-companias\\\/#breadcrumb\",\"itemListElement\":[{\"@type\":\"ListItem\",\"position\":1,\"name\":\"Home\",\"item\":\"https:\\\/\\\/www.eim.com\\\/es\\\/\"},{\"@type\":\"ListItem\",\"position\":2,\"name\":\"Impacto directo en la cuenta de resultados: c\u00f3mo los Interim Managers transforman las compa\u00f1\u00edas\"}]},{\"@type\":\"WebSite\",\"@id\":\"https:\\\/\\\/www.eim.com\\\/es\\\/#website\",\"url\":\"https:\\\/\\\/www.eim.com\\\/es\\\/\",\"name\":\"Interim Management | EIM Spain\",\"description\":\"El interim manager que su empresa necesita\",\"potentialAction\":[{\"@type\":\"SearchAction\",\"target\":{\"@type\":\"EntryPoint\",\"urlTemplate\":\"https:\\\/\\\/www.eim.com\\\/es\\\/?s={search_term_string}\"},\"query-input\":{\"@type\":\"PropertyValueSpecification\",\"valueRequired\":true,\"valueName\":\"search_term_string\"}}],\"inLanguage\":\"es\"},{\"@type\":\"Person\",\"@id\":\"https:\\\/\\\/www.eim.com\\\/es\\\/#\\\/schema\\\/person\\\/086ec007ce5017a9cdee90be7ddd4b62\",\"name\":\"marketinges\",\"image\":{\"@type\":\"ImageObject\",\"inLanguage\":\"es\",\"@id\":\"https:\\\/\\\/secure.gravatar.com\\\/avatar\\\/2a177d40a03aaf5fcf244db679016aa6fd39fd2ff0752c5597d2d0fe75d2b8f3?s=96&d=mm&r=g\",\"url\":\"https:\\\/\\\/secure.gravatar.com\\\/avatar\\\/2a177d40a03aaf5fcf244db679016aa6fd39fd2ff0752c5597d2d0fe75d2b8f3?s=96&d=mm&r=g\",\"contentUrl\":\"https:\\\/\\\/secure.gravatar.com\\\/avatar\\\/2a177d40a03aaf5fcf244db679016aa6fd39fd2ff0752c5597d2d0fe75d2b8f3?s=96&d=mm&r=g\",\"caption\":\"marketinges\"},\"url\":\"https:\\\/\\\/www.eim.com\\\/es\\\/author\\\/marketinges\\\/\"}]}<\/script>\n<!-- \/ Yoast SEO Premium plugin. -->","yoast_head_json":{"title":"Impacto directo en la cuenta de resultados: c\u00f3mo los Interim Managers transforman las compa\u00f1\u00edas - Interim Management | EIM Spain","description":"Interim Management se ha consolidado como una herramienta estrat\u00e9gica para impactar directamente en el negocio, incorporando talento directivo senior deforma inmediata y por un periodo de tiempo determinado.","robots":{"index":"index","follow":"follow","max-snippet":"max-snippet:-1","max-image-preview":"max-image-preview:large","max-video-preview":"max-video-preview:-1"},"canonical":"https:\/\/www.eim.com\/es\/articulos\/impacto-directo-en-la-cuenta-de-resultados-como-los-interim-managers-transforman-las-companias\/","og_locale":"es_ES","og_type":"article","og_title":"Impacto directo en la cuenta de resultados: c\u00f3mo los Interim Managers transforman las compa\u00f1\u00edas","og_description":"Interim Management se ha consolidado como una herramienta estrat\u00e9gica para impactar directamente en el negocio, incorporando talento directivo senior deforma inmediata y por un periodo de tiempo determinado.","og_url":"https:\/\/www.eim.com\/es\/articulos\/impacto-directo-en-la-cuenta-de-resultados-como-los-interim-managers-transforman-las-companias\/","og_site_name":"Interim Management | EIM Spain","article_published_time":"2025-09-18T08:14:52+00:00","article_modified_time":"2026-04-09T11:29:05+00:00","og_image":[{"width":400,"height":250,"url":"https:\/\/www.eim.com\/es\/wp-content\/uploads\/sites\/10\/2025\/09\/Miniatura-400x250px_Impacto-directo-en-la-cuenta-de-resultados.png","type":"image\/png"}],"author":"marketinges","twitter_card":"summary_large_image","twitter_misc":{"Escrito por":"marketinges","Tiempo de lectura":"7 minutos"},"schema":{"@context":"https:\/\/schema.org","@graph":[{"@type":"Article","@id":"https:\/\/www.eim.com\/es\/articulos\/impacto-directo-en-la-cuenta-de-resultados-como-los-interim-managers-transforman-las-companias\/#article","isPartOf":{"@id":"https:\/\/www.eim.com\/es\/articulos\/impacto-directo-en-la-cuenta-de-resultados-como-los-interim-managers-transforman-las-companias\/"},"author":{"name":"marketinges","@id":"https:\/\/www.eim.com\/es\/#\/schema\/person\/086ec007ce5017a9cdee90be7ddd4b62"},"headline":"Impacto directo en la cuenta de resultados: c\u00f3mo los Interim Managers transforman las compa\u00f1\u00edas","datePublished":"2025-09-18T08:14:52+00:00","dateModified":"2026-04-09T11:29:05+00:00","mainEntityOfPage":{"@id":"https:\/\/www.eim.com\/es\/articulos\/impacto-directo-en-la-cuenta-de-resultados-como-los-interim-managers-transforman-las-companias\/"},"wordCount":3458,"commentCount":0,"image":{"@id":"https:\/\/www.eim.com\/es\/articulos\/impacto-directo-en-la-cuenta-de-resultados-como-los-interim-managers-transforman-las-companias\/#primaryimage"},"thumbnailUrl":"https:\/\/www.eim.com\/es\/wp-content\/uploads\/sites\/10\/2025\/09\/Miniatura-400x250px_Impacto-directo-en-la-cuenta-de-resultados.png","articleSection":["Art\u00edculos"],"inLanguage":"es","potentialAction":[{"@type":"CommentAction","name":"Comment","target":["https:\/\/www.eim.com\/es\/articulos\/impacto-directo-en-la-cuenta-de-resultados-como-los-interim-managers-transforman-las-companias\/#respond"]}]},{"@type":"WebPage","@id":"https:\/\/www.eim.com\/es\/articulos\/impacto-directo-en-la-cuenta-de-resultados-como-los-interim-managers-transforman-las-companias\/","url":"https:\/\/www.eim.com\/es\/articulos\/impacto-directo-en-la-cuenta-de-resultados-como-los-interim-managers-transforman-las-companias\/","name":"Impacto directo en la cuenta de resultados: c\u00f3mo los Interim Managers transforman las compa\u00f1\u00edas - Interim Management | EIM Spain","isPartOf":{"@id":"https:\/\/www.eim.com\/es\/#website"},"primaryImageOfPage":{"@id":"https:\/\/www.eim.com\/es\/articulos\/impacto-directo-en-la-cuenta-de-resultados-como-los-interim-managers-transforman-las-companias\/#primaryimage"},"image":{"@id":"https:\/\/www.eim.com\/es\/articulos\/impacto-directo-en-la-cuenta-de-resultados-como-los-interim-managers-transforman-las-companias\/#primaryimage"},"thumbnailUrl":"https:\/\/www.eim.com\/es\/wp-content\/uploads\/sites\/10\/2025\/09\/Miniatura-400x250px_Impacto-directo-en-la-cuenta-de-resultados.png","datePublished":"2025-09-18T08:14:52+00:00","dateModified":"2026-04-09T11:29:05+00:00","author":{"@id":"https:\/\/www.eim.com\/es\/#\/schema\/person\/086ec007ce5017a9cdee90be7ddd4b62"},"description":"Interim Management se ha consolidado como una herramienta estrat\u00e9gica para impactar directamente en el negocio, incorporando talento directivo senior deforma inmediata y por un periodo de tiempo determinado.","breadcrumb":{"@id":"https:\/\/www.eim.com\/es\/articulos\/impacto-directo-en-la-cuenta-de-resultados-como-los-interim-managers-transforman-las-companias\/#breadcrumb"},"inLanguage":"es","potentialAction":[{"@type":"ReadAction","target":["https:\/\/www.eim.com\/es\/articulos\/impacto-directo-en-la-cuenta-de-resultados-como-los-interim-managers-transforman-las-companias\/"]}]},{"@type":"ImageObject","inLanguage":"es","@id":"https:\/\/www.eim.com\/es\/articulos\/impacto-directo-en-la-cuenta-de-resultados-como-los-interim-managers-transforman-las-companias\/#primaryimage","url":"https:\/\/www.eim.com\/es\/wp-content\/uploads\/sites\/10\/2025\/09\/Miniatura-400x250px_Impacto-directo-en-la-cuenta-de-resultados.png","contentUrl":"https:\/\/www.eim.com\/es\/wp-content\/uploads\/sites\/10\/2025\/09\/Miniatura-400x250px_Impacto-directo-en-la-cuenta-de-resultados.png","width":400,"height":250},{"@type":"BreadcrumbList","@id":"https:\/\/www.eim.com\/es\/articulos\/impacto-directo-en-la-cuenta-de-resultados-como-los-interim-managers-transforman-las-companias\/#breadcrumb","itemListElement":[{"@type":"ListItem","position":1,"name":"Home","item":"https:\/\/www.eim.com\/es\/"},{"@type":"ListItem","position":2,"name":"Impacto directo en la cuenta de resultados: c\u00f3mo los Interim Managers transforman las compa\u00f1\u00edas"}]},{"@type":"WebSite","@id":"https:\/\/www.eim.com\/es\/#website","url":"https:\/\/www.eim.com\/es\/","name":"Interim Management | EIM Spain","description":"El interim manager que su empresa necesita","potentialAction":[{"@type":"SearchAction","target":{"@type":"EntryPoint","urlTemplate":"https:\/\/www.eim.com\/es\/?s={search_term_string}"},"query-input":{"@type":"PropertyValueSpecification","valueRequired":true,"valueName":"search_term_string"}}],"inLanguage":"es"},{"@type":"Person","@id":"https:\/\/www.eim.com\/es\/#\/schema\/person\/086ec007ce5017a9cdee90be7ddd4b62","name":"marketinges","image":{"@type":"ImageObject","inLanguage":"es","@id":"https:\/\/secure.gravatar.com\/avatar\/2a177d40a03aaf5fcf244db679016aa6fd39fd2ff0752c5597d2d0fe75d2b8f3?s=96&d=mm&r=g","url":"https:\/\/secure.gravatar.com\/avatar\/2a177d40a03aaf5fcf244db679016aa6fd39fd2ff0752c5597d2d0fe75d2b8f3?s=96&d=mm&r=g","contentUrl":"https:\/\/secure.gravatar.com\/avatar\/2a177d40a03aaf5fcf244db679016aa6fd39fd2ff0752c5597d2d0fe75d2b8f3?s=96&d=mm&r=g","caption":"marketinges"},"url":"https:\/\/www.eim.com\/es\/author\/marketinges\/"}]}},"_links":{"self":[{"href":"https:\/\/www.eim.com\/es\/wp-json\/wp\/v2\/posts\/13488","targetHints":{"allow":["GET"]}}],"collection":[{"href":"https:\/\/www.eim.com\/es\/wp-json\/wp\/v2\/posts"}],"about":[{"href":"https:\/\/www.eim.com\/es\/wp-json\/wp\/v2\/types\/post"}],"author":[{"embeddable":true,"href":"https:\/\/www.eim.com\/es\/wp-json\/wp\/v2\/users\/350"}],"replies":[{"embeddable":true,"href":"https:\/\/www.eim.com\/es\/wp-json\/wp\/v2\/comments?post=13488"}],"version-history":[{"count":1,"href":"https:\/\/www.eim.com\/es\/wp-json\/wp\/v2\/posts\/13488\/revisions"}],"predecessor-version":[{"id":13864,"href":"https:\/\/www.eim.com\/es\/wp-json\/wp\/v2\/posts\/13488\/revisions\/13864"}],"wp:featuredmedia":[{"embeddable":true,"href":"https:\/\/www.eim.com\/es\/wp-json\/wp\/v2\/media\/13489"}],"wp:attachment":[{"href":"https:\/\/www.eim.com\/es\/wp-json\/wp\/v2\/media?parent=13488"}],"wp:term":[{"taxonomy":"category","embeddable":true,"href":"https:\/\/www.eim.com\/es\/wp-json\/wp\/v2\/categories?post=13488"},{"taxonomy":"post_tag","embeddable":true,"href":"https:\/\/www.eim.com\/es\/wp-json\/wp\/v2\/tags?post=13488"}],"curies":[{"name":"wp","href":"https:\/\/api.w.org\/{rel}","templated":true}]}}