{"id":12704,"date":"2024-04-25T09:27:16","date_gmt":"2024-04-25T09:27:16","guid":{"rendered":"https:\/\/www.eim.com\/es\/?p=12704"},"modified":"2024-06-06T16:46:39","modified_gmt":"2024-06-06T16:46:39","slug":"turnaround-el-cambio-de-rumbo-una-oportunidad-positiva-para-la-transformacion-empresarial","status":"publish","type":"post","link":"https:\/\/www.eim.com\/es\/articulos\/turnaround-el-cambio-de-rumbo-una-oportunidad-positiva-para-la-transformacion-empresarial\/","title":{"rendered":"Turnaround: El cambio de rumbo"},"content":{"rendered":"<p>[et_pb_section fb_built=&#8221;1&#8243; admin_label=&#8221;Hero Section&#8221; _builder_version=&#8221;4.24.3&#8243; use_background_color_gradient=&#8221;on&#8221; background_color_gradient_stops=&#8221;rgba(0,0,0,0.4) 0%|rgba(0,0,0,0.4) 100%&#8221; background_color_gradient_overlays_image=&#8221;on&#8221; background_color_gradient_start=&#8221;rgba(0,0,0,0.4)&#8221; background_color_gradient_end=&#8221;rgba(0,0,0,0.4)&#8221; background_image=&#8221;https:\/\/www.eim.com\/es\/wp-content\/uploads\/sites\/10\/2024\/04\/Turnaround-El-cambio-de-rumbo-header.jpg&#8221; height=&#8221;520px&#8221; height_tablet=&#8221;520px&#8221; height_phone=&#8221;680px&#8221; height_last_edited=&#8221;on|phone&#8221; custom_padding=&#8221;6%||0%|||&#8221; bottom_divider_style=&#8221;slant&#8221; bottom_divider_color=&#8221;#ffffff&#8221; bottom_divider_height=&#8221;150px&#8221; bottom_divider_flip=&#8221;horizontal&#8221; background_last_edited=&#8221;on|desktop&#8221; background_position_phone=&#8221;top_left&#8221; background_horizontal_offset_phone=&#8221;38%&#8221; background_vertical_offset_phone=&#8221;-7%&#8221; saved_tabs=&#8221;all&#8221; global_colors_info=&#8221;{}&#8221; background_color_gradient_direction__hover=&#8221;180deg&#8221; background_color_gradient_direction__hover_enabled=&#8221;180deg&#8221; background_color_gradient_start_position__hover=&#8221;0%&#8221; background_color_gradient_start_position__hover_enabled=&#8221;0%&#8221; background_color_gradient_end_position__hover=&#8221;100%&#8221; background_color_gradient_end_position__hover_enabled=&#8221;100%&#8221; background_color_gradient_stops__hover=&#8221;rgba(0,0,0,0.4) 0%|rgba(0,0,0,0.4) 100%&#8221;][et_pb_row admin_label=&#8221;Page Title Area&#8221; _builder_version=&#8221;4.16&#8243; width=&#8221;100%&#8221; max_width=&#8221;2560px&#8221; module_alignment=&#8221;center&#8221; custom_margin=&#8221;-5.4%|auto|0px|auto|false|false&#8221; custom_padding=&#8221;0px||0px|||&#8221; global_colors_info=&#8221;{}&#8221;][et_pb_column type=&#8221;4_4&#8243; _builder_version=&#8221;4.16&#8243; custom_padding=&#8221;|||&#8221; global_colors_info=&#8221;{}&#8221; custom_padding__hover=&#8221;|||&#8221;][et_pb_text content_tablet=&#8221;<\/p>\n<h1>Turnaround: El cambio de rumbo<\/h1>\n<h1>Una oportunidad positiva para la transformaci\u00f3n empresarial<\/h1>\n<p>&#8221; content_phone=&#8221;<\/p>\n<h1>Turnaround: El cambio de rumbo<\/h1>\n<p>&#8221; content_last_edited=&#8221;on|phone&#8221; admin_label=&#8221;Hero Section Title&#8221; _builder_version=&#8221;4.25.0&#8243; text_font=&#8221;Montserrat|800|||||||&#8221; text_font_size=&#8221;18px&#8221; text_line_height=&#8221;1.3em&#8221; header_font=&#8221;Montserrat|700|||||||&#8221; header_font_size=&#8221;56px&#8221; header_letter_spacing=&#8221;3px&#8221; header_line_height=&#8221;1.1em&#8221; header_2_font=&#8221;Montserrat|700|||||||&#8221; header_2_text_color=&#8221;rgba(255,255,255,0.6)&#8221; header_2_font_size=&#8221;90px&#8221; header_2_letter_spacing=&#8221;3px&#8221; header_2_line_height=&#8221;1.1em&#8221; text_orientation=&#8221;center&#8221; background_layout=&#8221;dark&#8221; max_width=&#8221;900px&#8221; module_alignment=&#8221;center&#8221; min_height=&#8221;67.5px&#8221; custom_margin=&#8221;24px||10px||false|false&#8221; custom_padding=&#8221;0px||0px||false|false&#8221; animation_style=&#8221;fade&#8221; animation_direction=&#8221;bottom&#8221; animation_duration=&#8221;1350ms&#8221; header_font_size_tablet=&#8221;&#8221; header_font_size_phone=&#8221;28px&#8221; header_font_size_last_edited=&#8221;on|phone&#8221; header_2_font_size_tablet=&#8221;&#8221; header_2_font_size_phone=&#8221;50px&#8221; header_2_font_size_last_edited=&#8221;on|phone&#8221; text_text_shadow_style=&#8221;preset1&#8243; text_text_shadow_horizontal_length=&#8221;0.38em&#8221; inline_fonts=&#8221;Prata,Montserrat&#8221; global_colors_info=&#8221;{}&#8221;]<\/p>\n<h1 style=\"font-size: 2.5em\">Turnaround: El cambio de rumbo<\/h1>\n<p>[\/et_pb_text][et_pb_text content_tablet=&#8221;<\/p>\n<h1>Turnaround: El cambio de rumbo<\/h1>\n<h1>Una oportunidad positiva para la transformaci\u00f3n empresarial<\/h1>\n<p>&#8221; content_phone=&#8221;<\/p>\n<h3>Una oportunidad positiva para la transformaci\u00f3n empresarial<\/h3>\n<p>&#8221; content_last_edited=&#8221;on|phone&#8221; admin_label=&#8221;Hero Section Title&#8221; _builder_version=&#8221;4.24.3&#8243; text_font=&#8221;Montserrat|800|||||||&#8221; text_font_size=&#8221;18px&#8221; text_line_height=&#8221;1.3em&#8221; header_font=&#8221;Montserrat|700|||||||&#8221; header_font_size=&#8221;56px&#8221; header_letter_spacing=&#8221;3px&#8221; header_line_height=&#8221;1.1em&#8221; header_2_font=&#8221;Montserrat|700|||||||&#8221; header_2_text_color=&#8221;rgba(255,255,255,0.6)&#8221; header_2_font_size=&#8221;90px&#8221; header_2_letter_spacing=&#8221;3px&#8221; header_2_line_height=&#8221;1.1em&#8221; text_orientation=&#8221;center&#8221; background_layout=&#8221;dark&#8221; max_width=&#8221;900px&#8221; module_alignment=&#8221;center&#8221; min_height=&#8221;85px&#8221; custom_margin=&#8221;0px||10px||false|false&#8221; custom_padding=&#8221;0px||0px||false|false&#8221; animation_style=&#8221;fade&#8221; animation_direction=&#8221;bottom&#8221; animation_duration=&#8221;1350ms&#8221; header_font_size_tablet=&#8221;&#8221; header_font_size_phone=&#8221;28px&#8221; header_font_size_last_edited=&#8221;on|phone&#8221; header_2_font_size_tablet=&#8221;&#8221; header_2_font_size_phone=&#8221;50px&#8221; header_2_font_size_last_edited=&#8221;on|phone&#8221; text_text_shadow_style=&#8221;preset1&#8243; text_text_shadow_horizontal_length=&#8221;0.38em&#8221; inline_fonts=&#8221;Prata,Montserrat&#8221; global_colors_info=&#8221;{}&#8221;]<\/p>\n<h3>Una oportunidad positiva para la transformaci\u00f3n empresarial<\/h3>\n<p>[\/et_pb_text][\/et_pb_column][\/et_pb_row][\/et_pb_section][et_pb_section fb_built=&#8221;1&#8243; _builder_version=&#8221;4.19.3&#8243; _module_preset=&#8221;default&#8221; custom_margin=&#8221;||||false|false&#8221; custom_padding=&#8221;50px||0px||false|false&#8221; locked=&#8221;off&#8221; global_colors_info=&#8221;{}&#8221;][et_pb_row _builder_version=&#8221;4.19.3&#8243; _module_preset=&#8221;default&#8221; global_colors_info=&#8221;{}&#8221;][et_pb_column type=&#8221;4_4&#8243; _builder_version=&#8221;4.19.3&#8243; _module_preset=&#8221;default&#8221; global_colors_info=&#8221;{}&#8221;][et_pb_text admin_label=&#8221;Texto&#8221; _builder_version=&#8221;4.25.0&#8243; _module_preset=&#8221;default&#8221; text_font=&#8221;|300|||||||&#8221; text_text_color=&#8221;#000000&#8243; locked=&#8221;off&#8221; global_colors_info=&#8221;{}&#8221;]<\/p>\n<h3 style=\"font-weight: 500; text-align: center; color: #002c3e;\"><span style=\"color: #e09900;\">Crisis<\/span> econ\u00f3micas globales, sectores que r\u00e1pidamente <span style=\"color: #e09900;\">pierden competitividad<\/span> con respecto al pasado, <span style=\"color: #e09900;\">eventos extraordinarios e impredecibles<\/span> como el caso de la pandemia de coronavirus.\u00a0<\/h3>\n<p>[\/et_pb_text][\/et_pb_column][\/et_pb_row][\/et_pb_section][et_pb_section fb_built=&#8221;1&#8243; _builder_version=&#8221;4.19.3&#8243; _module_preset=&#8221;default&#8221; custom_padding=&#8221;0px||||false|false&#8221; animation_style=&#8221;fade&#8221; locked=&#8221;off&#8221; global_colors_info=&#8221;{}&#8221;][et_pb_row column_structure=&#8221;1_2,1_2&#8243; _builder_version=&#8221;4.19.3&#8243; _module_preset=&#8221;default&#8221; global_colors_info=&#8221;{}&#8221;][et_pb_column type=&#8221;1_2&#8243; _builder_version=&#8221;4.19.3&#8243; _module_preset=&#8221;default&#8221; global_colors_info=&#8221;{}&#8221;][et_pb_text _builder_version=&#8221;4.24.3&#8243; _module_preset=&#8221;default&#8221; locked=&#8221;off&#8221; global_colors_info=&#8221;{}&#8221;]<\/p>\n<p>Puede haber <strong>diversos factores<\/strong> externos capaces de poner a una empresa en serias dificultades. Pero la mayor\u00eda las veces, los <strong>problemas suelen ser de naturaleza end\u00f3gena<\/strong>: el contexto externo puede agravarlos, pero la g\u00e9nesis de la crisis se produce mayoritariamente dentro de la empresa y es casi siempre atribuible a una serie de <strong>conductas y pr\u00e1cticas incorrectas<\/strong> y comprobables f\u00e1cilmente.<\/p>\n<p>[\/et_pb_text][\/et_pb_column][et_pb_column type=&#8221;1_2&#8243; _builder_version=&#8221;4.19.3&#8243; _module_preset=&#8221;default&#8221; global_colors_info=&#8221;{}&#8221;][et_pb_text _builder_version=&#8221;4.24.3&#8243; _module_preset=&#8221;default&#8221; locked=&#8221;off&#8221; global_colors_info=&#8221;{}&#8221;]<\/p>\n<p>La manera de que estos errores puedan subsanarse antes de que sea demasiado tarde, pasa por incorporar a la organizaci\u00f3n una figura concreta:<br \/>El <strong>Director de Reestructuraci\u00f3n<\/strong> (CRO), un gerente externo a la empresa que, gracias a su experiencia y conocimiento orientado a los procesos de reestructuraci\u00f3n empresarial, puede corregir din\u00e1micas negativas y crear nuevas bases sobre las que comenzar de nuevo.<\/p>\n<p>[\/et_pb_text][\/et_pb_column][\/et_pb_row][\/et_pb_section][et_pb_section fb_built=&#8221;1&#8243; _builder_version=&#8221;4.24.3&#8243; _module_preset=&#8221;default&#8221; background_color=&#8221;RGBA(255,255,255,0)&#8221; use_background_color_gradient=&#8221;on&#8221; background_color_gradient_direction=&#8221;90deg&#8221; background_color_gradient_stops=&#8221;rgba(255,255,255,0) 41%|#3c5b74 41%&#8221; background_color_gradient_overlays_image=&#8221;on&#8221; background_image=&#8221;https:\/\/www.eim.com\/es\/wp-content\/uploads\/sites\/10\/2024\/04\/imagen-franja-azul-1.jpg&#8221; background_size=&#8221;contain&#8221; background_position=&#8221;center_left&#8221; background_horizontal_offset=&#8221;-15%&#8221; custom_margin=&#8221;0px||0px||false|false&#8221; custom_padding=&#8221;100px||100px||false|false&#8221; top_divider_style=&#8221;slant&#8221; top_divider_color=&#8221;#FFFFFF&#8221; top_divider_flip=&#8221;vertical&#8221; top_divider_arrangement=&#8221;above_content&#8221; bottom_divider_style=&#8221;slant&#8221; bottom_divider_color=&#8221;#FFFFFF&#8221; bottom_divider_flip=&#8221;horizontal|vertical&#8221; background_last_edited=&#8221;on|phone&#8221; use_background_color_gradient_phone=&#8221;on&#8221; background_color_gradient_stops_phone=&#8221;rgba(255,255,255,0) 0%|#20454c 0%&#8221; background_enable_image_phone=&#8221;off&#8221; background_position_phone=&#8221;top_left&#8221; background_horizontal_offset_phone=&#8221;38%&#8221; background_vertical_offset_phone=&#8221;16%&#8221; locked=&#8221;off&#8221; global_colors_info=&#8221;{}&#8221;][et_pb_row column_structure=&#8221;1_2,1_2&#8243; _builder_version=&#8221;4.19.3&#8243; _module_preset=&#8221;default&#8221; max_width=&#8221;2496px&#8221; border_radii=&#8221;off||||&#8221; global_colors_info=&#8221;{}&#8221;][et_pb_column type=&#8221;1_2&#8243; _builder_version=&#8221;4.19.3&#8243; _module_preset=&#8221;default&#8221; background_color=&#8221;RGBA(255,255,255,0)&#8221; custom_padding=&#8221;20px|20px|20px|20px|true|true&#8221; global_colors_info=&#8221;{}&#8221;][\/et_pb_column][et_pb_column type=&#8221;1_2&#8243; _builder_version=&#8221;4.19.3&#8243; _module_preset=&#8221;default&#8221; background_color=&#8221;RGBA(255,255,255,0)&#8221; custom_padding=&#8221;20px|20px|20px|20px|true|true&#8221; global_colors_info=&#8221;{}&#8221;][et_pb_text admin_label=&#8221;Texto&#8221; _builder_version=&#8221;4.24.3&#8243; _module_preset=&#8221;default&#8221; text_text_color=&#8221;#000000&#8243; locked=&#8221;off&#8221; global_colors_info=&#8221;{}&#8221;]<\/p>\n<h3 style=\"text-align: center;color: #ffffff\">\u00bfPor qu\u00e9 las empresas empiezan a sufrir de repente?<\/h3>\n<p>[\/et_pb_text][et_pb_text admin_label=&#8221;Title&#8221; _builder_version=&#8221;4.24.3&#8243; text_text_color=&#8221;#FFFFFF&#8221; header_text_color=&#8221;#FFFFFF&#8221; animation_style=&#8221;flip&#8221; animation_direction=&#8221;left&#8221; animation_intensity_flip=&#8221;30%&#8221; animation_starting_opacity=&#8221;100%&#8221; inline_fonts=&#8221;Prata,Montserrat&#8221; global_colors_info=&#8221;{}&#8221;]<\/p>\n<p style=\"text-align: center;color: #ffffff\">Las decisiones estrat\u00e9gicas y organizativas que pueden provocar que una empresa comience a sufrir son diversas, frecuentemente se pueden resumir en unas pocas, c\u00f3mo, por ejemplo, algunas del tipo:<\/p>\n<p>[\/et_pb_text][et_pb_text admin_label=&#8221;Title&#8221; _builder_version=&#8221;4.24.3&#8243; text_text_color=&#8221;#FFFFFF&#8221; header_text_color=&#8221;#FFFFFF&#8221; animation_style=&#8221;flip&#8221; animation_direction=&#8221;left&#8221; animation_intensity_flip=&#8221;30%&#8221; animation_starting_opacity=&#8221;100%&#8221; inline_fonts=&#8221;Prata,Montserrat&#8221; global_colors_info=&#8221;{}&#8221;]<\/p>\n<p style=\"text-align: center;color: #ffffff\">Una estrategia de crecimiento que se ha acelerado demasiado y est\u00e1 consumiendo recursos financieros m\u00e1s all\u00e1 de lo disponible. Los crecimientos perseguidos ten\u00edan como objetio el volumen de negocios, no el margen ni la rentabilidad. Por ejemplo, cuando se implementan planes fara\u00f3nicos de adquisiciones, tal vez en el extranjero, con escasa integraci\u00f3n posterior entre las empresas adquiridas y la matriz, y por tanto sin obtener las sinergias necesarias para maximizar el beneficio econ\u00f3mico.<\/p>\n<p>[\/et_pb_text][et_pb_text admin_label=&#8221;Title&#8221; _builder_version=&#8221;4.24.3&#8243; text_font=&#8221;||||||||&#8221; header_font=&#8221;Prata||||||||&#8221; header_2_font=&#8221;Montserrat|700|||||||&#8221; header_2_text_align=&#8221;center&#8221; header_2_font_size=&#8221;32px&#8221; header_3_font=&#8221;|300|||||||&#8221; background_color=&#8221;RGBA(255,255,255,0)&#8221; custom_margin=&#8221;||||false|false&#8221; custom_padding=&#8221;||||false|false&#8221; animation_style=&#8221;flip&#8221; animation_direction=&#8221;left&#8221; animation_intensity_flip=&#8221;30%&#8221; animation_starting_opacity=&#8221;100%&#8221; inline_fonts=&#8221;Prata,Montserrat&#8221; global_colors_info=&#8221;{}&#8221;]<\/p>\n<p style=\"text-align: center;color: #ffffff\">Una empresa demasiado centrada en sus propias pr\u00e1cticas y en sus propios problemas que no es capaz de identificar a un nuevo competidor que irrumpe en el mercado y cambia las reglas. En un caso como este, el \u00e9xito de la propia empresa es un gran obst\u00e1culo que le impide ver un cambio de escenario competitivo a su alrededor, en consecuencia, y por lo tanto no son capaces de asumir los riesgos necesarios para afrontar la nueva situaci\u00f3n. El resultado, por lo general, es que la empresa cambia muy tarde y, a menudo ya no es posible recuperar el terreno perdido.<\/p>\n<p>[\/et_pb_text][\/et_pb_column][\/et_pb_row][\/et_pb_section][et_pb_section fb_built=&#8221;1&#8243; _builder_version=&#8221;4.19.3&#8243; _module_preset=&#8221;default&#8221; custom_margin=&#8221;||||false|false&#8221; custom_padding=&#8221;50px||0px||false|false&#8221; locked=&#8221;off&#8221; global_colors_info=&#8221;{}&#8221;][et_pb_row _builder_version=&#8221;4.19.3&#8243; _module_preset=&#8221;default&#8221; global_colors_info=&#8221;{}&#8221;][et_pb_column type=&#8221;4_4&#8243; _builder_version=&#8221;4.19.3&#8243; _module_preset=&#8221;default&#8221; global_colors_info=&#8221;{}&#8221;][et_pb_text admin_label=&#8221;Texto&#8221; _builder_version=&#8221;4.24.3&#8243; _module_preset=&#8221;default&#8221; text_text_color=&#8221;#000000&#8243; locked=&#8221;off&#8221; global_colors_info=&#8221;{}&#8221;]<\/p>\n<h3 style=\"text-align: center;color: #002c3e\"><span style=\"color: #e09900\">\u00bfEn qu\u00e9 momento deber\u00edan sonar las alarmas en una empresa?<\/span><\/h3>\n<p>[\/et_pb_text][\/et_pb_column][\/et_pb_row][\/et_pb_section][et_pb_section fb_built=&#8221;1&#8243; _builder_version=&#8221;4.19.3&#8243; _module_preset=&#8221;default&#8221; custom_padding=&#8221;0px||||false|false&#8221; animation_style=&#8221;fade&#8221; locked=&#8221;off&#8221; global_colors_info=&#8221;{}&#8221;][et_pb_row column_structure=&#8221;1_2,1_2&#8243; _builder_version=&#8221;4.19.3&#8243; _module_preset=&#8221;default&#8221; global_colors_info=&#8221;{}&#8221;][et_pb_column type=&#8221;1_2&#8243; _builder_version=&#8221;4.19.3&#8243; _module_preset=&#8221;default&#8221; global_colors_info=&#8221;{}&#8221;][et_pb_text _builder_version=&#8221;4.24.3&#8243; _module_preset=&#8221;default&#8221; locked=&#8221;off&#8221; global_colors_info=&#8221;{}&#8221;]Una empresa est\u00e1 a punto de entrar en una <strong>fase cr\u00edtica<\/strong> cuando se ve <strong>obligada a incrementar su deuda<\/strong> porque el efectivo ya no garantiza los ingresos necesarios, cuando los bancos para protegerse comienzan a reducir las l\u00edneas de cr\u00e9dito y reclaman los <strong>primeros reembolsos<\/strong>, cuando los plazos de los pagos a los proveedores comienzan a alargarse m\u00e1s all\u00e1 de lo acordado y los financieros de la empresa intentan aprovechar estos retrasos y en algunos casos los utilizan como si se tratara de un banco. Todos estos son indicadores obvios de un problema que ya no se puede esconder como el polvo debajo de la alfombra.[\/et_pb_text][\/et_pb_column][et_pb_column type=&#8221;1_2&#8243; _builder_version=&#8221;4.19.3&#8243; _module_preset=&#8221;default&#8221; global_colors_info=&#8221;{}&#8221;][et_pb_text _builder_version=&#8221;4.24.3&#8243; _module_preset=&#8221;default&#8221; locked=&#8221;off&#8221; global_colors_info=&#8221;{}&#8221;]<\/p>\n<p>Por otro lado, no hay nada inusual en la crisis empresarial. <strong>Cualquier compa\u00f1\u00eda puede afrontar una situaci\u00f3n de grave dificultad<\/strong> en el transcurso de su historia, lo fundamental es saber detectar bien cu\u00e1ndo se entra en \u201cmodo crisis\u201d, una <strong>fase de reorganizaci\u00f3n y transformaci\u00f3n<\/strong> en la que la l\u00f3gica aplicada hasta ese momento en el negocio ya no es v\u00e1lida. Se necesitan nuevas referencias para toda la estructura, la organizaci\u00f3n y las personas, incluidos los accionistas. Significa entrar en un nuevo momento, con nuevas reglas de juego, en el que las habilidades profesionales requeridas son diferentes a las del pasado, y sobre todo a las de la gesti\u00f3n ordinaria.<\/p>\n<p>[\/et_pb_text][\/et_pb_column][\/et_pb_row][\/et_pb_section][et_pb_section fb_built=&#8221;1&#8243; _builder_version=&#8221;4.24.3&#8243; _module_preset=&#8221;default&#8221; background_color=&#8221;#002c3e&#8221; custom_margin=&#8221;||||false|false&#8221; custom_padding=&#8221;140px||140px||false|false&#8221; top_divider_style=&#8221;slant&#8221; top_divider_color=&#8221;#ffffff&#8221; top_divider_flip=&#8221;vertical&#8221; bottom_divider_style=&#8221;slant&#8221; bottom_divider_color=&#8221;#FFFFFF&#8221; bottom_divider_flip=&#8221;vertical|horizontal&#8221; locked=&#8221;off&#8221; global_colors_info=&#8221;{}&#8221;][et_pb_row _builder_version=&#8221;4.19.3&#8243; _module_preset=&#8221;default&#8221; global_colors_info=&#8221;{}&#8221;][et_pb_column type=&#8221;4_4&#8243; _builder_version=&#8221;4.19.3&#8243; _module_preset=&#8221;default&#8221; global_colors_info=&#8221;{}&#8221;][et_pb_text admin_label=&#8221;Texto&#8221; _builder_version=&#8221;4.24.3&#8243; _module_preset=&#8221;default&#8221; text_font=&#8221;||on||||||&#8221; text_text_color=&#8221;#000000&#8243; locked=&#8221;off&#8221; global_colors_info=&#8221;{}&#8221;]<\/p>\n<h3 style=\"font-style:italic;text-align: center;color: #ffffff\"><span style=\"color: #e09900\">Experiencia, rapidez, eficacia, credibilidad y enfoque,<\/span>\u00a0estas son<br \/>\npalabras de referencia a seguir a la hora de entrar en la l\u00f3gica del cambio de rumbo, y por tanto cambio de las reglas del juego.<\/h3>\n<p>[\/et_pb_text][et_pb_divider color=&#8221;#FFFFFF&#8221; divider_weight=&#8221;6px&#8221; _builder_version=&#8221;4.24.3&#8243; _module_preset=&#8221;default&#8221; width=&#8221;20%&#8221; module_alignment=&#8221;center&#8221; custom_margin=&#8221;||6px||false|false&#8221; custom_padding=&#8221;0px||0px||false|false&#8221; locked=&#8221;off&#8221; global_colors_info=&#8221;{}&#8221;][\/et_pb_divider][\/et_pb_column][\/et_pb_row][\/et_pb_section][et_pb_section fb_built=&#8221;1&#8243; _builder_version=&#8221;4.19.3&#8243; _module_preset=&#8221;default&#8221; custom_margin=&#8221;||||false|false&#8221; custom_padding=&#8221;50px||0px||false|false&#8221; locked=&#8221;off&#8221; global_colors_info=&#8221;{}&#8221;][et_pb_row _builder_version=&#8221;4.19.3&#8243; _module_preset=&#8221;default&#8221; global_colors_info=&#8221;{}&#8221;][et_pb_column type=&#8221;4_4&#8243; _builder_version=&#8221;4.19.3&#8243; _module_preset=&#8221;default&#8221; global_colors_info=&#8221;{}&#8221;][et_pb_text admin_label=&#8221;Texto&#8221; _builder_version=&#8221;4.24.3&#8243; _module_preset=&#8221;default&#8221; text_text_color=&#8221;#000000&#8243; locked=&#8221;off&#8221; global_colors_info=&#8221;{}&#8221;]<\/p>\n<h3 style=\"text-align: center;color: #002c3e\"><span style=\"color: #e09900\">La metodolog\u00eda del turnaround:<\/br>un nuevo enfoque<\/span><\/h3>\n<p>[\/et_pb_text][\/et_pb_column][\/et_pb_row][\/et_pb_section][et_pb_section fb_built=&#8221;1&#8243; _builder_version=&#8221;4.19.3&#8243; _module_preset=&#8221;default&#8221; custom_padding=&#8221;0px||||false|false&#8221; animation_style=&#8221;fade&#8221; locked=&#8221;off&#8221; global_colors_info=&#8221;{}&#8221;][et_pb_row column_structure=&#8221;1_3,1_3,1_3&#8243; _builder_version=&#8221;4.19.3&#8243; _module_preset=&#8221;default&#8221; global_colors_info=&#8221;{}&#8221;][et_pb_column type=&#8221;1_3&#8243; _builder_version=&#8221;4.19.3&#8243; _module_preset=&#8221;default&#8221; global_colors_info=&#8221;{}&#8221;][et_pb_text _builder_version=&#8221;4.24.3&#8243; _module_preset=&#8221;default&#8221; locked=&#8221;off&#8221; global_colors_info=&#8221;{}&#8221;]<\/p>\n<p>Sobre todo, <strong>la rapidez es importante cuando <\/strong><strong>se trata de una crisis<\/strong>, hay que asegurarse de tomar decisiones y ponerlas en pr\u00e1ctica en mucho menos tiempo que antes. La consecuencia directa es la operaci\u00f3n: el management debe racionalizar hasta el punto de <strong>transformar cada iniciativa en una acci\u00f3n inmediata y concreta<\/strong>. Todo esto, combinado con un flujo de comunicaci\u00f3n constante y abierto, ayudar\u00e1 a preservar la credibilidad de la empresa a pesar del dif\u00edcil momento.<\/p>\n<p>[\/et_pb_text][et_pb_image src=&#8221;https:\/\/www.eim.com\/es\/wp-content\/uploads\/sites\/10\/2024\/04\/imagen-1-la-metodologia-del-turnaround.jpg&#8221; title_text=&#8221;Imprimir&#8221; _builder_version=&#8221;4.24.3&#8243; _module_preset=&#8221;default&#8221; global_colors_info=&#8221;{}&#8221;][\/et_pb_image][et_pb_text _builder_version=&#8221;4.24.3&#8243; _module_preset=&#8221;default&#8221; locked=&#8221;off&#8221; global_colors_info=&#8221;{}&#8221;]<\/p>\n<p>El enfoque, en este contexto, significa <strong>saber<\/strong><br \/><strong>seleccionar y definir las pocas prioridades a<\/strong><br \/><strong>abordar<\/strong>, sacrificando, quiz\u00e1s solo moment\u00e1neamente, todas las dem\u00e1s: por lo<br \/>tanto, <strong>identificar solo 3 \u00f3 4 puntos<\/strong>. Solo as\u00ed<br \/>evitaremos el desperdicio de energ\u00eda y recursos, en un momento en el que no hay<br \/>que desperdiciar nada.<\/p>\n<p>La experiencia en una situaci\u00f3n de crisis en la empresa significa que no se puede permitir la gesti\u00f3n por ensayo\/error,\u00a0<\/p>\n<p>[\/et_pb_text][\/et_pb_column][et_pb_column type=&#8221;1_3&#8243; _builder_version=&#8221;4.19.3&#8243; _module_preset=&#8221;default&#8221; global_colors_info=&#8221;{}&#8221;][et_pb_text _builder_version=&#8221;4.24.3&#8243; _module_preset=&#8221;default&#8221; locked=&#8221;off&#8221; global_colors_info=&#8221;{}&#8221;]<\/p>\n<p>por lo que se tiene que recurrir a <strong>soluciones probadas y <\/strong><strong>contrastadas<\/strong> que el ejecutivo experto en reestructuraciones (CRO) aporta desde un conocimiento acumulado (\u201cmochila\u201d) profesional llena de <strong>experiencias de \u00e9xito<\/strong>. Por tanto, para gestionar esta nueva etapa de la empresa debe ser el <strong>Director de <\/strong><strong>Reestructuraci\u00f3n (CRO) quien tiene la tarea <\/strong><strong>de poner en pr\u00e1ctica<\/strong> e inculcar todos estos conceptos dentro de la organizaci\u00f3n de forma emp\u00edrica y\u00a0 comprometida. La experiencia del cambio de tendencia, adem\u00e1s, tiene el objetivo preciso de <strong>involucrar a todos<\/strong>, desde el CEO, que debe hacer un ejercicio de humildad y ponerse a disposici\u00f3n del CRO, hasta los trabajadores, que en esta fase deben reducir al m\u00e1ximo su absentismo. <strong>La transformaci\u00f3n corporativa es una experiencia omnipresente<\/strong>, que no puede ser patrimonio de unas pocas personas que se re\u00fanen cinco o seis veces al a\u00f1o: al contrario, debe significar <strong>una alineaci\u00f3n general con un nuevo sistema para toda la empresa.<\/strong><\/p>\n<p>[\/et_pb_text][et_pb_text _builder_version=&#8221;4.24.3&#8243; _module_preset=&#8221;default&#8221; locked=&#8221;off&#8221; global_colors_info=&#8221;{}&#8221;]<\/p>\n<p>El CRO es la figura que expresa el liderazgo<br \/>intelectual del proceso de reorganizaci\u00f3n: es el actor principal, <span style=\"font-size: 14px\">que lleva a toda la empresa <\/span><span style=\"font-size: 14px\">sobre sus hombros, lo que representa un <\/span>punto fundamental de discontinuidad con respecto a la gesti\u00f3n anterior, que evidentemente ahora ha perdido credibilidad.<\/p>\n<p>[\/et_pb_text][\/et_pb_column][et_pb_column type=&#8221;1_3&#8243; _builder_version=&#8221;4.24.3&#8243; _module_preset=&#8221;default&#8221; global_colors_info=&#8221;{}&#8221;][et_pb_text _builder_version=&#8221;4.24.3&#8243; _module_preset=&#8221;default&#8221; locked=&#8221;off&#8221; global_colors_info=&#8221;{}&#8221;]<\/p>\n<p>En consecuencia, la intervenci\u00f3n del CRO, para ser verdaderamente eficaz, <strong>necesita continuidad para tener un impacto profundo en la empresa<\/strong>. Esta intervenci\u00f3n no deber\u00eda detenerse tras un plazo de 6 meses para dar giro a las cuentas de la empresa, sino que necesitar\u00e1 un plazo de unos 18 meses para poder desplegar plenamente su efectividad, garantizando una <strong>reestructuraci\u00f3n total<\/strong> y el nacimiento de un <strong>nuevo modelo operativo en la compa\u00f1\u00eda<\/strong>.<\/p>\n<p>[\/et_pb_text][et_pb_image src=&#8221;https:\/\/www.eim.com\/es\/wp-content\/uploads\/sites\/10\/2024\/04\/imagen-2-la-metodologia-del-turnaround.jpg&#8221; title_text=&#8221;imagen 2 la metodologia del turnaround&#8221; _builder_version=&#8221;4.24.3&#8243; _module_preset=&#8221;default&#8221; global_colors_info=&#8221;{}&#8221;][\/et_pb_image][et_pb_text _builder_version=&#8221;4.24.3&#8243; _module_preset=&#8221;default&#8221; locked=&#8221;off&#8221; global_colors_info=&#8221;{}&#8221;]<\/p>\n<p>Una vez aclarado el planteamiento del nuevo rumbo y fijados los puntos de referencia, es fundamental adoptar una <strong>metodolog\u00eda estructurada<\/strong>, que identifique claramente los pasos a seguir y el orden en el que se deben realizar: durante el cambio de rumbo, y especialmente en su fase inicial, no se puede perder ni un solo paso. Cuando esto sucede, <strong>existe un grave riesgo de ver colapsar a toda la empresa<\/strong> y tener que levantar la bandera blanca en un negocio que en muchos casos\u00a0 ha sido prospero durante muchos a\u00f1os.<\/p>\n<p>[\/et_pb_text][\/et_pb_column][\/et_pb_row][\/et_pb_section][et_pb_section fb_built=&#8221;1&#8243; _builder_version=&#8221;4.24.3&#8243; _module_preset=&#8221;default&#8221; background_color=&#8221;#E09900&#8243; background_enable_image=&#8221;off&#8221; module_alignment=&#8221;center&#8221; custom_margin=&#8221;0px||0px||false|false&#8221; custom_padding=&#8221;140px||140px||false|false&#8221; top_divider_style=&#8221;slant&#8221; top_divider_color=&#8221;#FFFFFF&#8221; top_divider_flip=&#8221;horizontal&#8221; top_divider_arrangement=&#8221;above_content&#8221; bottom_divider_style=&#8221;slant&#8221; bottom_divider_color=&#8221;#002c3e&#8221; bottom_divider_flip=&#8221;horizontal|vertical&#8221; background_last_edited=&#8221;on|phone&#8221; background_position_phone=&#8221;top_right&#8221; background_horizontal_offset_phone=&#8221;1%&#8221; locked=&#8221;off&#8221; global_colors_info=&#8221;{}&#8221;][et_pb_row _builder_version=&#8221;4.19.3&#8243; _module_preset=&#8221;default&#8221; max_width=&#8221;2496px&#8221; global_colors_info=&#8221;{}&#8221;][et_pb_column type=&#8221;4_4&#8243; _builder_version=&#8221;4.19.3&#8243; _module_preset=&#8221;default&#8221; background_color=&#8221;RGBA(255,255,255,0)&#8221; custom_padding=&#8221;20px|20px|20px|20px|true|true&#8221; global_colors_info=&#8221;{}&#8221;][et_pb_text admin_label=&#8221;Title&#8221; _builder_version=&#8221;4.24.3&#8243; text_font=&#8221;||||||||&#8221; header_font=&#8221;Prata||||||||&#8221; header_2_font=&#8221;Montserrat|700|||||||&#8221; header_2_text_align=&#8221;center&#8221; header_2_font_size=&#8221;32px&#8221; header_3_font=&#8221;|300|||||||&#8221; background_color=&#8221;RGBA(255,255,255,0)&#8221; custom_margin=&#8221;||||false|false&#8221; custom_padding=&#8221;||||false|false&#8221; animation_style=&#8221;flip&#8221; animation_direction=&#8221;left&#8221; animation_intensity_flip=&#8221;30%&#8221; animation_starting_opacity=&#8221;100%&#8221; inline_fonts=&#8221;Prata,Montserrat&#8221; global_colors_info=&#8221;{}&#8221;]<\/p>\n<p style=\"font-weight:400;text-align: center;color: #ffffff;font-size: 21px\">Es \u00fatil <strong>dividir el enfoque del cambio de rumbo en tres fases distintas<\/strong>, dictadas por la urgencia de las intervenciones: un primer momento dedicado a la estabilizaci\u00f3n de la organizaci\u00f3n, un per\u00edodo intermedio con acciones a corto plazo, para luego llegar a la gobernanza de la reestructuraci\u00f3n y el lanzamiento de un plan industrial que mira hacia el futuro:<\/p>\n<p>[\/et_pb_text][\/et_pb_column][\/et_pb_row][et_pb_row column_structure=&#8221;1_3,1_3,1_3&#8243; _builder_version=&#8221;4.19.3&#8243; _module_preset=&#8221;default&#8221; global_colors_info=&#8221;{}&#8221;][et_pb_column type=&#8221;1_3&#8243; _builder_version=&#8221;4.19.3&#8243; _module_preset=&#8221;default&#8221; animation_style=&#8221;fade&#8221; animation_duration=&#8221;2000ms&#8221; animation_speed_curve=&#8221;ease-in&#8221; global_colors_info=&#8221;{}&#8221;][et_pb_text _builder_version=&#8221;4.24.3&#8243; _module_preset=&#8221;default&#8221; text_font=&#8221;||||||||&#8221; text_text_color=&#8221;#3c5b74&#8243; text_font_size=&#8221;36px&#8221; width=&#8221;60%&#8221; custom_margin=&#8221;0px||0px||false|false&#8221; custom_padding=&#8221;0px||||false|false&#8221; locked=&#8221;off&#8221; global_colors_info=&#8221;{}&#8221;]<\/p>\n<p>Fase 1<\/p>\n<p>[\/et_pb_text][et_pb_divider color=&#8221;#FFFFFF&#8221; divider_weight=&#8221;6px&#8221; _builder_version=&#8221;4.24.3&#8243; _module_preset=&#8221;default&#8221; width=&#8221;20%&#8221; custom_margin=&#8221;||6px||false|false&#8221; custom_padding=&#8221;12px||0px||false|false&#8221; global_colors_info=&#8221;{}&#8221;][\/et_pb_divider][et_pb_text _builder_version=&#8221;4.24.3&#8243; _module_preset=&#8221;default&#8221; text_font=&#8221;|600|||||||&#8221; text_text_color=&#8221;#002C3E&#8221; text_font_size=&#8221;20px&#8221; header_text_color=&#8221;#FFFFFF&#8221; animation_style=&#8221;flip&#8221; animation_direction=&#8221;left&#8221; animation_intensity_flip=&#8221;30%&#8221; animation_starting_opacity=&#8221;100%&#8221; locked=&#8221;off&#8221; global_colors_info=&#8221;{}&#8221;]<\/p>\n<p>Un primer momento dedicado a la estabilizaci\u00f3n de la organizaci\u00f3n.<\/p>\n<p>[\/et_pb_text][\/et_pb_column][et_pb_column type=&#8221;1_3&#8243; _builder_version=&#8221;4.24.3&#8243; _module_preset=&#8221;default&#8221; global_colors_info=&#8221;{}&#8221;][et_pb_text _builder_version=&#8221;4.24.3&#8243; _module_preset=&#8221;default&#8221; text_font=&#8221;||||||||&#8221; text_text_color=&#8221;#3c5b74&#8243; text_font_size=&#8221;36px&#8221; width=&#8221;60%&#8221; custom_margin=&#8221;0px||0px||false|false&#8221; custom_padding=&#8221;0px||||false|false&#8221; locked=&#8221;off&#8221; global_colors_info=&#8221;{}&#8221;]<\/p>\n<p>Fase 2<\/p>\n<p>[\/et_pb_text][et_pb_divider color=&#8221;#FFFFFF&#8221; divider_weight=&#8221;6px&#8221; _builder_version=&#8221;4.24.3&#8243; _module_preset=&#8221;default&#8221; width=&#8221;20%&#8221; custom_margin=&#8221;||6px||false|false&#8221; custom_padding=&#8221;12px||0px||false|false&#8221; global_colors_info=&#8221;{}&#8221;][\/et_pb_divider][et_pb_text _builder_version=&#8221;4.24.3&#8243; _module_preset=&#8221;default&#8221; text_font=&#8221;|600|||||||&#8221; text_text_color=&#8221;#002C3E&#8221; text_font_size=&#8221;20px&#8221; header_text_color=&#8221;#FFFFFF&#8221; animation_style=&#8221;flip&#8221; animation_direction=&#8221;left&#8221; animation_intensity_flip=&#8221;30%&#8221; animation_starting_opacity=&#8221;100%&#8221; locked=&#8221;off&#8221; global_colors_info=&#8221;{}&#8221;]<\/p>\n<p>Un per\u00edodo intermedio con acciones a corto plazo.<\/p>\n<p>[\/et_pb_text][\/et_pb_column][et_pb_column type=&#8221;1_3&#8243; _builder_version=&#8221;4.19.3&#8243; _module_preset=&#8221;default&#8221; animation_style=&#8221;fade&#8221; animation_delay=&#8221;1000ms&#8221; animation_speed_curve=&#8221;ease-in&#8221; global_colors_info=&#8221;{}&#8221;][et_pb_text _builder_version=&#8221;4.24.3&#8243; _module_preset=&#8221;default&#8221; text_font=&#8221;||||||||&#8221; text_text_color=&#8221;#3c5b74&#8243; text_font_size=&#8221;36px&#8221; width=&#8221;60%&#8221; custom_margin=&#8221;0px||0px||false|false&#8221; custom_padding=&#8221;0px||||false|false&#8221; locked=&#8221;off&#8221; global_colors_info=&#8221;{}&#8221;]<\/p>\n<p>Fase 3<\/p>\n<p>[\/et_pb_text][et_pb_divider color=&#8221;#FFFFFF&#8221; divider_weight=&#8221;6px&#8221; _builder_version=&#8221;4.24.3&#8243; _module_preset=&#8221;default&#8221; width=&#8221;20%&#8221; custom_margin=&#8221;||6px||false|false&#8221; custom_padding=&#8221;12px||0px||false|false&#8221; global_colors_info=&#8221;{}&#8221;][\/et_pb_divider][et_pb_text _builder_version=&#8221;4.24.3&#8243; _module_preset=&#8221;default&#8221; text_font=&#8221;|600|||||||&#8221; text_text_color=&#8221;#002C3E&#8221; text_font_size=&#8221;20px&#8221; header_text_color=&#8221;#FFFFFF&#8221; animation_style=&#8221;flip&#8221; animation_direction=&#8221;left&#8221; animation_intensity_flip=&#8221;30%&#8221; animation_starting_opacity=&#8221;100%&#8221; locked=&#8221;off&#8221; global_colors_info=&#8221;{}&#8221;]<\/p>\n<p>Gobernanza de la reestructuraci\u00f3n y el lanzamiento de un plan industrial que mira hacia el futuro.<\/p>\n<p>[\/et_pb_text][\/et_pb_column][\/et_pb_row][\/et_pb_section][et_pb_section fb_built=&#8221;1&#8243; _builder_version=&#8221;4.19.3&#8243; _module_preset=&#8221;default&#8221; background_color=&#8221;#002c3e&#8221; custom_margin=&#8221;||||false|false&#8221; custom_padding=&#8221;50px||140px||false|false&#8221; top_divider_style=&#8221;slant&#8221; top_divider_color=&#8221;#002c3e&#8221; top_divider_flip=&#8221;horizontal|vertical&#8221; bottom_divider_color=&#8221;#FFFFFF&#8221; bottom_divider_flip=&#8221;vertical&#8221; locked=&#8221;off&#8221; global_colors_info=&#8221;{}&#8221;][et_pb_row _builder_version=&#8221;4.24.3&#8243; _module_preset=&#8221;default&#8221; custom_margin=&#8221;||0px||false|false&#8221; custom_padding=&#8221;||0px||false|false&#8221; global_colors_info=&#8221;{}&#8221;][et_pb_column type=&#8221;4_4&#8243; _builder_version=&#8221;4.24.3&#8243; _module_preset=&#8221;default&#8221; global_colors_info=&#8221;{}&#8221;][et_pb_text _builder_version=&#8221;4.24.3&#8243; _module_preset=&#8221;default&#8221; text_font=&#8221;||||||||&#8221; text_text_color=&#8221;#FFFFFF&#8221; text_font_size=&#8221;36px&#8221; width=&#8221;60%&#8221; custom_margin=&#8221;0px||18px||false|false&#8221; custom_padding=&#8221;0px||||false|false&#8221; locked=&#8221;off&#8221; global_colors_info=&#8221;{}&#8221;]<\/p>\n<p>Fase 1:<\/p>\n<p>[\/et_pb_text][et_pb_text _builder_version=&#8221;4.24.3&#8243; _module_preset=&#8221;default&#8221; text_font=&#8221;|800|||||||&#8221; text_text_color=&#8221;#3c5b74&#8243; text_font_size=&#8221;22px&#8221; custom_margin=&#8221;0px||0px||false|false&#8221; custom_padding=&#8221;0px||||false|false&#8221; locked=&#8221;off&#8221; global_colors_info=&#8221;{}&#8221;]<\/p>\n<p>Estabilizar la empresa y su funcionamiento<\/p>\n<p>[\/et_pb_text][et_pb_divider color=&#8221;#E09900&#8243; divider_weight=&#8221;6px&#8221; _builder_version=&#8221;4.24.3&#8243; _module_preset=&#8221;default&#8221; width=&#8221;20%&#8221; custom_margin=&#8221;||6px||false|false&#8221; custom_padding=&#8221;12px||0px||false|false&#8221; global_colors_info=&#8221;{}&#8221;][\/et_pb_divider][\/et_pb_column][\/et_pb_row][et_pb_row column_structure=&#8221;1_2,1_2&#8243; _builder_version=&#8221;4.19.3&#8243; _module_preset=&#8221;default&#8221; locked=&#8221;off&#8221; global_colors_info=&#8221;{}&#8221;][et_pb_column type=&#8221;1_2&#8243; _builder_version=&#8221;4.19.3&#8243; _module_preset=&#8221;default&#8221; animation_style=&#8221;fade&#8221; animation_duration=&#8221;2000ms&#8221; animation_speed_curve=&#8221;ease-in&#8221; global_colors_info=&#8221;{}&#8221;][et_pb_text _builder_version=&#8221;4.24.3&#8243; _module_preset=&#8221;default&#8221; text_text_color=&#8221;#FFFFFF&#8221; text_font_size=&#8221;16px&#8221; header_text_color=&#8221;#FFFFFF&#8221; animation_style=&#8221;flip&#8221; animation_direction=&#8221;left&#8221; animation_intensity_flip=&#8221;30%&#8221; animation_starting_opacity=&#8221;100%&#8221; locked=&#8221;off&#8221; global_colors_info=&#8221;{}&#8221;]<\/p>\n<p>En primer lugar, es fundamental hacer un seguimiento exhaustivo de la situaci\u00f3n de la empresa en el momento que\u00a0 se activa la gesti\u00f3n de crisis: un an\u00e1lisis orientado a conocer la organizaci\u00f3n, las personas que forman parte de ella, los\u00a0 clientes, los proveedores, el producto, los sistemas de informaci\u00f3n y los procesos que los gobiernan.<\/p>\n<p>Pero el punto inicial e imprescindible es <strong>verificar el estado de las cuentas por cobrar y por pagar,<\/strong> mapear todos los gastos\u00a0 planificados con un calendario que se actualizar\u00e1 semana a semana en un horizonte de tiempo de al menos tres meses. De este modo ser\u00e1 posible redimensionar los ingresos, dando prioridad solo a los pagos indispensables, aquellos que de no pagarse correr\u00edan el riesgo de bloquear la empresa. Todas las\u00a0 dem\u00e1s cuentas por pagar deben bloquearse y avanzar. Al\u00a0 mismo tiempo, <strong>todas las inversiones deben suspenderse y congelarse o cancelarse por completo,<\/strong> excepto aquellas imprescindibles para la continuidad de la producci\u00f3n, que deben mantenerse a conocer la organizaci\u00f3n, las personas que forman parte de ella, los clientes, los proveedores, el producto, los sistemas de informaci\u00f3n y los procesos que los gobiernan.<\/p>\n<p>La siguiente acci\u00f3n es sobre el <strong>capital circulante,<\/strong> que hay que <strong>minimizar y convertirlo en efectivo:<\/strong> obviamente partimos de los almacenes, que hay que vaciar y\/o aligerar, incluso a costa de permitir descuentos excepcionales para productos ahora obsoletos o para aquellos al final de su producci\u00f3n.<br \/>Entonces es el momento de introducir un control estricto sobre los cobros: es necesario recuperar todos los pagos vencidos, incluso a costa de tener que hacer descuentos en algunas facturas a cambio de su cobro inmediato. Se debe revisar la l\u00f3gica del gasto, reduciendo las compras a los materiales estrictamente necesarios para la producci\u00f3n inmediata.<\/p>\n<p>Para todas estas acciones, es necesario proceder de inmediato a la <strong>centralizaci\u00f3n de poderes:<\/strong> todos los poderes de gasto deben ser revocados, incluso en inversiones, y deben concentrarse en una sola persona, el Director de\u00a0 Reestructuraci\u00f3n \/ CRO, que es responsable del cambio de rumbo.<\/p>\n<p>&nbsp;<\/p>\n<p>[\/et_pb_text][\/et_pb_column][et_pb_column type=&#8221;1_2&#8243; _builder_version=&#8221;4.24.3&#8243; _module_preset=&#8221;default&#8221; global_colors_info=&#8221;{}&#8221;][et_pb_text _builder_version=&#8221;4.24.3&#8243; _module_preset=&#8221;default&#8221; text_font=&#8221;|800|||||||&#8221; text_text_color=&#8221;#E09900&#8243; text_font_size=&#8221;22px&#8221; custom_margin=&#8221;0px||0px||false|false&#8221; custom_padding=&#8221;0px||||false|false&#8221; locked=&#8221;off&#8221; global_colors_info=&#8221;{}&#8221;]<\/p>\n<p>La centralizaci\u00f3n y la coordinaci\u00f3n deben ser las piedras angulares que tambi\u00e9n deben inspirar la comunicaci\u00f3n.<\/p>\n<p>[\/et_pb_text][et_pb_divider color=&#8221;#E09900&#8243; divider_weight=&#8221;6px&#8221; _builder_version=&#8221;4.24.3&#8243; _module_preset=&#8221;default&#8221; width=&#8221;20%&#8221; custom_margin=&#8221;||6px||false|false&#8221; custom_padding=&#8221;12px||0px||false|false&#8221; global_colors_info=&#8221;{}&#8221;][\/et_pb_divider][et_pb_text _builder_version=&#8221;4.24.3&#8243; _module_preset=&#8221;default&#8221; text_text_color=&#8221;#FFFFFF&#8221; text_font_size=&#8221;16px&#8221; header_text_color=&#8221;#FFFFFF&#8221; animation_style=&#8221;flip&#8221; animation_direction=&#8221;left&#8221; animation_intensity_flip=&#8221;30%&#8221; animation_starting_opacity=&#8221;100%&#8221; locked=&#8221;off&#8221; global_colors_info=&#8221;{}&#8221;]<\/p>\n<p><strong>La crisis nunca debe ser silenciada o minimizada:<\/strong> ni frente a la opini\u00f3n p\u00fablica, para no correr el riesgo de que prevalezcan los rumores, filtraciones o fake news que dar\u00edan una percepci\u00f3n desviada y nefasta de la realidad. Lo mismo debe hacerse con respecto a empleados, clientes, proveedores y bancos. Por tanto, hay que desarrollar la narrativa que\u00a0 explique la crisis y, sobre todo, se deben aclarar paso a paso las estrategias desarrolladas para afrontarla.<\/p>\n<p><strong>Centralizar la responsabilidad de esta narrativa en el CRO es fundamental para conseguir que la representaci\u00f3n de lo que est\u00e1 sucediendo sea la misma para todos los p\u00fablicos objetivo sin generar confusi\u00f3n.<\/strong> El CRO, junto con los ejecutivos y consejeros, y asesorados por su equipo de expertos en Comunicaci\u00f3n, decidir\u00e1 qu\u00e9 comunicar, a qui\u00e9n, c\u00f3mo y con qu\u00e9 frecuencia, y para evitar contradicciones o dificultades de gesti\u00f3n, es bueno designar una sola figura como \u201cportavoz\u201d de referencia.<\/p>\n<p>Se debe prestar mucha atenci\u00f3n a la <strong>comunicaci\u00f3n interna.<\/strong> Es una inversi\u00f3n que todas las empresas deben hacerlo bien antes de que surja una crisis, porque es la \u00fanica forma de crear cohesi\u00f3n, implicaci\u00f3n y sentido de pertenencia: valores todos que en tiempos de crisis pueden resultar decisivos para evitar que la organizaci\u00f3n se desintegre.<\/p>\n<p>Es fundamental comunicarse tambi\u00e9n semanalmente con los <strong>proveedores<\/strong> para evitar situaciones de bloqueo del env\u00edo de materiales y as\u00ed poder garantizar la producci\u00f3n. Y con el mismo intervalo de tiempo es necesario comunicarse con bancos e instituciones de cr\u00e9dito, estableciendo una relaci\u00f3n de confianza, basada en la transparencia y claridad de la situaci\u00f3n.<\/p>\n<p>[\/et_pb_text][\/et_pb_column][\/et_pb_row][\/et_pb_section][et_pb_section fb_built=&#8221;1&#8243; _builder_version=&#8221;4.24.3&#8243; _module_preset=&#8221;default&#8221; background_color=&#8221;RGBA(255,255,255,0)&#8221; use_background_color_gradient=&#8221;on&#8221; background_color_gradient_direction=&#8221;90deg&#8221; background_color_gradient_stops=&#8221;rgba(255,255,255,0) 40%|#3c5b74 40%&#8221; background_color_gradient_overlays_image=&#8221;on&#8221; background_image=&#8221;https:\/\/www.eim.com\/es\/wp-content\/uploads\/sites\/10\/2024\/04\/imagen-franja-azul-2.jpg&#8221; background_size=&#8221;contain&#8221; background_position=&#8221;bottom_left&#8221; background_horizontal_offset=&#8221;-14%&#8221; custom_margin=&#8221;0px||0px||false|false&#8221; custom_padding=&#8221;140px||140px||false|false&#8221; top_divider_style=&#8221;slant&#8221; top_divider_color=&#8221;#002C3E&#8221; top_divider_flip=&#8221;vertical&#8221; top_divider_arrangement=&#8221;above_content&#8221; bottom_divider_style=&#8221;slant&#8221; bottom_divider_color=&#8221;#FFFFFF&#8221; bottom_divider_flip=&#8221;horizontal|vertical&#8221; background_last_edited=&#8221;on|desktop&#8221; use_background_color_gradient_phone=&#8221;on&#8221; background_color_gradient_stops_phone=&#8221;rgba(255,255,255,0) 0%|#20454c 0%&#8221; background_enable_image_phone=&#8221;off&#8221; background_position_phone=&#8221;top_left&#8221; background_horizontal_offset_phone=&#8221;38%&#8221; background_vertical_offset_phone=&#8221;16%&#8221; locked=&#8221;off&#8221; global_colors_info=&#8221;{}&#8221;][et_pb_row column_structure=&#8221;1_2,1_2&#8243; _builder_version=&#8221;4.19.3&#8243; _module_preset=&#8221;default&#8221; max_width=&#8221;2496px&#8221; border_radii=&#8221;off||||&#8221; global_colors_info=&#8221;{}&#8221;][et_pb_column type=&#8221;1_2&#8243; _builder_version=&#8221;4.19.3&#8243; _module_preset=&#8221;default&#8221; background_color=&#8221;RGBA(255,255,255,0)&#8221; custom_padding=&#8221;20px|20px|20px|20px|true|true&#8221; global_colors_info=&#8221;{}&#8221;][\/et_pb_column][et_pb_column type=&#8221;1_2&#8243; _builder_version=&#8221;4.19.3&#8243; _module_preset=&#8221;default&#8221; background_color=&#8221;RGBA(255,255,255,0)&#8221; custom_padding=&#8221;20px|20px|20px|20px|true|true&#8221; global_colors_info=&#8221;{}&#8221;][et_pb_text admin_label=&#8221;Texto&#8221; _builder_version=&#8221;4.24.3&#8243; _module_preset=&#8221;default&#8221; text_text_color=&#8221;#000000&#8243; locked=&#8221;off&#8221; global_colors_info=&#8221;{}&#8221;]<\/p>\n<h3 style=\"text-align: center;color: #ffffff\">Un dilema t\u00edpico de esta fase es c\u00f3mo gestionar<br \/>el equipo directivo actual y qu\u00e9 hacer con \u00e9l:<\/h3>\n<p>[\/et_pb_text][et_pb_text admin_label=&#8221;Title&#8221; _builder_version=&#8221;4.24.3&#8243; text_font=&#8221;||||||||&#8221; header_font=&#8221;Prata||||||||&#8221; header_2_font=&#8221;Montserrat|700|||||||&#8221; header_2_text_align=&#8221;center&#8221; header_2_font_size=&#8221;32px&#8221; header_3_font=&#8221;|300|||||||&#8221; background_color=&#8221;RGBA(255,255,255,0)&#8221; custom_margin=&#8221;||||false|false&#8221; custom_padding=&#8221;0px||||false|false&#8221; animation_style=&#8221;flip&#8221; animation_direction=&#8221;left&#8221; animation_intensity_flip=&#8221;30%&#8221; animation_starting_opacity=&#8221;100%&#8221; inline_fonts=&#8221;Prata,Montserrat&#8221; global_colors_info=&#8221;{}&#8221;]<\/p>\n<p style=\"text-align: center;color: #ffffff\">En general, el CRO necesita masa cr\u00edtica para gestionar el momento y debe entender qui\u00e9n es parte integral y activa del propio equipo. Una fuerte tentaci\u00f3n es a menudo desmantelar inmediatamente el equipo existente, responsabiliz\u00e1ndolo de los desastres del pasado o, por el contrario, confiar en los gerentes actuales. Los dos enfoques pueden coexistir, pero es necesario realizar una adecuada valoraci\u00f3n de los recursos de gesti\u00f3n en muy poco tiempo (cuatro semanas como m\u00e1ximo) y tomar las decisiones de cambio necesarias. De todos modos, la primera fase es la m\u00e1s cr\u00edtica: no se permiten errores. Cada paso puede marcar la diferencia entre el fracaso o el \u00e9xito del cambio de rumbo.<\/p>\n<p>[\/et_pb_text][\/et_pb_column][\/et_pb_row][\/et_pb_section][et_pb_section fb_built=&#8221;1&#8243; _builder_version=&#8221;4.24.3&#8243; _module_preset=&#8221;default&#8221; background_color=&#8221;#FFFFFF&#8221; custom_margin=&#8221;||||false|false&#8221; custom_padding=&#8221;50px||140px||false|false&#8221; top_divider_style=&#8221;slant&#8221; top_divider_color=&#8221;#FFFFFF&#8221; top_divider_flip=&#8221;horizontal|vertical&#8221; bottom_divider_color=&#8221;#FFFFFF&#8221; bottom_divider_flip=&#8221;vertical&#8221; locked=&#8221;off&#8221; global_colors_info=&#8221;{}&#8221;][et_pb_row _builder_version=&#8221;4.24.3&#8243; _module_preset=&#8221;default&#8221; custom_margin=&#8221;||0px||false|false&#8221; custom_padding=&#8221;||0px||false|false&#8221; global_colors_info=&#8221;{}&#8221;][et_pb_column type=&#8221;4_4&#8243; _builder_version=&#8221;4.24.3&#8243; _module_preset=&#8221;default&#8221; global_colors_info=&#8221;{}&#8221;][et_pb_text _builder_version=&#8221;4.24.3&#8243; _module_preset=&#8221;default&#8221; text_font=&#8221;||||||||&#8221; text_text_color=&#8221;#3c5b74&#8243; text_font_size=&#8221;36px&#8221; width=&#8221;60%&#8221; custom_margin=&#8221;0px||18px||false|false&#8221; custom_padding=&#8221;0px||||false|false&#8221; locked=&#8221;off&#8221; global_colors_info=&#8221;{}&#8221;]<\/p>\n<p>Fase 2:<\/p>\n<p>[\/et_pb_text][et_pb_text _builder_version=&#8221;4.24.3&#8243; _module_preset=&#8221;default&#8221; text_font=&#8221;|800|||||||&#8221; text_text_color=&#8221;#002C3E&#8221; text_font_size=&#8221;22px&#8221; custom_margin=&#8221;0px||0px||false|false&#8221; custom_padding=&#8221;0px||||false|false&#8221; locked=&#8221;off&#8221; global_colors_info=&#8221;{}&#8221;]<\/p>\n<p>Tomar medidas a corto plazo y preparar el plan de reestructuraci\u00f3n<\/p>\n<p>[\/et_pb_text][et_pb_divider color=&#8221;#E09900&#8243; divider_weight=&#8221;6px&#8221; _builder_version=&#8221;4.24.3&#8243; _module_preset=&#8221;default&#8221; width=&#8221;20%&#8221; custom_margin=&#8221;||6px||false|false&#8221; custom_padding=&#8221;12px||0px||false|false&#8221; global_colors_info=&#8221;{}&#8221;][\/et_pb_divider][\/et_pb_column][\/et_pb_row][et_pb_row column_structure=&#8221;1_2,1_2&#8243; _builder_version=&#8221;4.19.3&#8243; _module_preset=&#8221;default&#8221; locked=&#8221;off&#8221; global_colors_info=&#8221;{}&#8221;][et_pb_column type=&#8221;1_2&#8243; _builder_version=&#8221;4.19.3&#8243; _module_preset=&#8221;default&#8221; animation_style=&#8221;fade&#8221; animation_duration=&#8221;2000ms&#8221; animation_speed_curve=&#8221;ease-in&#8221; global_colors_info=&#8221;{}&#8221;][et_pb_text _builder_version=&#8221;4.24.3&#8243; _module_preset=&#8221;default&#8221; locked=&#8221;off&#8221; global_colors_info=&#8221;{}&#8221;]<\/p>\n<p>Con el primer gran incendio extinguido y las partes interesadas tranquilizadas, el control de la situaci\u00f3n reanudado y la continuidad y supervivencia del negocio garantizadas durante al menos las siguientes 10-15 semanas, ahora es posible <strong>centrarse en el modelo operativo del<\/strong><br \/><strong>cambio de rumbo:<\/strong> es necesario definir claramente los roles y responsabilidades, qui\u00e9n hace qu\u00e9 en el equipo de gesti\u00f3n, c\u00f3mo se toman las decisiones y los niveles de autorizaci\u00f3n y delegaci\u00f3n.<\/p>\n<p>[\/et_pb_text][et_pb_image src=&#8221;https:\/\/www.eim.com\/es\/wp-content\/uploads\/sites\/10\/2024\/04\/imagen-fase-2.jpg&#8221; title_text=&#8221;imagen fase 2&#8243; _builder_version=&#8221;4.24.3&#8243; _module_preset=&#8221;default&#8221; custom_margin=&#8221;60px||60px||false|false&#8221; global_colors_info=&#8221;{}&#8221;][\/et_pb_image][\/et_pb_column][et_pb_column type=&#8221;1_2&#8243; _builder_version=&#8221;4.24.3&#8243; _module_preset=&#8221;default&#8221; global_colors_info=&#8221;{}&#8221;][et_pb_text content_tablet=&#8221;<\/p>\n<p>Se debe realizar una primera reorganizaci\u00f3n de la empresa, identificando unos pocos roles clave en la organizaci\u00f3n y las pocas personas que deben formar parte del equipo de reestructuraci\u00f3n, quienes luego llevar\u00e1n a cabo las iniciativas de mejora individual a nivel de las distintas \u00e1reas: Operaciones, Ventas, Marketing, Administraci\u00f3n y Servicios Generales.<\/p>\n<p>&#8221; content_phone=&#8221;<\/p>\n<p>Se debe realizar una primera reorganizaci\u00f3n de la empresa, identificando unos pocos roles clave en la organizaci\u00f3n y las pocas personas que deben formar parte del equipo de reestructuraci\u00f3n, quienes luego llevar\u00e1n a cabo las iniciativas de mejora individual a nivel de las distintas \u00e1reas: Operaciones, Ventas, Marketing, Administraci\u00f3n y Servicios Generales.<\/p>\n<p>&#8221; content_last_edited=&#8221;on|desktop&#8221; _builder_version=&#8221;4.24.3&#8243; _module_preset=&#8221;default&#8221; text_font=&#8221;||||||||&#8221; text_text_color=&#8221;#E09900&#8243; text_font_size=&#8221;22px&#8221; custom_margin=&#8221;0px||0px||false|false&#8221; custom_padding=&#8221;0px||||false|false&#8221; locked=&#8221;off&#8221; global_colors_info=&#8221;{}&#8221;]<\/p>\n<p>Se debe realizar una <strong>primera reorganizaci\u00f3n de la empresa<\/strong>, identificando unos pocos <strong>roles clave<\/strong> en la organizaci\u00f3n y las pocas personas que deben formar parte del <strong>equipo de reestructuraci\u00f3n<\/strong>, quienes luego llevar\u00e1n a cabo las iniciativas de mejora individual a nivel de las distintas \u00e1reas: <strong>Operaciones, Ventas, Marketing, Administraci\u00f3n y Servicios Generales.<\/strong><\/p>\n<p>[\/et_pb_text][et_pb_divider color=&#8221;#E09900&#8243; divider_weight=&#8221;6px&#8221; _builder_version=&#8221;4.24.3&#8243; _module_preset=&#8221;default&#8221; width=&#8221;20%&#8221; custom_margin=&#8221;||6px||false|false&#8221; custom_padding=&#8221;12px||0px||false|false&#8221; global_colors_info=&#8221;{}&#8221;][\/et_pb_divider][et_pb_text _builder_version=&#8221;4.24.3&#8243; _module_preset=&#8221;default&#8221; locked=&#8221;off&#8221; global_colors_info=&#8221;{}&#8221;]<\/p>\n<p>El CRO debe proceder luego a un <strong>an\u00e1lisis en profundidad de todas las situaciones negativas que generaron la crisis y a las medidas que deben evitar volver a caer en los mismos errores.<\/strong> El pasado no puede ni debe eliminarse: al contrario, debe ser la vara de medir para cambiar la cultura y el comportamiento en la empresa.<\/p>\n<p>El siguiente paso es <strong>identificar acciones a corto plazo<\/strong> que puedan aumentar el efectivo disponible en la empresa. De acuerdo con la pr\u00e1ctica m\u00e1s com\u00fan, deber\u00eda comenzar con una<strong> revisi\u00f3n de los costos de la empresa:<\/strong> proponemos en cambio comenzar con una revisi\u00f3n al alza del margen a trav\u00e9s de un aumento moderado pero sustancial en los precios de venta. Son frecuentes las situaciones en las que es posible incrementar los precios en dos o tres puntos porcentuales sin tener un impacto significativo en los vol\u00famenes: la estructura comercial suele sentirse aterrorizada ante esta eventualidad, pero en situaciones de emergencia puede ser absolutamente beneficioso para el efectivo, considerando que el precio adicional se traduce \u00edntegramente en margen, y por tanto incluso un incremento del 0,5% puede representar una mejora en el margen de varios puntos.<\/p>\n<p>[\/et_pb_text][\/et_pb_column][\/et_pb_row][et_pb_row _builder_version=&#8221;4.24.3&#8243; _module_preset=&#8221;default&#8221; global_colors_info=&#8221;{}&#8221;][et_pb_column type=&#8221;4_4&#8243; _builder_version=&#8221;4.24.3&#8243; _module_preset=&#8221;default&#8221; global_colors_info=&#8221;{}&#8221;][et_pb_text _builder_version=&#8221;4.24.3&#8243; _module_preset=&#8221;default&#8221; locked=&#8221;off&#8221; global_colors_info=&#8221;{}&#8221;]<\/p>\n<p>Otra palanca que se utilizar\u00e1 a corto plazo es la <strong>racionalizaci\u00f3n de la oferta- producto,<\/strong> con la eliminaci\u00f3n de productos con m\u00e1rgenes negativos o aquellos que contribuyen muy poco al margen y la facturaci\u00f3n, y que generan en cambio altos costes y complejidad en todas las \u00e1reas, desde ventas hasta marketing, la gesti\u00f3n y el control, la producci\u00f3n y la distribuci\u00f3n.<br \/>El siguiente paso es centrarse en los costes: racionalizar en\u00e9rgicamente los gastos generales, eliminando la consultor\u00eda, los trabajadores temporales,<br \/>reduciendo los gastos de marketing y todos los gastos generales menos necesarios. <strong>Solo se puede justificar lo que sea necesario para la producci\u00f3n, y que se convertir\u00e1 en efectivo.<\/strong><\/p>\n<p>[\/et_pb_text][\/et_pb_column][\/et_pb_row][\/et_pb_section][et_pb_section fb_built=&#8221;1&#8243; _builder_version=&#8221;4.24.3&#8243; _module_preset=&#8221;default&#8221; background_color=&#8221;RGBA(255,255,255,0)&#8221; use_background_color_gradient=&#8221;on&#8221; background_color_gradient_direction=&#8221;90deg&#8221; background_color_gradient_stops=&#8221;#e09900 60%|rgba(255,255,255,0) 60%&#8221; background_color_gradient_overlays_image=&#8221;on&#8221; background_image=&#8221;https:\/\/www.eim.com\/es\/wp-content\/uploads\/sites\/10\/2024\/04\/imagen-franja-amarilla.jpg&#8221; background_size=&#8221;contain&#8221; background_position=&#8221;bottom_right&#8221; background_horizontal_offset=&#8221;-25%&#8221; custom_margin=&#8221;0px||0px||false|false&#8221; custom_padding=&#8221;100px||100px||false|false&#8221; top_divider_style=&#8221;slant&#8221; top_divider_color=&#8221;#FFFFFF&#8221; top_divider_flip=&#8221;vertical|horizontal&#8221; top_divider_arrangement=&#8221;above_content&#8221; bottom_divider_style=&#8221;slant&#8221; bottom_divider_color=&#8221;#FFFFFF&#8221; bottom_divider_flip=&#8221;vertical&#8221; background_last_edited=&#8221;on|desktop&#8221; use_background_color_gradient_phone=&#8221;on&#8221; background_color_gradient_stops_phone=&#8221;#e09900 100%|rgba(255,255,255,0) 100%&#8221; background_enable_image_phone=&#8221;off&#8221; background_position_phone=&#8221;top_left&#8221; background_horizontal_offset_phone=&#8221;38%&#8221; background_vertical_offset_phone=&#8221;16%&#8221; locked=&#8221;off&#8221; global_colors_info=&#8221;{}&#8221;][et_pb_row column_structure=&#8221;1_2,1_2&#8243; _builder_version=&#8221;4.19.3&#8243; _module_preset=&#8221;default&#8221; max_width=&#8221;2496px&#8221; border_radii=&#8221;off||||&#8221; global_colors_info=&#8221;{}&#8221;][et_pb_column type=&#8221;1_2&#8243; _builder_version=&#8221;4.19.3&#8243; _module_preset=&#8221;default&#8221; background_color=&#8221;RGBA(255,255,255,0)&#8221; custom_padding=&#8221;20px|20px|20px|20px|true|true&#8221; global_colors_info=&#8221;{}&#8221;][et_pb_text admin_label=&#8221;Texto&#8221; _builder_version=&#8221;4.24.3&#8243; _module_preset=&#8221;default&#8221; text_text_color=&#8221;#000000&#8243; locked=&#8221;off&#8221; global_colors_info=&#8221;{}&#8221;]<\/p>\n<h3 style=\"text-align: center;color: #ffffff\">Es oportuno resaltar la importancia de comunicarse con el accionista durante estas dos primeras fases:<\/h3>\n<p>[\/et_pb_text][et_pb_text admin_label=&#8221;Title&#8221; _builder_version=&#8221;4.24.3&#8243; text_font=&#8221;||||||||&#8221; header_font=&#8221;Prata||||||||&#8221; header_2_font=&#8221;Montserrat|700|||||||&#8221; header_2_text_align=&#8221;center&#8221; header_2_font_size=&#8221;32px&#8221; header_3_font=&#8221;|300|||||||&#8221; background_color=&#8221;RGBA(255,255,255,0)&#8221; custom_margin=&#8221;||||false|false&#8221; custom_padding=&#8221;||||false|false&#8221; animation_style=&#8221;flip&#8221; animation_direction=&#8221;left&#8221; animation_intensity_flip=&#8221;30%&#8221; animation_starting_opacity=&#8221;100%&#8221; inline_fonts=&#8221;Prata,Montserrat&#8221; global_colors_info=&#8221;{}&#8221;]<\/p>\n<p style=\"text-align: center;color: #ffffff\">El CRO debe ser capaz de mantener alineados a todos los accionistas de forma permanente, tanto en lo que respecta a las acciones que se llevan a cabo, como en lo que\u00a0 respecta a los objetivos a corto plazo y los resultados esperados. Esto es fundamental para que de otro modo\u00a0 surgir\u00edan tarde s\u00f3lo en la fase posterior, generando as\u00ed una\u00a0 p\u00e9rdida de credibilidad para el CRO y para la elaboraci\u00f3n del consiguiente plan de industrial.<\/p>\n<p>[\/et_pb_text][\/et_pb_column][et_pb_column type=&#8221;1_2&#8243; _builder_version=&#8221;4.19.3&#8243; _module_preset=&#8221;default&#8221; background_color=&#8221;RGBA(255,255,255,0)&#8221; custom_padding=&#8221;20px|20px|20px|20px|true|true&#8221; global_colors_info=&#8221;{}&#8221;][\/et_pb_column][\/et_pb_row][\/et_pb_section][et_pb_section fb_built=&#8221;1&#8243; _builder_version=&#8221;4.24.3&#8243; _module_preset=&#8221;default&#8221; background_color=&#8221;#FFFFFF&#8221; custom_margin=&#8221;||||false|false&#8221; custom_padding=&#8221;50px||54px||false|false&#8221; top_divider_style=&#8221;slant&#8221; top_divider_color=&#8221;#FFFFFF&#8221; top_divider_flip=&#8221;horizontal|vertical&#8221; bottom_divider_color=&#8221;#FFFFFF&#8221; bottom_divider_flip=&#8221;vertical&#8221; locked=&#8221;off&#8221; global_colors_info=&#8221;{}&#8221;][et_pb_row _builder_version=&#8221;4.24.3&#8243; _module_preset=&#8221;default&#8221; custom_margin=&#8221;||0px||false|false&#8221; custom_padding=&#8221;||0px||false|false&#8221; global_colors_info=&#8221;{}&#8221;][et_pb_column type=&#8221;4_4&#8243; _builder_version=&#8221;4.24.3&#8243; _module_preset=&#8221;default&#8221; global_colors_info=&#8221;{}&#8221;][et_pb_text _builder_version=&#8221;4.24.3&#8243; _module_preset=&#8221;default&#8221; text_font=&#8221;||||||||&#8221; text_text_color=&#8221;#3c5b74&#8243; text_font_size=&#8221;36px&#8221; width=&#8221;60%&#8221; custom_margin=&#8221;0px||18px||false|false&#8221; custom_padding=&#8221;0px||||false|false&#8221; locked=&#8221;off&#8221; global_colors_info=&#8221;{}&#8221;]<\/p>\n<p>Fase 3:<\/p>\n<p>[\/et_pb_text][et_pb_text _builder_version=&#8221;4.24.3&#8243; _module_preset=&#8221;default&#8221; text_font=&#8221;|800|||||||&#8221; text_text_color=&#8221;#002C3E&#8221; text_font_size=&#8221;22px&#8221; custom_margin=&#8221;0px||0px||false|false&#8221; custom_padding=&#8221;0px||||false|false&#8221; locked=&#8221;off&#8221; global_colors_info=&#8221;{}&#8221;]<\/p>\n<p>Gestionar la reestructuraci\u00f3n y preparar el nuevo plan industrial<\/p>\n<p>[\/et_pb_text][et_pb_divider color=&#8221;#E09900&#8243; divider_weight=&#8221;6px&#8221; _builder_version=&#8221;4.24.3&#8243; _module_preset=&#8221;default&#8221; width=&#8221;20%&#8221; custom_margin=&#8221;||6px||false|false&#8221; custom_padding=&#8221;12px||0px||false|false&#8221; global_colors_info=&#8221;{}&#8221;][\/et_pb_divider][\/et_pb_column][\/et_pb_row][et_pb_row _builder_version=&#8221;4.24.3&#8243; _module_preset=&#8221;default&#8221; global_colors_info=&#8221;{}&#8221;][et_pb_column type=&#8221;4_4&#8243; _builder_version=&#8221;4.24.3&#8243; _module_preset=&#8221;default&#8221; global_colors_info=&#8221;{}&#8221;][et_pb_text _builder_version=&#8221;4.24.3&#8243; _module_preset=&#8221;default&#8221; locked=&#8221;off&#8221; global_colors_info=&#8221;{}&#8221;]<\/p>\n<p>En este punto la<strong> fase de emergencia ha terminado:<\/strong> la empresa ha restablecido un equilibrio del fondo y deber\u00eda poder gestionar sus actividades, sin<br \/>duda reducidas, a un nivel sostenible y continuo. La forma de trabajar recientemente implantada debe convertirse en norma y regla, parte del ADN de<br \/>la nueva empresa reestructurada: los roles y las pr\u00e1cticas se pueden revisar m\u00e1s a fondo, expandiendo el poder de toma de decisiones y las delegaciones, pero siempre manteniendo una estructura \u00e1gil, r\u00e1pida y eficiente. Adem\u00e1s, partiendo de la reducci\u00f3n de la empresa realizada, es posible<br \/><strong>preparar un nuevo posicionamiento estrat\u00e9gico,<\/strong> m\u00e1s coherente y sostenible con la nueva realidad, que prev\u00e9 una fase de desarrollo y expansi\u00f3n<br \/>\u201csana\u201d de la empresa transformada.<\/p>\n<p>[\/et_pb_text][\/et_pb_column][\/et_pb_row][et_pb_row column_structure=&#8221;1_3,1_3,1_3&#8243; _builder_version=&#8221;4.19.3&#8243; _module_preset=&#8221;default&#8221; locked=&#8221;off&#8221; global_colors_info=&#8221;{}&#8221;][et_pb_column type=&#8221;1_3&#8243; _builder_version=&#8221;4.19.3&#8243; _module_preset=&#8221;default&#8221; animation_style=&#8221;fade&#8221; animation_duration=&#8221;2000ms&#8221; animation_speed_curve=&#8221;ease-in&#8221; global_colors_info=&#8221;{}&#8221;][et_pb_text _builder_version=&#8221;4.24.3&#8243; _module_preset=&#8221;default&#8221; locked=&#8221;off&#8221; global_colors_info=&#8221;{}&#8221;]<\/p>\n<p>Ciertamente es necesario <strong>revisar la oferta de productos, comprender los segmentos de mercado a seguir presidiendo y los que se van a abandonar, para identificar nuevas oportunidades de expansi\u00f3n comercial,<\/strong> tanto geogr\u00e1ficamente como en t\u00e9rminos de adyacencia de la oferta de productos.<\/p>\n<p>Se puede evaluar una ampliaci\u00f3n y culminaci\u00f3n de la organizaci\u00f3n de la empresa, se pueden aprobar nuevas inversiones, pero siempre en una <strong>l\u00f3gica de extrema prudencia<\/strong> y no socavando la relaci\u00f3n de confianza construida con los acreedores. <strong>Todo este trabajo finalizar\u00e1 con la redacci\u00f3n de un plan industrial a cinco a\u00f1os,<\/strong> que podr\u00e1 ser presentado a los acreedores para su aprobaci\u00f3n y que constituir\u00e1 la base para el relanzamiento de la \u201cnueva\u201d empresa, en continuidad con lo ya logrado durante los meses de\u00a0 reestructuraci\u00f3n y sin olvidar la lecci\u00f3n de prudencia.<\/p>\n<p>La velocidad de ejecuci\u00f3n en los proyectos de respuesta es fundamental.<\/p>\n<p>[\/et_pb_text][\/et_pb_column][et_pb_column type=&#8221;1_3&#8243; _builder_version=&#8221;4.24.3&#8243; _module_preset=&#8221;default&#8221; global_colors_info=&#8221;{}&#8221;][et_pb_text _builder_version=&#8221;4.24.3&#8243; _module_preset=&#8221;default&#8221; locked=&#8221;off&#8221; global_colors_info=&#8221;{}&#8221;]<\/p>\n<p>No solo en los primeros 2-3 meses de inicio, cuando cada minuto es valioso para evitar agravar la situaci\u00f3n, pero de manera m\u00e1s general a lo largo del proceso de reestructuraci\u00f3n, que suele durar de 12 a 24 meses en total, se debe mantener una cierta velocidad de ejecuci\u00f3n, junto con esa sensaci\u00f3n de urgencia que permite que \u201clas cosas sucedan\u201d y evitar empantanarse o regresar a una situaci\u00f3n de estancamiento.<\/p>\n<p>De alguna manera hay que aprovechar la urgencia, acelerando y <strong>dando ese \u201cpaso\u201d que garantiza un cambio r\u00e1pido.<\/strong><\/p>\n<p>[\/et_pb_text][et_pb_text _builder_version=&#8221;4.24.3&#8243; _module_preset=&#8221;default&#8221; text_font=&#8221;|800|||||||&#8221; text_text_color=&#8221;#E09900&#8243; text_font_size=&#8221;22px&#8221; custom_margin=&#8221;0px||0px||false|false&#8221; custom_padding=&#8221;0px||46px||false|false&#8221; locked=&#8221;off&#8221; global_colors_info=&#8221;{}&#8221;]<\/p>\n<p>El control de gesti\u00f3n es una herramienta\u00a0 fundamental para apoyar la formulaci\u00f3n de los planes a implementar y<br \/>para reorientar las acciones de gesti\u00f3n y crear las condiciones para la superaci\u00f3n de la crisis.<\/p>\n<p>[\/et_pb_text][et_pb_text _builder_version=&#8221;4.24.3&#8243; _module_preset=&#8221;default&#8221; locked=&#8221;off&#8221; global_colors_info=&#8221;{}&#8221;][\/et_pb_text][\/et_pb_column][et_pb_column type=&#8221;1_3&#8243; _builder_version=&#8221;4.24.3&#8243; _module_preset=&#8221;default&#8221; global_colors_info=&#8221;{}&#8221;][et_pb_text _builder_version=&#8221;4.24.3&#8243; _module_preset=&#8221;default&#8221; locked=&#8221;off&#8221; global_colors_info=&#8221;{}&#8221;]<\/p>\n<p>En particular, las proyecciones articuladas<br \/>semanalmente y luego mensualmente son<br \/><strong>herramientas efectivas para gobernar la cuenta de resultados, la liquidez<\/strong><br \/><strong>y salvaguardar la solvencia de la empresa.<\/strong> La capacidad de dotarse de cuentas econ\u00f3micas y flujos de caja estimados permite realizar escenarios presupuestarios y evoluci\u00f3n de la situaci\u00f3n econ\u00f3mico-financiera, tambi\u00e9n mediante el c\u00e1lculo de los \u00edndices de referencia com\u00fanmente utilizados, y refiri\u00e9ndose a valores program\u00e1ticos con un predictivo. funci\u00f3n capaz de captar de antemano el desempe\u00f1o y los resultados de la nueva gesti\u00f3n. Tambi\u00e9n en esta fase, <strong>la gesti\u00f3n de la comunicaci\u00f3n del CRO con los accionistas es <\/strong><strong>fundamental.<\/strong> En este caso, sin embargo, la comunicaci\u00f3n no solo puede ser informativa, sino que debe implicar compartir las\u00a0 opciones del plan de negocios y la aceptaci\u00f3n de los accionistas, quienes deben participar activamente en la preparaci\u00f3n y discusi\u00f3n del plan y las decisiones\u00a0 estrat\u00e9gicas relacionadas. A menudo tambi\u00e9n siendo parte activa en la<br \/>consecuente financiaci\u00f3n.<\/p>\n<p>[\/et_pb_text][\/et_pb_column][\/et_pb_row][\/et_pb_section][et_pb_section fb_built=&#8221;1&#8243; _builder_version=&#8221;4.24.3&#8243; _module_preset=&#8221;default&#8221; background_color=&#8221;RGBA(255,255,255,0)&#8221; use_background_color_gradient=&#8221;on&#8221; background_color_gradient_direction=&#8221;90deg&#8221; background_color_gradient_stops=&#8221;rgba(255,255,255,0) 40%|#3c5b74 40%&#8221; background_color_gradient_overlays_image=&#8221;on&#8221; background_image=&#8221;https:\/\/www.eim.com\/es\/wp-content\/uploads\/sites\/10\/2024\/04\/imagen-franja-azul-3.jpg&#8221; background_size=&#8221;contain&#8221; background_position=&#8221;bottom_left&#8221; background_horizontal_offset=&#8221;-41%&#8221; custom_margin=&#8221;0px||0px||false|false&#8221; custom_padding=&#8221;140px||140px||false|false&#8221; top_divider_style=&#8221;slant&#8221; top_divider_color=&#8221;#FFFFFF&#8221; top_divider_flip=&#8221;vertical&#8221; top_divider_arrangement=&#8221;above_content&#8221; bottom_divider_style=&#8221;slant&#8221; bottom_divider_color=&#8221;#FFFFFF&#8221; bottom_divider_flip=&#8221;horizontal|vertical&#8221; background_last_edited=&#8221;on|desktop&#8221; use_background_color_gradient_phone=&#8221;on&#8221; background_color_gradient_stops_phone=&#8221;rgba(255,255,255,0) 0%|#20454c 0%&#8221; background_enable_image_phone=&#8221;off&#8221; background_position_phone=&#8221;top_left&#8221; background_horizontal_offset_phone=&#8221;38%&#8221; background_vertical_offset_phone=&#8221;16%&#8221; locked=&#8221;off&#8221; global_colors_info=&#8221;{}&#8221;][et_pb_row column_structure=&#8221;1_2,1_2&#8243; _builder_version=&#8221;4.19.3&#8243; _module_preset=&#8221;default&#8221; max_width=&#8221;2496px&#8221; border_radii=&#8221;off||||&#8221; global_colors_info=&#8221;{}&#8221;][et_pb_column type=&#8221;1_2&#8243; _builder_version=&#8221;4.19.3&#8243; _module_preset=&#8221;default&#8221; background_color=&#8221;RGBA(255,255,255,0)&#8221; custom_padding=&#8221;20px|20px|20px|20px|true|true&#8221; global_colors_info=&#8221;{}&#8221;][\/et_pb_column][et_pb_column type=&#8221;1_2&#8243; _builder_version=&#8221;4.19.3&#8243; _module_preset=&#8221;default&#8221; background_color=&#8221;RGBA(255,255,255,0)&#8221; custom_padding=&#8221;20px|20px|20px|20px|true|true&#8221; global_colors_info=&#8221;{}&#8221;][et_pb_text admin_label=&#8221;Texto&#8221; _builder_version=&#8221;4.24.3&#8243; _module_preset=&#8221;default&#8221; text_text_color=&#8221;#000000&#8243; locked=&#8221;off&#8221; global_colors_info=&#8221;{}&#8221;]<\/p>\n<h3 style=\"text-align: center;color: #ffffff\">El papel del director de reestructuraci\u00f3n y su perfil<\/h3>\n<p>[\/et_pb_text][et_pb_text admin_label=&#8221;Title&#8221; _builder_version=&#8221;4.24.3&#8243; text_font=&#8221;||||||||&#8221; header_font=&#8221;Prata||||||||&#8221; header_2_font=&#8221;Montserrat|700|||||||&#8221; header_2_text_align=&#8221;center&#8221; header_2_font_size=&#8221;32px&#8221; header_3_font=&#8221;|300|||||||&#8221; background_color=&#8221;RGBA(255,255,255,0)&#8221; custom_margin=&#8221;||||false|false&#8221; custom_padding=&#8221;0px||||false|false&#8221; animation_style=&#8221;flip&#8221; animation_direction=&#8221;left&#8221; animation_intensity_flip=&#8221;30%&#8221; animation_starting_opacity=&#8221;100%&#8221; inline_fonts=&#8221;Prata,Montserrat&#8221; global_colors_info=&#8221;{}&#8221;]<\/p>\n<p style=\"text-align: center;color: #ffffff\">El CRO es un rol altamente especializado, dedicado exclusivamente a situaciones cr\u00edticas que afectan a la empresa. El equipo directivo de una empresa no puede cumplir este rol habitualmente, ya que este perfil tiene l\u00f3gicas espec\u00edficas y rasgos distintivos que hacen que esta figura sea \u00fanica.<\/p>\n<p>[\/et_pb_text][\/et_pb_column][\/et_pb_row][\/et_pb_section][et_pb_section fb_built=&#8221;1&#8243; _builder_version=&#8221;4.19.3&#8243; _module_preset=&#8221;default&#8221; custom_margin=&#8221;||||false|false&#8221; custom_padding=&#8221;50px||0px||false|false&#8221; locked=&#8221;off&#8221; global_colors_info=&#8221;{}&#8221;][et_pb_row _builder_version=&#8221;4.19.3&#8243; _module_preset=&#8221;default&#8221; global_colors_info=&#8221;{}&#8221;][et_pb_column type=&#8221;4_4&#8243; _builder_version=&#8221;4.19.3&#8243; _module_preset=&#8221;default&#8221; global_colors_info=&#8221;{}&#8221;][et_pb_text admin_label=&#8221;Texto&#8221; _builder_version=&#8221;4.24.3&#8243; _module_preset=&#8221;default&#8221; text_text_color=&#8221;#000000&#8243; locked=&#8221;off&#8221; global_colors_info=&#8221;{}&#8221;]<\/p>\n<h3 style=\"text-align: center;color: #002c3e\"><span style=\"color: #e09900\">Caracter\u00edsticas clave del papel del CRO<\/span><\/h3>\n<p>[\/et_pb_text][\/et_pb_column][\/et_pb_row][\/et_pb_section][et_pb_section fb_built=&#8221;1&#8243; next_background_color=&#8221;#002c3e&#8221; _builder_version=&#8221;4.24.3&#8243; _module_preset=&#8221;default&#8221; custom_padding=&#8221;0px||121px||false|false&#8221; bottom_divider_style=&#8221;slant&#8221; bottom_divider_flip=&#8221;horizontal&#8221; animation_style=&#8221;fade&#8221; locked=&#8221;off&#8221; global_colors_info=&#8221;{}&#8221;][et_pb_row column_structure=&#8221;1_2,1_2&#8243; _builder_version=&#8221;4.19.3&#8243; _module_preset=&#8221;default&#8221; global_colors_info=&#8221;{}&#8221;][et_pb_column type=&#8221;1_2&#8243; _builder_version=&#8221;4.19.3&#8243; _module_preset=&#8221;default&#8221; global_colors_info=&#8221;{}&#8221;][et_pb_text _builder_version=&#8221;4.24.3&#8243; _module_preset=&#8221;default&#8221; locked=&#8221;off&#8221; global_colors_info=&#8221;{}&#8221;]<\/p>\n<ul>\n<li><strong>Su credibilidad personal,<\/strong> especialmente hacia los acreedores. Muy a menudo, esta figura tiene las caracter\u00edsticas de un administrador experimentado, que en el pasado ha realizado numerosas intervenciones de recuperaci\u00f3n y, por lo tanto, es conocido por los departamentos de reestructuraci\u00f3n de deuda de los principales bancos. Es por tanto una persona que tiene m\u00e1s facilidad para establecer una relaci\u00f3n de confianza, gracias tambi\u00e9n a una trayectoria contrastada, que aporta su credibilidad personal dentro de la empresa donde trabaja y la pone en juego.<br \/>\nSobre todo, al principio, su figura puede desbloquear la brecha de credibilidad que se suele crear entre la empresa y los bancos, aportando un soplo de aire fresco a las finanzas corporativas, que en las primeras semanas del repunte de la crisis puede ser muy importante.<\/li>\n<p>&nbsp;\t<\/p>\n<li><strong>Ser una persona de gran empat\u00eda,<\/strong> capaz de involucrar a los stakeholders y \u201cvenderles\u201d el proyecto.<\/li>\n<p>&nbsp;<\/p>\n<li><strong>Ser un profesional extremadamente capacitado en la gesti\u00f3n de proyectos,<\/strong> con un objetivo claro y un tiempo limitado para conseguirlo:<br \/>\nLa gesti\u00f3n de plazos, la identificaci\u00f3n y definici\u00f3n de un plan de mejora, el control de los recursos necesarios para el cambio son todas las habilidades fundamentales para tener \u00e9xito en el cambio de rumbo. Aqu\u00ed cuenta casi \u00fanica y exclusivamente la capacidad obtener resultados a corto plazo.<\/li>\n<\/ul>\n<p>[\/et_pb_text][\/et_pb_column][et_pb_column type=&#8221;1_2&#8243; _builder_version=&#8221;4.19.3&#8243; _module_preset=&#8221;default&#8221; global_colors_info=&#8221;{}&#8221;][et_pb_text _builder_version=&#8221;4.24.3&#8243; _module_preset=&#8221;default&#8221; locked=&#8221;off&#8221; global_colors_info=&#8221;{}&#8221;]<\/p>\n<ul>\n<li><strong>El ser percibido como externo a la gesti\u00f3n de la empresa.<\/strong> Es un elemento de discontinuidad, una persona que representa una ruptura con la credibilidad ahora perdida de los representantes de la empresa. Por lo tanto, puede ganarse la confianza de los acreedores desde cero.<\/li>\n<p>&nbsp;<\/p>\n<li><strong>Tener una capacidad de comunicaci\u00f3n superior a la media, seniority y una reputaci\u00f3n impecable,<\/strong> para que los stake holders acreedores sientan el peso de su experiencia.<\/li>\n<p>&nbsp;<\/p>\n<li><strong>Ser un h\u00e1bil negociador,<\/strong> capaz de tratar con todas las partes, extrayendo el mayor valor posible, capaz de llegar a veces cerca de la ruptura de la negociaci\u00f3n, pero cerrando acuerdo siempre un mil\u00edmetro antes.<\/li>\n<\/ul>\n<p>[\/et_pb_text][et_pb_image src=&#8221;https:\/\/www.eim.com\/es\/wp-content\/uploads\/sites\/10\/2024\/04\/imagen-caracteristicas-papel-clave.jpg&#8221; title_text=&#8221;imagen caracteristicas papel clave&#8221; _builder_version=&#8221;4.24.3&#8243; _module_preset=&#8221;default&#8221; global_colors_info=&#8221;{}&#8221;][\/et_pb_image][\/et_pb_column][\/et_pb_row][\/et_pb_section][et_pb_section fb_built=&#8221;1&#8243; _builder_version=&#8221;4.24.3&#8243; _module_preset=&#8221;default&#8221; background_color=&#8221;#002c3e&#8221; custom_margin=&#8221;||||false|false&#8221; custom_padding=&#8221;50px||51px||false|false&#8221; top_divider_color=&#8221;#002c3e&#8221; top_divider_flip=&#8221;horizontal|vertical&#8221; bottom_divider_color=&#8221;#FFFFFF&#8221; bottom_divider_flip=&#8221;vertical&#8221; locked=&#8221;off&#8221; global_colors_info=&#8221;{}&#8221;][et_pb_row _builder_version=&#8221;4.24.3&#8243; _module_preset=&#8221;default&#8221; custom_margin=&#8221;||0px||false|false&#8221; custom_padding=&#8221;||0px||false|false&#8221; global_colors_info=&#8221;{}&#8221;][et_pb_column type=&#8221;4_4&#8243; _builder_version=&#8221;4.24.3&#8243; _module_preset=&#8221;default&#8221; global_colors_info=&#8221;{}&#8221;][et_pb_text _builder_version=&#8221;4.24.3&#8243; _module_preset=&#8221;default&#8221; text_font=&#8221;|800|||||||&#8221; text_text_color=&#8221;#E09900&#8243; text_font_size=&#8221;36px&#8221; custom_margin=&#8221;0px||0px||false|false&#8221; custom_padding=&#8221;0px||||false|false&#8221; locked=&#8221;off&#8221; global_colors_info=&#8221;{}&#8221;]<\/p>\n<p>En general, existen dos perfiles CRO diferentes:<\/p>\n<p>[\/et_pb_text][\/et_pb_column][\/et_pb_row][et_pb_row column_structure=&#8221;1_2,1_2&#8243; _builder_version=&#8221;4.19.3&#8243; _module_preset=&#8221;default&#8221; custom_padding=&#8221;52px|||||&#8221; locked=&#8221;off&#8221; global_colors_info=&#8221;{}&#8221;][et_pb_column type=&#8221;1_2&#8243; _builder_version=&#8221;4.19.3&#8243; _module_preset=&#8221;default&#8221; animation_style=&#8221;fade&#8221; animation_duration=&#8221;2000ms&#8221; animation_speed_curve=&#8221;ease-in&#8221; global_colors_info=&#8221;{}&#8221;][et_pb_text _builder_version=&#8221;4.24.3&#8243; _module_preset=&#8221;default&#8221; text_font=&#8221;|600|||||||&#8221; text_text_color=&#8221;#3C5B74&#8243; text_font_size=&#8221;30px&#8221; custom_margin=&#8221;0px||0px||false|false&#8221; custom_padding=&#8221;0px||||false|false&#8221; locked=&#8221;off&#8221; global_colors_info=&#8221;{}&#8221;]<\/p>\n<p>CRO Financiero<\/p>\n<p>[\/et_pb_text][et_pb_divider color=&#8221;#FFFFFF&#8221; divider_weight=&#8221;6px&#8221; _builder_version=&#8221;4.24.3&#8243; _module_preset=&#8221;default&#8221; width=&#8221;20%&#8221; custom_margin=&#8221;||6px||false|false&#8221; custom_padding=&#8221;12px||0px||false|false&#8221; global_colors_info=&#8221;{}&#8221;][\/et_pb_divider][et_pb_text _builder_version=&#8221;4.24.3&#8243; _module_preset=&#8221;default&#8221; text_text_color=&#8221;#FFFFFF&#8221; text_font_size=&#8221;16px&#8221; header_text_color=&#8221;#FFFFFF&#8221; animation_style=&#8221;flip&#8221; animation_direction=&#8221;left&#8221; animation_intensity_flip=&#8221;30%&#8221; animation_starting_opacity=&#8221;100%&#8221; locked=&#8221;off&#8221; global_colors_info=&#8221;{}&#8221;]<\/p>\n<p>Es generalmente m\u00e1s conocido en el sector bancario, tiene una amplia experiencia en la gesti\u00f3n de flujos de efectivo y capital de trabajo, y es un experto en reestructuraci\u00f3n y negociaci\u00f3n de deudas. La mayor parte del tiempo tiene la identidad de un director financiero de alto nivel, que quiz\u00e1s en la \u00faltima parte de su carrera tambi\u00e9n ocup\u00f3 puestos de direcci\u00f3n general. Es fundamental que este perfil profesional tambi\u00e9n tenga una preparaci\u00f3n espec\u00edfica sobre la ley concursal, sobre todos los instrumentos posibles para salvaguardar a los acreedores y sobre los diversos procedimientos que se pueden utilizar, como la renegociaci\u00f3n de la deuda con los bancos, el acuerdo con los acreedores, la liquidaci\u00f3n de un acuerdo, el fracaso. Que sepa evaluar los pros y los contras de cada posible soluci\u00f3n para presentarlos correctamente a los accionistas y ayudarles a tomar la<br \/>mejor decisi\u00f3n sobre el camino a seguir.<\/p>\n<p>[\/et_pb_text][\/et_pb_column][et_pb_column type=&#8221;1_2&#8243; _builder_version=&#8221;4.24.3&#8243; _module_preset=&#8221;default&#8221; global_colors_info=&#8221;{}&#8221;][et_pb_text _builder_version=&#8221;4.24.3&#8243; _module_preset=&#8221;default&#8221; text_font=&#8221;|600|||||||&#8221; text_text_color=&#8221;#3C5B74&#8243; text_font_size=&#8221;30px&#8221; custom_margin=&#8221;0px||0px||false|false&#8221; custom_padding=&#8221;0px||||false|false&#8221; locked=&#8221;off&#8221; global_colors_info=&#8221;{}&#8221;]<\/p>\n<p>CRO Industrial<\/p>\n<p>[\/et_pb_text][et_pb_divider color=&#8221;#FFFFFF&#8221; divider_weight=&#8221;6px&#8221; _builder_version=&#8221;4.24.3&#8243; _module_preset=&#8221;default&#8221; width=&#8221;20%&#8221; custom_margin=&#8221;||6px||false|false&#8221; custom_padding=&#8221;12px||0px||false|false&#8221; global_colors_info=&#8221;{}&#8221;][\/et_pb_divider][et_pb_text _builder_version=&#8221;4.19.3&#8243; _module_preset=&#8221;default&#8221; text_text_color=&#8221;#FFFFFF&#8221; text_font_size=&#8221;16px&#8221; header_text_color=&#8221;#FFFFFF&#8221; animation_style=&#8221;flip&#8221; animation_direction=&#8221;left&#8221; animation_intensity_flip=&#8221;30%&#8221; animation_starting_opacity=&#8221;100%&#8221; locked=&#8221;off&#8221; global_colors_info=&#8221;{}&#8221;]<\/p>\n<p>Es un gerente m\u00e1s enfocado a la gesti\u00f3n de operaciones, generalmente procede de haber sido un COO, que centra su atenci\u00f3n en la parte de racionalizaci\u00f3n de una o varias plantas y sus producciones: normalmente esta figura tambi\u00e9n funciona en la parte de oferta de productos, tratando de<br \/>racionalizar el portiolio, y de orientar a la empresa hacia productos de mayor rentabilidad. Cuando el proyecto requiere de la racionalizaci\u00f3n de todo el footprint industrial, este tipo de CRO decide qu\u00e9 plantas cerrar, d\u00f3nde mover la producci\u00f3n, c\u00f3mo reorganizar la l\u00f3gica de cu\u00e1ndo producir o cu\u00e1ndo comprar, c\u00f3mo agilizar y racionalizar la cartera de productos, con el objetivo de simplificar la cadena de suministro, reducir su complejidad y bajar los costos industriales.<\/p>\n<p>[\/et_pb_text][\/et_pb_column][\/et_pb_row][\/et_pb_section][et_pb_section fb_built=&#8221;1&#8243; _builder_version=&#8221;4.24.3&#8243; _module_preset=&#8221;default&#8221; background_color=&#8221;#dbdbdb&#8221; background_image=&#8221;https:\/\/www.eim.com\/es\/wp-content\/uploads\/sites\/10\/2024\/04\/imagen-franja-1.jpg&#8221; height=&#8221;100px&#8221; custom_margin=&#8221;0px||60px||false|false&#8221; custom_padding=&#8221;620px||0px||false|false&#8221; top_divider_style=&#8221;slant&#8221; top_divider_color=&#8221;#002c3e&#8221; top_divider_flip=&#8221;horizontal&#8221; top_divider_arrangement=&#8221;above_content&#8221; bottom_divider_style=&#8221;slant&#8221; bottom_divider_color=&#8221;#ffffff&#8221; bottom_divider_flip=&#8221;horizontal|vertical&#8221; background_last_edited=&#8221;on|desktop&#8221; background_position_phone=&#8221;top_left&#8221; background_horizontal_offset_phone=&#8221;53%&#8221; locked=&#8221;off&#8221; global_colors_info=&#8221;{}&#8221;][\/et_pb_section][et_pb_section fb_built=&#8221;1&#8243; next_background_color=&#8221;#3C5B74&#8243; _builder_version=&#8221;4.24.3&#8243; _module_preset=&#8221;default&#8221; custom_margin=&#8221;||||false|false&#8221; custom_padding=&#8221;||120px||false|false&#8221; bottom_divider_style=&#8221;slant&#8221; animation_style=&#8221;fade&#8221; locked=&#8221;off&#8221; global_colors_info=&#8221;{}&#8221;][et_pb_row _builder_version=&#8221;4.19.3&#8243; _module_preset=&#8221;default&#8221; global_colors_info=&#8221;{}&#8221;][et_pb_column type=&#8221;4_4&#8243; _builder_version=&#8221;4.19.3&#8243; _module_preset=&#8221;default&#8221; global_colors_info=&#8221;{}&#8221;][et_pb_text admin_label=&#8221;Texto&#8221; _builder_version=&#8221;4.24.3&#8243; _module_preset=&#8221;default&#8221; text_text_color=&#8221;#E09900&#8243; text_orientation=&#8221;center&#8221; locked=&#8221;off&#8221; global_colors_info=&#8221;{}&#8221;]<\/p>\n<h3><span style=\"color: #e09900\">Empezar a crecer de nuevo<\/span><\/h3>\n<p>[\/et_pb_text][\/et_pb_column][\/et_pb_row][et_pb_row column_structure=&#8221;1_3,1_3,1_3&#8243; _builder_version=&#8221;4.19.3&#8243; _module_preset=&#8221;default&#8221; global_colors_info=&#8221;{}&#8221;][et_pb_column type=&#8221;1_3&#8243; _builder_version=&#8221;4.19.3&#8243; _module_preset=&#8221;default&#8221; global_colors_info=&#8221;{}&#8221;][et_pb_text admin_label=&#8221;Texto&#8221; _builder_version=&#8221;4.24.3&#8243; _module_preset=&#8221;default&#8221; animation_style=&#8221;flip&#8221; animation_direction=&#8221;left&#8221; animation_intensity_flip=&#8221;30%&#8221; animation_starting_opacity=&#8221;100%&#8221; locked=&#8221;off&#8221; global_colors_info=&#8221;{}&#8221;]<\/p>\n<p>Al final del proceso de transformaci\u00f3n corporativa, encontraremos una empresa diferente: diferente en personas, en procesos, en la oferta de productos, en la cultura y en la forma de trabajar. As\u00ed si ser\u00e1 posible comenzar de nuevo a crecer.<\/p>\n<p>Una de las caracter\u00edsticas\u00a0 fundamentales de las empresas que han llevado a cabo un cambio de rumbo exitoso es un enfoque renovado en el <strong>control de gesti\u00f3n:<\/strong> ahora la capacidad anal\u00edtica para controlar y medir costos, monitorizar los m\u00e1rgenes de producto, entender d\u00f3nde empujar el mix de productos. Incrementar la rentabilidad se ha convertido en una caracter\u00edstica que forma parte de la cultura corporativa y que contribuye eficazmente a gestionar la empresa de forma m\u00e1s rentable.<\/p>\n<p>De la misma forma, por lo general, al final de este proceso podemos encontrar en la empresa todas las caracter\u00edsticas de \u201clean\u201d y <strong>eficiencia operativa<\/strong> que hemos ido viendo en este art\u00edculo, y que deben caracterizar a cualquier empresa moderna: simplicidad, reducci\u00f3n de stock, gesti\u00f3n de inventario, visi\u00f3n, flexibilidad en producci\u00f3n, mantenimiento de la calidad en proceso, atenci\u00f3n al cliente final, cuidado en los m\u00e1rgenes y en el posicionamiento de los productos de la compa\u00f1\u00eda con respecto a la competencia.<\/p>\n<p>[\/et_pb_text][\/et_pb_column][et_pb_column type=&#8221;1_3&#8243; _builder_version=&#8221;4.19.3&#8243; _module_preset=&#8221;default&#8221; global_colors_info=&#8221;{}&#8221;][et_pb_image src=&#8221;https:\/\/www.eim.com\/es\/wp-content\/uploads\/sites\/10\/2024\/04\/imagen-empezar-a-crecer-de-nuevo.jpg&#8221; title_text=&#8221;imagen empezar a crecer de nuevo&#8221; disabled_on=&#8221;off|off|off&#8221; _builder_version=&#8221;4.24.3&#8243; _module_preset=&#8221;default&#8221; global_colors_info=&#8221;{}&#8221;][\/et_pb_image][\/et_pb_column][et_pb_column type=&#8221;1_3&#8243; _builder_version=&#8221;4.19.3&#8243; _module_preset=&#8221;default&#8221; global_colors_info=&#8221;{}&#8221;][et_pb_text admin_label=&#8221;Texto&#8221; _builder_version=&#8221;4.24.3&#8243; _module_preset=&#8221;default&#8221; custom_padding=&#8221;||0px|||&#8221; animation_style=&#8221;flip&#8221; animation_direction=&#8221;left&#8221; animation_intensity_flip=&#8221;30%&#8221; animation_starting_opacity=&#8221;100%&#8221; locked=&#8221;off&#8221; global_colors_info=&#8221;{}&#8221;]<\/p>\n<p>En general, tambi\u00e9n hay un fuerte impulso de <strong>focalizaci\u00f3n en las \u00e1reas de negocio,<\/strong> fruto de un cuidadoso trabajo en los m\u00e1rgenes y posicionamiento de los productos de la compa\u00f1\u00eda con respecto a la competencia. La empresa finalmente se concentra en su negocio principal, en las \u00e1reas de especializaci\u00f3n y excelencia en t\u00e9rminos de producto y mercado que le hab\u00edan permitido crecer antes del estallido de la crisis. Por lo tanto, la empresa es m\u00e1s saludable, m\u00e1s centrada y m\u00e1s competitiva, quiz\u00e1s m\u00e1s un nicho, pero ciertamente no es un conglomerado de actividades no relacionadas.<\/p>\n<p>Los \u00f3rganos de gobierno de la empresa tambi\u00e9n se ven reforzados por este tipo de proyectos, gracias a una visi\u00f3n m\u00e1s clara de las delegaciones y responsabilidades, una centralizaci\u00f3n de las decisiones estrat\u00e9gicas en el consejo de administraci\u00f3n y un proceso de evaluaci\u00f3n m\u00e1s cuidadoso y anal\u00edtico de nuevas iniciativas de expansi\u00f3n comercial o inversiones industriales.<\/p>\n<p>En las empresas familiares y emprendedoras esto a menudo se traduce tambi\u00e9n en un mayor nivel de gesti\u00f3n de la empresa, con la <strong>inclusi\u00f3n de figuras de alto nivel e <\/strong><strong>independientes para apoyar a la propiedad y con una clara definici\u00f3n del papel del consejo de administraci\u00f3n.<\/strong><\/p>\n<p>[\/et_pb_text][\/et_pb_column][\/et_pb_row][\/et_pb_section][et_pb_section fb_built=&#8221;1&#8243; _builder_version=&#8221;4.24.3&#8243; _module_preset=&#8221;default&#8221; background_color=&#8221;#3C5B74&#8243; custom_margin=&#8221;||||false|false&#8221; custom_padding=&#8221;0px||120px||false|false&#8221; top_divider_color=&#8221;#002c3e&#8221; top_divider_flip=&#8221;horizontal|vertical&#8221; bottom_divider_style=&#8221;slant&#8221; bottom_divider_color=&#8221;#002C3E&#8221; bottom_divider_flip=&#8221;vertical&#8221; locked=&#8221;off&#8221; global_colors_info=&#8221;{}&#8221;][et_pb_row _builder_version=&#8221;4.24.3&#8243; _module_preset=&#8221;default&#8221; custom_margin=&#8221;||0px||false|false&#8221; custom_padding=&#8221;||0px||false|false&#8221; global_colors_info=&#8221;{}&#8221;][et_pb_column type=&#8221;4_4&#8243; _builder_version=&#8221;4.24.3&#8243; _module_preset=&#8221;default&#8221; global_colors_info=&#8221;{}&#8221;][et_pb_text _builder_version=&#8221;4.24.3&#8243; _module_preset=&#8221;default&#8221; text_font=&#8221;||||||||&#8221; text_text_color=&#8221;#FFFFFF&#8221; text_font_size=&#8221;46px&#8221; custom_margin=&#8221;0px||18px||false|false&#8221; custom_padding=&#8221;0px||||false|false&#8221; locked=&#8221;off&#8221; global_colors_info=&#8221;{}&#8221;]<\/p>\n<p>Casos:<\/p>\n<p>[\/et_pb_text][et_pb_text _builder_version=&#8221;4.24.3&#8243; _module_preset=&#8221;default&#8221; text_font=&#8221;|800|||||||&#8221; text_text_color=&#8221;#E09900&#8243; text_font_size=&#8221;22px&#8221; custom_margin=&#8221;0px||0px||false|false&#8221; custom_padding=&#8221;0px||||false|false&#8221; locked=&#8221;off&#8221; global_colors_info=&#8221;{}&#8221;]<\/p>\n<p>Transformaci\u00f3n y venta con \u00e9xito<\/p>\n<p>[\/et_pb_text][et_pb_divider color=&#8221;#002C3E&#8221; divider_weight=&#8221;6px&#8221; _builder_version=&#8221;4.24.3&#8243; _module_preset=&#8221;default&#8221; width=&#8221;20%&#8221; custom_margin=&#8221;||6px||false|false&#8221; custom_padding=&#8221;12px||0px||false|false&#8221; global_colors_info=&#8221;{}&#8221;][\/et_pb_divider][et_pb_text _builder_version=&#8221;4.24.3&#8243; _module_preset=&#8221;default&#8221; text_font=&#8221;|600|on||||||&#8221; text_text_color=&#8221;#FFFFFF&#8221; text_font_size=&#8221;22px&#8221; custom_margin=&#8221;20px||0px||false|false&#8221; custom_padding=&#8221;0px||||false|false&#8221; locked=&#8221;off&#8221; global_colors_info=&#8221;{}&#8221;]<\/p>\n<p>Caso de Fabricante multinacional europeo de equipamiento para trenes.<\/p>\n<p>[\/et_pb_text][\/et_pb_column][\/et_pb_row][et_pb_row column_structure=&#8221;1_2,1_2&#8243; _builder_version=&#8221;4.19.3&#8243; _module_preset=&#8221;default&#8221; custom_padding=&#8221;52px|||||&#8221; locked=&#8221;off&#8221; global_colors_info=&#8221;{}&#8221;][et_pb_column type=&#8221;1_2&#8243; _builder_version=&#8221;4.19.3&#8243; _module_preset=&#8221;default&#8221; animation_style=&#8221;fade&#8221; animation_duration=&#8221;2000ms&#8221; animation_speed_curve=&#8221;ease-in&#8221; global_colors_info=&#8221;{}&#8221;][et_pb_text _builder_version=&#8221;4.24.3&#8243; _module_preset=&#8221;default&#8221; text_text_color=&#8221;#FFFFFF&#8221; text_font_size=&#8221;16px&#8221; header_text_color=&#8221;#FFFFFF&#8221; animation_style=&#8221;flip&#8221; animation_direction=&#8221;left&#8221; animation_intensity_flip=&#8221;30%&#8221; animation_starting_opacity=&#8221;100%&#8221; locked=&#8221;off&#8221; global_colors_info=&#8221;{}&#8221;]<\/p>\n<p>Un cliente fabricante multinacional europeo de equipos para trenes ten\u00eda dos filiales en Espa\u00f1a, ambas con un rendimiento muy inferior a las expectativas, tanto en cuota de mercado, como en operaciones y cadena de suministros. Dispon\u00eda adem\u00e1s de un gran departamento de ingenier\u00eda, tres f\u00e1bricas en Espa\u00f1a y una en USA.<\/p>\n<p>Para el proceso de turnaround que quer\u00edan emprender, desde EIM Espa\u00f1a les proporcionamos en tan solo dos semanas: un Director General Interim en la primera empresa, y en la filial una soluci\u00f3n con un equipo de interim managers que inclu\u00eda un Director General, un CRO (Director de Reestructuraci\u00f3n) que actuaba tambi\u00e9n como CFO y un CPO (Director de Compras), para gestionar el rescate.<\/p>\n<p>[\/et_pb_text][\/et_pb_column][et_pb_column type=&#8221;1_2&#8243; _builder_version=&#8221;4.24.3&#8243; _module_preset=&#8221;default&#8221; global_colors_info=&#8221;{}&#8221;][et_pb_text _builder_version=&#8221;4.24.3&#8243; _module_preset=&#8221;default&#8221; text_text_color=&#8221;#FFFFFF&#8221; text_font_size=&#8221;16px&#8221; header_text_color=&#8221;#FFFFFF&#8221; custom_padding=&#8221;||0px|||&#8221; animation_style=&#8221;flip&#8221; animation_direction=&#8221;left&#8221; animation_intensity_flip=&#8221;30%&#8221; animation_starting_opacity=&#8221;100%&#8221; locked=&#8221;off&#8221; global_colors_info=&#8221;{}&#8221;]El proyecto inclu\u00eda tambi\u00e9n la gesti\u00f3n de vender las filiales, si la recuperaci\u00f3n no era posible. Los resultados que se\u00a0 obtuvieron hablaron por s\u00ed solos:<br \/>\n&nbsp;<\/p>\n<ul>\n<li><strong>Las empresas se reestructuraron.<\/strong><\/li>\n<li><strong>Se mantuvieron las operaciones.<\/strong><\/li>\n<li><strong>Se mejor\u00f3 el servicio al cliente.<\/strong><\/li>\n<li><strong>Se redujeron las p\u00e9rdidas.<\/strong><\/li>\n<li><strong>Despu\u00e9s de 1 a\u00f1o en un caso y 18 meses en el otro, ambas filiales se vendieron, una a un grupo franc\u00e9s y la otra a un grupo indio.<\/strong><\/li>\n<\/ul>\n<p>[\/et_pb_text][\/et_pb_column][\/et_pb_row][\/et_pb_section][et_pb_section fb_built=&#8221;1&#8243; _builder_version=&#8221;4.24.3&#8243; _module_preset=&#8221;default&#8221; background_color=&#8221;#002c3e&#8221; custom_margin=&#8221;||||false|false&#8221; custom_padding=&#8221;||120px||false|false&#8221; top_divider_style=&#8221;slant&#8221; top_divider_color=&#8221;#002c3e&#8221; top_divider_flip=&#8221;vertical&#8221; bottom_divider_style=&#8221;slant&#8221; bottom_divider_color=&#8221;#FFFFFF&#8221; bottom_divider_flip=&#8221;vertical|horizontal&#8221; locked=&#8221;off&#8221; global_colors_info=&#8221;{}&#8221;][et_pb_row _builder_version=&#8221;4.24.3&#8243; _module_preset=&#8221;default&#8221; custom_margin=&#8221;||0px||false|false&#8221; custom_padding=&#8221;||0px||false|false&#8221; global_colors_info=&#8221;{}&#8221;][et_pb_column type=&#8221;4_4&#8243; _builder_version=&#8221;4.24.3&#8243; _module_preset=&#8221;default&#8221; global_colors_info=&#8221;{}&#8221;][et_pb_text _builder_version=&#8221;4.24.3&#8243; _module_preset=&#8221;default&#8221; text_font=&#8221;|600|||||||&#8221; text_text_color=&#8221;#E09900&#8243; text_font_size=&#8221;36px&#8221; text_line_height=&#8221;44px&#8221; text_orientation=&#8221;right&#8221; width=&#8221;74.3%&#8221; module_alignment=&#8221;right&#8221; custom_margin=&#8221;0px||18px||false|false&#8221; custom_padding=&#8221;0px||||false|false&#8221; locked=&#8221;off&#8221; global_colors_info=&#8221;{}&#8221;]<\/p>\n<p>Las reglas de oro para formar un \u201cequipo ganador\u201d para el cambio de rumbo<\/p>\n<p>[\/et_pb_text][et_pb_divider color=&#8221;#3C5B74&#8243; divider_weight=&#8221;6px&#8221; _builder_version=&#8221;4.24.3&#8243; _module_preset=&#8221;default&#8221; width=&#8221;20%&#8221; module_alignment=&#8221;right&#8221; custom_margin=&#8221;||6px||false|false&#8221; custom_padding=&#8221;12px||0px||false|false&#8221; global_colors_info=&#8221;{}&#8221;][\/et_pb_divider][et_pb_text _builder_version=&#8221;4.24.3&#8243; _module_preset=&#8221;default&#8221; text_font=&#8221;|600|on||||||&#8221; text_text_color=&#8221;#FFFFFF&#8221; text_font_size=&#8221;27px&#8221; text_orientation=&#8221;right&#8221; module_alignment=&#8221;right&#8221; custom_margin=&#8221;0px||0px||false|false&#8221; custom_padding=&#8221;0px||||false|false&#8221; locked=&#8221;off&#8221; global_colors_info=&#8221;{}&#8221;]<\/p>\n<p>Caso de un grupo fabricante de calderas italiano.<\/p>\n<p>[\/et_pb_text][\/et_pb_column][\/et_pb_row][et_pb_row column_structure=&#8221;1_2,1_2&#8243; _builder_version=&#8221;4.19.3&#8243; _module_preset=&#8221;default&#8221; custom_padding=&#8221;52px|||||&#8221; locked=&#8221;off&#8221; global_colors_info=&#8221;{}&#8221;][et_pb_column type=&#8221;1_2&#8243; _builder_version=&#8221;4.19.3&#8243; _module_preset=&#8221;default&#8221; animation_style=&#8221;fade&#8221; animation_duration=&#8221;2000ms&#8221; animation_speed_curve=&#8221;ease-in&#8221; global_colors_info=&#8221;{}&#8221;][et_pb_text _builder_version=&#8221;4.24.3&#8243; _module_preset=&#8221;default&#8221; text_text_color=&#8221;#FFFFFF&#8221; text_font_size=&#8221;16px&#8221; header_text_color=&#8221;#FFFFFF&#8221; animation_style=&#8221;flip&#8221; animation_direction=&#8221;left&#8221; animation_intensity_flip=&#8221;30%&#8221; animation_starting_opacity=&#8221;100%&#8221; locked=&#8221;off&#8221; global_colors_info=&#8221;{}&#8221;]Tal y como nos cuenta el Ejecutivo Interim asignado por EIM al proyecto: \u201cPara que obtuvi\u00e9ramos el \u00e9xito en nuestro turnaround fue clave&#8221;:<\/p>\n<p>&nbsp;<\/p>\n<ul>\n<li><strong>Desde el principio conocer y comprender el gobierno corporativo.<\/strong> El apoyo total de todas las partes interesadas, y su alineamiento hacia un objetivo de inter\u00e9s com\u00fan, es un componente\u00a0 esencial del \u00e9xito.<\/li>\n<p>&nbsp;\t<\/p>\n<li><strong>El establecimiento del equipo directivo.<\/strong> Es impensable ganar un partido dif\u00edcil sin poder contar con un equipo de especialistas con talento y con la mentalidad adecuada. El equipo debe configurarse r\u00e1pidamente y es fundamental asegurarse de que todos comprendan la estrategia, las necesidades, los resultados a alcanzar. Se mejor\u00f3 el servicio al cliente.<\/li>\n<\/ul>\n<p>[\/et_pb_text][\/et_pb_column][et_pb_column type=&#8221;1_2&#8243; _builder_version=&#8221;4.24.3&#8243; _module_preset=&#8221;default&#8221; global_colors_info=&#8221;{}&#8221;][et_pb_text _builder_version=&#8221;4.24.3&#8243; _module_preset=&#8221;default&#8221; text_text_color=&#8221;#FFFFFF&#8221; text_font_size=&#8221;16px&#8221; header_text_color=&#8221;#FFFFFF&#8221; animation_style=&#8221;flip&#8221; animation_direction=&#8221;left&#8221; animation_intensity_flip=&#8221;30%&#8221; animation_starting_opacity=&#8221;100%&#8221; locked=&#8221;off&#8221; global_colors_info=&#8221;{}&#8221;]<\/p>\n<ul>\n<li><strong>El gerente debe tener metas claras, bien cuantificadas y medibles.<\/strong> Y las reglas del juego deben ser claras para todos, porque un turnaround tambi\u00e9n significa ir al l\u00edmite y estar bajo presi\u00f3n, todos los d\u00edas.<\/li>\n<p>&nbsp;\t<\/p>\n<li><strong>Desarrollar e implementar herramientas de medici\u00f3n,<\/strong> para cada funci\u00f3n y para cada actividad, que permitan tener una visi\u00f3n clara de la correlaci\u00f3n con los resultados a obtener, para que no haya dificultad en entender lo que se alcanza hasta ese momento, y cu\u00e1nto camino queda por recorrer para llegar a completar la obra.<\/li>\n<p>&nbsp;\t<\/p>\n<li><strong>Enfoque muy organizado y estructurado<\/strong> que nos permiti\u00f3 mantener las posiciones ganadas, porque en los cambios de rumbo es f\u00e1cil retroceder r\u00e1pidamente, y esto genera desmotivaci\u00f3n.<\/li>\n<\/ul>\n<p>[\/et_pb_text][\/et_pb_column][\/et_pb_row][\/et_pb_section][et_pb_section fb_built=&#8221;1&#8243; _builder_version=&#8221;4.24.3&#8243; _module_preset=&#8221;default&#8221; custom_margin=&#8221;||||false|false&#8221; custom_padding=&#8221;||30px||false|false&#8221; bottom_divider_color=&#8221;RGBA(255,255,255,0)&#8221; bottom_divider_flip=&#8221;horizontal&#8221; locked=&#8221;off&#8221; global_colors_info=&#8221;{}&#8221;][et_pb_row _builder_version=&#8221;4.19.3&#8243; _module_preset=&#8221;default&#8221; global_colors_info=&#8221;{}&#8221;][et_pb_column type=&#8221;4_4&#8243; _builder_version=&#8221;4.19.3&#8243; _module_preset=&#8221;default&#8221; global_colors_info=&#8221;{}&#8221;][et_pb_text admin_label=&#8221;Texto&#8221; _builder_version=&#8221;4.24.3&#8243; _module_preset=&#8221;default&#8221; text_text_color=&#8221;#000000&#8243; locked=&#8221;off&#8221; global_colors_info=&#8221;{}&#8221;]<\/p>\n<h3 style=\"font-weight: 500;text-align: center;color: #3c5b74\">Entiendes que lo has logrado cuando, adem\u00e1s de los resultados, percibes desde el equipo directivo tambi\u00e9n una <strong><span style=\"color: #e09900\">transformaci\u00f3n<\/span> <\/strong>que los ha llevado a convertirse en un <strong><span style=\"color: #e09900\">equipo ganador,<\/span><\/strong> tras lograr algo en lo que, entre enormes dificultades, todo el mundo ha dado su m\u00e1ximo. <strong><span style=\"color: #e09900\">En ese punto, es cuando puedes decir: \u201cmisi\u00f3n cumplida\u201d, \u00a1y la satisfacci\u00f3n que conlleva es enorme!<\/span><\/strong><\/h3>\n<p>[\/et_pb_text][\/et_pb_column][\/et_pb_row][\/et_pb_section][et_pb_section fb_built=&#8221;1&#8243; _builder_version=&#8221;4.24.3&#8243; _module_preset=&#8221;default&#8221; background_color=&#8221;#dbdbdb&#8221; background_image=&#8221;https:\/\/www.eim.com\/es\/wp-content\/uploads\/sites\/10\/2024\/04\/imagen-footer.jpg&#8221; height=&#8221;580px&#8221; custom_margin=&#8221;||||false|false&#8221; custom_padding=&#8221;250px||250px||false|false&#8221; top_divider_style=&#8221;slant&#8221; top_divider_color=&#8221;#FFFFFF&#8221; top_divider_flip=&#8221;horizontal&#8221; top_divider_arrangement=&#8221;above_content&#8221; bottom_divider_style=&#8221;slant&#8221; bottom_divider_color=&#8221;#E09900&#8243; bottom_divider_flip=&#8221;horizontal|vertical&#8221; background_last_edited=&#8221;on|desktop&#8221; background_position_phone=&#8221;top_left&#8221; background_horizontal_offset_phone=&#8221;58%&#8221; locked=&#8221;off&#8221; global_colors_info=&#8221;{}&#8221;][\/et_pb_section][et_pb_section fb_built=&#8221;1&#8243; _builder_version=&#8221;4.24.3&#8243; _module_preset=&#8221;default&#8221; background_color=&#8221;#E09900&#8243; custom_margin=&#8221;||-52px||false|false&#8221; custom_padding=&#8221;||||false|false&#8221; top_divider_color=&#8221;#002c3e&#8221; bottom_divider_color=&#8221;#FFFFFF&#8221; bottom_divider_flip=&#8221;horizontal&#8221; locked=&#8221;off&#8221; global_colors_info=&#8221;{}&#8221;][et_pb_row _builder_version=&#8221;4.16&#8243; custom_padding=&#8221;64px|||||&#8221; global_colors_info=&#8221;{}&#8221;][et_pb_column type=&#8221;4_4&#8243; _builder_version=&#8221;4.16&#8243; global_colors_info=&#8221;{}&#8221;][et_pb_text admin_label=&#8221;Title&#8221; _builder_version=&#8221;4.16&#8243; text_font=&#8221;||||||||&#8221; text_text_color=&#8221;#ffffff&#8221; header_font=&#8221;Prata||||||||&#8221; header_2_font=&#8221;Montserrat|700|||||||&#8221; header_2_text_align=&#8221;center&#8221; header_2_font_size=&#8221;30px&#8221; custom_margin=&#8221;||5px|&#8221; custom_padding=&#8221;||0px|||&#8221; animation_style=&#8221;fade&#8221; animation_direction=&#8221;top&#8221; animation_duration=&#8221;1350ms&#8221; animation_starting_opacity=&#8221;100%&#8221; inline_fonts=&#8221;Prata,Montserrat&#8221; global_colors_info=&#8221;{}&#8221;]<\/p>\n<h3 style=\"text-align: center\"><span style=\"font-family: Montserrat;color: #ffffff\">P\u00f3ngase en contacto con nosotros<\/span><\/h3>\n<p>[\/et_pb_text][\/et_pb_column][\/et_pb_row][et_pb_row column_structure=&#8221;1_5,3_5,1_5&#8243; _builder_version=&#8221;4.16&#8243; custom_padding=&#8221;0px|||||&#8221; global_colors_info=&#8221;{}&#8221;][et_pb_column type=&#8221;1_5&#8243; _builder_version=&#8221;4.16&#8243; global_colors_info=&#8221;{}&#8221;][\/et_pb_column][et_pb_column type=&#8221;3_5&#8243; _builder_version=&#8221;4.16&#8243; global_colors_info=&#8221;{}&#8221;][et_pb_text _builder_version=&#8221;4.16&#8243; global_colors_info=&#8221;{}&#8221;]<\/p>\n<p style=\"text-align: center\"><span style=\"color: #ffffff\">Juntos podemos encontrar la soluci\u00f3n que est\u00e1 buscando.<\/span><\/p>\n<p>[\/et_pb_text][et_pb_button button_url=&#8221;@ET-DC@eyJkeW5hbWljIjp0cnVlLCJjb250ZW50IjoicG9zdF9saW5rX3VybF9wYWdlIiwic2V0dGluZ3MiOnsicG9zdF9pZCI6IjExOCIsImVuYWJsZV9odG1sIjoib2ZmIn19@&#8221; button_text=&#8221;CONT\u00c1CTENOS&#8221; button_alignment=&#8221;center&#8221; _builder_version=&#8221;4.16&#8243; _dynamic_attributes=&#8221;button_url&#8221; background_layout=&#8221;dark&#8221; global_colors_info=&#8221;{}&#8221;][\/et_pb_button][\/et_pb_column][et_pb_column type=&#8221;1_5&#8243; _builder_version=&#8221;4.16&#8243; global_colors_info=&#8221;{}&#8221;][\/et_pb_column][\/et_pb_row][\/et_pb_section]<\/p>\n","protected":false},"excerpt":{"rendered":"<p>Crisis econ\u00f3micas globales, sectores que r\u00e1pidamente pierden competitividad con respecto al pasado, eventos extraordinarios e impredecibles como el caso de la pandemia de coronavirus.<\/p>\n","protected":false},"author":350,"featured_media":12710,"comment_status":"open","ping_status":"open","sticky":false,"template":"","format":"standard","meta":{"_et_pb_use_builder":"on","_et_pb_old_content":"","_et_gb_content_width":"","footnotes":""},"categories":[62],"tags":[],"class_list":["post-12704","post","type-post","status-publish","format-standard","has-post-thumbnail","hentry","category-articulos"],"yoast_head":"<!-- This site is optimized with the Yoast SEO Premium plugin v27.5 (Yoast SEO v27.5) - https:\/\/yoast.com\/product\/yoast-seo-premium-wordpress\/ -->\n<title>Turnaround: El cambio de rumbo - Interim Management | EIM Spain<\/title>\n<meta name=\"description\" content=\"Crisis econ\u00f3micas globales, sectores que r\u00e1pidamente pierden competitividad con respecto al pasado, eventos extraordinarios como el coronavirus.\" \/>\n<meta name=\"robots\" content=\"index, follow, max-snippet:-1, max-image-preview:large, max-video-preview:-1\" \/>\n<link rel=\"canonical\" href=\"https:\/\/www.eim.com\/es\/articulos\/turnaround-el-cambio-de-rumbo-una-oportunidad-positiva-para-la-transformacion-empresarial\/\" \/>\n<meta property=\"og:locale\" content=\"es_ES\" \/>\n<meta property=\"og:type\" content=\"article\" \/>\n<meta property=\"og:title\" content=\"Turnaround: El cambio de rumbo\" \/>\n<meta property=\"og:description\" content=\"Crisis econ\u00f3micas globales, sectores que r\u00e1pidamente pierden competitividad con respecto al pasado, eventos extraordinarios como el coronavirus.\" \/>\n<meta property=\"og:url\" content=\"https:\/\/www.eim.com\/es\/articulos\/turnaround-el-cambio-de-rumbo-una-oportunidad-positiva-para-la-transformacion-empresarial\/\" \/>\n<meta property=\"og:site_name\" content=\"Interim Management | EIM Spain\" \/>\n<meta property=\"article:published_time\" content=\"2024-04-25T09:27:16+00:00\" \/>\n<meta property=\"article:modified_time\" content=\"2024-06-06T16:46:39+00:00\" \/>\n<meta property=\"og:image\" content=\"https:\/\/www.eim.com\/es\/wp-content\/uploads\/sites\/10\/2024\/04\/Turnaround-El-cambio-de-rumbo-header.jpg\" \/>\n\t<meta property=\"og:image:width\" content=\"2551\" \/>\n\t<meta property=\"og:image:height\" content=\"705\" \/>\n\t<meta property=\"og:image:type\" content=\"image\/jpeg\" \/>\n<meta name=\"author\" content=\"marketinges\" \/>\n<meta name=\"twitter:card\" content=\"summary_large_image\" \/>\n<meta name=\"twitter:description\" content=\"Crisis econ\u00f3micas globales, sectores que r\u00e1pidamente pierden competitividad con respecto al pasado, eventos extraordinarios e impredecibles como el caso de la pandemia de coronavirus.\" \/>\n<meta name=\"twitter:label1\" content=\"Escrito por\" \/>\n\t<meta name=\"twitter:data1\" content=\"marketinges\" \/>\n\t<meta name=\"twitter:label2\" content=\"Tiempo de lectura\" \/>\n\t<meta name=\"twitter:data2\" content=\"24 minutos\" \/>\n<script type=\"application\/ld+json\" class=\"yoast-schema-graph\">{\"@context\":\"https:\\\/\\\/schema.org\",\"@graph\":[{\"@type\":\"Article\",\"@id\":\"https:\\\/\\\/www.eim.com\\\/es\\\/articulos\\\/turnaround-el-cambio-de-rumbo-una-oportunidad-positiva-para-la-transformacion-empresarial\\\/#article\",\"isPartOf\":{\"@id\":\"https:\\\/\\\/www.eim.com\\\/es\\\/articulos\\\/turnaround-el-cambio-de-rumbo-una-oportunidad-positiva-para-la-transformacion-empresarial\\\/\"},\"author\":{\"name\":\"marketinges\",\"@id\":\"https:\\\/\\\/www.eim.com\\\/es\\\/#\\\/schema\\\/person\\\/086ec007ce5017a9cdee90be7ddd4b62\"},\"headline\":\"Turnaround: El cambio de rumbo\",\"datePublished\":\"2024-04-25T09:27:16+00:00\",\"dateModified\":\"2024-06-06T16:46:39+00:00\",\"mainEntityOfPage\":{\"@id\":\"https:\\\/\\\/www.eim.com\\\/es\\\/articulos\\\/turnaround-el-cambio-de-rumbo-una-oportunidad-positiva-para-la-transformacion-empresarial\\\/\"},\"wordCount\":11797,\"commentCount\":0,\"image\":{\"@id\":\"https:\\\/\\\/www.eim.com\\\/es\\\/articulos\\\/turnaround-el-cambio-de-rumbo-una-oportunidad-positiva-para-la-transformacion-empresarial\\\/#primaryimage\"},\"thumbnailUrl\":\"https:\\\/\\\/www.eim.com\\\/es\\\/wp-content\\\/uploads\\\/sites\\\/10\\\/2024\\\/04\\\/Turnaround-El-cambio-de-rumbo.jpg\",\"articleSection\":[\"Art\u00edculos\"],\"inLanguage\":\"es\",\"potentialAction\":[{\"@type\":\"CommentAction\",\"name\":\"Comment\",\"target\":[\"https:\\\/\\\/www.eim.com\\\/es\\\/articulos\\\/turnaround-el-cambio-de-rumbo-una-oportunidad-positiva-para-la-transformacion-empresarial\\\/#respond\"]}]},{\"@type\":\"WebPage\",\"@id\":\"https:\\\/\\\/www.eim.com\\\/es\\\/articulos\\\/turnaround-el-cambio-de-rumbo-una-oportunidad-positiva-para-la-transformacion-empresarial\\\/\",\"url\":\"https:\\\/\\\/www.eim.com\\\/es\\\/articulos\\\/turnaround-el-cambio-de-rumbo-una-oportunidad-positiva-para-la-transformacion-empresarial\\\/\",\"name\":\"Turnaround: El cambio de rumbo - Interim Management | EIM Spain\",\"isPartOf\":{\"@id\":\"https:\\\/\\\/www.eim.com\\\/es\\\/#website\"},\"primaryImageOfPage\":{\"@id\":\"https:\\\/\\\/www.eim.com\\\/es\\\/articulos\\\/turnaround-el-cambio-de-rumbo-una-oportunidad-positiva-para-la-transformacion-empresarial\\\/#primaryimage\"},\"image\":{\"@id\":\"https:\\\/\\\/www.eim.com\\\/es\\\/articulos\\\/turnaround-el-cambio-de-rumbo-una-oportunidad-positiva-para-la-transformacion-empresarial\\\/#primaryimage\"},\"thumbnailUrl\":\"https:\\\/\\\/www.eim.com\\\/es\\\/wp-content\\\/uploads\\\/sites\\\/10\\\/2024\\\/04\\\/Turnaround-El-cambio-de-rumbo.jpg\",\"datePublished\":\"2024-04-25T09:27:16+00:00\",\"dateModified\":\"2024-06-06T16:46:39+00:00\",\"author\":{\"@id\":\"https:\\\/\\\/www.eim.com\\\/es\\\/#\\\/schema\\\/person\\\/086ec007ce5017a9cdee90be7ddd4b62\"},\"description\":\"Crisis econ\u00f3micas globales, sectores que r\u00e1pidamente pierden competitividad con respecto al pasado, eventos extraordinarios como el coronavirus.\",\"breadcrumb\":{\"@id\":\"https:\\\/\\\/www.eim.com\\\/es\\\/articulos\\\/turnaround-el-cambio-de-rumbo-una-oportunidad-positiva-para-la-transformacion-empresarial\\\/#breadcrumb\"},\"inLanguage\":\"es\",\"potentialAction\":[{\"@type\":\"ReadAction\",\"target\":[\"https:\\\/\\\/www.eim.com\\\/es\\\/articulos\\\/turnaround-el-cambio-de-rumbo-una-oportunidad-positiva-para-la-transformacion-empresarial\\\/\"]}]},{\"@type\":\"ImageObject\",\"inLanguage\":\"es\",\"@id\":\"https:\\\/\\\/www.eim.com\\\/es\\\/articulos\\\/turnaround-el-cambio-de-rumbo-una-oportunidad-positiva-para-la-transformacion-empresarial\\\/#primaryimage\",\"url\":\"https:\\\/\\\/www.eim.com\\\/es\\\/wp-content\\\/uploads\\\/sites\\\/10\\\/2024\\\/04\\\/Turnaround-El-cambio-de-rumbo.jpg\",\"contentUrl\":\"https:\\\/\\\/www.eim.com\\\/es\\\/wp-content\\\/uploads\\\/sites\\\/10\\\/2024\\\/04\\\/Turnaround-El-cambio-de-rumbo.jpg\",\"width\":400,\"height\":250},{\"@type\":\"BreadcrumbList\",\"@id\":\"https:\\\/\\\/www.eim.com\\\/es\\\/articulos\\\/turnaround-el-cambio-de-rumbo-una-oportunidad-positiva-para-la-transformacion-empresarial\\\/#breadcrumb\",\"itemListElement\":[{\"@type\":\"ListItem\",\"position\":1,\"name\":\"Home\",\"item\":\"https:\\\/\\\/www.eim.com\\\/es\\\/\"},{\"@type\":\"ListItem\",\"position\":2,\"name\":\"Turnaround: El cambio de rumbo\"}]},{\"@type\":\"WebSite\",\"@id\":\"https:\\\/\\\/www.eim.com\\\/es\\\/#website\",\"url\":\"https:\\\/\\\/www.eim.com\\\/es\\\/\",\"name\":\"Interim Management | EIM Spain\",\"description\":\"El interim manager que su empresa necesita\",\"potentialAction\":[{\"@type\":\"SearchAction\",\"target\":{\"@type\":\"EntryPoint\",\"urlTemplate\":\"https:\\\/\\\/www.eim.com\\\/es\\\/?s={search_term_string}\"},\"query-input\":{\"@type\":\"PropertyValueSpecification\",\"valueRequired\":true,\"valueName\":\"search_term_string\"}}],\"inLanguage\":\"es\"},{\"@type\":\"Person\",\"@id\":\"https:\\\/\\\/www.eim.com\\\/es\\\/#\\\/schema\\\/person\\\/086ec007ce5017a9cdee90be7ddd4b62\",\"name\":\"marketinges\",\"image\":{\"@type\":\"ImageObject\",\"inLanguage\":\"es\",\"@id\":\"https:\\\/\\\/secure.gravatar.com\\\/avatar\\\/2a177d40a03aaf5fcf244db679016aa6fd39fd2ff0752c5597d2d0fe75d2b8f3?s=96&d=mm&r=g\",\"url\":\"https:\\\/\\\/secure.gravatar.com\\\/avatar\\\/2a177d40a03aaf5fcf244db679016aa6fd39fd2ff0752c5597d2d0fe75d2b8f3?s=96&d=mm&r=g\",\"contentUrl\":\"https:\\\/\\\/secure.gravatar.com\\\/avatar\\\/2a177d40a03aaf5fcf244db679016aa6fd39fd2ff0752c5597d2d0fe75d2b8f3?s=96&d=mm&r=g\",\"caption\":\"marketinges\"},\"url\":\"https:\\\/\\\/www.eim.com\\\/es\\\/author\\\/marketinges\\\/\"}]}<\/script>\n<!-- \/ Yoast SEO Premium plugin. -->","yoast_head_json":{"title":"Turnaround: El cambio de rumbo - Interim Management | EIM Spain","description":"Crisis econ\u00f3micas globales, sectores que r\u00e1pidamente pierden competitividad con respecto al pasado, eventos extraordinarios como el coronavirus.","robots":{"index":"index","follow":"follow","max-snippet":"max-snippet:-1","max-image-preview":"max-image-preview:large","max-video-preview":"max-video-preview:-1"},"canonical":"https:\/\/www.eim.com\/es\/articulos\/turnaround-el-cambio-de-rumbo-una-oportunidad-positiva-para-la-transformacion-empresarial\/","og_locale":"es_ES","og_type":"article","og_title":"Turnaround: El cambio de rumbo","og_description":"Crisis econ\u00f3micas globales, sectores que r\u00e1pidamente pierden competitividad con respecto al pasado, eventos extraordinarios como el coronavirus.","og_url":"https:\/\/www.eim.com\/es\/articulos\/turnaround-el-cambio-de-rumbo-una-oportunidad-positiva-para-la-transformacion-empresarial\/","og_site_name":"Interim Management | EIM Spain","article_published_time":"2024-04-25T09:27:16+00:00","article_modified_time":"2024-06-06T16:46:39+00:00","og_image":[{"width":2551,"height":705,"url":"https:\/\/www.eim.com\/es\/wp-content\/uploads\/sites\/10\/2024\/04\/Turnaround-El-cambio-de-rumbo-header.jpg","type":"image\/jpeg"}],"author":"marketinges","twitter_card":"summary_large_image","twitter_description":"Crisis econ\u00f3micas globales, sectores que r\u00e1pidamente pierden competitividad con respecto al pasado, eventos extraordinarios e impredecibles como el caso de la pandemia de coronavirus.","twitter_misc":{"Escrito por":"marketinges","Tiempo de lectura":"24 minutos"},"schema":{"@context":"https:\/\/schema.org","@graph":[{"@type":"Article","@id":"https:\/\/www.eim.com\/es\/articulos\/turnaround-el-cambio-de-rumbo-una-oportunidad-positiva-para-la-transformacion-empresarial\/#article","isPartOf":{"@id":"https:\/\/www.eim.com\/es\/articulos\/turnaround-el-cambio-de-rumbo-una-oportunidad-positiva-para-la-transformacion-empresarial\/"},"author":{"name":"marketinges","@id":"https:\/\/www.eim.com\/es\/#\/schema\/person\/086ec007ce5017a9cdee90be7ddd4b62"},"headline":"Turnaround: El cambio de rumbo","datePublished":"2024-04-25T09:27:16+00:00","dateModified":"2024-06-06T16:46:39+00:00","mainEntityOfPage":{"@id":"https:\/\/www.eim.com\/es\/articulos\/turnaround-el-cambio-de-rumbo-una-oportunidad-positiva-para-la-transformacion-empresarial\/"},"wordCount":11797,"commentCount":0,"image":{"@id":"https:\/\/www.eim.com\/es\/articulos\/turnaround-el-cambio-de-rumbo-una-oportunidad-positiva-para-la-transformacion-empresarial\/#primaryimage"},"thumbnailUrl":"https:\/\/www.eim.com\/es\/wp-content\/uploads\/sites\/10\/2024\/04\/Turnaround-El-cambio-de-rumbo.jpg","articleSection":["Art\u00edculos"],"inLanguage":"es","potentialAction":[{"@type":"CommentAction","name":"Comment","target":["https:\/\/www.eim.com\/es\/articulos\/turnaround-el-cambio-de-rumbo-una-oportunidad-positiva-para-la-transformacion-empresarial\/#respond"]}]},{"@type":"WebPage","@id":"https:\/\/www.eim.com\/es\/articulos\/turnaround-el-cambio-de-rumbo-una-oportunidad-positiva-para-la-transformacion-empresarial\/","url":"https:\/\/www.eim.com\/es\/articulos\/turnaround-el-cambio-de-rumbo-una-oportunidad-positiva-para-la-transformacion-empresarial\/","name":"Turnaround: El cambio de rumbo - Interim Management | EIM Spain","isPartOf":{"@id":"https:\/\/www.eim.com\/es\/#website"},"primaryImageOfPage":{"@id":"https:\/\/www.eim.com\/es\/articulos\/turnaround-el-cambio-de-rumbo-una-oportunidad-positiva-para-la-transformacion-empresarial\/#primaryimage"},"image":{"@id":"https:\/\/www.eim.com\/es\/articulos\/turnaround-el-cambio-de-rumbo-una-oportunidad-positiva-para-la-transformacion-empresarial\/#primaryimage"},"thumbnailUrl":"https:\/\/www.eim.com\/es\/wp-content\/uploads\/sites\/10\/2024\/04\/Turnaround-El-cambio-de-rumbo.jpg","datePublished":"2024-04-25T09:27:16+00:00","dateModified":"2024-06-06T16:46:39+00:00","author":{"@id":"https:\/\/www.eim.com\/es\/#\/schema\/person\/086ec007ce5017a9cdee90be7ddd4b62"},"description":"Crisis econ\u00f3micas globales, sectores que r\u00e1pidamente pierden competitividad con respecto al pasado, eventos extraordinarios como el coronavirus.","breadcrumb":{"@id":"https:\/\/www.eim.com\/es\/articulos\/turnaround-el-cambio-de-rumbo-una-oportunidad-positiva-para-la-transformacion-empresarial\/#breadcrumb"},"inLanguage":"es","potentialAction":[{"@type":"ReadAction","target":["https:\/\/www.eim.com\/es\/articulos\/turnaround-el-cambio-de-rumbo-una-oportunidad-positiva-para-la-transformacion-empresarial\/"]}]},{"@type":"ImageObject","inLanguage":"es","@id":"https:\/\/www.eim.com\/es\/articulos\/turnaround-el-cambio-de-rumbo-una-oportunidad-positiva-para-la-transformacion-empresarial\/#primaryimage","url":"https:\/\/www.eim.com\/es\/wp-content\/uploads\/sites\/10\/2024\/04\/Turnaround-El-cambio-de-rumbo.jpg","contentUrl":"https:\/\/www.eim.com\/es\/wp-content\/uploads\/sites\/10\/2024\/04\/Turnaround-El-cambio-de-rumbo.jpg","width":400,"height":250},{"@type":"BreadcrumbList","@id":"https:\/\/www.eim.com\/es\/articulos\/turnaround-el-cambio-de-rumbo-una-oportunidad-positiva-para-la-transformacion-empresarial\/#breadcrumb","itemListElement":[{"@type":"ListItem","position":1,"name":"Home","item":"https:\/\/www.eim.com\/es\/"},{"@type":"ListItem","position":2,"name":"Turnaround: El cambio de rumbo"}]},{"@type":"WebSite","@id":"https:\/\/www.eim.com\/es\/#website","url":"https:\/\/www.eim.com\/es\/","name":"Interim Management | EIM Spain","description":"El interim manager que su empresa necesita","potentialAction":[{"@type":"SearchAction","target":{"@type":"EntryPoint","urlTemplate":"https:\/\/www.eim.com\/es\/?s={search_term_string}"},"query-input":{"@type":"PropertyValueSpecification","valueRequired":true,"valueName":"search_term_string"}}],"inLanguage":"es"},{"@type":"Person","@id":"https:\/\/www.eim.com\/es\/#\/schema\/person\/086ec007ce5017a9cdee90be7ddd4b62","name":"marketinges","image":{"@type":"ImageObject","inLanguage":"es","@id":"https:\/\/secure.gravatar.com\/avatar\/2a177d40a03aaf5fcf244db679016aa6fd39fd2ff0752c5597d2d0fe75d2b8f3?s=96&d=mm&r=g","url":"https:\/\/secure.gravatar.com\/avatar\/2a177d40a03aaf5fcf244db679016aa6fd39fd2ff0752c5597d2d0fe75d2b8f3?s=96&d=mm&r=g","contentUrl":"https:\/\/secure.gravatar.com\/avatar\/2a177d40a03aaf5fcf244db679016aa6fd39fd2ff0752c5597d2d0fe75d2b8f3?s=96&d=mm&r=g","caption":"marketinges"},"url":"https:\/\/www.eim.com\/es\/author\/marketinges\/"}]}},"_links":{"self":[{"href":"https:\/\/www.eim.com\/es\/wp-json\/wp\/v2\/posts\/12704","targetHints":{"allow":["GET"]}}],"collection":[{"href":"https:\/\/www.eim.com\/es\/wp-json\/wp\/v2\/posts"}],"about":[{"href":"https:\/\/www.eim.com\/es\/wp-json\/wp\/v2\/types\/post"}],"author":[{"embeddable":true,"href":"https:\/\/www.eim.com\/es\/wp-json\/wp\/v2\/users\/350"}],"replies":[{"embeddable":true,"href":"https:\/\/www.eim.com\/es\/wp-json\/wp\/v2\/comments?post=12704"}],"version-history":[{"count":0,"href":"https:\/\/www.eim.com\/es\/wp-json\/wp\/v2\/posts\/12704\/revisions"}],"wp:featuredmedia":[{"embeddable":true,"href":"https:\/\/www.eim.com\/es\/wp-json\/wp\/v2\/media\/12710"}],"wp:attachment":[{"href":"https:\/\/www.eim.com\/es\/wp-json\/wp\/v2\/media?parent=12704"}],"wp:term":[{"taxonomy":"category","embeddable":true,"href":"https:\/\/www.eim.com\/es\/wp-json\/wp\/v2\/categories?post=12704"},{"taxonomy":"post_tag","embeddable":true,"href":"https:\/\/www.eim.com\/es\/wp-json\/wp\/v2\/tags?post=12704"}],"curies":[{"name":"wp","href":"https:\/\/api.w.org\/{rel}","templated":true}]}}