{"id":12150,"date":"2023-03-28T16:46:49","date_gmt":"2023-03-28T16:46:49","guid":{"rendered":"https:\/\/www.eim.com\/es\/?p=12150"},"modified":"2024-03-14T07:34:17","modified_gmt":"2024-03-14T07:34:17","slug":"gestion-de-la-cadena-de-suministro-como-afrontar-los-riesgos-de-modo-agil-y-fluido","status":"publish","type":"post","link":"https:\/\/www.eim.com\/es\/articulos\/gestion-de-la-cadena-de-suministro-como-afrontar-los-riesgos-de-modo-agil-y-fluido\/","title":{"rendered":"Gesti\u00f3n de la Cadena de Suministro: c\u00f3mo afrontar los riesgos de modo \u00e1gil y fluido"},"content":{"rendered":"<p>[et_pb_section fb_built=&#8221;1&#8243; admin_label=&#8221;Hero Section&#8221; _builder_version=&#8221;4.19.3&#8243; use_background_color_gradient=&#8221;on&#8221; background_color_gradient_stops=&#8221;rgba(0,0,0,0.4) 0%|rgba(0,0,0,0.4) 100%&#8221; background_color_gradient_overlays_image=&#8221;on&#8221; background_color_gradient_start=&#8221;rgba(0,0,0,0.4)&#8221; background_color_gradient_end=&#8221;rgba(0,0,0,0.4)&#8221; background_image=&#8221;https:\/\/www.eim.com\/es\/wp-content\/uploads\/sites\/10\/2023\/03\/supply-chain-management-eim-e1673259504546.jpg&#8221; height=&#8221;520px&#8221; custom_padding=&#8221;6%||0%|||&#8221; bottom_divider_style=&#8221;slant&#8221; bottom_divider_color=&#8221;#ffffff&#8221; bottom_divider_height=&#8221;150px&#8221; bottom_divider_flip=&#8221;horizontal&#8221; saved_tabs=&#8221;all&#8221; global_colors_info=&#8221;{}&#8221; background_color_gradient_direction__hover=&#8221;180deg&#8221; background_color_gradient_direction__hover_enabled=&#8221;180deg&#8221; background_color_gradient_start_position__hover=&#8221;0%&#8221; background_color_gradient_start_position__hover_enabled=&#8221;0%&#8221; background_color_gradient_end_position__hover=&#8221;100%&#8221; background_color_gradient_end_position__hover_enabled=&#8221;100%&#8221; background_color_gradient_stops__hover=&#8221;rgba(0,0,0,0.4) 0%|rgba(0,0,0,0.4) 100%&#8221;][et_pb_row admin_label=&#8221;Page Title Area&#8221; _builder_version=&#8221;4.16&#8243; width=&#8221;100%&#8221; max_width=&#8221;2560px&#8221; module_alignment=&#8221;center&#8221; custom_margin=&#8221;-5.4%|auto|0px|auto|false|false&#8221; custom_padding=&#8221;0px||0px|||&#8221; global_colors_info=&#8221;{}&#8221;][et_pb_column type=&#8221;4_4&#8243; _builder_version=&#8221;4.16&#8243; custom_padding=&#8221;|||&#8221; global_colors_info=&#8221;{}&#8221; custom_padding__hover=&#8221;|||&#8221;][et_pb_text admin_label=&#8221;Hero Section Title&#8221; _builder_version=&#8221;4.19.3&#8243; text_font=&#8221;Montserrat|800|||||||&#8221; text_font_size=&#8221;18px&#8221; text_line_height=&#8221;1.3em&#8221; header_font=&#8221;Montserrat|700|||||||&#8221; header_font_size=&#8221;56px&#8221; header_letter_spacing=&#8221;3px&#8221; header_line_height=&#8221;1.1em&#8221; header_2_font=&#8221;Montserrat|700|||||||&#8221; header_2_text_color=&#8221;rgba(255,255,255,0.6)&#8221; header_2_font_size=&#8221;90px&#8221; header_2_letter_spacing=&#8221;3px&#8221; header_2_line_height=&#8221;1.1em&#8221; text_orientation=&#8221;center&#8221; background_layout=&#8221;dark&#8221; max_width=&#8221;900px&#8221; module_alignment=&#8221;center&#8221; min_height=&#8221;157.5px&#8221; custom_margin=&#8221;0px||10px||false|false&#8221; custom_padding=&#8221;0px||0px|||&#8221; animation_style=&#8221;fade&#8221; animation_direction=&#8221;bottom&#8221; animation_duration=&#8221;1350ms&#8221; header_font_size_tablet=&#8221;&#8221; header_font_size_phone=&#8221;28px&#8221; header_font_size_last_edited=&#8221;on|phone&#8221; header_2_font_size_tablet=&#8221;&#8221; header_2_font_size_phone=&#8221;50px&#8221; header_2_font_size_last_edited=&#8221;on|phone&#8221; text_text_shadow_style=&#8221;preset1&#8243; text_text_shadow_horizontal_length=&#8221;0.38em&#8221; inline_fonts=&#8221;Prata,Montserrat&#8221; global_colors_info=&#8221;{}&#8221;]<\/p>\n<h1>Gesti\u00f3n de la Cadena de Suministro: c\u00f3mo afrontar los riesgos de modo \u00e1gil y fluido<\/h1>\n<p>[\/et_pb_text][\/et_pb_column][\/et_pb_row][\/et_pb_section][et_pb_section fb_built=&#8221;1&#8243; _builder_version=&#8221;4.19.3&#8243; _module_preset=&#8221;default&#8221; custom_margin=&#8221;40px||||false|false&#8221; custom_padding=&#8221;0px||||false|false&#8221; animation_style=&#8221;fade&#8221; locked=&#8221;off&#8221; global_colors_info=&#8221;{}&#8221;][et_pb_row _builder_version=&#8221;4.19.3&#8243; _module_preset=&#8221;default&#8221; global_colors_info=&#8221;{}&#8221;][et_pb_column type=&#8221;4_4&#8243; _builder_version=&#8221;4.19.3&#8243; _module_preset=&#8221;default&#8221; global_colors_info=&#8221;{}&#8221;][et_pb_text admin_label=&#8221;Texto&#8221; _builder_version=&#8221;4.19.3&#8243; _module_preset=&#8221;default&#8221; text_text_color=&#8221;#000000&#8243; locked=&#8221;off&#8221; global_colors_info=&#8221;{}&#8221;]<\/p>\n<h3 style=\"text-align: center;color: #002c3e\">Qu\u00e9 significa gestionar la Cadena de Suministro de modo \u00e1gil y fluido<\/h3>\n<p>[\/et_pb_text][et_pb_text admin_label=&#8221;Texto&#8221; _builder_version=&#8221;4.19.3&#8243; _module_preset=&#8221;default&#8221; text_font_size=&#8221;16px&#8221; animation_style=&#8221;flip&#8221; animation_direction=&#8221;left&#8221; animation_intensity_flip=&#8221;30%&#8221; animation_starting_opacity=&#8221;100%&#8221; locked=&#8221;off&#8221; global_colors_info=&#8221;{}&#8221;]<\/p>\n<p>Gestionar la Cadena de Suministro de modo \u00e1gil y fluido significa que las empresas, no s\u00f3lo deben ser capaces de promover y gestionar cambios peri\u00f3dicos, sino tambi\u00e9n estar preparadas para sobrevivir y prosperar en el mundo en constante cambio en el que vivimos.<\/p>\n<p><strong>Los acontecimientos extraordinarios que han caracterizado los \u00faltimos a\u00f1os demuestran que, no s\u00f3lo es muy importante mejorar las capacidades de predicci\u00f3n de lo que suceder\u00e1, sino tambi\u00e9n desarrollar una mayor agilidad de la organizaci\u00f3n:<\/strong>\u00a0 ser capaz de gestionar adecuadamente el riesgo y prepararse para enfrentar y encontrar soluciones r\u00e1pidas y efectivas a acontecimientos adversos, ya sea una crisis de salud global como una emergencia de seguridad internacional, un aumento dr\u00e1stico y repentino en los costes log\u00edsticos o una escasez de materias primas claves.<\/p>\n<p>Cuando una empresa ha trasladado algunas o todas sus operaciones de producci\u00f3n al extranjero (offshoring) para reducir los costes de fabricaci\u00f3n, <a href=\"https:\/\/www.eim.com\/es\/articulos\/relocalizacion-reshoring-offshoring-y-nearshoring\/\" target=\"_blank\" rel=\"noopener\">el reshoring y el nearshoring<\/a> son dos procesos que se desatan para traer parte o la totalidad de la producci\u00f3n \u201cde vuelta a casa\u201d. Aunque la motivaci\u00f3n es similar en los dos casos, principalmente la necesidad de optimizar costes, tambi\u00e9n suelen existir razones de reducci\u00f3n de riesgos externos como los que acabamos de comentar antes.<\/p>\n<p>[\/et_pb_text][\/et_pb_column][\/et_pb_row][\/et_pb_section][et_pb_section fb_built=&#8221;1&#8243; _builder_version=&#8221;4.19.3&#8243; _module_preset=&#8221;default&#8221; background_color=&#8221;#dbdbdb&#8221; custom_margin=&#8221;||||false|false&#8221; custom_padding=&#8221;140px||140px||false|false&#8221; top_divider_style=&#8221;slant&#8221; top_divider_color=&#8221;#ffffff&#8221; top_divider_flip=&#8221;horizontal|vertical&#8221; bottom_divider_color=&#8221;#FFFFFF&#8221; bottom_divider_flip=&#8221;vertical&#8221; locked=&#8221;off&#8221; global_colors_info=&#8221;{}&#8221;][et_pb_row _builder_version=&#8221;4.19.3&#8243; _module_preset=&#8221;default&#8221; global_colors_info=&#8221;{}&#8221;][et_pb_column type=&#8221;4_4&#8243; _builder_version=&#8221;4.19.3&#8243; _module_preset=&#8221;default&#8221; global_colors_info=&#8221;{}&#8221;][et_pb_text _builder_version=&#8221;4.19.3&#8243; _module_preset=&#8221;default&#8221; text_font_size=&#8221;16px&#8221; animation_style=&#8221;flip&#8221; animation_direction=&#8221;left&#8221; animation_intensity_flip=&#8221;30%&#8221; animation_starting_opacity=&#8221;100%&#8221; locked=&#8221;off&#8221; global_colors_info=&#8221;{}&#8221;]<\/p>\n<p>La gesti\u00f3n de la cadena de suministro juega un papel crucial. <strong>El modelo est\u00e1tico de globalizaci\u00f3n, que se convirti\u00f3 en un standard de los \u00faltimos 30 a\u00f1os, ha llevado a la formaci\u00f3n de cadenas muy largas, r\u00edgidas y basadas en el principio de \u2018el menor coste de adquisici\u00f3n posible\u2019<\/strong>.<\/p>\n<p>Este modelo, justificado por el mantenimiento de la estabilidad geopol\u00edtica y econ\u00f3mica que garantizaba una gran predictibilidad de flujos, precios, transportes y de las condiciones comerciales, ya no es factible hoy: <strong>gestionar la Cadena de Suministro en el mundo de los negocios actual significa ser capaces de sobrevivir en un entorno donde la estabilidad es la excepci\u00f3n, y las condiciones cambiantes son la regla<\/strong>.<\/p>\n<p>[\/et_pb_text][\/et_pb_column][\/et_pb_row][\/et_pb_section][et_pb_section fb_built=&#8221;1&#8243; _builder_version=&#8221;4.19.3&#8243; _module_preset=&#8221;default&#8221; background_color=&#8221;RGBA(255,255,255,0)&#8221; use_background_color_gradient=&#8221;on&#8221; background_color_gradient_direction=&#8221;105deg&#8221; background_color_gradient_stops=&#8221;#db932b 50%|rgba(255,255,255,0) 50%&#8221; background_color_gradient_overlays_image=&#8221;on&#8221; background_image=&#8221;https:\/\/www.eim.com\/es\/wp-content\/uploads\/sites\/10\/2023\/03\/supply-chain-management-eim-italia.jpg&#8221; module_alignment=&#8221;center&#8221; custom_margin=&#8221;-100px||0px||false|false&#8221; custom_padding=&#8221;140px||140px||false|false&#8221; top_divider_style=&#8221;slant&#8221; top_divider_color=&#8221;#dbdbdb&#8221; top_divider_flip=&#8221;horizontal&#8221; top_divider_arrangement=&#8221;above_content&#8221; bottom_divider_style=&#8221;slant&#8221; bottom_divider_color=&#8221;#002c3e&#8221; bottom_divider_flip=&#8221;horizontal|vertical&#8221; background_last_edited=&#8221;on|phone&#8221; background_position_phone=&#8221;top_right&#8221; background_horizontal_offset_phone=&#8221;1%&#8221; locked=&#8221;off&#8221; global_colors_info=&#8221;{}&#8221;][et_pb_row column_structure=&#8221;1_2,1_2&#8243; _builder_version=&#8221;4.19.3&#8243; _module_preset=&#8221;default&#8221; max_width=&#8221;2496px&#8221; global_colors_info=&#8221;{}&#8221;][et_pb_column type=&#8221;1_2&#8243; _builder_version=&#8221;4.19.3&#8243; _module_preset=&#8221;default&#8221; background_color=&#8221;RGBA(255,255,255,0)&#8221; custom_padding=&#8221;20px|20px|20px|20px|true|true&#8221; global_colors_info=&#8221;{}&#8221;][et_pb_text admin_label=&#8221;Title&#8221; _builder_version=&#8221;4.19.3&#8243; text_font=&#8221;||||||||&#8221; header_font=&#8221;Prata||||||||&#8221; header_2_font=&#8221;Montserrat|700|||||||&#8221; header_2_text_align=&#8221;center&#8221; header_2_font_size=&#8221;32px&#8221; header_3_font=&#8221;|300|||||||&#8221; background_color=&#8221;RGBA(255,255,255,0)&#8221; custom_margin=&#8221;||||false|false&#8221; custom_padding=&#8221;||||false|false&#8221; animation_style=&#8221;flip&#8221; animation_direction=&#8221;left&#8221; animation_intensity_flip=&#8221;30%&#8221; animation_starting_opacity=&#8221;100%&#8221; inline_fonts=&#8221;Prata,Montserrat&#8221; global_colors_info=&#8221;{}&#8221;]<\/p>\n<p style=\"text-align: center;color: #ffffff;font-size: 21px\"><em>Las crisis recientes y los acontecimientos extraordinarios de los \u00faltimos a\u00f1os han puesto bajo estr\u00e9s los procesos de la Cadena de Suministro, poniendo de manifiesto \u00e1reas de debilidad estructural y haciendo inevitable un cambio radical en el proceso.<\/em><\/p>\n<p>[\/et_pb_text][\/et_pb_column][et_pb_column type=&#8221;1_2&#8243; _builder_version=&#8221;4.19.3&#8243; _module_preset=&#8221;default&#8221; background_enable_color=&#8221;off&#8221; custom_padding=&#8221;20px|20px|20px|20px|true|true&#8221; global_colors_info=&#8221;{}&#8221;][\/et_pb_column][\/et_pb_row][\/et_pb_section][et_pb_section fb_built=&#8221;1&#8243; _builder_version=&#8221;4.19.3&#8243; _module_preset=&#8221;default&#8221; background_color=&#8221;#002c3e&#8221; custom_margin=&#8221;||||false|false&#8221; custom_padding=&#8221;50px||140px||false|false&#8221; top_divider_style=&#8221;slant&#8221; top_divider_color=&#8221;#002c3e&#8221; top_divider_flip=&#8221;horizontal|vertical&#8221; bottom_divider_color=&#8221;#FFFFFF&#8221; bottom_divider_flip=&#8221;vertical&#8221; locked=&#8221;off&#8221; global_colors_info=&#8221;{}&#8221;][et_pb_row _builder_version=&#8221;4.19.3&#8243; _module_preset=&#8221;default&#8221; global_colors_info=&#8221;{}&#8221;][et_pb_column type=&#8221;4_4&#8243; _builder_version=&#8221;4.19.3&#8243; _module_preset=&#8221;default&#8221; global_colors_info=&#8221;{}&#8221;][et_pb_text admin_label=&#8221;Texto&#8221; _builder_version=&#8221;4.19.3&#8243; _module_preset=&#8221;default&#8221; text_text_color=&#8221;#000000&#8243; locked=&#8221;off&#8221; global_colors_info=&#8221;{}&#8221;]<\/p>\n<h3 style=\"text-align: center;color: #ffffff\">C\u00f3mo mejorar la Cadena de Suministro<\/h3>\n<p>[\/et_pb_text][et_pb_text _builder_version=&#8221;4.19.3&#8243; _module_preset=&#8221;default&#8221; text_text_color=&#8221;#FFFFFF&#8221; text_font_size=&#8221;16px&#8221; header_text_color=&#8221;#FFFFFF&#8221; animation_style=&#8221;flip&#8221; animation_direction=&#8221;left&#8221; animation_intensity_flip=&#8221;30%&#8221; animation_starting_opacity=&#8221;100%&#8221; locked=&#8221;off&#8221; global_colors_info=&#8221;{}&#8221;]<\/p>\n<p>Para los fabricantes europeos, tener suministradores con plazos de entrega de meses, a menudo como proveedor \u00fanico, con una planificaci\u00f3n muy larga y con poca o ninguna capacidad para absorber variaciones en la demanda, significa no poder cumplir con las entregas a sus clientes o, en el mejor de los casos, hacerlo teniendo que absorber incrementos de costes internamente sin posibilidad de traspas\u00e1rselos al cliente.<\/p>\n<p><strong>Actualmente los modelos de negocio m\u00e1s fluidos requieren una Cadena de Suministro m\u00e1s corta y con m\u00faltiples proveedores, estructurada m\u00e1s como una Red que como una \u00fanica Cadena<\/strong>. Todo apunta a que el mundo globalizado est\u00e1 en su ocaso, y a que tenemos que acostumbrarnos a una nueva realidad constituida por macro-regiones, en las que Europa ampliada hacia el este &#8211; incluida la cuenca del Mediterr\u00e1neo &#8211; podr\u00eda ser una de las m\u00e1s relevantes.<\/p>\n<p>[\/et_pb_text][\/et_pb_column][\/et_pb_row][\/et_pb_section][et_pb_section fb_built=&#8221;1&#8243; _builder_version=&#8221;4.19.3&#8243; _module_preset=&#8221;default&#8221; background_color=&#8221;#dbdbdb&#8221; background_image=&#8221;https:\/\/www.eim.com\/es\/wp-content\/uploads\/sites\/10\/2023\/03\/supply-chain-gestione.jpg&#8221; background_position=&#8221;top_right&#8221; custom_margin=&#8221;-100px||60px||false|false&#8221; custom_padding=&#8221;620px||0px||false|false&#8221; top_divider_style=&#8221;slant&#8221; top_divider_color=&#8221;#002c3e&#8221; top_divider_flip=&#8221;horizontal&#8221; top_divider_arrangement=&#8221;above_content&#8221; bottom_divider_style=&#8221;slant&#8221; bottom_divider_color=&#8221;#ffffff&#8221; bottom_divider_flip=&#8221;horizontal|vertical&#8221; background_last_edited=&#8221;on|desktop&#8221; background_position_phone=&#8221;top_left&#8221; background_horizontal_offset_phone=&#8221;33%&#8221; locked=&#8221;off&#8221; global_colors_info=&#8221;{}&#8221;][\/et_pb_section][et_pb_section fb_built=&#8221;1&#8243; _builder_version=&#8221;4.19.3&#8243; _module_preset=&#8221;default&#8221; custom_padding=&#8221;0px||||false|false&#8221; animation_style=&#8221;fade&#8221; locked=&#8221;off&#8221; global_colors_info=&#8221;{}&#8221;][et_pb_row _builder_version=&#8221;4.19.3&#8243; _module_preset=&#8221;default&#8221; global_colors_info=&#8221;{}&#8221;][et_pb_column type=&#8221;4_4&#8243; _builder_version=&#8221;4.19.3&#8243; _module_preset=&#8221;default&#8221; global_colors_info=&#8221;{}&#8221;][et_pb_text admin_label=&#8221;Texto&#8221; _builder_version=&#8221;4.19.3&#8243; _module_preset=&#8221;default&#8221; text_text_color=&#8221;#000000&#8243; locked=&#8221;off&#8221; global_colors_info=&#8221;{}&#8221;]<\/p>\n<h3 style=\"text-align: center;color: #002c3e\">Afrontar el reto de la digitalizaci\u00f3n de la Cadena de Suministro<\/h3>\n<p>[\/et_pb_text][et_pb_text admin_label=&#8221;Texto&#8221; _builder_version=&#8221;4.19.3&#8243; _module_preset=&#8221;default&#8221; text_font_size=&#8221;16px&#8221; animation_style=&#8221;flip&#8221; animation_direction=&#8221;left&#8221; animation_intensity_flip=&#8221;30%&#8221; animation_starting_opacity=&#8221;100%&#8221; locked=&#8221;off&#8221; global_colors_info=&#8221;{}&#8221;]<\/p>\n<p>El cambio de paradigma de la Cadena de Suministro tambi\u00e9n viene impuesto por la digitalizaci\u00f3n del proceso de compras, que cambia la l\u00f3gica de toda la cadena. En esta fase, <strong>las empresas deben estar preparadas para contar con sistemas de informaci\u00f3n que abarquen la Cadena de Suministro de manera completa y sistem\u00e1tica<\/strong>, de modo que cuenten con una serie de indicadores clave para la gesti\u00f3n del negocio.<\/p>\n<p>En varios de los casos que nos hemos encontrado en EIM, ni siquiera existe un proceso de planificaci\u00f3n de ventas y operaciones (S&amp;OP) bien estructurado. Y es s\u00f3lo despu\u00e9s de definir estos mecanismos que permiten un modelo de direcci\u00f3n estrat\u00e9gica del negocio, cuando se pueden lanzar proyectos de digitalizaci\u00f3n complejos, como el uso de an\u00e1lisis de big data para poder evaluar r\u00e1pidamente:<\/p>\n<ul>\n<li>Escenarios de cambio de suministro.<\/li>\n<li>Oportunidades de inversi\u00f3n en producci\u00f3n en otras zonas del mundo.<\/li>\n<li>Redise\u00f1o de toda la cadena de producci\u00f3n.<\/li>\n<\/ul>\n<p>Se puede utilizar por ejemplo el enfoque \u2018Torre de Control\u2019 pero en ese caso lo importante es que la informaci\u00f3n est\u00e9 correctamente alineada entre sistemas y procesos: coherente, \u00fanica y relevante.<\/p>\n<p>[\/et_pb_text][\/et_pb_column][\/et_pb_row][\/et_pb_section][et_pb_section fb_built=&#8221;1&#8243; _builder_version=&#8221;4.19.3&#8243; _module_preset=&#8221;default&#8221; background_color=&#8221;#dbdbdb&#8221; custom_margin=&#8221;||||false|false&#8221; custom_padding=&#8221;140px||140px||false|false&#8221; top_divider_style=&#8221;slant&#8221; top_divider_color=&#8221;#ffffff&#8221; top_divider_flip=&#8221;vertical&#8221; bottom_divider_color=&#8221;#FFFFFF&#8221; bottom_divider_flip=&#8221;vertical&#8221; locked=&#8221;off&#8221; global_colors_info=&#8221;{}&#8221;][et_pb_row _builder_version=&#8221;4.19.3&#8243; _module_preset=&#8221;default&#8221; global_colors_info=&#8221;{}&#8221;][et_pb_column type=&#8221;4_4&#8243; _builder_version=&#8221;4.19.3&#8243; _module_preset=&#8221;default&#8221; global_colors_info=&#8221;{}&#8221;][et_pb_text admin_label=&#8221;Texto&#8221; _builder_version=&#8221;4.19.3&#8243; _module_preset=&#8221;default&#8221; text_text_color=&#8221;#000000&#8243; locked=&#8221;off&#8221; global_colors_info=&#8221;{}&#8221;]<\/p>\n<h3 style=\"text-align: center;color: #002c3e\">Qu\u00e9 variables que deben tenerse bajo control<\/h3>\n<p>[\/et_pb_text][et_pb_text _builder_version=&#8221;4.19.3&#8243; _module_preset=&#8221;default&#8221; text_font_size=&#8221;16px&#8221; animation_style=&#8221;flip&#8221; animation_direction=&#8221;left&#8221; animation_intensity_flip=&#8221;30%&#8221; animation_starting_opacity=&#8221;100%&#8221; locked=&#8221;off&#8221; global_colors_info=&#8221;{}&#8221;]<\/p>\n<p>Los tiempos, los costes y eficiencia del proceso de la Cadena de Suministro est\u00e1n ligados a una serie de variables:<\/p>\n<ul>\n<li>La calidad de los componentes suministrados.<\/li>\n<li>La flexibilidad en la gesti\u00f3n de la Cadena de Suministro y, por lo tanto, a la posibilidad de variar las cantidades compradas cuando se acerca la entrega.<\/li>\n<li>Las opciones de inventario gestionado por el proveedor (VMI \u2013 Vendor Managed Inventory) que permiten compartir el riesgo de inventario con \u00e9l.<\/li>\n<li>los aranceles aplicables seg\u00fan el destino actual y futuro de los productos adquiridos.<\/li>\n<li>Las restricciones regulatorias, como restricciones a la reimportaci\u00f3n del producto terminado en algunos pa\u00edses en ciertos \u00e1mbitos.<\/li>\n<\/ul>\n<p>Y tambi\u00e9n algunas otras variables relacionadas con el nivel de servicio, tales como:<\/p>\n<ul>\n<li>Log\u00edstica (puntualidad, integridad, tiempos de entrega).<\/li>\n<li>Referidas al producto (por ejemplo, la inclusi\u00f3n de nuevas fases en la producci\u00f3n con posterioridad).<\/li>\n<li>Comercial.<\/li>\n<li>Administrativo (condiciones de pago).<\/li>\n<\/ul>\n<p>La gesti\u00f3n de estas variables depende mucho de la capacidad de la empresa para adoptar un modelo de gesti\u00f3n mixto: el que combina aspectos cualitativos y cuantitativos a lo largo de toda la Cadena de Suministro.<\/p>\n<p>[\/et_pb_text][\/et_pb_column][\/et_pb_row][\/et_pb_section][et_pb_section fb_built=&#8221;1&#8243; _builder_version=&#8221;4.19.3&#8243; _module_preset=&#8221;default&#8221; background_color=&#8221;RGBA(255,255,255,0)&#8221; use_background_color_gradient=&#8221;on&#8221; background_color_gradient_direction=&#8221;105deg&#8221; background_color_gradient_stops=&#8221;rgba(255,255,255,0) 50%|#db9300 50%&#8221; background_color_gradient_overlays_image=&#8221;on&#8221; background_image=&#8221;https:\/\/www.eim.com\/es\/wp-content\/uploads\/sites\/10\/2023\/03\/gestione-supply-chain.jpg&#8221; custom_margin=&#8221;-100px||0px||false|false&#8221; custom_padding=&#8221;140px||140px||false|false&#8221; top_divider_style=&#8221;slant&#8221; top_divider_color=&#8221;#dbdbdb&#8221; top_divider_flip=&#8221;horizontal|vertical&#8221; top_divider_arrangement=&#8221;above_content&#8221; bottom_divider_style=&#8221;slant&#8221; bottom_divider_color=&#8221;#002c3e&#8221; bottom_divider_flip=&#8221;horizontal|vertical&#8221; background_last_edited=&#8221;on|desktop&#8221; background_position_phone=&#8221;top_left&#8221; background_horizontal_offset_phone=&#8221;38%&#8221; background_vertical_offset_phone=&#8221;16%&#8221; locked=&#8221;off&#8221; global_colors_info=&#8221;{}&#8221;][et_pb_row column_structure=&#8221;1_2,1_2&#8243; _builder_version=&#8221;4.19.3&#8243; _module_preset=&#8221;default&#8221; max_width=&#8221;2496px&#8221; border_radii=&#8221;off||||&#8221; global_colors_info=&#8221;{}&#8221;][et_pb_column type=&#8221;1_2&#8243; _builder_version=&#8221;4.19.3&#8243; _module_preset=&#8221;default&#8221; background_color=&#8221;RGBA(255,255,255,0)&#8221; custom_padding=&#8221;20px|20px|20px|20px|true|true&#8221; global_colors_info=&#8221;{}&#8221;][\/et_pb_column][et_pb_column type=&#8221;1_2&#8243; _builder_version=&#8221;4.19.3&#8243; _module_preset=&#8221;default&#8221; background_color=&#8221;RGBA(255,255,255,0)&#8221; custom_padding=&#8221;20px|20px|20px|20px|true|true&#8221; global_colors_info=&#8221;{}&#8221;][et_pb_text admin_label=&#8221;Title&#8221; _builder_version=&#8221;4.19.3&#8243; text_font=&#8221;||||||||&#8221; header_font=&#8221;Prata||||||||&#8221; header_2_font=&#8221;Montserrat|700|||||||&#8221; header_2_text_align=&#8221;center&#8221; header_2_font_size=&#8221;32px&#8221; header_3_font=&#8221;|300|||||||&#8221; background_color=&#8221;RGBA(255,255,255,0)&#8221; custom_margin=&#8221;||||false|false&#8221; custom_padding=&#8221;||||false|false&#8221; animation_style=&#8221;flip&#8221; animation_direction=&#8221;left&#8221; animation_intensity_flip=&#8221;30%&#8221; animation_starting_opacity=&#8221;100%&#8221; inline_fonts=&#8221;Prata,Montserrat&#8221; global_colors_info=&#8221;{}&#8221;]<\/p>\n<p style=\"text-align: center;color: #ffffff;font-size: 21px\"><em>Todo esto lleva al concepto del <strong>Coste Total de Propiedad (TCO Total Cost of Ownership)<\/strong>: el transporte, los aranceles, los costes, la moneda, el nivel de servicio, el desarrollo tecnol\u00f3gico, son factores que pueden frustrar los esfuerzos y reducir el resultado econ\u00f3mico si no se manejan de manera uniforme.<\/em><\/p>\n<p>[\/et_pb_text][\/et_pb_column][\/et_pb_row][\/et_pb_section][et_pb_section fb_built=&#8221;1&#8243; _builder_version=&#8221;4.19.3&#8243; _module_preset=&#8221;default&#8221; background_color=&#8221;#002c3e&#8221; custom_margin=&#8221;||||false|false&#8221; custom_padding=&#8221;50px||140px||false|false&#8221; top_divider_style=&#8221;slant&#8221; top_divider_color=&#8221;#002c3e&#8221; top_divider_flip=&#8221;horizontal|vertical&#8221; bottom_divider_color=&#8221;#FFFFFF&#8221; bottom_divider_flip=&#8221;vertical&#8221; locked=&#8221;off&#8221; global_colors_info=&#8221;{}&#8221;][et_pb_row _builder_version=&#8221;4.19.3&#8243; _module_preset=&#8221;default&#8221; global_colors_info=&#8221;{}&#8221;][et_pb_column type=&#8221;4_4&#8243; _builder_version=&#8221;4.19.3&#8243; _module_preset=&#8221;default&#8221; global_colors_info=&#8221;{}&#8221;][et_pb_text admin_label=&#8221;Texto&#8221; _builder_version=&#8221;4.19.3&#8243; _module_preset=&#8221;default&#8221; text_text_color=&#8221;#000000&#8243; locked=&#8221;off&#8221; global_colors_info=&#8221;{}&#8221;]<\/p>\n<h3 style=\"text-align: center;color: #ffffff\">Coste Total de Propiedad (TCO) de la Cadena de Suministro<\/h3>\n<p>[\/et_pb_text][et_pb_text _builder_version=&#8221;4.19.3&#8243; _module_preset=&#8221;default&#8221; text_text_color=&#8221;#FFFFFF&#8221; text_font_size=&#8221;16px&#8221; header_text_color=&#8221;#FFFFFF&#8221; animation_style=&#8221;flip&#8221; animation_direction=&#8221;left&#8221; animation_intensity_flip=&#8221;30%&#8221; animation_starting_opacity=&#8221;100%&#8221; locked=&#8221;off&#8221; global_colors_info=&#8221;{}&#8221;]<\/p>\n<p>El resultado m\u00e1s evidente de todo este proceso de transformaci\u00f3n de la Cadena de Suministro, es que ahora es imperativo pensar en el Coste Total de Propiedad (TCO). Las empresas necesitan reestructurar su red de proveedores para considerar, adem\u00e1s del costo de compra, todas las variables que se pueden incluir en el TCO.<\/p>\n<p>En decir, <strong>partnership y co-development<\/strong>: los proveedores son parte de la cadena de valor y, por lo tanto, deben involucrarse cada vez m\u00e1s al comienzo de los proyectos de desarrollo para extraer de ellos el m\u00e1ximo valor y conocimiento que pueda ayudar a desarrollar mejores productos.<\/p>\n<p>Ya no es posible gestionar la cartera de proveedores desde una perspectiva puramente transaccional, ligada exclusivamente a la conveniencia inmediata de \u201ccu\u00e1nto me cuesta y cu\u00e1ndo me lo entregas\u201d.<\/p>\n<p><strong>Las cuestiones de sostenibilidad ambiental y social tambi\u00e9n deben incluirse en el Coste Total de Propiedad<\/strong>. Si no es posible realizar una evaluaci\u00f3n cuantitativa del impacto ESG (Environmental Social Governance) dentro del TCO, es necesario realizar una evaluaci\u00f3n cualitativa que destaque los riesgos y las oportunidades, que en cualquier caso deben evaluarse para cada proveedor. El uso de blockchain permite a los clientes realizar un seguimiento de todos los eslabones de la Cadena de Suministro: si uno solo no cumple con los criterios correctos en cuestiones relacionadas con ESG, todo el proceso puede correr riesgo.<\/p>\n<p>[\/et_pb_text][\/et_pb_column][\/et_pb_row][\/et_pb_section][et_pb_section fb_built=&#8221;1&#8243; _builder_version=&#8221;4.19.3&#8243; _module_preset=&#8221;default&#8221; background_color=&#8221;#E09900&#8243; custom_margin=&#8221;||-52px||false|false&#8221; custom_padding=&#8221;120px||100px||false|false&#8221; top_divider_style=&#8221;slant&#8221; top_divider_color=&#8221;#002c3e&#8221; bottom_divider_color=&#8221;#FFFFFF&#8221; bottom_divider_flip=&#8221;horizontal&#8221; locked=&#8221;off&#8221; global_colors_info=&#8221;{}&#8221;][et_pb_row _builder_version=&#8221;4.16&#8243; custom_padding=&#8221;64px|||||&#8221; global_colors_info=&#8221;{}&#8221;][et_pb_column type=&#8221;4_4&#8243; _builder_version=&#8221;4.16&#8243; global_colors_info=&#8221;{}&#8221;][et_pb_text admin_label=&#8221;Title&#8221; _builder_version=&#8221;4.16&#8243; text_font=&#8221;||||||||&#8221; text_text_color=&#8221;#ffffff&#8221; header_font=&#8221;Prata||||||||&#8221; header_2_font=&#8221;Montserrat|700|||||||&#8221; header_2_text_align=&#8221;center&#8221; header_2_font_size=&#8221;30px&#8221; custom_margin=&#8221;||5px|&#8221; custom_padding=&#8221;||0px|||&#8221; animation_style=&#8221;fade&#8221; animation_direction=&#8221;top&#8221; animation_duration=&#8221;1350ms&#8221; animation_starting_opacity=&#8221;100%&#8221; inline_fonts=&#8221;Prata,Montserrat&#8221; global_colors_info=&#8221;{}&#8221;]<\/p>\n<h3 style=\"text-align: center\"><span style=\"font-family: Montserrat;color: #ffffff\">P\u00f3ngase en contacto con nosotros<\/span><\/h3>\n<p>[\/et_pb_text][\/et_pb_column][\/et_pb_row][et_pb_row column_structure=&#8221;1_5,3_5,1_5&#8243; _builder_version=&#8221;4.16&#8243; custom_padding=&#8221;0px|||||&#8221; global_colors_info=&#8221;{}&#8221;][et_pb_column type=&#8221;1_5&#8243; _builder_version=&#8221;4.16&#8243; global_colors_info=&#8221;{}&#8221;][\/et_pb_column][et_pb_column type=&#8221;3_5&#8243; _builder_version=&#8221;4.16&#8243; global_colors_info=&#8221;{}&#8221;][et_pb_text _builder_version=&#8221;4.16&#8243; global_colors_info=&#8221;{}&#8221;]<\/p>\n<p style=\"text-align: center\"><span style=\"color: #ffffff\">Juntos podemos encontrar la soluci\u00f3n que est\u00e1 buscando.<\/span><\/p>\n<p>[\/et_pb_text][et_pb_button button_url=&#8221;@ET-DC@eyJkeW5hbWljIjp0cnVlLCJjb250ZW50IjoicG9zdF9saW5rX3VybF9wYWdlIiwic2V0dGluZ3MiOnsicG9zdF9pZCI6IjExOCIsImVuYWJsZV9odG1sIjoib2ZmIn19@&#8221; button_text=&#8221;CONT\u00c1CTENOS&#8221; button_alignment=&#8221;center&#8221; _builder_version=&#8221;4.16&#8243; _dynamic_attributes=&#8221;button_url&#8221; background_layout=&#8221;dark&#8221; global_colors_info=&#8221;{}&#8221;][\/et_pb_button][\/et_pb_column][et_pb_column type=&#8221;1_5&#8243; _builder_version=&#8221;4.16&#8243; global_colors_info=&#8221;{}&#8221;][\/et_pb_column][\/et_pb_row][\/et_pb_section]<\/p>\n","protected":false},"excerpt":{"rendered":"<p>EIM Espa\u00f1a ayuda a las PYMES y a los Fondos de Capital Privado a obtener los Fondos Europeos y a gestionar los proyectos de digitalizaci\u00f3n.<\/p>\n","protected":false},"author":350,"featured_media":12151,"comment_status":"closed","ping_status":"open","sticky":false,"template":"","format":"standard","meta":{"_et_pb_use_builder":"on","_et_pb_old_content":"[et_pb_section fb_built=\"1\" admin_label=\"Hero Section\" _builder_version=\"4.14.6\" use_background_color_gradient=\"on\" background_color_gradient_start=\"rgba(0,0,0,0.4)\" background_color_gradient_end=\"rgba(0,0,0,0.4)\" background_color_gradient_overlays_image=\"on\" background_image=\"https:\/\/www.eim.com\/es\/wp-content\/uploads\/sites\/10\/2022\/03\/Diseno-sin-titulo-2022-03-30T215522.422.jpg\" height=\"520px\" custom_padding=\"6%||0%|||\" bottom_divider_style=\"slant\" bottom_divider_color=\"#ffffff\" bottom_divider_height=\"150px\" bottom_divider_flip=\"horizontal\" saved_tabs=\"all\" global_colors_info=\"{}\" background_color_gradient_direction__hover=\"180deg\" background_color_gradient_direction__hover_enabled=\"180deg\" background_color_gradient_start_position__hover=\"0%\" background_color_gradient_start_position__hover_enabled=\"0%\" background_color_gradient_end_position__hover=\"100%\" background_color_gradient_end_position__hover_enabled=\"100%\"][et_pb_row admin_label=\"Page Title Area\" _builder_version=\"3.27.4\" width=\"100%\" max_width=\"2560px\" module_alignment=\"center\" custom_margin=\"-5.4%|auto|0px|auto|false|false\" custom_padding=\"0px||0px|||\" global_colors_info=\"{}\"][et_pb_column type=\"4_4\" _builder_version=\"3.25\" custom_padding=\"|||\" global_colors_info=\"{}\" custom_padding__hover=\"|||\"][et_pb_text admin_label=\"Hero Section Title\" _builder_version=\"4.14.6\" text_font=\"Montserrat|800|||||||\" text_font_size=\"18px\" text_line_height=\"1.3em\" header_font=\"Montserrat|700|||||||\" header_font_size=\"56px\" header_letter_spacing=\"3px\" header_line_height=\"1.1em\" header_2_font=\"Montserrat|700|||||||\" header_2_text_color=\"rgba(255,255,255,0.6)\" header_2_font_size=\"90px\" header_2_letter_spacing=\"3px\" header_2_line_height=\"1.1em\" text_orientation=\"center\" background_layout=\"dark\" max_width=\"700px\" module_alignment=\"center\" min_height=\"157.5px\" custom_margin=\"0px||10px||false|false\" custom_padding=\"0px||0px|||\" animation_style=\"fade\" animation_direction=\"bottom\" animation_duration=\"1350ms\" header_font_size_tablet=\"\" header_font_size_phone=\"28px\" header_font_size_last_edited=\"on|phone\" header_2_font_size_tablet=\"\" header_2_font_size_phone=\"50px\" header_2_font_size_last_edited=\"on|phone\" text_text_shadow_style=\"preset1\" text_text_shadow_horizontal_length=\"0.38em\" inline_fonts=\"Prata,Montserrat\" global_colors_info=\"{}\"]<h1><span style=\"font-family: Montserrat\">Soluciones sobre el \"Kit Digital\" para PYMES<\/span><\/h1>[\/et_pb_text][\/et_pb_column][\/et_pb_row][\/et_pb_section][et_pb_section fb_built=\"1\" _builder_version=\"3.27.4\" custom_margin=\"||-0.2%||false|false\" custom_padding=\"0%||0%||true|false\" saved_tabs=\"all\" global_colors_info=\"{}\"][et_pb_row admin_label=\"Title Area\" _builder_version=\"3.27.4\" background_color=\"rgba(0,0,0,0)\" module_alignment=\"center\" custom_margin=\"||||false|false\" custom_padding=\"0px|0px|0px|0px|false|false\" global_colors_info=\"{}\"][et_pb_column type=\"4_4\" _builder_version=\"3.25\" custom_padding=\"|||\" global_colors_info=\"{}\" custom_padding__hover=\"|||\"][et_pb_text _builder_version=\"4.14.6\" text_font=\"||||||||\" text_font_size=\"16px\" header_font=\"||||||||\" text_orientation=\"justified\" max_width=\"93%\" module_alignment=\"center\" custom_margin=\"3%|0px|5%|0px|false|false\" custom_padding=\"|0%|0px|0%|false|false\" animation_style=\"flip\" animation_direction=\"left\" animation_intensity_flip=\"30%\" animation_starting_opacity=\"100%\" global_colors_info=\"{}\"]<p>Durante los \u00faltimos meses se ha hablado mucho de las ayudas procedentes de los Fondos Europeos destinadas a impulsar el <strong>desarrollo digital<\/strong> de las pymes a trav\u00e9s del denominado <a href=\"https:\/\/www.acelerapyme.gob.es\/kit-digital\">Kit Digital<\/a>, dotadas con m\u00e1s de 3.000 MM de euros.<\/p>\r\n<p><span>Esas ayudas \u00a1ya han llegado! Y son una<strong> oportunidad<\/strong> \u00fanica para incrementar la competitividad y el valor de las <strong>pymes<\/strong>, y mejorar significativamente el ROI de los inversores (incluidos Fondos de Capital Privado).<\/span><\/p>[\/et_pb_text][\/et_pb_column][\/et_pb_row][\/et_pb_section][et_pb_section fb_built=\"1\" disabled_on=\"off|off|off\" admin_label=\"Quote Section\" _builder_version=\"4.14.6\" use_background_color_gradient=\"on\" background_color_gradient_start=\"#e8e8e8\" background_color_gradient_end=\"rgba(0,0,0,0)\" background_color_gradient_direction=\"105deg\" background_color_gradient_start_position=\"55%\" background_color_gradient_end_position=\"0%\" background_color_gradient_overlays_image=\"on\" background_image=\"https:\/\/www.eim.com\/es\/wp-content\/uploads\/sites\/10\/2022\/03\/Diseno-sin-titulo-2022-03-30T222628.477.jpg\" background_position=\"bottom_left\" custom_margin=\"0px||||false|false\" custom_padding=\"15px|||||\" bottom_divider_style=\"slant\" bottom_divider_color=\"#002c3e\" bottom_divider_flip=\"horizontal\" saved_tabs=\"all\" global_colors_info=\"{}\"][et_pb_row column_structure=\"1_2,1_2\" admin_label=\"Quote Area\" _builder_version=\"3.27.4\" max_width=\"2496px\" custom_margin=\"|27.1%||10.4%|false|false\" custom_padding=\"|0px|0px|0px||\" global_colors_info=\"{}\"][et_pb_column type=\"1_2\" _builder_version=\"3.25\" custom_padding=\"|||\" global_colors_info=\"{}\" custom_padding__hover=\"|||\"][et_pb_text admin_label=\"Title\" _builder_version=\"4.14.6\" text_font=\"||||||||\" header_font=\"Prata||||||||\" header_2_font=\"Montserrat|700|||||||\" header_2_text_align=\"center\" header_2_font_size=\"32px\" custom_margin=\"7%||||false|false\" custom_padding=\"||||false|false\" animation_style=\"fade\" animation_direction=\"top\" animation_duration=\"1350ms\" animation_starting_opacity=\"100%\" inline_fonts=\"Prata,Montserrat\" global_colors_info=\"{}\"]<h3 style=\"text-align: center\"><span style=\"color: #002c3e;font-family: Montserrat\"><b>\u00bfQu\u00e9 ofrece EIM diferente a las consultoras que prestan sus servicios para proyectos de digitalizaci\u00f3n?\u00a0<\/b><\/span><\/h3>\r\n<p><span style=\"color: #002c3e;font-family: Montserrat\"><\/span><\/p>[\/et_pb_text][et_pb_text admin_label=\"Title\" _builder_version=\"4.14.6\" text_font=\"||||||||\" text_font_size=\"16px\" header_font=\"||||||||\" text_orientation=\"justified\" max_width=\"100%\" module_alignment=\"center\" custom_margin=\"3%|-63px|9%||false|false\" custom_padding=\"|0%|0px|0px|false|false\" animation_style=\"flip\" animation_direction=\"left\" animation_intensity_flip=\"30%\" animation_starting_opacity=\"100%\" inline_fonts=\"Montserrat\" global_colors_info=\"{}\"]<p>En <a href=\"https:\/\/www.linkedin.com\/company\/eim-espana\/?lipi=urn%3Ali%3Apage%3Ad_flagship3_detail_base%3Bo2Ahbg3nS3KLupqK3gtcBw%3D%3D\" data-attribute-index=\"3\" data-entity-hovercard-id=\"urn:li:fs_miniCompany:10531804\" data-entity-type=\"MINI_COMPANY\" data-artdeco-is-focused=\"true\" data-ntt-old-href=\"https:\/\/www.linkedin.com\/company\/eim-espana\/\">EIM Espa\u00f1a <\/a><span>ofrecemos una <strong>propuesta diferenciadora<\/strong> para ayudar a las pymes, y a los Fondos de Capital Privado que invierten en ellas, a obtener los Fondos Europeos y a gestionar los proyectos de <strong>digitalizaci\u00f3n <\/strong><\/span><span>de forma integral.<\/span><\/p>[\/et_pb_text][et_pb_button button_url=\"https:\/\/www.eim.com\/es\/wp-content\/uploads\/sites\/10\/2022\/03\/EIM-Kit-Digital.jpg\" button_text=\"PROPUESTA EIM\" button_alignment=\"center\" _builder_version=\"4.14.6\" _module_preset=\"default\" custom_button=\"on\" button_text_size=\"16px\" button_text_color=\"#FFFFFF\" button_bg_color=\"#E09900\" button_border_width=\"0px\" button_border_color=\"RGBA(255,255,255,0)\" button_border_radius=\"1px\" button_font=\"||||||||\" background_layout=\"dark\" custom_margin=\"||23px|||\" global_colors_info=\"{}\"][\/et_pb_button][\/et_pb_column][et_pb_column type=\"1_2\" _builder_version=\"3.27.4\" global_colors_info=\"{}\"][\/et_pb_column][\/et_pb_row][\/et_pb_section][et_pb_section fb_built=\"1\" _builder_version=\"3.27.4\" background_color=\"#002c3e\" custom_margin=\"||||false|false\" custom_padding=\"19px|||||\" top_divider_color=\"#ffffff\" top_divider_flip=\"vertical\" bottom_divider_color=\"#ffffff\" bottom_divider_flip=\"horizontal\" saved_tabs=\"all\" global_colors_info=\"{}\"][et_pb_row _builder_version=\"3.27.4\" custom_padding=\"64px|||||\" global_colors_info=\"{}\"][et_pb_column type=\"4_4\" _builder_version=\"3.27.4\" global_colors_info=\"{}\"][et_pb_text admin_label=\"Title\" _builder_version=\"3.27.4\" text_font=\"||||||||\" text_text_color=\"#ffffff\" header_font=\"Prata||||||||\" header_2_font=\"Montserrat|700|||||||\" header_2_text_align=\"center\" header_2_font_size=\"30px\" custom_margin=\"||5px|\" custom_padding=\"||0px|||\" animation_style=\"fade\" animation_direction=\"top\" animation_duration=\"1350ms\" animation_starting_opacity=\"100%\" inline_fonts=\"Prata,Montserrat\" global_colors_info=\"{}\"]<h3 style=\"text-align: center\"><span style=\"font-family: Montserrat;color: #ffffff\">P\u00f3ngase en contacto con nosotros<\/span><\/h3>[\/et_pb_text][\/et_pb_column][\/et_pb_row][et_pb_row column_structure=\"1_5,3_5,1_5\" _builder_version=\"3.27.4\" custom_padding=\"0px|||||\" global_colors_info=\"{}\"][et_pb_column type=\"1_5\" _builder_version=\"3.27.4\" global_colors_info=\"{}\"][\/et_pb_column][et_pb_column type=\"3_5\" _builder_version=\"3.27.4\" global_colors_info=\"{}\"][et_pb_text _builder_version=\"3.27.4\" global_colors_info=\"{}\"]<p style=\"text-align: center\"><span style=\"color: #ffffff\">Juntos podemos encontrar la soluci\u00f3n que est\u00e1 buscando.<\/span><\/p>[\/et_pb_text][et_pb_button button_url=\"@ET-DC@eyJkeW5hbWljIjp0cnVlLCJjb250ZW50IjoicG9zdF9saW5rX3VybF9wYWdlIiwic2V0dGluZ3MiOnsicG9zdF9pZCI6IjExOCJ9fQ==@\" button_text=\"CONT\u00c1CTENOS\" button_alignment=\"center\" _builder_version=\"3.27.4\" _dynamic_attributes=\"button_url\" background_layout=\"dark\" global_colors_info=\"{}\"][\/et_pb_button][\/et_pb_column][et_pb_column type=\"1_5\" _builder_version=\"3.27.4\" global_colors_info=\"{}\"][\/et_pb_column][\/et_pb_row][\/et_pb_section]","_et_gb_content_width":"","footnotes":""},"categories":[62],"tags":[],"class_list":["post-12150","post","type-post","status-publish","format-standard","has-post-thumbnail","hentry","category-articulos"],"yoast_head":"<!-- This site is optimized with the Yoast SEO Premium plugin v27.5 (Yoast SEO v27.5) - https:\/\/yoast.com\/product\/yoast-seo-premium-wordpress\/ -->\n<title>Gesti\u00f3n de la Cadena de Suministro: c\u00f3mo afrontar los riesgos de modo \u00e1gil y fluido<\/title>\n<meta name=\"description\" content=\"Gestionar la Cadena de Suministro de modo \u00e1gil y fluido significa que las empresas, no s\u00f3lo deben ser capaces de promover y gestionar cambios peri\u00f3dicos, sino tambi\u00e9n estar preparadas para sobrevivir y prosperar en el mundo en constante cambio en el que vivimos.\" \/>\n<meta name=\"robots\" content=\"index, follow, max-snippet:-1, max-image-preview:large, max-video-preview:-1\" \/>\n<link rel=\"canonical\" href=\"https:\/\/www.eim.com\/es\/articulos\/gestion-de-la-cadena-de-suministro-como-afrontar-los-riesgos-de-modo-agil-y-fluido\/\" \/>\n<meta property=\"og:locale\" content=\"es_ES\" \/>\n<meta property=\"og:type\" content=\"article\" \/>\n<meta property=\"og:title\" content=\"Gesti\u00f3n de la Cadena de Suministro: c\u00f3mo afrontar los riesgos de modo \u00e1gil y fluido - EIM Spain\" \/>\n<meta property=\"og:description\" content=\"Gestionar la Cadena de Suministro de modo \u00e1gil y fluido significa que las empresas, no s\u00f3lo deben ser capaces de promover y gestionar cambios peri\u00f3dicos, sino tambi\u00e9n estar preparadas para sobrevivir y prosperar en el mundo en constante cambio en el que vivimos.\" \/>\n<meta property=\"og:url\" content=\"https:\/\/www.eim.com\/es\/articulos\/gestion-de-la-cadena-de-suministro-como-afrontar-los-riesgos-de-modo-agil-y-fluido\/\" \/>\n<meta property=\"og:site_name\" content=\"Interim Management | EIM Spain\" \/>\n<meta property=\"article:published_time\" content=\"2023-03-28T16:46:49+00:00\" \/>\n<meta property=\"article:modified_time\" content=\"2024-03-14T07:34:17+00:00\" \/>\n<meta property=\"og:image\" content=\"https:\/\/www.eim.com\/es\/wp-content\/uploads\/sites\/10\/2023\/03\/supply-chain-management-eim-e1673259504546.jpg\" \/>\n\t<meta property=\"og:image:width\" content=\"1617\" \/>\n\t<meta property=\"og:image:height\" content=\"1080\" \/>\n\t<meta property=\"og:image:type\" content=\"image\/jpeg\" \/>\n<meta name=\"author\" content=\"marketinges\" \/>\n<meta name=\"twitter:card\" content=\"summary_large_image\" \/>\n<meta name=\"twitter:title\" content=\"Gesti\u00f3n de la Cadena de Suministro: c\u00f3mo afrontar los riesgos de modo \u00e1gil y fluido - EIM Spain\" \/>\n<meta name=\"twitter:label1\" content=\"Escrito por\" \/>\n\t<meta name=\"twitter:data1\" content=\"marketinges\" \/>\n\t<meta name=\"twitter:label2\" content=\"Tiempo de lectura\" \/>\n\t<meta name=\"twitter:data2\" content=\"6 minutos\" \/>\n<script type=\"application\/ld+json\" class=\"yoast-schema-graph\">{\"@context\":\"https:\\\/\\\/schema.org\",\"@graph\":[{\"@type\":\"Article\",\"@id\":\"https:\\\/\\\/www.eim.com\\\/es\\\/articulos\\\/gestion-de-la-cadena-de-suministro-como-afrontar-los-riesgos-de-modo-agil-y-fluido\\\/#article\",\"isPartOf\":{\"@id\":\"https:\\\/\\\/www.eim.com\\\/es\\\/articulos\\\/gestion-de-la-cadena-de-suministro-como-afrontar-los-riesgos-de-modo-agil-y-fluido\\\/\"},\"author\":{\"name\":\"marketinges\",\"@id\":\"https:\\\/\\\/www.eim.com\\\/es\\\/#\\\/schema\\\/person\\\/086ec007ce5017a9cdee90be7ddd4b62\"},\"headline\":\"Gesti\u00f3n de la Cadena de Suministro: c\u00f3mo afrontar los riesgos de modo \u00e1gil y fluido\",\"datePublished\":\"2023-03-28T16:46:49+00:00\",\"dateModified\":\"2024-03-14T07:34:17+00:00\",\"mainEntityOfPage\":{\"@id\":\"https:\\\/\\\/www.eim.com\\\/es\\\/articulos\\\/gestion-de-la-cadena-de-suministro-como-afrontar-los-riesgos-de-modo-agil-y-fluido\\\/\"},\"wordCount\":3224,\"image\":{\"@id\":\"https:\\\/\\\/www.eim.com\\\/es\\\/articulos\\\/gestion-de-la-cadena-de-suministro-como-afrontar-los-riesgos-de-modo-agil-y-fluido\\\/#primaryimage\"},\"thumbnailUrl\":\"https:\\\/\\\/www.eim.com\\\/es\\\/wp-content\\\/uploads\\\/sites\\\/10\\\/2023\\\/03\\\/Miniatura-400x250px_Supply-Chain-Managemen.png\",\"articleSection\":[\"Art\u00edculos\"],\"inLanguage\":\"es\"},{\"@type\":\"WebPage\",\"@id\":\"https:\\\/\\\/www.eim.com\\\/es\\\/articulos\\\/gestion-de-la-cadena-de-suministro-como-afrontar-los-riesgos-de-modo-agil-y-fluido\\\/\",\"url\":\"https:\\\/\\\/www.eim.com\\\/es\\\/articulos\\\/gestion-de-la-cadena-de-suministro-como-afrontar-los-riesgos-de-modo-agil-y-fluido\\\/\",\"name\":\"Gesti\u00f3n de la Cadena de Suministro: c\u00f3mo afrontar los riesgos de modo \u00e1gil y fluido\",\"isPartOf\":{\"@id\":\"https:\\\/\\\/www.eim.com\\\/es\\\/#website\"},\"primaryImageOfPage\":{\"@id\":\"https:\\\/\\\/www.eim.com\\\/es\\\/articulos\\\/gestion-de-la-cadena-de-suministro-como-afrontar-los-riesgos-de-modo-agil-y-fluido\\\/#primaryimage\"},\"image\":{\"@id\":\"https:\\\/\\\/www.eim.com\\\/es\\\/articulos\\\/gestion-de-la-cadena-de-suministro-como-afrontar-los-riesgos-de-modo-agil-y-fluido\\\/#primaryimage\"},\"thumbnailUrl\":\"https:\\\/\\\/www.eim.com\\\/es\\\/wp-content\\\/uploads\\\/sites\\\/10\\\/2023\\\/03\\\/Miniatura-400x250px_Supply-Chain-Managemen.png\",\"datePublished\":\"2023-03-28T16:46:49+00:00\",\"dateModified\":\"2024-03-14T07:34:17+00:00\",\"author\":{\"@id\":\"https:\\\/\\\/www.eim.com\\\/es\\\/#\\\/schema\\\/person\\\/086ec007ce5017a9cdee90be7ddd4b62\"},\"description\":\"Gestionar la Cadena de Suministro de modo \u00e1gil y fluido significa que las empresas, no s\u00f3lo deben ser capaces de promover y gestionar cambios peri\u00f3dicos, sino tambi\u00e9n estar preparadas para sobrevivir y prosperar en el mundo en constante cambio en el que vivimos.\",\"breadcrumb\":{\"@id\":\"https:\\\/\\\/www.eim.com\\\/es\\\/articulos\\\/gestion-de-la-cadena-de-suministro-como-afrontar-los-riesgos-de-modo-agil-y-fluido\\\/#breadcrumb\"},\"inLanguage\":\"es\",\"potentialAction\":[{\"@type\":\"ReadAction\",\"target\":[\"https:\\\/\\\/www.eim.com\\\/es\\\/articulos\\\/gestion-de-la-cadena-de-suministro-como-afrontar-los-riesgos-de-modo-agil-y-fluido\\\/\"]}]},{\"@type\":\"ImageObject\",\"inLanguage\":\"es\",\"@id\":\"https:\\\/\\\/www.eim.com\\\/es\\\/articulos\\\/gestion-de-la-cadena-de-suministro-como-afrontar-los-riesgos-de-modo-agil-y-fluido\\\/#primaryimage\",\"url\":\"https:\\\/\\\/www.eim.com\\\/es\\\/wp-content\\\/uploads\\\/sites\\\/10\\\/2023\\\/03\\\/Miniatura-400x250px_Supply-Chain-Managemen.png\",\"contentUrl\":\"https:\\\/\\\/www.eim.com\\\/es\\\/wp-content\\\/uploads\\\/sites\\\/10\\\/2023\\\/03\\\/Miniatura-400x250px_Supply-Chain-Managemen.png\",\"width\":400,\"height\":250},{\"@type\":\"BreadcrumbList\",\"@id\":\"https:\\\/\\\/www.eim.com\\\/es\\\/articulos\\\/gestion-de-la-cadena-de-suministro-como-afrontar-los-riesgos-de-modo-agil-y-fluido\\\/#breadcrumb\",\"itemListElement\":[{\"@type\":\"ListItem\",\"position\":1,\"name\":\"Home\",\"item\":\"https:\\\/\\\/www.eim.com\\\/es\\\/\"},{\"@type\":\"ListItem\",\"position\":2,\"name\":\"Gesti\u00f3n de la Cadena de Suministro: c\u00f3mo afrontar los riesgos de modo \u00e1gil y fluido\"}]},{\"@type\":\"WebSite\",\"@id\":\"https:\\\/\\\/www.eim.com\\\/es\\\/#website\",\"url\":\"https:\\\/\\\/www.eim.com\\\/es\\\/\",\"name\":\"Interim Management | EIM Spain\",\"description\":\"El interim manager que su empresa necesita\",\"potentialAction\":[{\"@type\":\"SearchAction\",\"target\":{\"@type\":\"EntryPoint\",\"urlTemplate\":\"https:\\\/\\\/www.eim.com\\\/es\\\/?s={search_term_string}\"},\"query-input\":{\"@type\":\"PropertyValueSpecification\",\"valueRequired\":true,\"valueName\":\"search_term_string\"}}],\"inLanguage\":\"es\"},{\"@type\":\"Person\",\"@id\":\"https:\\\/\\\/www.eim.com\\\/es\\\/#\\\/schema\\\/person\\\/086ec007ce5017a9cdee90be7ddd4b62\",\"name\":\"marketinges\",\"image\":{\"@type\":\"ImageObject\",\"inLanguage\":\"es\",\"@id\":\"https:\\\/\\\/secure.gravatar.com\\\/avatar\\\/2a177d40a03aaf5fcf244db679016aa6fd39fd2ff0752c5597d2d0fe75d2b8f3?s=96&d=mm&r=g\",\"url\":\"https:\\\/\\\/secure.gravatar.com\\\/avatar\\\/2a177d40a03aaf5fcf244db679016aa6fd39fd2ff0752c5597d2d0fe75d2b8f3?s=96&d=mm&r=g\",\"contentUrl\":\"https:\\\/\\\/secure.gravatar.com\\\/avatar\\\/2a177d40a03aaf5fcf244db679016aa6fd39fd2ff0752c5597d2d0fe75d2b8f3?s=96&d=mm&r=g\",\"caption\":\"marketinges\"},\"url\":\"https:\\\/\\\/www.eim.com\\\/es\\\/author\\\/marketinges\\\/\"}]}<\/script>\n<!-- \/ Yoast SEO Premium plugin. -->","yoast_head_json":{"title":"Gesti\u00f3n de la Cadena de Suministro: c\u00f3mo afrontar los riesgos de modo \u00e1gil y fluido","description":"Gestionar la Cadena de Suministro de modo \u00e1gil y fluido significa que las empresas, no s\u00f3lo deben ser capaces de promover y gestionar cambios peri\u00f3dicos, sino tambi\u00e9n estar preparadas para sobrevivir y prosperar en el mundo en constante cambio en el que vivimos.","robots":{"index":"index","follow":"follow","max-snippet":"max-snippet:-1","max-image-preview":"max-image-preview:large","max-video-preview":"max-video-preview:-1"},"canonical":"https:\/\/www.eim.com\/es\/articulos\/gestion-de-la-cadena-de-suministro-como-afrontar-los-riesgos-de-modo-agil-y-fluido\/","og_locale":"es_ES","og_type":"article","og_title":"Gesti\u00f3n de la Cadena de Suministro: c\u00f3mo afrontar los riesgos de modo \u00e1gil y fluido - EIM Spain","og_description":"Gestionar la Cadena de Suministro de modo \u00e1gil y fluido significa que las empresas, no s\u00f3lo deben ser capaces de promover y gestionar cambios peri\u00f3dicos, sino tambi\u00e9n estar preparadas para sobrevivir y prosperar en el mundo en constante cambio en el que vivimos.","og_url":"https:\/\/www.eim.com\/es\/articulos\/gestion-de-la-cadena-de-suministro-como-afrontar-los-riesgos-de-modo-agil-y-fluido\/","og_site_name":"Interim Management | EIM Spain","article_published_time":"2023-03-28T16:46:49+00:00","article_modified_time":"2024-03-14T07:34:17+00:00","og_image":[{"width":1617,"height":1080,"url":"https:\/\/www.eim.com\/es\/wp-content\/uploads\/sites\/10\/2023\/03\/supply-chain-management-eim-e1673259504546.jpg","type":"image\/jpeg"}],"author":"marketinges","twitter_card":"summary_large_image","twitter_title":"Gesti\u00f3n de la Cadena de Suministro: c\u00f3mo afrontar los riesgos de modo \u00e1gil y fluido - EIM Spain","twitter_misc":{"Escrito por":"marketinges","Tiempo de lectura":"6 minutos"},"schema":{"@context":"https:\/\/schema.org","@graph":[{"@type":"Article","@id":"https:\/\/www.eim.com\/es\/articulos\/gestion-de-la-cadena-de-suministro-como-afrontar-los-riesgos-de-modo-agil-y-fluido\/#article","isPartOf":{"@id":"https:\/\/www.eim.com\/es\/articulos\/gestion-de-la-cadena-de-suministro-como-afrontar-los-riesgos-de-modo-agil-y-fluido\/"},"author":{"name":"marketinges","@id":"https:\/\/www.eim.com\/es\/#\/schema\/person\/086ec007ce5017a9cdee90be7ddd4b62"},"headline":"Gesti\u00f3n de la Cadena de Suministro: c\u00f3mo afrontar los riesgos de modo \u00e1gil y fluido","datePublished":"2023-03-28T16:46:49+00:00","dateModified":"2024-03-14T07:34:17+00:00","mainEntityOfPage":{"@id":"https:\/\/www.eim.com\/es\/articulos\/gestion-de-la-cadena-de-suministro-como-afrontar-los-riesgos-de-modo-agil-y-fluido\/"},"wordCount":3224,"image":{"@id":"https:\/\/www.eim.com\/es\/articulos\/gestion-de-la-cadena-de-suministro-como-afrontar-los-riesgos-de-modo-agil-y-fluido\/#primaryimage"},"thumbnailUrl":"https:\/\/www.eim.com\/es\/wp-content\/uploads\/sites\/10\/2023\/03\/Miniatura-400x250px_Supply-Chain-Managemen.png","articleSection":["Art\u00edculos"],"inLanguage":"es"},{"@type":"WebPage","@id":"https:\/\/www.eim.com\/es\/articulos\/gestion-de-la-cadena-de-suministro-como-afrontar-los-riesgos-de-modo-agil-y-fluido\/","url":"https:\/\/www.eim.com\/es\/articulos\/gestion-de-la-cadena-de-suministro-como-afrontar-los-riesgos-de-modo-agil-y-fluido\/","name":"Gesti\u00f3n de la Cadena de Suministro: c\u00f3mo afrontar los riesgos de modo \u00e1gil y fluido","isPartOf":{"@id":"https:\/\/www.eim.com\/es\/#website"},"primaryImageOfPage":{"@id":"https:\/\/www.eim.com\/es\/articulos\/gestion-de-la-cadena-de-suministro-como-afrontar-los-riesgos-de-modo-agil-y-fluido\/#primaryimage"},"image":{"@id":"https:\/\/www.eim.com\/es\/articulos\/gestion-de-la-cadena-de-suministro-como-afrontar-los-riesgos-de-modo-agil-y-fluido\/#primaryimage"},"thumbnailUrl":"https:\/\/www.eim.com\/es\/wp-content\/uploads\/sites\/10\/2023\/03\/Miniatura-400x250px_Supply-Chain-Managemen.png","datePublished":"2023-03-28T16:46:49+00:00","dateModified":"2024-03-14T07:34:17+00:00","author":{"@id":"https:\/\/www.eim.com\/es\/#\/schema\/person\/086ec007ce5017a9cdee90be7ddd4b62"},"description":"Gestionar la Cadena de Suministro de modo \u00e1gil y fluido significa que las empresas, no s\u00f3lo deben ser capaces de promover y gestionar cambios peri\u00f3dicos, sino tambi\u00e9n estar preparadas para sobrevivir y prosperar en el mundo en constante cambio en el que vivimos.","breadcrumb":{"@id":"https:\/\/www.eim.com\/es\/articulos\/gestion-de-la-cadena-de-suministro-como-afrontar-los-riesgos-de-modo-agil-y-fluido\/#breadcrumb"},"inLanguage":"es","potentialAction":[{"@type":"ReadAction","target":["https:\/\/www.eim.com\/es\/articulos\/gestion-de-la-cadena-de-suministro-como-afrontar-los-riesgos-de-modo-agil-y-fluido\/"]}]},{"@type":"ImageObject","inLanguage":"es","@id":"https:\/\/www.eim.com\/es\/articulos\/gestion-de-la-cadena-de-suministro-como-afrontar-los-riesgos-de-modo-agil-y-fluido\/#primaryimage","url":"https:\/\/www.eim.com\/es\/wp-content\/uploads\/sites\/10\/2023\/03\/Miniatura-400x250px_Supply-Chain-Managemen.png","contentUrl":"https:\/\/www.eim.com\/es\/wp-content\/uploads\/sites\/10\/2023\/03\/Miniatura-400x250px_Supply-Chain-Managemen.png","width":400,"height":250},{"@type":"BreadcrumbList","@id":"https:\/\/www.eim.com\/es\/articulos\/gestion-de-la-cadena-de-suministro-como-afrontar-los-riesgos-de-modo-agil-y-fluido\/#breadcrumb","itemListElement":[{"@type":"ListItem","position":1,"name":"Home","item":"https:\/\/www.eim.com\/es\/"},{"@type":"ListItem","position":2,"name":"Gesti\u00f3n de la Cadena de Suministro: c\u00f3mo afrontar los riesgos de modo \u00e1gil y fluido"}]},{"@type":"WebSite","@id":"https:\/\/www.eim.com\/es\/#website","url":"https:\/\/www.eim.com\/es\/","name":"Interim Management | EIM Spain","description":"El interim manager que su empresa necesita","potentialAction":[{"@type":"SearchAction","target":{"@type":"EntryPoint","urlTemplate":"https:\/\/www.eim.com\/es\/?s={search_term_string}"},"query-input":{"@type":"PropertyValueSpecification","valueRequired":true,"valueName":"search_term_string"}}],"inLanguage":"es"},{"@type":"Person","@id":"https:\/\/www.eim.com\/es\/#\/schema\/person\/086ec007ce5017a9cdee90be7ddd4b62","name":"marketinges","image":{"@type":"ImageObject","inLanguage":"es","@id":"https:\/\/secure.gravatar.com\/avatar\/2a177d40a03aaf5fcf244db679016aa6fd39fd2ff0752c5597d2d0fe75d2b8f3?s=96&d=mm&r=g","url":"https:\/\/secure.gravatar.com\/avatar\/2a177d40a03aaf5fcf244db679016aa6fd39fd2ff0752c5597d2d0fe75d2b8f3?s=96&d=mm&r=g","contentUrl":"https:\/\/secure.gravatar.com\/avatar\/2a177d40a03aaf5fcf244db679016aa6fd39fd2ff0752c5597d2d0fe75d2b8f3?s=96&d=mm&r=g","caption":"marketinges"},"url":"https:\/\/www.eim.com\/es\/author\/marketinges\/"}]}},"_links":{"self":[{"href":"https:\/\/www.eim.com\/es\/wp-json\/wp\/v2\/posts\/12150","targetHints":{"allow":["GET"]}}],"collection":[{"href":"https:\/\/www.eim.com\/es\/wp-json\/wp\/v2\/posts"}],"about":[{"href":"https:\/\/www.eim.com\/es\/wp-json\/wp\/v2\/types\/post"}],"author":[{"embeddable":true,"href":"https:\/\/www.eim.com\/es\/wp-json\/wp\/v2\/users\/350"}],"replies":[{"embeddable":true,"href":"https:\/\/www.eim.com\/es\/wp-json\/wp\/v2\/comments?post=12150"}],"version-history":[{"count":0,"href":"https:\/\/www.eim.com\/es\/wp-json\/wp\/v2\/posts\/12150\/revisions"}],"wp:featuredmedia":[{"embeddable":true,"href":"https:\/\/www.eim.com\/es\/wp-json\/wp\/v2\/media\/12151"}],"wp:attachment":[{"href":"https:\/\/www.eim.com\/es\/wp-json\/wp\/v2\/media?parent=12150"}],"wp:term":[{"taxonomy":"category","embeddable":true,"href":"https:\/\/www.eim.com\/es\/wp-json\/wp\/v2\/categories?post=12150"},{"taxonomy":"post_tag","embeddable":true,"href":"https:\/\/www.eim.com\/es\/wp-json\/wp\/v2\/tags?post=12150"}],"curies":[{"name":"wp","href":"https:\/\/api.w.org\/{rel}","templated":true}]}}