{"id":11322,"date":"2022-01-25T13:28:53","date_gmt":"2022-01-25T13:28:53","guid":{"rendered":"https:\/\/www.eim.com\/es\/?p=11322"},"modified":"2023-03-16T17:42:37","modified_gmt":"2023-03-16T17:42:37","slug":"eim-expansion-mercado-extranjero-latinoamerica-oficina-mexic","status":"publish","type":"post","link":"https:\/\/www.eim.com\/es\/news\/eim-expansion-mercado-extranjero-latinoamerica-oficina-mexic\/","title":{"rendered":"Expansi\u00f3n en mercados clave: EIM abre oficina en M\u00e9xico"},"content":{"rendered":"<p>[et_pb_section fb_built=&#8221;1&#8243; admin_label=&#8221;Hero Section&#8221; _builder_version=&#8221;4.16&#8243; use_background_color_gradient=&#8221;on&#8221; background_color_gradient_stops=&#8221;rgba(0,0,0,0.4) 0%|rgba(0,0,0,0.4) 100%&#8221; background_color_gradient_overlays_image=&#8221;on&#8221; background_color_gradient_start=&#8221;rgba(0,0,0,0.4)&#8221; background_color_gradient_end=&#8221;rgba(0,0,0,0.4)&#8221; background_image=&#8221;https:\/\/www.eim.com\/es\/wp-content\/uploads\/sites\/10\/2022\/01\/Diseno-sin-titulo-2022-01-25T140223.811.jpg&#8221; background_position=&#8221;center_right&#8221; background_blend=&#8221;darken&#8221; height=&#8221;520px&#8221; custom_padding=&#8221;6%|0px|5.4%|0px||&#8221; bottom_divider_style=&#8221;slant&#8221; bottom_divider_color=&#8221;#ffffff&#8221; bottom_divider_height=&#8221;150px&#8221; bottom_divider_flip=&#8221;horizontal&#8221; global_colors_info=&#8221;{}&#8221; background_color_gradient_direction__hover=&#8221;180deg&#8221; background_color_gradient_direction__hover_enabled=&#8221;180deg&#8221; background_color_gradient_start_position__hover=&#8221;0%&#8221; background_color_gradient_start_position__hover_enabled=&#8221;0%&#8221; background_color_gradient_end_position__hover=&#8221;100%&#8221; background_color_gradient_end_position__hover_enabled=&#8221;100%&#8221; background_color_gradient_stops__hover=&#8221;rgba(0,0,0,0.4) 0%|rgba(0,0,0,0.4) 100%&#8221;][et_pb_row disabled_on=&#8221;off|off|off&#8221; admin_label=&#8221;Page Title Area&#8221; _builder_version=&#8221;4.16&#8243; width=&#8221;68.9%&#8221; max_width=&#8221;2560px&#8221; module_alignment=&#8221;center&#8221; min_height=&#8221;54px&#8221; custom_margin=&#8221;-2%|auto|37px|0px|false|false&#8221; custom_padding=&#8221;43px|0px|0px|5px|false|false&#8221; global_colors_info=&#8221;{}&#8221;][et_pb_column type=&#8221;4_4&#8243; _builder_version=&#8221;4.16&#8243; custom_padding=&#8221;|||&#8221; global_colors_info=&#8221;{}&#8221; custom_padding__hover=&#8221;|||&#8221;][et_pb_text _builder_version=&#8221;4.16&#8243; text_font=&#8221;|600|||||||&#8221; text_text_color=&#8221;#ffffff&#8221; text_font_size=&#8221;18px&#8221; min_height=&#8221;27.2px&#8221; custom_margin=&#8221;-142px|||||&#8221; custom_padding=&#8221;0px||13px|||&#8221; global_colors_info=&#8221;{}&#8221;]<\/p>\n<p style=\"text-align: center\">ART\u00cdCULOS<\/p>\n<p>[\/et_pb_text][et_pb_text _builder_version=&#8221;4.19.3&#8243; text_font=&#8221;|600|||||||&#8221; text_text_color=&#8221;#ffffff&#8221; text_font_size=&#8221;37px&#8221; text_line_height=&#8221;1.2em&#8221; header_text_align=&#8221;center&#8221; background_layout=&#8221;dark&#8221; width=&#8221;100%&#8221; min_height=&#8221;90px&#8221; custom_margin=&#8221;-32px||||false|false&#8221; custom_padding=&#8221;35px|0px|2px|||&#8221; global_colors_info=&#8221;{}&#8221;]<\/p>\n<h1 style=\"text-align: center;\"><strong style=\"font-size: 37px; text-align: center;\">Expansi\u00f3n en mercados clave: <\/strong><strong style=\"font-size: 37px; text-align: center;\">EIM abre oficina en M\u00e9xico<\/strong><\/h1>\n<p>&nbsp;<\/p>\n<p>[\/et_pb_text][\/et_pb_column][\/et_pb_row][\/et_pb_section][et_pb_section fb_built=&#8221;1&#8243; _builder_version=&#8221;4.16&#8243; custom_padding=&#8221;0px||0px|||&#8221; global_colors_info=&#8221;{}&#8221;][et_pb_row _builder_version=&#8221;4.16&#8243; custom_margin=&#8221;|auto|-26px|auto||&#8221; global_colors_info=&#8221;{}&#8221;][et_pb_column type=&#8221;4_4&#8243; _builder_version=&#8221;4.16&#8243; global_colors_info=&#8221;{}&#8221;][et_pb_text _builder_version=&#8221;4.19.3&#8243; custom_margin=&#8221;||-17px|||&#8221; custom_padding=&#8221;||4px|||&#8221; global_colors_info=&#8221;{}&#8221;]<\/p>\n<blockquote>\n<p><strong><span style=\"color: #e09900;\">NOTA DE PRENSA<\/span><br \/><b>Madrid, 24 de enero de 2022<\/b><br \/><\/strong><\/p>\n<\/blockquote>\n<p><strong>El Grupo <a href=\"https:\/\/www.eim.com\/es\/\" target=\"_blank\" rel=\"noopener\">EIM_Executive Interim Management<\/a> continua su expansi\u00f3n en Latinoamerica con la apertura de una oficina en M\u00e9xico. Esta oficina se une a las ya existentes en Brasil y Argentina.<\/strong><\/p>\n<p>[\/et_pb_text][\/et_pb_column][\/et_pb_row][et_pb_row _builder_version=&#8221;4.16&#8243; _module_preset=&#8221;default&#8221; global_colors_info=&#8221;{}&#8221;][et_pb_column type=&#8221;4_4&#8243; _builder_version=&#8221;4.16&#8243; _module_preset=&#8221;default&#8221; global_colors_info=&#8221;{}&#8221;][et_pb_image src=&#8221;https:\/\/www.eim.com\/es\/wp-content\/uploads\/sites\/10\/2022\/01\/EIM_logo_positive_HD-300&#215;101.png&#8221; title_text=&#8221;EIM_logo_positive_HD&#8221; _builder_version=&#8221;4.16&#8243; _module_preset=&#8221;default&#8221; custom_padding=&#8221;24px|||||&#8221; global_colors_info=&#8221;{}&#8221;][\/et_pb_image][\/et_pb_column][\/et_pb_row][et_pb_row _builder_version=&#8221;4.16&#8243; _module_preset=&#8221;default&#8221; global_colors_info=&#8221;{}&#8221;][et_pb_column type=&#8221;4_4&#8243; _builder_version=&#8221;4.16&#8243; _module_preset=&#8221;default&#8221; global_colors_info=&#8221;{}&#8221;][et_pb_text _builder_version=&#8221;4.19.3&#8243; _module_preset=&#8221;default&#8221; global_colors_info=&#8221;{}&#8221;]<\/p>\n<p><span style=\"color: #e09900;\"><strong>EIM lleva m\u00e1s de 20 a\u00f1os dando servicio a clientes en Latinoam\u00e9rica con foco en Brasil, Argentina, M\u00e9xico, Colombia y Chile entre otros. La oficina de Ciudad de M\u00e9xico, se une a las otras 29 oficinas del Grupo EIM en el mundo, presentes en 25 pa\u00edses de 4 continentes. Fortaleciendo su presencia en M\u00e9xico, EIM se acerca para ofrecer a sus clientes soluciones de gesti\u00f3n interina en este pa\u00eds.<\/strong><\/span><\/p>\n<p>[\/et_pb_text][\/et_pb_column][\/et_pb_row][\/et_pb_section][et_pb_section fb_built=&#8221;1&#8243; _builder_version=&#8221;4.16&#8243; custom_padding=&#8221;0px||0px|||&#8221; global_colors_info=&#8221;{}&#8221;][et_pb_row _builder_version=&#8221;4.16&#8243; _module_preset=&#8221;default&#8221; global_colors_info=&#8221;{}&#8221;][et_pb_column type=&#8221;4_4&#8243; _builder_version=&#8221;4.16&#8243; _module_preset=&#8221;default&#8221; global_colors_info=&#8221;{}&#8221;][et_pb_text _builder_version=&#8221;4.19.3&#8243; _module_preset=&#8221;default&#8221; global_colors_info=&#8221;{}&#8221;]<\/p>\n<p>EIM M\u00e9xico opera bajo el expertise de ejecutivos con m\u00e1s de 20 a\u00f1os de experiencia en el \u00e1rea de Recursos Humanos en las industrias de Consumo, Healthcare y Farmaceutica, en entornos internacionales o multiculturales en Am\u00e9rica Latina.<\/p>\n<p>El equipo cuenta con amplia experiencia en roles estrat\u00e9gicos y operativos como Business Partner de Recursos Humanos y Centro de Experiencia en Gesti\u00f3n, Desarrollo y Adquisici\u00f3n de Talento; logros demostrados a trav\u00e9s de la operaci\u00f3n de RRHH y <a href=\"https:\/\/www.eim.com\/es\/transformacion-del-negocio\/\" target=\"_blank\" rel=\"noopener\">transformaciones de negocio<\/a>.<\/p>\n<p>[\/et_pb_text][\/et_pb_column][\/et_pb_row][et_pb_row _builder_version=&#8221;4.16&#8243; global_colors_info=&#8221;{}&#8221;][et_pb_column type=&#8221;4_4&#8243; _builder_version=&#8221;4.16&#8243; global_colors_info=&#8221;{}&#8221;][et_pb_text _builder_version=&#8221;4.19.3&#8243; custom_margin=&#8221;-20px|||||&#8221; global_colors_info=&#8221;{}&#8221;]<\/p>\n<p><span style=\"color: #e09900;\"><strong>Michele Bruno, EIM Italy Managing Partner and Chairman EIM Group<\/strong><\/span>, comenta sobre la expansi\u00f3n: \u201cHoy es otro d\u00eda importante para nuestra compa\u00f1\u00eda y para nuestros clientes. Esta nueva expansi\u00f3n responde a un \u00fanico objetivo de EIM: construir una empresa m\u00e1s s\u00f3lida de cara al cliente. Estamos cada vez mejor preparados para ofrecer excelentes soluciones a nuestros clientes en un mercado cambiante y de r\u00e1pido crecimiento. Esta nueva oficina, sustentada por nuestra plataforma internacional, est\u00e1 en una posici\u00f3n \u00fanica para brindar a los clientes en M\u00e9xico el apoyo que necesitan para impulsar el potencial que las empresas de este pa\u00eds tienen para ofrecer\u201d.<\/p>\n<p>[\/et_pb_text][\/et_pb_column][\/et_pb_row][et_pb_row _builder_version=&#8221;4.16&#8243; global_colors_info=&#8221;{}&#8221;][et_pb_column type=&#8221;4_4&#8243; _builder_version=&#8221;4.16&#8243; global_colors_info=&#8221;{}&#8221;][et_pb_text _builder_version=&#8221;4.19.3&#8243; custom_margin=&#8221;-21px|||||&#8221; global_colors_info=&#8221;{}&#8221;]<\/p>\n<p><span style=\"color: #e09900;\"><strong>Vanessa Porras Navarro, Managing Partner EIM M\u00e9xico<\/strong><\/span>, dicen sobre el acuerdo: \u201cEs un gran honor y un placer, pero al mismo tiempo una responsabilidad, liderar la oficina del Grupo EIM en M\u00e9xico. En esta etapa inicial estamos agradecidos por todos los recursos facilitados por EIM Group y por el apoyo en el desarrollo del negocio en M\u00e9xico de EIM Argentina y sus Partners Lucrecia Fratini y Fabiana Witt. Creemos firmemente que proveer el <a href=\"https:\/\/www.eim.com\/es\/interim-management\/\" target=\"_blank\" rel=\"noopener\">servicio de ejecutivos interinos<\/a> en M\u00e9xico se ver\u00e1 beneficiado con la sinergia entre la experiencia, el conocimiento del mercado y las habilidades de los recursos internacionales de EIM. Estamos entusiasmados con la perspectiva de desarrollo de EIM en M\u00e9xico, que sin duda aportar\u00e1 una gran oportunidad de expansi\u00f3n en el futuro cercano con algunos proyectos ya en marcha\u201d.<\/p>\n<p>[\/et_pb_text][\/et_pb_column][\/et_pb_row][\/et_pb_section]<\/p>\n","protected":false},"excerpt":{"rendered":"<p>El Grupo EIM &#8211; Executive Interim Management continua su expansi\u00f3n en Latinoamerica con la apertura de una oficina en M\u00e9xico. Esta oficina se une a las ya existentes en Brasil y Argentina.<\/p>\n","protected":false},"author":538,"featured_media":11329,"comment_status":"open","ping_status":"open","sticky":false,"template":"","format":"standard","meta":{"_et_pb_use_builder":"on","_et_pb_old_content":"","_et_gb_content_width":"2880","footnotes":""},"categories":[1868],"tags":[],"class_list":["post-11322","post","type-post","status-publish","format-standard","has-post-thumbnail","hentry","category-news"],"yoast_head":"<!-- This site is optimized with the Yoast SEO Premium plugin v27.5 (Yoast SEO v27.5) - https:\/\/yoast.com\/product\/yoast-seo-premium-wordpress\/ -->\n<title>Expansi\u00f3n en mercados clave: EIM abre oficina en M\u00e9xico<\/title>\n<meta name=\"description\" content=\"El Grupo EIM - l\u00edder en Executive Interim Management continua su expansi\u00f3n en Latinoamerica con la apertura de una nueva oficina en M\u00e9xico.\" \/>\n<meta name=\"robots\" content=\"index, follow, max-snippet:-1, max-image-preview:large, max-video-preview:-1\" \/>\n<link rel=\"canonical\" href=\"https:\/\/www.eim.com\/es\/news\/eim-expansion-mercado-extranjero-latinoamerica-oficina-mexic\/\" \/>\n<meta property=\"og:locale\" content=\"es_ES\" \/>\n<meta property=\"og:type\" content=\"article\" \/>\n<meta property=\"og:title\" content=\"Expansi\u00f3n en mercados clave: EIM abre oficina en M\u00e9xico\" \/>\n<meta property=\"og:description\" content=\"El Grupo EIM - l\u00edder en Executive Interim Management continua su expansi\u00f3n en Latinoamerica con la apertura de una nueva oficina en M\u00e9xico.\" \/>\n<meta property=\"og:url\" content=\"https:\/\/www.eim.com\/es\/news\/eim-expansion-mercado-extranjero-latinoamerica-oficina-mexic\/\" \/>\n<meta property=\"og:site_name\" content=\"Interim Management | EIM Spain\" \/>\n<meta property=\"article:published_time\" content=\"2022-01-25T13:28:53+00:00\" \/>\n<meta property=\"article:modified_time\" content=\"2023-03-16T17:42:37+00:00\" \/>\n<meta property=\"og:image\" content=\"https:\/\/www.eim.com\/es\/wp-content\/uploads\/sites\/10\/2022\/01\/Diseno-sin-titulo-2022-01-25T140223.811.jpg\" \/>\n\t<meta property=\"og:image:width\" content=\"1920\" \/>\n\t<meta property=\"og:image:height\" content=\"1025\" \/>\n\t<meta property=\"og:image:type\" content=\"image\/jpeg\" \/>\n<meta name=\"twitter:card\" content=\"summary_large_image\" \/>\n<meta name=\"twitter:label1\" content=\"Escrito por\" \/>\n\t<meta name=\"twitter:data1\" content=\"\" \/>\n\t<meta name=\"twitter:label2\" content=\"Tiempo de lectura\" \/>\n\t<meta name=\"twitter:data2\" content=\"3 minutos\" \/>\n<script type=\"application\/ld+json\" class=\"yoast-schema-graph\">{\"@context\":\"https:\\\/\\\/schema.org\",\"@graph\":[{\"@type\":\"Article\",\"@id\":\"https:\\\/\\\/www.eim.com\\\/es\\\/news\\\/eim-expansion-mercado-extranjero-latinoamerica-oficina-mexic\\\/#article\",\"isPartOf\":{\"@id\":\"https:\\\/\\\/www.eim.com\\\/es\\\/news\\\/eim-expansion-mercado-extranjero-latinoamerica-oficina-mexic\\\/\"},\"author\":{\"name\":\"\",\"@id\":\"\"},\"headline\":\"Expansi\u00f3n en mercados clave: EIM abre oficina en M\u00e9xico\",\"datePublished\":\"2022-01-25T13:28:53+00:00\",\"dateModified\":\"2023-03-16T17:42:37+00:00\",\"mainEntityOfPage\":{\"@id\":\"https:\\\/\\\/www.eim.com\\\/es\\\/news\\\/eim-expansion-mercado-extranjero-latinoamerica-oficina-mexic\\\/\"},\"wordCount\":1061,\"commentCount\":0,\"image\":{\"@id\":\"https:\\\/\\\/www.eim.com\\\/es\\\/news\\\/eim-expansion-mercado-extranjero-latinoamerica-oficina-mexic\\\/#primaryimage\"},\"thumbnailUrl\":\"https:\\\/\\\/www.eim.com\\\/es\\\/wp-content\\\/uploads\\\/sites\\\/10\\\/2022\\\/01\\\/Diseno-sin-titulo-2022-01-25T140223.811.jpg\",\"articleSection\":[\"News\"],\"inLanguage\":\"es\",\"potentialAction\":[{\"@type\":\"CommentAction\",\"name\":\"Comment\",\"target\":[\"https:\\\/\\\/www.eim.com\\\/es\\\/news\\\/eim-expansion-mercado-extranjero-latinoamerica-oficina-mexic\\\/#respond\"]}]},{\"@type\":\"WebPage\",\"@id\":\"https:\\\/\\\/www.eim.com\\\/es\\\/news\\\/eim-expansion-mercado-extranjero-latinoamerica-oficina-mexic\\\/\",\"url\":\"https:\\\/\\\/www.eim.com\\\/es\\\/news\\\/eim-expansion-mercado-extranjero-latinoamerica-oficina-mexic\\\/\",\"name\":\"Expansi\u00f3n en mercados clave: EIM abre oficina en M\u00e9xico\",\"isPartOf\":{\"@id\":\"https:\\\/\\\/www.eim.com\\\/es\\\/#website\"},\"primaryImageOfPage\":{\"@id\":\"https:\\\/\\\/www.eim.com\\\/es\\\/news\\\/eim-expansion-mercado-extranjero-latinoamerica-oficina-mexic\\\/#primaryimage\"},\"image\":{\"@id\":\"https:\\\/\\\/www.eim.com\\\/es\\\/news\\\/eim-expansion-mercado-extranjero-latinoamerica-oficina-mexic\\\/#primaryimage\"},\"thumbnailUrl\":\"https:\\\/\\\/www.eim.com\\\/es\\\/wp-content\\\/uploads\\\/sites\\\/10\\\/2022\\\/01\\\/Diseno-sin-titulo-2022-01-25T140223.811.jpg\",\"datePublished\":\"2022-01-25T13:28:53+00:00\",\"dateModified\":\"2023-03-16T17:42:37+00:00\",\"author\":{\"@id\":\"\"},\"description\":\"El Grupo EIM - l\u00edder en Executive Interim Management continua su expansi\u00f3n en Latinoamerica con la apertura de una nueva oficina en M\u00e9xico.\",\"breadcrumb\":{\"@id\":\"https:\\\/\\\/www.eim.com\\\/es\\\/news\\\/eim-expansion-mercado-extranjero-latinoamerica-oficina-mexic\\\/#breadcrumb\"},\"inLanguage\":\"es\",\"potentialAction\":[{\"@type\":\"ReadAction\",\"target\":[\"https:\\\/\\\/www.eim.com\\\/es\\\/news\\\/eim-expansion-mercado-extranjero-latinoamerica-oficina-mexic\\\/\"]}]},{\"@type\":\"ImageObject\",\"inLanguage\":\"es\",\"@id\":\"https:\\\/\\\/www.eim.com\\\/es\\\/news\\\/eim-expansion-mercado-extranjero-latinoamerica-oficina-mexic\\\/#primaryimage\",\"url\":\"https:\\\/\\\/www.eim.com\\\/es\\\/wp-content\\\/uploads\\\/sites\\\/10\\\/2022\\\/01\\\/Diseno-sin-titulo-2022-01-25T140223.811.jpg\",\"contentUrl\":\"https:\\\/\\\/www.eim.com\\\/es\\\/wp-content\\\/uploads\\\/sites\\\/10\\\/2022\\\/01\\\/Diseno-sin-titulo-2022-01-25T140223.811.jpg\",\"width\":1920,\"height\":1025,\"caption\":\"EIM Interim Management Mexico\"},{\"@type\":\"BreadcrumbList\",\"@id\":\"https:\\\/\\\/www.eim.com\\\/es\\\/news\\\/eim-expansion-mercado-extranjero-latinoamerica-oficina-mexic\\\/#breadcrumb\",\"itemListElement\":[{\"@type\":\"ListItem\",\"position\":1,\"name\":\"Home\",\"item\":\"https:\\\/\\\/www.eim.com\\\/es\\\/\"},{\"@type\":\"ListItem\",\"position\":2,\"name\":\"Expansi\u00f3n en mercados clave: EIM abre oficina en M\u00e9xico\"}]},{\"@type\":\"WebSite\",\"@id\":\"https:\\\/\\\/www.eim.com\\\/es\\\/#website\",\"url\":\"https:\\\/\\\/www.eim.com\\\/es\\\/\",\"name\":\"Interim Management | EIM Spain\",\"description\":\"El interim manager que su empresa necesita\",\"potentialAction\":[{\"@type\":\"SearchAction\",\"target\":{\"@type\":\"EntryPoint\",\"urlTemplate\":\"https:\\\/\\\/www.eim.com\\\/es\\\/?s={search_term_string}\"},\"query-input\":{\"@type\":\"PropertyValueSpecification\",\"valueRequired\":true,\"valueName\":\"search_term_string\"}}],\"inLanguage\":\"es\"},{\"@type\":\"Person\",\"@id\":\"\",\"url\":\"https:\\\/\\\/www.eim.com\\\/es\\\/author\\\/\"}]}<\/script>\n<!-- \/ Yoast SEO Premium plugin. -->","yoast_head_json":{"title":"Expansi\u00f3n en mercados clave: EIM abre oficina en M\u00e9xico","description":"El Grupo EIM - l\u00edder en Executive Interim Management continua su expansi\u00f3n en Latinoamerica con la apertura de una nueva oficina en M\u00e9xico.","robots":{"index":"index","follow":"follow","max-snippet":"max-snippet:-1","max-image-preview":"max-image-preview:large","max-video-preview":"max-video-preview:-1"},"canonical":"https:\/\/www.eim.com\/es\/news\/eim-expansion-mercado-extranjero-latinoamerica-oficina-mexic\/","og_locale":"es_ES","og_type":"article","og_title":"Expansi\u00f3n en mercados clave: EIM abre oficina en M\u00e9xico","og_description":"El Grupo EIM - l\u00edder en Executive Interim Management continua su expansi\u00f3n en Latinoamerica con la apertura de una nueva oficina en M\u00e9xico.","og_url":"https:\/\/www.eim.com\/es\/news\/eim-expansion-mercado-extranjero-latinoamerica-oficina-mexic\/","og_site_name":"Interim Management | EIM Spain","article_published_time":"2022-01-25T13:28:53+00:00","article_modified_time":"2023-03-16T17:42:37+00:00","og_image":[{"width":1920,"height":1025,"url":"https:\/\/www.eim.com\/es\/wp-content\/uploads\/sites\/10\/2022\/01\/Diseno-sin-titulo-2022-01-25T140223.811.jpg","type":"image\/jpeg"}],"twitter_card":"summary_large_image","twitter_misc":{"Escrito por":"","Tiempo de lectura":"3 minutos"},"schema":{"@context":"https:\/\/schema.org","@graph":[{"@type":"Article","@id":"https:\/\/www.eim.com\/es\/news\/eim-expansion-mercado-extranjero-latinoamerica-oficina-mexic\/#article","isPartOf":{"@id":"https:\/\/www.eim.com\/es\/news\/eim-expansion-mercado-extranjero-latinoamerica-oficina-mexic\/"},"author":{"name":"","@id":""},"headline":"Expansi\u00f3n en mercados clave: EIM abre oficina en M\u00e9xico","datePublished":"2022-01-25T13:28:53+00:00","dateModified":"2023-03-16T17:42:37+00:00","mainEntityOfPage":{"@id":"https:\/\/www.eim.com\/es\/news\/eim-expansion-mercado-extranjero-latinoamerica-oficina-mexic\/"},"wordCount":1061,"commentCount":0,"image":{"@id":"https:\/\/www.eim.com\/es\/news\/eim-expansion-mercado-extranjero-latinoamerica-oficina-mexic\/#primaryimage"},"thumbnailUrl":"https:\/\/www.eim.com\/es\/wp-content\/uploads\/sites\/10\/2022\/01\/Diseno-sin-titulo-2022-01-25T140223.811.jpg","articleSection":["News"],"inLanguage":"es","potentialAction":[{"@type":"CommentAction","name":"Comment","target":["https:\/\/www.eim.com\/es\/news\/eim-expansion-mercado-extranjero-latinoamerica-oficina-mexic\/#respond"]}]},{"@type":"WebPage","@id":"https:\/\/www.eim.com\/es\/news\/eim-expansion-mercado-extranjero-latinoamerica-oficina-mexic\/","url":"https:\/\/www.eim.com\/es\/news\/eim-expansion-mercado-extranjero-latinoamerica-oficina-mexic\/","name":"Expansi\u00f3n en mercados clave: EIM abre oficina en M\u00e9xico","isPartOf":{"@id":"https:\/\/www.eim.com\/es\/#website"},"primaryImageOfPage":{"@id":"https:\/\/www.eim.com\/es\/news\/eim-expansion-mercado-extranjero-latinoamerica-oficina-mexic\/#primaryimage"},"image":{"@id":"https:\/\/www.eim.com\/es\/news\/eim-expansion-mercado-extranjero-latinoamerica-oficina-mexic\/#primaryimage"},"thumbnailUrl":"https:\/\/www.eim.com\/es\/wp-content\/uploads\/sites\/10\/2022\/01\/Diseno-sin-titulo-2022-01-25T140223.811.jpg","datePublished":"2022-01-25T13:28:53+00:00","dateModified":"2023-03-16T17:42:37+00:00","author":{"@id":""},"description":"El Grupo EIM - l\u00edder en Executive Interim Management continua su expansi\u00f3n en Latinoamerica con la apertura de una nueva oficina en M\u00e9xico.","breadcrumb":{"@id":"https:\/\/www.eim.com\/es\/news\/eim-expansion-mercado-extranjero-latinoamerica-oficina-mexic\/#breadcrumb"},"inLanguage":"es","potentialAction":[{"@type":"ReadAction","target":["https:\/\/www.eim.com\/es\/news\/eim-expansion-mercado-extranjero-latinoamerica-oficina-mexic\/"]}]},{"@type":"ImageObject","inLanguage":"es","@id":"https:\/\/www.eim.com\/es\/news\/eim-expansion-mercado-extranjero-latinoamerica-oficina-mexic\/#primaryimage","url":"https:\/\/www.eim.com\/es\/wp-content\/uploads\/sites\/10\/2022\/01\/Diseno-sin-titulo-2022-01-25T140223.811.jpg","contentUrl":"https:\/\/www.eim.com\/es\/wp-content\/uploads\/sites\/10\/2022\/01\/Diseno-sin-titulo-2022-01-25T140223.811.jpg","width":1920,"height":1025,"caption":"EIM Interim Management Mexico"},{"@type":"BreadcrumbList","@id":"https:\/\/www.eim.com\/es\/news\/eim-expansion-mercado-extranjero-latinoamerica-oficina-mexic\/#breadcrumb","itemListElement":[{"@type":"ListItem","position":1,"name":"Home","item":"https:\/\/www.eim.com\/es\/"},{"@type":"ListItem","position":2,"name":"Expansi\u00f3n en mercados clave: EIM abre oficina en M\u00e9xico"}]},{"@type":"WebSite","@id":"https:\/\/www.eim.com\/es\/#website","url":"https:\/\/www.eim.com\/es\/","name":"Interim Management | EIM Spain","description":"El interim manager que su empresa necesita","potentialAction":[{"@type":"SearchAction","target":{"@type":"EntryPoint","urlTemplate":"https:\/\/www.eim.com\/es\/?s={search_term_string}"},"query-input":{"@type":"PropertyValueSpecification","valueRequired":true,"valueName":"search_term_string"}}],"inLanguage":"es"},{"@type":"Person","@id":"","url":"https:\/\/www.eim.com\/es\/author\/"}]}},"_links":{"self":[{"href":"https:\/\/www.eim.com\/es\/wp-json\/wp\/v2\/posts\/11322","targetHints":{"allow":["GET"]}}],"collection":[{"href":"https:\/\/www.eim.com\/es\/wp-json\/wp\/v2\/posts"}],"about":[{"href":"https:\/\/www.eim.com\/es\/wp-json\/wp\/v2\/types\/post"}],"author":[{"embeddable":true,"href":"https:\/\/www.eim.com\/es\/wp-json\/wp\/v2\/users\/538"}],"replies":[{"embeddable":true,"href":"https:\/\/www.eim.com\/es\/wp-json\/wp\/v2\/comments?post=11322"}],"version-history":[{"count":0,"href":"https:\/\/www.eim.com\/es\/wp-json\/wp\/v2\/posts\/11322\/revisions"}],"wp:featuredmedia":[{"embeddable":true,"href":"https:\/\/www.eim.com\/es\/wp-json\/wp\/v2\/media\/11329"}],"wp:attachment":[{"href":"https:\/\/www.eim.com\/es\/wp-json\/wp\/v2\/media?parent=11322"}],"wp:term":[{"taxonomy":"category","embeddable":true,"href":"https:\/\/www.eim.com\/es\/wp-json\/wp\/v2\/categories?post=11322"},{"taxonomy":"post_tag","embeddable":true,"href":"https:\/\/www.eim.com\/es\/wp-json\/wp\/v2\/tags?post=11322"}],"curies":[{"name":"wp","href":"https:\/\/api.w.org\/{rel}","templated":true}]}}