{"id":11001,"date":"2021-05-31T17:41:03","date_gmt":"2021-05-31T17:41:03","guid":{"rendered":"https:\/\/www.eim.com\/es\/?p=11001"},"modified":"2022-02-14T14:31:34","modified_gmt":"2022-02-14T14:31:34","slug":"entrevista-a-alfonsodebenito-managing-partner-eim-espana","status":"publish","type":"post","link":"https:\/\/www.eim.com\/es\/entrevistas\/entrevista-a-alfonsodebenito-managing-partner-eim-espana\/","title":{"rendered":"Entrevista a Alfonso de Benito Secades, Managing Partner de EIM Espa\u00f1a"},"content":{"rendered":"<p>[et_pb_section fb_built=&#8221;1&#8243; admin_label=&#8221;Hero Section&#8221; _builder_version=&#8221;4.7.0&#8243; use_background_color_gradient=&#8221;on&#8221; background_color_gradient_start=&#8221;rgba(0,0,0,0.4)&#8221; background_color_gradient_end=&#8221;rgba(0,0,0,0.4)&#8221; background_color_gradient_overlays_image=&#8221;on&#8221; background_image=&#8221;https:\/\/www.eim.com\/es\/wp-content\/uploads\/sites\/10\/2021\/05\/cabecera-Alfonso-de-Benito.jpg&#8221; height=&#8221;520px&#8221; custom_padding=&#8221;6%||0%|||&#8221; bottom_divider_style=&#8221;slant&#8221; bottom_divider_color=&#8221;#ffffff&#8221; bottom_divider_height=&#8221;150px&#8221; bottom_divider_flip=&#8221;horizontal&#8221; global_colors_info=&#8221;{}&#8221; background_color_gradient_direction__hover=&#8221;180deg&#8221; background_color_gradient_direction__hover_enabled=&#8221;180deg&#8221; background_color_gradient_start_position__hover=&#8221;0%&#8221; background_color_gradient_start_position__hover_enabled=&#8221;0%&#8221; background_color_gradient_end_position__hover=&#8221;100%&#8221; background_color_gradient_end_position__hover_enabled=&#8221;100%&#8221;][et_pb_row disabled_on=&#8221;off|off|off&#8221; admin_label=&#8221;Page Title Area&#8221; _builder_version=&#8221;3.27.4&#8243; width=&#8221;100%&#8221; max_width=&#8221;2560px&#8221; module_alignment=&#8221;center&#8221; custom_margin=&#8221;-2%|auto|0px|auto|false|false&#8221; custom_padding=&#8221;0px|||||&#8221; global_colors_info=&#8221;{}&#8221;][et_pb_column type=&#8221;4_4&#8243; _builder_version=&#8221;3.25&#8243; custom_padding=&#8221;|||&#8221; global_colors_info=&#8221;{}&#8221; custom_padding__hover=&#8221;|||&#8221;][et_pb_text _builder_version=&#8221;3.27.4&#8243; text_font=&#8221;|600|||||||&#8221; text_text_color=&#8221;#ffffff&#8221; text_font_size=&#8221;18px&#8221; global_colors_info=&#8221;{}&#8221;]<\/p>\n<p style=\"text-align: center\">ENTREVISTAS<\/p>\n<p>[\/et_pb_text][et_pb_text _builder_version=&#8221;4.7.0&#8243; text_font=&#8221;|600|||||||&#8221; text_text_color=&#8221;#ffffff&#8221; text_font_size=&#8221;33px&#8221; background_layout=&#8221;dark&#8221; global_colors_info=&#8221;{}&#8221;]<\/p>\n<p style=\"text-align: center\">Entrevista a <strong>Alfonso de Benito Secades, Managing Partner de EIM Espa\u00f1a<\/strong><\/p>\n<p>[\/et_pb_text][\/et_pb_column][\/et_pb_row][\/et_pb_section][et_pb_section fb_built=&#8221;1&#8243; _builder_version=&#8221;3.27.4&#8243; custom_margin=&#8221;||||false|false&#8221; custom_padding=&#8221;2px||2px||true|false&#8221; bottom_divider_color=&#8221;#d68804&#8243; hover_enabled=&#8221;0&#8243; global_colors_info=&#8221;{}&#8221; sticky_enabled=&#8221;0&#8243;][et_pb_row admin_label=&#8221;Title Area&#8221; _builder_version=&#8221;3.27.4&#8243; background_color=&#8221;rgba(0,0,0,0)&#8221; width=&#8221;100%&#8221; module_alignment=&#8221;center&#8221; custom_margin=&#8221;||||false|false&#8221; custom_padding=&#8221;0px|0px|0px|0px|false|false&#8221; global_colors_info=&#8221;{}&#8221;][et_pb_column type=&#8221;4_4&#8243; _builder_version=&#8221;3.25&#8243; custom_padding=&#8221;|||&#8221; global_colors_info=&#8221;{}&#8221; custom_padding__hover=&#8221;|||&#8221;][et_pb_text admin_label=&#8221;Title&#8221; _builder_version=&#8221;4.7.0&#8243; text_font=&#8221;||||||||&#8221; header_font=&#8221;Prata||||||||&#8221; header_2_font=&#8221;Montserrat|700|||||||&#8221; header_2_text_align=&#8221;center&#8221; header_2_font_size=&#8221;32px&#8221; max_width=&#8221;90%&#8221; module_alignment=&#8221;center&#8221; custom_margin=&#8221;5%||||false|false&#8221; custom_padding=&#8221;0%||||false|false&#8221; animation_style=&#8221;fade&#8221; animation_direction=&#8221;top&#8221; animation_duration=&#8221;1350ms&#8221; animation_starting_opacity=&#8221;100%&#8221; inline_fonts=&#8221;Prata,Montserrat&#8221; global_colors_info=&#8221;{}&#8221;]<\/p>\n<blockquote>\n<h2><em><span style=\"font-family: Montserrat;color: #002c3e\">&#8220;Cuando un cliente prueba el Interim Management, normalmente repite, el nivel de satisfacci\u00f3n suele ser muy elevado&#8221;<\/span><\/em><\/h2>\n<\/blockquote>\n<p>[\/et_pb_text][et_pb_text _builder_version=&#8221;4.7.0&#8243; text_font=&#8221;||||||||&#8221; text_font_size=&#8221;16px&#8221; header_font=&#8221;||||||||&#8221; max_width=&#8221;90%&#8221; module_alignment=&#8221;center&#8221; custom_margin=&#8221;3%|0px|5%|0px|false|false&#8221; custom_padding=&#8221;|2%|0px|2%|false|false&#8221; animation_style=&#8221;flip&#8221; animation_direction=&#8221;left&#8221; animation_intensity_flip=&#8221;30%&#8221; animation_starting_opacity=&#8221;100%&#8221; global_colors_info=&#8221;{}&#8221;]<\/p>\n<p style=\"text-align: justify\"><span><strong>Alfonso de Benito Secades \u2013 Managing Partner of EIM Spain\u00a0<\/strong>(Executive Interim Management)<strong>. Socio fundador del Instituto Empresarial de Interim Management.<\/strong><\/span><\/p>\n<p>[\/et_pb_text][et_pb_text admin_label=&#8221;Title&#8221; _builder_version=&#8221;3.27.4&#8243; text_font=&#8221;||||||||&#8221; header_font=&#8221;Prata||||||||&#8221; header_2_font=&#8221;Montserrat|700|||||||&#8221; header_2_text_align=&#8221;center&#8221; header_2_font_size=&#8221;32px&#8221; max_width=&#8221;90%&#8221; module_alignment=&#8221;center&#8221; custom_margin=&#8221;4.2%||||false|false&#8221; custom_padding=&#8221;0%|2%||2%|false|false&#8221; animation_style=&#8221;fade&#8221; animation_direction=&#8221;top&#8221; animation_duration=&#8221;1350ms&#8221; animation_starting_opacity=&#8221;100%&#8221; inline_fonts=&#8221;Prata,Montserrat&#8221; global_colors_info=&#8221;{}&#8221;]<\/p>\n<h3 style=\"text-align: left\"><span style=\"font-family: Montserrat;color: #002c3e\"><strong>Su compa\u00f1\u00eda cuenta con 21 oficinas internacionales en 4 continentes y han realizado con \u00e9xito m\u00e1s de 10.000 servicios de Interim Management en los \u00faltimos 30 a\u00f1os. \u00bfCu\u00e1l es su posicionamiento en Espa\u00f1a y qu\u00e9 previsiones tiene para 2020?<\/strong><\/span><\/h3>\n<p>[\/et_pb_text][et_pb_text _builder_version=&#8221;3.27.4&#8243; text_font=&#8221;||||||||&#8221; text_font_size=&#8221;16px&#8221; header_font=&#8221;||||||||&#8221; max_width=&#8221;90%&#8221; module_alignment=&#8221;center&#8221; custom_margin=&#8221;3%|0px|5%|0px|false|false&#8221; custom_padding=&#8221;|2%|0px|2%|false|false&#8221; animation_style=&#8221;flip&#8221; animation_direction=&#8221;left&#8221; animation_intensity_flip=&#8221;30%&#8221; animation_starting_opacity=&#8221;100%&#8221; global_colors_info=&#8221;{}&#8221;]<\/p>\n<p><strong>En Espa\u00f1a EIM est\u00e1 presente desde hace 20 a\u00f1os<\/strong> y puede considerarse el l\u00edder del mercado en el segmento de Interim Management de alta direcci\u00f3n. En 2019 llevamos a cabo m\u00e1s de 35 proyectos al a\u00f1o desde nuestras oficinas de Madrid y Barcelona, en posiciones de DG, CFO, COO, DRH, etc. para empresas espa\u00f1olas y multinacionales extranjeras.<\/p>\n<p>Una parte importante de nuestra actividad se presta en participadas de fondos de Capital privado.<\/p>\n<p>En cuanto a las previsiones para 2020, esperamos continuar con el crecimiento sostenido experimentado en los \u00faltimos a\u00f1os. <strong>El Interim Management cada vez tiene mayor presencia en Espa\u00f1a y las empresas que llevamos a\u00f1os apostando fuertemente por esta modalidad de servicios directivos estamos recogiendo el fruto de nuestra inversi\u00f3n y persistencia.<\/strong><\/p>\n<p>[\/et_pb_text][et_pb_text admin_label=&#8221;Title&#8221; _builder_version=&#8221;4.7.0&#8243; text_font=&#8221;||||||||&#8221; header_font=&#8221;Prata||||||||&#8221; header_2_font=&#8221;Montserrat|700|||||||&#8221; header_2_text_align=&#8221;center&#8221; header_2_font_size=&#8221;32px&#8221; max_width=&#8221;90%&#8221; module_alignment=&#8221;center&#8221; custom_margin=&#8221;5%||||false|false&#8221; custom_padding=&#8221;0%|2%||2%|false|false&#8221; animation_style=&#8221;fade&#8221; animation_direction=&#8221;top&#8221; animation_duration=&#8221;1350ms&#8221; animation_starting_opacity=&#8221;100%&#8221; inline_fonts=&#8221;Prata,Montserrat&#8221; global_colors_info=&#8221;{}&#8221;]<\/p>\n<h3 style=\"text-align: left\"><span style=\"font-family: Montserrat;color: #002c3e\"><strong>EIM ha acu\u00f1ado una expresi\u00f3n singular para su especialidad \u201cExecutive Interim Management\u201d \u00bfPuede explicarnos cu\u00e1les son sus caracter\u00edsticas y en qu\u00e9 se diferencia del Interim Management tradicional?<\/strong><\/span><\/h3>\n<p>[\/et_pb_text][et_pb_text _builder_version=&#8221;4.7.0&#8243; text_font=&#8221;||||||||&#8221; text_font_size=&#8221;16px&#8221; header_font=&#8221;||||||||&#8221; max_width=&#8221;90%&#8221; module_alignment=&#8221;center&#8221; custom_margin=&#8221;3%|0px|5%|0px|false|false&#8221; custom_padding=&#8221;|2%|0px|2%|false|false&#8221; animation_style=&#8221;flip&#8221; animation_direction=&#8221;left&#8221; animation_intensity_flip=&#8221;30%&#8221; animation_starting_opacity=&#8221;100%&#8221; global_colors_info=&#8221;{}&#8221;]<\/p>\n<p>En EIM distinguimos dos servicios esenciales:<\/p>\n<ul>\n<li><strong>Interim Management de sustituci\u00f3n<\/strong> donde nuestra labor es encontrar al directivo que mejor se adapte a cubrir una necesidad temporal de Management por una baja maternal\/paternal, transici\u00f3n, o cualquier otra situaci\u00f3n.<\/li>\n<li><strong>Soluciones a trav\u00e9s del Interim Management Ejecutivo<\/strong>, donde un cliente tiene una oportunidad de negocio, un reto que resolver o una situaci\u00f3n singular donde necesita que EIM aporte su conocimiento de gesti\u00f3n del cambio, con una metodolog\u00eda probada en m\u00e1s de 10.000 servicios. Se busca lograr unos resultados, objetivos en un tiempo determinado y a trav\u00e9s de uno o m\u00e1s directivos con el apoyo de los counsellor de EIM.<\/li>\n<\/ul>\n<p>[\/et_pb_text][et_pb_text admin_label=&#8221;Title&#8221; _builder_version=&#8221;4.7.0&#8243; text_font=&#8221;||||||||&#8221; header_font=&#8221;Prata||||||||&#8221; header_2_font=&#8221;Montserrat|700|||||||&#8221; header_2_text_align=&#8221;center&#8221; header_2_font_size=&#8221;32px&#8221; max_width=&#8221;90%&#8221; module_alignment=&#8221;center&#8221; custom_margin=&#8221;5%||||false|false&#8221; custom_padding=&#8221;0%|2%||2%|false|false&#8221; animation_style=&#8221;fade&#8221; animation_direction=&#8221;top&#8221; animation_duration=&#8221;1350ms&#8221; animation_starting_opacity=&#8221;100%&#8221; inline_fonts=&#8221;Prata,Montserrat&#8221; global_colors_info=&#8221;{}&#8221;]<\/p>\n<h3 style=\"text-align: left\"><span style=\"font-family: Montserrat;color: #002c3e\"><strong>Como representante de una de las empresas multinacionales con mayor experiencia e implantaci\u00f3n en el mundo del Interim Management \u00bfQu\u00e9 opini\u00f3n le merece la implantaci\u00f3n y el desarrollo de esta actividad en Espa\u00f1a?<\/strong><\/span><\/h3>\n<p>[\/et_pb_text][et_pb_text _builder_version=&#8221;3.27.4&#8243; text_font=&#8221;||||||||&#8221; text_font_size=&#8221;16px&#8221; header_font=&#8221;||||||||&#8221; max_width=&#8221;90%&#8221; module_alignment=&#8221;center&#8221; custom_margin=&#8221;3%|0px|5%|0px|false|false&#8221; custom_padding=&#8221;|2%|0px|2%|false|false&#8221; animation_style=&#8221;flip&#8221; animation_direction=&#8221;left&#8221; animation_intensity_flip=&#8221;30%&#8221; animation_starting_opacity=&#8221;100%&#8221; global_colors_info=&#8221;{}&#8221;]<\/p>\n<p>A pesar de ser un servicio que se est\u00e1 prestando en Espa\u00f1a desde hace m\u00e1s de 20 a\u00f1os, el IM esta aun en \u201cpa\u00f1ales\u201d. Las cifras de negocio de esta actividad son muy bajas y el valor del servicio a\u00fan muy desconocido. Cuando un cliente prueba el servicio, normalmente repite m\u00e1s adelante en otra situaci\u00f3n o entorno. El reto es hacer que m\u00e1s clientes lo prueben por primera vez y difundan su experiencia para que otras empresas prueben el servicio.<\/p>\n<p>El Head Hunting tradicional y la consultor\u00eda son grandes servicios (EIM naci\u00f3 hace 30 a\u00f1os con dos accionistas, un Head Hunter muy conocido, Egon Zehnder, y una consultora holandesa, BOER&amp;CROON) pero el <strong>Interim Management ofrece un servicio diferente, ejecutivo, r\u00e1pido potente, enfocado a lograr resultados en entornos cambiantes, retadores, internacionales, muchas veces con incertidumbre, donde los servicios citados no son ya los adecuados.<\/strong><\/p>\n<p>[\/et_pb_text][et_pb_text admin_label=&#8221;Title&#8221; _builder_version=&#8221;3.27.4&#8243; text_font=&#8221;||||||||&#8221; header_font=&#8221;Prata||||||||&#8221; header_2_font=&#8221;Montserrat|700|||||||&#8221; header_2_text_align=&#8221;center&#8221; header_2_font_size=&#8221;32px&#8221; max_width=&#8221;90%&#8221; module_alignment=&#8221;center&#8221; custom_margin=&#8221;5%||||false|false&#8221; custom_padding=&#8221;0%|2%||2%|false|false&#8221; animation_style=&#8221;fade&#8221; animation_direction=&#8221;top&#8221; animation_duration=&#8221;1350ms&#8221; animation_starting_opacity=&#8221;100%&#8221; inline_fonts=&#8221;Prata,Montserrat&#8221; global_colors_info=&#8221;{}&#8221;]<\/p>\n<h3 style=\"text-align: left\"><strong>EIM es fundador del Instituto Empresarial de Interim Management, junto a otras empresas que desarrollan esta especialidad en Espa\u00f1a \u00bfCu\u00e1les son los motivos por los que han creado esta organizaci\u00f3n?<\/strong><\/h3>\n<p>[\/et_pb_text][et_pb_text _builder_version=&#8221;3.27.4&#8243; text_font=&#8221;||||||||&#8221; text_font_size=&#8221;16px&#8221; header_font=&#8221;||||||||&#8221; max_width=&#8221;90%&#8221; module_alignment=&#8221;center&#8221; custom_margin=&#8221;3%|0px|5%|0px|false|false&#8221; custom_padding=&#8221;|2%|0px|2%|false|false&#8221; animation_style=&#8221;flip&#8221; animation_direction=&#8221;left&#8221; animation_intensity_flip=&#8221;30%&#8221; animation_starting_opacity=&#8221;100%&#8221; global_colors_info=&#8221;{}&#8221;]<\/p>\n<p>El motivo principal es que, como dec\u00eda antes, a\u00fan hay un gran desconocimiento y potencial de desarrollo de este servicio en Espa\u00f1a, para empresas espa\u00f1olas y las multinacionales radicadas aqu\u00ed, en Latam, en Portugal y Norte de \u00c1frica.<\/p>\n<p>A trav\u00e9s del Instituto y miembros potentes, <strong>lograremos que exista una concienciaci\u00f3n y mayor conocimiento del valor del servicio, y m\u00e1s empresas lo usen.<\/strong> Es un objetivo a medio\/largo plazo que, con el Observatorio que hemos lanzado desde el Instituto Empresarial de Interim Management, entre otras actividades y herramientas de an\u00e1lisis y difusi\u00f3n de la actividad, ya se est\u00e1 alcanzando.<\/p>\n<p>[\/et_pb_text][\/et_pb_column][\/et_pb_row][\/et_pb_section][et_pb_section fb_built=&#8221;1&#8243; _builder_version=&#8221;3.27.4&#8243; background_color=&#8221;#D68804&#8243; custom_margin=&#8221;||||false|false&#8221; top_divider_style=&#8221;slant&#8221; top_divider_color=&#8221;#ffffff&#8221; top_divider_flip=&#8221;vertical&#8221; bottom_divider_color=&#8221;#ffffff&#8221; bottom_divider_flip=&#8221;horizontal&#8221; global_colors_info=&#8221;{}&#8221;][et_pb_row _builder_version=&#8221;3.27.4&#8243; custom_margin=&#8221;-46px|auto||auto||&#8221; custom_padding=&#8221;60px|||||&#8221; global_colors_info=&#8221;{}&#8221;][et_pb_column type=&#8221;4_4&#8243; _builder_version=&#8221;3.27.4&#8243; global_colors_info=&#8221;{}&#8221;][et_pb_text admin_label=&#8221;Title&#8221; _builder_version=&#8221;3.27.4&#8243; text_font=&#8221;||||||||&#8221; text_text_color=&#8221;#ffffff&#8221; header_font=&#8221;Prata||||||||&#8221; header_2_font=&#8221;Montserrat|700|||||||&#8221; header_2_text_align=&#8221;center&#8221; header_2_font_size=&#8221;30px&#8221; custom_margin=&#8221;5%||5px||false|false&#8221; custom_padding=&#8221;||0px|||&#8221; animation_style=&#8221;fade&#8221; animation_direction=&#8221;top&#8221; animation_duration=&#8221;1350ms&#8221; animation_starting_opacity=&#8221;100%&#8221; inline_fonts=&#8221;Prata,Montserrat&#8221; global_colors_info=&#8221;{}&#8221;]<\/p>\n<h2><span style=\"font-family: Montserrat;color: #ffffff\">Get in touch with us<\/span><\/h2>\n<p>[\/et_pb_text][\/et_pb_column][\/et_pb_row][et_pb_row column_structure=&#8221;1_5,3_5,1_5&#8243; _builder_version=&#8221;3.27.4&#8243; custom_margin=&#8221;|auto|5%|auto|false|false&#8221; custom_padding=&#8221;0px|||||&#8221; global_colors_info=&#8221;{}&#8221;][et_pb_column type=&#8221;1_5&#8243; _builder_version=&#8221;3.27.4&#8243; global_colors_info=&#8221;{}&#8221;][\/et_pb_column][et_pb_column type=&#8221;3_5&#8243; _builder_version=&#8221;3.27.4&#8243; global_colors_info=&#8221;{}&#8221;][et_pb_text _builder_version=&#8221;3.27.4&#8243; custom_padding=&#8221;||0px|||&#8221; global_colors_info=&#8221;{}&#8221;]<\/p>\n<p style=\"text-align: center\"><span style=\"color: #ffffff\">Together we can find the solution you are looking for.<\/span><\/p>\n<p>[\/et_pb_text][et_pb_button button_url=&#8221;@ET-DC@eyJkeW5hbWljIjp0cnVlLCJjb250ZW50IjoicG9zdF9saW5rX3VybF9wYWdlIiwic2V0dGluZ3MiOnsicG9zdF9pZCI6IjExOCJ9fQ==@&#8221; button_text=&#8221;CONTACT US&#8221; button_alignment=&#8221;center&#8221; _builder_version=&#8221;3.27.4&#8243; _dynamic_attributes=&#8221;button_url&#8221; background_layout=&#8221;dark&#8221; global_colors_info=&#8221;{}&#8221;][\/et_pb_button][\/et_pb_column][et_pb_column type=&#8221;1_5&#8243; _builder_version=&#8221;3.27.4&#8243; global_colors_info=&#8221;{}&#8221;][\/et_pb_column][\/et_pb_row][\/et_pb_section]<\/p>\n","protected":false},"excerpt":{"rendered":"<p>En esta entrevista con el Instituto Empresarial de Interim Management el Managing Partner de EIM Espa\u00f1a, Alfonso de Benito Secades, nos habla sobre los retos y soluciones de esta actividad y de la proyecci\u00f3n de negocio que tiene todav\u00eda en nuestro pa\u00eds.<\/p>\n","protected":false},"author":44,"featured_media":11002,"comment_status":"closed","ping_status":"closed","sticky":false,"template":"","format":"standard","meta":{"_et_pb_use_builder":"on","_et_pb_old_content":"[et_pb_section fb_built=\"1\" admin_label=\"Hero Section\" _builder_version=\"3.27.4\" use_background_color_gradient=\"on\" background_color_gradient_start=\"rgba(0,0,0,0.4)\" background_color_gradient_end=\"rgba(0,0,0,0.4)\" background_color_gradient_overlays_image=\"on\" background_image=\"https:\/\/eimworld.wpengine.com\/es\/wp-content\/uploads\/sites\/10\/2019\/10\/2019-02-25-1024x598.jpg\" height=\"520px\" custom_padding=\"6%||0%|||\" bottom_divider_style=\"slant\" bottom_divider_color=\"#ffffff\" bottom_divider_height=\"150px\" bottom_divider_flip=\"horizontal\" fb_built=\"1\" background_color_gradient_direction__hover=\"180deg\" background_color_gradient_direction__hover_enabled=\"180deg\" background_color_gradient_start_position__hover=\"0%\" background_color_gradient_start_position__hover_enabled=\"0%\" background_color_gradient_end_position__hover=\"100%\" background_color_gradient_end_position__hover_enabled=\"100%\" _i=\"0\" _address=\"0\"][et_pb_row disabled_on=\"off|off|off\" admin_label=\"Page Title Area\" _builder_version=\"3.27.4\" width=\"100%\" max_width=\"2560px\" module_alignment=\"center\" custom_margin=\"-2%|auto|0px|auto|false|false\" custom_padding=\"0px|||||\" _i=\"0\" _address=\"0.0\"][et_pb_column type=\"4_4\" _builder_version=\"3.25\" custom_padding=\"|||\" _i=\"0\" _address=\"0.0.0\" custom_padding__hover=\"|||\"][et_pb_text _builder_version=\"3.27.4\" text_font=\"|600|||||||\" text_text_color=\"#ffffff\" text_font_size=\"18px\" _i=\"0\" _address=\"0.0.0.0\"]<p style=\"text-align: center\">ENTREVISTAS<\/p>[\/et_pb_text][et_pb_text _builder_version=\"3.27.4\" text_font=\"|600|||||||\" text_text_color=\"#ffffff\" text_font_size=\"33px\" background_layout=\"dark\" _i=\"1\" _address=\"0.0.0.1\"]<p style=\"text-align: center\">Entrevista a Colin Povey<br> ex Chief Executive Officer CARLSBERG UK<\/p>[\/et_pb_text][\/et_pb_column][\/et_pb_row][\/et_pb_section][et_pb_section fb_built=\"1\" _builder_version=\"3.27.4\" custom_margin=\"||||false|false\" custom_padding=\"2px||2px||true|false\" bottom_divider_color=\"#d68804\" fb_built=\"1\" _i=\"1\" _address=\"1\"][et_pb_row admin_label=\"Title Area\" _builder_version=\"3.27.4\" background_color=\"rgba(0,0,0,0)\" width=\"100%\" module_alignment=\"center\" custom_margin=\"||||false|false\" custom_padding=\"0px|0px|0px|0px|false|false\" _i=\"0\" _address=\"1.0\"][et_pb_column type=\"4_4\" _builder_version=\"3.25\" custom_padding=\"|||\" _i=\"0\" _address=\"1.0.0\" custom_padding__hover=\"|||\"][et_pb_text admin_label=\"Title\" _builder_version=\"3.27.4\" text_font=\"||||||||\" header_font=\"Prata||||||||\" header_2_font=\"Montserrat|700|||||||\" header_2_text_align=\"center\" header_2_font_size=\"32px\" max_width=\"90%\" module_alignment=\"center\" custom_margin=\"5%||||false|false\" custom_padding=\"0%||||false|false\" animation_style=\"fade\" animation_direction=\"top\" animation_duration=\"1350ms\" animation_starting_opacity=\"100%\" inline_fonts=\"Prata,Montserrat\" _i=\"0\" _address=\"1.0.0.0\"]<blockquote>\n<h2><em><span style=\"font-family: Montserrat;color: #002c3e\">\"El Interim Mangement es un buen modelo de gesti\u00f3n que aporta frescura y energ\u00eda\"<\/span><\/em><\/h2>\n<\/blockquote>[\/et_pb_text][et_pb_text _builder_version=\"3.27.4\" text_font=\"||||||||\" text_font_size=\"16px\" header_font=\"||||||||\" max_width=\"90%\" module_alignment=\"center\" custom_margin=\"3%|0px|5%|0px|false|false\" custom_padding=\"|2%|0px|2%|false|false\" animation_style=\"flip\" animation_direction=\"left\" animation_intensity_flip=\"30%\" animation_starting_opacity=\"100%\" _i=\"1\" _address=\"1.0.0.1\"]<p style=\"text-align: justify\"><strong>Carlsberg UK<\/strong><span>\u00a0es la subsidiaria brit\u00e1nica del grupo cervecero dan\u00e9s\u00a0<\/span><strong>Carlsberg Breweries<\/strong><span>\u00a0d\u00f3nde Mr. Colin Povey entr\u00f3 en 1995 como Director de Recursos Humanos, pas\u00f3 despu\u00e9s por el puesto de Director Comercial y en enero de 2001 fue nombrado<\/span><strong><span>\u00a0<\/span>Chief Executive Officer<\/strong><span>\u00a0con m\u00e1s 2.700 personas a su cargo. A continuaci\u00f3n nos cuenta su\u00a0<\/span><strong>experiencia con el Interim Management<\/strong><span>\u00a0a lo largo de su trayectoria.<\/span><\/p>[\/et_pb_text][et_pb_text admin_label=\"Title\" _builder_version=\"3.27.4\" text_font=\"||||||||\" header_font=\"Prata||||||||\" header_2_font=\"Montserrat|700|||||||\" header_2_text_align=\"center\" header_2_font_size=\"32px\" max_width=\"90%\" module_alignment=\"center\" custom_margin=\"10%||||false|false\" custom_padding=\"0%|2%||2%|false|false\" animation_style=\"fade\" animation_direction=\"top\" animation_duration=\"1350ms\" animation_starting_opacity=\"100%\" inline_fonts=\"Prata,Montserrat\" _i=\"2\" _address=\"1.0.0.2\"]<h3 style=\"text-align: left\"><span style=\"font-family: Montserrat;color: #002c3e\">Mr. Colin, \u00bfCu\u00e1l es su experiencia en la contrataci\u00f3n de Interim Managers dentro de su equipo directivo?<\/span><\/h3>[\/et_pb_text][et_pb_text _builder_version=\"3.27.4\" text_font=\"||||||||\" text_font_size=\"16px\" header_font=\"||||||||\" max_width=\"90%\" module_alignment=\"center\" custom_margin=\"3%|0px|5%|0px|false|false\" custom_padding=\"|2%|0px|2%|false|false\" animation_style=\"flip\" animation_direction=\"left\" animation_intensity_flip=\"30%\" animation_starting_opacity=\"100%\" _i=\"3\" _address=\"1.0.0.3\"]<p style=\"text-align: justify\"><span>A lo largo de mi carrera profesional, antes en Thames Water y despu\u00e9s en Carlsberg UK, he tenido la oportunidad de trabajar con Interim Managers como responsables de \u00e1reas y proyectos ejecutivos importantes, gestionando procesos de cambio o proyectos especiales o aportando su experiencia en procesos de transici\u00f3n.\u00a0<\/span><strong>Creo que el uso de Interim Managers para este tipo de situaciones es muy conveniente<\/strong><span>\u00a0y creo que la tendencia de las empresas ser\u00e1 incrementar su uso en los pr\u00f3ximos a\u00f1os.<\/span><\/p>[\/et_pb_text][et_pb_text admin_label=\"Title\" _builder_version=\"3.27.4\" text_font=\"||||||||\" header_font=\"Prata||||||||\" header_2_font=\"Montserrat|700|||||||\" header_2_text_align=\"center\" header_2_font_size=\"32px\" max_width=\"90%\" module_alignment=\"center\" custom_margin=\"5%||||false|false\" custom_padding=\"0%|2%||2%|false|false\" animation_style=\"fade\" animation_direction=\"top\" animation_duration=\"1350ms\" animation_starting_opacity=\"100%\" inline_fonts=\"Prata,Montserrat\" _i=\"4\" _address=\"1.0.0.4\"]<h3 style=\"text-align: left\"><span style=\"font-family: Montserrat;color: #002c3e\">\u00bfC\u00f3mo ha cambiado su percepci\u00f3n sobre el Interim Management?<\/span><\/h3>[\/et_pb_text][et_pb_text _builder_version=\"3.27.4\" text_font=\"||||||||\" text_font_size=\"16px\" header_font=\"||||||||\" max_width=\"90%\" module_alignment=\"center\" custom_margin=\"3%|0px|5%|0px|false|false\" custom_padding=\"|2%|0px|2%|false|false\" animation_style=\"flip\" animation_direction=\"left\" animation_intensity_flip=\"30%\" animation_starting_opacity=\"100%\" _i=\"5\" _address=\"1.0.0.5\"]<p style=\"text-align: justify\"><span>El Interim Management se sol\u00eda ver como un retroceso en la carrera profesional del ejecutivo, pues era ejercido por los directivos durante los periodos entre dos trabajos. En la d\u00e9cada de los 90 la percepci\u00f3n comenz\u00f3 a cambiar. Ahora un creciente n\u00famero de ejecutivos deciden utilizar el\u00a0<\/span><strong>Interim Management como una elecci\u00f3n de carrera profesional.<\/strong><span>\u00a0Se ve como algo positivo, tanto desde el punto de vista de los ejecutivos como de las empresas que lo utilizan.<\/span><\/p>[\/et_pb_text][et_pb_text admin_label=\"Title\" _builder_version=\"3.27.4\" text_font=\"||||||||\" header_font=\"Prata||||||||\" header_2_font=\"Montserrat|700|||||||\" header_2_text_align=\"center\" header_2_font_size=\"32px\" max_width=\"90%\" module_alignment=\"center\" custom_margin=\"5%||||false|false\" custom_padding=\"0%|2%||2%|false|false\" animation_style=\"fade\" animation_direction=\"top\" animation_duration=\"1350ms\" animation_starting_opacity=\"100%\" inline_fonts=\"Prata,Montserrat\" _i=\"6\" _address=\"1.0.0.6\"]<h3 style=\"text-align: left\"><span style=\"font-family: Montserrat;color: #002c3e\">\u00bfCu\u00e1l es el valor a\u00f1adido que aporta el Interim Management a las organizaciones?<\/span><\/h3>[\/et_pb_text][et_pb_text _builder_version=\"3.27.4\" text_font=\"||||||||\" text_font_size=\"16px\" header_font=\"||||||||\" max_width=\"90%\" module_alignment=\"center\" custom_margin=\"3%|0px|5%|0px|false|false\" custom_padding=\"|2%|0px|2%|false|false\" animation_style=\"flip\" animation_direction=\"left\" animation_intensity_flip=\"30%\" animation_starting_opacity=\"100%\" _i=\"7\" _address=\"1.0.0.7\"]<p style=\"text-align: justify\"><span>Pienso que\u00a0<\/span><strong>el Interim Management es un modelo de gesti\u00f3n que aporta frescura y energ\u00eda<\/strong><span>. En Carlsberg, utilizamos expatriados durante 12 a 24 meses para aumentar la creatividad y el desarrollo internacional de la organizaci\u00f3n. Entiendo que el Interim Management puede desempe\u00f1ar un papel similar. Alguien podr\u00eda argumentar que el Interim Manager no puede tener la soluci\u00f3n o que no puede tener el mismo nivel de empat\u00eda que un empleado. Pero pienso que su imparcialidad es s\u00f3lo una ventaja, no un problema.<\/span><\/p>[\/et_pb_text][et_pb_text admin_label=\"Title\" _builder_version=\"3.27.4\" text_font=\"||||||||\" header_font=\"Prata||||||||\" header_2_font=\"Montserrat|700|||||||\" header_2_text_align=\"center\" header_2_font_size=\"32px\" max_width=\"90%\" module_alignment=\"center\" custom_margin=\"5%||||false|false\" custom_padding=\"0%|2%||2%|false|false\" animation_style=\"fade\" animation_direction=\"top\" animation_duration=\"1350ms\" animation_starting_opacity=\"100%\" inline_fonts=\"Prata,Montserrat\" _i=\"8\" _address=\"1.0.0.8\"]<h3 style=\"text-align: left\"><span style=\"font-family: Montserrat;color: #002c3e\">\u00bfCu\u00e1les son los principales atributos de un Interim Manager?<\/span><\/h3>[\/et_pb_text][et_pb_text _builder_version=\"3.27.4\" text_font=\"||||||||\" text_font_size=\"16px\" header_font=\"||||||||\" max_width=\"90%\" module_alignment=\"center\" custom_margin=\"3%|0px|5%|0px|false|false\" custom_padding=\"|2%|0px|2%|false|false\" animation_style=\"flip\" animation_direction=\"left\" animation_intensity_flip=\"30%\" animation_starting_opacity=\"100%\" _i=\"9\" _address=\"1.0.0.9\"]<p style=\"text-align: justify\"><span>Los negocios no son est\u00e1ticos, son din\u00e1micos, vivos. Gestionar una transici\u00f3n es la clave para el \u00e9xito futuro.\u00a0<\/span><strong>Los Interim Managers son expertos en gestionar cambios<\/strong><span>. Han de ser sobre cualificados con respecto a la responsabilidad asumida. No pierden tiempo en construir relaciones, tienen que ser muy operativos. De una manera similar a los Interim Managers, los responsables de Recursos Humanos tienen que sentirse muy confortables con el cambio y su gesti\u00f3n. La gente que tiene estas cualidades normalmente elige ser Interim Managers.<\/span><\/p>[\/et_pb_text][et_pb_text admin_label=\"Title\" _builder_version=\"3.27.4\" text_font=\"||||||||\" header_font=\"Prata||||||||\" header_2_font=\"Montserrat|700|||||||\" header_2_text_align=\"center\" header_2_font_size=\"32px\" max_width=\"90%\" module_alignment=\"center\" custom_margin=\"5%||||false|false\" custom_padding=\"0%|2%||2%|false|false\" animation_style=\"fade\" animation_direction=\"top\" animation_duration=\"1350ms\" animation_starting_opacity=\"100%\" inline_fonts=\"Prata,Montserrat\" _i=\"10\" _address=\"1.0.0.10\"]<h3 style=\"text-align: left\"><span style=\"font-family: Montserrat;color: #002c3e\">\u00bfCu\u00e1l es la contribuci\u00f3n de las firmas especializadas en Interim Management, como EIM?<\/span><\/h3>[\/et_pb_text][et_pb_text _builder_version=\"3.27.4\" text_font=\"||||||||\" text_font_size=\"16px\" header_font=\"||||||||\" max_width=\"90%\" module_alignment=\"center\" custom_margin=\"3%|0px|15%|0px|false|false\" custom_padding=\"|2%|0px|2%|false|false\" animation_style=\"flip\" animation_direction=\"left\" animation_intensity_flip=\"30%\" animation_starting_opacity=\"100%\" _i=\"11\" _address=\"1.0.0.11\"]<p style=\"text-align: justify\"><span>Sin duda aportan valor. Conocen su negocio y las caracter\u00edsticas de los profesionales que se necesitan. Es mucho mejor que asumir el riesgo de un aluvi\u00f3n de CV que llegan a nuestros despachos. Creo que la demanda creciente de Interim Managers para puestos ejecutivos y directivos continuar\u00e1 en los pr\u00f3ximos a\u00f1os.<\/span><\/p>[\/et_pb_text][\/et_pb_column][\/et_pb_row][\/et_pb_section][et_pb_section fb_built=\"1\" _builder_version=\"3.27.4\" background_color=\"#D68804\" custom_margin=\"||||false|false\" top_divider_style=\"slant\" top_divider_color=\"#ffffff\" top_divider_flip=\"vertical\" bottom_divider_color=\"#ffffff\" bottom_divider_flip=\"horizontal\" fb_built=\"1\" _i=\"2\" _address=\"2\"][et_pb_row _builder_version=\"3.27.4\" custom_margin=\"-46px|auto||auto||\" custom_padding=\"60px|||||\" _i=\"0\" _address=\"2.0\"][et_pb_column type=\"4_4\" _builder_version=\"3.27.4\" _i=\"0\" _address=\"2.0.0\"][et_pb_text admin_label=\"Title\" _builder_version=\"3.27.4\" text_font=\"||||||||\" text_text_color=\"#ffffff\" header_font=\"Prata||||||||\" header_2_font=\"Montserrat|700|||||||\" header_2_text_align=\"center\" header_2_font_size=\"30px\" custom_margin=\"5%||5px||false|false\" custom_padding=\"||0px|||\" animation_style=\"fade\" animation_direction=\"top\" animation_duration=\"1350ms\" animation_starting_opacity=\"100%\" inline_fonts=\"Prata,Montserrat\" _i=\"0\" _address=\"2.0.0.0\"]<h2><span style=\"font-family: Montserrat;color: #ffffff\">Get in touch with us<\/span><\/h2>[\/et_pb_text][\/et_pb_column][\/et_pb_row][et_pb_row column_structure=\"1_5,3_5,1_5\" _builder_version=\"3.27.4\" custom_margin=\"|auto|5%|auto|false|false\" custom_padding=\"0px|||||\" _i=\"1\" _address=\"2.1\"][et_pb_column type=\"1_5\" _builder_version=\"3.27.4\" _i=\"0\" _address=\"2.1.0\"][\/et_pb_column][et_pb_column type=\"3_5\" _builder_version=\"3.27.4\" _i=\"1\" _address=\"2.1.1\"][et_pb_text _builder_version=\"3.27.4\" custom_padding=\"||0px|||\" _i=\"0\" _address=\"2.1.1.0\"]<p style=\"text-align: center\"><span style=\"color: #ffffff\">Together we can find the solution you are looking for.<\/span><\/p>[\/et_pb_text][et_pb_button button_url=\"@ET-DC@eyJkeW5hbWljIjp0cnVlLCJjb250ZW50IjoicG9zdF9saW5rX3VybF9wYWdlIiwic2V0dGluZ3MiOnsicG9zdF9pZCI6IjExOCJ9fQ==@\" button_text=\"CONTACT US\" button_alignment=\"center\" _builder_version=\"3.27.4\" background_layout=\"dark\" hover_enabled=\"0\" _i=\"1\" _address=\"2.1.1.1\" _dynamic_attributes=\"button_url\"][\/et_pb_button][\/et_pb_column][et_pb_column type=\"1_5\" _builder_version=\"3.27.4\" _i=\"2\" _address=\"2.1.2\"][\/et_pb_column][\/et_pb_row][\/et_pb_section]","_et_gb_content_width":"","footnotes":""},"categories":[63],"tags":[],"class_list":["post-11001","post","type-post","status-publish","format-standard","has-post-thumbnail","hentry","category-entrevistas"],"yoast_head":"<!-- This site is optimized with the Yoast SEO Premium plugin v27.5 (Yoast SEO v27.5) - https:\/\/yoast.com\/product\/yoast-seo-premium-wordpress\/ -->\n<title>Entrevista a Alfonso de Benito Secades, Managing Partner de EIM Espa\u00f1a - Interim Management | EIM Spain<\/title>\n<meta name=\"description\" content=\"Alfonso de Benito Secades \u2013 Managing Partner de EIM Espa\u00f1a (Executive Interim Management). Socio fundador del Instituto Empresarial de Interim Management.\" \/>\n<meta name=\"robots\" content=\"index, follow, max-snippet:-1, max-image-preview:large, max-video-preview:-1\" \/>\n<link rel=\"canonical\" href=\"https:\/\/www.eim.com\/es\/entrevistas\/entrevista-a-alfonsodebenito-managing-partner-eim-espana\/\" \/>\n<meta property=\"og:locale\" content=\"es_ES\" \/>\n<meta property=\"og:type\" content=\"article\" \/>\n<meta property=\"og:title\" content=\"Entrevista a Alfonso de Benito Secades, Managing Partner de EIM Espa\u00f1a\" \/>\n<meta property=\"og:description\" content=\"Alfonso de Benito Secades \u2013 Managing Partner de EIM Espa\u00f1a (Executive Interim Management). Socio fundador del Instituto Empresarial de Interim Management.\" \/>\n<meta property=\"og:url\" content=\"https:\/\/www.eim.com\/es\/entrevistas\/entrevista-a-alfonsodebenito-managing-partner-eim-espana\/\" \/>\n<meta property=\"og:site_name\" content=\"Interim Management | EIM Spain\" \/>\n<meta property=\"article:published_time\" content=\"2021-05-31T17:41:03+00:00\" \/>\n<meta property=\"article:modified_time\" content=\"2022-02-14T14:31:34+00:00\" \/>\n<meta property=\"og:image\" content=\"https:\/\/www.eim.com\/es\/wp-content\/uploads\/sites\/10\/2021\/05\/cabecera-Alfonso-de-Benito.jpg\" \/>\n\t<meta property=\"og:image:width\" content=\"1073\" \/>\n\t<meta property=\"og:image:height\" content=\"394\" \/>\n\t<meta property=\"og:image:type\" content=\"image\/jpeg\" \/>\n<meta name=\"twitter:card\" content=\"summary_large_image\" \/>\n<meta name=\"twitter:label1\" content=\"Escrito por\" \/>\n\t<meta name=\"twitter:data1\" content=\"\" \/>\n\t<meta name=\"twitter:label2\" content=\"Tiempo de lectura\" \/>\n\t<meta name=\"twitter:data2\" content=\"5 minutos\" \/>\n<script type=\"application\/ld+json\" class=\"yoast-schema-graph\">{\"@context\":\"https:\\\/\\\/schema.org\",\"@graph\":[{\"@type\":\"Article\",\"@id\":\"https:\\\/\\\/www.eim.com\\\/es\\\/entrevistas\\\/entrevista-a-alfonsodebenito-managing-partner-eim-espana\\\/#article\",\"isPartOf\":{\"@id\":\"https:\\\/\\\/www.eim.com\\\/es\\\/entrevistas\\\/entrevista-a-alfonsodebenito-managing-partner-eim-espana\\\/\"},\"author\":{\"name\":\"\",\"@id\":\"\"},\"headline\":\"Entrevista a Alfonso de Benito Secades, Managing Partner de EIM Espa\u00f1a\",\"datePublished\":\"2021-05-31T17:41:03+00:00\",\"dateModified\":\"2022-02-14T14:31:34+00:00\",\"mainEntityOfPage\":{\"@id\":\"https:\\\/\\\/www.eim.com\\\/es\\\/entrevistas\\\/entrevista-a-alfonsodebenito-managing-partner-eim-espana\\\/\"},\"wordCount\":1795,\"image\":{\"@id\":\"https:\\\/\\\/www.eim.com\\\/es\\\/entrevistas\\\/entrevista-a-alfonsodebenito-managing-partner-eim-espana\\\/#primaryimage\"},\"thumbnailUrl\":\"https:\\\/\\\/www.eim.com\\\/es\\\/wp-content\\\/uploads\\\/sites\\\/10\\\/2021\\\/05\\\/cabecera-Alfonso-de-Benito.jpg\",\"articleSection\":[\"Entrevistas\"],\"inLanguage\":\"es\"},{\"@type\":\"WebPage\",\"@id\":\"https:\\\/\\\/www.eim.com\\\/es\\\/entrevistas\\\/entrevista-a-alfonsodebenito-managing-partner-eim-espana\\\/\",\"url\":\"https:\\\/\\\/www.eim.com\\\/es\\\/entrevistas\\\/entrevista-a-alfonsodebenito-managing-partner-eim-espana\\\/\",\"name\":\"Entrevista a Alfonso de Benito Secades, Managing Partner de EIM Espa\u00f1a - Interim Management | EIM Spain\",\"isPartOf\":{\"@id\":\"https:\\\/\\\/www.eim.com\\\/es\\\/#website\"},\"primaryImageOfPage\":{\"@id\":\"https:\\\/\\\/www.eim.com\\\/es\\\/entrevistas\\\/entrevista-a-alfonsodebenito-managing-partner-eim-espana\\\/#primaryimage\"},\"image\":{\"@id\":\"https:\\\/\\\/www.eim.com\\\/es\\\/entrevistas\\\/entrevista-a-alfonsodebenito-managing-partner-eim-espana\\\/#primaryimage\"},\"thumbnailUrl\":\"https:\\\/\\\/www.eim.com\\\/es\\\/wp-content\\\/uploads\\\/sites\\\/10\\\/2021\\\/05\\\/cabecera-Alfonso-de-Benito.jpg\",\"datePublished\":\"2021-05-31T17:41:03+00:00\",\"dateModified\":\"2022-02-14T14:31:34+00:00\",\"author\":{\"@id\":\"\"},\"description\":\"Alfonso de Benito Secades \u2013 Managing Partner de EIM Espa\u00f1a (Executive Interim Management). Socio fundador del Instituto Empresarial de Interim Management.\",\"breadcrumb\":{\"@id\":\"https:\\\/\\\/www.eim.com\\\/es\\\/entrevistas\\\/entrevista-a-alfonsodebenito-managing-partner-eim-espana\\\/#breadcrumb\"},\"inLanguage\":\"es\",\"potentialAction\":[{\"@type\":\"ReadAction\",\"target\":[\"https:\\\/\\\/www.eim.com\\\/es\\\/entrevistas\\\/entrevista-a-alfonsodebenito-managing-partner-eim-espana\\\/\"]}]},{\"@type\":\"ImageObject\",\"inLanguage\":\"es\",\"@id\":\"https:\\\/\\\/www.eim.com\\\/es\\\/entrevistas\\\/entrevista-a-alfonsodebenito-managing-partner-eim-espana\\\/#primaryimage\",\"url\":\"https:\\\/\\\/www.eim.com\\\/es\\\/wp-content\\\/uploads\\\/sites\\\/10\\\/2021\\\/05\\\/cabecera-Alfonso-de-Benito.jpg\",\"contentUrl\":\"https:\\\/\\\/www.eim.com\\\/es\\\/wp-content\\\/uploads\\\/sites\\\/10\\\/2021\\\/05\\\/cabecera-Alfonso-de-Benito.jpg\",\"width\":1073,\"height\":394},{\"@type\":\"BreadcrumbList\",\"@id\":\"https:\\\/\\\/www.eim.com\\\/es\\\/entrevistas\\\/entrevista-a-alfonsodebenito-managing-partner-eim-espana\\\/#breadcrumb\",\"itemListElement\":[{\"@type\":\"ListItem\",\"position\":1,\"name\":\"Home\",\"item\":\"https:\\\/\\\/www.eim.com\\\/es\\\/\"},{\"@type\":\"ListItem\",\"position\":2,\"name\":\"Entrevista a Alfonso de Benito Secades, Managing Partner de EIM Espa\u00f1a\"}]},{\"@type\":\"WebSite\",\"@id\":\"https:\\\/\\\/www.eim.com\\\/es\\\/#website\",\"url\":\"https:\\\/\\\/www.eim.com\\\/es\\\/\",\"name\":\"Interim Management | EIM Spain\",\"description\":\"El interim manager que su empresa necesita\",\"potentialAction\":[{\"@type\":\"SearchAction\",\"target\":{\"@type\":\"EntryPoint\",\"urlTemplate\":\"https:\\\/\\\/www.eim.com\\\/es\\\/?s={search_term_string}\"},\"query-input\":{\"@type\":\"PropertyValueSpecification\",\"valueRequired\":true,\"valueName\":\"search_term_string\"}}],\"inLanguage\":\"es\"},{\"@type\":\"Person\",\"@id\":\"\",\"url\":\"https:\\\/\\\/www.eim.com\\\/es\\\/author\\\/\"}]}<\/script>\n<!-- \/ Yoast SEO Premium plugin. -->","yoast_head_json":{"title":"Entrevista a Alfonso de Benito Secades, Managing Partner de EIM Espa\u00f1a - Interim Management | EIM Spain","description":"Alfonso de Benito Secades \u2013 Managing Partner de EIM Espa\u00f1a (Executive Interim Management). Socio fundador del Instituto Empresarial de Interim Management.","robots":{"index":"index","follow":"follow","max-snippet":"max-snippet:-1","max-image-preview":"max-image-preview:large","max-video-preview":"max-video-preview:-1"},"canonical":"https:\/\/www.eim.com\/es\/entrevistas\/entrevista-a-alfonsodebenito-managing-partner-eim-espana\/","og_locale":"es_ES","og_type":"article","og_title":"Entrevista a Alfonso de Benito Secades, Managing Partner de EIM Espa\u00f1a","og_description":"Alfonso de Benito Secades \u2013 Managing Partner de EIM Espa\u00f1a (Executive Interim Management). Socio fundador del Instituto Empresarial de Interim Management.","og_url":"https:\/\/www.eim.com\/es\/entrevistas\/entrevista-a-alfonsodebenito-managing-partner-eim-espana\/","og_site_name":"Interim Management | EIM Spain","article_published_time":"2021-05-31T17:41:03+00:00","article_modified_time":"2022-02-14T14:31:34+00:00","og_image":[{"width":1073,"height":394,"url":"https:\/\/www.eim.com\/es\/wp-content\/uploads\/sites\/10\/2021\/05\/cabecera-Alfonso-de-Benito.jpg","type":"image\/jpeg"}],"twitter_card":"summary_large_image","twitter_misc":{"Escrito por":"","Tiempo de lectura":"5 minutos"},"schema":{"@context":"https:\/\/schema.org","@graph":[{"@type":"Article","@id":"https:\/\/www.eim.com\/es\/entrevistas\/entrevista-a-alfonsodebenito-managing-partner-eim-espana\/#article","isPartOf":{"@id":"https:\/\/www.eim.com\/es\/entrevistas\/entrevista-a-alfonsodebenito-managing-partner-eim-espana\/"},"author":{"name":"","@id":""},"headline":"Entrevista a Alfonso de Benito Secades, Managing Partner de EIM Espa\u00f1a","datePublished":"2021-05-31T17:41:03+00:00","dateModified":"2022-02-14T14:31:34+00:00","mainEntityOfPage":{"@id":"https:\/\/www.eim.com\/es\/entrevistas\/entrevista-a-alfonsodebenito-managing-partner-eim-espana\/"},"wordCount":1795,"image":{"@id":"https:\/\/www.eim.com\/es\/entrevistas\/entrevista-a-alfonsodebenito-managing-partner-eim-espana\/#primaryimage"},"thumbnailUrl":"https:\/\/www.eim.com\/es\/wp-content\/uploads\/sites\/10\/2021\/05\/cabecera-Alfonso-de-Benito.jpg","articleSection":["Entrevistas"],"inLanguage":"es"},{"@type":"WebPage","@id":"https:\/\/www.eim.com\/es\/entrevistas\/entrevista-a-alfonsodebenito-managing-partner-eim-espana\/","url":"https:\/\/www.eim.com\/es\/entrevistas\/entrevista-a-alfonsodebenito-managing-partner-eim-espana\/","name":"Entrevista a Alfonso de Benito Secades, Managing Partner de EIM Espa\u00f1a - Interim Management | EIM Spain","isPartOf":{"@id":"https:\/\/www.eim.com\/es\/#website"},"primaryImageOfPage":{"@id":"https:\/\/www.eim.com\/es\/entrevistas\/entrevista-a-alfonsodebenito-managing-partner-eim-espana\/#primaryimage"},"image":{"@id":"https:\/\/www.eim.com\/es\/entrevistas\/entrevista-a-alfonsodebenito-managing-partner-eim-espana\/#primaryimage"},"thumbnailUrl":"https:\/\/www.eim.com\/es\/wp-content\/uploads\/sites\/10\/2021\/05\/cabecera-Alfonso-de-Benito.jpg","datePublished":"2021-05-31T17:41:03+00:00","dateModified":"2022-02-14T14:31:34+00:00","author":{"@id":""},"description":"Alfonso de Benito Secades \u2013 Managing Partner de EIM Espa\u00f1a (Executive Interim Management). Socio fundador del Instituto Empresarial de Interim Management.","breadcrumb":{"@id":"https:\/\/www.eim.com\/es\/entrevistas\/entrevista-a-alfonsodebenito-managing-partner-eim-espana\/#breadcrumb"},"inLanguage":"es","potentialAction":[{"@type":"ReadAction","target":["https:\/\/www.eim.com\/es\/entrevistas\/entrevista-a-alfonsodebenito-managing-partner-eim-espana\/"]}]},{"@type":"ImageObject","inLanguage":"es","@id":"https:\/\/www.eim.com\/es\/entrevistas\/entrevista-a-alfonsodebenito-managing-partner-eim-espana\/#primaryimage","url":"https:\/\/www.eim.com\/es\/wp-content\/uploads\/sites\/10\/2021\/05\/cabecera-Alfonso-de-Benito.jpg","contentUrl":"https:\/\/www.eim.com\/es\/wp-content\/uploads\/sites\/10\/2021\/05\/cabecera-Alfonso-de-Benito.jpg","width":1073,"height":394},{"@type":"BreadcrumbList","@id":"https:\/\/www.eim.com\/es\/entrevistas\/entrevista-a-alfonsodebenito-managing-partner-eim-espana\/#breadcrumb","itemListElement":[{"@type":"ListItem","position":1,"name":"Home","item":"https:\/\/www.eim.com\/es\/"},{"@type":"ListItem","position":2,"name":"Entrevista a Alfonso de Benito Secades, Managing Partner de EIM Espa\u00f1a"}]},{"@type":"WebSite","@id":"https:\/\/www.eim.com\/es\/#website","url":"https:\/\/www.eim.com\/es\/","name":"Interim Management | EIM Spain","description":"El interim manager que su empresa necesita","potentialAction":[{"@type":"SearchAction","target":{"@type":"EntryPoint","urlTemplate":"https:\/\/www.eim.com\/es\/?s={search_term_string}"},"query-input":{"@type":"PropertyValueSpecification","valueRequired":true,"valueName":"search_term_string"}}],"inLanguage":"es"},{"@type":"Person","@id":"","url":"https:\/\/www.eim.com\/es\/author\/"}]}},"_links":{"self":[{"href":"https:\/\/www.eim.com\/es\/wp-json\/wp\/v2\/posts\/11001","targetHints":{"allow":["GET"]}}],"collection":[{"href":"https:\/\/www.eim.com\/es\/wp-json\/wp\/v2\/posts"}],"about":[{"href":"https:\/\/www.eim.com\/es\/wp-json\/wp\/v2\/types\/post"}],"author":[{"embeddable":true,"href":"https:\/\/www.eim.com\/es\/wp-json\/wp\/v2\/users\/44"}],"replies":[{"embeddable":true,"href":"https:\/\/www.eim.com\/es\/wp-json\/wp\/v2\/comments?post=11001"}],"version-history":[{"count":0,"href":"https:\/\/www.eim.com\/es\/wp-json\/wp\/v2\/posts\/11001\/revisions"}],"wp:featuredmedia":[{"embeddable":true,"href":"https:\/\/www.eim.com\/es\/wp-json\/wp\/v2\/media\/11002"}],"wp:attachment":[{"href":"https:\/\/www.eim.com\/es\/wp-json\/wp\/v2\/media?parent=11001"}],"wp:term":[{"taxonomy":"category","embeddable":true,"href":"https:\/\/www.eim.com\/es\/wp-json\/wp\/v2\/categories?post=11001"},{"taxonomy":"post_tag","embeddable":true,"href":"https:\/\/www.eim.com\/es\/wp-json\/wp\/v2\/tags?post=11001"}],"curies":[{"name":"wp","href":"https:\/\/api.w.org\/{rel}","templated":true}]}}