{"id":905,"date":"2019-12-05T23:04:32","date_gmt":"2019-12-05T22:04:32","guid":{"rendered":"https:\/\/www.eim.com\/de\/?p=905"},"modified":"2024-03-07T12:26:16","modified_gmt":"2024-03-07T11:26:16","slug":"informationstechnologie","status":"publish","type":"post","link":"https:\/\/www.eim.com\/de\/karriere-fuer-fuehrungskraefte\/informationstechnologie\/","title":{"rendered":"Informationstechnologie"},"content":{"rendered":"<p>[et_pb_section fb_built=&#8221;1&#8243; admin_label=&#8221;Hero Section&#8221; _builder_version=&#8221;4.16&#8243; use_background_color_gradient=&#8221;on&#8221; background_color_gradient_stops=&#8221;rgba(0,0,0,0.4) 0%|rgba(0,0,0,0.4) 100%&#8221; background_color_gradient_overlays_image=&#8221;on&#8221; background_color_gradient_start=&#8221;rgba(0,0,0,0.4)&#8221; background_color_gradient_end=&#8221;rgba(0,0,0,0.4)&#8221; background_image=&#8221;https:\/\/www.eim.com\/de\/wp-content\/uploads\/sites\/4\/2019\/10\/hitech.jpeg&#8221; height=&#8221;520px&#8221; custom_padding=&#8221;6%||0%|||&#8221; bottom_divider_style=&#8221;slant&#8221; bottom_divider_color=&#8221;#ffffff&#8221; bottom_divider_height=&#8221;150px&#8221; bottom_divider_flip=&#8221;horizontal&#8221; global_colors_info=&#8221;{}&#8221; background_color_gradient_direction__hover=&#8221;180deg&#8221; background_color_gradient_direction__hover_enabled=&#8221;180deg&#8221; background_color_gradient_start_position__hover=&#8221;0%&#8221; background_color_gradient_start_position__hover_enabled=&#8221;0%&#8221; background_color_gradient_end_position__hover=&#8221;100%&#8221; background_color_gradient_end_position__hover_enabled=&#8221;100%&#8221; background_color_gradient_stops__hover=&#8221;rgba(0,0,0,0.4) 0%|rgba(0,0,0,0.4) 100%&#8221;][et_pb_row disabled_on=&#8221;off|off|off&#8221; admin_label=&#8221;Page Title Area&#8221; _builder_version=&#8221;4.16&#8243; width=&#8221;100%&#8221; max_width=&#8221;2560px&#8221; module_alignment=&#8221;center&#8221; custom_margin=&#8221;-2%|auto|0px|auto|false|false&#8221; custom_padding=&#8221;0px|||||&#8221; global_colors_info=&#8221;{}&#8221;][et_pb_column type=&#8221;4_4&#8243; _builder_version=&#8221;4.16&#8243; custom_padding=&#8221;|||&#8221; global_colors_info=&#8221;{}&#8221; custom_padding__hover=&#8221;|||&#8221;][et_pb_text _builder_version=&#8221;4.16&#8243; text_font=&#8221;|600|||||||&#8221; text_text_color=&#8221;#ffffff&#8221; text_font_size=&#8221;18px&#8221; global_colors_info=&#8221;{}&#8221;]<\/p>\n<p style=\"text-align: center\">Warum Sie mit EIM durchstarten sollten in der<\/p>\n<p>[\/et_pb_text][et_pb_text _builder_version=&#8221;4.24.2&#8243; text_font=&#8221;|600|||||||&#8221; text_text_color=&#8221;#ffffff&#8221; text_font_size=&#8221;33px&#8221; background_layout=&#8221;dark&#8221; hover_enabled=&#8221;0&#8243; global_colors_info=&#8221;{}&#8221; sticky_enabled=&#8221;0&#8243;]<\/p>\n<h1 style=\"text-align: center\">Informationstechnologie<\/h1>\n<p>[\/et_pb_text][\/et_pb_column][\/et_pb_row][\/et_pb_section][et_pb_section fb_built=&#8221;1&#8243; _builder_version=&#8221;4.16&#8243; custom_margin=&#8221;||||false|false&#8221; custom_padding=&#8221;2px||||false|false&#8221; bottom_divider_style=&#8221;slant&#8221; bottom_divider_color=&#8221;#DB9300&#8243; global_colors_info=&#8221;{}&#8221;][et_pb_row admin_label=&#8221;Title Area&#8221; _builder_version=&#8221;4.16&#8243; background_color=&#8221;rgba(0,0,0,0)&#8221; width=&#8221;100%&#8221; module_alignment=&#8221;center&#8221; custom_margin=&#8221;||||false|false&#8221; custom_padding=&#8221;0px|0px|0px|0px|false|false&#8221; global_colors_info=&#8221;{}&#8221;][et_pb_column type=&#8221;4_4&#8243; _builder_version=&#8221;4.16&#8243; custom_padding=&#8221;|||&#8221; global_colors_info=&#8221;{}&#8221; custom_padding__hover=&#8221;|||&#8221;][et_pb_text admin_label=&#8221;Title&#8221; _builder_version=&#8221;4.16&#8243; text_font=&#8221;||||||||&#8221; header_font=&#8221;Prata||||||||&#8221; header_2_font=&#8221;Montserrat|700|||||||&#8221; header_2_text_align=&#8221;center&#8221; header_2_font_size=&#8221;32px&#8221; custom_margin=&#8221;5%||||false|false&#8221; custom_padding=&#8221;0%||||false|false&#8221; animation_style=&#8221;fade&#8221; animation_direction=&#8221;top&#8221; animation_duration=&#8221;1350ms&#8221; animation_starting_opacity=&#8221;100%&#8221; inline_fonts=&#8221;Prata,Montserrat&#8221; global_colors_info=&#8221;{}&#8221;]<\/p>\n<h2><span style=\"font-family: Montserrat;color: #002c3e\">Geben Sie Ihrer Karriere als IT-Manager einen Kick!<\/span><\/h2>\n<p>[\/et_pb_text][\/et_pb_column][\/et_pb_row][et_pb_row column_structure=&#8221;1_2,1_2&#8243; admin_label=&#8221;Title Area&#8221; _builder_version=&#8221;4.16&#8243; background_color=&#8221;rgba(0,0,0,0)&#8221; max_width=&#8221;1028px&#8221; module_alignment=&#8221;center&#8221; custom_margin=&#8221;||||false|false&#8221; custom_padding=&#8221;|0px|2%|0px|false|false&#8221; global_colors_info=&#8221;{}&#8221;][et_pb_column type=&#8221;1_2&#8243; _builder_version=&#8221;4.16&#8243; custom_padding=&#8221;|||&#8221; global_colors_info=&#8221;{}&#8221; custom_padding__hover=&#8221;|||&#8221;][et_pb_text _builder_version=&#8221;4.16&#8243; text_font=&#8221;||||||||&#8221; text_font_size=&#8221;16px&#8221; header_font=&#8221;||||||||&#8221; module_alignment=&#8221;center&#8221; custom_margin=&#8221;|0px|2%|0px|false|false&#8221; custom_padding=&#8221;||||false|false&#8221; animation_style=&#8221;flip&#8221; animation_direction=&#8221;left&#8221; animation_intensity_flip=&#8221;30%&#8221; animation_starting_opacity=&#8221;100%&#8221; global_colors_info=&#8221;{}&#8221;]<\/p>\n<div class=\"col-md-6\">\n<p style=\"text-align: justify\">Als erfahrener IT-Manager (m\/w\/d) tragen Sie entscheidend zum Unternehmenserfolg bei, denn effiziente IT-Systeme und reibungslos funktionierende IT-Prozesse sind heutzutage Basisvoraussetzungen f\u00fcr ein erfolgreiches Management, unabh\u00e4ngig von der Gr\u00f6\u00dfe und der Branche des Betriebs, in dem Sie t\u00e4tig sind.<\/p>\n<p style=\"text-align: justify\">Sie sind geistig flexibel, verf\u00fcgen \u00fcber eine angemessene Risikofreude, die allerdings jederzeit die Ziele vor Augen hat und nicht \u00fcber diese hinausschie\u00dft. Sie bringen eine st\u00e4ndige Lernbereitschaft mit, weil Sie genau wissen, dass die Informationstechnologie sich immer weiter entwickelt. Sie sind in der Lage, strategisch, pragmatisch und kostenbewusst zu denken und zu handeln. Sie stellen sich jederzeit den sich wandelnden Herausforderungen der Globalisierung und halten mit der Geschwindigkeit neuer IT-Projekte mit.<\/p>\n<p style=\"text-align: justify\">Sie sind vertraut mit der Projektleitung s\u00e4mtlicher Themen, die f\u00fcr ein exzellentes IT-Management unabdingbar sind, ganz gleich, ob ein neues System eingef\u00fchrt werden muss oder eine fortschrittliche Software, mit der sich Gesch\u00e4fts- und Produktionsprozesse vereinfachen bzw. beschleunigen lassen. Sie strukturieren diese Themen strukturieren und entwickeln f\u00fcr die einzelnen Schritte einen logischen und stimmigen Ablaufplan.<\/p>\n<\/div>\n<p>[\/et_pb_text][\/et_pb_column][et_pb_column type=&#8221;1_2&#8243; _builder_version=&#8221;4.16&#8243; custom_padding=&#8221;|||&#8221; global_colors_info=&#8221;{}&#8221; custom_padding__hover=&#8221;|||&#8221;][et_pb_text _builder_version=&#8221;4.16&#8243; text_font=&#8221;||||||||&#8221; text_font_size=&#8221;16px&#8221; header_font=&#8221;||||||||&#8221; module_alignment=&#8221;center&#8221; custom_margin=&#8221;|0px|0px|0px|false|false&#8221; custom_margin_tablet=&#8221;||2%||false|false&#8221; custom_margin_phone=&#8221;&#8221; custom_margin_last_edited=&#8221;on|tablet&#8221; custom_padding=&#8221;||||false|false&#8221; animation_style=&#8221;flip&#8221; animation_direction=&#8221;left&#8221; animation_intensity_flip=&#8221;30%&#8221; animation_starting_opacity=&#8221;100%&#8221; global_colors_info=&#8221;{}&#8221;]<\/p>\n<div class=\"col-md-6\">\n<p style=\"text-align: justify\">Sie blicken \u00fcber den Tellerrand und konzentrieren sich nicht nur auf technische Fragen und L\u00f6sungen, sondern haben s\u00e4mtliche Unternehmensprozesse im Blick, um auch interdisziplin\u00e4re Teams und Projekte als F\u00fchrungskraft zu steuern. Sie k\u00f6nnen die IT eines Medienproduzenten auf Vordermann bringen und frische Ans\u00e4tze wie Industrie 4.0 implementieren.<\/p>\n<p style=\"text-align: justify\">Sie sind in der Lage, offen und zielgerichtet zu kommunizieren, idealerweise in mehreren Sprachen, und sind gleichzeitig geschickt im Verhandeln mit Kunden und Lieferanten. Innovationen gestalten Sie nach einem ausgekl\u00fcgelten Plan und nicht aus dem Bauch heraus, damit diese systematisch angegangen und zum Erfolg gef\u00fchrt werden.<\/p>\n<p style=\"text-align: justify\">Sie k\u00f6nnen sich vorstellen, Ihre Karriere auch als Interim Manager projektbezogen und f\u00fcr relativ kurze Zeitr\u00e4ume mit einem bestimmten Mandat fortzusetzen? Sie f\u00fchlen Sich der Herausforderung gewachsen, die n\u00e4chsten zw\u00f6lf Monate f\u00fcr eine Versicherung zu arbeiten und nach einem erfolgreichen Abschluss f\u00fcr zwei Jahre im Ausland eine Dependance f\u00fcr einen Gro\u00dfh\u00e4ndler mit Ihren IT-Kenntnissen zu unterst\u00fctzen?<\/p>\n<p style=\"text-align: justify\">Sie sind als Interim Manager mobil und flexibel, was die Inhalte Ihrer Arbeit und den Standort Ihres Arbeitgebers angeht. Sie k\u00f6nnen sich in unterschiedliche Unternehmenskulturen integrieren und scheuen nicht vor neuen und unerwarteten Situationen zur\u00fcck?<\/p>\n<\/div>\n<p>[\/et_pb_text][\/et_pb_column][\/et_pb_row][et_pb_row _builder_version=&#8221;4.16&#8243; global_colors_info=&#8221;{}&#8221;][et_pb_column type=&#8221;4_4&#8243; _builder_version=&#8221;4.16&#8243; global_colors_info=&#8221;{}&#8221;][\/et_pb_column][\/et_pb_row][\/et_pb_section][et_pb_section fb_built=&#8221;1&#8243; _builder_version=&#8221;4.16&#8243; background_color=&#8221;#DB9300&#8243; custom_margin=&#8221;0%||||false|false&#8221; custom_padding=&#8221;||81px|||&#8221; top_divider_style=&#8221;arrow3&#8243; top_divider_color=&#8221;rgba(0,0,0,0)&#8221; top_divider_flip=&#8221;vertical&#8221; bottom_divider_color=&#8221;#ffffff&#8221; bottom_divider_flip=&#8221;horizontal&#8221; global_colors_info=&#8221;{}&#8221;][et_pb_row _builder_version=&#8221;4.16&#8243; custom_margin=&#8221;-46px|auto||auto||&#8221; custom_padding=&#8221;60px|||||&#8221; global_colors_info=&#8221;{}&#8221;][et_pb_column type=&#8221;4_4&#8243; _builder_version=&#8221;4.16&#8243; global_colors_info=&#8221;{}&#8221;][et_pb_text admin_label=&#8221;Title&#8221; _builder_version=&#8221;4.16&#8243; text_font=&#8221;||||||||&#8221; text_text_color=&#8221;#ffffff&#8221; header_font=&#8221;Prata||||||||&#8221; header_2_font=&#8221;Montserrat|700|||||||&#8221; header_2_text_align=&#8221;center&#8221; header_2_font_size=&#8221;30px&#8221; custom_margin=&#8221;0%||5px||false|false&#8221; custom_padding=&#8221;||0px|||&#8221; animation_style=&#8221;fade&#8221; animation_direction=&#8221;top&#8221; animation_duration=&#8221;1350ms&#8221; animation_starting_opacity=&#8221;100%&#8221; inline_fonts=&#8221;Prata,Montserrat&#8221; global_colors_info=&#8221;{}&#8221;]<\/p>\n<h3 style=\"text-align: center\"><span style=\"font-family: Montserrat;color: #ffffff\">Aufgaben f\u00fcr hochqualifizierte Manager<\/span><\/h3>\n<p>[\/et_pb_text][\/et_pb_column][\/et_pb_row][et_pb_row column_structure=&#8221;1_5,3_5,1_5&#8243; _builder_version=&#8221;4.16&#8243; custom_padding=&#8221;0px|||||&#8221; global_colors_info=&#8221;{}&#8221;][et_pb_column type=&#8221;1_5&#8243; _builder_version=&#8221;4.16&#8243; global_colors_info=&#8221;{}&#8221;][\/et_pb_column][et_pb_column type=&#8221;3_5&#8243; _builder_version=&#8221;4.16&#8243; global_colors_info=&#8221;{}&#8221;][et_pb_text _builder_version=&#8221;4.16&#8243; text_font_size=&#8221;16px&#8221; global_colors_info=&#8221;{}&#8221;]<\/p>\n<p style=\"text-align: center\"><span style=\"color: #ffffff\">Interessiert? \u00dcbersenden Sie uns Ihren Lebenslauf, damit wir Kontakt mit Ihnen aufnehmen und Sie kennenlernen k\u00f6nnen.<\/span><\/p>\n<p>[\/et_pb_text][et_pb_button button_url=&#8221;@ET-DC@eyJkeW5hbWljIjp0cnVlLCJjb250ZW50IjoicG9zdF9saW5rX3VybF9wYWdlIiwic2V0dGluZ3MiOnsicG9zdF9pZCI6IjExODI5IiwiZW5hYmxlX2h0bWwiOiJvZmYifX0=@&#8221; button_text=&#8221;EIM MANAGER WERDEN&#8221; button_alignment=&#8221;center&#8221; _builder_version=&#8221;4.16&#8243; _dynamic_attributes=&#8221;button_url&#8221; background_layout=&#8221;dark&#8221; global_colors_info=&#8221;{}&#8221;][\/et_pb_button][et_pb_text _builder_version=&#8221;4.16&#8243; text_font_size=&#8221;16px&#8221; custom_padding=&#8221;|||2px||&#8221; global_colors_info=&#8221;{}&#8221;]<\/p>\n<p style=\"text-align: center\"><span style=\"color: #ffffff\">Wir werden uns umgehend bei Ihnen melden hinsichtlich des weiteren Qualifizierungsprozesses.<\/span><\/p>\n<p>[\/et_pb_text][\/et_pb_column][et_pb_column type=&#8221;1_5&#8243; _builder_version=&#8221;4.16&#8243; global_colors_info=&#8221;{}&#8221;][\/et_pb_column][\/et_pb_row][\/et_pb_section]<\/p>\n","protected":false},"excerpt":{"rendered":"<p>Warum Sie mit EIM durchstarten sollten in derInformationstechnologieGeben Sie Ihrer Karriere als IT-Manager einen Kick! Als erfahrener IT-Manager (m\/w\/d) tragen Sie entscheidend zum Unternehmenserfolg bei, denn effiziente IT-Systeme und reibungslos funktionierende IT-Prozesse sind heutzutage Basisvoraussetzungen f\u00fcr ein erfolgreiches Management, unabh\u00e4ngig von der Gr\u00f6\u00dfe und der Branche des Betriebs, in dem Sie t\u00e4tig sind. Sie sind [&hellip;]<\/p>\n","protected":false},"author":7,"featured_media":0,"comment_status":"closed","ping_status":"closed","sticky":false,"template":"","format":"standard","meta":{"_et_pb_use_builder":"on","_et_pb_old_content":"","_et_gb_content_width":"","footnotes":""},"categories":[880],"tags":[],"class_list":["post-905","post","type-post","status-publish","format-standard","hentry","category-karriere-fuer-fuehrungskraefte"],"yoast_head":"<!-- This site is optimized with the Yoast SEO Premium plugin v27.5 (Yoast SEO v27.5) - https:\/\/yoast.com\/product\/yoast-seo-premium-wordpress\/ -->\n<title>Informationstechnologie - EIM Germany - Executive Interim Management<\/title>\n<meta name=\"robots\" content=\"index, follow, max-snippet:-1, max-image-preview:large, max-video-preview:-1\" \/>\n<link rel=\"canonical\" href=\"https:\/\/www.eim.com\/de\/karriere-fuer-fuehrungskraefte\/informationstechnologie\/\" \/>\n<meta property=\"og:locale\" content=\"de_DE\" \/>\n<meta property=\"og:type\" content=\"article\" \/>\n<meta property=\"og:title\" content=\"Informationstechnologie\" \/>\n<meta property=\"og:url\" content=\"https:\/\/www.eim.com\/de\/karriere-fuer-fuehrungskraefte\/informationstechnologie\/\" \/>\n<meta property=\"og:site_name\" content=\"EIM Germany - Executive Interim Management\" \/>\n<meta property=\"article:published_time\" content=\"2019-12-05T22:04:32+00:00\" \/>\n<meta property=\"article:modified_time\" content=\"2024-03-07T11:26:16+00:00\" \/>\n<meta name=\"twitter:card\" content=\"summary_large_image\" \/>\n<meta name=\"twitter:label1\" content=\"Geschrieben von\" \/>\n\t<meta name=\"twitter:data1\" content=\"\" \/>\n\t<meta name=\"twitter:label2\" content=\"Gesch\u00e4tzte Lesezeit\" \/>\n\t<meta name=\"twitter:data2\" content=\"6 Minuten\" \/>\n<script type=\"application\/ld+json\" class=\"yoast-schema-graph\">{\"@context\":\"https:\\\/\\\/schema.org\",\"@graph\":[{\"@type\":\"Article\",\"@id\":\"https:\\\/\\\/www.eim.com\\\/de\\\/karriere-fuer-fuehrungskraefte\\\/informationstechnologie\\\/#article\",\"isPartOf\":{\"@id\":\"https:\\\/\\\/www.eim.com\\\/de\\\/karriere-fuer-fuehrungskraefte\\\/informationstechnologie\\\/\"},\"author\":{\"name\":\"\",\"@id\":\"\"},\"headline\":\"Informationstechnologie\",\"datePublished\":\"2019-12-05T22:04:32+00:00\",\"dateModified\":\"2024-03-07T11:26:16+00:00\",\"mainEntityOfPage\":{\"@id\":\"https:\\\/\\\/www.eim.com\\\/de\\\/karriere-fuer-fuehrungskraefte\\\/informationstechnologie\\\/\"},\"wordCount\":1258,\"publisher\":{\"@id\":\"https:\\\/\\\/www.eim.com\\\/de\\\/#organization\"},\"articleSection\":[\"Karriere f\u00fcr F\u00fchrungskr\u00e4fte\"],\"inLanguage\":\"de-DE\"},{\"@type\":\"WebPage\",\"@id\":\"https:\\\/\\\/www.eim.com\\\/de\\\/karriere-fuer-fuehrungskraefte\\\/informationstechnologie\\\/\",\"url\":\"https:\\\/\\\/www.eim.com\\\/de\\\/karriere-fuer-fuehrungskraefte\\\/informationstechnologie\\\/\",\"name\":\"Informationstechnologie - EIM Germany - Executive Interim Management\",\"isPartOf\":{\"@id\":\"https:\\\/\\\/www.eim.com\\\/de\\\/#website\"},\"datePublished\":\"2019-12-05T22:04:32+00:00\",\"dateModified\":\"2024-03-07T11:26:16+00:00\",\"breadcrumb\":{\"@id\":\"https:\\\/\\\/www.eim.com\\\/de\\\/karriere-fuer-fuehrungskraefte\\\/informationstechnologie\\\/#breadcrumb\"},\"inLanguage\":\"de-DE\",\"potentialAction\":[{\"@type\":\"ReadAction\",\"target\":[\"https:\\\/\\\/www.eim.com\\\/de\\\/karriere-fuer-fuehrungskraefte\\\/informationstechnologie\\\/\"]}]},{\"@type\":\"BreadcrumbList\",\"@id\":\"https:\\\/\\\/www.eim.com\\\/de\\\/karriere-fuer-fuehrungskraefte\\\/informationstechnologie\\\/#breadcrumb\",\"itemListElement\":[{\"@type\":\"ListItem\",\"position\":1,\"name\":\"Home\",\"item\":\"https:\\\/\\\/www.eim.com\\\/de\\\/\"},{\"@type\":\"ListItem\",\"position\":2,\"name\":\"Informationstechnologie\"}]},{\"@type\":\"WebSite\",\"@id\":\"https:\\\/\\\/www.eim.com\\\/de\\\/#website\",\"url\":\"https:\\\/\\\/www.eim.com\\\/de\\\/\",\"name\":\"EIM Germany - Executive Interim Management\",\"description\":\"EIM delivers business breakthrough differently. Wir stellen erfahrene Interim Manager aus unserem eigenen aktiven Netzwerk bereit.\",\"publisher\":{\"@id\":\"https:\\\/\\\/www.eim.com\\\/de\\\/#organization\"},\"potentialAction\":[{\"@type\":\"SearchAction\",\"target\":{\"@type\":\"EntryPoint\",\"urlTemplate\":\"https:\\\/\\\/www.eim.com\\\/de\\\/?s={search_term_string}\"},\"query-input\":{\"@type\":\"PropertyValueSpecification\",\"valueRequired\":true,\"valueName\":\"search_term_string\"}}],\"inLanguage\":\"de-DE\"},{\"@type\":\"Organization\",\"@id\":\"https:\\\/\\\/www.eim.com\\\/de\\\/#organization\",\"name\":\"EIM Executive Interim Management GmbH\",\"url\":\"https:\\\/\\\/www.eim.com\\\/de\\\/\",\"logo\":{\"@type\":\"ImageObject\",\"inLanguage\":\"de-DE\",\"@id\":\"https:\\\/\\\/www.eim.com\\\/de\\\/#\\\/schema\\\/logo\\\/image\\\/\",\"url\":\"https:\\\/\\\/www.eim.com\\\/de\\\/wp-content\\\/uploads\\\/sites\\\/4\\\/2020\\\/08\\\/positive.png\",\"contentUrl\":\"https:\\\/\\\/www.eim.com\\\/de\\\/wp-content\\\/uploads\\\/sites\\\/4\\\/2020\\\/08\\\/positive.png\",\"width\":1423,\"height\":442,\"caption\":\"EIM Executive Interim Management GmbH\"},\"image\":{\"@id\":\"https:\\\/\\\/www.eim.com\\\/de\\\/#\\\/schema\\\/logo\\\/image\\\/\"},\"sameAs\":[\"https:\\\/\\\/www.linkedin.com\\\/company\\\/eim-germany\\\/\",\"https:\\\/\\\/www.youtube.com\\\/channel\\\/UCi7F99x-c2m83TfJPosKFcg\"]},{\"@type\":\"Person\",\"@id\":\"\"}]}<\/script>\n<!-- \/ Yoast SEO Premium plugin. -->","yoast_head_json":{"title":"Informationstechnologie - EIM Germany - Executive Interim Management","robots":{"index":"index","follow":"follow","max-snippet":"max-snippet:-1","max-image-preview":"max-image-preview:large","max-video-preview":"max-video-preview:-1"},"canonical":"https:\/\/www.eim.com\/de\/karriere-fuer-fuehrungskraefte\/informationstechnologie\/","og_locale":"de_DE","og_type":"article","og_title":"Informationstechnologie","og_url":"https:\/\/www.eim.com\/de\/karriere-fuer-fuehrungskraefte\/informationstechnologie\/","og_site_name":"EIM Germany - Executive Interim Management","article_published_time":"2019-12-05T22:04:32+00:00","article_modified_time":"2024-03-07T11:26:16+00:00","twitter_card":"summary_large_image","twitter_misc":{"Geschrieben von":"","Gesch\u00e4tzte Lesezeit":"6 Minuten"},"schema":{"@context":"https:\/\/schema.org","@graph":[{"@type":"Article","@id":"https:\/\/www.eim.com\/de\/karriere-fuer-fuehrungskraefte\/informationstechnologie\/#article","isPartOf":{"@id":"https:\/\/www.eim.com\/de\/karriere-fuer-fuehrungskraefte\/informationstechnologie\/"},"author":{"name":"","@id":""},"headline":"Informationstechnologie","datePublished":"2019-12-05T22:04:32+00:00","dateModified":"2024-03-07T11:26:16+00:00","mainEntityOfPage":{"@id":"https:\/\/www.eim.com\/de\/karriere-fuer-fuehrungskraefte\/informationstechnologie\/"},"wordCount":1258,"publisher":{"@id":"https:\/\/www.eim.com\/de\/#organization"},"articleSection":["Karriere f\u00fcr F\u00fchrungskr\u00e4fte"],"inLanguage":"de-DE"},{"@type":"WebPage","@id":"https:\/\/www.eim.com\/de\/karriere-fuer-fuehrungskraefte\/informationstechnologie\/","url":"https:\/\/www.eim.com\/de\/karriere-fuer-fuehrungskraefte\/informationstechnologie\/","name":"Informationstechnologie - EIM Germany - Executive Interim Management","isPartOf":{"@id":"https:\/\/www.eim.com\/de\/#website"},"datePublished":"2019-12-05T22:04:32+00:00","dateModified":"2024-03-07T11:26:16+00:00","breadcrumb":{"@id":"https:\/\/www.eim.com\/de\/karriere-fuer-fuehrungskraefte\/informationstechnologie\/#breadcrumb"},"inLanguage":"de-DE","potentialAction":[{"@type":"ReadAction","target":["https:\/\/www.eim.com\/de\/karriere-fuer-fuehrungskraefte\/informationstechnologie\/"]}]},{"@type":"BreadcrumbList","@id":"https:\/\/www.eim.com\/de\/karriere-fuer-fuehrungskraefte\/informationstechnologie\/#breadcrumb","itemListElement":[{"@type":"ListItem","position":1,"name":"Home","item":"https:\/\/www.eim.com\/de\/"},{"@type":"ListItem","position":2,"name":"Informationstechnologie"}]},{"@type":"WebSite","@id":"https:\/\/www.eim.com\/de\/#website","url":"https:\/\/www.eim.com\/de\/","name":"EIM Germany - Executive Interim Management","description":"EIM delivers business breakthrough differently. Wir stellen erfahrene Interim Manager aus unserem eigenen aktiven Netzwerk bereit.","publisher":{"@id":"https:\/\/www.eim.com\/de\/#organization"},"potentialAction":[{"@type":"SearchAction","target":{"@type":"EntryPoint","urlTemplate":"https:\/\/www.eim.com\/de\/?s={search_term_string}"},"query-input":{"@type":"PropertyValueSpecification","valueRequired":true,"valueName":"search_term_string"}}],"inLanguage":"de-DE"},{"@type":"Organization","@id":"https:\/\/www.eim.com\/de\/#organization","name":"EIM Executive Interim Management GmbH","url":"https:\/\/www.eim.com\/de\/","logo":{"@type":"ImageObject","inLanguage":"de-DE","@id":"https:\/\/www.eim.com\/de\/#\/schema\/logo\/image\/","url":"https:\/\/www.eim.com\/de\/wp-content\/uploads\/sites\/4\/2020\/08\/positive.png","contentUrl":"https:\/\/www.eim.com\/de\/wp-content\/uploads\/sites\/4\/2020\/08\/positive.png","width":1423,"height":442,"caption":"EIM Executive Interim Management GmbH"},"image":{"@id":"https:\/\/www.eim.com\/de\/#\/schema\/logo\/image\/"},"sameAs":["https:\/\/www.linkedin.com\/company\/eim-germany\/","https:\/\/www.youtube.com\/channel\/UCi7F99x-c2m83TfJPosKFcg"]},{"@type":"Person","@id":""}]}},"_links":{"self":[{"href":"https:\/\/www.eim.com\/de\/wp-json\/wp\/v2\/posts\/905","targetHints":{"allow":["GET"]}}],"collection":[{"href":"https:\/\/www.eim.com\/de\/wp-json\/wp\/v2\/posts"}],"about":[{"href":"https:\/\/www.eim.com\/de\/wp-json\/wp\/v2\/types\/post"}],"author":[{"embeddable":true,"href":"https:\/\/www.eim.com\/de\/wp-json\/wp\/v2\/users\/7"}],"replies":[{"embeddable":true,"href":"https:\/\/www.eim.com\/de\/wp-json\/wp\/v2\/comments?post=905"}],"version-history":[{"count":0,"href":"https:\/\/www.eim.com\/de\/wp-json\/wp\/v2\/posts\/905\/revisions"}],"wp:attachment":[{"href":"https:\/\/www.eim.com\/de\/wp-json\/wp\/v2\/media?parent=905"}],"wp:term":[{"taxonomy":"category","embeddable":true,"href":"https:\/\/www.eim.com\/de\/wp-json\/wp\/v2\/categories?post=905"},{"taxonomy":"post_tag","embeddable":true,"href":"https:\/\/www.eim.com\/de\/wp-json\/wp\/v2\/tags?post=905"}],"curies":[{"name":"wp","href":"https:\/\/api.w.org\/{rel}","templated":true}]}}