{"id":828,"date":"2019-12-03T18:55:11","date_gmt":"2019-12-03T17:55:11","guid":{"rendered":"https:\/\/www.eim.com\/de\/?p=828"},"modified":"2024-03-07T13:54:17","modified_gmt":"2024-03-07T12:54:17","slug":"c-level-position","status":"publish","type":"post","link":"https:\/\/www.eim.com\/de\/karriere-fuer-fuehrungskraefte\/c-level-position\/","title":{"rendered":"C-Level Position"},"content":{"rendered":"<p>[et_pb_section fb_built=&#8221;1&#8243; admin_label=&#8221;Hero Section&#8221; _builder_version=&#8221;4.16&#8243; use_background_color_gradient=&#8221;on&#8221; background_color_gradient_stops=&#8221;rgba(0,0,0,0.4) 0%|rgba(0,0,0,0.4) 100%&#8221; background_color_gradient_overlays_image=&#8221;on&#8221; background_color_gradient_start=&#8221;rgba(0,0,0,0.4)&#8221; background_color_gradient_end=&#8221;rgba(0,0,0,0.4)&#8221; background_image=&#8221;https:\/\/www.eim.com\/de\/wp-content\/uploads\/sites\/4\/2019\/10\/innovation-management.jpeg&#8221; height=&#8221;520px&#8221; custom_padding=&#8221;6%||0%|||&#8221; bottom_divider_style=&#8221;slant&#8221; bottom_divider_color=&#8221;#ffffff&#8221; bottom_divider_height=&#8221;150px&#8221; bottom_divider_flip=&#8221;horizontal&#8221; global_colors_info=&#8221;{}&#8221; background_color_gradient_direction__hover=&#8221;180deg&#8221; background_color_gradient_direction__hover_enabled=&#8221;180deg&#8221; background_color_gradient_start_position__hover=&#8221;0%&#8221; background_color_gradient_start_position__hover_enabled=&#8221;0%&#8221; background_color_gradient_end_position__hover=&#8221;100%&#8221; background_color_gradient_end_position__hover_enabled=&#8221;100%&#8221; background_color_gradient_stops__hover=&#8221;rgba(0,0,0,0.4) 0%|rgba(0,0,0,0.4) 100%&#8221;][et_pb_row disabled_on=&#8221;off|off|off&#8221; admin_label=&#8221;Page Title Area&#8221; _builder_version=&#8221;4.16&#8243; width=&#8221;100%&#8221; max_width=&#8221;2560px&#8221; module_alignment=&#8221;center&#8221; custom_margin=&#8221;-4%|auto|0px|auto|false|false&#8221; custom_margin_tablet=&#8221;0%||||false|false&#8221; custom_margin_phone=&#8221;&#8221; custom_margin_last_edited=&#8221;on|desktop&#8221; custom_padding=&#8221;0px|2%||2%|false|false&#8221; global_colors_info=&#8221;{}&#8221;][et_pb_column type=&#8221;4_4&#8243; _builder_version=&#8221;4.16&#8243; custom_padding=&#8221;|||&#8221; global_colors_info=&#8221;{}&#8221; custom_padding__hover=&#8221;|||&#8221;][et_pb_text _builder_version=&#8221;4.16&#8243; text_font=&#8221;|600|||||||&#8221; text_text_color=&#8221;#ffffff&#8221; text_font_size=&#8221;18px&#8221; global_colors_info=&#8221;{}&#8221;]<\/p>\n<p style=\"text-align: center\">Warum Sie bei EIM durchstarten sollten in einer<\/p>\n<p>[\/et_pb_text][et_pb_text _builder_version=&#8221;4.16&#8243; text_font=&#8221;|600|||||||&#8221; text_text_color=&#8221;#ffffff&#8221; text_font_size=&#8221;33px&#8221; background_layout=&#8221;dark&#8221; global_colors_info=&#8221;{}&#8221;]<\/p>\n<p style=\"text-align: center\">C-Level Position<\/p>\n<p>[\/et_pb_text][\/et_pb_column][\/et_pb_row][\/et_pb_section][et_pb_section fb_built=&#8221;1&#8243; _builder_version=&#8221;4.16&#8243; custom_margin=&#8221;||||false|false&#8221; custom_padding=&#8221;2px||2px||true|false&#8221; global_colors_info=&#8221;{}&#8221;][et_pb_row admin_label=&#8221;Title Area&#8221; _builder_version=&#8221;4.16&#8243; background_color=&#8221;rgba(0,0,0,0)&#8221; max_width=&#8221;1028px&#8221; module_alignment=&#8221;center&#8221; custom_margin=&#8221;||||false|false&#8221; custom_padding=&#8221;0px|0px|0px|0px|false|false&#8221; global_colors_info=&#8221;{}&#8221;][et_pb_column type=&#8221;4_4&#8243; _builder_version=&#8221;4.16&#8243; custom_padding=&#8221;|||&#8221; global_colors_info=&#8221;{}&#8221; custom_padding__hover=&#8221;|||&#8221;][et_pb_text admin_label=&#8221;Title&#8221; _builder_version=&#8221;4.24.2&#8243; text_font=&#8221;||||||||&#8221; header_font=&#8221;Prata||||||||&#8221; header_2_font=&#8221;Montserrat|700|||||||&#8221; header_2_text_align=&#8221;center&#8221; header_2_font_size=&#8221;32px&#8221; custom_margin=&#8221;5%||||false|false&#8221; custom_padding=&#8221;0%||||false|false&#8221; animation_style=&#8221;fade&#8221; animation_direction=&#8221;top&#8221; animation_duration=&#8221;1350ms&#8221; animation_starting_opacity=&#8221;100%&#8221; hover_enabled=&#8221;0&#8243; inline_fonts=&#8221;Prata,Montserrat&#8221; global_colors_info=&#8221;{}&#8221; sticky_enabled=&#8221;0&#8243;]<\/p>\n<h1><span style=\"font-family: Montserrat;color: #002c3e\">Einzigartige Karriere Chancen f\u00fcr Manager (m\/w\/d) in C-Level Funktionen<\/span><\/h1>\n<p>[\/et_pb_text][et_pb_text _builder_version=&#8221;4.16&#8243; text_font=&#8221;||||||||&#8221; text_font_size=&#8221;16px&#8221; header_font=&#8221;||||||||&#8221; module_alignment=&#8221;center&#8221; custom_margin=&#8221;3%|0px|4%|0px|false|false&#8221; custom_margin_tablet=&#8221;||5%||false|false&#8221; custom_margin_phone=&#8221;&#8221; custom_margin_last_edited=&#8221;on|phone&#8221; custom_padding=&#8221;||0px||false|false&#8221; animation_style=&#8221;flip&#8221; animation_direction=&#8221;left&#8221; animation_intensity_flip=&#8221;30%&#8221; animation_starting_opacity=&#8221;100%&#8221; global_colors_info=&#8221;{}&#8221;]<\/p>\n<p style=\"text-align: justify\">Das moderne Unternehmensmanagement ist nach wie vor in einem stetigen Wandel, wobei die Entwicklungsdynamik quasi permanent zunimmt. Dokumentiert wird dieser Wandel durch eine sowohl unternehmensinterne als auch unternehmens\u00fcbergreifende Vernetzung der entsprechenden Wertsch\u00f6pfungsprozesse sowie der Digitalisierung bzw. Elektronisierung des Gesch\u00e4ftsverkehrs. Die unterschiedlichsten Ans\u00e4tze und Schlagworte \u2013 wie vorzugsweise e-business, e-procurement, supply chain management oder virtuelles Unternehmen \u2013 stehen im Fokus. Dieser Wandel hat eine gro\u00dfe Zahl an Herausforderungen auch f\u00fcr das C-Level Management mit sich gebracht. Bringen Sie das n\u00f6tige R\u00fcstzeug, die erforderliche Kompetenz und den unbedingten Willen mit, sich als C-Level Manager sich diesen Herausforderungen zu stellen und Sie auch zu meistern?<\/p>\n<p>[\/et_pb_text][\/et_pb_column][\/et_pb_row][\/et_pb_section][et_pb_section fb_built=&#8221;1&#8243; _builder_version=&#8221;4.16&#8243; background_color=&#8221;#e6e6e6&#8243; custom_margin=&#8221;||||false|false&#8221; custom_padding=&#8221;10px||||false|false&#8221; top_divider_style=&#8221;slant&#8221; top_divider_color=&#8221;#ffffff&#8221; top_divider_flip=&#8221;horizontal|vertical&#8221; bottom_divider_style=&#8221;slant&#8221; bottom_divider_color=&#8221;#ffffff&#8221; bottom_divider_flip=&#8221;horizontal&#8221; global_colors_info=&#8221;{}&#8221;][et_pb_row column_structure=&#8221;1_2,1_2&#8243; custom_padding_last_edited=&#8221;on|desktop&#8221; admin_label=&#8221;Title Area&#8221; _builder_version=&#8221;4.16&#8243; background_color=&#8221;rgba(0,0,0,0)&#8221; max_width=&#8221;1028px&#8221; module_alignment=&#8221;center&#8221; custom_margin=&#8221;||||false|false&#8221; custom_padding=&#8221;7%|0px|2%|0px|false|false&#8221; custom_padding_tablet=&#8221;||||false|false&#8221; custom_padding_phone=&#8221;&#8221; global_colors_info=&#8221;{}&#8221;][et_pb_column type=&#8221;1_2&#8243; _builder_version=&#8221;4.16&#8243; custom_padding=&#8221;|||&#8221; global_colors_info=&#8221;{}&#8221; custom_padding__hover=&#8221;|||&#8221;][et_pb_text admin_label=&#8221;Title&#8221; _builder_version=&#8221;4.16&#8243; text_font=&#8221;||||||||&#8221; header_font=&#8221;Prata||||||||&#8221; header_2_font=&#8221;Montserrat|700|||||||&#8221; header_2_text_align=&#8221;center&#8221; header_2_font_size=&#8221;32px&#8221; custom_margin=&#8221;2%||3%||false|false&#8221; custom_margin_tablet=&#8221;10%||||false|false&#8221; custom_margin_phone=&#8221;20%||||false|false&#8221; custom_margin_last_edited=&#8221;on|desktop&#8221; custom_padding=&#8221;0%||||false|false&#8221; animation_style=&#8221;fade&#8221; animation_direction=&#8221;top&#8221; animation_duration=&#8221;1350ms&#8221; animation_starting_opacity=&#8221;100%&#8221; inline_fonts=&#8221;Prata,Montserrat&#8221; global_colors_info=&#8221;{}&#8221;]<\/p>\n<h3 style=\"text-align: center\"><span style=\"font-family: Montserrat;color: #002c3e\">Als C-Level Manager L\u00f6sungen f\u00fcr die digitale Transformation entwickeln<\/span><\/h3>\n<p>[\/et_pb_text][et_pb_text _builder_version=&#8221;4.16&#8243; text_font=&#8221;||||||||&#8221; text_font_size=&#8221;16px&#8221; header_font=&#8221;||||||||&#8221; module_alignment=&#8221;center&#8221; custom_margin=&#8221;3%|0px|0%|0px|false|false&#8221; custom_padding=&#8221;||||false|false&#8221; animation_style=&#8221;flip&#8221; animation_direction=&#8221;left&#8221; animation_intensity_flip=&#8221;30%&#8221; animation_starting_opacity=&#8221;100%&#8221; global_colors_info=&#8221;{}&#8221;]<\/p>\n<div class=\"col-md-6\">\n<p style=\"text-align: justify\">Gerade im Bereich Informationstechnologie wartet eine F\u00fclle an Aufgaben im C-Level Management. Dabei ist wohl gerade die Informationstechnologie die wahrscheinlich bedeutendste Entwicklung bzw.<br \/>Errungenschaft der letzten Jahrzehnte. Sie l\u00e4sst sich als Bindeglied der elektronischen Technologie im klassischen Sinn und der Informatik definieren. Aus dieser Symbiose heraus haben sich exzellente und dabei strikt zukunftsorientierte M\u00f6glichkeiten auch f\u00fcr ein Unternehmen ergeben. Im Fokus steht dabei insbesondere die digitale Transformation. Ein Unternehmen, dass die Digitalisierung \u201everschl\u00e4ft\u201c, l\u00e4uft jetzt Gefahr, an Wettbewerbsf\u00e4higkeit einzub\u00fc\u00dfen. K\u00f6nnen Sie die richtige Strategie entwickeln und den n\u00f6tigen Esprit vermitteln, um ein Unternehmen zeitnah und erfolgreich durch den Digitalisierungsprozess zu leiten?<\/p>\n<\/div>\n<p>[\/et_pb_text][\/et_pb_column][et_pb_column type=&#8221;1_2&#8243; _builder_version=&#8221;4.16&#8243; custom_padding=&#8221;|||&#8221; global_colors_info=&#8221;{}&#8221; custom_padding__hover=&#8221;|||&#8221;][et_pb_text admin_label=&#8221;Title&#8221; _builder_version=&#8221;4.16&#8243; text_font=&#8221;||||||||&#8221; header_font=&#8221;Prata||||||||&#8221; header_2_font=&#8221;Montserrat|700|||||||&#8221; header_2_text_align=&#8221;center&#8221; header_2_font_size=&#8221;32px&#8221; custom_margin=&#8221;2%||3%||false|false&#8221; custom_margin_tablet=&#8221;2%||||false|false&#8221; custom_margin_phone=&#8221;&#8221; custom_margin_last_edited=&#8221;on|desktop&#8221; custom_padding=&#8221;0%||||false|false&#8221; animation_style=&#8221;fade&#8221; animation_direction=&#8221;top&#8221; animation_duration=&#8221;1350ms&#8221; animation_starting_opacity=&#8221;100%&#8221; inline_fonts=&#8221;Prata,Montserrat&#8221; global_colors_info=&#8221;{}&#8221;]<\/p>\n<h3 style=\"text-align: center\"><span style=\"font-family: Montserrat;color: #002c3e\">Mitarbeiter motivieren, Kollegen vernetzen und die Supply Chain optimieren<\/span><\/h3>\n<p>[\/et_pb_text][et_pb_text _builder_version=&#8221;4.16&#8243; text_font=&#8221;||||||||&#8221; text_font_size=&#8221;16px&#8221; header_font=&#8221;||||||||&#8221; module_alignment=&#8221;center&#8221; custom_margin=&#8221;|0px|3%|0px|false|false&#8221; custom_margin_tablet=&#8221;||5%||false|false&#8221; custom_margin_phone=&#8221;&#8221; custom_margin_last_edited=&#8221;on|desktop&#8221; custom_padding=&#8221;||||false|false&#8221; animation_style=&#8221;flip&#8221; animation_direction=&#8221;left&#8221; animation_intensity_flip=&#8221;30%&#8221; animation_starting_opacity=&#8221;100%&#8221; global_colors_info=&#8221;{}&#8221;]<\/p>\n<div class=\"col-md-6\">\n<p style=\"text-align: justify\">Neben der reinen Business-IT hat aber auch die Industrielle-IT eminent an Bedeutung gewonnen. Dabei geht es in erster Linie um die Vernetzung von Maschinen und Kapazit\u00e4ten an sich in Herstellungs- und Fertigungsprozessen sowohl innerhalb eines Unternehmens als auch \u2013 im regionalen und globalen Sinne \u2013 bis weit \u00fcber die jeweiligen Firmengrenzen hinaus; Supply Chain ist hier oftmals das ma\u00dfgebliche Thema. Sie m\u00fcssen hier mittlerweile explizite L\u00f6sungen entwickeln, mittels derer die Industrielle-IT reibungslos und effizient direkt an die unternehmensspezifischen Gesch\u00e4ftsprozesse angebunden werden kann. K\u00f6nnen Sie als C-Level Manager entsprechende funktionale Schnittstellen identifizieren und entsprechende L\u00f6sungen pr\u00e4sentieren, die \u00fcber Grenzen hinausgehen, wenn n\u00f6tig einen innovativen Charakter aufweisen und auf Nachhaltigkeit aufgebaut sind?<\/p>\n<\/div>\n<p>[\/et_pb_text][\/et_pb_column][\/et_pb_row][\/et_pb_section][et_pb_section fb_built=&#8221;1&#8243; _builder_version=&#8221;4.16&#8243; background_color=&#8221;#ffffff&#8221; custom_margin=&#8221;||||false|false&#8221; custom_padding=&#8221;10px||36px||false|false&#8221; top_divider_color=&#8221;#ffffff&#8221; top_divider_flip=&#8221;horizontal|vertical&#8221; bottom_divider_style=&#8221;slant&#8221; bottom_divider_color=&#8221;rgba(0,0,0,0)&#8221; bottom_divider_flip=&#8221;horizontal&#8221; global_colors_info=&#8221;{}&#8221;][et_pb_row column_structure=&#8221;1_2,1_2&#8243; admin_label=&#8221;Title Area&#8221; _builder_version=&#8221;4.16&#8243; background_color=&#8221;rgba(0,0,0,0)&#8221; max_width=&#8221;1028px&#8221; module_alignment=&#8221;center&#8221; custom_margin=&#8221;||||false|false&#8221; custom_padding=&#8221;1%|0px|2%|0px|false|false&#8221; global_colors_info=&#8221;{}&#8221;][et_pb_column type=&#8221;1_2&#8243; _builder_version=&#8221;4.16&#8243; custom_padding=&#8221;|||&#8221; global_colors_info=&#8221;{}&#8221; custom_padding__hover=&#8221;|||&#8221;][et_pb_text admin_label=&#8221;Title&#8221; _builder_version=&#8221;4.16&#8243; text_font=&#8221;||||||||&#8221; header_font=&#8221;Prata||||||||&#8221; header_2_font=&#8221;Montserrat|700|||||||&#8221; header_2_text_align=&#8221;center&#8221; header_2_font_size=&#8221;32px&#8221; custom_margin=&#8221;2%||3%||false|false&#8221; custom_margin_tablet=&#8221;2%||||false|false&#8221; custom_margin_phone=&#8221;||||false|false&#8221; custom_margin_last_edited=&#8221;on|tablet&#8221; custom_padding=&#8221;0%||||false|false&#8221; animation_style=&#8221;fade&#8221; animation_direction=&#8221;top&#8221; animation_duration=&#8221;1350ms&#8221; animation_starting_opacity=&#8221;100%&#8221; inline_fonts=&#8221;Prata,Montserrat&#8221; global_colors_info=&#8221;{}&#8221;]<\/p>\n<h3 style=\"text-align: center\"><span style=\"font-family: Montserrat;color: #002c3e\">Projekte koordinieren, Programme optimieren, situativ f\u00fchren<\/span><\/h3>\n<p>[\/et_pb_text][et_pb_text _builder_version=&#8221;4.16&#8243; text_font=&#8221;||||||||&#8221; text_font_size=&#8221;16px&#8221; header_font=&#8221;||||||||&#8221; module_alignment=&#8221;center&#8221; custom_margin=&#8221;3%|0px|2%|0px|false|false&#8221; custom_padding=&#8221;||||false|false&#8221; animation_style=&#8221;flip&#8221; animation_direction=&#8221;left&#8221; animation_intensity_flip=&#8221;30%&#8221; animation_starting_opacity=&#8221;100%&#8221; global_colors_info=&#8221;{}&#8221;]<\/p>\n<div class=\"col-md-6\">\n<p style=\"text-align: justify\">Gefragt sind aber auch immer im Rahmen des C-Level Managements kompetente und kreative Projekt- und Programm Manager. Das Aufgabenfeld erweitert sich in diesem Bereich immer weiter. In vielen Unternehmen werden den unterschiedlichsten Gesch\u00e4ftsfeldern entsprechende Projektteams zugewiesen.<\/p>\n<p style=\"text-align: justify\">Diese erf\u00fcllen sowohl ganzheitliche Aufgabenstellungen, werden aber auch gezielt in einzelnen Segmenten des Gesch\u00e4ftsportfolios eingesetzt. Haben Sie das n\u00f6tige Know-how, die F\u00fchrungsst\u00e4rke und gleichzeitig Teamf\u00e4higkeit sowie den Esprit, um Projektteams erfolgreich zu leiten? Als C-Level Manager haben Sie dabei zudem die Aufgabe, Projekte zu koordinieren, Abl\u00e4ufe zu optimieren und wenn n\u00f6tig, ganze Prozessketten zu ver\u00e4ndern. Bringen Sie das n\u00f6tige Know-how, ein mitrei\u00dfendes Engagement, den Innovationsglauben und die Visionen mit, um Prozesse aller Art als Projekt- und Programm Manager zu leiten, zu optimieren und auch zu verwalten?<\/p>\n<\/div>\n<p>[\/et_pb_text][\/et_pb_column][et_pb_column type=&#8221;1_2&#8243; _builder_version=&#8221;4.16&#8243; custom_padding=&#8221;|||&#8221; global_colors_info=&#8221;{}&#8221; custom_padding__hover=&#8221;|||&#8221;][et_pb_text admin_label=&#8221;Title&#8221; _builder_version=&#8221;4.16&#8243; text_font=&#8221;||||||||&#8221; header_font=&#8221;Prata||||||||&#8221; header_2_font=&#8221;Montserrat|700|||||||&#8221; header_2_text_align=&#8221;center&#8221; header_2_font_size=&#8221;32px&#8221; custom_margin=&#8221;2%||3%||false|false&#8221; custom_margin_tablet=&#8221;2%||||false|false&#8221; custom_margin_phone=&#8221;&#8221; custom_margin_last_edited=&#8221;on|desktop&#8221; custom_padding=&#8221;0%||||false|false&#8221; animation_style=&#8221;fade&#8221; animation_direction=&#8221;top&#8221; animation_duration=&#8221;1350ms&#8221; animation_starting_opacity=&#8221;100%&#8221; inline_fonts=&#8221;Prata,Montserrat&#8221; global_colors_info=&#8221;{}&#8221;]<\/p>\n<h3 style=\"text-align: center\"><span style=\"color: #002c3e;font-family: Montserrat\">Mit Feingef\u00fchl und emotionaler Intelligenz f\u00fchren<\/span><\/h3>\n<p>[\/et_pb_text][et_pb_text _builder_version=&#8221;4.16&#8243; text_font=&#8221;||||||||&#8221; text_font_size=&#8221;16px&#8221; header_font=&#8221;||||||||&#8221; module_alignment=&#8221;center&#8221; custom_margin=&#8221;|0px|0px|0px|false|false&#8221; custom_margin_tablet=&#8221;||2%||false|false&#8221; custom_margin_phone=&#8221;&#8221; custom_margin_last_edited=&#8221;on|tablet&#8221; custom_padding=&#8221;||||false|false&#8221; animation_style=&#8221;flip&#8221; animation_direction=&#8221;left&#8221; animation_intensity_flip=&#8221;30%&#8221; animation_starting_opacity=&#8221;100%&#8221; global_colors_info=&#8221;{}&#8221;]<\/p>\n<div class=\"col-md-6\">\n<p style=\"text-align: justify\">Dabei wird es auch auf Ihre soziale Kompetenz ankommen. Nicht umsonst ist der Begriff Human Resources im C-Level Management bereits seit geraumer Zeit allgegenw\u00e4rtig. Besitzen Sie die erforderlichen F\u00e4higkeiten und Qualit\u00e4ten, um als Human Ressource Manager die<br \/>Wettbewerbsf\u00e4higkeit eines Unternehmens durch einen effizienten Mitarbeitereinsatz und dank einer erzeugten hohen Motivation aller Besch\u00e4ftigten zu steigern? Gefragt sind dabei sicherlich ein situatives F\u00fchren oder auch ein cleveres Diversity Management. Dabei kommt es nicht zuletzt auf eine ausgewogene und auf Fairness sowie Vertrauen basierende Mitarbeiterf\u00fchrung an. Schaffen Sie es, auf Ihre Mitarbeiter einzugehen und die jeweiligen Bed\u00fcrfnisse mit den Zielen einer Firma symbiotisch zu verbinden?<\/p>\n<\/div>\n<p>[\/et_pb_text][\/et_pb_column][\/et_pb_row][et_pb_row admin_label=&#8221;Title Area&#8221; _builder_version=&#8221;4.16&#8243; background_color=&#8221;rgba(0,0,0,0)&#8221; max_width=&#8221;1028px&#8221; module_alignment=&#8221;center&#8221; custom_margin=&#8221;||||false|false&#8221; custom_padding=&#8221;0px|0px|0px|0px|false|false&#8221; global_colors_info=&#8221;{}&#8221;][et_pb_column type=&#8221;4_4&#8243; _builder_version=&#8221;4.16&#8243; custom_padding=&#8221;|||&#8221; global_colors_info=&#8221;{}&#8221; custom_padding__hover=&#8221;|||&#8221;][et_pb_text admin_label=&#8221;Title&#8221; _builder_version=&#8221;4.16&#8243; text_font=&#8221;||||||||&#8221; header_font=&#8221;Prata||||||||&#8221; header_2_font=&#8221;Montserrat|700|||||||&#8221; header_2_text_align=&#8221;center&#8221; header_2_font_size=&#8221;32px&#8221; custom_margin=&#8221;2%||3%||false|false&#8221; custom_margin_tablet=&#8221;2%||||false|false&#8221; custom_margin_phone=&#8221;&#8221; custom_margin_last_edited=&#8221;on|desktop&#8221; custom_padding=&#8221;0%||||false|false&#8221; animation_style=&#8221;fade&#8221; animation_direction=&#8221;top&#8221; animation_duration=&#8221;1350ms&#8221; animation_starting_opacity=&#8221;100%&#8221; inline_fonts=&#8221;Prata,Montserrat&#8221; global_colors_info=&#8221;{}&#8221;]<\/p>\n<h3 style=\"text-align: center\"><span style=\"color: #002c3e;font-family: Montserrat\">Wir platzieren Sie dort, wo Sie etwas bewegen<\/span><\/h3>\n<p>[\/et_pb_text][et_pb_text _builder_version=&#8221;4.16&#8243; text_font=&#8221;||||||||&#8221; text_font_size=&#8221;16px&#8221; header_font=&#8221;||||||||&#8221; module_alignment=&#8221;center&#8221; custom_margin=&#8221;|0px|0px|0px|false|false&#8221; custom_margin_tablet=&#8221;||2%||false|false&#8221; custom_margin_phone=&#8221;&#8221; custom_margin_last_edited=&#8221;on|tablet&#8221; custom_padding=&#8221;||||false|false&#8221; animation_style=&#8221;flip&#8221; animation_direction=&#8221;left&#8221; animation_intensity_flip=&#8221;30%&#8221; animation_starting_opacity=&#8221;100%&#8221; global_colors_info=&#8221;{}&#8221;]<\/p>\n<div class=\"col-md-6\">\n<p style=\"text-align: justify\">Wir fungieren auch als Spezialist im C-Level Management in Segmenten wie zum Beispiel Finanzen, Sales &amp; Marketing sowie auch Operations. Diese drei Bereiche haben allesamt eine eminent entscheidende Bedeutung innerhalb eines Unternehmens. So basieren s\u00e4mtliche Gesch\u00e4ftst\u00e4tigkeiten auf einer realistischen Finanzplanung. Aber der Glaube, dass es reicht, wenn Sie als C-Level Manager im Bereich Finanzen in erster Linie gut mit Zahlen umgehen k\u00f6nnen, ist l\u00e4ngst antiquiert. Sie m\u00fcssen Chancen und Risiken auch kalkulatorisch darstellen, sich mit innovativen Finanzstrategien auseinandersetzen und Optimierungspotentiale identifizieren. Letzteres ist auch ein wichtiges Kriterium im Bereich Operations, also dem Produktionsmanagement. Die Herausforderungen f\u00fcr Sie als C-Level Manager sind dabei vielf\u00e4ltiger und herausfordernder Natur. Sie sind f\u00fcr die Planung und die Organisation, f\u00fcr die Durch- und Umsetzung sowie f\u00fcr die umfassende Kontrolle der unternehmensspezifischen Wertsch\u00f6pfungs- und Leistungserstellungsprozesse verantwortlich.<\/p>\n<\/div>\n<p>[\/et_pb_text][\/et_pb_column][\/et_pb_row][\/et_pb_section][et_pb_section fb_built=&#8221;1&#8243; disabled_on=&#8221;on|on|off&#8221; _builder_version=&#8221;4.16&#8243; background_color=&#8221;#ffffff&#8221; background_image=&#8221;\/wp-content\/uploads\/2019\/10\/manager-right.jpeg&#8221; background_position=&#8221;top_center&#8221; min_height=&#8221;500px&#8221; custom_padding=&#8221;0px||||false|false&#8221; top_divider_style=&#8221;slant&#8221; top_divider_color=&#8221;#ffffff&#8221; bottom_divider_style=&#8221;slant&#8221; bottom_divider_color=&#8221;#002737&#8243; bottom_divider_flip=&#8221;horizontal&#8221; global_colors_info=&#8221;{}&#8221;][et_pb_row _builder_version=&#8221;4.16&#8243; custom_margin=&#8221;|auto||3%|false|false&#8221; custom_padding=&#8221;|205px|||false|false&#8221; global_colors_info=&#8221;{}&#8221;][et_pb_column type=&#8221;4_4&#8243; _builder_version=&#8221;4.16&#8243; global_colors_info=&#8221;{}&#8221;][et_pb_text admin_label=&#8221;Title&#8221; _builder_version=&#8221;4.16&#8243; text_font=&#8221;||||||||&#8221; header_font=&#8221;Prata||||||||&#8221; header_2_font=&#8221;Montserrat|700|||||||&#8221; header_2_text_align=&#8221;center&#8221; header_2_font_size=&#8221;32px&#8221; min_height=&#8221;19px&#8221; custom_margin=&#8221;||||false|false&#8221; custom_padding=&#8221;9%|||5%|false|false&#8221; animation_style=&#8221;fade&#8221; animation_direction=&#8221;top&#8221; animation_duration=&#8221;1350ms&#8221; animation_starting_opacity=&#8221;100%&#8221; inline_fonts=&#8221;Prata,Montserrat&#8221; global_colors_info=&#8221;{}&#8221;]<\/p>\n<h2 style=\"text-align: left\"><span style=\"font-family: Montserrat;color: #002c3e\">C-Level Management &#8211; Herausforderung und Chance <\/span><\/h2>\n<p>[\/et_pb_text][et_pb_text _builder_version=&#8221;4.16&#8243; text_font=&#8221;||||||||&#8221; text_font_size=&#8221;16px&#8221; header_font=&#8221;||||||||&#8221; max_width=&#8221;90%&#8221; module_alignment=&#8221;center&#8221; custom_margin=&#8221;3%|-15px|0.1%|0px|false|false&#8221; custom_padding=&#8221;|0%|0.3%|0%|false|false&#8221; animation_style=&#8221;flip&#8221; animation_direction=&#8221;left&#8221; animation_intensity_flip=&#8221;30%&#8221; animation_starting_opacity=&#8221;100%&#8221; global_colors_info=&#8221;{}&#8221;]<\/p>\n<p style=\"text-align: justify\">Ob im Bereich Finanzen, Human Resources, Projekt- und Programmmanagement, Sales &amp; Marketing, Operations oder Informationstechnologie \u2013 verf\u00fcgen Sie \u00fcber genau die erforderliche Mischung aus Know-how, F\u00fchrungsst\u00e4rke, Begeisterungsf\u00e4higkeit und Optimierungswillen? Sind Sie stets auf der Suche nach Innovationspotential? Und vereinen Kostenbewusstsein mit Internationalit\u00e4t? \u00dcberzeugen Sie uns mit Ihren exzellenten F\u00e4higkeiten und Talenten f\u00fcr das C-Level Management. Wenn Sie an explizit gestaltungsintensiven und dabei \u00e4u\u00dferst herausfordernden F\u00fchrungs- und Koordinationsaufgaben Interesse haben und dabei eine stark unternehmerische Pr\u00e4gung und Ergebnisorientierung, sind Sie bei uns an der richtigen Adresse. Hier k\u00f6nnen Sie Ihr strategisches Potential, Ihre Durchsetzungs- und vor allem Ihre Umsetzungskraft unter Beweis stelle. Jeden Tag wird Ihre Kontakt- und Kommunikationsf\u00e4higkeit gefordert sein \u2013 immer verbunden mit einer ausgepr\u00e4gten sozialen Kompetenz. Sie sollten auch unter Zeitdruck messerscharf analysieren k\u00f6nnen, L\u00f6sungen respektive L\u00f6sungsalternativen entwickeln und diese dann termingerecht innerhalb der Budgetrahmens zielorientiert realisieren. Wenn das alles explizit auf Sie zutrifft, ist das C-Level Management in unserem Hause genau die richtige Herausforderung.<\/p>\n<p>[\/et_pb_text][\/et_pb_column][\/et_pb_row][\/et_pb_section][et_pb_section fb_built=&#8221;1&#8243; disabled_on=&#8221;off|off|on&#8221; _builder_version=&#8221;4.16&#8243; background_color=&#8221;#ffffff&#8221; background_image=&#8221;\/wp-content\/uploads\/2019\/10\/manager-right-copia.jpeg&#8221; min_height=&#8221;500px&#8221; custom_padding=&#8221;0px||||false|false&#8221; top_divider_style=&#8221;slant&#8221; top_divider_color=&#8221;#ffffff&#8221; bottom_divider_style=&#8221;slant&#8221; bottom_divider_color=&#8221;#e6e6e6&#8243; global_colors_info=&#8221;{}&#8221;][\/et_pb_section][et_pb_section fb_built=&#8221;1&#8243; disabled_on=&#8221;off|off|on&#8221; _builder_version=&#8221;4.16&#8243; background_color=&#8221;#e6e6e6&#8243; min_height=&#8221;200px&#8221; custom_padding=&#8221;0px||0%||false|false&#8221; top_divider_color=&#8221;#002737&#8243; top_divider_height=&#8221;60px&#8221; bottom_divider_style=&#8221;slant&#8221; bottom_divider_color=&#8221;#002737&#8243; bottom_divider_height=&#8221;120px&#8221; bottom_divider_flip=&#8221;horizontal&#8221; global_colors_info=&#8221;{}&#8221;][et_pb_row _builder_version=&#8221;4.16&#8243; width=&#8221;90%&#8221; min_height=&#8221;450px&#8221; custom_margin=&#8221;||||false|false&#8221; global_colors_info=&#8221;{}&#8221;][et_pb_column type=&#8221;4_4&#8243; _builder_version=&#8221;4.16&#8243; global_colors_info=&#8221;{}&#8221;][et_pb_text admin_label=&#8221;Title&#8221; _builder_version=&#8221;4.16&#8243; text_font=&#8221;||||||||&#8221; header_font=&#8221;Prata||||||||&#8221; header_2_font=&#8221;Montserrat|700|||||||&#8221; header_2_text_align=&#8221;center&#8221; header_2_font_size=&#8221;32px&#8221; min_height=&#8221;0px&#8221; custom_margin=&#8221;10%||||false|false&#8221; custom_padding=&#8221;0px|||0px|false|false&#8221; animation_style=&#8221;fade&#8221; animation_direction=&#8221;top&#8221; animation_duration=&#8221;1350ms&#8221; animation_starting_opacity=&#8221;100%&#8221; inline_fonts=&#8221;Prata,Montserrat&#8221; global_colors_info=&#8221;{}&#8221; custom_padding__hover_enabled=&#8221;on|desktop&#8221; custom_padding__hover=&#8221;0px|||0px|false|false&#8221;]<\/p>\n<h2 style=\"text-align: left\"><span style=\"font-family: Montserrat;color: #002c3e\">C-Level Management &#8211; Herausforderung und Chance <\/span><\/h2>\n<p>[\/et_pb_text][et_pb_text _builder_version=&#8221;4.16&#8243; text_font=&#8221;||||||||&#8221; text_font_size=&#8221;16px&#8221; header_font=&#8221;||||||||&#8221; max_width=&#8221;100%&#8221; module_alignment=&#8221;center&#8221; custom_margin=&#8221;|0px|20%|0px|false|false&#8221; custom_padding=&#8221;|0%|0.3%|0%|false|false&#8221; animation_style=&#8221;flip&#8221; animation_direction=&#8221;left&#8221; animation_intensity_flip=&#8221;30%&#8221; animation_starting_opacity=&#8221;100%&#8221; global_colors_info=&#8221;{}&#8221;]<\/p>\n<p style=\"text-align: justify\">Ob im Bereich Finanzen, Human Resources, Projekt- und Programmmanagement, Sales &amp; Marketing, Operations oder Informationstechnologie \u2013 verf\u00fcgen Sie \u00fcber genau die erforderliche Mischung aus Know-how, F\u00fchrungsst\u00e4rke, Begeisterungsf\u00e4higkeit und Optimierungswillen? Sind Sie stets auf der Suche nach Innovationspotential? Und vereinen Kostenbewusstsein mit Internationalit\u00e4t? \u00dcberzeugen Sie uns mit Ihren exzellenten F\u00e4higkeiten und Talenten f\u00fcr das C-Level Management. Wenn Sie an explizit gestaltungsintensiven und dabei \u00e4u\u00dferst herausfordernden F\u00fchrungs- und Koordinationsaufgaben Interesse haben und dabei eine stark unternehmerische Pr\u00e4gung und Ergebnisorientierung, sind Sie bei uns an der richtigen Adresse. Hier k\u00f6nnen Sie Ihr strategisches Potential, Ihre Durchsetzungs- und vor allem Ihre Umsetzungskraft unter Beweis stelle. Jeden Tag wird Ihre Kontakt- und Kommunikationsf\u00e4higkeit gefordert sein \u2013 immer verbunden mit einer ausgepr\u00e4gten sozialen Kompetenz. Sie sollten auch unter Zeitdruck messerscharf analysieren k\u00f6nnen, L\u00f6sungen respektive L\u00f6sungsalternativen entwickeln und diese dann termingerecht innerhalb der Budgetrahmens zielorientiert realisieren. Wenn das alles explizit auf Sie zutrifft, ist das C-Level Management in unserem Hause genau die richtige Herausforderung.<\/p>\n<p>[\/et_pb_text][\/et_pb_column][\/et_pb_row][\/et_pb_section][et_pb_section fb_built=&#8221;1&#8243; _builder_version=&#8221;4.16&#8243; background_color=&#8221;#002737&#8243; custom_margin=&#8221;0%||||false|false&#8221; custom_padding=&#8221;||81px|||&#8221; top_divider_style=&#8221;arrow3&#8243; top_divider_color=&#8221;rgba(0,0,0,0)&#8221; top_divider_flip=&#8221;vertical&#8221; bottom_divider_color=&#8221;#ffffff&#8221; bottom_divider_flip=&#8221;horizontal&#8221; global_colors_info=&#8221;{}&#8221;][et_pb_row _builder_version=&#8221;4.16&#8243; custom_margin=&#8221;-46px|auto||auto||&#8221; custom_padding=&#8221;60px|||||&#8221; global_colors_info=&#8221;{}&#8221;][et_pb_column type=&#8221;4_4&#8243; _builder_version=&#8221;4.16&#8243; global_colors_info=&#8221;{}&#8221;][et_pb_text admin_label=&#8221;Title&#8221; _builder_version=&#8221;4.16&#8243; text_font=&#8221;||||||||&#8221; text_text_color=&#8221;#ffffff&#8221; header_font=&#8221;Prata||||||||&#8221; header_2_font=&#8221;Montserrat|700|||||||&#8221; header_2_text_align=&#8221;center&#8221; header_2_font_size=&#8221;30px&#8221; custom_margin=&#8221;0%||5px||false|false&#8221; custom_padding=&#8221;||0px|||&#8221; animation_style=&#8221;fade&#8221; animation_direction=&#8221;top&#8221; animation_duration=&#8221;1350ms&#8221; animation_starting_opacity=&#8221;100%&#8221; inline_fonts=&#8221;Prata,Montserrat&#8221; global_colors_info=&#8221;{}&#8221;]<\/p>\n<h3 style=\"text-align: center\"><span style=\"font-family: Montserrat;color: #ffffff\">Aufgaben f\u00fcr hochqualifizierte Manager<\/span><\/h3>\n<p>[\/et_pb_text][\/et_pb_column][\/et_pb_row][et_pb_row column_structure=&#8221;1_5,3_5,1_5&#8243; _builder_version=&#8221;4.16&#8243; custom_padding=&#8221;0px|||||&#8221; global_colors_info=&#8221;{}&#8221;][et_pb_column type=&#8221;1_5&#8243; _builder_version=&#8221;4.16&#8243; global_colors_info=&#8221;{}&#8221;][\/et_pb_column][et_pb_column type=&#8221;3_5&#8243; _builder_version=&#8221;4.16&#8243; global_colors_info=&#8221;{}&#8221;][et_pb_text _builder_version=&#8221;4.16&#8243; text_font_size=&#8221;16px&#8221; global_colors_info=&#8221;{}&#8221;]<\/p>\n<p style=\"text-align: center\"><span style=\"color: #ffffff\">Interessiert? \u00dcbersenden Sie uns Ihren Lebenslauf, damit wir Kontakt mit Ihnen aufnehmen und Sie kennenlernen k\u00f6nnen.<\/span><\/p>\n<p>[\/et_pb_text][et_pb_button button_url=&#8221;@ET-DC@eyJkeW5hbWljIjp0cnVlLCJjb250ZW50IjoicG9zdF9saW5rX3VybF9wYWdlIiwic2V0dGluZ3MiOnsicG9zdF9pZCI6IjExODI5IiwiZW5hYmxlX2h0bWwiOiJvZmYifX0=@&#8221; button_text=&#8221;EIM MANAGER WERDEN&#8221; button_alignment=&#8221;center&#8221; _builder_version=&#8221;4.16&#8243; _dynamic_attributes=&#8221;button_url&#8221; background_layout=&#8221;dark&#8221; global_colors_info=&#8221;{}&#8221;][\/et_pb_button][et_pb_text _builder_version=&#8221;4.16&#8243; text_font_size=&#8221;16px&#8221; custom_padding=&#8221;|||2px||&#8221; global_colors_info=&#8221;{}&#8221;]<\/p>\n<p style=\"text-align: center\"><span style=\"color: #ffffff\">Wir werden uns umgehend bei Ihnen melden hinsichtlich des weiteren Qualifizierungsprozesses.<\/span><\/p>\n<p>[\/et_pb_text][\/et_pb_column][et_pb_column type=&#8221;1_5&#8243; _builder_version=&#8221;4.16&#8243; global_colors_info=&#8221;{}&#8221;][\/et_pb_column][\/et_pb_row][\/et_pb_section]<\/p>\n","protected":false},"excerpt":{"rendered":"<p>Warum Sie bei EIM durchstarten sollten in einerC-Level PositionEinzigartige Karriere Chancen f\u00fcr Manager (m\/w\/d) in C-Level FunktionenDas moderne Unternehmensmanagement ist nach wie vor in einem stetigen Wandel, wobei die Entwicklungsdynamik quasi permanent zunimmt. Dokumentiert wird dieser Wandel durch eine sowohl unternehmensinterne als auch unternehmens\u00fcbergreifende Vernetzung der entsprechenden Wertsch\u00f6pfungsprozesse sowie der Digitalisierung bzw. Elektronisierung des Gesch\u00e4ftsverkehrs. [&hellip;]<\/p>\n","protected":false},"author":7,"featured_media":0,"comment_status":"closed","ping_status":"open","sticky":false,"template":"","format":"standard","meta":{"_et_pb_use_builder":"on","_et_pb_old_content":"","_et_gb_content_width":"","footnotes":""},"categories":[880],"tags":[],"class_list":["post-828","post","type-post","status-publish","format-standard","hentry","category-karriere-fuer-fuehrungskraefte"],"yoast_head":"<!-- This site is optimized with the Yoast SEO Premium plugin v27.5 (Yoast SEO v27.5) - https:\/\/yoast.com\/product\/yoast-seo-premium-wordpress\/ -->\n<title>C-Level Position - EIM Germany - Executive Interim Management<\/title>\n<meta name=\"robots\" content=\"index, follow, max-snippet:-1, max-image-preview:large, max-video-preview:-1\" \/>\n<link rel=\"canonical\" href=\"https:\/\/www.eim.com\/de\/karriere-fuer-fuehrungskraefte\/c-level-position\/\" \/>\n<meta property=\"og:locale\" content=\"de_DE\" \/>\n<meta property=\"og:type\" content=\"article\" \/>\n<meta property=\"og:title\" content=\"C-Level Position\" \/>\n<meta property=\"og:url\" content=\"https:\/\/www.eim.com\/de\/karriere-fuer-fuehrungskraefte\/c-level-position\/\" \/>\n<meta property=\"og:site_name\" content=\"EIM Germany - Executive Interim Management\" \/>\n<meta property=\"article:published_time\" content=\"2019-12-03T17:55:11+00:00\" \/>\n<meta property=\"article:modified_time\" content=\"2024-03-07T12:54:17+00:00\" \/>\n<meta name=\"twitter:card\" content=\"summary_large_image\" \/>\n<meta name=\"twitter:label1\" content=\"Geschrieben von\" \/>\n\t<meta name=\"twitter:data1\" content=\"\" \/>\n\t<meta name=\"twitter:label2\" content=\"Gesch\u00e4tzte Lesezeit\" \/>\n\t<meta name=\"twitter:data2\" content=\"16 Minuten\" \/>\n<script type=\"application\/ld+json\" class=\"yoast-schema-graph\">{\"@context\":\"https:\\\/\\\/schema.org\",\"@graph\":[{\"@type\":\"Article\",\"@id\":\"https:\\\/\\\/www.eim.com\\\/de\\\/karriere-fuer-fuehrungskraefte\\\/c-level-position\\\/#article\",\"isPartOf\":{\"@id\":\"https:\\\/\\\/www.eim.com\\\/de\\\/karriere-fuer-fuehrungskraefte\\\/c-level-position\\\/\"},\"author\":{\"name\":\"\",\"@id\":\"\"},\"headline\":\"C-Level Position\",\"datePublished\":\"2019-12-03T17:55:11+00:00\",\"dateModified\":\"2024-03-07T12:54:17+00:00\",\"mainEntityOfPage\":{\"@id\":\"https:\\\/\\\/www.eim.com\\\/de\\\/karriere-fuer-fuehrungskraefte\\\/c-level-position\\\/\"},\"wordCount\":3237,\"publisher\":{\"@id\":\"https:\\\/\\\/www.eim.com\\\/de\\\/#organization\"},\"articleSection\":[\"Karriere f\u00fcr F\u00fchrungskr\u00e4fte\"],\"inLanguage\":\"de-DE\"},{\"@type\":\"WebPage\",\"@id\":\"https:\\\/\\\/www.eim.com\\\/de\\\/karriere-fuer-fuehrungskraefte\\\/c-level-position\\\/\",\"url\":\"https:\\\/\\\/www.eim.com\\\/de\\\/karriere-fuer-fuehrungskraefte\\\/c-level-position\\\/\",\"name\":\"C-Level Position - EIM Germany - Executive Interim Management\",\"isPartOf\":{\"@id\":\"https:\\\/\\\/www.eim.com\\\/de\\\/#website\"},\"datePublished\":\"2019-12-03T17:55:11+00:00\",\"dateModified\":\"2024-03-07T12:54:17+00:00\",\"breadcrumb\":{\"@id\":\"https:\\\/\\\/www.eim.com\\\/de\\\/karriere-fuer-fuehrungskraefte\\\/c-level-position\\\/#breadcrumb\"},\"inLanguage\":\"de-DE\",\"potentialAction\":[{\"@type\":\"ReadAction\",\"target\":[\"https:\\\/\\\/www.eim.com\\\/de\\\/karriere-fuer-fuehrungskraefte\\\/c-level-position\\\/\"]}]},{\"@type\":\"BreadcrumbList\",\"@id\":\"https:\\\/\\\/www.eim.com\\\/de\\\/karriere-fuer-fuehrungskraefte\\\/c-level-position\\\/#breadcrumb\",\"itemListElement\":[{\"@type\":\"ListItem\",\"position\":1,\"name\":\"Home\",\"item\":\"https:\\\/\\\/www.eim.com\\\/de\\\/\"},{\"@type\":\"ListItem\",\"position\":2,\"name\":\"C-Level Position\"}]},{\"@type\":\"WebSite\",\"@id\":\"https:\\\/\\\/www.eim.com\\\/de\\\/#website\",\"url\":\"https:\\\/\\\/www.eim.com\\\/de\\\/\",\"name\":\"EIM Germany - Executive Interim Management\",\"description\":\"EIM delivers business breakthrough differently. Wir stellen erfahrene Interim Manager aus unserem eigenen aktiven Netzwerk bereit.\",\"publisher\":{\"@id\":\"https:\\\/\\\/www.eim.com\\\/de\\\/#organization\"},\"potentialAction\":[{\"@type\":\"SearchAction\",\"target\":{\"@type\":\"EntryPoint\",\"urlTemplate\":\"https:\\\/\\\/www.eim.com\\\/de\\\/?s={search_term_string}\"},\"query-input\":{\"@type\":\"PropertyValueSpecification\",\"valueRequired\":true,\"valueName\":\"search_term_string\"}}],\"inLanguage\":\"de-DE\"},{\"@type\":\"Organization\",\"@id\":\"https:\\\/\\\/www.eim.com\\\/de\\\/#organization\",\"name\":\"EIM Executive Interim Management GmbH\",\"url\":\"https:\\\/\\\/www.eim.com\\\/de\\\/\",\"logo\":{\"@type\":\"ImageObject\",\"inLanguage\":\"de-DE\",\"@id\":\"https:\\\/\\\/www.eim.com\\\/de\\\/#\\\/schema\\\/logo\\\/image\\\/\",\"url\":\"https:\\\/\\\/www.eim.com\\\/de\\\/wp-content\\\/uploads\\\/sites\\\/4\\\/2020\\\/08\\\/positive.png\",\"contentUrl\":\"https:\\\/\\\/www.eim.com\\\/de\\\/wp-content\\\/uploads\\\/sites\\\/4\\\/2020\\\/08\\\/positive.png\",\"width\":1423,\"height\":442,\"caption\":\"EIM Executive Interim Management GmbH\"},\"image\":{\"@id\":\"https:\\\/\\\/www.eim.com\\\/de\\\/#\\\/schema\\\/logo\\\/image\\\/\"},\"sameAs\":[\"https:\\\/\\\/www.linkedin.com\\\/company\\\/eim-germany\\\/\",\"https:\\\/\\\/www.youtube.com\\\/channel\\\/UCi7F99x-c2m83TfJPosKFcg\"]},{\"@type\":\"Person\",\"@id\":\"\"}]}<\/script>\n<!-- \/ Yoast SEO Premium plugin. -->","yoast_head_json":{"title":"C-Level Position - EIM Germany - Executive Interim Management","robots":{"index":"index","follow":"follow","max-snippet":"max-snippet:-1","max-image-preview":"max-image-preview:large","max-video-preview":"max-video-preview:-1"},"canonical":"https:\/\/www.eim.com\/de\/karriere-fuer-fuehrungskraefte\/c-level-position\/","og_locale":"de_DE","og_type":"article","og_title":"C-Level Position","og_url":"https:\/\/www.eim.com\/de\/karriere-fuer-fuehrungskraefte\/c-level-position\/","og_site_name":"EIM Germany - Executive Interim Management","article_published_time":"2019-12-03T17:55:11+00:00","article_modified_time":"2024-03-07T12:54:17+00:00","twitter_card":"summary_large_image","twitter_misc":{"Geschrieben von":"","Gesch\u00e4tzte Lesezeit":"16 Minuten"},"schema":{"@context":"https:\/\/schema.org","@graph":[{"@type":"Article","@id":"https:\/\/www.eim.com\/de\/karriere-fuer-fuehrungskraefte\/c-level-position\/#article","isPartOf":{"@id":"https:\/\/www.eim.com\/de\/karriere-fuer-fuehrungskraefte\/c-level-position\/"},"author":{"name":"","@id":""},"headline":"C-Level Position","datePublished":"2019-12-03T17:55:11+00:00","dateModified":"2024-03-07T12:54:17+00:00","mainEntityOfPage":{"@id":"https:\/\/www.eim.com\/de\/karriere-fuer-fuehrungskraefte\/c-level-position\/"},"wordCount":3237,"publisher":{"@id":"https:\/\/www.eim.com\/de\/#organization"},"articleSection":["Karriere f\u00fcr F\u00fchrungskr\u00e4fte"],"inLanguage":"de-DE"},{"@type":"WebPage","@id":"https:\/\/www.eim.com\/de\/karriere-fuer-fuehrungskraefte\/c-level-position\/","url":"https:\/\/www.eim.com\/de\/karriere-fuer-fuehrungskraefte\/c-level-position\/","name":"C-Level Position - EIM Germany - Executive Interim Management","isPartOf":{"@id":"https:\/\/www.eim.com\/de\/#website"},"datePublished":"2019-12-03T17:55:11+00:00","dateModified":"2024-03-07T12:54:17+00:00","breadcrumb":{"@id":"https:\/\/www.eim.com\/de\/karriere-fuer-fuehrungskraefte\/c-level-position\/#breadcrumb"},"inLanguage":"de-DE","potentialAction":[{"@type":"ReadAction","target":["https:\/\/www.eim.com\/de\/karriere-fuer-fuehrungskraefte\/c-level-position\/"]}]},{"@type":"BreadcrumbList","@id":"https:\/\/www.eim.com\/de\/karriere-fuer-fuehrungskraefte\/c-level-position\/#breadcrumb","itemListElement":[{"@type":"ListItem","position":1,"name":"Home","item":"https:\/\/www.eim.com\/de\/"},{"@type":"ListItem","position":2,"name":"C-Level Position"}]},{"@type":"WebSite","@id":"https:\/\/www.eim.com\/de\/#website","url":"https:\/\/www.eim.com\/de\/","name":"EIM Germany - Executive Interim Management","description":"EIM delivers business breakthrough differently. Wir stellen erfahrene Interim Manager aus unserem eigenen aktiven Netzwerk bereit.","publisher":{"@id":"https:\/\/www.eim.com\/de\/#organization"},"potentialAction":[{"@type":"SearchAction","target":{"@type":"EntryPoint","urlTemplate":"https:\/\/www.eim.com\/de\/?s={search_term_string}"},"query-input":{"@type":"PropertyValueSpecification","valueRequired":true,"valueName":"search_term_string"}}],"inLanguage":"de-DE"},{"@type":"Organization","@id":"https:\/\/www.eim.com\/de\/#organization","name":"EIM Executive Interim Management GmbH","url":"https:\/\/www.eim.com\/de\/","logo":{"@type":"ImageObject","inLanguage":"de-DE","@id":"https:\/\/www.eim.com\/de\/#\/schema\/logo\/image\/","url":"https:\/\/www.eim.com\/de\/wp-content\/uploads\/sites\/4\/2020\/08\/positive.png","contentUrl":"https:\/\/www.eim.com\/de\/wp-content\/uploads\/sites\/4\/2020\/08\/positive.png","width":1423,"height":442,"caption":"EIM Executive Interim Management GmbH"},"image":{"@id":"https:\/\/www.eim.com\/de\/#\/schema\/logo\/image\/"},"sameAs":["https:\/\/www.linkedin.com\/company\/eim-germany\/","https:\/\/www.youtube.com\/channel\/UCi7F99x-c2m83TfJPosKFcg"]},{"@type":"Person","@id":""}]}},"_links":{"self":[{"href":"https:\/\/www.eim.com\/de\/wp-json\/wp\/v2\/posts\/828","targetHints":{"allow":["GET"]}}],"collection":[{"href":"https:\/\/www.eim.com\/de\/wp-json\/wp\/v2\/posts"}],"about":[{"href":"https:\/\/www.eim.com\/de\/wp-json\/wp\/v2\/types\/post"}],"author":[{"embeddable":true,"href":"https:\/\/www.eim.com\/de\/wp-json\/wp\/v2\/users\/7"}],"replies":[{"embeddable":true,"href":"https:\/\/www.eim.com\/de\/wp-json\/wp\/v2\/comments?post=828"}],"version-history":[{"count":0,"href":"https:\/\/www.eim.com\/de\/wp-json\/wp\/v2\/posts\/828\/revisions"}],"wp:attachment":[{"href":"https:\/\/www.eim.com\/de\/wp-json\/wp\/v2\/media?parent=828"}],"wp:term":[{"taxonomy":"category","embeddable":true,"href":"https:\/\/www.eim.com\/de\/wp-json\/wp\/v2\/categories?post=828"},{"taxonomy":"post_tag","embeddable":true,"href":"https:\/\/www.eim.com\/de\/wp-json\/wp\/v2\/tags?post=828"}],"curies":[{"name":"wp","href":"https:\/\/api.w.org\/{rel}","templated":true}]}}