{"id":711,"date":"2019-11-27T17:29:26","date_gmt":"2019-11-27T16:29:26","guid":{"rendered":"https:\/\/www.eim.com\/de\/?p=711"},"modified":"2024-06-18T08:42:30","modified_gmt":"2024-06-18T06:42:30","slug":"dr-otto-wiesheu","status":"publish","type":"post","link":"https:\/\/www.eim.com\/de\/eim-beirat\/dr-otto-wiesheu\/","title":{"rendered":"Dr. Otto Wiesheu"},"content":{"rendered":"<p>[et_pb_section fb_built=&#8221;1&#8243; admin_label=&#8221;Hero Section&#8221; _builder_version=&#8221;4.16&#8243; background_color=&#8221;rgba(0,0,0,0)&#8221; use_background_color_gradient=&#8221;on&#8221; background_color_gradient_stops=&#8221;rgba(0,0,0,0.4) 0%|rgba(0,0,0,0.4) 100%&#8221; background_color_gradient_overlays_image=&#8221;on&#8221; background_color_gradient_start=&#8221;rgba(0,0,0,0.4)&#8221; background_color_gradient_end=&#8221;rgba(0,0,0,0.4)&#8221; background_image=&#8221;https:\/\/www.eim.com\/de\/wp-content\/uploads\/sites\/4\/2019\/10\/case-study-1.jpeg&#8221; background_position=&#8221;top_center&#8221; height=&#8221;520px&#8221; custom_padding=&#8221;6%||0%|||&#8221; bottom_divider_style=&#8221;slant&#8221; bottom_divider_color=&#8221;#ffffff&#8221; bottom_divider_height=&#8221;150px&#8221; bottom_divider_flip=&#8221;horizontal&#8221; global_colors_info=&#8221;{}&#8221; background_color_gradient_direction__hover=&#8221;180deg&#8221; background_color_gradient_direction__hover_enabled=&#8221;180deg&#8221; background_color_gradient_start_position__hover=&#8221;0%&#8221; background_color_gradient_start_position__hover_enabled=&#8221;0%&#8221; background_color_gradient_end_position__hover=&#8221;100%&#8221; background_color_gradient_end_position__hover_enabled=&#8221;100%&#8221; background_color_gradient_stops__hover=&#8221;rgba(0,0,0,0.4) 0%|rgba(0,0,0,0.4) 100%&#8221;][et_pb_row disabled_on=&#8221;off|off|off&#8221; admin_label=&#8221;Page Title Area&#8221; _builder_version=&#8221;4.16&#8243; width=&#8221;100%&#8221; max_width=&#8221;2560px&#8221; module_alignment=&#8221;center&#8221; custom_margin=&#8221;-5%|auto|auto|auto|false|false&#8221; custom_margin_tablet=&#8221;3%||||false|false&#8221; custom_margin_phone=&#8221;&#8221; custom_margin_last_edited=&#8221;on|desktop&#8221; custom_padding=&#8221;0px|||||&#8221; global_colors_info=&#8221;{}&#8221;][et_pb_column type=&#8221;4_4&#8243; _builder_version=&#8221;4.16&#8243; custom_padding=&#8221;|||&#8221; global_colors_info=&#8221;{}&#8221; custom_padding__hover=&#8221;|||&#8221;][et_pb_text _builder_version=&#8221;4.16&#8243; text_font=&#8221;|600|||||||&#8221; text_text_color=&#8221;#ffffff&#8221; text_font_size=&#8221;18px&#8221; global_colors_info=&#8221;{}&#8221;]<\/p>\n<p style=\"text-align: center\">EIM Beirat<\/p>\n<p>[\/et_pb_text][et_pb_text _builder_version=&#8221;4.24.2&#8243; text_font=&#8221;|600|||||||&#8221; text_text_color=&#8221;#ffffff&#8221; text_font_size=&#8221;33px&#8221; background_layout=&#8221;dark&#8221; global_colors_info=&#8221;{}&#8221;]<\/p>\n<h1 style=\"text-align: center\">Dr. Otto Wiesheu<\/h1>\n<p>[\/et_pb_text][\/et_pb_column][\/et_pb_row][\/et_pb_section][et_pb_section fb_built=&#8221;1&#8243; disabled_on=&#8221;off|off|on&#8221; _builder_version=&#8221;4.16&#8243; custom_margin=&#8221;||||false|false&#8221; custom_padding=&#8221;2px||2px||true|false&#8221; global_colors_info=&#8221;{}&#8221;][et_pb_row column_structure=&#8221;1_4,3_4&#8243; _builder_version=&#8221;4.16&#8243; width=&#8221;75%&#8221; module_alignment=&#8221;center&#8221; custom_margin=&#8221;3%|auto|0.6%|auto|false|false&#8221; custom_padding=&#8221;||0px|||&#8221; global_colors_info=&#8221;{}&#8221;][et_pb_column type=&#8221;1_4&#8243; _builder_version=&#8221;4.16&#8243; global_colors_info=&#8221;{}&#8221;][et_pb_image src=&#8221;https:\/\/www.eim.com\/de\/wp-content\/uploads\/sites\/4\/2020\/04\/dr-otto-wiesheu.jpg&#8221; _builder_version=&#8221;4.16&#8243; custom_margin=&#8221;4%||15px||false|false&#8221; global_colors_info=&#8221;{}&#8221;][\/et_pb_image][\/et_pb_column][et_pb_column type=&#8221;3_4&#8243; _builder_version=&#8221;4.16&#8243; global_colors_info=&#8221;{}&#8221;][et_pb_text admin_label=&#8221;Title&#8221; _builder_version=&#8221;4.16&#8243; text_font=&#8221;||||||||&#8221; text_font_size=&#8221;16px&#8221; header_font=&#8221;||||||||&#8221; module_alignment=&#8221;center&#8221; custom_margin=&#8221;0px|0px||0px|false|false&#8221; custom_padding=&#8221;0px||0px||false|false&#8221; animation_style=&#8221;flip&#8221; animation_direction=&#8221;left&#8221; animation_intensity_flip=&#8221;30%&#8221; animation_starting_opacity=&#8221;100%&#8221; inline_fonts=&#8221;Prata,Montserrat&#8221; global_colors_info=&#8221;{}&#8221;]<\/p>\n<p><strong><span style=\"font-family: Montserrat;color: #002c3e\">Dr. Otto Wiesheu<br \/> <\/span><\/strong><\/p>\n<p>[\/et_pb_text][et_pb_text _builder_version=&#8221;4.16&#8243; text_font=&#8221;||||||||&#8221; text_font_size=&#8221;16px&#8221; header_font=&#8221;||||||||&#8221; module_alignment=&#8221;center&#8221; custom_margin=&#8221;0px|0px||0px|false|false&#8221; custom_padding=&#8221;0px||0px||false|false&#8221; animation_style=&#8221;flip&#8221; animation_direction=&#8221;left&#8221; animation_intensity_flip=&#8221;30%&#8221; animation_starting_opacity=&#8221;100%&#8221; global_colors_info=&#8221;{}&#8221;]<\/p>\n<p style=\"text-align: justify\">Dr. Otto Wiesheu studierte Rechtswissenschaften in M\u00fcnchen. Von 1974 bis zum Dezember 2005 war er Mitglied des Bayerischen Landtags. Von 1984 bis 1990 stand er als Gesch\u00e4ftsf\u00fchrer der Hanns-Seidel-Stiftung vor. Ab 1990 war Dr. Wiesheu Staatssekret\u00e4r im Staatsministerium f\u00fcr Unterricht, Kultus, Wissenschaft und Kunst und von Juni 1993 bis November 2005 Bayerischer Staatsminister f\u00fcr Wirtschaft, Verkehr und Technologie. Er war von 2006 bis 2009 Vorstandsmitglied der Deutschen Bahn, Ressort Wirtschaft und Politik. Dr. Wiesheu ist seit 2009 Pr\u00e4sident des Wirtschaftsbeirats der Union.<\/p>\n<p>[\/et_pb_text][\/et_pb_column][\/et_pb_row][et_pb_row column_structure=&#8221;1_4,3_4&#8243; _builder_version=&#8221;4.16&#8243; custom_margin=&#8221;||6%||false|false&#8221; custom_padding=&#8221;2%||||false|false&#8221; global_colors_info=&#8221;{}&#8221;][et_pb_column type=&#8221;1_4&#8243; _builder_version=&#8221;4.16&#8243; global_colors_info=&#8221;{}&#8221;][\/et_pb_column][et_pb_column type=&#8221;3_4&#8243; _builder_version=&#8221;4.16&#8243; global_colors_info=&#8221;{}&#8221;][et_pb_button button_url=&#8221;@ET-DC@eyJkeW5hbWljIjp0cnVlLCJjb250ZW50IjoicG9zdF9saW5rX3VybF9wYWdlIiwic2V0dGluZ3MiOnsicG9zdF9pZCI6IjE3OSIsImVuYWJsZV9odG1sIjoib2ZmIn19@&#8221; button_text=&#8221;EIM Beirat&#8221; button_alignment=&#8221;center&#8221; _builder_version=&#8221;4.16&#8243; _dynamic_attributes=&#8221;button_url&#8221; custom_button=&#8221;on&#8221; button_icon=&#8221;&#x23;||divi||400&#8243; button_icon_color=&#8221;#e09900&#8243; button_icon_placement=&#8221;left&#8221; button_on_hover=&#8221;off&#8221; custom_margin=&#8221;8px||||false|false&#8221; custom_padding=&#8221;||||false|false&#8221; global_colors_info=&#8221;{}&#8221;][\/et_pb_button][\/et_pb_column][\/et_pb_row][\/et_pb_section][et_pb_section fb_built=&#8221;1&#8243; disabled_on=&#8221;on|on|off&#8221; _builder_version=&#8221;4.16&#8243; custom_margin=&#8221;||||false|false&#8221; custom_padding=&#8221;4px||4px||true|false&#8221; global_colors_info=&#8221;{}&#8221;][et_pb_row column_structure=&#8221;1_4,3_4&#8243; _builder_version=&#8221;4.16&#8243; width=&#8221;65%&#8221; module_alignment=&#8221;center&#8221; custom_margin=&#8221;3%|auto|0.6%|auto|false|false&#8221; custom_padding=&#8221;||0px|||&#8221; global_colors_info=&#8221;{}&#8221;][et_pb_column type=&#8221;1_4&#8243; _builder_version=&#8221;4.16&#8243; global_colors_info=&#8221;{}&#8221;][et_pb_image src=&#8221;https:\/\/www.eim.com\/de\/wp-content\/uploads\/sites\/4\/2020\/04\/dr-otto-wiesheu.jpg&#8221; align=&#8221;center&#8221; _builder_version=&#8221;4.16&#8243; custom_margin=&#8221;4%||15px||false|false&#8221; global_colors_info=&#8221;{}&#8221;][\/et_pb_image][et_pb_text admin_label=&#8221;Title&#8221; _builder_version=&#8221;4.16&#8243; text_font=&#8221;||||||||&#8221; text_font_size=&#8221;16px&#8221; header_font=&#8221;||||||||&#8221; max_width=&#8221;90%&#8221; module_alignment=&#8221;center&#8221; custom_margin=&#8221;|0px|5%|0px|false|false&#8221; custom_padding=&#8221;|2%|0px|2%|false|false&#8221; animation_style=&#8221;flip&#8221; animation_direction=&#8221;left&#8221; animation_intensity_flip=&#8221;30%&#8221; animation_starting_opacity=&#8221;100%&#8221; inline_fonts=&#8221;Prata,Montserrat&#8221; global_colors_info=&#8221;{}&#8221;]<\/p>\n<p style=\"text-align: center\"><strong><span style=\"font-family: Montserrat;color: #002c3e\">Dr. Otto Wiesheu<br \/> <\/span><\/strong><\/p>\n<p>[\/et_pb_text][\/et_pb_column][et_pb_column type=&#8221;3_4&#8243; _builder_version=&#8221;4.16&#8243; global_colors_info=&#8221;{}&#8221;][et_pb_text _builder_version=&#8221;4.16&#8243; text_font=&#8221;||||||||&#8221; text_font_size=&#8221;16px&#8221; header_font=&#8221;||||||||&#8221; max_width=&#8221;90%&#8221; module_alignment=&#8221;center&#8221; custom_margin=&#8221;0px|0px||0px|false|false&#8221; custom_padding=&#8221;0px|2%|0px|2%|false|false&#8221; animation_style=&#8221;flip&#8221; animation_direction=&#8221;left&#8221; animation_intensity_flip=&#8221;30%&#8221; animation_starting_opacity=&#8221;100%&#8221; global_colors_info=&#8221;{}&#8221;]<\/p>\n<p style=\"text-align: justify\">Dr. Otto Wiesheu studierte Rechtswissenschaften in M\u00fcnchen. Von 1974 bis zum Dezember 2005 war er Mitglied des Bayerischen Landtags. Von 1984 bis 1990 stand er als Gesch\u00e4ftsf\u00fchrer der Hanns-Seidel-Stiftung vor. Ab 1990 war Dr. Wiesheu Staatssekret\u00e4r im Staatsministerium f\u00fcr Unterricht, Kultus, Wissenschaft und Kunst und von Juni 1993 bis November 2005 Bayerischer Staatsminister f\u00fcr Wirtschaft, Verkehr und Technologie. Er war von 2006 bis 2009 Vorstandsmitglied der Deutschen Bahn, Ressort Wirtschaft und Politik. Dr. Wiesheu ist seit 2009 Pr\u00e4sident des Wirtschaftsbeirats der Union.<\/p>\n<p>[\/et_pb_text][\/et_pb_column][\/et_pb_row][et_pb_row column_structure=&#8221;1_4,3_4&#8243; _builder_version=&#8221;4.16&#8243; width=&#8221;65%&#8221; module_alignment=&#8221;center&#8221; custom_margin=&#8221;|auto|5%|auto|false|false&#8221; custom_padding=&#8221;||0px|||&#8221; global_colors_info=&#8221;{}&#8221;][et_pb_column type=&#8221;1_4&#8243; _builder_version=&#8221;4.16&#8243; global_colors_info=&#8221;{}&#8221;][\/et_pb_column][et_pb_column type=&#8221;3_4&#8243; _builder_version=&#8221;4.16&#8243; global_colors_info=&#8221;{}&#8221;][et_pb_button button_url=&#8221;@ET-DC@eyJkeW5hbWljIjp0cnVlLCJjb250ZW50IjoicG9zdF9saW5rX3VybF9wYWdlIiwic2V0dGluZ3MiOnsicG9zdF9pZCI6IjE3OSIsImVuYWJsZV9odG1sIjoib2ZmIn19@&#8221; button_text=&#8221;EIM Beirat&#8221; button_alignment=&#8221;left&#8221; _builder_version=&#8221;4.16&#8243; _dynamic_attributes=&#8221;button_url&#8221; custom_button=&#8221;on&#8221; button_icon=&#8221;&#x23;||divi||400&#8243; button_icon_color=&#8221;#e09900&#8243; button_icon_placement=&#8221;left&#8221; button_on_hover=&#8221;off&#8221; custom_margin=&#8221;8px|||6%|false|false&#8221; custom_padding=&#8221;||||false|false&#8221; global_colors_info=&#8221;{}&#8221;][\/et_pb_button][\/et_pb_column][\/et_pb_row][\/et_pb_section][et_pb_section fb_built=&#8221;1&#8243; _builder_version=&#8221;4.25.1&#8243; _module_preset=&#8221;default&#8221; global_colors_info=&#8221;{}&#8221; custom_padding=&#8221;0px|||||&#8221; min_height=&#8221;973.9px&#8221; custom_margin=&#8221;-26px|||||&#8221;][et_pb_row _builder_version=&#8221;4.25.1&#8243; _module_preset=&#8221;default&#8221; global_colors_info=&#8221;{}&#8221;][et_pb_column type=&#8221;4_4&#8243; _builder_version=&#8221;4.25.1&#8243; _module_preset=&#8221;default&#8221; global_colors_info=&#8221;{}&#8221;][et_pb_text _builder_version=&#8221;4.25.1&#8243; _module_preset=&#8221;default&#8221; text_font_size=&#8221;16px&#8221; global_colors_info=&#8221;{}&#8221;]<\/p>\n<p><strong>Dr. Otto Wiesheu im Interview<span>\u00a0<\/span><\/strong><span>beantwortet Fragen zur derzeitigen Wirtschaftslage und erkl\u00e4rt wie Interim Management als Arbeitsmodell f\u00fcr die Zukunft wegweisend sein kann<\/span><\/p>\n<p>[\/et_pb_text][\/et_pb_column][\/et_pb_row][et_pb_row _builder_version=&#8221;4.25.1&#8243; _module_preset=&#8221;default&#8221; hover_enabled=&#8221;0&#8243; global_colors_info=&#8221;{}&#8221; sticky_enabled=&#8221;0&#8243;][et_pb_column type=&#8221;4_4&#8243; _builder_version=&#8221;4.25.1&#8243; _module_preset=&#8221;default&#8221; global_colors_info=&#8221;{}&#8221;][wpforms_selector _builder_version=&#8221;4.25.1&#8243; _module_preset=&#8221;default&#8221; form_id=&#8221;14013&#8243; hover_enabled=&#8221;0&#8243; sticky_enabled=&#8221;0&#8243; width=&#8221;51%&#8221; module_alignment=&#8221;center&#8221;][\/wpforms_selector][\/et_pb_column][\/et_pb_row][\/et_pb_section][et_pb_section fb_built=&#8221;1&#8243; _builder_version=&#8221;4.16&#8243; background_color=&#8221;rgba(0,0,0,0)&#8221; max_height=&#8221;100px&#8221; custom_margin=&#8221;||||false|false&#8221; custom_padding=&#8221;0px||28px||false|false&#8221; top_divider_color=&#8221;#ffffff&#8221; top_divider_flip=&#8221;vertical&#8221; bottom_divider_style=&#8221;slant&#8221; bottom_divider_color=&#8221;#002c3e&#8221; bottom_divider_flip=&#8221;horizontal&#8221; global_colors_info=&#8221;{}&#8221;][\/et_pb_section][et_pb_section fb_built=&#8221;1&#8243; _builder_version=&#8221;4.16&#8243; background_color=&#8221;#002c3e&#8221; custom_margin=&#8221;||||false|false&#8221; top_divider_style=&#8221;slant&#8221; top_divider_color=&#8221;rgba(0,0,0,0)&#8221; top_divider_flip=&#8221;vertical&#8221; bottom_divider_color=&#8221;#ffffff&#8221; bottom_divider_flip=&#8221;horizontal&#8221; global_colors_info=&#8221;{}&#8221;][et_pb_row _builder_version=&#8221;4.16&#8243; custom_margin=&#8221;-46px|auto||auto||&#8221; custom_padding=&#8221;60px|||||&#8221; global_colors_info=&#8221;{}&#8221;][et_pb_column type=&#8221;4_4&#8243; _builder_version=&#8221;4.16&#8243; global_colors_info=&#8221;{}&#8221;][et_pb_text admin_label=&#8221;Title&#8221; _builder_version=&#8221;4.16&#8243; text_font=&#8221;||||||||&#8221; text_text_color=&#8221;#ffffff&#8221; header_font=&#8221;Prata||||||||&#8221; header_2_font=&#8221;Montserrat|700|||||||&#8221; header_2_text_align=&#8221;center&#8221; header_2_font_size=&#8221;30px&#8221; custom_margin=&#8221;5%||5px||false|false&#8221; custom_padding=&#8221;||0px|||&#8221; animation_style=&#8221;fade&#8221; animation_direction=&#8221;top&#8221; animation_duration=&#8221;1350ms&#8221; animation_starting_opacity=&#8221;100%&#8221; inline_fonts=&#8221;Prata,Montserrat&#8221; global_colors_info=&#8221;{}&#8221;]<\/p>\n<h2><span style=\"font-family: Montserrat;color: #ffffff\">Kontaktieren Sie uns<\/span><\/h2>\n<p>[\/et_pb_text][\/et_pb_column][\/et_pb_row][et_pb_row column_structure=&#8221;1_5,3_5,1_5&#8243; _builder_version=&#8221;4.16&#8243; custom_margin=&#8221;|auto|5%|auto|false|false&#8221; custom_padding=&#8221;0px|||||&#8221; global_colors_info=&#8221;{}&#8221;][et_pb_column type=&#8221;1_5&#8243; _builder_version=&#8221;4.16&#8243; global_colors_info=&#8221;{}&#8221;][\/et_pb_column][et_pb_column type=&#8221;3_5&#8243; _builder_version=&#8221;4.16&#8243; global_colors_info=&#8221;{}&#8221;][et_pb_text _builder_version=&#8221;4.16&#8243; custom_padding=&#8221;||0px|||&#8221; global_colors_info=&#8221;{}&#8221;]<\/p>\n<p style=\"text-align: center\"><span style=\"color: #ffffff\">Erfahren Sie mehr und nehmen Sie Kontakt mit Ihrem EIM Berater auf<\/span><\/p>\n<p>[\/et_pb_text][et_pb_button button_url=&#8221;\/de\/kontakt&#8221; button_text=&#8221;KONTAKT&#8221; button_alignment=&#8221;center&#8221; _builder_version=&#8221;4.16&#8243; background_layout=&#8221;dark&#8221; global_colors_info=&#8221;{}&#8221;][\/et_pb_button][\/et_pb_column][et_pb_column type=&#8221;1_5&#8243; _builder_version=&#8221;4.16&#8243; global_colors_info=&#8221;{}&#8221;][\/et_pb_column][\/et_pb_row][\/et_pb_section]<\/p>\n","protected":false},"excerpt":{"rendered":"<p>EIM BeiratDr. Otto WiesheuDr. Otto Wiesheu Dr. Otto Wiesheu studierte Rechtswissenschaften in M\u00fcnchen. Von 1974 bis zum Dezember 2005 war er Mitglied des Bayerischen Landtags. Von 1984 bis 1990 stand er als Gesch\u00e4ftsf\u00fchrer der Hanns-Seidel-Stiftung vor. Ab 1990 war Dr. Wiesheu Staatssekret\u00e4r im Staatsministerium f\u00fcr Unterricht, Kultus, Wissenschaft und Kunst und von Juni 1993 bis [&hellip;]<\/p>\n","protected":false},"author":7,"featured_media":0,"comment_status":"closed","ping_status":"closed","sticky":false,"template":"","format":"standard","meta":{"_et_pb_use_builder":"on","_et_pb_old_content":"","_et_gb_content_width":"","footnotes":""},"categories":[667],"tags":[],"class_list":["post-711","post","type-post","status-publish","format-standard","hentry","category-eim-beirat"],"yoast_head":"<!-- This site is optimized with the Yoast SEO Premium plugin v27.5 (Yoast SEO v27.5) - https:\/\/yoast.com\/product\/yoast-seo-premium-wordpress\/ -->\n<title>Dr. Otto Wiesheu -EIM Germany Beirat<\/title>\n<meta name=\"robots\" content=\"index, follow, max-snippet:-1, max-image-preview:large, max-video-preview:-1\" \/>\n<link rel=\"canonical\" href=\"https:\/\/www.eim.com\/de\/eim-beirat\/dr-otto-wiesheu\/\" \/>\n<meta property=\"og:locale\" content=\"de_DE\" \/>\n<meta property=\"og:type\" content=\"article\" \/>\n<meta property=\"og:title\" content=\"Dr. Otto Wiesheu\" \/>\n<meta property=\"og:url\" content=\"https:\/\/www.eim.com\/de\/eim-beirat\/dr-otto-wiesheu\/\" \/>\n<meta property=\"og:site_name\" content=\"EIM Germany - Executive Interim Management\" \/>\n<meta property=\"article:published_time\" content=\"2019-11-27T16:29:26+00:00\" \/>\n<meta property=\"article:modified_time\" content=\"2024-06-18T06:42:30+00:00\" \/>\n<meta name=\"twitter:card\" content=\"summary_large_image\" \/>\n<meta name=\"twitter:label1\" content=\"Geschrieben von\" \/>\n\t<meta name=\"twitter:data1\" content=\"\" \/>\n\t<meta name=\"twitter:label2\" content=\"Gesch\u00e4tzte Lesezeit\" \/>\n\t<meta name=\"twitter:data2\" content=\"3 Minuten\" \/>\n<script type=\"application\/ld+json\" class=\"yoast-schema-graph\">{\"@context\":\"https:\\\/\\\/schema.org\",\"@graph\":[{\"@type\":\"Article\",\"@id\":\"https:\\\/\\\/www.eim.com\\\/de\\\/eim-beirat\\\/dr-otto-wiesheu\\\/#article\",\"isPartOf\":{\"@id\":\"https:\\\/\\\/www.eim.com\\\/de\\\/eim-beirat\\\/dr-otto-wiesheu\\\/\"},\"author\":{\"name\":\"\",\"@id\":\"\"},\"headline\":\"Dr. Otto Wiesheu\",\"datePublished\":\"2019-11-27T16:29:26+00:00\",\"dateModified\":\"2024-06-18T06:42:30+00:00\",\"mainEntityOfPage\":{\"@id\":\"https:\\\/\\\/www.eim.com\\\/de\\\/eim-beirat\\\/dr-otto-wiesheu\\\/\"},\"wordCount\":1515,\"publisher\":{\"@id\":\"https:\\\/\\\/www.eim.com\\\/de\\\/#organization\"},\"articleSection\":[\"EIM Beirat\"],\"inLanguage\":\"de-DE\"},{\"@type\":\"WebPage\",\"@id\":\"https:\\\/\\\/www.eim.com\\\/de\\\/eim-beirat\\\/dr-otto-wiesheu\\\/\",\"url\":\"https:\\\/\\\/www.eim.com\\\/de\\\/eim-beirat\\\/dr-otto-wiesheu\\\/\",\"name\":\"Dr. Otto Wiesheu -EIM Germany Beirat\",\"isPartOf\":{\"@id\":\"https:\\\/\\\/www.eim.com\\\/de\\\/#website\"},\"datePublished\":\"2019-11-27T16:29:26+00:00\",\"dateModified\":\"2024-06-18T06:42:30+00:00\",\"breadcrumb\":{\"@id\":\"https:\\\/\\\/www.eim.com\\\/de\\\/eim-beirat\\\/dr-otto-wiesheu\\\/#breadcrumb\"},\"inLanguage\":\"de-DE\",\"potentialAction\":[{\"@type\":\"ReadAction\",\"target\":[\"https:\\\/\\\/www.eim.com\\\/de\\\/eim-beirat\\\/dr-otto-wiesheu\\\/\"]}]},{\"@type\":\"BreadcrumbList\",\"@id\":\"https:\\\/\\\/www.eim.com\\\/de\\\/eim-beirat\\\/dr-otto-wiesheu\\\/#breadcrumb\",\"itemListElement\":[{\"@type\":\"ListItem\",\"position\":1,\"name\":\"Home\",\"item\":\"https:\\\/\\\/www.eim.com\\\/de\\\/\"},{\"@type\":\"ListItem\",\"position\":2,\"name\":\"Dr. Otto Wiesheu\"}]},{\"@type\":\"WebSite\",\"@id\":\"https:\\\/\\\/www.eim.com\\\/de\\\/#website\",\"url\":\"https:\\\/\\\/www.eim.com\\\/de\\\/\",\"name\":\"EIM Germany - Executive Interim Management\",\"description\":\"EIM delivers business breakthrough differently. Wir stellen erfahrene Interim Manager aus unserem eigenen aktiven Netzwerk bereit.\",\"publisher\":{\"@id\":\"https:\\\/\\\/www.eim.com\\\/de\\\/#organization\"},\"potentialAction\":[{\"@type\":\"SearchAction\",\"target\":{\"@type\":\"EntryPoint\",\"urlTemplate\":\"https:\\\/\\\/www.eim.com\\\/de\\\/?s={search_term_string}\"},\"query-input\":{\"@type\":\"PropertyValueSpecification\",\"valueRequired\":true,\"valueName\":\"search_term_string\"}}],\"inLanguage\":\"de-DE\"},{\"@type\":\"Organization\",\"@id\":\"https:\\\/\\\/www.eim.com\\\/de\\\/#organization\",\"name\":\"EIM Executive Interim Management GmbH\",\"url\":\"https:\\\/\\\/www.eim.com\\\/de\\\/\",\"logo\":{\"@type\":\"ImageObject\",\"inLanguage\":\"de-DE\",\"@id\":\"https:\\\/\\\/www.eim.com\\\/de\\\/#\\\/schema\\\/logo\\\/image\\\/\",\"url\":\"https:\\\/\\\/www.eim.com\\\/de\\\/wp-content\\\/uploads\\\/sites\\\/4\\\/2020\\\/08\\\/positive.png\",\"contentUrl\":\"https:\\\/\\\/www.eim.com\\\/de\\\/wp-content\\\/uploads\\\/sites\\\/4\\\/2020\\\/08\\\/positive.png\",\"width\":1423,\"height\":442,\"caption\":\"EIM Executive Interim Management GmbH\"},\"image\":{\"@id\":\"https:\\\/\\\/www.eim.com\\\/de\\\/#\\\/schema\\\/logo\\\/image\\\/\"},\"sameAs\":[\"https:\\\/\\\/www.linkedin.com\\\/company\\\/eim-germany\\\/\",\"https:\\\/\\\/www.youtube.com\\\/channel\\\/UCi7F99x-c2m83TfJPosKFcg\"]},{\"@type\":\"Person\",\"@id\":\"\"}]}<\/script>\n<!-- \/ Yoast SEO Premium plugin. -->","yoast_head_json":{"title":"Dr. Otto Wiesheu -EIM Germany Beirat","robots":{"index":"index","follow":"follow","max-snippet":"max-snippet:-1","max-image-preview":"max-image-preview:large","max-video-preview":"max-video-preview:-1"},"canonical":"https:\/\/www.eim.com\/de\/eim-beirat\/dr-otto-wiesheu\/","og_locale":"de_DE","og_type":"article","og_title":"Dr. Otto Wiesheu","og_url":"https:\/\/www.eim.com\/de\/eim-beirat\/dr-otto-wiesheu\/","og_site_name":"EIM Germany - Executive Interim Management","article_published_time":"2019-11-27T16:29:26+00:00","article_modified_time":"2024-06-18T06:42:30+00:00","twitter_card":"summary_large_image","twitter_misc":{"Geschrieben von":"","Gesch\u00e4tzte Lesezeit":"3 Minuten"},"schema":{"@context":"https:\/\/schema.org","@graph":[{"@type":"Article","@id":"https:\/\/www.eim.com\/de\/eim-beirat\/dr-otto-wiesheu\/#article","isPartOf":{"@id":"https:\/\/www.eim.com\/de\/eim-beirat\/dr-otto-wiesheu\/"},"author":{"name":"","@id":""},"headline":"Dr. Otto Wiesheu","datePublished":"2019-11-27T16:29:26+00:00","dateModified":"2024-06-18T06:42:30+00:00","mainEntityOfPage":{"@id":"https:\/\/www.eim.com\/de\/eim-beirat\/dr-otto-wiesheu\/"},"wordCount":1515,"publisher":{"@id":"https:\/\/www.eim.com\/de\/#organization"},"articleSection":["EIM Beirat"],"inLanguage":"de-DE"},{"@type":"WebPage","@id":"https:\/\/www.eim.com\/de\/eim-beirat\/dr-otto-wiesheu\/","url":"https:\/\/www.eim.com\/de\/eim-beirat\/dr-otto-wiesheu\/","name":"Dr. Otto Wiesheu -EIM Germany Beirat","isPartOf":{"@id":"https:\/\/www.eim.com\/de\/#website"},"datePublished":"2019-11-27T16:29:26+00:00","dateModified":"2024-06-18T06:42:30+00:00","breadcrumb":{"@id":"https:\/\/www.eim.com\/de\/eim-beirat\/dr-otto-wiesheu\/#breadcrumb"},"inLanguage":"de-DE","potentialAction":[{"@type":"ReadAction","target":["https:\/\/www.eim.com\/de\/eim-beirat\/dr-otto-wiesheu\/"]}]},{"@type":"BreadcrumbList","@id":"https:\/\/www.eim.com\/de\/eim-beirat\/dr-otto-wiesheu\/#breadcrumb","itemListElement":[{"@type":"ListItem","position":1,"name":"Home","item":"https:\/\/www.eim.com\/de\/"},{"@type":"ListItem","position":2,"name":"Dr. Otto Wiesheu"}]},{"@type":"WebSite","@id":"https:\/\/www.eim.com\/de\/#website","url":"https:\/\/www.eim.com\/de\/","name":"EIM Germany - Executive Interim Management","description":"EIM delivers business breakthrough differently. Wir stellen erfahrene Interim Manager aus unserem eigenen aktiven Netzwerk bereit.","publisher":{"@id":"https:\/\/www.eim.com\/de\/#organization"},"potentialAction":[{"@type":"SearchAction","target":{"@type":"EntryPoint","urlTemplate":"https:\/\/www.eim.com\/de\/?s={search_term_string}"},"query-input":{"@type":"PropertyValueSpecification","valueRequired":true,"valueName":"search_term_string"}}],"inLanguage":"de-DE"},{"@type":"Organization","@id":"https:\/\/www.eim.com\/de\/#organization","name":"EIM Executive Interim Management GmbH","url":"https:\/\/www.eim.com\/de\/","logo":{"@type":"ImageObject","inLanguage":"de-DE","@id":"https:\/\/www.eim.com\/de\/#\/schema\/logo\/image\/","url":"https:\/\/www.eim.com\/de\/wp-content\/uploads\/sites\/4\/2020\/08\/positive.png","contentUrl":"https:\/\/www.eim.com\/de\/wp-content\/uploads\/sites\/4\/2020\/08\/positive.png","width":1423,"height":442,"caption":"EIM Executive Interim Management GmbH"},"image":{"@id":"https:\/\/www.eim.com\/de\/#\/schema\/logo\/image\/"},"sameAs":["https:\/\/www.linkedin.com\/company\/eim-germany\/","https:\/\/www.youtube.com\/channel\/UCi7F99x-c2m83TfJPosKFcg"]},{"@type":"Person","@id":""}]}},"_links":{"self":[{"href":"https:\/\/www.eim.com\/de\/wp-json\/wp\/v2\/posts\/711","targetHints":{"allow":["GET"]}}],"collection":[{"href":"https:\/\/www.eim.com\/de\/wp-json\/wp\/v2\/posts"}],"about":[{"href":"https:\/\/www.eim.com\/de\/wp-json\/wp\/v2\/types\/post"}],"author":[{"embeddable":true,"href":"https:\/\/www.eim.com\/de\/wp-json\/wp\/v2\/users\/7"}],"replies":[{"embeddable":true,"href":"https:\/\/www.eim.com\/de\/wp-json\/wp\/v2\/comments?post=711"}],"version-history":[{"count":0,"href":"https:\/\/www.eim.com\/de\/wp-json\/wp\/v2\/posts\/711\/revisions"}],"wp:attachment":[{"href":"https:\/\/www.eim.com\/de\/wp-json\/wp\/v2\/media?parent=711"}],"wp:term":[{"taxonomy":"category","embeddable":true,"href":"https:\/\/www.eim.com\/de\/wp-json\/wp\/v2\/categories?post=711"},{"taxonomy":"post_tag","embeddable":true,"href":"https:\/\/www.eim.com\/de\/wp-json\/wp\/v2\/tags?post=711"}],"curies":[{"name":"wp","href":"https:\/\/api.w.org\/{rel}","templated":true}]}}