{"id":15396,"date":"2025-09-18T14:45:41","date_gmt":"2025-09-18T12:45:41","guid":{"rendered":"https:\/\/www.eim.com\/de\/?p=15396"},"modified":"2025-09-18T16:05:13","modified_gmt":"2025-09-18T14:05:13","slug":"strukturwandel-automobilzuliefererindustrie-erfolgreich-durch-2025","status":"publish","type":"post","link":"https:\/\/www.eim.com\/de\/blog\/strukturwandel-automobilzuliefererindustrie-erfolgreich-durch-2025\/","title":{"rendered":"Strukturwandel Automobilzulieferer Industrie"},"content":{"rendered":"<p>[et_pb_section fb_built=&#8221;1&#8243; admin_label=&#8221;Hero Section&#8221; _builder_version=&#8221;4.27.4&#8243; background_color=&#8221;rgba(0,0,0,0)&#8221; background_image=&#8221;https:\/\/www.eim.com\/de\/wp-content\/uploads\/sites\/4\/2025\/09\/iStock-1352825159.jpg&#8221; height=&#8221;520px&#8221; custom_padding=&#8221;6%||3.8%|||&#8221; bottom_divider_style=&#8221;slant&#8221; bottom_divider_color=&#8221;#DB9300&#8243; bottom_divider_height=&#8221;150px&#8221; bottom_divider_flip=&#8221;horizontal&#8221; global_colors_info=&#8221;{}&#8221; background_color_gradient_direction__hover=&#8221;180deg&#8221; background_color_gradient_direction__hover_enabled=&#8221;180deg&#8221; background_color_gradient_start_position__hover=&#8221;0%&#8221; background_color_gradient_start_position__hover_enabled=&#8221;0%&#8221; background_color_gradient_end_position__hover=&#8221;100%&#8221; background_color_gradient_end_position__hover_enabled=&#8221;100%&#8221; background_color_gradient_stops__hover=&#8221;rgba(19,21,38,0.56) 0%|rgba(102,88,39,0.58) 100%&#8221;][et_pb_row custom_padding_last_edited=&#8221;on|phone&#8221; disabled_on=&#8221;off|off|off&#8221; admin_label=&#8221;Page Title Area&#8221; _builder_version=&#8221;4.27.0&#8243; width=&#8221;100%&#8221; max_width=&#8221;2560px&#8221; module_alignment=&#8221;center&#8221; custom_margin=&#8221;-2%|auto|0px|auto|false|false&#8221; custom_margin_tablet=&#8221;&#8221; custom_margin_phone=&#8221;5%||||false|false&#8221; custom_margin_last_edited=&#8221;on|phone&#8221; custom_padding=&#8221;0px|||||&#8221; custom_padding_tablet=&#8221;&#8221; custom_padding_phone=&#8221;5%||||false|false&#8221; global_colors_info=&#8221;{}&#8221;][et_pb_column type=&#8221;4_4&#8243; _builder_version=&#8221;4.16&#8243; custom_padding=&#8221;|||&#8221; global_colors_info=&#8221;{}&#8221; custom_padding__hover=&#8221;|||&#8221;][et_pb_text _builder_version=&#8221;4.27.4&#8243; text_font=&#8221;|600|||||||&#8221; text_text_color=&#8221;#ffffff&#8221; text_font_size=&#8221;18px&#8221; global_colors_info=&#8221;{}&#8221;]<\/p>\n<p style=\"text-align: center;\">18. September 2025 | EIM Blog<br \/><span style=\"color: #ffffff;\">von<a href=\"https:\/\/www.eim.com\/de\/eim-team\/marcus-gerbershagen\/\" title=\"Marcus Gerbershagen\" style=\"color: #ffffff;\"> Marcus Gerbershagen<\/a><\/span><\/p>\n<p>[\/et_pb_text][\/et_pb_column][\/et_pb_row][et_pb_row column_structure=&#8221;1_5,3_5,1_5&#8243; _builder_version=&#8221;4.27.4&#8243; _module_preset=&#8221;default&#8221; min_height=&#8221;65.2px&#8221; custom_margin=&#8221;-31px|auto||auto||&#8221; custom_padding=&#8221;201px|||||&#8221; global_colors_info=&#8221;{}&#8221;][et_pb_column type=&#8221;1_5&#8243; _builder_version=&#8221;4.27.4&#8243; _module_preset=&#8221;default&#8221; global_colors_info=&#8221;{}&#8221;][\/et_pb_column][et_pb_column type=&#8221;3_5&#8243; _builder_version=&#8221;4.27.4&#8243; _module_preset=&#8221;default&#8221; global_colors_info=&#8221;{}&#8221;][et_pb_button button_url=&#8221;https:\/\/www.eim.com\/de\/?page_id=15292&#038;et_fb=1&#038;PageSpeed=off&#8221; url_new_window=&#8221;on&#8221; button_text=&#8221;DOWNLOAD WHITEPAPER&#8221; button_alignment=&#8221;center&#8221; _builder_version=&#8221;4.27.4&#8243; _module_preset=&#8221;default&#8221; custom_button=&#8221;on&#8221; button_text_color=&#8221;#FFFFFF&#8221; custom_margin=&#8221;-87px|||||&#8221; global_colors_info=&#8221;{}&#8221;][\/et_pb_button][\/et_pb_column][et_pb_column type=&#8221;1_5&#8243; _builder_version=&#8221;4.27.4&#8243; _module_preset=&#8221;default&#8221; global_colors_info=&#8221;{}&#8221;][\/et_pb_column][\/et_pb_row][\/et_pb_section][et_pb_section fb_built=&#8221;1&#8243; _builder_version=&#8221;4.27.4&#8243; _module_preset=&#8221;default&#8221; global_colors_info=&#8221;{}&#8221;][et_pb_row _builder_version=&#8221;4.27.4&#8243; _module_preset=&#8221;default&#8221; global_colors_info=&#8221;{}&#8221;][et_pb_column type=&#8221;4_4&#8243; _builder_version=&#8221;4.27.4&#8243; _module_preset=&#8221;default&#8221; global_colors_info=&#8221;{}&#8221;][et_pb_text _builder_version=&#8221;4.27.4&#8243; _module_preset=&#8221;default&#8221; text_font_size=&#8221;16px&#8221; locked=&#8221;off&#8221; global_colors_info=&#8221;{}&#8221;]<\/p>\n<h1 style=\"text-align: center;\"><span><span data-contrast=\"none\" xml:lang=\"DE-DE\" lang=\"DE-DE\" class=\"TextRun SCXW247207072 BCX8\"><span class=\"NormalTextRun SCXW247207072 BCX8\" data-ccp-parastyle=\"heading 1\">Handelskonflikte, E-Mobilit\u00e4t, Kostendruck<\/span><span class=\"NormalTextRun SCXW247207072 BCX8\" data-ccp-parastyle=\"heading 1\">: 2025 wird f\u00fcr Automobilz<\/span><span class=\"NormalTextRun SCXW247207072 BCX8\" data-ccp-parastyle=\"heading 1\">ulieferer zum Wendepunkt<\/span><\/span><span class=\"EOP SCXW247207072 BCX8\" data-ccp-props=\"{&quot;134245418&quot;:true,&quot;134245529&quot;:true,&quot;335559738&quot;:360,&quot;335559739&quot;:80}\">\u00a0<\/span><\/span><\/h1>\n<p>[\/et_pb_text][et_pb_text _builder_version=&#8221;4.27.4&#8243; _module_preset=&#8221;default&#8221; text_font_size=&#8221;16px&#8221; locked=&#8221;off&#8221; global_colors_info=&#8221;{}&#8221;]<\/p>\n<h2 style=\"text-align: center;\"><span data-contrast=\"none\" xml:lang=\"DE-DE\" lang=\"DE-DE\" class=\"TextRun SCXW216946494 BCX8\"><span class=\"NormalTextRun SCXW216946494 BCX8\" data-ccp-parastyle=\"heading 2\">Wie Interim Manager <\/span><span class=\"NormalTextRun SCXW216946494 BCX8\" data-ccp-parastyle=\"heading 2\">jetzt <\/span><span class=\"NormalTextRun SCXW216946494 BCX8\" data-ccp-parastyle=\"heading 2\">helfen<\/span><span class=\"NormalTextRun SCXW216946494 BCX8\" data-ccp-parastyle=\"heading 2\"> k\u00f6nnen<\/span><span class=\"NormalTextRun SCXW216946494 BCX8\" data-ccp-parastyle=\"heading 2\">, Standorte zu stabilisieren, Restrukturierungen umzusetzen und neue Wege zu er\u00f6ffnen<\/span><\/span><span class=\"EOP SCXW216946494 BCX8\" data-ccp-props=\"{&quot;134245418&quot;:true,&quot;134245529&quot;:true,&quot;335559738&quot;:160,&quot;335559739&quot;:80}\">\u00a0<\/span><\/h2>\n<p>[\/et_pb_text][et_pb_text _builder_version=&#8221;4.27.4&#8243; _module_preset=&#8221;default&#8221; text_text_color=&#8221;#000000&#8243; text_font_size=&#8221;16px&#8221; locked=&#8221;off&#8221; global_colors_info=&#8221;{}&#8221;]<\/p>\n<p><span style=\"color: #333333;\">Der Transformationsdruck auf Zulieferer in der Automobilindustrie nimmt rasant zu. Handelskonflikte, der Umstieg auf E-Mobilit\u00e4t und die sinkende Nachfrage nach klassischen Antriebstechnologien versch\u00e4rfen die Lage. Gleichzeitig fordern Investoren und OEMs mehr Innovation, Effizienz und Anpassungsf\u00e4higkeit bei sinkenden Margen und steigendem Risiko.\u00a0<\/span><\/p>\n<p><span style=\"color: #e09009;\"><strong>2025 wird f\u00fcr Automobilzulieferer zum Stresstest. Sind Sie bereit?\u00a0<\/strong><\/span><\/p>\n<p>[\/et_pb_text][et_pb_text _builder_version=&#8221;4.27.4&#8243; _module_preset=&#8221;default&#8221; text_font_size=&#8221;16px&#8221; hover_enabled=&#8221;0&#8243; global_colors_info=&#8221;{}&#8221; sticky_enabled=&#8221;0&#8243;]<\/p>\n<h3><strong><span data-contrast=\"none\" xml:lang=\"DE-DE\" lang=\"DE-DE\" class=\"TextRun SCXW220836481 BCX8\"><span class=\"NormalTextRun SCXW220836481 BCX8\" data-ccp-parastyle=\"heading 2\">Ein Blick voraus<\/span><\/span><\/strong><\/h3>\n<p><span class=\"EOP SCXW220836481 BCX8\" data-ccp-props=\"{&quot;134245418&quot;:true,&quot;134245529&quot;:true,&quot;335559738&quot;:160,&quot;335559739&quot;:80}\"><span data-contrast=\"auto\" xml:lang=\"DE-DE\" lang=\"DE-DE\" class=\"TextRun SCXW164688294 BCX8\"><span class=\"NormalTextRun SCXW164688294 BCX8\">Trotz sinkender Absatzzahlen und wachsender Unsicherheit in der Branche bleibt Deutschland ein zentraler Standort der Automobilproduktion \u2013 besonders im Zukunftssegment Elektromobilit\u00e4t. W\u00e4hrend die klassische Pkw-Produktion stagniert oder r\u00fcckl\u00e4ufig ist, gewinnt die Fertigung von E-Fahrzeugen massiv an Bedeutung.<\/span><\/span><span class=\"EOP SCXW164688294 BCX8\" data-ccp-props=\"{&quot;134233117&quot;:true,&quot;134233118&quot;:true,&quot;201341983&quot;:0,&quot;335559740&quot;:240}\">\u00a0<\/span><\/span><\/p>\n<p>[\/et_pb_text][\/et_pb_column][\/et_pb_row][et_pb_row column_structure=&#8221;1_5,3_5,1_5&#8243; _builder_version=&#8221;4.27.4&#8243; _module_preset=&#8221;default&#8221; global_colors_info=&#8221;{}&#8221;][et_pb_column type=&#8221;1_5&#8243; _builder_version=&#8221;4.27.4&#8243; _module_preset=&#8221;default&#8221; global_colors_info=&#8221;{}&#8221;][\/et_pb_column][et_pb_column type=&#8221;3_5&#8243; _builder_version=&#8221;4.27.4&#8243; _module_preset=&#8221;default&#8221; global_colors_info=&#8221;{}&#8221;][et_pb_image src=&#8221;https:\/\/www.eim.com\/de\/wp-content\/uploads\/sites\/4\/2025\/09\/250730_Web_Grafik_Automotive.png&#8221; alt=&#8221;Handelskonflikte, E-Mobilit\u00e4t, Kostendruck: 2025 wird f\u00fcr Automobilzulieferer zum Wendepunkt &#8221; title_text=&#8221;250730_Web_Grafik_Automotive&#8221; _builder_version=&#8221;4.27.4&#8243; _module_preset=&#8221;default&#8221; animation_style=&#8221;zoom&#8221; global_colors_info=&#8221;{}&#8221;][\/et_pb_image][\/et_pb_column][et_pb_column type=&#8221;1_5&#8243; _builder_version=&#8221;4.27.4&#8243; _module_preset=&#8221;default&#8221; global_colors_info=&#8221;{}&#8221;][\/et_pb_column][\/et_pb_row][et_pb_row _builder_version=&#8221;4.27.4&#8243; _module_preset=&#8221;default&#8221; global_colors_info=&#8221;{}&#8221;][et_pb_column type=&#8221;4_4&#8243; _builder_version=&#8221;4.27.4&#8243; _module_preset=&#8221;default&#8221; global_colors_info=&#8221;{}&#8221;][et_pb_text _builder_version=&#8221;4.27.4&#8243; _module_preset=&#8221;default&#8221; text_font_size=&#8221;16px&#8221; global_colors_info=&#8221;{}&#8221;]<\/p>\n<p><span><span data-contrast=\"auto\" xml:lang=\"DE-DE\" lang=\"DE-DE\" class=\"TextRun SCXW101444529 BCX8\"><span class=\"NormalTextRun SCXW101444529 BCX8\" data-ccp-parastyle=\"Normal (Web)\">W\u00e4hrend China 2024 mit 12,5 Millionen neuen E-Pkw unangefochten an der Spitze steht, hat sich Deutschland mit 1,4 Millionen Einheiten vor die USA geschoben \u2013 ein Achtungserfolg, aber auch ein Weckruf: Der E-Anteil an der Gesamtproduktion ist hierzulande besonders hoch, der Umbruch in vollem Gange. Wer sich jetzt nicht strukturell und strategisch neu aufstellt, riskiert, den Anschluss an die globale Entwicklung zu verlieren.<\/span><\/span><span class=\"EOP SCXW101444529 BCX8\" data-ccp-props=\"{&quot;134233117&quot;:true,&quot;134233118&quot;:true,&quot;201341983&quot;:0,&quot;335559740&quot;:240}\">\u00a0<\/span><\/span><\/p>\n<p>[\/et_pb_text][\/et_pb_column][\/et_pb_row][et_pb_row column_structure=&#8221;1_5,3_5,1_5&#8243; _builder_version=&#8221;4.27.4&#8243; _module_preset=&#8221;default&#8221; global_colors_info=&#8221;{}&#8221;][et_pb_column type=&#8221;1_5&#8243; _builder_version=&#8221;4.27.4&#8243; _module_preset=&#8221;default&#8221; global_colors_info=&#8221;{}&#8221;][\/et_pb_column][et_pb_column type=&#8221;3_5&#8243; _builder_version=&#8221;4.27.4&#8243; _module_preset=&#8221;default&#8221; global_colors_info=&#8221;{}&#8221;][et_pb_testimonial author=&#8221;Marcus Gerbershagen&#8221; job_title=&#8221;EIM Partner&#8221; company_name=&#8221;EIM Executive Interim Management GmbH&#8221; portrait_url=&#8221;https:\/\/www.eim.com\/de\/wp-content\/uploads\/sites\/4\/2020\/08\/marcus_gerbershagen-portrait.jpg&#8221; quote_icon_color=&#8221;#0C71C3&#8243; _builder_version=&#8221;4.27.4&#8243; _module_preset=&#8221;default&#8221; text_orientation=&#8221;center&#8221; locked=&#8221;off&#8221; global_colors_info=&#8221;{}&#8221;]<\/p>\n<p style=\"text-align: left;\"><span><span data-contrast=\"auto\" xml:lang=\"DE-DE\" lang=\"DE-DE\" class=\"TextRun SCXW52123878 BCX8\"><span class=\"NormalTextRun SCXW52123878 BCX8\">\u201cKrisen verlangen nach Geschwindigkeit, Erfahrung und einem klaren Blick von au\u00dfen. Interim Management schlie\u00dft die <\/span><span class=\"NormalTextRun SpellingErrorV2Themed SCXW52123878 BCX8\">Lu\u0308cke<\/span><span class=\"NormalTextRun SCXW52123878 BCX8\"> zwischen Analyse und Aktion.\u201c<\/span><\/span><span class=\"LineBreakBlob BlobObject DragDrop SCXW52123878 BCX8\"><span class=\"SCXW52123878 BCX8\">\u00a0<\/span><br class=\"SCXW52123878 BCX8\" \/><\/span><\/span><\/p>\n<p>[\/et_pb_testimonial][\/et_pb_column][et_pb_column type=&#8221;1_5&#8243; _builder_version=&#8221;4.27.4&#8243; _module_preset=&#8221;default&#8221; global_colors_info=&#8221;{}&#8221;][\/et_pb_column][\/et_pb_row][et_pb_row _builder_version=&#8221;4.27.4&#8243; _module_preset=&#8221;default&#8221; min_height=&#8221;72.4px&#8221; global_colors_info=&#8221;{}&#8221;][et_pb_column type=&#8221;4_4&#8243; _builder_version=&#8221;4.27.4&#8243; _module_preset=&#8221;default&#8221; global_colors_info=&#8221;{}&#8221;][et_pb_text _builder_version=&#8221;4.27.4&#8243; _module_preset=&#8221;default&#8221; text_font_size=&#8221;16px&#8221; min_height=&#8221;36.4px&#8221; global_colors_info=&#8221;{}&#8221;]<\/p>\n<h3 aria-level=\"2\"><span data-contrast=\"none\">Automobilzulieferer: Zwischen Aufbruch und Abstieg<\/span><span data-ccp-props=\"{&quot;134245418&quot;:true,&quot;134245529&quot;:true,&quot;335559738&quot;:160,&quot;335559739&quot;:80}\">\u00a0<\/span><\/h3>\n<p><span data-contrast=\"auto\">Der Wandel zur Elektromobilit\u00e4t schreitet schneller voran als viele Unternehmen erwartet haben und ver\u00e4ndert Produktionslogiken, Wertsch\u00f6pfungsketten und Marktverh\u00e4ltnisse grundlegend. F\u00fcr viele Zulieferer bedeutet das, dass etablierte Gesch\u00e4ftsmodelle unter Druck geraten und neue Anforderungen an Effizienz, Innovationskraft und strategische Ausrichtung entstehen.\u00a0<\/span><span data-ccp-props=\"{}\">\u00a0<\/span><\/p>\n<p>[\/et_pb_text][et_pb_text _builder_version=&#8221;4.27.4&#8243; _module_preset=&#8221;default&#8221; text_font_size=&#8221;16px&#8221; custom_margin=&#8221;56px|||||&#8221; global_colors_info=&#8221;{}&#8221;]<\/p>\n<p><span data-contrast=\"auto\">Unser Whitepaper zeigt, wie Unternehmen den Strukturwandel in der Automobilindustrie aktiv gestalten k\u00f6nnen. Im Mittelpunkt stehen f\u00fcnf konkrete Handlungsfelder, in denen erfahrene Interim Manager im Jahr 2025 Stabilit\u00e4t schaffen, Transformation erm\u00f6glichen und Unternehmen zukunftsf\u00e4hig aufstellen. Besonders im Fokus steht die E-Mobilit\u00e4t als zentraler Treiber des Wandels.<\/span><span data-ccp-props=\"{&quot;134233117&quot;:true,&quot;134233118&quot;:true,&quot;201341983&quot;:0,&quot;335559740&quot;:240}\">\u00a0<\/span><\/p>\n<p><span data-contrast=\"auto\">Erfahren Sie jetzt, wie Ihr Unternehmen auf dem Weg in die elektrische Zukunft wettbewerbsf\u00e4hig bleibt.<\/span><span data-ccp-props=\"{&quot;134233117&quot;:true,&quot;134233118&quot;:true,&quot;201341983&quot;:0,&quot;335559740&quot;:240}\">\u00a0<\/span><\/p>\n<p>[\/et_pb_text][\/et_pb_column][\/et_pb_row][et_pb_row _builder_version=&#8221;4.27.4&#8243; _module_preset=&#8221;default&#8221; global_colors_info=&#8221;{}&#8221;][et_pb_column type=&#8221;4_4&#8243; _builder_version=&#8221;4.27.4&#8243; _module_preset=&#8221;default&#8221; global_colors_info=&#8221;{}&#8221;][et_pb_button button_url=&#8221;https:\/\/www.eim.com\/de\/?page_id=15292&#038;et_fb=1&#038;PageSpeed=off&#8221; url_new_window=&#8221;on&#8221; button_text=&#8221;DOWNLOAD WHITEPAPER&#8221; button_alignment=&#8221;center&#8221; _builder_version=&#8221;4.27.4&#8243; custom_button=&#8221;on&#8221; button_text_color=&#8221;#db9300&#8243; background_layout=&#8221;dark&#8221; custom_padding=&#8221;0px||0px|||&#8221; locked=&#8221;off&#8221; global_colors_info=&#8221;{}&#8221;][\/et_pb_button][\/et_pb_column][\/et_pb_row][et_pb_row _builder_version=&#8221;4.27.4&#8243; _module_preset=&#8221;default&#8221; min_height=&#8221;807.4px&#8221; custom_padding=&#8221;48px|||||&#8221; global_colors_info=&#8221;{}&#8221;][et_pb_column type=&#8221;4_4&#8243; _builder_version=&#8221;4.27.4&#8243; _module_preset=&#8221;default&#8221; global_colors_info=&#8221;{}&#8221;][et_pb_text _builder_version=&#8221;4.27.4&#8243; _module_preset=&#8221;default&#8221; text_font_size=&#8221;16px&#8221; global_colors_info=&#8221;{}&#8221;]<\/p>\n<h3 aria-level=\"3\"><strong>Warum EIM der richtige Partner im Umbruch ist\u00a0<\/strong><\/h3>\n<p aria-level=\"4\"><strong><i>F\u00fchrungserfahrung aus dem Kern der Industrie<\/i>\u00a0<\/strong><\/p>\n<p><span data-contrast=\"auto\">Unsere Interim Manager kommen direkt aus der Automobilpraxis \u2013 nicht aus der Theorie. Ob Werkleitung, Programmsteuerung oder Quality Leadership: Sie kennen Plattformwechsel, Lieferengp\u00e4sse und IATF 16949 aus eigener Verantwortung. Und sie denken weiter \u2013 mit dem Know-how unserer Beir\u00e4te wie Matthias Gottschalk, Ex-ZF und Industrieexperte.<\/span><span data-ccp-props=\"{&quot;134233117&quot;:true,&quot;134233118&quot;:true,&quot;201341983&quot;:0,&quot;335559740&quot;:240}\">\u00a0<\/span><\/p>\n<p aria-level=\"4\"><strong><i>Hochgeschwindigkeitsbesetzung in kritischen Rollen<\/i>\u00a0<\/strong><\/p>\n<p><span data-contrast=\"auto\">Produktionsdruck, Personalengp\u00e4sse, drohende Projektverz\u00f6gerungen? Wir besetzen Schl\u00fcsselrollen in Operations, Einkauf, Logistik oder Engineering innerhalb weniger Tage \u2013 aus einem eigenen globalen Pool gepr\u00fcfter F\u00fchrungspers\u00f6nlichkeiten.<\/span><span data-ccp-props=\"{&quot;134233117&quot;:true,&quot;134233118&quot;:true,&quot;201341983&quot;:0,&quot;335559740&quot;:240}\">\u00a0<\/span><\/p>\n<p aria-level=\"4\"><strong><i>Globale Pr\u00e4senz, lokale Branchenkompetenz<\/i>\u00a0<\/strong><\/p>\n<p><span data-contrast=\"auto\">Ob Werk in Baden-W\u00fcrttemberg oder Expansion in Mexiko: Unsere Partner vor Ort kennen die Anforderungen Ihrer Region \u2013 fachlich und kulturell. So stellen wir passgenaue Besetzungen sicher, die wirklich wirken.<\/span><span data-ccp-props=\"{&quot;134233117&quot;:true,&quot;134233118&quot;:true,&quot;201341983&quot;:0,&quot;335559740&quot;:240}\">\u00a0<\/span><\/p>\n<p aria-level=\"4\"><strong><i>Projektsteuerung mit Automotive-Taktung<\/i>\u00a0<\/strong><\/p>\n<p><span data-contrast=\"auto\">Unsere Mandate folgen klaren Strukturen \u2013 wie ein Serienanlauf: Zieldefinition, Planung, Umsetzung, Monitoring. Mit unserem bew\u00e4hrten Assignment-Governance-Modell sichern wir Tempo, Transparenz und messbare Ergebnisse.<\/span><span data-ccp-props=\"{&quot;134233117&quot;:true,&quot;134233118&quot;:true,&quot;201341983&quot;:0,&quot;335559740&quot;:240}\">\u00a0<\/span><\/p>\n<p aria-level=\"4\"><strong><i>Sparringspartner auf Augenh\u00f6he<\/i>\u00a0<\/strong><\/p>\n<p><span data-contrast=\"auto\">Unsere Partner begleiten jedes Projekt pers\u00f6nlich \u2013 von der Werks\u00fcbernahme \u00fcber Produktionsoptimierung bis zur Exit-Vorbereitung im PE-Umfeld. Als Sparringspartner mit Industrie-Background sprechen sie Ihre Sprache \u2013 auf C-Level und im Werk.<\/span><span>\u00a0<\/span><span><br \/><\/span><span><br \/><\/span><\/p>\n<p>[\/et_pb_text][\/et_pb_column][\/et_pb_row][et_pb_row column_structure=&#8221;1_4,1_2,1_4&#8243; _builder_version=&#8221;4.27.4&#8243; _module_preset=&#8221;default&#8221; min_height=&#8221;617.1px&#8221; global_colors_info=&#8221;{}&#8221;][et_pb_column type=&#8221;1_4&#8243; _builder_version=&#8221;4.27.4&#8243; _module_preset=&#8221;default&#8221; global_colors_info=&#8221;{}&#8221;][\/et_pb_column][et_pb_column type=&#8221;1_2&#8243; _builder_version=&#8221;4.27.4&#8243; _module_preset=&#8221;default&#8221; global_colors_info=&#8221;{}&#8221;][et_pb_text _builder_version=&#8221;4.27.4&#8243; _module_preset=&#8221;default&#8221; text_font_size=&#8221;16px&#8221; locked=&#8221;off&#8221; global_colors_info=&#8221;{}&#8221;]<\/p>\n<h2 style=\"text-align: center\">Reservieren Sie jetzt Ihren Beratungstermin \u2013 100% unverbindlich<\/h2>\n<p>[\/et_pb_text][et_pb_image src=&#8221;https:\/\/www.eim.com\/de\/wp-content\/uploads\/sites\/4\/2020\/08\/marcus_gerbershagen-portrait.jpg&#8221; alt=&#8221;Marcus Gerbershagen | EIM Partner&#8221; title_text=&#8221;Marcus Gerbershagen | EIM Partner&#8221; align=&#8221;center&#8221; _builder_version=&#8221;4.27.4&#8243; _module_preset=&#8221;default&#8221; width=&#8221;30%&#8221; global_colors_info=&#8221;{}&#8221;][\/et_pb_image][et_pb_text _builder_version=&#8221;4.27.4&#8243; _module_preset=&#8221;default&#8221; global_colors_info=&#8221;{}&#8221;]<\/p>\n<p style=\"text-align: center;\"><strong><a href=\"https:\/\/www.linkedin.com\/in\/marcus-gerbershagen-6608714\/\">Marcus Gerbershagen | LinkedIn<\/a><\/strong><br \/><span>EIM Partner<\/span><strong><br \/><\/strong><span>Mobil: +49 160 94 76 65 43<\/span><\/p>\n<p>[\/et_pb_text][et_pb_button button_url=&#8221;@ET-DC@eyJkeW5hbWljIjp0cnVlLCJjb250ZW50IjoicG9zdF9saW5rX3VybF9wb3N0Iiwic2V0dGluZ3MiOnsicG9zdF9pZCI6IjY4MSJ9fQ==@&#8221; button_text=&#8221;KONTAKT&#8221; button_alignment=&#8221;center&#8221; _builder_version=&#8221;4.27.4&#8243; _dynamic_attributes=&#8221;button_url&#8221; custom_button=&#8221;on&#8221; button_text_color=&#8221;#db9300&#8243; background_layout=&#8221;dark&#8221; locked=&#8221;off&#8221; global_colors_info=&#8221;{}&#8221;][\/et_pb_button][\/et_pb_column][et_pb_column type=&#8221;1_4&#8243; _builder_version=&#8221;4.27.4&#8243; _module_preset=&#8221;default&#8221; global_colors_info=&#8221;{}&#8221;][\/et_pb_column][\/et_pb_row][et_pb_row _builder_version=&#8221;4.27.4&#8243; _module_preset=&#8221;default&#8221; min_height=&#8221;66.2px&#8221; global_colors_info=&#8221;{}&#8221;][et_pb_column type=&#8221;4_4&#8243; _builder_version=&#8221;4.27.4&#8243; _module_preset=&#8221;default&#8221; global_colors_info=&#8221;{}&#8221;][et_pb_text _builder_version=&#8221;4.27.4&#8243; _module_preset=&#8221;default&#8221; text_font=&#8221;|700|||||||&#8221; text_text_color=&#8221;#000000&#8243; text_font_size=&#8221;18px&#8221; global_colors_info=&#8221;{}&#8221;]<\/p>\n<p style=\"text-align: center;\">Further Readings<\/p>\n<p>[\/et_pb_text][\/et_pb_column][\/et_pb_row][et_pb_row column_structure=&#8221;1_4,1_4,1_4,1_4&#8243; _builder_version=&#8221;4.27.4&#8243; _module_preset=&#8221;default&#8221; min_height=&#8221;499.4px&#8221; global_colors_info=&#8221;{}&#8221;][et_pb_column type=&#8221;1_4&#8243; _builder_version=&#8221;4.27.4&#8243; _module_preset=&#8221;default&#8221; global_colors_info=&#8221;{}&#8221;][\/et_pb_column][et_pb_column type=&#8221;1_4&#8243; _builder_version=&#8221;4.27.4&#8243; _module_preset=&#8221;default&#8221; global_colors_info=&#8221;{}&#8221;][et_pb_blurb title=&#8221;Supply Chain Manager f\u00fcr Verteidigungsunternehmen&#8221; image=&#8221;https:\/\/www.eim.com\/de\/wp-content\/uploads\/sites\/4\/2025\/09\/Defense_Case_Study_2.jpg&#8221; alt=&#8221;Supply Chain Manager f\u00fcr Verteidigungsunternehmen&#8221; _builder_version=&#8221;4.27.4&#8243; _module_preset=&#8221;default&#8221; link_option_url=&#8221;https:\/\/www.eim.com\/de\/case-studies\/supply-chain-manager-fuer-verteidigungsunternehmen\/&#8221; global_colors_info=&#8221;{}&#8221;]<\/p>\n<p><span>Ein erfahrener Interim Supply Chain Manager im Verteidigungssektor sicherte ein Einkaufsvolumen von mehr als 360 Mio. \u20ac<\/span><\/p>\n<p>[\/et_pb_blurb][\/et_pb_column][et_pb_column type=&#8221;1_4&#8243; _builder_version=&#8221;4.27.4&#8243; _module_preset=&#8221;default&#8221; global_colors_info=&#8221;{}&#8221;][et_pb_blurb title=&#8221;Programm Management im Verteidigungssektor &#8221; url=&#8221;https:\/\/www.eim.com\/de\/case-studies\/programm-management-im-verteidigungssektor\/&#8221; image=&#8221;https:\/\/www.eim.com\/de\/wp-content\/uploads\/sites\/4\/2025\/09\/Defense_Case_Study.jpg&#8221; alt=&#8221;Programm Management im Verteidigungssektor&#8221; _builder_version=&#8221;4.27.4&#8243; _module_preset=&#8221;default&#8221; global_colors_info=&#8221;{}&#8221;]<\/p>\n<p><span>Wie ein Interim Manager ein komplexes Programm Management im Verteidungssektor \u00fcbernahm, die Produktionskapazit\u00e4t verdreifachte und das Mandat verl\u00e4ngert wurde.<\/span><\/p>\n<p>[\/et_pb_blurb][\/et_pb_column][et_pb_column type=&#8221;1_4&#8243; _builder_version=&#8221;4.27.4&#8243; _module_preset=&#8221;default&#8221; global_colors_info=&#8221;{}&#8221;][\/et_pb_column][\/et_pb_row][\/et_pb_section][et_pb_section fb_built=&#8221;1&#8243; _builder_version=&#8221;4.16&#8243; background_color=&#8221;#DB9300&#8243; custom_margin=&#8221;||||false|false&#8221; custom_padding=&#8221;100px||||false|false&#8221; top_divider_style=&#8221;slant&#8221; top_divider_color=&#8221;#ffffff&#8221; bottom_divider_color=&#8221;#ffffff&#8221; bottom_divider_flip=&#8221;horizontal&#8221; locked=&#8221;off&#8221; global_colors_info=&#8221;{}&#8221;][et_pb_row _builder_version=&#8221;4.16&#8243; max_width=&#8221;800px&#8221; module_alignment=&#8221;center&#8221; custom_margin=&#8221;80px||40px||false|false&#8221; custom_padding=&#8221;0px||||false|false&#8221; global_colors_info=&#8221;{}&#8221;][et_pb_column type=&#8221;4_4&#8243; _builder_version=&#8221;4.16&#8243; global_colors_info=&#8221;{}&#8221;][et_pb_text _builder_version=&#8221;4.16&#8243; custom_margin=&#8221;||20px||false|false&#8221; global_colors_info=&#8221;{}&#8221;]<\/p>\n<p style=\"text-align: center\"><span style=\"color: #ffffff\"><strong>Erfahrene EIM Partner beantworten Ihre Fragen<\/strong><br \/> <\/span><\/p>\n<p>[\/et_pb_text][et_pb_button button_url=&#8221;#beratung&#8221; button_text=&#8221;FREIE BERATUNG&#8221; button_alignment=&#8221;center&#8221; _builder_version=&#8221;4.16&#8243; custom_button=&#8221;on&#8221; button_icon=&#8221;&#xe065;||divi||400&#8243; button_on_hover=&#8221;off&#8221; background_layout=&#8221;dark&#8221; global_colors_info=&#8221;{}&#8221;][\/et_pb_button][\/et_pb_column][\/et_pb_row][\/et_pb_section]<\/p>\n","protected":false},"excerpt":{"rendered":"<p>Die Automobilzulieferbranche steht unter Druck. Erfahren Sie jetzt, wie Unternehmen den Strukturwandel in der Automobilindustrie erfolgreich meistern k\u00f6nnen. <\/p>\n","protected":false},"author":931,"featured_media":15399,"comment_status":"closed","ping_status":"closed","sticky":false,"template":"","format":"standard","meta":{"_et_pb_use_builder":"on","_et_pb_old_content":"","_et_gb_content_width":"","footnotes":""},"categories":[1096],"tags":[2143,2145,2142,2130,2144],"class_list":["post-15396","post","type-post","status-publish","format-standard","has-post-thumbnail","hentry","category-blog","tag-automotive","tag-e-mobilitaet","tag-restrukturierung","tag-transformation","tag-zulieferer"],"yoast_head":"<!-- This site is optimized with the Yoast SEO Premium plugin v27.5 (Yoast SEO v27.5) - https:\/\/yoast.com\/product\/yoast-seo-premium-wordpress\/ -->\n<title>Strukturwandel Automobilzulieferer Industrie<\/title>\n<meta name=\"description\" content=\"Die Automobilzulieferbranche steht unter Druck. Erfahren Sie jetzt, wie Unternehmen den Strukturwandel in der Automobilindustrie erfolgreich meistern k\u00f6nnen.\" \/>\n<meta name=\"robots\" content=\"index, follow, max-snippet:-1, max-image-preview:large, max-video-preview:-1\" \/>\n<link rel=\"canonical\" href=\"https:\/\/www.eim.com\/de\/blog\/strukturwandel-automobilzuliefererindustrie-erfolgreich-durch-2025\/\" \/>\n<meta property=\"og:locale\" content=\"de_DE\" \/>\n<meta property=\"og:type\" content=\"article\" \/>\n<meta property=\"og:title\" content=\"Strukturwandel Automobilzulieferer Industrie\" \/>\n<meta property=\"og:description\" content=\"Die Automobilzulieferbranche steht unter Druck. Erfahren Sie jetzt, wie Unternehmen den Strukturwandel in der Automobilindustrie erfolgreich meistern k\u00f6nnen.\" \/>\n<meta property=\"og:url\" content=\"https:\/\/www.eim.com\/de\/blog\/strukturwandel-automobilzuliefererindustrie-erfolgreich-durch-2025\/\" \/>\n<meta property=\"og:site_name\" content=\"EIM Germany - Executive Interim Management\" \/>\n<meta property=\"article:published_time\" content=\"2025-09-18T12:45:41+00:00\" \/>\n<meta property=\"article:modified_time\" content=\"2025-09-18T14:05:13+00:00\" \/>\n<meta property=\"og:image\" content=\"https:\/\/www.eim.com\/de\/wp-content\/uploads\/sites\/4\/2025\/09\/Teaser_Automotove_2.jpg\" \/>\n\t<meta property=\"og:image:width\" content=\"1600\" \/>\n\t<meta property=\"og:image:height\" content=\"1080\" \/>\n\t<meta property=\"og:image:type\" content=\"image\/jpeg\" \/>\n<meta name=\"author\" content=\"sleopold\" \/>\n<meta name=\"twitter:card\" content=\"summary_large_image\" \/>\n<meta name=\"twitter:label1\" content=\"Geschrieben von\" \/>\n\t<meta name=\"twitter:data1\" content=\"sleopold\" \/>\n\t<meta name=\"twitter:label2\" content=\"Gesch\u00e4tzte Lesezeit\" \/>\n\t<meta name=\"twitter:data2\" content=\"5 Minuten\" \/>\n<script type=\"application\/ld+json\" class=\"yoast-schema-graph\">{\"@context\":\"https:\\\/\\\/schema.org\",\"@graph\":[{\"@type\":\"Article\",\"@id\":\"https:\\\/\\\/www.eim.com\\\/de\\\/blog\\\/strukturwandel-automobilzuliefererindustrie-erfolgreich-durch-2025\\\/#article\",\"isPartOf\":{\"@id\":\"https:\\\/\\\/www.eim.com\\\/de\\\/blog\\\/strukturwandel-automobilzuliefererindustrie-erfolgreich-durch-2025\\\/\"},\"author\":{\"name\":\"sleopold\",\"@id\":\"https:\\\/\\\/www.eim.com\\\/de\\\/#\\\/schema\\\/person\\\/910b62d8bdd76af2186004b48959cd70\"},\"headline\":\"Strukturwandel Automobilzulieferer Industrie\",\"datePublished\":\"2025-09-18T12:45:41+00:00\",\"dateModified\":\"2025-09-18T14:05:13+00:00\",\"mainEntityOfPage\":{\"@id\":\"https:\\\/\\\/www.eim.com\\\/de\\\/blog\\\/strukturwandel-automobilzuliefererindustrie-erfolgreich-durch-2025\\\/\"},\"wordCount\":2066,\"publisher\":{\"@id\":\"https:\\\/\\\/www.eim.com\\\/de\\\/#organization\"},\"image\":{\"@id\":\"https:\\\/\\\/www.eim.com\\\/de\\\/blog\\\/strukturwandel-automobilzuliefererindustrie-erfolgreich-durch-2025\\\/#primaryimage\"},\"thumbnailUrl\":\"https:\\\/\\\/www.eim.com\\\/de\\\/wp-content\\\/uploads\\\/sites\\\/4\\\/2025\\\/09\\\/Teaser_Automotove_2.jpg\",\"keywords\":[\"Automotive\",\"E-Mobilit\u00e4t\",\"Restrukturierung\",\"Transformation\",\"Zulieferer\"],\"articleSection\":[\"Blog\"],\"inLanguage\":\"de-DE\"},{\"@type\":\"WebPage\",\"@id\":\"https:\\\/\\\/www.eim.com\\\/de\\\/blog\\\/strukturwandel-automobilzuliefererindustrie-erfolgreich-durch-2025\\\/\",\"url\":\"https:\\\/\\\/www.eim.com\\\/de\\\/blog\\\/strukturwandel-automobilzuliefererindustrie-erfolgreich-durch-2025\\\/\",\"name\":\"Strukturwandel Automobilzulieferer Industrie\",\"isPartOf\":{\"@id\":\"https:\\\/\\\/www.eim.com\\\/de\\\/#website\"},\"primaryImageOfPage\":{\"@id\":\"https:\\\/\\\/www.eim.com\\\/de\\\/blog\\\/strukturwandel-automobilzuliefererindustrie-erfolgreich-durch-2025\\\/#primaryimage\"},\"image\":{\"@id\":\"https:\\\/\\\/www.eim.com\\\/de\\\/blog\\\/strukturwandel-automobilzuliefererindustrie-erfolgreich-durch-2025\\\/#primaryimage\"},\"thumbnailUrl\":\"https:\\\/\\\/www.eim.com\\\/de\\\/wp-content\\\/uploads\\\/sites\\\/4\\\/2025\\\/09\\\/Teaser_Automotove_2.jpg\",\"datePublished\":\"2025-09-18T12:45:41+00:00\",\"dateModified\":\"2025-09-18T14:05:13+00:00\",\"description\":\"Die Automobilzulieferbranche steht unter Druck. Erfahren Sie jetzt, wie Unternehmen den Strukturwandel in der Automobilindustrie erfolgreich meistern k\u00f6nnen.\",\"breadcrumb\":{\"@id\":\"https:\\\/\\\/www.eim.com\\\/de\\\/blog\\\/strukturwandel-automobilzuliefererindustrie-erfolgreich-durch-2025\\\/#breadcrumb\"},\"inLanguage\":\"de-DE\",\"potentialAction\":[{\"@type\":\"ReadAction\",\"target\":[\"https:\\\/\\\/www.eim.com\\\/de\\\/blog\\\/strukturwandel-automobilzuliefererindustrie-erfolgreich-durch-2025\\\/\"]}]},{\"@type\":\"ImageObject\",\"inLanguage\":\"de-DE\",\"@id\":\"https:\\\/\\\/www.eim.com\\\/de\\\/blog\\\/strukturwandel-automobilzuliefererindustrie-erfolgreich-durch-2025\\\/#primaryimage\",\"url\":\"https:\\\/\\\/www.eim.com\\\/de\\\/wp-content\\\/uploads\\\/sites\\\/4\\\/2025\\\/09\\\/Teaser_Automotove_2.jpg\",\"contentUrl\":\"https:\\\/\\\/www.eim.com\\\/de\\\/wp-content\\\/uploads\\\/sites\\\/4\\\/2025\\\/09\\\/Teaser_Automotove_2.jpg\",\"width\":1600,\"height\":1080,\"caption\":\"Strukturwandel Automobilzuliefererindustrie: Erfolgreich durch 2025\"},{\"@type\":\"BreadcrumbList\",\"@id\":\"https:\\\/\\\/www.eim.com\\\/de\\\/blog\\\/strukturwandel-automobilzuliefererindustrie-erfolgreich-durch-2025\\\/#breadcrumb\",\"itemListElement\":[{\"@type\":\"ListItem\",\"position\":1,\"name\":\"Home\",\"item\":\"https:\\\/\\\/www.eim.com\\\/de\\\/\"},{\"@type\":\"ListItem\",\"position\":2,\"name\":\"Strukturwandel Automobilzulieferer Industrie\"}]},{\"@type\":\"WebSite\",\"@id\":\"https:\\\/\\\/www.eim.com\\\/de\\\/#website\",\"url\":\"https:\\\/\\\/www.eim.com\\\/de\\\/\",\"name\":\"EIM Germany - Executive Interim Management\",\"description\":\"EIM delivers business breakthrough differently. Wir stellen erfahrene Interim Manager aus unserem eigenen aktiven Netzwerk bereit.\",\"publisher\":{\"@id\":\"https:\\\/\\\/www.eim.com\\\/de\\\/#organization\"},\"potentialAction\":[{\"@type\":\"SearchAction\",\"target\":{\"@type\":\"EntryPoint\",\"urlTemplate\":\"https:\\\/\\\/www.eim.com\\\/de\\\/?s={search_term_string}\"},\"query-input\":{\"@type\":\"PropertyValueSpecification\",\"valueRequired\":true,\"valueName\":\"search_term_string\"}}],\"inLanguage\":\"de-DE\"},{\"@type\":\"Organization\",\"@id\":\"https:\\\/\\\/www.eim.com\\\/de\\\/#organization\",\"name\":\"EIM Executive Interim Management GmbH\",\"url\":\"https:\\\/\\\/www.eim.com\\\/de\\\/\",\"logo\":{\"@type\":\"ImageObject\",\"inLanguage\":\"de-DE\",\"@id\":\"https:\\\/\\\/www.eim.com\\\/de\\\/#\\\/schema\\\/logo\\\/image\\\/\",\"url\":\"https:\\\/\\\/www.eim.com\\\/de\\\/wp-content\\\/uploads\\\/sites\\\/4\\\/2020\\\/08\\\/positive.png\",\"contentUrl\":\"https:\\\/\\\/www.eim.com\\\/de\\\/wp-content\\\/uploads\\\/sites\\\/4\\\/2020\\\/08\\\/positive.png\",\"width\":1423,\"height\":442,\"caption\":\"EIM Executive Interim Management GmbH\"},\"image\":{\"@id\":\"https:\\\/\\\/www.eim.com\\\/de\\\/#\\\/schema\\\/logo\\\/image\\\/\"},\"sameAs\":[\"https:\\\/\\\/www.linkedin.com\\\/company\\\/eim-germany\\\/\",\"https:\\\/\\\/www.youtube.com\\\/channel\\\/UCi7F99x-c2m83TfJPosKFcg\"]},{\"@type\":\"Person\",\"@id\":\"https:\\\/\\\/www.eim.com\\\/de\\\/#\\\/schema\\\/person\\\/910b62d8bdd76af2186004b48959cd70\",\"name\":\"sleopold\",\"image\":{\"@type\":\"ImageObject\",\"inLanguage\":\"de-DE\",\"@id\":\"https:\\\/\\\/secure.gravatar.com\\\/avatar\\\/eead58c476928d6a8759c80b155231eddf03bc2e25bf3e93e7799c498267e235?s=96&d=mm&r=g\",\"url\":\"https:\\\/\\\/secure.gravatar.com\\\/avatar\\\/eead58c476928d6a8759c80b155231eddf03bc2e25bf3e93e7799c498267e235?s=96&d=mm&r=g\",\"contentUrl\":\"https:\\\/\\\/secure.gravatar.com\\\/avatar\\\/eead58c476928d6a8759c80b155231eddf03bc2e25bf3e93e7799c498267e235?s=96&d=mm&r=g\",\"caption\":\"sleopold\"}}]}<\/script>\n<!-- \/ Yoast SEO Premium plugin. -->","yoast_head_json":{"title":"Strukturwandel Automobilzulieferer Industrie","description":"Die Automobilzulieferbranche steht unter Druck. Erfahren Sie jetzt, wie Unternehmen den Strukturwandel in der Automobilindustrie erfolgreich meistern k\u00f6nnen.","robots":{"index":"index","follow":"follow","max-snippet":"max-snippet:-1","max-image-preview":"max-image-preview:large","max-video-preview":"max-video-preview:-1"},"canonical":"https:\/\/www.eim.com\/de\/blog\/strukturwandel-automobilzuliefererindustrie-erfolgreich-durch-2025\/","og_locale":"de_DE","og_type":"article","og_title":"Strukturwandel Automobilzulieferer Industrie","og_description":"Die Automobilzulieferbranche steht unter Druck. Erfahren Sie jetzt, wie Unternehmen den Strukturwandel in der Automobilindustrie erfolgreich meistern k\u00f6nnen.","og_url":"https:\/\/www.eim.com\/de\/blog\/strukturwandel-automobilzuliefererindustrie-erfolgreich-durch-2025\/","og_site_name":"EIM Germany - Executive Interim Management","article_published_time":"2025-09-18T12:45:41+00:00","article_modified_time":"2025-09-18T14:05:13+00:00","og_image":[{"width":1600,"height":1080,"url":"https:\/\/www.eim.com\/de\/wp-content\/uploads\/sites\/4\/2025\/09\/Teaser_Automotove_2.jpg","type":"image\/jpeg"}],"author":"sleopold","twitter_card":"summary_large_image","twitter_misc":{"Geschrieben von":"sleopold","Gesch\u00e4tzte Lesezeit":"5 Minuten"},"schema":{"@context":"https:\/\/schema.org","@graph":[{"@type":"Article","@id":"https:\/\/www.eim.com\/de\/blog\/strukturwandel-automobilzuliefererindustrie-erfolgreich-durch-2025\/#article","isPartOf":{"@id":"https:\/\/www.eim.com\/de\/blog\/strukturwandel-automobilzuliefererindustrie-erfolgreich-durch-2025\/"},"author":{"name":"sleopold","@id":"https:\/\/www.eim.com\/de\/#\/schema\/person\/910b62d8bdd76af2186004b48959cd70"},"headline":"Strukturwandel Automobilzulieferer Industrie","datePublished":"2025-09-18T12:45:41+00:00","dateModified":"2025-09-18T14:05:13+00:00","mainEntityOfPage":{"@id":"https:\/\/www.eim.com\/de\/blog\/strukturwandel-automobilzuliefererindustrie-erfolgreich-durch-2025\/"},"wordCount":2066,"publisher":{"@id":"https:\/\/www.eim.com\/de\/#organization"},"image":{"@id":"https:\/\/www.eim.com\/de\/blog\/strukturwandel-automobilzuliefererindustrie-erfolgreich-durch-2025\/#primaryimage"},"thumbnailUrl":"https:\/\/www.eim.com\/de\/wp-content\/uploads\/sites\/4\/2025\/09\/Teaser_Automotove_2.jpg","keywords":["Automotive","E-Mobilit\u00e4t","Restrukturierung","Transformation","Zulieferer"],"articleSection":["Blog"],"inLanguage":"de-DE"},{"@type":"WebPage","@id":"https:\/\/www.eim.com\/de\/blog\/strukturwandel-automobilzuliefererindustrie-erfolgreich-durch-2025\/","url":"https:\/\/www.eim.com\/de\/blog\/strukturwandel-automobilzuliefererindustrie-erfolgreich-durch-2025\/","name":"Strukturwandel Automobilzulieferer Industrie","isPartOf":{"@id":"https:\/\/www.eim.com\/de\/#website"},"primaryImageOfPage":{"@id":"https:\/\/www.eim.com\/de\/blog\/strukturwandel-automobilzuliefererindustrie-erfolgreich-durch-2025\/#primaryimage"},"image":{"@id":"https:\/\/www.eim.com\/de\/blog\/strukturwandel-automobilzuliefererindustrie-erfolgreich-durch-2025\/#primaryimage"},"thumbnailUrl":"https:\/\/www.eim.com\/de\/wp-content\/uploads\/sites\/4\/2025\/09\/Teaser_Automotove_2.jpg","datePublished":"2025-09-18T12:45:41+00:00","dateModified":"2025-09-18T14:05:13+00:00","description":"Die Automobilzulieferbranche steht unter Druck. Erfahren Sie jetzt, wie Unternehmen den Strukturwandel in der Automobilindustrie erfolgreich meistern k\u00f6nnen.","breadcrumb":{"@id":"https:\/\/www.eim.com\/de\/blog\/strukturwandel-automobilzuliefererindustrie-erfolgreich-durch-2025\/#breadcrumb"},"inLanguage":"de-DE","potentialAction":[{"@type":"ReadAction","target":["https:\/\/www.eim.com\/de\/blog\/strukturwandel-automobilzuliefererindustrie-erfolgreich-durch-2025\/"]}]},{"@type":"ImageObject","inLanguage":"de-DE","@id":"https:\/\/www.eim.com\/de\/blog\/strukturwandel-automobilzuliefererindustrie-erfolgreich-durch-2025\/#primaryimage","url":"https:\/\/www.eim.com\/de\/wp-content\/uploads\/sites\/4\/2025\/09\/Teaser_Automotove_2.jpg","contentUrl":"https:\/\/www.eim.com\/de\/wp-content\/uploads\/sites\/4\/2025\/09\/Teaser_Automotove_2.jpg","width":1600,"height":1080,"caption":"Strukturwandel Automobilzuliefererindustrie: Erfolgreich durch 2025"},{"@type":"BreadcrumbList","@id":"https:\/\/www.eim.com\/de\/blog\/strukturwandel-automobilzuliefererindustrie-erfolgreich-durch-2025\/#breadcrumb","itemListElement":[{"@type":"ListItem","position":1,"name":"Home","item":"https:\/\/www.eim.com\/de\/"},{"@type":"ListItem","position":2,"name":"Strukturwandel Automobilzulieferer Industrie"}]},{"@type":"WebSite","@id":"https:\/\/www.eim.com\/de\/#website","url":"https:\/\/www.eim.com\/de\/","name":"EIM Germany - Executive Interim Management","description":"EIM delivers business breakthrough differently. Wir stellen erfahrene Interim Manager aus unserem eigenen aktiven Netzwerk bereit.","publisher":{"@id":"https:\/\/www.eim.com\/de\/#organization"},"potentialAction":[{"@type":"SearchAction","target":{"@type":"EntryPoint","urlTemplate":"https:\/\/www.eim.com\/de\/?s={search_term_string}"},"query-input":{"@type":"PropertyValueSpecification","valueRequired":true,"valueName":"search_term_string"}}],"inLanguage":"de-DE"},{"@type":"Organization","@id":"https:\/\/www.eim.com\/de\/#organization","name":"EIM Executive Interim Management GmbH","url":"https:\/\/www.eim.com\/de\/","logo":{"@type":"ImageObject","inLanguage":"de-DE","@id":"https:\/\/www.eim.com\/de\/#\/schema\/logo\/image\/","url":"https:\/\/www.eim.com\/de\/wp-content\/uploads\/sites\/4\/2020\/08\/positive.png","contentUrl":"https:\/\/www.eim.com\/de\/wp-content\/uploads\/sites\/4\/2020\/08\/positive.png","width":1423,"height":442,"caption":"EIM Executive Interim Management GmbH"},"image":{"@id":"https:\/\/www.eim.com\/de\/#\/schema\/logo\/image\/"},"sameAs":["https:\/\/www.linkedin.com\/company\/eim-germany\/","https:\/\/www.youtube.com\/channel\/UCi7F99x-c2m83TfJPosKFcg"]},{"@type":"Person","@id":"https:\/\/www.eim.com\/de\/#\/schema\/person\/910b62d8bdd76af2186004b48959cd70","name":"sleopold","image":{"@type":"ImageObject","inLanguage":"de-DE","@id":"https:\/\/secure.gravatar.com\/avatar\/eead58c476928d6a8759c80b155231eddf03bc2e25bf3e93e7799c498267e235?s=96&d=mm&r=g","url":"https:\/\/secure.gravatar.com\/avatar\/eead58c476928d6a8759c80b155231eddf03bc2e25bf3e93e7799c498267e235?s=96&d=mm&r=g","contentUrl":"https:\/\/secure.gravatar.com\/avatar\/eead58c476928d6a8759c80b155231eddf03bc2e25bf3e93e7799c498267e235?s=96&d=mm&r=g","caption":"sleopold"}}]}},"_links":{"self":[{"href":"https:\/\/www.eim.com\/de\/wp-json\/wp\/v2\/posts\/15396","targetHints":{"allow":["GET"]}}],"collection":[{"href":"https:\/\/www.eim.com\/de\/wp-json\/wp\/v2\/posts"}],"about":[{"href":"https:\/\/www.eim.com\/de\/wp-json\/wp\/v2\/types\/post"}],"author":[{"embeddable":true,"href":"https:\/\/www.eim.com\/de\/wp-json\/wp\/v2\/users\/931"}],"replies":[{"embeddable":true,"href":"https:\/\/www.eim.com\/de\/wp-json\/wp\/v2\/comments?post=15396"}],"version-history":[{"count":0,"href":"https:\/\/www.eim.com\/de\/wp-json\/wp\/v2\/posts\/15396\/revisions"}],"wp:featuredmedia":[{"embeddable":true,"href":"https:\/\/www.eim.com\/de\/wp-json\/wp\/v2\/media\/15399"}],"wp:attachment":[{"href":"https:\/\/www.eim.com\/de\/wp-json\/wp\/v2\/media?parent=15396"}],"wp:term":[{"taxonomy":"category","embeddable":true,"href":"https:\/\/www.eim.com\/de\/wp-json\/wp\/v2\/categories?post=15396"},{"taxonomy":"post_tag","embeddable":true,"href":"https:\/\/www.eim.com\/de\/wp-json\/wp\/v2\/tags?post=15396"}],"curies":[{"name":"wp","href":"https:\/\/api.w.org\/{rel}","templated":true}]}}