{"id":14826,"date":"2025-05-19T09:56:05","date_gmt":"2025-05-19T07:56:05","guid":{"rendered":"https:\/\/www.eim.com\/de\/?p=14826"},"modified":"2025-05-20T11:22:11","modified_gmt":"2025-05-20T09:22:11","slug":"cybersicherheit-im-gesundheitswesen-neustart-nach-it-ausfall","status":"publish","type":"post","link":"https:\/\/www.eim.com\/de\/case-studies\/cybersicherheit-im-gesundheitswesen-neustart-nach-it-ausfall\/","title":{"rendered":"Cybersicherheit im Gesundheitswesen: Neustart nach IT-Ausfall"},"content":{"rendered":"<p>[et_pb_section fb_built=&#8221;1&#8243; admin_label=&#8221;Hero Section&#8221; _builder_version=&#8221;4.27.4&#8243; use_background_color_gradient=&#8221;on&#8221; background_color_gradient_stops=&#8221;rgba(0,0,0,0.4) 0%|rgba(0,0,0,0.4) 100%&#8221; background_color_gradient_overlays_image=&#8221;on&#8221; background_color_gradient_start=&#8221;rgba(0,0,0,0.4)&#8221; background_color_gradient_end=&#8221;rgba(0,0,0,0.4)&#8221; background_image=&#8221;https:\/\/www.eim.com\/de\/wp-content\/uploads\/sites\/4\/2025\/05\/AdobeStock_1239146431.jpeg&#8221; background_position=&#8221;center_right&#8221; height=&#8221;520px&#8221; custom_padding=&#8221;6%||0%|||&#8221; bottom_divider_style=&#8221;slant&#8221; bottom_divider_color=&#8221;#ffffff&#8221; bottom_divider_height=&#8221;150px&#8221; bottom_divider_flip=&#8221;horizontal&#8221; global_colors_info=&#8221;{}&#8221; background_color_gradient_direction__hover=&#8221;180deg&#8221; background_color_gradient_direction__hover_enabled=&#8221;180deg&#8221; background_color_gradient_start_position__hover=&#8221;0%&#8221; background_color_gradient_start_position__hover_enabled=&#8221;0%&#8221; background_color_gradient_end_position__hover=&#8221;100%&#8221; background_color_gradient_end_position__hover_enabled=&#8221;100%&#8221; background_color_gradient_stops__hover=&#8221;rgba(0,0,0,0.4) 0%|rgba(0,0,0,0.4) 100%&#8221;][et_pb_row disabled_on=&#8221;off|off|off&#8221; admin_label=&#8221;Page Title Area&#8221; _builder_version=&#8221;4.16&#8243; width=&#8221;100%&#8221; max_width=&#8221;2560px&#8221; module_alignment=&#8221;center&#8221; custom_margin=&#8221;-7.4%|auto|0px|auto|false|false&#8221; custom_padding=&#8221;0px|||||&#8221; global_colors_info=&#8221;{}&#8221;][et_pb_column type=&#8221;4_4&#8243; _builder_version=&#8221;4.16&#8243; custom_padding=&#8221;|||&#8221; global_colors_info=&#8221;{}&#8221; custom_padding__hover=&#8221;|||&#8221;][et_pb_text _builder_version=&#8221;4.16&#8243; text_font=&#8221;|600|||||||&#8221; text_text_color=&#8221;#ffffff&#8221; text_font_size=&#8221;18px&#8221; global_colors_info=&#8221;{}&#8221;]<\/p>\n<p style=\"text-align: center\">CASE STUDIES <\/p>\n<p>[\/et_pb_text][et_pb_text _builder_version=&#8221;4.27.4&#8243; text_font=&#8221;|600|||||||&#8221; text_text_color=&#8221;#ffffff&#8221; text_font_size=&#8221;33px&#8221; background_layout=&#8221;dark&#8221; width=&#8221;90%&#8221; module_alignment=&#8221;center&#8221; min_height=&#8221;242.4px&#8221; custom_margin=&#8221;||-288px|||&#8221; custom_padding=&#8221;4px|||||&#8221; global_colors_info=&#8221;{}&#8221;]<\/p>\n<h1 style=\"text-align: center;\"><span>Cybersicherheit im Gesundheitssektor<\/span><\/h1>\n<p>[\/et_pb_text][\/et_pb_column][\/et_pb_row][\/et_pb_section][et_pb_section fb_built=&#8221;1&#8243; _builder_version=&#8221;4.16&#8243; custom_margin=&#8221;||||false|false&#8221; custom_padding=&#8221;2px||2px||true|false&#8221; global_colors_info=&#8221;{}&#8221;][et_pb_row admin_label=&#8221;Title Area&#8221; _builder_version=&#8221;4.16&#8243; background_color=&#8221;rgba(0,0,0,0)&#8221; width=&#8221;100%&#8221; module_alignment=&#8221;center&#8221; custom_margin=&#8221;||||false|false&#8221; custom_padding=&#8221;0px|0px|0px|0px|false|false&#8221; global_colors_info=&#8221;{}&#8221;][et_pb_column type=&#8221;4_4&#8243; _builder_version=&#8221;4.16&#8243; custom_padding=&#8221;|||&#8221; global_colors_info=&#8221;{}&#8221; custom_padding__hover=&#8221;|||&#8221;][et_pb_text admin_label=&#8221;Title&#8221; _builder_version=&#8221;4.27.4&#8243; text_font=&#8221;||||||||&#8221; header_font=&#8221;Prata||||||||&#8221; header_2_font=&#8221;Montserrat|700|||||||&#8221; header_2_text_align=&#8221;center&#8221; header_2_font_size=&#8221;32px&#8221; custom_margin=&#8221;5%||||false|false&#8221; custom_padding=&#8221;0%||||false|false&#8221; animation_style=&#8221;fade&#8221; animation_direction=&#8221;top&#8221; animation_duration=&#8221;1350ms&#8221; animation_starting_opacity=&#8221;100%&#8221; hover_enabled=&#8221;0&#8243; inline_fonts=&#8221;Prata,Montserrat&#8221; global_colors_info=&#8221;{}&#8221; sticky_enabled=&#8221;0&#8243;]<\/p>\n<h2 style=\"text-align: center;\"><span>Interim Manager f\u00fcr Cyberscurity stabilisiert IT nach Ransomware-Angriff<\/span><\/h2>\n<p>[\/et_pb_text][et_pb_text admin_label=&#8221;Title&#8221; _builder_version=&#8221;4.27.4&#8243; text_font=&#8221;||||||||&#8221; text_font_size=&#8221;20px&#8221; header_font=&#8221;Prata||||||||&#8221; header_2_font=&#8221;Montserrat|700|||||||&#8221; header_2_text_align=&#8221;center&#8221; header_2_font_size=&#8221;32px&#8221; custom_margin=&#8221;5%||||false|false&#8221; custom_padding=&#8221;0%||||false|false&#8221; animation_style=&#8221;fade&#8221; animation_direction=&#8221;top&#8221; animation_duration=&#8221;1350ms&#8221; animation_starting_opacity=&#8221;100%&#8221; inline_fonts=&#8221;Prata,Montserrat&#8221; global_colors_info=&#8221;{}&#8221;]<\/p>\n<p style=\"text-align: center;\"><strong><span style=\"font-family: Montserrat; color: #002c3e;\">Herausforderung und Aufgabenstellung<\/span><\/strong><\/p>\n<p>[\/et_pb_text][et_pb_text _builder_version=&#8221;4.27.4&#8243; text_font=&#8221;||||||||&#8221; text_text_color=&#8221;#000000&#8243; text_font_size=&#8221;16px&#8221; header_font=&#8221;||||||||&#8221; max_width=&#8221;90%&#8221; module_alignment=&#8221;center&#8221; custom_margin=&#8221;3%|0px|5%|0px|false|false&#8221; custom_padding=&#8221;|2%|0px|2%|false|false&#8221; animation_style=&#8221;flip&#8221; animation_direction=&#8221;left&#8221; animation_intensity_flip=&#8221;30%&#8221; animation_starting_opacity=&#8221;100%&#8221; hover_enabled=&#8221;0&#8243; global_colors_info=&#8221;{}&#8221; sticky_enabled=&#8221;0&#8243;]<\/p>\n<p>Anfang 2024 kam es im Gesundheitswesen in Deutschland zu einem schwerwiegenden Systemausfall. Eine <strong><span style=\"color: #e09900;\">umfassende Ransomware-Verschl\u00fcsselung<\/span><\/strong> legte zentrale IT-Systeme \u00fcber Wochen hinweg lahm. Die medizinische Versorgung war dadurch erheblich eingeschr\u00e4nkt, eine koordinierte Notfallstruktur fehlte.<\/p>\n<p>Der Vorfall machte <strong><span style=\"color: #e09900;\">grundlegende Schw\u00e4chen in Organisation, F\u00fchrung und technischer Ausrichtung<\/span><\/strong> sichtbar. Es fehlten ein funktionierendes Projektmanagement, verbindliche Prozesse sowie eine \u00fcbergreifende IT-Strategie. Auch in Bereichen wie der digitalen Patientenaufnahme zeigten sich strukturelle Defizite.<\/p>\n<p>Vor diesem Hintergrund beauftragte die Gesch\u00e4ftsf\u00fchrung \u00fcber EIM kurzfristig einen erfahrenen Interim Manager Cybersecurity. Ziel war die z\u00fcgige Stabilisierung der Systeme, der <strong><span style=\"color: #e09900;\">Neuaufbau einer leistungsf\u00e4higen Organisation und die Entwicklung einer langfristigen Cybersicherheitsstrategie.<\/span><\/strong><\/p>\n<p>[\/et_pb_text][\/et_pb_column][\/et_pb_row][\/et_pb_section][et_pb_section fb_built=&#8221;1&#8243; _builder_version=&#8221;4.16&#8243; background_color=&#8221;#e6e6e6&#8243; custom_margin=&#8221;||||false|false&#8221; custom_padding=&#8221;75px||||false|false&#8221; top_divider_style=&#8221;slant&#8221; top_divider_color=&#8221;#ffffff&#8221; top_divider_flip=&#8221;horizontal|vertical&#8221; bottom_divider_style=&#8221;slant&#8221; bottom_divider_color=&#8221;#d68804&#8243; bottom_divider_flip=&#8221;horizontal&#8221; global_colors_info=&#8221;{}&#8221;][et_pb_row admin_label=&#8221;Title Area&#8221; _builder_version=&#8221;4.16&#8243; background_color=&#8221;rgba(0,0,0,0)&#8221; width=&#8221;100%&#8221; module_alignment=&#8221;center&#8221; custom_margin=&#8221;|798px||832px|false|false&#8221; custom_padding=&#8221;0%|0px|0%|0px|false|false&#8221; global_colors_info=&#8221;{}&#8221;][et_pb_column type=&#8221;4_4&#8243; _builder_version=&#8221;4.16&#8243; custom_padding=&#8221;|||&#8221; global_colors_info=&#8221;{}&#8221; custom_padding__hover=&#8221;|||&#8221;][et_pb_text _builder_version=&#8221;4.27.4&#8243; text_font=&#8221;Montserrat|700|||||||&#8221; text_text_color=&#8221;#000000&#8243; text_font_size=&#8221;20px&#8221; header_font=&#8221;||||||||&#8221; max_width=&#8221;90%&#8221; module_alignment=&#8221;center&#8221; min_height=&#8221;97.2px&#8221; custom_margin=&#8221;3%|0px|0%|0px|false|false&#8221; custom_padding=&#8221;21px|2%|0px|2%|false|false&#8221; animation_style=&#8221;flip&#8221; animation_direction=&#8221;left&#8221; animation_intensity_flip=&#8221;30%&#8221; animation_starting_opacity=&#8221;100%&#8221; hover_enabled=&#8221;0&#8243; global_colors_info=&#8221;{}&#8221; sticky_enabled=&#8221;0&#8243;]<\/p>\n<p style=\"text-align: center;\"><strong>Die L\u00f6sung<\/strong><\/p>\n<p>[\/et_pb_text][et_pb_text _builder_version=&#8221;4.27.4&#8243; _module_preset=&#8221;default&#8221; text_font_size=&#8221;16px&#8221; max_width=&#8221;90%&#8221; module_alignment=&#8221;center&#8221; min_height=&#8221;417px&#8221; custom_margin=&#8221;-37px||3px||false|false&#8221; custom_padding=&#8221;|2px||2px|false|false&#8221; hover_enabled=&#8221;0&#8243; global_colors_info=&#8221;{}&#8221; sticky_enabled=&#8221;0&#8243;]<\/p>\n<p><span style=\"color: #000000;\">Der von EIM kurzfristig bereitgestellte Interim Manager f\u00fcr Cybersecurity \u00fcbernahm Anfang des Jahres die Leitung der IT mit dem Ziel, den Betrieb zu stabilisieren und die Organisation zukunftsf\u00e4hig aufzustellen. Gemeinsam mit den internen Teams und externen Dienstleistern wurde die vollst\u00e4ndige Neuinstallation aller betroffenen Systeme geplant und umgesetzt.<\/span><\/p>\n<p><span style=\"color: #000000;\">Gleichzeitig wurde die IT-Abteilung neu strukturiert: Rollen und Zust\u00e4ndigkeiten wurden definiert und <strong><span style=\"color: #e09900;\">ein neuer IT-Leiter f\u00fcr die \u00dcbergabe vorbereitet.<\/span><\/strong> Ein verbindliches Projektmanagement wurde eingef\u00fchrt, um alle Vorhaben planbar und steuerbar umzusetzen. <span>Der externe Informationssicherheitsbeauftragte unterst\u00fctzte dabei insbesondere die Umsetzung datenschutzkonformer Prozesse.<\/span><\/span><\/p>\n<p><span style=\"color: #000000;\">Auf strategischer Ebene entstand eine IT-Roadmap mit Fokus auf technische Modernisierung, wirtschaftliche Steuerung und langfristige Effizienz. Erg\u00e4nzend wurden unternehmensweite IT-Richtlinien eingef\u00fchrt und wichtige Grundlagen wie Arbeitsplatzstandards, Infrastrukturplanung und die Vorbereitung der Wirtschaftspr\u00fcfung neu aufgesetzt.<\/span><\/p>\n<p>[\/et_pb_text][\/et_pb_column][\/et_pb_row][\/et_pb_section][et_pb_section fb_built=&#8221;1&#8243; _builder_version=&#8221;4.16&#8243; background_color=&#8221;#d68804&#8243; custom_margin=&#8221;||||false|false&#8221; custom_padding=&#8221;10px||||false|false&#8221; top_divider_color=&#8221;#ffffff&#8221; top_divider_flip=&#8221;vertical&#8221; bottom_divider_style=&#8221;slant&#8221; bottom_divider_color=&#8221;#ffffff&#8221; bottom_divider_flip=&#8221;horizontal&#8221; global_colors_info=&#8221;{}&#8221;][et_pb_row admin_label=&#8221;Title Area&#8221; _builder_version=&#8221;4.16&#8243; background_color=&#8221;rgba(0,0,0,0)&#8221; width=&#8221;100%&#8221; module_alignment=&#8221;center&#8221; min_height=&#8221;503.9px&#8221; custom_margin=&#8221;||||false|false&#8221; custom_padding=&#8221;0%|0px|5%|0px|false|false&#8221; global_colors_info=&#8221;{}&#8221;][et_pb_column type=&#8221;4_4&#8243; _builder_version=&#8221;4.16&#8243; custom_padding=&#8221;|||&#8221; global_colors_info=&#8221;{}&#8221; custom_padding__hover=&#8221;|||&#8221;][et_pb_text admin_label=&#8221;Title&#8221; _builder_version=&#8221;4.27.4&#8243; text_font=&#8221;||||||||&#8221; text_font_size=&#8221;20px&#8221; header_font=&#8221;Prata||||||||&#8221; header_2_font=&#8221;Montserrat|700|||||||&#8221; header_2_text_align=&#8221;center&#8221; header_2_font_size=&#8221;32px&#8221; custom_margin=&#8221;3%||||false|false&#8221; custom_padding=&#8221;0%||||false|false&#8221; animation_style=&#8221;fade&#8221; animation_direction=&#8221;top&#8221; animation_duration=&#8221;1350ms&#8221; animation_starting_opacity=&#8221;100%&#8221; inline_fonts=&#8221;Prata,Montserrat&#8221; global_colors_info=&#8221;{}&#8221;]<\/p>\n<p style=\"text-align: center;\"><strong><span style=\"font-family: Montserrat; color: #fff;\">Der EIM-Vorteil<\/span><\/strong><\/p>\n<p>[\/et_pb_text][et_pb_text _builder_version=&#8221;4.27.4&#8243; text_font=&#8221;||||||||&#8221; text_text_color=&#8221;#FFFFFF&#8221; text_font_size=&#8221;16px&#8221; ul_text_color=&#8221;#FFFFFF&#8221; header_font=&#8221;||||||||&#8221; max_width=&#8221;90%&#8221; module_alignment=&#8221;center&#8221; custom_margin=&#8221;3%|0px|0%|0px|false|false&#8221; custom_padding=&#8221;|2%|30px|0%|false|false&#8221; animation_style=&#8221;flip&#8221; animation_direction=&#8221;left&#8221; animation_intensity_flip=&#8221;30%&#8221; animation_starting_opacity=&#8221;100%&#8221; hover_enabled=&#8221;0&#8243; global_colors_info=&#8221;{}&#8221; sticky_enabled=&#8221;0&#8243;]<\/p>\n<p>Als die Situation Anfang 2024 akut wurde, war <strong>schnelles und zielgerichtetes Handeln<\/strong> gefragt. EIM stellte innerhalb k\u00fcrzester Zeit den passenden Interim Manager f\u00fcr Cybersecurity bereit, der sowohl die technische Komplexit\u00e4t als auch die organisatorischen Herausforderungen der Aufgabe souver\u00e4n \u00fcberblickte.<\/p>\n<p>Die Auswahl des richtigen Profils war dabei entscheidend: Der Interim Manager kombinierte <strong>fundierte IT-Kompetenz mit F\u00fchrungserfahrung im Gesundheitswesen,<\/strong> hoher Umsetzungskraft und einem klaren <strong>Verst\u00e4ndnis f\u00fcr Cybersicherheit.<\/strong> <span>Der externe Informationsbeauftragte sorgte f\u00fcr Transparenz und Compliance in s\u00e4mtlichen Kommunikations- und Sicherheitsfragen. EIM begleitete das Mandat \u00fcber die gesamte Laufzeit, sorgte f\u00fcr klare Erwartungen, regelm\u00e4\u00dfige Abstimmungen und eine enge Anbindung an die Gesch\u00e4ftsf\u00fchrung.<\/span><\/p>\n<p>[\/et_pb_text][\/et_pb_column][\/et_pb_row][\/et_pb_section][et_pb_section fb_built=&#8221;1&#8243; _builder_version=&#8221;4.24.0&#8243; _module_preset=&#8221;default&#8221; global_colors_info=&#8221;{}&#8221;][et_pb_row _builder_version=&#8221;4.24.0&#8243; _module_preset=&#8221;default&#8221; global_colors_info=&#8221;{}&#8221;][et_pb_column type=&#8221;4_4&#8243; _builder_version=&#8221;4.24.0&#8243; _module_preset=&#8221;default&#8221; global_colors_info=&#8221;{}&#8221;][et_pb_text _builder_version=&#8221;4.27.4&#8243; _module_preset=&#8221;default&#8221; text_font=&#8221;Montserrat|700|||||||&#8221; text_font_size=&#8221;20px&#8221; width=&#8221;90%&#8221; module_alignment=&#8221;center&#8221; global_colors_info=&#8221;{}&#8221;]<\/p>\n<p style=\"text-align: center;\"><strong>Das Ergebnis<\/strong><\/p>\n<p>[\/et_pb_text][et_pb_text _builder_version=&#8221;4.27.4&#8243; _module_preset=&#8221;default&#8221; text_font_size=&#8221;16px&#8221; width=&#8221;90%&#8221; module_alignment=&#8221;center&#8221; custom_margin=&#8221;3px||||false|false&#8221; custom_padding=&#8221;|2px|30px||false|false&#8221; global_colors_info=&#8221;{}&#8221;]Die vollst\u00e4ndige Wiederherstellung der IT-Systeme erm\u00f6glichte die <strong><span style=\"color: #e09900;\">planm\u00e4\u00dfige R\u00fcckkehr zum stabilen Betriebsablauf.<\/strong><\/p>\n<p>Durch die organisatorische Neustrukturierung und personelle St\u00e4rkung der IT-Abteilung wurde eine verl\u00e4ssliche Arbeitsbasis geschaffen. Die \u00dcbergabe an den neu rekrutierten IT-Leiter zum 1. Januar 2025 verlief reibungsfrei.<\/p>\n<p>Das eingef\u00fchrte Projektmanagement sorgte f\u00fcr klare Zust\u00e4ndigkeiten, nachvollziehbare Fortschritte und eine strukturierte Steuerung aller IT-Vorhaben. Die <strong><span style=\"color: #e09900;\">neue IT-Roadmap<\/strong> st\u00e4rkt nicht nur die technische Infrastruktur, sondern bildet auch die Grundlage f\u00fcr eine zukunftsf\u00e4hige Cybersicherheitsarchitektur.<\/p>\n<p><span>Wirtschaftlich konnte das Projekt ebenfalls \u00fcberzeugen: Rund 45.000 Euro wurden kurzfristig eingespart, ein weiteres Einsparpotenzial von rund 760.000 Euro \u00fcber drei Jahre wurde strukturiert erarbeitet.<\/span>[\/et_pb_text][et_pb_button button_url=&#8221;https:\/\/www.eim.com\/de\/digitale-transformation\/&#8221; button_text=&#8221;weitere Informationen&#8221; button_alignment=&#8221;center&#8221; _builder_version=&#8221;4.27.4&#8243; _module_preset=&#8221;default&#8221; custom_margin=&#8221;||||false|false&#8221; custom_padding=&#8221;||||false|false&#8221; global_colors_info=&#8221;{}&#8221;][\/et_pb_button][\/et_pb_column][\/et_pb_row][\/et_pb_section][et_pb_section fb_built=&#8221;1&#8243; _builder_version=&#8221;4.16&#8243; background_color=&#8221;#062c3e&#8221; custom_margin=&#8221;||||false|false&#8221; top_divider_style=&#8221;slant&#8221; top_divider_color=&#8221;rgba(0,0,0,0)&#8221; top_divider_flip=&#8221;vertical&#8221; bottom_divider_color=&#8221;#ffffff&#8221; bottom_divider_flip=&#8221;horizontal&#8221; global_colors_info=&#8221;{}&#8221;][et_pb_row _builder_version=&#8221;4.16&#8243; custom_margin=&#8221;|auto||auto|false|false&#8221; custom_padding=&#8221;||||false|false&#8221; global_colors_info=&#8221;{}&#8221;][et_pb_column type=&#8221;4_4&#8243; _builder_version=&#8221;4.16&#8243; global_colors_info=&#8221;{}&#8221;][et_pb_text admin_label=&#8221;Title&#8221; _builder_version=&#8221;4.16&#8243; text_font=&#8221;||||||||&#8221; text_text_color=&#8221;#ffffff&#8221; header_font=&#8221;Prata||||||||&#8221; header_2_font=&#8221;Montserrat|700|||||||&#8221; header_2_text_align=&#8221;center&#8221; header_2_font_size=&#8221;30px&#8221; custom_margin=&#8221;5%||5px||false|false&#8221; custom_padding=&#8221;||0px|||&#8221; animation_style=&#8221;fade&#8221; animation_direction=&#8221;top&#8221; animation_duration=&#8221;1350ms&#8221; animation_starting_opacity=&#8221;100%&#8221; inline_fonts=&#8221;Prata,Montserrat&#8221; global_colors_info=&#8221;{}&#8221;]<\/p>\n<h2><span style=\"font-family: Montserrat;color: #ffffff\">Kontaktieren Sie uns<\/span><\/h2>\n<p>[\/et_pb_text][\/et_pb_column][\/et_pb_row][et_pb_row column_structure=&#8221;1_5,3_5,1_5&#8243; _builder_version=&#8221;4.16&#8243; custom_margin=&#8221;|auto|5%|auto|false|false&#8221; custom_padding=&#8221;0px|||||&#8221; global_colors_info=&#8221;{}&#8221;][et_pb_column type=&#8221;1_5&#8243; _builder_version=&#8221;4.16&#8243; global_colors_info=&#8221;{}&#8221;][\/et_pb_column][et_pb_column type=&#8221;3_5&#8243; _builder_version=&#8221;4.16&#8243; global_colors_info=&#8221;{}&#8221;][et_pb_text _builder_version=&#8221;4.16&#8243; custom_padding=&#8221;||0px|||&#8221; global_colors_info=&#8221;{}&#8221;]<\/p>\n<p style=\"text-align: center\"><span style=\"color: #ffffff\">Erfahren Sie mehr und nehmen Sie Kontakt mit Ihrem EIM Berater auf<\/span><\/p>\n<p>[\/et_pb_text][et_pb_button button_url=&#8221;@ET-DC@eyJkeW5hbWljIjp0cnVlLCJjb250ZW50IjoicG9zdF9saW5rX3VybF9wYWdlIiwic2V0dGluZ3MiOnsicG9zdF9pZCI6IjEwIiwiZW5hYmxlX2h0bWwiOiJvZmYifX0=@&#8221; button_text=&#8221;KONTAKT&#8221; button_alignment=&#8221;center&#8221; _builder_version=&#8221;4.16&#8243; _dynamic_attributes=&#8221;button_url&#8221; background_layout=&#8221;dark&#8221; global_colors_info=&#8221;{}&#8221;][\/et_pb_button][\/et_pb_column][et_pb_column type=&#8221;1_5&#8243; _builder_version=&#8221;4.16&#8243; global_colors_info=&#8221;{}&#8221;][\/et_pb_column][\/et_pb_row][\/et_pb_section]<\/p>\n","protected":false},"excerpt":{"rendered":"<p>Wie ein Interim Manager nach einem Ransomware-Angriff half, die Systeme zu stabilisieren, Cybersicherheit neu zu denken und Kosten einzusparen.<\/p>\n","protected":false},"author":931,"featured_media":14843,"comment_status":"closed","ping_status":"closed","sticky":false,"template":"","format":"standard","meta":{"_et_pb_use_builder":"on","_et_pb_old_content":"[et_pb_section fb_built=\"1\" admin_label=\"Hero Section\" _builder_version=\"4.4.7\" use_background_color_gradient=\"on\" background_color_gradient_start=\"rgba(0,0,0,0.4)\" background_color_gradient_end=\"rgba(0,0,0,0.4)\" background_color_gradient_overlays_image=\"on\" background_image=\"https:\/\/www.eim.com\/de\/wp-content\/uploads\/sites\/4\/2020\/08\/restrukturierung-case-study.jpg\" background_position=\"bottom_center\" height=\"520px\" custom_padding=\"6%||0%|||\" bottom_divider_style=\"slant\" bottom_divider_color=\"#ffffff\" bottom_divider_height=\"150px\" bottom_divider_flip=\"horizontal\" background_color_gradient_direction__hover=\"180deg\" background_color_gradient_direction__hover_enabled=\"180deg\" background_color_gradient_start_position__hover=\"0%\" background_color_gradient_start_position__hover_enabled=\"0%\" background_color_gradient_end_position__hover=\"100%\" background_color_gradient_end_position__hover_enabled=\"100%\"][et_pb_row disabled_on=\"off|off|off\" admin_label=\"Page Title Area\" _builder_version=\"4.4.7\" width=\"100%\" max_width=\"2560px\" module_alignment=\"center\" custom_margin=\"-5%|auto|0px|auto|false|false\" custom_padding=\"0px|||||\"][et_pb_column type=\"4_4\" _builder_version=\"3.25\" custom_padding=\"|||\" custom_padding__hover=\"|||\"][et_pb_text _builder_version=\"3.27.4\" text_font=\"|600|||||||\" text_text_color=\"#ffffff\" text_font_size=\"18px\"]<p style=\"text-align: center;\">CASE STUDIES <\/p>[\/et_pb_text][et_pb_text _builder_version=\"4.4.7\" text_font=\"|600|||||||\" text_text_color=\"#ffffff\" text_font_size=\"33px\" background_layout=\"dark\" width=\"90%\" module_alignment=\"center\" hover_enabled=\"0\"]<p style=\"text-align: center;\">Restrukturierung: HR Manager senkt Kosten bei maximaler Sozialvertr\u00e4glichkeit dank innovativer Konzepte zur Sozialplan-Verhandlung<\/p>[\/et_pb_text][\/et_pb_column][\/et_pb_row][\/et_pb_section][et_pb_section fb_built=\"1\" _builder_version=\"3.27.4\" custom_margin=\"||||false|false\" custom_padding=\"2px||2px||true|false\"][et_pb_row admin_label=\"Title Area\" _builder_version=\"3.27.4\" background_color=\"rgba(0,0,0,0)\" width=\"100%\" module_alignment=\"center\" custom_margin=\"||||false|false\" custom_padding=\"0px|0px|0px|0px|false|false\"][et_pb_column type=\"4_4\" _builder_version=\"3.25\" custom_padding=\"|||\" custom_padding__hover=\"|||\"][et_pb_text admin_label=\"Title\" _builder_version=\"3.27.4\" text_font=\"||||||||\" header_font=\"Prata||||||||\" header_2_font=\"Montserrat|700|||||||\" header_2_text_align=\"center\" header_2_font_size=\"32px\" custom_margin=\"5%||||false|false\" custom_padding=\"0%||||false|false\" animation_style=\"fade\" animation_direction=\"top\" animation_duration=\"1350ms\" animation_starting_opacity=\"100%\" inline_fonts=\"Prata,Montserrat\"]<h2><span style=\"font-family: Montserrat; color: #002c3e;\">Die Herausforderung<\/span><\/h2>[\/et_pb_text][et_pb_text _builder_version=\"4.4.7\" text_font=\"||||||||\" text_font_size=\"16px\" header_font=\"||||||||\" max_width=\"90%\" module_alignment=\"center\" custom_margin=\"3%|0px|5%|0px|false|false\" custom_padding=\"|2%|0px|2%|false|false\" animation_style=\"flip\" animation_direction=\"left\" animation_intensity_flip=\"30%\" animation_starting_opacity=\"100%\"]<p style=\"text-align: justify;\">Betroffen war die Energiesparte eines global agierenden Konzerns, spezialisiert auf den Transportbereich und Strom\u00fcbetragungstechnologie. Durch die angespannte wirtschaftliche Lage der Muttergesellschaft verbunden mit einer schwierigen Marktsituation verursacht durch \u00dcberkapazit\u00e4ten wurde ein <b>umfangreiches Restrukturierungsprogramm <\/b>in der Gruppe initiiert.<\/p>\n<p style=\"text-align: justify;\">Schwerpunkte lagen in einer umfangreichen <b>Personalanpassung<\/b> aufgrund einer europaweiten Neuausrichtung, die auch die <b>Schlie\u00dfung von Standorten <\/b>umfasste. Aufgrund der langen Firmenzugeh\u00f6rigkeit vieler Mitarbeiter sowie der starken Einbindung von Gewerkschaft und Betriebsrat war der Einsatz eines erfahrenen HR Restrukturierers notwendig, der neben seinen <b>Fachkenntnissen<\/b> auf diesem Gebiet u.a. mit <b>diplomatischem Verhandlungsgeschick<\/b>, <b>Fingerspitzengef\u00fchl<\/b> und tiefem <b>Prozess- sowie Organisationsverst\u00e4ndnis <\/b>aufwarten musste.<\/p>[\/et_pb_text][\/et_pb_column][\/et_pb_row][\/et_pb_section][et_pb_section fb_built=\"1\" _builder_version=\"4.4.7\" background_color=\"#e6e6e6\" custom_margin=\"||||false|false\" custom_padding=\"75px||||false|false\" top_divider_style=\"slant\" top_divider_color=\"#ffffff\" top_divider_flip=\"horizontal|vertical\" bottom_divider_style=\"slant\" bottom_divider_color=\"#d68804\" bottom_divider_flip=\"horizontal\" hover_enabled=\"0\"][et_pb_row admin_label=\"Title Area\" _builder_version=\"4.4.7\" background_color=\"rgba(0,0,0,0)\" width=\"100%\" module_alignment=\"center\" custom_margin=\"||||false|false\" custom_padding=\"3%|0px|5%|0px|false|false\" hover_enabled=\"0\"][et_pb_column type=\"4_4\" _builder_version=\"3.25\" custom_padding=\"|||\" custom_padding__hover=\"|||\"][et_pb_text admin_label=\"Title\" _builder_version=\"3.27.4\" text_font=\"||||||||\" header_font=\"Prata||||||||\" header_2_font=\"Montserrat|700|||||||\" header_2_text_align=\"center\" header_2_font_size=\"32px\" custom_margin=\"5%||||false|false\" custom_padding=\"0%||||false|false\" animation_style=\"fade\" animation_direction=\"top\" animation_duration=\"1350ms\" animation_starting_opacity=\"100%\" inline_fonts=\"Prata,Montserrat\"]<h2><span style=\"font-family: Montserrat; color: #002c3e;\">Die L\u00f6sung<\/span><\/h2>[\/et_pb_text][et_pb_text _builder_version=\"4.4.7\" text_font=\"||||||||\" text_font_size=\"16px\" header_font=\"||||||||\" max_width=\"90%\" module_alignment=\"center\" custom_margin=\"3%|0px|0%|0px|false|false\" custom_padding=\"|2%|30px|2%|false|false\" animation_style=\"flip\" animation_direction=\"left\" animation_intensity_flip=\"30%\" animation_starting_opacity=\"100%\" hover_enabled=\"0\"]<div class=\"col-md-6\">\n<div class=\"row\">\n<div class=\"col-lg-12\">\n<div class=\"row\">\n<div class=\"col-lg-12\">\n<p style=\"text-align: justify;\">EIM empfahl einen\u00a0 HR Projektmanager mit <b>langj\u00e4hriger Restrukturierungserfahrung <\/b>und <b>juristischem Background<\/b>. Einen echten Profi im Change-Management, der als Mediator zwischen Belegschaft und Gesch\u00e4ftsleitung fungierte.<\/p>\n<p style=\"text-align: justify;\">Die <b>Anleitung und das Coachen<\/b> <b>der lokalen HR Mitarbeiter <\/b>w\u00e4hrend der Vorbereitungs- und Umsetzungsphasen war ma\u00dfgeblich f\u00fcr die erfolgreiche Realisierung und Umsetzung der Restrukturierungsprojekte.<\/p>\n<p style=\"text-align: justify;\">Au\u00dferdem verf\u00fcgte der EIM Manger \u00fcber\u00a0 <b>innovative Sozialplanverhandlungskonzepte <\/b>aus anderen Sanierungs-Mandaten, die wiederum eine sehr gute Grundlage und ein Benchmark\u00a0 f\u00fcr die in diesem Fall notwendigen Ma\u00dfnahmen bildeten.<\/p>\n<\/div>\n<\/div>\n<\/div>\n<\/div>\n<\/div>[\/et_pb_text][\/et_pb_column][\/et_pb_row][\/et_pb_section][et_pb_section fb_built=\"1\" _builder_version=\"4.4.7\" background_color=\"#d68804\" custom_margin=\"||||false|false\" custom_padding=\"10px||||false|false\" top_divider_color=\"#ffffff\" top_divider_flip=\"vertical\" bottom_divider_style=\"slant\" bottom_divider_color=\"#ffffff\" bottom_divider_flip=\"horizontal\"][et_pb_row admin_label=\"Title Area\" _builder_version=\"4.4.7\" background_color=\"rgba(0,0,0,0)\" width=\"100%\" module_alignment=\"center\" custom_margin=\"||||false|false\" custom_padding=\"3%|0px|5%|0px|false|false\" hover_enabled=\"0\"][et_pb_column type=\"4_4\" _builder_version=\"3.25\" custom_padding=\"|||\" custom_padding__hover=\"|||\"][et_pb_text admin_label=\"Title\" _builder_version=\"4.4.7\" text_font=\"||||||||\" header_font=\"Prata||||||||\" header_2_font=\"Montserrat|700|||||||\" header_2_text_align=\"center\" header_2_font_size=\"32px\" custom_margin=\"3%||||false|false\" custom_padding=\"0%||||false|false\" animation_style=\"fade\" animation_direction=\"top\" animation_duration=\"1350ms\" animation_starting_opacity=\"100%\" hover_enabled=\"0\" inline_fonts=\"Prata,Montserrat\"]<h2><span style=\"font-family: Montserrat; color: #fff;\">Der EIM Vorteil<\/span><\/h2>[\/et_pb_text][et_pb_text _builder_version=\"4.4.7\" text_font=\"||||||||\" text_font_size=\"16px\" header_font=\"||||||||\" max_width=\"90%\" module_alignment=\"center\" custom_margin=\"3%|0px|0%|0px|false|false\" custom_padding=\"|2%|30px|2%|false|false\" animation_style=\"flip\" animation_direction=\"left\" animation_intensity_flip=\"30%\" animation_starting_opacity=\"100%\"]<div class=\"col-md-6\">\n<div class=\"row\">\n<div class=\"col-lg-12\">\n<div class=\"row\">\n<div class=\"col-lg-12\" style=\"text-align: justify; color: #fff;\"><em>Der regelm\u00e4\u00dfige, qualifizierte Austausch zwischen Klient, EIM Manager und EIM Partner \u00fcber den gesamten Zeitraum war entscheidend f\u00fcr den Erfolg des Projekts. Die Rolle des EIM Partners (selbst Turnaround-erfahren und daher mit der Situation vertraut) als Kommunikator wurde von allen Seiten sehr gesch\u00e4tzt - bspw. beim Ausr\u00e4umen von Missverst\u00e4ndnissen, die ansonsten zu Krisen in der Zusammenarbeit gef\u00fchrt h\u00e4tten.<\/em><\/div>\n<\/div>\n<\/div>\n<\/div>\n<\/div>[\/et_pb_text][\/et_pb_column][\/et_pb_row][\/et_pb_section][et_pb_section fb_built=\"1\" _builder_version=\"4.4.7\" background_color=\"#ffffff\" custom_margin=\"||||false|false\" custom_padding=\"25px||||false|false\" top_divider_color=\"#ffffff\" top_divider_flip=\"horizontal|vertical\" bottom_divider_style=\"slant\" bottom_divider_color=\"#062c3e\" bottom_divider_flip=\"horizontal\" hover_enabled=\"0\"][et_pb_row admin_label=\"Title Area\" _builder_version=\"3.27.4\" background_color=\"rgba(0,0,0,0)\" width=\"100%\" module_alignment=\"center\" custom_margin=\"||||false|false\" custom_padding=\"3%|0px|5%|0px|false|false\"][et_pb_column type=\"4_4\" _builder_version=\"3.25\" custom_padding=\"|||\" custom_padding__hover=\"|||\"][et_pb_text admin_label=\"Title\" _builder_version=\"4.4.7\" text_font=\"||||||||\" header_font=\"Prata||||||||\" header_2_font=\"Montserrat|700|||||||\" header_2_text_align=\"center\" header_2_font_size=\"32px\" custom_margin=\"||||false|false\" custom_padding=\"||||false|false\" animation_style=\"fade\" animation_direction=\"top\" animation_duration=\"1350ms\" animation_starting_opacity=\"100%\" hover_enabled=\"0\" inline_fonts=\"Prata,Montserrat\"]<h2><span style=\"font-family: Montserrat; color: #002c3e;\">Das Ergebnis<\/span><\/h2>[\/et_pb_text][et_pb_text _builder_version=\"4.4.7\" text_font=\"||||||||\" text_font_size=\"16px\" header_font=\"||||||||\" max_width=\"90%\" module_alignment=\"center\" custom_margin=\"3%|0px|0%|0px|false|false\" custom_padding=\"|2%|50px|2%|false|false\" animation_style=\"flip\" animation_direction=\"left\" animation_intensity_flip=\"30%\" animation_starting_opacity=\"100%\" hover_enabled=\"0\"]<div class=\"col-md-6\">\n<div class=\"col-md-6\">\n<p style=\"text-align: justify;\">Alle geplanten Ma\u00dfnahmen des Auftraggebers (verschiedene Restrukturierungswellen) konnten im v. g. Zeitraum\u00a0<b>deutlich unter den urspr\u00fcnglich geplanten Kosten realisiert <\/b>werden. Dabei die Restrukturierung m\u00f6glichst <b>sozialvertr\u00e4glich<\/b> durchgef\u00fchrt . Das <b>Expertenwissen<\/b> des EIM Managers und seine <b>innovative Verhandlungsstrategie <\/b>war u. a. Garant f\u00fcr den erfolgreichen Projektverlauf.<\/p>\n<\/div>\n<\/div>[\/et_pb_text][\/et_pb_column][\/et_pb_row][\/et_pb_section][et_pb_section fb_built=\"1\" _builder_version=\"4.4.7\" background_color=\"#062c3e\" custom_margin=\"||||false|false\" top_divider_style=\"slant\" top_divider_color=\"rgba(0,0,0,0)\" top_divider_flip=\"vertical\" bottom_divider_color=\"#ffffff\" bottom_divider_flip=\"horizontal\"][et_pb_row _builder_version=\"4.4.7\" custom_margin=\"|auto||auto|false|false\" custom_padding=\"||||false|false\"][et_pb_column type=\"4_4\" _builder_version=\"3.27.4\"][et_pb_text admin_label=\"Title\" _builder_version=\"3.27.4\" text_font=\"||||||||\" text_text_color=\"#ffffff\" header_font=\"Prata||||||||\" header_2_font=\"Montserrat|700|||||||\" header_2_text_align=\"center\" header_2_font_size=\"30px\" custom_margin=\"5%||5px||false|false\" custom_padding=\"||0px|||\" animation_style=\"fade\" animation_direction=\"top\" animation_duration=\"1350ms\" animation_starting_opacity=\"100%\" inline_fonts=\"Prata,Montserrat\"]<h2><span style=\"font-family: Montserrat; color: #ffffff;\">Kontaktieren Sie uns<\/span><\/h2>[\/et_pb_text][\/et_pb_column][\/et_pb_row][et_pb_row column_structure=\"1_5,3_5,1_5\" _builder_version=\"3.27.4\" custom_margin=\"|auto|5%|auto|false|false\" custom_padding=\"0px|||||\"][et_pb_column type=\"1_5\" _builder_version=\"3.27.4\"][\/et_pb_column][et_pb_column type=\"3_5\" _builder_version=\"3.27.4\"][et_pb_text _builder_version=\"3.27.4\" custom_padding=\"||0px|||\"]<p style=\"text-align: center;\"><span style=\"color: #ffffff;\">Erfahren Sie mehr und nehmen Sie Kontakt mit Ihrem EIM Berater auf<\/span><\/p>[\/et_pb_text][et_pb_button button_url=\"@ET-DC@eyJkeW5hbWljIjp0cnVlLCJjb250ZW50IjoicG9zdF9saW5rX3VybF9wYWdlIiwic2V0dGluZ3MiOnsicG9zdF9pZCI6IjEwIn19@\" button_text=\"KONTAKT\" button_alignment=\"center\" _builder_version=\"4.4.7\" _dynamic_attributes=\"button_url\" background_layout=\"dark\" hover_enabled=\"0\"][\/et_pb_button][\/et_pb_column][et_pb_column type=\"1_5\" _builder_version=\"3.27.4\"][\/et_pb_column][\/et_pb_row][\/et_pb_section]","_et_gb_content_width":"","footnotes":""},"categories":[23],"tags":[2122,2123,2124,2125],"class_list":["post-14826","post","type-post","status-publish","format-standard","has-post-thumbnail","hentry","category-case-studies","tag-cybersecurity","tag-gesundheitswesen","tag-it","tag-security"],"yoast_head":"<!-- This site is optimized with the Yoast SEO Premium plugin v27.5 (Yoast SEO v27.5) - https:\/\/yoast.com\/product\/yoast-seo-premium-wordpress\/ -->\n<title>Cybersicherheit im Gesundheitswesen: Neustart nach IT-Ausfall<\/title>\n<meta name=\"description\" content=\"Wie ein Interim Manager nach einem Ransomware-Angriff half, Kliniksysteme zu stabilisieren, Cybersicherheit neu zu denken und Kosten einzusparen.\" \/>\n<meta name=\"robots\" content=\"index, follow, max-snippet:-1, max-image-preview:large, max-video-preview:-1\" \/>\n<link rel=\"canonical\" href=\"https:\/\/www.eim.com\/de\/case-studies\/cybersicherheit-im-gesundheitswesen-neustart-nach-it-ausfall\/\" \/>\n<meta property=\"og:locale\" content=\"de_DE\" \/>\n<meta property=\"og:type\" content=\"article\" \/>\n<meta property=\"og:title\" content=\"Cybersicherheit im Gesundheitswesen: Neustart nach IT-Ausfall\" \/>\n<meta property=\"og:description\" content=\"Wie ein Interim Manager nach einem Ransomware-Angriff half, die Systeme zu stabilisieren, Cybersicherheit neu zu denken und Kosten einzusparen.\" \/>\n<meta property=\"og:url\" content=\"https:\/\/www.eim.com\/de\/case-studies\/cybersicherheit-im-gesundheitswesen-neustart-nach-it-ausfall\/\" \/>\n<meta property=\"og:site_name\" content=\"EIM Germany - Executive Interim Management\" \/>\n<meta property=\"article:published_time\" content=\"2025-05-19T07:56:05+00:00\" \/>\n<meta property=\"article:modified_time\" content=\"2025-05-20T09:22:11+00:00\" \/>\n<meta property=\"og:image\" content=\"https:\/\/www.eim.com\/de\/wp-content\/uploads\/sites\/4\/2025\/05\/Cybersecurity_Teaserbild_Case_Study.jpg\" \/>\n\t<meta property=\"og:image:width\" content=\"1600\" \/>\n\t<meta property=\"og:image:height\" content=\"1080\" \/>\n\t<meta property=\"og:image:type\" content=\"image\/jpeg\" \/>\n<meta name=\"author\" content=\"sleopold\" \/>\n<meta name=\"twitter:card\" content=\"summary_large_image\" \/>\n<meta name=\"twitter:label1\" content=\"Geschrieben von\" \/>\n\t<meta name=\"twitter:data1\" content=\"sleopold\" \/>\n\t<meta name=\"twitter:label2\" content=\"Gesch\u00e4tzte Lesezeit\" \/>\n\t<meta name=\"twitter:data2\" content=\"3 Minuten\" \/>\n<script type=\"application\/ld+json\" class=\"yoast-schema-graph\">{\"@context\":\"https:\\\/\\\/schema.org\",\"@graph\":[{\"@type\":\"Article\",\"@id\":\"https:\\\/\\\/www.eim.com\\\/de\\\/case-studies\\\/cybersicherheit-im-gesundheitswesen-neustart-nach-it-ausfall\\\/#article\",\"isPartOf\":{\"@id\":\"https:\\\/\\\/www.eim.com\\\/de\\\/case-studies\\\/cybersicherheit-im-gesundheitswesen-neustart-nach-it-ausfall\\\/\"},\"author\":{\"name\":\"sleopold\",\"@id\":\"https:\\\/\\\/www.eim.com\\\/de\\\/#\\\/schema\\\/person\\\/910b62d8bdd76af2186004b48959cd70\"},\"headline\":\"Cybersicherheit im Gesundheitswesen: Neustart nach IT-Ausfall\",\"datePublished\":\"2025-05-19T07:56:05+00:00\",\"dateModified\":\"2025-05-20T09:22:11+00:00\",\"mainEntityOfPage\":{\"@id\":\"https:\\\/\\\/www.eim.com\\\/de\\\/case-studies\\\/cybersicherheit-im-gesundheitswesen-neustart-nach-it-ausfall\\\/\"},\"wordCount\":1793,\"publisher\":{\"@id\":\"https:\\\/\\\/www.eim.com\\\/de\\\/#organization\"},\"image\":{\"@id\":\"https:\\\/\\\/www.eim.com\\\/de\\\/case-studies\\\/cybersicherheit-im-gesundheitswesen-neustart-nach-it-ausfall\\\/#primaryimage\"},\"thumbnailUrl\":\"https:\\\/\\\/www.eim.com\\\/de\\\/wp-content\\\/uploads\\\/sites\\\/4\\\/2025\\\/05\\\/Cybersecurity_Teaserbild_Case_Study.jpg\",\"keywords\":[\"Cybersecurity\",\"Gesundheitswesen\",\"IT\",\"Security\"],\"articleSection\":[\"Case Study\"],\"inLanguage\":\"de-DE\"},{\"@type\":\"WebPage\",\"@id\":\"https:\\\/\\\/www.eim.com\\\/de\\\/case-studies\\\/cybersicherheit-im-gesundheitswesen-neustart-nach-it-ausfall\\\/\",\"url\":\"https:\\\/\\\/www.eim.com\\\/de\\\/case-studies\\\/cybersicherheit-im-gesundheitswesen-neustart-nach-it-ausfall\\\/\",\"name\":\"Cybersicherheit im Gesundheitswesen: Neustart nach IT-Ausfall\",\"isPartOf\":{\"@id\":\"https:\\\/\\\/www.eim.com\\\/de\\\/#website\"},\"primaryImageOfPage\":{\"@id\":\"https:\\\/\\\/www.eim.com\\\/de\\\/case-studies\\\/cybersicherheit-im-gesundheitswesen-neustart-nach-it-ausfall\\\/#primaryimage\"},\"image\":{\"@id\":\"https:\\\/\\\/www.eim.com\\\/de\\\/case-studies\\\/cybersicherheit-im-gesundheitswesen-neustart-nach-it-ausfall\\\/#primaryimage\"},\"thumbnailUrl\":\"https:\\\/\\\/www.eim.com\\\/de\\\/wp-content\\\/uploads\\\/sites\\\/4\\\/2025\\\/05\\\/Cybersecurity_Teaserbild_Case_Study.jpg\",\"datePublished\":\"2025-05-19T07:56:05+00:00\",\"dateModified\":\"2025-05-20T09:22:11+00:00\",\"description\":\"Wie ein Interim Manager nach einem Ransomware-Angriff half, Kliniksysteme zu stabilisieren, Cybersicherheit neu zu denken und Kosten einzusparen.\",\"breadcrumb\":{\"@id\":\"https:\\\/\\\/www.eim.com\\\/de\\\/case-studies\\\/cybersicherheit-im-gesundheitswesen-neustart-nach-it-ausfall\\\/#breadcrumb\"},\"inLanguage\":\"de-DE\",\"potentialAction\":[{\"@type\":\"ReadAction\",\"target\":[\"https:\\\/\\\/www.eim.com\\\/de\\\/case-studies\\\/cybersicherheit-im-gesundheitswesen-neustart-nach-it-ausfall\\\/\"]}]},{\"@type\":\"ImageObject\",\"inLanguage\":\"de-DE\",\"@id\":\"https:\\\/\\\/www.eim.com\\\/de\\\/case-studies\\\/cybersicherheit-im-gesundheitswesen-neustart-nach-it-ausfall\\\/#primaryimage\",\"url\":\"https:\\\/\\\/www.eim.com\\\/de\\\/wp-content\\\/uploads\\\/sites\\\/4\\\/2025\\\/05\\\/Cybersecurity_Teaserbild_Case_Study.jpg\",\"contentUrl\":\"https:\\\/\\\/www.eim.com\\\/de\\\/wp-content\\\/uploads\\\/sites\\\/4\\\/2025\\\/05\\\/Cybersecurity_Teaserbild_Case_Study.jpg\",\"width\":1600,\"height\":1080},{\"@type\":\"BreadcrumbList\",\"@id\":\"https:\\\/\\\/www.eim.com\\\/de\\\/case-studies\\\/cybersicherheit-im-gesundheitswesen-neustart-nach-it-ausfall\\\/#breadcrumb\",\"itemListElement\":[{\"@type\":\"ListItem\",\"position\":1,\"name\":\"Home\",\"item\":\"https:\\\/\\\/www.eim.com\\\/de\\\/\"},{\"@type\":\"ListItem\",\"position\":2,\"name\":\"Cybersicherheit im Gesundheitswesen: Neustart nach IT-Ausfall\"}]},{\"@type\":\"WebSite\",\"@id\":\"https:\\\/\\\/www.eim.com\\\/de\\\/#website\",\"url\":\"https:\\\/\\\/www.eim.com\\\/de\\\/\",\"name\":\"EIM Germany - Executive Interim Management\",\"description\":\"EIM delivers business breakthrough differently. Wir stellen erfahrene Interim Manager aus unserem eigenen aktiven Netzwerk bereit.\",\"publisher\":{\"@id\":\"https:\\\/\\\/www.eim.com\\\/de\\\/#organization\"},\"potentialAction\":[{\"@type\":\"SearchAction\",\"target\":{\"@type\":\"EntryPoint\",\"urlTemplate\":\"https:\\\/\\\/www.eim.com\\\/de\\\/?s={search_term_string}\"},\"query-input\":{\"@type\":\"PropertyValueSpecification\",\"valueRequired\":true,\"valueName\":\"search_term_string\"}}],\"inLanguage\":\"de-DE\"},{\"@type\":\"Organization\",\"@id\":\"https:\\\/\\\/www.eim.com\\\/de\\\/#organization\",\"name\":\"EIM Executive Interim Management GmbH\",\"url\":\"https:\\\/\\\/www.eim.com\\\/de\\\/\",\"logo\":{\"@type\":\"ImageObject\",\"inLanguage\":\"de-DE\",\"@id\":\"https:\\\/\\\/www.eim.com\\\/de\\\/#\\\/schema\\\/logo\\\/image\\\/\",\"url\":\"https:\\\/\\\/www.eim.com\\\/de\\\/wp-content\\\/uploads\\\/sites\\\/4\\\/2020\\\/08\\\/positive.png\",\"contentUrl\":\"https:\\\/\\\/www.eim.com\\\/de\\\/wp-content\\\/uploads\\\/sites\\\/4\\\/2020\\\/08\\\/positive.png\",\"width\":1423,\"height\":442,\"caption\":\"EIM Executive Interim Management GmbH\"},\"image\":{\"@id\":\"https:\\\/\\\/www.eim.com\\\/de\\\/#\\\/schema\\\/logo\\\/image\\\/\"},\"sameAs\":[\"https:\\\/\\\/www.linkedin.com\\\/company\\\/eim-germany\\\/\",\"https:\\\/\\\/www.youtube.com\\\/channel\\\/UCi7F99x-c2m83TfJPosKFcg\"]},{\"@type\":\"Person\",\"@id\":\"https:\\\/\\\/www.eim.com\\\/de\\\/#\\\/schema\\\/person\\\/910b62d8bdd76af2186004b48959cd70\",\"name\":\"sleopold\",\"image\":{\"@type\":\"ImageObject\",\"inLanguage\":\"de-DE\",\"@id\":\"https:\\\/\\\/secure.gravatar.com\\\/avatar\\\/eead58c476928d6a8759c80b155231eddf03bc2e25bf3e93e7799c498267e235?s=96&d=mm&r=g\",\"url\":\"https:\\\/\\\/secure.gravatar.com\\\/avatar\\\/eead58c476928d6a8759c80b155231eddf03bc2e25bf3e93e7799c498267e235?s=96&d=mm&r=g\",\"contentUrl\":\"https:\\\/\\\/secure.gravatar.com\\\/avatar\\\/eead58c476928d6a8759c80b155231eddf03bc2e25bf3e93e7799c498267e235?s=96&d=mm&r=g\",\"caption\":\"sleopold\"}}]}<\/script>\n<!-- \/ Yoast SEO Premium plugin. -->","yoast_head_json":{"title":"Cybersicherheit im Gesundheitswesen: Neustart nach IT-Ausfall","description":"Wie ein Interim Manager nach einem Ransomware-Angriff half, Kliniksysteme zu stabilisieren, Cybersicherheit neu zu denken und Kosten einzusparen.","robots":{"index":"index","follow":"follow","max-snippet":"max-snippet:-1","max-image-preview":"max-image-preview:large","max-video-preview":"max-video-preview:-1"},"canonical":"https:\/\/www.eim.com\/de\/case-studies\/cybersicherheit-im-gesundheitswesen-neustart-nach-it-ausfall\/","og_locale":"de_DE","og_type":"article","og_title":"Cybersicherheit im Gesundheitswesen: Neustart nach IT-Ausfall","og_description":"Wie ein Interim Manager nach einem Ransomware-Angriff half, die Systeme zu stabilisieren, Cybersicherheit neu zu denken und Kosten einzusparen.","og_url":"https:\/\/www.eim.com\/de\/case-studies\/cybersicherheit-im-gesundheitswesen-neustart-nach-it-ausfall\/","og_site_name":"EIM Germany - Executive Interim Management","article_published_time":"2025-05-19T07:56:05+00:00","article_modified_time":"2025-05-20T09:22:11+00:00","og_image":[{"width":1600,"height":1080,"url":"https:\/\/www.eim.com\/de\/wp-content\/uploads\/sites\/4\/2025\/05\/Cybersecurity_Teaserbild_Case_Study.jpg","type":"image\/jpeg"}],"author":"sleopold","twitter_card":"summary_large_image","twitter_misc":{"Geschrieben von":"sleopold","Gesch\u00e4tzte Lesezeit":"3 Minuten"},"schema":{"@context":"https:\/\/schema.org","@graph":[{"@type":"Article","@id":"https:\/\/www.eim.com\/de\/case-studies\/cybersicherheit-im-gesundheitswesen-neustart-nach-it-ausfall\/#article","isPartOf":{"@id":"https:\/\/www.eim.com\/de\/case-studies\/cybersicherheit-im-gesundheitswesen-neustart-nach-it-ausfall\/"},"author":{"name":"sleopold","@id":"https:\/\/www.eim.com\/de\/#\/schema\/person\/910b62d8bdd76af2186004b48959cd70"},"headline":"Cybersicherheit im Gesundheitswesen: Neustart nach IT-Ausfall","datePublished":"2025-05-19T07:56:05+00:00","dateModified":"2025-05-20T09:22:11+00:00","mainEntityOfPage":{"@id":"https:\/\/www.eim.com\/de\/case-studies\/cybersicherheit-im-gesundheitswesen-neustart-nach-it-ausfall\/"},"wordCount":1793,"publisher":{"@id":"https:\/\/www.eim.com\/de\/#organization"},"image":{"@id":"https:\/\/www.eim.com\/de\/case-studies\/cybersicherheit-im-gesundheitswesen-neustart-nach-it-ausfall\/#primaryimage"},"thumbnailUrl":"https:\/\/www.eim.com\/de\/wp-content\/uploads\/sites\/4\/2025\/05\/Cybersecurity_Teaserbild_Case_Study.jpg","keywords":["Cybersecurity","Gesundheitswesen","IT","Security"],"articleSection":["Case Study"],"inLanguage":"de-DE"},{"@type":"WebPage","@id":"https:\/\/www.eim.com\/de\/case-studies\/cybersicherheit-im-gesundheitswesen-neustart-nach-it-ausfall\/","url":"https:\/\/www.eim.com\/de\/case-studies\/cybersicherheit-im-gesundheitswesen-neustart-nach-it-ausfall\/","name":"Cybersicherheit im Gesundheitswesen: Neustart nach IT-Ausfall","isPartOf":{"@id":"https:\/\/www.eim.com\/de\/#website"},"primaryImageOfPage":{"@id":"https:\/\/www.eim.com\/de\/case-studies\/cybersicherheit-im-gesundheitswesen-neustart-nach-it-ausfall\/#primaryimage"},"image":{"@id":"https:\/\/www.eim.com\/de\/case-studies\/cybersicherheit-im-gesundheitswesen-neustart-nach-it-ausfall\/#primaryimage"},"thumbnailUrl":"https:\/\/www.eim.com\/de\/wp-content\/uploads\/sites\/4\/2025\/05\/Cybersecurity_Teaserbild_Case_Study.jpg","datePublished":"2025-05-19T07:56:05+00:00","dateModified":"2025-05-20T09:22:11+00:00","description":"Wie ein Interim Manager nach einem Ransomware-Angriff half, Kliniksysteme zu stabilisieren, Cybersicherheit neu zu denken und Kosten einzusparen.","breadcrumb":{"@id":"https:\/\/www.eim.com\/de\/case-studies\/cybersicherheit-im-gesundheitswesen-neustart-nach-it-ausfall\/#breadcrumb"},"inLanguage":"de-DE","potentialAction":[{"@type":"ReadAction","target":["https:\/\/www.eim.com\/de\/case-studies\/cybersicherheit-im-gesundheitswesen-neustart-nach-it-ausfall\/"]}]},{"@type":"ImageObject","inLanguage":"de-DE","@id":"https:\/\/www.eim.com\/de\/case-studies\/cybersicherheit-im-gesundheitswesen-neustart-nach-it-ausfall\/#primaryimage","url":"https:\/\/www.eim.com\/de\/wp-content\/uploads\/sites\/4\/2025\/05\/Cybersecurity_Teaserbild_Case_Study.jpg","contentUrl":"https:\/\/www.eim.com\/de\/wp-content\/uploads\/sites\/4\/2025\/05\/Cybersecurity_Teaserbild_Case_Study.jpg","width":1600,"height":1080},{"@type":"BreadcrumbList","@id":"https:\/\/www.eim.com\/de\/case-studies\/cybersicherheit-im-gesundheitswesen-neustart-nach-it-ausfall\/#breadcrumb","itemListElement":[{"@type":"ListItem","position":1,"name":"Home","item":"https:\/\/www.eim.com\/de\/"},{"@type":"ListItem","position":2,"name":"Cybersicherheit im Gesundheitswesen: Neustart nach IT-Ausfall"}]},{"@type":"WebSite","@id":"https:\/\/www.eim.com\/de\/#website","url":"https:\/\/www.eim.com\/de\/","name":"EIM Germany - Executive Interim Management","description":"EIM delivers business breakthrough differently. Wir stellen erfahrene Interim Manager aus unserem eigenen aktiven Netzwerk bereit.","publisher":{"@id":"https:\/\/www.eim.com\/de\/#organization"},"potentialAction":[{"@type":"SearchAction","target":{"@type":"EntryPoint","urlTemplate":"https:\/\/www.eim.com\/de\/?s={search_term_string}"},"query-input":{"@type":"PropertyValueSpecification","valueRequired":true,"valueName":"search_term_string"}}],"inLanguage":"de-DE"},{"@type":"Organization","@id":"https:\/\/www.eim.com\/de\/#organization","name":"EIM Executive Interim Management GmbH","url":"https:\/\/www.eim.com\/de\/","logo":{"@type":"ImageObject","inLanguage":"de-DE","@id":"https:\/\/www.eim.com\/de\/#\/schema\/logo\/image\/","url":"https:\/\/www.eim.com\/de\/wp-content\/uploads\/sites\/4\/2020\/08\/positive.png","contentUrl":"https:\/\/www.eim.com\/de\/wp-content\/uploads\/sites\/4\/2020\/08\/positive.png","width":1423,"height":442,"caption":"EIM Executive Interim Management GmbH"},"image":{"@id":"https:\/\/www.eim.com\/de\/#\/schema\/logo\/image\/"},"sameAs":["https:\/\/www.linkedin.com\/company\/eim-germany\/","https:\/\/www.youtube.com\/channel\/UCi7F99x-c2m83TfJPosKFcg"]},{"@type":"Person","@id":"https:\/\/www.eim.com\/de\/#\/schema\/person\/910b62d8bdd76af2186004b48959cd70","name":"sleopold","image":{"@type":"ImageObject","inLanguage":"de-DE","@id":"https:\/\/secure.gravatar.com\/avatar\/eead58c476928d6a8759c80b155231eddf03bc2e25bf3e93e7799c498267e235?s=96&d=mm&r=g","url":"https:\/\/secure.gravatar.com\/avatar\/eead58c476928d6a8759c80b155231eddf03bc2e25bf3e93e7799c498267e235?s=96&d=mm&r=g","contentUrl":"https:\/\/secure.gravatar.com\/avatar\/eead58c476928d6a8759c80b155231eddf03bc2e25bf3e93e7799c498267e235?s=96&d=mm&r=g","caption":"sleopold"}}]}},"_links":{"self":[{"href":"https:\/\/www.eim.com\/de\/wp-json\/wp\/v2\/posts\/14826","targetHints":{"allow":["GET"]}}],"collection":[{"href":"https:\/\/www.eim.com\/de\/wp-json\/wp\/v2\/posts"}],"about":[{"href":"https:\/\/www.eim.com\/de\/wp-json\/wp\/v2\/types\/post"}],"author":[{"embeddable":true,"href":"https:\/\/www.eim.com\/de\/wp-json\/wp\/v2\/users\/931"}],"replies":[{"embeddable":true,"href":"https:\/\/www.eim.com\/de\/wp-json\/wp\/v2\/comments?post=14826"}],"version-history":[{"count":0,"href":"https:\/\/www.eim.com\/de\/wp-json\/wp\/v2\/posts\/14826\/revisions"}],"wp:featuredmedia":[{"embeddable":true,"href":"https:\/\/www.eim.com\/de\/wp-json\/wp\/v2\/media\/14843"}],"wp:attachment":[{"href":"https:\/\/www.eim.com\/de\/wp-json\/wp\/v2\/media?parent=14826"}],"wp:term":[{"taxonomy":"category","embeddable":true,"href":"https:\/\/www.eim.com\/de\/wp-json\/wp\/v2\/categories?post=14826"},{"taxonomy":"post_tag","embeddable":true,"href":"https:\/\/www.eim.com\/de\/wp-json\/wp\/v2\/tags?post=14826"}],"curies":[{"name":"wp","href":"https:\/\/api.w.org\/{rel}","templated":true}]}}