{"id":13768,"date":"2024-05-07T09:16:38","date_gmt":"2024-05-07T07:16:38","guid":{"rendered":"https:\/\/www.eim.com\/de\/?p=13768"},"modified":"2025-11-13T14:38:00","modified_gmt":"2025-11-13T13:38:00","slug":"die-deutsche-automobilindustrie-chancen-in-unsicheren-zeiten","status":"publish","type":"post","link":"https:\/\/www.eim.com\/de\/blog\/die-deutsche-automobilindustrie-chancen-in-unsicheren-zeiten\/","title":{"rendered":"Chancen f\u00fcr die deutsche Automobilindustrie"},"content":{"rendered":"\n[et_pb_section fb_built=&#8221;1&#8243; admin_label=&#8221;Hero Section&#8221; _builder_version=&#8221;4.25.0&#8243; background_color=&#8221;rgba(0,0,0,0)&#8221; background_image=&#8221;https:\/\/www.eim.com\/de\/wp-content\/uploads\/sites\/4\/2024\/05\/AdobeStock_286447622.jpeg&#8221; background_position=&#8221;center_right&#8221; height=&#8221;520px&#8221; custom_padding=&#8221;6%||0%|||&#8221; bottom_divider_style=&#8221;slant&#8221; bottom_divider_color=&#8221;#DB9300&#8243; bottom_divider_height=&#8221;150px&#8221; bottom_divider_flip=&#8221;horizontal&#8221; hover_enabled=&#8221;0&#8243; global_colors_info=&#8221;{}&#8221; background_color_gradient_direction__hover=&#8221;180deg&#8221; background_color_gradient_direction__hover_enabled=&#8221;180deg&#8221; background_color_gradient_start_position__hover=&#8221;0%&#8221; background_color_gradient_start_position__hover_enabled=&#8221;0%&#8221; background_color_gradient_end_position__hover=&#8221;100%&#8221; background_color_gradient_end_position__hover_enabled=&#8221;100%&#8221; background_color_gradient_stops__hover=&#8221;rgba(19,21,38,0.56) 0%|rgba(102,88,39,0.58) 100%&#8221; sticky_enabled=&#8221;0&#8243;][et_pb_row custom_padding_last_edited=&#8221;on|phone&#8221; disabled_on=&#8221;off|off|off&#8221; admin_label=&#8221;Page Title Area&#8221; _builder_version=&#8221;4.25.0&#8243; width=&#8221;100%&#8221; max_width=&#8221;2560px&#8221; module_alignment=&#8221;center&#8221; custom_margin=&#8221;-2%|auto|0px|auto|false|false&#8221; custom_margin_tablet=&#8221;&#8221; custom_margin_phone=&#8221;5%||||false|false&#8221; custom_margin_last_edited=&#8221;on|phone&#8221; custom_padding=&#8221;0px|||||&#8221; custom_padding_tablet=&#8221;&#8221; custom_padding_phone=&#8221;5%||||false|false&#8221; global_colors_info=&#8221;{}&#8221;][et_pb_column type=&#8221;4_4&#8243; _builder_version=&#8221;4.16&#8243; custom_padding=&#8221;|||&#8221; global_colors_info=&#8221;{}&#8221; custom_padding__hover=&#8221;|||&#8221;][et_pb_text _builder_version=&#8221;4.25.0&#8243; text_font=&#8221;|600|||||||&#8221; text_text_color=&#8221;#ffffff&#8221; text_font_size=&#8221;18px&#8221; global_colors_info=&#8221;{}&#8221;]<p style=\"text-align: center\">06.05.2024 | EIM Blog<br \/>von Dr. Thomas Schneider &amp; Marcus Gerbershagen<\/p>[\/et_pb_text][\/et_pb_column][\/et_pb_row][\/et_pb_section][et_pb_section fb_built=&#8221;1&#8243; _builder_version=&#8221;4.16&#8243; custom_margin=&#8221;||0px||false|false&#8221; custom_padding=&#8221;2px||0px||false|false&#8221; bottom_divider_color=&#8221;#d68804&#8243; global_colors_info=&#8221;{}&#8221;][et_pb_row admin_label=&#8221;Title Area&#8221; _builder_version=&#8221;4.16&#8243; background_color=&#8221;rgba(0,0,0,0)&#8221; width=&#8221;100%&#8221; module_alignment=&#8221;center&#8221; custom_margin=&#8221;2%||||false|false&#8221; custom_padding=&#8221;0px|0px|0px|0px|false|false&#8221; global_colors_info=&#8221;{}&#8221;][et_pb_column type=&#8221;4_4&#8243; _builder_version=&#8221;4.16&#8243; custom_padding=&#8221;|||&#8221; global_colors_info=&#8221;{}&#8221; custom_padding__hover=&#8221;|||&#8221;][et_pb_text admin_label=&#8221;Title&#8221; _builder_version=&#8221;4.25.0&#8243; text_font=&#8221;||||||||&#8221; header_font=&#8221;Montserrat|700|||||||&#8221; header_text_align=&#8221;center&#8221; header_text_color=&#8221;#002c3e&#8221; header_font_size=&#8221;33px&#8221; header_2_font=&#8221;Montserrat|700|||||||&#8221; header_2_text_align=&#8221;center&#8221; header_2_font_size=&#8221;32px&#8221; width=&#8221;90%&#8221; module_alignment=&#8221;center&#8221; custom_margin=&#8221;0%||||false|false&#8221; custom_margin_tablet=&#8221;-24%||||false|false&#8221; custom_margin_phone=&#8221;&#8221; custom_margin_last_edited=&#8221;on|tablet&#8221; custom_padding=&#8221;0%||0px||false|false&#8221; animation_style=&#8221;fade&#8221; animation_direction=&#8221;top&#8221; animation_duration=&#8221;1350ms&#8221; animation_starting_opacity=&#8221;100%&#8221; header_font_size_tablet=&#8221;&#8221; header_font_size_phone=&#8221;24px&#8221; header_font_size_last_edited=&#8221;on|phone&#8221; locked=&#8221;off&#8221; inline_fonts=&#8221;Prata,Montserrat&#8221; global_colors_info=&#8221;{}&#8221;]<h1 style=\"text-align: center\"><strong>Die deutsche Automobilindustrie \u2013 \nChancen in unsicheren Zeiten<\/strong><\/h1>[\/et_pb_text][\/et_pb_column][\/et_pb_row][et_pb_row admin_label=&#8221;Title Area&#8221; _builder_version=&#8221;4.16&#8243; background_color=&#8221;rgba(0,0,0,0)&#8221; module_alignment=&#8221;center&#8221; custom_margin=&#8221;1%||||false|false&#8221; custom_padding=&#8221;18px|0px|0px|0px|false|false&#8221; global_colors_info=&#8221;{}&#8221;][et_pb_column type=&#8221;4_4&#8243; _builder_version=&#8221;4.16&#8243; custom_padding=&#8221;|||&#8221; global_colors_info=&#8221;{}&#8221; custom_padding__hover=&#8221;|||&#8221;][et_pb_text _builder_version=&#8221;4.25.0&#8243; text_font=&#8221;||||||||&#8221; text_font_size=&#8221;16px&#8221; header_font=&#8221;||||||||&#8221; module_alignment=&#8221;center&#8221; custom_margin=&#8221;|0px|-30px|0px|false|false&#8221; custom_padding=&#8221;||||false|false&#8221; animation_direction=&#8221;left&#8221; global_colors_info=&#8221;{}&#8221;]<p style=\"text-align: justify\">Die weltweite Automobilindustrie befindet sich im Umbruch. Norwegen m\u00f6chte bereits 2025 keine Neuwagen mit fossilen Verbrennermotoren mehr verkaufen. F\u00fcnf Jahre sp\u00e4ter, im Jahr 2030, m\u00f6chten die L\u00e4nder \u00d6sterreich, Schweden, D\u00e4nemark, Niederlande, Slowenien und Irland folgen. Deutschland wird im Zuge des \u201eFit for 55\u201c-Pakets der EU 2035 nachziehen. Doch ist der Ausstieg aus dem Gesch\u00e4ft mit Verbrennermotoren nicht die einzige Umstellung, auf die sich OEMs &amp; Co. hierzulande einstellen m\u00fcssen.<\/p>\n<p>Aber auch der chinesische Einfluss auf die Automobilbranche ist gestiegen, so dass sich speziell der Automobilzulieferer Markt zurzeit st\u00e4rker an die Gegebenheiten aus China anpassen muss, zuletzt sicherlich an die neuen E-Motoren, die derzeit verst\u00e4rkt den deutschen Automobilmarkt erreichen.<\/p>\n<p><strong>Auch Themen, wie De-Risking, die Entwicklung von Software Defined Vehicles, Restrukturierungsma\u00dfnahmen und viele weitere, werden die Automobilindustrie in Deutschland in den kommenden Jahren besch\u00e4ftigen.<\/strong><\/p>\n<p>Wie k\u00f6nnen deutsche Unternehmen all diesen Ver\u00e4nderungen gerecht werden und diese erfolgreich umsetzen? Eines steht fest: Einzig die Unternehmen, die sich den neuen Situationen am Markt anpassen und innovativ handeln, werden eine Zukunft haben. In Zeiten, in denen jedoch auch Themen, wie Personalabbau, Werkschlie\u00dfungen und Verlagerung ins Ausland eine gro\u00dfe Rolle spielen, wird es f\u00fcr viele Firmen schwierig sein, weiterhin erfolgreich zu sein. Ein Punkt, an dem Interim Manager behilflich sein k\u00f6nnen.<\/p>\n<p>&nbsp;<\/p>[\/et_pb_text][et_pb_text _builder_version=&#8221;4.25.0&#8243; header_2_font=&#8221;Montserrat||||||||&#8221; header_2_text_align=&#8221;center&#8221; header_2_text_color=&#8221;#002c3e&#8221; header_2_font_size=&#8221;23px&#8221; header_3_font=&#8221;Montserrat|700|||||||&#8221; header_3_text_align=&#8221;center&#8221; header_3_text_color=&#8221;#002c3e&#8221; min_height=&#8221;47px&#8221; custom_margin=&#8221;3%||0px||false|false&#8221; custom_padding=&#8221;||0px||false|false&#8221; animation_direction=&#8221;left&#8221; global_colors_info=&#8221;{}&#8221;]<h2 style=\"text-align: left\">Die derzeitige Markteinsch\u00e4tzung<\/h2>[\/et_pb_text][\/et_pb_column][\/et_pb_row][et_pb_row column_structure=&#8221;1_4,3_4&#8243; admin_label=&#8221;Title Area&#8221; _builder_version=&#8221;4.16&#8243; background_color=&#8221;rgba(0,0,0,0)&#8221; module_alignment=&#8221;center&#8221; custom_margin=&#8221;-50px|784px|-51px|804px|false|false&#8221; custom_padding=&#8221;0px|0px|39px|0px|false|false&#8221; global_colors_info=&#8221;{}&#8221;][et_pb_column type=&#8221;1_4&#8243; _builder_version=&#8221;4.16&#8243; custom_padding=&#8221;|||&#8221; global_colors_info=&#8221;{}&#8221; custom_padding__hover=&#8221;|||&#8221;][et_pb_image src=&#8221;https:\/\/www.eim.com\/de\/wp-content\/uploads\/sites\/4\/2020\/04\/prof-dr-bernd-gottschalk.jpg&#8221; alt=&#8221;EIM Beirat Prof. Dr. Bernd Gottschalk&#8221; title_text=&#8221;EIM Beirat Prof. Dr. Bernd Gottschalk&#8221; url=&#8221;https:\/\/www.eim.com\/de\/eim-beirat\/prof-dr-bernd-gottschalk\/&#8221; url_new_window=&#8221;on&#8221; admin_label=&#8221;Prof Dr. Bernd Gottschalk&#8221; _builder_version=&#8221;4.25.0&#8243; _module_preset=&#8221;default&#8221; min_height=&#8221;162px&#8221; global_colors_info=&#8221;{}&#8221;][\/et_pb_image][et_pb_text _builder_version=&#8221;4.25.0&#8243; _module_preset=&#8221;default&#8221; min_height=&#8221;63.4px&#8221; custom_margin=&#8221;-24px|||||&#8221; global_colors_info=&#8221;{}&#8221;]<p><span style=\"color: #808080\"><a href=\"https:\/\/www.eim.com\/de\/eim-beirat\/prof-dr-bernd-gottschalk\/\" target=\"_blank\" rel=\"noopener\" style=\"color: #808080\"><strong><em>Prof. Dr. Bernd Gottschalk<\/em><\/strong><\/a><\/span><\/p>[\/et_pb_text][\/et_pb_column][et_pb_column type=&#8221;3_4&#8243; _builder_version=&#8221;4.16&#8243; custom_padding=&#8221;|||&#8221; global_colors_info=&#8221;{}&#8221; custom_padding__hover=&#8221;|||&#8221;][et_pb_text _builder_version=&#8221;4.25.0&#8243; _module_preset=&#8221;default&#8221; text_text_color=&#8221;#da9402&#8243; text_font_size=&#8221;16px&#8221; width=&#8221;100%&#8221; custom_margin=&#8221;0px|||||&#8221; global_colors_info=&#8221;{}&#8221;]<p><strong>Prof. Dr. Bernd Gottschalk, EIM-Beiratsmitglied,<\/strong> <span style=\"color: #808080\">ist jemand, der die derzeitige Marktlage der Automobilindustrie einsch\u00e4tzen kann. Der studierte Volkswirt arbeitete \u00fcber zwei Dekaden in verschiedenen Bereichen der Daimler-Benz AG \u2013 unter anderem als Pr\u00e4sident der Mercedes-Benz do Brasil und als Vorstandsmitglied f\u00fcr den Gesch\u00e4ftsbereich Nutzfahrzeuge weltweit. Au\u00dferdem war er Pr\u00e4sident des Verbandes der Automobilindustrie (VDA) und Pr\u00e4sident des Weltverbandes der Automobilverb\u00e4nde (OICA).<\/span><\/p>[\/et_pb_text][\/et_pb_column][\/et_pb_row][et_pb_row admin_label=&#8221;Title Area&#8221; _builder_version=&#8221;4.16&#8243; background_color=&#8221;rgba(0,0,0,0)&#8221; module_alignment=&#8221;center&#8221; custom_margin=&#8221;14px|783px||auto|false|false&#8221; custom_padding=&#8221;0px|0px|0px|0px|false|false&#8221; global_colors_info=&#8221;{}&#8221;][et_pb_column type=&#8221;4_4&#8243; _builder_version=&#8221;4.25.0&#8243; _module_preset=&#8221;default&#8221; global_colors_info=&#8221;{}&#8221;][et_pb_testimonial _builder_version=&#8221;4.25.0&#8243; body_font_size=&#8221;18px&#8221; min_height=&#8221;17px&#8221; animation_style=&#8221;slide&#8221; animation_direction=&#8221;right&#8221; global_colors_info=&#8221;{}&#8221;]<p style=\"text-align: center\"><em>Es bleibt derzeit kein Stein auf dem anderen.<\/em><\/p>[\/et_pb_testimonial][et_pb_text _builder_version=&#8221;4.25.0&#8243; _module_preset=&#8221;default&#8221; text_font_size=&#8221;16px&#8221; min_height=&#8221;199.2px&#8221; custom_margin=&#8221;32px|||||&#8221; custom_padding=&#8221;||0px|||&#8221; global_colors_info=&#8221;{}&#8221;]<p>Prof. Dr. Gottschalk beobachtet eine gro\u00dfe Verunsicherung in den verschiedenen M\u00e4rkten und ganz besonders im Automobilbereich. Zudem befindet sich der Standort Deutschland \u2013 jeher eines unserer gro\u00dfen St\u00e4rken \u2013 im Zuge der momentanen Wirtschaftskonjunktur in einer der schwierigsten Phasen. Er ist sich sicher, dass wir uns in Deutschland insbesondere Gedanken dar\u00fcber machen m\u00fcssen, wie wir die Zukunftsf\u00e4higkeit unserer Wirtschaft sichern. Doch ist dies eine Frage der Wettbewerbsf\u00e4higkeit, die in den vergangenen Jahren massiv gelitten hat und immer noch leidet.<\/p>\n<p>Mit Fokus auf die Automobilindustrie, eines der st\u00e4rksten Wirtschaftszweige Deutschlands, sagt Gottschalk:<\/p>[\/et_pb_text][et_pb_testimonial _builder_version=&#8221;4.25.0&#8243; body_font_size=&#8221;18px&#8221; min_height=&#8221;187px&#8221; animation_style=&#8221;slide&#8221; animation_direction=&#8221;right&#8221; global_colors_info=&#8221;{}&#8221;]<p style=\"text-align: center\"><em>Die deutsche Automobilindustrie steht vor erheblichen Herausforderungen, die nicht nur technologischer, sondern auch struktureller und sozialer Natur sind. Die F\u00e4higkeit der Unternehmen, sich anzupassen und innovativ zu sein, wird entscheidend sein, um langfristig erfolgreich zu arbeiten.<\/em><\/p>[\/et_pb_testimonial][\/et_pb_column][\/et_pb_row][et_pb_row _builder_version=&#8221;4.16&#8243; min_height=&#8221;1375.9px&#8221; global_colors_info=&#8221;{}&#8221;][et_pb_column type=&#8221;4_4&#8243; _builder_version=&#8221;4.16&#8243; global_colors_info=&#8221;{}&#8221;][et_pb_text _builder_version=&#8221;4.25.0&#8243; text_font=&#8221;||||||||&#8221; text_font_size=&#8221;16px&#8221; header_font=&#8221;||||||||&#8221; module_alignment=&#8221;center&#8221; min_height=&#8221;258.8px&#8221; custom_margin=&#8221;2px|0px|10px|0px|false|false&#8221; custom_padding=&#8221;||||false|false&#8221; animation_direction=&#8221;left&#8221; global_colors_info=&#8221;{}&#8221;]<p>Ebendarum ist es f\u00fcr Unternehmen aus der Automobilindustrie essenziell, sich weiterzuentwickeln, um die Wettbewerbsf\u00e4higkeit nicht zu verlieren. Hauptthemen f\u00fcr die Weiterentwicklung sind etwa:<\/p>\n<ul>\n<li>Technologischer Wandel<\/li>\n<li>Globalisierung<\/li>\n<li>Kostenwettbewerb<\/li>\n<\/ul>\n<p>Wie begegnen OEMs, Zulieferer und Co. genau diesen Themen?<\/p>[\/et_pb_text][et_pb_testimonial _builder_version=&#8221;4.25.0&#8243; body_font_size=&#8221;18px&#8221; min_height=&#8221;235px&#8221; animation_style=&#8221;slide&#8221; animation_direction=&#8221;right&#8221; global_colors_info=&#8221;{}&#8221;]<p style=\"text-align: center\"><em>Die Zulieferer haben daraus die Konsequenz gezogen, das gesamte Portfolio zu \u00fcberpr\u00fcfen und zugleich die Weichen auf eine noch st\u00e4rkere Ergebnis- Orientierung und Liquidit\u00e4tsoptimierung gestellt.<\/em><\/p>\n<p style=\"text-align: center\"><em>Es wird an Carve-Outs gearbeitet, um Unternehmensteile, die nicht mehr passen, auf den Markt zu bringen. Es werden Bereiche, die nicht mehr zukunftsf\u00e4hig und profitabel sind, geschlossen. An den Kosten oder dem Working Capital wird massiver denn je gearbeitet. <a href=\"https:\/\/www.eim.com\/de\/turnaround-management\/\">Restrukturierung<\/a>, um sich f\u00fcr die Zukunft zu wappnen, ist angesagt.<\/em><\/p>[\/et_pb_testimonial][et_pb_text _builder_version=&#8221;4.25.0&#8243; text_font=&#8221;||||||||&#8221; text_font_size=&#8221;16px&#8221; header_font=&#8221;||||||||&#8221; header_2_font_size=&#8221;24px&#8221; module_alignment=&#8221;center&#8221; custom_margin=&#8221;|0px||0px|false|false&#8221; custom_padding=&#8221;||||false|false&#8221; animation_direction=&#8221;left&#8221; global_colors_info=&#8221;{}&#8221;]<h2 style=\"text-align: center\"><strong>De-Risking, Software Defined Vehicles, Restrukturierung \u2013<br \/>das besch\u00e4ftigt die Industrie<\/strong><\/h2>\n<p>So ziemlich jede Branche, allen voran die Automobilindustrie, fragt sich, was von der Politik kommen muss, damit sich die Situation verbessert. Jedoch m\u00fcssen sie sich aber auch fragen, was sie selbst daf\u00fcr tun k\u00f6nnen, auch zuk\u00fcnftig erfolgreich zu bleiben.<\/p>\n<h3><em><strong>De-Risking<\/strong><\/em><\/h3>\n<p>Beim De-Risking handelt es sich um den gezielten Abbau von kritischer Importabh\u00e4ngigkeit. Um diesen Abbau durchf\u00fchren zu k\u00f6nnen, ben\u00f6tigt es ein genaues Abh\u00e4ngigkeitsmonitoring und tiefgehende Au\u00dfenhandelsanalysen. Auf diese Weise wird es den Automobilunternehmen m\u00f6glich sein, neue Strategien zu entwickeln und sich langfristig und nachhaltig von der Abh\u00e4ngigkeit anderer L\u00e4nder zu l\u00f6sen. Die Zulieferindustrie tut gut daran, sich als verl\u00e4sslicher und kompetenter Entwicklungspartner zu positionieren.<\/p>\n<h3><em><strong>Software Defined Vehicles<\/strong><\/em><\/h3>\n<p>Ein Software Defined Vehicle \u2013 zu Deutsch: Software-definiertes Fahrzeug \u2013 beschreibt elektronisch gesteuerte Autos, die dementsprechend vornehmlich von der Software abh\u00e4ngig sind. Sie sind dahin gehend die Weiterentwicklung der mechanisch basierenden Fahrzeuge. Beim SDV kommen etwa Fahrassistenzsysteme zur Steigerung der Sicherheit zum Einsatz. Hinzu kommen weitere Software-Funktionen, wie:<\/p>\n<ul>\n<li>Ganzheitliche Infotainmentsysteme<\/li>\n<li>Die Vernetzung und Kommunikation mit anderen Fahrzeugen sowie der Stra\u00dfeninfrastruktur<\/li>\n<li>Over-The-Air-Updates<\/li>\n<li>Brems- und Lenk-Software-Funktionen durch &#8220;break-by-wire&#8221; und &#8220;steer-by-wire&#8221;<\/li>\n<\/ul>\n<p>SDVs bilden au\u00dferdem den Grundstein f\u00fcr die Abkehr von Verbrennermotoren hin zu batteriebetriebenen Antriebssystemen sowie der Entwicklung autonomer Fahrfunktionen. F\u00fcr den Zulieferer bedeutet dies, organisatorisch in die Entwicklung von Software zu investieren oder aber entsprechende Kooperationen einzugehen.<\/p>\n<h3><em><strong>Restrukturierung \/ Transformation<\/strong><\/em><\/h3>\n<p>Das Thema <a href=\"https:\/\/www.eim.com\/de\/turnaround-management\/\">Restrukturierung<\/a> steht f\u00fcr viele Unternehmen in der Automobilindustrie an oberster Stelle auf der Agenda, um auch in den kommenden Jahren weiterhin wettbewerbsf\u00e4hig zu sein. Zwar haben die in Deutschland ans\u00e4ssigen Automobilhersteller und Zulieferer ihre Ums\u00e4tze im Jahr 2023 um zehn Prozent gesteigert (558 Mrd. EUR), dennoch ist nicht alles Gold, was gl\u00e4nzt. Besonders die Kluft zwischen den OEMs und den Zulieferern hat sich im Zehnjahresvergleich immer weiter aufgetan. W\u00e4hrend die Zulieferer seit 2014 ihre Ums\u00e4tze um 25 Prozent steigern konnten, legten die OEMs um satte 59 Prozent zu.<\/p>\n<p>Ein Problem, mit dem besonders deutsche Autozulieferer zu k\u00e4mpfen haben. Trotz des wachsenden Umsatzes sinken die Eing\u00e4nge von Auftr\u00e4gen. Das derzeitige Produktionsvolumen in Deutschland liegt 21 Prozent unter dem Niveau 2019. Und schon damals hatte die Industrie \u00dcberkapazit\u00e4ten. Um dem entgegenzuwirken, bleibt den Unternehmen nichts anderes \u00fcbrig, als sich neu aufzustellen. Zu den Restrukturierungsma\u00dfnahmen geh\u00f6ren etwa:<\/p>\n<ul>\n<li>Carve-out-Prozesse<\/li>\n<li>Optimierung oder Schlie\u00dfung der Standorte (footprint)<\/li>\n<li>Verlagerung der Werke<\/li>\n<li>Personalabbau auf der einen Seite &#8211; Fachkr\u00e4ftemangel auf der anderen Seite<\/li>\n<li>Konsolidierung der gesamten Organisation<\/li>\n<li>Automatisierung \/ Digitalisierung<\/li>\n<\/ul>[\/et_pb_text][et_pb_testimonial _builder_version=&#8221;4.25.0&#8243; body_font_size=&#8221;18px&#8221; animation_style=&#8221;slide&#8221; animation_direction=&#8221;right&#8221; global_colors_info=&#8221;{}&#8221;]<p style=\"text-align: center\"><em>Es wird an Carve-Outs gearbeitet, um Unternehmensteile, die nicht mehr passen, auf den Markt zu bringen. Es werden Bereiche, die nicht mehr zukunftsf\u00e4hig und profitabel sind, geschlossen. An den Kosten oder dem Working Capital wird massiver denn je gearbeitet. Restrukturierung, um sich f\u00fcr die Zukunft zu wappnen, ist angesagt.<br \/><\/em><\/p>\n<p style=\"text-align: center\"><em>All das fordert das gesamte Management, nicht nur auf der ersten Ebene, sondern im gesamten Unternehmen. <\/em><\/p>[\/et_pb_testimonial][et_pb_text _builder_version=&#8221;4.25.0&#8243; header_2_font=&#8221;Montserrat||||||||&#8221; header_2_text_align=&#8221;center&#8221; header_2_text_color=&#8221;#002c3e&#8221; header_2_font_size=&#8221;24px&#8221; header_3_font=&#8221;Montserrat|700|||||||&#8221; header_3_text_align=&#8221;center&#8221; header_3_text_color=&#8221;#002c3e&#8221; custom_margin=&#8221;3%||0px||false|false&#8221; custom_padding=&#8221;||0px||false|false&#8221; animation_direction=&#8221;left&#8221; global_colors_info=&#8221;{}&#8221;]<h2 style=\"text-align: center\"><strong>Weiterentwicklung trotz Fachkr\u00e4ftemangel \u2013 \nInterim Management richtet es<\/strong><\/h2>[\/et_pb_text][et_pb_text _builder_version=&#8221;4.25.0&#8243; text_font=&#8221;||||||||&#8221; text_text_color=&#8221;#da9402&#8243; text_font_size=&#8221;16px&#8221; header_font=&#8221;||||||||&#8221; module_alignment=&#8221;center&#8221; custom_margin=&#8221;|0px||0px|false|false&#8221; custom_padding=&#8221;||||false|false&#8221; animation_direction=&#8221;left&#8221; global_colors_info=&#8221;{}&#8221;]<p><span style=\"color: #808080\">Nun stellt sich die Frage, wie Ma\u00dfnahmen, wie z.B. die Digitalisierung, dem Abbau von Importabh\u00e4ngigkeiten oder der Produktionsausbau von Software Defined Vehicles im Zuge einer Transformation gelingen sollen. Einerseits m\u00fcssen Mitarbeiter abgebaut, Werke verlagert oder gar ganze Standorte geschlossen und andererseits muss die Weiterentwicklung und damit der Einsatz von Fachkr\u00e4ften vorangetrieben werden.<\/span><\/p>\n<p><span style=\"color: #808080\">Diese Aufgaben scheinen auf den ersten Blick nicht miteinander vereinbar zu sein. Dennoch gibt es sowohl f\u00fcr OEMs als auch f\u00fcr die Zulieferfirmen diverse M\u00f6glichkeiten, diese Notwendigkeiten unter einen Hut zu bekommen.<\/span><\/p>\n<p style=\"text-align: center\"><strong>Das Zauberwort an dieser Stelle hei\u00dft Interim Management.<\/strong><\/p>\n<p><span style=\"color: #808080\">Interim Manager sind bestens ausgebildet und verf\u00fcgen \u00fcber die notwendige Erfahrung, um Restrukturierungsma\u00dfnahmen und Transformationsprozesse in Unternehmen schnell umzusetzen. Au\u00dferdem sind Interim Manager kurzfristig verf\u00fcgbar. Der Vorteil f\u00fcr die Chefetage der Organisationen liegt darin, dass die Interim Manager nur f\u00fcr einen gewissen Zeitraum im Unternehmen t\u00e4tig sind und z.B. Einsparungen an bestimmten Stellen im Unternehmen vorantreiben k\u00f6nnen. Ihr Fokus liegt darauf, sich innerhalb weniger Tage in die Thematik einzuarbeiten und mithilfe ihrer Erfahrung schnell in die Umsetzung zu gehen. Ferner entlasten sie interne Mitarbeiterinnen und Mitarbeiter, damit diese sich auf die aktuell wichtigen Aufgaben konzentrieren k\u00f6nnen.<\/span><\/p>\n<p><span style=\"color: #808080\">Zudem erg\u00e4nzen sie fehlendes Methoden- und Prozesswissen, das auch dann noch im Unternehmen verbleibt, wenn sie l\u00e4ngst wieder gegangen sind.<\/span><\/p>[\/et_pb_text][\/et_pb_column][\/et_pb_row][\/et_pb_section][et_pb_section fb_built=&#8221;1&#8243; _builder_version=&#8221;4.16&#8243; custom_margin=&#8221;0px||||false|false&#8221; custom_padding=&#8221;0px||||false|false&#8221; bottom_divider_color=&#8221;#d68804&#8243; locked=&#8221;off&#8221; global_colors_info=&#8221;{}&#8221;][et_pb_row _builder_version=&#8221;4.16&#8243; global_colors_info=&#8221;{}&#8221;][et_pb_column type=&#8221;4_4&#8243; _builder_version=&#8221;4.16&#8243; global_colors_info=&#8221;{}&#8221;][et_pb_text _builder_version=&#8221;4.25.0&#8243; header_2_font=&#8221;Montserrat||||||||&#8221; header_2_text_align=&#8221;center&#8221; header_2_text_color=&#8221;#002c3e&#8221; header_2_font_size=&#8221;23px&#8221; header_3_font=&#8221;Montserrat|700|||||||&#8221; header_3_text_align=&#8221;center&#8221; header_3_text_color=&#8221;#002c3e&#8221; custom_margin=&#8221;3%||0px||false|false&#8221; custom_padding=&#8221;||0px||false|false&#8221; animation_direction=&#8221;left&#8221; global_colors_info=&#8221;{}&#8221;]<h2 style=\"text-align: center\"><strong>Welche Ziele k\u00f6nnen mit Interim Management erreicht werden,<br \/>hier: e-Mobility? <\/strong><\/h2>[\/et_pb_text][\/et_pb_column][\/et_pb_row][et_pb_row admin_label=&#8221;Title Area&#8221; _builder_version=&#8221;4.16&#8243; background_color=&#8221;rgba(0,0,0,0)&#8221; module_alignment=&#8221;center&#8221; custom_margin=&#8221;0px|auto||752px|false|false&#8221; custom_padding=&#8221;0px|0px||0px|false|false&#8221; global_colors_info=&#8221;{}&#8221;][et_pb_column type=&#8221;4_4&#8243; _builder_version=&#8221;4.16&#8243; custom_padding=&#8221;|||&#8221; global_colors_info=&#8221;{}&#8221; custom_padding__hover=&#8221;|||&#8221;][et_pb_text _builder_version=&#8221;4.25.0&#8243; text_font=&#8221;||||||||&#8221; text_font_size=&#8221;16px&#8221; header_font=&#8221;||||||||&#8221; module_alignment=&#8221;center&#8221; custom_margin=&#8221;|0px|-81px|0px|false|false&#8221; custom_padding=&#8221;||||false|false&#8221; animation_direction=&#8221;left&#8221; global_colors_info=&#8221;{}&#8221;]<p>Aufgrund einiger Faktoren wird das Jahr 2024 kein gutes Jahr f\u00fcr die E-Mobilit\u00e4t in Deutschland. Zum einen hat Deutschland bereits im Dezember vergangenen Jahres die F\u00f6rderung von E-Autos gestrichen; hinzu kommen hohe Finanzierungskosten, steigende Verkaufspreise sowie die noch immer mangelhafte Ladeinfrastruktur. Dennoch bleibt das \u201eFit for 55\u201c-Paket der EU weiterhin bestehen. Den Unternehmen wird also nichts anderes \u00fcbrigbleiben, als weiterhin in den BEV-Markt zu investieren und dahingehend die Produktion zu restrukturieren. Die gro\u00dfe Frage dabei ist nur, welche Aktivit\u00e4ten dahin gehend noch im Inland stattfinden werden. Aufgrund von Personalmangel, der hohen Energiekosten, dem stetigen Wachstum der Personalkosten, Steuern und der B\u00fcrokratie wird der Standort Deutschland wirtschaftlich immer unattraktiver.<\/p>\n<p>\u201eBestehende\u201c Fertigungsanlagen f\u00fcr Verbrennermotoren werden komplett zum Erliegen kommen, w\u00e4hrend neue Anlagen f\u00fcr \u201egreen technologies\u201c eher im Ausland aufgebaut werden. Je nachdem, wo die neuen Fertigungsanlagen neu gebaut oder hin verlagert werden sollen, stellen sich den Unternehmen diverse Herausforderungen in den Weg. Jedoch gibt es viele Interim Manager, die sich genau auf den Aufbau oder den Umzug von ganzen Unternehmen auf internationaler Ebene spezialisiert haben und den Organisationen dahin gehend einen reibungslosen Ablauf erm\u00f6glichen.<br \/>Bis vor dem Krieg in der Ukraine herrschte ein regelrechter Trend, die Produktion nach Osteuropa zu verlagern. Diese Euphorie flacht nun immer weiter ab, wovon besonders L\u00e4nder, wie Mexiko, USA, Kanada und Indien profitieren d\u00fcrften.<\/p>\n<p>Dennoch sind es nicht nur neue oder verlagerte Produktionsanlagen, die im Zuge einer Umstrukturierung gemanagt werden m\u00fcssen. Auch innerhalb der Betriebe in Deutschland gibt es einiges zu tun, bei dem Interim Manager eine wichtige St\u00fctze sein k\u00f6nnen. Ob beim reibungslosem Carve-out oder bei der internen Neuaufstellung ganzer Organisationen aufgrund von Personalverlust sind Interim Manager eine hervorragende Hilfe.<\/p>\n<p>Mit einem sauber geplanten Einsatz von Interim Managern k\u00f6nnen Unternehmen derartige Vorhaben signifikant beschleunigen und deutlich effizienter gestalten.<\/p>\n<p>&nbsp;<\/p>\n<p>&nbsp;<\/p>[\/et_pb_text][\/et_pb_column][\/et_pb_row][et_pb_row _builder_version=&#8221;4.16&#8243; background_color=&#8221;rgba(0,0,0,0)&#8221; module_alignment=&#8221;center&#8221; custom_margin=&#8221;0px|auto||804px|false|false&#8221; custom_padding=&#8221;0px|0px||0px|false|false&#8221; global_colors_info=&#8221;{}&#8221;][et_pb_column type=&#8221;4_4&#8243; _builder_version=&#8221;4.16&#8243; global_colors_info=&#8221;{}&#8221;][et_pb_testimonial _builder_version=&#8221;4.25.0&#8243; body_font_size=&#8221;18px&#8221; animation_style=&#8221;slide&#8221; animation_direction=&#8221;right&#8221; global_colors_info=&#8221;{}&#8221;]<p style=\"text-align: center\"><em>All das fordert das gesamte Management, nicht nur auf der ersten Ebene, sondern im gesamten Unternehmen. <\/em><\/p>\n<p style=\"text-align: center\"><em>Wenn in solchen Situationen einmal ein verantwortlicher Manager -aus welchen Gr\u00fcnden auch immer- ausf\u00e4llt, hilft letztlich nur eines: ein leistungsf\u00e4higes <a href=\"https:\/\/www.eim.com\/de\/\">Interim Management<\/a> in Anspruch zu nehmen.<\/em><\/p>\n<p style=\"text-align: center\"><em>Dabei kommt es vornehmlich auf die Qualit\u00e4t des Managements, das zur Verf\u00fcgung steht, an und zugleich auf die Schnelligkeit, die weltweite Verf\u00fcgbarkeit des Personals und die Kompetenz einer Vermittlung.<\/em><\/p>\n<p style=\"text-align: center\"><em>Daf\u00fcr steht EIM Executive Interim Management GmbH. <\/em><\/p>[\/et_pb_testimonial][et_pb_text _builder_version=&#8221;4.25.1&#8243; text_font=&#8221;||||||||&#8221; text_font_size=&#8221;16px&#8221; header_font=&#8221;||||||||&#8221; module_alignment=&#8221;center&#8221; custom_margin=&#8221;|0px||0px|false|false&#8221; custom_padding=&#8221;||||false|false&#8221; animation_direction=&#8221;left&#8221; global_colors_info=&#8221;{}&#8221;]<h3><strong>Interim Management: Eine Chance f\u00fcr die deutsche Automobilindustrie in Zeiten des Wandels<\/strong><\/h3>\n<p>Die deutsche Automobilindustrie durchlebt zweifellos eine \u00c4ra des Umbruchs. Die wachsende Bedeutung der Elektromobilit\u00e4t, technologische Innovationen und sich ver\u00e4ndernde Marktanforderungen stellen die Branche vor immense Herausforderungen. Inmitten dieser turbulenten Zeiten er\u00f6ffnet Interim Management eine wertvolle Chance f\u00fcr Unternehmen, flexibel auf Ver\u00e4nderungen zu reagieren und gleichzeitig ihre Wettbewerbsf\u00e4higkeit zu st\u00e4rken.<\/p>\n<h3><strong>Flexibilit\u00e4t in unsicheren Zeiten<\/strong><\/h3>\n<p>Interim Manager sind Experten auf Zeit, die \u00fcber umfangreiche Erfahrung in der Automobilindustrie verf\u00fcgen. Sie k\u00f6nnen schnell in eine Organisation integriert werden, um spezifische Herausforderungen anzugehen und transformative Projekte zu leiten. In einer Zeit, in der die Geschwindigkeit der Anpassung entscheidend ist, erm\u00f6glicht Interim Management Unternehmen, schnell und flexibel auf neue Anforderungen zu reagieren, ohne langwierige Rekrutierungsprozesse durchlaufen zu m\u00fcssen.<\/p>\n<h3><strong>Expertise f\u00fcr eine erfolgreiche Transformation<\/strong><\/h3>\n<p>Die Automobilindustrie steht vor der Notwendigkeit, sich st\u00e4rker in Richtung Softwareunternehmen zu entwickeln und innovative Technologien zu integrieren. Interim Manager bringen nicht nur das erforderliche Fachwissen mit, um diese Herausforderungen anzugehen, sondern auch frische Perspektiven und Ideen. Ihre Erfahrung erm\u00f6glicht es ihnen, komplexe Probleme zu verstehen und effektive Strategien zur Bew\u00e4ltigung des Wandels zu entwickeln.<\/p>\n<h3><strong>Risikominderung und Effizienzsteigerung<\/strong><\/h3>\n<p>Durch die Nutzung von Interim Management k\u00f6nnen Unternehmen das Risiko von Fehlentscheidungen reduzieren und gleichzeitig ihre Ressourcen effizienter einsetzen. Da Interim Manager kurzfristige Vertr\u00e4ge abschlie\u00dfen, k\u00f6nnen Unternehmen ihre Leistung bewerten, bevor sie langfristige Engagements eingehen. Dies erm\u00f6glicht es ihnen, schnell auf Ver\u00e4nderungen zu reagieren und ihre Strategien entsprechend anzupassen.<\/p>\n<h3><strong>Eine Chance f\u00fcr Innovation und Wettbewerbsf\u00e4higkeit<\/strong><\/h3>\n<p>In Zeiten des Wandels sind Innovation und Ver\u00e4nderungsbereitschaft der Schl\u00fcssel zum langfristigen Erfolg. Interim Manager bringen nicht nur bew\u00e4hrte Methoden mit, sondern auch die Bereitschaft, neue Wege zu gehen und traditionelle Denkmuster herauszufordern. Durch ihre F\u00e4higkeit, schnell zu handeln und innovative L\u00f6sungen zu entwickeln, k\u00f6nnen sie Unternehmen dabei unterst\u00fctzen, sich von ihren Wettbewerbern abzuheben und neue Chancen zu nutzen.<\/p>\n<p>Insgesamt bietet <a href=\"https:\/\/www.eim.com\/de\/\">Interim Management<\/a> der deutschen Automobilindustrie eine einzigartige M\u00f6glichkeit, sich erfolgreich an die sich ver\u00e4ndernden Marktbedingungen anzupassen und gest\u00e4rkt aus dem Wandel hervorzugehen. Indem sie auf die Flexibilit\u00e4t, Expertise und Innovationskraft von Interim Managern setzen, k\u00f6nnen Unternehmen ihre Wettbewerbsf\u00e4higkeit st\u00e4rken und langfristigen Erfolg sicherstellen.<\/p>\n<p>Wenn Sie mehr \u00fcber Interim Management erfahren m\u00f6chten, <a href=\"https:\/\/www.eim.com\/de\/kontakt\/\">melden Sie sich bei uns<\/a>. Wir helfen Ihnen gerne weiter.<\/p>[\/et_pb_text][\/et_pb_column][\/et_pb_row][et_pb_row _builder_version=&#8221;4.25.0&#8243; _module_preset=&#8221;default&#8221; global_colors_info=&#8221;{}&#8221;][et_pb_column type=&#8221;4_4&#8243; _builder_version=&#8221;4.25.0&#8243; _module_preset=&#8221;default&#8221; global_colors_info=&#8221;{}&#8221;][et_pb_text _builder_version=&#8221;4.25.0&#8243; _module_preset=&#8221;default&#8221; text_font_size=&#8221;20px&#8221; global_colors_info=&#8221;{}&#8221;]<p><strong>Autoren des Artikels:<\/strong><\/p>[\/et_pb_text][\/et_pb_column][\/et_pb_row][et_pb_row column_structure=&#8221;1_3,1_3,1_3&#8243; _builder_version=&#8221;4.25.0&#8243; _module_preset=&#8221;default&#8221; custom_padding=&#8221;|204px||224px||&#8221; global_colors_info=&#8221;{}&#8221;][et_pb_column type=&#8221;1_3&#8243; _builder_version=&#8221;4.25.0&#8243; _module_preset=&#8221;default&#8221; global_colors_info=&#8221;{}&#8221;][et_pb_image src=&#8221;https:\/\/www.eim.com\/de\/wp-content\/uploads\/sites\/4\/2020\/08\/marcus_gerbershagen-portrait.jpg&#8221; alt=&#8221;Marcus Gerbershagen | EIM Partner&#8221; title_text=&#8221;Marcus Gerbershagen | EIM Partner&#8221; url=&#8221;https:\/\/www.eim.com\/de\/eim-team\/marcus-gerbershagen\/&#8221; url_new_window=&#8221;on&#8221; _builder_version=&#8221;4.25.0&#8243; _module_preset=&#8221;default&#8221; global_colors_info=&#8221;{}&#8221;][\/et_pb_image][et_pb_text _builder_version=&#8221;4.25.0&#8243; _module_preset=&#8221;default&#8221; text_font_size=&#8221;16px&#8221; text_line_height=&#8221;1.1em&#8221; global_colors_info=&#8221;{}&#8221;]<p><a href=\"https:\/\/www.eim.com\/de\/eim-team\/marcus-gerbershagen\/\" target=\"_blank\" rel=\"noopener\"><strong>Marcus Gerbershagen<\/strong><\/a><\/p>\n<p><a href=\"https:\/\/www.eim.com\/de\/eim-team\/marcus-gerbershagen\/\" target=\"_blank\" rel=\"noopener\">EIM Partner<\/a><\/p>[\/et_pb_text][\/et_pb_column][et_pb_column type=&#8221;1_3&#8243; _builder_version=&#8221;4.25.0&#8243; _module_preset=&#8221;default&#8221; global_colors_info=&#8221;{}&#8221;][\/et_pb_column][et_pb_column type=&#8221;1_3&#8243; _builder_version=&#8221;4.25.0&#8243; _module_preset=&#8221;default&#8221; global_colors_info=&#8221;{}&#8221;][et_pb_image src=&#8221;https:\/\/www.eim.com\/de\/wp-content\/uploads\/sites\/4\/2020\/05\/thomas_schneider-portrait.jpg&#8221; alt=&#8221;Dr. Thomas Schneider | EIM Partner&#8221; title_text=&#8221;Dr. Thomas Schneider&#8221; url=&#8221;https:\/\/www.eim.com\/de\/eim-team\/thomas-schneider\/&#8221; url_new_window=&#8221;on&#8221; _builder_version=&#8221;4.25.0&#8243; _module_preset=&#8221;default&#8221; global_colors_info=&#8221;{}&#8221;][\/et_pb_image][et_pb_text _builder_version=&#8221;4.25.0&#8243; _module_preset=&#8221;default&#8221; text_font_size=&#8221;16px&#8221; text_line_height=&#8221;1.1em&#8221; width=&#8221;100%&#8221; global_colors_info=&#8221;{}&#8221;]<p><a href=\"https:\/\/www.eim.com\/de\/eim-team\/thomas-schneider\/\" target=\"_blank\" rel=\"noopener\"><strong>Dr. Thomas Schneider<\/strong><\/a><\/p>\n<p><a href=\"https:\/\/www.eim.com\/de\/eim-team\/thomas-schneider\/\" target=\"_blank\" rel=\"noopener\">EIM Partner<\/a><\/p>[\/et_pb_text][\/et_pb_column][\/et_pb_row][et_pb_row _builder_version=&#8221;4.25.1&#8243; _module_preset=&#8221;default&#8221; global_colors_info=&#8221;{}&#8221;][et_pb_column type=&#8221;4_4&#8243; _builder_version=&#8221;4.25.1&#8243; _module_preset=&#8221;default&#8221; global_colors_info=&#8221;{}&#8221;][et_pb_text _builder_version=&#8221;4.25.1&#8243; _module_preset=&#8221;default&#8221; text_text_color=&#8221;#E09900&#8243; text_font_size=&#8221;16px&#8221; global_colors_info=&#8221;{}&#8221;]<h4><span>Internationale Case Studies<\/span><\/h4>\n<p><span style=\"color: #000000\">Unser<\/span> Cross-Border-Gesch\u00e4ft <span style=\"color: #000000\">ist eines der<\/span> <span style=\"color: #000000\">wesentlichen Unterscheidungsmerkmale gegen\u00fcber unseren Wettbewerbern. <\/span><strong>Dies ist eine einzigartige St\u00e4rke von EIM. <\/strong><\/p>[\/et_pb_text][\/et_pb_column][\/et_pb_row][et_pb_row _builder_version=&#8221;4.25.1&#8243; _module_preset=&#8221;default&#8221; global_colors_info=&#8221;{}&#8221;][et_pb_column type=&#8221;4_4&#8243; _builder_version=&#8221;4.25.1&#8243; _module_preset=&#8221;default&#8221; global_colors_info=&#8221;{}&#8221;][et_pb_accordion _builder_version=&#8221;4.25.1&#8243; _module_preset=&#8221;default&#8221; global_colors_info=&#8221;{}&#8221;][et_pb_accordion_item title=&#8221;EIM Argentinien&#8221; _builder_version=&#8221;4.25.1&#8243; _module_preset=&#8221;default&#8221; global_colors_info=&#8221;{}&#8221; open=&#8221;on&#8221;]<p><u>Unternehmen:<\/u><\/p>\n<p>Ein internationales Autoteileunternehmen, das in der Reifenindustrie f\u00fchrend ist, erwarb mehrere Fabriken, um seine Marktposition zu st\u00e4rken und seine Produktionskapazit\u00e4t zu erweitern. Eine dieser Fabriken befand sich in Mexiko.<\/p>\n<p><u>Aufgabe<\/u><\/p>\n<p>Herausforderung war die Integration und Optimierung der Lieferkette zu meistern. Daf\u00fcr wurde das Fachwissen im Bereich Supply Chain ben\u00f6tigt. Das Hauptziel dabei war es, die bestehenden Abl\u00e4ufe zu verbessern und die Organisation auf eine reibungslose und effiziente Integration vorzubereiten, sowohl in Bezug auf die Prozesse als auch auf das Personal.<\/p>\n<p><a href=\"https:\/\/www.eim.com\/ar\/casos-de-exito\/interim-supply-chain-manager-neumaticos\/\">Interim Supply Chain Manager para Industria de Neum\u00e1ticos &#8211; EIM Argentina<\/a><\/p>[\/et_pb_accordion_item][et_pb_accordion_item title=&#8221;EIM Italien&#8221; _builder_version=&#8221;4.25.1&#8243; _module_preset=&#8221;default&#8221; global_colors_info=&#8221;{}&#8221; open=&#8221;off&#8221;]<p><u>Unternehmen:<\/u><\/p>\n<p>Es handelt sich um einen gro\u00dfen internationalen Anbieter von Bremstechnologien und -komponenten\u00a0 f\u00fcr den Ersatzteil- und Erstausr\u00fcstermarkt aus Deutschland.<\/p>\n<p><u>Aufgabe<\/u><\/p>\n<p>Entwicklung einer Strategie zur Erschlie\u00dfung neuer M\u00e4rkte in Asien, sowohl auf nationaler als auch internationaler Ebene. Der Fokus lag auf der Analyse potenzieller Gesch\u00e4ftsfelder in Zusammenarbeit mit f\u00fchrenden Tier-1-Automobilzulieferern und Herstellern von Elektrofahrzeugen. Mit gezielter Marktforschung sowie strategischen Partnerschaften wurde die Grundlage f\u00fcr ein nachhaltiges Wachstum und innovative Gesch\u00e4ftsmodelle geschaffen.<\/p>[\/et_pb_accordion_item][et_pb_accordion_item title=&#8221;EIM Spanien&#8221; _builder_version=&#8221;4.25.1&#8243; _module_preset=&#8221;default&#8221; global_colors_info=&#8221;{}&#8221; open=&#8221;off&#8221;]<p><u>Unternehmen:<\/u><\/p>\n<p>Ein internationales Unternehmen, dessen Schwerpunkt auf der Herstellung von Zutrittskomponenten liegt, erwarb \u00fcber seine spanische Niederlassung eine Industriegruppe in Portugal und begann mit der Integration aller Prozesse, um eine iberische Einheit zu schaffen, die Teil der EMEIA-Struktur des genannten multinationalen Unternehmens ist.<\/p>\n<p><u>Aufgabe:<\/u><\/p>\n<p>Im Zuge dieser komplexen internationalen Integration hat sich EIM Spanien darauf konzentriert, kurzfristig einen erfahrenen Interim Manager zur Erfassung der Hauptprozesse (Einkauf, Logistik, Kundendienst) einzusetzen und Verbesserungen sowie Aktionspl\u00e4ne zur Standardisierung der Prozesse auf iberischer Ebene vorzuschlagen.<\/p>[\/et_pb_accordion_item][et_pb_accordion_item title=&#8221;EIM Gruppen Unternehmen&#8221; open=&#8221;off&#8221; _builder_version=&#8221;4.25.1&#8243; _module_preset=&#8221;default&#8221; global_colors_info=&#8221;{}&#8221;]<p>Management Angels &#8211; <a href=\"https:\/\/www.managementangels.com\/erfolgsgeschichten\/\">Erfolgsgeschichten &#8211; Management Angels<\/a><\/p>\n<p>GroNova &#8211; <a href=\"https:\/\/www.gronova.com\/de\/mehrwert\">https:\/\/www.gronova.com\/de\/mehrwert<\/a><\/p>[\/et_pb_accordion_item][\/et_pb_accordion][\/et_pb_column][\/et_pb_row][et_pb_row module_id=&#8221;beratung&#8221; _builder_version=&#8221;4.16&#8243; animation_style=&#8221;zoom&#8221; saved_tabs=&#8221;all&#8221; global_colors_info=&#8221;{}&#8221;][et_pb_column type=&#8221;4_4&#8243; _builder_version=&#8221;4.16&#8243; global_colors_info=&#8221;{}&#8221;][et_pb_text _builder_version=&#8221;4.25.0&#8243; header_text_color=&#8221;#002c3e&#8221; header_2_font=&#8221;Montserrat||||||||&#8221; header_2_text_color=&#8221;#002c3e&#8221; custom_margin=&#8221;5%||1%||false|false&#8221; global_colors_info=&#8221;{}&#8221;]<h2 style=\"text-align: center\">Reservieren Sie jetzt Ihren Beratungstermin\n&#8211; 100% unverbindlich<\/h2>[\/et_pb_text][et_pb_text _builder_version=&#8221;4.25.0&#8243; global_colors_info=&#8221;{}&#8221;]<p style=\"text-align: center\"><em>Erfahrene EIM Partner analysieren Ihre Situation, beantworten Ihre Fragen und entwerfen individuelle L\u00f6sungen f\u00fcr Sie<\/em><\/p>[\/et_pb_text][et_pb_code _builder_version=&#8221;4.25.0&#8243; max_width=&#8221;760px&#8221; module_alignment=&#8221;center&#8221; global_colors_info=&#8221;{}&#8221;]<div class=\"wpforms-container wpforms-container-full\" id=\"wpforms-13805\"><form id=\"wpforms-form-13805\" class=\"wpforms-validate wpforms-form\" data-formid=\"13805\" method=\"post\" enctype=\"multipart\/form-data\" action=\"\/de\/wp-json\/wp\/v2\/posts\/13768\" data-token=\"82fbf05e535e4b377079c8aa872e8b64\" data-token-time=\"1777798853\"><noscript class=\"wpforms-error-noscript\">Bitte aktivieren Sie JavaScript in Ihrem Browser, um dieses Formular fertigzustellen.<\/noscript><div class=\"wpforms-field-container\"><div id=\"wpforms-13805-field_3-container\" class=\"wpforms-field wpforms-field-text\" data-field-id=\"3\"><label class=\"wpforms-field-label\" for=\"wpforms-13805-field_3\">Name <span class=\"wpforms-required-label\">*<\/span><\/label><input type=\"text\" id=\"wpforms-13805-field_3\" class=\"wpforms-field-large wpforms-field-required\" name=\"wpforms[fields][3]\" required><\/div><div id=\"wpforms-13805-field_1-container\" class=\"wpforms-field wpforms-field-email\" data-field-id=\"1\"><label class=\"wpforms-field-label\" for=\"wpforms-13805-field_1\">E-Mail-Adresse <span class=\"wpforms-required-label\">*<\/span><\/label><input type=\"email\" id=\"wpforms-13805-field_1\" class=\"wpforms-field-large wpforms-field-required\" name=\"wpforms[fields][1]\" spellcheck=\"false\" required><\/div><div id=\"wpforms-13805-field_7-container\" class=\"wpforms-field wpforms-field-phone\" data-field-id=\"7\"><label class=\"wpforms-field-label\" for=\"wpforms-13805-field_7\">Telefonnummer<\/label><input type=\"tel\" id=\"wpforms-13805-field_7\" class=\"wpforms-field-large\" data-rule-int-phone-field=\"true\" name=\"wpforms[fields][7]\" aria-label=\"Telefonnummer\" ><\/div><div id=\"wpforms-13805-field_13-container\" class=\"wpforms-field wpforms-field-textarea\" data-field-id=\"13\"><label class=\"wpforms-field-label\" for=\"wpforms-13805-field_13\">Optional: Wann erreichen wir Sie am besten?<\/label><textarea id=\"wpforms-13805-field_13\" class=\"wpforms-field-small\" name=\"wpforms[fields][13]\" ><\/textarea><\/div><div id=\"wpforms-13805-field_10-container\" class=\"wpforms-field wpforms-field-payment-checkbox\" data-field-id=\"10\"><label class=\"wpforms-field-label\">Einverst\u00e4ndniserkl\u00e4rung zur Speicherung und Verarbeitung personenbezogener Daten (Pflichtfeld) <span class=\"wpforms-required-label\">*<\/span><\/label><ul id=\"wpforms-13805-field_10\" class=\"wpforms-field-required\"><li class=\"choice-3\"><input type=\"checkbox\" id=\"wpforms-13805-field_10_3\" class=\"wpforms-payment-price\" data-amount=\"50.00\" name=\"wpforms[fields][10][]\" value=\"3\" required ><label class=\"wpforms-field-label-inline\" for=\"wpforms-13805-field_10_3\">Ich stimme der Verarbeitung von Daten zu<\/label><\/li><\/ul><\/div><\/div><!-- .wpforms-field-container --><div class=\"wpforms-field wpforms-field-hp\"><label for=\"wpforms-13805-field-hp\" class=\"wpforms-field-label\">Phone<\/label><input type=\"text\" name=\"wpforms[hp]\" id=\"wpforms-13805-field-hp\" class=\"wpforms-field-medium\"><\/div><div class=\"wpforms-submit-container\" ><input type=\"hidden\" name=\"wpforms[id]\" value=\"13805\"><input type=\"hidden\" name=\"page_title\" value=\"\"><input type=\"hidden\" name=\"page_url\" value=\"https:\/\/www.eim.com\/de\/wp-json\/wp\/v2\/posts\/13768\"><input type=\"hidden\" name=\"url_referer\" value=\"\"><button type=\"submit\" name=\"wpforms[submit]\" id=\"wpforms-submit-13805\" class=\"wpforms-submit cu-submit-button\" data-alt-text=\"...\" data-submit-text=\"BERATUNGSTERMIN SICHERN\" aria-live=\"assertive\" value=\"wpforms-submit\">BERATUNGSTERMIN SICHERN<\/button><\/div><\/form><\/div>  <!-- .wpforms-container -->[\/et_pb_code][et_pb_text _builder_version=&#8221;4.25.0&#8243; _module_preset=&#8221;default&#8221; text_font_size=&#8221;12px&#8221; min_height=&#8221;44.4px&#8221; custom_padding=&#8221;2px|168px||133px||&#8221; global_colors_info=&#8221;{}&#8221;]<p>Mit der Anmeldung erkl\u00e4ren Sie sich mit der Verarbeitung Ihrer pers\u00f6nlichen Daten durch EIM gem\u00e4\u00df unserer\u00a0<a href=\"\/de\/privacy-policy\/\" target=\"_blank\" rel=\"noopener noreferrer\">Policy<\/a> einverstanden. Sie k\u00f6nnen sich jederzeit wieder mit nur einem Klick abmelden.<\/p>[\/et_pb_text][\/et_pb_column][\/et_pb_row][\/et_pb_section][et_pb_section fb_built=&#8221;1&#8243; _builder_version=&#8221;4.16&#8243; background_color=&#8221;#DB9300&#8243; custom_margin=&#8221;||||false|false&#8221; custom_padding=&#8221;100px||||false|false&#8221; top_divider_style=&#8221;slant&#8221; top_divider_color=&#8221;#ffffff&#8221; bottom_divider_color=&#8221;#ffffff&#8221; bottom_divider_flip=&#8221;horizontal&#8221; global_colors_info=&#8221;{}&#8221;][et_pb_row _builder_version=&#8221;4.16&#8243; max_width=&#8221;800px&#8221; module_alignment=&#8221;center&#8221; custom_margin=&#8221;80px||40px||false|false&#8221; custom_padding=&#8221;0px||||false|false&#8221; global_colors_info=&#8221;{}&#8221;][et_pb_column type=&#8221;4_4&#8243; _builder_version=&#8221;4.16&#8243; global_colors_info=&#8221;{}&#8221;][et_pb_text _builder_version=&#8221;4.16&#8243; custom_margin=&#8221;||20px||false|false&#8221; global_colors_info=&#8221;{}&#8221;]<p style=\"text-align: center\"><span style=\"color: #ffffff\"><strong>Erfahrene EIM Partner beantworten Ihre Fragen<\/strong><br \/> <\/span><\/p>[\/et_pb_text][et_pb_button button_url=&#8221;#beratung&#8221; button_text=&#8221;FREIE BERATUNG&#8221; button_alignment=&#8221;center&#8221; _builder_version=&#8221;4.16&#8243; custom_button=&#8221;on&#8221; button_icon=&#8221;&#xe065;||divi||400&#8243; button_on_hover=&#8221;off&#8221; background_layout=&#8221;dark&#8221; global_colors_info=&#8221;{}&#8221;][\/et_pb_button][\/et_pb_column][\/et_pb_row][\/et_pb_section]\n","protected":false},"excerpt":{"rendered":"<p>Innovation sind in Zeiten des Wandels der Schl\u00fcssel f\u00fcr langfristigen Erfolg und helfen, sich in einem dynamischen Markt zu behaupten.<\/p>\n","protected":false},"author":931,"featured_media":14618,"comment_status":"closed","ping_status":"closed","sticky":false,"template":"","format":"standard","meta":{"_et_pb_use_builder":"on","_et_pb_old_content":"","_et_gb_content_width":"","footnotes":""},"categories":[1096],"tags":[],"class_list":["post-13768","post","type-post","status-publish","format-standard","has-post-thumbnail","hentry","category-blog"],"yoast_head":"<!-- This site is optimized with the Yoast SEO Premium plugin v27.5 (Yoast SEO v27.5) - https:\/\/yoast.com\/product\/yoast-seo-premium-wordpress\/ -->\n<title>Automobilindustrie \u2013 Chancen in unsicheren Zeiten &amp; Krisen<\/title>\n<meta name=\"description\" content=\"Die deutsche Automobilindustrie in unsicheren Zeiten - Eine Chance f\u00fcr Innovation und Wettbewerbsf\u00e4higkeit dank Interim Management.\" \/>\n<meta name=\"robots\" content=\"index, follow, max-snippet:-1, max-image-preview:large, max-video-preview:-1\" \/>\n<link rel=\"canonical\" href=\"https:\/\/www.eim.com\/de\/blog\/die-deutsche-automobilindustrie-chancen-in-unsicheren-zeiten\/\" \/>\n<meta property=\"og:locale\" content=\"de_DE\" \/>\n<meta property=\"og:type\" content=\"article\" \/>\n<meta property=\"og:title\" content=\"Chancen f\u00fcr die deutsche Automobilindustrie\" \/>\n<meta property=\"og:description\" content=\"Innovation sind in Zeiten des Wandels der Schl\u00fcssel f\u00fcr langfristigen Erfolg und helfen, sich in einem dynamischen Markt zu behaupten.\" \/>\n<meta property=\"og:url\" content=\"https:\/\/www.eim.com\/de\/blog\/die-deutsche-automobilindustrie-chancen-in-unsicheren-zeiten\/\" \/>\n<meta property=\"og:site_name\" content=\"EIM Germany - Executive Interim Management\" \/>\n<meta property=\"article:published_time\" content=\"2024-05-07T07:16:38+00:00\" \/>\n<meta property=\"article:modified_time\" content=\"2025-11-13T13:38:00+00:00\" \/>\n<meta property=\"og:image\" content=\"https:\/\/www.eim.com\/de\/wp-content\/uploads\/sites\/4\/2024\/05\/Teaser_Automotive.jpg\" \/>\n\t<meta property=\"og:image:width\" content=\"1600\" \/>\n\t<meta property=\"og:image:height\" content=\"1080\" \/>\n\t<meta property=\"og:image:type\" content=\"image\/jpeg\" \/>\n<meta name=\"author\" content=\"sleopold\" \/>\n<meta name=\"twitter:card\" content=\"summary_large_image\" \/>\n<meta name=\"twitter:label1\" content=\"Geschrieben von\" \/>\n\t<meta name=\"twitter:data1\" content=\"sleopold\" \/>\n\t<meta name=\"twitter:label2\" content=\"Gesch\u00e4tzte Lesezeit\" \/>\n\t<meta name=\"twitter:data2\" content=\"14 Minuten\" \/>\n<script type=\"application\/ld+json\" class=\"yoast-schema-graph\">{\"@context\":\"https:\\\/\\\/schema.org\",\"@graph\":[{\"@type\":\"Article\",\"@id\":\"https:\\\/\\\/www.eim.com\\\/de\\\/blog\\\/die-deutsche-automobilindustrie-chancen-in-unsicheren-zeiten\\\/#article\",\"isPartOf\":{\"@id\":\"https:\\\/\\\/www.eim.com\\\/de\\\/blog\\\/die-deutsche-automobilindustrie-chancen-in-unsicheren-zeiten\\\/\"},\"author\":{\"name\":\"sleopold\",\"@id\":\"https:\\\/\\\/www.eim.com\\\/de\\\/#\\\/schema\\\/person\\\/910b62d8bdd76af2186004b48959cd70\"},\"headline\":\"Chancen f\u00fcr die deutsche Automobilindustrie\",\"datePublished\":\"2024-05-07T07:16:38+00:00\",\"dateModified\":\"2025-11-13T13:38:00+00:00\",\"mainEntityOfPage\":{\"@id\":\"https:\\\/\\\/www.eim.com\\\/de\\\/blog\\\/die-deutsche-automobilindustrie-chancen-in-unsicheren-zeiten\\\/\"},\"wordCount\":4549,\"publisher\":{\"@id\":\"https:\\\/\\\/www.eim.com\\\/de\\\/#organization\"},\"image\":{\"@id\":\"https:\\\/\\\/www.eim.com\\\/de\\\/blog\\\/die-deutsche-automobilindustrie-chancen-in-unsicheren-zeiten\\\/#primaryimage\"},\"thumbnailUrl\":\"https:\\\/\\\/www.eim.com\\\/de\\\/wp-content\\\/uploads\\\/sites\\\/4\\\/2024\\\/05\\\/Teaser_Automotive.jpg\",\"articleSection\":[\"Blog\"],\"inLanguage\":\"de-DE\"},{\"@type\":\"WebPage\",\"@id\":\"https:\\\/\\\/www.eim.com\\\/de\\\/blog\\\/die-deutsche-automobilindustrie-chancen-in-unsicheren-zeiten\\\/\",\"url\":\"https:\\\/\\\/www.eim.com\\\/de\\\/blog\\\/die-deutsche-automobilindustrie-chancen-in-unsicheren-zeiten\\\/\",\"name\":\"Automobilindustrie \u2013 Chancen in unsicheren Zeiten & Krisen\",\"isPartOf\":{\"@id\":\"https:\\\/\\\/www.eim.com\\\/de\\\/#website\"},\"primaryImageOfPage\":{\"@id\":\"https:\\\/\\\/www.eim.com\\\/de\\\/blog\\\/die-deutsche-automobilindustrie-chancen-in-unsicheren-zeiten\\\/#primaryimage\"},\"image\":{\"@id\":\"https:\\\/\\\/www.eim.com\\\/de\\\/blog\\\/die-deutsche-automobilindustrie-chancen-in-unsicheren-zeiten\\\/#primaryimage\"},\"thumbnailUrl\":\"https:\\\/\\\/www.eim.com\\\/de\\\/wp-content\\\/uploads\\\/sites\\\/4\\\/2024\\\/05\\\/Teaser_Automotive.jpg\",\"datePublished\":\"2024-05-07T07:16:38+00:00\",\"dateModified\":\"2025-11-13T13:38:00+00:00\",\"description\":\"Die deutsche Automobilindustrie in unsicheren Zeiten - Eine Chance f\u00fcr Innovation und Wettbewerbsf\u00e4higkeit dank Interim Management.\",\"breadcrumb\":{\"@id\":\"https:\\\/\\\/www.eim.com\\\/de\\\/blog\\\/die-deutsche-automobilindustrie-chancen-in-unsicheren-zeiten\\\/#breadcrumb\"},\"inLanguage\":\"de-DE\",\"potentialAction\":[{\"@type\":\"ReadAction\",\"target\":[\"https:\\\/\\\/www.eim.com\\\/de\\\/blog\\\/die-deutsche-automobilindustrie-chancen-in-unsicheren-zeiten\\\/\"]}]},{\"@type\":\"ImageObject\",\"inLanguage\":\"de-DE\",\"@id\":\"https:\\\/\\\/www.eim.com\\\/de\\\/blog\\\/die-deutsche-automobilindustrie-chancen-in-unsicheren-zeiten\\\/#primaryimage\",\"url\":\"https:\\\/\\\/www.eim.com\\\/de\\\/wp-content\\\/uploads\\\/sites\\\/4\\\/2024\\\/05\\\/Teaser_Automotive.jpg\",\"contentUrl\":\"https:\\\/\\\/www.eim.com\\\/de\\\/wp-content\\\/uploads\\\/sites\\\/4\\\/2024\\\/05\\\/Teaser_Automotive.jpg\",\"width\":1600,\"height\":1080},{\"@type\":\"BreadcrumbList\",\"@id\":\"https:\\\/\\\/www.eim.com\\\/de\\\/blog\\\/die-deutsche-automobilindustrie-chancen-in-unsicheren-zeiten\\\/#breadcrumb\",\"itemListElement\":[{\"@type\":\"ListItem\",\"position\":1,\"name\":\"Home\",\"item\":\"https:\\\/\\\/www.eim.com\\\/de\\\/\"},{\"@type\":\"ListItem\",\"position\":2,\"name\":\"Chancen f\u00fcr die deutsche Automobilindustrie\"}]},{\"@type\":\"WebSite\",\"@id\":\"https:\\\/\\\/www.eim.com\\\/de\\\/#website\",\"url\":\"https:\\\/\\\/www.eim.com\\\/de\\\/\",\"name\":\"EIM Germany - Executive Interim Management\",\"description\":\"EIM delivers business breakthrough differently. Wir stellen erfahrene Interim Manager aus unserem eigenen aktiven Netzwerk bereit.\",\"publisher\":{\"@id\":\"https:\\\/\\\/www.eim.com\\\/de\\\/#organization\"},\"potentialAction\":[{\"@type\":\"SearchAction\",\"target\":{\"@type\":\"EntryPoint\",\"urlTemplate\":\"https:\\\/\\\/www.eim.com\\\/de\\\/?s={search_term_string}\"},\"query-input\":{\"@type\":\"PropertyValueSpecification\",\"valueRequired\":true,\"valueName\":\"search_term_string\"}}],\"inLanguage\":\"de-DE\"},{\"@type\":\"Organization\",\"@id\":\"https:\\\/\\\/www.eim.com\\\/de\\\/#organization\",\"name\":\"EIM Executive Interim Management GmbH\",\"url\":\"https:\\\/\\\/www.eim.com\\\/de\\\/\",\"logo\":{\"@type\":\"ImageObject\",\"inLanguage\":\"de-DE\",\"@id\":\"https:\\\/\\\/www.eim.com\\\/de\\\/#\\\/schema\\\/logo\\\/image\\\/\",\"url\":\"https:\\\/\\\/www.eim.com\\\/de\\\/wp-content\\\/uploads\\\/sites\\\/4\\\/2020\\\/08\\\/positive.png\",\"contentUrl\":\"https:\\\/\\\/www.eim.com\\\/de\\\/wp-content\\\/uploads\\\/sites\\\/4\\\/2020\\\/08\\\/positive.png\",\"width\":1423,\"height\":442,\"caption\":\"EIM Executive Interim Management GmbH\"},\"image\":{\"@id\":\"https:\\\/\\\/www.eim.com\\\/de\\\/#\\\/schema\\\/logo\\\/image\\\/\"},\"sameAs\":[\"https:\\\/\\\/www.linkedin.com\\\/company\\\/eim-germany\\\/\",\"https:\\\/\\\/www.youtube.com\\\/channel\\\/UCi7F99x-c2m83TfJPosKFcg\"]},{\"@type\":\"Person\",\"@id\":\"https:\\\/\\\/www.eim.com\\\/de\\\/#\\\/schema\\\/person\\\/910b62d8bdd76af2186004b48959cd70\",\"name\":\"sleopold\",\"image\":{\"@type\":\"ImageObject\",\"inLanguage\":\"de-DE\",\"@id\":\"https:\\\/\\\/secure.gravatar.com\\\/avatar\\\/eead58c476928d6a8759c80b155231eddf03bc2e25bf3e93e7799c498267e235?s=96&d=mm&r=g\",\"url\":\"https:\\\/\\\/secure.gravatar.com\\\/avatar\\\/eead58c476928d6a8759c80b155231eddf03bc2e25bf3e93e7799c498267e235?s=96&d=mm&r=g\",\"contentUrl\":\"https:\\\/\\\/secure.gravatar.com\\\/avatar\\\/eead58c476928d6a8759c80b155231eddf03bc2e25bf3e93e7799c498267e235?s=96&d=mm&r=g\",\"caption\":\"sleopold\"}}]}<\/script>\n<!-- \/ Yoast SEO Premium plugin. -->","yoast_head_json":{"title":"Automobilindustrie \u2013 Chancen in unsicheren Zeiten & Krisen","description":"Die deutsche Automobilindustrie in unsicheren Zeiten - Eine Chance f\u00fcr Innovation und Wettbewerbsf\u00e4higkeit dank Interim Management.","robots":{"index":"index","follow":"follow","max-snippet":"max-snippet:-1","max-image-preview":"max-image-preview:large","max-video-preview":"max-video-preview:-1"},"canonical":"https:\/\/www.eim.com\/de\/blog\/die-deutsche-automobilindustrie-chancen-in-unsicheren-zeiten\/","og_locale":"de_DE","og_type":"article","og_title":"Chancen f\u00fcr die deutsche Automobilindustrie","og_description":"Innovation sind in Zeiten des Wandels der Schl\u00fcssel f\u00fcr langfristigen Erfolg und helfen, sich in einem dynamischen Markt zu behaupten.","og_url":"https:\/\/www.eim.com\/de\/blog\/die-deutsche-automobilindustrie-chancen-in-unsicheren-zeiten\/","og_site_name":"EIM Germany - Executive Interim Management","article_published_time":"2024-05-07T07:16:38+00:00","article_modified_time":"2025-11-13T13:38:00+00:00","og_image":[{"width":1600,"height":1080,"url":"https:\/\/www.eim.com\/de\/wp-content\/uploads\/sites\/4\/2024\/05\/Teaser_Automotive.jpg","type":"image\/jpeg"}],"author":"sleopold","twitter_card":"summary_large_image","twitter_misc":{"Geschrieben von":"sleopold","Gesch\u00e4tzte Lesezeit":"14 Minuten"},"schema":{"@context":"https:\/\/schema.org","@graph":[{"@type":"Article","@id":"https:\/\/www.eim.com\/de\/blog\/die-deutsche-automobilindustrie-chancen-in-unsicheren-zeiten\/#article","isPartOf":{"@id":"https:\/\/www.eim.com\/de\/blog\/die-deutsche-automobilindustrie-chancen-in-unsicheren-zeiten\/"},"author":{"name":"sleopold","@id":"https:\/\/www.eim.com\/de\/#\/schema\/person\/910b62d8bdd76af2186004b48959cd70"},"headline":"Chancen f\u00fcr die deutsche Automobilindustrie","datePublished":"2024-05-07T07:16:38+00:00","dateModified":"2025-11-13T13:38:00+00:00","mainEntityOfPage":{"@id":"https:\/\/www.eim.com\/de\/blog\/die-deutsche-automobilindustrie-chancen-in-unsicheren-zeiten\/"},"wordCount":4549,"publisher":{"@id":"https:\/\/www.eim.com\/de\/#organization"},"image":{"@id":"https:\/\/www.eim.com\/de\/blog\/die-deutsche-automobilindustrie-chancen-in-unsicheren-zeiten\/#primaryimage"},"thumbnailUrl":"https:\/\/www.eim.com\/de\/wp-content\/uploads\/sites\/4\/2024\/05\/Teaser_Automotive.jpg","articleSection":["Blog"],"inLanguage":"de-DE"},{"@type":"WebPage","@id":"https:\/\/www.eim.com\/de\/blog\/die-deutsche-automobilindustrie-chancen-in-unsicheren-zeiten\/","url":"https:\/\/www.eim.com\/de\/blog\/die-deutsche-automobilindustrie-chancen-in-unsicheren-zeiten\/","name":"Automobilindustrie \u2013 Chancen in unsicheren Zeiten & Krisen","isPartOf":{"@id":"https:\/\/www.eim.com\/de\/#website"},"primaryImageOfPage":{"@id":"https:\/\/www.eim.com\/de\/blog\/die-deutsche-automobilindustrie-chancen-in-unsicheren-zeiten\/#primaryimage"},"image":{"@id":"https:\/\/www.eim.com\/de\/blog\/die-deutsche-automobilindustrie-chancen-in-unsicheren-zeiten\/#primaryimage"},"thumbnailUrl":"https:\/\/www.eim.com\/de\/wp-content\/uploads\/sites\/4\/2024\/05\/Teaser_Automotive.jpg","datePublished":"2024-05-07T07:16:38+00:00","dateModified":"2025-11-13T13:38:00+00:00","description":"Die deutsche Automobilindustrie in unsicheren Zeiten - Eine Chance f\u00fcr Innovation und Wettbewerbsf\u00e4higkeit dank Interim Management.","breadcrumb":{"@id":"https:\/\/www.eim.com\/de\/blog\/die-deutsche-automobilindustrie-chancen-in-unsicheren-zeiten\/#breadcrumb"},"inLanguage":"de-DE","potentialAction":[{"@type":"ReadAction","target":["https:\/\/www.eim.com\/de\/blog\/die-deutsche-automobilindustrie-chancen-in-unsicheren-zeiten\/"]}]},{"@type":"ImageObject","inLanguage":"de-DE","@id":"https:\/\/www.eim.com\/de\/blog\/die-deutsche-automobilindustrie-chancen-in-unsicheren-zeiten\/#primaryimage","url":"https:\/\/www.eim.com\/de\/wp-content\/uploads\/sites\/4\/2024\/05\/Teaser_Automotive.jpg","contentUrl":"https:\/\/www.eim.com\/de\/wp-content\/uploads\/sites\/4\/2024\/05\/Teaser_Automotive.jpg","width":1600,"height":1080},{"@type":"BreadcrumbList","@id":"https:\/\/www.eim.com\/de\/blog\/die-deutsche-automobilindustrie-chancen-in-unsicheren-zeiten\/#breadcrumb","itemListElement":[{"@type":"ListItem","position":1,"name":"Home","item":"https:\/\/www.eim.com\/de\/"},{"@type":"ListItem","position":2,"name":"Chancen f\u00fcr die deutsche Automobilindustrie"}]},{"@type":"WebSite","@id":"https:\/\/www.eim.com\/de\/#website","url":"https:\/\/www.eim.com\/de\/","name":"EIM Germany - Executive Interim Management","description":"EIM delivers business breakthrough differently. Wir stellen erfahrene Interim Manager aus unserem eigenen aktiven Netzwerk bereit.","publisher":{"@id":"https:\/\/www.eim.com\/de\/#organization"},"potentialAction":[{"@type":"SearchAction","target":{"@type":"EntryPoint","urlTemplate":"https:\/\/www.eim.com\/de\/?s={search_term_string}"},"query-input":{"@type":"PropertyValueSpecification","valueRequired":true,"valueName":"search_term_string"}}],"inLanguage":"de-DE"},{"@type":"Organization","@id":"https:\/\/www.eim.com\/de\/#organization","name":"EIM Executive Interim Management GmbH","url":"https:\/\/www.eim.com\/de\/","logo":{"@type":"ImageObject","inLanguage":"de-DE","@id":"https:\/\/www.eim.com\/de\/#\/schema\/logo\/image\/","url":"https:\/\/www.eim.com\/de\/wp-content\/uploads\/sites\/4\/2020\/08\/positive.png","contentUrl":"https:\/\/www.eim.com\/de\/wp-content\/uploads\/sites\/4\/2020\/08\/positive.png","width":1423,"height":442,"caption":"EIM Executive Interim Management GmbH"},"image":{"@id":"https:\/\/www.eim.com\/de\/#\/schema\/logo\/image\/"},"sameAs":["https:\/\/www.linkedin.com\/company\/eim-germany\/","https:\/\/www.youtube.com\/channel\/UCi7F99x-c2m83TfJPosKFcg"]},{"@type":"Person","@id":"https:\/\/www.eim.com\/de\/#\/schema\/person\/910b62d8bdd76af2186004b48959cd70","name":"sleopold","image":{"@type":"ImageObject","inLanguage":"de-DE","@id":"https:\/\/secure.gravatar.com\/avatar\/eead58c476928d6a8759c80b155231eddf03bc2e25bf3e93e7799c498267e235?s=96&d=mm&r=g","url":"https:\/\/secure.gravatar.com\/avatar\/eead58c476928d6a8759c80b155231eddf03bc2e25bf3e93e7799c498267e235?s=96&d=mm&r=g","contentUrl":"https:\/\/secure.gravatar.com\/avatar\/eead58c476928d6a8759c80b155231eddf03bc2e25bf3e93e7799c498267e235?s=96&d=mm&r=g","caption":"sleopold"}}]}},"_links":{"self":[{"href":"https:\/\/www.eim.com\/de\/wp-json\/wp\/v2\/posts\/13768","targetHints":{"allow":["GET"]}}],"collection":[{"href":"https:\/\/www.eim.com\/de\/wp-json\/wp\/v2\/posts"}],"about":[{"href":"https:\/\/www.eim.com\/de\/wp-json\/wp\/v2\/types\/post"}],"author":[{"embeddable":true,"href":"https:\/\/www.eim.com\/de\/wp-json\/wp\/v2\/users\/931"}],"replies":[{"embeddable":true,"href":"https:\/\/www.eim.com\/de\/wp-json\/wp\/v2\/comments?post=13768"}],"version-history":[{"count":0,"href":"https:\/\/www.eim.com\/de\/wp-json\/wp\/v2\/posts\/13768\/revisions"}],"wp:featuredmedia":[{"embeddable":true,"href":"https:\/\/www.eim.com\/de\/wp-json\/wp\/v2\/media\/14618"}],"wp:attachment":[{"href":"https:\/\/www.eim.com\/de\/wp-json\/wp\/v2\/media?parent=13768"}],"wp:term":[{"taxonomy":"category","embeddable":true,"href":"https:\/\/www.eim.com\/de\/wp-json\/wp\/v2\/categories?post=13768"},{"taxonomy":"post_tag","embeddable":true,"href":"https:\/\/www.eim.com\/de\/wp-json\/wp\/v2\/tags?post=13768"}],"curies":[{"name":"wp","href":"https:\/\/api.w.org\/{rel}","templated":true}]}}