{"id":13010,"date":"2023-09-19T08:31:38","date_gmt":"2023-09-19T06:31:38","guid":{"rendered":"https:\/\/www.eim.com\/de\/?p=13010"},"modified":"2026-01-20T08:49:20","modified_gmt":"2026-01-20T07:49:20","slug":"vollstaendige-uebernahme-der-magnalia","status":"publish","type":"post","link":"https:\/\/www.eim.com\/de\/presse\/vollstaendige-uebernahme-der-magnalia\/","title":{"rendered":"Magnalia wird Teil von EIM"},"content":{"rendered":"\n[et_pb_section fb_built=&#8221;1&#8243; admin_label=&#8221;Hero Section&#8221; _builder_version=&#8221;4.22.1&#8243; use_background_color_gradient=&#8221;on&#8221; background_color_gradient_stops=&#8221;rgba(117,93,21,0.28) 0%|rgba(0,53,84,0.4) 100%&#8221; background_color_gradient_overlays_image=&#8221;on&#8221; background_color_gradient_start=&#8221;rgba(117,93,21,0.28)&#8221; background_color_gradient_end=&#8221;rgba(0,53,84,0.4)&#8221; background_image=&#8221;https:\/\/www.eim.com\/de\/wp-content\/uploads\/sites\/4\/2019\/10\/LAVORA-CON-Noi-1.jpeg&#8221; height=&#8221;520px&#8221; custom_padding=&#8221;6%||0%|||&#8221; bottom_divider_style=&#8221;slant&#8221; bottom_divider_color=&#8221;#ffffff&#8221; bottom_divider_height=&#8221;150px&#8221; bottom_divider_flip=&#8221;horizontal&#8221; global_colors_info=&#8221;{}&#8221; background_color_gradient_direction__hover=&#8221;180deg&#8221; background_color_gradient_direction__hover_enabled=&#8221;180deg&#8221; background_color_gradient_start_position__hover=&#8221;0%&#8221; background_color_gradient_start_position__hover_enabled=&#8221;0%&#8221; background_color_gradient_end_position__hover=&#8221;100%&#8221; background_color_gradient_end_position__hover_enabled=&#8221;100%&#8221; background_color_gradient_stops__hover=&#8221;rgba(117,93,21,0.28) 0%|rgba(0,53,84,0.4) 100%&#8221;][et_pb_row disabled_on=&#8221;off|off|off&#8221; admin_label=&#8221;Page Title Area&#8221; _builder_version=&#8221;4.16&#8243; width=&#8221;100%&#8221; max_width=&#8221;2560px&#8221; module_alignment=&#8221;center&#8221; custom_margin=&#8221;-5%|auto|0px|auto|false|false&#8221; custom_padding=&#8221;0px|||||&#8221; global_colors_info=&#8221;{}&#8221;][et_pb_column type=&#8221;4_4&#8243; _builder_version=&#8221;4.16&#8243; custom_padding=&#8221;|||&#8221; global_colors_info=&#8221;{}&#8221; custom_padding__hover=&#8221;|||&#8221;][et_pb_text _builder_version=&#8221;4.16&#8243; text_font=&#8221;|600|||||||&#8221; text_text_color=&#8221;#ffffff&#8221; text_font_size=&#8221;18px&#8221; global_colors_info=&#8221;{}&#8221;]<p style=\"text-align: center\">PRESSE<\/p>[\/et_pb_text][et_pb_text _builder_version=&#8221;4.24.2&#8243; text_font=&#8221;|600|||||||&#8221; text_text_color=&#8221;#ffffff&#8221; text_font_size=&#8221;33px&#8221; background_layout=&#8221;dark&#8221; global_colors_info=&#8221;{}&#8221;]<p style=\"text-align: center\">\u00dcbernahme:<\/p>\n<h1 style=\"text-align: center\">Magnalia Gruppe wird komplett von EIM \u00fcbernommen<\/h1>[\/et_pb_text][\/et_pb_column][\/et_pb_row][\/et_pb_section][et_pb_section fb_built=&#8221;1&#8243; _builder_version=&#8221;4.16&#8243; min_height=&#8221;1883.4px&#8221; custom_margin=&#8221;||||false|false&#8221; custom_padding=&#8221;2px||2px||true|false&#8221; global_colors_info=&#8221;{}&#8221;][et_pb_row admin_label=&#8221;Title Area&#8221; _builder_version=&#8221;4.16&#8243; background_color=&#8221;rgba(0,0,0,0)&#8221; module_alignment=&#8221;center&#8221; custom_margin=&#8221;||||false|false&#8221; custom_padding=&#8221;0px||0px||false|false&#8221; global_colors_info=&#8221;{}&#8221;][et_pb_column type=&#8221;4_4&#8243; _builder_version=&#8221;4.16&#8243; custom_padding=&#8221;|||&#8221; global_colors_info=&#8221;{}&#8221; custom_padding__hover=&#8221;|||&#8221;][et_pb_text _builder_version=&#8221;4.22.1&#8243; text_font=&#8221;||||||||&#8221; text_font_size=&#8221;16px&#8221; header_font=&#8221;||||||||&#8221; module_alignment=&#8221;center&#8221; custom_margin=&#8221;3%|0px|5%|0px|false|false&#8221; custom_padding=&#8221;||0px||false|false&#8221; animation_style=&#8221;flip&#8221; animation_direction=&#8221;left&#8221; animation_intensity_flip=&#8221;30%&#8221; animation_starting_opacity=&#8221;100%&#8221; global_colors_info=&#8221;{}&#8221;]<p style=\"text-align: justify\"><em><strong>EIM hat eine Vereinbarung zur vollst\u00e4ndigen \u00dcbernahme der Magnalia, einer Gruppe von spezialisierten Interim Management Providern, unterzeichnet, die unter den Marken Management Angels und Gronova in Deutschland, der Schweiz und \u00d6sterreich t\u00e4tig ist<\/strong><\/em><\/p>[\/et_pb_text][et_pb_text _builder_version=&#8221;4.22.1&#8243; text_font=&#8221;||||||||&#8221; text_font_size=&#8221;16px&#8221; header_font=&#8221;||||||||&#8221; module_alignment=&#8221;center&#8221; custom_margin=&#8221;3%|0px||0px|false|false&#8221; custom_padding=&#8221;||||false|false&#8221; animation_style=&#8221;flip&#8221; animation_direction=&#8221;left&#8221; animation_intensity_flip=&#8221;30%&#8221; animation_starting_opacity=&#8221;100%&#8221; global_colors_info=&#8221;{}&#8221;]<p style=\"text-align: justify\"><strong>Zug, 18. September 2023:<\/strong><\/p>\n<p style=\"text-align: justify\">Magnalia wurde 2016 von Dr. Andreas Suter durch einen Zusammenschluss der Management Angels und Gronova gegr\u00fcndet und stellt mit 40 Mitarbeitern und einem Umsatz von 28 Mio. CHF im Jahr 2022 einen gro\u00dfen und wichtigen Akteur in der DACH-Region (<a href=\"https:\/\/www.eim.com\/de\/interim-management-deutschland\/\">Deutschland<\/a>, <a href=\"https:\/\/www.eim.com\/de\/interim-management-oesterreich\/\">\u00d6sterreich<\/a> &amp; der Schweiz) dar. Mit mehr als 2.500 pers\u00f6nlich bekannten und hochqualifizierten Interim Managern, Experten und Spezialisten bietet Magnalia eine breite Palette an Personaldienstleistungen, von Management- und Projektvakanz-\u00dcberbr\u00fcckung \u00fcber das Management komplexer Transformations-Projekte bis hin zur Bereitstellung ganzer Projektteams f\u00fcr befristete Eins\u00e4tze.<\/p>\n<p style=\"text-align: justify\"><\/p>\n<p style=\"text-align: justify\">Die \u00dcbernahme der Magnalia (Gronova und Management Angels) ist ein wichtiger Schritt zur Schaffung der eindeutigen Marktf\u00fchrerschaft in der DACH-Region und ein erster strategischer Schritt im Rahmen der Buy-and-Build-Strategie von EIM.<\/p>[\/et_pb_text][\/et_pb_column][\/et_pb_row][et_pb_row column_structure=&#8221;1_3,1_3,1_3&#8243; _builder_version=&#8221;4.22.1&#8243; _module_preset=&#8221;default&#8221; global_colors_info=&#8221;{}&#8221;][et_pb_column type=&#8221;1_3&#8243; _builder_version=&#8221;4.22.1&#8243; _module_preset=&#8221;default&#8221; global_colors_info=&#8221;{}&#8221;][et_pb_image src=&#8221;https:\/\/www.eim.com\/de\/wp-content\/uploads\/sites\/4\/2023\/09\/EIM-positiv.jpg&#8221; title_text=&#8221;EIM positiv&#8221; _builder_version=&#8221;4.22.1&#8243; _module_preset=&#8221;default&#8221; global_colors_info=&#8221;{}&#8221;][\/et_pb_image][\/et_pb_column][et_pb_column type=&#8221;1_3&#8243; _builder_version=&#8221;4.22.1&#8243; _module_preset=&#8221;default&#8221; global_colors_info=&#8221;{}&#8221;][et_pb_image src=&#8221;https:\/\/www.eim.com\/de\/wp-content\/uploads\/sites\/4\/2023\/09\/Management-Angels.png&#8221; title_text=&#8221;Management Angels&#8221; _builder_version=&#8221;4.22.1&#8243; _module_preset=&#8221;default&#8221; global_colors_info=&#8221;{}&#8221;][\/et_pb_image][\/et_pb_column][et_pb_column type=&#8221;1_3&#8243; _builder_version=&#8221;4.22.1&#8243; _module_preset=&#8221;default&#8221; global_colors_info=&#8221;{}&#8221;][et_pb_image src=&#8221;https:\/\/www.eim.com\/de\/wp-content\/uploads\/sites\/4\/2023\/09\/GroNova.png&#8221; title_text=&#8221;GroNova&#8221; _builder_version=&#8221;4.22.1&#8243; _module_preset=&#8221;default&#8221; global_colors_info=&#8221;{}&#8221;][\/et_pb_image][\/et_pb_column][\/et_pb_row][et_pb_row column_structure=&#8221;1_2,1_2&#8243; admin_label=&#8221;Title Area&#8221; _builder_version=&#8221;4.16&#8243; background_color=&#8221;rgba(0,0,0,0)&#8221; module_alignment=&#8221;center&#8221; custom_margin=&#8221;2%|auto|2%|auto|true|false&#8221; custom_padding=&#8221;||||false|false&#8221; global_colors_info=&#8221;{}&#8221;][et_pb_column type=&#8221;1_2&#8243; _builder_version=&#8221;4.16&#8243; custom_padding=&#8221;|||&#8221; global_colors_info=&#8221;{}&#8221; custom_padding__hover=&#8221;|||&#8221;][et_pb_text _builder_version=&#8221;4.22.1&#8243; text_font=&#8221;||||||||&#8221; text_font_size=&#8221;16px&#8221; header_font=&#8221;||||||||&#8221; module_alignment=&#8221;center&#8221; custom_margin=&#8221;||||false|false&#8221; custom_padding=&#8221;||0px||false|false&#8221; animation_style=&#8221;flip&#8221; animation_direction=&#8221;left&#8221; animation_intensity_flip=&#8221;30%&#8221; animation_starting_opacity=&#8221;100%&#8221; global_colors_info=&#8221;{}&#8221;]<p><strong>Dr. Andreas Suter<\/strong>, Gr\u00fcnder von Gronova und Mehrheitsaktion\u00e4r von Magnalia: \u201eIch freue mich sehr, dass wir EIM als neuen Eigent\u00fcmer der Magnalia, ausgew\u00e4hlt haben. Diese international agierende Gruppe verf\u00fcgt \u00fcber eine sehr dynamische Unternehmenskultur und stimmt mit unserer Marktpositionierung \u00fcberein, eine anspruchsvolle Kundenklientel mit optimalen Interim-Management-L\u00f6sungen zu versorgen&#8221;.<\/p>[\/et_pb_text][\/et_pb_column][et_pb_column type=&#8221;1_2&#8243; _builder_version=&#8221;4.16&#8243; custom_padding=&#8221;|||&#8221; global_colors_info=&#8221;{}&#8221; custom_padding__hover=&#8221;|||&#8221;][et_pb_text _builder_version=&#8221;4.22.1&#8243; text_font=&#8221;||||||||&#8221; text_font_size=&#8221;16px&#8221; header_font=&#8221;||||||||&#8221; module_alignment=&#8221;center&#8221; custom_margin=&#8221;||5%||false|false&#8221; custom_padding=&#8221;||0px||false|false&#8221; animation_style=&#8221;flip&#8221; animation_direction=&#8221;left&#8221; animation_intensity_flip=&#8221;30%&#8221; animation_starting_opacity=&#8221;100%&#8221; global_colors_info=&#8221;{}&#8221;]<p style=\"text-align: justify\"><strong>Esther Kuhn<\/strong>, Gesch\u00e4ftsf\u00fchrerin der Gronova und <strong>J\u00fcrgen Leuschel<\/strong>, Gesch\u00e4ftsf\u00fchrer der Management Angels: \u201eDiese strategische Entscheidung ist ein bedeutender Schritt auf unserem Wachstumspfad, und wir freuen uns darauf, unsere St\u00e4rken mit EIM zu kombinieren, um weiteren Mehrwert f\u00fcr unsere Kunden und Mitarbeiter zu schaffen. Wir sind begeistert und stolz darauf, Teil davon zu sein.\u201c<\/p>[\/et_pb_text][\/et_pb_column][\/et_pb_row][et_pb_row column_structure=&#8221;1_2,1_2&#8243; admin_label=&#8221;Title Area&#8221; _builder_version=&#8221;4.16&#8243; background_color=&#8221;rgba(0,0,0,0)&#8221; module_alignment=&#8221;center&#8221; min_height=&#8221;298.1px&#8221; custom_margin=&#8221;-38px|auto|2%|auto|false|false&#8221; custom_padding=&#8221;||||false|false&#8221; global_colors_info=&#8221;{}&#8221;][et_pb_column type=&#8221;1_2&#8243; _builder_version=&#8221;4.16&#8243; custom_padding=&#8221;|||&#8221; global_colors_info=&#8221;{}&#8221; custom_padding__hover=&#8221;|||&#8221;][et_pb_text _builder_version=&#8221;4.22.1&#8243; text_font=&#8221;||||||||&#8221; text_font_size=&#8221;16px&#8221; header_font=&#8221;||||||||&#8221; module_alignment=&#8221;center&#8221; custom_margin=&#8221;||||false|false&#8221; custom_padding=&#8221;||0px||false|false&#8221; animation_style=&#8221;flip&#8221; animation_direction=&#8221;left&#8221; animation_intensity_flip=&#8221;30%&#8221; animation_starting_opacity=&#8221;100%&#8221; global_colors_info=&#8221;{}&#8221;]<p style=\"text-align: justify\"><strong>Michele Bruno<\/strong>, Pr\u00e4sident der EIM-Gruppe: \u201eWir hei\u00dfen die Teams von Gronova und Management Angels in unserer Gruppe herzlich willkommen. Diese strategische Akquisition wird es uns erm\u00f6glichen, unsere f\u00fchrende pan-europ\u00e4ische Marktposition weiter zu st\u00e4rken und ein neues Team f\u00fcr den Schweizer Markt hinzuzuf\u00fcgen.&#8221;<\/p>[\/et_pb_text][\/et_pb_column][et_pb_column type=&#8221;1_2&#8243; _builder_version=&#8221;4.16&#8243; custom_padding=&#8221;|||&#8221; global_colors_info=&#8221;{}&#8221; custom_padding__hover=&#8221;|||&#8221;][et_pb_text _builder_version=&#8221;4.22.1&#8243; text_font=&#8221;||||||||&#8221; text_font_size=&#8221;16px&#8221; header_font=&#8221;||||||||&#8221; module_alignment=&#8221;center&#8221; custom_margin=&#8221;||5%||false|false&#8221; custom_padding=&#8221;||0px||false|false&#8221; animation_style=&#8221;flip&#8221; animation_direction=&#8221;left&#8221; animation_intensity_flip=&#8221;30%&#8221; animation_starting_opacity=&#8221;100%&#8221; global_colors_info=&#8221;{}&#8221;]<p style=\"text-align: justify\"><strong>Dr. Thomas Schneider,<\/strong> Gesch\u00e4ftsf\u00fchrer von EIM Deutschland: \u201eMagnalia und EIM teilen eine gemeinsame DNA und haben \u00e4hnliche Werte entwickelt. Das gesamte deutsche EIM-Team freut sich sehr auf den Austausch von Best Practices mit den neuen Kollegen und darauf, die erfolgreiche Wachstumsgeschichte gemeinsam fortzusetzen. Mit der \u00dcbernahme erweitern wir unser attraktives Service-Angebot f\u00fcr unsere Klienten&#8221;.<\/p>[\/et_pb_text][\/et_pb_column][\/et_pb_row][et_pb_row _builder_version=&#8221;4.22.1&#8243; _module_preset=&#8221;default&#8221; min_height=&#8221;225.3px&#8221; custom_padding=&#8221;0px|||||&#8221; global_colors_info=&#8221;{}&#8221;][et_pb_column type=&#8221;4_4&#8243; _builder_version=&#8221;4.22.1&#8243; _module_preset=&#8221;default&#8221; global_colors_info=&#8221;{}&#8221;][et_pb_text _builder_version=&#8221;4.22.1&#8243; _module_preset=&#8221;default&#8221; text_font_size=&#8221;16px&#8221; min_height=&#8221;53.4px&#8221; custom_padding=&#8221;||0px|||&#8221; global_colors_info=&#8221;{}&#8221;]<p style=\"text-align: justify\">Die Transaktion wurde von EIMs Finanzinvestor idiCo voll unterst\u00fctzt.<\/p>\n<p style=\"text-align: justify\"><strong>Dr. Isa Schulz<\/strong>, Mitglied im Verwaltungsrat von EIM und Direktorin im Lower Mid-Cap Team bei idiCo: \u201eWir freuen uns, EIM bei seiner Buy-and-Build-Strategie mit unserer M&amp;A-Expertise unterst\u00fctzen zu k\u00f6nnen. Wir sind begeistert, dass es uns gelungen ist, in weniger als einem Jahr seit unserer Investition in EIM einen bedeutenden regionalen Akteur im Bereich Executive Interim Management zu erwerben.&#8221;<\/p>\n<p style=\"text-align: justify\"><\/p>\n<p style=\"text-align: justify\"><\/p>\n<p style=\"text-align: justify\"><\/p>\n<p style=\"text-align: justify\"><\/p>[\/et_pb_text][\/et_pb_column][\/et_pb_row][et_pb_row column_structure=&#8221;2_5,3_5&#8243; _builder_version=&#8221;4.22.1&#8243; _module_preset=&#8221;default&#8221; width=&#8221;73%&#8221; max_width=&#8221;1420px&#8221; border_width_all=&#8221;1px&#8221; global_colors_info=&#8221;{}&#8221;][et_pb_column type=&#8221;2_5&#8243; _builder_version=&#8221;4.22.1&#8243; _module_preset=&#8221;default&#8221; global_colors_info=&#8221;{}&#8221;][et_pb_image src=&#8221;https:\/\/www.eim.com\/de\/wp-content\/uploads\/sites\/4\/2020\/05\/thomas_schneider-portrait.jpg&#8221; alt=&#8221;Dr. Thomas Schneider | EIM Partner&#8221; title_text=&#8221;Dr. Thomas Schneider&#8221; url=&#8221;@ET-DC@eyJkeW5hbWljIjp0cnVlLCJjb250ZW50IjoicG9zdF9saW5rX3VybF9wb3N0Iiwic2V0dGluZ3MiOnsicG9zdF9pZCI6IjY5NCIsImVuYWJsZV9odG1sIjoib2ZmIn19@&#8221; _builder_version=&#8221;4.22.1&#8243; _dynamic_attributes=&#8221;url&#8221; _module_preset=&#8221;default&#8221; width=&#8221;35%&#8221; module_alignment=&#8221;right&#8221; global_colors_info=&#8221;{}&#8221;][\/et_pb_image][\/et_pb_column][et_pb_column type=&#8221;3_5&#8243; _builder_version=&#8221;4.22.1&#8243; _module_preset=&#8221;default&#8221; global_colors_info=&#8221;{}&#8221;][et_pb_text _builder_version=&#8221;4.22.1&#8243; _module_preset=&#8221;default&#8221; text_font_size=&#8221;16px&#8221; global_colors_info=&#8221;{}&#8221;]<p>&nbsp;<\/p>\n<p>Dr. Thomas Schneider<br \/><a href=\"mailto:t.schneider@eim.com\">t.schneider@eim.com<\/a><\/p>[\/et_pb_text][\/et_pb_column][\/et_pb_row][\/et_pb_section][et_pb_section fb_built=&#8221;1&#8243; _builder_version=&#8221;4.16&#8243; background_color=&#8221;#002c3e&#8221; custom_margin=&#8221;||||false|false&#8221; top_divider_style=&#8221;slant&#8221; top_divider_color=&#8221;rgba(0,0,0,0)&#8221; top_divider_flip=&#8221;vertical&#8221; bottom_divider_color=&#8221;#ffffff&#8221; bottom_divider_flip=&#8221;horizontal&#8221; global_colors_info=&#8221;{}&#8221;][et_pb_row _builder_version=&#8221;4.16&#8243; custom_margin=&#8221;-46px|auto||auto||&#8221; custom_padding=&#8221;60px|||||&#8221; global_colors_info=&#8221;{}&#8221;][et_pb_column type=&#8221;4_4&#8243; _builder_version=&#8221;4.16&#8243; global_colors_info=&#8221;{}&#8221;][et_pb_text admin_label=&#8221;Title&#8221; _builder_version=&#8221;4.16&#8243; text_font=&#8221;||||||||&#8221; text_text_color=&#8221;#ffffff&#8221; header_font=&#8221;Prata||||||||&#8221; header_2_font=&#8221;Montserrat|700|||||||&#8221; header_2_text_align=&#8221;center&#8221; header_2_font_size=&#8221;30px&#8221; custom_margin=&#8221;5%||5px||false|false&#8221; custom_padding=&#8221;||0px|||&#8221; animation_style=&#8221;fade&#8221; animation_direction=&#8221;top&#8221; animation_duration=&#8221;1350ms&#8221; animation_starting_opacity=&#8221;100%&#8221; inline_fonts=&#8221;Prata,Montserrat&#8221; global_colors_info=&#8221;{}&#8221;]<h2><span style=\"font-family: Montserrat;color: #ffffff\">Kontaktieren Sie uns<\/span><\/h2>[\/et_pb_text][\/et_pb_column][\/et_pb_row][et_pb_row column_structure=&#8221;1_5,3_5,1_5&#8243; _builder_version=&#8221;4.16&#8243; custom_margin=&#8221;|auto|5%|auto|false|false&#8221; custom_padding=&#8221;0px|||||&#8221; global_colors_info=&#8221;{}&#8221;][et_pb_column type=&#8221;1_5&#8243; _builder_version=&#8221;4.16&#8243; global_colors_info=&#8221;{}&#8221;][\/et_pb_column][et_pb_column type=&#8221;3_5&#8243; _builder_version=&#8221;4.16&#8243; global_colors_info=&#8221;{}&#8221;][et_pb_text _builder_version=&#8221;4.16&#8243; custom_padding=&#8221;||0px|||&#8221; global_colors_info=&#8221;{}&#8221;]<p style=\"text-align: center\"><span style=\"color: #ffffff\">Erfahren Sie mehr und nehmen Sie Kontakt mit Ihrem EIM Berater auf<\/span><\/p>[\/et_pb_text][et_pb_button button_url=&#8221;@ET-DC@eyJkeW5hbWljIjp0cnVlLCJjb250ZW50IjoicG9zdF9saW5rX3VybF9wYWdlIiwic2V0dGluZ3MiOnsicG9zdF9pZCI6IjEwIiwiZW5hYmxlX2h0bWwiOiJvZmYifX0=@&#8221; button_text=&#8221;KONTAKT&#8221; button_alignment=&#8221;center&#8221; _builder_version=&#8221;4.16&#8243; _dynamic_attributes=&#8221;button_url&#8221; background_layout=&#8221;dark&#8221; global_colors_info=&#8221;{}&#8221;][\/et_pb_button][\/et_pb_column][et_pb_column type=&#8221;1_5&#8243; _builder_version=&#8221;4.16&#8243; global_colors_info=&#8221;{}&#8221;][\/et_pb_column][\/et_pb_row][\/et_pb_section]\n","protected":false},"excerpt":{"rendered":"<p>Magnalia, wird Teil von EIM- EIM freut sich bekannt zu geben, dass eine Vereinbarung zur \u00dcbernahme der Magnalia, unterzeichnet werden konnte.<\/p>\n","protected":false},"author":700,"featured_media":505,"comment_status":"closed","ping_status":"closed","sticky":false,"template":"","format":"standard","meta":{"_et_pb_use_builder":"on","_et_pb_old_content":"","_et_gb_content_width":"","footnotes":""},"categories":[24],"tags":[],"class_list":["post-13010","post","type-post","status-publish","format-standard","has-post-thumbnail","hentry","category-presse"],"yoast_head":"<!-- This site is optimized with the Yoast SEO Premium plugin v27.5 (Yoast SEO v27.5) - https:\/\/yoast.com\/product\/yoast-seo-premium-wordpress\/ -->\n<title>\u00dcbernahme: Magnalia Gruppe wird komplett von EIM \u00fcbernommen<\/title>\n<meta name=\"description\" content=\"EIM st\u00e4rkt seine Marktposition: \u00dcbernahme der Magnalia-Gruppe mit Management Angels &amp; Gronova in Deutschland, Schweiz &amp; \u00d6sterreich \u2794 Jetzt informieren\" \/>\n<meta name=\"robots\" content=\"index, follow, max-snippet:-1, max-image-preview:large, max-video-preview:-1\" \/>\n<link rel=\"canonical\" href=\"https:\/\/www.eim.com\/de\/presse\/vollstaendige-uebernahme-der-magnalia\/\" \/>\n<meta property=\"og:locale\" content=\"de_DE\" \/>\n<meta property=\"og:type\" content=\"article\" \/>\n<meta property=\"og:title\" content=\"Magnalia wird Teil von EIM\" \/>\n<meta property=\"og:description\" content=\"Magnalia, wird Teil von EIM- EIM freut sich bekannt zu geben, dass eine Vereinbarung zur \u00dcbernahme der Magnalia, unterzeichnet werden konnte.\" \/>\n<meta property=\"og:url\" content=\"https:\/\/www.eim.com\/de\/presse\/vollstaendige-uebernahme-der-magnalia\/\" \/>\n<meta property=\"og:site_name\" content=\"EIM Germany - Executive Interim Management\" \/>\n<meta property=\"article:published_time\" content=\"2023-09-19T06:31:38+00:00\" \/>\n<meta property=\"article:modified_time\" content=\"2026-01-20T07:49:20+00:00\" \/>\n<meta property=\"og:image\" content=\"https:\/\/www.eim.com\/de\/wp-content\/uploads\/sites\/4\/2019\/10\/LAVORA-CON-Noi-1.jpeg\" \/>\n\t<meta property=\"og:image:width\" content=\"1920\" \/>\n\t<meta property=\"og:image:height\" content=\"1280\" \/>\n\t<meta property=\"og:image:type\" content=\"image\/jpeg\" \/>\n<meta name=\"twitter:card\" content=\"summary_large_image\" \/>\n<meta name=\"twitter:label1\" content=\"Geschrieben von\" \/>\n\t<meta name=\"twitter:data1\" content=\"\" \/>\n\t<meta name=\"twitter:label2\" content=\"Gesch\u00e4tzte Lesezeit\" \/>\n\t<meta name=\"twitter:data2\" content=\"4 Minuten\" \/>\n<script type=\"application\/ld+json\" class=\"yoast-schema-graph\">{\"@context\":\"https:\\\/\\\/schema.org\",\"@graph\":[{\"@type\":\"Article\",\"@id\":\"https:\\\/\\\/www.eim.com\\\/de\\\/presse\\\/vollstaendige-uebernahme-der-magnalia\\\/#article\",\"isPartOf\":{\"@id\":\"https:\\\/\\\/www.eim.com\\\/de\\\/presse\\\/vollstaendige-uebernahme-der-magnalia\\\/\"},\"author\":{\"name\":\"\",\"@id\":\"\"},\"headline\":\"Magnalia wird Teil von EIM\",\"datePublished\":\"2023-09-19T06:31:38+00:00\",\"dateModified\":\"2026-01-20T07:49:20+00:00\",\"mainEntityOfPage\":{\"@id\":\"https:\\\/\\\/www.eim.com\\\/de\\\/presse\\\/vollstaendige-uebernahme-der-magnalia\\\/\"},\"wordCount\":1776,\"publisher\":{\"@id\":\"https:\\\/\\\/www.eim.com\\\/de\\\/#organization\"},\"image\":{\"@id\":\"https:\\\/\\\/www.eim.com\\\/de\\\/presse\\\/vollstaendige-uebernahme-der-magnalia\\\/#primaryimage\"},\"thumbnailUrl\":\"https:\\\/\\\/www.eim.com\\\/de\\\/wp-content\\\/uploads\\\/sites\\\/4\\\/2019\\\/10\\\/LAVORA-CON-Noi-1.jpeg\",\"articleSection\":[\"Presse\"],\"inLanguage\":\"de-DE\"},{\"@type\":\"WebPage\",\"@id\":\"https:\\\/\\\/www.eim.com\\\/de\\\/presse\\\/vollstaendige-uebernahme-der-magnalia\\\/\",\"url\":\"https:\\\/\\\/www.eim.com\\\/de\\\/presse\\\/vollstaendige-uebernahme-der-magnalia\\\/\",\"name\":\"\u00dcbernahme: Magnalia Gruppe wird komplett von EIM \u00fcbernommen\",\"isPartOf\":{\"@id\":\"https:\\\/\\\/www.eim.com\\\/de\\\/#website\"},\"primaryImageOfPage\":{\"@id\":\"https:\\\/\\\/www.eim.com\\\/de\\\/presse\\\/vollstaendige-uebernahme-der-magnalia\\\/#primaryimage\"},\"image\":{\"@id\":\"https:\\\/\\\/www.eim.com\\\/de\\\/presse\\\/vollstaendige-uebernahme-der-magnalia\\\/#primaryimage\"},\"thumbnailUrl\":\"https:\\\/\\\/www.eim.com\\\/de\\\/wp-content\\\/uploads\\\/sites\\\/4\\\/2019\\\/10\\\/LAVORA-CON-Noi-1.jpeg\",\"datePublished\":\"2023-09-19T06:31:38+00:00\",\"dateModified\":\"2026-01-20T07:49:20+00:00\",\"description\":\"EIM st\u00e4rkt seine Marktposition: \u00dcbernahme der Magnalia-Gruppe mit Management Angels & Gronova in Deutschland, Schweiz & \u00d6sterreich \u2794 Jetzt informieren\",\"breadcrumb\":{\"@id\":\"https:\\\/\\\/www.eim.com\\\/de\\\/presse\\\/vollstaendige-uebernahme-der-magnalia\\\/#breadcrumb\"},\"inLanguage\":\"de-DE\",\"potentialAction\":[{\"@type\":\"ReadAction\",\"target\":[\"https:\\\/\\\/www.eim.com\\\/de\\\/presse\\\/vollstaendige-uebernahme-der-magnalia\\\/\"]}]},{\"@type\":\"ImageObject\",\"inLanguage\":\"de-DE\",\"@id\":\"https:\\\/\\\/www.eim.com\\\/de\\\/presse\\\/vollstaendige-uebernahme-der-magnalia\\\/#primaryimage\",\"url\":\"https:\\\/\\\/www.eim.com\\\/de\\\/wp-content\\\/uploads\\\/sites\\\/4\\\/2019\\\/10\\\/LAVORA-CON-Noi-1.jpeg\",\"contentUrl\":\"https:\\\/\\\/www.eim.com\\\/de\\\/wp-content\\\/uploads\\\/sites\\\/4\\\/2019\\\/10\\\/LAVORA-CON-Noi-1.jpeg\",\"width\":1920,\"height\":1280,\"caption\":\"Business people in a financial meeting\"},{\"@type\":\"BreadcrumbList\",\"@id\":\"https:\\\/\\\/www.eim.com\\\/de\\\/presse\\\/vollstaendige-uebernahme-der-magnalia\\\/#breadcrumb\",\"itemListElement\":[{\"@type\":\"ListItem\",\"position\":1,\"name\":\"Home\",\"item\":\"https:\\\/\\\/www.eim.com\\\/de\\\/\"},{\"@type\":\"ListItem\",\"position\":2,\"name\":\"Magnalia wird Teil von EIM\"}]},{\"@type\":\"WebSite\",\"@id\":\"https:\\\/\\\/www.eim.com\\\/de\\\/#website\",\"url\":\"https:\\\/\\\/www.eim.com\\\/de\\\/\",\"name\":\"EIM Germany - Executive Interim Management\",\"description\":\"EIM delivers business breakthrough differently. Wir stellen erfahrene Interim Manager aus unserem eigenen aktiven Netzwerk bereit.\",\"publisher\":{\"@id\":\"https:\\\/\\\/www.eim.com\\\/de\\\/#organization\"},\"potentialAction\":[{\"@type\":\"SearchAction\",\"target\":{\"@type\":\"EntryPoint\",\"urlTemplate\":\"https:\\\/\\\/www.eim.com\\\/de\\\/?s={search_term_string}\"},\"query-input\":{\"@type\":\"PropertyValueSpecification\",\"valueRequired\":true,\"valueName\":\"search_term_string\"}}],\"inLanguage\":\"de-DE\"},{\"@type\":\"Organization\",\"@id\":\"https:\\\/\\\/www.eim.com\\\/de\\\/#organization\",\"name\":\"EIM Executive Interim Management GmbH\",\"url\":\"https:\\\/\\\/www.eim.com\\\/de\\\/\",\"logo\":{\"@type\":\"ImageObject\",\"inLanguage\":\"de-DE\",\"@id\":\"https:\\\/\\\/www.eim.com\\\/de\\\/#\\\/schema\\\/logo\\\/image\\\/\",\"url\":\"https:\\\/\\\/www.eim.com\\\/de\\\/wp-content\\\/uploads\\\/sites\\\/4\\\/2020\\\/08\\\/positive.png\",\"contentUrl\":\"https:\\\/\\\/www.eim.com\\\/de\\\/wp-content\\\/uploads\\\/sites\\\/4\\\/2020\\\/08\\\/positive.png\",\"width\":1423,\"height\":442,\"caption\":\"EIM Executive Interim Management GmbH\"},\"image\":{\"@id\":\"https:\\\/\\\/www.eim.com\\\/de\\\/#\\\/schema\\\/logo\\\/image\\\/\"},\"sameAs\":[\"https:\\\/\\\/www.linkedin.com\\\/company\\\/eim-germany\\\/\",\"https:\\\/\\\/www.youtube.com\\\/channel\\\/UCi7F99x-c2m83TfJPosKFcg\"]},{\"@type\":\"Person\",\"@id\":\"\"}]}<\/script>\n<!-- \/ Yoast SEO Premium plugin. -->","yoast_head_json":{"title":"\u00dcbernahme: Magnalia Gruppe wird komplett von EIM \u00fcbernommen","description":"EIM st\u00e4rkt seine Marktposition: \u00dcbernahme der Magnalia-Gruppe mit Management Angels & Gronova in Deutschland, Schweiz & \u00d6sterreich \u2794 Jetzt informieren","robots":{"index":"index","follow":"follow","max-snippet":"max-snippet:-1","max-image-preview":"max-image-preview:large","max-video-preview":"max-video-preview:-1"},"canonical":"https:\/\/www.eim.com\/de\/presse\/vollstaendige-uebernahme-der-magnalia\/","og_locale":"de_DE","og_type":"article","og_title":"Magnalia wird Teil von EIM","og_description":"Magnalia, wird Teil von EIM- EIM freut sich bekannt zu geben, dass eine Vereinbarung zur \u00dcbernahme der Magnalia, unterzeichnet werden konnte.","og_url":"https:\/\/www.eim.com\/de\/presse\/vollstaendige-uebernahme-der-magnalia\/","og_site_name":"EIM Germany - Executive Interim Management","article_published_time":"2023-09-19T06:31:38+00:00","article_modified_time":"2026-01-20T07:49:20+00:00","og_image":[{"width":1920,"height":1280,"url":"https:\/\/www.eim.com\/de\/wp-content\/uploads\/sites\/4\/2019\/10\/LAVORA-CON-Noi-1.jpeg","type":"image\/jpeg"}],"twitter_card":"summary_large_image","twitter_misc":{"Geschrieben von":"","Gesch\u00e4tzte Lesezeit":"4 Minuten"},"schema":{"@context":"https:\/\/schema.org","@graph":[{"@type":"Article","@id":"https:\/\/www.eim.com\/de\/presse\/vollstaendige-uebernahme-der-magnalia\/#article","isPartOf":{"@id":"https:\/\/www.eim.com\/de\/presse\/vollstaendige-uebernahme-der-magnalia\/"},"author":{"name":"","@id":""},"headline":"Magnalia wird Teil von EIM","datePublished":"2023-09-19T06:31:38+00:00","dateModified":"2026-01-20T07:49:20+00:00","mainEntityOfPage":{"@id":"https:\/\/www.eim.com\/de\/presse\/vollstaendige-uebernahme-der-magnalia\/"},"wordCount":1776,"publisher":{"@id":"https:\/\/www.eim.com\/de\/#organization"},"image":{"@id":"https:\/\/www.eim.com\/de\/presse\/vollstaendige-uebernahme-der-magnalia\/#primaryimage"},"thumbnailUrl":"https:\/\/www.eim.com\/de\/wp-content\/uploads\/sites\/4\/2019\/10\/LAVORA-CON-Noi-1.jpeg","articleSection":["Presse"],"inLanguage":"de-DE"},{"@type":"WebPage","@id":"https:\/\/www.eim.com\/de\/presse\/vollstaendige-uebernahme-der-magnalia\/","url":"https:\/\/www.eim.com\/de\/presse\/vollstaendige-uebernahme-der-magnalia\/","name":"\u00dcbernahme: Magnalia Gruppe wird komplett von EIM \u00fcbernommen","isPartOf":{"@id":"https:\/\/www.eim.com\/de\/#website"},"primaryImageOfPage":{"@id":"https:\/\/www.eim.com\/de\/presse\/vollstaendige-uebernahme-der-magnalia\/#primaryimage"},"image":{"@id":"https:\/\/www.eim.com\/de\/presse\/vollstaendige-uebernahme-der-magnalia\/#primaryimage"},"thumbnailUrl":"https:\/\/www.eim.com\/de\/wp-content\/uploads\/sites\/4\/2019\/10\/LAVORA-CON-Noi-1.jpeg","datePublished":"2023-09-19T06:31:38+00:00","dateModified":"2026-01-20T07:49:20+00:00","description":"EIM st\u00e4rkt seine Marktposition: \u00dcbernahme der Magnalia-Gruppe mit Management Angels & Gronova in Deutschland, Schweiz & \u00d6sterreich \u2794 Jetzt informieren","breadcrumb":{"@id":"https:\/\/www.eim.com\/de\/presse\/vollstaendige-uebernahme-der-magnalia\/#breadcrumb"},"inLanguage":"de-DE","potentialAction":[{"@type":"ReadAction","target":["https:\/\/www.eim.com\/de\/presse\/vollstaendige-uebernahme-der-magnalia\/"]}]},{"@type":"ImageObject","inLanguage":"de-DE","@id":"https:\/\/www.eim.com\/de\/presse\/vollstaendige-uebernahme-der-magnalia\/#primaryimage","url":"https:\/\/www.eim.com\/de\/wp-content\/uploads\/sites\/4\/2019\/10\/LAVORA-CON-Noi-1.jpeg","contentUrl":"https:\/\/www.eim.com\/de\/wp-content\/uploads\/sites\/4\/2019\/10\/LAVORA-CON-Noi-1.jpeg","width":1920,"height":1280,"caption":"Business people in a financial meeting"},{"@type":"BreadcrumbList","@id":"https:\/\/www.eim.com\/de\/presse\/vollstaendige-uebernahme-der-magnalia\/#breadcrumb","itemListElement":[{"@type":"ListItem","position":1,"name":"Home","item":"https:\/\/www.eim.com\/de\/"},{"@type":"ListItem","position":2,"name":"Magnalia wird Teil von EIM"}]},{"@type":"WebSite","@id":"https:\/\/www.eim.com\/de\/#website","url":"https:\/\/www.eim.com\/de\/","name":"EIM Germany - Executive Interim Management","description":"EIM delivers business breakthrough differently. Wir stellen erfahrene Interim Manager aus unserem eigenen aktiven Netzwerk bereit.","publisher":{"@id":"https:\/\/www.eim.com\/de\/#organization"},"potentialAction":[{"@type":"SearchAction","target":{"@type":"EntryPoint","urlTemplate":"https:\/\/www.eim.com\/de\/?s={search_term_string}"},"query-input":{"@type":"PropertyValueSpecification","valueRequired":true,"valueName":"search_term_string"}}],"inLanguage":"de-DE"},{"@type":"Organization","@id":"https:\/\/www.eim.com\/de\/#organization","name":"EIM Executive Interim Management GmbH","url":"https:\/\/www.eim.com\/de\/","logo":{"@type":"ImageObject","inLanguage":"de-DE","@id":"https:\/\/www.eim.com\/de\/#\/schema\/logo\/image\/","url":"https:\/\/www.eim.com\/de\/wp-content\/uploads\/sites\/4\/2020\/08\/positive.png","contentUrl":"https:\/\/www.eim.com\/de\/wp-content\/uploads\/sites\/4\/2020\/08\/positive.png","width":1423,"height":442,"caption":"EIM Executive Interim Management GmbH"},"image":{"@id":"https:\/\/www.eim.com\/de\/#\/schema\/logo\/image\/"},"sameAs":["https:\/\/www.linkedin.com\/company\/eim-germany\/","https:\/\/www.youtube.com\/channel\/UCi7F99x-c2m83TfJPosKFcg"]},{"@type":"Person","@id":""}]}},"_links":{"self":[{"href":"https:\/\/www.eim.com\/de\/wp-json\/wp\/v2\/posts\/13010","targetHints":{"allow":["GET"]}}],"collection":[{"href":"https:\/\/www.eim.com\/de\/wp-json\/wp\/v2\/posts"}],"about":[{"href":"https:\/\/www.eim.com\/de\/wp-json\/wp\/v2\/types\/post"}],"author":[{"embeddable":true,"href":"https:\/\/www.eim.com\/de\/wp-json\/wp\/v2\/users\/700"}],"replies":[{"embeddable":true,"href":"https:\/\/www.eim.com\/de\/wp-json\/wp\/v2\/comments?post=13010"}],"version-history":[{"count":0,"href":"https:\/\/www.eim.com\/de\/wp-json\/wp\/v2\/posts\/13010\/revisions"}],"wp:featuredmedia":[{"embeddable":true,"href":"https:\/\/www.eim.com\/de\/wp-json\/wp\/v2\/media\/505"}],"wp:attachment":[{"href":"https:\/\/www.eim.com\/de\/wp-json\/wp\/v2\/media?parent=13010"}],"wp:term":[{"taxonomy":"category","embeddable":true,"href":"https:\/\/www.eim.com\/de\/wp-json\/wp\/v2\/categories?post=13010"},{"taxonomy":"post_tag","embeddable":true,"href":"https:\/\/www.eim.com\/de\/wp-json\/wp\/v2\/tags?post=13010"}],"curies":[{"name":"wp","href":"https:\/\/api.w.org\/{rel}","templated":true}]}}