{"id":11088,"date":"2020-06-03T21:21:57","date_gmt":"2020-06-03T19:21:57","guid":{"rendered":"https:\/\/www.eim.com\/de\/?p=11088"},"modified":"2024-03-07T12:21:41","modified_gmt":"2024-03-07T11:21:41","slug":"chief-restructuring-officer-cro-gesucht","status":"publish","type":"post","link":"https:\/\/www.eim.com\/de\/aktuelle-projekte\/chief-restructuring-officer-cro-gesucht\/","title":{"rendered":"Chief Restructuring Officer (CRO) gesucht (m\/w\/d)"},"content":{"rendered":"<p>[et_pb_section fb_built=&#8221;1&#8243; _builder_version=&#8221;4.16&#8243; background_color=&#8221;#fff&#8221; custom_margin=&#8221;||||false|false&#8221; custom_padding=&#8221;2px||2px||true|false&#8221; global_colors_info=&#8221;{}&#8221;][et_pb_row admin_label=&#8221;Title Area&#8221; _builder_version=&#8221;4.16&#8243; background_color=&#8221;rgba(0,0,0,0)&#8221; width=&#8221;100%&#8221; module_alignment=&#8221;center&#8221; custom_margin=&#8221;||||false|false&#8221; custom_padding=&#8221;0px|0px|0px|0px|false|false&#8221; global_colors_info=&#8221;{}&#8221;][et_pb_column type=&#8221;4_4&#8243; _builder_version=&#8221;4.16&#8243; custom_padding=&#8221;|||&#8221; global_colors_info=&#8221;{}&#8221; custom_padding__hover=&#8221;|||&#8221;][et_pb_text admin_label=&#8221;Title&#8221; _builder_version=&#8221;4.24.2&#8243; text_font=&#8221;||||||||&#8221; header_font=&#8221;Prata||||||||&#8221; header_2_font=&#8221;Montserrat|700|||||||&#8221; header_2_text_align=&#8221;center&#8221; header_2_font_size=&#8221;28px&#8221; custom_margin=&#8221;3%||||false|false&#8221; custom_padding=&#8221;0px||||false|false&#8221; animation_style=&#8221;fade&#8221; animation_direction=&#8221;top&#8221; animation_duration=&#8221;1350ms&#8221; animation_starting_opacity=&#8221;100%&#8221; hover_enabled=&#8221;0&#8243; inline_fonts=&#8221;Prata,Montserrat&#8221; global_colors_info=&#8221;{}&#8221; sticky_enabled=&#8221;0&#8243;]<\/p>\n<h1 style=\"text-align: center\"><span style=\"font-family: Montserrat;color: #002c3e\">Chief Restructuring Officer &#8211; CRO gesucht<\/span><\/h1>\n<p>[\/et_pb_text][et_pb_text admin_label=&#8221;Title&#8221; _builder_version=&#8221;4.16&#8243; text_font=&#8221;||||||||&#8221; header_font=&#8221;Prata||||||||&#8221; header_2_font=&#8221;Montserrat|700|||||||&#8221; header_2_text_align=&#8221;center&#8221; header_2_font_size=&#8221;28px&#8221; custom_margin=&#8221;3%||||false|false&#8221; custom_padding=&#8221;0px||||false|false&#8221; animation_style=&#8221;fade&#8221; animation_direction=&#8221;top&#8221; animation_duration=&#8221;1350ms&#8221; animation_starting_opacity=&#8221;100%&#8221; inline_fonts=&#8221;Prata,Montserrat&#8221; global_colors_info=&#8221;{}&#8221;]<\/p>\n<h2><span style=\"font-family: Montserrat;color: #002c3e\">Ihre Chance<\/span><\/h2>\n<p>[\/et_pb_text][et_pb_text _builder_version=&#8221;4.16&#8243; text_font=&#8221;||||||||&#8221; text_font_size=&#8221;16px&#8221; header_font=&#8221;||||||||&#8221; max_width=&#8221;90%&#8221; module_alignment=&#8221;center&#8221; custom_margin=&#8221;3%|0px|5%|0px|false|false&#8221; custom_padding=&#8221;|2%|0px|2%|false|false&#8221; animation_style=&#8221;flip&#8221; animation_direction=&#8221;left&#8221; animation_intensity_flip=&#8221;30%&#8221; animation_starting_opacity=&#8221;100%&#8221; global_colors_info=&#8221;{}&#8221;]<\/p>\n<p style=\"text-align: justify\">Die durch Corona verursachten wirtschaftlichen Schwierigkeiten in vielen Unternehmen f\u00fchren aktuell zu einem gr\u00f6\u00dferen Bedarf an restrukturierungserfahrenen Managern. Daher erweiterten wir f\u00fcr unsere laufenden und geplanten Projekte st\u00e4ndig unser Netzwerk an hochqualifizierten <strong>Chief Restructuring Officers (CRO).<\/strong><\/p>\n<p style=\"text-align: justify\">Der Fokus der Eins\u00e4tze liegt hierbei auf den produzierenden<strong> Industrien und dem Handel\u00a0<\/strong>(Maschinen- und Anlagenbau, Elektroindustrie, Medizintechnik, Automotive, FMCG).<\/p>\n<p>[\/et_pb_text][\/et_pb_column][\/et_pb_row][\/et_pb_section][et_pb_section fb_built=&#8221;1&#8243; _builder_version=&#8221;4.16&#8243; background_color=&#8221;#e6e6e6&#8243; custom_margin=&#8221;||||false|false&#8221; custom_padding=&#8221;10px||0px||false|false&#8221; top_divider_style=&#8221;slant&#8221; top_divider_color=&#8221;#ffffff&#8221; top_divider_flip=&#8221;horizontal|vertical&#8221; bottom_divider_color=&#8221;rgba(0,0,0,0)&#8221; bottom_divider_flip=&#8221;horizontal&#8221; global_colors_info=&#8221;{}&#8221;][et_pb_row admin_label=&#8221;Title Area&#8221; _builder_version=&#8221;4.16&#8243; background_color=&#8221;rgba(0,0,0,0)&#8221; width=&#8221;100%&#8221; module_alignment=&#8221;center&#8221; custom_margin=&#8221;||||false|false&#8221; custom_padding=&#8221;5%|0px||0px|false|false&#8221; global_colors_info=&#8221;{}&#8221;][et_pb_column type=&#8221;4_4&#8243; _builder_version=&#8221;4.16&#8243; custom_padding=&#8221;|||&#8221; global_colors_info=&#8221;{}&#8221; custom_padding__hover=&#8221;|||&#8221;][et_pb_text admin_label=&#8221;Title&#8221; _builder_version=&#8221;4.16&#8243; text_font=&#8221;||||||||&#8221; header_font=&#8221;Prata||||||||&#8221; header_2_font=&#8221;Montserrat|700|||||||&#8221; header_2_text_align=&#8221;center&#8221; header_2_font_size=&#8221;28px&#8221; custom_margin=&#8221;5%||||false|false&#8221; custom_margin_tablet=&#8221;&#8221; custom_margin_phone=&#8221;15%||||false|false&#8221; custom_margin_last_edited=&#8221;on|phone&#8221; custom_padding=&#8221;0%||||false|false&#8221; animation_style=&#8221;fade&#8221; animation_direction=&#8221;top&#8221; animation_duration=&#8221;1350ms&#8221; animation_starting_opacity=&#8221;100%&#8221; inline_fonts=&#8221;Prata,Montserrat&#8221; global_colors_info=&#8221;{}&#8221;]<\/p>\n<h2><span style=\"font-family: Montserrat;color: #002c3e\">Unser Anspruch<\/span><\/h2>\n<p>[\/et_pb_text][et_pb_text _builder_version=&#8221;4.16&#8243; text_font=&#8221;||||||||&#8221; text_font_size=&#8221;16px&#8221; header_font=&#8221;||||||||&#8221; max_width=&#8221;90%&#8221; module_alignment=&#8221;center&#8221; custom_margin=&#8221;3%|0px|0%|0px|false|false&#8221; custom_padding=&#8221;|2%||2%|false|false&#8221; animation_style=&#8221;flip&#8221; animation_direction=&#8221;left&#8221; animation_intensity_flip=&#8221;30%&#8221; animation_starting_opacity=&#8221;100%&#8221; global_colors_info=&#8221;{}&#8221;]<\/p>\n<ul>\n<li style=\"text-align: left\">Sie verf\u00fcgen \u00fcber eine langj\u00e4hrige erfolgreiche Restrukturierungserfahrung und haben bereits mehrfach CRO-Projekte erfolgreich umgesetzt.<\/li>\n<li style=\"text-align: left\">Ihre Erfahrung umfasst gesamtunternehmerisches Gesch\u00e4fts- und Prozessverst\u00e4ndnis<\/li>\n<li style=\"text-align: left\">Sie sind ge\u00fcbt im Vorantreiben von <strong><em>Ver\u00e4nderungsprozessen<\/em><\/strong><\/li>\n<li style=\"text-align: left\">Ihre Umsetzungsst\u00e4rke, Ihre Adaptivit\u00e4t, Ihr Pragmatismus und Ihre Ergebnisorientierung sind \u00fcberdurchschnittlich<\/li>\n<li style=\"text-align: left\">Sie sind belastbar und herausfordernde Themen machen Ihnen Spa\u00df<\/li>\n<li style=\"text-align: left\">Ihre hohe Sozialkompetenz und Ihre sehr guten Kommunikationsf\u00e4higkeiten zeichnen Sie aus<\/li>\n<li style=\"text-align: left\">Sie verf\u00fcgen \u00fcber sehr gute Englischkenntnisse (erforderlich bei internationalen Projekten, weitere Fremdsprachen von Vorteil)<\/li>\n<\/ul>\n<p>[\/et_pb_text][\/et_pb_column][\/et_pb_row][et_pb_row _builder_version=&#8221;4.16&#8243; global_colors_info=&#8221;{}&#8221;][et_pb_column type=&#8221;4_4&#8243; _builder_version=&#8221;4.16&#8243; global_colors_info=&#8221;{}&#8221;][et_pb_button button_url=&#8221;https:\/\/www.eim.com\/de\/interim-manager-werden\/&#8221; url_new_window=&#8221;on&#8221; button_text=&#8221;Jetzt bewerben&#8221; button_alignment=&#8221;center&#8221; _builder_version=&#8221;4.16&#8243; custom_button=&#8221;on&#8221; button_text_size=&#8221;20px&#8221; button_font=&#8221;Montserrat||||||||&#8221; button_icon=&#8221;&#x6c;||divi||400&#8243; button_icon_placement=&#8221;left&#8221; button_on_hover=&#8221;off&#8221; global_colors_info=&#8221;{}&#8221;][\/et_pb_button][\/et_pb_column][\/et_pb_row][\/et_pb_section][et_pb_section fb_built=&#8221;1&#8243; prev_background_color=&#8221;#e6e6e6&#8243; _builder_version=&#8221;4.16&#8243; background_color=&#8221;#ffffff&#8221; custom_margin=&#8221;||||false|false&#8221; custom_padding=&#8221;5%||||false|false&#8221; top_divider_style=&#8221;slant&#8221; top_divider_flip=&#8221;horizontal&#8221; global_colors_info=&#8221;{}&#8221;][et_pb_row _builder_version=&#8221;4.16&#8243; global_colors_info=&#8221;{}&#8221;][et_pb_column type=&#8221;4_4&#8243; _builder_version=&#8221;4.16&#8243; global_colors_info=&#8221;{}&#8221;][\/et_pb_column][\/et_pb_row][\/et_pb_section]<\/p>\n","protected":false},"excerpt":{"rendered":"<p>Chief Restructuring Officer &#8211; CRO gesuchtIhre ChanceDie durch Corona verursachten wirtschaftlichen Schwierigkeiten in vielen Unternehmen f\u00fchren aktuell zu einem gr\u00f6\u00dferen Bedarf an restrukturierungserfahrenen Managern. Daher erweiterten wir f\u00fcr unsere laufenden und geplanten Projekte st\u00e4ndig unser Netzwerk an hochqualifizierten Chief Restructuring Officers (CRO). Der Fokus der Eins\u00e4tze liegt hierbei auf den produzierenden Industrien und dem Handel\u00a0(Maschinen- [&hellip;]<\/p>\n","protected":false},"author":7,"featured_media":0,"comment_status":"closed","ping_status":"closed","sticky":false,"template":"","format":"standard","meta":{"_et_pb_use_builder":"on","_et_pb_old_content":"","_et_gb_content_width":"","footnotes":""},"categories":[998],"tags":[],"class_list":["post-11088","post","type-post","status-publish","format-standard","hentry","category-aktuelle-projekte"],"yoast_head":"<!-- This site is optimized with the Yoast SEO Premium plugin v27.5 (Yoast SEO v27.5) - https:\/\/yoast.com\/product\/yoast-seo-premium-wordpress\/ -->\n<title>Chief Restructuring Officer (CRO) (m\/w\/d) Stellenangebot<\/title>\n<meta name=\"description\" content=\"Vorantreiben &amp; der Ver\u00e4nderungsprozess liegen Ihnen? \u2714 Herausfordernde Themen machen Ihnen Spa\u00df? \u2794 Jetzt bewerben als Chief Restructuring Officer\" \/>\n<meta name=\"robots\" content=\"index, follow, max-snippet:-1, max-image-preview:large, max-video-preview:-1\" \/>\n<link rel=\"canonical\" href=\"https:\/\/www.eim.com\/de\/aktuelle-projekte\/chief-restructuring-officer-cro-gesucht\/\" \/>\n<meta property=\"og:locale\" content=\"de_DE\" \/>\n<meta property=\"og:type\" content=\"article\" \/>\n<meta property=\"og:title\" content=\"Chief Restructuring Officer (CRO) gesucht (m\/w\/d)\" \/>\n<meta property=\"og:url\" content=\"https:\/\/www.eim.com\/de\/aktuelle-projekte\/chief-restructuring-officer-cro-gesucht\/\" \/>\n<meta property=\"og:site_name\" content=\"EIM Germany - Executive Interim Management\" \/>\n<meta property=\"article:published_time\" content=\"2020-06-03T19:21:57+00:00\" \/>\n<meta property=\"article:modified_time\" content=\"2024-03-07T11:21:41+00:00\" \/>\n<meta name=\"twitter:card\" content=\"summary_large_image\" \/>\n<meta name=\"twitter:label1\" content=\"Geschrieben von\" \/>\n\t<meta name=\"twitter:data1\" content=\"\" \/>\n\t<meta name=\"twitter:label2\" content=\"Gesch\u00e4tzte Lesezeit\" \/>\n\t<meta name=\"twitter:data2\" content=\"2 Minuten\" \/>\n<script type=\"application\/ld+json\" class=\"yoast-schema-graph\">{\"@context\":\"https:\\\/\\\/schema.org\",\"@graph\":[{\"@type\":\"Article\",\"@id\":\"https:\\\/\\\/www.eim.com\\\/de\\\/aktuelle-projekte\\\/chief-restructuring-officer-cro-gesucht\\\/#article\",\"isPartOf\":{\"@id\":\"https:\\\/\\\/www.eim.com\\\/de\\\/aktuelle-projekte\\\/chief-restructuring-officer-cro-gesucht\\\/\"},\"author\":{\"name\":\"\",\"@id\":\"\"},\"headline\":\"Chief Restructuring Officer (CRO) gesucht (m\\\/w\\\/d)\",\"datePublished\":\"2020-06-03T19:21:57+00:00\",\"dateModified\":\"2024-03-07T11:21:41+00:00\",\"mainEntityOfPage\":{\"@id\":\"https:\\\/\\\/www.eim.com\\\/de\\\/aktuelle-projekte\\\/chief-restructuring-officer-cro-gesucht\\\/\"},\"wordCount\":749,\"publisher\":{\"@id\":\"https:\\\/\\\/www.eim.com\\\/de\\\/#organization\"},\"articleSection\":[\"Aktuelle Projekte\"],\"inLanguage\":\"de-DE\"},{\"@type\":\"WebPage\",\"@id\":\"https:\\\/\\\/www.eim.com\\\/de\\\/aktuelle-projekte\\\/chief-restructuring-officer-cro-gesucht\\\/\",\"url\":\"https:\\\/\\\/www.eim.com\\\/de\\\/aktuelle-projekte\\\/chief-restructuring-officer-cro-gesucht\\\/\",\"name\":\"Chief Restructuring Officer (CRO) (m\\\/w\\\/d) Stellenangebot\",\"isPartOf\":{\"@id\":\"https:\\\/\\\/www.eim.com\\\/de\\\/#website\"},\"datePublished\":\"2020-06-03T19:21:57+00:00\",\"dateModified\":\"2024-03-07T11:21:41+00:00\",\"description\":\"Vorantreiben & der Ver\u00e4nderungsprozess liegen Ihnen? \u2714 Herausfordernde Themen machen Ihnen Spa\u00df? \u2794 Jetzt bewerben als Chief Restructuring Officer\",\"breadcrumb\":{\"@id\":\"https:\\\/\\\/www.eim.com\\\/de\\\/aktuelle-projekte\\\/chief-restructuring-officer-cro-gesucht\\\/#breadcrumb\"},\"inLanguage\":\"de-DE\",\"potentialAction\":[{\"@type\":\"ReadAction\",\"target\":[\"https:\\\/\\\/www.eim.com\\\/de\\\/aktuelle-projekte\\\/chief-restructuring-officer-cro-gesucht\\\/\"]}]},{\"@type\":\"BreadcrumbList\",\"@id\":\"https:\\\/\\\/www.eim.com\\\/de\\\/aktuelle-projekte\\\/chief-restructuring-officer-cro-gesucht\\\/#breadcrumb\",\"itemListElement\":[{\"@type\":\"ListItem\",\"position\":1,\"name\":\"Home\",\"item\":\"https:\\\/\\\/www.eim.com\\\/de\\\/\"},{\"@type\":\"ListItem\",\"position\":2,\"name\":\"Chief Restructuring Officer (CRO) gesucht (m\\\/w\\\/d)\"}]},{\"@type\":\"WebSite\",\"@id\":\"https:\\\/\\\/www.eim.com\\\/de\\\/#website\",\"url\":\"https:\\\/\\\/www.eim.com\\\/de\\\/\",\"name\":\"EIM Germany - Executive Interim Management\",\"description\":\"EIM delivers business breakthrough differently. Wir stellen erfahrene Interim Manager aus unserem eigenen aktiven Netzwerk bereit.\",\"publisher\":{\"@id\":\"https:\\\/\\\/www.eim.com\\\/de\\\/#organization\"},\"potentialAction\":[{\"@type\":\"SearchAction\",\"target\":{\"@type\":\"EntryPoint\",\"urlTemplate\":\"https:\\\/\\\/www.eim.com\\\/de\\\/?s={search_term_string}\"},\"query-input\":{\"@type\":\"PropertyValueSpecification\",\"valueRequired\":true,\"valueName\":\"search_term_string\"}}],\"inLanguage\":\"de-DE\"},{\"@type\":\"Organization\",\"@id\":\"https:\\\/\\\/www.eim.com\\\/de\\\/#organization\",\"name\":\"EIM Executive Interim Management GmbH\",\"url\":\"https:\\\/\\\/www.eim.com\\\/de\\\/\",\"logo\":{\"@type\":\"ImageObject\",\"inLanguage\":\"de-DE\",\"@id\":\"https:\\\/\\\/www.eim.com\\\/de\\\/#\\\/schema\\\/logo\\\/image\\\/\",\"url\":\"https:\\\/\\\/www.eim.com\\\/de\\\/wp-content\\\/uploads\\\/sites\\\/4\\\/2020\\\/08\\\/positive.png\",\"contentUrl\":\"https:\\\/\\\/www.eim.com\\\/de\\\/wp-content\\\/uploads\\\/sites\\\/4\\\/2020\\\/08\\\/positive.png\",\"width\":1423,\"height\":442,\"caption\":\"EIM Executive Interim Management GmbH\"},\"image\":{\"@id\":\"https:\\\/\\\/www.eim.com\\\/de\\\/#\\\/schema\\\/logo\\\/image\\\/\"},\"sameAs\":[\"https:\\\/\\\/www.linkedin.com\\\/company\\\/eim-germany\\\/\",\"https:\\\/\\\/www.youtube.com\\\/channel\\\/UCi7F99x-c2m83TfJPosKFcg\"]},{\"@type\":\"Person\",\"@id\":\"\"}]}<\/script>\n<!-- \/ Yoast SEO Premium plugin. -->","yoast_head_json":{"title":"Chief Restructuring Officer (CRO) (m\/w\/d) Stellenangebot","description":"Vorantreiben & der Ver\u00e4nderungsprozess liegen Ihnen? \u2714 Herausfordernde Themen machen Ihnen Spa\u00df? \u2794 Jetzt bewerben als Chief Restructuring Officer","robots":{"index":"index","follow":"follow","max-snippet":"max-snippet:-1","max-image-preview":"max-image-preview:large","max-video-preview":"max-video-preview:-1"},"canonical":"https:\/\/www.eim.com\/de\/aktuelle-projekte\/chief-restructuring-officer-cro-gesucht\/","og_locale":"de_DE","og_type":"article","og_title":"Chief Restructuring Officer (CRO) gesucht (m\/w\/d)","og_url":"https:\/\/www.eim.com\/de\/aktuelle-projekte\/chief-restructuring-officer-cro-gesucht\/","og_site_name":"EIM Germany - Executive Interim Management","article_published_time":"2020-06-03T19:21:57+00:00","article_modified_time":"2024-03-07T11:21:41+00:00","twitter_card":"summary_large_image","twitter_misc":{"Geschrieben von":"","Gesch\u00e4tzte Lesezeit":"2 Minuten"},"schema":{"@context":"https:\/\/schema.org","@graph":[{"@type":"Article","@id":"https:\/\/www.eim.com\/de\/aktuelle-projekte\/chief-restructuring-officer-cro-gesucht\/#article","isPartOf":{"@id":"https:\/\/www.eim.com\/de\/aktuelle-projekte\/chief-restructuring-officer-cro-gesucht\/"},"author":{"name":"","@id":""},"headline":"Chief Restructuring Officer (CRO) gesucht (m\/w\/d)","datePublished":"2020-06-03T19:21:57+00:00","dateModified":"2024-03-07T11:21:41+00:00","mainEntityOfPage":{"@id":"https:\/\/www.eim.com\/de\/aktuelle-projekte\/chief-restructuring-officer-cro-gesucht\/"},"wordCount":749,"publisher":{"@id":"https:\/\/www.eim.com\/de\/#organization"},"articleSection":["Aktuelle Projekte"],"inLanguage":"de-DE"},{"@type":"WebPage","@id":"https:\/\/www.eim.com\/de\/aktuelle-projekte\/chief-restructuring-officer-cro-gesucht\/","url":"https:\/\/www.eim.com\/de\/aktuelle-projekte\/chief-restructuring-officer-cro-gesucht\/","name":"Chief Restructuring Officer (CRO) (m\/w\/d) Stellenangebot","isPartOf":{"@id":"https:\/\/www.eim.com\/de\/#website"},"datePublished":"2020-06-03T19:21:57+00:00","dateModified":"2024-03-07T11:21:41+00:00","description":"Vorantreiben & der Ver\u00e4nderungsprozess liegen Ihnen? \u2714 Herausfordernde Themen machen Ihnen Spa\u00df? \u2794 Jetzt bewerben als Chief Restructuring Officer","breadcrumb":{"@id":"https:\/\/www.eim.com\/de\/aktuelle-projekte\/chief-restructuring-officer-cro-gesucht\/#breadcrumb"},"inLanguage":"de-DE","potentialAction":[{"@type":"ReadAction","target":["https:\/\/www.eim.com\/de\/aktuelle-projekte\/chief-restructuring-officer-cro-gesucht\/"]}]},{"@type":"BreadcrumbList","@id":"https:\/\/www.eim.com\/de\/aktuelle-projekte\/chief-restructuring-officer-cro-gesucht\/#breadcrumb","itemListElement":[{"@type":"ListItem","position":1,"name":"Home","item":"https:\/\/www.eim.com\/de\/"},{"@type":"ListItem","position":2,"name":"Chief Restructuring Officer (CRO) gesucht (m\/w\/d)"}]},{"@type":"WebSite","@id":"https:\/\/www.eim.com\/de\/#website","url":"https:\/\/www.eim.com\/de\/","name":"EIM Germany - Executive Interim Management","description":"EIM delivers business breakthrough differently. Wir stellen erfahrene Interim Manager aus unserem eigenen aktiven Netzwerk bereit.","publisher":{"@id":"https:\/\/www.eim.com\/de\/#organization"},"potentialAction":[{"@type":"SearchAction","target":{"@type":"EntryPoint","urlTemplate":"https:\/\/www.eim.com\/de\/?s={search_term_string}"},"query-input":{"@type":"PropertyValueSpecification","valueRequired":true,"valueName":"search_term_string"}}],"inLanguage":"de-DE"},{"@type":"Organization","@id":"https:\/\/www.eim.com\/de\/#organization","name":"EIM Executive Interim Management GmbH","url":"https:\/\/www.eim.com\/de\/","logo":{"@type":"ImageObject","inLanguage":"de-DE","@id":"https:\/\/www.eim.com\/de\/#\/schema\/logo\/image\/","url":"https:\/\/www.eim.com\/de\/wp-content\/uploads\/sites\/4\/2020\/08\/positive.png","contentUrl":"https:\/\/www.eim.com\/de\/wp-content\/uploads\/sites\/4\/2020\/08\/positive.png","width":1423,"height":442,"caption":"EIM Executive Interim Management GmbH"},"image":{"@id":"https:\/\/www.eim.com\/de\/#\/schema\/logo\/image\/"},"sameAs":["https:\/\/www.linkedin.com\/company\/eim-germany\/","https:\/\/www.youtube.com\/channel\/UCi7F99x-c2m83TfJPosKFcg"]},{"@type":"Person","@id":""}]}},"_links":{"self":[{"href":"https:\/\/www.eim.com\/de\/wp-json\/wp\/v2\/posts\/11088","targetHints":{"allow":["GET"]}}],"collection":[{"href":"https:\/\/www.eim.com\/de\/wp-json\/wp\/v2\/posts"}],"about":[{"href":"https:\/\/www.eim.com\/de\/wp-json\/wp\/v2\/types\/post"}],"author":[{"embeddable":true,"href":"https:\/\/www.eim.com\/de\/wp-json\/wp\/v2\/users\/7"}],"replies":[{"embeddable":true,"href":"https:\/\/www.eim.com\/de\/wp-json\/wp\/v2\/comments?post=11088"}],"version-history":[{"count":0,"href":"https:\/\/www.eim.com\/de\/wp-json\/wp\/v2\/posts\/11088\/revisions"}],"wp:attachment":[{"href":"https:\/\/www.eim.com\/de\/wp-json\/wp\/v2\/media?parent=11088"}],"wp:term":[{"taxonomy":"category","embeddable":true,"href":"https:\/\/www.eim.com\/de\/wp-json\/wp\/v2\/categories?post=11088"},{"taxonomy":"post_tag","embeddable":true,"href":"https:\/\/www.eim.com\/de\/wp-json\/wp\/v2\/tags?post=11088"}],"curies":[{"name":"wp","href":"https:\/\/api.w.org\/{rel}","templated":true}]}}