{"id":10988,"date":"2020-06-08T18:14:36","date_gmt":"2020-06-08T16:14:36","guid":{"rendered":"https:\/\/www.eim.com\/de\/?p=10988"},"modified":"2024-03-07T11:59:19","modified_gmt":"2024-03-07T10:59:19","slug":"alf-henryk-wulf","status":"publish","type":"post","link":"https:\/\/www.eim.com\/de\/eim-beirat\/alf-henryk-wulf\/","title":{"rendered":"Alf Henryk Wulf"},"content":{"rendered":"<p>[et_pb_section fb_built=&#8221;1&#8243; admin_label=&#8221;Hero Section&#8221; _builder_version=&#8221;4.16&#8243; background_color=&#8221;rgba(0,0,0,0)&#8221; use_background_color_gradient=&#8221;on&#8221; background_color_gradient_stops=&#8221;rgba(0,0,0,0.4) 0%|rgba(0,0,0,0.4) 100%&#8221; background_color_gradient_overlays_image=&#8221;on&#8221; background_color_gradient_start=&#8221;rgba(0,0,0,0.4)&#8221; background_color_gradient_end=&#8221;rgba(0,0,0,0.4)&#8221; background_image=&#8221;https:\/\/www.eim.com\/de\/wp-content\/uploads\/sites\/4\/2019\/10\/case-study-1.jpeg&#8221; background_position=&#8221;top_center&#8221; height=&#8221;520px&#8221; custom_padding=&#8221;6%||0%|||&#8221; bottom_divider_style=&#8221;slant&#8221; bottom_divider_color=&#8221;#ffffff&#8221; bottom_divider_height=&#8221;150px&#8221; bottom_divider_flip=&#8221;horizontal&#8221; global_colors_info=&#8221;{}&#8221; background_color_gradient_direction__hover=&#8221;180deg&#8221; background_color_gradient_direction__hover_enabled=&#8221;180deg&#8221; background_color_gradient_start_position__hover=&#8221;0%&#8221; background_color_gradient_start_position__hover_enabled=&#8221;0%&#8221; background_color_gradient_end_position__hover=&#8221;100%&#8221; background_color_gradient_end_position__hover_enabled=&#8221;100%&#8221; background_color_gradient_stops__hover=&#8221;rgba(0,0,0,0.4) 0%|rgba(0,0,0,0.4) 100%&#8221;][et_pb_row disabled_on=&#8221;off|off|off&#8221; admin_label=&#8221;Page Title Area&#8221; _builder_version=&#8221;4.16&#8243; width=&#8221;100%&#8221; max_width=&#8221;2560px&#8221; module_alignment=&#8221;center&#8221; custom_margin=&#8221;-5%|auto|auto|auto|false|false&#8221; custom_margin_tablet=&#8221;3%||||false|false&#8221; custom_margin_phone=&#8221;&#8221; custom_margin_last_edited=&#8221;on|desktop&#8221; custom_padding=&#8221;0px|||||&#8221; global_colors_info=&#8221;{}&#8221;][et_pb_column type=&#8221;4_4&#8243; _builder_version=&#8221;4.16&#8243; custom_padding=&#8221;|||&#8221; global_colors_info=&#8221;{}&#8221; custom_padding__hover=&#8221;|||&#8221;][et_pb_text _builder_version=&#8221;4.16&#8243; text_font=&#8221;|600|||||||&#8221; text_text_color=&#8221;#ffffff&#8221; text_font_size=&#8221;18px&#8221; global_colors_info=&#8221;{}&#8221;]<\/p>\n<p style=\"text-align: center\">EIM Beirat<\/p>\n<p>[\/et_pb_text][et_pb_text _builder_version=&#8221;4.24.2&#8243; text_font=&#8221;|600|||||||&#8221; text_text_color=&#8221;#ffffff&#8221; text_font_size=&#8221;33px&#8221; background_layout=&#8221;dark&#8221; hover_enabled=&#8221;0&#8243; global_colors_info=&#8221;{}&#8221; sticky_enabled=&#8221;0&#8243;]<\/p>\n<h1 style=\"text-align: center\">Alf Henryk Wulf<\/h1>\n<p>[\/et_pb_text][\/et_pb_column][\/et_pb_row][\/et_pb_section][et_pb_section fb_built=&#8221;1&#8243; disabled_on=&#8221;off|off|on&#8221; _builder_version=&#8221;4.16&#8243; custom_margin=&#8221;||||false|false&#8221; custom_padding=&#8221;2px||2px||true|false&#8221; global_colors_info=&#8221;{}&#8221;][et_pb_row column_structure=&#8221;1_4,3_4&#8243; _builder_version=&#8221;4.16&#8243; width=&#8221;75%&#8221; module_alignment=&#8221;center&#8221; custom_margin=&#8221;3%|auto|0.6%|auto|false|false&#8221; custom_padding=&#8221;||0px|||&#8221; global_colors_info=&#8221;{}&#8221;][et_pb_column type=&#8221;1_4&#8243; _builder_version=&#8221;4.16&#8243; global_colors_info=&#8221;{}&#8221;][et_pb_image src=&#8221;https:\/\/www.eim.com\/de\/wp-content\/uploads\/sites\/4\/2020\/05\/alf-henryk-wulf.jpg&#8221; title_text=&#8221;zuschnitt-beirat&#8221; _builder_version=&#8221;4.16&#8243; custom_margin=&#8221;4%||15px||false|false&#8221; global_colors_info=&#8221;{}&#8221;][\/et_pb_image][\/et_pb_column][et_pb_column type=&#8221;3_4&#8243; _builder_version=&#8221;4.16&#8243; global_colors_info=&#8221;{}&#8221;][et_pb_text admin_label=&#8221;Title&#8221; _builder_version=&#8221;4.16&#8243; text_font=&#8221;||||||||&#8221; text_font_size=&#8221;16px&#8221; header_font=&#8221;||||||||&#8221; module_alignment=&#8221;center&#8221; custom_margin=&#8221;0px|0px||0px|false|false&#8221; custom_padding=&#8221;0px||0px||false|false&#8221; animation_style=&#8221;flip&#8221; animation_direction=&#8221;left&#8221; animation_intensity_flip=&#8221;30%&#8221; animation_starting_opacity=&#8221;100%&#8221; inline_fonts=&#8221;Prata,Montserrat&#8221; global_colors_info=&#8221;{}&#8221;]<\/p>\n<p><strong><span style=\"font-family: Montserrat;color: #002c3e\">Alf Henryk Wulf <br \/> <\/span><\/strong><\/p>\n<p>[\/et_pb_text][et_pb_text _builder_version=&#8221;4.16&#8243; text_font=&#8221;||||||||&#8221; text_font_size=&#8221;16px&#8221; header_font=&#8221;||||||||&#8221; module_alignment=&#8221;center&#8221; custom_margin=&#8221;0px|0px||0px|false|false&#8221; custom_padding=&#8221;0px||0px||false|false&#8221; animation_style=&#8221;flip&#8221; animation_direction=&#8221;left&#8221; animation_intensity_flip=&#8221;30%&#8221; animation_starting_opacity=&#8221;100%&#8221; global_colors_info=&#8221;{}&#8221;]<\/p>\n<p style=\"text-align: justify\">Nach dem Studium der Elektrotechnik an der TU M\u00fcnchen begann Alf Henryk Wulf 1991 seine berufliche T\u00e4tigkeit bei der Alcatel SEL AG, wo er 2003 zum Mitglied des Vorstandes berufen wurde und 2009 den Vorstandsvorsitz \u00fcbernahm. 2012 wechselte er zur Alstom Deutschland AG (2012 &#8211; 2015) sowie sp\u00e4ter zur GE Power AG (2015 &#8211; 2018), jeweils als Vorsitzender des Vorstandes. Seit 2007 ist Herr Wulf Aufsichtsrat und Beirat in verschiedenen Unternehmen der IT, Telekommunikation, Software, Elektrotechnik, Energie- und Rohstoff-Branche. Zudem ist er stellvertretender Pr\u00e4sident des VDE, leitet das Hi-Tech-Netzwerk BWCon in Baden W\u00fcrttemberg und ist Mitglied des Beirates der Goethe-Gesellschaft in Weimar.<\/p>\n<p>[\/et_pb_text][\/et_pb_column][\/et_pb_row][et_pb_row column_structure=&#8221;1_4,3_4&#8243; _builder_version=&#8221;4.16&#8243; custom_margin=&#8221;||6%||false|false&#8221; custom_padding=&#8221;2%||||false|false&#8221; global_colors_info=&#8221;{}&#8221;][et_pb_column type=&#8221;1_4&#8243; _builder_version=&#8221;4.16&#8243; global_colors_info=&#8221;{}&#8221;][\/et_pb_column][et_pb_column type=&#8221;3_4&#8243; _builder_version=&#8221;4.16&#8243; global_colors_info=&#8221;{}&#8221;][et_pb_button button_url=&#8221;@ET-DC@eyJkeW5hbWljIjp0cnVlLCJjb250ZW50IjoicG9zdF9saW5rX3VybF9wYWdlIiwic2V0dGluZ3MiOnsicG9zdF9pZCI6IjE3OSIsImVuYWJsZV9odG1sIjoib2ZmIn19@&#8221; button_text=&#8221;EIM Beirat&#8221; button_alignment=&#8221;center&#8221; _builder_version=&#8221;4.16&#8243; _dynamic_attributes=&#8221;button_url&#8221; custom_button=&#8221;on&#8221; button_icon=&#8221;&#x23;||divi||400&#8243; button_icon_color=&#8221;#e09900&#8243; button_icon_placement=&#8221;left&#8221; button_on_hover=&#8221;off&#8221; custom_margin=&#8221;8px||||false|false&#8221; custom_padding=&#8221;||||false|false&#8221; global_colors_info=&#8221;{}&#8221;][\/et_pb_button][\/et_pb_column][\/et_pb_row][\/et_pb_section][et_pb_section fb_built=&#8221;1&#8243; disabled_on=&#8221;on|on|off&#8221; _builder_version=&#8221;4.16&#8243; custom_margin=&#8221;||||false|false&#8221; custom_padding=&#8221;2px||2px||true|false&#8221; global_colors_info=&#8221;{}&#8221;][et_pb_row column_structure=&#8221;1_4,3_4&#8243; _builder_version=&#8221;4.16&#8243; width=&#8221;65%&#8221; module_alignment=&#8221;center&#8221; custom_margin=&#8221;3%|auto|0.6%|auto|false|false&#8221; custom_padding=&#8221;||0px|||&#8221; global_colors_info=&#8221;{}&#8221;][et_pb_column type=&#8221;1_4&#8243; _builder_version=&#8221;4.16&#8243; global_colors_info=&#8221;{}&#8221;][et_pb_image src=&#8221;https:\/\/www.eim.com\/de\/wp-content\/uploads\/sites\/4\/2020\/05\/alf-henryk-wulf.jpg&#8221; title_text=&#8221;zuschnitt-beirat&#8221; align=&#8221;center&#8221; _builder_version=&#8221;4.16&#8243; custom_margin=&#8221;4%||15px||false|false&#8221; global_colors_info=&#8221;{}&#8221;][\/et_pb_image][et_pb_text admin_label=&#8221;Title&#8221; _builder_version=&#8221;4.16&#8243; text_font=&#8221;||||||||&#8221; text_font_size=&#8221;16px&#8221; header_font=&#8221;||||||||&#8221; max_width=&#8221;90%&#8221; module_alignment=&#8221;center&#8221; custom_margin=&#8221;|0px|5%|0px|false|false&#8221; custom_padding=&#8221;|2%|0px|2%|false|false&#8221; animation_style=&#8221;flip&#8221; animation_direction=&#8221;left&#8221; animation_intensity_flip=&#8221;30%&#8221; animation_starting_opacity=&#8221;100%&#8221; inline_fonts=&#8221;Prata,Montserrat&#8221; global_colors_info=&#8221;{}&#8221;]<\/p>\n<p style=\"text-align: center\"><strong><span style=\"font-family: Montserrat;color: #002c3e\">Alf Henryk Wulf <br \/> <\/span><\/strong><\/p>\n<p>[\/et_pb_text][\/et_pb_column][et_pb_column type=&#8221;3_4&#8243; _builder_version=&#8221;4.16&#8243; global_colors_info=&#8221;{}&#8221;][et_pb_text _builder_version=&#8221;4.24.0&#8243; text_font=&#8221;||||||||&#8221; text_font_size=&#8221;16px&#8221; header_font=&#8221;||||||||&#8221; max_width=&#8221;90%&#8221; module_alignment=&#8221;center&#8221; custom_margin=&#8221;0px|0px||0px|false|false&#8221; custom_padding=&#8221;0px|2%|0px|2%|false|false&#8221; animation_style=&#8221;flip&#8221; animation_direction=&#8221;left&#8221; animation_intensity_flip=&#8221;30%&#8221; animation_starting_opacity=&#8221;100%&#8221; global_colors_info=&#8221;{}&#8221;]<\/p>\n<p style=\"text-align: justify\">Nach dem Studium der Elektrotechnik an der TU M\u00fcnchen begann Alf Henryk Wulf 1991 seine berufliche T\u00e4tigkeit bei der Alcatel SEL AG, wo er 2003 zum Mitglied des Vorstandes berufen wurde und 2009 den Vorstandsvorsitz \u00fcbernahm. 2012 wechselte er zur Alstom Deutschland AG (2012 &#8211; 2015) sowie sp\u00e4ter zur GE Power AG (2015 &#8211; 2018), jeweils als Vorsitzender des Vorstandes. Seit 2007 ist Herr Wulf Aufsichtsrat und Beirat in verschiedenen Unternehmen der IT, Telekommunikation, Software, Elektrotechnik, Energie- und Rohstoff-Branche. Zudem ist er stellvertretender Pr\u00e4sident des VDE, leitet das Hi-Tech-Netzwerk BWCon in Baden W\u00fcrttemberg und ist Mitglied des Beirates der Goethe-Gesellschaft in Weimar.<\/p>\n<p>[\/et_pb_text][\/et_pb_column][\/et_pb_row][et_pb_row column_structure=&#8221;1_4,3_4&#8243; _builder_version=&#8221;4.16&#8243; width=&#8221;65%&#8221; module_alignment=&#8221;center&#8221; custom_margin=&#8221;|auto|5%|auto|false|false&#8221; custom_padding=&#8221;||0px|||&#8221; global_colors_info=&#8221;{}&#8221;][et_pb_column type=&#8221;1_4&#8243; _builder_version=&#8221;4.16&#8243; global_colors_info=&#8221;{}&#8221;][\/et_pb_column][et_pb_column type=&#8221;3_4&#8243; _builder_version=&#8221;4.16&#8243; global_colors_info=&#8221;{}&#8221;][et_pb_button button_url=&#8221;@ET-DC@eyJkeW5hbWljIjp0cnVlLCJjb250ZW50IjoicG9zdF9saW5rX3VybF9wYWdlIiwic2V0dGluZ3MiOnsicG9zdF9pZCI6IjE3OSIsImVuYWJsZV9odG1sIjoib2ZmIn19@&#8221; button_text=&#8221;EIM Beirat&#8221; button_alignment=&#8221;left&#8221; _builder_version=&#8221;4.16&#8243; _dynamic_attributes=&#8221;button_url&#8221; custom_button=&#8221;on&#8221; button_icon=&#8221;&#x23;||divi||400&#8243; button_icon_color=&#8221;#e09900&#8243; button_icon_placement=&#8221;left&#8221; button_on_hover=&#8221;off&#8221; custom_margin=&#8221;8px|||6%|false|false&#8221; custom_padding=&#8221;||||false|false&#8221; global_colors_info=&#8221;{}&#8221;][\/et_pb_button][\/et_pb_column][\/et_pb_row][et_pb_row _builder_version=&#8221;4.24.0&#8243; _module_preset=&#8221;default&#8221; global_colors_info=&#8221;{}&#8221;][et_pb_column type=&#8221;4_4&#8243; _builder_version=&#8221;4.24.0&#8243; _module_preset=&#8221;default&#8221; global_colors_info=&#8221;{}&#8221;][et_pb_text _builder_version=&#8221;4.24.0&#8243; _module_preset=&#8221;default&#8221; text_font_size=&#8221;16px&#8221; global_colors_info=&#8221;{}&#8221;]<\/p>\n<p><strong>Alf Henryk Wulf im Interview <\/strong>beantwortet Fragen zur derzeitigen Wirtschaftslage und erkl\u00e4rt wie Interim Management als Arbeitsmodell f\u00fcr die Zukunft wegweisend sein kann.<\/p>\n<p>[\/et_pb_text][wpforms_selector form_id=&#8221;13461&#8243; _builder_version=&#8221;4.24.0&#8243; _module_preset=&#8221;default&#8221; width=&#8221;64%&#8221; module_alignment=&#8221;center&#8221; min_height=&#8221;981px&#8221; global_colors_info=&#8221;{}&#8221;][\/wpforms_selector][\/et_pb_column][\/et_pb_row][\/et_pb_section][et_pb_section fb_built=&#8221;1&#8243; _builder_version=&#8221;4.16&#8243; background_color=&#8221;rgba(0,0,0,0)&#8221; max_height=&#8221;100px&#8221; custom_margin=&#8221;||||false|false&#8221; custom_padding=&#8221;0px||28px||false|false&#8221; top_divider_color=&#8221;#ffffff&#8221; top_divider_flip=&#8221;vertical&#8221; bottom_divider_style=&#8221;slant&#8221; bottom_divider_color=&#8221;#002c3e&#8221; bottom_divider_flip=&#8221;horizontal&#8221; global_colors_info=&#8221;{}&#8221;][\/et_pb_section][et_pb_section fb_built=&#8221;1&#8243; _builder_version=&#8221;4.16&#8243; background_color=&#8221;#002c3e&#8221; custom_margin=&#8221;||||false|false&#8221; top_divider_style=&#8221;slant&#8221; top_divider_color=&#8221;rgba(0,0,0,0)&#8221; top_divider_flip=&#8221;vertical&#8221; bottom_divider_color=&#8221;#ffffff&#8221; bottom_divider_flip=&#8221;horizontal&#8221; global_colors_info=&#8221;{}&#8221;][et_pb_row _builder_version=&#8221;4.16&#8243; custom_margin=&#8221;-46px|auto||auto||&#8221; custom_padding=&#8221;60px|||||&#8221; global_colors_info=&#8221;{}&#8221;][et_pb_column type=&#8221;4_4&#8243; _builder_version=&#8221;4.16&#8243; global_colors_info=&#8221;{}&#8221;][et_pb_text admin_label=&#8221;Title&#8221; _builder_version=&#8221;4.16&#8243; text_font=&#8221;||||||||&#8221; text_text_color=&#8221;#ffffff&#8221; header_font=&#8221;Prata||||||||&#8221; header_2_font=&#8221;Montserrat|700|||||||&#8221; header_2_text_align=&#8221;center&#8221; header_2_font_size=&#8221;30px&#8221; custom_margin=&#8221;5%||5px||false|false&#8221; custom_padding=&#8221;||0px|||&#8221; animation_style=&#8221;fade&#8221; animation_direction=&#8221;top&#8221; animation_duration=&#8221;1350ms&#8221; animation_starting_opacity=&#8221;100%&#8221; inline_fonts=&#8221;Prata,Montserrat&#8221; global_colors_info=&#8221;{}&#8221;]<\/p>\n<h2><span style=\"font-family: Montserrat;color: #ffffff\">Kontaktieren Sie uns<\/span><\/h2>\n<p>[\/et_pb_text][\/et_pb_column][\/et_pb_row][et_pb_row column_structure=&#8221;1_5,3_5,1_5&#8243; _builder_version=&#8221;4.16&#8243; custom_margin=&#8221;|auto|5%|auto|false|false&#8221; custom_padding=&#8221;0px|||||&#8221; global_colors_info=&#8221;{}&#8221;][et_pb_column type=&#8221;1_5&#8243; _builder_version=&#8221;4.16&#8243; global_colors_info=&#8221;{}&#8221;][\/et_pb_column][et_pb_column type=&#8221;3_5&#8243; _builder_version=&#8221;4.16&#8243; global_colors_info=&#8221;{}&#8221;][et_pb_text _builder_version=&#8221;4.16&#8243; custom_padding=&#8221;||0px|||&#8221; global_colors_info=&#8221;{}&#8221;]<\/p>\n<p style=\"text-align: center\"><span style=\"color: #ffffff\">Erfahren Sie mehr und nehmen Sie Kontakt mit Ihrem EIM Berater auf<\/span><\/p>\n<p>[\/et_pb_text][et_pb_button button_url=&#8221;\/de\/kontakt&#8221; button_text=&#8221;KONTAKT&#8221; button_alignment=&#8221;center&#8221; _builder_version=&#8221;4.16&#8243; background_layout=&#8221;dark&#8221; global_colors_info=&#8221;{}&#8221;][\/et_pb_button][\/et_pb_column][et_pb_column type=&#8221;1_5&#8243; _builder_version=&#8221;4.16&#8243; global_colors_info=&#8221;{}&#8221;][\/et_pb_column][\/et_pb_row][\/et_pb_section]<\/p>\n","protected":false},"excerpt":{"rendered":"<p>EIM BeiratAlf Henryk WulfAlf Henryk Wulf Nach dem Studium der Elektrotechnik an der TU M\u00fcnchen begann Alf Henryk Wulf 1991 seine berufliche T\u00e4tigkeit bei der Alcatel SEL AG, wo er 2003 zum Mitglied des Vorstandes berufen wurde und 2009 den Vorstandsvorsitz \u00fcbernahm. 2012 wechselte er zur Alstom Deutschland AG (2012 &#8211; 2015) sowie sp\u00e4ter zur [&hellip;]<\/p>\n","protected":false},"author":7,"featured_media":10989,"comment_status":"closed","ping_status":"closed","sticky":false,"template":"","format":"standard","meta":{"_et_pb_use_builder":"on","_et_pb_old_content":"[et_pb_section fb_built=\"1\" admin_label=\"Hero Section\" _builder_version=\"3.27.4\" background_color=\"rgba(0,0,0,0)\" use_background_color_gradient=\"on\" background_color_gradient_start=\"rgba(0,0,0,0.4)\" background_color_gradient_end=\"rgba(0,0,0,0.4)\" background_color_gradient_overlays_image=\"on\" background_image=\"https:\/\/www.eim.com\/de\/wp-content\/uploads\/sites\/4\/2019\/10\/case-study-1.jpeg\" background_position=\"top_center\" height=\"520px\" custom_padding=\"6%||0%|||\" bottom_divider_style=\"slant\" bottom_divider_color=\"#ffffff\" bottom_divider_height=\"150px\" bottom_divider_flip=\"horizontal\" fb_built=\"1\" background_color_gradient_direction__hover=\"180deg\" background_color_gradient_direction__hover_enabled=\"180deg\" background_color_gradient_start_position__hover=\"0%\" background_color_gradient_start_position__hover_enabled=\"0%\" background_color_gradient_end_position__hover=\"100%\" background_color_gradient_end_position__hover_enabled=\"100%\" _i=\"0\" _address=\"0\"][et_pb_row disabled_on=\"off|off|off\" admin_label=\"Page Title Area\" _builder_version=\"3.27.4\" width=\"100%\" max_width=\"2560px\" module_alignment=\"center\" custom_margin=\"-5%|auto|auto|auto|false|false\" custom_margin_tablet=\"3%||||false|false\" custom_margin_last_edited=\"on|desktop\" custom_padding=\"0px|||||\" _i=\"0\" _address=\"0.0\"][et_pb_column type=\"4_4\" _builder_version=\"3.25\" custom_padding=\"|||\" _i=\"0\" _address=\"0.0.0\" custom_padding__hover=\"|||\"][et_pb_text _builder_version=\"3.27.4\" text_font=\"|600|||||||\" text_text_color=\"#ffffff\" text_font_size=\"18px\" _i=\"0\" _address=\"0.0.0.0\"]<p style=\"text-align: center;\">EIM Beirat<\/p>[\/et_pb_text][et_pb_text _builder_version=\"3.27.4\" text_font=\"|600|||||||\" text_text_color=\"#ffffff\" text_font_size=\"33px\" background_layout=\"dark\" _i=\"1\" _address=\"0.0.0.1\"]<p style=\"text-align: center;\">Edwin Eichler<\/p>[\/et_pb_text][\/et_pb_column][\/et_pb_row][\/et_pb_section][et_pb_section fb_built=\"1\" disabled_on=\"off|off|on\" _builder_version=\"3.27.4\" custom_margin=\"||||false|false\" custom_padding=\"2px||2px||true|false\" fb_built=\"1\" _i=\"1\" _address=\"1\"][et_pb_row column_structure=\"1_4,3_4\" _builder_version=\"3.27.4\" width=\"75%\" module_alignment=\"center\" custom_margin=\"3%|auto|0.6%|auto|false|false\" custom_padding=\"||0px|||\" _i=\"0\" _address=\"1.0\"][et_pb_column type=\"1_4\" _builder_version=\"3.27.4\" _i=\"0\" _address=\"1.0.0\"][et_pb_image src=\"https:\/\/www.eim.com\/de\/wp-content\/uploads\/sites\/4\/2020\/04\/edwin-eichler.jpg\" _builder_version=\"3.27.4\" custom_margin=\"4%||15px||false|false\" hover_enabled=\"0\" _i=\"0\" _address=\"1.0.0.0\"][\/et_pb_image][\/et_pb_column][et_pb_column type=\"3_4\" _builder_version=\"3.27.4\" _i=\"1\" _address=\"1.0.1\"][et_pb_text admin_label=\"Title\" _builder_version=\"3.27.4\" text_font=\"||||||||\" text_font_size=\"16px\" header_font=\"||||||||\" module_alignment=\"center\" custom_margin=\"0px|0px||0px|false|false\" custom_padding=\"0px||0px||false|false\" animation_style=\"flip\" animation_direction=\"left\" animation_intensity_flip=\"30%\" animation_starting_opacity=\"100%\" inline_fonts=\"Prata,Montserrat\" _i=\"0\" _address=\"1.0.1.0\"]<strong><span style=\"font-family: Montserrat; color: #002c3e;\">Edwin Eichler\n<\/span><\/strong>[\/et_pb_text][et_pb_text _builder_version=\"3.27.4\" text_font=\"||||||||\" text_font_size=\"16px\" header_font=\"||||||||\" module_alignment=\"center\" custom_margin=\"0px|0px||0px|false|false\" custom_padding=\"0px||0px||false|false\" animation_style=\"flip\" animation_direction=\"left\" animation_intensity_flip=\"30%\" animation_starting_opacity=\"100%\" _i=\"1\" _address=\"1.0.1.1\"]<p style=\"text-align: justify;\">Nach dem Studium der Informatik an der Universit\u00e4t der Bundeswehr Neubiberg begann Edwin Eichler seine berufliche Laufbahn bei der Bertelsmann AG und war von 1996 bis 2002 Mitglied des Vorstands der ARVATO AG. Anschlie\u00dfend war er viele Jahre im Vorstand der Thyssenkrupp AG aktiv. Heute ist Herr Eichler als Mitglied in mehreren Aufsichtsratsgremien t\u00e4tig. Unter anderem bei der SGL Carbon und bei der SMS Group, bei der er AR Vorsitzender ist. Au\u00dferdem ist er Mitglied des Universit\u00e4tsrates der Universit\u00e4t Dortmund. Seit 2013 ist Edwin Eichler als selbstst\u00e4ndiger Unternehmensberater in verschiedenen Industriebereichen erfolgreich t\u00e4tig.<\/p>[\/et_pb_text][\/et_pb_column][\/et_pb_row][et_pb_row column_structure=\"1_4,3_4\" _builder_version=\"3.27.4\" custom_margin=\"||6%||false|false\" custom_padding=\"2%||||false|false\" _i=\"1\" _address=\"1.1\"][et_pb_column type=\"1_4\" _builder_version=\"3.27.4\" _i=\"0\" _address=\"1.1.0\"][\/et_pb_column][et_pb_column type=\"3_4\" _builder_version=\"3.27.4\" _i=\"1\" _address=\"1.1.1\"][et_pb_button button_url=\"@ET-DC@eyJkeW5hbWljIjp0cnVlLCJjb250ZW50IjoicG9zdF9saW5rX3VybF9wYWdlIiwic2V0dGluZ3MiOnsicG9zdF9pZCI6IjE3OSJ9fQ==@\" button_text=\"EIM Beirat\" button_alignment=\"center\" _builder_version=\"3.27.4\" _dynamic_attributes=\"button_url\" custom_button=\"on\" button_icon=\"%%2%%\" button_icon_color=\"#e09900\" button_icon_placement=\"left\" button_on_hover=\"off\" custom_margin=\"8px||||false|false\" custom_padding=\"||||false|false\" _i=\"0\" _address=\"1.1.1.0\"][\/et_pb_button][\/et_pb_column][\/et_pb_row][\/et_pb_section][et_pb_section fb_built=\"1\" disabled_on=\"on|on|off\" _builder_version=\"3.27.4\" custom_margin=\"||||false|false\" custom_padding=\"2px||2px||true|false\" fb_built=\"1\" _i=\"2\" _address=\"2\"][et_pb_row column_structure=\"1_4,3_4\" _builder_version=\"3.27.4\" width=\"65%\" module_alignment=\"center\" custom_margin=\"3%|auto|0.6%|auto|false|false\" custom_padding=\"||0px|||\" _i=\"0\" _address=\"2.0\"][et_pb_column type=\"1_4\" _builder_version=\"3.27.4\" _i=\"0\" _address=\"2.0.0\"][et_pb_image src=\"https:\/\/www.eim.com\/de\/wp-content\/uploads\/sites\/4\/2020\/04\/edwin-eichler.jpg\" align=\"center\" _builder_version=\"3.27.4\" custom_margin=\"4%||15px||false|false\" hover_enabled=\"0\" _i=\"0\" _address=\"2.0.0.0\"][\/et_pb_image][et_pb_text admin_label=\"Title\" _builder_version=\"3.27.4\" text_font=\"||||||||\" text_font_size=\"16px\" header_font=\"||||||||\" max_width=\"90%\" module_alignment=\"center\" custom_margin=\"|0px|5%|0px|false|false\" custom_padding=\"|2%|0px|2%|false|false\" animation_style=\"flip\" animation_direction=\"left\" animation_intensity_flip=\"30%\" animation_starting_opacity=\"100%\" inline_fonts=\"Prata,Montserrat\" _i=\"1\" _address=\"2.0.0.1\"]<p style=\"text-align: center;\"><strong><span style=\"font-family: Montserrat; color: #002c3e;\">Edwin Eichler\n<\/span><\/strong><\/p>[\/et_pb_text][\/et_pb_column][et_pb_column type=\"3_4\" _builder_version=\"3.27.4\" _i=\"1\" _address=\"2.0.1\"][et_pb_text _builder_version=\"3.27.4\" text_font=\"||||||||\" text_font_size=\"16px\" header_font=\"||||||||\" max_width=\"90%\" module_alignment=\"center\" custom_margin=\"0px|0px||0px|false|false\" custom_padding=\"0px|2%|0px|2%|false|false\" animation_style=\"flip\" animation_direction=\"left\" animation_intensity_flip=\"30%\" animation_starting_opacity=\"100%\" _i=\"0\" _address=\"2.0.1.0\"]<p style=\"text-align: justify;\">Nach dem Studium der Informatik an der Universit\u00e4t der Bundeswehr Neubiberg begann Edwin Eichler seine berufliche Laufbahn bei der Bertelsmann AG und war von 1996 bis 2002 Mitglied des Vorstands der ARVATO AG. Anschlie\u00dfend war er viele Jahre im Vorstand der Thyssenkrupp AG aktiv. Heute ist Herr Eichler als Mitglied in mehreren Aufsichtsratsgremien t\u00e4tig. Unter anderem bei der SGL Carbon und bei der SMS Group, bei der er AR Vorsitzender ist. Au\u00dferdem ist er Mitglied des Universit\u00e4tsrates der Universit\u00e4t Dortmund. Seit 2013 ist Edwin Eichler als selbstst\u00e4ndiger Unternehmensberater in verschiedenen Industriebereichen erfolgreich t\u00e4tig.<\/p>[\/et_pb_text][\/et_pb_column][\/et_pb_row][et_pb_row column_structure=\"1_4,3_4\" _builder_version=\"3.27.4\" width=\"65%\" module_alignment=\"center\" custom_margin=\"|auto|5%|auto|false|false\" custom_padding=\"||0px|||\" _i=\"1\" _address=\"2.1\"][et_pb_column type=\"1_4\" _builder_version=\"3.27.4\" _i=\"0\" _address=\"2.1.0\"][\/et_pb_column][et_pb_column type=\"3_4\" _builder_version=\"3.27.4\" _i=\"1\" _address=\"2.1.1\"][et_pb_button button_url=\"@ET-DC@eyJkeW5hbWljIjp0cnVlLCJjb250ZW50IjoicG9zdF9saW5rX3VybF9wYWdlIiwic2V0dGluZ3MiOnsicG9zdF9pZCI6IjE3OSJ9fQ==@\" button_text=\"EIM Beirat\" button_alignment=\"left\" _builder_version=\"3.27.4\" _dynamic_attributes=\"button_url\" custom_button=\"on\" button_icon=\"%%2%%\" button_icon_color=\"#e09900\" button_icon_placement=\"left\" button_on_hover=\"off\" custom_margin=\"8px|||6%|false|false\" custom_padding=\"||||false|false\" _i=\"0\" _address=\"2.1.1.0\"][\/et_pb_button][\/et_pb_column][\/et_pb_row][\/et_pb_section][et_pb_section fb_built=\"1\" _builder_version=\"3.27.4\" background_color=\"rgba(0,0,0,0)\" max_height=\"100px\" custom_margin=\"||||false|false\" custom_padding=\"0px||28px||false|false\" top_divider_color=\"#ffffff\" top_divider_flip=\"vertical\" bottom_divider_style=\"slant\" bottom_divider_color=\"#002c3e\" bottom_divider_flip=\"horizontal\" fb_built=\"1\" _i=\"3\" _address=\"3\"][\/et_pb_section][et_pb_section fb_built=\"1\" _builder_version=\"3.27.4\" background_color=\"#002c3e\" custom_margin=\"||||false|false\" top_divider_style=\"slant\" top_divider_color=\"rgba(0,0,0,0)\" top_divider_flip=\"vertical\" bottom_divider_color=\"#ffffff\" bottom_divider_flip=\"horizontal\" fb_built=\"1\" _i=\"4\" _address=\"4\"][et_pb_row _builder_version=\"3.27.4\" custom_margin=\"-46px|auto||auto||\" custom_padding=\"60px|||||\" _i=\"0\" _address=\"4.0\"][et_pb_column type=\"4_4\" _builder_version=\"3.27.4\" _i=\"0\" _address=\"4.0.0\"][et_pb_text admin_label=\"Title\" _builder_version=\"3.27.4\" text_font=\"||||||||\" text_text_color=\"#ffffff\" header_font=\"Prata||||||||\" header_2_font=\"Montserrat|700|||||||\" header_2_text_align=\"center\" header_2_font_size=\"30px\" custom_margin=\"5%||5px||false|false\" custom_padding=\"||0px|||\" animation_style=\"fade\" animation_direction=\"top\" animation_duration=\"1350ms\" animation_starting_opacity=\"100%\" inline_fonts=\"Prata,Montserrat\" _i=\"0\" _address=\"4.0.0.0\"]<h2><span style=\"font-family: Montserrat; color: #ffffff;\">Kontaktieren Sie uns<\/span><\/h2>[\/et_pb_text][\/et_pb_column][\/et_pb_row][et_pb_row column_structure=\"1_5,3_5,1_5\" _builder_version=\"3.27.4\" custom_margin=\"|auto|5%|auto|false|false\" custom_padding=\"0px|||||\" _i=\"1\" _address=\"4.1\"][et_pb_column type=\"1_5\" _builder_version=\"3.27.4\" _i=\"0\" _address=\"4.1.0\"][\/et_pb_column][et_pb_column type=\"3_5\" _builder_version=\"3.27.4\" _i=\"1\" _address=\"4.1.1\"][et_pb_text _builder_version=\"3.27.4\" custom_padding=\"||0px|||\" _i=\"0\" _address=\"4.1.1.0\"]<p style=\"text-align: center;\"><span style=\"color: #ffffff;\">Erfahren Sie mehr und nehmen Sie Kontakt mit Ihrem EIM Berater auf<\/span><\/p>[\/et_pb_text][et_pb_button button_url=\"\/de\/kontakt\" button_text=\"KONTAKT\" button_alignment=\"center\" _builder_version=\"3.27.4\" background_layout=\"dark\" _i=\"1\" _address=\"4.1.1.1\"][\/et_pb_button][\/et_pb_column][et_pb_column type=\"1_5\" _builder_version=\"3.27.4\" _i=\"2\" _address=\"4.1.2\"][\/et_pb_column][\/et_pb_row][\/et_pb_section]","_et_gb_content_width":"","footnotes":""},"categories":[667],"tags":[],"class_list":["post-10988","post","type-post","status-publish","format-standard","has-post-thumbnail","hentry","category-eim-beirat"],"yoast_head":"<!-- This site is optimized with the Yoast SEO Premium plugin v27.5 (Yoast SEO v27.5) - https:\/\/yoast.com\/product\/yoast-seo-premium-wordpress\/ -->\n<title>Alf Henryk Wulf - Beirat EIM Germany<\/title>\n<meta name=\"robots\" content=\"index, follow, max-snippet:-1, max-image-preview:large, max-video-preview:-1\" \/>\n<link rel=\"canonical\" href=\"https:\/\/www.eim.com\/de\/eim-beirat\/alf-henryk-wulf\/\" \/>\n<meta property=\"og:locale\" content=\"de_DE\" \/>\n<meta property=\"og:type\" content=\"article\" \/>\n<meta property=\"og:title\" content=\"Alf Henryk Wulf\" \/>\n<meta property=\"og:url\" content=\"https:\/\/www.eim.com\/de\/eim-beirat\/alf-henryk-wulf\/\" \/>\n<meta property=\"og:site_name\" content=\"EIM Germany - Executive Interim Management\" \/>\n<meta property=\"article:published_time\" content=\"2020-06-08T16:14:36+00:00\" \/>\n<meta property=\"article:modified_time\" content=\"2024-03-07T10:59:19+00:00\" \/>\n<meta property=\"og:image\" content=\"https:\/\/www.eim.com\/de\/wp-content\/uploads\/sites\/4\/2020\/05\/wulf-portrait.jpg\" \/>\n\t<meta property=\"og:image:width\" content=\"284\" \/>\n\t<meta property=\"og:image:height\" content=\"321\" \/>\n\t<meta property=\"og:image:type\" content=\"image\/jpeg\" \/>\n<meta name=\"twitter:card\" content=\"summary_large_image\" \/>\n<meta name=\"twitter:label1\" content=\"Geschrieben von\" \/>\n\t<meta name=\"twitter:data1\" content=\"\" \/>\n\t<meta name=\"twitter:label2\" content=\"Gesch\u00e4tzte Lesezeit\" \/>\n\t<meta name=\"twitter:data2\" content=\"3 Minuten\" \/>\n<script type=\"application\/ld+json\" class=\"yoast-schema-graph\">{\"@context\":\"https:\\\/\\\/schema.org\",\"@graph\":[{\"@type\":\"Article\",\"@id\":\"https:\\\/\\\/www.eim.com\\\/de\\\/eim-beirat\\\/alf-henryk-wulf\\\/#article\",\"isPartOf\":{\"@id\":\"https:\\\/\\\/www.eim.com\\\/de\\\/eim-beirat\\\/alf-henryk-wulf\\\/\"},\"author\":{\"name\":\"\",\"@id\":\"\"},\"headline\":\"Alf Henryk Wulf\",\"datePublished\":\"2020-06-08T16:14:36+00:00\",\"dateModified\":\"2024-03-07T10:59:19+00:00\",\"mainEntityOfPage\":{\"@id\":\"https:\\\/\\\/www.eim.com\\\/de\\\/eim-beirat\\\/alf-henryk-wulf\\\/\"},\"wordCount\":1506,\"publisher\":{\"@id\":\"https:\\\/\\\/www.eim.com\\\/de\\\/#organization\"},\"image\":{\"@id\":\"https:\\\/\\\/www.eim.com\\\/de\\\/eim-beirat\\\/alf-henryk-wulf\\\/#primaryimage\"},\"thumbnailUrl\":\"https:\\\/\\\/www.eim.com\\\/de\\\/wp-content\\\/uploads\\\/sites\\\/4\\\/2020\\\/05\\\/wulf-portrait.jpg\",\"articleSection\":[\"EIM Beirat\"],\"inLanguage\":\"de-DE\"},{\"@type\":\"WebPage\",\"@id\":\"https:\\\/\\\/www.eim.com\\\/de\\\/eim-beirat\\\/alf-henryk-wulf\\\/\",\"url\":\"https:\\\/\\\/www.eim.com\\\/de\\\/eim-beirat\\\/alf-henryk-wulf\\\/\",\"name\":\"Alf Henryk Wulf - Beirat EIM Germany\",\"isPartOf\":{\"@id\":\"https:\\\/\\\/www.eim.com\\\/de\\\/#website\"},\"primaryImageOfPage\":{\"@id\":\"https:\\\/\\\/www.eim.com\\\/de\\\/eim-beirat\\\/alf-henryk-wulf\\\/#primaryimage\"},\"image\":{\"@id\":\"https:\\\/\\\/www.eim.com\\\/de\\\/eim-beirat\\\/alf-henryk-wulf\\\/#primaryimage\"},\"thumbnailUrl\":\"https:\\\/\\\/www.eim.com\\\/de\\\/wp-content\\\/uploads\\\/sites\\\/4\\\/2020\\\/05\\\/wulf-portrait.jpg\",\"datePublished\":\"2020-06-08T16:14:36+00:00\",\"dateModified\":\"2024-03-07T10:59:19+00:00\",\"breadcrumb\":{\"@id\":\"https:\\\/\\\/www.eim.com\\\/de\\\/eim-beirat\\\/alf-henryk-wulf\\\/#breadcrumb\"},\"inLanguage\":\"de-DE\",\"potentialAction\":[{\"@type\":\"ReadAction\",\"target\":[\"https:\\\/\\\/www.eim.com\\\/de\\\/eim-beirat\\\/alf-henryk-wulf\\\/\"]}]},{\"@type\":\"ImageObject\",\"inLanguage\":\"de-DE\",\"@id\":\"https:\\\/\\\/www.eim.com\\\/de\\\/eim-beirat\\\/alf-henryk-wulf\\\/#primaryimage\",\"url\":\"https:\\\/\\\/www.eim.com\\\/de\\\/wp-content\\\/uploads\\\/sites\\\/4\\\/2020\\\/05\\\/wulf-portrait.jpg\",\"contentUrl\":\"https:\\\/\\\/www.eim.com\\\/de\\\/wp-content\\\/uploads\\\/sites\\\/4\\\/2020\\\/05\\\/wulf-portrait.jpg\",\"width\":284,\"height\":321,\"caption\":\"EIM Beirat Alf Henryk Wulf Portrait\"},{\"@type\":\"BreadcrumbList\",\"@id\":\"https:\\\/\\\/www.eim.com\\\/de\\\/eim-beirat\\\/alf-henryk-wulf\\\/#breadcrumb\",\"itemListElement\":[{\"@type\":\"ListItem\",\"position\":1,\"name\":\"Home\",\"item\":\"https:\\\/\\\/www.eim.com\\\/de\\\/\"},{\"@type\":\"ListItem\",\"position\":2,\"name\":\"Alf Henryk Wulf\"}]},{\"@type\":\"WebSite\",\"@id\":\"https:\\\/\\\/www.eim.com\\\/de\\\/#website\",\"url\":\"https:\\\/\\\/www.eim.com\\\/de\\\/\",\"name\":\"EIM Germany - Executive Interim Management\",\"description\":\"EIM delivers business breakthrough differently. Wir stellen erfahrene Interim Manager aus unserem eigenen aktiven Netzwerk bereit.\",\"publisher\":{\"@id\":\"https:\\\/\\\/www.eim.com\\\/de\\\/#organization\"},\"potentialAction\":[{\"@type\":\"SearchAction\",\"target\":{\"@type\":\"EntryPoint\",\"urlTemplate\":\"https:\\\/\\\/www.eim.com\\\/de\\\/?s={search_term_string}\"},\"query-input\":{\"@type\":\"PropertyValueSpecification\",\"valueRequired\":true,\"valueName\":\"search_term_string\"}}],\"inLanguage\":\"de-DE\"},{\"@type\":\"Organization\",\"@id\":\"https:\\\/\\\/www.eim.com\\\/de\\\/#organization\",\"name\":\"EIM Executive Interim Management GmbH\",\"url\":\"https:\\\/\\\/www.eim.com\\\/de\\\/\",\"logo\":{\"@type\":\"ImageObject\",\"inLanguage\":\"de-DE\",\"@id\":\"https:\\\/\\\/www.eim.com\\\/de\\\/#\\\/schema\\\/logo\\\/image\\\/\",\"url\":\"https:\\\/\\\/www.eim.com\\\/de\\\/wp-content\\\/uploads\\\/sites\\\/4\\\/2020\\\/08\\\/positive.png\",\"contentUrl\":\"https:\\\/\\\/www.eim.com\\\/de\\\/wp-content\\\/uploads\\\/sites\\\/4\\\/2020\\\/08\\\/positive.png\",\"width\":1423,\"height\":442,\"caption\":\"EIM Executive Interim Management GmbH\"},\"image\":{\"@id\":\"https:\\\/\\\/www.eim.com\\\/de\\\/#\\\/schema\\\/logo\\\/image\\\/\"},\"sameAs\":[\"https:\\\/\\\/www.linkedin.com\\\/company\\\/eim-germany\\\/\",\"https:\\\/\\\/www.youtube.com\\\/channel\\\/UCi7F99x-c2m83TfJPosKFcg\"]},{\"@type\":\"Person\",\"@id\":\"\"}]}<\/script>\n<!-- \/ Yoast SEO Premium plugin. -->","yoast_head_json":{"title":"Alf Henryk Wulf - Beirat EIM Germany","robots":{"index":"index","follow":"follow","max-snippet":"max-snippet:-1","max-image-preview":"max-image-preview:large","max-video-preview":"max-video-preview:-1"},"canonical":"https:\/\/www.eim.com\/de\/eim-beirat\/alf-henryk-wulf\/","og_locale":"de_DE","og_type":"article","og_title":"Alf Henryk Wulf","og_url":"https:\/\/www.eim.com\/de\/eim-beirat\/alf-henryk-wulf\/","og_site_name":"EIM Germany - Executive Interim Management","article_published_time":"2020-06-08T16:14:36+00:00","article_modified_time":"2024-03-07T10:59:19+00:00","og_image":[{"width":284,"height":321,"url":"https:\/\/www.eim.com\/de\/wp-content\/uploads\/sites\/4\/2020\/05\/wulf-portrait.jpg","type":"image\/jpeg"}],"twitter_card":"summary_large_image","twitter_misc":{"Geschrieben von":"","Gesch\u00e4tzte Lesezeit":"3 Minuten"},"schema":{"@context":"https:\/\/schema.org","@graph":[{"@type":"Article","@id":"https:\/\/www.eim.com\/de\/eim-beirat\/alf-henryk-wulf\/#article","isPartOf":{"@id":"https:\/\/www.eim.com\/de\/eim-beirat\/alf-henryk-wulf\/"},"author":{"name":"","@id":""},"headline":"Alf Henryk Wulf","datePublished":"2020-06-08T16:14:36+00:00","dateModified":"2024-03-07T10:59:19+00:00","mainEntityOfPage":{"@id":"https:\/\/www.eim.com\/de\/eim-beirat\/alf-henryk-wulf\/"},"wordCount":1506,"publisher":{"@id":"https:\/\/www.eim.com\/de\/#organization"},"image":{"@id":"https:\/\/www.eim.com\/de\/eim-beirat\/alf-henryk-wulf\/#primaryimage"},"thumbnailUrl":"https:\/\/www.eim.com\/de\/wp-content\/uploads\/sites\/4\/2020\/05\/wulf-portrait.jpg","articleSection":["EIM Beirat"],"inLanguage":"de-DE"},{"@type":"WebPage","@id":"https:\/\/www.eim.com\/de\/eim-beirat\/alf-henryk-wulf\/","url":"https:\/\/www.eim.com\/de\/eim-beirat\/alf-henryk-wulf\/","name":"Alf Henryk Wulf - Beirat EIM Germany","isPartOf":{"@id":"https:\/\/www.eim.com\/de\/#website"},"primaryImageOfPage":{"@id":"https:\/\/www.eim.com\/de\/eim-beirat\/alf-henryk-wulf\/#primaryimage"},"image":{"@id":"https:\/\/www.eim.com\/de\/eim-beirat\/alf-henryk-wulf\/#primaryimage"},"thumbnailUrl":"https:\/\/www.eim.com\/de\/wp-content\/uploads\/sites\/4\/2020\/05\/wulf-portrait.jpg","datePublished":"2020-06-08T16:14:36+00:00","dateModified":"2024-03-07T10:59:19+00:00","breadcrumb":{"@id":"https:\/\/www.eim.com\/de\/eim-beirat\/alf-henryk-wulf\/#breadcrumb"},"inLanguage":"de-DE","potentialAction":[{"@type":"ReadAction","target":["https:\/\/www.eim.com\/de\/eim-beirat\/alf-henryk-wulf\/"]}]},{"@type":"ImageObject","inLanguage":"de-DE","@id":"https:\/\/www.eim.com\/de\/eim-beirat\/alf-henryk-wulf\/#primaryimage","url":"https:\/\/www.eim.com\/de\/wp-content\/uploads\/sites\/4\/2020\/05\/wulf-portrait.jpg","contentUrl":"https:\/\/www.eim.com\/de\/wp-content\/uploads\/sites\/4\/2020\/05\/wulf-portrait.jpg","width":284,"height":321,"caption":"EIM Beirat Alf Henryk Wulf Portrait"},{"@type":"BreadcrumbList","@id":"https:\/\/www.eim.com\/de\/eim-beirat\/alf-henryk-wulf\/#breadcrumb","itemListElement":[{"@type":"ListItem","position":1,"name":"Home","item":"https:\/\/www.eim.com\/de\/"},{"@type":"ListItem","position":2,"name":"Alf Henryk Wulf"}]},{"@type":"WebSite","@id":"https:\/\/www.eim.com\/de\/#website","url":"https:\/\/www.eim.com\/de\/","name":"EIM Germany - Executive Interim Management","description":"EIM delivers business breakthrough differently. Wir stellen erfahrene Interim Manager aus unserem eigenen aktiven Netzwerk bereit.","publisher":{"@id":"https:\/\/www.eim.com\/de\/#organization"},"potentialAction":[{"@type":"SearchAction","target":{"@type":"EntryPoint","urlTemplate":"https:\/\/www.eim.com\/de\/?s={search_term_string}"},"query-input":{"@type":"PropertyValueSpecification","valueRequired":true,"valueName":"search_term_string"}}],"inLanguage":"de-DE"},{"@type":"Organization","@id":"https:\/\/www.eim.com\/de\/#organization","name":"EIM Executive Interim Management GmbH","url":"https:\/\/www.eim.com\/de\/","logo":{"@type":"ImageObject","inLanguage":"de-DE","@id":"https:\/\/www.eim.com\/de\/#\/schema\/logo\/image\/","url":"https:\/\/www.eim.com\/de\/wp-content\/uploads\/sites\/4\/2020\/08\/positive.png","contentUrl":"https:\/\/www.eim.com\/de\/wp-content\/uploads\/sites\/4\/2020\/08\/positive.png","width":1423,"height":442,"caption":"EIM Executive Interim Management GmbH"},"image":{"@id":"https:\/\/www.eim.com\/de\/#\/schema\/logo\/image\/"},"sameAs":["https:\/\/www.linkedin.com\/company\/eim-germany\/","https:\/\/www.youtube.com\/channel\/UCi7F99x-c2m83TfJPosKFcg"]},{"@type":"Person","@id":""}]}},"_links":{"self":[{"href":"https:\/\/www.eim.com\/de\/wp-json\/wp\/v2\/posts\/10988","targetHints":{"allow":["GET"]}}],"collection":[{"href":"https:\/\/www.eim.com\/de\/wp-json\/wp\/v2\/posts"}],"about":[{"href":"https:\/\/www.eim.com\/de\/wp-json\/wp\/v2\/types\/post"}],"author":[{"embeddable":true,"href":"https:\/\/www.eim.com\/de\/wp-json\/wp\/v2\/users\/7"}],"replies":[{"embeddable":true,"href":"https:\/\/www.eim.com\/de\/wp-json\/wp\/v2\/comments?post=10988"}],"version-history":[{"count":0,"href":"https:\/\/www.eim.com\/de\/wp-json\/wp\/v2\/posts\/10988\/revisions"}],"wp:featuredmedia":[{"embeddable":true,"href":"https:\/\/www.eim.com\/de\/wp-json\/wp\/v2\/media\/10989"}],"wp:attachment":[{"href":"https:\/\/www.eim.com\/de\/wp-json\/wp\/v2\/media?parent=10988"}],"wp:term":[{"taxonomy":"category","embeddable":true,"href":"https:\/\/www.eim.com\/de\/wp-json\/wp\/v2\/categories?post=10988"},{"taxonomy":"post_tag","embeddable":true,"href":"https:\/\/www.eim.com\/de\/wp-json\/wp\/v2\/tags?post=10988"}],"curies":[{"name":"wp","href":"https:\/\/api.w.org\/{rel}","templated":true}]}}