{"id":11533,"date":"2026-04-27T11:40:21","date_gmt":"2026-04-27T11:40:21","guid":{"rendered":"https:\/\/www.eim.com\/ar\/?p=11533"},"modified":"2026-04-27T17:25:16","modified_gmt":"2026-04-27T17:25:16","slug":"transformacion-administrativa-y-financiera-en-comercio-exterior","status":"publish","type":"post","link":"https:\/\/www.eim.com\/ar\/casos-de-exito\/transformacion-administrativa-y-financiera-en-comercio-exterior\/","title":{"rendered":"Transformaci\u00f3n Administrativa y Financiera en Estudio de Comercio Exterior"},"content":{"rendered":"<p>[et_pb_section fb_built=&#8221;1&#8243; admin_label=&#8221;Hero Section&#8221; _builder_version=&#8221;4.27.5&#8243; use_background_color_gradient=&#8221;on&#8221; background_color_gradient_stops=&#8221;rgba(0,0,0,0.4) 0%|rgba(0,0,0,0.4) 100%&#8221; background_color_gradient_overlays_image=&#8221;on&#8221; background_color_gradient_start=&#8221;rgba(0,0,0,0.4)&#8221; background_color_gradient_end=&#8221;rgba(0,0,0,0.4)&#8221; background_image=&#8221;https:\/\/www.eim.com\/ar\/wp-content\/uploads\/sites\/14\/2026\/04\/Transformacion-en-Estudio-de-Comercio-Exterior-scaled.jpeg&#8221; height=&#8221;520px&#8221; custom_padding=&#8221;6%||0%|||&#8221; bottom_divider_style=&#8221;slant&#8221; bottom_divider_color=&#8221;#ffffff&#8221; bottom_divider_height=&#8221;150px&#8221; bottom_divider_flip=&#8221;horizontal&#8221; global_colors_info=&#8221;{}&#8221; background_color_gradient_direction__hover=&#8221;180deg&#8221; background_color_gradient_direction__hover_enabled=&#8221;180deg&#8221; background_color_gradient_start_position__hover=&#8221;0%&#8221; background_color_gradient_start_position__hover_enabled=&#8221;0%&#8221; background_color_gradient_end_position__hover=&#8221;100%&#8221; background_color_gradient_end_position__hover_enabled=&#8221;100%&#8221; background_color_gradient_stops__hover=&#8221;rgba(0,0,0,0.4) 0%|rgba(0,0,0,0.4) 100%&#8221;][et_pb_row disabled_on=&#8221;off|off|off&#8221; admin_label=&#8221;Page Title Area&#8221; _builder_version=&#8221;4.27.5&#8243; width=&#8221;100%&#8221; max_width=&#8221;2560px&#8221; module_alignment=&#8221;center&#8221; custom_margin=&#8221;1%|auto|0px|auto|false|false&#8221; custom_padding=&#8221;19px||||false|false&#8221; global_colors_info=&#8221;{}&#8221;][et_pb_column type=&#8221;4_4&#8243; _builder_version=&#8221;4.16&#8243; custom_padding=&#8221;|||&#8221; global_colors_info=&#8221;{}&#8221; custom_padding__hover=&#8221;|||&#8221;][et_pb_text _builder_version=&#8221;4.27.5&#8243; text_font=&#8221;|600|||||||&#8221; text_text_color=&#8221;#ffffff&#8221; text_font_size=&#8221;33px&#8221; text_line_height=&#8221;1.1em&#8221; background_layout=&#8221;dark&#8221; custom_margin=&#8221;20px||||false|false&#8221; custom_padding=&#8221;||0px|||&#8221; global_colors_info=&#8221;{}&#8221;]<\/p>\n<h1 style=\"text-align: center;\">Transformaci\u00f3n administrativa y financiera<\/h1>\n<h1 style=\"text-align: center;\">en estudio de comercio exterior<\/h1>\n<p>[\/et_pb_text][\/et_pb_column][\/et_pb_row][\/et_pb_section][et_pb_section fb_built=&#8221;1&#8243; _builder_version=&#8221;4.27.4&#8243; custom_margin=&#8221;||||false|false&#8221; custom_padding=&#8221;2px||2px||true|false&#8221; global_colors_info=&#8221;{}&#8221;][et_pb_row admin_label=&#8221;Title Area&#8221; _builder_version=&#8221;4.16&#8243; background_color=&#8221;rgba(0,0,0,0)&#8221; width=&#8221;100%&#8221; module_alignment=&#8221;center&#8221; custom_margin=&#8221;||||false|false&#8221; custom_padding=&#8221;0px|0px|0px|0px|false|false&#8221; global_colors_info=&#8221;{}&#8221;][et_pb_column type=&#8221;4_4&#8243; _builder_version=&#8221;4.16&#8243; custom_padding=&#8221;|||&#8221; global_colors_info=&#8221;{}&#8221; custom_padding__hover=&#8221;|||&#8221;][et_pb_text _builder_version=&#8221;4.27.4&#8243; text_font=&#8221;||||||||&#8221; text_font_size=&#8221;16px&#8221; header_font=&#8221;||||||||&#8221; max_width=&#8221;90%&#8221; module_alignment=&#8221;center&#8221; custom_margin=&#8221;3%|0px|5%|0px|false|false&#8221; custom_padding=&#8221;|2%|19px|2%|false|false&#8221; animation_style=&#8221;flip&#8221; animation_direction=&#8221;left&#8221; animation_intensity_flip=&#8221;30%&#8221; animation_starting_opacity=&#8221;100%&#8221; global_colors_info=&#8221;{}&#8221;]<\/p>\n<p style=\"text-align: justify;\"><span style=\"color: #002c3e;\"><strong>Sector:<\/strong><\/span> <span style=\"font-weight: 400;\">\u00a0Comercio Exterior<\/span><\/p>\n<p style=\"text-align: justify;\"><span style=\"font-weight: 400;\"><span style=\"color: #003366;\"><strong>Industria<\/strong><\/span>: Servicios<\/span><\/p>\n<p style=\"text-align: justify;\"><span style=\"color: #002c3e;\"><strong>Locaci\u00f3n: <\/strong><\/span>Argentina<\/p>\n<p style=\"text-align: justify;\">\n<p style=\"text-align: justify;\">\n<p style=\"text-align: justify;\"><span style=\"color: #808080;\"><strong>El Cliente:<\/strong><\/span><\/p>\n<p>Empresa argentina con amplia trayectoria en servicios de comercio exterior, reconocida por su vocaci\u00f3n de servicio y cercan\u00eda con el cliente. Su operaci\u00f3n requiere alto nivel de rigurosidad en la gesti\u00f3n de carpetas de clientes, coordinaci\u00f3n de servicios subcontratados y cumplimiento de normativa nacional e internacional, impositiva y cambiaria.<\/p>\n<p>El crecimiento sostenido del negocio comenz\u00f3 a tensionar los procesos administrativos y financieros, especialmente en la gesti\u00f3n de carpetas de clientes, control de costos, facturaci\u00f3n y cobranzas, conciliaci\u00f3n de cuentas corrientes y visibilidad financiera.<\/p>\n<p>Adicionalmente, la compa\u00f1\u00eda hab\u00eda incorporado un nuevo software operativo para la gesti\u00f3n de carpetas de clientes, cuyo impacto en la contabilidad y administraci\u00f3n no estaba completamente integrado.<\/p>\n<p><strong>Desaf\u00edo:<\/strong><\/p>\n<p>Alinear la operaci\u00f3n con la administraci\u00f3n y finanzas para lograr trazabilidad completa desde la operaci\u00f3n hasta la facturaci\u00f3n, reorganizaci\u00f3n de cuentas corrientes, integraci\u00f3n del nuevo software, mejora en cobranzas y flujo de fondos, y claridad en roles y responsabilidades, sin afectar la continuidad operativa.<\/p>\n<p>[\/et_pb_text][\/et_pb_column][\/et_pb_row][\/et_pb_section][et_pb_section fb_built=&#8221;1&#8243; _builder_version=&#8221;4.16&#8243; background_color=&#8221;#e6e6e6&#8243; custom_margin=&#8221;||||false|false&#8221; custom_padding=&#8221;10px||||false|false&#8221; top_divider_style=&#8221;slant&#8221; top_divider_color=&#8221;#ffffff&#8221; top_divider_flip=&#8221;horizontal|vertical&#8221; bottom_divider_style=&#8221;slant&#8221; bottom_divider_color=&#8221;#002c3e&#8221; bottom_divider_flip=&#8221;horizontal&#8221; global_colors_info=&#8221;{}&#8221;][et_pb_row admin_label=&#8221;Title Area&#8221; _builder_version=&#8221;4.27.4&#8243; background_color=&#8221;rgba(0,0,0,0)&#8221; width=&#8221;100%&#8221; module_alignment=&#8221;center&#8221; custom_margin=&#8221;||||false|false&#8221; custom_padding=&#8221;2%|0px|2%|0px|true|false&#8221; global_colors_info=&#8221;{}&#8221;][et_pb_column type=&#8221;4_4&#8243; _builder_version=&#8221;4.16&#8243; custom_padding=&#8221;|||&#8221; global_colors_info=&#8221;{}&#8221; custom_padding__hover=&#8221;|||&#8221;][et_pb_text _builder_version=&#8221;4.27.5&#8243; text_font=&#8221;||||||||&#8221; text_font_size=&#8221;16px&#8221; header_font=&#8221;||||||||&#8221; max_width=&#8221;90%&#8221; module_alignment=&#8221;center&#8221; custom_margin=&#8221;3%|0px|0%|0px|false|false&#8221; custom_padding=&#8221;|2%|53px|2%|false|false&#8221; animation_style=&#8221;flip&#8221; animation_direction=&#8221;left&#8221; animation_intensity_flip=&#8221;30%&#8221; animation_starting_opacity=&#8221;100%&#8221; global_colors_info=&#8221;{}&#8221;]<\/p>\n<p><strong>La Soluci\u00f3n:<\/strong><\/p>\n<p>Se incorpor\u00f3 un Interim Manager con perfil contable-financiero durante 6 meses, con el objetivo de liderar la implementaci\u00f3n y estructuraci\u00f3n de los procesos clave de administraci\u00f3n. Su foco estuvo en optimizar los circuitos de facturaci\u00f3n, cobranzas y conciliaci\u00f3n de cuentas, asegurando consistencia entre la operaci\u00f3n y la gesti\u00f3n financiera, e integrando el nuevo sistema operativo a la realidad administrativa de la compa\u00f1\u00eda..<\/p>\n<p>Principales acciones:<\/p>\n<ul>\n<li style=\"list-style-type: none;\">\n<ul>\n<li>Implementaci\u00f3n del sistema operativo y parametrizaci\u00f3n del software<\/li>\n<li>Migraci\u00f3n y depuraci\u00f3n de saldos de clientes y proveedores<\/li>\n<li>Dise\u00f1o de un nuevo organigrama y definici\u00f3n de roles<\/li>\n<li>Implementaci\u00f3n de circuitos formales de facturaci\u00f3n y cobranzas<\/li>\n<li>Mejora del control financiero y visibilidad de m\u00e1rgenes<\/li>\n<li>Estandarizaci\u00f3n de comunicaciones con clientes<\/li>\n<\/ul>\n<\/li>\n<\/ul>\n<p><strong>Resultados:<\/strong><\/p>\n<p>La intervenci\u00f3n permiti\u00f3 una integraci\u00f3n efectiva entre la operaci\u00f3n y la administraci\u00f3n, logrando ordenar y dar confiabilidad a las cuentas corrientes, mejorar la precisi\u00f3n en la facturaci\u00f3n y cobranzas, y aumentar el control sobre la rentabilidad por cliente y operaci\u00f3n. A su vez, se consolid\u00f3 una estructura organizativa m\u00e1s clara y se elev\u00f3 la calidad de la informaci\u00f3n disponible, facilitando la toma de decisiones y sentando bases s\u00f3lidas para el crecimiento.<\/p>\n<p><strong>Conclusi\u00f3n<\/strong>:<\/p>\n<p>La incorporaci\u00f3n de un manager interino con seniority y experiencia espec\u00edfica permiti\u00f3 abordar en paralelo los desaf\u00edos estructurales del negocio sin desatender la operaci\u00f3n diaria. Mientras el equipo interno continu\u00f3 enfocado en la ejecuci\u00f3n y el servicio al cliente, el ejecutivo aport\u00f3 criterio, metodolog\u00eda y know how para ordenar, integrar y profesionalizar la gesti\u00f3n. Su intervenci\u00f3n no solo gener\u00f3 mejoras concretas en el corto plazo, sino que dej\u00f3 procesos claros y una base s\u00f3lida para sostener la evoluci\u00f3n del negocio de manera consistente.<\/p>\n<p>[\/et_pb_text][\/et_pb_column][\/et_pb_row][\/et_pb_section][et_pb_section fb_built=&#8221;1&#8243; _builder_version=&#8221;4.16&#8243; background_color=&#8221;#002c3e&#8221; custom_margin=&#8221;||-60px||false|false&#8221; top_divider_style=&#8221;slant&#8221; top_divider_color=&#8221;#002c3e&#8221; top_divider_flip=&#8221;vertical&#8221; bottom_divider_color=&#8221;#ffffff&#8221; bottom_divider_flip=&#8221;horizontal&#8221; global_colors_info=&#8221;{}&#8221;][et_pb_row _builder_version=&#8221;4.27.4&#8243; custom_margin=&#8221;-46px|auto||auto||&#8221; custom_padding=&#8221;16px||||false|false&#8221; global_colors_info=&#8221;{}&#8221;][et_pb_column type=&#8221;4_4&#8243; _builder_version=&#8221;4.16&#8243; global_colors_info=&#8221;{}&#8221;][et_pb_text admin_label=&#8221;Title&#8221; _builder_version=&#8221;4.16&#8243; text_font=&#8221;||||||||&#8221; text_text_color=&#8221;#ffffff&#8221; header_font=&#8221;Prata||||||||&#8221; header_2_font=&#8221;Montserrat|700|||||||&#8221; header_2_text_align=&#8221;center&#8221; header_2_font_size=&#8221;30px&#8221; custom_margin=&#8221;5%||5px||false|false&#8221; custom_padding=&#8221;||0px|||&#8221; animation_style=&#8221;fade&#8221; animation_direction=&#8221;top&#8221; animation_duration=&#8221;1350ms&#8221; animation_starting_opacity=&#8221;100%&#8221; inline_fonts=&#8221;Prata,Montserrat&#8221; global_colors_info=&#8221;{}&#8221;]<\/p>\n<h2><span style=\"font-family: Montserrat;color: #ffffff\">P\u00f3ngase en contacto con nosotros<\/span><\/h2>\n<p>[\/et_pb_text][\/et_pb_column][\/et_pb_row][et_pb_row column_structure=&#8221;1_5,3_5,1_5&#8243; _builder_version=&#8221;4.16&#8243; custom_margin=&#8221;|auto|5%|auto|false|false&#8221; custom_padding=&#8221;0px|||||&#8221; global_colors_info=&#8221;{}&#8221;][et_pb_column type=&#8221;1_5&#8243; _builder_version=&#8221;4.16&#8243; global_colors_info=&#8221;{}&#8221;][\/et_pb_column][et_pb_column type=&#8221;3_5&#8243; _builder_version=&#8221;4.16&#8243; global_colors_info=&#8221;{}&#8221;][et_pb_text _builder_version=&#8221;4.16&#8243; custom_padding=&#8221;||0px|||&#8221; global_colors_info=&#8221;{}&#8221;]<\/p>\n<p style=\"text-align: center\"><span style=\"color: #ffffff\">Juntos podemos encontrar la soluci\u00f3n que est\u00e1 buscando.<\/p>\n<p><\/span><\/p>\n<p>[\/et_pb_text][et_pb_button button_url=&#8221;@ET-DC@eyJkeW5hbWljIjp0cnVlLCJjb250ZW50IjoicG9zdF9saW5rX3VybF9wYWdlIiwic2V0dGluZ3MiOnsicG9zdF9pZCI6IjkifX0=@&#8221; button_text=&#8221;CONT\u00c1CTENOS&#8221; button_alignment=&#8221;center&#8221; _builder_version=&#8221;4.16&#8243; _dynamic_attributes=&#8221;button_url&#8221; background_layout=&#8221;dark&#8221; global_colors_info=&#8221;{}&#8221;][\/et_pb_button][\/et_pb_column][et_pb_column type=&#8221;1_5&#8243; _builder_version=&#8221;4.16&#8243; global_colors_info=&#8221;{}&#8221;][\/et_pb_column][\/et_pb_row][\/et_pb_section]<\/p>\n","protected":false},"excerpt":{"rendered":"<p>Transformaci\u00f3n administrativa y financiera en estudio de comercio exteriorSector: \u00a0Comercio Exterior Industria: Servicios Locaci\u00f3n: Argentina El Cliente: Empresa argentina con amplia trayectoria en servicios de comercio exterior, reconocida por su vocaci\u00f3n de servicio y cercan\u00eda con el cliente. Su operaci\u00f3n requiere alto nivel de rigurosidad en la gesti\u00f3n de carpetas de clientes, coordinaci\u00f3n de servicios [&hellip;]<\/p>\n","protected":false},"author":962,"featured_media":11534,"comment_status":"closed","ping_status":"closed","sticky":false,"template":"","format":"standard","meta":{"_et_pb_use_builder":"on","_et_pb_old_content":"","_et_gb_content_width":"2880","footnotes":""},"categories":[4],"tags":[62,89,47,94],"class_list":["post-11533","post","type-post","status-publish","format-standard","has-post-thumbnail","hentry","category-casos-de-exito","tag-estrategia","tag-insumos","tag-interim","tag-retail-innovacion-talento"],"yoast_head":"<!-- This site is optimized with the Yoast SEO Premium plugin v27.5 (Yoast SEO v27.5) - https:\/\/yoast.com\/product\/yoast-seo-premium-wordpress\/ -->\n<title>Transformaci\u00f3n administrativa y financiera en comercio exterior<\/title>\n<meta name=\"description\" content=\"C\u00f3mo una empresa de comercio exterior orden\u00f3 e integr\u00f3 administraci\u00f3n y finanzas con un Interim Manager, mejorando trazabilidad, control y toma de decisiones.\" \/>\n<meta name=\"robots\" content=\"index, follow, max-snippet:-1, max-image-preview:large, max-video-preview:-1\" \/>\n<link rel=\"canonical\" href=\"https:\/\/www.eim.com\/ar\/casos-de-exito\/transformacion-administrativa-y-financiera-en-comercio-exterior\/\" \/>\n<meta property=\"og:locale\" content=\"es_ES\" \/>\n<meta property=\"og:type\" content=\"article\" \/>\n<meta property=\"og:title\" content=\"C\u00f3mo ordenar y escalar un negocio de comercio exterior sin frenar la operaci\u00f3n\" \/>\n<meta property=\"og:description\" content=\"El crecimiento exigi\u00f3 ordenar e integrar operaci\u00f3n, administraci\u00f3n y finanzas. Con un Interim Manager, la empresa gan\u00f3 trazabilidad, control y bases s\u00f3lidas para escalar.\" \/>\n<meta property=\"og:url\" content=\"https:\/\/www.eim.com\/ar\/casos-de-exito\/transformacion-administrativa-y-financiera-en-comercio-exterior\/\" \/>\n<meta property=\"og:site_name\" content=\"EIM Argentina\" \/>\n<meta property=\"article:published_time\" content=\"2026-04-27T11:40:21+00:00\" \/>\n<meta property=\"article:modified_time\" content=\"2026-04-27T17:25:16+00:00\" \/>\n<meta property=\"og:image\" content=\"https:\/\/www.eim.com\/ar\/wp-content\/uploads\/sites\/14\/2026\/04\/Transformacion-en-Estudio-de-Comercio-Exterior-scaled.jpeg\" \/>\n\t<meta property=\"og:image:width\" content=\"2560\" \/>\n\t<meta property=\"og:image:height\" content=\"1396\" \/>\n\t<meta property=\"og:image:type\" content=\"image\/jpeg\" \/>\n<meta name=\"author\" content=\"maguilar\" \/>\n<meta name=\"twitter:card\" content=\"summary_large_image\" \/>\n<meta name=\"twitter:title\" content=\"Transformaci\u00f3n Administrativa y Financiera en Estudio de Comercio Exterior\" \/>\n<meta name=\"twitter:label1\" content=\"Escrito por\" \/>\n\t<meta name=\"twitter:data1\" content=\"maguilar\" \/>\n\t<meta name=\"twitter:label2\" content=\"Tiempo de lectura\" \/>\n\t<meta name=\"twitter:data2\" content=\"3 minutos\" \/>\n<script type=\"application\/ld+json\" class=\"yoast-schema-graph\">{\"@context\":\"https:\\\/\\\/schema.org\",\"@graph\":[{\"@type\":\"Article\",\"@id\":\"https:\\\/\\\/www.eim.com\\\/ar\\\/casos-de-exito\\\/transformacion-administrativa-y-financiera-en-comercio-exterior\\\/#article\",\"isPartOf\":{\"@id\":\"https:\\\/\\\/www.eim.com\\\/ar\\\/casos-de-exito\\\/transformacion-administrativa-y-financiera-en-comercio-exterior\\\/\"},\"author\":{\"name\":\"maguilar\",\"@id\":\"https:\\\/\\\/www.eim.com\\\/ar\\\/#\\\/schema\\\/person\\\/8fcdc228e0f3e1672c26fd8028a42ba0\"},\"headline\":\"Transformaci\u00f3n Administrativa y Financiera en Estudio de Comercio Exterior\",\"datePublished\":\"2026-04-27T11:40:21+00:00\",\"dateModified\":\"2026-04-27T17:25:16+00:00\",\"mainEntityOfPage\":{\"@id\":\"https:\\\/\\\/www.eim.com\\\/ar\\\/casos-de-exito\\\/transformacion-administrativa-y-financiera-en-comercio-exterior\\\/\"},\"wordCount\":1264,\"image\":{\"@id\":\"https:\\\/\\\/www.eim.com\\\/ar\\\/casos-de-exito\\\/transformacion-administrativa-y-financiera-en-comercio-exterior\\\/#primaryimage\"},\"thumbnailUrl\":\"https:\\\/\\\/www.eim.com\\\/ar\\\/wp-content\\\/uploads\\\/sites\\\/14\\\/2026\\\/04\\\/Transformacion-en-Estudio-de-Comercio-Exterior-scaled.jpeg\",\"keywords\":[\"#estrategia\",\"#insumos\",\"#interim\",\"#Retail #Innovaci\u00f3n #Talento\"],\"articleSection\":[\"Casos de \u00e9xito\"],\"inLanguage\":\"es\"},{\"@type\":\"WebPage\",\"@id\":\"https:\\\/\\\/www.eim.com\\\/ar\\\/casos-de-exito\\\/transformacion-administrativa-y-financiera-en-comercio-exterior\\\/\",\"url\":\"https:\\\/\\\/www.eim.com\\\/ar\\\/casos-de-exito\\\/transformacion-administrativa-y-financiera-en-comercio-exterior\\\/\",\"name\":\"Transformaci\u00f3n administrativa y financiera en comercio exterior\",\"isPartOf\":{\"@id\":\"https:\\\/\\\/www.eim.com\\\/ar\\\/#website\"},\"primaryImageOfPage\":{\"@id\":\"https:\\\/\\\/www.eim.com\\\/ar\\\/casos-de-exito\\\/transformacion-administrativa-y-financiera-en-comercio-exterior\\\/#primaryimage\"},\"image\":{\"@id\":\"https:\\\/\\\/www.eim.com\\\/ar\\\/casos-de-exito\\\/transformacion-administrativa-y-financiera-en-comercio-exterior\\\/#primaryimage\"},\"thumbnailUrl\":\"https:\\\/\\\/www.eim.com\\\/ar\\\/wp-content\\\/uploads\\\/sites\\\/14\\\/2026\\\/04\\\/Transformacion-en-Estudio-de-Comercio-Exterior-scaled.jpeg\",\"datePublished\":\"2026-04-27T11:40:21+00:00\",\"dateModified\":\"2026-04-27T17:25:16+00:00\",\"author\":{\"@id\":\"https:\\\/\\\/www.eim.com\\\/ar\\\/#\\\/schema\\\/person\\\/8fcdc228e0f3e1672c26fd8028a42ba0\"},\"description\":\"C\u00f3mo una empresa de comercio exterior orden\u00f3 e integr\u00f3 administraci\u00f3n y finanzas con un Interim Manager, mejorando trazabilidad, control y toma de decisiones.\",\"breadcrumb\":{\"@id\":\"https:\\\/\\\/www.eim.com\\\/ar\\\/casos-de-exito\\\/transformacion-administrativa-y-financiera-en-comercio-exterior\\\/#breadcrumb\"},\"inLanguage\":\"es\",\"potentialAction\":[{\"@type\":\"ReadAction\",\"target\":[\"https:\\\/\\\/www.eim.com\\\/ar\\\/casos-de-exito\\\/transformacion-administrativa-y-financiera-en-comercio-exterior\\\/\"]}]},{\"@type\":\"ImageObject\",\"inLanguage\":\"es\",\"@id\":\"https:\\\/\\\/www.eim.com\\\/ar\\\/casos-de-exito\\\/transformacion-administrativa-y-financiera-en-comercio-exterior\\\/#primaryimage\",\"url\":\"https:\\\/\\\/www.eim.com\\\/ar\\\/wp-content\\\/uploads\\\/sites\\\/14\\\/2026\\\/04\\\/Transformacion-en-Estudio-de-Comercio-Exterior-scaled.jpeg\",\"contentUrl\":\"https:\\\/\\\/www.eim.com\\\/ar\\\/wp-content\\\/uploads\\\/sites\\\/14\\\/2026\\\/04\\\/Transformacion-en-Estudio-de-Comercio-Exterior-scaled.jpeg\",\"width\":2560,\"height\":1396,\"caption\":\"Cuando el crecimiento exige ordenar la operaci\u00f3n, la clave es integrar, no frenar. Un Interim Manager aline\u00f3 operaci\u00f3n, administraci\u00f3n y finanzas, logrando trazabilidad, control y mejores decisiones sin afectar el d\u00eda a d\u00eda.\"},{\"@type\":\"BreadcrumbList\",\"@id\":\"https:\\\/\\\/www.eim.com\\\/ar\\\/casos-de-exito\\\/transformacion-administrativa-y-financiera-en-comercio-exterior\\\/#breadcrumb\",\"itemListElement\":[{\"@type\":\"ListItem\",\"position\":1,\"name\":\"Home\",\"item\":\"https:\\\/\\\/www.eim.com\\\/ar\\\/\"},{\"@type\":\"ListItem\",\"position\":2,\"name\":\"Transformaci\u00f3n Administrativa y Financiera en Estudio de Comercio Exterior\"}]},{\"@type\":\"WebSite\",\"@id\":\"https:\\\/\\\/www.eim.com\\\/ar\\\/#website\",\"url\":\"https:\\\/\\\/www.eim.com\\\/ar\\\/\",\"name\":\"EIM Argentina\",\"description\":\"EIM Group Corporate Argentina\",\"potentialAction\":[{\"@type\":\"SearchAction\",\"target\":{\"@type\":\"EntryPoint\",\"urlTemplate\":\"https:\\\/\\\/www.eim.com\\\/ar\\\/?s={search_term_string}\"},\"query-input\":{\"@type\":\"PropertyValueSpecification\",\"valueRequired\":true,\"valueName\":\"search_term_string\"}}],\"inLanguage\":\"es\"},{\"@type\":\"Person\",\"@id\":\"https:\\\/\\\/www.eim.com\\\/ar\\\/#\\\/schema\\\/person\\\/8fcdc228e0f3e1672c26fd8028a42ba0\",\"name\":\"maguilar\",\"image\":{\"@type\":\"ImageObject\",\"inLanguage\":\"es\",\"@id\":\"https:\\\/\\\/secure.gravatar.com\\\/avatar\\\/f7fc2b8c1fd57dd9c51045599ed14973e3ede29bf9d8cc3afa805e298e6a5898?s=96&d=mm&r=g\",\"url\":\"https:\\\/\\\/secure.gravatar.com\\\/avatar\\\/f7fc2b8c1fd57dd9c51045599ed14973e3ede29bf9d8cc3afa805e298e6a5898?s=96&d=mm&r=g\",\"contentUrl\":\"https:\\\/\\\/secure.gravatar.com\\\/avatar\\\/f7fc2b8c1fd57dd9c51045599ed14973e3ede29bf9d8cc3afa805e298e6a5898?s=96&d=mm&r=g\",\"caption\":\"maguilar\"},\"knowsLanguage\":[\"Spanish\",\"English\"],\"worksFor\":\"EIM Argentina\"}]}<\/script>\n<!-- \/ Yoast SEO Premium plugin. -->","yoast_head_json":{"title":"Transformaci\u00f3n administrativa y financiera en comercio exterior","description":"C\u00f3mo una empresa de comercio exterior orden\u00f3 e integr\u00f3 administraci\u00f3n y finanzas con un Interim Manager, mejorando trazabilidad, control y toma de decisiones.","robots":{"index":"index","follow":"follow","max-snippet":"max-snippet:-1","max-image-preview":"max-image-preview:large","max-video-preview":"max-video-preview:-1"},"canonical":"https:\/\/www.eim.com\/ar\/casos-de-exito\/transformacion-administrativa-y-financiera-en-comercio-exterior\/","og_locale":"es_ES","og_type":"article","og_title":"C\u00f3mo ordenar y escalar un negocio de comercio exterior sin frenar la operaci\u00f3n","og_description":"El crecimiento exigi\u00f3 ordenar e integrar operaci\u00f3n, administraci\u00f3n y finanzas. Con un Interim Manager, la empresa gan\u00f3 trazabilidad, control y bases s\u00f3lidas para escalar.","og_url":"https:\/\/www.eim.com\/ar\/casos-de-exito\/transformacion-administrativa-y-financiera-en-comercio-exterior\/","og_site_name":"EIM Argentina","article_published_time":"2026-04-27T11:40:21+00:00","article_modified_time":"2026-04-27T17:25:16+00:00","og_image":[{"width":2560,"height":1396,"url":"https:\/\/www.eim.com\/ar\/wp-content\/uploads\/sites\/14\/2026\/04\/Transformacion-en-Estudio-de-Comercio-Exterior-scaled.jpeg","type":"image\/jpeg"}],"author":"maguilar","twitter_card":"summary_large_image","twitter_title":"Transformaci\u00f3n Administrativa y Financiera en Estudio de Comercio Exterior","twitter_misc":{"Escrito por":"maguilar","Tiempo de lectura":"3 minutos"},"schema":{"@context":"https:\/\/schema.org","@graph":[{"@type":"Article","@id":"https:\/\/www.eim.com\/ar\/casos-de-exito\/transformacion-administrativa-y-financiera-en-comercio-exterior\/#article","isPartOf":{"@id":"https:\/\/www.eim.com\/ar\/casos-de-exito\/transformacion-administrativa-y-financiera-en-comercio-exterior\/"},"author":{"name":"maguilar","@id":"https:\/\/www.eim.com\/ar\/#\/schema\/person\/8fcdc228e0f3e1672c26fd8028a42ba0"},"headline":"Transformaci\u00f3n Administrativa y Financiera en Estudio de Comercio Exterior","datePublished":"2026-04-27T11:40:21+00:00","dateModified":"2026-04-27T17:25:16+00:00","mainEntityOfPage":{"@id":"https:\/\/www.eim.com\/ar\/casos-de-exito\/transformacion-administrativa-y-financiera-en-comercio-exterior\/"},"wordCount":1264,"image":{"@id":"https:\/\/www.eim.com\/ar\/casos-de-exito\/transformacion-administrativa-y-financiera-en-comercio-exterior\/#primaryimage"},"thumbnailUrl":"https:\/\/www.eim.com\/ar\/wp-content\/uploads\/sites\/14\/2026\/04\/Transformacion-en-Estudio-de-Comercio-Exterior-scaled.jpeg","keywords":["#estrategia","#insumos","#interim","#Retail #Innovaci\u00f3n #Talento"],"articleSection":["Casos de \u00e9xito"],"inLanguage":"es"},{"@type":"WebPage","@id":"https:\/\/www.eim.com\/ar\/casos-de-exito\/transformacion-administrativa-y-financiera-en-comercio-exterior\/","url":"https:\/\/www.eim.com\/ar\/casos-de-exito\/transformacion-administrativa-y-financiera-en-comercio-exterior\/","name":"Transformaci\u00f3n administrativa y financiera en comercio exterior","isPartOf":{"@id":"https:\/\/www.eim.com\/ar\/#website"},"primaryImageOfPage":{"@id":"https:\/\/www.eim.com\/ar\/casos-de-exito\/transformacion-administrativa-y-financiera-en-comercio-exterior\/#primaryimage"},"image":{"@id":"https:\/\/www.eim.com\/ar\/casos-de-exito\/transformacion-administrativa-y-financiera-en-comercio-exterior\/#primaryimage"},"thumbnailUrl":"https:\/\/www.eim.com\/ar\/wp-content\/uploads\/sites\/14\/2026\/04\/Transformacion-en-Estudio-de-Comercio-Exterior-scaled.jpeg","datePublished":"2026-04-27T11:40:21+00:00","dateModified":"2026-04-27T17:25:16+00:00","author":{"@id":"https:\/\/www.eim.com\/ar\/#\/schema\/person\/8fcdc228e0f3e1672c26fd8028a42ba0"},"description":"C\u00f3mo una empresa de comercio exterior orden\u00f3 e integr\u00f3 administraci\u00f3n y finanzas con un Interim Manager, mejorando trazabilidad, control y toma de decisiones.","breadcrumb":{"@id":"https:\/\/www.eim.com\/ar\/casos-de-exito\/transformacion-administrativa-y-financiera-en-comercio-exterior\/#breadcrumb"},"inLanguage":"es","potentialAction":[{"@type":"ReadAction","target":["https:\/\/www.eim.com\/ar\/casos-de-exito\/transformacion-administrativa-y-financiera-en-comercio-exterior\/"]}]},{"@type":"ImageObject","inLanguage":"es","@id":"https:\/\/www.eim.com\/ar\/casos-de-exito\/transformacion-administrativa-y-financiera-en-comercio-exterior\/#primaryimage","url":"https:\/\/www.eim.com\/ar\/wp-content\/uploads\/sites\/14\/2026\/04\/Transformacion-en-Estudio-de-Comercio-Exterior-scaled.jpeg","contentUrl":"https:\/\/www.eim.com\/ar\/wp-content\/uploads\/sites\/14\/2026\/04\/Transformacion-en-Estudio-de-Comercio-Exterior-scaled.jpeg","width":2560,"height":1396,"caption":"Cuando el crecimiento exige ordenar la operaci\u00f3n, la clave es integrar, no frenar. Un Interim Manager aline\u00f3 operaci\u00f3n, administraci\u00f3n y finanzas, logrando trazabilidad, control y mejores decisiones sin afectar el d\u00eda a d\u00eda."},{"@type":"BreadcrumbList","@id":"https:\/\/www.eim.com\/ar\/casos-de-exito\/transformacion-administrativa-y-financiera-en-comercio-exterior\/#breadcrumb","itemListElement":[{"@type":"ListItem","position":1,"name":"Home","item":"https:\/\/www.eim.com\/ar\/"},{"@type":"ListItem","position":2,"name":"Transformaci\u00f3n Administrativa y Financiera en Estudio de Comercio Exterior"}]},{"@type":"WebSite","@id":"https:\/\/www.eim.com\/ar\/#website","url":"https:\/\/www.eim.com\/ar\/","name":"EIM Argentina","description":"EIM Group Corporate Argentina","potentialAction":[{"@type":"SearchAction","target":{"@type":"EntryPoint","urlTemplate":"https:\/\/www.eim.com\/ar\/?s={search_term_string}"},"query-input":{"@type":"PropertyValueSpecification","valueRequired":true,"valueName":"search_term_string"}}],"inLanguage":"es"},{"@type":"Person","@id":"https:\/\/www.eim.com\/ar\/#\/schema\/person\/8fcdc228e0f3e1672c26fd8028a42ba0","name":"maguilar","image":{"@type":"ImageObject","inLanguage":"es","@id":"https:\/\/secure.gravatar.com\/avatar\/f7fc2b8c1fd57dd9c51045599ed14973e3ede29bf9d8cc3afa805e298e6a5898?s=96&d=mm&r=g","url":"https:\/\/secure.gravatar.com\/avatar\/f7fc2b8c1fd57dd9c51045599ed14973e3ede29bf9d8cc3afa805e298e6a5898?s=96&d=mm&r=g","contentUrl":"https:\/\/secure.gravatar.com\/avatar\/f7fc2b8c1fd57dd9c51045599ed14973e3ede29bf9d8cc3afa805e298e6a5898?s=96&d=mm&r=g","caption":"maguilar"},"knowsLanguage":["Spanish","English"],"worksFor":"EIM Argentina"}]}},"_links":{"self":[{"href":"https:\/\/www.eim.com\/ar\/wp-json\/wp\/v2\/posts\/11533","targetHints":{"allow":["GET"]}}],"collection":[{"href":"https:\/\/www.eim.com\/ar\/wp-json\/wp\/v2\/posts"}],"about":[{"href":"https:\/\/www.eim.com\/ar\/wp-json\/wp\/v2\/types\/post"}],"author":[{"embeddable":true,"href":"https:\/\/www.eim.com\/ar\/wp-json\/wp\/v2\/users\/962"}],"replies":[{"embeddable":true,"href":"https:\/\/www.eim.com\/ar\/wp-json\/wp\/v2\/comments?post=11533"}],"version-history":[{"count":3,"href":"https:\/\/www.eim.com\/ar\/wp-json\/wp\/v2\/posts\/11533\/revisions"}],"predecessor-version":[{"id":11543,"href":"https:\/\/www.eim.com\/ar\/wp-json\/wp\/v2\/posts\/11533\/revisions\/11543"}],"wp:featuredmedia":[{"embeddable":true,"href":"https:\/\/www.eim.com\/ar\/wp-json\/wp\/v2\/media\/11534"}],"wp:attachment":[{"href":"https:\/\/www.eim.com\/ar\/wp-json\/wp\/v2\/media?parent=11533"}],"wp:term":[{"taxonomy":"category","embeddable":true,"href":"https:\/\/www.eim.com\/ar\/wp-json\/wp\/v2\/categories?post=11533"},{"taxonomy":"post_tag","embeddable":true,"href":"https:\/\/www.eim.com\/ar\/wp-json\/wp\/v2\/tags?post=11533"}],"curies":[{"name":"wp","href":"https:\/\/api.w.org\/{rel}","templated":true}]}}