{"id":11399,"date":"2025-05-08T12:14:34","date_gmt":"2025-05-08T12:14:34","guid":{"rendered":"https:\/\/www.eim.com\/ar\/?p=11399"},"modified":"2025-05-08T12:14:40","modified_gmt":"2025-05-08T12:14:40","slug":"transformacion-finanzas-manager-interino-alimentos","status":"publish","type":"post","link":"https:\/\/www.eim.com\/ar\/casos-de-exito\/transformacion-finanzas-manager-interino-alimentos\/","title":{"rendered":"Transformaci\u00f3n del \u00c1rea de Administraci\u00f3n y Finanzas en Empresa Internacional de Insumos Alimentarios"},"content":{"rendered":"<p>[et_pb_section fb_built=&#8221;1&#8243; admin_label=&#8221;Hero Section&#8221; _builder_version=&#8221;4.27.4&#8243; use_background_color_gradient=&#8221;on&#8221; background_color_gradient_stops=&#8221;rgba(0,0,0,0.4) 0%|rgba(0,0,0,0.4) 100%&#8221; background_color_gradient_overlays_image=&#8221;on&#8221; background_color_gradient_start=&#8221;rgba(0,0,0,0.4)&#8221; background_color_gradient_end=&#8221;rgba(0,0,0,0.4)&#8221; background_image=&#8221;https:\/\/www.eim.com\/ar\/wp-content\/uploads\/sites\/14\/2025\/05\/Interim-CFO-empresa-de-alimentos-scaled.jpeg&#8221; height=&#8221;520px&#8221; custom_padding=&#8221;6%||0%|||&#8221; bottom_divider_style=&#8221;slant&#8221; bottom_divider_color=&#8221;#ffffff&#8221; bottom_divider_height=&#8221;150px&#8221; bottom_divider_flip=&#8221;horizontal&#8221; hover_enabled=&#8221;0&#8243; global_colors_info=&#8221;{}&#8221; background_color_gradient_direction__hover=&#8221;180deg&#8221; background_color_gradient_direction__hover_enabled=&#8221;180deg&#8221; background_color_gradient_start_position__hover=&#8221;0%&#8221; background_color_gradient_start_position__hover_enabled=&#8221;0%&#8221; background_color_gradient_end_position__hover=&#8221;100%&#8221; background_color_gradient_end_position__hover_enabled=&#8221;100%&#8221; background_color_gradient_stops__hover=&#8221;rgba(0,0,0,0.4) 0%|rgba(0,0,0,0.4) 100%&#8221; alt=&#8221;Gerente administracion y finanzas interino empresa alimentos&#8221; title_text=&#8221;CFO Interino empresa alimentos&#8221; sticky_enabled=&#8221;0&#8243;][et_pb_row disabled_on=&#8221;off|off|off&#8221; admin_label=&#8221;Page Title Area&#8221; _builder_version=&#8221;4.27.2&#8243; width=&#8221;100%&#8221; max_width=&#8221;2560px&#8221; module_alignment=&#8221;center&#8221; custom_margin=&#8221;1%|auto|0px|auto|false|false&#8221; custom_padding=&#8221;0px|||||&#8221; global_colors_info=&#8221;{}&#8221;][et_pb_column type=&#8221;4_4&#8243; _builder_version=&#8221;4.16&#8243; custom_padding=&#8221;|||&#8221; global_colors_info=&#8221;{}&#8221; custom_padding__hover=&#8221;|||&#8221;][et_pb_text _builder_version=&#8221;4.27.4&#8243; text_font=&#8221;|600|||||||&#8221; text_text_color=&#8221;#ffffff&#8221; text_font_size=&#8221;33px&#8221; text_line_height=&#8221;1.4em&#8221; background_layout=&#8221;dark&#8221; custom_margin=&#8221;31px||||false|false&#8221; custom_padding=&#8221;||0px|||&#8221; hover_enabled=&#8221;0&#8243; global_colors_info=&#8221;{}&#8221; sticky_enabled=&#8221;0&#8243;]<\/p>\n<h3 style=\"text-align: center;\">Transformaci\u00f3n del \u00c1rea de Administraci\u00f3n y Finanzas en<\/h3>\n<h3 style=\"text-align: center;\">Empresa Internacional de Insumos Alimentarios<\/h3>\n<p>[\/et_pb_text][\/et_pb_column][\/et_pb_row][\/et_pb_section][et_pb_section fb_built=&#8221;1&#8243; _builder_version=&#8221;4.16&#8243; custom_margin=&#8221;||||false|false&#8221; custom_padding=&#8221;2px||2px||true|false&#8221; global_colors_info=&#8221;{}&#8221;][et_pb_row admin_label=&#8221;Title Area&#8221; _builder_version=&#8221;4.16&#8243; background_color=&#8221;rgba(0,0,0,0)&#8221; width=&#8221;100%&#8221; module_alignment=&#8221;center&#8221; custom_margin=&#8221;||||false|false&#8221; custom_padding=&#8221;0px|0px|0px|0px|false|false&#8221; global_colors_info=&#8221;{}&#8221;][et_pb_column type=&#8221;4_4&#8243; _builder_version=&#8221;4.16&#8243; custom_padding=&#8221;|||&#8221; global_colors_info=&#8221;{}&#8221; custom_padding__hover=&#8221;|||&#8221;][et_pb_text _builder_version=&#8221;4.27.4&#8243; text_font=&#8221;||||||||&#8221; text_font_size=&#8221;16px&#8221; header_font=&#8221;||||||||&#8221; max_width=&#8221;90%&#8221; module_alignment=&#8221;center&#8221; custom_margin=&#8221;3%|0px|5%|0px|false|false&#8221; custom_padding=&#8221;|2%|0px|2%|false|false&#8221; animation_style=&#8221;flip&#8221; animation_direction=&#8221;left&#8221; animation_intensity_flip=&#8221;30%&#8221; animation_starting_opacity=&#8221;100%&#8221; hover_enabled=&#8221;0&#8243; global_colors_info=&#8221;{}&#8221; sticky_enabled=&#8221;0&#8243;]<\/p>\n<p style=\"text-align: justify;\"><span style=\"color: #002c3e;\"><strong>Sector:<\/strong><\/span> <span style=\"font-weight: 400;\">\u00a0Alimentos y Bebidas<\/span><\/p>\n<p style=\"text-align: justify;\"><span style=\"font-weight: 400;\"><strong>Industria<\/strong>: Insumos<\/span><\/p>\n<p style=\"text-align: justify;\"><span style=\"color: #002c3e;\"><strong>Locaci\u00f3n:<\/strong><\/span> Argentina<\/p>\n<p style=\"text-align: justify;\"><span style=\"color: #002c3e;\"><strong>La Situaci\u00f3n:<\/strong><\/span><\/p>\n<p>A comienzos de 2024, en un contexto argentino marcado por estancamiento econ\u00f3mico, alta inflaci\u00f3n y restricciones cambiarias, una compa\u00f1\u00eda internacional con operaciones industriales en el pa\u00eds y la regi\u00f3n deb\u00eda encarar una transformaci\u00f3n organizacional profunda.<\/p>\n<p>El \u00e1rea de Administraci\u00f3n y Finanzas, hist\u00f3ricamente centrada en el control, la contenci\u00f3n de costos y el cumplimiento, deb\u00eda reconvertirse para convertirse en un actor estrat\u00e9gico del negocio: un \u00e1rea que proponga, lidere y agregue valor. En paralelo, se planificaba la implementaci\u00f3n de SAP, lo cual exig\u00eda una revisi\u00f3n y redise\u00f1o de procesos clave, sumado al desaf\u00edo de mantener la operaci\u00f3n alineada con los est\u00e1ndares internacionales del grupo.<\/p>\n<p><strong>Desaf\u00edo:<\/strong><\/p>\n<p>El objetivo era incorporar un liderazgo de transici\u00f3n que pudiera, en tiempo r\u00e9cord:<br \/>&#8211; Redefinir la estructura del \u00e1rea financiera y su modelo operativo.<br \/>&#8211; Sentar las bases para la implementaci\u00f3n de SAP.<br \/>&#8211; Identificar oportunidades de mejora fiscal y operativa.<br \/>&#8211; Actuar como impulsor del cambio en todas las \u00e1reas con mirada financiera transversal.<\/p>\n<p>Todo esto, en un entorno interno marcado por la necesidad de resultados inmediatos, limitaciones presupuestarias, y bajo un marco regional altamente competitivo.<\/p>\n<p>[\/et_pb_text][\/et_pb_column][\/et_pb_row][\/et_pb_section][et_pb_section fb_built=&#8221;1&#8243; _builder_version=&#8221;4.16&#8243; background_color=&#8221;#e6e6e6&#8243; custom_margin=&#8221;||||false|false&#8221; custom_padding=&#8221;10px||||false|false&#8221; top_divider_style=&#8221;slant&#8221; top_divider_color=&#8221;#ffffff&#8221; top_divider_flip=&#8221;horizontal|vertical&#8221; bottom_divider_style=&#8221;slant&#8221; bottom_divider_color=&#8221;#002c3e&#8221; bottom_divider_flip=&#8221;horizontal&#8221; global_colors_info=&#8221;{}&#8221;][et_pb_row admin_label=&#8221;Title Area&#8221; _builder_version=&#8221;4.16&#8243; background_color=&#8221;rgba(0,0,0,0)&#8221; width=&#8221;100%&#8221; module_alignment=&#8221;center&#8221; custom_margin=&#8221;||||false|false&#8221; custom_padding=&#8221;3%|0px|5.4%|0px|false|false&#8221; global_colors_info=&#8221;{}&#8221;][et_pb_column type=&#8221;4_4&#8243; _builder_version=&#8221;4.16&#8243; custom_padding=&#8221;|||&#8221; global_colors_info=&#8221;{}&#8221; custom_padding__hover=&#8221;|||&#8221;][et_pb_text _builder_version=&#8221;4.27.4&#8243; text_font=&#8221;||||||||&#8221; text_font_size=&#8221;16px&#8221; header_font=&#8221;||||||||&#8221; max_width=&#8221;90%&#8221; module_alignment=&#8221;center&#8221; custom_margin=&#8221;3%|0px|0%|0px|false|false&#8221; custom_padding=&#8221;|2%|53px|2%|false|false&#8221; animation_style=&#8221;flip&#8221; animation_direction=&#8221;left&#8221; animation_intensity_flip=&#8221;30%&#8221; animation_starting_opacity=&#8221;100%&#8221; hover_enabled=&#8221;0&#8243; global_colors_info=&#8221;{}&#8221; sticky_enabled=&#8221;0&#8243;]<\/p>\n<p><strong>La Soluci\u00f3n:<\/strong><\/p>\n<p>EIM Latam trabaj\u00f3 junto al equipo directivo para comprender el perfil de liderazgo necesario y present\u00f3 una terna de candidatos con experiencia concreta en industrias atravesadas por contextos desafiantes. El cliente opt\u00f3 por un perfil disruptivo, que no proven\u00eda de la industria alimentaria, pero que aportaba una mirada estrat\u00e9gica fresca y la capacidad de romper esquemas tradicionales para acelerar el cambio. Su experiencia transversal en otras industrias fue clave para cuestionar el statu quo y proponer soluciones innovadoras.<br \/>Durante los primeros doce meses, el ejecutivo interino logr\u00f3:<br \/>&#8211; Redise\u00f1ar la estructura del \u00e1rea de Administraci\u00f3n y Finanzas, redefiniendo puestos, responsabilidades y l\u00edneas de reporte.<br \/>&#8211; Modernizar los informes de gesti\u00f3n, con foco en an\u00e1lisis de valor, proyecciones din\u00e1micas y alertas tempranas.<br \/>&#8211; Completar con \u00e9xito la primera fase del proyecto SAP: relevamiento y estandarizaci\u00f3n de procesos administrativos y financieros, asegurando su integraci\u00f3n futura sin fricciones.<br \/>&#8211; Iniciar mejoras significativas en la posici\u00f3n impositiva de la compa\u00f1\u00eda, y dar los primeros pasos en una estrategia de optimizaci\u00f3n del manejo de inventarios y rotaci\u00f3n de stocks.<\/p>\n<p>Gracias a su visi\u00f3n de negocio y capacidad para generar di\u00e1logo con \u00e1reas operativas, comerciales y log\u00edsticas, su impacto trascendi\u00f3 el \u00e1mbito financiero. Por este motivo, antes de finalizar su etapa como interino, la compa\u00f1\u00eda le ofreci\u00f3 un puesto permanente como Gerente de Supply Chain, reconociendo su rol como impulsor de mejoras transversales clave para la operaci\u00f3n.<\/p>\n<h4>Conclusi\u00f3n:<\/h4>\n<p>Este caso refleja c\u00f3mo, en contextos de alta complejidad, la incorporaci\u00f3n de talento ejecutivo interino puede ser el punto de inflexi\u00f3n para redise\u00f1ar estructuras, acelerar transformaciones y generar impacto real en el negocio.<\/p>\n<p>El cliente reconoci\u00f3 el valor estrat\u00e9gico de una contrataci\u00f3n interina y aplic\u00f3 con \u00e9xito esta herramienta para lograr una transformaci\u00f3n efectiva\u00a0<\/p>\n<p>En EIM Latam estamos orgullosos y confiados en el m\u00e9todo que implementamos, el cual nos permite interpretar con profundidad las necesidades de nuestros clientes y proponer candidatos capaces de cumplir con la misi\u00f3n asignada, incluso cuando no provienen de la industria espec\u00edfica.<\/p>\n<p>&nbsp;<\/p>\n<p>[\/et_pb_text][\/et_pb_column][\/et_pb_row][\/et_pb_section][et_pb_section fb_built=&#8221;1&#8243; _builder_version=&#8221;4.16&#8243; background_color=&#8221;#002c3e&#8221; custom_margin=&#8221;||-60px||false|false&#8221; top_divider_style=&#8221;slant&#8221; top_divider_color=&#8221;#002c3e&#8221; top_divider_flip=&#8221;vertical&#8221; bottom_divider_color=&#8221;#ffffff&#8221; bottom_divider_flip=&#8221;horizontal&#8221; global_colors_info=&#8221;{}&#8221;][et_pb_row _builder_version=&#8221;4.16&#8243; custom_margin=&#8221;-46px|auto||auto||&#8221; custom_padding=&#8221;60px|||||&#8221; global_colors_info=&#8221;{}&#8221;][et_pb_column type=&#8221;4_4&#8243; _builder_version=&#8221;4.16&#8243; global_colors_info=&#8221;{}&#8221;][et_pb_text admin_label=&#8221;Title&#8221; _builder_version=&#8221;4.16&#8243; text_font=&#8221;||||||||&#8221; text_text_color=&#8221;#ffffff&#8221; header_font=&#8221;Prata||||||||&#8221; header_2_font=&#8221;Montserrat|700|||||||&#8221; header_2_text_align=&#8221;center&#8221; header_2_font_size=&#8221;30px&#8221; custom_margin=&#8221;5%||5px||false|false&#8221; custom_padding=&#8221;||0px|||&#8221; animation_style=&#8221;fade&#8221; animation_direction=&#8221;top&#8221; animation_duration=&#8221;1350ms&#8221; animation_starting_opacity=&#8221;100%&#8221; inline_fonts=&#8221;Prata,Montserrat&#8221; global_colors_info=&#8221;{}&#8221;]<\/p>\n<h2><span style=\"font-family: Montserrat;color: #ffffff\">P\u00f3ngase en contacto con nosotros<\/span><\/h2>\n<p>[\/et_pb_text][\/et_pb_column][\/et_pb_row][et_pb_row column_structure=&#8221;1_5,3_5,1_5&#8243; _builder_version=&#8221;4.16&#8243; custom_margin=&#8221;|auto|5%|auto|false|false&#8221; custom_padding=&#8221;0px|||||&#8221; global_colors_info=&#8221;{}&#8221;][et_pb_column type=&#8221;1_5&#8243; _builder_version=&#8221;4.16&#8243; global_colors_info=&#8221;{}&#8221;][\/et_pb_column][et_pb_column type=&#8221;3_5&#8243; _builder_version=&#8221;4.16&#8243; global_colors_info=&#8221;{}&#8221;][et_pb_text _builder_version=&#8221;4.16&#8243; custom_padding=&#8221;||0px|||&#8221; global_colors_info=&#8221;{}&#8221;]<\/p>\n<p style=\"text-align: center\"><span style=\"color: #ffffff\">Juntos podemos encontrar la soluci\u00f3n que est\u00e1 buscando.<\/p>\n<p><\/span><\/p>\n<p>[\/et_pb_text][et_pb_button button_url=&#8221;@ET-DC@eyJkeW5hbWljIjp0cnVlLCJjb250ZW50IjoicG9zdF9saW5rX3VybF9wYWdlIiwic2V0dGluZ3MiOnsicG9zdF9pZCI6IjkifX0=@&#8221; button_text=&#8221;CONT\u00c1CTENOS&#8221; button_alignment=&#8221;center&#8221; _builder_version=&#8221;4.16&#8243; _dynamic_attributes=&#8221;button_url&#8221; background_layout=&#8221;dark&#8221; global_colors_info=&#8221;{}&#8221;][\/et_pb_button][\/et_pb_column][et_pb_column type=&#8221;1_5&#8243; _builder_version=&#8221;4.16&#8243; global_colors_info=&#8221;{}&#8221;][\/et_pb_column][\/et_pb_row][\/et_pb_section]<\/p>\n","protected":false},"excerpt":{"rendered":"<p>Transformaci\u00f3n del \u00c1rea de Administraci\u00f3n y Finanzas en Empresa Internacional de Insumos AlimentariosSector: \u00a0Alimentos y Bebidas Industria: Insumos Locaci\u00f3n: Argentina La Situaci\u00f3n: A comienzos de 2024, en un contexto argentino marcado por estancamiento econ\u00f3mico, alta inflaci\u00f3n y restricciones cambiarias, una compa\u00f1\u00eda internacional con operaciones industriales en el pa\u00eds y la regi\u00f3n deb\u00eda encarar una transformaci\u00f3n [&hellip;]<\/p>\n","protected":false},"author":962,"featured_media":11400,"comment_status":"closed","ping_status":"closed","sticky":false,"template":"","format":"standard","meta":{"_et_pb_use_builder":"on","_et_pb_old_content":"","_et_gb_content_width":"2880","footnotes":""},"categories":[4],"tags":[91,90,92,46,62,57,89,47],"class_list":["post-11399","post","type-post","status-publish","format-standard","has-post-thumbnail","hentry","category-casos-de-exito","tag-alimentos","tag-alimentos-y-bebidaas","tag-bebidas","tag-cfo","tag-estrategia","tag-estrategia-capital-humano","tag-insumos","tag-interim"],"yoast_head":"<!-- This site is optimized with the Yoast SEO Premium plugin v27.0 (Yoast SEO v27.4) - https:\/\/yoast.com\/product\/yoast-seo-premium-wordpress\/ -->\n<title>Transformaci\u00f3n en Empresa de Insumos Alimentarios<\/title>\n<meta name=\"description\" content=\"Descubr\u00ed c\u00f3mo una empresa internacional de insumos alimentarios transform\u00f3 su \u00e1rea financiera con un manager interino seleccionado por EIM Latam\" \/>\n<meta name=\"robots\" content=\"index, follow, max-snippet:-1, max-image-preview:large, max-video-preview:-1\" \/>\n<link rel=\"canonical\" href=\"https:\/\/www.eim.com\/ar\/casos-de-exito\/transformacion-finanzas-manager-interino-alimentos\/\" \/>\n<meta property=\"og:locale\" content=\"es_ES\" \/>\n<meta property=\"og:type\" content=\"article\" \/>\n<meta property=\"og:title\" content=\"Caso de \u00c9xito: Transformaci\u00f3n en empresa de insumos alimentarios\" \/>\n<meta property=\"og:description\" content=\"Descubre como una empresa de Insumos alimentarios transformo su \u00e1rea de Administraci\u00f3n y Finanzas\" \/>\n<meta property=\"og:url\" content=\"https:\/\/www.eim.com\/ar\/casos-de-exito\/transformacion-finanzas-manager-interino-alimentos\/\" \/>\n<meta property=\"og:site_name\" content=\"EIM Argentina\" \/>\n<meta property=\"article:published_time\" content=\"2025-05-08T12:14:34+00:00\" \/>\n<meta property=\"article:modified_time\" content=\"2025-05-08T12:14:40+00:00\" \/>\n<meta property=\"og:image\" content=\"https:\/\/www.eim.com\/ar\/wp-content\/uploads\/sites\/14\/2025\/05\/Interim-CFO-empresa-de-alimentos-scaled.jpeg\" \/>\n\t<meta property=\"og:image:width\" content=\"2560\" \/>\n\t<meta property=\"og:image:height\" content=\"1617\" \/>\n\t<meta property=\"og:image:type\" content=\"image\/jpeg\" \/>\n<meta name=\"author\" content=\"maguilar\" \/>\n<meta name=\"twitter:card\" content=\"summary_large_image\" \/>\n<meta name=\"twitter:title\" content=\"Transformaci\u00f3n del \u00c1rea de Administraci\u00f3n y Finanzas en Empresa Internacional de Insumos Alimentarios\" \/>\n<meta name=\"twitter:label1\" content=\"Escrito por\" \/>\n\t<meta name=\"twitter:data1\" content=\"maguilar\" \/>\n\t<meta name=\"twitter:label2\" content=\"Tiempo de lectura\" \/>\n\t<meta name=\"twitter:data2\" content=\"3 minutos\" \/>\n<script type=\"application\/ld+json\" class=\"yoast-schema-graph\">{\"@context\":\"https:\\\/\\\/schema.org\",\"@graph\":[{\"@type\":\"Article\",\"@id\":\"https:\\\/\\\/www.eim.com\\\/ar\\\/casos-de-exito\\\/transformacion-finanzas-manager-interino-alimentos\\\/#article\",\"isPartOf\":{\"@id\":\"https:\\\/\\\/www.eim.com\\\/ar\\\/casos-de-exito\\\/transformacion-finanzas-manager-interino-alimentos\\\/\"},\"author\":{\"name\":\"maguilar\",\"@id\":\"https:\\\/\\\/www.eim.com\\\/ar\\\/#\\\/schema\\\/person\\\/8fcdc228e0f3e1672c26fd8028a42ba0\"},\"headline\":\"Transformaci\u00f3n del \u00c1rea de Administraci\u00f3n y Finanzas en Empresa Internacional de Insumos Alimentarios\",\"datePublished\":\"2025-05-08T12:14:34+00:00\",\"dateModified\":\"2025-05-08T12:14:40+00:00\",\"mainEntityOfPage\":{\"@id\":\"https:\\\/\\\/www.eim.com\\\/ar\\\/casos-de-exito\\\/transformacion-finanzas-manager-interino-alimentos\\\/\"},\"wordCount\":1385,\"image\":{\"@id\":\"https:\\\/\\\/www.eim.com\\\/ar\\\/casos-de-exito\\\/transformacion-finanzas-manager-interino-alimentos\\\/#primaryimage\"},\"thumbnailUrl\":\"https:\\\/\\\/www.eim.com\\\/ar\\\/wp-content\\\/uploads\\\/sites\\\/14\\\/2025\\\/05\\\/Interim-CFO-empresa-de-alimentos-scaled.jpeg\",\"keywords\":[\"#alimentos\",\"#alimentos y bebidaas\",\"#bebidas\",\"#CFO\",\"#estrategia\",\"#estrategia #capital humano\",\"#insumos\",\"#interim\"],\"articleSection\":[\"Casos de \u00e9xito\"],\"inLanguage\":\"es\"},{\"@type\":\"WebPage\",\"@id\":\"https:\\\/\\\/www.eim.com\\\/ar\\\/casos-de-exito\\\/transformacion-finanzas-manager-interino-alimentos\\\/\",\"url\":\"https:\\\/\\\/www.eim.com\\\/ar\\\/casos-de-exito\\\/transformacion-finanzas-manager-interino-alimentos\\\/\",\"name\":\"Transformaci\u00f3n en Empresa de Insumos Alimentarios\",\"isPartOf\":{\"@id\":\"https:\\\/\\\/www.eim.com\\\/ar\\\/#website\"},\"primaryImageOfPage\":{\"@id\":\"https:\\\/\\\/www.eim.com\\\/ar\\\/casos-de-exito\\\/transformacion-finanzas-manager-interino-alimentos\\\/#primaryimage\"},\"image\":{\"@id\":\"https:\\\/\\\/www.eim.com\\\/ar\\\/casos-de-exito\\\/transformacion-finanzas-manager-interino-alimentos\\\/#primaryimage\"},\"thumbnailUrl\":\"https:\\\/\\\/www.eim.com\\\/ar\\\/wp-content\\\/uploads\\\/sites\\\/14\\\/2025\\\/05\\\/Interim-CFO-empresa-de-alimentos-scaled.jpeg\",\"datePublished\":\"2025-05-08T12:14:34+00:00\",\"dateModified\":\"2025-05-08T12:14:40+00:00\",\"author\":{\"@id\":\"https:\\\/\\\/www.eim.com\\\/ar\\\/#\\\/schema\\\/person\\\/8fcdc228e0f3e1672c26fd8028a42ba0\"},\"description\":\"Descubr\u00ed c\u00f3mo una empresa internacional de insumos alimentarios transform\u00f3 su \u00e1rea financiera con un manager interino seleccionado por EIM Latam\",\"breadcrumb\":{\"@id\":\"https:\\\/\\\/www.eim.com\\\/ar\\\/casos-de-exito\\\/transformacion-finanzas-manager-interino-alimentos\\\/#breadcrumb\"},\"inLanguage\":\"es\",\"potentialAction\":[{\"@type\":\"ReadAction\",\"target\":[\"https:\\\/\\\/www.eim.com\\\/ar\\\/casos-de-exito\\\/transformacion-finanzas-manager-interino-alimentos\\\/\"]}]},{\"@type\":\"ImageObject\",\"inLanguage\":\"es\",\"@id\":\"https:\\\/\\\/www.eim.com\\\/ar\\\/casos-de-exito\\\/transformacion-finanzas-manager-interino-alimentos\\\/#primaryimage\",\"url\":\"https:\\\/\\\/www.eim.com\\\/ar\\\/wp-content\\\/uploads\\\/sites\\\/14\\\/2025\\\/05\\\/Interim-CFO-empresa-de-alimentos-scaled.jpeg\",\"contentUrl\":\"https:\\\/\\\/www.eim.com\\\/ar\\\/wp-content\\\/uploads\\\/sites\\\/14\\\/2025\\\/05\\\/Interim-CFO-empresa-de-alimentos-scaled.jpeg\",\"width\":2560,\"height\":1617,\"caption\":\"Gerente administracion y finanzas interino empresa alimentos\"},{\"@type\":\"BreadcrumbList\",\"@id\":\"https:\\\/\\\/www.eim.com\\\/ar\\\/casos-de-exito\\\/transformacion-finanzas-manager-interino-alimentos\\\/#breadcrumb\",\"itemListElement\":[{\"@type\":\"ListItem\",\"position\":1,\"name\":\"Home\",\"item\":\"https:\\\/\\\/www.eim.com\\\/ar\\\/\"},{\"@type\":\"ListItem\",\"position\":2,\"name\":\"Transformaci\u00f3n del \u00c1rea de Administraci\u00f3n y Finanzas en Empresa Internacional de Insumos Alimentarios\"}]},{\"@type\":\"WebSite\",\"@id\":\"https:\\\/\\\/www.eim.com\\\/ar\\\/#website\",\"url\":\"https:\\\/\\\/www.eim.com\\\/ar\\\/\",\"name\":\"EIM Argentina\",\"description\":\"EIM Group Corporate Argentina\",\"potentialAction\":[{\"@type\":\"SearchAction\",\"target\":{\"@type\":\"EntryPoint\",\"urlTemplate\":\"https:\\\/\\\/www.eim.com\\\/ar\\\/?s={search_term_string}\"},\"query-input\":{\"@type\":\"PropertyValueSpecification\",\"valueRequired\":true,\"valueName\":\"search_term_string\"}}],\"inLanguage\":\"es\"},{\"@type\":\"Person\",\"@id\":\"https:\\\/\\\/www.eim.com\\\/ar\\\/#\\\/schema\\\/person\\\/8fcdc228e0f3e1672c26fd8028a42ba0\",\"name\":\"maguilar\",\"image\":{\"@type\":\"ImageObject\",\"inLanguage\":\"es\",\"@id\":\"https:\\\/\\\/secure.gravatar.com\\\/avatar\\\/f7fc2b8c1fd57dd9c51045599ed14973e3ede29bf9d8cc3afa805e298e6a5898?s=96&d=mm&r=g\",\"url\":\"https:\\\/\\\/secure.gravatar.com\\\/avatar\\\/f7fc2b8c1fd57dd9c51045599ed14973e3ede29bf9d8cc3afa805e298e6a5898?s=96&d=mm&r=g\",\"contentUrl\":\"https:\\\/\\\/secure.gravatar.com\\\/avatar\\\/f7fc2b8c1fd57dd9c51045599ed14973e3ede29bf9d8cc3afa805e298e6a5898?s=96&d=mm&r=g\",\"caption\":\"maguilar\"},\"knowsLanguage\":[\"Spanish\",\"English\"],\"worksFor\":\"EIM Argentina\"}]}<\/script>\n<!-- \/ Yoast SEO Premium plugin. -->","yoast_head_json":{"title":"Transformaci\u00f3n en Empresa de Insumos Alimentarios","description":"Descubr\u00ed c\u00f3mo una empresa internacional de insumos alimentarios transform\u00f3 su \u00e1rea financiera con un manager interino seleccionado por EIM Latam","robots":{"index":"index","follow":"follow","max-snippet":"max-snippet:-1","max-image-preview":"max-image-preview:large","max-video-preview":"max-video-preview:-1"},"canonical":"https:\/\/www.eim.com\/ar\/casos-de-exito\/transformacion-finanzas-manager-interino-alimentos\/","og_locale":"es_ES","og_type":"article","og_title":"Caso de \u00c9xito: Transformaci\u00f3n en empresa de insumos alimentarios","og_description":"Descubre como una empresa de Insumos alimentarios transformo su \u00e1rea de Administraci\u00f3n y Finanzas","og_url":"https:\/\/www.eim.com\/ar\/casos-de-exito\/transformacion-finanzas-manager-interino-alimentos\/","og_site_name":"EIM Argentina","article_published_time":"2025-05-08T12:14:34+00:00","article_modified_time":"2025-05-08T12:14:40+00:00","og_image":[{"width":2560,"height":1617,"url":"https:\/\/www.eim.com\/ar\/wp-content\/uploads\/sites\/14\/2025\/05\/Interim-CFO-empresa-de-alimentos-scaled.jpeg","type":"image\/jpeg"}],"author":"maguilar","twitter_card":"summary_large_image","twitter_title":"Transformaci\u00f3n del \u00c1rea de Administraci\u00f3n y Finanzas en Empresa Internacional de Insumos Alimentarios","twitter_misc":{"Escrito por":"maguilar","Tiempo de lectura":"3 minutos"},"schema":{"@context":"https:\/\/schema.org","@graph":[{"@type":"Article","@id":"https:\/\/www.eim.com\/ar\/casos-de-exito\/transformacion-finanzas-manager-interino-alimentos\/#article","isPartOf":{"@id":"https:\/\/www.eim.com\/ar\/casos-de-exito\/transformacion-finanzas-manager-interino-alimentos\/"},"author":{"name":"maguilar","@id":"https:\/\/www.eim.com\/ar\/#\/schema\/person\/8fcdc228e0f3e1672c26fd8028a42ba0"},"headline":"Transformaci\u00f3n del \u00c1rea de Administraci\u00f3n y Finanzas en Empresa Internacional de Insumos Alimentarios","datePublished":"2025-05-08T12:14:34+00:00","dateModified":"2025-05-08T12:14:40+00:00","mainEntityOfPage":{"@id":"https:\/\/www.eim.com\/ar\/casos-de-exito\/transformacion-finanzas-manager-interino-alimentos\/"},"wordCount":1385,"image":{"@id":"https:\/\/www.eim.com\/ar\/casos-de-exito\/transformacion-finanzas-manager-interino-alimentos\/#primaryimage"},"thumbnailUrl":"https:\/\/www.eim.com\/ar\/wp-content\/uploads\/sites\/14\/2025\/05\/Interim-CFO-empresa-de-alimentos-scaled.jpeg","keywords":["#alimentos","#alimentos y bebidaas","#bebidas","#CFO","#estrategia","#estrategia #capital humano","#insumos","#interim"],"articleSection":["Casos de \u00e9xito"],"inLanguage":"es"},{"@type":"WebPage","@id":"https:\/\/www.eim.com\/ar\/casos-de-exito\/transformacion-finanzas-manager-interino-alimentos\/","url":"https:\/\/www.eim.com\/ar\/casos-de-exito\/transformacion-finanzas-manager-interino-alimentos\/","name":"Transformaci\u00f3n en Empresa de Insumos Alimentarios","isPartOf":{"@id":"https:\/\/www.eim.com\/ar\/#website"},"primaryImageOfPage":{"@id":"https:\/\/www.eim.com\/ar\/casos-de-exito\/transformacion-finanzas-manager-interino-alimentos\/#primaryimage"},"image":{"@id":"https:\/\/www.eim.com\/ar\/casos-de-exito\/transformacion-finanzas-manager-interino-alimentos\/#primaryimage"},"thumbnailUrl":"https:\/\/www.eim.com\/ar\/wp-content\/uploads\/sites\/14\/2025\/05\/Interim-CFO-empresa-de-alimentos-scaled.jpeg","datePublished":"2025-05-08T12:14:34+00:00","dateModified":"2025-05-08T12:14:40+00:00","author":{"@id":"https:\/\/www.eim.com\/ar\/#\/schema\/person\/8fcdc228e0f3e1672c26fd8028a42ba0"},"description":"Descubr\u00ed c\u00f3mo una empresa internacional de insumos alimentarios transform\u00f3 su \u00e1rea financiera con un manager interino seleccionado por EIM Latam","breadcrumb":{"@id":"https:\/\/www.eim.com\/ar\/casos-de-exito\/transformacion-finanzas-manager-interino-alimentos\/#breadcrumb"},"inLanguage":"es","potentialAction":[{"@type":"ReadAction","target":["https:\/\/www.eim.com\/ar\/casos-de-exito\/transformacion-finanzas-manager-interino-alimentos\/"]}]},{"@type":"ImageObject","inLanguage":"es","@id":"https:\/\/www.eim.com\/ar\/casos-de-exito\/transformacion-finanzas-manager-interino-alimentos\/#primaryimage","url":"https:\/\/www.eim.com\/ar\/wp-content\/uploads\/sites\/14\/2025\/05\/Interim-CFO-empresa-de-alimentos-scaled.jpeg","contentUrl":"https:\/\/www.eim.com\/ar\/wp-content\/uploads\/sites\/14\/2025\/05\/Interim-CFO-empresa-de-alimentos-scaled.jpeg","width":2560,"height":1617,"caption":"Gerente administracion y finanzas interino empresa alimentos"},{"@type":"BreadcrumbList","@id":"https:\/\/www.eim.com\/ar\/casos-de-exito\/transformacion-finanzas-manager-interino-alimentos\/#breadcrumb","itemListElement":[{"@type":"ListItem","position":1,"name":"Home","item":"https:\/\/www.eim.com\/ar\/"},{"@type":"ListItem","position":2,"name":"Transformaci\u00f3n del \u00c1rea de Administraci\u00f3n y Finanzas en Empresa Internacional de Insumos Alimentarios"}]},{"@type":"WebSite","@id":"https:\/\/www.eim.com\/ar\/#website","url":"https:\/\/www.eim.com\/ar\/","name":"EIM Argentina","description":"EIM Group Corporate Argentina","potentialAction":[{"@type":"SearchAction","target":{"@type":"EntryPoint","urlTemplate":"https:\/\/www.eim.com\/ar\/?s={search_term_string}"},"query-input":{"@type":"PropertyValueSpecification","valueRequired":true,"valueName":"search_term_string"}}],"inLanguage":"es"},{"@type":"Person","@id":"https:\/\/www.eim.com\/ar\/#\/schema\/person\/8fcdc228e0f3e1672c26fd8028a42ba0","name":"maguilar","image":{"@type":"ImageObject","inLanguage":"es","@id":"https:\/\/secure.gravatar.com\/avatar\/f7fc2b8c1fd57dd9c51045599ed14973e3ede29bf9d8cc3afa805e298e6a5898?s=96&d=mm&r=g","url":"https:\/\/secure.gravatar.com\/avatar\/f7fc2b8c1fd57dd9c51045599ed14973e3ede29bf9d8cc3afa805e298e6a5898?s=96&d=mm&r=g","contentUrl":"https:\/\/secure.gravatar.com\/avatar\/f7fc2b8c1fd57dd9c51045599ed14973e3ede29bf9d8cc3afa805e298e6a5898?s=96&d=mm&r=g","caption":"maguilar"},"knowsLanguage":["Spanish","English"],"worksFor":"EIM Argentina"}]}},"_links":{"self":[{"href":"https:\/\/www.eim.com\/ar\/wp-json\/wp\/v2\/posts\/11399","targetHints":{"allow":["GET"]}}],"collection":[{"href":"https:\/\/www.eim.com\/ar\/wp-json\/wp\/v2\/posts"}],"about":[{"href":"https:\/\/www.eim.com\/ar\/wp-json\/wp\/v2\/types\/post"}],"author":[{"embeddable":true,"href":"https:\/\/www.eim.com\/ar\/wp-json\/wp\/v2\/users\/962"}],"replies":[{"embeddable":true,"href":"https:\/\/www.eim.com\/ar\/wp-json\/wp\/v2\/comments?post=11399"}],"version-history":[{"count":0,"href":"https:\/\/www.eim.com\/ar\/wp-json\/wp\/v2\/posts\/11399\/revisions"}],"wp:featuredmedia":[{"embeddable":true,"href":"https:\/\/www.eim.com\/ar\/wp-json\/wp\/v2\/media\/11400"}],"wp:attachment":[{"href":"https:\/\/www.eim.com\/ar\/wp-json\/wp\/v2\/media?parent=11399"}],"wp:term":[{"taxonomy":"category","embeddable":true,"href":"https:\/\/www.eim.com\/ar\/wp-json\/wp\/v2\/categories?post=11399"},{"taxonomy":"post_tag","embeddable":true,"href":"https:\/\/www.eim.com\/ar\/wp-json\/wp\/v2\/tags?post=11399"}],"curies":[{"name":"wp","href":"https:\/\/api.w.org\/{rel}","templated":true}]}}