{"id":10983,"date":"2024-10-07T13:20:16","date_gmt":"2024-10-07T13:20:16","guid":{"rendered":"https:\/\/www.eim.com\/ar\/?p=10983"},"modified":"2024-10-07T13:20:18","modified_gmt":"2024-10-07T13:20:18","slug":"gerente-de-rrhh-en-la-industria-de-alimentos-y-bebidas-anticipando-cambios-para-enfrentar-desafios","status":"publish","type":"post","link":"https:\/\/www.eim.com\/ar\/casos-de-exito\/gerente-de-rrhh-en-la-industria-de-alimentos-y-bebidas-anticipando-cambios-para-enfrentar-desafios\/","title":{"rendered":"Gerente de RRHH en la Industria de Alimentos y Bebidas: Anticipando Cambios para Enfrentar Desaf\u00edos"},"content":{"rendered":"\n[et_pb_section fb_built=&#8221;1&#8243; admin_label=&#8221;Hero Section&#8221; _builder_version=&#8221;4.27.0&#8243; use_background_color_gradient=&#8221;on&#8221; background_color_gradient_stops=&#8221;rgba(0,0,0,0.4) 0%|rgba(0,0,0,0.4) 100%&#8221; background_color_gradient_overlays_image=&#8221;on&#8221; background_color_gradient_start=&#8221;rgba(0,0,0,0.4)&#8221; background_color_gradient_end=&#8221;rgba(0,0,0,0.4)&#8221; background_image=&#8221;https:\/\/www.eim.com\/ar\/wp-content\/uploads\/sites\/14\/2024\/10\/Gerente-RRHH-Food-Beverages-scaled-e1728306868796.jpg&#8221; height=&#8221;520px&#8221; custom_padding=&#8221;6%||0%|||&#8221; bottom_divider_style=&#8221;slant&#8221; bottom_divider_color=&#8221;#ffffff&#8221; bottom_divider_height=&#8221;150px&#8221; bottom_divider_flip=&#8221;horizontal&#8221; hover_enabled=&#8221;0&#8243; global_colors_info=&#8221;{}&#8221; background_color_gradient_direction__hover=&#8221;180deg&#8221; background_color_gradient_direction__hover_enabled=&#8221;180deg&#8221; background_color_gradient_start_position__hover=&#8221;0%&#8221; background_color_gradient_start_position__hover_enabled=&#8221;0%&#8221; background_color_gradient_end_position__hover=&#8221;100%&#8221; background_color_gradient_end_position__hover_enabled=&#8221;100%&#8221; background_color_gradient_stops__hover=&#8221;rgba(0,0,0,0.4) 0%|rgba(0,0,0,0.4) 100%&#8221; title_text=&#8221;Gerente RRHH Food &#038; Beverages&#8221; sticky_enabled=&#8221;0&#8243; background_size=&#8221;contain&#8221;][et_pb_row disabled_on=&#8221;off|off|off&#8221; admin_label=&#8221;Page Title Area&#8221; _builder_version=&#8221;4.27.0&#8243; width=&#8221;100%&#8221; max_width=&#8221;2560px&#8221; module_alignment=&#8221;center&#8221; custom_margin=&#8221;8%|auto|17px|auto|false|false&#8221; custom_padding=&#8221;0px|||||&#8221; global_colors_info=&#8221;{}&#8221;][et_pb_column type=&#8221;4_4&#8243; _builder_version=&#8221;4.16&#8243; custom_padding=&#8221;|||&#8221; global_colors_info=&#8221;{}&#8221; custom_padding__hover=&#8221;|||&#8221;][et_pb_text _builder_version=&#8221;4.27.0&#8243; text_font=&#8221;|600|||||||&#8221; text_text_color=&#8221;#ffffff&#8221; text_font_size=&#8221;33px&#8221; text_line_height=&#8221;1.4em&#8221; background_layout=&#8221;dark&#8221; custom_padding=&#8221;||30px||false|false&#8221; global_colors_info=&#8221;{}&#8221;]<p style=\"text-align: center;\">Gerente de RRHH en la Industria de Alimentos y Bebidas:<\/p>\n<h3 style=\"text-align: center;\">Anticipando Cambios para Enfrentar Desaf\u00edos<\/h3>[\/et_pb_text][\/et_pb_column][\/et_pb_row][\/et_pb_section][et_pb_section fb_built=&#8221;1&#8243; _builder_version=&#8221;4.16&#8243; custom_margin=&#8221;||||false|false&#8221; custom_padding=&#8221;2px||2px||true|false&#8221; global_colors_info=&#8221;{}&#8221;][et_pb_row admin_label=&#8221;Title Area&#8221; _builder_version=&#8221;4.16&#8243; background_color=&#8221;rgba(0,0,0,0)&#8221; width=&#8221;100%&#8221; module_alignment=&#8221;center&#8221; custom_margin=&#8221;||||false|false&#8221; custom_padding=&#8221;0px|0px|0px|0px|false|false&#8221; global_colors_info=&#8221;{}&#8221;][et_pb_column type=&#8221;4_4&#8243; _builder_version=&#8221;4.16&#8243; custom_padding=&#8221;|||&#8221; global_colors_info=&#8221;{}&#8221; custom_padding__hover=&#8221;|||&#8221;][et_pb_text _builder_version=&#8221;4.27.0&#8243; text_font=&#8221;||||||||&#8221; text_font_size=&#8221;16px&#8221; header_font=&#8221;||||||||&#8221; max_width=&#8221;90%&#8221; module_alignment=&#8221;center&#8221; custom_margin=&#8221;3%|0px|0%|0px|false|false&#8221; custom_padding=&#8221;|2%|0px|2%|false|false&#8221; animation_style=&#8221;flip&#8221; animation_direction=&#8221;left&#8221; animation_intensity_flip=&#8221;30%&#8221; animation_starting_opacity=&#8221;100%&#8221; global_colors_info=&#8221;{}&#8221;]<p style=\"text-align: justify;\"><span style=\"font-weight: 400;\"><strong>Industria<\/strong>: Alimentos y Bebidas<\/span><\/p>\n<p style=\"text-align: justify;\"><span style=\"color: #002c3e;\"><strong>Locaci\u00f3n:<\/strong><\/span> Argentina<\/p>\n<p><strong>La situaci\u00f3n:<\/strong><\/p>\n<p>Una empresa con 16 a\u00f1os de trayectoria en el mercado, con una planta propia dedicada a la elaboraci\u00f3n de productos a base de cacao y az\u00facar, prove\u00eda a grandes sectores de la industria alimenticia, como helader\u00edas y pasteler\u00edas. A pesar de que el negocio estaba bien consolidado, con una base s\u00f3lida sustentada en relaciones comerciales de confianza, una amplia <strong>variedad de productos<\/strong> y una indiscutible <strong>calidad<\/strong>, los accionistas avizoraban cambios en el mercado. Sab\u00edan que, si bien la empresa operaba de manera estable, el contexto competitivo y las demandas de agilidad que impon\u00edan las nuevas din\u00e1micas del sector exig\u00edan dar un paso m\u00e1s. Quer\u00edan avanzar hacia una gesti\u00f3n m\u00e1s eficiente, que les permitiera no solo optimizar recursos, sino tambi\u00e9n proyectar la siguiente etapa de crecimiento que vislumbraban en el horizonte, un desaf\u00edo clave para mantenerse relevantes.<\/p>\n<p>Siguiendo <strong>la metodolog\u00eda de trabajo de EIM<\/strong>, los partners de EIM Latam mantuvieron m\u00faltiples reuniones con los accionistas para analizar los diferentes escenarios a futuro y definir el camino m\u00e1s adecuado. Tras un exhaustivo estudio de la situaci\u00f3n, se acord\u00f3 que el primer paso ser\u00eda <strong>fortalecer el \u00e1rea de Recursos Humanos<\/strong>, un \u00e1rea que impacta directamente en la eficiencia y flexibilidad de la organizaci\u00f3n, pilares esenciales para encarar los cambios que se avecinaban.<\/p>\n<p><strong>Objetivos Principales:<\/strong><\/p>\n<ul>\n<li><strong>Dise\u00f1o Organizacional:<\/strong> Definir roles y responsabilidades de cada posici\u00f3n clave.<\/li>\n<\/ul>\n<ul>\n<li><strong>Comit\u00e9 Gerencial:<\/strong> Tambi\u00e9n llamado Comit\u00e9 Ejecutivo, encargado de definir a sus miembros y gestionar las reuniones con el objetivo de aunar la agenda de temas estrat\u00e9gicos y\/o prioritarios. Entre sus funciones se incluyen la alineaci\u00f3n de necesidades y prioridades, la definici\u00f3n de responsables, el seguimiento de iniciativas y proyectos, la resoluci\u00f3n de conflictos entre \u00e1reas, la revisi\u00f3n de resultados mensuales, proyecciones financieras y otros aspectos clave de la organizaci\u00f3n<\/li>\n<\/ul>\n<ul>\n<li><strong>Comunicaci\u00f3n:<\/strong> Facilitar reuniones entre las distintas \u00e1reas para aportar ideas, alinear la comunicaci\u00f3n y fomentar la colaboraci\u00f3n e integraci\u00f3n de los equipos.<\/li>\n<li><strong>Capital Humano:<\/strong> Implementar acciones para mejorar el clima laboral, programas de evaluaci\u00f3n anual de desempe\u00f1o, definir necesidades de capacitaci\u00f3n, gestionar y desarrollar el pool de talentos, planificaci\u00f3n de personas, programas de reconocimiento, clima laboral y pol\u00edticas de compensaci\u00f3n variables atadas a resultados.<\/li>\n<\/ul>[\/et_pb_text][\/et_pb_column][\/et_pb_row][\/et_pb_section][et_pb_section fb_built=&#8221;1&#8243; _builder_version=&#8221;4.27.0&#8243; background_color=&#8221;#e6e6e6&#8243; min_height=&#8221;885.4px&#8221; custom_margin=&#8221;||100px||false|false&#8221; custom_padding=&#8221;8px||0px||false|false&#8221; top_divider_style=&#8221;slant&#8221; top_divider_color=&#8221;#ffffff&#8221; top_divider_flip=&#8221;horizontal|vertical&#8221; bottom_divider_style=&#8221;slant&#8221; bottom_divider_color=&#8221;#002c3e&#8221; bottom_divider_flip=&#8221;horizontal&#8221; global_colors_info=&#8221;{}&#8221;][et_pb_row admin_label=&#8221;Title Area&#8221; _builder_version=&#8221;4.27.0&#8243; background_color=&#8221;rgba(0,0,0,0)&#8221; width=&#8221;100%&#8221; module_alignment=&#8221;center&#8221; min_height=&#8221;379.9px&#8221; custom_margin=&#8221;||200px||false|false&#8221; custom_padding=&#8221;3%|0px|0%|0px|false|false&#8221; global_colors_info=&#8221;{}&#8221;][et_pb_column type=&#8221;4_4&#8243; _builder_version=&#8221;4.16&#8243; custom_padding=&#8221;|||&#8221; global_colors_info=&#8221;{}&#8221; custom_padding__hover=&#8221;|||&#8221;][et_pb_text _builder_version=&#8221;4.27.0&#8243; text_font=&#8221;||||||||&#8221; text_font_size=&#8221;16px&#8221; header_font=&#8221;||||||||&#8221; max_width=&#8221;100%&#8221; module_alignment=&#8221;center&#8221; height=&#8221;285px&#8221; custom_margin=&#8221;1%|0px|0%|0px|false|false&#8221; custom_padding=&#8221;|2%|0px|2%|false|false&#8221; animation_style=&#8221;flip&#8221; animation_direction=&#8221;left&#8221; animation_intensity_flip=&#8221;30%&#8221; animation_starting_opacity=&#8221;100%&#8221; global_colors_info=&#8221;{}&#8221;]<p><b>La Soluci\u00f3n en Acci\u00f3n:<\/b><\/p>\n<p>Nuestra b\u00fasqueda nos llev\u00f3 a un <strong>ejecutivo de RRHH<\/strong> con una s\u00f3lida trayectoria y una combinaci\u00f3n de experiencias destacadas en distintos sectores. Este profesional tuvo una extensa carrera laboral, comenz\u00f3 en posiciones junior y llego a ocupar cargos directivos en empresas regionales, globales, industriales y de servicios, aportando una valiosa <strong>experiencia multicultural<\/strong>.<\/p>\n<p><strong>Destacamos las siguientes Fortalezas clave del ejecutivo<\/strong>:<\/p>\n<ul>\n<li><strong>Estratega<\/strong>: Habilidad para entender y comunicar la visi\u00f3n y misi\u00f3n a corto y largo plazo, equilibrando de manera efectiva los objetivos estrat\u00e9gicos con las necesidades operativas diarias.<\/li>\n<li><strong>Colaboraci\u00f3n y b\u00fasqueda de consenso<\/strong>: Capacidad para mantener relaciones de trabajo constructivas y positivas, fomentando el acuerdo entre equipos.<\/li>\n<li><strong>Planificaci\u00f3n y compromiso de la fuerza laboral<\/strong>: Realiza an\u00e1lisis detallados de las necesidades actuales y futuras de talento y habilidades requeridas para el negocio, implementando estrategias atractivas junto a l\u00edderes clave, enfocadas en la <strong>retenci\u00f3n de personal<\/strong> con una visi\u00f3n m\u00e1s amplia y proactiva basada en el compromiso.<\/li>\n<li><strong>Gesti\u00f3n del cambio<\/strong>: Act\u00faa como <strong>agente de cambio<\/strong>, liderando procesos de transformaci\u00f3n y preparando a los empleados mediante <strong>comunicaci\u00f3n innovadora y de alto impacto<\/strong>.<\/li>\n<li><strong>Participaci\u00f3n de empleados<\/strong>: Desarrolla estrategias para aumentar la productividad, el rendimiento y la satisfacci\u00f3n de los empleados, utilizando m\u00e9tricas para medir la efectividad de estas iniciativas.<\/li>\n<\/ul>\n<p>El ejecutivo se incorpor\u00f3 a la empresa en un plazo muy breve, y de inmediato comenz\u00f3 a trabajar de manera enfocada en los objetivos establecidos por los accionistas. Su capacidad para adaptarse r\u00e1pidamente y tomar decisiones clave permiti\u00f3 que el \u00e1rea de Recursos Humanos empezara a experimentar mejoras significativas desde los primeros d\u00edas de su gesti\u00f3n.<\/p>\n<p>En <strong>EIM Latam<\/strong>, nos sentimos sumamente complacidos de haber contribuido al crecimiento y desarrollo de esta importante empresa del sector alimenticio. Participamos activamente en el an\u00e1lisis de su situaci\u00f3n, la definici\u00f3n de pasos estrat\u00e9gicos y en la provisi\u00f3n de un ejecutivo de alto nivel que demostr\u00f3 su valor desde el primer momento.<\/p>\n<p>&nbsp;<\/p>[\/et_pb_text][\/et_pb_column][\/et_pb_row][\/et_pb_section][et_pb_section fb_built=&#8221;1&#8243; _builder_version=&#8221;4.27.0&#8243; background_color=&#8221;#002c3e&#8221; min_height=&#8221;10px&#8221; custom_margin=&#8221;0px||5px||false|false&#8221; custom_padding=&#8221;0px||||false|false&#8221; top_divider_style=&#8221;slant&#8221; top_divider_color=&#8221;#002c3e&#8221; top_divider_flip=&#8221;vertical&#8221; bottom_divider_color=&#8221;#ffffff&#8221; bottom_divider_flip=&#8221;horizontal&#8221; global_colors_info=&#8221;{}&#8221;][et_pb_row _builder_version=&#8221;4.16&#8243; custom_margin=&#8221;-46px|auto||auto||&#8221; custom_padding=&#8221;60px|||||&#8221; global_colors_info=&#8221;{}&#8221;][et_pb_column type=&#8221;4_4&#8243; _builder_version=&#8221;4.16&#8243; global_colors_info=&#8221;{}&#8221;][et_pb_text admin_label=&#8221;Title&#8221; _builder_version=&#8221;4.27.0&#8243; text_font=&#8221;||||||||&#8221; text_text_color=&#8221;#ffffff&#8221; header_font=&#8221;Prata||||||||&#8221; header_2_font=&#8221;Montserrat|700|||||||&#8221; header_2_text_align=&#8221;center&#8221; header_2_font_size=&#8221;30px&#8221; custom_margin=&#8221;-3%||5px||false|false&#8221; custom_padding=&#8221;||0px|||&#8221; animation_style=&#8221;fade&#8221; animation_direction=&#8221;top&#8221; animation_duration=&#8221;1350ms&#8221; animation_starting_opacity=&#8221;100%&#8221; inline_fonts=&#8221;Prata,Montserrat&#8221; global_colors_info=&#8221;{}&#8221;]<h2><span style=\"font-family: Montserrat; color: #ffffff;\">P\u00f3ngase en contacto con nosotros<\/span><\/h2>[\/et_pb_text][\/et_pb_column][\/et_pb_row][et_pb_row column_structure=&#8221;1_5,3_5,1_5&#8243; _builder_version=&#8221;4.16&#8243; custom_margin=&#8221;|auto|5%|auto|false|false&#8221; custom_padding=&#8221;0px|||||&#8221; global_colors_info=&#8221;{}&#8221;][et_pb_column type=&#8221;1_5&#8243; _builder_version=&#8221;4.16&#8243; global_colors_info=&#8221;{}&#8221;][\/et_pb_column][et_pb_column type=&#8221;3_5&#8243; _builder_version=&#8221;4.16&#8243; global_colors_info=&#8221;{}&#8221;][et_pb_text _builder_version=&#8221;4.16&#8243; custom_padding=&#8221;||0px|||&#8221; global_colors_info=&#8221;{}&#8221;]<p style=\"text-align: center\"><span style=\"color: #ffffff\">Juntos podemos encontrar la soluci\u00f3n que est\u00e1 buscando.\n\n<\/span><\/p>[\/et_pb_text][et_pb_button button_url=&#8221;@ET-DC@eyJkeW5hbWljIjp0cnVlLCJjb250ZW50IjoicG9zdF9saW5rX3VybF9wYWdlIiwic2V0dGluZ3MiOnsicG9zdF9pZCI6IjkifX0=@&#8221; button_text=&#8221;CONT\u00c1CTENOS&#8221; button_alignment=&#8221;center&#8221; _builder_version=&#8221;4.16&#8243; _dynamic_attributes=&#8221;button_url&#8221; background_layout=&#8221;dark&#8221; global_colors_info=&#8221;{}&#8221;][\/et_pb_button][\/et_pb_column][et_pb_column type=&#8221;1_5&#8243; _builder_version=&#8221;4.16&#8243; global_colors_info=&#8221;{}&#8221;][\/et_pb_column][\/et_pb_row][\/et_pb_section]\n","protected":false},"excerpt":{"rendered":"<p>Gerente de RRHH en la Industria de Alimentos y Bebidas: Anticipando Cambios para Enfrentar Desaf\u00edosIndustria: Alimentos y Bebidas Locaci\u00f3n: Argentina La situaci\u00f3n: Una empresa con 16 a\u00f1os de trayectoria en el mercado, con una planta propia dedicada a la elaboraci\u00f3n de productos a base de cacao y az\u00facar, prove\u00eda a grandes sectores de la industria [&hellip;]<\/p>\n","protected":false},"author":962,"featured_media":10984,"comment_status":"closed","ping_status":"closed","sticky":false,"template":"","format":"standard","meta":{"_et_pb_use_builder":"on","_et_pb_old_content":"","_et_gb_content_width":"2880","footnotes":""},"categories":[4],"tags":[57,48],"class_list":["post-10983","post","type-post","status-publish","format-standard","has-post-thumbnail","hentry","category-casos-de-exito","tag-estrategia-capital-humano","tag-talento"],"yoast_head":"<!-- This site is optimized with the Yoast SEO Premium plugin v27.0 (Yoast SEO v27.4) - https:\/\/yoast.com\/product\/yoast-seo-premium-wordpress\/ -->\n<title>Gerente de RRHH en la Industria de Alimentos y Bebidas: Anticipando Cambios para Enfrentar Desaf\u00edos<\/title>\n<meta name=\"description\" content=\"Una empresa con 16 a\u00f1os de trayectoria en el mercado, con una planta propia dedicada a la elaboraci\u00f3n de productos a base de cacao y az\u00facar, prove\u00eda a grandes sectores de la industria alimenticia, como helader\u00edas y pasteler\u00edas. A pesar de que el negocio estaba bien consolidado los accionistas avizoraban cambios en el mercado.\" \/>\n<meta name=\"robots\" content=\"index, follow, max-snippet:-1, max-image-preview:large, max-video-preview:-1\" \/>\n<link rel=\"canonical\" href=\"https:\/\/www.eim.com\/ar\/casos-de-exito\/gerente-de-rrhh-en-la-industria-de-alimentos-y-bebidas-anticipando-cambios-para-enfrentar-desafios\/\" \/>\n<meta property=\"og:locale\" content=\"es_ES\" \/>\n<meta property=\"og:type\" content=\"article\" \/>\n<meta property=\"og:title\" content=\"Gerente de RRHH en la Industria de Alimentos y Bebidas: Anticipando Cambios para Enfrentar Desaf\u00edos\" \/>\n<meta property=\"og:description\" content=\"Una empresa con 16 a\u00f1os de trayectoria en el mercado, con una planta propia dedicada a la elaboraci\u00f3n de productos a base de cacao y az\u00facar, prove\u00eda a grandes sectores de la industria alimenticia, como helader\u00edas y pasteler\u00edas. A pesar de que el negocio estaba bien consolidado los accionistas avizoraban cambios en el mercado.\" \/>\n<meta property=\"og:url\" content=\"https:\/\/www.eim.com\/ar\/casos-de-exito\/gerente-de-rrhh-en-la-industria-de-alimentos-y-bebidas-anticipando-cambios-para-enfrentar-desafios\/\" \/>\n<meta property=\"og:site_name\" content=\"EIM Argentina\" \/>\n<meta property=\"article:published_time\" content=\"2024-10-07T13:20:16+00:00\" \/>\n<meta property=\"article:modified_time\" content=\"2024-10-07T13:20:18+00:00\" \/>\n<meta property=\"og:image\" content=\"https:\/\/www.eim.com\/ar\/wp-content\/uploads\/sites\/14\/2024\/10\/Gerente-RRHH-Food-Beverages-scaled-e1728306868796.jpg\" \/>\n\t<meta property=\"og:image:width\" content=\"2300\" \/>\n\t<meta property=\"og:image:height\" content=\"1650\" \/>\n\t<meta property=\"og:image:type\" content=\"image\/jpeg\" \/>\n<meta name=\"author\" content=\"maguilar\" \/>\n<meta name=\"twitter:card\" content=\"summary_large_image\" \/>\n<meta name=\"twitter:label1\" content=\"Escrito por\" \/>\n\t<meta name=\"twitter:data1\" content=\"maguilar\" \/>\n\t<meta name=\"twitter:label2\" content=\"Tiempo de lectura\" \/>\n\t<meta name=\"twitter:data2\" content=\"4 minutos\" \/>\n<script type=\"application\/ld+json\" class=\"yoast-schema-graph\">{\"@context\":\"https:\\\/\\\/schema.org\",\"@graph\":[{\"@type\":\"Article\",\"@id\":\"https:\\\/\\\/www.eim.com\\\/ar\\\/casos-de-exito\\\/gerente-de-rrhh-en-la-industria-de-alimentos-y-bebidas-anticipando-cambios-para-enfrentar-desafios\\\/#article\",\"isPartOf\":{\"@id\":\"https:\\\/\\\/www.eim.com\\\/ar\\\/casos-de-exito\\\/gerente-de-rrhh-en-la-industria-de-alimentos-y-bebidas-anticipando-cambios-para-enfrentar-desafios\\\/\"},\"author\":{\"name\":\"maguilar\",\"@id\":\"https:\\\/\\\/www.eim.com\\\/ar\\\/#\\\/schema\\\/person\\\/8fcdc228e0f3e1672c26fd8028a42ba0\"},\"headline\":\"Gerente de RRHH en la Industria de Alimentos y Bebidas: Anticipando Cambios para Enfrentar Desaf\u00edos\",\"datePublished\":\"2024-10-07T13:20:16+00:00\",\"dateModified\":\"2024-10-07T13:20:18+00:00\",\"mainEntityOfPage\":{\"@id\":\"https:\\\/\\\/www.eim.com\\\/ar\\\/casos-de-exito\\\/gerente-de-rrhh-en-la-industria-de-alimentos-y-bebidas-anticipando-cambios-para-enfrentar-desafios\\\/\"},\"wordCount\":1563,\"image\":{\"@id\":\"https:\\\/\\\/www.eim.com\\\/ar\\\/casos-de-exito\\\/gerente-de-rrhh-en-la-industria-de-alimentos-y-bebidas-anticipando-cambios-para-enfrentar-desafios\\\/#primaryimage\"},\"thumbnailUrl\":\"https:\\\/\\\/www.eim.com\\\/ar\\\/wp-content\\\/uploads\\\/sites\\\/14\\\/2024\\\/10\\\/Gerente-RRHH-Food-Beverages-scaled-e1728306868796.jpg\",\"keywords\":[\"#estrategia #capital humano\",\"#talento\"],\"articleSection\":[\"Casos de \u00e9xito\"],\"inLanguage\":\"es\"},{\"@type\":\"WebPage\",\"@id\":\"https:\\\/\\\/www.eim.com\\\/ar\\\/casos-de-exito\\\/gerente-de-rrhh-en-la-industria-de-alimentos-y-bebidas-anticipando-cambios-para-enfrentar-desafios\\\/\",\"url\":\"https:\\\/\\\/www.eim.com\\\/ar\\\/casos-de-exito\\\/gerente-de-rrhh-en-la-industria-de-alimentos-y-bebidas-anticipando-cambios-para-enfrentar-desafios\\\/\",\"name\":\"Gerente de RRHH en la Industria de Alimentos y Bebidas: Anticipando Cambios para Enfrentar Desaf\u00edos\",\"isPartOf\":{\"@id\":\"https:\\\/\\\/www.eim.com\\\/ar\\\/#website\"},\"primaryImageOfPage\":{\"@id\":\"https:\\\/\\\/www.eim.com\\\/ar\\\/casos-de-exito\\\/gerente-de-rrhh-en-la-industria-de-alimentos-y-bebidas-anticipando-cambios-para-enfrentar-desafios\\\/#primaryimage\"},\"image\":{\"@id\":\"https:\\\/\\\/www.eim.com\\\/ar\\\/casos-de-exito\\\/gerente-de-rrhh-en-la-industria-de-alimentos-y-bebidas-anticipando-cambios-para-enfrentar-desafios\\\/#primaryimage\"},\"thumbnailUrl\":\"https:\\\/\\\/www.eim.com\\\/ar\\\/wp-content\\\/uploads\\\/sites\\\/14\\\/2024\\\/10\\\/Gerente-RRHH-Food-Beverages-scaled-e1728306868796.jpg\",\"datePublished\":\"2024-10-07T13:20:16+00:00\",\"dateModified\":\"2024-10-07T13:20:18+00:00\",\"author\":{\"@id\":\"https:\\\/\\\/www.eim.com\\\/ar\\\/#\\\/schema\\\/person\\\/8fcdc228e0f3e1672c26fd8028a42ba0\"},\"description\":\"Una empresa con 16 a\u00f1os de trayectoria en el mercado, con una planta propia dedicada a la elaboraci\u00f3n de productos a base de cacao y az\u00facar, prove\u00eda a grandes sectores de la industria alimenticia, como helader\u00edas y pasteler\u00edas. A pesar de que el negocio estaba bien consolidado los accionistas avizoraban cambios en el mercado.\",\"breadcrumb\":{\"@id\":\"https:\\\/\\\/www.eim.com\\\/ar\\\/casos-de-exito\\\/gerente-de-rrhh-en-la-industria-de-alimentos-y-bebidas-anticipando-cambios-para-enfrentar-desafios\\\/#breadcrumb\"},\"inLanguage\":\"es\",\"potentialAction\":[{\"@type\":\"ReadAction\",\"target\":[\"https:\\\/\\\/www.eim.com\\\/ar\\\/casos-de-exito\\\/gerente-de-rrhh-en-la-industria-de-alimentos-y-bebidas-anticipando-cambios-para-enfrentar-desafios\\\/\"]}]},{\"@type\":\"ImageObject\",\"inLanguage\":\"es\",\"@id\":\"https:\\\/\\\/www.eim.com\\\/ar\\\/casos-de-exito\\\/gerente-de-rrhh-en-la-industria-de-alimentos-y-bebidas-anticipando-cambios-para-enfrentar-desafios\\\/#primaryimage\",\"url\":\"https:\\\/\\\/www.eim.com\\\/ar\\\/wp-content\\\/uploads\\\/sites\\\/14\\\/2024\\\/10\\\/Gerente-RRHH-Food-Beverages-scaled-e1728306868796.jpg\",\"contentUrl\":\"https:\\\/\\\/www.eim.com\\\/ar\\\/wp-content\\\/uploads\\\/sites\\\/14\\\/2024\\\/10\\\/Gerente-RRHH-Food-Beverages-scaled-e1728306868796.jpg\",\"width\":2300,\"height\":1650},{\"@type\":\"BreadcrumbList\",\"@id\":\"https:\\\/\\\/www.eim.com\\\/ar\\\/casos-de-exito\\\/gerente-de-rrhh-en-la-industria-de-alimentos-y-bebidas-anticipando-cambios-para-enfrentar-desafios\\\/#breadcrumb\",\"itemListElement\":[{\"@type\":\"ListItem\",\"position\":1,\"name\":\"Home\",\"item\":\"https:\\\/\\\/www.eim.com\\\/ar\\\/\"},{\"@type\":\"ListItem\",\"position\":2,\"name\":\"Gerente de RRHH en la Industria de Alimentos y Bebidas: Anticipando Cambios para Enfrentar Desaf\u00edos\"}]},{\"@type\":\"WebSite\",\"@id\":\"https:\\\/\\\/www.eim.com\\\/ar\\\/#website\",\"url\":\"https:\\\/\\\/www.eim.com\\\/ar\\\/\",\"name\":\"EIM Argentina\",\"description\":\"EIM Group Corporate Argentina\",\"potentialAction\":[{\"@type\":\"SearchAction\",\"target\":{\"@type\":\"EntryPoint\",\"urlTemplate\":\"https:\\\/\\\/www.eim.com\\\/ar\\\/?s={search_term_string}\"},\"query-input\":{\"@type\":\"PropertyValueSpecification\",\"valueRequired\":true,\"valueName\":\"search_term_string\"}}],\"inLanguage\":\"es\"},{\"@type\":\"Person\",\"@id\":\"https:\\\/\\\/www.eim.com\\\/ar\\\/#\\\/schema\\\/person\\\/8fcdc228e0f3e1672c26fd8028a42ba0\",\"name\":\"maguilar\",\"image\":{\"@type\":\"ImageObject\",\"inLanguage\":\"es\",\"@id\":\"https:\\\/\\\/secure.gravatar.com\\\/avatar\\\/f7fc2b8c1fd57dd9c51045599ed14973e3ede29bf9d8cc3afa805e298e6a5898?s=96&d=mm&r=g\",\"url\":\"https:\\\/\\\/secure.gravatar.com\\\/avatar\\\/f7fc2b8c1fd57dd9c51045599ed14973e3ede29bf9d8cc3afa805e298e6a5898?s=96&d=mm&r=g\",\"contentUrl\":\"https:\\\/\\\/secure.gravatar.com\\\/avatar\\\/f7fc2b8c1fd57dd9c51045599ed14973e3ede29bf9d8cc3afa805e298e6a5898?s=96&d=mm&r=g\",\"caption\":\"maguilar\"},\"knowsLanguage\":[\"Spanish\",\"English\"],\"worksFor\":\"EIM Argentina\"}]}<\/script>\n<!-- \/ Yoast SEO Premium plugin. -->","yoast_head_json":{"title":"Gerente de RRHH en la Industria de Alimentos y Bebidas: Anticipando Cambios para Enfrentar Desaf\u00edos","description":"Una empresa con 16 a\u00f1os de trayectoria en el mercado, con una planta propia dedicada a la elaboraci\u00f3n de productos a base de cacao y az\u00facar, prove\u00eda a grandes sectores de la industria alimenticia, como helader\u00edas y pasteler\u00edas. A pesar de que el negocio estaba bien consolidado los accionistas avizoraban cambios en el mercado.","robots":{"index":"index","follow":"follow","max-snippet":"max-snippet:-1","max-image-preview":"max-image-preview:large","max-video-preview":"max-video-preview:-1"},"canonical":"https:\/\/www.eim.com\/ar\/casos-de-exito\/gerente-de-rrhh-en-la-industria-de-alimentos-y-bebidas-anticipando-cambios-para-enfrentar-desafios\/","og_locale":"es_ES","og_type":"article","og_title":"Gerente de RRHH en la Industria de Alimentos y Bebidas: Anticipando Cambios para Enfrentar Desaf\u00edos","og_description":"Una empresa con 16 a\u00f1os de trayectoria en el mercado, con una planta propia dedicada a la elaboraci\u00f3n de productos a base de cacao y az\u00facar, prove\u00eda a grandes sectores de la industria alimenticia, como helader\u00edas y pasteler\u00edas. A pesar de que el negocio estaba bien consolidado los accionistas avizoraban cambios en el mercado.","og_url":"https:\/\/www.eim.com\/ar\/casos-de-exito\/gerente-de-rrhh-en-la-industria-de-alimentos-y-bebidas-anticipando-cambios-para-enfrentar-desafios\/","og_site_name":"EIM Argentina","article_published_time":"2024-10-07T13:20:16+00:00","article_modified_time":"2024-10-07T13:20:18+00:00","og_image":[{"width":2300,"height":1650,"url":"https:\/\/www.eim.com\/ar\/wp-content\/uploads\/sites\/14\/2024\/10\/Gerente-RRHH-Food-Beverages-scaled-e1728306868796.jpg","type":"image\/jpeg"}],"author":"maguilar","twitter_card":"summary_large_image","twitter_misc":{"Escrito por":"maguilar","Tiempo de lectura":"4 minutos"},"schema":{"@context":"https:\/\/schema.org","@graph":[{"@type":"Article","@id":"https:\/\/www.eim.com\/ar\/casos-de-exito\/gerente-de-rrhh-en-la-industria-de-alimentos-y-bebidas-anticipando-cambios-para-enfrentar-desafios\/#article","isPartOf":{"@id":"https:\/\/www.eim.com\/ar\/casos-de-exito\/gerente-de-rrhh-en-la-industria-de-alimentos-y-bebidas-anticipando-cambios-para-enfrentar-desafios\/"},"author":{"name":"maguilar","@id":"https:\/\/www.eim.com\/ar\/#\/schema\/person\/8fcdc228e0f3e1672c26fd8028a42ba0"},"headline":"Gerente de RRHH en la Industria de Alimentos y Bebidas: Anticipando Cambios para Enfrentar Desaf\u00edos","datePublished":"2024-10-07T13:20:16+00:00","dateModified":"2024-10-07T13:20:18+00:00","mainEntityOfPage":{"@id":"https:\/\/www.eim.com\/ar\/casos-de-exito\/gerente-de-rrhh-en-la-industria-de-alimentos-y-bebidas-anticipando-cambios-para-enfrentar-desafios\/"},"wordCount":1563,"image":{"@id":"https:\/\/www.eim.com\/ar\/casos-de-exito\/gerente-de-rrhh-en-la-industria-de-alimentos-y-bebidas-anticipando-cambios-para-enfrentar-desafios\/#primaryimage"},"thumbnailUrl":"https:\/\/www.eim.com\/ar\/wp-content\/uploads\/sites\/14\/2024\/10\/Gerente-RRHH-Food-Beverages-scaled-e1728306868796.jpg","keywords":["#estrategia #capital humano","#talento"],"articleSection":["Casos de \u00e9xito"],"inLanguage":"es"},{"@type":"WebPage","@id":"https:\/\/www.eim.com\/ar\/casos-de-exito\/gerente-de-rrhh-en-la-industria-de-alimentos-y-bebidas-anticipando-cambios-para-enfrentar-desafios\/","url":"https:\/\/www.eim.com\/ar\/casos-de-exito\/gerente-de-rrhh-en-la-industria-de-alimentos-y-bebidas-anticipando-cambios-para-enfrentar-desafios\/","name":"Gerente de RRHH en la Industria de Alimentos y Bebidas: Anticipando Cambios para Enfrentar Desaf\u00edos","isPartOf":{"@id":"https:\/\/www.eim.com\/ar\/#website"},"primaryImageOfPage":{"@id":"https:\/\/www.eim.com\/ar\/casos-de-exito\/gerente-de-rrhh-en-la-industria-de-alimentos-y-bebidas-anticipando-cambios-para-enfrentar-desafios\/#primaryimage"},"image":{"@id":"https:\/\/www.eim.com\/ar\/casos-de-exito\/gerente-de-rrhh-en-la-industria-de-alimentos-y-bebidas-anticipando-cambios-para-enfrentar-desafios\/#primaryimage"},"thumbnailUrl":"https:\/\/www.eim.com\/ar\/wp-content\/uploads\/sites\/14\/2024\/10\/Gerente-RRHH-Food-Beverages-scaled-e1728306868796.jpg","datePublished":"2024-10-07T13:20:16+00:00","dateModified":"2024-10-07T13:20:18+00:00","author":{"@id":"https:\/\/www.eim.com\/ar\/#\/schema\/person\/8fcdc228e0f3e1672c26fd8028a42ba0"},"description":"Una empresa con 16 a\u00f1os de trayectoria en el mercado, con una planta propia dedicada a la elaboraci\u00f3n de productos a base de cacao y az\u00facar, prove\u00eda a grandes sectores de la industria alimenticia, como helader\u00edas y pasteler\u00edas. A pesar de que el negocio estaba bien consolidado los accionistas avizoraban cambios en el mercado.","breadcrumb":{"@id":"https:\/\/www.eim.com\/ar\/casos-de-exito\/gerente-de-rrhh-en-la-industria-de-alimentos-y-bebidas-anticipando-cambios-para-enfrentar-desafios\/#breadcrumb"},"inLanguage":"es","potentialAction":[{"@type":"ReadAction","target":["https:\/\/www.eim.com\/ar\/casos-de-exito\/gerente-de-rrhh-en-la-industria-de-alimentos-y-bebidas-anticipando-cambios-para-enfrentar-desafios\/"]}]},{"@type":"ImageObject","inLanguage":"es","@id":"https:\/\/www.eim.com\/ar\/casos-de-exito\/gerente-de-rrhh-en-la-industria-de-alimentos-y-bebidas-anticipando-cambios-para-enfrentar-desafios\/#primaryimage","url":"https:\/\/www.eim.com\/ar\/wp-content\/uploads\/sites\/14\/2024\/10\/Gerente-RRHH-Food-Beverages-scaled-e1728306868796.jpg","contentUrl":"https:\/\/www.eim.com\/ar\/wp-content\/uploads\/sites\/14\/2024\/10\/Gerente-RRHH-Food-Beverages-scaled-e1728306868796.jpg","width":2300,"height":1650},{"@type":"BreadcrumbList","@id":"https:\/\/www.eim.com\/ar\/casos-de-exito\/gerente-de-rrhh-en-la-industria-de-alimentos-y-bebidas-anticipando-cambios-para-enfrentar-desafios\/#breadcrumb","itemListElement":[{"@type":"ListItem","position":1,"name":"Home","item":"https:\/\/www.eim.com\/ar\/"},{"@type":"ListItem","position":2,"name":"Gerente de RRHH en la Industria de Alimentos y Bebidas: Anticipando Cambios para Enfrentar Desaf\u00edos"}]},{"@type":"WebSite","@id":"https:\/\/www.eim.com\/ar\/#website","url":"https:\/\/www.eim.com\/ar\/","name":"EIM Argentina","description":"EIM Group Corporate Argentina","potentialAction":[{"@type":"SearchAction","target":{"@type":"EntryPoint","urlTemplate":"https:\/\/www.eim.com\/ar\/?s={search_term_string}"},"query-input":{"@type":"PropertyValueSpecification","valueRequired":true,"valueName":"search_term_string"}}],"inLanguage":"es"},{"@type":"Person","@id":"https:\/\/www.eim.com\/ar\/#\/schema\/person\/8fcdc228e0f3e1672c26fd8028a42ba0","name":"maguilar","image":{"@type":"ImageObject","inLanguage":"es","@id":"https:\/\/secure.gravatar.com\/avatar\/f7fc2b8c1fd57dd9c51045599ed14973e3ede29bf9d8cc3afa805e298e6a5898?s=96&d=mm&r=g","url":"https:\/\/secure.gravatar.com\/avatar\/f7fc2b8c1fd57dd9c51045599ed14973e3ede29bf9d8cc3afa805e298e6a5898?s=96&d=mm&r=g","contentUrl":"https:\/\/secure.gravatar.com\/avatar\/f7fc2b8c1fd57dd9c51045599ed14973e3ede29bf9d8cc3afa805e298e6a5898?s=96&d=mm&r=g","caption":"maguilar"},"knowsLanguage":["Spanish","English"],"worksFor":"EIM Argentina"}]}},"_links":{"self":[{"href":"https:\/\/www.eim.com\/ar\/wp-json\/wp\/v2\/posts\/10983","targetHints":{"allow":["GET"]}}],"collection":[{"href":"https:\/\/www.eim.com\/ar\/wp-json\/wp\/v2\/posts"}],"about":[{"href":"https:\/\/www.eim.com\/ar\/wp-json\/wp\/v2\/types\/post"}],"author":[{"embeddable":true,"href":"https:\/\/www.eim.com\/ar\/wp-json\/wp\/v2\/users\/962"}],"replies":[{"embeddable":true,"href":"https:\/\/www.eim.com\/ar\/wp-json\/wp\/v2\/comments?post=10983"}],"version-history":[{"count":0,"href":"https:\/\/www.eim.com\/ar\/wp-json\/wp\/v2\/posts\/10983\/revisions"}],"wp:featuredmedia":[{"embeddable":true,"href":"https:\/\/www.eim.com\/ar\/wp-json\/wp\/v2\/media\/10984"}],"wp:attachment":[{"href":"https:\/\/www.eim.com\/ar\/wp-json\/wp\/v2\/media?parent=10983"}],"wp:term":[{"taxonomy":"category","embeddable":true,"href":"https:\/\/www.eim.com\/ar\/wp-json\/wp\/v2\/categories?post=10983"},{"taxonomy":"post_tag","embeddable":true,"href":"https:\/\/www.eim.com\/ar\/wp-json\/wp\/v2\/tags?post=10983"}],"curies":[{"name":"wp","href":"https:\/\/api.w.org\/{rel}","templated":true}]}}