{"id":10588,"date":"2023-08-30T15:00:35","date_gmt":"2023-08-30T15:00:35","guid":{"rendered":"https:\/\/www.eim.com\/ar\/?p=10588"},"modified":"2023-08-30T15:00:38","modified_gmt":"2023-08-30T15:00:38","slug":"exito-en-la-gestion-de-compras-impulsando-la-eficiencia-en-el-sector-energetico","status":"publish","type":"post","link":"https:\/\/www.eim.com\/ar\/casos-de-exito\/exito-en-la-gestion-de-compras-impulsando-la-eficiencia-en-el-sector-energetico\/","title":{"rendered":"\u00c9xito en la Gesti\u00f3n de Compras: Impulsando la Eficiencia en el Sector Energ\u00e9tico"},"content":{"rendered":"\n[et_pb_section fb_built=&#8221;1&#8243; admin_label=&#8221;Hero Section&#8221; _builder_version=&#8221;4.22.1&#8243; use_background_color_gradient=&#8221;on&#8221; background_color_gradient_stops=&#8221;rgba(0,0,0,0.4) 0%|rgba(0,0,0,0.4) 100%&#8221; background_color_gradient_overlays_image=&#8221;on&#8221; background_color_gradient_start=&#8221;rgba(0,0,0,0.4)&#8221; background_color_gradient_end=&#8221;rgba(0,0,0,0.4)&#8221; background_image=&#8221;https:\/\/www.eim.com\/ar\/wp-content\/uploads\/sites\/14\/2023\/08\/jason-blackeye-zAITDJYV09w-unsplash-scaled.jpg&#8221; height=&#8221;520px&#8221; custom_padding=&#8221;6%||0%|||&#8221; bottom_divider_style=&#8221;slant&#8221; bottom_divider_color=&#8221;#ffffff&#8221; bottom_divider_height=&#8221;150px&#8221; bottom_divider_flip=&#8221;horizontal&#8221; hover_enabled=&#8221;0&#8243; global_colors_info=&#8221;{}&#8221; background_color_gradient_direction__hover=&#8221;180deg&#8221; background_color_gradient_direction__hover_enabled=&#8221;180deg&#8221; background_color_gradient_start_position__hover=&#8221;0%&#8221; background_color_gradient_start_position__hover_enabled=&#8221;0%&#8221; background_color_gradient_end_position__hover=&#8221;100%&#8221; background_color_gradient_end_position__hover_enabled=&#8221;100%&#8221; background_color_gradient_stops__hover=&#8221;rgba(0,0,0,0.4) 0%|rgba(0,0,0,0.4) 100%&#8221; title_text=&#8221;jason-blackeye-zAITDJYV09w-unsplash&#8221; sticky_enabled=&#8221;0&#8243;][et_pb_row disabled_on=&#8221;off|off|off&#8221; admin_label=&#8221;Page Title Area&#8221; _builder_version=&#8221;4.16&#8243; width=&#8221;100%&#8221; max_width=&#8221;2560px&#8221; module_alignment=&#8221;center&#8221; custom_margin=&#8221;-2%|auto|0px|auto|false|false&#8221; custom_padding=&#8221;0px|||||&#8221; global_colors_info=&#8221;{}&#8221;][et_pb_column type=&#8221;4_4&#8243; _builder_version=&#8221;4.16&#8243; custom_padding=&#8221;|||&#8221; global_colors_info=&#8221;{}&#8221; custom_padding__hover=&#8221;|||&#8221;][et_pb_text _builder_version=&#8221;4.21.0&#8243; text_font=&#8221;|600|||||||&#8221; text_text_color=&#8221;#ffffff&#8221; text_font_size=&#8221;33px&#8221; text_line_height=&#8221;1.4em&#8221; background_layout=&#8221;dark&#8221; global_colors_info=&#8221;{}&#8221;]<p style=\"text-align: center\"><span style=\"font-weight: 400\">\u00c9xito en la Gesti\u00f3n de Compras: Impulsando la Eficiencia en el Sector Energ\u00e9tico<\/span><\/p>[\/et_pb_text][\/et_pb_column][\/et_pb_row][\/et_pb_section][et_pb_section fb_built=&#8221;1&#8243; _builder_version=&#8221;4.16&#8243; custom_margin=&#8221;||||false|false&#8221; custom_padding=&#8221;2px||2px||true|false&#8221; global_colors_info=&#8221;{}&#8221;][et_pb_row admin_label=&#8221;Title Area&#8221; _builder_version=&#8221;4.16&#8243; background_color=&#8221;rgba(0,0,0,0)&#8221; width=&#8221;100%&#8221; module_alignment=&#8221;center&#8221; custom_margin=&#8221;||||false|false&#8221; custom_padding=&#8221;0px|0px|0px|0px|false|false&#8221; global_colors_info=&#8221;{}&#8221;][et_pb_column type=&#8221;4_4&#8243; _builder_version=&#8221;4.16&#8243; custom_padding=&#8221;|||&#8221; global_colors_info=&#8221;{}&#8221; custom_padding__hover=&#8221;|||&#8221;][et_pb_text _builder_version=&#8221;4.16&#8243; text_font=&#8221;||||||||&#8221; text_font_size=&#8221;16px&#8221; header_font=&#8221;||||||||&#8221; max_width=&#8221;90%&#8221; module_alignment=&#8221;center&#8221; custom_margin=&#8221;3%|0px|5%|0px|false|false&#8221; custom_padding=&#8221;|2%|0px|2%|false|false&#8221; animation_style=&#8221;flip&#8221; animation_direction=&#8221;left&#8221; animation_intensity_flip=&#8221;30%&#8221; animation_starting_opacity=&#8221;100%&#8221; global_colors_info=&#8221;{}&#8221;]<p style=\"text-align: justify\"><span style=\"color: #002c3e\"><strong>Sector:<\/strong><\/span> <span style=\"font-weight: 400\">\u00a0Energ\u00eda<\/span><\/p>\n<p style=\"text-align: justify\"><span style=\"color: #002c3e\"><strong>Location:<\/strong><\/span> Buenos Aires<\/p>\n<p style=\"text-align: justify\"><span style=\"color: #002c3e\"><strong>El Desaf\u00edo:<\/strong><\/span><\/p>\n<p><span style=\"font-weight: 400\">Una empresa global l\u00edder en la gesti\u00f3n de sistemas de vapor y energ\u00edas t\u00e9rmicas buscaba optimizar su \u00e1rea de compras y gesti\u00f3n de proveedores. Con una s\u00f3lida trayectoria en brindar soluciones a diversas industrias para alcanzar metas de calidad, eficiencia y sostenibilidad, requer\u00edan un ejecutivo interino para fortalecer su enfoque en adquisiciones y manejo de proveedores tanto a nivel nacional como internacional.<\/span><\/p>\n<p><b style=\"font-size: 16px\">El Perfil Requerido:<\/b><\/p>\n<p><span style=\"font-size: 16px\">El candidato ideal necesitaba ser un experto en:<\/span><\/p>\n<ul>\n<li><span style=\"font-size: 16px\">Negociaci\u00f3n eficiente y aspectos legales de contratos<\/span><\/li>\n<li><span style=\"font-size: 16px\">Comercio internacional (t\u00e9rminos de pagos, regulaciones aduaneras, costos log\u00edsticos y aspectos legales)<\/span><\/li>\n<li><span style=\"font-size: 16px\">Gesti\u00f3n de proyectos de ahorro<\/span><\/li>\n<li><span style=\"font-size: 16px\">Desarrollo de proveedores y gesti\u00f3n de compras<\/span><\/li>\n<\/ul>\n<p><b>Objetivos y Metas Claras:<\/b><\/p>\n<p><span style=\"font-weight: 400\">El enfoque era claro: alcanzar ahorros significativos y optimizar los procesos. El ejecutivo interino ten\u00eda la tarea de:<\/span><\/p>\n<ul>\n<li style=\"font-weight: 400\"><span style=\"font-weight: 400\">Evaluar la cartera de proveedores y niveles de precios actuales para identificar oportunidades de mejora.<\/span><\/li>\n<li style=\"font-weight: 400\"><span style=\"font-weight: 400\">Liderar proyectos para obtener productos de calidad a costos m\u00e1s bajos.<\/span><\/li>\n<li style=\"font-weight: 400\"><span style=\"font-weight: 400\">Establecer un objetivo de ahorro de $350,000 USD en 12 meses.<\/span><\/li>\n<li style=\"font-weight: 400\"><span style=\"font-weight: 400\">Negociar y supervisar los precios de los proveedores.<\/span><\/li>\n<li style=\"font-weight: 400\"><span style=\"font-weight: 400\">Desarrollar proveedores y gestionar contratos.<\/span><\/li>\n<li style=\"font-weight: 400\"><span style=\"font-weight: 400\">Supervisar proyectos con nuevos proveedores y colaborar con el equipo de ingenier\u00eda.<\/span><\/li>\n<li style=\"font-weight: 400\"><span style=\"font-weight: 400\">Brindar capacitaci\u00f3n al equipo para mantener las buenas pr\u00e1cticas incluso despu\u00e9s del proyecto.<\/span><\/li>\n<\/ul>\n<p><span style=\"font-size: 16px\"><\/span><\/p>\n<p><span style=\"font-weight: 400\"><\/span><\/p>[\/et_pb_text][\/et_pb_column][\/et_pb_row][\/et_pb_section][et_pb_section fb_built=&#8221;1&#8243; _builder_version=&#8221;4.16&#8243; background_color=&#8221;#e6e6e6&#8243; custom_margin=&#8221;||||false|false&#8221; custom_padding=&#8221;10px||||false|false&#8221; top_divider_style=&#8221;slant&#8221; top_divider_color=&#8221;#ffffff&#8221; top_divider_flip=&#8221;horizontal|vertical&#8221; bottom_divider_style=&#8221;slant&#8221; bottom_divider_color=&#8221;#002c3e&#8221; bottom_divider_flip=&#8221;horizontal&#8221; global_colors_info=&#8221;{}&#8221;][et_pb_row admin_label=&#8221;Title Area&#8221; _builder_version=&#8221;4.16&#8243; background_color=&#8221;rgba(0,0,0,0)&#8221; width=&#8221;100%&#8221; module_alignment=&#8221;center&#8221; custom_margin=&#8221;||||false|false&#8221; custom_padding=&#8221;3%|0px|5.4%|0px|false|false&#8221; global_colors_info=&#8221;{}&#8221;][et_pb_column type=&#8221;4_4&#8243; _builder_version=&#8221;4.16&#8243; custom_padding=&#8221;|||&#8221; global_colors_info=&#8221;{}&#8221; custom_padding__hover=&#8221;|||&#8221;][et_pb_text _builder_version=&#8221;4.16&#8243; text_font=&#8221;||||||||&#8221; text_font_size=&#8221;16px&#8221; header_font=&#8221;||||||||&#8221; max_width=&#8221;90%&#8221; module_alignment=&#8221;center&#8221; custom_margin=&#8221;3%|0px|0%|0px|false|false&#8221; custom_padding=&#8221;|2%|53px|2%|false|false&#8221; animation_style=&#8221;flip&#8221; animation_direction=&#8221;left&#8221; animation_intensity_flip=&#8221;30%&#8221; animation_starting_opacity=&#8221;100%&#8221; global_colors_info=&#8221;{}&#8221;]<p><b>La Soluci\u00f3n en Acci\u00f3n:<\/b><\/p>\n<p><span style=\"font-weight: 400\">Presentamos a un profesional con m\u00e1s de 15 a\u00f1os de experiencia en compras, log\u00edstica y planificaci\u00f3n en diversas industrias. Con un s\u00f3lido conocimiento en cadenas de suministro y una trayectoria en reducci\u00f3n de costos y desarrollo de equipos, el ejecutivo interino lider\u00f3 una transformaci\u00f3n efectiva:<\/span><\/p>\n<ul>\n<li style=\"font-weight: 400\"><span style=\"font-weight: 400\">Desarroll\u00f3 nuevos proveedores y colabor\u00f3 con la matriz para obtener mejores costos globales.<\/span><\/li>\n<li style=\"font-weight: 400\"><span style=\"font-weight: 400\">Implement\u00f3 procesos mejorados para el \u00e1rea de compras y colabor\u00f3 con ingenier\u00eda en el desarrollo de proveedores locales.<\/span><\/li>\n<li style=\"font-weight: 400\"><span style=\"font-weight: 400\">Dirigi\u00f3 proyectos de ahorro, asegurando la calidad a costos reducidos.<\/span><\/li>\n<li style=\"font-weight: 400\"><span style=\"font-weight: 400\">Capacit\u00f3 al equipo interno, fortaleciendo su habilidad para continuar con las pr\u00e1cticas exitosas.<\/span><\/li>\n<li style=\"font-weight: 400\"><span style=\"font-weight: 400\">El proyecto culmin\u00f3 con un miembro del equipo interno asumiendo el liderazgo del \u00e1rea, solidificando el legado del ejecutivo interino y el impacto duradero en la eficiencia y resultados de la empresa.<\/span><\/li>\n<\/ul>\n<p><span style=\"font-weight: 400\">\u00a0<\/span><span style=\"font-size: 16px\">En EIM Group, somos l\u00edderes en proporcionar ejecutivos interinos altamente calificados que impulsan el crecimiento y la eficiencia en diversos sectores. Este caso de \u00e9xito es un testimonio de c\u00f3mo nuestra experiencia y enfoque estrat\u00e9gico pueden marcar una diferencia significativa en su organizaci\u00f3n. Si est\u00e1 buscando soluciones transformadoras, \u00a1cont\u00e1ctenos hoy!<\/span><\/p>[\/et_pb_text][\/et_pb_column][\/et_pb_row][\/et_pb_section][et_pb_section fb_built=&#8221;1&#8243; _builder_version=&#8221;4.16&#8243; background_color=&#8221;#002c3e&#8221; custom_margin=&#8221;||-60px||false|false&#8221; top_divider_style=&#8221;slant&#8221; top_divider_color=&#8221;#002c3e&#8221; top_divider_flip=&#8221;vertical&#8221; bottom_divider_color=&#8221;#ffffff&#8221; bottom_divider_flip=&#8221;horizontal&#8221; global_colors_info=&#8221;{}&#8221;][et_pb_row _builder_version=&#8221;4.16&#8243; custom_margin=&#8221;-46px|auto||auto||&#8221; custom_padding=&#8221;60px|||||&#8221; global_colors_info=&#8221;{}&#8221;][et_pb_column type=&#8221;4_4&#8243; _builder_version=&#8221;4.16&#8243; global_colors_info=&#8221;{}&#8221;][et_pb_text admin_label=&#8221;Title&#8221; _builder_version=&#8221;4.16&#8243; text_font=&#8221;||||||||&#8221; text_text_color=&#8221;#ffffff&#8221; header_font=&#8221;Prata||||||||&#8221; header_2_font=&#8221;Montserrat|700|||||||&#8221; header_2_text_align=&#8221;center&#8221; header_2_font_size=&#8221;30px&#8221; custom_margin=&#8221;5%||5px||false|false&#8221; custom_padding=&#8221;||0px|||&#8221; animation_style=&#8221;fade&#8221; animation_direction=&#8221;top&#8221; animation_duration=&#8221;1350ms&#8221; animation_starting_opacity=&#8221;100%&#8221; inline_fonts=&#8221;Prata,Montserrat&#8221; global_colors_info=&#8221;{}&#8221;]<h2><span style=\"font-family: Montserrat;color: #ffffff\">P\u00f3ngase en contacto con nosotros<\/span><\/h2>[\/et_pb_text][\/et_pb_column][\/et_pb_row][et_pb_row column_structure=&#8221;1_5,3_5,1_5&#8243; _builder_version=&#8221;4.16&#8243; custom_margin=&#8221;|auto|5%|auto|false|false&#8221; custom_padding=&#8221;0px|||||&#8221; global_colors_info=&#8221;{}&#8221;][et_pb_column type=&#8221;1_5&#8243; _builder_version=&#8221;4.16&#8243; global_colors_info=&#8221;{}&#8221;][\/et_pb_column][et_pb_column type=&#8221;3_5&#8243; _builder_version=&#8221;4.16&#8243; global_colors_info=&#8221;{}&#8221;][et_pb_text _builder_version=&#8221;4.16&#8243; custom_padding=&#8221;||0px|||&#8221; global_colors_info=&#8221;{}&#8221;]<p style=\"text-align: center\"><span style=\"color: #ffffff\">Juntos podemos encontrar la soluci\u00f3n que est\u00e1 buscando.\n\n<\/span><\/p>[\/et_pb_text][et_pb_button button_url=&#8221;@ET-DC@eyJkeW5hbWljIjp0cnVlLCJjb250ZW50IjoicG9zdF9saW5rX3VybF9wYWdlIiwic2V0dGluZ3MiOnsicG9zdF9pZCI6IjkifX0=@&#8221; button_text=&#8221;CONT\u00c1CTENOS&#8221; button_alignment=&#8221;center&#8221; _builder_version=&#8221;4.16&#8243; _dynamic_attributes=&#8221;button_url&#8221; background_layout=&#8221;dark&#8221; global_colors_info=&#8221;{}&#8221;][\/et_pb_button][\/et_pb_column][et_pb_column type=&#8221;1_5&#8243; _builder_version=&#8221;4.16&#8243; global_colors_info=&#8221;{}&#8221;][\/et_pb_column][\/et_pb_row][\/et_pb_section]\n","protected":false},"excerpt":{"rendered":"<p>\u00c9xito en la Gesti\u00f3n de Compras: Impulsando la Eficiencia en el Sector Energ\u00e9ticoSector: \u00a0Energ\u00eda Location: Buenos Aires El Desaf\u00edo: Una empresa global l\u00edder en la gesti\u00f3n de sistemas de vapor y energ\u00edas t\u00e9rmicas buscaba optimizar su \u00e1rea de compras y gesti\u00f3n de proveedores. Con una s\u00f3lida trayectoria en brindar soluciones a diversas industrias para alcanzar [&hellip;]<\/p>\n","protected":false},"author":28,"featured_media":0,"comment_status":"closed","ping_status":"closed","sticky":false,"template":"","format":"standard","meta":{"_et_pb_use_builder":"on","_et_pb_old_content":"","_et_gb_content_width":"2880","footnotes":""},"categories":[4],"tags":[],"class_list":["post-10588","post","type-post","status-publish","format-standard","hentry","category-casos-de-exito"],"yoast_head":"<!-- This site is optimized with the Yoast SEO Premium plugin v27.0 (Yoast SEO v27.4) - https:\/\/yoast.com\/product\/yoast-seo-premium-wordpress\/ -->\n<title>\u00c9xito en la Gesti\u00f3n de Compras: Impulsando la Eficiencia en el Sector Energ\u00e9tico - EIM Argentina<\/title>\n<meta name=\"description\" content=\"Un experimentado emprendedor y ejecutivo argentino, uno de los pioneros en insurtech en Am\u00e9rica Latina, estaba lanzando una innovadora empresa de salud en M\u00e9xico y Argentina. Estaba buscando financiamiento de capital de riesgo para la empresa en M\u00e9xico y estaba conformando el equipo de inicio de la empresa en ese pa\u00eds.\" \/>\n<meta name=\"robots\" content=\"index, follow, max-snippet:-1, max-image-preview:large, max-video-preview:-1\" \/>\n<link rel=\"canonical\" href=\"https:\/\/www.eim.com\/ar\/casos-de-exito\/exito-en-la-gestion-de-compras-impulsando-la-eficiencia-en-el-sector-energetico\/\" \/>\n<meta property=\"og:locale\" content=\"es_ES\" \/>\n<meta property=\"og:type\" content=\"article\" \/>\n<meta property=\"og:title\" content=\"\u00c9xito en la Gesti\u00f3n de Compras: Impulsando la Eficiencia en el Sector Energ\u00e9tico\" \/>\n<meta property=\"og:description\" content=\"Un experimentado emprendedor y ejecutivo argentino, uno de los pioneros en insurtech en Am\u00e9rica Latina, estaba lanzando una innovadora empresa de salud en M\u00e9xico y Argentina. Estaba buscando financiamiento de capital de riesgo para la empresa en M\u00e9xico y estaba conformando el equipo de inicio de la empresa en ese pa\u00eds.\" \/>\n<meta property=\"og:url\" content=\"https:\/\/www.eim.com\/ar\/casos-de-exito\/exito-en-la-gestion-de-compras-impulsando-la-eficiencia-en-el-sector-energetico\/\" \/>\n<meta property=\"og:site_name\" content=\"EIM Argentina\" \/>\n<meta property=\"article:published_time\" content=\"2023-08-30T15:00:35+00:00\" \/>\n<meta property=\"article:modified_time\" content=\"2023-08-30T15:00:38+00:00\" \/>\n<meta property=\"og:image\" content=\"https:\/\/www.eim.com\/ar\/wp-content\/uploads\/sites\/14\/2023\/08\/jason-blackeye-zAITDJYV09w-unsplash-scaled.jpg\" \/>\n\t<meta property=\"og:image:width\" content=\"2560\" \/>\n\t<meta property=\"og:image:height\" content=\"1875\" \/>\n\t<meta property=\"og:image:type\" content=\"image\/jpeg\" \/>\n<meta name=\"author\" content=\"lfratini\" \/>\n<meta name=\"twitter:card\" content=\"summary_large_image\" \/>\n<meta name=\"twitter:label1\" content=\"Escrito por\" \/>\n\t<meta name=\"twitter:data1\" content=\"lfratini\" \/>\n\t<meta name=\"twitter:label2\" content=\"Tiempo de lectura\" \/>\n\t<meta name=\"twitter:data2\" content=\"3 minutos\" \/>\n<script type=\"application\/ld+json\" class=\"yoast-schema-graph\">{\"@context\":\"https:\\\/\\\/schema.org\",\"@graph\":[{\"@type\":\"Article\",\"@id\":\"https:\\\/\\\/www.eim.com\\\/ar\\\/casos-de-exito\\\/exito-en-la-gestion-de-compras-impulsando-la-eficiencia-en-el-sector-energetico\\\/#article\",\"isPartOf\":{\"@id\":\"https:\\\/\\\/www.eim.com\\\/ar\\\/casos-de-exito\\\/exito-en-la-gestion-de-compras-impulsando-la-eficiencia-en-el-sector-energetico\\\/\"},\"author\":{\"name\":\"lfratini\",\"@id\":\"https:\\\/\\\/www.eim.com\\\/ar\\\/#\\\/schema\\\/person\\\/8464165839f581544185625dedeb7591\"},\"headline\":\"\u00c9xito en la Gesti\u00f3n de Compras: Impulsando la Eficiencia en el Sector Energ\u00e9tico\",\"datePublished\":\"2023-08-30T15:00:35+00:00\",\"dateModified\":\"2023-08-30T15:00:38+00:00\",\"mainEntityOfPage\":{\"@id\":\"https:\\\/\\\/www.eim.com\\\/ar\\\/casos-de-exito\\\/exito-en-la-gestion-de-compras-impulsando-la-eficiencia-en-el-sector-energetico\\\/\"},\"wordCount\":1206,\"articleSection\":[\"Casos de \u00e9xito\"],\"inLanguage\":\"es\"},{\"@type\":\"WebPage\",\"@id\":\"https:\\\/\\\/www.eim.com\\\/ar\\\/casos-de-exito\\\/exito-en-la-gestion-de-compras-impulsando-la-eficiencia-en-el-sector-energetico\\\/\",\"url\":\"https:\\\/\\\/www.eim.com\\\/ar\\\/casos-de-exito\\\/exito-en-la-gestion-de-compras-impulsando-la-eficiencia-en-el-sector-energetico\\\/\",\"name\":\"\u00c9xito en la Gesti\u00f3n de Compras: Impulsando la Eficiencia en el Sector Energ\u00e9tico - EIM Argentina\",\"isPartOf\":{\"@id\":\"https:\\\/\\\/www.eim.com\\\/ar\\\/#website\"},\"datePublished\":\"2023-08-30T15:00:35+00:00\",\"dateModified\":\"2023-08-30T15:00:38+00:00\",\"author\":{\"@id\":\"https:\\\/\\\/www.eim.com\\\/ar\\\/#\\\/schema\\\/person\\\/8464165839f581544185625dedeb7591\"},\"description\":\"Un experimentado emprendedor y ejecutivo argentino, uno de los pioneros en insurtech en Am\u00e9rica Latina, estaba lanzando una innovadora empresa de salud en M\u00e9xico y Argentina. Estaba buscando financiamiento de capital de riesgo para la empresa en M\u00e9xico y estaba conformando el equipo de inicio de la empresa en ese pa\u00eds.\",\"breadcrumb\":{\"@id\":\"https:\\\/\\\/www.eim.com\\\/ar\\\/casos-de-exito\\\/exito-en-la-gestion-de-compras-impulsando-la-eficiencia-en-el-sector-energetico\\\/#breadcrumb\"},\"inLanguage\":\"es\",\"potentialAction\":[{\"@type\":\"ReadAction\",\"target\":[\"https:\\\/\\\/www.eim.com\\\/ar\\\/casos-de-exito\\\/exito-en-la-gestion-de-compras-impulsando-la-eficiencia-en-el-sector-energetico\\\/\"]}]},{\"@type\":\"BreadcrumbList\",\"@id\":\"https:\\\/\\\/www.eim.com\\\/ar\\\/casos-de-exito\\\/exito-en-la-gestion-de-compras-impulsando-la-eficiencia-en-el-sector-energetico\\\/#breadcrumb\",\"itemListElement\":[{\"@type\":\"ListItem\",\"position\":1,\"name\":\"Home\",\"item\":\"https:\\\/\\\/www.eim.com\\\/ar\\\/\"},{\"@type\":\"ListItem\",\"position\":2,\"name\":\"\u00c9xito en la Gesti\u00f3n de Compras: Impulsando la Eficiencia en el Sector Energ\u00e9tico\"}]},{\"@type\":\"WebSite\",\"@id\":\"https:\\\/\\\/www.eim.com\\\/ar\\\/#website\",\"url\":\"https:\\\/\\\/www.eim.com\\\/ar\\\/\",\"name\":\"EIM Argentina\",\"description\":\"EIM Group Corporate Argentina\",\"potentialAction\":[{\"@type\":\"SearchAction\",\"target\":{\"@type\":\"EntryPoint\",\"urlTemplate\":\"https:\\\/\\\/www.eim.com\\\/ar\\\/?s={search_term_string}\"},\"query-input\":{\"@type\":\"PropertyValueSpecification\",\"valueRequired\":true,\"valueName\":\"search_term_string\"}}],\"inLanguage\":\"es\"},{\"@type\":\"Person\",\"@id\":\"https:\\\/\\\/www.eim.com\\\/ar\\\/#\\\/schema\\\/person\\\/8464165839f581544185625dedeb7591\",\"name\":\"lfratini\",\"image\":{\"@type\":\"ImageObject\",\"inLanguage\":\"es\",\"@id\":\"https:\\\/\\\/secure.gravatar.com\\\/avatar\\\/1986a13a523065cd5d365ef02855c2644bf03e144ef6fd3ba923e9487064307f?s=96&d=mm&r=g\",\"url\":\"https:\\\/\\\/secure.gravatar.com\\\/avatar\\\/1986a13a523065cd5d365ef02855c2644bf03e144ef6fd3ba923e9487064307f?s=96&d=mm&r=g\",\"contentUrl\":\"https:\\\/\\\/secure.gravatar.com\\\/avatar\\\/1986a13a523065cd5d365ef02855c2644bf03e144ef6fd3ba923e9487064307f?s=96&d=mm&r=g\",\"caption\":\"lfratini\"}}]}<\/script>\n<!-- \/ Yoast SEO Premium plugin. -->","yoast_head_json":{"title":"\u00c9xito en la Gesti\u00f3n de Compras: Impulsando la Eficiencia en el Sector Energ\u00e9tico - EIM Argentina","description":"Un experimentado emprendedor y ejecutivo argentino, uno de los pioneros en insurtech en Am\u00e9rica Latina, estaba lanzando una innovadora empresa de salud en M\u00e9xico y Argentina. Estaba buscando financiamiento de capital de riesgo para la empresa en M\u00e9xico y estaba conformando el equipo de inicio de la empresa en ese pa\u00eds.","robots":{"index":"index","follow":"follow","max-snippet":"max-snippet:-1","max-image-preview":"max-image-preview:large","max-video-preview":"max-video-preview:-1"},"canonical":"https:\/\/www.eim.com\/ar\/casos-de-exito\/exito-en-la-gestion-de-compras-impulsando-la-eficiencia-en-el-sector-energetico\/","og_locale":"es_ES","og_type":"article","og_title":"\u00c9xito en la Gesti\u00f3n de Compras: Impulsando la Eficiencia en el Sector Energ\u00e9tico","og_description":"Un experimentado emprendedor y ejecutivo argentino, uno de los pioneros en insurtech en Am\u00e9rica Latina, estaba lanzando una innovadora empresa de salud en M\u00e9xico y Argentina. Estaba buscando financiamiento de capital de riesgo para la empresa en M\u00e9xico y estaba conformando el equipo de inicio de la empresa en ese pa\u00eds.","og_url":"https:\/\/www.eim.com\/ar\/casos-de-exito\/exito-en-la-gestion-de-compras-impulsando-la-eficiencia-en-el-sector-energetico\/","og_site_name":"EIM Argentina","article_published_time":"2023-08-30T15:00:35+00:00","article_modified_time":"2023-08-30T15:00:38+00:00","og_image":[{"width":2560,"height":1875,"url":"https:\/\/www.eim.com\/ar\/wp-content\/uploads\/sites\/14\/2023\/08\/jason-blackeye-zAITDJYV09w-unsplash-scaled.jpg","type":"image\/jpeg"}],"author":"lfratini","twitter_card":"summary_large_image","twitter_misc":{"Escrito por":"lfratini","Tiempo de lectura":"3 minutos"},"schema":{"@context":"https:\/\/schema.org","@graph":[{"@type":"Article","@id":"https:\/\/www.eim.com\/ar\/casos-de-exito\/exito-en-la-gestion-de-compras-impulsando-la-eficiencia-en-el-sector-energetico\/#article","isPartOf":{"@id":"https:\/\/www.eim.com\/ar\/casos-de-exito\/exito-en-la-gestion-de-compras-impulsando-la-eficiencia-en-el-sector-energetico\/"},"author":{"name":"lfratini","@id":"https:\/\/www.eim.com\/ar\/#\/schema\/person\/8464165839f581544185625dedeb7591"},"headline":"\u00c9xito en la Gesti\u00f3n de Compras: Impulsando la Eficiencia en el Sector Energ\u00e9tico","datePublished":"2023-08-30T15:00:35+00:00","dateModified":"2023-08-30T15:00:38+00:00","mainEntityOfPage":{"@id":"https:\/\/www.eim.com\/ar\/casos-de-exito\/exito-en-la-gestion-de-compras-impulsando-la-eficiencia-en-el-sector-energetico\/"},"wordCount":1206,"articleSection":["Casos de \u00e9xito"],"inLanguage":"es"},{"@type":"WebPage","@id":"https:\/\/www.eim.com\/ar\/casos-de-exito\/exito-en-la-gestion-de-compras-impulsando-la-eficiencia-en-el-sector-energetico\/","url":"https:\/\/www.eim.com\/ar\/casos-de-exito\/exito-en-la-gestion-de-compras-impulsando-la-eficiencia-en-el-sector-energetico\/","name":"\u00c9xito en la Gesti\u00f3n de Compras: Impulsando la Eficiencia en el Sector Energ\u00e9tico - EIM Argentina","isPartOf":{"@id":"https:\/\/www.eim.com\/ar\/#website"},"datePublished":"2023-08-30T15:00:35+00:00","dateModified":"2023-08-30T15:00:38+00:00","author":{"@id":"https:\/\/www.eim.com\/ar\/#\/schema\/person\/8464165839f581544185625dedeb7591"},"description":"Un experimentado emprendedor y ejecutivo argentino, uno de los pioneros en insurtech en Am\u00e9rica Latina, estaba lanzando una innovadora empresa de salud en M\u00e9xico y Argentina. Estaba buscando financiamiento de capital de riesgo para la empresa en M\u00e9xico y estaba conformando el equipo de inicio de la empresa en ese pa\u00eds.","breadcrumb":{"@id":"https:\/\/www.eim.com\/ar\/casos-de-exito\/exito-en-la-gestion-de-compras-impulsando-la-eficiencia-en-el-sector-energetico\/#breadcrumb"},"inLanguage":"es","potentialAction":[{"@type":"ReadAction","target":["https:\/\/www.eim.com\/ar\/casos-de-exito\/exito-en-la-gestion-de-compras-impulsando-la-eficiencia-en-el-sector-energetico\/"]}]},{"@type":"BreadcrumbList","@id":"https:\/\/www.eim.com\/ar\/casos-de-exito\/exito-en-la-gestion-de-compras-impulsando-la-eficiencia-en-el-sector-energetico\/#breadcrumb","itemListElement":[{"@type":"ListItem","position":1,"name":"Home","item":"https:\/\/www.eim.com\/ar\/"},{"@type":"ListItem","position":2,"name":"\u00c9xito en la Gesti\u00f3n de Compras: Impulsando la Eficiencia en el Sector Energ\u00e9tico"}]},{"@type":"WebSite","@id":"https:\/\/www.eim.com\/ar\/#website","url":"https:\/\/www.eim.com\/ar\/","name":"EIM Argentina","description":"EIM Group Corporate Argentina","potentialAction":[{"@type":"SearchAction","target":{"@type":"EntryPoint","urlTemplate":"https:\/\/www.eim.com\/ar\/?s={search_term_string}"},"query-input":{"@type":"PropertyValueSpecification","valueRequired":true,"valueName":"search_term_string"}}],"inLanguage":"es"},{"@type":"Person","@id":"https:\/\/www.eim.com\/ar\/#\/schema\/person\/8464165839f581544185625dedeb7591","name":"lfratini","image":{"@type":"ImageObject","inLanguage":"es","@id":"https:\/\/secure.gravatar.com\/avatar\/1986a13a523065cd5d365ef02855c2644bf03e144ef6fd3ba923e9487064307f?s=96&d=mm&r=g","url":"https:\/\/secure.gravatar.com\/avatar\/1986a13a523065cd5d365ef02855c2644bf03e144ef6fd3ba923e9487064307f?s=96&d=mm&r=g","contentUrl":"https:\/\/secure.gravatar.com\/avatar\/1986a13a523065cd5d365ef02855c2644bf03e144ef6fd3ba923e9487064307f?s=96&d=mm&r=g","caption":"lfratini"}}]}},"_links":{"self":[{"href":"https:\/\/www.eim.com\/ar\/wp-json\/wp\/v2\/posts\/10588","targetHints":{"allow":["GET"]}}],"collection":[{"href":"https:\/\/www.eim.com\/ar\/wp-json\/wp\/v2\/posts"}],"about":[{"href":"https:\/\/www.eim.com\/ar\/wp-json\/wp\/v2\/types\/post"}],"author":[{"embeddable":true,"href":"https:\/\/www.eim.com\/ar\/wp-json\/wp\/v2\/users\/28"}],"replies":[{"embeddable":true,"href":"https:\/\/www.eim.com\/ar\/wp-json\/wp\/v2\/comments?post=10588"}],"version-history":[{"count":0,"href":"https:\/\/www.eim.com\/ar\/wp-json\/wp\/v2\/posts\/10588\/revisions"}],"wp:attachment":[{"href":"https:\/\/www.eim.com\/ar\/wp-json\/wp\/v2\/media?parent=10588"}],"wp:term":[{"taxonomy":"category","embeddable":true,"href":"https:\/\/www.eim.com\/ar\/wp-json\/wp\/v2\/categories?post=10588"},{"taxonomy":"post_tag","embeddable":true,"href":"https:\/\/www.eim.com\/ar\/wp-json\/wp\/v2\/tags?post=10588"}],"curies":[{"name":"wp","href":"https:\/\/api.w.org\/{rel}","templated":true}]}}