{"id":10562,"date":"2023-07-25T17:44:46","date_gmt":"2023-07-25T17:44:46","guid":{"rendered":"https:\/\/www.eim.com\/ar\/?p=10562"},"modified":"2023-07-25T17:44:48","modified_gmt":"2023-07-25T17:44:48","slug":"interim-team-en-empresa-de-seguros-en-america-latina","status":"publish","type":"post","link":"https:\/\/www.eim.com\/ar\/casos-de-exito\/interim-team-en-empresa-de-seguros-en-america-latina\/","title":{"rendered":"Interim Team en Empresa de Seguros en Am\u00e9rica Latina"},"content":{"rendered":"\n[et_pb_section fb_built=&#8221;1&#8243; admin_label=&#8221;Hero Section&#8221; _builder_version=&#8221;4.21.0&#8243; use_background_color_gradient=&#8221;on&#8221; background_color_gradient_stops=&#8221;rgba(0,0,0,0.4) 0%|rgba(0,0,0,0.4) 100%&#8221; background_color_gradient_overlays_image=&#8221;on&#8221; background_color_gradient_start=&#8221;rgba(0,0,0,0.4)&#8221; background_color_gradient_end=&#8221;rgba(0,0,0,0.4)&#8221; background_image=&#8221;https:\/\/www.eim.com\/ar\/wp-content\/uploads\/sites\/14\/2023\/07\/priscilla-du-preez-OEdkPaxYMXU-unsplash-scaled.jpg&#8221; height=&#8221;520px&#8221; custom_padding=&#8221;6%||0%|||&#8221; bottom_divider_style=&#8221;slant&#8221; bottom_divider_color=&#8221;#ffffff&#8221; bottom_divider_height=&#8221;150px&#8221; bottom_divider_flip=&#8221;horizontal&#8221; hover_enabled=&#8221;0&#8243; global_colors_info=&#8221;{}&#8221; background_color_gradient_direction__hover=&#8221;180deg&#8221; background_color_gradient_direction__hover_enabled=&#8221;180deg&#8221; background_color_gradient_start_position__hover=&#8221;0%&#8221; background_color_gradient_start_position__hover_enabled=&#8221;0%&#8221; background_color_gradient_end_position__hover=&#8221;100%&#8221; background_color_gradient_end_position__hover_enabled=&#8221;100%&#8221; background_color_gradient_stops__hover=&#8221;rgba(0,0,0,0.4) 0%|rgba(0,0,0,0.4) 100%&#8221; title_text=&#8221;priscilla-du-preez-OEdkPaxYMXU-unsplash&#8221; sticky_enabled=&#8221;0&#8243;][et_pb_row disabled_on=&#8221;off|off|off&#8221; admin_label=&#8221;Page Title Area&#8221; _builder_version=&#8221;4.16&#8243; width=&#8221;100%&#8221; max_width=&#8221;2560px&#8221; module_alignment=&#8221;center&#8221; custom_margin=&#8221;-2%|auto|0px|auto|false|false&#8221; custom_padding=&#8221;0px|||||&#8221; global_colors_info=&#8221;{}&#8221;][et_pb_column type=&#8221;4_4&#8243; _builder_version=&#8221;4.16&#8243; custom_padding=&#8221;|||&#8221; global_colors_info=&#8221;{}&#8221; custom_padding__hover=&#8221;|||&#8221;][et_pb_text _builder_version=&#8221;4.21.0&#8243; text_font=&#8221;|600|||||||&#8221; text_text_color=&#8221;#ffffff&#8221; text_font_size=&#8221;33px&#8221; text_line_height=&#8221;1.4em&#8221; background_layout=&#8221;dark&#8221; hover_enabled=&#8221;0&#8243; global_colors_info=&#8221;{}&#8221; sticky_enabled=&#8221;0&#8243;]<p style=\"text-align: center\"><span style=\"font-weight: 400\">Interim Team en Empresa de Seguros en Am\u00e9rica Latina<\/span><\/p>[\/et_pb_text][\/et_pb_column][\/et_pb_row][\/et_pb_section][et_pb_section fb_built=&#8221;1&#8243; _builder_version=&#8221;4.16&#8243; custom_margin=&#8221;||||false|false&#8221; custom_padding=&#8221;2px||2px||true|false&#8221; global_colors_info=&#8221;{}&#8221;][et_pb_row admin_label=&#8221;Title Area&#8221; _builder_version=&#8221;4.16&#8243; background_color=&#8221;rgba(0,0,0,0)&#8221; width=&#8221;100%&#8221; module_alignment=&#8221;center&#8221; custom_margin=&#8221;||||false|false&#8221; custom_padding=&#8221;0px|0px|0px|0px|false|false&#8221; global_colors_info=&#8221;{}&#8221;][et_pb_column type=&#8221;4_4&#8243; _builder_version=&#8221;4.16&#8243; custom_padding=&#8221;|||&#8221; global_colors_info=&#8221;{}&#8221; custom_padding__hover=&#8221;|||&#8221;][et_pb_text _builder_version=&#8221;4.16&#8243; text_font=&#8221;||||||||&#8221; text_font_size=&#8221;16px&#8221; header_font=&#8221;||||||||&#8221; max_width=&#8221;90%&#8221; module_alignment=&#8221;center&#8221; custom_margin=&#8221;3%|0px|5%|0px|false|false&#8221; custom_padding=&#8221;|2%|0px|2%|false|false&#8221; animation_style=&#8221;flip&#8221; animation_direction=&#8221;left&#8221; animation_intensity_flip=&#8221;30%&#8221; animation_starting_opacity=&#8221;100%&#8221; global_colors_info=&#8221;{}&#8221;]<p style=\"text-align: justify\"><span style=\"color: #002c3e\"><strong>Sector:<\/strong><\/span> <span style=\"font-weight: 400\">\u00a0Seguros<\/span><\/p>\n<p style=\"text-align: justify\"><span style=\"color: #002c3e\"><strong>Location:<\/strong><\/span> Santiago de Chile<\/p>\n<p style=\"text-align: justify\"><span style=\"color: #002c3e\"><strong>La Situaci\u00f3n:<\/strong><\/span><\/p>\n<p><span style=\"font-weight: 400\">Nuestro cliente es una destacada empresa de seguros con operaciones en Chile, Argentina, Colombia y Uruguay. Con m\u00e1s de 41 a\u00f1os de experiencia en la industria, se ha destacado por ofrecer una amplia gama de productos adaptados a las necesidades tanto locales como internacionales de grandes multinacionales, medianas y peque\u00f1as empresas, as\u00ed como de familias y particulares.<\/span><\/p>\n<p><span style=\"font-weight: 400\">En Chile, sus productos est\u00e1n disponibles a trav\u00e9s de una extensa red de corredores de seguros y en formato digital, mediante acuerdos con las principales entidades bancarias, minoristas y proveedores de servicios en todo el pa\u00eds. Para enfrentar nuevos desaf\u00edos, la empresa necesitaba la asistencia de dos ejecutivos interinos con el fin de abordar los siguientes objetivos:\u00a0<\/span><\/p>\n<p><b>L\u00edder Interino de E-commerce para el \u00e1rea de ventas digitales en L\u00edneas Personales:<\/b><\/p>\n<ul>\n<li style=\"font-weight: 400\"><span style=\"font-weight: 400\">Desarrollar productos, actividades de comercializaci\u00f3n y ventas, incluyendo la supervisi\u00f3n de inversiones en campa\u00f1as publicitarias en plataformas como Google AdWords, Facebook Ads, Instagram y otros, para alcanzar los objetivos establecidos en el presupuesto en t\u00e9rminos de leads y conversi\u00f3n.<\/span><\/li>\n<li style=\"font-weight: 400\"><span style=\"font-weight: 400\">Generar indicadores clave de rendimiento (KPI) para medir la rentabilidad de las actividades digitales y respaldar la toma de decisiones.<\/span><\/li>\n<li style=\"font-weight: 400\"><span style=\"font-weight: 400\">Dise\u00f1ar una estrategia digital de fidelizaci\u00f3n que incluya la generaci\u00f3n de leads, el seguimiento de la experiencia del cliente en el proceso de cotizaci\u00f3n, la estrategia de\u00a0<\/span><span style=\"font-weight: 400\">recuperaci\u00f3n de carritos abandonados, las estrategias de venta cruzada y la evaluaci\u00f3n del rendimiento general.<\/span><\/li>\n<\/ul>\n<p><b>L\u00edder Interino de Testing con el objetivo de desarrollar la funci\u00f3n de Testing como una nueva capacidad en el \u00e1rea de TI:<\/b><\/p>\n<ul>\n<li style=\"font-weight: 400\"><span style=\"font-weight: 400\">Definir una metodolog\u00eda y estrategia de Testing escalables.<\/span><\/li>\n<li style=\"font-weight: 400\"><span style=\"font-weight: 400\">Identificar los roles, procesos y recursos necesarios para el testing.<\/span><\/li>\n<li style=\"font-weight: 400\"><span style=\"font-weight: 400\">Dise\u00f1ar un modelo de arquitectura de pruebas para pruebas unitarias, pruebas funcionales, pruebas de aceptaci\u00f3n de usuario (UAT) y pruebas integrales.<\/span><\/li>\n<li style=\"font-weight: 400\"><span style=\"font-weight: 400\">Elaborar procedimientos operativos para el Testing.<\/span><\/li>\n<li style=\"font-weight: 400\"><span style=\"font-weight: 400\">Facilitar la formaci\u00f3n y capacitaci\u00f3n del personal involucrado.<\/span><\/li>\n<li style=\"font-weight: 400\"><span style=\"font-weight: 400\">Establecer un equipo de pruebas, validar herramientas de desarrollo y registrar casos de prueba.<\/span><\/li>\n<li style=\"font-weight: 400\"><span style=\"font-weight: 400\">Realizar un seguimiento continuo de las pruebas y generar informes de gesti\u00f3n mensuales.<\/span><\/li>\n<li style=\"font-weight: 400\"><span style=\"font-weight: 400\">Desarrollar un plan de trabajo a cuatro a\u00f1os para el Testing, alineado con los proyectos y desaf\u00edos de desarrollo y calidad.<\/span><\/li>\n<\/ul>\n<p><span style=\"font-weight: 400\"><\/span><\/p>[\/et_pb_text][\/et_pb_column][\/et_pb_row][\/et_pb_section][et_pb_section fb_built=&#8221;1&#8243; _builder_version=&#8221;4.16&#8243; background_color=&#8221;#e6e6e6&#8243; custom_margin=&#8221;||||false|false&#8221; custom_padding=&#8221;10px||||false|false&#8221; top_divider_style=&#8221;slant&#8221; top_divider_color=&#8221;#ffffff&#8221; top_divider_flip=&#8221;horizontal|vertical&#8221; bottom_divider_style=&#8221;slant&#8221; bottom_divider_color=&#8221;#002c3e&#8221; bottom_divider_flip=&#8221;horizontal&#8221; global_colors_info=&#8221;{}&#8221;][et_pb_row admin_label=&#8221;Title Area&#8221; _builder_version=&#8221;4.16&#8243; background_color=&#8221;rgba(0,0,0,0)&#8221; width=&#8221;100%&#8221; module_alignment=&#8221;center&#8221; custom_margin=&#8221;||||false|false&#8221; custom_padding=&#8221;3%|0px|5.4%|0px|false|false&#8221; global_colors_info=&#8221;{}&#8221;][et_pb_column type=&#8221;4_4&#8243; _builder_version=&#8221;4.16&#8243; custom_padding=&#8221;|||&#8221; global_colors_info=&#8221;{}&#8221; custom_padding__hover=&#8221;|||&#8221;][et_pb_text admin_label=&#8221;Title&#8221; _builder_version=&#8221;4.21.0&#8243; text_font=&#8221;||||||||&#8221; text_text_color=&#8221;#002c3e&#8221; header_font=&#8221;Prata||||||||&#8221; header_2_font=&#8221;Montserrat|700|||||||&#8221; header_2_text_align=&#8221;center&#8221; header_2_font_size=&#8221;32px&#8221; custom_margin=&#8221;5%|||74px|false|false&#8221; custom_padding=&#8221;0%||||false|false&#8221; animation_style=&#8221;fade&#8221; animation_direction=&#8221;top&#8221; animation_duration=&#8221;1350ms&#8221; animation_starting_opacity=&#8221;100%&#8221; inline_fonts=&#8221;Prata,Montserrat&#8221; global_colors_info=&#8221;{}&#8221;]<h5><span style=\"font-family: Montserrat;color: #002c3e\">La Soluci\u00f3n<\/span><\/h5>[\/et_pb_text][et_pb_text _builder_version=&#8221;4.16&#8243; text_font=&#8221;||||||||&#8221; text_font_size=&#8221;16px&#8221; header_font=&#8221;||||||||&#8221; max_width=&#8221;90%&#8221; module_alignment=&#8221;center&#8221; custom_margin=&#8221;3%|0px|0%|0px|false|false&#8221; custom_padding=&#8221;|2%|53px|2%|false|false&#8221; animation_style=&#8221;flip&#8221; animation_direction=&#8221;left&#8221; animation_intensity_flip=&#8221;30%&#8221; animation_starting_opacity=&#8221;100%&#8221; global_colors_info=&#8221;{}&#8221;]<p><span style=\"font-weight: 400\">En EIM, nos encargamos de identificar y proporcionar dos ejecutivos seniors con amplia experiencia en e-commerce y en el establecimiento de \u00e1reas de Testing. Estos profesionales, con m\u00e1s de 20 a\u00f1os de experiencia en diversas industrias de servicios como telecomunicaciones, transporte a\u00e9reo de pasajeros, plataformas de ventas digitales, banca y seguros, contaban con las habilidades necesarias para enfrentar con \u00e9xito los desaf\u00edos planteados.<\/span><\/p>\n<p><span style=\"font-weight: 400\">Los ejecutivos trabajaron en estrecha colaboraci\u00f3n con los equipos comerciales, de operaciones, de TI y otras \u00e1reas internas, estableciendo relaciones s\u00f3lidas con proveedores externos para ajustar los servicios tercerizados a los nuevos requisitos surgidos de las implementaciones.<\/span><\/p>\n<p><span style=\"font-weight: 400\">En EIM agradecemos la oportunidad y la confianza depositada por nuestro cliente, as\u00ed como el profesionalismo con el que ambos ejecutivos cumplieron los objetivos y se relacionaron con el cliente y los equipos involucrados.<\/span><\/p>[\/et_pb_text][\/et_pb_column][\/et_pb_row][\/et_pb_section][et_pb_section fb_built=&#8221;1&#8243; _builder_version=&#8221;4.16&#8243; background_color=&#8221;#002c3e&#8221; custom_margin=&#8221;||-60px||false|false&#8221; top_divider_style=&#8221;slant&#8221; top_divider_color=&#8221;#002c3e&#8221; top_divider_flip=&#8221;vertical&#8221; bottom_divider_color=&#8221;#ffffff&#8221; bottom_divider_flip=&#8221;horizontal&#8221; global_colors_info=&#8221;{}&#8221;][et_pb_row _builder_version=&#8221;4.16&#8243; custom_margin=&#8221;-46px|auto||auto||&#8221; custom_padding=&#8221;60px|||||&#8221; global_colors_info=&#8221;{}&#8221;][et_pb_column type=&#8221;4_4&#8243; _builder_version=&#8221;4.16&#8243; global_colors_info=&#8221;{}&#8221;][et_pb_text admin_label=&#8221;Title&#8221; _builder_version=&#8221;4.16&#8243; text_font=&#8221;||||||||&#8221; text_text_color=&#8221;#ffffff&#8221; header_font=&#8221;Prata||||||||&#8221; header_2_font=&#8221;Montserrat|700|||||||&#8221; header_2_text_align=&#8221;center&#8221; header_2_font_size=&#8221;30px&#8221; custom_margin=&#8221;5%||5px||false|false&#8221; custom_padding=&#8221;||0px|||&#8221; animation_style=&#8221;fade&#8221; animation_direction=&#8221;top&#8221; animation_duration=&#8221;1350ms&#8221; animation_starting_opacity=&#8221;100%&#8221; inline_fonts=&#8221;Prata,Montserrat&#8221; global_colors_info=&#8221;{}&#8221;]<h2><span style=\"font-family: Montserrat;color: #ffffff\">P\u00f3ngase en contacto con nosotros<\/span><\/h2>[\/et_pb_text][\/et_pb_column][\/et_pb_row][et_pb_row column_structure=&#8221;1_5,3_5,1_5&#8243; _builder_version=&#8221;4.16&#8243; custom_margin=&#8221;|auto|5%|auto|false|false&#8221; custom_padding=&#8221;0px|||||&#8221; global_colors_info=&#8221;{}&#8221;][et_pb_column type=&#8221;1_5&#8243; _builder_version=&#8221;4.16&#8243; global_colors_info=&#8221;{}&#8221;][\/et_pb_column][et_pb_column type=&#8221;3_5&#8243; _builder_version=&#8221;4.16&#8243; global_colors_info=&#8221;{}&#8221;][et_pb_text _builder_version=&#8221;4.16&#8243; custom_padding=&#8221;||0px|||&#8221; global_colors_info=&#8221;{}&#8221;]<p style=\"text-align: center\"><span style=\"color: #ffffff\">Juntos podemos encontrar la soluci\u00f3n que est\u00e1 buscando.\n\n<\/span><\/p>[\/et_pb_text][et_pb_button button_url=&#8221;@ET-DC@eyJkeW5hbWljIjp0cnVlLCJjb250ZW50IjoicG9zdF9saW5rX3VybF9wYWdlIiwic2V0dGluZ3MiOnsicG9zdF9pZCI6IjkifX0=@&#8221; button_text=&#8221;CONT\u00c1CTENOS&#8221; button_alignment=&#8221;center&#8221; _builder_version=&#8221;4.16&#8243; _dynamic_attributes=&#8221;button_url&#8221; background_layout=&#8221;dark&#8221; global_colors_info=&#8221;{}&#8221;][\/et_pb_button][\/et_pb_column][et_pb_column type=&#8221;1_5&#8243; _builder_version=&#8221;4.16&#8243; global_colors_info=&#8221;{}&#8221;][\/et_pb_column][\/et_pb_row][\/et_pb_section]\n","protected":false},"excerpt":{"rendered":"<p>Interim Team en Empresa de Seguros en Am\u00e9rica LatinaSector: \u00a0Seguros Location: Santiago de Chile La Situaci\u00f3n: Nuestro cliente es una destacada empresa de seguros con operaciones en Chile, Argentina, Colombia y Uruguay. Con m\u00e1s de 41 a\u00f1os de experiencia en la industria, se ha destacado por ofrecer una amplia gama de productos adaptados a las [&hellip;]<\/p>\n","protected":false},"author":28,"featured_media":10565,"comment_status":"closed","ping_status":"closed","sticky":false,"template":"","format":"standard","meta":{"_et_pb_use_builder":"on","_et_pb_old_content":"","_et_gb_content_width":"2880","footnotes":""},"categories":[4],"tags":[],"class_list":["post-10562","post","type-post","status-publish","format-standard","has-post-thumbnail","hentry","category-casos-de-exito"],"yoast_head":"<!-- This site is optimized with the Yoast SEO Premium plugin v27.0 (Yoast SEO v27.4) - https:\/\/yoast.com\/product\/yoast-seo-premium-wordpress\/ -->\n<title>Interim Team en Empresa de Seguros en Am\u00e9rica Latina - EIM Argentina<\/title>\n<meta name=\"description\" content=\"Un experimentado emprendedor y ejecutivo argentino, uno de los pioneros en insurtech en Am\u00e9rica Latina, estaba lanzando una innovadora empresa de salud en M\u00e9xico y Argentina. Estaba buscando financiamiento de capital de riesgo para la empresa en M\u00e9xico y estaba conformando el equipo de inicio de la empresa en ese pa\u00eds.\" \/>\n<meta name=\"robots\" content=\"index, follow, max-snippet:-1, max-image-preview:large, max-video-preview:-1\" \/>\n<link rel=\"canonical\" href=\"https:\/\/www.eim.com\/ar\/casos-de-exito\/interim-team-en-empresa-de-seguros-en-america-latina\/\" \/>\n<meta property=\"og:locale\" content=\"es_ES\" \/>\n<meta property=\"og:type\" content=\"article\" \/>\n<meta property=\"og:title\" content=\"Interim Team en Empresa de Seguros en Am\u00e9rica Latina\" \/>\n<meta property=\"og:description\" content=\"Un experimentado emprendedor y ejecutivo argentino, uno de los pioneros en insurtech en Am\u00e9rica Latina, estaba lanzando una innovadora empresa de salud en M\u00e9xico y Argentina. Estaba buscando financiamiento de capital de riesgo para la empresa en M\u00e9xico y estaba conformando el equipo de inicio de la empresa en ese pa\u00eds.\" \/>\n<meta property=\"og:url\" content=\"https:\/\/www.eim.com\/ar\/casos-de-exito\/interim-team-en-empresa-de-seguros-en-america-latina\/\" \/>\n<meta property=\"og:site_name\" content=\"EIM Argentina\" \/>\n<meta property=\"article:published_time\" content=\"2023-07-25T17:44:46+00:00\" \/>\n<meta property=\"article:modified_time\" content=\"2023-07-25T17:44:48+00:00\" \/>\n<meta property=\"og:image\" content=\"https:\/\/www.eim.com\/ar\/wp-content\/uploads\/sites\/14\/2023\/07\/priscilla-du-preez-OEdkPaxYMXU-unsplash-scaled.jpg\" \/>\n\t<meta property=\"og:image:width\" content=\"2560\" \/>\n\t<meta property=\"og:image:height\" content=\"1707\" \/>\n\t<meta property=\"og:image:type\" content=\"image\/jpeg\" \/>\n<meta name=\"author\" content=\"lfratini\" \/>\n<meta name=\"twitter:card\" content=\"summary_large_image\" \/>\n<meta name=\"twitter:label1\" content=\"Escrito por\" \/>\n\t<meta name=\"twitter:data1\" content=\"lfratini\" \/>\n\t<meta name=\"twitter:label2\" content=\"Tiempo de lectura\" \/>\n\t<meta name=\"twitter:data2\" content=\"4 minutos\" \/>\n<script type=\"application\/ld+json\" class=\"yoast-schema-graph\">{\"@context\":\"https:\\\/\\\/schema.org\",\"@graph\":[{\"@type\":\"Article\",\"@id\":\"https:\\\/\\\/www.eim.com\\\/ar\\\/casos-de-exito\\\/interim-team-en-empresa-de-seguros-en-america-latina\\\/#article\",\"isPartOf\":{\"@id\":\"https:\\\/\\\/www.eim.com\\\/ar\\\/casos-de-exito\\\/interim-team-en-empresa-de-seguros-en-america-latina\\\/\"},\"author\":{\"name\":\"lfratini\",\"@id\":\"https:\\\/\\\/www.eim.com\\\/ar\\\/#\\\/schema\\\/person\\\/8464165839f581544185625dedeb7591\"},\"headline\":\"Interim Team en Empresa de Seguros en Am\u00e9rica Latina\",\"datePublished\":\"2023-07-25T17:44:46+00:00\",\"dateModified\":\"2023-07-25T17:44:48+00:00\",\"mainEntityOfPage\":{\"@id\":\"https:\\\/\\\/www.eim.com\\\/ar\\\/casos-de-exito\\\/interim-team-en-empresa-de-seguros-en-america-latina\\\/\"},\"wordCount\":1363,\"image\":{\"@id\":\"https:\\\/\\\/www.eim.com\\\/ar\\\/casos-de-exito\\\/interim-team-en-empresa-de-seguros-en-america-latina\\\/#primaryimage\"},\"thumbnailUrl\":\"https:\\\/\\\/www.eim.com\\\/ar\\\/wp-content\\\/uploads\\\/sites\\\/14\\\/2023\\\/07\\\/priscilla-du-preez-OEdkPaxYMXU-unsplash-scaled.jpg\",\"articleSection\":[\"Casos de \u00e9xito\"],\"inLanguage\":\"es\"},{\"@type\":\"WebPage\",\"@id\":\"https:\\\/\\\/www.eim.com\\\/ar\\\/casos-de-exito\\\/interim-team-en-empresa-de-seguros-en-america-latina\\\/\",\"url\":\"https:\\\/\\\/www.eim.com\\\/ar\\\/casos-de-exito\\\/interim-team-en-empresa-de-seguros-en-america-latina\\\/\",\"name\":\"Interim Team en Empresa de Seguros en Am\u00e9rica Latina - EIM Argentina\",\"isPartOf\":{\"@id\":\"https:\\\/\\\/www.eim.com\\\/ar\\\/#website\"},\"primaryImageOfPage\":{\"@id\":\"https:\\\/\\\/www.eim.com\\\/ar\\\/casos-de-exito\\\/interim-team-en-empresa-de-seguros-en-america-latina\\\/#primaryimage\"},\"image\":{\"@id\":\"https:\\\/\\\/www.eim.com\\\/ar\\\/casos-de-exito\\\/interim-team-en-empresa-de-seguros-en-america-latina\\\/#primaryimage\"},\"thumbnailUrl\":\"https:\\\/\\\/www.eim.com\\\/ar\\\/wp-content\\\/uploads\\\/sites\\\/14\\\/2023\\\/07\\\/priscilla-du-preez-OEdkPaxYMXU-unsplash-scaled.jpg\",\"datePublished\":\"2023-07-25T17:44:46+00:00\",\"dateModified\":\"2023-07-25T17:44:48+00:00\",\"author\":{\"@id\":\"https:\\\/\\\/www.eim.com\\\/ar\\\/#\\\/schema\\\/person\\\/8464165839f581544185625dedeb7591\"},\"description\":\"Un experimentado emprendedor y ejecutivo argentino, uno de los pioneros en insurtech en Am\u00e9rica Latina, estaba lanzando una innovadora empresa de salud en M\u00e9xico y Argentina. Estaba buscando financiamiento de capital de riesgo para la empresa en M\u00e9xico y estaba conformando el equipo de inicio de la empresa en ese pa\u00eds.\",\"breadcrumb\":{\"@id\":\"https:\\\/\\\/www.eim.com\\\/ar\\\/casos-de-exito\\\/interim-team-en-empresa-de-seguros-en-america-latina\\\/#breadcrumb\"},\"inLanguage\":\"es\",\"potentialAction\":[{\"@type\":\"ReadAction\",\"target\":[\"https:\\\/\\\/www.eim.com\\\/ar\\\/casos-de-exito\\\/interim-team-en-empresa-de-seguros-en-america-latina\\\/\"]}]},{\"@type\":\"ImageObject\",\"inLanguage\":\"es\",\"@id\":\"https:\\\/\\\/www.eim.com\\\/ar\\\/casos-de-exito\\\/interim-team-en-empresa-de-seguros-en-america-latina\\\/#primaryimage\",\"url\":\"https:\\\/\\\/www.eim.com\\\/ar\\\/wp-content\\\/uploads\\\/sites\\\/14\\\/2023\\\/07\\\/priscilla-du-preez-OEdkPaxYMXU-unsplash-scaled.jpg\",\"contentUrl\":\"https:\\\/\\\/www.eim.com\\\/ar\\\/wp-content\\\/uploads\\\/sites\\\/14\\\/2023\\\/07\\\/priscilla-du-preez-OEdkPaxYMXU-unsplash-scaled.jpg\",\"width\":2560,\"height\":1707},{\"@type\":\"BreadcrumbList\",\"@id\":\"https:\\\/\\\/www.eim.com\\\/ar\\\/casos-de-exito\\\/interim-team-en-empresa-de-seguros-en-america-latina\\\/#breadcrumb\",\"itemListElement\":[{\"@type\":\"ListItem\",\"position\":1,\"name\":\"Home\",\"item\":\"https:\\\/\\\/www.eim.com\\\/ar\\\/\"},{\"@type\":\"ListItem\",\"position\":2,\"name\":\"Interim Team en Empresa de Seguros en Am\u00e9rica Latina\"}]},{\"@type\":\"WebSite\",\"@id\":\"https:\\\/\\\/www.eim.com\\\/ar\\\/#website\",\"url\":\"https:\\\/\\\/www.eim.com\\\/ar\\\/\",\"name\":\"EIM Argentina\",\"description\":\"EIM Group Corporate Argentina\",\"potentialAction\":[{\"@type\":\"SearchAction\",\"target\":{\"@type\":\"EntryPoint\",\"urlTemplate\":\"https:\\\/\\\/www.eim.com\\\/ar\\\/?s={search_term_string}\"},\"query-input\":{\"@type\":\"PropertyValueSpecification\",\"valueRequired\":true,\"valueName\":\"search_term_string\"}}],\"inLanguage\":\"es\"},{\"@type\":\"Person\",\"@id\":\"https:\\\/\\\/www.eim.com\\\/ar\\\/#\\\/schema\\\/person\\\/8464165839f581544185625dedeb7591\",\"name\":\"lfratini\",\"image\":{\"@type\":\"ImageObject\",\"inLanguage\":\"es\",\"@id\":\"https:\\\/\\\/secure.gravatar.com\\\/avatar\\\/1986a13a523065cd5d365ef02855c2644bf03e144ef6fd3ba923e9487064307f?s=96&d=mm&r=g\",\"url\":\"https:\\\/\\\/secure.gravatar.com\\\/avatar\\\/1986a13a523065cd5d365ef02855c2644bf03e144ef6fd3ba923e9487064307f?s=96&d=mm&r=g\",\"contentUrl\":\"https:\\\/\\\/secure.gravatar.com\\\/avatar\\\/1986a13a523065cd5d365ef02855c2644bf03e144ef6fd3ba923e9487064307f?s=96&d=mm&r=g\",\"caption\":\"lfratini\"}}]}<\/script>\n<!-- \/ Yoast SEO Premium plugin. -->","yoast_head_json":{"title":"Interim Team en Empresa de Seguros en Am\u00e9rica Latina - EIM Argentina","description":"Un experimentado emprendedor y ejecutivo argentino, uno de los pioneros en insurtech en Am\u00e9rica Latina, estaba lanzando una innovadora empresa de salud en M\u00e9xico y Argentina. Estaba buscando financiamiento de capital de riesgo para la empresa en M\u00e9xico y estaba conformando el equipo de inicio de la empresa en ese pa\u00eds.","robots":{"index":"index","follow":"follow","max-snippet":"max-snippet:-1","max-image-preview":"max-image-preview:large","max-video-preview":"max-video-preview:-1"},"canonical":"https:\/\/www.eim.com\/ar\/casos-de-exito\/interim-team-en-empresa-de-seguros-en-america-latina\/","og_locale":"es_ES","og_type":"article","og_title":"Interim Team en Empresa de Seguros en Am\u00e9rica Latina","og_description":"Un experimentado emprendedor y ejecutivo argentino, uno de los pioneros en insurtech en Am\u00e9rica Latina, estaba lanzando una innovadora empresa de salud en M\u00e9xico y Argentina. Estaba buscando financiamiento de capital de riesgo para la empresa en M\u00e9xico y estaba conformando el equipo de inicio de la empresa en ese pa\u00eds.","og_url":"https:\/\/www.eim.com\/ar\/casos-de-exito\/interim-team-en-empresa-de-seguros-en-america-latina\/","og_site_name":"EIM Argentina","article_published_time":"2023-07-25T17:44:46+00:00","article_modified_time":"2023-07-25T17:44:48+00:00","og_image":[{"width":2560,"height":1707,"url":"https:\/\/www.eim.com\/ar\/wp-content\/uploads\/sites\/14\/2023\/07\/priscilla-du-preez-OEdkPaxYMXU-unsplash-scaled.jpg","type":"image\/jpeg"}],"author":"lfratini","twitter_card":"summary_large_image","twitter_misc":{"Escrito por":"lfratini","Tiempo de lectura":"4 minutos"},"schema":{"@context":"https:\/\/schema.org","@graph":[{"@type":"Article","@id":"https:\/\/www.eim.com\/ar\/casos-de-exito\/interim-team-en-empresa-de-seguros-en-america-latina\/#article","isPartOf":{"@id":"https:\/\/www.eim.com\/ar\/casos-de-exito\/interim-team-en-empresa-de-seguros-en-america-latina\/"},"author":{"name":"lfratini","@id":"https:\/\/www.eim.com\/ar\/#\/schema\/person\/8464165839f581544185625dedeb7591"},"headline":"Interim Team en Empresa de Seguros en Am\u00e9rica Latina","datePublished":"2023-07-25T17:44:46+00:00","dateModified":"2023-07-25T17:44:48+00:00","mainEntityOfPage":{"@id":"https:\/\/www.eim.com\/ar\/casos-de-exito\/interim-team-en-empresa-de-seguros-en-america-latina\/"},"wordCount":1363,"image":{"@id":"https:\/\/www.eim.com\/ar\/casos-de-exito\/interim-team-en-empresa-de-seguros-en-america-latina\/#primaryimage"},"thumbnailUrl":"https:\/\/www.eim.com\/ar\/wp-content\/uploads\/sites\/14\/2023\/07\/priscilla-du-preez-OEdkPaxYMXU-unsplash-scaled.jpg","articleSection":["Casos de \u00e9xito"],"inLanguage":"es"},{"@type":"WebPage","@id":"https:\/\/www.eim.com\/ar\/casos-de-exito\/interim-team-en-empresa-de-seguros-en-america-latina\/","url":"https:\/\/www.eim.com\/ar\/casos-de-exito\/interim-team-en-empresa-de-seguros-en-america-latina\/","name":"Interim Team en Empresa de Seguros en Am\u00e9rica Latina - EIM Argentina","isPartOf":{"@id":"https:\/\/www.eim.com\/ar\/#website"},"primaryImageOfPage":{"@id":"https:\/\/www.eim.com\/ar\/casos-de-exito\/interim-team-en-empresa-de-seguros-en-america-latina\/#primaryimage"},"image":{"@id":"https:\/\/www.eim.com\/ar\/casos-de-exito\/interim-team-en-empresa-de-seguros-en-america-latina\/#primaryimage"},"thumbnailUrl":"https:\/\/www.eim.com\/ar\/wp-content\/uploads\/sites\/14\/2023\/07\/priscilla-du-preez-OEdkPaxYMXU-unsplash-scaled.jpg","datePublished":"2023-07-25T17:44:46+00:00","dateModified":"2023-07-25T17:44:48+00:00","author":{"@id":"https:\/\/www.eim.com\/ar\/#\/schema\/person\/8464165839f581544185625dedeb7591"},"description":"Un experimentado emprendedor y ejecutivo argentino, uno de los pioneros en insurtech en Am\u00e9rica Latina, estaba lanzando una innovadora empresa de salud en M\u00e9xico y Argentina. Estaba buscando financiamiento de capital de riesgo para la empresa en M\u00e9xico y estaba conformando el equipo de inicio de la empresa en ese pa\u00eds.","breadcrumb":{"@id":"https:\/\/www.eim.com\/ar\/casos-de-exito\/interim-team-en-empresa-de-seguros-en-america-latina\/#breadcrumb"},"inLanguage":"es","potentialAction":[{"@type":"ReadAction","target":["https:\/\/www.eim.com\/ar\/casos-de-exito\/interim-team-en-empresa-de-seguros-en-america-latina\/"]}]},{"@type":"ImageObject","inLanguage":"es","@id":"https:\/\/www.eim.com\/ar\/casos-de-exito\/interim-team-en-empresa-de-seguros-en-america-latina\/#primaryimage","url":"https:\/\/www.eim.com\/ar\/wp-content\/uploads\/sites\/14\/2023\/07\/priscilla-du-preez-OEdkPaxYMXU-unsplash-scaled.jpg","contentUrl":"https:\/\/www.eim.com\/ar\/wp-content\/uploads\/sites\/14\/2023\/07\/priscilla-du-preez-OEdkPaxYMXU-unsplash-scaled.jpg","width":2560,"height":1707},{"@type":"BreadcrumbList","@id":"https:\/\/www.eim.com\/ar\/casos-de-exito\/interim-team-en-empresa-de-seguros-en-america-latina\/#breadcrumb","itemListElement":[{"@type":"ListItem","position":1,"name":"Home","item":"https:\/\/www.eim.com\/ar\/"},{"@type":"ListItem","position":2,"name":"Interim Team en Empresa de Seguros en Am\u00e9rica Latina"}]},{"@type":"WebSite","@id":"https:\/\/www.eim.com\/ar\/#website","url":"https:\/\/www.eim.com\/ar\/","name":"EIM Argentina","description":"EIM Group Corporate Argentina","potentialAction":[{"@type":"SearchAction","target":{"@type":"EntryPoint","urlTemplate":"https:\/\/www.eim.com\/ar\/?s={search_term_string}"},"query-input":{"@type":"PropertyValueSpecification","valueRequired":true,"valueName":"search_term_string"}}],"inLanguage":"es"},{"@type":"Person","@id":"https:\/\/www.eim.com\/ar\/#\/schema\/person\/8464165839f581544185625dedeb7591","name":"lfratini","image":{"@type":"ImageObject","inLanguage":"es","@id":"https:\/\/secure.gravatar.com\/avatar\/1986a13a523065cd5d365ef02855c2644bf03e144ef6fd3ba923e9487064307f?s=96&d=mm&r=g","url":"https:\/\/secure.gravatar.com\/avatar\/1986a13a523065cd5d365ef02855c2644bf03e144ef6fd3ba923e9487064307f?s=96&d=mm&r=g","contentUrl":"https:\/\/secure.gravatar.com\/avatar\/1986a13a523065cd5d365ef02855c2644bf03e144ef6fd3ba923e9487064307f?s=96&d=mm&r=g","caption":"lfratini"}}]}},"_links":{"self":[{"href":"https:\/\/www.eim.com\/ar\/wp-json\/wp\/v2\/posts\/10562","targetHints":{"allow":["GET"]}}],"collection":[{"href":"https:\/\/www.eim.com\/ar\/wp-json\/wp\/v2\/posts"}],"about":[{"href":"https:\/\/www.eim.com\/ar\/wp-json\/wp\/v2\/types\/post"}],"author":[{"embeddable":true,"href":"https:\/\/www.eim.com\/ar\/wp-json\/wp\/v2\/users\/28"}],"replies":[{"embeddable":true,"href":"https:\/\/www.eim.com\/ar\/wp-json\/wp\/v2\/comments?post=10562"}],"version-history":[{"count":0,"href":"https:\/\/www.eim.com\/ar\/wp-json\/wp\/v2\/posts\/10562\/revisions"}],"wp:featuredmedia":[{"embeddable":true,"href":"https:\/\/www.eim.com\/ar\/wp-json\/wp\/v2\/media\/10565"}],"wp:attachment":[{"href":"https:\/\/www.eim.com\/ar\/wp-json\/wp\/v2\/media?parent=10562"}],"wp:term":[{"taxonomy":"category","embeddable":true,"href":"https:\/\/www.eim.com\/ar\/wp-json\/wp\/v2\/categories?post=10562"},{"taxonomy":"post_tag","embeddable":true,"href":"https:\/\/www.eim.com\/ar\/wp-json\/wp\/v2\/tags?post=10562"}],"curies":[{"name":"wp","href":"https:\/\/api.w.org\/{rel}","templated":true}]}}